{"id":11138,"date":"2026-01-10T20:19:25","date_gmt":"2026-01-10T19:19:25","guid":{"rendered":"http:\/\/blog.inmontanis.info\/?p=11138"},"modified":"2026-01-10T20:19:25","modified_gmt":"2026-01-10T19:19:25","slug":"masella-9-10-1-2026","status":"publish","type":"post","link":"http:\/\/blog.inmontanis.info\/?p=11138","title":{"rendered":"Masella, 9.-10.1.2026"},"content":{"rendered":"<p><strong>Fr, 9.1.2026<\/strong><\/p>\n<p>Die unterschiedlichen Wettervorhersagen blieben so unterschiedlich, aber am DO k\u00f6nnte es wieder schlechter werden, also nahm ich mal n\u00e4chste Woche MO-MI &#8220;plus evtl. DO&#8221; Urlaub, so dass ich mit Sonntag also ggf. mal 4-5 Tage in Andorra bleiben w\u00fcrde.<\/p>\n<p>F\u00fcr heute lie\u00df ich es mal mit dem normalen Arbeitsende um 11 Uhr, dann bin ich halt erst ab 12 Uhr in Masella, was wetterm\u00e4\u00dfig wohl leider ein Fehler war, aber arbeitsm\u00e4\u00dfig so sinnvoller war.  Der Vormittag verlief n\u00e4mlich trocken und etwas sonnig.<\/p>\n<p>Ich stelte mich gleich mal rauf auf die Parkebene, wo auch die WoMos zugelassen sind, auch wenn es hier wohl in erster Linie um die L\u00e4nge der Parkpl\u00e4tze zu gehen schien.<\/p>\n<p>Endlich mal wieder Toiletten mit Klobrille, wo man sich draufsetzen kann &#8211; fehlte mir jetzt fast eine Woche (in Ascou und Ax und am Campingplatz). Daf\u00fcr aber kalt, weil die Au\u00dfent\u00fcren immer offen sind.<\/p>\n<p>An der Kasse gewartet wurde ich dann zur Information geschickt, mein 5-\u20ac-Skipass (mit der Gavarnie-Saisonkarte) wurde auf eine Einmal-Keycard geladen, auf meine Frage nach dem Ende der Saison konnte man mir noch nichts sagen &#8211; kommt auf den Schnee an. Mannmannmann. Das kommt doch \u00fcberall auch auf den Schnee drauf an, aber warum kann man sich hier nicht endlich mal festlegen, wie lang man voraussichtlich offen bleiben m\u00f6chte?!<\/p>\n<p>Ob ich mit der Einstellung mir dann im M\u00e4rz den Fr\u00fchjahrssaisonpass kaufen w\u00fcrde, so er angeboten werden sollte?<\/p>\n<p>Masella und La Molina ergeben ja das zusammenh\u00e4ngende Skigebiet Alp2500 (der Ort unten im Tal hei\u00dft Alp), f\u00fcr das es auch gemeinsame Skip\u00e4sse gibt &#8211; sowohl Tageskarten, wie auch Saisonkarten. Allerdings ist so eine Saisonkarte m.E. nicht lohnenswert, denn mit der Masella-Karte bekommt man ja etliche Fast-Gratis-Tage in anderen spanischen und franz\u00f6sischen Gebieten und noch viel mehr Gratis-Tage in anderen L\u00e4ndern, w\u00e4hrend man im Falle von Molina die FGC-Verbundsaisonkarte kaufen kann und somit in noch weiteren spanischen Skigebieten fahren kann.<\/p>\n<p><a href='http:\/\/ski.inmontanis.info\/d\/346194-2\/dsc05422.jpg'><img src=http:\/\/ski.inmontanis.info\/d\/346193-3\/dsc05422.jpg \/><\/a><br \/>\n^ Pistenplan Masella<\/p>\n<p>Gleich mal ganz rauf gefahren mit 4KSB + KSSL, wenig Sicht, nun starker Schneefall bzw.. Graupel. Sp\u00e4ter dann aufgeh\u00f6rt und die linke Seite mal gefahren. Um 15 Uhr wollte ich nochmals zum Gipfel, da war der KSSL leider auch schon wg. sturm zu und die 6KSB ebenso. Die Gondelbahn aus Molina sah man noch fahren aber hier ist der Wind zu stark um nicht mal den kurzen KSSL mehr zu \u00f6ffnen??? Und morgen soll es ja noch st\u00fcrmischer sein :(<\/p>\n<p><a href='http:\/\/ski.inmontanis.info\/d\/346198-2\/dsc05413.jpg'><img src=http:\/\/ski.inmontanis.info\/d\/346197-3\/dsc05413.jpg \/><\/a><br \/>\n^ Blick aus der 4KSB r\u00fcber zu 6KSB Jumbo Talstation (Mitte rechts unten) und 6KSB TGV Bergstation (oben)<\/p>\n<p><a href='http:\/\/ski.inmontanis.info\/d\/346202-2\/dsc05414.jpg'><img src=http:\/\/ski.inmontanis.info\/d\/346201-3\/dsc05414.jpg \/><\/a><br \/>\n^ 4KSB und Schneiteich; zwischen 4KSB und 6KSB gibts soviel Abzweigungen und Kreuzungen, dass ich tats\u00e4chlich eine Variante verpasst hatte&#8230;<\/p>\n<p><a href='http:\/\/ski.inmontanis.info\/d\/346206-2\/dsc05415.jpg'><img src=http:\/\/ski.inmontanis.info\/d\/346205-3\/dsc05415.jpg \/><\/a><br \/>\n^ Von der Bergstation 4KSB aus zum KSSL Tosa und em Tal links ..<\/p>\n<p><a href='http:\/\/ski.inmontanis.info\/d\/346210-2\/dsc05416.jpg'><img src=http:\/\/ski.inmontanis.info\/d\/346209-3\/dsc05416.jpg \/><\/a><br \/>\n^ &#8230; wo die 6KSB Jumbo verl\u00e4uft und eine Abfahrt (Coma Pregona plus Varianten); oben dr\u00fcber die EUB von Mollina (anderer Skipass)<\/p>\n<p><a href='http:\/\/ski.inmontanis.info\/d\/346214-2\/dsc05424.jpg'><img src=http:\/\/ski.inmontanis.info\/d\/346213-3\/dsc05424.jpg \/><\/a><br \/>\n^ Abfahrt Coma Pregona<\/p>\n<p><a href='http:\/\/ski.inmontanis.info\/d\/346218-2\/dsc05425.jpg'><img src=http:\/\/ski.inmontanis.info\/d\/346217-3\/dsc05425.jpg \/><\/a><br \/>\n^ Coma Pregona \/ Tartera<\/p>\n<p><a href='http:\/\/ski.inmontanis.info\/d\/346222-2\/dsc05429.jpg'><img src=http:\/\/ski.inmontanis.info\/d\/346221-3\/dsc05429.jpg \/><\/a><br \/>\n^ .. bin abgezweigt in die Les Gralles<\/p>\n<p><a href='http:\/\/ski.inmontanis.info\/d\/346226-2\/dsc05430.jpg'><img src=http:\/\/ski.inmontanis.info\/d\/346225-3\/dsc05430.jpg \/><\/a><br \/>\n^ Les Gralles und 6KSB Jumbo<\/p>\n<p><a href='http:\/\/ski.inmontanis.info\/d\/346230-2\/dsc05431.jpg'><img src=http:\/\/ski.inmontanis.info\/d\/346229-3\/dsc05431.jpg \/><\/a><br \/>\n^ 6KSB Jumbo<\/p>\n<p><a href='http:\/\/ski.inmontanis.info\/d\/346234-2\/dsc05433.jpg'><img src=http:\/\/ski.inmontanis.info\/d\/346233-3\/dsc05433.jpg \/><\/a><br \/>\n^ Ex-DSB<\/p>\n<p><a href='http:\/\/ski.inmontanis.info\/d\/346238-2\/dsc05434.jpg'><img src=http:\/\/ski.inmontanis.info\/d\/346237-3\/dsc05434.jpg \/><\/a><br \/>\n^ H\u00f6hle unter der 6KSB Jumbo<\/p>\n<p><a href='http:\/\/ski.inmontanis.info\/d\/346242-2\/dsc05436.jpg'><img src=http:\/\/ski.inmontanis.info\/d\/346241-3\/dsc05436.jpg \/><\/a><br \/>\n^ KSSL und EUB geh\u00f6ren zu Molina und wenn man noch nie hier war und so Nebel ist, muss man schon aufpassen, dass man nicht im Molina-Sektor landet, wo der Skipass nicht gilt &#8211; aber es ist doch recht problemlos und gut angeschrieben<\/p>\n<p><a href='http:\/\/ski.inmontanis.info\/d\/346246-2\/dsc05438.jpg'><img src=http:\/\/ski.inmontanis.info\/d\/346245-3\/dsc05438.jpg \/><\/a><br \/>\n^ 6KSB Pia Express, gegen\u00fcber das Skigebiet von La Molina<\/p>\n<p><a href='http:\/\/ski.inmontanis.info\/d\/346250-2\/dsc05440.jpg'><img src=http:\/\/ski.inmontanis.info\/d\/346249-3\/dsc05440.jpg \/><\/a><br \/>\n^ Eine der Abfahrten an der 6KSB Pia Express<\/p>\n<p><a href='http:\/\/ski.inmontanis.info\/d\/346254-2\/dsc05444.jpg'><img src=http:\/\/ski.inmontanis.info\/d\/346253-3\/dsc05444.jpg \/><\/a><br \/>\n^ 6KSB Pia Express; die linke Abfahrtsschneise war geschlossen<\/p>\n<p><a href='http:\/\/ski.inmontanis.info\/d\/346258-2\/dsc05445.jpg'><img src=http:\/\/ski.inmontanis.info\/d\/346257-3\/dsc05445.jpg \/><\/a><br \/>\n^ Die meisten Abfahrten schauen sehr \u00e4nhlich aus und kreuzen sich \u00f6fters<\/p>\n<p><a href='http:\/\/ski.inmontanis.info\/d\/346262-2\/dsc05446.jpg'><img src=http:\/\/ski.inmontanis.info\/d\/346261-3\/dsc05446.jpg \/><\/a><br \/>\n^ Zentrale 6KSB TGV links von der 4KSB, zumindest am n\u00e4chsten Tag hatte der keine sonderliche grand vitesse &#8211; hohe Geschwindigkeit. Zudem waren hier immer die meisten Leute (und zumeist Anf\u00e4nger)<\/p>\n<p><a href='http:\/\/ski.inmontanis.info\/d\/346266-2\/dsc05448.jpg'><img src=http:\/\/ski.inmontanis.info\/d\/346265-3\/dsc05448.jpg \/><\/a><br \/>\n^ Es gibt auch steilere Abfahrten, aber die meisten schwarzen w\u00e4ren in Frankreich nur rot eingezeichnet<\/p>\n<p><a href='http:\/\/ski.inmontanis.info\/d\/346270-2\/dsc05452.jpg'><img src=http:\/\/ski.inmontanis.info\/d\/346269-3\/dsc05452.jpg \/><\/a><br \/>\n^ Talblick an der Abfahrt zur 4SB ganz rechts (Coma Oriola)<\/p>\n<p><a href='http:\/\/ski.inmontanis.info\/d\/346274-2\/dsc05454.jpg'><img src=http:\/\/ski.inmontanis.info\/d\/346273-3\/dsc05454.jpg \/><\/a><br \/>\n^ 4SB Coma Oriola<\/p>\n<p><a href='http:\/\/ski.inmontanis.info\/d\/346278-2\/dsc05455.jpg'><img src=http:\/\/ski.inmontanis.info\/d\/346277-3\/dsc05455.jpg \/><\/a><br \/>\n^ Ex-DSB<\/p>\n<p><a href='http:\/\/ski.inmontanis.info\/d\/346282-2\/dsc05458.jpg'><img src=http:\/\/ski.inmontanis.info\/d\/346281-3\/dsc05458.jpg \/><\/a><br \/>\n^ 6KSB TGV und rechts Doppel-Tellerlift am Slalomtrainingshang, heute nicht in Betrieb, morgen schon<\/p>\n<p><a href='http:\/\/ski.inmontanis.info\/d\/346286-2\/dsc05459.jpg'><img src=http:\/\/ski.inmontanis.info\/d\/346285-3\/dsc05459.jpg \/><\/a><br \/>\n^ Ex-DSB<\/p>\n<p><a href='http:\/\/ski.inmontanis.info\/d\/346290-2\/dsc05460.jpg'><img src=http:\/\/ski.inmontanis.info\/d\/346289-3\/dsc05460.jpg \/><\/a><br \/>\n^ Ex-DSB<\/p>\n<p>Das Skigebiet hat ein paar nette Ecken, aber dazu sollte der obere Teil offen sein. Der Zentralbereich zwischen 6KSB und 4KSB ist eher nervig, weil zu viele Abzweigungen und Kreuzungen, dass man alle paar Sekunden \u00fcberlegen muss, wo man jetzt fahren will, was man schon gefahren ist und was nicht.<\/p>\n<p>Daf\u00fcr, dass laut Schneebericht fast alles offen sein soll, hab ich heute aber sehr viel Piste-Gesperrt-Banner gesehen!<\/p>\n<p>Gegen 16 Uhr dann wieder starker Schneefall, so dass man sich gar nicht so schnell absch\u00fctteln und ins Auto konnte als man gleich wieder voller Schnee war.<\/p>\n<p>Um 16:30 hatte ich aufgeh\u00f6rt und mal geschaut, was in Ax geht: Zubringer-EUB und in Folge nicht die 6EUB, aber die 6KSB, oben die 2 leichten KSSL und die 4SB Bisorne, immerhin. Rest sturmbedingt zu. <\/p>\n<p>Ein zweiter Grund, warum ich lieber nicht in Ax bis SA geblieben bin, dass ich evtl. am SA\/SO wegen des Neuschnees nicht so leicht nach Andorra von Ax aus k\u00e4me; vielleicht Kettenpflicht, vielleicht Mauttunnelpflicht &#8211; von Masella bzw. Spanien  aus kann ich am Sonntag dann die niedrigere Einfahrt im Westen nehmen.<\/p>\n<p>Laut gmaps um 22:30 Uhr war nicht nur der Puymorens-Pass gesperrt, sondern auch die Zufahrt nach Andorra von franz\u00f6sischer Seite &#8211; also noch vor dem Tunnel!<br \/>\n.. und nicht nur da, auch in vielen anderen Skigebieten rote und dunkelrote Striche in gmaps um die Zeit &#8211; viel Verkehr oder viel Schnee&#8230;<br \/>\n.. und ab Sonntag soll die 0\u00b0-Grenze wieder auf bis zu 3000m steigen?!?<\/p>\n<p><strong>Sa, 10.1.2026<\/strong><\/p>\n<p>\u00dcber Nacht schneite es etwas, so dass derSchneer\u00e4umer ab 7 Uhr ruml\u00e4rmte. Aber man h\u00f6rte kein Schild auf dem Asphalt kratzen.  Und der Ausblick aus dem Fenster, sobald es abgetaut war, zeigte auch nicht so viel Schnee.<\/p>\n<p>Wettervorhersagen?  Bergfex ganztags Schneefall + Sturm, YR ganztags leichter Schneefall, meteoblue kaum Schneefall und ganztags Sonne+Wolken &#8230; schlussendlich hatte meteoblue die beste Vorhersage abgeliefert.<\/p>\n<p>Interessanterweise war der Bereich, wo ich stand, abgesperrt! Als ich mich auf den Weg machen wollte, kam der Parkplatzeinweiser &#8211; nix verstehen &#8211; Franz\u00f6sisch? Ja. Er meinte, dass der Platz hier heute reserviert sei .. aber schickte mich dann doch nicht weg. <\/p>\n<p>Laut Schneebericht an der Info sind die oberen Lifte heute zu &#8211; war wohl leider zu bef\u00fcrchten. Ich bekam also heute meinen zweiten und letzten 5-\u20ac-Tagespass, von dem ich nicht vor hatte, ihn zu gebrauchen &#8211; oder eventuell erst sp\u00e4ter in der Saison.<\/p>\n<p><a href='http:\/\/ski.inmontanis.info\/d\/346294-2\/dsc05463.jpg'><img src=http:\/\/ski.inmontanis.info\/d\/346293-3\/dsc05463.jpg \/><\/a><br \/>\n^ 4KSB<\/p>\n<p><a href='http:\/\/ski.inmontanis.info\/d\/346298-2\/dsc05465.jpg'><img src=http:\/\/ski.inmontanis.info\/d\/346297-3\/dsc05465.jpg \/><\/a><br \/>\n^ Rechts der 4KSB ist es zwar etwas sch\u00f6ner, aber unten gehts schmal auf nem Weg und mit vielen Anf\u00e4ngern wieder zu den Talstationen<\/p>\n<p><a href='http:\/\/ski.inmontanis.info\/d\/346302-2\/dsc05466.jpg'><img src=http:\/\/ski.inmontanis.info\/d\/346301-3\/dsc05466.jpg \/><\/a><br \/>\n^ 6KSB Pia Express &#8211; nix los, w\u00e4hrend man etliche Minuten an den beiden zentralen KSBen anstehen muss<\/p>\n<p><a href='http:\/\/ski.inmontanis.info\/d\/346306-2\/dsc05468.jpg'><img src=http:\/\/ski.inmontanis.info\/d\/346305-3\/dsc05468.jpg \/><\/a><br \/>\n^ 6KSB Pia Express<\/p>\n<p><a href='http:\/\/ski.inmontanis.info\/d\/346310-2\/dsc05469.jpg'><img src=http:\/\/ski.inmontanis.info\/d\/346309-3\/dsc05469.jpg \/><\/a><br \/>\n^ 6KSB Pia Express<\/p>\n<p><a href='http:\/\/ski.inmontanis.info\/d\/346314-2\/dsc05470.jpg'><img src=http:\/\/ski.inmontanis.info\/d\/346313-3\/dsc05470.jpg \/><\/a><br \/>\n^ Nahe Bergstation 6KSB Pia Express Blick r\u00fcber ins Molina-Skigebiet bzw. dem interessanten Berg rechts daneben<\/p>\n<p><a href='http:\/\/ski.inmontanis.info\/d\/346318-2\/dsc05472.jpg'><img src=http:\/\/ski.inmontanis.info\/d\/346317-3\/dsc05472.jpg \/><\/a><br \/>\n^ Zoom in eines der Teilgebiete von La Molina<\/p>\n<p><a href='http:\/\/ski.inmontanis.info\/d\/346322-2\/dsc05475.jpg'><img src=http:\/\/ski.inmontanis.info\/d\/346321-3\/dsc05475.jpg \/><\/a><br \/>\n^ Hier sollte nur weiter, der einen Alp2500- oder Molina-Skpass hat&#8230;.<\/p>\n<p><a href='http:\/\/ski.inmontanis.info\/d\/346326-2\/dsc05476.jpg'><img src=http:\/\/ski.inmontanis.info\/d\/346325-3\/dsc05476.jpg \/><\/a><br \/>\n^ Linke Abfahrt an der 6KSB Pia Express, noch geschlossen &#8211; eigentlich h\u00e4tte man alle geschlossenen Abfahrten \u00f6ffnen k\u00f6nnen vom Schnee her.<\/p>\n<p>Die EUB von Molina aus wurde im Laufe des Vormittags offiziell eingschaltet &#8211;  zumindest bis zur Mittelstation, um 12 Uhr bin ich mal wieder zur\u00fcck von der linken Seite gefahren, mittlerweile sehr sonnig geworden. Die obere 6KSB wurde gerade wieder eingaragiert. <\/p>\n<p>Weil an der 4KSB die H\u00f6lle los war und mir kein Selbstversorgerraum aufgefallen w\u00e4re und die Toiletten ja auch so kalt sind, bin ich zum Auto gelaufen, das nat\u00fcrlich im Gegensatz zu den meisten anderen leider noch im Schatten stand, dann muss also die Standheiung ran zum Aufw\u00e4rmen der Finger und Essen meines St\u00fccks Baguette. Der Parkplatz hier war nach wie vor recht leer, wurde erst nachmittags und auch um 16 Uhr  noch voller. Heute auch nur bis 16 Uhr Skibetrieb, vielleich irgendein Spezialevent zwischen regul\u00e4rem Tag- und Nachtskibetrieb.<\/p>\n<p>In Ax w\u00e4re heut auch mehr offen gewesen als gestern &#8211; nur die 6EUB und die 3SB waren mittags &#8220;auf rot&#8221;.<\/p>\n<p>Als ich nach der Mittagspause mit der 4KSB wieder oben war, liefen die beiden KSSL! Aber noch durfte man nur in den linken einstiegen und es war eine lange Menschenschlange. Dann sagte der Liflter, dass auch Jumbo (die 6KSB) ge\u00f6ffnet sei und etliche gingen weg und der rechte Lift (\u00fcbrigens viel schneller) wurde auch noch eingeschaltet, somit kam ich also heut Nachmittag doch noch zu den interesanteren Teilen des Skigebiets. So gef\u00e4llt mir Masella doch viel besser.<\/p>\n<p>(Die 6EUB aus La Molina blieb aber nur bis zur Mittelstation offen.)<\/p>\n<p><a href='http:\/\/ski.inmontanis.info\/d\/346330-2\/dsc05480.jpg'><img src=http:\/\/ski.inmontanis.info\/d\/346329-3\/dsc05480.jpg \/><\/a><br \/>\n^ Endlich die KSSL in Betrieb, aber Einstieg derzeit nur am linken und daher voll.<\/p>\n<p><a href='http:\/\/ski.inmontanis.info\/d\/346334-2\/dsc05483.jpg'><img src=http:\/\/ski.inmontanis.info\/d\/346333-3\/dsc05483.jpg \/><\/a><br \/>\n^ Oberer Teil der beiden KSSL, der rechte ist k\u00fcrzer, daf\u00fcr wesentlich schneller; links die 6KSB Jumbo und dar\u00fcber die EUB aus Molina Sektion 2, heute nicht in Betrieb &#8211; und die Bergstation hab ich im Nebel nie gesehen, ist etwas h\u00f6her<\/p>\n<p><a href='http:\/\/ski.inmontanis.info\/d\/346338-2\/dsc05484.jpg'><img src=http:\/\/ski.inmontanis.info\/d\/346337-3\/dsc05484.jpg \/><\/a><br \/>\n^ Au\u00dfenrumabfahrt Isards von den KSSL zur 4SB; gegen\u00fcber der Steilhang w\u00e4re auch nochmals eine schwarze Abfahrt, aber auch geschlossen.<\/p>\n<p><a href='http:\/\/ski.inmontanis.info\/d\/346342-2\/dsc05487.jpg'><img src=http:\/\/ski.inmontanis.info\/d\/346341-3\/dsc05487.jpg \/><\/a><br \/>\n^ Au\u00dfenrumabfahrt Isards von den KSSL zur 4SB<\/p>\n<p><a href='http:\/\/ski.inmontanis.info\/d\/346346-2\/dsc05488.jpg'><img src=http:\/\/ski.inmontanis.info\/d\/346345-3\/dsc05488.jpg \/><\/a><br \/>\n^ 4SB Coma Oriola mit Blick zur gerade gefahrenen Isards-Abfahrt. Es versteckt sich hier auch noch ein kurzer KSSL, der aber auch heute nicht in Betrieb war<\/p>\n<p><a href='http:\/\/ski.inmontanis.info\/d\/346350-2\/dsc05489.jpg'><img src=http:\/\/ski.inmontanis.info\/d\/346349-3\/dsc05489.jpg \/><\/a><br \/>\n^ KSSL auf dem schmalen Grat und l\u00e4nger als erwartet. K\u00f6nnte mir gut vorstellen, dass es mir hier zum Saisonende auch gefallen w\u00fcrde<\/p>\n<p><a href='http:\/\/ski.inmontanis.info\/d\/346354-2\/dsc05490.jpg'><img src=http:\/\/ski.inmontanis.info\/d\/346353-3\/dsc05490.jpg \/><\/a><br \/>\n^ Schwarze Abfahrt  Canal, keine Ahnung wo die genau abgegangen w\u00e4re, d\u00fcrfte aber eh noch geschlossen sein offiziell. Schaut jedenfalls nett aus<\/p>\n<p><a href='http:\/\/ski.inmontanis.info\/d\/346358-2\/dsc05496.jpg'><img src=http:\/\/ski.inmontanis.info\/d\/346357-3\/dsc05496.jpg \/><\/a><br \/>\n^ Kurze Tellerlifte am Slalom-Trainingshang; ein Funpark sollte hier auch irgendwo sein<\/p>\n<p><a href='http:\/\/ski.inmontanis.info\/d\/346362-2\/dsc05497.jpg'><img src=http:\/\/ski.inmontanis.info\/d\/346361-3\/dsc05497.jpg \/><\/a><br \/>\n^ Kurze Tellerlifte am Slalom-Trainingshang<\/p>\n<p><a href='http:\/\/ski.inmontanis.info\/d\/346366-2\/dsc05499.jpg'><img src=http:\/\/ski.inmontanis.info\/d\/346365-3\/dsc05499.jpg \/><\/a><br \/>\n^ Abfahrt Coma Pregona zur 6KSB Jumbo<\/p>\n<p><a href='http:\/\/ski.inmontanis.info\/d\/346370-2\/dsc05500.jpg'><img src=http:\/\/ski.inmontanis.info\/d\/346369-3\/dsc05500.jpg \/><\/a><br \/>\n^ 6KSB Jumbo<\/p>\n<p><a href='http:\/\/ski.inmontanis.info\/d\/346374-2\/ge20260109-10a.jpg'><img src=http:\/\/ski.inmontanis.info\/d\/346373-3\/ge20260109-10a.jpg \/><\/a><br \/>\n^ GPS-Track 9.+10.1.2026  in Gelb und T\u00fcrkis, die Ex-DSB in Rot; die Molina-EUB und KSSL in Magenta, das restliche Molina-Skigebiet ist dann weiter links.<\/p>\n<p>Also hoffentlich wird das was mit der Fr\u00fchjahrsaisonkarte und einem m\u00f6glichst sp\u00e4ten Saisonschluss im April, denn es gef\u00e4llt mir hier schon deutlich besser als in Cauterets.<\/p>\n<p>Weiter gings also nach Andorra, wobei ich lt. Navi noch ca. 1 Stunde vom Nachtplatz in Spanien aus fahren muss &#8211; bei irgendwas um die 40km? Naja, tanken muss ich auch noch (hoffentlich werd ich mich nicht \u00e4rgern, dass ich heute Abend nicht um 1,36 in Spanien getankt hab! Diesel 1,31) und wer wei\u00df, wie lang man an der Grenze aufgehalten wird.<\/p>\n<p>Die Qual der Wahl beim Einkauf im Supermarkt &#8230;. ok, die 250g kleine Mortadella um 1,25 \u20ac oder so musste ich nat\u00fcrlich mitnehmen bei dem Preis. F\u00fcr heut Abend nur ein belegter Toast und Geb\u00e4ck, die n\u00e4chsten beiden Tage dann halbe Packung Tortellini und Tiramisu. Muss evtl. etwas stromsparender Kochen, da der eine Campingplatz erst nach Pal\/Arinsal\/Ordino auf dem Weg l\u00e4ge und ich bis dahin wohl freistehen muss auf ca. 2000m?!<\/p>\n<p><a href='http:\/\/extra.inmontanis.info\/d\/141938-2\/dsc05502.jpg'><img src=http:\/\/extra.inmontanis.info\/d\/141937-3\/dsc05502.jpg \/><\/a><br \/>\n^ Links im S\u00fcden gibts auch noch einige felsige Berge um 17:25 Uhr &#8211; bald ist wohl Sonnenuntergang.<\/p>\n<p><em>N\u00e4chster Bericht also je nach Skigebietswahl, Bleibedauer und WLAN-Verf\u00fcgbarkeit und -Qualit\u00e4t in ein paar Tagen oder sp\u00e4testens Ende der Woche, wenn ich wieder in Frankreich bin&#8230;.<\/em><\/p>\n","protected":false},"excerpt":{"rendered":"<p>Fr, 9.1.2026<\/p>\n<p>Die unterschiedlichen Wettervorhersagen blieben so unterschiedlich, aber am DO k\u00f6nnte es wieder schlechter werden, also nahm ich mal n\u00e4chste Woche MO-MI &#8220;plus evtl. DO&#8221; Urlaub, so dass ich mit Sonntag also ggf. mal 4-5 Tage in Andorra bleiben w\u00fcrde.<\/p>\n<p>F\u00fcr heute lie\u00df ich es mal mit dem normalen Arbeitsende um 11 Uhr, dann <a href=\"http:\/\/blog.inmontanis.info\/?p=11138\">[&#8230;]<\/a><\/p>\n","protected":false},"author":1,"featured_media":11140,"comment_status":"closed","ping_status":"closed","sticky":false,"template":"","format":"standard","meta":{"footnotes":""},"categories":[950,970,27,129],"tags":[],"class_list":["post-11138","post","type-post","status-publish","format-standard","has-post-thumbnail","hentry","category-2025-09-2026-11-pyrenaen-uk-co","category-alp-masella-molina","category-skifahren-winterskiing-winter","category-spain","odd"],"_links":{"self":[{"href":"http:\/\/blog.inmontanis.info\/index.php?rest_route=\/wp\/v2\/posts\/11138","targetHints":{"allow":["GET"]}}],"collection":[{"href":"http:\/\/blog.inmontanis.info\/index.php?rest_route=\/wp\/v2\/posts"}],"about":[{"href":"http:\/\/blog.inmontanis.info\/index.php?rest_route=\/wp\/v2\/types\/post"}],"author":[{"embeddable":true,"href":"http:\/\/blog.inmontanis.info\/index.php?rest_route=\/wp\/v2\/users\/1"}],"replies":[{"embeddable":true,"href":"http:\/\/blog.inmontanis.info\/index.php?rest_route=%2Fwp%2Fv2%2Fcomments&post=11138"}],"version-history":[{"count":2,"href":"http:\/\/blog.inmontanis.info\/index.php?rest_route=\/wp\/v2\/posts\/11138\/revisions"}],"predecessor-version":[{"id":11141,"href":"http:\/\/blog.inmontanis.info\/index.php?rest_route=\/wp\/v2\/posts\/11138\/revisions\/11141"}],"wp:featuredmedia":[{"embeddable":true,"href":"http:\/\/blog.inmontanis.info\/index.php?rest_route=\/wp\/v2\/media\/11140"}],"wp:attachment":[{"href":"http:\/\/blog.inmontanis.info\/index.php?rest_route=%2Fwp%2Fv2%2Fmedia&parent=11138"}],"wp:term":[{"taxonomy":"category","embeddable":true,"href":"http:\/\/blog.inmontanis.info\/index.php?rest_route=%2Fwp%2Fv2%2Fcategories&post=11138"},{"taxonomy":"post_tag","embeddable":true,"href":"http:\/\/blog.inmontanis.info\/index.php?rest_route=%2Fwp%2Fv2%2Ftags&post=11138"}],"curies":[{"name":"wp","href":"https:\/\/api.w.org\/{rel}","templated":true}]}}