{"id":11134,"date":"2026-01-08T19:00:42","date_gmt":"2026-01-08T18:00:42","guid":{"rendered":"http:\/\/blog.inmontanis.info\/?p=11134"},"modified":"2026-01-09T19:13:09","modified_gmt":"2026-01-09T18:13:09","slug":"seilbahn-reste-in-ax-porte-puymorens-7-8-1-2026","status":"publish","type":"post","link":"http:\/\/blog.inmontanis.info\/?p=11134","title":{"rendered":"Seilbahn-Reste in Ax &#038; Porte-Puymorens, 7.-8.1.2026"},"content":{"rendered":"<p><strong>Mi, 7.1.2026<\/strong><\/p>\n<p>Wetter .. schaut so aus, als w\u00fcrd ich noch bis Sonntag hier rumhocken und dann trotzdem keine der beiden alternativen Zielgegenden hier ansteuern k\u00f6nnen, wenn das so kommt, wie&#8217;s momentan gemeldet wird. K\u00f6nnte zwar mal wieder f\u00fcr 2 Tage nach Ascou rauffahren, aber pistenm\u00e4\u00dfig bringts ja momentan auch nix und bei den momentan gemeldeten Schneemngen am FR+SA will ich da lieber im Tal bleiben.<\/p>\n<p>K\u00f6nnte mich h\u00f6chstens irgendwo in Ax frei hinstellen und dann von dort mit dem Skibus fahren .. Wohnmobile haben im Ort zwar Nachtparkverbot, aber ob das auch f\u00fcr Camper und Schlafen in Autos gilt ..?! Vorteil w\u00e4r, das Stromkabel im Trockenen einzuholen und den Schlamm hier am Platz durch Regen nicht zu haben &#8230;<\/p>\n<p>Ab Freitag wird&#8217;s dann st\u00fcrmischer und Samstag k\u00f6nnte sturmm\u00e4\u00dfig hier gar nix gehen und 20-30cm Schnee fallen. Da will ich dann auch ungern auf den Berg fahren m\u00fcssen, wenn die Zubringer-Bahn nicht fahren sollte&#8230;<\/p>\n<p>H\u00e4tte ich die Masella-Saisonkarte, w\u00fcrde ich ganz klar dort hin fl\u00fcchten, denn weiter s\u00fcdlich soll es diesmal weniger schneien und st\u00fcrmen. Allerdings k\u00f6nnte ich ja auch 2 Tage mit meiner Gavarnie-Saisonkarte um je 5 \u20ac fahren.  Aber FR+SA wird eben auch dort je nach Vorhersagenseite derzeit Schneefall und Sturm gemeldet und ob ich dann beide Tage bei solchen Vorhersagen dort &#8220;opfern&#8221; will?<\/p>\n<p>Ich verl\u00e4ngerte also noch eine Nacht am Campingplatz. Jeden Tag eine andere Person an der Rezeption und jeden Tag oder teils sogar jeden halben Tag ein anderer Busfahrer. Der heutige war besonders rasend.<\/p>\n<p>Oben  erst wieder zum Supermarkt, Baguette kaufen. Wieder zu voll am \u00dcbungslift, so dass ich zur 6EUB raufgegangen bin &#8230; am n\u00e4chsten Tag hatte ich ganz vergessen, zu schauen, wie voll es am \u00dcbungslift gewesen w\u00f6re &#8230;.<\/p>\n<p>Die Pisten schienen mir heut wieder eisiger zu sein als gestern und wenigstens wurde es doch noch etwas sonniger als es um 11 Uhr den Anschein hatte.<\/p>\n<p>Haupt-Ziel, gleich zu Beginn, war die Suche nach der alten PB-St\u00fctze nahe der 4SB Mansedre.<\/p>\n<p><a href='http:\/\/ski.inmontanis.info\/d\/345950-2\/dsc05274.jpg'><img src=http:\/\/ski.inmontanis.info\/d\/345949-3\/dsc05274.jpg \/><\/a><br \/>\n^ Der Weg hinauf f\u00fchrt zur alten Seilbahnst\u00fctze &#8211; Spuren gibts auch schon, bin wohl nicht der einzige, den das interessiert ;)<\/p>\n<p><a href='http:\/\/ski.inmontanis.info\/d\/345954-2\/dsc05275.jpg'><img src=http:\/\/ski.inmontanis.info\/d\/345953-3\/dsc05275.jpg \/><\/a><br \/>\n^ Plateau unterhalb der 4SB Mansedre, mittig zu sehen die noch geschlossene Bisorne-Abfahrt<\/p>\n<p><a href='http:\/\/ski.inmontanis.info\/d\/345958-2\/dsc05276.jpg'><img src=http:\/\/ski.inmontanis.info\/d\/345957-3\/dsc05276.jpg \/><\/a><br \/>\n^ Da lugt sie ja schon hervor, die alte PB-St\u00fctze<\/p>\n<p><a href='http:\/\/ski.inmontanis.info\/d\/345962-2\/dsc05278.jpg'><img src=http:\/\/ski.inmontanis.info\/d\/345961-3\/dsc05278.jpg \/><\/a><br \/>\n^ Ex-PB-St\u00fctze<\/p>\n<p><a href='http:\/\/ski.inmontanis.info\/d\/345966-2\/dsc05279.jpg'><img src=http:\/\/ski.inmontanis.info\/d\/345965-3\/dsc05279.jpg \/><\/a><br \/>\n^ Ex-PB-St\u00fctze<\/p>\n<p><a href='http:\/\/ski.inmontanis.info\/d\/345970-2\/dsc05280.jpg'><img src=http:\/\/ski.inmontanis.info\/d\/345969-3\/dsc05280.jpg \/><\/a><br \/>\n^ Ex-PB-St\u00fctze<\/p>\n<p><a href='http:\/\/ski.inmontanis.info\/d\/345974-2\/dsc05283.jpg'><img src=http:\/\/ski.inmontanis.info\/d\/345973-3\/dsc05283.jpg \/><\/a><br \/>\n^ Ex-PB-Trasse nach oben<\/p>\n<p><a href='http:\/\/ski.inmontanis.info\/d\/345978-2\/dsc05284.jpg'><img src=http:\/\/ski.inmontanis.info\/d\/345977-3\/dsc05284.jpg \/><\/a><br \/>\n^ Stromtrasse, die laut Sat-Bildern relativ neu sein soll<\/p>\n<p><a href='http:\/\/ski.inmontanis.info\/d\/345982-2\/dsc05285.jpg'><img src=http:\/\/ski.inmontanis.info\/d\/345981-3\/dsc05285.jpg \/><\/a><br \/>\n^ Ex-PB-St\u00fctze<\/p>\n<p><a href='http:\/\/ski.inmontanis.info\/d\/345986-2\/dsc05288.jpg'><img src=http:\/\/ski.inmontanis.info\/d\/345985-3\/dsc05288.jpg \/><\/a><br \/>\n^ Ex-PB-St\u00fctze<\/p>\n<p><a href='http:\/\/ski.inmontanis.info\/d\/345990-2\/dsc05291.jpg'><img src=http:\/\/ski.inmontanis.info\/d\/345989-3\/dsc05291.jpg \/><\/a><br \/>\n^ Stromtrasse, sehr steil wohl<\/p>\n<p><a href='http:\/\/ski.inmontanis.info\/d\/345994-2\/dsc05295.jpg'><img src=http:\/\/ski.inmontanis.info\/d\/345993-3\/dsc05295.jpg \/><\/a><br \/>\n^ Ex-PB-St\u00fctze<\/p>\n<p><a href='http:\/\/ski.inmontanis.info\/d\/345998-2\/dsc05297.jpg'><img src=http:\/\/ski.inmontanis.info\/d\/345997-3\/dsc05297.jpg \/><\/a><br \/>\n^ Ex-PB-St\u00fctze<\/p>\n<p><a href='http:\/\/ski.inmontanis.info\/d\/346002-2\/dsc05298.jpg'><img src=http:\/\/ski.inmontanis.info\/d\/346001-3\/dsc05298.jpg \/><\/a><br \/>\n^ Ex-PB-St\u00fctze<\/p>\n<p><a href='http:\/\/ski.inmontanis.info\/d\/346006-2\/dsc05299.jpg'><img src=http:\/\/ski.inmontanis.info\/d\/346005-3\/dsc05299.jpg \/><\/a><br \/>\n^ Ex-PB-St\u00fctze<\/p>\n<p><a href='http:\/\/ski.inmontanis.info\/d\/346010-2\/dsc05304.jpg'><img src=http:\/\/ski.inmontanis.info\/d\/346009-3\/dsc05304.jpg \/><\/a><br \/>\n^ Ex-PB-St\u00fctze<\/p>\n<p><a href='http:\/\/ski.inmontanis.info\/d\/346014-2\/dsc05306.jpg'><img src=http:\/\/ski.inmontanis.info\/d\/346013-3\/dsc05306.jpg \/><\/a><br \/>\n^ Ex-PB-St\u00fctze<\/p>\n<p><a href='http:\/\/ski.inmontanis.info\/d\/346018-2\/dsc05307.jpg'><img src=http:\/\/ski.inmontanis.info\/d\/346017-3\/dsc05307.jpg \/><\/a><br \/>\n^ Ex-PB-St\u00fctze<\/p>\n<p><a href='http:\/\/ski.inmontanis.info\/d\/346022-2\/dsc05309.jpg'><img src=http:\/\/ski.inmontanis.info\/d\/346021-3\/dsc05309.jpg \/><\/a><br \/>\n^ Ex-PB-St\u00fctze<\/p>\n<p><a href='http:\/\/ski.inmontanis.info\/d\/346026-2\/dsc05310.jpg'><img src=http:\/\/ski.inmontanis.info\/d\/346025-3\/dsc05310.jpg \/><\/a><br \/>\n^ Ex-ESL-Fundament an der 4SB Bisorne<\/p>\n<p><a href='http:\/\/ski.inmontanis.info\/d\/346030-2\/dsc05313.jpg'><img src=http:\/\/ski.inmontanis.info\/d\/346029-3\/dsc05313.jpg \/><\/a><br \/>\n^ Ex-ESL-Fundament an der 4SB Bisorne, sogar damals schon mit Lawinenschutz<\/p>\n<p><a href='http:\/\/ski.inmontanis.info\/d\/346034-2\/dsc05315.jpg'><img src=http:\/\/ski.inmontanis.info\/d\/346033-3\/dsc05315.jpg \/><\/a><br \/>\n^ Zoom in Richtung Monts d&#8217;Olmes, in irgendeinem Joch endet der eine KSSL<\/p>\n<p><a href='http:\/\/ski.inmontanis.info\/d\/346038-2\/dsc05317.jpg'><img src=http:\/\/ski.inmontanis.info\/d\/346037-3\/dsc05317.jpg \/><\/a><br \/>\n^ .. daneben ist ein riesiger Steinbruch &#8230;<\/p>\n<p><a href='http:\/\/ski.inmontanis.info\/d\/346042-2\/dsc05318.jpg'><img src=http:\/\/ski.inmontanis.info\/d\/346041-3\/dsc05318.jpg \/><\/a><br \/>\n^ .. es handelt sich hierbei um den Talksteinbruch von Luzenac. Da das so weit oben liegt, ist es verst\u00e4ndlich, dass es da eine Materialseilbahn gibt! Und die anscheinend sogar mal erneuert wurde.<\/p>\n<p>Ich fuhr wieder nach 15 Uhr ins Tal um den ersten Skibus  nach 15:30 zu schaffen. In beiden Gondelbahnen bin ich heut auf meine Heizungen angesprochen worden, erst an den F\u00fc\u00dfen, dann an den Handschuhen.<\/p>\n<p><a href='http:\/\/ski.inmontanis.info\/d\/346046-2\/dsc05319.jpg'><img src=http:\/\/ski.inmontanis.info\/d\/346045-3\/dsc05319.jpg \/><\/a><br \/>\n^ Ax-les-Thermes, gegen\u00fcber der Talstation gibts ein freies Schwefelwasser-Fu\u00dfbad<\/p>\n<p><a href='http:\/\/ski.inmontanis.info\/d\/346050-2\/dsc05320.jpg'><img src=http:\/\/ski.inmontanis.info\/d\/346049-3\/dsc05320.jpg \/><\/a><br \/>\n^ .. das zweite Haus von links ist ja auch winzig<\/p>\n<p>Abends keine \u00c4nderungen in den Wettervorhersagen, heut Nacht evtl. erst Schnee, dann Regen bis Mittag, dann trocken, dann am Freitag evtl. Regen bis auf \u00fcber 1800m, FR+SA starker Sturm; in Masella irgendwas zwischen weniger Schnee + etwas weniger Sturm und so gut wie kein Schnee + weniger Sturm, wobei der Sturm aber immer so stark sein k\u00f6nnte, dass es zu Betriebseinstellungen kommen k\u00f6nnte.<\/p>\n<p>Der andere Campingplatz hier in Ax, wo der Bus dann kehrt, h\u00e4tte den Vorteil, dass er gegen\u00fcber vom Intermarche ist. Ist aber auch 1-2 \u20ac teurer, zumindest f\u00fcr mich als Einzelperson.<\/p>\n<p>Hab heut schon wieder was von wegen Schneechaos in Europa und auch Schottland geh\u00f6rt &#8211; also in den schottischen Skigebieten geht noch nicht viel, da herrscht wohl eher Schneemangel&#8230;. aber vielleicht \u00e4ndert sich das ja in den n\u00e4chsten Tagen.  In Heiligenblut schaut&#8217;s genauso schneearm aus wie letztes Jahr, 10-30cm Schnee werden gemeldet, die oberen SL zu. Koralpe meldet ebenfalls 20-30cm, so wie letztes Jahr zu der Zeit.<\/p>\n<p>Es dauerte sogar noch bis 19 Uhr, bis es endlich mal nieselte. Hoffentlich hei\u00dft das nicht, dass es morgen auch l\u00e4nger regnet&#8230;<\/p>\n<p>Leider scheine ich am linken Fu\u00df schon wieder Frostbeulen zu bekommen. Weil auch der eine Akku nicht mehr richtig funktioniert und sich laufend abschaltet.<\/p>\n<p>Wenn die Wettervorhersagen morgen fr\u00fch so bleiben, werd ich den Campingplatz mal verlassen und ggf. abends noch bis hinter Porte Puymorens fahren, um es  FR+SA in Masella zu probieren und ab SO dann 4-5 Tage in Andorra.<\/p>\n<p>Also die Pistenpl\u00e4ne in Andorra sind ja wohl extrem m\u00fcllig, da kann man sich gar nix vorstellen und auf GE schaut das ziemlich bis komplett anders aus. Allerdings wird Pal-Arinsal  trotzdem nicht interessanter. Pal-Arinsal ist mit einer PB ohne Abfahrt verbunden, weshalb ich eigentlich dachte, 1 Tag Pal, 1 Tag Arinsal, 1 Tag Ordino-Arcalis. Darf insg. 3 Tage in den &#8220;beiden&#8221; Skigebieten verbringen. Aber lt. GE k\u00f6nnte Ordino interessanter sein, also m\u00fcsste ich wohl doch am ersten Tag gleich beides Pal+Arinsal fahren, dann am zweiten Ordino und mir dann \u00fcberlegen, ob und wo ich den dritten Tag verbringe.<\/p>\n<p><strong>Do, 8.1.2026<\/strong><\/p>\n<p>Leider nach wie vor unterschiedliche Vorhersagen f\u00fcr FR+SA f\u00fcr Masella aber verglichen mit Ax wohl die besseren Chancen. Dabei gehts mir nicht um die gemeldeten 20-40cm Neuschnee oben (die w\u00e4ren im Tal ja nicht so arg), sondern um den Sturm, der evtl. auch die Zubringer-EUB in Ax betrefffen k\u00f6nnte und falls dann auch die 6EUB steht, wird&#8217;s eng mit den M\u00f6glichkeiten &#8211; aber nat\u00fcrlich keine Ahnung, ob die unteren Lifte in Masella  windgesch\u00fctzter w\u00e4ren.<\/p>\n<p>Au\u00dferdem wollt ich ja eh 1 Tag nach Masella. Dann werden&#8217;s halt zwei jetzt und sp\u00e4ter keiner mehr &#8211; au\u00dfer das mit der Fr\u00fchjahrssaisonkarte w\u00fcrde was werden.<\/p>\n<p>Laut Internet hier in Ax alles in Betrieb wie die letzten Tage, also verlie\u00df ich nach 4 N\u00e4chten den Campingplatz und fuhr um 11 Uhr zur EUB vor; mittlerweile war es auch schon trocken, zog aber vorsichtshalber die Regenkleidung an. Wurde dann aber noch recht sonnig, so dass das umsonst war.<\/p>\n<p><a href='http:\/\/ski.inmontanis.info\/d\/346054-2\/dsc05323.jpg'><img src=http:\/\/ski.inmontanis.info\/d\/346053-3\/dsc05323.jpg \/><\/a><br \/>\n^ 6EUB Talstation<\/p>\n<p><a href='http:\/\/ski.inmontanis.info\/d\/346058-2\/dsc05326.jpg'><img src=http:\/\/ski.inmontanis.info\/d\/346057-3\/dsc05326.jpg \/><\/a><br \/>\n^ 6EUB Talstation &#8211; nat\u00fcrlich fuhr ich in diesen 4 Tagen nur die 6EUB, nie die nebenliegende 6KSB<\/p>\n<p>Der pappige Neuschnee hat die vereisten Pisten zwar halbwegs brauchbar \u00fcberdeckt, aber in den unbefahreneren St\u00fccken auch seehr pappig \/ stockend.<\/p>\n<p>Ich probierte mal die &#8220;mitttlere Portion Pommes&#8221; oben am Berg um 3,60 \u20ac &#8211; mit 375g angeschrieben aber die Sch\u00fcssel sah mir da nicht so gro\u00df aus. <\/p>\n<p>Die DSB war heute eigenartigerweise in beiden Richtungen offen, aber die 6KSB fuhr auch, aber dann fuhr ich die DSB, liegt sonniger und f\u00e4hrt langsamer.  An der 3SB wars zwar nicht so pappig, aber der Neuschnee war mehr ud die Piste somit sehr unruhig &#8211; dann doch lieber wieder die Talabfahrt plus 6EUB.<\/p>\n<p>An der 3SB baumelte an einem Sessel ein Rucksack runterfahrend. Also wenn da einer beim Ausstieg h\u00e4ngen geblieben ist, wunderts mich, dass er dann mit den Armen rausgekommen ist und 2. dass der Liftler da nicht angehalten hat?<\/p>\n<p>Bei mitttlerweile wolkenlosem Himmel fuhr ich um 15:35 Uhr runter ins Tal. Wer hatte hier eigentlich heute so sonnig hier gemeldet?! <\/p>\n<p>Weiterer Plan f\u00fcr heute Nachmittag: Besuch der alten PB-Talstation, in FR nochmals  kurz einkaufen und in ES schlafen.<\/p>\n<p>Witzigerweise stand ich kaum am Parkplatz der alten PB, kam von der Gegenrichtung ein Spanier und wollte sich die alte Station ebenfalls anschaun und ist auch ein bisschen rumgeklettert ;) <\/p>\n<p><a href='http:\/\/ski.inmontanis.info\/d\/346062-2\/dsc05333.jpg'><img src=http:\/\/ski.inmontanis.info\/d\/346061-3\/dsc05333.jpg \/><\/a><br \/>\n^ Ex-PB-Talstation \u00fcber der Stra\u00dfe, gef\u00e4llt mir auch architektonisch mit den runden L\u00f6chern<\/p>\n<p><a href='http:\/\/ski.inmontanis.info\/d\/346066-2\/dsc05334.jpg'><img src=http:\/\/ski.inmontanis.info\/d\/346065-3\/dsc05334.jpg \/><\/a><br \/>\n^ Die Treppe auf dieser Seite, wohl zur Bergfahrt, mit einer kleinen Mauer abgesperrt, die man aber leicht \u00fcbersteigen kann<\/p>\n<p><a href='http:\/\/ski.inmontanis.info\/d\/346070-2\/dsc05336.jpg'><img src=http:\/\/ski.inmontanis.info\/d\/346069-3\/dsc05336.jpg \/><\/a><br \/>\n^ Ex-PB-Talstation<\/p>\n<p><a href='http:\/\/ski.inmontanis.info\/d\/346074-2\/dsc05338.jpg'><img src=http:\/\/ski.inmontanis.info\/d\/346073-3\/dsc05338.jpg \/><\/a><br \/>\n^ Die Mauer in diese Richtung kann man nicht so einfach \u00fcberklettern &#8230;<\/p>\n<p><a href='http:\/\/ski.inmontanis.info\/d\/346078-2\/dsc05344.jpg'><img src=http:\/\/ski.inmontanis.info\/d\/346077-3\/dsc05344.jpg \/><\/a><br \/>\n^ &#8230; und links gehts steil runter zum Fluss<\/p>\n<p><a href='http:\/\/ski.inmontanis.info\/d\/346082-2\/dsc05339.jpg'><img src=http:\/\/ski.inmontanis.info\/d\/346081-3\/dsc05339.jpg \/><\/a><br \/>\n^ .. wobei, vielleicht kommt man von der anderen Seiten durch die T\u00fcr dann irgendwie rein? Aber dieser Bereich ist ja eh nicht so i nteressant<\/p>\n<p><a href='http:\/\/ski.inmontanis.info\/d\/346086-2\/dsc05348.jpg'><img src=http:\/\/ski.inmontanis.info\/d\/346085-3\/dsc05348.jpg \/><\/a><br \/>\n^ Dem Tresen nach k\u00f6nnte links mal die Kasse gewesen sein<\/p>\n<p><a href='http:\/\/ski.inmontanis.info\/d\/346090-2\/dsc05346.jpg'><img src=http:\/\/ski.inmontanis.info\/d\/346089-3\/dsc05346.jpg \/><\/a><br \/>\n^ &#8230; hier quasi die R\u00fcckseite davon. Den vielen Schmierereien nach k\u00f6nnte man ja vielleicht irgendwie reinkommen &#8211; oder hin und wieder ..<\/p>\n<p><a href='http:\/\/ski.inmontanis.info\/d\/346094-2\/dsc05347.jpg'><img src=http:\/\/ski.inmontanis.info\/d\/346093-3\/dsc05347.jpg \/><\/a><br \/>\n^ Ex-PB-Talstation<\/p>\n<p><a href='http:\/\/ski.inmontanis.info\/d\/346098-2\/dsc05349.jpg'><img src=http:\/\/ski.inmontanis.info\/d\/346097-3\/dsc05349.jpg \/><\/a><br \/>\n^ Ex-PB-St\u00fctze<\/p>\n<p><a href='http:\/\/ski.inmontanis.info\/d\/346102-2\/dsc05350.jpg'><img src=http:\/\/ski.inmontanis.info\/d\/346101-3\/dsc05350.jpg \/><\/a><br \/>\n^ <\/p>\n<p><a href='http:\/\/ski.inmontanis.info\/d\/346106-2\/dsc05352.jpg'><img src=http:\/\/ski.inmontanis.info\/d\/346105-3\/dsc05352.jpg \/><\/a><br \/>\n^ Keller gibts auch noch<\/p>\n<p><a href='http:\/\/ski.inmontanis.info\/d\/346110-2\/dsc05353.jpg'><img src=http:\/\/ski.inmontanis.info\/d\/346109-3\/dsc05353.jpg \/><\/a><br \/>\n^ Der Raum unter der Treppe auf der anderen Seite<\/p>\n<p><a href='http:\/\/ski.inmontanis.info\/d\/346114-2\/dsc05355.jpg'><img src=http:\/\/ski.inmontanis.info\/d\/346113-3\/dsc05355.jpg \/><\/a><br \/>\n^ Der Zugang von hier aus hinein ist mit Holz versperrt<\/p>\n<p><a href='http:\/\/ski.inmontanis.info\/d\/346118-2\/dsc05354.jpg'><img src=http:\/\/ski.inmontanis.info\/d\/346117-3\/dsc05354.jpg \/><\/a><br \/>\n^ <\/p>\n<p><a href='http:\/\/ski.inmontanis.info\/d\/346122-2\/dsc05357.jpg'><img src=http:\/\/ski.inmontanis.info\/d\/346121-3\/dsc05357.jpg \/><\/a><br \/>\n^ Man kann aber die Cam immer mal wieder \u00fcber irgendwelche Mauern halten<\/p>\n<p><a href='http:\/\/ski.inmontanis.info\/d\/346126-2\/dsc05358.jpg'><img src=http:\/\/ski.inmontanis.info\/d\/346125-3\/dsc05358.jpg \/><\/a><br \/>\n^ <\/p>\n<p><a href='http:\/\/ski.inmontanis.info\/d\/346130-2\/dsc05361.jpg'><img src=http:\/\/ski.inmontanis.info\/d\/346129-3\/dsc05361.jpg \/><\/a><br \/>\n^ Von unten kann man auch reinschauen, wo einst die Gondeln abfuhren<\/p>\n<p><a href='http:\/\/ski.inmontanis.info\/d\/346134-2\/dsc05362.jpg'><img src=http:\/\/ski.inmontanis.info\/d\/346133-3\/dsc05362.jpg \/><\/a><br \/>\n^ Die Treppe auf der anderen Seite ist mit einer etwas gr\u00f6\u00dferen Mauer versperrt, schien mir etwas zu hoch f\u00fcr mich + ich wollte den rutschigen Weg da auch nicht runtergehen. Durch das Fenster links oben k\u00f6nnte man vielleicht mit einer Leiter rein<\/p>\n<p><a href='http:\/\/ski.inmontanis.info\/d\/346138-2\/dsc05363.jpg'><img src=http:\/\/ski.inmontanis.info\/d\/346137-3\/dsc05363.jpg \/><\/a><br \/>\n^ Auf der anderen Stra\u00dfenseite<\/p>\n<p><a href='http:\/\/ski.inmontanis.info\/d\/346142-2\/dsc05364.jpg'><img src=http:\/\/ski.inmontanis.info\/d\/346141-3\/dsc05364.jpg \/><\/a><br \/>\n^ .. da k\u00f6nnte man vielleicht mit einer Leiter auch irgendwohin rein kommen<\/p>\n<p><a href='http:\/\/ski.inmontanis.info\/d\/346146-2\/dsc05366.jpg'><img src=http:\/\/ski.inmontanis.info\/d\/346145-3\/dsc05366.jpg \/><\/a><br \/>\n^ Stra\u00dfe richtung Ax<\/p>\n<p><a href='http:\/\/ski.inmontanis.info\/d\/346150-2\/dsc05367.jpg'><img src=http:\/\/ski.inmontanis.info\/d\/346149-3\/dsc05367.jpg \/><\/a><br \/>\n^ Ex-PB-Talstation, die PB wurde wohl 1955 in Betrieb genommen<\/p>\n<p><a href='http:\/\/ski.inmontanis.info\/d\/346154-2\/dsc05369.jpg'><img src=http:\/\/ski.inmontanis.info\/d\/346153-3\/dsc05369.jpg \/><\/a><br \/>\n^ Ex-PB-Talstation und Strecke<\/p>\n<p><a href='http:\/\/ski.inmontanis.info\/d\/346158-2\/dsc05371.jpg'><img src=http:\/\/ski.inmontanis.info\/d\/346157-3\/dsc05371.jpg \/><\/a><br \/>\n^ Stra\u00dfe richtung Spanien \/ Andorra und ehemaliger PB-Parkplatz<\/p>\n<p>Wenn man von Ax nach S\u00fcden f\u00e4hrt, kann man am Ende des Tals entweder nach rechts abbiegen nach Andorra \u00fcber den Pas de la casa, oder man f\u00e4hrt geradeaus \/ links \u00fcber den Porte Puymorens Pass (am gleichnamigen Skigebiet), um danach entweder nach links zu den weiteren Skigebieten in Frankreich abzubiegen oder um geradeaus nach Spanien in Masella zu landen.<\/p>\n<p>Was aber kurios ist, dass beide P\u00e4sse, Puymorens und Casa, im Winter offen sind und zus\u00e4tzlich einen Tunnel haben, der in beiden F\u00e4llen mautpflichtig ist!<\/p>\n<p><a href='http:\/\/extra.inmontanis.info\/d\/141918-2\/dsc05374.jpg'><img src=http:\/\/extra.inmontanis.info\/d\/141917-3\/dsc05374.jpg \/><\/a><br \/>\n^ Stra\u00dfe richtung Spanien \/ Andorra<\/p>\n<p><a href='http:\/\/extra.inmontanis.info\/d\/141922-2\/dsc05375.jpg'><img src=http:\/\/extra.inmontanis.info\/d\/141921-3\/dsc05375.jpg \/><\/a><br \/>\n^ Puymorens-Tunnel, leider mautpflichtig, also fuhr ich \u00fcbern Pass<\/p>\n<p><a href='http:\/\/extra.inmontanis.info\/d\/141926-2\/dsc05378.jpg'><img src=http:\/\/extra.inmontanis.info\/d\/141925-3\/dsc05378.jpg \/><\/a><br \/>\n^ Auffahrt Puymorens-Pass und Andorra, das zweigt erst weiter oben ab<\/p>\n<p>Auf dem Weg \u00fcber den Puymorens-Pass (ich nahm nicht den Mauttunnel) kam man noch am alten SL hier vorbei &#8211; leider keine direkte Parkm\u00f6glichkeiten und vmtl. der Schnee eh zu hoch und etwas dunkel war es ja auch schon.  <\/p>\n<p>Und  jetzt haltet euch fest: Dieser SL soll 1938 gebaut worden sein &#8211; und evtl. nur bis 1940 in Betrieb! Und die Reste stehen immer noch rum!!<\/p>\n<p><a href='http:\/\/ski.inmontanis.info\/d\/346162-2\/dsc05381.jpg'><img src=http:\/\/ski.inmontanis.info\/d\/346161-3\/dsc05381.jpg \/><\/a><br \/>\n^ Am Puymorens-Pass oben gibts einen alten SL, der von 1938 sein soll und seit den 1940ern stillgelegt ist &#8211; und immer noch stehen diese Reste herum!<\/p>\n<p><a href='http:\/\/ski.inmontanis.info\/d\/346166-2\/dsc05383.jpg'><img src=http:\/\/ski.inmontanis.info\/d\/346165-3\/dsc05383.jpg \/><\/a><br \/>\n^ Ex-SL Talstation und Strecke, leider keine Parkm\u00f6glichkeit hier<\/p>\n<p><a href='http:\/\/ski.inmontanis.info\/d\/346170-2\/dsc05384.jpg'><img src=http:\/\/ski.inmontanis.info\/d\/346169-3\/dsc05384.jpg \/><\/a><br \/>\n^ Ex-SL Talstation und Strecke<\/p>\n<p><a href='http:\/\/ski.inmontanis.info\/d\/346174-2\/dsc05385.jpg'><img src=http:\/\/ski.inmontanis.info\/d\/346173-3\/dsc05385.jpg \/><\/a><br \/>\n^ Ex-SL Talstation und Strecke<\/p>\n<p>Hier weitere Fotos und Infos:<br \/>\n<a href='https:\/\/www.remontees-mecaniques.net\/forums\/index.php?showtopic=38614'>https:\/\/www.remontees-mecaniques.net\/forums\/index.php?showtopic=38614<\/a><\/p>\n<p>&#8211;<\/p>\n<p><a href='http:\/\/ski.inmontanis.info\/d\/346178-2\/dsc05390.jpg'><img src=http:\/\/ski.inmontanis.info\/d\/346177-3\/dsc05390.jpg \/><\/a><br \/>\n^ Skigebiet Porte Puymorens, oberer Teil<\/p>\n<p><a href='http:\/\/ski.inmontanis.info\/d\/346182-2\/dsc05393.jpg'><img src=http:\/\/ski.inmontanis.info\/d\/346181-3\/dsc05393.jpg \/><\/a><br \/>\n^ Hier die steilen Talabfahrten, die alte DSB wurde mittlerweile leider ersetzt.<\/p>\n<p><a href='http:\/\/ski.inmontanis.info\/d\/346186-2\/dsc05400.jpg'><img src=http:\/\/ski.inmontanis.info\/d\/346185-3\/dsc05400.jpg \/><\/a><br \/>\n^ Nein, nicht der Kronplatz, sondern das Skigebiet Masella :) (um 17:18 Uhr aber ein etwas verwackeltes Bild)<\/p>\n<p>Ich war dann erst um 17:25 am Carrefour in Ur (so hei\u00dft der Ort hier) und es wurde langsam dunkel.<\/p>\n<p>Sch\u00f6ner Supermarkt, es stehen auch viele Traktoren rum.<\/p>\n<p><a href='http:\/\/extra.inmontanis.info\/d\/141930-2\/img_20260108_172619_0.jpg'><img src=http:\/\/extra.inmontanis.info\/d\/141929-3\/img_20260108_172619_0.jpg \/><\/a><br \/>\n^ Alte DSB-Sessel im Supermarkt<\/p>\n<p><a href='http:\/\/extra.inmontanis.info\/d\/141934-2\/img_20260108_172642_6.jpg'><img src=http:\/\/extra.inmontanis.info\/d\/141933-3\/img_20260108_172642_6.jpg \/><\/a><br \/>\n^ Alte DSB-Sessel im Supermarkt<\/p>\n<p>Es gab eine TK-Pizza Chicken BBQ, die ich somit probieren musste &#8211; morgen dann, heut, auch wenn schon so sp\u00e4t nach 18 Uhr &#8211; sollte ich noch die restliche Sahne zu Nudeln &#038; Co verarbeiten. Leider war die Pizza am n\u00e4chsten Tag dann auch nicht sehr lohnenswert &#8211; etwas scharf und indisch gew\u00fcrzt.<\/p>\n<p>Benzin und Diesel waren auf spanischer Seite sehr g\u00fcnstig: 1,353 und 1,413 \u20ac!! Aber vielleicht ist es ja in Andorra noch g\u00fcnstiger?<\/p>\n<p><a href='http:\/\/ski.inmontanis.info\/d\/346190-2\/dsc05406.jpg'><img src=http:\/\/ski.inmontanis.info\/d\/346189-3\/dsc05406.jpg \/><\/a><br \/>\n^ Um 18:04 Uhr nochmals ein Blick von der Stra\u00dfe im Tal zum Skigebiet Masella<\/p>\n<p>Abends weiterhin keine einheitlicheren Wetterberichte.  Die restlichen Gebiete hier im Umkreis in Spanien .. werd ich vorerst mal auslassen; falls ich im M\u00e4rz doch noch zur Masella-Fr\u00fchjahrssaisonkarte kommen sollte, k\u00f6nnte es dort ja Rabatte geben; klar ist das dann ein Schneepoker, ob dann ggf. noch alles offen sein wird, was jetzt offen ist, oder vielleicht mal wieder irgendein Krieg oder Epidemie ausgerufen wird &#8230;.  aber bei dem Umweg in diese eher kleinen Gebiete &#8211; werd ich halt mal pokern m\u00fcssen. <\/p>\n<p>Au\u00dfer die Wettervorhersagen am Samstag  w\u00fcrden sagen, ich sollte noch hier auf der S\u00fcdseite bleiben &#8230;<\/p>\n<p>Auch ein sch\u00f6ner Spruch: &#8220;Wer kann, verl\u00e4sst Deutschland &#8211; wer nicht(s) kann, kommt&#8221; ;)<\/p>\n","protected":false},"excerpt":{"rendered":"<p>Mi, 7.1.2026<\/p>\n<p>Wetter .. schaut so aus, als w\u00fcrd ich noch bis Sonntag hier rumhocken und dann trotzdem keine der beiden alternativen Zielgegenden hier ansteuern k\u00f6nnen, wenn das so kommt, wie&#8217;s momentan gemeldet wird. K\u00f6nnte zwar mal wieder f\u00fcr 2 Tage nach Ascou rauffahren, aber pistenm\u00e4\u00dfig bringts ja momentan auch nix und bei den momentan <a href=\"http:\/\/blog.inmontanis.info\/?p=11134\">[&#8230;]<\/a><\/p>\n","protected":false},"author":1,"featured_media":11136,"comment_status":"closed","ping_status":"closed","sticky":false,"template":"","format":"standard","meta":{"footnotes":""},"categories":[950,968,16,59,325,27,129,32],"tags":[39,52,47],"class_list":["post-11134","post","type-post","status-publish","format-standard","has-post-thumbnail","hentry","category-2025-09-2026-11-pyrenaen-uk-co","category-ax","category-france","category-nostalgie","category-porte-puymorens","category-skifahren-winterskiing-winter","category-spain","category-lostplaces","tag-6eub","tag-pb","tag-sl","odd"],"_links":{"self":[{"href":"http:\/\/blog.inmontanis.info\/index.php?rest_route=\/wp\/v2\/posts\/11134","targetHints":{"allow":["GET"]}}],"collection":[{"href":"http:\/\/blog.inmontanis.info\/index.php?rest_route=\/wp\/v2\/posts"}],"about":[{"href":"http:\/\/blog.inmontanis.info\/index.php?rest_route=\/wp\/v2\/types\/post"}],"author":[{"embeddable":true,"href":"http:\/\/blog.inmontanis.info\/index.php?rest_route=\/wp\/v2\/users\/1"}],"replies":[{"embeddable":true,"href":"http:\/\/blog.inmontanis.info\/index.php?rest_route=%2Fwp%2Fv2%2Fcomments&post=11134"}],"version-history":[{"count":2,"href":"http:\/\/blog.inmontanis.info\/index.php?rest_route=\/wp\/v2\/posts\/11134\/revisions"}],"predecessor-version":[{"id":11137,"href":"http:\/\/blog.inmontanis.info\/index.php?rest_route=\/wp\/v2\/posts\/11134\/revisions\/11137"}],"wp:featuredmedia":[{"embeddable":true,"href":"http:\/\/blog.inmontanis.info\/index.php?rest_route=\/wp\/v2\/media\/11136"}],"wp:attachment":[{"href":"http:\/\/blog.inmontanis.info\/index.php?rest_route=%2Fwp%2Fv2%2Fmedia&parent=11134"}],"wp:term":[{"taxonomy":"category","embeddable":true,"href":"http:\/\/blog.inmontanis.info\/index.php?rest_route=%2Fwp%2Fv2%2Fcategories&post=11134"},{"taxonomy":"post_tag","embeddable":true,"href":"http:\/\/blog.inmontanis.info\/index.php?rest_route=%2Fwp%2Fv2%2Ftags&post=11134"}],"curies":[{"name":"wp","href":"https:\/\/api.w.org\/{rel}","templated":true}]}}