{"id":11070,"date":"2025-12-05T19:23:01","date_gmt":"2025-12-05T18:23:01","guid":{"rendered":"http:\/\/blog.inmontanis.info\/?p=11070"},"modified":"2025-12-11T19:47:02","modified_gmt":"2025-12-11T18:47:02","slug":"panticosa-5-12-2025","status":"publish","type":"post","link":"http:\/\/blog.inmontanis.info\/?p=11070","title":{"rendered":"Panticosa, 5.12.2025"},"content":{"rendered":"<p><strong>Fr, 5.12.2025<\/strong><\/p>\n<p>Hab mir heut wieder ab 9:30 Uhr frei genommen.<\/p>\n<p>Schneebericht von heute zeigte noch etwas weniger Lifte+Abfahrten als gestern f\u00fcr&#8217;s WE prognostiziert, was aber ja auch am Wind liegen k\u00f6nnte, betrifft aber nur die Lifte in Formigal und nicht in Panticosa. Ge\u00f6ffnet somit 49km in Formigal und 15 in Panticosa.<\/p>\n<p>Im Gegensatz zu Formigal sind in Panticosa noch keine schwarzen Varianten offen,  auch kaum Rote. <\/p>\n<p>Das WC am Stellplatz hatte heute Morgen gr\u00fcn angezeigt aber nebendran gelb geblinkt, ein st\u00e4dtischer Mitarbeiter war mal da und hat bissl rumgeschaut, er war auch am WC, danach war nur noch &#8220;gelb&#8221; &#8211; also vmtl. au\u00dfer Betrieb. Einige Zeit sp\u00e4ter schien es aber wieder gr\u00fcn. Aber als ich nach 9:30 aufs Klo gehen wollte, war es doch abgesperrt.  <\/p>\n<p><a href='http:\/\/extra.inmontanis.info\/d\/141624-2\/dsc03038.jpg'><img src=http:\/\/extra.inmontanis.info\/d\/141623-3\/dsc03038.jpg \/><\/a><br \/>\n^ Talausw\u00e4rts von Formigal\/Sallent geht&#8217;s durch eine Schlucht<\/p>\n<p><a href='http:\/\/extra.inmontanis.info\/d\/141628-2\/dsc03040.jpg'><img src=http:\/\/extra.inmontanis.info\/d\/141627-3\/dsc03040.jpg \/><\/a><br \/>\n^ Talausw\u00e4rts von Formigal\/Sallent geht&#8217;s durch eine Schlucht, bevor es mal links nach Panticosa abzweigt und man die Schlucht quert<\/p>\n<p><a href='http:\/\/ski.inmontanis.info\/d\/342422-2\/dsc03041.jpg'><img src=http:\/\/ski.inmontanis.info\/d\/342421-3\/dsc03041.jpg \/><\/a><br \/>\n^ Blick ins Skigebiet von Panticosa<\/p>\n<p>Um 10e war ich am kleinen Parkplatz an der EUB in Panticosa und dank der letzten Schneef\u00e4lle schien sogar die Talabfahrt inoffiziell machbar &#8211; aber wie das bei den gemeldeten Plusgaden  in 6 Stunden ausschauen wird, ist eine andere Frage.<\/p>\n<p>Der obere Parkplatz ist recht klei und da ich nicht wusste, wo ein weiterer sein w\u00fcrde, nahm ich gleich den erstbesten Platz, wohl einen der letzten.<\/p>\n<p><a href='http:\/\/ski.inmontanis.info\/d\/342426-2\/dsc03045.jpg'><img src=http:\/\/ski.inmontanis.info\/d\/342425-3\/dsc03045.jpg \/><\/a><br \/>\n^ Unterer Parkplatz<\/p>\n<p><a href='http:\/\/ski.inmontanis.info\/d\/342430-2\/dsc03047.jpg'><img src=http:\/\/ski.inmontanis.info\/d\/342429-3\/dsc03047.jpg \/><\/a><br \/>\n^ Weg vom oberen Parkplatz \u00fcber einen Fluss zur 8EUB, die Talabffahrt schaut ja gar nicht so \u00fcbel aus<\/p>\n<p><a href='http:\/\/ski.inmontanis.info\/d\/342434-2\/dsc03046.jpg'><img src=http:\/\/ski.inmontanis.info\/d\/342433-3\/dsc03046.jpg \/><\/a><br \/>\n^ Fluss hinter der 8EUB-Talstation<\/p>\n<p><a href='http:\/\/ski.inmontanis.info\/d\/342438-2\/dsc03048.jpg'><img src=http:\/\/ski.inmontanis.info\/d\/342437-3\/dsc03048.jpg \/><\/a><br \/>\n^ Talstation Leitner-8EUB BJ 1998<\/p>\n<p><a href='http:\/\/ski.inmontanis.info\/d\/342442-2\/dsc03132.jpg'><img src=http:\/\/ski.inmontanis.info\/d\/342441-3\/dsc03132.jpg \/><\/a><br \/>\n^ Pistenplan (sp\u00e4ter oben fotografiert)<\/p>\n<p>Ein KSSL war dann doch nicht wie gemeldet offen und so mancher Lift bediente keine eigene Abfahrt derzeit. Die Platzierung von einigen Tal- oder Bergstationen schien mir recht eigenartig, mal zu kurz, mal zu weit, mal komplett meschugge. Als g\u00e4be es irgendeinen Preis zu gewinnen. Vielleicht hat man die 8KSB dr\u00fcben in Formigal ja auch deshalb mit der 90\u00b0-Kurvenstation gebaut&#8230;.<\/p>\n<p>Nach 14:30 Uhr bin ich die geschlossene Talabfahrt gefahren, die besser ging als erwartet. Man sah zwar keine Beschneiungsh\u00fcgel, aber weil andere H\u00e4nge hier im Talbereich so viel weniger Schnee hatten, muss da wohl doch schon einmal beschneit worden sein.<\/p>\n<p>Panticosa hatte ich im Rahmen meiner Vorbereitungen von einer anfangs guten zu einer mittleren Bewertung herabgesetzt, was dem heutigen eingeschr\u00e4nkten Tag auch nicht wirklich gerecht wurde, aber mit einigen der noch geschlossenen Abfahrten k\u00f6nnte es noch f\u00fcr 1-2 Tage taugen &#8211; ansonsten denk ich, w\u00fcrd ich lieber im benachbarten Formigal einen Tag mehr fahren.<\/p>\n<p><a href='http:\/\/ski.inmontanis.info\/d\/342446-2\/dsc03050.jpg'><img src=http:\/\/ski.inmontanis.info\/d\/342445-3\/dsc03050.jpg \/><\/a><br \/>\n^ 8EUB und Panticosa<\/p>\n<p><a href='http:\/\/ski.inmontanis.info\/d\/342450-2\/dsc03051.jpg'><img src=http:\/\/ski.inmontanis.info\/d\/342449-3\/dsc03051.jpg \/><\/a><br \/>\n^ 8EUB und Panticosa und Parkpl\u00e4tze<\/p>\n<p><a href='http:\/\/ski.inmontanis.info\/d\/342454-2\/dsc03056.jpg'><img src=http:\/\/ski.inmontanis.info\/d\/342453-3\/dsc03056.jpg \/><\/a><br \/>\n^ 8EUB Strecke<\/p>\n<p><a href='http:\/\/ski.inmontanis.info\/d\/342458-2\/dsc03060.jpg'><img src=http:\/\/ski.inmontanis.info\/d\/342457-3\/dsc03060.jpg \/><\/a><br \/>\n^ 8EUB Strecke, hier war fr\u00fcher wohl die Mittelstation, rechts die 4SB Petrosos, einzige offene Abfahrt heut aber die Verbindung von der DSB aus<\/p>\n<p><a href='http:\/\/ski.inmontanis.info\/d\/342462-2\/dsc03068.jpg'><img src=http:\/\/ski.inmontanis.info\/d\/342461-3\/dsc03068.jpg \/><\/a><br \/>\n^ Talpano<\/p>\n<p><a href='http:\/\/ski.inmontanis.info\/d\/342466-2\/dsc03069.jpg'><img src=http:\/\/ski.inmontanis.info\/d\/342465-3\/dsc03069.jpg \/><\/a><br \/>\n^ Die 8EUB-Bergstation ist so sp\u00e4t und hoch gebaut, dass man einen weiten Weg bergab \u00fcber diese Rampe samt Kurve gehen muss. Dahinter der Kurven-KSSL Mandilar und dar\u00fcber die Verbindungs-4SB Sabocos zum hinteren Teil<\/p>\n<p><a href='http:\/\/ski.inmontanis.info\/d\/342470-2\/dsc03078.jpg'><img src=http:\/\/ski.inmontanis.info\/d\/342469-3\/dsc03078.jpg \/><\/a><br \/>\n^ Mit der 4SB Sabocos in den hinteren \/ oberen Skigebietsteil, retour geht ein Skiweg<\/p>\n<p><a href='http:\/\/ski.inmontanis.info\/d\/342474-2\/dsc03082.jpg'><img src=http:\/\/ski.inmontanis.info\/d\/342473-3\/dsc03082.jpg \/><\/a><br \/>\n^ 4SB Sabocos, schade, dass man hier nicht aussteigen kann. Rechts vorne die DSB, dahinter eine kurze 4SB und links noch ein kurzer SL<\/p>\n<p><a href='http:\/\/ski.inmontanis.info\/d\/342478-2\/dsc03083.jpg'><img src=http:\/\/ski.inmontanis.info\/d\/342477-3\/dsc03083.jpg \/><\/a><br \/>\n^ 4SB Sabocos<\/p>\n<p><a href='http:\/\/ski.inmontanis.info\/d\/342482-2\/dsc03087.jpg'><img src=http:\/\/ski.inmontanis.info\/d\/342481-3\/dsc03087.jpg \/><\/a><br \/>\n^ 4SB Sabocos, DSB Javier Escartin und die 4SB, die zu weit oben gebaut wurde, sehr kurz ist und einen sehr langen Namen hat &#8211; Corona de Aragon und die zwei kurzen SL<\/p>\n<p><a href='http:\/\/ski.inmontanis.info\/d\/342486-2\/dsc03089.jpg'><img src=http:\/\/ski.inmontanis.info\/d\/342485-3\/dsc03089.jpg \/><\/a><br \/>\n^ SL O&#8217;Fonil, dahinter die 4SB, mit der ich gerade gekommen bin<\/p>\n<p><a href='http:\/\/ski.inmontanis.info\/d\/342490-2\/dsc03093.jpg'><img src=http:\/\/ski.inmontanis.info\/d\/342489-3\/dsc03093.jpg \/><\/a><br \/>\n^ R\u00fcckseitig vom SL O&#8217;Fonil ist der SL Ibon de Sabocos, der heute leider noch nicht offen ist<\/p>\n<p><a href='http:\/\/ski.inmontanis.info\/d\/342494-2\/dsc03094.jpg'><img src=http:\/\/ski.inmontanis.info\/d\/342493-3\/dsc03094.jpg \/><\/a><br \/>\n^ Der SL Ibon de Sabocos ist der R\u00fcckbringer von 3 Abfahrten links der 4SB, die man  rechts oben sieht, aber die Abfahrten sind noch nicht offen<\/p>\n<p><a href='http:\/\/ski.inmontanis.info\/d\/342498-2\/dsc03095.jpg'><img src=http:\/\/ski.inmontanis.info\/d\/342497-3\/dsc03095.jpg \/><\/a><br \/>\n^ W\u00e4hrend der linke SL zu lang gebaut wurde, wurde der rechte SL zu kurz gebaut. Scheint hier eine Macke zu sein, gibt kein Skigebiet, wo mir das so extrem aufgefallen ist wie hier, entweder zu kurz oder zu lang oder zu unverst\u00e4ndlich.<\/p>\n<p><a href='http:\/\/ski.inmontanis.info\/d\/342502-2\/dsc03099.jpg'><img src=http:\/\/ski.inmontanis.info\/d\/342501-3\/dsc03099.jpg \/><\/a><br \/>\n^ SL Ibon de Sabocos mit See<\/p>\n<p><a href='http:\/\/ski.inmontanis.info\/d\/342506-2\/dsc03104.jpg'><img src=http:\/\/ski.inmontanis.info\/d\/342505-3\/dsc03104.jpg \/><\/a><br \/>\n^ Pano links der 4SB Corona de Aragon<\/p>\n<p><a href='http:\/\/ski.inmontanis.info\/d\/342510-2\/dsc03105.jpg'><img src=http:\/\/ski.inmontanis.info\/d\/342509-3\/dsc03105.jpg \/><\/a><br \/>\n^ SL Ibon de Sabocos mit See<\/p>\n<p><a href='http:\/\/ski.inmontanis.info\/d\/342514-2\/dsc03106.jpg'><img src=http:\/\/ski.inmontanis.info\/d\/342513-3\/dsc03106.jpg \/><\/a><br \/>\n^ 4SB Corona de Aragon; auf dem Satbild hatte ich mich gewundert, warum die nicht weiter rauf geht &#8211; jetzt wird es klar, da ist ein Graben und dann ein recht steiler Hang<\/p>\n<p><a href='http:\/\/ski.inmontanis.info\/d\/342518-2\/dsc03107.jpg'><img src=http:\/\/ski.inmontanis.info\/d\/342517-3\/dsc03107.jpg \/><\/a><br \/>\n^ Pano links der Bergstation 4SB Corona de Aragon<\/p>\n<p><a href='http:\/\/ski.inmontanis.info\/d\/342522-2\/dsc03109.jpg'><img src=http:\/\/ski.inmontanis.info\/d\/342521-3\/dsc03109.jpg \/><\/a><br \/>\n^ Steile H\u00e4nge hnter der 4SB Corona de Aragon. Erinnert mich an den Gletscher in La Plagne<\/p>\n<p><a href='http:\/\/ski.inmontanis.info\/d\/342526-2\/dsc03112.jpg'><img src=http:\/\/ski.inmontanis.info\/d\/342525-3\/dsc03112.jpg \/><\/a><br \/>\n^ Heute einzig ge\u00f6ffnete Abfahrt an der 4SB Corona de Aragon ist diese blaue hier. Gegen\u00fcber die DSB und links ..<\/p>\n<p><a href='http:\/\/ski.inmontanis.info\/d\/342530-2\/dsc03113.jpg'><img src=http:\/\/ski.inmontanis.info\/d\/342529-3\/dsc03113.jpg \/><\/a><br \/>\n^ .. ein weiterer See<\/p>\n<p><a href='http:\/\/ski.inmontanis.info\/d\/342534-2\/dsc03114.jpg'><img src=http:\/\/ski.inmontanis.info\/d\/342533-3\/dsc03114.jpg \/><\/a><br \/>\n^ Eine der Abfahrten runter zu DSB+4SB<\/p>\n<p><a href='http:\/\/ski.inmontanis.info\/d\/342538-2\/dsc03117.jpg'><img src=http:\/\/ski.inmontanis.info\/d\/342537-3\/dsc03117.jpg \/><\/a><br \/>\n^ Blick von der DSB Javier Escartin zur 4SB Corona de Aragon und dem See im Tal<\/p>\n<p><a href='http:\/\/ski.inmontanis.info\/d\/342542-2\/dsc03121.jpg'><img src=http:\/\/ski.inmontanis.info\/d\/342541-3\/dsc03121.jpg \/><\/a><br \/>\n^ DSB Javier Escartin, die ist nicht ganz bis zum Grat gebaut, da muss man etwas aufsteigen ..<\/p>\n<p><a href='http:\/\/ski.inmontanis.info\/d\/342546-2\/dsc03126.jpg'><img src=http:\/\/ski.inmontanis.info\/d\/342545-3\/dsc03126.jpg \/><\/a><br \/>\n^ R\u00fcckseitenpano DSB Javier Escartin<\/p>\n<p><a href='http:\/\/ski.inmontanis.info\/d\/342550-2\/dsc03128.jpg'><img src=http:\/\/ski.inmontanis.info\/d\/342549-3\/dsc03128.jpg \/><\/a><br \/>\n^ R\u00fcckseitenpano DSB Javier Escartin<\/p>\n<p><a href='http:\/\/ski.inmontanis.info\/d\/342554-2\/dsc03129.jpg'><img src=http:\/\/ski.inmontanis.info\/d\/342553-3\/dsc03129.jpg \/><\/a><br \/>\n^ R\u00fcckseitenpano DSB Javier Escartin<\/p>\n<p><a href='http:\/\/ski.inmontanis.info\/d\/342558-2\/dsc03136.jpg'><img src=http:\/\/ski.inmontanis.info\/d\/342557-3\/dsc03136.jpg \/><\/a><br \/>\n^ Wieder retour im vorderen Sektor und dem kleinen Gipfel, auf dem nur die 8EUB und die DSB endet, sowie einige F\u00f6rderb\u00e4nder, die rundherum positioniert sind. Warum man die Bergstation der 8EUB nicht fr\u00fcher gebaut hat, ist mir unverst\u00e4ndlich, schlussendlich muss man \u00fcber die Rampe runter mehr gehen, als wenn man sie neben dem Haus an der Kante gebaut h\u00e4tte..<\/p>\n<p><a href='http:\/\/ski.inmontanis.info\/d\/342562-2\/dsc03138.jpg'><img src=http:\/\/ski.inmontanis.info\/d\/342561-3\/dsc03138.jpg \/><\/a><br \/>\n^ 4SB Petrosos, 8EUB und  ehemalige Mittelstation der 8EUB-Vorg\u00e4ngerbahnen<\/p>\n<p><a href='http:\/\/ski.inmontanis.info\/d\/342566-2\/dsc03139.jpg'><img src=http:\/\/ski.inmontanis.info\/d\/342565-3\/dsc03139.jpg \/><\/a><br \/>\n^ Ex-DSB Sektion 1, falls es eine DSB war<\/p>\n<p><a href='http:\/\/ski.inmontanis.info\/d\/342570-2\/dsc03143.jpg'><img src=http:\/\/ski.inmontanis.info\/d\/342569-3\/dsc03143.jpg \/><\/a><br \/>\n^ Links die Bergstation 4SB Petrosos von der Ex-Mittelstation aus, warum zum Teufel wurde die so tief gesetzt? Man kommt lediglich zur Verbindungs-4SB Sabocos; will man zu den anderen Liften, muss man ein kurzes St\u00fcck aufsteigen und dann ein F\u00f6rderband nehmen!! Einzig die DSB Fobas ist kein Faux-Pas, was die Bergstations-Location angeht<\/p>\n<p><a href='http:\/\/ski.inmontanis.info\/d\/342574-2\/dsc03145.jpg'><img src=http:\/\/ski.inmontanis.info\/d\/342573-3\/dsc03145.jpg \/><\/a><br \/>\n^ DSB Fobas, leider mit den nervigen Schenkeldr\u00fcckern, die sind noch nerviger als die Kniezertr\u00fcmmerer, die hier sonst \u00fcberall sind<\/p>\n<p><a href='http:\/\/ski.inmontanis.info\/d\/342578-2\/dsc03148.jpg'><img src=http:\/\/ski.inmontanis.info\/d\/342577-3\/dsc03148.jpg \/><\/a><br \/>\n^ Kurven-KSSL Mandilar, dar\u00fcber die 4SB Sabocos<\/p>\n<p><a href='http:\/\/ski.inmontanis.info\/d\/342582-2\/dsc03149.jpg'><img src=http:\/\/ski.inmontanis.info\/d\/342581-3\/dsc03149.jpg \/><\/a><br \/>\n^ Der Vorg\u00e4nger der 8EUB, vmtl. DSB Sektion 2, endete im Gegensatz zur 8EUB nicht zu weit oben, sondern zu weit unten :))<\/p>\n<p><a href='http:\/\/ski.inmontanis.info\/d\/342586-2\/dsc03150.jpg'><img src=http:\/\/ski.inmontanis.info\/d\/342585-3\/dsc03150.jpg \/><\/a><br \/>\n^ Alte Sessel am F\u00f6rderband<\/p>\n<p><a href='http:\/\/ski.inmontanis.info\/d\/342590-2\/dsc03151.jpg'><img src=http:\/\/ski.inmontanis.info\/d\/342589-3\/dsc03151.jpg \/><\/a><br \/>\n^ 3 fahren hier offpiste, k\u00f6nnte die schwarze Valle de Tena sein, die man irgendwie vmtl. mit Fu\u00dfweg von der DSB Javier Escartin aus erreicht<\/p>\n<p><a href='http:\/\/ski.inmontanis.info\/d\/342594-2\/dsc03152.jpg'><img src=http:\/\/ski.inmontanis.info\/d\/342593-3\/dsc03152.jpg \/><\/a><br \/>\n^ 4SB Petrosos mit der zweifelhaften Bergstation. Laut Pistenplan soll man aber nach rechts hin den  noch geschlossenen KSSL Fobas II erreichen. Yep, Fobas II, obwohl er ganz wo anders liegt als die DSB Fobas<\/p>\n<p><a href='http:\/\/ski.inmontanis.info\/d\/342598-2\/dsc03156.jpg'><img src=http:\/\/ski.inmontanis.info\/d\/342597-3\/dsc03156.jpg \/><\/a><br \/>\n^ Nochmals im Sabocos-Sektor mit dem SL O&#8217;Fonil., DSB Javier Escartin und 4SB Sabocos<\/p>\n<p><a href='http:\/\/ski.inmontanis.info\/d\/342602-2\/dsc03159.jpg'><img src=http:\/\/ski.inmontanis.info\/d\/342601-3\/dsc03159.jpg \/><\/a><br \/>\n^ Abfahrt von der Talstation KSSL Mandilar zur DSB Fobos bzw. 4SB Mittelstation bzw. Talstation EUB, rechts zu sehen &#8230;<\/p>\n<p><a href='http:\/\/ski.inmontanis.info\/d\/342606-2\/dsc03158.jpg'><img src=http:\/\/ski.inmontanis.info\/d\/342605-3\/dsc03158.jpg \/><\/a><br \/>\n^ &#8230; das k\u00f6nnte mal ein Lift gewesen sein, evtl. der Vorg\u00e4nger der DSB Fobas<\/p>\n<p><a href='http:\/\/ski.inmontanis.info\/d\/342610-2\/dsc03161.jpg'><img src=http:\/\/ski.inmontanis.info\/d\/342609-3\/dsc03161.jpg \/><\/a><br \/>\n^ Ein weiterer alter Sessel an einem F\u00f6rderband, dahinter die DSB Fobas<\/p>\n<p><a href='http:\/\/ski.inmontanis.info\/d\/342614-2\/dsc03162.jpg'><img src=http:\/\/ski.inmontanis.info\/d\/342613-3\/dsc03162.jpg \/><\/a><br \/>\n^ Ex-Mittelstation der 8EUB-Vorg\u00e4ngerlifte<\/p>\n<p><a href='http:\/\/ski.inmontanis.info\/d\/342618-2\/dsc03163.jpg'><img src=http:\/\/ski.inmontanis.info\/d\/342617-3\/dsc03163.jpg \/><\/a><br \/>\n^ Talabfahrt El Estrimal, noch geschlossen, aber erstaunlicherweise recht gut zu fahren gewesen<\/p>\n<p><a href='http:\/\/ski.inmontanis.info\/d\/342622-2\/dsc03164.jpg'><img src=http:\/\/ski.inmontanis.info\/d\/342621-3\/dsc03164.jpg \/><\/a><br \/>\n^ .. nur etwas viel Fangz\u00e4une.<\/p>\n<p><a href='http:\/\/ski.inmontanis.info\/d\/342626-2\/dsc03166.jpg'><img src=http:\/\/ski.inmontanis.info\/d\/342625-3\/dsc03166.jpg \/><\/a><br \/>\n^ Talabfahrt El Estrimal<\/p>\n<p><a href='http:\/\/ski.inmontanis.info\/d\/342630-2\/ge20251205c.jpg'><img src=http:\/\/ski.inmontanis.info\/d\/342629-3\/ge20251205c.jpg \/><\/a><br \/>\n^ GPS-Track 5.12.2025; bei meinem n\u00e4chsten Besuch hier sollten ein paar mehr Abfahrten offen sein. Magenta die derzeit noch geschlossenen Lifte, in Rot die vermutlich stillgelegten Trassen<\/p>\n<p>Zum morgigen Ziel Gourette sind es von hier aus nur 57km, dazu muss ich wieder \u00fcber den Portalet &#8211; Pass nach Frankreich und an Artouste vorbei.<\/p>\n<p>Im ersten Ort nach Panticosa h\u00e4tte ich einen Supermarkt besuchen wollen, aber s\u00e4mtliche Parkpl\u00e4tz davor waren als &#8220;Privatparkplatz Campingplatz&#8221; gekennzeichenet. Keine Ahnung, ob der Supermarkt nun zum Campingplatz geh\u00f6rt oder nicht, aber dann geh ich hier halt nicht einkaufen.<\/p>\n<p>Spanien kann schon recht bescheuert sein, dazu geh\u00f6ren auch die 20 km\/h Beschr\u00e4nkungen in Ortschaften statt bei uns 30 &#8211; nat\u00fcrlich halt sich keiner dran.<\/p>\n<p>An der Tankstelle Benzin E5 um 1,509 getankt, da h\u00e4tte es auch einen kleinen Shop gegeben, aber ich wollte es mal oben am Portalet-Pass probieren, wo es einen Supermarkt geben soll.<\/p>\n<p>Der war dann sogar ein quasi 3-st\u00f6ckiges Kaufhaus (mit riesiger Alkohol-Abteilung),<br \/>\nsogar eine Vielzahl an Lampen gabs hier und etlichen anderen Krims-Krams. <\/p>\n<p>In Schweden und Norwegen reicht ein Winter locker aus, um sich durch alle kulinarischen Sachen in den Superm\u00e4rkten zu kosten, aber in Frankreich und Spanien schafft man das nie und nimmer bei den vielen verschiedenen Fertiggerichten, Keksen und anderen S\u00fc\u00dfigkeiten.<\/p>\n<p>Wobei ich die teuren Sachen ja dann eh au\u00dfer Acht lasse. Hab eine Packung Kekse mitgenommen, wo was von Zimt und Schweinefett (?!) steht. Naja, viel Zimt hat man nicht geschmeckt. Da h\u00e4tte ich besser mal die Anistorte genommen, da ich Anis mag und mir das Gew\u00fcrz bei uns sowohl bei S\u00fc\u00dfgeb\u00e4ck wie auch bei Brot zu kurz kommt.<\/p>\n<p>Die Parkpl\u00e4tze am See vor Artouste, auf denen man schlafen k\u00f6nnen d\u00fcrfen soll, waren nicht ger\u00e4umt und hatten eine kleine Schneebarriere vom R\u00e4umdienst. Ich fuhr weiter runter und probierte  um 17:30 einen Rastplatz noch vor dem etwaigen WC fur morgen fr\u00fch.<\/p>\n<p>Wie schon im letzten Bericht gesagt, hab ich die erst heute bei der R\u00fcckfahrt entdeckt:<\/p>\n<p><a href='http:\/\/ski.inmontanis.info\/d\/342410-2\/dsc03167.jpg'><img src=http:\/\/ski.inmontanis.info\/d\/342409-3\/dsc03167.jpg \/><\/a><br \/>\n^ Kraftwerks-PB in Artouste<\/p>\n<p><a href='http:\/\/ski.inmontanis.info\/d\/342414-2\/dsc03170.jpg'><img src=http:\/\/ski.inmontanis.info\/d\/342413-3\/dsc03170.jpg \/><\/a><br \/>\n^ Kraftwerks-PB in Artouste<\/p>\n<p><a href='http:\/\/ski.inmontanis.info\/d\/342418-2\/dsc03171.jpg'><img src=http:\/\/ski.inmontanis.info\/d\/342417-3\/dsc03171.jpg \/><\/a><br \/>\n^ Kraftwerks-PB in Artouste<\/p>\n<p>In Gourette sollen morgen 9 Lifte und 13 Abfahrten offen sein. Wobei eine Abfahrt an einem Lift auch schon mal als 3 Abfahrten z\u00e4hlen kann. Und die \u00dcbungsbereiche muss man ja auch abziehen. Der oberste Sessellift leider nicht offen und leider ausgerechnet bei der neuen vermeintlichen M\u00fcll-KSB sind die meisten Abfahrtsvarianten offen. (War dann doch nicht so m\u00fcllig)<\/p>\n<p>In LPSM (La Pierre Saint Martin) soll dagegen fast alles offen sein, womit ich dann also dort 2 Tage statt in Gourette verbringen werde. Auch wenn dort ja leider mittlerweile auch eine M\u00fcll-KSB steht. (Die war in einer Hinsicht sogar noch m\u00fclliger, in einer anderen dagegen nur abgeschw\u00e4cht.)<\/p>\n<p>Ich muss ja das verl\u00e4ngerte 3 Tage WE rumbringen, bevor ich dann nochmals nach Spanien kann. Wobei man nat\u00fcrlich auch 2 Tage Gourette und 2 Tage LPSM h\u00e4tte machen k\u00f6nnen &#8211; aber daf\u00fcr ist in Gourette zu wenig offen. <\/p>\n<p>Tja, jetzt hat mein Ersatzhandy 2 Monate lang problemlos funktioniert, seit gestern st\u00fcrzt es nun wieder regellm\u00e4\u00dfig ab, h\u00e4ngt sich auf o.\u00e4. :(  3x heute Nachmittag\/Abend :( Wieso jetzt auf einmal wieder???<\/p>\n<p>Krass: mein Stellplatz der letzten Tage nahe Formigal ist heute Abend f\u00fcr heute und morgen komplett voll markiert und \u00fcbermorgen noch 1 Platz frei.<\/p>\n<p>In LPSM gibt&#8217;s im Skigebiet auch einen kostenpflichtigen Stellplatz mit Strom (um die 15 \u20ac), aber wie da die Bezahlmodalit\u00e4ten sind (24h oder 12-12 oder wie) war nix zu finden + auch keine Infos, ob ich da parken darf + k\u00f6nnte auch komplett voll sein. Bei dem Stellplatz in Canfranc unterhalb Astun\/Candanchu (den Zielen f\u00fcr n\u00e4chste Woche) gibt&#8217;s online ein Foto vom Schild, wonach nur &#8220;homologados&#8221; Camper erlaubt w\u00e4ren, was ich mal wieder so deute, dass man eine Womo-Zulassung braucht &#8211; auch wenn ich mich dabei ja auch t\u00e4uschen k\u00f6nnte.<\/p>\n","protected":false},"excerpt":{"rendered":"<p>Fr, 5.12.2025<\/p>\n<p>Hab mir heut wieder ab 9:30 Uhr frei genommen.<\/p>\n<p>Schneebericht von heute zeigte noch etwas weniger Lifte+Abfahrten als gestern f\u00fcr&#8217;s WE prognostiziert, was aber ja auch am Wind liegen k\u00f6nnte, betrifft aber nur die Lifte in Formigal und nicht in Panticosa. Ge\u00f6ffnet somit 49km in Formigal und 15 in Panticosa.<\/p>\n<p>Im Gegensatz zu <a href=\"http:\/\/blog.inmontanis.info\/?p=11070\">[&#8230;]<\/a><\/p>\n","protected":false},"author":1,"featured_media":11072,"comment_status":"closed","ping_status":"closed","sticky":false,"template":"","format":"standard","meta":{"footnotes":""},"categories":[950,959,16,958,27,129],"tags":[49,53,38,87,48,45,47],"class_list":["post-11070","post","type-post","status-publish","format-standard","has-post-thumbnail","hentry","category-2025-09-2026-11-pyrenaen-uk-co","category-artouste","category-france","category-panticosa","category-skifahren-winterskiing-winter","category-spain","tag-4sb","tag-8eub","tag-dsb","tag-grotteklamm","tag-kssl","tag-see","tag-sl","odd"],"_links":{"self":[{"href":"http:\/\/blog.inmontanis.info\/index.php?rest_route=\/wp\/v2\/posts\/11070","targetHints":{"allow":["GET"]}}],"collection":[{"href":"http:\/\/blog.inmontanis.info\/index.php?rest_route=\/wp\/v2\/posts"}],"about":[{"href":"http:\/\/blog.inmontanis.info\/index.php?rest_route=\/wp\/v2\/types\/post"}],"author":[{"embeddable":true,"href":"http:\/\/blog.inmontanis.info\/index.php?rest_route=\/wp\/v2\/users\/1"}],"replies":[{"embeddable":true,"href":"http:\/\/blog.inmontanis.info\/index.php?rest_route=%2Fwp%2Fv2%2Fcomments&post=11070"}],"version-history":[{"count":2,"href":"http:\/\/blog.inmontanis.info\/index.php?rest_route=\/wp\/v2\/posts\/11070\/revisions"}],"predecessor-version":[{"id":11073,"href":"http:\/\/blog.inmontanis.info\/index.php?rest_route=\/wp\/v2\/posts\/11070\/revisions\/11073"}],"wp:featuredmedia":[{"embeddable":true,"href":"http:\/\/blog.inmontanis.info\/index.php?rest_route=\/wp\/v2\/media\/11072"}],"wp:attachment":[{"href":"http:\/\/blog.inmontanis.info\/index.php?rest_route=%2Fwp%2Fv2%2Fmedia&parent=11070"}],"wp:term":[{"taxonomy":"category","embeddable":true,"href":"http:\/\/blog.inmontanis.info\/index.php?rest_route=%2Fwp%2Fv2%2Fcategories&post=11070"},{"taxonomy":"post_tag","embeddable":true,"href":"http:\/\/blog.inmontanis.info\/index.php?rest_route=%2Fwp%2Fv2%2Ftags&post=11070"}],"curies":[{"name":"wp","href":"https:\/\/api.w.org\/{rel}","templated":true}]}}