{"id":11065,"date":"2025-12-04T16:11:42","date_gmt":"2025-12-04T15:11:42","guid":{"rendered":"http:\/\/blog.inmontanis.info\/?p=11065"},"modified":"2025-12-11T19:41:34","modified_gmt":"2025-12-11T18:41:34","slug":"formigal-1-4-12-2025-ist-das-geil-oder-geil","status":"publish","type":"post","link":"http:\/\/blog.inmontanis.info\/?p=11065","title":{"rendered":"Formigal, 1.-4.12.2025 &#8211; ist das geil oder geil?"},"content":{"rendered":"<p><strong>Mo, 1.12.2025<\/strong><\/p>\n<p>Auf dem Weg nach Formigal kam ich gleich einmal in Artouste vorbei.<\/p>\n<p><a href='http:\/\/extra.inmontanis.info\/d\/141548-2\/dsc02801.jpg'><img src=http:\/\/extra.inmontanis.info\/d\/141547-3\/dsc02801.jpg \/><\/a><br \/>\n^ Stra\u00dfe nach Laruns, wo man dann links nach Gourette und geradeaus nach Artouste \/ Portalet \/ Formigal kommt<\/p>\n<p><a href='http:\/\/extra.inmontanis.info\/d\/141552-2\/dsc02803.jpg'><img src=http:\/\/extra.inmontanis.info\/d\/141551-3\/dsc02803.jpg \/><\/a><br \/>\n^ Schlucht zwischen Laruns und Artouste<\/p>\n<p><a href='http:\/\/extra.inmontanis.info\/d\/141556-2\/dsc02806.jpg'><img src=http:\/\/extra.inmontanis.info\/d\/141555-3\/dsc02806.jpg \/><\/a><br \/>\n^ Schlucht zwischen Laruns und Artouste<\/p>\n<p><a href='http:\/\/extra.inmontanis.info\/d\/141560-2\/dsc02808.jpg'><img src=http:\/\/extra.inmontanis.info\/d\/141559-3\/dsc02808.jpg \/><\/a><br \/>\n^ Les Eaux Chaudes &#8211; Thermalbad<\/p>\n<p><a href='http:\/\/extra.inmontanis.info\/d\/141564-2\/dsc02813.jpg'><img src=http:\/\/extra.inmontanis.info\/d\/141563-3\/dsc02813.jpg \/><\/a><br \/>\n^ Felswand vor Artouste<\/p>\n<p><a href='http:\/\/extra.inmontanis.info\/d\/141568-2\/dsc02815.jpg'><img src=http:\/\/extra.inmontanis.info\/d\/141567-3\/dsc02815.jpg \/><\/a><br \/>\n^ Der doppelspitze Berg rechts k\u00f6nnte der Pic du Midi d&#8217;Ossau sein, der so prominent auf dem alten Artouste-Telepherique-Poster drauf ist, das ich auch damals auf dem Qubo als Aufklebermotiv verwendet hatte<\/p>\n<p><a href='http:\/\/extra.inmontanis.info\/d\/133308-3\/dsc06462.jpg'><img src=http:\/\/extra.inmontanis.info\/d\/133307-4\/dsc06462.jpg \/><\/a><br \/>\n^ ok, da sieht man den Gipfel nicht<\/p>\n<p>aber hier z.B.<\/p>\n<p><a href='https:\/\/editionsfricker.com\/accueil\/12-le-telepherique-d-artouste.html'>https:\/\/editionsfricker.com\/accueil\/12-le-telepherique-d-artouste.html<\/a><br \/>\n<a href='https:\/\/galerie1881.com\/products\/ap_13943'>https:\/\/galerie1881.com\/products\/ap_13943<\/a><\/p>\n<p><a href='http:\/\/ski.inmontanis.info\/d\/342074-2\/dsc02821.jpg'><img src=http:\/\/ski.inmontanis.info\/d\/342072-3\/dsc02821.jpg \/><\/a><br \/>\n^ Artouste besteht nur aus wenigen H\u00e4usern und einem Elektrizit\u00e4tswerk von 1927. Die Talstation der PB rechts fiel mir erst auf dem R\u00fcckweg auf.<\/p>\n<p><a href='http:\/\/ski.inmontanis.info\/d\/342078-2\/dsc02824.jpg'><img src=http:\/\/ski.inmontanis.info\/d\/342077-3\/dsc02824.jpg \/><\/a><br \/>\n^ Gro\u00dfe, alte Staumauer<\/p>\n<p><a href='http:\/\/ski.inmontanis.info\/d\/342082-2\/dsc02826.jpg'><img src=http:\/\/ski.inmontanis.info\/d\/342081-3\/dsc02826.jpg \/><\/a><br \/>\n^ Oberhalb der Staumauer<\/p>\n<p><a href='http:\/\/ski.inmontanis.info\/d\/342086-2\/dsc02827.jpg'><img src=http:\/\/ski.inmontanis.info\/d\/342085-3\/dsc02827.jpg \/><\/a><br \/>\n^ Stausee, links die H\u00e4user sind an der Talstation der EUB zum Skigebiet<\/p>\n<p><a href='http:\/\/ski.inmontanis.info\/d\/342090-2\/dsc02831.jpg'><img src=http:\/\/ski.inmontanis.info\/d\/342089-3\/dsc02831.jpg \/><\/a><br \/>\n^ Rechts geht die EUB ins Skigebiet hinauf<\/p>\n<p><a href='http:\/\/ski.inmontanis.info\/d\/342094-2\/dsc02831-2.jpg'><img src=http:\/\/ski.inmontanis.info\/d\/342093-3\/dsc02831-2.jpg \/><\/a><br \/>\n^ Links die alte PB vom Kraftwerk, die wohl fr\u00fcher auch f\u00fcr Touristen offen war &#8211; bzw. die Vorg\u00e4ngerbahn &#8211; und die PB vom Poster sein sollte. Oben f\u00fchrt dann der geniale schmale H\u00f6henschmalspurzug Petit Train d&#8217;Artouste entlang, aber leider ja nur im Sommer. <\/p>\n<p><a href='http:\/\/extra.inmontanis.info\/d\/141572-2\/dsc02834.jpg'><img src=http:\/\/extra.inmontanis.info\/d\/141571-3\/dsc02834.jpg \/><\/a><br \/>\n^ Stra\u00dfe weiter hinauf zum Portalet \/ Pourtalet &#8211; Pass<\/p>\n<p><a href='http:\/\/extra.inmontanis.info\/d\/141576-2\/dsc02838.jpg'><img src=http:\/\/extra.inmontanis.info\/d\/141575-3\/dsc02838.jpg \/><\/a><br \/>\n^ Stra\u00dfe weiter hinauf zum Portalet \/ Pourtalet &#8211; Pass<\/p>\n<p><a href='http:\/\/extra.inmontanis.info\/d\/141580-2\/dsc02842.jpg'><img src=http:\/\/extra.inmontanis.info\/d\/141579-3\/dsc02842.jpg \/><\/a><br \/>\n^ Viele Tourengeher parkten hier und waren unterwegs, auf der R\u00fcckseite einer der Berge befindet sich dann auch schon das Skigebiet Astun &#8211; k\u00f6nnte man ja vielleicht mal mit Formigal verbinden?<\/p>\n<p><a href='http:\/\/extra.inmontanis.info\/d\/141584-2\/dsc02845.jpg'><img src=http:\/\/extra.inmontanis.info\/d\/141583-3\/dsc02845.jpg \/><\/a><br \/>\n^ Stra\u00dfe weiter hinauf zum Portalet \/ Pourtalet &#8211; Pass<\/p>\n<p><a href='http:\/\/extra.inmontanis.info\/d\/141588-2\/dsc02847.jpg'><img src=http:\/\/extra.inmontanis.info\/d\/141587-3\/dsc02847.jpg \/><\/a><br \/>\n^ Col du Pourtalet, knapp 1800m, auf spanischer Seite dort stehen mehr H\u00e4user, dahinter ist auch schon eine Sesselbahn zu sehen<\/p>\n<p><a href='http:\/\/extra.inmontanis.info\/d\/141592-2\/dsc02850.jpg'><img src=http:\/\/extra.inmontanis.info\/d\/141591-3\/dsc02850.jpg \/><\/a><br \/>\n^ Rechter Skigebietsteil Portalet mit den 6KSBen Batallero und Espelunciecha. H\u00e4tte man da auch einen einfacheren Namen nehmen k\u00f6nnen? <\/p>\n<p>Beide heute nicht in Betrieb, obwohl sie es laut Schneebericht h\u00e4tten sein sollen.<\/p>\n<p><a href='http:\/\/ski.inmontanis.info\/d\/342106-2\/dsc02851.jpg'><img src=http:\/\/ski.inmontanis.info\/d\/342104-3\/dsc02851.jpg \/><\/a><br \/>\n^ 6KSB Espelunciecha, die rechteste Bahn im Skigebiet<\/p>\n<p><a href='http:\/\/ski.inmontanis.info\/d\/342110-2\/dsc02854.jpg'><img src=http:\/\/ski.inmontanis.info\/d\/342109-3\/dsc02854.jpg \/><\/a><br \/>\n^ Pass-Stra\u00dfe hinab zur ersten Sesselbahn (Sextas), wobei 2x Stra\u00dfen abzweigen zu weiteren Parkpl\u00e4tzen<\/p>\n<p><a href='http:\/\/ski.inmontanis.info\/d\/342114-2\/dsc02855.jpg'><img src=http:\/\/ski.inmontanis.info\/d\/342113-3\/dsc02855.jpg \/><\/a><br \/>\n^ Viel Schnee liegt hier ja nicht<\/p>\n<p><a href='http:\/\/ski.inmontanis.info\/d\/342118-2\/dsc02857.jpg'><img src=http:\/\/ski.inmontanis.info\/d\/342117-3\/dsc02857.jpg \/><\/a><br \/>\n^ 8KSB Sallent im vordersten Bereich Sextas, warum auch immer die mit so einer Kurve gebaut wurde&#8230; Ist auch ein eigenartiges Gef\u00fchl, wenn die Sessel auskuppeln und man ist so hoch droben!<\/p>\n<p>Am Parkplatz der 8KSB angekommen, standen mal Wohnmobile mit Fensterfolien, k\u00f6nnt also sein, dass die hier doch \u00fcbernachten, obwohl es doch hei\u00dft, es sei hier nicht erlaubt?!<\/p>\n<p>&#128681; Gespeicherte Geolocation &#8211; Karte anzeigen: <a href='https:\/\/www.google.com\/maps\/@?api=1&#038;map_action=map&#038;center=42.775835,-0.3741067&#038;zoom=12&#038;basemap=terrain' target=_blank> GoogleMaps<\/a> &#128681; <a href='https:\/\/www.openstreetmap.org\/?&#038;mlat=42.775835&#038;mlon=-0.3741067#map=10\/42.775835\/-0.3741067&#038;layers=P' target=_blank> OSM &#128681;<\/a><\/p>\n<p>Das Abholen meiner Pirineos-Werktage-Saisonkarte verlief problemlos an der Info, oben an der Bergstation der 8KSB merkte ich aber, dass die Talabfahrt hier offiziell geschlossen ist, d.h. man muss mit der 8KSB wieder runter. Oder macht es wie einige Spanier auch, man f\u00e4hrt die geschlossene Piste. Aber m\u00f6chte ich gleich am ersten Tag meinen Saisonpass riskieren?<\/p>\n<p>War schon die Landschaft in Luz Ardiden die letzten beiden Tage so geil, wird das hier fast noch getoppt. <\/p>\n<p><a href='http:\/\/ski.inmontanis.info\/d\/342122-2\/dsc02861.jpg'><img src=http:\/\/ski.inmontanis.info\/d\/342121-3\/dsc02861.jpg \/><\/a><br \/>\n^ Pistenplan, die linken 2 Lifte waren nicht in Betrieb, sonst fast alles. Einige Abfahrten bedingen einen Skibus unten oder eine Pistenraupe oben (rechts)<\/p>\n<p><a href='http:\/\/ski.inmontanis.info\/d\/342126-2\/dsc02863.jpg'><img src=http:\/\/ski.inmontanis.info\/d\/342125-3\/dsc02863.jpg \/><\/a><br \/>\n^ \u00d6ffnungsstatus, einige Pisten waren aber nur teilweise offen<\/p>\n<p>Es gibt also 4 T\u00e4ler, wobei bei den 3 eindeutiger zu bezeichnenden T\u00e4lern die Lifte zumeist in West-Ost-Richtung verlaufen, was heute viel Sonnenschein ergab. <\/p>\n<p>Wie schon vor ein paar Tagen gesagt, durch den h\u00f6heren Sonnenstand, der mit Rom vergleichbar ist, sind auch jetzt im Dezember viele Gipfel gar nicht so sonnenabweisend wie in anderen Gebirgen.<\/p>\n<p>Sonnenauf-\/-untergang am 1.12. hier in Formigal soll 8:12-17:28 sein &#8211; im Vgl. dazu Wien: 7:24-16:02 Uhr<\/p>\n<p>Kein Wunder also, dass die Skigebiete in den Pyren\u00e4en problemlos bis 16:30 \/ 17:00 Uhr offen bleiben k\u00f6nnen. Aber mir ist das eigentlich zu lang, denn Nachtplatz anfahren, Auto umbauen, Kochen, Berichte schreiben &#8230; <\/p>\n<p><a href='http:\/\/ski.inmontanis.info\/d\/342130-2\/dsc02868.jpg'><img src=http:\/\/ski.inmontanis.info\/d\/342129-3\/dsc02868.jpg \/><\/a><br \/>\n^ 8KSB Sallent, die gr\u00fcnen St\u00fctzen und die alte Nummerierungsschrift l\u00e4sst die Bahn etwas \u00e4lter wirken<\/p>\n<p><a href='http:\/\/ski.inmontanis.info\/d\/342134-2\/dsc02869.jpg'><img src=http:\/\/ski.inmontanis.info\/d\/342133-3\/dsc02869.jpg \/><\/a><br \/>\n^ 8KSB Sallent, links k\u00f6nnte die Bergstation einer Vorg\u00e4nger-EUB gewesen sein, die direkter raufging<\/p>\n<p><a href='http:\/\/ski.inmontanis.info\/d\/342138-2\/dsc02871.jpg'><img src=http:\/\/ski.inmontanis.info\/d\/342137-3\/dsc02871.jpg \/><\/a><br \/>\n^ Blick von der 8KSB Sallent in den Sarrios\/Izas-Sektor, der an den H\u00f6llboden in Ischgl erinnert mit der KSB im Tal hinauf und den KSBen links und rechts abzweigend<\/p>\n<p><a href='http:\/\/ski.inmontanis.info\/d\/342142-2\/dsc02873.jpg'><img src=http:\/\/ski.inmontanis.info\/d\/342141-3\/dsc02873.jpg \/><\/a><br \/>\n^ Talabfahrten runter nach Sextas sind leider alle noch zu, die 4SB und der KSSL dort ebenso<\/p>\n<p><a href='http:\/\/ski.inmontanis.info\/d\/342146-2\/dsc02874.jpg'><img src=http:\/\/ski.inmontanis.info\/d\/342145-3\/dsc02874.jpg \/><\/a><br \/>\n^ Neue M\u00fcll-6KSB Lanuza mit Sitzabtrenner und Zwangsverriegelung, gibt&#8217;s zum Gl\u00fcck noch recht selten in den Pyren\u00e4en und kann hier ja auch umfahren werden. Die DSB fuhr aber noch nicht, so m\u00fcsste man mit der 4SB rechts davor ins n\u00e4chste Tal und von dort mit der 4KSB wieder zur\u00fcck<\/p>\n<p>Ich bin glaub ich mal auf 4 solcher M\u00fcll-KSBen in meinen Saisonkartengebieten gekommen.<\/p>\n<p><a href='http:\/\/ski.inmontanis.info\/d\/342150-2\/dsc02877.jpg'><img src=http:\/\/ski.inmontanis.info\/d\/342149-3\/dsc02877.jpg \/><\/a><br \/>\n^ Wenigstens gibts hier noch ein bisschen Altmetall, KSSL Huegas links und den genialen Kurven-KSSL Escarra rechts, beide in Betrieb.<\/p>\n<p><a href='http:\/\/ski.inmontanis.info\/d\/342154-2\/dsc02881.jpg'><img src=http:\/\/ski.inmontanis.info\/d\/342153-3\/dsc02881.jpg \/><\/a><br \/>\n^ R\u00fcckseitenpano 6KSB Lanuza<\/p>\n<p><a href='http:\/\/ski.inmontanis.info\/d\/342158-2\/dsc02883.jpg'><img src=http:\/\/ski.inmontanis.info\/d\/342157-3\/dsc02883.jpg \/><\/a><br \/>\n^ R\u00fcckseitenpano 6KSB Lanuza<\/p>\n<p><a href='http:\/\/ski.inmontanis.info\/d\/342162-2\/dsc02884.jpg'><img src=http:\/\/ski.inmontanis.info\/d\/342161-3\/dsc02884.jpg \/><\/a><br \/>\n^ 6KSB Lanuza, auf halber H\u00f6he nach links abzweigend 4SB Pico Royo, noch nicht in Betrieb<\/p>\n<p><a href='http:\/\/ski.inmontanis.info\/d\/342166-2\/dsc02887.jpg'><img src=http:\/\/ski.inmontanis.info\/d\/342165-3\/dsc02887.jpg \/><\/a><br \/>\n^ Bergstation KSSL Escarra<\/p>\n<p><a href='http:\/\/ski.inmontanis.info\/d\/342170-2\/dsc02891.jpg'><img src=http:\/\/ski.inmontanis.info\/d\/342169-3\/dsc02891.jpg \/><\/a><br \/>\n^ Der geniale Kurven-KSSL Escarra, wie kam man denn darauf, hier einen KSSL raufzuziehen &#8230;<\/p>\n<p><a href='http:\/\/ski.inmontanis.info\/d\/342174-2\/dsc02893.jpg'><img src=http:\/\/ski.inmontanis.info\/d\/342173-3\/dsc02893.jpg \/><\/a><br \/>\n^ KSSL Escarra<\/p>\n<p><a href='http:\/\/ski.inmontanis.info\/d\/342178-2\/dsc02895.jpg'><img src=http:\/\/ski.inmontanis.info\/d\/342177-3\/dsc02895.jpg \/><\/a><br \/>\n^ Gegen\u00fcber die noch geschlossene 4SB Pico Royo, unten die M\u00fcll-6KSB und rechts die Bergstation der DSB<\/p>\n<p><a href='http:\/\/ski.inmontanis.info\/d\/342182-2\/dsc02896.jpg'><img src=http:\/\/ski.inmontanis.info\/d\/342181-3\/dsc02896.jpg \/><\/a><br \/>\n^ Finaler Anstieg KSSL Escarra<\/p>\n<p><a href='http:\/\/ski.inmontanis.info\/d\/342186-2\/dsc02898.jpg'><img src=http:\/\/ski.inmontanis.info\/d\/342185-3\/dsc02898.jpg \/><\/a><br \/>\n^ 6KSB Lanuza und dar\u00fcber links vom Felsen wachsen B\u00e4ume! Ob die als Lawinenschutz extra angepflanzt wurden?<\/p>\n<p><a href='http:\/\/ski.inmontanis.info\/d\/342190-2\/dsc02901.jpg'><img src=http:\/\/ski.inmontanis.info\/d\/342189-3\/dsc02901.jpg \/><\/a><br \/>\n^ KSSL Escarra, laut Pistenplan zweigen 3 schwarze Abfahrten\/Routen nach links ab, nur die unterste war offen<\/p>\n<p><a href='http:\/\/ski.inmontanis.info\/d\/342194-2\/dsc02902.jpg'><img src=http:\/\/ski.inmontanis.info\/d\/342193-3\/dsc02902.jpg \/><\/a><br \/>\n^ Izas-Sektor mit 6KSB Lanuza und DSB, 4SB Pico Royo links  und rechts die Talstationen der KSSL. Oben die skiwegartige Abfahrt kommt von der 4KSB Anayet aus dem r\u00fcckseitigen Tal<\/p>\n<p><a href='http:\/\/ski.inmontanis.info\/d\/342198-2\/dsc02907.jpg'><img src=http:\/\/ski.inmontanis.info\/d\/342197-3\/dsc02907.jpg \/><\/a><br \/>\n^ KSSL Escarra<\/p>\n<p><a href='http:\/\/ski.inmontanis.info\/d\/342202-2\/dsc02908.jpg'><img src=http:\/\/ski.inmontanis.info\/d\/342201-3\/dsc02908.jpg \/><\/a><br \/>\n^ Rote Abfahrt am KSSL Escarra, die auch panoramatisch bedeutsam ist, und zwar nach rechts<\/p>\n<p><a href='http:\/\/ski.inmontanis.info\/d\/342206-2\/dsc02909.jpg'><img src=http:\/\/ski.inmontanis.info\/d\/342205-3\/dsc02909.jpg \/><\/a><br \/>\n^ Panorama KSSL\/Abfahrt Escarra<\/p>\n<p><a href='http:\/\/ski.inmontanis.info\/d\/342210-2\/dsc02910.jpg'><img src=http:\/\/ski.inmontanis.info\/d\/342209-3\/dsc02910.jpg \/><\/a><br \/>\n^ .. dort ist sogar ein See zu sehen<\/p>\n<p><a href='http:\/\/ski.inmontanis.info\/d\/342100-2\/dsc02911.jpg'><img src=http:\/\/ski.inmontanis.info\/d\/342098-3\/dsc02911.jpg \/><\/a><br \/>\n^ Zoom ins Skigebiet Panticosa von Formigal \/ Escarra aus<\/p>\n<p><a href='http:\/\/ski.inmontanis.info\/d\/342214-2\/dsc02915.jpg'><img src=http:\/\/ski.inmontanis.info\/d\/342213-3\/dsc02915.jpg \/><\/a><br \/>\n^ Pano links von KSSL\/Abfahrt Escarra<\/p>\n<p><a href='http:\/\/ski.inmontanis.info\/d\/342218-2\/dsc02916.jpg'><img src=http:\/\/ski.inmontanis.info\/d\/342217-3\/dsc02916.jpg \/><\/a><br \/>\n^ Pano links von KSSL\/Abfahrt Escarra<\/p>\n<p><a href='http:\/\/ski.inmontanis.info\/d\/342222-2\/dsc02917.jpg'><img src=http:\/\/ski.inmontanis.info\/d\/342221-3\/dsc02917.jpg \/><\/a><br \/>\n^ Die Abfahrten links vom KSSL Huegas sind auch nett. KSSL ist ganz links im Bild<\/p>\n<p><a href='http:\/\/ski.inmontanis.info\/d\/342226-2\/dsc02918.jpg'><img src=http:\/\/ski.inmontanis.info\/d\/342225-3\/dsc02918.jpg \/><\/a><br \/>\n^ Dem Pistenplan nach ist das die Abfahrt Minutar am KSSL Huegas, die ist auch nett trassiert<\/p>\n<p><a href='http:\/\/ski.inmontanis.info\/d\/342230-2\/dsc02919.jpg'><img src=http:\/\/ski.inmontanis.info\/d\/342229-3\/dsc02919.jpg \/><\/a><br \/>\n^ Mit der 4SB Collado gehts vom Sarrios-Sektor weter nach rechts in den Anayet-Sektor<\/p>\n<p><a href='http:\/\/ski.inmontanis.info\/d\/342234-2\/dsc02923.jpg'><img src=http:\/\/ski.inmontanis.info\/d\/342233-3\/dsc02923.jpg \/><\/a><br \/>\n^ Rechts der 4SB Collado befindet sich diese nette schwarze Abfahrt Tubo Collado, auch schon offen<\/p>\n<p><a href='http:\/\/ski.inmontanis.info\/d\/342238-2\/dsc02931.jpg'><img src=http:\/\/ski.inmontanis.info\/d\/342237-3\/dsc02931.jpg \/><\/a><br \/>\n^ 4SB Collado mit roter Abfahrt links und schmaler schwarzer Abfahrt Tubo Collado in der Rinne, auch cool, das hier sogar als Abfahrt auszuzeichnen!<\/p>\n<p><a href='http:\/\/ski.inmontanis.info\/d\/342242-2\/dsc02932.jpg'><img src=http:\/\/ski.inmontanis.info\/d\/342241-3\/dsc02932.jpg \/><\/a><br \/>\n^ Parkplatz Sarrios, einer von 4 gro\u00dfen Parkfl\u00e4chen &#8211; ich m\u00f6chte nicht mal hier sein, wenn die alle halb voll sind &#8230;<\/p>\n<p><a href='http:\/\/ski.inmontanis.info\/d\/342246-2\/dsc02933.jpg'><img src=http:\/\/ski.inmontanis.info\/d\/342245-3\/dsc02933.jpg \/><\/a><br \/>\n^ Nochmals in der 4SB Collado; laut Pistenplan sollte die r\u00fcckseitige 4KSB Anayet und diese Collado am gleichen Punkt rauskommen &#8211; nix da, die 4KSB Anayet endet dort oben links im Bild sehr weit weg!<\/p>\n<p><a href='http:\/\/ski.inmontanis.info\/d\/342250-2\/dsc02929.jpg'><img src=http:\/\/ski.inmontanis.info\/d\/342249-3\/dsc02929.jpg \/><\/a><br \/>\n^ Weiter gehts also in den Anayet-Sektor<\/p>\n<p><a href='http:\/\/ski.inmontanis.info\/d\/342254-2\/dsc02935.jpg'><img src=http:\/\/ski.inmontanis.info\/d\/342253-3\/dsc02935.jpg \/><\/a><br \/>\n^ Unten die 4KSB Anayet, dar\u00fcber die 6KSB Garmet und noch weiter dar\u00fcber die letzte KSB<\/p>\n<p><a href='http:\/\/ski.inmontanis.info\/d\/342258-2\/dsc02936.jpg'><img src=http:\/\/ski.inmontanis.info\/d\/342257-3\/dsc02936.jpg \/><\/a><br \/>\n^ Felspano von hier mit 4KSB Anayet unten im Bild<\/p>\n<p><a href='http:\/\/ski.inmontanis.info\/d\/342262-2\/dsc02939.jpg'><img src=http:\/\/ski.inmontanis.info\/d\/342261-3\/dsc02939.jpg \/><\/a><br \/>\n^ Anayet-Sektor mit 6KSB Gamet links, 4KSB Anayet  und 4SB Culivillas rechts im Schatten und gro\u00dfem Parkplatz<\/p>\n<p><a href='http:\/\/ski.inmontanis.info\/d\/342266-2\/dsc02942.jpg'><img src=http:\/\/ski.inmontanis.info\/d\/342265-3\/dsc02942.jpg \/><\/a><br \/>\n^ W\u00e4hrend die 4KSB Anayet und das Restaurant oberhalb des Parkplatzes sind ..<\/p>\n<p><a href='http:\/\/ski.inmontanis.info\/d\/342270-2\/dsc02943.jpg'><img src=http:\/\/ski.inmontanis.info\/d\/342269-3\/dsc02943.jpg \/><\/a><br \/>\n^ .. starten die 6KSB Gamet links  und 4SB Culivillas unter dem Parkplatz<\/p>\n<p><a href='http:\/\/ski.inmontanis.info\/d\/342274-2\/dsc02944.jpg'><img src=http:\/\/ski.inmontanis.info\/d\/342273-3\/dsc02944.jpg \/><\/a><br \/>\n^ 4SB Culivillas, hier ist derzeit nur die blaue Abfahrt offen<\/p>\n<p><a href='http:\/\/ski.inmontanis.info\/d\/342278-2\/dsc02945.jpg'><img src=http:\/\/ski.inmontanis.info\/d\/342277-3\/dsc02945.jpg \/><\/a><br \/>\n^ Anayet-Parkplatz (der linke ist kostenpflichtig, laut Schild 15 \u20ac pro Tag!!), dahinter die 6KSB Garmet<\/p>\n<p><a href='http:\/\/ski.inmontanis.info\/d\/342282-2\/dsc02946.jpg'><img src=http:\/\/ski.inmontanis.info\/d\/342281-3\/dsc02946.jpg \/><\/a><br \/>\n^ gleicher Standort weiter links fotografiert, unten die 4KSB Anayet im Bild<\/p>\n<p><a href='http:\/\/ski.inmontanis.info\/d\/342286-2\/dsc02948.jpg'><img src=http:\/\/ski.inmontanis.info\/d\/342285-3\/dsc02948.jpg \/><\/a><br \/>\n^ Auf der R\u00fcckseite der 6KSB Garmet finden sich die beiden rechtesten 6KSBen vom Portalet-Sektor, Batallero und Espelunciecha, heute und morgen geschlossen<\/p>\n<p><a href='http:\/\/ski.inmontanis.info\/d\/342290-2\/dsc02949.jpg'><img src=http:\/\/ski.inmontanis.info\/d\/342289-3\/dsc02949.jpg \/><\/a><br \/>\n^ 6KSB Batallero vorne und Espelunciecha dar\u00fcber dahinter<\/p>\n<p><a href='http:\/\/ski.inmontanis.info\/d\/342294-2\/dsc02952.jpg'><img src=http:\/\/ski.inmontanis.info\/d\/342293-3\/dsc02952.jpg \/><\/a><br \/>\n^ 6KSB Garmet; fr\u00fcher war man froh, mal einen Lift ohne gr\u00fcne St\u00fctzen zu sehen &#8211; heute bin ich froh \u00fcber jeden Lift mit gr\u00fcnen St\u00fctzen, alles ist besser als das Einheitsgrau<\/p>\n<p><a href='http:\/\/ski.inmontanis.info\/d\/342298-2\/dsc02955.jpg'><img src=http:\/\/ski.inmontanis.info\/d\/342297-3\/dsc02955.jpg \/><\/a><br \/>\n^ Abfahrt an der 6KSB Garmet mit Blick zur 4KSB Anayet<\/p>\n<p><a href='http:\/\/ski.inmontanis.info\/d\/342302-2\/dsc02956.jpg'><img src=http:\/\/ski.inmontanis.info\/d\/342301-3\/dsc02956.jpg \/><\/a><br \/>\n^ Zoom 4KSB Anayet mit Abfahrten, rechts die Abfahrt kommt von der noch geschlossenen 4SB Pico Royo<\/p>\n<p><a href='http:\/\/ski.inmontanis.info\/d\/342306-2\/dsc02957.jpg'><img src=http:\/\/ski.inmontanis.info\/d\/342305-3\/dsc02957.jpg \/><\/a><br \/>\n^ 4SB Culivillas<\/p>\n<p><a href='http:\/\/ski.inmontanis.info\/d\/342310-2\/dsc02961.jpg'><img src=http:\/\/ski.inmontanis.info\/d\/342309-3\/dsc02961.jpg \/><\/a><br \/>\n^ Standort nahe der 4KSB Anayet Bergstation mit Blick zu den KSSL Huegas links und Kurven-KSSL Escarra rechts. Ganz unten rechts im Bild &#8230;<\/p>\n<p><a href='http:\/\/ski.inmontanis.info\/d\/342314-2\/dsc02962.jpg'><img src=http:\/\/ski.inmontanis.info\/d\/342313-3\/dsc02962.jpg \/><\/a><br \/>\n^ .. zweigt steil in das Tal die schwarze Abfahrt Tubo Sarrios ab, evtl. aber momentan nur der obere Teil ge\u00f6ffnet<\/p>\n<p><a href='http:\/\/ski.inmontanis.info\/d\/342318-2\/dsc02964.jpg'><img src=http:\/\/ski.inmontanis.info\/d\/342317-3\/dsc02964.jpg \/><\/a><br \/>\n^ Tubo Sarrios von unten. Anscheinend sind die meisten oder alle schwarze Abfahrten hier Skirouten. Auch cool, eine gute W\u00fcrze zu den restlichen Easy-going-Abfahrten<\/p>\n<p><a href='http:\/\/ski.inmontanis.info\/d\/342322-2\/dsc02968.jpg'><img src=http:\/\/ski.inmontanis.info\/d\/342321-3\/dsc02968.jpg \/><\/a><br \/>\n^ Die einzige schwarze am KSSL Escarra, die derzeit offen ist, ist diese: El Tubo. Wobei rechts daneben eine Rinne mehr nach Tubo ausschauen w\u00fcrde :)<\/p>\n<p><a href='http:\/\/ski.inmontanis.info\/d\/342326-2\/dsc02970.jpg'><img src=http:\/\/ski.inmontanis.info\/d\/342325-3\/dsc02970.jpg \/><\/a><br \/>\n^ M\u00fcll-6KSB Lanuza vorne, dann die DSB und dar\u00fcber die 4SB Collado<\/p>\n<p>Ich fuhr etwas fr\u00fcher runter, um die untere 4SB zu fahren, wenn schon die Talabfahrt nicht offen ist &#8211; und werde daher morgen mal weiter oben parken.<\/p>\n<p><a href='http:\/\/ski.inmontanis.info\/d\/342330-2\/dsc02974.jpg'><img src=http:\/\/ski.inmontanis.info\/d\/342329-3\/dsc02974.jpg \/><\/a><br \/>\n^ Runter gehts mit der 8KSB Sallent, im Blick vorne die Abfahrt mit der 4SB Furco, dar\u00fcber der Ort Formigal<\/p>\n<p><a href='http:\/\/ski.inmontanis.info\/d\/342334-2\/dsc02975.jpg'><img src=http:\/\/ski.inmontanis.info\/d\/342333-3\/dsc02975.jpg \/><\/a><br \/>\n^ 4SB Furco, hier stehen mindestens 3 Snow-Factory-Container<\/p>\n<p><a href='http:\/\/ski.inmontanis.info\/d\/342338-2\/dsc02977.jpg'><img src=http:\/\/ski.inmontanis.info\/d\/342337-3\/dsc02977.jpg \/><\/a><br \/>\n^ 4SB Furco, in vielleicht 20 Jahren ist hier Wald<\/p>\n<p><a href='http:\/\/extra.inmontanis.info\/d\/141596-2\/dsc02980.jpg'><img src=http:\/\/extra.inmontanis.info\/d\/141595-3\/dsc02980.jpg \/><\/a><br \/>\n^ Andere L\u00e4nder, andere Klosp\u00fclungen &#8211; in Spanien bisher h\u00e4ufig anzutreffen: Kipp-Schalter, entweder oben oder seitlich<\/p>\n<p>Der heutige Tag war mir 5 Sterne wert, tolle Landschaft, sch\u00f6nes Skigebiet und so viel offen, wie man es f\u00fcr einen 1.12. in den Pyren\u00e4en wohl nicht unbedingt erwarten kann.<\/p>\n<p>Klar, einige Abfahrten waren noch etwas schneearm und steinig, insb. an den beiden KSSL, aber lieber so als geschlossen!<\/p>\n<p>Auf der Suche nach einem Nachtplatz wollte ich noch einen Supermarkt besuchen, bin aber doch gleich am Parkplatz in Formigal h\u00e4ngen geblieben, da etliche WoMo\/Camper da und noch Platz frei und der Supermarkt morgen auch reicht.<\/p>\n<p>Den einen Platz unterhalb eines WoMos nahm ich lieber nicht, weil steil abfallend und falls dem seine Handbremse versagen sollte, w\u00fcrde der voll auf mich fallen.<\/p>\n<p>Sp\u00e4ter, als ich schon alles aufgebaut hatte, h\u00e4tte er sich weiter rauf stellen m\u00f6gen, um glaub ich neben seinem Bekannten zu schlafen &#8211; ich hab ihm dann meine Inneneinrichtung gezeigt, dass das bei mir sehr kompliziert w\u00e4re, jetzt noch einmal umzubauen und gesagt, morgen um 11 Uhr w\u00fcrd ich wieder fahren.<\/p>\n<p>Die Wettervorhersagen f\u00fcr den Rest der Woche sind leider ziemlich zu vergessen.<\/p>\n<p>Font-Romeu will am Freitag mit 100% des Skigebiets \u00f6ffnen, da werd ich mit der Gavarnie-Saisonkarte einen Tag fahren k\u00e4nnen &#8211; aber die bekomm ich ja erst, wenn Gavarnie aufmacht am 20.12.<\/p>\n<p>Bis DO werd ich mal hier bleiben und dann wird die Vorhersage f\u00fcr FR + WE hoffentlich etwas konkreter sein, denn bis inkl. DO w\u00e4re nur Luz offen und die sollen mehr Niederschlag abbekommen.<\/p>\n<p>Auch schon wieder krass, man kann hier im Skigebiet einen Saisonparkplatz mieten &#8211; je nach Parkplatz (Sextas, Anayet, Panticosa) kostet das 530-864 \u20ac  :)) Die spinnen doch. <\/p>\n<p>Die n\u00e4chsten Tage gesehen: Der in Anayet kostet pro Tag 15 \u20ac. Aber die untere H\u00e4lfte ist gratis.<\/p>\n<p><strong>Di, 2.12.2025<\/strong><\/p>\n<p>Kaum war ich um 11:15 am Anayet-Parkplatz, wurden die Schneeflocken dichter. Je nach Vorhersageseite sollte es entweder am Nachmittag wieder abschnittsweise trocken sein oder bis zum Abend mehr oder weniger leicht schneien.<\/p>\n<p>Aber weil es momentan eben st\u00e4rker schneite, wartete ich lieber ab.<\/p>\n<p>Ich blieb dann gute 2h im Skigebiet, genau passend, denn dann schneite es wieder st\u00e4rker. <\/p>\n<p>Angeblich soll ein Stromproblem Schuld sein, dass die beiden hintersten Lifte auf der Portalet-Seite zu sind. <\/p>\n<p>H\u00e4tte erst zum kostenpflichtigen Stellplatz und von dort zu Fu\u00df zum Minisupermarkt gehen wollen, aber weil gerade Schneeregen, doch erst Supermarkt angefahren. Wasser gab&#8217;s nur im 5l-Beh\u00e4lter, also werd ich ein Chlorwasser auf dem Stellplatz zapfen. Irgendeine Pastaso\u00dfe genommen, weil im K\u00fchlregal nur zu gro\u00dfe Portion Sahne (f\u00fcr die \u00fcblichen Speck-Tomatenmark-K\u00e4se-Sahne-Nudeln, die ich auf dieser Reise noch nicht hatte).<\/p>\n<p>Die Kennzeichenerfassung geht bei mir nicht, aber Alternativ soll es eine Tastatur geben und mittels App am Handy, die man eh zum Bezahlen braucht, geht es auch auf Knopfdruck. <\/p>\n<p>Am Stellplatz war dann genau 1 Stromplatz belegt, laut App waren aber noch mind. 3 weitere in Verwendung. Kann zwar sein, dass die dann noch Strom haben, weil dann einer gestern sp\u00e4ter bezahlt hat &#8211; oder sie sind defekt. <\/p>\n<p>Das WC hier sollte 0,50 \u20ac pro Besuch kosten, aber vielleicht weil Winter, momentan gratis. <\/p>\n<p>Das Wasserzapfen war recht spritzig, schmeckte allerdings noch chlorhaltiger als in Frankreich.<\/p>\n<p>Nicht nur Masella, sondern auch andere spanische Skigebiete haben Null Kommunikation im Netz. FGC mit Boi Ta\u00fcll, Espot Esqui und Port Ain\u00e9 sollen angeblich \u00fcbermorgen \u00f6ffnen. Auf der Website &#8211; keine brauchbaren Infos (au\u00dfer dass im Kalender der 4.12. als in Betrieb gesetzt ist) &#8211; weder was oder wieviel voraussichtlich offen sein wird, noch ob es verg\u00fcnstigte Skip\u00e4sse gibt (der Skipassverkauf im Netz funktioniert noch nicht, ist ja noch Sommer), Facebook-Seiten wurden stillgelegt, wo ja wenigstens andere Skigebiete ihre Updates posten.<\/p>\n<p>Na auch bescheuert, beim Suchen nach der Portionsgr\u00f6\u00dfe bei dieser &#8220;Salsa&#8221; stand 15g . Nochmal genauer gelesen.. passt zu: pasta. Nein, ensaladas de pasta. Ich hab nur Pasta, also Nudeln gelesen &#8211; nicht den Salat davor &#8211; also f\u00fcr Nudelsalat. Tja, muss trotzdem gehen und die Portion dann auch gr\u00f6\u00dfer.<\/p>\n<p>Als K\u00e4se hab ich momentan Edamer und Ziegenk\u00e4se jeweils in Scheiben da, da kommt jeweils eine rein. <\/p>\n<p><a href='http:\/\/extra.inmontanis.info\/d\/141612-2\/dsc03030.jpg'><img src=http:\/\/extra.inmontanis.info\/d\/141611-3\/dsc03030.jpg \/><\/a><br \/>\n^ Eink\u00e4ufe bzw. Zutaten f\u00fcr das Nudel-Essen in diesen Tagen, ich teilte die Doppelpackung Speckstreifen in 3 Portionen auf.<\/p>\n<p>Die Stra\u00dfe ist hier jedenfalls befahrener als die gestrige, zudem gibts hier K\u00fche mit Glocken in der N\u00e4he.<\/p>\n<p><strong>Mi, 3.12.2025<\/strong><\/p>\n<p>Heut wieder brauchbares Wetter,  aber wegen Stromstellplatz w\u00e4re es ja irgendwie schade, heute fr\u00fcher zu gehen?!  Portalet soll heut wieder offen sein. Naja, hab ja noch genug Urlaub und wollte eh noch paar Routenvarianten durchkalkulieren..<\/p>\n<p><a href='http:\/\/extra.inmontanis.info\/d\/141600-2\/dsc02986.jpg'><img src=http:\/\/extra.inmontanis.info\/d\/141599-3\/dsc02986.jpg \/><\/a><br \/>\n^ Kostenpflichtiger Stellplatz in Sallent de Gallego<\/p>\n<p><a href='http:\/\/extra.inmontanis.info\/d\/141604-2\/dsc02987.jpg'><img src=http:\/\/extra.inmontanis.info\/d\/141603-3\/dsc02987.jpg \/><\/a><br \/>\n^ Sallent de Gallego<\/p>\n<p>F\u00fcr Freitag w\u00fcrde nun wieder trocken gemeldet &#8211; nur morgen soll es st\u00e4rker schneien, mit Schwerpunkt auf Nachmittag+Abend+Nacht. Am FR sollte auch das kleinere Panticosa hier \u00f6ffnen &#8211; fraglich womit, aber w\u00e4re somit auch eine Alternative.<\/p>\n<p>Der Umweg \u00fcber die \u00f6stlichen Gebiete (Ax usw.) jetzt vor Weihnachten ist zu extrem, der Umweg \u00fcber Cerler (am FR) oder Boi Ta\u00fcll (am DO) w\u00e4re noch im Rahmen.<\/p>\n<p>Ebenfalls Gegenstand der \u00dcberlegung war die Reihefolge, Ziel w\u00e4re jeweils Gavarnie um Weihnachten:<br \/>\n1) n\u00e4chste Woche die n&#8217;py &#8211; Gebiete und \u00fcbern\u00e4chste Woche Astun\/Candanchu, bevor die Pirineos-Werktagskarte dann die Weihnachtsferiensperre hat<br \/>\n2) n\u00e4chste Woche Astun\/Candanchu, dann evtl. noch 1 Tag Formigal\/Panticosa und die n&#8217;py-Gebiete von er anderen Seite aus aufrollen<\/p>\n<p>.. da sind \u00fcberraschenderweise die Streckenvarianten f\u00fcr Nr. 2 sp\u00fcrbar k\u00fcrzer. Nachteil ist allerdings, dass ich dann nur 4 Werktage in Spanien hab, weil ja n\u00e4chste Woche am MO Feiertag ist, nicht nur in \u00d6sterreich, auch in Spanien.<\/p>\n<p>Das Wetter heute im Skigebiet war zweigeitelt, im Osten war es h\u00e4ufiger sonnig, im Westen war \u00f6fters Nebel und Schneefall. Ich fuhr dann gleich mal vom Anayet-Parkplatz aus auf die rechte Portalet-Seite, die ab heute wieder offen ist.<\/p>\n<p><a href='http:\/\/ski.inmontanis.info\/d\/342402-2\/dsc02985.jpg'><img src=http:\/\/ski.inmontanis.info\/d\/342401-3\/dsc02985.jpg \/><\/a><br \/>\n^ Hat zwar eh noch nicht offen, aber die Preise in Formigal scheinen mir zu teuer zu sein<\/p>\n<p><a href='http:\/\/extra.inmontanis.info\/d\/141608-2\/dsc02991.jpg'><img src=http:\/\/extra.inmontanis.info\/d\/141607-3\/dsc02991.jpg \/><\/a><br \/>\n^ Portalet-Sektor ist heute wieder offen, rechts die 6KSB Batallero<\/p>\n<p><a href='http:\/\/ski.inmontanis.info\/d\/342342-2\/dsc02993.jpg'><img src=http:\/\/ski.inmontanis.info\/d\/342341-3\/dsc02993.jpg \/><\/a><br \/>\n^ 6KSB Batallero von der 6KSB Espelunciecha<\/p>\n<p><a href='http:\/\/ski.inmontanis.info\/d\/342346-2\/dsc02996.jpg'><img src=http:\/\/ski.inmontanis.info\/d\/342345-3\/dsc02996.jpg \/><\/a><br \/>\n^ 6KSB Espelunciecha, etliche Sesselbahnen haben gr\u00fcne St\u00fctzen mit diesen nostaglisch-alten St\u00fctzennummerierungen. Aus welchem Jahrhundert wohl die Scablone kommt ;)<\/p>\n<p><a href='http:\/\/ski.inmontanis.info\/d\/342350-2\/dsc03000.jpg'><img src=http:\/\/ski.inmontanis.info\/d\/342349-3\/dsc03000.jpg \/><\/a><br \/>\n^ 6KSB Espelunciecha, Ende des Skigebiets<\/p>\n<p><a href='http:\/\/ski.inmontanis.info\/d\/342354-2\/dsc03001.jpg'><img src=http:\/\/ski.inmontanis.info\/d\/342353-3\/dsc03001.jpg \/><\/a><br \/>\n^ .. dort dr\u00fcben starten die Pistenraupentaxis zu einigen weiteren Skirouten, derzeit aber noch nicht<\/p>\n<p><a href='http:\/\/ski.inmontanis.info\/d\/342358-2\/dsc03003.jpg'><img src=http:\/\/ski.inmontanis.info\/d\/342357-3\/dsc03003.jpg \/><\/a><br \/>\n^ Blaue Abfahrt an der 6KSB Espelunciecha<\/p>\n<p><a href='http:\/\/ski.inmontanis.info\/d\/342362-2\/dsc03004.jpg'><img src=http:\/\/ski.inmontanis.info\/d\/342361-3\/dsc03004.jpg \/><\/a><br \/>\n^ .. und Blick r\u00fcber zur 6KSB Batallero<\/p>\n<p><a href='http:\/\/ski.inmontanis.info\/d\/342366-2\/dsc03006.jpg'><img src=http:\/\/ski.inmontanis.info\/d\/342365-3\/dsc03006.jpg \/><\/a><br \/>\n^ Batallero \/ Espelunciecha<\/p>\n<p><a href='http:\/\/ski.inmontanis.info\/d\/342370-2\/dsc03010.jpg'><img src=http:\/\/ski.inmontanis.info\/d\/342369-3\/dsc03010.jpg \/><\/a><br \/>\n^ Einige Abfahrten sollte man heut wegen der Beschneiung besser meiden<\/p>\n<p><a href='http:\/\/ski.inmontanis.info\/d\/342374-2\/dsc03012.jpg'><img src=http:\/\/ski.inmontanis.info\/d\/342373-3\/dsc03012.jpg \/><\/a><br \/>\n^ Hinter mit die Bergstation der 4KSB Anayet mit Blick in den H\u00f6llboden \u00e4h Sarrios-Sektor, also links die 4SB Collado, rechts die M\u00fcll-6KSB Lanuza, mittig der gro\u00dfe Parkplatz und \u00fcber den Parkplatz die 6KSB Cantal im Schatten, die zur Bergstation der 8KSB f\u00fchrt; interessanter ist aber hier der Abfahrtsstart einer weiteren schwarzen Abfahrt direkt hier an der Klippe:.<\/p>\n<p><a href='http:\/\/ski.inmontanis.info\/d\/342378-2\/dsc03013.jpg'><img src=http:\/\/ski.inmontanis.info\/d\/342377-3\/dsc03013.jpg \/><\/a><br \/>\n^ Tubo Mirador, geht gleich mal ordentlich steil nach links ab<\/p>\n<p><a href='http:\/\/ski.inmontanis.info\/d\/342382-2\/dsc03014.jpg'><img src=http:\/\/ski.inmontanis.info\/d\/342381-3\/dsc03014.jpg \/><\/a><br \/>\n^ Erst noch ein Zoom zur 6KSB Cantal<\/p>\n<p><a href='http:\/\/ski.inmontanis.info\/d\/342386-2\/dsc03018.jpg'><img src=http:\/\/ski.inmontanis.info\/d\/342385-3\/dsc03018.jpg \/><\/a><br \/>\n^ Tubo Mirador von weiter unten, hier schon die rote Abfahrt, die noch geschlossen ist und daher der Tubo Mirador hier abzweigt, gefiel mir auch beides und musste ich noch einmal fahren.<\/p>\n<p><a href='http:\/\/ski.inmontanis.info\/d\/342390-2\/dsc03019.jpg'><img src=http:\/\/ski.inmontanis.info\/d\/342389-3\/dsc03019.jpg \/><\/a><br \/>\n^ Normalerweise sollte die Abfahrt Tubo Mirador weiter runter gehen &#8211; vielleicht ja hier<\/p>\n<p><a href='http:\/\/ski.inmontanis.info\/d\/342394-2\/dsc03021.jpg'><img src=http:\/\/ski.inmontanis.info\/d\/342393-3\/dsc03021.jpg \/><\/a><br \/>\n^ M\u00fcll-6KSB Lanuza in der oberen H\u00e4lfte. Wenigstens hat sie einen 90\u00b0-Ausstieg, weshalb die Zwangsverriegelung weniger problematisch ist. Ich setz dann ein Behinderten-Gesicht auf binzubl\u00f6dzumb\u00fcgel\u00f6ffnen-braucheautomatik. Abfahrten sind aber schon recht nett<\/p>\n<p><a href='http:\/\/ski.inmontanis.info\/d\/342398-2\/dsc03023.jpg'><img src=http:\/\/ski.inmontanis.info\/d\/342397-3\/dsc03023.jpg \/><\/a><br \/>\n^ 6KSB Lanuza, ganz oben erinnert sie eher ans Eisjoch am Stubaier als an Ischgl<\/p>\n<p>Es blieb halbwegs trocken, bis ich gegen 15:30 Uhr aufh\u00f6rte.<\/p>\n<p>Weil es weitehrin keine Infos von den besagten Alternativen morgen gab (au\u00dfer, dass Cerler am Freitag nur mit 6 km Pisten \u00f6ffnen wird, was also unlohnenswert ist), hab ich nochmals den Stellplatz um 15 \u20ac samt Strom genommen.<\/p>\n<p><strong>Do, 4.12.2025<\/strong><\/p>\n<p>Am Morgen lag gerade mal vielleicht 1cm Schnee auf meinem Seitenspiegel, bis 9 Uhr hatte sich das mehr als verdoppelt. H\u00e4tt ich doch lieber vor 8 Uhr aufs Klo gehen sollen &#8230; F\u00fcr Nachmittag w\u00f6r nun etwas weniger starker Schneefall gemeldet, f\u00fcr die Nacht aber wieder mehr, f\u00fcr Freitag Nacht dagegen Plusgrade und Regen.<\/p>\n<p>Wenn man den neuen FGC-Flexipass h\u00e4tte, k\u00f6nnte man heute um 6,- \u20ac in Boi Ta\u00fcll fahren. Na super. Das sagen sie heute. Spanische Skigebiete sollten dringendst an ihrer Internet-Kommunikation arbeiten. 5 Lifte (davon 3 F\u00f6rderb\u00e4nder) und 10 Abfahrten und 11 km offen. Wobei dieser Flexipass eh ein Jahresabonnoment bedeutet und man den evtl. gar nicht vor Ort bekommt, keine Ahnung. <\/p>\n<p>Beim Online-Skipassverkauf gibts nun auch reduzierte Tageskarten bis inkl. 12.12. ab 33,- bis 40 \u20ac, aber das lohnt sich nicht f\u00fcr das bisschen, was offen ist. Wenn man dann auch noch 6 \u20ac f\u00fcr die Keycard zahlen muss, fahr ich da eh nicht hin, so geil wie auch immer das ist. Und soweit ich das mal \u00fcberfliege, bestehen die auf ihre eigene Karte.<\/p>\n<p>Wobei ich diese Karte ja auch f\u00fcr die anderen FGC-Gebiete brauch und Vallter und Nuria wollte ich schon erstmals besuchen. Wobei ich bei denen sowieso abwarten m\u00f6chte, ob ich ggf. die Fr\u00fchjahrssaisonskarte ab 1.3. in Masella kaufe (falls sie lang genug offen bleiben wollen) und dann daf\u00fcr Rabatte bekommen w\u00fcrde.<\/p>\n<p>Lt. AGB kostet die Keycard aber 2 \u20ac, im Onlineshop-Prozess ganz am Anfang steht was von 6 \u20ac und der Skipass von 33 wurde im Warenkorb automatisch auf 38,50 erh\u00f6ht, keine Ahnung ob die 5,50 dann die Keycard sein soll, f\u00fcr den n\u00e4chsten Schritt m\u00fcsste man sich anmelden.<\/p>\n<p>Ach, wie war das fr\u00fcher doch unkompliziert, da ist man an die Kasse und konnte sich seinen Skipass einfach kaufen und bekam ein Papier- oder Plastikticket oder einen Aufkleber.<\/p>\n<p>Ich fuhr also zum untersten Skigebeitsparkpaltz, wo es etwas weniger stark schneite. Zur Not halt ein St\u00fcndchen an der \u00dcbungs-4SB, Sicht wird hier besser und Schneefall weniger sein, sch\u00e4tz ich. <\/p>\n<p>Weil bei um die 0\u00b0 recht feucht, wollte ich heut mal was anderes probieren: 2 Lagen Sweatshirt und dann Regenjacke dr\u00fcber statt Skijacke. Reicht das von der W\u00e4rme her?  Ja, tat es.<\/p>\n<p>Bis ich heute die Skitracks-App zum Laufen gebracht hatte, vergingen 15 Minuten, trotz 2x Handy-Neustart wollte das Zeug einfach nicht laufen. <\/p>\n<p>Als mal etwas die Sonne rauskam, fuhr ich die 8KSB rauf, aber weil weiter rechts Nebel und Schneefall und Sturm, fuhr ich gleich die geschlossene Abfahrt ins Tal.  Trotzdem war ich wohl kaum mehr als 1h auf Skiern heute.<\/p>\n<p>Problem war weder die Jackenl\u00f6sung, noch der Schneefall (kaum bis nicht), sondern eher die nassen Sitze, weil die Spanier wohl wie die Franzosen diese nicht vom Schnee befreien \/ abkehren \/ hochklappen, 5cm Nassschnee? Den Bediensteten egal. Und mein russisches Sitzpolster ist etwas zu klein und nat\u00fcrlich auch nicht hoch genug f\u00fcr so viel Schnee. Bei B\u00fcgel-SL w\u00e4r ich heut also l\u00e4nger geblieben.<\/p>\n<p>Jedenfalls sollte ich mal nach einem gr\u00f6\u00dferen Sitzpolster Ausschau halten und dann ggf. eine Befestigung selbst machen, 2 L\u00f6cher rein etc., dann hoffentlich noch eine Schwachstelle weniger. <\/p>\n<p><a href='http:\/\/ski.inmontanis.info\/d\/342406-2\/ge20251201-04b.jpg'><img src=http:\/\/ski.inmontanis.info\/d\/342405-3\/ge20251201-04b.jpg \/><\/a><br \/>\n^ GPS-Track 1.-4.12.2025; in Magenta die derzeit noch geschlossenen Lifte (4SB, KSSL, DSB, 4SB); der KSSL Tramacastilla oder Tramascastilla mit anscheinend Doppel-Kurve k\u00f6nnte wohl auch noch sehr interessant sein<\/p>\n<p>Aramon ist f\u00fcr spanische Skigebiete ungwohnt kommunikativ, auf der Website gibts bereits den Schneebericht, was am WE voraussichtlich offen sein wird, sowohl was Formigal betrifft, aber auch Panticosa. Hier in Formigal soll die 4SB links oberhalb der 8KSB \u00f6ffnen (aber noch nicht der KSSL daneben) und auch die restlichen Sessellifte, die aktuell noch fehlen, also alles au\u00dfer dem KSSL oberhalb der 8KSB soll \u00f6ffnen. Schon sehr cool f\u00fcr Anfang Dezember.<\/p>\n<p>In Panticosa zwar weniger, aber genug, dass ich mir das morgen einmal anschauen werde.<\/p>\n<p>Da die n\u00e4chsten Tage vermutlich wieder Freistehen angesagt sein wird, g\u00f6nn ich mir  heute nochmals den Luxus mit Strom um 15 \u20ac.<\/p>\n<p><a href='http:\/\/extra.inmontanis.info\/d\/141616-2\/dsc03033.jpg'><img src=http:\/\/extra.inmontanis.info\/d\/141615-3\/dsc03033.jpg \/><\/a><br \/>\n^ Die Tankstellenpreise in Spanien sind g\u00fcnstiger als in Frankreich<\/p>\n<p><a href='http:\/\/extra.inmontanis.info\/d\/141620-2\/dsc03036.jpg'><img src=http:\/\/extra.inmontanis.info\/d\/141619-3\/dsc03036.jpg \/><\/a><br \/>\n^ Stausee unterhalb Sallent<\/p>\n<p>Am Platz waren heute schon wesentlich mehr WoMos, auch auf den Strompl\u00e4tzen, einer stand sogar auf der oberen Ebene und hat sich bei Platz 3 den Strom genommen. Also selbst wenn man freie Pl\u00e4tze von au\u00dfen sehen w\u00fcrde, muss man genau schauen, ob auch die Steckdose frei ist, bevor man dann kurzfristig den Platz um 10 \u20ac bucht!<\/p>\n<p>Meine war noch bis 16:20 bezahlt, funktionierte also auch bis dorthin, danach musste ich die 5 \u20ac f\u00fcr den Strom wieder per Kreditkarte in der App zahlen.<\/p>\n<p>Weil schon Anfang Dezember, wollte ich heute nicht nur das Aussortieren der Bilder f\u00fcr den Kalender 2026 fertig machen, sondern auch gleich noch den Kalender selbst. Puh. Schnell und sp\u00e4t. Und ich konnte mich mal wieder so gar nicht entscheiden.<\/p>\n<p>Aber dann doch bis ca. 19 Uhr fertig geworden und exportieren k\u00f6nnen. Erstaunlicherweise 6 Fotos aus Deutschland und die meisten anderen L\u00e4ndern nur 1. Dieser Herbst war aber auch recht fotogen.<\/p>\n<p>Au\u00dfer den Kuhglocken gab es heute auch noch einen Alarm oder pfeifenden L\u00fcfter irgendwo in der N\u00e4he, der aber durch meinen Heizl\u00fcfter je nach meiner Ohrenposition \u00fcbert\u00f6nt wurde.<\/p>\n","protected":false},"excerpt":{"rendered":"<p>Mo, 1.12.2025<\/p>\n<p>Auf dem Weg nach Formigal kam ich gleich einmal in Artouste vorbei.<\/p>\n<p> ^ Stra\u00dfe nach Laruns, wo man dann links nach Gourette und geradeaus nach Artouste \/ Portalet \/ Formigal kommt<\/p>\n<p> ^ Schlucht zwischen Laruns und Artouste<\/p>\n<p> ^ Schlucht zwischen Laruns und Artouste<\/p>\n<p> ^ Les Eaux Chaudes &#8211; Thermalbad<\/p>\n<p> <a href=\"http:\/\/blog.inmontanis.info\/?p=11065\">[&#8230;]<\/a><\/p>\n","protected":false},"author":1,"featured_media":11068,"comment_status":"closed","ping_status":"closed","sticky":false,"template":"","format":"standard","meta":{"footnotes":""},"categories":[950,959,957,16,27,129],"tags":[49,56,57,48,45],"class_list":["post-11065","post","type-post","status-publish","format-standard","has-post-thumbnail","hentry","category-2025-09-2026-11-pyrenaen-uk-co","category-artouste","category-formigal","category-france","category-skifahren-winterskiing-winter","category-spain","tag-4sb","tag-6sb","tag-8sb","tag-kssl","tag-see","odd"],"_links":{"self":[{"href":"http:\/\/blog.inmontanis.info\/index.php?rest_route=\/wp\/v2\/posts\/11065","targetHints":{"allow":["GET"]}}],"collection":[{"href":"http:\/\/blog.inmontanis.info\/index.php?rest_route=\/wp\/v2\/posts"}],"about":[{"href":"http:\/\/blog.inmontanis.info\/index.php?rest_route=\/wp\/v2\/types\/post"}],"author":[{"embeddable":true,"href":"http:\/\/blog.inmontanis.info\/index.php?rest_route=\/wp\/v2\/users\/1"}],"replies":[{"embeddable":true,"href":"http:\/\/blog.inmontanis.info\/index.php?rest_route=%2Fwp%2Fv2%2Fcomments&post=11065"}],"version-history":[{"count":3,"href":"http:\/\/blog.inmontanis.info\/index.php?rest_route=\/wp\/v2\/posts\/11065\/revisions"}],"predecessor-version":[{"id":11069,"href":"http:\/\/blog.inmontanis.info\/index.php?rest_route=\/wp\/v2\/posts\/11065\/revisions\/11069"}],"wp:featuredmedia":[{"embeddable":true,"href":"http:\/\/blog.inmontanis.info\/index.php?rest_route=\/wp\/v2\/media\/11068"}],"wp:attachment":[{"href":"http:\/\/blog.inmontanis.info\/index.php?rest_route=%2Fwp%2Fv2%2Fmedia&parent=11065"}],"wp:term":[{"taxonomy":"category","embeddable":true,"href":"http:\/\/blog.inmontanis.info\/index.php?rest_route=%2Fwp%2Fv2%2Fcategories&post=11065"},{"taxonomy":"post_tag","embeddable":true,"href":"http:\/\/blog.inmontanis.info\/index.php?rest_route=%2Fwp%2Fv2%2Ftags&post=11065"}],"curies":[{"name":"wp","href":"https:\/\/api.w.org\/{rel}","templated":true}]}}