{"id":11054,"date":"2025-11-28T20:10:59","date_gmt":"2025-11-28T19:10:59","guid":{"rendered":"http:\/\/blog.inmontanis.info\/?p=11054"},"modified":"2025-12-06T20:29:58","modified_gmt":"2025-12-06T19:29:58","slug":"durban-300km-pyrenaen-pano-fahrstreckepoi-nov-27-28-11-2025","status":"publish","type":"post","link":"http:\/\/blog.inmontanis.info\/?p=11054","title":{"rendered":"Durban: 300km-Pyren\u00e4en-Pano \/ Fahrstrecke+POI Nov., 27.-28.11.2025"},"content":{"rendered":"<p><strong>Do, 27.11.2025<\/strong><\/p>\n<p>Schade um den heute so sonnigen, aber ungen\u00fctzten Tag und auch keine sinnvollen Zwischenziele gefunden. Noch gut 170km bis Luz Ardiden. Weil Strom voll, sollte man morgen mehr fahren als heute.<\/p>\n<p>Hab dann am gratis Stellplatz noch das WC geleert, bissl was in die Spendenbox und 2 der 3 Paar Ski (die alten) zusammengebaut und auf den Dachtr\u00e4ger montiert.<\/p>\n<p>Auf der Suche nach einem halbwegs nahen und brauchbaren Nachtplatz entschied ich mich f\u00fcr einen Pano-Parkplatz.<\/p>\n<p><a href='http:\/\/extra.inmontanis.info\/d\/141476-2\/dsc02570.jpg'><img src=http:\/\/extra.inmontanis.info\/d\/141475-3\/dsc02570.jpg \/><\/a><br \/>\n^ Das Land ist mal etwas flacher hier<\/p>\n<p><a href='http:\/\/extra.inmontanis.info\/d\/141480-2\/dsc02574.jpg'><img src=http:\/\/extra.inmontanis.info\/d\/141479-3\/dsc02574.jpg \/><\/a><br \/>\n^ .. aber es wird schon wieder h\u00fcgeliger<\/p>\n<p><a href='http:\/\/extra.inmontanis.info\/d\/141484-2\/dsc02585.jpg'><img src=http:\/\/extra.inmontanis.info\/d\/141483-3\/dsc02585.jpg \/><\/a><br \/>\n^ .. und pl\u00f6tzlich kann man zu den Pyren\u00e4en sehen<\/p>\n<p>Gerade als ich mich an den Stra\u00dfenrand stellte um ein paar Fotos in die Pyren\u00e4en zu machen, weil erster Blick auf dieser Reise, bekam ich auch schon einen Anruf aus den Pyren\u00e4en, nochmals n&#8217;py, die mir erkl\u00e4rte, wo und bei wem ich genau am SA den Skipass in Luz abholen k\u00f6nnte, auch wenn sie es mir nochmals per E-Mail schreiben wollte.<\/p>\n<p>Wenn ich das mit \u00d6sterreich Sunny Card\/ Hinterstoder letzes Jahr vergleiche, keine Angaben einer alternativen Lieferadresse m\u00f6glich und auch auf E-Mail-Nachfrage hin konnten sie mir den gekauften Skipass damals nicht nach Tirol schicken&#8230;.<\/p>\n<p><a href='http:\/\/extra.inmontanis.info\/d\/141488-2\/dsc02586.jpg'><img src=http:\/\/extra.inmontanis.info\/d\/141487-3\/dsc02586.jpg \/><\/a><br \/>\n^ So kleine Nebenstra\u00dfen mag ich und noch lieber, wenn man dadurch abk\u00fcrzen kann<\/p>\n<p><a href='http:\/\/extra.inmontanis.info\/d\/141308-2\/dsc02589.jpg'><img src=http:\/\/extra.inmontanis.info\/d\/141306-3\/dsc02589.jpg \/><\/a><br \/>\n^ Der kleine Ort Durban mit der vor einigen Jahren erbauten Windm\u00fchle<\/p>\n<p>In Durban dann ein noch besserer Blick in die Pyren\u00e4en.<\/p>\n<p><a href='http:\/\/extra.inmontanis.info\/d\/141312-2\/dsc02592.jpg'><img src=http:\/\/extra.inmontanis.info\/d\/141311-3\/dsc02592.jpg \/><\/a><br \/>\n^ Infotafel Durban<\/p>\n<p>Man soll hier ein 300km breites Pyren\u00e4enpano haben &#8211; also fast die kompletten Pyren\u00e4en sehen k\u00f6nnen. Dort werd ich also die n\u00e4chsten Monate skifahren, d.h. der Teil und die R\u00fcckseite und das dazwischen wird ca. 80-90% der heurigen Skitage ergeben. <\/p>\n<p><a href='http:\/\/extra.inmontanis.info\/d\/141316-2\/dsc02595.jpg'><img src=http:\/\/extra.inmontanis.info\/d\/141315-3\/dsc02595.jpg \/><\/a><br \/>\n^ Damit die Pyren\u00e4en auf den Bildern besser zu sehen sind, hab ich jeweilss den oberen Teil des Bildes verdunkelt.<\/p>\n<p><a href='http:\/\/extra.inmontanis.info\/d\/141320-2\/dsc02597.jpg'><img src=http:\/\/extra.inmontanis.info\/d\/141319-3\/dsc02597.jpg \/><\/a><br \/>\n^ \u00d6stlicher Teil der Pyren\u00e4en<\/p>\n<p><a href='http:\/\/extra.inmontanis.info\/d\/141324-2\/dsc05706.jpg'><img src=http:\/\/extra.inmontanis.info\/d\/141323-3\/dsc05706.jpg \/><\/a><br \/>\n^ Infrarot-Pano mit Baum, Mond und Pyren\u00e4en<\/p>\n<p><a href='http:\/\/extra.inmontanis.info\/d\/141328-2\/dsc05710.jpg'><img src=http:\/\/extra.inmontanis.info\/d\/141327-3\/dsc05710.jpg \/><\/a><br \/>\n^ Infrarot-Pano zu den Pyren\u00e4en<\/p>\n<p><a href='http:\/\/extra.inmontanis.info\/d\/141332-2\/dsc02602.jpg'><img src=http:\/\/extra.inmontanis.info\/d\/141331-3\/dsc02602.jpg \/><\/a><br \/>\n^ .. in den westlichen Teil konnte man durch den Sonnenstand nicht gut schauen<\/p>\n<p><a href='http:\/\/extra.inmontanis.info\/d\/141336-2\/dsc02604.jpg'><img src=http:\/\/extra.inmontanis.info\/d\/141335-3\/dsc02604.jpg \/><\/a><br \/>\n^ <\/p>\n<p><a href='http:\/\/extra.inmontanis.info\/d\/141340-2\/dsc02606.jpg'><img src=http:\/\/extra.inmontanis.info\/d\/141339-3\/dsc02606.jpg \/><\/a><br \/>\n^ <\/p>\n<p><a href='http:\/\/extra.inmontanis.info\/d\/141344-2\/dsc02607.jpg'><img src=http:\/\/extra.inmontanis.info\/d\/141343-3\/dsc02607.jpg \/><\/a><br \/>\n^ <\/p>\n<p><a href='http:\/\/extra.inmontanis.info\/d\/141348-2\/dsc02608.jpg'><img src=http:\/\/extra.inmontanis.info\/d\/141347-3\/dsc02608.jpg \/><\/a><br \/>\n^ Kirche und Burg von Durban<\/p>\n<p><a href='http:\/\/extra.inmontanis.info\/d\/141352-2\/dsc05715.jpg'><img src=http:\/\/extra.inmontanis.info\/d\/141351-3\/dsc05715.jpg \/><\/a><br \/>\n^ Blick zu Kirche und Burg in IR<\/p>\n<p><a href='http:\/\/extra.inmontanis.info\/d\/141356-2\/dsc02609.jpg'><img src=http:\/\/extra.inmontanis.info\/d\/141355-3\/dsc02609.jpg \/><\/a><br \/>\n^ Windm\u00fchle<\/p>\n<p><a href='http:\/\/extra.inmontanis.info\/d\/141360-2\/dsc05714.jpg'><img src=http:\/\/extra.inmontanis.info\/d\/141359-3\/dsc05714.jpg \/><\/a><br \/>\n^ Windm\u00fchle in Infrarot<\/p>\n<p><a href='http:\/\/extra.inmontanis.info\/d\/141364-2\/dsc05719.jpg'><img src=http:\/\/extra.inmontanis.info\/d\/141363-3\/dsc05719.jpg \/><\/a><br \/>\n^ Windm\u00fchle in Infrarot<\/p>\n<p><a href='http:\/\/extra.inmontanis.info\/d\/141368-2\/dsc02617.jpg'><img src=http:\/\/extra.inmontanis.info\/d\/141367-3\/dsc02617.jpg \/><\/a><br \/>\n^ <\/p>\n<p><a href='http:\/\/extra.inmontanis.info\/d\/141372-2\/dsc02613.jpg'><img src=http:\/\/extra.inmontanis.info\/d\/141371-3\/dsc02613.jpg \/><\/a><br \/>\n^ Laut Infotafel soll der rundliche Gipfel etwas links der Bildmitte der Pic du Midi sein, der jedoch mit unter 2.900m nicht zu den h\u00f6chsten Gipfeln der Pyren\u00e4en z\u00e4hlt<\/p>\n<p><a href='http:\/\/extra.inmontanis.info\/d\/141376-2\/dsc02621.jpg'><img src=http:\/\/extra.inmontanis.info\/d\/141375-3\/dsc02621.jpg \/><\/a><br \/>\n^ Infotafel zur Burg<\/p>\n<p><a href='http:\/\/extra.inmontanis.info\/d\/141380-2\/dsc02623.jpg'><img src=http:\/\/extra.inmontanis.info\/d\/141379-3\/dsc02623.jpg \/><\/a><br \/>\n^ \u00dcberreste der Burg \/ Chateau<\/p>\n<p><a href='http:\/\/extra.inmontanis.info\/d\/141384-2\/dsc02627.jpg'><img src=http:\/\/extra.inmontanis.info\/d\/141383-3\/dsc02627.jpg \/><\/a><br \/>\n^ Burgruine<\/p>\n<p><a href='http:\/\/extra.inmontanis.info\/d\/141388-2\/dsc02625.jpg'><img src=http:\/\/extra.inmontanis.info\/d\/141387-3\/dsc02625.jpg \/><\/a><br \/>\n^ Pyren\u00e4en-Pano von der Burg aus<\/p>\n<p><a href='http:\/\/extra.inmontanis.info\/d\/141392-2\/dsc02628.jpg'><img src=http:\/\/extra.inmontanis.info\/d\/141391-3\/dsc02628.jpg \/><\/a><br \/>\n^ Pyren\u00e4en-Pano von der Burg aus<\/p>\n<p><a href='http:\/\/extra.inmontanis.info\/d\/141396-2\/dsc05723.jpg'><img src=http:\/\/extra.inmontanis.info\/d\/141395-3\/dsc05723.jpg \/><\/a><br \/>\n^ Infrarot-Pano zu den Pyren\u00e4en von der Burg aus<\/p>\n<p><a href='http:\/\/extra.inmontanis.info\/d\/141400-2\/dsc05726.jpg'><img src=http:\/\/extra.inmontanis.info\/d\/141399-3\/dsc05726.jpg \/><\/a><br \/>\n^ Infrarot-Pano zu den Pyren\u00e4en<\/p>\n<p><a href='http:\/\/extra.inmontanis.info\/d\/141404-2\/dsc02630.jpg'><img src=http:\/\/extra.inmontanis.info\/d\/141403-3\/dsc02630.jpg \/><\/a><br \/>\n^ <\/p>\n<p><a href='http:\/\/extra.inmontanis.info\/d\/141408-2\/dsc02631.jpg'><img src=http:\/\/extra.inmontanis.info\/d\/141407-3\/dsc02631.jpg \/><\/a><br \/>\n^ Burg, Kirche, Windm\u00fchle<\/p>\n<p><a href='http:\/\/extra.inmontanis.info\/d\/141412-2\/dsc02632.jpg'><img src=http:\/\/extra.inmontanis.info\/d\/141411-3\/dsc02632.jpg \/><\/a><br \/>\n^ R\u00fcckseitenpano<\/p>\n<p><a href='http:\/\/extra.inmontanis.info\/d\/141416-2\/dsc02633.jpg'><img src=http:\/\/extra.inmontanis.info\/d\/141415-3\/dsc02633.jpg \/><\/a><br \/>\n^ Windm\u00fchle<\/p>\n<p><a href='http:\/\/extra.inmontanis.info\/d\/141420-2\/dsc05731.jpg'><img src=http:\/\/extra.inmontanis.info\/d\/141419-3\/dsc05731.jpg \/><\/a><br \/>\n^ IR-Zoom zu den von hier aus gesehen \u00f6stlichsten Gipfeln<\/p>\n<p><a href='http:\/\/extra.inmontanis.info\/d\/141424-2\/dsc05732.jpg'><img src=http:\/\/extra.inmontanis.info\/d\/141423-3\/dsc05732.jpg \/><\/a><br \/>\n^ IR-Zoom in die Pyren\u00e4en<\/p>\n<p><a href='http:\/\/extra.inmontanis.info\/d\/141428-2\/dsc05734.jpg'><img src=http:\/\/extra.inmontanis.info\/d\/141427-3\/dsc05734.jpg \/><\/a><br \/>\n^ IR-Zoom in die Pyren\u00e4en<\/p>\n<p><a href='http:\/\/extra.inmontanis.info\/d\/141432-2\/dsc05735.jpg'><img src=http:\/\/extra.inmontanis.info\/d\/141431-3\/dsc05735.jpg \/><\/a><br \/>\n^ IR-Zoom in die Pyren\u00e4en<\/p>\n<p><a href='http:\/\/extra.inmontanis.info\/d\/141436-2\/dsc05736.jpg'><img src=http:\/\/extra.inmontanis.info\/d\/141435-3\/dsc05736.jpg \/><\/a><br \/>\n^ IR-Zoom in die Pyren\u00e4en<\/p>\n<p><a href='http:\/\/extra.inmontanis.info\/d\/141440-2\/dsc05737.jpg'><img src=http:\/\/extra.inmontanis.info\/d\/141439-3\/dsc05737.jpg \/><\/a><br \/>\n^ IR-Zoom in die Pyren\u00e4en<\/p>\n<p>Die Pyren\u00e4en haben ja einige Gemeinsamkeiten mit dem Kaukasus. Nein, nicht die Bergh\u00f6he &#8211; da gibt&#8217;s im Kaukasus ja doch wesentlich h\u00f6here Berge.<\/p>\n<p>Aber beide Gebirge verlaufen in Ost-West-Richtung, haben 2 unterschiedliche Meere an den Enden, definieren L\u00e4ndergrenzen und liegen auf fast gleicher H\u00f6he, was die Erdkugel betrifft und in etwa Rom entspricht.<\/p>\n<p>In Andorra hat anscheinend heute auch spontan ein Skigebiet aufgemacht. H\u00f6tte man auch mal wissen m\u00fcssen .. Tageskarte 35 \u20ac, die einzigen, die bisher was von einem verg\u00fcnstigten Saisonstart-Skipass publiziert haben. Daf\u00fcr haben sie es anscheinend erst nach \u00d6ffnung publiziert, dass sie \u00f6ffnen. Noch schlimmer als Masella, die wenigstens 1 Tag vorher was gesagt haben ;) Leider aber auch zu umwegig f\u00fcr morgen.<\/p>\n<p>So wie ich Italien wegen der Helmpflicht boykottiere, k\u00f6nnten nun Raucher Frankreich boykottieren &#8211; in franz\u00f6sischen Skigebieten gilt Rauchverbot. Find ich gut.<\/p>\n<p>Aber bekanntlich gibts in Gondelkabinen und auf Sesselliften schon &#8220;ewig&#8221; Rauchverbot und trotzdem hat sich &#8220;keiner&#8221; dran gehalten.<\/p>\n<p>Bl\u00f6d, ganz vergessen, dass ich heute h\u00e4tte einkaufen sollen, gar kein Baguette oder sonstiges Brot mehr f\u00fcr morgen &#8211; ich war irgendwie auf Freitag einkaufen fixiert  .. <\/p>\n<p>Die Wettervorhersagen f\u00fcr Formigal n\u00e4chste Woche sind ja auch mal wieder mies. Regen, Schnee, bedeckt, da kann ich auch gleich nach Finnland ;)<\/p>\n<p><a href='http:\/\/extra.inmontanis.info\/d\/141444-2\/dsc02639.jpg'><img src=http:\/\/extra.inmontanis.info\/d\/141443-3\/dsc02639.jpg \/><\/a><br \/>\n^ Abendd\u00e4mmerung mit Mond und Pyren\u00e4en<\/p>\n<p>Um 2 Uhr kamen irgendwelche Spinner, die mit dem Auto mehrmals auf dem matschigen Parkplatz hin und her gefahren sind, irgendwann sp\u00e4ter hat mich ein quietschendes Tier geweckt, an derartige Laute kann ich mich nicht erinnern, schon einmal geh\u00f6rt zu haben.<\/p>\n<p><strong>Fr, 28.11.2025<\/strong><\/p>\n<p><a href='http:\/\/extra.inmontanis.info\/d\/141448-2\/dsc02643.jpg'><img src=http:\/\/extra.inmontanis.info\/d\/141447-3\/dsc02643.jpg \/><\/a><br \/>\n^ Sonnenaufgang<\/p>\n<p>In den Pyren\u00e4en klettert momentan die Sonne mittags auf 26\u00b0,  in z.B. Innsbruck sind es nur 21\u00b0, in Berlin 16\u00b0 und in \u00d6stersund 6\u00b0 &#8211; ein Wert, den die Sonne hier bereits weniger als 1h nach Sonnenaufgang erreicht.<\/p>\n<p>&#8230; d.h. wenn man selbst oder im Auto in der Sonne ist, ist das in den Pyren\u00e4en  viel w\u00e4rmer. (Sierra Nevada im S\u00fcden Spaniens \u00fcbrigens 32\u00b0)<\/p>\n<p>Wir  haben zwar noch fast 1 Monat eine Verk\u00fcrzung der Sonnenscheindauer vor uns, aber was die Mittags-H\u00f6he angeht, macht es nicht viel Unterschied.<\/p>\n<p>Und ich red hier nicht von \u00b0C, nur um das klar zu stellen, sondern von der H\u00f6he der Sonne.<\/p>\n<p><a href='http:\/\/extra.inmontanis.info\/d\/141452-2\/dsc02644.jpg'><img src=http:\/\/extra.inmontanis.info\/d\/141451-3\/dsc02644.jpg \/><\/a><br \/>\n^ Vormittags ist die Westh\u00e4lfte der Pyren\u00e4en nun besser zu sehen als gestern Nachmittag<\/p>\n<p><a href='http:\/\/extra.inmontanis.info\/d\/141456-2\/dsc02646.jpg'><img src=http:\/\/extra.inmontanis.info\/d\/141455-3\/dsc02646.jpg \/><\/a><br \/>\n^ Mit Pic du Midi in Bildmitte<\/p>\n<p><a href='http:\/\/extra.inmontanis.info\/d\/141460-2\/dsc02647.jpg'><img src=http:\/\/extra.inmontanis.info\/d\/141459-3\/dsc02647.jpg \/><\/a><br \/>\n^ Westseite der Pyren\u00e4en<\/p>\n<p><a href='http:\/\/extra.inmontanis.info\/d\/141464-2\/dsc02648.jpg'><img src=http:\/\/extra.inmontanis.info\/d\/141463-3\/dsc02648.jpg \/><\/a><br \/>\n^ Westseite der Pyren\u00e4en<\/p>\n<p><a href='http:\/\/extra.inmontanis.info\/d\/141468-2\/dsc05739.jpg'><img src=http:\/\/extra.inmontanis.info\/d\/141467-3\/dsc05739.jpg \/><\/a><br \/>\n^ Infrarot-Pano zu den Pyren\u00e4en<\/p>\n<p><a href='http:\/\/extra.inmontanis.info\/d\/141472-2\/dsc05740.jpg'><img src=http:\/\/extra.inmontanis.info\/d\/141471-3\/dsc05740.jpg \/><\/a><br \/>\n^ Infrarot-Pano zu den Pyren\u00e4en<\/p>\n<p>Leider keine Ikea mehr auf dem Weg gewesen. Auch nicht zuf\u00e4llig einen Buffalo Grill gesehen, aber im Netz nachgeschaut &#8211; seit Corona haben die nach wie vor meine Lieblingsgerichte nicht mehr. Und selbst Spie\u00dfe gibts jetzt nicht mehr \u00fcberall und der Rest interessiert mich nicht sonderlich. <\/p>\n<p>Die Pataterie-Restaurants werden auch immer seltener, auch keine auf dem Weg gesehen. Nur Quick, da w\u00e4r heute einer auf dem Weg, die Burger sind mir ja eh zu teuer, aber Churros w\u00e4ren mal wieder nett. Evtl. auch das 5\u20ac Men\u00fc lt. Homepage Hamburger\/Pommes\/Getr\u00e4nk.<\/p>\n<p><a href='http:\/\/extra.inmontanis.info\/d\/141492-2\/dsc02657.jpg'><img src=http:\/\/extra.inmontanis.info\/d\/141491-3\/dsc02657.jpg \/><\/a><br \/>\n^ Zoom Pic du Midi von unterwegs<\/p>\n<p><a href='http:\/\/extra.inmontanis.info\/d\/141496-2\/dsc02661.jpg'><img src=http:\/\/extra.inmontanis.info\/d\/141495-3\/dsc02661.jpg \/><\/a><br \/>\n^ Werbetafel Pic du Midi &#8211; hier gilt auch meine n&#8217;py &#8211; Saisonkarte<\/p>\n<p>Wollte heute mal wieder zu einem Lidl gehen, da wohl seltener in den Bergen zu finden. Leider keine Brezen.<\/p>\n<p>Wird nun f\u00fcr morgen kaum noch Sonne gemeldet, die Nacht auf SO dann Schneefall und am SO ev. ab Mittag trocken. 10mm Regen in Form von Schnee k\u00f6nnten schon zum Einschneien f\u00fchren je nach Mulltiplikator, aber deshalb dann morgen Nachmittag 1000 hm runter und wieder rauf fahren am SO? Luz sollte mal \u00fcber einen Zubrigner aus dem Tal nachdenken &#8211; statt immer weiter das Angebot oben zu verkleinern..  <\/p>\n<p>An einem KFC kam ich vorbei, aber der war mir ja vor ein paar Jahren schon zu teuer in FR, da hab ich erst gar nicht gehalten.<\/p>\n<p>Neben dem Quick war ein E.Leclerc eingetragen,  den Supermarkt h\u00e4tte ich heut noch f\u00fcr ein paar Dinge + WC besuchen wollen; ist auch eine riesige Halle, aber nur ein Drive-In-Supermarkt, dann taugt mir das nix. So ein Drive-In-Supermarkt w\u00e4r was f\u00fcr meinen Vater&#8230;<\/p>\n<p>Morgen in Lourdes w\u00e4r noch ein E.Leclerc. Dann m\u00fcsst ich vorher \u00fcbernachten. Neben dem Flughafen soll es ruhig und m\u00f6glich sein, aber lt. Internet heute Flugzeuge bis 22 Uhr und morgen ab 6:45.<\/p>\n<p>Die Preise im Quick waren etwas g\u00fcnstiger als im Web zu sehen war, die 5 Churros kosteten 3,-, die kleine Pommes gabs ab 2,90, gro\u00df 3,90, mit K\u00e4se oder Ranchso\u00dfe 4,90 &#8211; ich nahm mal die gro\u00dfe Pommes mit K\u00e4se. Hamburger glaub  2,75, das Hamburger-Pommes-Getr\u00e4nk-Men\u00fc gab&#8217;s nicht, nur als Kinder-Men\u00fc um 5\u20ac, da w\u00e4r dann aber sogar noch mehr dabei gewesen. Gr\u00f6\u00dfere Burger meist um die 6-8, als menu 9-11 \u20ac, Long Cordon Bleu oder Long Bacon w\u00e4r vielleicht auch noch interessant gewesen, aber hatte mehr Lust auf Pommes heute.<\/p>\n<p><a href='http:\/\/extra.inmontanis.info\/d\/141500-2\/dsc02664.jpg'><img src=http:\/\/extra.inmontanis.info\/d\/141499-3\/dsc02664.jpg \/><\/a><br \/>\n^ Pommes und Churros vom Quick<\/p>\n<p>Leider hatten mich die K\u00e4se-Pommes nicht \u00fcberzeugt. Wie das Basilikum-K\u00e4se-Ketchup schmeckt (2 Pkg waren dabei), kann ich noch nicht sagen, da ich noch etliche Portionen aus UK letztes Jahr aufbrauchen muss.<\/p>\n<p>Die Churros mit dem gro\u00dfen Spezialzucker waren auch nicht so lecker wie erwartet.  7,90 \u20ac ist mir das nicht noch einmal Wert. Dann lieber die Kindert\u00fcte um 5 \u20ac oder ein richtiger Burger.<\/p>\n<p>Ich entschied mich fur einen kleinen Umweg zu einem anderen Parkplatz vor dem Supermarkt und nicht neben dem Flughafen.<\/p>\n<p><a href='http:\/\/extra.inmontanis.info\/d\/141504-2\/dsc02668.jpg'><img src=http:\/\/extra.inmontanis.info\/d\/141503-3\/dsc02668.jpg \/><\/a><br \/>\n^ Das alte Schloss schaut so aus, als k\u00f6nnte es dort spuken ;)<\/p>\n<p><a href='http:\/\/extra.inmontanis.info\/d\/141508-2\/dsc02670.jpg'><img src=http:\/\/extra.inmontanis.info\/d\/141507-3\/dsc02670.jpg \/><\/a><br \/>\n^ Auch eine sch\u00f6ne Spitze<\/p>\n<p>Naja, so geil war der Parkplatz hier im Ort nicht.<\/p>\n<p>\u00c4rgerlich, das Pfund wird auch schon wieder laufend teurer. H\u00e4tt ich das IoM-F\u00e4hrticket doch gleich vor 1 Woche gekauft &#8230; wie lang soll ich da jetzt noch warten? Bevor die Preise generell h\u00f6her werden &#8230;<\/p>\n<p>Zum heutigen Black Friday hab ich noch die Skigebiete durchgeschaut, wo ich mir einen Skipass werde kaufen m\u00fcssen, aber keine Angebote gefunden.<\/p>\n<p>Schneebericht von Luz ist online, 2\/6 SB + 1\/1 SL sind offen, 12\/29 Abfahrten, nicht ganz das, was sie eigentlich erwartet hatten (&#8220;der oberste Sessel&#8221; &#8211; genau der ist zu ;) ) &#8211; aber im Grunde dann nat\u00fcrlich mehr als erwartet. Eine 6KSB mit einer blauen Abfahrt links und rechts und eine 4SB mit einer Abfahrt links und einer Abfahrt mit 1-2 Zusatzvarianten rechts, der \u00dcbungs-KSSL mit einer blauen\/gr\u00fcnen Abfahrt rechts und 2 F\u00f6rderb\u00e4nder. Sollte schon reichen f\u00fcr 2 Tage.<\/p>\n<p>Um 19 Uhr lauteres und l\u00e4ngeres Kirchenglockengebimmel und weiterhin reger Verkehr am Parkplatz, auch um 20 Uhr kamen weitere Autos und Personen. W\u00e4r doch der  Flughafen ruhiger gewesen? <\/p>\n<p>Nach 22 Uhr war das dem Ger\u00e4usch nach Fu\u00dfballspiel von Kindern zu Ende und danach leerte sich der Parkplatz, dauerte aber bis nach Mitternacht :(<\/p>\n<p>&#8211; <\/p>\n<p>Weil ich morgen die Pyren\u00e4en und Luz Ardiden erreicht hab, es thematisch aber hier sinnvoller scheint, hier noch die Fahrstrecke und POI in Frankreich der letzten Wochen, eine sehr sch\u00f6n diagonale Strecke und trotzdem etliche Zwischenziele gehabt &#8211; und zwar mehr, als erwartet:<\/p>\n<p><a href='http:\/\/extra.inmontanis.info\/d\/141512-2\/ge202511-12b.jpg'><img src=http:\/\/extra.inmontanis.info\/d\/141511-3\/ge202511-12b.jpg \/><\/a><br \/>\n^ Magenta: Fahrstrecke 8.11. bis 29.11., ca. 1.250km<\/p>\n<p><a href='http:\/\/extra.inmontanis.info\/d\/141520-2\/ge202511-12e.jpg'><img src=http:\/\/extra.inmontanis.info\/d\/141519-3\/ge202511-12e.jpg \/><\/a><br \/>\n^ Oberer Teil Vogesen &#8211; Jura &#8211; Zentralmassif<\/p>\n<p>A) Die 5 Burgen von Egisheim<br \/>\nB) Col de la Schlucht + Hohneck samt Skigebiet<br \/>\nC) Wildenstein Burg + Stausee<br \/>\nD) Ex-Skigebiet Ventron<br \/>\nE) Ballon d&#8217;Alsace<br \/>\nF) Karpfen essen ;)<br \/>\nG) Batterie des Roches \/ Pont de Roide Vermondans<br \/>\nH) Roche de Hautpierre \/ Gorges de Nouailles<br \/>\nI)  Source du Lison<br \/>\nJ) Mont Pupet \/ Salins-les-Bains<br \/>\nK) Arbois<br \/>\nL) Brancion<br \/>\nM) Cluny<br \/>\nN) Ch\u00e2teau de la Clayette<br \/>\nO) Ch\u00e2teau de Saint-Maurice (Loire)<\/p>\n<p><a href='http:\/\/extra.inmontanis.info\/d\/141516-2\/ge202511-12c.jpg'><img src=http:\/\/extra.inmontanis.info\/d\/141515-3\/ge202511-12c.jpg \/><\/a><\/p>\n<p>P) Ch\u00e2teau d\u2019Aurouze<br \/>\nQ) Le Lioran (Skigebiet im Zentralmassiv)<br \/>\nR) Montauban<br \/>\nS) Durban<br \/>\nT) Luz Ardiden  &#8211; das erste Skigebiet dieses Winters morgen + \u00fcbermorgen<\/p>\n","protected":false},"excerpt":{"rendered":"<p>Do, 27.11.2025<\/p>\n<p>Schade um den heute so sonnigen, aber ungen\u00fctzten Tag und auch keine sinnvollen Zwischenziele gefunden. Noch gut 170km bis Luz Ardiden. Weil Strom voll, sollte man morgen mehr fahren als heute.<\/p>\n<p>Hab dann am gratis Stellplatz noch das WC geleert, bissl was in die Spendenbox und 2 der 3 Paar Ski (die alten) <a href=\"http:\/\/blog.inmontanis.info\/?p=11054\">[&#8230;]<\/a><\/p>\n","protected":false},"author":1,"featured_media":11057,"comment_status":"closed","ping_status":"closed","sticky":false,"template":"","format":"standard","meta":{"footnotes":""},"categories":[950,16,32],"tags":[36,90],"class_list":["post-11054","post","type-post","status-publish","format-standard","has-post-thumbnail","hentry","category-2025-09-2026-11-pyrenaen-uk-co","category-france","category-lostplaces","tag-castle","tag-infrarot","odd"],"_links":{"self":[{"href":"http:\/\/blog.inmontanis.info\/index.php?rest_route=\/wp\/v2\/posts\/11054","targetHints":{"allow":["GET"]}}],"collection":[{"href":"http:\/\/blog.inmontanis.info\/index.php?rest_route=\/wp\/v2\/posts"}],"about":[{"href":"http:\/\/blog.inmontanis.info\/index.php?rest_route=\/wp\/v2\/types\/post"}],"author":[{"embeddable":true,"href":"http:\/\/blog.inmontanis.info\/index.php?rest_route=\/wp\/v2\/users\/1"}],"replies":[{"embeddable":true,"href":"http:\/\/blog.inmontanis.info\/index.php?rest_route=%2Fwp%2Fv2%2Fcomments&post=11054"}],"version-history":[{"count":4,"href":"http:\/\/blog.inmontanis.info\/index.php?rest_route=\/wp\/v2\/posts\/11054\/revisions"}],"predecessor-version":[{"id":11059,"href":"http:\/\/blog.inmontanis.info\/index.php?rest_route=\/wp\/v2\/posts\/11054\/revisions\/11059"}],"wp:featuredmedia":[{"embeddable":true,"href":"http:\/\/blog.inmontanis.info\/index.php?rest_route=\/wp\/v2\/media\/11057"}],"wp:attachment":[{"href":"http:\/\/blog.inmontanis.info\/index.php?rest_route=%2Fwp%2Fv2%2Fmedia&parent=11054"}],"wp:term":[{"taxonomy":"category","embeddable":true,"href":"http:\/\/blog.inmontanis.info\/index.php?rest_route=%2Fwp%2Fv2%2Fcategories&post=11054"},{"taxonomy":"post_tag","embeddable":true,"href":"http:\/\/blog.inmontanis.info\/index.php?rest_route=%2Fwp%2Fv2%2Ftags&post=11054"}],"curies":[{"name":"wp","href":"https:\/\/api.w.org\/{rel}","templated":true}]}}