{"id":11050,"date":"2025-11-27T12:08:22","date_gmt":"2025-11-27T11:08:22","guid":{"rendered":"http:\/\/blog.inmontanis.info\/?p=11050"},"modified":"2025-12-04T20:25:24","modified_gmt":"2025-12-04T19:25:24","slug":"kalender-2026","status":"publish","type":"post","link":"http:\/\/blog.inmontanis.info\/?p=11050","title":{"rendered":"Kalender 2026"},"content":{"rendered":"<p>Wie schon in den Vorjahren stell ich auch heuer wieder meinen Kalender kostenlos zum Drucken (aber nicht zum Weiterverkaufen) zur Verf\u00fcgung.<\/p>\n<p>Leider war der Winter eher unterdurchschnittlich, was die guten Fotos anbelangte &#8211; aber zum Gl\u00fcck hatte ich die letzten 2 Monate im Herbst auf dieser Reise auch viele sch\u00f6ne Bilder gemacht, sonst h\u00e4tte ich auch keine Sommerfotos gehabt.<\/p>\n<p>L\u00e4nderaufteilung diesmal:<\/p>\n<p>Deutschland: 6<br \/>\nFrankreich: 3<br \/>\n\u00d6sterreich: 1<br \/>\nSchweden: 1<br \/>\nItalien: 1<br \/>\nNorwegen: 1<\/p>\n<p>PDF, in A3 angelegt mit Anschnitt und Schnittmarken, ca. 107 MB:<br \/>\n<a href='http:\/\/extra.inmontanis.info\/extra\/kalender2026.pdf'>http:\/\/extra.inmontanis.info\/extra\/kalender2026.pdf<\/a><\/p>\n<p>Falls wem Fehler auffallen, bitte melden.<\/p>\n<p>Und hier die einzelnen Monate:<\/p>\n<p><img src=http:\/\/extra.inmontanis.info\/extra\/kalender20261.jpg \/><\/p>\n<p><img src=http:\/\/extra.inmontanis.info\/extra\/kalender20262.jpg \/><\/p>\n<p><img src=http:\/\/extra.inmontanis.info\/extra\/kalender20263.jpg \/><\/p>\n<p><img src=http:\/\/extra.inmontanis.info\/extra\/kalender20264.jpg \/><\/p>\n<p><img src=http:\/\/extra.inmontanis.info\/extra\/kalender20265.jpg \/><\/p>\n<p><img src=http:\/\/extra.inmontanis.info\/extra\/kalender20266.jpg \/><\/p>\n<p><img src=http:\/\/extra.inmontanis.info\/extra\/kalender20267.jpg \/><\/p>\n<p><img src=http:\/\/extra.inmontanis.info\/extra\/kalender20268.jpg \/><\/p>\n<p><img src=http:\/\/extra.inmontanis.info\/extra\/kalender20269.jpg \/><\/p>\n<p><img src=http:\/\/extra.inmontanis.info\/extra\/kalender202610.jpg \/><\/p>\n<p><img src=http:\/\/extra.inmontanis.info\/extra\/kalender202611.jpg \/><\/p>\n<p><img src=http:\/\/extra.inmontanis.info\/extra\/kalender202612.jpg \/><\/p>\n<p><img src=http:\/\/extra.inmontanis.info\/extra\/kalender202613.jpg \/><\/p>\n","protected":false},"excerpt":{"rendered":"<p>Wie schon in den Vorjahren stell ich auch heuer wieder meinen Kalender kostenlos zum Drucken (aber nicht zum Weiterverkaufen) zur Verf\u00fcgung.<\/p>\n<p>Leider war der Winter eher unterdurchschnittlich, was die guten Fotos anbelangte &#8211; aber zum Gl\u00fcck hatte ich die letzten 2 Monate im Herbst auf dieser Reise auch viele sch\u00f6ne Bilder gemacht, sonst h\u00e4tte ich <a href=\"http:\/\/blog.inmontanis.info\/?p=11050\">[&#8230;]<\/a><\/p>\n","protected":false},"author":1,"featured_media":11051,"comment_status":"closed","ping_status":"closed","sticky":false,"template":"","format":"standard","meta":{"footnotes":""},"categories":[911],"tags":[],"class_list":["post-11050","post","type-post","status-publish","format-standard","has-post-thumbnail","hentry","category-kalender","odd"],"_links":{"self":[{"href":"http:\/\/blog.inmontanis.info\/index.php?rest_route=\/wp\/v2\/posts\/11050","targetHints":{"allow":["GET"]}}],"collection":[{"href":"http:\/\/blog.inmontanis.info\/index.php?rest_route=\/wp\/v2\/posts"}],"about":[{"href":"http:\/\/blog.inmontanis.info\/index.php?rest_route=\/wp\/v2\/types\/post"}],"author":[{"embeddable":true,"href":"http:\/\/blog.inmontanis.info\/index.php?rest_route=\/wp\/v2\/users\/1"}],"replies":[{"embeddable":true,"href":"http:\/\/blog.inmontanis.info\/index.php?rest_route=%2Fwp%2Fv2%2Fcomments&post=11050"}],"version-history":[{"count":2,"href":"http:\/\/blog.inmontanis.info\/index.php?rest_route=\/wp\/v2\/posts\/11050\/revisions"}],"predecessor-version":[{"id":11053,"href":"http:\/\/blog.inmontanis.info\/index.php?rest_route=\/wp\/v2\/posts\/11050\/revisions\/11053"}],"wp:featuredmedia":[{"embeddable":true,"href":"http:\/\/blog.inmontanis.info\/index.php?rest_route=\/wp\/v2\/media\/11051"}],"wp:attachment":[{"href":"http:\/\/blog.inmontanis.info\/index.php?rest_route=%2Fwp%2Fv2%2Fmedia&parent=11050"}],"wp:term":[{"taxonomy":"category","embeddable":true,"href":"http:\/\/blog.inmontanis.info\/index.php?rest_route=%2Fwp%2Fv2%2Fcategories&post=11050"},{"taxonomy":"post_tag","embeddable":true,"href":"http:\/\/blog.inmontanis.info\/index.php?rest_route=%2Fwp%2Fv2%2Ftags&post=11050"}],"curies":[{"name":"wp","href":"https:\/\/api.w.org\/{rel}","templated":true}]}}