{"id":11047,"date":"2025-11-26T20:25:37","date_gmt":"2025-11-26T19:25:37","guid":{"rendered":"http:\/\/blog.inmontanis.info\/?p=11047"},"modified":"2025-12-03T20:35:40","modified_gmt":"2025-12-03T19:35:40","slug":"montauban-pyrenaen-saisonstart-etc-23-26-11-2025","status":"publish","type":"post","link":"http:\/\/blog.inmontanis.info\/?p=11047","title":{"rendered":"Montauban, Pyren\u00e4en-Saisonstart, etc., 23.-26.11.2025"},"content":{"rendered":"<p><strong>So, 23.11.2025<\/strong><\/p>\n<p>.. dann also in der n\u00e4chst gr\u00f6\u00dferen Stadt auf dem Weg mal nochmals einen E.Leclerc Supermarkt auf die Zwischenstoppliste gesetzt. <\/p>\n<p>Wetterm\u00e4\u00dfig sind andere Zwischenstopps  heute unlohnenswert, weil: Nebel. Also  vom Massif Central, meinem ersten Besuch hier, hab ich leider nicht viel gesehen.<\/p>\n<p>Ikea-Restaurant-m\u00e4\u00dfig schaut&#8217;s leider nicht gut aus, lag bisher in Frankreich nichts auf meinem Weg, wenn man die Gro\u00dfr\u00e4ume meidet. Einziger noch vor den Pyren\u00e4en w\u00e4re in Toulouse, aber den Gro\u00dfraum h\u00e4tte ich auch abk\u00fcrzend umfahren wollen. <\/p>\n<p><a href='http:\/\/extra.inmontanis.info\/d\/141068-2\/dsc02420.jpg'><img src=http:\/\/extra.inmontanis.info\/d\/141067-3\/dsc02420.jpg \/><\/a><br \/>\n^ Sch\u00f6n sanftes H\u00fcgelgel\u00e4nde<\/p>\n<p><a href='http:\/\/extra.inmontanis.info\/d\/141072-2\/dsc02426.jpg'><img src=http:\/\/extra.inmontanis.info\/d\/141071-3\/dsc02426.jpg \/><\/a><br \/>\n^ Sch\u00f6n sanftes H\u00fcgelgel\u00e4nde<\/p>\n<p><a href='http:\/\/extra.inmontanis.info\/d\/141076-2\/dsc02430.jpg'><img src=http:\/\/extra.inmontanis.info\/d\/141075-3\/dsc02430.jpg \/><\/a><br \/>\n^ Sch\u00f6n sanftes H\u00fcgelgel\u00e4nde<\/p>\n<p>Der E.Leclerc hat \u00fcberdachte Parkpl\u00e4tze &#8211; gut im Sommer und bei Regen. Ein McD w\u00e4r auch nebendran, vmtl. eh zu teuer, aber anschaun kann man sich das Preisniveau ja mal.<\/p>\n<p>Krass. Also es gibt nur Fr\u00fchst\u00fcck und dann nur McMuffin oder Donut. Ein McMuffin Bacon Egg stolze 4,65 \u20ac &#8211; n\u00e4\u00e4\u00e4\u00e4h, nicht mit mir.<\/p>\n<p><a href='http:\/\/extra.inmontanis.info\/d\/141262-2\/dsc02440.jpg'><img src=http:\/\/extra.inmontanis.info\/d\/141261-3\/dsc02440.jpg \/><\/a><br \/>\n^ Eink\u00e4ufe, aber hatte mir fr\u00fcher besser geschmeckt.<\/p>\n<p>Im Supermarkt mal Feuchtt\u00fccher testweise mitgenommen. Preislich so ein 25er Pack zwischen 0,67 bis \u00fcber 3 \u20ac &#8211; ich nahm die g\u00fcnstigste Packung. <\/p>\n<p>Wollt ich mal probieren als Alternative zu meinem bisherigen K\u00f6rperreinigungssystem, feuchter und k\u00fchler, aber man riecht besser und kann mehr Bereiche besser reinigen. Bei dem Preis von 0,67 pro 25 St\u00fcck auch preislich vertretbar. Vom M\u00fcll her schaut die Bilanz anders aus. Aber jeden zweiten bis dritten Tag als Alternative zum \u00fcblichen modus operandi k\u00f6nnte sinnvoll sein.<\/p>\n<p>Um den Preis von einem Tuch zahl ich ja daheim mehr f\u00fcr den Strom f\u00fcrs Warmwasser zum Duschen &#8230;<\/p>\n<p>Bei den Baguettes aber wieder Pech &#8211; egal ob im 0,28er oder sonstigen Fach, heute gab es wohl nur 1,25 \u20ac Baguettes. Dann halt heut wieder nicht. Sonstiges Geb\u00e4ck gab&#8217;s auch nix frisch. Und am Parkplatz lief wieder so ein Volltrottel mit Maske rum&#8230; Schlafschaf &#8230;<\/p>\n<p>Als der Regen um 13:30 einsetzte. \u00fcberlegte ich es mir und entschied mich gegen einen Campingplatz, fraglich ob Rezeption offen, aber Stromkabel verlegen bei Regen und morgen dann wieder nass einholen, die ggf. langen Wege zu den Toiletten bei Regen &#8211; n\u00e4h, da halt ich vorher anderswo. Temperaturm\u00e4\u00dfig wird&#8217;s nun eh wieder w\u00e4rmer.<\/p>\n<p><a href='http:\/\/extra.inmontanis.info\/d\/141080-2\/dsc02435.jpg'><img src=http:\/\/extra.inmontanis.info\/d\/141079-3\/dsc02435.jpg \/><\/a><br \/>\n^ <\/p>\n<p><a href='http:\/\/extra.inmontanis.info\/d\/141084-2\/dsc02437.jpg'><img src=http:\/\/extra.inmontanis.info\/d\/141083-3\/dsc02437.jpg \/><\/a><br \/>\n^ Schmale Br\u00fccke \u00fcber den Lot<\/p>\n<p>DO+FR solls in den Pyren\u00e4en sonnig werden, dann wieder bedeckt. Noch lang hin, aber das w\u00e4r dann doch wieder ein bisschen ein Argument, doch noch Masella zu kaufen und zu hoffen dass sie wenigstens ab DO aufsperren w\u00fcrden.<\/p>\n<p>Aber eigentlich ist ja nicht nur das Problem, nicht zu wissen, wann Masella nun genau aufmacht, sondern wann es schlie\u00dft. 9.4. oder so w\u00e4r halt wirklich Schei\u00dfe fr\u00fch als dass sich die 400 \u20ac Werktagssaisonkarte lohnen w\u00fcrde, da zahl  ich dann 100-200 \u20ac drauf.<\/p>\n<p>Definitiv \u00f6ffnen will am FR Les Angles, was aber in der N\u00e4he von Masella und nicht von Luz w\u00e4re, aber noch ohne Info was\/wieviel und zu welchem Preis. Definitiv \u00f6ffnen will am SA Formigal, wo ich wg. Werktagssaisonkarte erst ab morgen in 1 Woche dann fahren kann; Luz hat die \u00d6ffnung f\u00fcr SA noch nicht best\u00e4tigt. Auf den Webcams schauts noch etwas mager aus und fast nichts beschneit.<\/p>\n<p>Was mach ich nun mit der Masella-Saisonkarte, heute letzter Tag f\u00fcr den Vorverkaufsrabatt. Tja, ohne brauchbare Infos zum Saisonstart und (wichtiger) Saisonende, kauf ich sie mir nun nicht, sehr entt\u00e4uschend, dieses Verhalten. Hoffe ggf. auf die g\u00fcnstigere Fr\u00fchjahrssaisonkarte ab 1.3. und bis dann mehr Infos hinsichtlich Saisonenddatum.<\/p>\n<p>Was mach ich nun mit der Isle-of-Man-F\u00e4hre, buchen und wenn ja von wann bis wann und wieviel Tage? Die 24 Tage letzten Sommer waren zwar &#8220;auch wieder zu kurz&#8221;, aber andererseits hatte ich fast alles angessehen und ich m\u00fcsste n\u00e4chstes Jahr ja dann nicht schon wieder alle Wanderungen machen .. ?!<\/p>\n<p>Leider war der Tag schon wieder vorbei und die n\u00e4chsten Tage wurde das Pfund wieder teurer, weshalb ich die Sache weiter aufschob &#8230;<\/p>\n<p><strong>Mo, 24.11.2025<\/strong><\/p>\n<p>Die Nacht verlief so warm, dass ich morgens im Auto 14\u00b0 hatte &#8211; und die Standheizung erst nach einiger Zeit einschalten musste. <\/p>\n<p>Noch 340km bis Luz, von heute bis SA noch 6 Tage Fahrstrecke, also ca. 60km pro Tag. In 167km l\u00e4ge ein gratis Stellplatz mit gratis Strom (spendenbasis) auf dem Weg.<\/p>\n<p>Heute erstmals auf dieser Reise in einen Super-U-Supermarkt gegangen, starker Regen bei Ankunft und so soll es heut weiter gehen. Eine Torsade hab ich auch schon ewig nicht mehr gesehen, weder in Superm\u00e4rkten noch bei angrenzenden B\u00e4ckern, auch hier nicht. War gleich beim ersten Markt wohl ein Gl\u00fcckstreffer.<\/p>\n<p>Und schon wieder 2 Schlafschafe mit Maske hier im Supermarkt.<\/p>\n<p><a href='http:\/\/extra.inmontanis.info\/d\/141088-2\/dsc02451.jpg'><img src=http:\/\/extra.inmontanis.info\/d\/141087-3\/dsc02451.jpg \/><\/a><br \/>\n^ Aubin<\/p>\n<p>Kurz vor 16 Uhr am gew\u00fcnschten Nachtplatz gewesen, wo es leider kaum bis gar keinen Mobifunkempfang gab &#8211;  ging aber dann doch, das 3G (!) reichte hier zum Video streamen und Bilder uploaden. Nur nicht beides gleichzeitig.<\/p>\n<p><strong>Di, 25.11.2025<\/strong><\/p>\n<p><a href='http:\/\/extra.inmontanis.info\/d\/141092-2\/dsc02472.jpg'><img src=http:\/\/extra.inmontanis.info\/d\/141091-3\/dsc02472.jpg \/><\/a><br \/>\n^ Moulin de Castel<\/p>\n<p><a href='http:\/\/extra.inmontanis.info\/d\/141096-2\/dsc02468.jpg'><img src=http:\/\/extra.inmontanis.info\/d\/141095-3\/dsc02468.jpg \/><\/a><br \/>\n^ Parkplatz und Sportplatz<\/p>\n<p><a href='http:\/\/extra.inmontanis.info\/d\/141100-2\/dsc02467.jpg'><img src=http:\/\/extra.inmontanis.info\/d\/141099-3\/dsc02467.jpg \/><\/a><br \/>\n^ Wasserbecken f\u00fcr die M\u00fchle<\/p>\n<p><a href='http:\/\/extra.inmontanis.info\/d\/141104-2\/dsc02469.jpg'><img src=http:\/\/extra.inmontanis.info\/d\/141103-3\/dsc02469.jpg \/><\/a><br \/>\n^ Moulin de Castel<\/p>\n<p><a href='http:\/\/extra.inmontanis.info\/d\/141108-2\/dsc02471.jpg'><img src=http:\/\/extra.inmontanis.info\/d\/141107-3\/dsc02471.jpg \/><\/a><br \/>\n^ Wohl der Ausfluss der M\u00fchle<\/p>\n<p><a href='http:\/\/extra.inmontanis.info\/d\/141112-2\/dsc02473.jpg'><img src=http:\/\/extra.inmontanis.info\/d\/141111-3\/dsc02473.jpg \/><\/a><br \/>\n^ Infotafel zur Moulin de Castel<\/p>\n<p>Ich war zwar auf dieser Reise auch noch in keinem Carrefour oder Leroy Merlin, aber ich ging heut nochmals in einen Auchan, das w\u00e4r voraussichtlich auch der letzte vor den Pyren\u00e4en und da wollte ich nochmals so eine Erdbeer- und ggf. andere Marmeladen-Ersatz-So\u00dfe kaufen, da bisher nur im Auchan und als Auchan-Eigenmarke gesehen (Schoko+Karamell sieht man \u00f6fters). <\/p>\n<p>Das Logo vom Auchan ist ja ein Vogel und das hier ist nicht der erste Auchan, wo V\u00f6gel im Gesch\u00e4ft frei herumfliegen&#8230;<\/p>\n<p>K\u00fchlschrank voll, aber hier sah ich nochmals solche R\u00f6sti-Burger tiefgek\u00fchlt in der 2er Packung, entweder Schinken+K\u00e4se odr Hamburger+K\u00e4se (3,35 vs 2,39) und so oft hab ich das nicht gesehen, also mal die Hamburgervariante gekauft. Bei der ist leider Ketchup mit dabei, aber ob als zus\u00e4tzliche Packung oder integriert, war fraglich. Sp\u00e4ter im Auto nachgesehen, leider auf beiden Seiten vom Hamburger vereilt, unsch\u00f6n. Ich muss ja alles einzeln auf die Pfanne, also dann Ketchup erst einmal runterkratzen :(<\/p>\n<p>Bearnaise-Sauce auch mal gekauft, gibt&#8217;s nicht \u00fcberall.<\/p>\n<p>Nur 2 offene Kassen ist schon etwas heftig, bei der lahmen Geschwindikgkeit in Frankreich sowohl Kassierer wie Kunden und de meterhoch vollen Einkaufsw\u00e4gen &#8230;<\/p>\n<p>Aber, heuer noch keine alte Frau gesehen, die noch das Scheckheft gez\u00fcckt h\u00e4tte.<\/p>\n<p><a href='http:\/\/extra.inmontanis.info\/d\/141266-2\/img_20251125_135437_1.jpg'><img src=http:\/\/extra.inmontanis.info\/d\/141265-3\/img_20251125_135437_1.jpg \/><\/a><br \/>\n^ An jeder Kasse in diesem Auchan gibt es eine Waage mit analoger (!) Anzeige<\/p>\n<p><a href='http:\/\/extra.inmontanis.info\/d\/141116-2\/dsc02477.jpg'><img src=http:\/\/extra.inmontanis.info\/d\/141115-3\/dsc02477.jpg \/><\/a><br \/>\n^ Dort vorne sind die 90 km\/h wieder aufgehoben und man darf nur noch 80 fahren &#8230; &#8230;<\/p>\n<p><a href='http:\/\/extra.inmontanis.info\/d\/141120-2\/dsc02479.jpg'><img src=http:\/\/extra.inmontanis.info\/d\/141119-3\/dsc02479.jpg \/><\/a><br \/>\n^ <\/p>\n<p><a href='http:\/\/extra.inmontanis.info\/d\/141124-2\/dsc02484.jpg'><img src=http:\/\/extra.inmontanis.info\/d\/141123-3\/dsc02484.jpg \/><\/a><br \/>\n^ <\/p>\n<p><a href='http:\/\/extra.inmontanis.info\/d\/141130-2\/dsc02488.jpg'><img src=http:\/\/extra.inmontanis.info\/d\/141128-3\/dsc02488.jpg \/><\/a><br \/>\n^ Montauban<\/p>\n<p><a href='http:\/\/extra.inmontanis.info\/d\/141134-2\/dsc02489.jpg'><img src=http:\/\/extra.inmontanis.info\/d\/141133-3\/dsc02489.jpg \/><\/a><br \/>\n^ Montauban, zu dieser Stra\u00dfe dort oben ..<\/p>\n<p><a href='http:\/\/extra.inmontanis.info\/d\/141138-2\/dsc02490.jpg'><img src=http:\/\/extra.inmontanis.info\/d\/141137-3\/dsc02490.jpg \/><\/a><br \/>\n^ &#8230; muss ich nun rauffahren ..<\/p>\n<p><a href='http:\/\/extra.inmontanis.info\/d\/141142-2\/dsc02492.jpg'><img src=http:\/\/extra.inmontanis.info\/d\/141141-3\/dsc02492.jpg \/><\/a><br \/>\n^ .. um \u00fcber diese alte Br\u00fccke zu fahren. Die ich mal besser auch von unten h\u00e4tte fotografieren sollen<\/p>\n<p><a href='http:\/\/extra.inmontanis.info\/d\/141146-2\/dsc02493.jpg'><img src=http:\/\/extra.inmontanis.info\/d\/141145-3\/dsc02493.jpg \/><\/a><br \/>\n^ Evtl. eine alte Markthalle<\/p>\n<p><a href='http:\/\/extra.inmontanis.info\/d\/141150-2\/dsc02494.jpg'><img src=http:\/\/extra.inmontanis.info\/d\/141149-3\/dsc02494.jpg \/><\/a><br \/>\n^ Unterf\u00fchrung<\/p>\n<p><a href='http:\/\/extra.inmontanis.info\/d\/141154-2\/dsc02498.jpg'><img src=http:\/\/extra.inmontanis.info\/d\/141153-3\/dsc02498.jpg \/><\/a><br \/>\n^ Montech-Kanal in Montauban<\/p>\n<p><a href='http:\/\/extra.inmontanis.info\/d\/141158-2\/dsc02499.jpg'><img src=http:\/\/extra.inmontanis.info\/d\/141157-3\/dsc02499.jpg \/><\/a><br \/>\n^ Montech-Kanal in Montauban<\/p>\n<p><a href='http:\/\/extra.inmontanis.info\/d\/141162-2\/dsc02500.jpg'><img src=http:\/\/extra.inmontanis.info\/d\/141161-3\/dsc02500.jpg \/><\/a><br \/>\n^ Montech-Kanal in Montauban<\/p>\n<p><a href='http:\/\/extra.inmontanis.info\/d\/141166-2\/dsc02502.jpg'><img src=http:\/\/extra.inmontanis.info\/d\/141165-3\/dsc02502.jpg \/><\/a><br \/>\n^ Montech-Kanal in Montauban<\/p>\n<p><a href='http:\/\/extra.inmontanis.info\/d\/141170-2\/dsc02503.jpg'><img src=http:\/\/extra.inmontanis.info\/d\/141169-3\/dsc02503.jpg \/><\/a><br \/>\n^ Hier gibt&#8217;s eine interessante Doppelschleuse<\/p>\n<p><a href='http:\/\/extra.inmontanis.info\/d\/141174-2\/dsc02504.jpg'><img src=http:\/\/extra.inmontanis.info\/d\/141173-3\/dsc02504.jpg \/><\/a><br \/>\n^ .. scheint aber wohl in letzter Zeit nicht in Betrieb gewesen zu sein<\/p>\n<p><a href='http:\/\/extra.inmontanis.info\/d\/141178-2\/dsc02505.jpg'><img src=http:\/\/extra.inmontanis.info\/d\/141177-3\/dsc02505.jpg \/><\/a><br \/>\n^ Vmtl. das alte Schleusenw\u00e4rterhaus<\/p>\n<p><a href='http:\/\/extra.inmontanis.info\/d\/141182-2\/dsc02506.jpg'><img src=http:\/\/extra.inmontanis.info\/d\/141181-3\/dsc02506.jpg \/><\/a><br \/>\n^ .. zumindest die Aufschrift betrifft die Schleuse und nicht den Zug. Interessant, dass da oben Fenster offen sind<\/p>\n<p><a href='http:\/\/extra.inmontanis.info\/d\/141186-2\/dsc02508.jpg'><img src=http:\/\/extra.inmontanis.info\/d\/141185-3\/dsc02508.jpg \/><\/a><br \/>\n^ H\u00e4tte schon wieder zur\u00fcck gehen wollen, da entdeckte ich hier, dass der Weg nicht endet, sondern in eine Treppe m\u00fcndet ..<\/p>\n<p><a href='http:\/\/extra.inmontanis.info\/d\/141190-2\/dsc02509.jpg'><img src=http:\/\/extra.inmontanis.info\/d\/141189-3\/dsc02509.jpg \/><\/a><br \/>\n^ .. und man dadurch die Eisenbahn unterqueren kann<\/p>\n<p><a href='http:\/\/extra.inmontanis.info\/d\/141194-2\/dsc02510.jpg'><img src=http:\/\/extra.inmontanis.info\/d\/141193-3\/dsc02510.jpg \/><\/a><br \/>\n^ .. und nach der Eisenbahnunterf\u00fchrung geht&#8217;s nochmals etwas runter ..<\/p>\n<p><a href='http:\/\/extra.inmontanis.info\/d\/141198-2\/dsc02512.jpg'><img src=http:\/\/extra.inmontanis.info\/d\/141197-3\/dsc02512.jpg \/><\/a><br \/>\n^ Zwischen Auto- und Eisenbahnbr\u00fccke<\/p>\n<p><a href='http:\/\/extra.inmontanis.info\/d\/141202-2\/dsc02513.jpg'><img src=http:\/\/extra.inmontanis.info\/d\/141201-3\/dsc02513.jpg \/><\/a><br \/>\n^ Autobr\u00fccke \u00fcber den Kanal<\/p>\n<p><a href='http:\/\/extra.inmontanis.info\/d\/141206-2\/dsc02514.jpg'><img src=http:\/\/extra.inmontanis.info\/d\/141205-3\/dsc02514.jpg \/><\/a><br \/>\n^ So, warum also diese Doppelschleuse hier so interessant ist: Der eine Teil der Schleuse ist unter den beiden Br\u00fccken! Plus: Kreuzung von Kanal, Stra\u00dfe und Eisenbahn<\/p>\n<p><a href='http:\/\/extra.inmontanis.info\/d\/141210-2\/dsc02519.jpg'><img src=http:\/\/extra.inmontanis.info\/d\/141209-3\/dsc02519.jpg \/><\/a><br \/>\n^ Der Fluss Tarn<\/p>\n<p><a href='http:\/\/extra.inmontanis.info\/d\/141214-2\/dsc02521.jpg'><img src=http:\/\/extra.inmontanis.info\/d\/141213-3\/dsc02521.jpg \/><\/a><br \/>\n^ Tarn<\/p>\n<p><a href='http:\/\/extra.inmontanis.info\/d\/141218-2\/dsc02522.jpg'><img src=http:\/\/extra.inmontanis.info\/d\/141217-3\/dsc02522.jpg \/><\/a><br \/>\n^ Montech-Kanal in Montauban m\u00fcndet hier in den Tarn<\/p>\n<p><a href='http:\/\/extra.inmontanis.info\/d\/141222-2\/dsc02523.jpg'><img src=http:\/\/extra.inmontanis.info\/d\/141221-3\/dsc02523.jpg \/><\/a><br \/>\n^ Auto- und Zugbr\u00fccken \u00fcber den Kanal<\/p>\n<p><a href='http:\/\/extra.inmontanis.info\/d\/141226-2\/dsc02524.jpg'><img src=http:\/\/extra.inmontanis.info\/d\/141225-3\/dsc02524.jpg \/><\/a><br \/>\n^ .. auf der anderen Seite bin ich wieder retour gegangen<\/p>\n<p><a href='http:\/\/extra.inmontanis.info\/d\/141230-2\/dsc02525.jpg'><img src=http:\/\/extra.inmontanis.info\/d\/141229-3\/dsc02525.jpg \/><\/a><br \/>\n^ die Unterf\u00fchrung schaut \u00e4hnlich aus<\/p>\n<p><a href='http:\/\/extra.inmontanis.info\/d\/141234-2\/dsc02528.jpg'><img src=http:\/\/extra.inmontanis.info\/d\/141233-3\/dsc02528.jpg \/><\/a><br \/>\n^ Von hier aus wirkt die Schleuse an der Eisenbahnbr\u00fccke noch surrealer<\/p>\n<p><a href='http:\/\/extra.inmontanis.info\/d\/141238-2\/dsc02526.jpg'><img src=http:\/\/extra.inmontanis.info\/d\/141237-3\/dsc02526.jpg \/><\/a><br \/>\n^ Schleuse und Kanal<\/p>\n<p><a href='http:\/\/extra.inmontanis.info\/d\/141242-2\/dsc02529.jpg'><img src=http:\/\/extra.inmontanis.info\/d\/141241-3\/dsc02529.jpg \/><\/a><br \/>\n^ Von dieser Seite aus k\u00f6nnte man in das verlassene Haus rein &#8230;<\/p>\n<p><a href='http:\/\/extra.inmontanis.info\/d\/141246-2\/dsc02530.jpg'><img src=http:\/\/extra.inmontanis.info\/d\/141245-3\/dsc02530.jpg \/><\/a><br \/>\n^ .. aber mir war etwas zu viel los hier und daher nur kurz reinfotografiert<\/p>\n<p><a href='http:\/\/extra.inmontanis.info\/d\/141250-2\/dsc02532.jpg'><img src=http:\/\/extra.inmontanis.info\/d\/141249-3\/dsc02532.jpg \/><\/a><br \/>\n^ Infotafel zu Montauban<\/p>\n<p><a href='http:\/\/extra.inmontanis.info\/d\/141254-2\/dsc02533.jpg'><img src=http:\/\/extra.inmontanis.info\/d\/141253-3\/dsc02533.jpg \/><\/a><br \/>\n^ \u00dcber schiffbare Fl\u00fcsse und Kan\u00e4le, die teils parallel zum Fluss verlaufen, kann man hier vom Atlantik zum Mittelmeer bzw. umgekehrt! H\u00e4tte ich eine Yacht in Saint Tropez, w\u00fcrd ich das mal machen ;)<\/p>\n<p><a href='http:\/\/extra.inmontanis.info\/d\/141258-2\/dsc02534.jpg'><img src=http:\/\/extra.inmontanis.info\/d\/141257-3\/dsc02534.jpg \/><\/a><br \/>\n^ Hier im WC &#8230; die Schilder f\u00fcr den M\u00fcll und das Klopapier sind genau falsch montiert. Quasi von einer Niete fest genietet.<\/p>\n<p><a href='http:\/\/extra.inmontanis.info\/d\/141270-2\/dsc02487.jpg'><img src=http:\/\/extra.inmontanis.info\/d\/141269-3\/dsc02487.jpg \/><\/a><br \/>\n^ R\u00f6sti-Burger (TK)<\/p>\n<p><a href='http:\/\/extra.inmontanis.info\/d\/141274-2\/dsc02538.jpg'><img src=http:\/\/extra.inmontanis.info\/d\/141273-3\/dsc02538.jpg \/><\/a><br \/>\n^ R\u00f6stiburger<\/p>\n<p>Tja, Arschloch-Masella: Morgen Mittwoch machen sie nun schon auf. Das sagt man heute. Das h\u00e4tten sie nicht schon ein paar Tage fr\u00fcher sagen k\u00f6nnen. Tja, selbst Schuld, bekommen sie halt kein Geld von mir. Saisonende ist eh weiterhin unbekannt.<\/p>\n<p>Tja, die 3 zus\u00e4tzlichen Tage w\u00e4ren schon sch\u00f6n gewesen, wird sonst echt knapp, wenigstens 150 Skitage diese Sasion zu schaffen&#8230; also ohne Mattenskigebiete im UK im Sommer wird das nicht klappen &#8211; oder teure Skip\u00e4sse Anfang Mai in den Alpen &#8230;<\/p>\n<p><strong>Mi, 26.11.2025<\/strong><\/p>\n<p>\u00dcberraschenderweise heute Nacht drau\u00dfen Frost, ab \u00fcbermorgen soll es hier wieder 6-9\u00b0 nachts geben.<\/p>\n<p><a href='http:\/\/extra.inmontanis.info\/d\/141278-2\/dsc02539.jpg'><img src=http:\/\/extra.inmontanis.info\/d\/141277-3\/dsc02539.jpg \/><\/a><br \/>\n^ <\/p>\n<p><a href='http:\/\/extra.inmontanis.info\/d\/141282-2\/dsc02542.jpg'><img src=http:\/\/extra.inmontanis.info\/d\/141281-3\/dsc02542.jpg \/><\/a><br \/>\n^ Diese alte H\u00e4ngebr\u00fccke zu sp\u00e4t gesehen<\/p>\n<p><a href='http:\/\/extra.inmontanis.info\/d\/141286-2\/dsc02551.jpg'><img src=http:\/\/extra.inmontanis.info\/d\/141285-3\/dsc02551.jpg \/><\/a><br \/>\n^ <\/p>\n<p><a href='http:\/\/extra.inmontanis.info\/d\/141290-2\/dsc02553.jpg'><img src=http:\/\/extra.inmontanis.info\/d\/141289-3\/dsc02553.jpg \/><\/a><br \/>\n^ <\/p>\n<p><a href='http:\/\/extra.inmontanis.info\/d\/141294-2\/dsc02562.jpg'><img src=http:\/\/extra.inmontanis.info\/d\/141293-3\/dsc02562.jpg \/><\/a><br \/>\n^ <\/p>\n<p><a href='http:\/\/extra.inmontanis.info\/d\/141298-2\/dsc02565.jpg'><img src=http:\/\/extra.inmontanis.info\/d\/141297-3\/dsc02565.jpg \/><\/a><br \/>\n^ <\/p>\n<p>Heute kein weiteres Zwischenziel gefunden au\u00dfer eben den eventuell gratis Stellplatz mit gratis Strom bzw. auf spendenbasis in Cologne (K\u00f6ln).<\/p>\n<p>3 Womos standen hier gegen 13 Uhr, war aber noch genug Platz, 2 Stroms\u00e4ulen \u00e0 4 Anschl\u00fcsse. Nur das WC schien wohl leider im Winter geschlossen, soll auch eine Dusche haben. M\u00fcsste doch endlich mal wieder Haare waschen &#8230;<\/p>\n<p>Warum sind Wohnmobile eigentlich alle wei\u00df? Weil die, die auf Farbe stehen, eher Campervans kaufen? <\/p>\n<p>Staubsauger musste ich heut mal rausholen, bei der Gelegenheit mal gecheckt, welche Bindung da unten liegt &#8211; d\u00fcrfte die von den alten Carpani sein, zumindest 3\/4 davon, also 1\/4 muss wo anders liegen und die alten carpani wollte ich ja jetzt  zum Saisonbeginn mal als erstes testen wg. ggf. Schneearmut und noch einigen Steinen.<\/p>\n<p>Dabei bemerkt, dass s\u00e4mtliche Mini-Silikat-K\u00fcgelchen &#8220;gr\u00fcn&#8221; sind. Die waren ja Orange und die hab ich als Indikatoren mit zum g\u00fcnstigen Katzenstreu rein. D.h. die Beutelchen m\u00fcsste ich jetzt eigentlich alle schon zum Trocknen in die Mikrowelle tun &#8211; oder w\u00e4hrend der Fahrt an die Windschutzscheibe und Heizung mit Klimaanlage voll einschalten.<\/p>\n<p>Sollte mal morgen oder Freitag wenigstens 1 Paar Ski zusammenbauen &#8211; bevor ich das am Samstag bei Minustemperaturen oder gar Schneefall machen muss..<\/p>\n<p>Nachmittags kamen noch einige Camper\/Womos hier und der Platz wurde noch fast voll.<\/p>\n<p><a href='http:\/\/extra.inmontanis.info\/d\/141302-2\/dsc02569.jpg'><img src=http:\/\/extra.inmontanis.info\/d\/141301-3\/dsc02569.jpg \/><\/a><br \/>\n^ Asia-Mix aus dem K\u00fchlregal, 2 verschiedene So\u00dfen sind da auch immer dabei.<\/p>\n<p>Nochmals bei n&#8217;py nachgefragt &#8211; Luz sollte am Samstag \u00f6ffnen und ich sollte meinen Saisonpass abholen k\u00f6nnen. Von dem her gut, dass dann wenigstens das klappen sollte. Wetterm\u00e4\u00dfig tja, da w\u00e4rs heut + die n\u00e4chsten 2 Tage eventuell sch\u00f6ner in Masella als dann SA\/SO in Luz.<\/p>\n<p>MO dann nochmals Luz oder nach Spanien Formigal weiter. Stellplatzm\u00e4\u00dfig ist beides nicht so geil, Luz entweder haufenweise Kehren fahren, wenn man unten an einem Campingplatz steht oder oben im Skigebiet bei wesentlich k\u00e4lteren Temperaturen frei stehen; in Formigal darf man an wohl allen Parkpl\u00e4tzen im Skigebiet nicht stehen, zumindest offiziell verboten, und der Bezahlplatz weiter unten im Ort geht nur via App zu bezahlen + reservieren, aber man soll keine Strompl\u00e4tze reservieren k\u00f6nnen und von denen gibt es angeblich nur wenige.<\/p>\n<p>Skibusse gibts, aber unpassend, die in Formigal, die da in den Ort mit dem Stellplatz fahren, f\u00e4hrt nur 1-2x am Tag und der in Luz f\u00e4hrt auch nur 1-3x rauf und runter und rauf nur vor 11 Uhr. <\/p>\n<p>So schaut der Saisonstart jetzt in den Pyren\u00e4en und Spanien aus:<\/p>\n<p>Masella seit heute, 26.11.<br \/>\n28.11.<br \/>\n&#8211; Les Angles (FR)<br \/>\n29.11.<br \/>\n&#8211; Sierra Nevada (ES)<br \/>\n&#8211; Baqueira Beret (ES) &#8220;17 Lifte, 40 Pisten und 54km&#8221;<br \/>\n&#8211; Formigal (ES)  &#8211; hier gilt meine Pirineos-Werktagesaisonkarte, 17 Lifte, 47km<br \/>\n&#8211; La Molina (ES; das mit Masella verbundene) (WE)<br \/>\n&#8211; Port\u00e9-Puymorens (FR) &#8211; nur WE<br \/>\n&#8211; Luz Ardiden (FR) &#8211; hier gilt meine n&#8217;py-Saisonkarte (Teilgebiet, ab 3.12. komplett)<br \/>\n&#8211; Astun  (ES)  &#8211; hier gilt meine Pirineos-Werktagesaisonkarte, 50% offen, aber nur am WE<br \/>\n(Cerler \/ ES, wo meine Pirineos-Karte gilt, musste wohl verschieben)<br \/>\nam 4., 5., und 6. machen etliche weitere auf.<\/p>\n<p>Vom 20.12.-7.1.  kann ich mit der Pirineos-Werktage-Saisonkarte nicht fahren, deshalb sollte ich damit durchaus jetzt zum Saisonanfang  gleich ein paar Tage abfahren.<\/p>\n<p>Jedenfalls sollte ich bis mind. 20.12. in der n&#8217;py\/Formigal-Gegend bleiben, damit ich dann die Gavarnie-Saisonkarte abholen kann, die ich ja brauch, um diverse andere Gebiete fahren zu k\u00f6nnen.<\/p>\n<p>Letztens gesehen, eine Karte der geschlossenen Skigebiete in Frankreich, da schauts in den Pyren\u00e4en ja noch vergleichsweise gut aus zu den anderen Bergregionen:<br \/>\n<a href='https:\/\/www.nevasport.com\/fotos\/241125\/1073417-estaciones-de-esqui-en-Francia.jpg'>https:\/\/www.nevasport.com\/fotos\/241125\/1073417-estaciones-de-esqui-en-Francia.jpg<\/a><\/p>\n","protected":false},"excerpt":{"rendered":"<p>So, 23.11.2025<\/p>\n<p>.. dann also in der n\u00e4chst gr\u00f6\u00dferen Stadt auf dem Weg mal nochmals einen E.Leclerc Supermarkt auf die Zwischenstoppliste gesetzt. <\/p>\n<p>Wetterm\u00e4\u00dfig sind andere Zwischenstopps heute unlohnenswert, weil: Nebel. Also vom Massif Central, meinem ersten Besuch hier, hab ich leider nicht viel gesehen.<\/p>\n<p>Ikea-Restaurant-m\u00e4\u00dfig schaut&#8217;s leider nicht gut aus, lag bisher in Frankreich <a href=\"http:\/\/blog.inmontanis.info\/?p=11047\">[&#8230;]<\/a><\/p>\n","protected":false},"author":1,"featured_media":11049,"comment_status":"closed","ping_status":"closed","sticky":false,"template":"","format":"standard","meta":{"footnotes":""},"categories":[950,16],"tags":[133],"class_list":["post-11047","post","type-post","status-publish","format-standard","has-post-thumbnail","hentry","category-2025-09-2026-11-pyrenaen-uk-co","category-france","tag-kanalcanal","odd"],"_links":{"self":[{"href":"http:\/\/blog.inmontanis.info\/index.php?rest_route=\/wp\/v2\/posts\/11047","targetHints":{"allow":["GET"]}}],"collection":[{"href":"http:\/\/blog.inmontanis.info\/index.php?rest_route=\/wp\/v2\/posts"}],"about":[{"href":"http:\/\/blog.inmontanis.info\/index.php?rest_route=\/wp\/v2\/types\/post"}],"author":[{"embeddable":true,"href":"http:\/\/blog.inmontanis.info\/index.php?rest_route=\/wp\/v2\/users\/1"}],"replies":[{"embeddable":true,"href":"http:\/\/blog.inmontanis.info\/index.php?rest_route=%2Fwp%2Fv2%2Fcomments&post=11047"}],"version-history":[{"count":1,"href":"http:\/\/blog.inmontanis.info\/index.php?rest_route=\/wp\/v2\/posts\/11047\/revisions"}],"predecessor-version":[{"id":11048,"href":"http:\/\/blog.inmontanis.info\/index.php?rest_route=\/wp\/v2\/posts\/11047\/revisions\/11048"}],"wp:featuredmedia":[{"embeddable":true,"href":"http:\/\/blog.inmontanis.info\/index.php?rest_route=\/wp\/v2\/media\/11049"}],"wp:attachment":[{"href":"http:\/\/blog.inmontanis.info\/index.php?rest_route=%2Fwp%2Fv2%2Fmedia&parent=11047"}],"wp:term":[{"taxonomy":"category","embeddable":true,"href":"http:\/\/blog.inmontanis.info\/index.php?rest_route=%2Fwp%2Fv2%2Fcategories&post=11047"},{"taxonomy":"post_tag","embeddable":true,"href":"http:\/\/blog.inmontanis.info\/index.php?rest_route=%2Fwp%2Fv2%2Ftags&post=11047"}],"curies":[{"name":"wp","href":"https:\/\/api.w.org\/{rel}","templated":true}]}}