{"id":11042,"date":"2025-11-22T19:21:46","date_gmt":"2025-11-22T18:21:46","guid":{"rendered":"http:\/\/blog.inmontanis.info\/?p=11042"},"modified":"2025-12-02T19:30:23","modified_gmt":"2025-12-02T18:30:23","slug":"zentralmassiv-chateau-daurouze-lioran-skigebiet-22-11-2025","status":"publish","type":"post","link":"http:\/\/blog.inmontanis.info\/?p=11042","title":{"rendered":"Zentralmassiv: Ch\u00e2teau d&#8217;Aurouze + Lioran Skigebiet, 22.11.2025"},"content":{"rendered":"<p><strong>Sa, 22.11.2025<\/strong><\/p>\n<p>F\u00fcr Lioran ist heute sonnig gemeldet, morgen noch etwas Schnee, aber ab MO dann 2 Tage starker Regen (evtl. auch als Schnee); ich k\u00e4me dann nach \u00fcber 100km Fahrstrecke heute auch aus dem Massif Central raus, aber die Regenf\u00e4lle kommen vom Westen, d.h. die erwischen mich dann die n\u00e4chste Woche sowieso.<\/p>\n<p>W\u00fcrde ich direkter nach S\u00fcden fahren, w\u00e4re ich morgen  wohl noch in h\u00f6heren Bereichen in den Bergen, f\u00fcr MO+DI w\u00e4re dann  weniger Niederschlag gemeldet, w\u00fcrde dann aber am Mittelmeer landen&#8230;. was nur f\u00fcr die Strecke nach Masella sinnvoll w\u00e4re&#8230;<\/p>\n<p>Ich entschied mich f\u00fcr die Lioran-Variante.<\/p>\n<p><a href='http:\/\/extra.inmontanis.info\/d\/140888-2\/dsc02212.jpg'><img src=http:\/\/extra.inmontanis.info\/d\/140887-3\/dsc02212.jpg \/><\/a><br \/>\n^ Ein breites Tal und dann kommen wieder Berge auf der anderen Seite<\/p>\n<p><a href='http:\/\/extra.inmontanis.info\/d\/140892-2\/dsc02214.jpg'><img src=http:\/\/extra.inmontanis.info\/d\/140891-3\/dsc02214.jpg \/><\/a><br \/>\n^ <\/p>\n<p><a href='http:\/\/extra.inmontanis.info\/d\/140896-2\/dsc02215.jpg'><img src=http:\/\/extra.inmontanis.info\/d\/140895-3\/dsc02215.jpg \/><\/a><br \/>\n^ <\/p>\n<p>F\u00fcr knapp 20km fuhr ich heut mal eine kostenlose Autobahn. Kaum drauf ein Schild gesehen von irgendeiner Schlucht, hoffentlich h\u00e4tte ich die nicht stattdessen fahren k\u00f6nnen &#8230;<\/p>\n<p><a href='http:\/\/extra.inmontanis.info\/d\/140900-2\/dsc02229.jpg'><img src=http:\/\/extra.inmontanis.info\/d\/140899-3\/dsc02229.jpg \/><\/a><br \/>\n^ Auf der kostenlosen A75<\/p>\n<p><a href='http:\/\/extra.inmontanis.info\/d\/140904-2\/dsc02232.jpg'><img src=http:\/\/extra.inmontanis.info\/d\/140903-3\/dsc02232.jpg \/><\/a><br \/>\n^ Auf der kostenlosen A75<\/p>\n<p><a href='http:\/\/extra.inmontanis.info\/d\/140908-2\/dsc02233.jpg'><img src=http:\/\/extra.inmontanis.info\/d\/140907-3\/dsc02233.jpg \/><\/a><br \/>\n^ und da muss ich die A75 schon wieder verlassen<\/p>\n<p>Der heutige  Intermarch\u00e9 war etwas kleiner und hatte kein WC und auch kein Billig-Baguette. Vielleicht bekomm ich morgen was.<\/p>\n<p>Im Ort eine \u00f6ffentliche Toilette ben\u00fctzt. Egal ob im Ort, Supermarkt &#8211; oder sp\u00e4ter im Skigebiet &#8211; dass es mal eine gibt, die &#8220;alles&#8221; hat, ist ganz, ganz selten. Entweder fehlt Klopapier oder Seife oder Klobrille und nat\u00fcrlich ganz oft Haken. <\/p>\n<p><a href='http:\/\/extra.inmontanis.info\/d\/140912-2\/dsc02235.jpg'><img src=http:\/\/extra.inmontanis.info\/d\/140911-3\/dsc02235.jpg \/><\/a><br \/>\n^ Die Burg da oben scheint weniger ruin\u00f6s zu sein, als die, die ich mir heut ansehen m\u00f6chte.<\/p>\n<p><a href='http:\/\/extra.inmontanis.info\/d\/140916-2\/dsc02238.jpg'><img src=http:\/\/extra.inmontanis.info\/d\/140915-3\/dsc02238.jpg \/><\/a><br \/>\n^ .. das Ch\u00e2teau d&#8217;Aurouze<\/p>\n<p><a href='http:\/\/extra.inmontanis.info\/d\/140920-2\/dsc02239.jpg'><img src=http:\/\/extra.inmontanis.info\/d\/140919-3\/dsc02239.jpg \/><\/a><br \/>\n^ Ch\u00e2teau d&#8217;Aurouze<\/p>\n<p>Der Weg vom Ort aus soll etwas schwierig und steil sein, es gibt auch eine Stra\u00dfe hinauf und schaut auf dem Satbild nach Parkplatz aus &#8230;  (aber das t\u00e4uschte dann vor Ort).<\/p>\n<p>&#128681; Gespeicherte Geolocation &#8211; Karte anzeigen: <a href='https:\/\/www.google.com\/maps\/@?api=1&#038;map_action=map&#038;center=45.2371167,3.1390317&#038;zoom=12&#038;basemap=terrain' target=_blank> GoogleMaps<\/a> &#128681; <a href='https:\/\/www.openstreetmap.org\/?&#038;mlat=45.2371167&#038;mlon=3.1390317#map=10\/45.2371167\/3.1390317&#038;layers=P' target=_blank> OSM &#128681;<\/a><\/p>\n<p><a href='http:\/\/extra.inmontanis.info\/d\/140924-2\/dsc02241.jpg'><img src=http:\/\/extra.inmontanis.info\/d\/140923-3\/dsc02241.jpg \/><\/a><br \/>\n^ Alternative zu dem wohl etwas schwierigen Weg vom Tal ist dieser Stra\u00dfe, kein Fahrverbot, aber wer wei\u00df, was da noch kommt, daher lieber unten stehen geblieben.<\/p>\n<p><a href='http:\/\/extra.inmontanis.info\/d\/140928-2\/dsc02308.jpg'><img src=http:\/\/extra.inmontanis.info\/d\/140927-3\/dsc02308.jpg \/><\/a><br \/>\n^ Infotafel Ch\u00e2teau d&#8217;Aurouze<\/p>\n<p><a href='http:\/\/extra.inmontanis.info\/d\/140932-2\/dsc02245.jpg'><img src=http:\/\/extra.inmontanis.info\/d\/140931-3\/dsc02245.jpg \/><\/a><br \/>\n^ Gleich in der ersten Kehre h\u00e4tte man aber auch parken k\u00f6nnen<\/p>\n<p><a href='http:\/\/extra.inmontanis.info\/d\/140936-2\/dsc02253.jpg'><img src=http:\/\/extra.inmontanis.info\/d\/140935-3\/dsc02253.jpg \/><\/a><br \/>\n^ Ch\u00e2teau d&#8217;Aurouze<\/p>\n<p><a href='http:\/\/extra.inmontanis.info\/d\/140940-2\/dsc02255.jpg'><img src=http:\/\/extra.inmontanis.info\/d\/140939-3\/dsc02255.jpg \/><\/a><br \/>\n^ Blick runter in den Ort und das Tal<\/p>\n<p><a href='http:\/\/extra.inmontanis.info\/d\/140944-2\/dsc02259.jpg'><img src=http:\/\/extra.inmontanis.info\/d\/140943-3\/dsc02259.jpg \/><\/a><br \/>\n^ Ch\u00e2teau d&#8217;Aurouze, ich kam vom Weg her auf der rechten Seite, links dagegen ..<\/p>\n<p><a href='http:\/\/extra.inmontanis.info\/d\/140948-2\/dsc02260.jpg'><img src=http:\/\/extra.inmontanis.info\/d\/140947-3\/dsc02260.jpg \/><\/a><br \/>\n^ .. scheint wohl der offizielle Eingang gewesen zu sein.<\/p>\n<p><a href='http:\/\/extra.inmontanis.info\/d\/140952-2\/dsc02263.jpg'><img src=http:\/\/extra.inmontanis.info\/d\/140951-3\/dsc02263.jpg \/><\/a><br \/>\n^ Weg vom Ort rauf<\/p>\n<p><a href='http:\/\/extra.inmontanis.info\/d\/140956-2\/dsc02261.jpg'><img src=http:\/\/extra.inmontanis.info\/d\/140955-3\/dsc02261.jpg \/><\/a><br \/>\n^ Au\u00dfen<\/p>\n<p><a href='http:\/\/extra.inmontanis.info\/d\/140960-2\/dsc02264.jpg'><img src=http:\/\/extra.inmontanis.info\/d\/140959-3\/dsc02264.jpg \/><\/a><br \/>\n^ Au\u00dfen<\/p>\n<p><a href='http:\/\/extra.inmontanis.info\/d\/140964-2\/dsc02267.jpg'><img src=http:\/\/extra.inmontanis.info\/d\/140963-3\/dsc02267.jpg \/><\/a><br \/>\n^ Keller<\/p>\n<p><a href='http:\/\/extra.inmontanis.info\/d\/140968-2\/dsc02273.jpg'><img src=http:\/\/extra.inmontanis.info\/d\/140967-3\/dsc02273.jpg \/><\/a><br \/>\n^ Keller<\/p>\n<p><a href='http:\/\/extra.inmontanis.info\/d\/140972-2\/dsc02274.jpg'><img src=http:\/\/extra.inmontanis.info\/d\/140971-3\/dsc02274.jpg \/><\/a><br \/>\n^ <\/p>\n<p><a href='http:\/\/extra.inmontanis.info\/d\/140976-2\/dsc02277.jpg'><img src=http:\/\/extra.inmontanis.info\/d\/140975-3\/dsc02277.jpg \/><\/a><br \/>\n^ Innen<\/p>\n<p><a href='http:\/\/extra.inmontanis.info\/d\/140980-2\/dsc02279.jpg'><img src=http:\/\/extra.inmontanis.info\/d\/140979-3\/dsc02279.jpg \/><\/a><br \/>\n^ Innen<\/p>\n<p><a href='http:\/\/extra.inmontanis.info\/d\/140984-2\/dsc02280.jpg'><img src=http:\/\/extra.inmontanis.info\/d\/140983-3\/dsc02280.jpg \/><\/a><br \/>\n^ Wer die Bretter da wohl mal warum installiert hatte&#8230;<\/p>\n<p><a href='http:\/\/extra.inmontanis.info\/d\/140988-2\/dsc02281.jpg'><img src=http:\/\/extra.inmontanis.info\/d\/140987-3\/dsc02281.jpg \/><\/a><br \/>\n^ Innen<\/p>\n<p><a href='http:\/\/extra.inmontanis.info\/d\/140992-2\/dsc02285.jpg'><img src=http:\/\/extra.inmontanis.info\/d\/140991-3\/dsc02285.jpg \/><\/a><br \/>\n^ Innen<\/p>\n<p><a href='http:\/\/extra.inmontanis.info\/d\/140996-2\/dsc02294.jpg'><img src=http:\/\/extra.inmontanis.info\/d\/140995-3\/dsc02294.jpg \/><\/a><br \/>\n^ Im gro\u00dfen Turm sind die Stockwerke noch intakt, hier das unterste<\/p>\n<p><a href='http:\/\/extra.inmontanis.info\/d\/141000-2\/dsc02284.jpg'><img src=http:\/\/extra.inmontanis.info\/d\/140999-3\/dsc02284.jpg \/><\/a><br \/>\n^ Decke<\/p>\n<p><a href='http:\/\/extra.inmontanis.info\/d\/141004-2\/dsc02296.jpg'><img src=http:\/\/extra.inmontanis.info\/d\/141003-3\/dsc02296.jpg \/><\/a><br \/>\n^ Decke &#8211; und die Steine halten immer noch<\/p>\n<p><a href='http:\/\/extra.inmontanis.info\/d\/141008-2\/dsc02297.jpg'><img src=http:\/\/extra.inmontanis.info\/d\/141007-3\/dsc02297.jpg \/><\/a><br \/>\n^ Klo bzw. Abort<\/p>\n<p><a href='http:\/\/extra.inmontanis.info\/d\/141012-2\/dsc02299.jpg'><img src=http:\/\/extra.inmontanis.info\/d\/141011-3\/dsc02299.jpg \/><\/a><br \/>\n^ Eingang<\/p>\n<p><a href='http:\/\/extra.inmontanis.info\/d\/141016-2\/dsc02288.jpg'><img src=http:\/\/extra.inmontanis.info\/d\/141015-3\/dsc02288.jpg \/><\/a><br \/>\n^ Wer sich traut, kann auch in den 1. Stock klettern&#8230;<\/p>\n<p><a href='http:\/\/extra.inmontanis.info\/d\/141020-2\/dsc02287.jpg'><img src=http:\/\/extra.inmontanis.info\/d\/141019-3\/dsc02287.jpg \/><\/a><br \/>\n^ .. ich hab nur raufgezoomt<\/p>\n<p><a href='http:\/\/extra.inmontanis.info\/d\/141024-2\/dsc02291.jpg'><img src=http:\/\/extra.inmontanis.info\/d\/141023-3\/dsc02291.jpg \/><\/a><br \/>\n^ Der kleine Treppenturm auf der anderen Seite ist dagegen nur noch ohne Treppe intakt &#8230;<\/p>\n<p><a href='http:\/\/extra.inmontanis.info\/d\/141028-2\/dsc02292.jpg'><img src=http:\/\/extra.inmontanis.info\/d\/141027-3\/dsc02292.jpg \/><\/a><br \/>\n^ .. wenn da mal die Treppe war, hat man sie nicht gut gebaut<\/p>\n<p><a href='http:\/\/extra.inmontanis.info\/d\/141032-2\/dsc02302.jpg'><img src=http:\/\/extra.inmontanis.info\/d\/141031-3\/dsc02302.jpg \/><\/a><br \/>\n^ Im 2. Stock des gro\u00dfen Turms kommt man wohl nicht so leicht hinauf ..<\/p>\n<p><a href='http:\/\/extra.inmontanis.info\/d\/141036-2\/dsc02303.jpg'><img src=http:\/\/extra.inmontanis.info\/d\/141035-3\/dsc02303.jpg \/><\/a><br \/>\n^ &#8230; aber irgendwer hat das irgendwann einmal an die Wand gemalt<\/p>\n<p><a href='http:\/\/extra.inmontanis.info\/d\/141040-2\/dsc02304.jpg'><img src=http:\/\/extra.inmontanis.info\/d\/141039-3\/dsc02304.jpg \/><\/a><br \/>\n^ Weg auf der R\u00fcckseite wieder zum Auto retour<\/p>\n<p><a href='http:\/\/extra.inmontanis.info\/d\/141044-2\/dsc02306.jpg'><img src=http:\/\/extra.inmontanis.info\/d\/141043-3\/dsc02306.jpg \/><\/a><br \/>\n^ Weg runter<\/p>\n<p><a href='http:\/\/extra.inmontanis.info\/d\/141048-2\/dsc02307.jpg'><img src=http:\/\/extra.inmontanis.info\/d\/141047-3\/dsc02307.jpg \/><\/a><br \/>\n^ Fluss im Tal<\/p>\n<p><a href='http:\/\/extra.inmontanis.info\/d\/141052-2\/dsc02310.jpg'><img src=http:\/\/extra.inmontanis.info\/d\/141051-3\/dsc02310.jpg \/><\/a><br \/>\n^ Weiter gehts nach Murat<\/p>\n<p><a href='http:\/\/extra.inmontanis.info\/d\/141056-2\/dsc02320.jpg'><img src=http:\/\/extra.inmontanis.info\/d\/141055-3\/dsc02320.jpg \/><\/a><br \/>\n^ .. und kurz vorher mit Bergblick<\/p>\n<p><a href='http:\/\/extra.inmontanis.info\/d\/141060-2\/dsc02331.jpg'><img src=http:\/\/extra.inmontanis.info\/d\/141059-3\/dsc02331.jpg \/><\/a><br \/>\n^ Von Murat aus nach Le Lioran<\/p>\n<p><a href='http:\/\/ski.inmontanis.info\/d\/341754-2\/dsc02338.jpg'><img src=http:\/\/ski.inmontanis.info\/d\/341751-3\/dsc02338.jpg \/><\/a><br \/>\n^ Ankunft in Lioran &#8211; Ort<\/p>\n<p><a href='http:\/\/ski.inmontanis.info\/d\/341758-2\/dsc02341.jpg'><img src=http:\/\/ski.inmontanis.info\/d\/341757-3\/dsc02341.jpg \/><\/a><br \/>\n^ <\/p>\n<p><a href='http:\/\/ski.inmontanis.info\/d\/341766-2\/dsc02346.jpg'><img src=http:\/\/ski.inmontanis.info\/d\/341765-3\/dsc02346.jpg \/><\/a><br \/>\n^ Ganz am Ende schon fast in Gegenrichtung, die Sesselbahn Rombiere<\/p>\n<p><a href='http:\/\/ski.inmontanis.info\/d\/341770-2\/dsc02347.jpg'><img src=http:\/\/ski.inmontanis.info\/d\/341769-3\/dsc02347.jpg \/><\/a><br \/>\n^ Die mittlere der 3 unteren Sesselbahnen, Masseboeuf<\/p>\n<p>H\u00e4?? Das schaut aber doch alles hier nicht so aus wie auf der Webcam, steil und schattig statt offen und sonnig und wo ist \u00fcberhaupt die PB?<\/p>\n<p>&#128681; Gespeicherte Geolocation &#8211; Karte anzeigen: <a href='https:\/\/www.google.com\/maps\/@?api=1&#038;map_action=map&#038;center=45.08822,2.7433467&#038;zoom=12&#038;basemap=terrain' target=_blank> GoogleMaps<\/a> &#128681; <a href='https:\/\/www.openstreetmap.org\/?&#038;mlat=45.08822&#038;mlon=2.7433467#map=10\/45.08822\/2.7433467&#038;layers=P' target=_blank> OSM &#128681;<\/a><\/p>\n<p>&#8230; die L\u00f6sung war, das hier ist noch nicht die Front de Neige, die ist im oberen Teil und der Pass ist noch ein St\u00fcckchen h\u00f6her. Somit macht auch der Tunnel der Nationalstra\u00dfe mehr Sinn, der hier abzweigte.<\/p>\n<p><a href='http:\/\/ski.inmontanis.info\/d\/341762-2\/dsc02386.jpg'><img src=http:\/\/ski.inmontanis.info\/d\/341761-3\/dsc02386.jpg \/><\/a><br \/>\n^ Pistenplan<\/p>\n<p><a href='http:\/\/ski.inmontanis.info\/d\/341774-2\/dsc02348.jpg'><img src=http:\/\/ski.inmontanis.info\/d\/341773-3\/dsc02348.jpg \/><\/a><br \/>\n^ Im oberen Ort<\/p>\n<p><a href='http:\/\/ski.inmontanis.info\/d\/341778-2\/dsc02354.jpg'><img src=http:\/\/ski.inmontanis.info\/d\/341777-3\/dsc02354.jpg \/><\/a><br \/>\n^ Front de Neige, dahinter die Sesselbahn Gardes; rechts gehend die Sesselbahn Prairie<\/p>\n<p><a href='http:\/\/ski.inmontanis.info\/d\/341782-2\/dsc02355.jpg'><img src=http:\/\/ski.inmontanis.info\/d\/341781-3\/dsc02355.jpg \/><\/a><br \/>\n^ Links die Pendelbahn und andere Sesslelbahnen, wobei auf der R\u00fcckseite dieses Massifs noch weitere Lifte sind<\/p>\n<p><a href='http:\/\/ski.inmontanis.info\/d\/341786-2\/dsc02357.jpg'><img src=http:\/\/ski.inmontanis.info\/d\/341785-3\/dsc02357.jpg \/><\/a><br \/>\n^ PB und 2 Sektionen Sesselbahn als Alternative<\/p>\n<p><a href='http:\/\/ski.inmontanis.info\/d\/341790-2\/dsc02358.jpg'><img src=http:\/\/ski.inmontanis.info\/d\/341789-3\/dsc02358.jpg \/><\/a><br \/>\n^ Zoom PB Bergstation<\/p>\n<p><a href='http:\/\/ski.inmontanis.info\/d\/341794-2\/dsc02361.jpg'><img src=http:\/\/ski.inmontanis.info\/d\/341793-3\/dsc02361.jpg \/><\/a><br \/>\n^ 4SB Prairie, dort oben endet dann auch die SB Masseboeuf von unten<\/p>\n<p><a href='http:\/\/ski.inmontanis.info\/d\/341798-2\/dsc02364.jpg'><img src=http:\/\/ski.inmontanis.info\/d\/341797-3\/dsc02364.jpg \/><\/a><br \/>\n^ Front de Neige<\/p>\n<p><a href='http:\/\/ski.inmontanis.info\/d\/341802-2\/dsc02368.jpg'><img src=http:\/\/ski.inmontanis.info\/d\/341801-3\/dsc02368.jpg \/><\/a><br \/>\n^ Front de Neige<\/p>\n<p><a href='http:\/\/ski.inmontanis.info\/d\/341806-2\/dsc02369.jpg'><img src=http:\/\/ski.inmontanis.info\/d\/341805-3\/dsc02369.jpg \/><\/a><br \/>\n^ Front de Neige<\/p>\n<p><a href='http:\/\/ski.inmontanis.info\/d\/341810-2\/dsc02372.jpg'><img src=http:\/\/ski.inmontanis.info\/d\/341809-3\/dsc02372.jpg \/><\/a><br \/>\n^ PB Talstation, beide Kabinen im Tal<\/p>\n<p><a href='http:\/\/ski.inmontanis.info\/d\/341814-2\/dsc02375.jpg'><img src=http:\/\/ski.inmontanis.info\/d\/341813-3\/dsc02375.jpg \/><\/a><br \/>\n^ Beschneiung<\/p>\n<p><a href='http:\/\/ski.inmontanis.info\/d\/341818-2\/dsc02381.jpg'><img src=http:\/\/ski.inmontanis.info\/d\/341817-3\/dsc02381.jpg \/><\/a><br \/>\n^ Hochhaus<\/p>\n<p><a href='http:\/\/ski.inmontanis.info\/d\/341822-2\/dsc02384.jpg'><img src=http:\/\/ski.inmontanis.info\/d\/341821-3\/dsc02384.jpg \/><\/a><br \/>\n^ PB Talstation<\/p>\n<p><a href='http:\/\/ski.inmontanis.info\/d\/341826-2\/dsc02396.jpg'><img src=http:\/\/ski.inmontanis.info\/d\/341825-3\/dsc02396.jpg \/><\/a><br \/>\n^ Weiter ging es \u00fcber den Col de C\u00e8re zu einem kleinen Panoramaparkplatz, wo man ins Tal und ins Skigebiet schauen konnte ..<\/p>\n<p><a href='http:\/\/ski.inmontanis.info\/d\/341830-2\/dsc02397.jpg'><img src=http:\/\/ski.inmontanis.info\/d\/341829-3\/dsc02397.jpg \/><\/a><br \/>\n^ Zoom PB Bergstation<\/p>\n<p><a href='http:\/\/ski.inmontanis.info\/d\/341834-2\/dsc02398.jpg'><img src=http:\/\/ski.inmontanis.info\/d\/341833-3\/dsc02398.jpg \/><\/a><br \/>\n^ Talblick<\/p>\n<p><a href='http:\/\/ski.inmontanis.info\/d\/341838-2\/dsc02400.jpg'><img src=http:\/\/ski.inmontanis.info\/d\/341837-3\/dsc02400.jpg \/><\/a><br \/>\n^ Richtung Skigebiet<\/p>\n<p>Blieb noch einige Zeit in der Sonne auf dem Aussichtsplatz stehen, denn der n\u00e4chste m\u00f6gliche Nachtplatz (wenn ich wg. Schneefall heut Nacht nicht hier bleiben m\u00f6chte), d\u00fcrfte recht schattig sein.<\/p>\n<p>Leider stand am kleinen Nachtplatz bereits ein LKW, was m\u00f6gliche Pl\u00e4tze sehr einschr\u00e4nkte, dazu auch recht steil und das gr\u00f6\u00dfte Problem: Internet. Kaum 4G und kaum Empfang.<\/p>\n<p>Der n\u00e4chste Platz im Tal war dann ein offizieller Womo-Stellplatz, der nur offen ist, wenn der nebenliegende Campingplatz geschlossen ist &#8211; allerdings auch ohne Ver- und Entsorgung oder Strom zur jetzigen Zeit, aber jedenfalls relativ ruhig und besserer Handyempfang.<\/p>\n<p><a href='http:\/\/extra.inmontanis.info\/d\/141064-2\/dsc02409.jpg'><img src=http:\/\/extra.inmontanis.info\/d\/141063-3\/dsc02409.jpg \/><\/a><br \/>\n^ Gratis Winter-Stellplatz neben dem Campingplatz, der im Winter zu ist<\/p>\n<p>Die Sch\u00e4tzungen auf spanischen Seiten hinsichtlich \u00d6ffnung Masella sprechen eher von DO oder FR &#8211; also nicht lohnenswert, die Saisonkarte morgen zu kaufen und dann wg. 1-2 Tagen den Umweg nach Masella zu fahren. (Wenn, dann w\u00fcrd ich mir ja nur den Werktagespass kaufen, der am SA\/SO nicht g\u00fcltig ist &#8211; au\u00dfer dann ab Fr\u00fchjahr.)<\/p>\n<p><em><br \/>\nWieder 200 Fotos heute gemacht, die ich nicht mal eben samt Bericht innerhalb eines Tages bearbeiten und aussortieren kann. Die n\u00e4chsten Tage sollte ich aber endlich mal etwas aufholen k\u00f6nnen, in den folgenden 6 Tagen machte ich weniger als 300.<\/p>\n<p>Wobei, Kalender muss ich ja auch endlich machen .. oder zumindest mal schauen, ob ich genug lohnenswerte Bilder in den letzten 12 Monaten gemacht hab.<br \/>\n<\/em><\/p>\n","protected":false},"excerpt":{"rendered":"<p>Sa, 22.11.2025<\/p>\n<p>F\u00fcr Lioran ist heute sonnig gemeldet, morgen noch etwas Schnee, aber ab MO dann 2 Tage starker Regen (evtl. auch als Schnee); ich k\u00e4me dann nach \u00fcber 100km Fahrstrecke heute auch aus dem Massif Central raus, aber die Regenf\u00e4lle kommen vom Westen, d.h. die erwischen mich dann die n\u00e4chste Woche sowieso.<\/p>\n<p>W\u00fcrde ich <a href=\"http:\/\/blog.inmontanis.info\/?p=11042\">[&#8230;]<\/a><\/p>\n","protected":false},"author":1,"featured_media":11045,"comment_status":"closed","ping_status":"closed","sticky":false,"template":"","format":"standard","meta":{"footnotes":""},"categories":[950,16,32,30],"tags":[49,36,52],"class_list":["post-11042","post","type-post","status-publish","format-standard","has-post-thumbnail","hentry","category-2025-09-2026-11-pyrenaen-uk-co","category-france","category-lostplaces","category-wandern","tag-4sb","tag-castle","tag-pb","odd"],"_links":{"self":[{"href":"http:\/\/blog.inmontanis.info\/index.php?rest_route=\/wp\/v2\/posts\/11042","targetHints":{"allow":["GET"]}}],"collection":[{"href":"http:\/\/blog.inmontanis.info\/index.php?rest_route=\/wp\/v2\/posts"}],"about":[{"href":"http:\/\/blog.inmontanis.info\/index.php?rest_route=\/wp\/v2\/types\/post"}],"author":[{"embeddable":true,"href":"http:\/\/blog.inmontanis.info\/index.php?rest_route=\/wp\/v2\/users\/1"}],"replies":[{"embeddable":true,"href":"http:\/\/blog.inmontanis.info\/index.php?rest_route=%2Fwp%2Fv2%2Fcomments&post=11042"}],"version-history":[{"count":3,"href":"http:\/\/blog.inmontanis.info\/index.php?rest_route=\/wp\/v2\/posts\/11042\/revisions"}],"predecessor-version":[{"id":11046,"href":"http:\/\/blog.inmontanis.info\/index.php?rest_route=\/wp\/v2\/posts\/11042\/revisions\/11046"}],"wp:featuredmedia":[{"embeddable":true,"href":"http:\/\/blog.inmontanis.info\/index.php?rest_route=\/wp\/v2\/media\/11045"}],"wp:attachment":[{"href":"http:\/\/blog.inmontanis.info\/index.php?rest_route=%2Fwp%2Fv2%2Fmedia&parent=11042"}],"wp:term":[{"taxonomy":"category","embeddable":true,"href":"http:\/\/blog.inmontanis.info\/index.php?rest_route=%2Fwp%2Fv2%2Fcategories&post=11042"},{"taxonomy":"post_tag","embeddable":true,"href":"http:\/\/blog.inmontanis.info\/index.php?rest_route=%2Fwp%2Fv2%2Ftags&post=11042"}],"curies":[{"name":"wp","href":"https:\/\/api.w.org\/{rel}","templated":true}]}}