{"id":11032,"date":"2025-11-21T19:38:10","date_gmt":"2025-11-21T18:38:10","guid":{"rendered":"http:\/\/blog.inmontanis.info\/?p=11032"},"modified":"2025-11-30T19:56:07","modified_gmt":"2025-11-30T18:56:07","slug":"chateau-de-saint-maurice-loire-zentralmassif-wintereinbruch-20-21-11-2025","status":"publish","type":"post","link":"http:\/\/blog.inmontanis.info\/?p=11032","title":{"rendered":"Ch\u00e2teau de Saint-Maurice (Loire), Zentralmassiv, Wintereinbruch, 20.-21.11.2025"},"content":{"rendered":"<p><strong>Do, 20.11.2025<\/strong><\/p>\n<p>Heute Nacht weniger kalt, die Schneevorhersagen in den n\u00e4chsten 7 Tagen f\u00fcr die Pyren\u00e4en werden auch st\u00e4rker, teilweise soll es nun  sogar \u00fcber 1m geben. Allerdings wie in den Alpen gilt f\u00fcr die Pyren\u00e4en nat\u00fcrlich erst recht, dass solche Neuschneemengen weit aus weniger wert sind wie in Schweden und Finnland, weil es hier bis Weihnachten ja durchaus wieder 15-20\u00b0 warm sein kann.<\/p>\n<p>Um 9 Uhr gab&#8217;s hier auf <300m sogar Schneefall, nachdem es kurz vorher noch sonnig war. Blieb nat\u00fcrlich nicht lang liegen. Auf den H\u00fcgeln in der Gegnd aber schon, daher mal die Winterstiefelchen rausgeholt.\n\nHatte heute 1-2 Burgruinen im Sinn, aber weil ich mal an einem E.Leclerc Supermarkt vorbei kam, ging ich da mal rein. Wollte ja heute die restlichen Bratw\u00fcrste essen, aber falls mit Baguette, h\u00e4tte ich morgen keines mehr - also wollt ich da noch nach einer Beilagenerg\u00e4nzung schauen.\n\nSchaut Auchan komplett runtergekommen aus, wirken die E-Leclercs luxuri\u00f6s -  aber trotzdem g\u00fcnstig, Baguette g\u00fcnstiger als im Aldi.\n\n\n<a href='http:\/\/extra.inmontanis.info\/d\/140660-2\/img_20251120_120144_1.jpg'><img src=http:\/\/extra.inmontanis.info\/d\/140659-3\/img_20251120_120144_1.jpg \/><\/a><br \/>\n^ 250g Baguette links 0,27 \u20ac, 400g rechts 0,80 &#8211; aber die T\u00dcTEN SIND ZU KURZ<\/p>\n<p><a href='http:\/\/extra.inmontanis.info\/d\/140664-2\/img_20251120_120226_8.jpg'><img src=http:\/\/extra.inmontanis.info\/d\/140663-3\/img_20251120_120226_8.jpg \/><\/a><br \/>\n^ Hier gibts mal Semmeln, steht aber kein Preis dabei.<\/p>\n<p><a href='http:\/\/extra.inmontanis.info\/d\/140668-2\/img_20251120_120401_6.jpg'><img src=http:\/\/extra.inmontanis.info\/d\/140667-3\/img_20251120_120401_6.jpg \/><\/a><br \/>\n^ Der 5er Pack (4+1) Sesam- oder Mohnsemmeln kostete 1,76, nahm mal Sesam mit. Hab ich sp\u00e4ter nirgends mehr gesehen<\/p>\n<p><a href='http:\/\/extra.inmontanis.info\/d\/140672-2\/img_20251120_121245_4.jpg'><img src=http:\/\/extra.inmontanis.info\/d\/140671-3\/img_20251120_121245_4.jpg \/><\/a><br \/>\n^ Die vielen Sorten Cordon Bleu &amp; Co im K\u00fchlregal &#8211; einfach geil ;)<br \/>\nBolognaise, Carbonara, Comte, Maxi Cheese, Bacon, Poulet, Dinde, Raclette, &#8230;<\/p>\n<p><a href='http:\/\/extra.inmontanis.info\/d\/140676-2\/img_20251120_121505_0.jpg'><img src=http:\/\/extra.inmontanis.info\/d\/140675-3\/img_20251120_121505_0.jpg \/><\/a><br \/>\n^ Und die vielen gek\u00fchlten Fertiggerichte &#8211; dagegen ist DE+AT ein Entwicklungsland &#8230;<\/p>\n<p><a href='http:\/\/extra.inmontanis.info\/d\/140680-2\/img_20251120_121644_3.jpg'><img src=http:\/\/extra.inmontanis.info\/d\/140679-3\/img_20251120_121644_3.jpg \/><\/a><br \/>\n^ .. und die vielen gek\u00fchlten Pizzen nicht zu vergessen. Tiefgek\u00fchlte gibts nat\u00fcrlich auch. Wesentlich mehr und bessere Auswahl als in DE+AT.<\/p>\n<p>Mein Einkauf war heute exakt 10,00 \u20ac, inkl 1 Pkg. von den Cordon Bleus (mit Sahne\/Champignon-F\u00fcllung) und Steak-Pommes 600g (auf 3x aufteilen), K\u00e4sescheiben, Schwedenbrot, die Semmeln und 1,5l Cola Zero (0,45 \u20ac hier).<\/p>\n<p><a href='http:\/\/extra.inmontanis.info\/d\/140688-2\/dsc01992.jpg'><img src=http:\/\/extra.inmontanis.info\/d\/140687-3\/dsc01992.jpg \/><\/a><br \/>\n^ Oben auf den H\u00fcgeln liegt schon Schnee<\/p>\n<p><a href='http:\/\/extra.inmontanis.info\/d\/140692-2\/dsc01993.jpg'><img src=http:\/\/extra.inmontanis.info\/d\/140691-3\/dsc01993.jpg \/><\/a><br \/>\n^ Mal eben ein Graben<\/p>\n<p><a href='http:\/\/extra.inmontanis.info\/d\/140696-2\/dsc01995.jpg'><img src=http:\/\/extra.inmontanis.info\/d\/140695-3\/dsc01995.jpg \/><\/a><br \/>\n^ Ch\u00e2teau de Saint-Maurice, von meinem Parkplatz aus musste ich jetzt erst einmal runter und dann wieder rauf gehen<\/p>\n<p>&#128681; Gespeicherte Geolocation &#8211; Karte anzeigen: <a href='https:\/\/www.google.com\/maps\/@?api=1&#038;map_action=map&#038;center=45.9638783,4.00824&#038;zoom=12&#038;basemap=terrain' target=_blank> GoogleMaps<\/a> &#128681; <a href='https:\/\/www.openstreetmap.org\/?&#038;mlat=45.9638783&#038;mlon=4.00824#map=10\/45.9638783\/4.00824&#038;layers=P' target=_blank> OSM &#128681;<\/a><\/p>\n<p><a href='http:\/\/extra.inmontanis.info\/d\/140700-2\/dsc01997.jpg'><img src=http:\/\/extra.inmontanis.info\/d\/140699-3\/dsc01997.jpg \/><\/a><br \/>\n^ Ex-Tor<\/p>\n<p><a href='http:\/\/extra.inmontanis.info\/d\/140704-2\/dsc01999.jpg'><img src=http:\/\/extra.inmontanis.info\/d\/140703-3\/dsc01999.jpg \/><\/a><br \/>\n^ Aufgang zur Burg<\/p>\n<p><a href='http:\/\/extra.inmontanis.info\/d\/140708-2\/dsc02000.jpg'><img src=http:\/\/extra.inmontanis.info\/d\/140707-3\/dsc02000.jpg \/><\/a><br \/>\n^ Anderer Aufgang zur Burg<\/p>\n<p><a href='http:\/\/extra.inmontanis.info\/d\/140712-2\/dsc02001.jpg'><img src=http:\/\/extra.inmontanis.info\/d\/140711-3\/dsc02001.jpg \/><\/a><br \/>\n^ Eingang zur Burg<\/p>\n<p><a href='http:\/\/extra.inmontanis.info\/d\/140716-2\/dsc02004.jpg'><img src=http:\/\/extra.inmontanis.info\/d\/140715-3\/dsc02004.jpg \/><\/a><br \/>\n^ Ch\u00e2teau de Saint-Maurice<\/p>\n<p><a href='http:\/\/extra.inmontanis.info\/d\/140720-2\/dsc02008.jpg'><img src=http:\/\/extra.inmontanis.info\/d\/140719-3\/dsc02008.jpg \/><\/a><br \/>\n^ Ch\u00e2teau de Saint-Maurice, der Burg ist sogar offen und kann hinauf gegangen werden<\/p>\n<p><a href='http:\/\/extra.inmontanis.info\/d\/140724-2\/dsc02023.jpg'><img src=http:\/\/extra.inmontanis.info\/d\/140723-3\/dsc02023.jpg \/><\/a><br \/>\n^ Die Loire<\/p>\n<p><a href='http:\/\/extra.inmontanis.info\/d\/140728-2\/dsc02026.jpg'><img src=http:\/\/extra.inmontanis.info\/d\/140727-3\/dsc02026.jpg \/><\/a><br \/>\n^ Leider ist der Aufgang im Turm mit einer modernen engen Wendeltreppe, das ist sehr viel unangenehmer<\/p>\n<p><a href='http:\/\/extra.inmontanis.info\/d\/140732-2\/dsc02027.jpg'><img src=http:\/\/extra.inmontanis.info\/d\/140731-3\/dsc02027.jpg \/><\/a><br \/>\n^ Ch\u00e2teau de Saint-Maurice<\/p>\n<p><a href='http:\/\/extra.inmontanis.info\/d\/140736-2\/dsc02028.jpg'><img src=http:\/\/extra.inmontanis.info\/d\/140735-3\/dsc02028.jpg \/><\/a><br \/>\n^ Infotafel zum Turm<\/p>\n<p><a href='http:\/\/extra.inmontanis.info\/d\/140740-2\/dsc02031.jpg'><img src=http:\/\/extra.inmontanis.info\/d\/140739-3\/dsc02031.jpg \/><\/a><br \/>\n^ und die Treppe noch weiter hinauf ist noch unangenehmer<\/p>\n<p><a href='http:\/\/extra.inmontanis.info\/d\/140744-2\/dsc02036.jpg'><img src=http:\/\/extra.inmontanis.info\/d\/140743-3\/dsc02036.jpg \/><\/a><br \/>\n^ Fenster im Zwischengeschoss<\/p>\n<p><a href='http:\/\/extra.inmontanis.info\/d\/140748-2\/dsc02037.jpg'><img src=http:\/\/extra.inmontanis.info\/d\/140747-3\/dsc02037.jpg \/><\/a><br \/>\n^ Dorfblick<\/p>\n<p><a href='http:\/\/extra.inmontanis.info\/d\/140752-2\/dsc02038.jpg'><img src=http:\/\/extra.inmontanis.info\/d\/140751-3\/dsc02038.jpg \/><\/a><br \/>\n^ Dorfblick mit Schnee<\/p>\n<p><a href='http:\/\/extra.inmontanis.info\/d\/140756-2\/dsc02044.jpg'><img src=http:\/\/extra.inmontanis.info\/d\/140755-3\/dsc02044.jpg \/><\/a><br \/>\n^ Burg an der Loire<\/p>\n<p><a href='http:\/\/extra.inmontanis.info\/d\/140760-2\/dsc02045.jpg'><img src=http:\/\/extra.inmontanis.info\/d\/140759-3\/dsc02045.jpg \/><\/a><br \/>\n^ Ausgang am Dach des Turms<\/p>\n<p><a href='http:\/\/extra.inmontanis.info\/d\/140764-2\/dsc02046.jpg'><img src=http:\/\/extra.inmontanis.info\/d\/140763-3\/dsc02046.jpg \/><\/a><br \/>\n^ Dorfblick mit Loire<\/p>\n<p><a href='http:\/\/extra.inmontanis.info\/d\/140768-2\/dsc02051.jpg'><img src=http:\/\/extra.inmontanis.info\/d\/140767-3\/dsc02051.jpg \/><\/a><br \/>\n^ Dieses Seitental ist recht ausgetrocknet<\/p>\n<p><a href='http:\/\/extra.inmontanis.info\/d\/140772-2\/dsc02053.jpg'><img src=http:\/\/extra.inmontanis.info\/d\/140771-3\/dsc02053.jpg \/><\/a><br \/>\n^ H\u00e4user unter der Burg<\/p>\n<p><a href='http:\/\/extra.inmontanis.info\/d\/140776-2\/dsc02056.jpg'><img src=http:\/\/extra.inmontanis.info\/d\/140775-3\/dsc02056.jpg \/><\/a><br \/>\n^ Loire und Schatten vom Ch\u00e2teau de Saint-Maurice<\/p>\n<p><a href='http:\/\/extra.inmontanis.info\/d\/140780-2\/dsc02066.jpg'><img src=http:\/\/extra.inmontanis.info\/d\/140779-3\/dsc02066.jpg \/><\/a><br \/>\n^ Gegen\u00fcber<\/p>\n<p><a href='http:\/\/extra.inmontanis.info\/d\/140784-2\/dsc02072.jpg'><img src=http:\/\/extra.inmontanis.info\/d\/140783-3\/dsc02072.jpg \/><\/a><br \/>\n^ Loire und Schatten vom Ch\u00e2teau de Saint-Maurice<\/p>\n<p><a href='http:\/\/extra.inmontanis.info\/d\/140788-2\/dsc02081.jpg'><img src=http:\/\/extra.inmontanis.info\/d\/140787-3\/dsc02081.jpg \/><\/a><br \/>\n^ Die Loire<\/p>\n<p><a href='http:\/\/extra.inmontanis.info\/d\/140792-2\/dsc02085.jpg'><img src=http:\/\/extra.inmontanis.info\/d\/140791-3\/dsc02085.jpg \/><\/a><br \/>\n^ Die Loire<\/p>\n<p><a href='http:\/\/extra.inmontanis.info\/d\/140796-2\/dsc02087.jpg'><img src=http:\/\/extra.inmontanis.info\/d\/140795-3\/dsc02087.jpg \/><\/a><br \/>\n^ Gassen unter der Burg<\/p>\n<p><a href='http:\/\/extra.inmontanis.info\/d\/140800-2\/dsc02089.jpg'><img src=http:\/\/extra.inmontanis.info\/d\/140799-3\/dsc02089.jpg \/><\/a><br \/>\n^ Bis 1984 standen irgendwo hier im Fluss Pfeiler einer mittelalterlichn Br\u00fccke!!<\/p>\n<p><a href='http:\/\/extra.inmontanis.info\/d\/140804-2\/dsc02093.jpg'><img src=http:\/\/extra.inmontanis.info\/d\/140803-3\/dsc02093.jpg \/><\/a><br \/>\n^ <\/p>\n<p>Um 14:30 war ich wieder am Auto, also recht sp\u00e4t. Heb ich mir die zweite Burg f\u00fcr morgen auf? Hoch oben am Parkplatz im Wald wird&#8217;s unpassend sein heute Nacht, also davor noch schlafen? <\/p>\n<p>Die Fahrt wurde bald immer schneereicher, auch weil ich h\u00f6her hinauf fuhr. Der rausgesuchte Nachtplatz war dann in einem Ort auf 600m etwas \u00fcber dem Tal und ich stand im Schnee bei -1\u00b0. Nacht und morgiger Tag sollen unter 0\u00b0 bleiben, also fraglich, ob ich da wirklich die Stra\u00dfe zur Burg auf 900m rauf fahren m\u00f6chte &#8211; wird wohl weder ger\u00e4umt noch gestreut werden, k\u00f6nnte somit eisig sein. <\/p>\n<p><a href='http:\/\/extra.inmontanis.info\/d\/140808-2\/dsc02109.jpg'><img src=http:\/\/extra.inmontanis.info\/d\/140807-3\/dsc02109.jpg \/><\/a><br \/>\n^ Bei Schnee durch die h\u00fcgelige Landschaft ..<\/p>\n<p><a href='http:\/\/extra.inmontanis.info\/d\/140812-2\/dsc02113.jpg'><img src=http:\/\/extra.inmontanis.info\/d\/140811-3\/dsc02113.jpg \/><\/a><br \/>\n^ .. aber so kleine Stra\u00dfen will ich bei Schnee+Eis dann auch nicht mehr fahren &#8230;<\/p>\n<p><a href='http:\/\/extra.inmontanis.info\/d\/140816-2\/dsc02116.jpg'><img src=http:\/\/extra.inmontanis.info\/d\/140815-3\/dsc02116.jpg \/><\/a><br \/>\n^ <\/p>\n<p><a href='http:\/\/extra.inmontanis.info\/d\/140820-2\/dsc02117.jpg'><img src=http:\/\/extra.inmontanis.info\/d\/140819-3\/dsc02117.jpg \/><\/a><br \/>\n^ <\/p>\n<p>Um 16 Uhr Kirchenglocken??? Steht da nicht was von ruhigem Platz auf P4N?<\/p>\n<p>Nochmals genauer durchgelesen. Einer schreibt, dass die Glocken die ganze Nacht l\u00e4uten. Und dann so viele von &#8220;ruhiger Nacht&#8221; labern, so ein Bullshit. <\/p>\n<p><a href='http:\/\/extra.inmontanis.info\/d\/140824-2\/dsc02119.jpg'><img src=http:\/\/extra.inmontanis.info\/d\/140823-3\/dsc02119.jpg \/><\/a><br \/>\n^ Schattiger Platz und Kirche in Sicht- und H\u00f6rweite, ne, da muss ich wo anders hin<\/p>\n<p>Der Parkplatz im n\u00e4chsten Ort ohne viel Bewertungen l\u00e4nge noch n\u00e4her an einer Kriche.  Naja, vmtl. werd ich die Stra\u00dfe morgen fr\u00fch auf den Berg zur Burg eh nicht fahren k\u00f6nnen, also zu einem vermeindlich ruhigeren Ort gefahren.. <\/p>\n<p><a href='http:\/\/extra.inmontanis.info\/d\/140828-2\/dsc02128.jpg'><img src=http:\/\/extra.inmontanis.info\/d\/140827-3\/dsc02128.jpg \/><\/a><br \/>\n^ <\/p>\n<p><a href='http:\/\/extra.inmontanis.info\/d\/140832-2\/dsc02129.jpg'><img src=http:\/\/extra.inmontanis.info\/d\/140831-3\/dsc02129.jpg \/><\/a><br \/>\n^ <\/p>\n<p><a href='http:\/\/extra.inmontanis.info\/d\/139286-3\/dsc02130.jpg'><img src=http:\/\/extra.inmontanis.info\/d\/139284-4\/dsc02130.jpg \/><\/a><br \/>\n^ Wintereinbruch am Nordrand des Massif Central, Schneefall bis unter 300m, hier auf ca. 500-600m<\/p>\n<p><a href='http:\/\/extra.inmontanis.info\/d\/139290-3\/dsc02136.jpg'><img src=http:\/\/extra.inmontanis.info\/d\/139289-4\/dsc02136.jpg \/><\/a><br \/>\n^ Wintereinbruch am Nordrand des Massif Central, hier auf ca. 500-600m<\/p>\n<p><a href='http:\/\/extra.inmontanis.info\/d\/140684-2\/dsc02137.jpg'><img src=http:\/\/extra.inmontanis.info\/d\/140683-3\/dsc02137.jpg \/><\/a><br \/>\n^ N\u00fcrnberger Bratw\u00fcrste und Pommes und Ketchupso\u00dfen<\/p>\n<p>Ab morgen 9:30 UTC kann man nun endlich die F\u00e4hren n\u00e4chstes Jahr auf die Isle of Man buchen &#8211; da schau ich schon seit Monaten jeden Tag auf die Seite, denn ich hoffe, dass ich diesmal fr\u00fch genug dran sein w\u00fcrde, um noch die g\u00fcnstigeren Tarife buchen zu k\u00f6nnen. <\/p>\n<p>Neu gibt es nun Verbindungen zu Larne nach Irland, mehr \u00dcberfahrten nicht nur nach Irland, sondern auch nach England soll es geben. Leider weiterhin keine auf der k\u00fcrzeren Route nach Norden.<\/p>\n<p>Soll ich morgen mal ins Skigebiet Chalmazel fahren und mit meinen alten Skiern auf den Schultern raufgehen und runterfahren? ;)<\/p>\n<p>.. was dagegen spricht, dass ich ja diverse Gegenst\u00e4de rauspuhlen und erst einmal suchen muss .. Handschuhe, Skibrille, korrekte Skibindungen &#8230; und Wetter soll auch nicht so gut werden.<\/p>\n<p>.. was daf\u00fcr spricht: einzig m\u00f6glicher Stromstellplatz l\u00e4ge so, dass Chalmazel nicht sehr umwegig w\u00e4re..<\/p>\n<p><strong>Fr, 21.11.2025<\/strong><\/p>\n<p>Morgens lagen dann ca. 2-3cm Schnee auf dem Auto.<\/p>\n<p><a href='http:\/\/extra.inmontanis.info\/d\/140836-2\/dsc02139.jpg'><img src=http:\/\/extra.inmontanis.info\/d\/140835-3\/dsc02139.jpg \/><\/a><br \/>\n^ Neuschnee \u00fcber Nacht, muss ich den Ausgang von meinem Parkplatz finden<\/p>\n<p>Tja, scheint so, als h\u00e4tte es weiter n\u00f6rdlich etwas mehr geschneit &#8211; und die Skigebiete in AT\/CH\/DE sind da ja auch immer etwas flexibler mit spontanen November-\u00d6ffnungen als Frankreich, der eine oder andere Lift soll schon offen oder am WE offen sein.<\/p>\n<p>Bin mal ehemalige Skigebiete hier in der Gegend durchgegangen, aber da liegt mal nichts auf dem Weg heute oder morgen. Somit heute nur 40-50km fahren zu einem m\u00f6glichen (gratis) Stromplatz, sofern der Strom dort geht, und nichts weiter machen?<\/p>\n<p>Morgen k\u00f6nnte dann noch der einzige brauchbare Tag f\u00fcr die n\u00e4chsten 7 Tage werden, zumindest hier ist dann wieder Regen und Schnee angesagt. In Toulouse solls schon ab Donnerstag wieder sonniger werden.<\/p>\n<p>Wobei heute Vormittag auch noch etwas Sonne rauskam.<\/p>\n<p>Um 11e dann die Isle of Man &#8211; F\u00e4hre buchen .. oder nicht? Tja, falls das Pfund gg\u00fc. Euro g\u00fcnstiger werden sollte in den n\u00e4chsten Monaten, k\u00f6nnte man vermutlich mehr sparen, falls es teurer wird, dann w\u00fcrde man jetzt mehr sparen. So wirklich g\u00fcnstig sind die Tarife auch heute am ersten Tag nicht &#8211; 337 Pfund, ca. 390 \u20ac hin &#038; retour :( Da hatte ich mir mehr erhofft. <\/p>\n<p>Im Mai 2024 hatte ich damals f\u00fcr Juli\/August 323,50 Pfund gezahlt. <\/p>\n<p>M\u00fcsste man  mal wissen, wie viel teuer das noch werden w\u00fcrde, wenn man sich noch Zeit lie\u00dfe &#8230;<\/p>\n<p><a href='http:\/\/extra.inmontanis.info\/d\/140840-2\/dsc02141.jpg'><img src=http:\/\/extra.inmontanis.info\/d\/140839-3\/dsc02141.jpg \/><\/a><br \/>\n^ Schnee am Fluss<\/p>\n<p><a href='http:\/\/extra.inmontanis.info\/d\/140844-2\/dsc02151.jpg'><img src=http:\/\/extra.inmontanis.info\/d\/140843-3\/dsc02151.jpg \/><\/a><br \/>\n^ <\/p>\n<p><a href='http:\/\/extra.inmontanis.info\/d\/140848-2\/dsc02154.jpg'><img src=http:\/\/extra.inmontanis.info\/d\/140847-3\/dsc02154.jpg \/><\/a><br \/>\n^ Passstra\u00dfe auf ca. 1180m<\/p>\n<p><a href='http:\/\/extra.inmontanis.info\/d\/140852-2\/dsc02158.jpg'><img src=http:\/\/extra.inmontanis.info\/d\/140851-3\/dsc02158.jpg \/><\/a><br \/>\n^ Schnee ist zwar auch sch\u00f6n, aber ohne Nebel w\u00e4rs sch\u00f6ner<\/p>\n<p><a href='http:\/\/extra.inmontanis.info\/d\/140856-2\/dsc02164.jpg'><img src=http:\/\/extra.inmontanis.info\/d\/140855-3\/dsc02164.jpg \/><\/a><br \/>\n^ Kurvige Passstra\u00dfen, Kreuzungen, da h\u00e4tte also auch nicht der neue 80er gereicht, da muss man explizit 90 erlauben? <\/p>\n<p><a href='http:\/\/extra.inmontanis.info\/d\/140860-2\/dsc02166.jpg'><img src=http:\/\/extra.inmontanis.info\/d\/140859-3\/dsc02166.jpg \/><\/a><br \/>\n^ Skandinavische Verh\u00e4ltnisse heute<\/p>\n<p><a href='http:\/\/extra.inmontanis.info\/d\/140864-2\/dsc02167.jpg'><img src=http:\/\/extra.inmontanis.info\/d\/140863-3\/dsc02167.jpg \/><\/a><br \/>\n^ Vielleicht ein ehemaliges Skigebiet<\/p>\n<p>Kurz an einem Intermarch\u00e9 gestoppt, aber nur f\u00fcr WC und halben Tank f\u00fcllen.<\/p>\n<p>Um 13:30 kam ich am Parkplatz an, an dem es allerdings nur 1 Stromanschluss gab, aber leider war kein Strom drauf. <\/p>\n<p>N\u00e4chstes Skigebiet, das ich auf den Weg legen k\u00f6nnte, w\u00e4re Le Lioran, ca. 130 km entfernt. Dort morgen die Ski rauftragen? Allerdings laufen da lt. Webcams schon die Schneekanonen, also keine gute Idee.<\/p>\n<p>Bei den momentanen Stra\u00dfenverh\u00e4ltnissen hab ich auch keine gro\u00dfe Lust mehr auf Nebenstra\u00dfen&#8230;<\/p>\n<p>Der wenn auch stromlose Parkplatz hier w\u00e4r ja sch\u00f6n ruhig, keine Kirchenglocken .. aber nochmals 20km fahren und Motorw\u00e4rme w\u00e4r auch sch\u00f6n. Ein anderer Parkplatz k\u00f6nnte Klo und evtl. auch Strom haben.<\/p>\n<p><a href='http:\/\/extra.inmontanis.info\/d\/140868-2\/dsc02175.jpg'><img src=http:\/\/extra.inmontanis.info\/d\/140867-3\/dsc02175.jpg \/><\/a><br \/>\n^ Die Orte schauen nat\u00fcrlich g\u00e4nzlich anders aus als in Skandinavien. Es gibt ja auch im UK sehr viele alte D\u00f6rfer mit solch alten Steinh\u00e4usern, aber in Frankreich scheint das noch h\u00e4ufiger zu sein<\/p>\n<p><a href='http:\/\/extra.inmontanis.info\/d\/140872-2\/dsc02176.jpg'><img src=http:\/\/extra.inmontanis.info\/d\/140871-3\/dsc02176.jpg \/><\/a><br \/>\n^ <\/p>\n<p><a href='http:\/\/extra.inmontanis.info\/d\/140876-2\/dsc02183.jpg'><img src=http:\/\/extra.inmontanis.info\/d\/140875-3\/dsc02183.jpg \/><\/a><br \/>\n^ Wobei, doch noch eine Gemeinsamkeit mit Skandinavien: Hier wurden die Stra\u00dfen derzeit nur mit Sand gestreut; es folgte dann noch ein Pass auf \u00fcber 1000hm<\/p>\n<p><a href='http:\/\/extra.inmontanis.info\/d\/140880-2\/dsc02190.jpg'><img src=http:\/\/extra.inmontanis.info\/d\/140879-3\/dsc02190.jpg \/><\/a><br \/>\n^ M\u00f6glicher Nachtplatz auf 990m, aber da liegt schon arg viel Schnee, wenn da noch 10-20cm \u00fcber Nacht hinzukommen sollten, k\u00f6nnte es vielleicht problematisch werden  &#8211; dann also wieder weg und nochmals \u00fcber einen \u00fcber 1100m hohen Pass<\/p>\n<p>Klo war auch zu und Strom hab ich keinen gesehen. Was machen, hier bleiben und ggf. noch mehr Schnee bis morgen fr\u00fch bekommen oder weiter fahren und einen tieferen und somit etwas w\u00e4rmeren Nachtplatz finden?<\/p>\n<p>Am n\u00e4chsten Platz in einem Ort aber wieder eine Kirche, die die Nacht durchl\u00e4uten soll .. Dann halt nochmals 20km zu einem Platz 150m tiefer.<\/p>\n<p>So ein Mist, w\u00e4r sicher nett die Landschaft hier, aber durch den Nebel sieht man nix. W\u00e4r ich doch am ersten Platz geblieben &#8230;<\/p>\n<p><a href='http:\/\/extra.inmontanis.info\/d\/140884-2\/dsc02197.jpg'><img src=http:\/\/extra.inmontanis.info\/d\/140883-3\/dsc02197.jpg \/><\/a><br \/>\n^ Hat aber auch ein bisschen was tschechisches<\/p>\n<p>Dazu nochmals einen Pass auf \u00fcber 1100m rauffahren m\u00fcssen und um 16:10 am n\u00e4chsten Parkplatz angekommen. Sah besser aus und hatte weniger Schnee, ein WC w\u00e4r auch mitten im Ort morge fr\u00fch.<\/p>\n<p>Es g\u00e4be in Frankreich ja viele kostenpflichtige automatisierte Stellpl\u00e4tze um die 15 \u20ac oder weniger, mit Strom usw., aber ein paar hab ich mir in deren App mal n\u00e4her angesheen und da hei\u00dft es immer, dass sie nur Fahrzeuge mit  Wohnmobil-Zulassung (und keine Self-made-camper-umbauten) erlauben &#8211; oder zumindest w\u00fcrd ich das so vertstehen. <\/p>\n<p>Das mag zwar auf manchen Campingpl\u00e4tzen auch so in den AGBs stehen, die mich bei pers\u00f6nlichem Empfang trotzdem reinlassen, aber wenn ich hier schon offiziell unerw\u00fcnscht bin, dann muss ich auch nicht zahlen, sofern es nicht n\u00f6tig ist. <\/p>\n<p>Masella hat zwar mittlerweile best\u00e4tigt, dass sie demn\u00e4chst \u00f6ffnen, aber das &#8220;wann&#8221; ist nach wie vor unklar, sie schreiben &#8220;in der letzten Novemberwoche&#8221;, das k\u00f6nnte genausogut Montag wie Samstag sein. Montag oder Dienstag w\u00e4r mir der Umweg (und ggf. auch der jetzige Saisonkartenkauf trotz noch unbekanntem Saisonende)  ja schon wert, wenn ich dann noch schnell die Werktags-Saisonkarte im Vorverkauf kaufen w\u00fcrde, aber DO oder FR w\u00fcrd sich nicht lohnen, wenn ich ab 29.11. dann in Luz am fast anderen Ende der Pyren\u00e4en sein m\u00fcsste.. <\/p>\n<p>\u00dcbermorgen l\u00e4uft der Vorverkauf ab und ich hab so das Gef\u00fchl, dass ich nicht schlauer sein werde bis dahin. <\/p>\n<p>Les Angles in FR hat bereits 50cm Neuschnee erhalten und will am Freitag, 28.11. starten und weil ja etliche weitere auch in Spanien am 29.11. starten, k\u00f6nnte es schon sein, dass man in Masella am Donnerstag aufsperren will, damit sie die ersten zumindest in den Pyren\u00e4en w\u00e4ren &#8230; aber f\u00fcr mich ca. 350km Umweg, f\u00fcr 3-4 Tage OK, aber 1-2 eher nicht.<\/p>\n<p>Nachteil des Platzes hier, das hier anscheinend immer wieder Schneer\u00e4umfahrzeuge vorbei fahren &#8211; ohne zu r\u00e4umen, also ggf. hier stationiert werden &#8211; und dann ggf. morgen sehr fr\u00fch wieder wegfahren k\u00f6nnten.<\/p>\n<p>Und es kam sogar noch schlimmer.<\/p>\n<p>5:15 ein PKW, der einen R\u00e4umfahrzeugmotor startete und 15min laufen lie\u00df bis er weg fuhr. 6:40 dann die n\u00e4chsten Motoren und immer, wenn man meinte, es fuhr einer weg, blieb ein Motor laufen. Da st\u00f6rten dann auch die 7 Uhr Kirchenglocken nicht mehr, da ich nicht mehr einschlafen konnte bis zu meinem Wecker um 8 Uhr :(<\/p>\n","protected":false},"excerpt":{"rendered":"<p>Do, 20.11.2025<\/p>\n<p>Heute Nacht weniger kalt, die Schneevorhersagen in den n\u00e4chsten 7 Tagen f\u00fcr die Pyren\u00e4en werden auch st\u00e4rker, teilweise soll es nun sogar \u00fcber 1m geben. Allerdings wie in den Alpen gilt f\u00fcr die Pyren\u00e4en nat\u00fcrlich erst recht, dass solche Neuschneemengen weit aus weniger wert sind wie in Schweden und Finnland, weil es hier <a href=\"http:\/\/blog.inmontanis.info\/?p=11032\">[&#8230;]<\/a><\/p>\n","protected":false},"author":1,"featured_media":11037,"comment_status":"closed","ping_status":"closed","sticky":false,"template":"","format":"standard","meta":{"footnotes":""},"categories":[950,16,32],"tags":[36],"class_list":["post-11032","post","type-post","status-publish","format-standard","has-post-thumbnail","hentry","category-2025-09-2026-11-pyrenaen-uk-co","category-france","category-lostplaces","tag-castle","odd"],"_links":{"self":[{"href":"http:\/\/blog.inmontanis.info\/index.php?rest_route=\/wp\/v2\/posts\/11032","targetHints":{"allow":["GET"]}}],"collection":[{"href":"http:\/\/blog.inmontanis.info\/index.php?rest_route=\/wp\/v2\/posts"}],"about":[{"href":"http:\/\/blog.inmontanis.info\/index.php?rest_route=\/wp\/v2\/types\/post"}],"author":[{"embeddable":true,"href":"http:\/\/blog.inmontanis.info\/index.php?rest_route=\/wp\/v2\/users\/1"}],"replies":[{"embeddable":true,"href":"http:\/\/blog.inmontanis.info\/index.php?rest_route=%2Fwp%2Fv2%2Fcomments&post=11032"}],"version-history":[{"count":8,"href":"http:\/\/blog.inmontanis.info\/index.php?rest_route=\/wp\/v2\/posts\/11032\/revisions"}],"predecessor-version":[{"id":11041,"href":"http:\/\/blog.inmontanis.info\/index.php?rest_route=\/wp\/v2\/posts\/11032\/revisions\/11041"}],"wp:featuredmedia":[{"embeddable":true,"href":"http:\/\/blog.inmontanis.info\/index.php?rest_route=\/wp\/v2\/media\/11037"}],"wp:attachment":[{"href":"http:\/\/blog.inmontanis.info\/index.php?rest_route=%2Fwp%2Fv2%2Fmedia&parent=11032"}],"wp:term":[{"taxonomy":"category","embeddable":true,"href":"http:\/\/blog.inmontanis.info\/index.php?rest_route=%2Fwp%2Fv2%2Fcategories&post=11032"},{"taxonomy":"post_tag","embeddable":true,"href":"http:\/\/blog.inmontanis.info\/index.php?rest_route=%2Fwp%2Fv2%2Ftags&post=11032"}],"curies":[{"name":"wp","href":"https:\/\/api.w.org\/{rel}","templated":true}]}}