{"id":11029,"date":"2025-11-19T18:50:52","date_gmt":"2025-11-19T17:50:52","guid":{"rendered":"http:\/\/blog.inmontanis.info\/?p=11029"},"modified":"2025-11-28T20:13:45","modified_gmt":"2025-11-28T19:13:45","slug":"cluny-clayette-18-19-11-2025","status":"publish","type":"post","link":"http:\/\/blog.inmontanis.info\/?p=11029","title":{"rendered":"Cluny + Clayette, 18.-19.11.2025"},"content":{"rendered":"<p><strong>Di, 18.11.2025<\/strong><\/p>\n<p>Bei lediglich 4,3\u00b0 morgens h\u00e4tte ich wohl doch die Standheizung vorprogrammieren sollen &#8211; oder den kostenpflichtigen Stromplatz nehmen..<\/p>\n<p>Weil ich mit einem Klogang gerechnet hatte, arbeitete ich wieder in Couchposition.  Ausgerechnet, als ich dann gegen 9\/9:15 Uhr am Klo war (und ich alle Scheiben zu hatte), klopfte es an meiner T\u00fcr, eien Gruppe vermutlicher Bauarbeiter wollte wissen, ob alles OK bei mir sei &#8230;<\/p>\n<p>In Cluny am ehemaligen Bahnhof nach einem WC geschaut, aber das ist im Winter geschlossen.<\/p>\n<p><a href='http:\/\/extra.inmontanis.info\/d\/140612-2\/dsc01870.jpg'><img src=http:\/\/extra.inmontanis.info\/d\/140611-3\/dsc01870.jpg \/><\/a><br \/>\n^ Cluny<\/p>\n<p><a href='http:\/\/extra.inmontanis.info\/d\/140616-2\/dsc01873.jpg'><img src=http:\/\/extra.inmontanis.info\/d\/140615-3\/dsc01873.jpg \/><\/a><br \/>\n^ Ex-Bahnhof Cluny<\/p>\n<p><a href='http:\/\/extra.inmontanis.info\/d\/140620-2\/dsc01874.jpg'><img src=http:\/\/extra.inmontanis.info\/d\/140619-3\/dsc01874.jpg \/><\/a><br \/>\n^ Ex-Bahnhof Cluny<\/p>\n<p><a href='http:\/\/extra.inmontanis.info\/d\/140624-2\/dsc01876.jpg'><img src=http:\/\/extra.inmontanis.info\/d\/140623-3\/dsc01876.jpg \/><\/a><br \/>\n^ Ex-Bahnhof Cluny<\/p>\n<p><a href='http:\/\/extra.inmontanis.info\/d\/140628-2\/dsc01879.jpg'><img src=http:\/\/extra.inmontanis.info\/d\/140627-3\/dsc01879.jpg \/><\/a><br \/>\n^ Ex-Bahnhof Cluny<\/p>\n<p><a href='http:\/\/extra.inmontanis.info\/d\/140632-2\/dsc01881.jpg'><img src=http:\/\/extra.inmontanis.info\/d\/140631-3\/dsc01881.jpg \/><\/a><br \/>\n^ Ex-Bahnhof Cluny<\/p>\n<p><a href='http:\/\/extra.inmontanis.info\/d\/140636-2\/dsc01883.jpg'><img src=http:\/\/extra.inmontanis.info\/d\/140635-3\/dsc01883.jpg \/><\/a><br \/>\n^ Ex-Bahnhof Cluny<\/p>\n<p><a href='http:\/\/extra.inmontanis.info\/d\/140640-2\/dsc01885.jpg'><img src=http:\/\/extra.inmontanis.info\/d\/140639-3\/dsc01885.jpg \/><\/a><br \/>\n^ Die Berge werden h\u00f6her<\/p>\n<p><a href='http:\/\/extra.inmontanis.info\/d\/140644-2\/dsc01888.jpg'><img src=http:\/\/extra.inmontanis.info\/d\/140643-3\/dsc01888.jpg \/><\/a><br \/>\n^ <\/p>\n<p><a href='http:\/\/extra.inmontanis.info\/d\/140648-2\/dsc01890.jpg'><img src=http:\/\/extra.inmontanis.info\/d\/140647-3\/dsc01890.jpg \/><\/a><br \/>\n^<br \/>\nUm 13 Uhr kam ich an dem gratis Stellplatz an, wo man gratis Strom kriegen soll und daf\u00fcr eine Spende hinterlassen kann. Ein WoMo stand gerade auf dem Ver- und Entsorgsplatz, weshalb ich mich mal nicht dirket dort in die ecke stellte sondern erst mal den anderen Platz daneben ausprobierte, ob mir das Kabel reichen w\u00fcrde. Eine Verl\u00e4ngerungstrommel  lag hier eigenartigerweise auch herum, keine Ahnung ob von denen oder von wem vergessen oder absichtlich.<\/p>\n<p>Jedenfalls f\u00fcllten die gerade Wasser nach, was also noch nicht auf eine Winterschlie\u00dfung deuten w\u00fcrde, somit sollte auch Strom da sein.<\/p>\n<p><a href='http:\/\/extra.inmontanis.info\/d\/140652-2\/dsc01893.jpg'><img src=http:\/\/extra.inmontanis.info\/d\/140651-3\/dsc01893.jpg \/><\/a><br \/>\n^ Gratis Stellplatz  mit gratis Strom und Ver- und Entsorgung<\/p>\n<p>Ich wartete noch etwas, ob die nach der Versorgung fahren w\u00fcrden, stellten sich aber wohl nur nebem mich hin und denen geh\u00f6rte also die Verl\u00e4ngerung &#8211; vmtl bin ich jetzt auf ihren Platz von gestern gefahren ;) Haben aber nix gesagt.<\/p>\n<p>Mein Kabel hatte gereicht und so blieb ich hier stehen.<\/p>\n<p>Bissl fr\u00fch dran somit heute &#8230; 13 Uhr und da soll ich schon Tisch aufbauen? <\/p>\n<p>WC g\u00e4be es auch, sogar ein Sitz-WC und sogar eins mit Klobrille.<\/p>\n<p>Leider sehr matschig alles durch den Rasen hier. Meine heute erstmals angezogene Thermohose war dadurch unten gleich mal verdreckt.<\/p>\n<p>Ich f\u00fcllte mir eine Flasche Wasser auf &#8211; das Leitungswasser hier in Frankreich sehr gechlort &#8211; und f\u00fcllte auch das Wasser meiner Toilette auf.<\/p>\n<p><a href='http:\/\/extra.inmontanis.info\/d\/140656-2\/dsc01897.jpg'><img src=http:\/\/extra.inmontanis.info\/d\/140655-3\/dsc01897.jpg \/><\/a><br \/>\n^ Hat mich eigentlich schon jahrelang gest\u00f6rt, dass sich die ersten Bl\u00e4tter mit der Zeit abwickeln &#8211; h\u00e4tte vmtl. daheim breitere Gummib\u00e4ndchen gehabt, aber das hier tut&#8217;s auch.<\/p>\n<p>Am linken Kn\u00f6chel hab ich 2 rote Punkte, die alle paar Tage mal jucken &#8211; hat mich da irgendein Mistvieh etwa durch die Socken gestochen oder gebissen, als ich da letztens durchs Gras gegangen bin??<\/p>\n<p>Gegen 23 Uhr den Heizer ausgeschaltet, um 1:45 ging der der bl\u00f6de Rauchmelder wieder fehlerhaft los (den ich mal wieder eingeschaltet hatte) und um 5 Uhr im Halbschlaf den Heizer wieder eingeschaltet,  da waren es lt. sp\u00e4terer Minimaltemperatur 5,3\u00b0. Bis 7 Uhr schaffte es der Heizer auf Stufe 1 nur, dass es lt. Innenthermometer 14\u00b0 wurde.<\/p>\n<p><strong>Mi, 19.11.2025<\/strong><\/p>\n<p>Scheiben waren heute Morgen erstmals diese Saison auch von innen angefroren. Da kann ich dann kein Wasser &#8220;aufschieben&#8221; mit meinem neuen Tool &#8230; <\/p>\n<p>Morgens gleich die volle Pinkelflasche geleert, kalt da drau\u00dfen &#8211; und bis n\u00e4chsten Sonntag soll es fast jede Nacht noch etwas k\u00e4lter werden &#8211; da w\u00e4re es sch\u00f6n, noch ein paar g\u00fcnstige Strompl\u00e4tze zu bekommen.. Insb. weil ich ja jetzt ins bergigere Massif Central komm und es bis weit runter schneien soll.<\/p>\n<p>Da k\u00f6nnt ich vielleicht die Skier auspacken und zu Fu\u00df wo raufgehen? Jedenfalls muss ich jetzt die Skijacke mal rauskramen.<\/p>\n<p>Wobei auch in den Pyren\u00e4en nun teilweise (bevorzugt im Norden) ein halber Meter und mehr Schnee gemeldet w\u00fcrde. K\u00f6nnte vielleicht doch klappen mit dem 29. in Luz.<\/p>\n<p>Erster Halt heute am sch\u00f6nen Chateau de la Clayette, leider wohl nur von Juni bis Oktober offen.<\/p>\n<p>&#128681; Gespeicherte Geolocation &#8211; Karte anzeigen: <a href='https:\/\/www.google.com\/maps\/@?api=1&#038;map_action=map&#038;center=46.2923422,4.3050973&#038;zoom=12&#038;basemap=terrain' target=_blank> GoogleMaps<\/a> &#128681; <a href='https:\/\/www.openstreetmap.org\/?&#038;mlat=46.2923422&#038;mlon=4.3050973#map=10\/46.2923422\/4.3050973&#038;layers=P' target=_blank> OSM &#128681;<\/a><\/p>\n<p><a href='http:\/\/extra.inmontanis.info\/d\/140496-2\/dsc01902.jpg'><img src=http:\/\/extra.inmontanis.info\/d\/140495-3\/dsc01902.jpg \/><\/a><br \/>\n^ See und Chateau La Clayette<\/p>\n<p><a href='http:\/\/extra.inmontanis.info\/d\/140500-2\/dsc01905.jpg'><img src=http:\/\/extra.inmontanis.info\/d\/140499-3\/dsc01905.jpg \/><\/a><br \/>\n^ Graben<\/p>\n<p><a href='http:\/\/extra.inmontanis.info\/d\/140504-2\/dsc01906.jpg'><img src=http:\/\/extra.inmontanis.info\/d\/140503-3\/dsc01906.jpg \/><\/a><br \/>\n^ Die Schw\u00e4ne(?) m\u00f6gen wohl das Schaumbad ;)<\/p>\n<p><a href='http:\/\/extra.inmontanis.info\/d\/140508-2\/dsc01946.jpg'><img src=http:\/\/extra.inmontanis.info\/d\/140507-3\/dsc01946.jpg \/><\/a><br \/>\n^ Chateau La Clayette<\/p>\n<p><a href='http:\/\/extra.inmontanis.info\/d\/140512-2\/dsc01910.jpg'><img src=http:\/\/extra.inmontanis.info\/d\/140511-3\/dsc01910.jpg \/><\/a><br \/>\n^ Chateau La Clayette<\/p>\n<p><a href='http:\/\/extra.inmontanis.info\/d\/140516-2\/dsc01913.jpg'><img src=http:\/\/extra.inmontanis.info\/d\/140515-3\/dsc01913.jpg \/><\/a><br \/>\n^ Chateau La Clayette<\/p>\n<p><a href='http:\/\/extra.inmontanis.info\/d\/140520-2\/dsc01914.jpg'><img src=http:\/\/extra.inmontanis.info\/d\/140519-3\/dsc01914.jpg \/><\/a><br \/>\n^ Abfluss, unten gehts dann zum Schaumbad<\/p>\n<p><a href='http:\/\/extra.inmontanis.info\/d\/140524-2\/dsc01917.jpg'><img src=http:\/\/extra.inmontanis.info\/d\/140523-3\/dsc01917.jpg \/><\/a><br \/>\n^ Chateau La Clayette<\/p>\n<p><a href='http:\/\/extra.inmontanis.info\/d\/140528-2\/dsc01924.jpg'><img src=http:\/\/extra.inmontanis.info\/d\/140527-3\/dsc01924.jpg \/><\/a><br \/>\n^ Chateau La Clayette<\/p>\n<p><a href='http:\/\/extra.inmontanis.info\/d\/140532-2\/dsc01925.jpg'><img src=http:\/\/extra.inmontanis.info\/d\/140531-3\/dsc01925.jpg \/><\/a><br \/>\n^ Chateau La Clayette<\/p>\n<p><a href='http:\/\/extra.inmontanis.info\/d\/140536-2\/dsc01930.jpg'><img src=http:\/\/extra.inmontanis.info\/d\/140535-3\/dsc01930.jpg \/><\/a><br \/>\n^ Chateau La Clayette<\/p>\n<p><a href='http:\/\/extra.inmontanis.info\/d\/140540-2\/dsc01931.jpg'><img src=http:\/\/extra.inmontanis.info\/d\/140539-3\/dsc01931.jpg \/><\/a><br \/>\n^ See davor<\/p>\n<p><a href='http:\/\/extra.inmontanis.info\/d\/140544-2\/dsc01935.jpg'><img src=http:\/\/extra.inmontanis.info\/d\/140543-3\/dsc01935.jpg \/><\/a><br \/>\n^ Chateau La Clayette<\/p>\n<p><a href='http:\/\/extra.inmontanis.info\/d\/140548-2\/dsc01936.jpg'><img src=http:\/\/extra.inmontanis.info\/d\/140547-3\/dsc01936.jpg \/><\/a><br \/>\n^ Der Spiegelsee funktoniert fast ;)<\/p>\n<p><a href='http:\/\/extra.inmontanis.info\/d\/140552-2\/dsc01937.jpg'><img src=http:\/\/extra.inmontanis.info\/d\/140551-3\/dsc01937.jpg \/><\/a><br \/>\n^ Chateau La Clayette<\/p>\n<p><a href='http:\/\/extra.inmontanis.info\/d\/140556-2\/dsc01938.jpg'><img src=http:\/\/extra.inmontanis.info\/d\/140555-3\/dsc01938.jpg \/><\/a><br \/>\n^ Kunst davor<\/p>\n<p><a href='http:\/\/extra.inmontanis.info\/d\/140560-2\/dsc01939.jpg'><img src=http:\/\/extra.inmontanis.info\/d\/140559-3\/dsc01939.jpg \/><\/a><br \/>\n^ Chateau La Clayette<\/p>\n<p><a href='http:\/\/extra.inmontanis.info\/d\/140564-2\/dsc01942.jpg'><img src=http:\/\/extra.inmontanis.info\/d\/140563-3\/dsc01942.jpg \/><\/a><br \/>\n^ Chateau La Clayette<\/p>\n<p><a href='http:\/\/extra.inmontanis.info\/d\/140568-2\/dsc01944.jpg'><img src=http:\/\/extra.inmontanis.info\/d\/140567-3\/dsc01944.jpg \/><\/a><br \/>\n^ Chateau La Clayette<\/p>\n<p><a href='http:\/\/extra.inmontanis.info\/d\/140572-2\/dsc01945.jpg'><img src=http:\/\/extra.inmontanis.info\/d\/140571-3\/dsc01945.jpg \/><\/a><br \/>\n^ Chateau La Clayette<\/p>\n<p>Zweiter Halt mal ein Aldi. Cola 1,5l mit Zucker 1, 09 \u20ac und ohne Zucker 0,45. Die 1,5l Flasche Coca Cola Zero um 1,49 d\u00fcrfte aber auch recht g\u00fcnstig sein oder schau ich mir diese Preise immer nur in Skandinavien an?<\/p>\n<p>Rauchmelder bekam ich auch, hoffentlich spinnt der nicht auch so. Etliche Tage sp\u00e4ter installiert: Leider hat der keine M\u00f6glichkeit zum Ausschalten, der ist immer an, kein Sicherungsstift zum Deaktivieren. Wenn der also rumm\u00fcllt, muss ich ihn aus dem Fenster schmei\u00dfen.<\/p>\n<p><a href='http:\/\/extra.inmontanis.info\/d\/140576-2\/img_20251119_130250_6.jpg'><img src=http:\/\/extra.inmontanis.info\/d\/140575-3\/img_20251119_130250_6.jpg \/><\/a><br \/>\n^ Geb\u00e4ck im Aldi in Frankreich<\/p>\n<p><a href='http:\/\/extra.inmontanis.info\/d\/140580-2\/img_20251119_130717_0.jpg'><img src=http:\/\/extra.inmontanis.info\/d\/140579-3\/img_20251119_130717_0.jpg \/><\/a><br \/>\n^ Fertiggericht H\u00fchnchen mit Erdnussso\u00dfe, das muss ich mal probieren.<\/p>\n<p><a href='http:\/\/extra.inmontanis.info\/d\/140584-2\/img_20251119_131516_1.jpg'><img src=http:\/\/extra.inmontanis.info\/d\/140583-3\/img_20251119_131516_1.jpg \/><\/a><br \/>\n^ R\u00f6sti-Burger (TK), h\u00e4tten mich auch gereizt<\/p>\n<p>Da ich noch 2 Abendesssen offen hab (1x N\u00fcrnberger und 1x Gelbwurst), konnte ich leider sonst keine Fertiggerichte kaufen. <\/p>\n<p>Pizza-Automaten sieht man in FR mittlerweile auch recht h\u00e4ufig, sogar in manch kleinen Ortschaften.<\/p>\n<p>Der Nachteil ist, wenn man Gro\u00dfr\u00e4ume vermeidet und in l\u00e4ndlicheren Gegenden unterwegs ist, dass man auch an keiner Ikea oder Quick oder Buffalo Grill vorbeikommt. <\/p>\n<p>Noch einen Baumarkt geschaut, mal schaun, was die in FR so haben &#8211; aber nix passendes gefunden. So ein bisschen eine Mischung aus Obi (DE\/AT) und Jula (SE)..<\/p>\n<p>Da ich keinen Stromplatz heut bekommen w\u00fcrde, eine zweite Burg kurz nach Roanne aber erst morgen anfahren m\u00f6chte, wollte ich noch vor Roanne mal wieder an einem Kanal \u00fcbernachten.<\/p>\n<p><a href='http:\/\/extra.inmontanis.info\/d\/140588-2\/dsc01949.jpg'><img src=http:\/\/extra.inmontanis.info\/d\/140587-3\/dsc01949.jpg \/><\/a><br \/>\n^ Tagelang sah ich fast nur hellbraun-beige K\u00fche, sahen von weiter weg aus wie Schafe<\/p>\n<p><a href='http:\/\/extra.inmontanis.info\/d\/140592-2\/dsc01959.jpg'><img src=http:\/\/extra.inmontanis.info\/d\/140591-3\/dsc01959.jpg \/><\/a><br \/>\n^ K\u00f6nnte ein Hausboot sein, gab Briefk\u00e4sten davor<\/p>\n<p><a href='http:\/\/extra.inmontanis.info\/d\/140596-2\/dsc01961.jpg'><img src=http:\/\/extra.inmontanis.info\/d\/140595-3\/dsc01961.jpg \/><\/a><br \/>\n^ Mal wieder am Kanal, es gibt mehr Kan\u00e4le in Frankreich als erwartet<\/p>\n<p><a href='http:\/\/extra.inmontanis.info\/d\/140600-2\/dsc01963.jpg'><img src=http:\/\/extra.inmontanis.info\/d\/140599-3\/dsc01963.jpg \/><\/a><br \/>\n^ Kanal<\/p>\n<p><a href='http:\/\/extra.inmontanis.info\/d\/140604-2\/dsc01965.jpg'><img src=http:\/\/extra.inmontanis.info\/d\/140603-3\/dsc01965.jpg \/><\/a><br \/>\n^ .. in der anderen Blickrichtung ist es bedeckter<\/p>\n<p>So lang die Sonne aufs Auto knallt, bekommt man nach wie vor noch sch\u00f6n warme Temperaturen, bei den Minustemperaturen die n\u00e4chsten Tage w\u00e4re ein Stromplatz nett, aber momentan schwierig, die Campingpl\u00e4tze sind mittlerweile alle zu, zumindest die auf meiner Route. Einfache Stellpl\u00e4tze mit Strom, wie ich gestern hatte, sind selten, mal kosten sie, mal sind sie kostenlos, mal haben sie Strom, mal haben sie keinen Strom &#8211; und wenn sie Strom haben, dann selten kostenlos und oft kostenpflichtig, was ja nicht das Problem w\u00e4re, w\u00fcrde man, wie in DE und IT und AT, nach kWh zahlen.<\/p>\n<p>Aber in Frankreich zahlt man nach Zeit. Selbst kostenlose gehen manchmal nur eine viertel oder ganze Stunde. Bl\u00f6d ist aber, wenn man in M\u00fcnzen oder Jetons 1-4 \u20ac zahlen muss und daf\u00fcr &#8211; je nach Platz und dortige Kosten &#8211; nur 1-4 Stunden Strom bekommt und dann wieder nachwerfen muss &#8211; so etwas macht die Sache sehr teuer und sehr umst\u00e4ndlich. Tw. 2-3 \u20ac f\u00fcr nur 1 Stunde, nur sinnvoll, wenn man ein sehr starkes Ladeger\u00f6t hat.<\/p>\n<p>Noch 4 Tage bis zum Ende des Masella-Vorverkaufs. Ich geh nicht mehr davon aus, dass sie bis dahin ank\u00fcndigen werden, wie lang die Saison  geplant sein wird.  Mitte November, ca. 1 Woche vor \u00d6ffnung, und keinerlei Saisondaten&#8230;. <\/p>\n<p><a href='http:\/\/extra.inmontanis.info\/d\/140608-2\/img_20251119_224414.jpg'><img src=http:\/\/extra.inmontanis.info\/d\/140607-3\/img_20251119_224414.jpg \/><\/a><br \/>\n^ Ich teste momentan dieses Gurtband um die F\u00fc\u00dfe nachts, entweder um die Decken damit in den Schlafsack oder dann au\u00dfen um den Schlafsack rum, evtl. k\u00f6nnten die F\u00fc\u00dfe dadurch w\u00e4rmer sein<\/p>\n<p>War n\u00e4mlich der Meinung die letzten Jahre, dass die F\u00fc\u00dfe w\u00e4rmer werden, wenn da nicht so viel Platz w\u00e4re.<\/p>\n<p>Scheint auch durchaus die n\u00e4chsten Tage geholfen zu haben, denn ich meine, dass ich bei derartigen Temperaturen in den letzten Jahren schon die Str\u00fcmpfe angezogen hatte, weil die F\u00fc\u00dfe sonst zu kalt wurden &#8211; die n\u00e4chsten Tage gings noch ohne Str\u00fcmpfe.<\/p>\n","protected":false},"excerpt":{"rendered":"<p>Di, 18.11.2025<\/p>\n<p>Bei lediglich 4,3\u00b0 morgens h\u00e4tte ich wohl doch die Standheizung vorprogrammieren sollen &#8211; oder den kostenpflichtigen Stromplatz nehmen..<\/p>\n<p>Weil ich mit einem Klogang gerechnet hatte, arbeitete ich wieder in Couchposition. Ausgerechnet, als ich dann gegen 9\/9:15 Uhr am Klo war (und ich alle Scheiben zu hatte), klopfte es an meiner T\u00fcr, eien Gruppe <a href=\"http:\/\/blog.inmontanis.info\/?p=11029\">[&#8230;]<\/a><\/p>\n","protected":false},"author":1,"featured_media":11031,"comment_status":"closed","ping_status":"closed","sticky":false,"template":"","format":"standard","meta":{"footnotes":""},"categories":[950,16],"tags":[36,133,45],"class_list":["post-11029","post","type-post","status-publish","format-standard","has-post-thumbnail","hentry","category-2025-09-2026-11-pyrenaen-uk-co","category-france","tag-castle","tag-kanalcanal","tag-see","odd"],"_links":{"self":[{"href":"http:\/\/blog.inmontanis.info\/index.php?rest_route=\/wp\/v2\/posts\/11029","targetHints":{"allow":["GET"]}}],"collection":[{"href":"http:\/\/blog.inmontanis.info\/index.php?rest_route=\/wp\/v2\/posts"}],"about":[{"href":"http:\/\/blog.inmontanis.info\/index.php?rest_route=\/wp\/v2\/types\/post"}],"author":[{"embeddable":true,"href":"http:\/\/blog.inmontanis.info\/index.php?rest_route=\/wp\/v2\/users\/1"}],"replies":[{"embeddable":true,"href":"http:\/\/blog.inmontanis.info\/index.php?rest_route=%2Fwp%2Fv2%2Fcomments&post=11029"}],"version-history":[{"count":1,"href":"http:\/\/blog.inmontanis.info\/index.php?rest_route=\/wp\/v2\/posts\/11029\/revisions"}],"predecessor-version":[{"id":11030,"href":"http:\/\/blog.inmontanis.info\/index.php?rest_route=\/wp\/v2\/posts\/11029\/revisions\/11030"}],"wp:featuredmedia":[{"embeddable":true,"href":"http:\/\/blog.inmontanis.info\/index.php?rest_route=\/wp\/v2\/media\/11031"}],"wp:attachment":[{"href":"http:\/\/blog.inmontanis.info\/index.php?rest_route=%2Fwp%2Fv2%2Fmedia&parent=11029"}],"wp:term":[{"taxonomy":"category","embeddable":true,"href":"http:\/\/blog.inmontanis.info\/index.php?rest_route=%2Fwp%2Fv2%2Fcategories&post=11029"},{"taxonomy":"post_tag","embeddable":true,"href":"http:\/\/blog.inmontanis.info\/index.php?rest_route=%2Fwp%2Fv2%2Ftags&post=11029"}],"curies":[{"name":"wp","href":"https:\/\/api.w.org\/{rel}","templated":true}]}}