{"id":11026,"date":"2025-11-17T19:19:33","date_gmt":"2025-11-17T18:19:33","guid":{"rendered":"http:\/\/blog.inmontanis.info\/?p=11026"},"modified":"2025-11-27T19:24:52","modified_gmt":"2025-11-27T18:24:52","slug":"brancion-etc-16-17-11-2025","status":"publish","type":"post","link":"http:\/\/blog.inmontanis.info\/?p=11026","title":{"rendered":"Brancion etc, 16.-17.11.2025"},"content":{"rendered":"<p><strong>So, 16.11.2025<\/strong><\/p>\n<p>Heute Regen, die Kurzfrist-Regenvorhersage f\u00fcr den Ort hier war auch laufend falsch. Am sp\u00e4ten Nachmittags k\u00f6nnte es vielleicht mal trockener werden.<\/p>\n<p>So ein Regentag bringt mich ja etwas zu dem Thema, das ich quasi gar nicht bedacht hab &#8211; Regentage im Winterhalbjahr w\u00e4hrend des Skifahrens. Das war ja eigentlich mit ein Grund, warum ich letztes Jahr dann unbedingt wieder nach Skandinavien wollte, weil man weniger Schneeregen und Regen beim Skifahren hat&#8230;. das kann und wird in den Pyren\u00e4en und Spanien aber wohl auch ein Thema werden insb. die Frage, ob die Skigebiete dann offen haben und weil es kaum Gondeln und Haubensessel gibt, eben auch unangenehmer.<\/p>\n<p>Mit offenen Campingpl\u00e4tzen schauts auf dem Weg momentan auch schlecht aus, haben anscheinend zu der Jahreszeit fast alle nicht offen. Evtl. muss ich also meinen Weg zu einem kostenlosen Stellplatz f\u00fchren lassen, der auch gratis Strom hat &#8211; so der zu der Jahreszeit offen ist.<\/p>\n<p>Bereits nach Mittag l\u00e4ngere Trockenphasen, aber meim Zwischenhalt hinsichtlich \u00f6ffentlicher Toilette in Louhans (2 Parkpl\u00e4tze angefahren) .. wirkt nicht sehr einladend.<\/p>\n<p>Die zentrale Kopfsteinpflasterstra\u00dfe sah sehr altert\u00fcmlich aus, wirkt von oben am Sat-Bild aber noch weniger einladend, jedenfalls aus wohntechnischer Sicht,  da hinter den schmalen H\u00e4usern entweder Mini-Innenh\u00f6fe oder noch weitere H\u00e4user stehen, die eingekastelt sind, also noch nicht mal Mini-Gassen zwischen den H\u00e4usern. <\/p>\n<p><a href='http:\/\/extra.inmontanis.info\/d\/140372-2\/ge-louhans1.jpg'><img src=http:\/\/extra.inmontanis.info\/d\/140371-3\/ge-louhans1.jpg \/><\/a><br \/>\n^ Schmale H\u00e4user in kleinen Hinterh\u00f6fen &#8211; da kann man ja gleich im Keller wohnen ..<\/p>\n<p><a href='http:\/\/extra.inmontanis.info\/d\/140376-2\/dsc01802.jpg'><img src=http:\/\/extra.inmontanis.info\/d\/140375-3\/dsc01802.jpg \/><\/a><br \/>\n^ Landstra\u00dfen in Frankreich verlaufen oftmals lange gerade<\/p>\n<p>Nachdem mich FREE auch heute wieder trotz manueller Netzwahl mit internetloser Verbindung genervt hat, hab ich es nun mittels des anderen Befehls auf die Sperrliste gesetzt. Neustart + automatische Netzwerksuche und hoffentlich funktioniert das nun so.<\/p>\n<p>echo -e &#8216;AT+CRSM=214,28539,0,0,12,&#8221;02F851FFFFFFFFFFFFFFFFFF&#8221;\\r&#8217; > \/dev\/radio\/atci1<\/p>\n<p>Von den n\u00e4chsten Tagen kann ich berichten, dass sich Android zwar noch ganz selten ins Free-Netz eingebucht hat, aber fast nie, also scheint dann doch etwas zu wirken.<\/p>\n<p><a href='http:\/\/extra.inmontanis.info\/d\/140380-2\/dsc01804.jpg'><img src=http:\/\/extra.inmontanis.info\/d\/140379-3\/dsc01804.jpg \/><\/a><br \/>\n^ Kanal<\/p>\n<p><a href='http:\/\/extra.inmontanis.info\/d\/140384-2\/dsc01805.jpg'><img src=http:\/\/extra.inmontanis.info\/d\/140383-3\/dsc01805.jpg \/><\/a><br \/>\n^ Schleuse<\/p>\n<p><a href='http:\/\/extra.inmontanis.info\/d\/140388-2\/dsc01807.jpg'><img src=http:\/\/extra.inmontanis.info\/d\/140387-3\/dsc01807.jpg \/><\/a><br \/>\n^ Schleuse<\/p>\n<p><a href='http:\/\/extra.inmontanis.info\/d\/140392-2\/dsc01809.jpg'><img src=http:\/\/extra.inmontanis.info\/d\/140391-3\/dsc01809.jpg \/><\/a><br \/>\n^ Kanal<\/p>\n<p>Auf der Masella-Website mal den Text \u00fcbersetzen lassen, den sie letzte Saison im Februar geschrieben hatten, da hatten sie n\u00e4mlich einen Fr\u00fchjahrs-Saisonpass g\u00fcltig ab 1.3. um 260 ohne und 340 \u20ac mit LaMolina angeboten inkl. 17 rabattierten Tagen in anderen Skigebieten der Pyren\u00e4en. Das w\u00e4r ja noch g\u00fcnstiger als der Werktages-Saisonpass im Vorverkauf, sollten sie das diese Saison wieder anbieten &#8211; und dann wei\u00df man hoffentlich auch, wie lang die Skisaison gehen soll. D.h. ich sollte die 5\u20ac-Skigebiete von der Masella-Saisonkarte m\u00f6glichst erst sp\u00e4ter anfahren, falls ich mir doch noch diesen Fr\u00fchjahrs-Saisonpass kaufen w\u00fcrde?! Kann aber auch gef\u00e4hrlich sp\u00e4t sein und hinsichtlich Fahrstrecken und anderer Ziele vielleicht auch unpassend.<\/p>\n<p>Leider kann man nun immer weniger besuchen. Die seit gestern fur morgen vorgesehene Burgruine, laut gmaps \u00d6ffnungszeiten vor 2 Wochen aktualisiert und offen, ist laut Website seit heute geschlossen bis 1.4.  &#8211; aber dummerweise hab ich die Website erst nach 22 Uhr angeschaut, also &#8230; mal wieder kein Plan f\u00fcr morgen (au\u00dfer Einkaufen).<\/p>\n<p><strong>Mo, 17.11.2025<\/strong><\/p>\n<p>M\u00f6gliche Superm\u00e4rkte heute in der Reihenfolge: (kleinerer) Intermarch\u00e9 und Auchan. Ersterer h\u00e4tte laut Fotos ein WC, zweiterer unsicher. Also erst Intermarch\u00e9.<\/p>\n<p>WC ja, aber kein Papier. Gestern schon keins gehaabt, muss mal wieder wo eins mitnehmen f\u00fcr solche F\u00e4lle.<\/p>\n<p>Dieser Intermarche hat sogar &#8211; wie in Schweden manchmal &#8211; Sitzgelegenheit und Mikrowelle.<\/p>\n<p>Hab mir heut mal eine franz\u00f6sische H-Milch in der Plastiflasche mitgenommen, die gibts hier n\u00e4mlich nicht nur im Karton, hat dadurch eine gr\u00f6\u00dfere \u00d6ffnunng, was das Bef\u00fcllen mit meinem Spezialpulver vereinfachen w\u00fcrde, aber keine Vollmilch. <\/p>\n<p><a href='http:\/\/extra.inmontanis.info\/d\/140400-2\/dsc01811.jpg'><img src=http:\/\/extra.inmontanis.info\/d\/140399-3\/dsc01811.jpg \/><\/a><br \/>\n^ Milch in Plastikflasche mit gro\u00dfem Verschluss &#8211; leider untauglich<\/p>\n<p>Am n\u00e4chsten Morgen bemerkt, dass der Verschluss leider kompletter M\u00fcll ist, da man die Flasche nicht luftdicht verschlie\u00dfen kann, man kann den Verschluss nicht festdrehen und wenn man die Flasche dr\u00fcckt, springt der Verschluss auf und die luft geht raus&#8230; Musste also umf\u00fcllen, zum Gl\u00fcck war eine 1,5-l-Flasche fast leer und konnte ich leermachen. Wie kann man nur so einen M\u00fcll produzieren und wieso kaufen die leute dann so einen M\u00fclll??<\/p>\n<p>Das WC im Auchan Supermarkt war &#8220;au\u00dfer Betrieb&#8221;, ein so g\u00fcnstiges Baguette wie im Intermarche g\u00e4be es hier nicht. Auch ein anderes Fertiggericht, was ich letzens um 4 \u20ac gekauft hab, h\u00e4tte hier 4,55 gekostet! Paar Tage sp\u00e4ter irgendwo um unter 3 gesehen. Pizzam\u00e4\u00dfig ledier in beiden keinen Erfolg gehabt. <\/p>\n<p>Bzw. Bei den TK-Pizzen etws teurer gab&#8217;s dann eine Montagnard, leider keine Preisauszeichnung und teurer als die 3,50-4 \u20ac der anderen Pizzen dieser Marke, kostete n\u00e4mlich 5,50. Normalerweise kauf ich mir keine so teuren TK-Pizzen&#8230;<\/p>\n<p>Es gibt auch in FR dumme Leute, die auf der Stra\u00dfe bzw. in den Superm\u00e4rkten noch mit Maske rumlaufen :(<\/p>\n<p>Aber ein paar Sachen hab ich im Auchan doch bekommen, die ich bisher nirgends gesehen hab, z.B. endlich mal wieder Erdbeermarmeladen-Alternative aus der Quetschflasche:<\/p>\n<p><a href='http:\/\/extra.inmontanis.info\/d\/140396-2\/img_20251117_122355_9.jpg'><img src=http:\/\/extra.inmontanis.info\/d\/140395-3\/img_20251117_122355_9.jpg \/><\/a><br \/>\n^ Kann man auch auf Br\u00f6tchen\/Baguette tun, zumindest bisher mal Erdbeer ganz links probiert<\/p>\n<p>Hab dann doch kurz in Brancion gehalten, auch wenn die Burg seit SO bereits zu ist &#8230;<br \/>\n.. naja, ob der Hype um das mittelalterliche Dorf hier so gerechtfertigt ist &#8230; nicht mal autofrei, d.h. Einwohner fahren mit dem Autos rein und stehen auch rum.<\/p>\n<p><a href='http:\/\/extra.inmontanis.info\/d\/140404-2\/dsc01816.jpg'><img src=http:\/\/extra.inmontanis.info\/d\/140403-3\/dsc01816.jpg \/><\/a><br \/>\n^ Es wird wieder bergiger &#8211; am Nordrand vom Zentralmassiv oder noch kurz davor<\/p>\n<p><a href='http:\/\/extra.inmontanis.info\/d\/140408-2\/dsc01818.jpg'><img src=http:\/\/extra.inmontanis.info\/d\/140407-3\/dsc01818.jpg \/><\/a><br \/>\n^ Parkplatz vor Brancion<\/p>\n<p><a href='http:\/\/extra.inmontanis.info\/d\/140412-2\/dsc01819.jpg'><img src=http:\/\/extra.inmontanis.info\/d\/140411-3\/dsc01819.jpg \/><\/a><br \/>\n^ Infotafel<\/p>\n<p><a href='http:\/\/extra.inmontanis.info\/d\/140416-2\/dsc01822.jpg'><img src=http:\/\/extra.inmontanis.info\/d\/140415-3\/dsc01822.jpg \/><\/a><br \/>\n^ Eingang in den mittelalterichen Ort Brancion<\/p>\n<p><a href='http:\/\/extra.inmontanis.info\/d\/140420-2\/dsc01825.jpg'><img src=http:\/\/extra.inmontanis.info\/d\/140419-3\/dsc01825.jpg \/><\/a><br \/>\n^ Die Burg hat leider schon Winterpause<\/p>\n<p><a href='http:\/\/extra.inmontanis.info\/d\/140424-2\/dsc01826.jpg'><img src=http:\/\/extra.inmontanis.info\/d\/140423-3\/dsc01826.jpg \/><\/a><br \/>\n^ Brancion<\/p>\n<p><a href='http:\/\/extra.inmontanis.info\/d\/140428-2\/dsc01829.jpg'><img src=http:\/\/extra.inmontanis.info\/d\/140427-3\/dsc01829.jpg \/><\/a><br \/>\n^ Brancion<\/p>\n<p><a href='http:\/\/extra.inmontanis.info\/d\/140432-2\/dsc01831.jpg'><img src=http:\/\/extra.inmontanis.info\/d\/140431-3\/dsc01831.jpg \/><\/a><br \/>\n^ Brancion<\/p>\n<p><a href='http:\/\/extra.inmontanis.info\/d\/140436-2\/dsc01834.jpg'><img src=http:\/\/extra.inmontanis.info\/d\/140435-3\/dsc01834.jpg \/><\/a><br \/>\n^ Brancion<\/p>\n<p><a href='http:\/\/extra.inmontanis.info\/d\/140440-2\/dsc01836.jpg'><img src=http:\/\/extra.inmontanis.info\/d\/140439-3\/dsc01836.jpg \/><\/a><br \/>\n^ Kirche<\/p>\n<p><a href='http:\/\/extra.inmontanis.info\/d\/140444-2\/dsc01838.jpg'><img src=http:\/\/extra.inmontanis.info\/d\/140443-3\/dsc01838.jpg \/><\/a><br \/>\n^ Kirche<\/p>\n<p><a href='http:\/\/extra.inmontanis.info\/d\/140448-2\/dsc01839.jpg'><img src=http:\/\/extra.inmontanis.info\/d\/140447-3\/dsc01839.jpg \/><\/a><br \/>\n^ Pano<\/p>\n<p><a href='http:\/\/extra.inmontanis.info\/d\/140452-2\/dsc01840.jpg'><img src=http:\/\/extra.inmontanis.info\/d\/140451-3\/dsc01840.jpg \/><\/a><br \/>\n^ Pano<\/p>\n<p><a href='http:\/\/extra.inmontanis.info\/d\/140456-2\/dsc01841.jpg'><img src=http:\/\/extra.inmontanis.info\/d\/140455-3\/dsc01841.jpg \/><\/a><br \/>\n^ auch ein alter Ort da unten<\/p>\n<p><a href='http:\/\/extra.inmontanis.info\/d\/140460-2\/dsc01846.jpg'><img src=http:\/\/extra.inmontanis.info\/d\/140459-3\/dsc01846.jpg \/><\/a><br \/>\n^ Brancion<\/p>\n<p><a href='http:\/\/extra.inmontanis.info\/d\/140464-2\/dsc01848.jpg'><img src=http:\/\/extra.inmontanis.info\/d\/140463-3\/dsc01848.jpg \/><\/a><br \/>\n^ Brancion<\/p>\n<p><a href='http:\/\/extra.inmontanis.info\/d\/140468-2\/dsc01852.jpg'><img src=http:\/\/extra.inmontanis.info\/d\/140467-3\/dsc01852.jpg \/><\/a><br \/>\n^ Burg<\/p>\n<p><a href='http:\/\/extra.inmontanis.info\/d\/140472-2\/dsc01853.jpg'><img src=http:\/\/extra.inmontanis.info\/d\/140471-3\/dsc01853.jpg \/><\/a><br \/>\n^ Brancion, die modernen Autos st\u00f6ren etwas das Bild, daher m\u00f6glichst nicht fotografiert<\/p>\n<p><a href='http:\/\/extra.inmontanis.info\/d\/140476-2\/dsc01855.jpg'><img src=http:\/\/extra.inmontanis.info\/d\/140475-3\/dsc01855.jpg \/><\/a><br \/>\n^ Brancion<\/p>\n<p><a href='http:\/\/extra.inmontanis.info\/d\/140480-2\/dsc01856.jpg'><img src=http:\/\/extra.inmontanis.info\/d\/140479-3\/dsc01856.jpg \/><\/a><br \/>\n^ Das n\u00e4chste alte Schloss<\/p>\n<p><a href='http:\/\/extra.inmontanis.info\/d\/140484-2\/dsc01858.jpg'><img src=http:\/\/extra.inmontanis.info\/d\/140483-3\/dsc01858.jpg \/><\/a><br \/>\n^ <\/p>\n<p><a href='http:\/\/extra.inmontanis.info\/d\/140488-2\/dsc01864.jpg'><img src=http:\/\/extra.inmontanis.info\/d\/140487-3\/dsc01864.jpg \/><\/a><br \/>\n^ In vielen Orten stehen die Ortsschilder auf dem Kopf &#8211; vermutlich irgendeine Protestaktion<\/p>\n<p>Die n\u00e4chste schlechte Nachricht aus den Pyren\u00e4en, w\u00e4hrend Guzet erst n\u00e4chstes Jahr sein Skigebiet verkleinern will (wobei anscheinend doch heuer schon ein SL wegf\u00e4llt), macht Artouste das schon heuer. <\/p>\n<p>Ausgerechnet Artouste, auf das ich mich mit Ax, Guzet und Grand-Tourmalet am meisten gefreut hab und f\u00fcr das ich mit dem Gavarnie-Skipass 2 freie Skitage bekommen w\u00fcrde. Eine 4SB und eine DSB  sollen nicht mehr \u00f6ffnen, d.h. der komplette untere Bereich des r\u00fcckseitigen Skigebietes und wohl ca. die H\u00e4lfte der Pisten und alle (teils sch\u00f6nen) Waldabfahrten werden damit stillgelegt  :(<\/p>\n<p>Pistenplan letzte Saison:<br \/>\n<a href='https:\/\/www.nevasport.com\/fotos\/171125\/1072375-Artouste-dice-adios-al-sector-de-esqui-Soussoueou-y-encoge-su-area-de-pistas.jpg'>https:\/\/www.nevasport.com\/fotos\/171125\/1072375-Artouste-dice-adios-al-sector-de-esqui-Soussoueou-y-encoge-su-area-de-pistas.jpg<\/a><\/p>\n<p>Pistenplan diese Saison:<br \/>\n<a href='https:\/\/www.nevasport.com\/fotos\/171125\/1072374-Artouste-dice-adios-al-sector-de-esqui-Soussoueou-y-encoge-su-area-de-pistas.jpg'>https:\/\/www.nevasport.com\/fotos\/171125\/1072374-Artouste-dice-adios-al-sector-de-esqui-Soussoueou-y-encoge-su-area-de-pistas.jpg<\/a><\/p>\n<p>Tja, das h\u00e4tte ich echt bei meinem letzten Pyren\u00e4en-Trip besuchen sollen &#8211; da h\u00e4tte es auch die alte 6EUB noch gegeben :(<\/p>\n<p><a href='http:\/\/extra.inmontanis.info\/d\/140492-2\/dsc01866.jpg'><img src=http:\/\/extra.inmontanis.info\/d\/140491-3\/dsc01866.jpg \/><\/a><br \/>\n^ Pizza Montagnarde<\/p>\n<p>Masella hat nun heut auf seiner Website verk\u00fcndet, dass sie Ende November \u00f6ffnen wollen, falls die vorhergesehene K\u00e4lte kommt. Von dem Schneefall in den n\u00e4chsten Tagen in den Pyren\u00e4en sollen die ja nicht all zu viel abbekommen. <\/p>\n","protected":false},"excerpt":{"rendered":"<p>So, 16.11.2025<\/p>\n<p>Heute Regen, die Kurzfrist-Regenvorhersage f\u00fcr den Ort hier war auch laufend falsch. Am sp\u00e4ten Nachmittags k\u00f6nnte es vielleicht mal trockener werden.<\/p>\n<p>So ein Regentag bringt mich ja etwas zu dem Thema, das ich quasi gar nicht bedacht hab &#8211; Regentage im Winterhalbjahr w\u00e4hrend des Skifahrens. Das war ja eigentlich mit ein Grund, warum <a href=\"http:\/\/blog.inmontanis.info\/?p=11026\">[&#8230;]<\/a><\/p>\n","protected":false},"author":1,"featured_media":11028,"comment_status":"closed","ping_status":"closed","sticky":false,"template":"","format":"standard","meta":{"footnotes":""},"categories":[950,16],"tags":[36,133],"class_list":["post-11026","post","type-post","status-publish","format-standard","has-post-thumbnail","hentry","category-2025-09-2026-11-pyrenaen-uk-co","category-france","tag-castle","tag-kanalcanal","odd"],"_links":{"self":[{"href":"http:\/\/blog.inmontanis.info\/index.php?rest_route=\/wp\/v2\/posts\/11026","targetHints":{"allow":["GET"]}}],"collection":[{"href":"http:\/\/blog.inmontanis.info\/index.php?rest_route=\/wp\/v2\/posts"}],"about":[{"href":"http:\/\/blog.inmontanis.info\/index.php?rest_route=\/wp\/v2\/types\/post"}],"author":[{"embeddable":true,"href":"http:\/\/blog.inmontanis.info\/index.php?rest_route=\/wp\/v2\/users\/1"}],"replies":[{"embeddable":true,"href":"http:\/\/blog.inmontanis.info\/index.php?rest_route=%2Fwp%2Fv2%2Fcomments&post=11026"}],"version-history":[{"count":1,"href":"http:\/\/blog.inmontanis.info\/index.php?rest_route=\/wp\/v2\/posts\/11026\/revisions"}],"predecessor-version":[{"id":11027,"href":"http:\/\/blog.inmontanis.info\/index.php?rest_route=\/wp\/v2\/posts\/11026\/revisions\/11027"}],"wp:featuredmedia":[{"embeddable":true,"href":"http:\/\/blog.inmontanis.info\/index.php?rest_route=\/wp\/v2\/media\/11028"}],"wp:attachment":[{"href":"http:\/\/blog.inmontanis.info\/index.php?rest_route=%2Fwp%2Fv2%2Fmedia&parent=11026"}],"wp:term":[{"taxonomy":"category","embeddable":true,"href":"http:\/\/blog.inmontanis.info\/index.php?rest_route=%2Fwp%2Fv2%2Fcategories&post=11026"},{"taxonomy":"post_tag","embeddable":true,"href":"http:\/\/blog.inmontanis.info\/index.php?rest_route=%2Fwp%2Fv2%2Ftags&post=11026"}],"curies":[{"name":"wp","href":"https:\/\/api.w.org\/{rel}","templated":true}]}}