{"id":11023,"date":"2025-11-15T17:44:52","date_gmt":"2025-11-15T16:44:52","guid":{"rendered":"http:\/\/blog.inmontanis.info\/?p=11023"},"modified":"2025-11-26T17:50:51","modified_gmt":"2025-11-26T16:50:51","slug":"jura-mont-pupet-salins-les-bains-arbois-15-11-2025","status":"publish","type":"post","link":"http:\/\/blog.inmontanis.info\/?p=11023","title":{"rendered":"Jura: Mont Pupet + Salins-les-Bains + Arbois, 15.11.2025"},"content":{"rendered":"<p><strong>Sa, 15.11.2025<\/strong><\/p>\n<p>Auch die weitere Nacht verlief nicht ungest\u00f6rt durch abschnittsweisen Regen. Sollte es trocken und sichtm\u00e4\u00dfig lohnenswert sein, wollte ich heut Morgen ja noch zu dem Aussichtspunkt mit Kreuz rauflaufen .. <\/p>\n<p>Hier die Fotos vom unteren Aussichtspunkt von gestern:<\/p>\n<p><a href='http:\/\/extra.inmontanis.info\/d\/140148-2\/dsc01665.jpg'><img src=http:\/\/extra.inmontanis.info\/d\/140147-3\/dsc01665.jpg \/><\/a><br \/>\n^ Am Mont Poupet<\/p>\n<p><a href='http:\/\/extra.inmontanis.info\/d\/140152-2\/dsc01670.jpg'><img src=http:\/\/extra.inmontanis.info\/d\/140151-3\/dsc01670.jpg \/><\/a><br \/>\n^ Unterer Aussichtspunkt am Mont Poupet, auch f\u00fcr Rollstuhlfahrer zug\u00e4nglich<\/p>\n<p><a href='http:\/\/extra.inmontanis.info\/d\/140156-2\/dsc01671.jpg'><img src=http:\/\/extra.inmontanis.info\/d\/140155-3\/dsc01671.jpg \/><\/a><br \/>\n^ Pano, unten ist Salins-les-Bains<\/p>\n<p><a href='http:\/\/extra.inmontanis.info\/d\/140160-2\/dsc01675.jpg'><img src=http:\/\/extra.inmontanis.info\/d\/140159-3\/dsc01675.jpg \/><\/a><br \/>\n^ Eine der Burgen oberhalb Salins-les-Bains<\/p>\n<p><a href='http:\/\/extra.inmontanis.info\/d\/140164-2\/dsc01677.jpg'><img src=http:\/\/extra.inmontanis.info\/d\/140163-3\/dsc01677.jpg \/><\/a><br \/>\n^ Salins-Les-Bains<\/p>\n<p>Es gab bis 8 Uhr mal keine l\u00e4ngere Regenpause. Als ich um 9 Uhr die Fenster frei machte und es mal wieder aufgeh\u00f6rt hatte, sah es eigentlich ganz gut aus, das Regenradar meldete mal in 20-30min etwas Regen, danach wieder trocken, also ging ich mal z\u00fcgig hinauf zum Kreuz.<\/p>\n<p>&#128681; Gespeicherte Geolocation &#8211; Karte anzeigen: <a href='https:\/\/www.google.com\/maps\/@?api=1&#038;map_action=map&#038;center=46.9639983,5.8852383&#038;zoom=12&#038;basemap=terrain' target=_blank> GoogleMaps<\/a> &#128681; <a href='https:\/\/www.openstreetmap.org\/?&#038;mlat=46.9639983&#038;mlon=5.8852383#map=10\/46.9639983\/5.8852383&#038;layers=P' target=_blank> OSM &#128681;<\/a><\/p>\n<p><a href='http:\/\/extra.inmontanis.info\/d\/140168-2\/dsc01685.jpg'><img src=http:\/\/extra.inmontanis.info\/d\/140167-3\/dsc01685.jpg \/><\/a><br \/>\n^ Die Stra\u00dfe w\u00fcrde noch zu weiteren Parkpl\u00e4tzen gehen<\/p>\n<p><a href='http:\/\/extra.inmontanis.info\/d\/140172-2\/dsc01686.jpg'><img src=http:\/\/extra.inmontanis.info\/d\/140171-3\/dsc01686.jpg \/><\/a><br \/>\n^ Aufstieg zum Croix de Poupet<\/p>\n<p><a href='http:\/\/extra.inmontanis.info\/d\/140176-2\/dsc01689.jpg'><img src=http:\/\/extra.inmontanis.info\/d\/140175-3\/dsc01689.jpg \/><\/a><br \/>\n^ Blick zur Stra\u00dfe weiter rauf<\/p>\n<p><a href='http:\/\/extra.inmontanis.info\/d\/140180-2\/dsc01694.jpg'><img src=http:\/\/extra.inmontanis.info\/d\/140179-3\/dsc01694.jpg \/><\/a><br \/>\n^ R\u00fcckseitenpano<\/p>\n<p><a href='http:\/\/extra.inmontanis.info\/d\/140184-2\/dsc01697.jpg'><img src=http:\/\/extra.inmontanis.info\/d\/140183-3\/dsc01697.jpg \/><\/a><br \/>\n^ Zoom-Pano, die Alpen waren heute nicht zu erkennen<\/p>\n<p><a href='http:\/\/extra.inmontanis.info\/d\/140188-2\/dsc01704.jpg'><img src=http:\/\/extra.inmontanis.info\/d\/140187-3\/dsc01704.jpg \/><\/a><br \/>\n^ Zoom-Pano, die Alpen waren heute nicht wirklich zu erkennen<\/p>\n<p><a href='http:\/\/extra.inmontanis.info\/d\/140192-2\/dsc01699.jpg'><img src=http:\/\/extra.inmontanis.info\/d\/140191-3\/dsc01699.jpg \/><\/a><br \/>\n^ Pano vom Croix de Poupet<\/p>\n<p><a href='http:\/\/extra.inmontanis.info\/d\/140196-2\/dsc01705.jpg'><img src=http:\/\/extra.inmontanis.info\/d\/140195-3\/dsc01705.jpg \/><\/a><br \/>\n^ Sch\u00f6ne Panoramatafel<\/p>\n<p><a href='http:\/\/extra.inmontanis.info\/d\/140200-2\/dsc01706.jpg'><img src=http:\/\/extra.inmontanis.info\/d\/140199-3\/dsc01706.jpg \/><\/a><br \/>\n^ Pano vom Croix de Poupet<\/p>\n<p><a href='http:\/\/extra.inmontanis.info\/d\/140204-2\/dsc01709.jpg'><img src=http:\/\/extra.inmontanis.info\/d\/140203-3\/dsc01709.jpg \/><\/a><br \/>\n^ Pano vom Croix de Poupet<\/p>\n<p><a href='http:\/\/extra.inmontanis.info\/d\/140208-2\/dsc01712.jpg'><img src=http:\/\/extra.inmontanis.info\/d\/140207-3\/dsc01712.jpg \/><\/a><br \/>\n^ Pano vom Croix de Poupet<\/p>\n<p><a href='http:\/\/extra.inmontanis.info\/d\/140212-2\/dsc01716.jpg'><img src=http:\/\/extra.inmontanis.info\/d\/140211-3\/dsc01716.jpg \/><\/a><br \/>\n^ Croix de Poupet<\/p>\n<p>Hier unten in Salins-les-Bains gibt&#8217;s eine gro\u00dfe Saline als Museum, das auch auf der &#8220;Unesco Welterbe&#8221; &#8211; Liste steht. Leider kann man in den unterirdischen Hallen (13. Jhdt!) nur mit einst\u00fcndiger F\u00fchrung rein, die ist jetzt in dieser Sasion nat\u00fcrlich nur Franz\u00f6ssisch und lt. Website gibt es eine bl\u00f6de lange Mittagspause des Museums (10-12 und 14-17 Uhr ge\u00f6ffnet, 3 F\u00fchren pro Tag derzeit um 10:30, 14:30, 16:00) &#8211; d.h. man kann nicht um 1030 die f\u00fchrung machen und sich dann gem\u00fctlich den oberirdischen Rest anschauen, weil von 12 bis 14 Uhr das Museum geschlossen ist. Oder umgekehrt, 2-3 Stunden vor der 14:30 F\u00fchrung den oberirdischen Museumsbereich anschauen.<\/p>\n<p>Wegen dieser bl\u00f6den Mittagspause hatte ich also keine Lust, dort heute hin zugehen und Geld auszugeben.<\/p>\n<p>Fuhr dann aber doch noch in den Ort wg. WC und bin kurz rumgegangen.<\/p>\n<p><a href='http:\/\/extra.inmontanis.info\/d\/140216-2\/dsc01720.jpg'><img src=http:\/\/extra.inmontanis.info\/d\/140215-3\/dsc01720.jpg \/><\/a><br \/>\n^ Salins-Les-Bains<\/p>\n<p><a href='http:\/\/extra.inmontanis.info\/d\/140220-2\/dsc01722.jpg'><img src=http:\/\/extra.inmontanis.info\/d\/140219-3\/dsc01722.jpg \/><\/a><br \/>\n^ Salins-Les-Bains<\/p>\n<p><a href='http:\/\/extra.inmontanis.info\/d\/140224-2\/dsc01724.jpg'><img src=http:\/\/extra.inmontanis.info\/d\/140223-3\/dsc01724.jpg \/><\/a><br \/>\n^ Salins-Les-Bains<\/p>\n<p><a href='http:\/\/extra.inmontanis.info\/d\/140228-2\/dsc01725.jpg'><img src=http:\/\/extra.inmontanis.info\/d\/140227-3\/dsc01725.jpg \/><\/a><br \/>\n^ Infotafel zum Salz<\/p>\n<p><a href='http:\/\/extra.inmontanis.info\/d\/140232-2\/dsc01726.jpg'><img src=http:\/\/extra.inmontanis.info\/d\/140231-3\/dsc01726.jpg \/><\/a><br \/>\n^ Salins-Les-Bains<\/p>\n<p><a href='http:\/\/extra.inmontanis.info\/d\/140236-2\/dsc01728.jpg'><img src=http:\/\/extra.inmontanis.info\/d\/140235-3\/dsc01728.jpg \/><\/a><br \/>\n^ Salins-Les-Bains<\/p>\n<p><a href='http:\/\/extra.inmontanis.info\/d\/140240-2\/dsc01729.jpg'><img src=http:\/\/extra.inmontanis.info\/d\/140239-3\/dsc01729.jpg \/><\/a><br \/>\n^ Salins-Les-Bains<\/p>\n<p><a href='http:\/\/extra.inmontanis.info\/d\/140244-2\/dsc01733.jpg'><img src=http:\/\/extra.inmontanis.info\/d\/140243-3\/dsc01733.jpg \/><\/a><br \/>\n^ Salins-Les-Bains<\/p>\n<p><a href='http:\/\/extra.inmontanis.info\/d\/140248-2\/dsc01734.jpg'><img src=http:\/\/extra.inmontanis.info\/d\/140247-3\/dsc01734.jpg \/><\/a><br \/>\n^ Salins-Les-Bains, unten rechts in Deutsch<\/p>\n<p><a href='http:\/\/extra.inmontanis.info\/d\/140252-2\/dsc01735.jpg'><img src=http:\/\/extra.inmontanis.info\/d\/140251-3\/dsc01735.jpg \/><\/a><br \/>\n^ Schade<\/p>\n<p><a href='http:\/\/extra.inmontanis.info\/d\/140256-2\/dsc01736.jpg'><img src=http:\/\/extra.inmontanis.info\/d\/140255-3\/dsc01736.jpg \/><\/a><br \/>\n^ Salins-Les-Bains<\/p>\n<p><a href='http:\/\/extra.inmontanis.info\/d\/140260-2\/dsc01738.jpg'><img src=http:\/\/extra.inmontanis.info\/d\/140259-3\/dsc01738.jpg \/><\/a><br \/>\n^ Salins-Les-Bains<\/p>\n<p><a href='http:\/\/extra.inmontanis.info\/d\/140264-2\/dsc01740.jpg'><img src=http:\/\/extra.inmontanis.info\/d\/140263-3\/dsc01740.jpg \/><\/a><br \/>\n^ Sch\u00f6ne alte Bodenfliesen<\/p>\n<p><a href='http:\/\/extra.inmontanis.info\/d\/140268-2\/dsc01743.jpg'><img src=http:\/\/extra.inmontanis.info\/d\/140267-3\/dsc01743.jpg \/><\/a><br \/>\n^ Salins-Les-Bains<\/p>\n<p>Auch im n\u00e4chsten gr\u00f6\u00dferen Ort Arbois h\u00e4tt ich ein wenig rumgehen wollen, aber da gab es schon wieder die ersten Regentropfen. Laut Vorhersage\/Regenradar sollte es aber die n\u00e4chsten 50min trocken bleiben, also dann!<\/p>\n<p><a href='http:\/\/extra.inmontanis.info\/d\/140272-2\/dsc01748.jpg'><img src=http:\/\/extra.inmontanis.info\/d\/140271-3\/dsc01748.jpg \/><\/a><br \/>\n^ Arbois<\/p>\n<p>\u00d6ffentliche Toilette sind in Frankreich zwar anscheinend fast immer gratis, aber oft leider auch sinnlos umst\u00e4ndlich &#8220;modern&#8221; mit jeweils anderen \u00d6ffnungs- und Schlie\u00dfmechanismen. Hier wusste man gar nicht, ob von au\u00dfen verriegelt w\u00e4re, da es keinen Knopf und keine Leuchte gab. <\/p>\n<p><a href='http:\/\/extra.inmontanis.info\/d\/140276-2\/dsc01752.jpg'><img src=http:\/\/extra.inmontanis.info\/d\/140275-3\/dsc01752.jpg \/><\/a><br \/>\n^ sinnlos moderne Plastik-Toilette mal wieder mit vielen Kn\u00f6pfen, aber ich hab keinen Knopf gesehen, um die T\u00fcr zu verriegeln. Klopapier auch nicht.<\/p>\n<p><a href='http:\/\/extra.inmontanis.info\/d\/140280-2\/dsc01753.jpg'><img src=http:\/\/extra.inmontanis.info\/d\/140279-3\/dsc01753.jpg \/><\/a><br \/>\n^ Arbois<\/p>\n<p><a href='http:\/\/extra.inmontanis.info\/d\/140284-2\/dsc01755.jpg'><img src=http:\/\/extra.inmontanis.info\/d\/140283-3\/dsc01755.jpg \/><\/a><br \/>\n^ Arbois<\/p>\n<p><a href='http:\/\/extra.inmontanis.info\/d\/140288-2\/dsc01756.jpg'><img src=http:\/\/extra.inmontanis.info\/d\/140287-3\/dsc01756.jpg \/><\/a><br \/>\n^ Arbois<\/p>\n<p><a href='http:\/\/extra.inmontanis.info\/d\/140292-2\/dsc01757.jpg'><img src=http:\/\/extra.inmontanis.info\/d\/140291-3\/dsc01757.jpg \/><\/a><br \/>\n^ .. schmale G\u00e4sschen<\/p>\n<p>Interessanterweise hat hier in einigen Stra\u00dfen jedes Haus einen Zugang von Au\u00dfen zum Keller. Ob das nur ein Zugang aus Zeiten der Kohlelieferung ist oder vielleicht sogar der einzige Zugang in den Keller? H\u00e4user sind ja teils recht schmal.<\/p>\n<p><a href='http:\/\/extra.inmontanis.info\/d\/140296-2\/dsc01760.jpg'><img src=http:\/\/extra.inmontanis.info\/d\/140295-3\/dsc01760.jpg \/><\/a><br \/>\n^ .. und in einigen Stra\u00dfen an jedem Haus so einen Kellerzugang<\/p>\n<p><a href='http:\/\/extra.inmontanis.info\/d\/140300-2\/dsc01762.jpg'><img src=http:\/\/extra.inmontanis.info\/d\/140299-3\/dsc01762.jpg \/><\/a><br \/>\n^ Kellerzugang<\/p>\n<p><a href='http:\/\/extra.inmontanis.info\/d\/140304-2\/dsc01764.jpg'><img src=http:\/\/extra.inmontanis.info\/d\/140303-3\/dsc01764.jpg \/><\/a><br \/>\n^ .. ab zu einer schmalen Br\u00fccke und einem Turm<\/p>\n<p><a href='http:\/\/extra.inmontanis.info\/d\/140308-2\/dsc01767.jpg'><img src=http:\/\/extra.inmontanis.info\/d\/140307-3\/dsc01767.jpg \/><\/a><br \/>\n^ Br\u00fccke und Turm<\/p>\n<p><a href='http:\/\/extra.inmontanis.info\/d\/140312-2\/dsc01771.jpg'><img src=http:\/\/extra.inmontanis.info\/d\/140311-3\/dsc01771.jpg \/><\/a><br \/>\n^ Arbois<\/p>\n<p><a href='http:\/\/extra.inmontanis.info\/d\/140316-2\/dsc01772.jpg'><img src=http:\/\/extra.inmontanis.info\/d\/140315-3\/dsc01772.jpg \/><\/a><br \/>\n^ Arbois<\/p>\n<p><a href='http:\/\/extra.inmontanis.info\/d\/140320-2\/dsc01774.jpg'><img src=http:\/\/extra.inmontanis.info\/d\/140319-3\/dsc01774.jpg \/><\/a><br \/>\n^ Die kleine Br\u00fccke von eben<\/p>\n<p><a href='http:\/\/extra.inmontanis.info\/d\/140324-2\/dsc01778.jpg'><img src=http:\/\/extra.inmontanis.info\/d\/140323-3\/dsc01778.jpg \/><\/a><br \/>\n^ Kellerzug\u00e4nge<\/p>\n<p><a href='http:\/\/extra.inmontanis.info\/d\/140328-2\/dsc01780.jpg'><img src=http:\/\/extra.inmontanis.info\/d\/140327-3\/dsc01780.jpg \/><\/a><br \/>\n^ Arbois<\/p>\n<p><a href='http:\/\/extra.inmontanis.info\/d\/140332-2\/dsc01781.jpg'><img src=http:\/\/extra.inmontanis.info\/d\/140331-3\/dsc01781.jpg \/><\/a><br \/>\n^ Wasserfall im Ort<\/p>\n<p><a href='http:\/\/extra.inmontanis.info\/d\/140336-2\/dsc01783.jpg'><img src=http:\/\/extra.inmontanis.info\/d\/140335-3\/dsc01783.jpg \/><\/a><br \/>\n^ schaut eigenartig aus<\/p>\n<p><a href='http:\/\/extra.inmontanis.info\/d\/140340-2\/dsc01786.jpg'><img src=http:\/\/extra.inmontanis.info\/d\/140339-3\/dsc01786.jpg \/><\/a><br \/>\n^ H\u00e4user am Fluss<\/p>\n<p><a href='http:\/\/extra.inmontanis.info\/d\/140344-2\/dsc01787.jpg'><img src=http:\/\/extra.inmontanis.info\/d\/140343-3\/dsc01787.jpg \/><\/a><br \/>\n^ H\u00e4user am Fluss<\/p>\n<p><a href='http:\/\/extra.inmontanis.info\/d\/140348-2\/dsc01788.jpg'><img src=http:\/\/extra.inmontanis.info\/d\/140347-3\/dsc01788.jpg \/><\/a><br \/>\n^ H\u00e4user am Fluss<\/p>\n<p><a href='http:\/\/extra.inmontanis.info\/d\/140352-2\/dsc01792.jpg'><img src=http:\/\/extra.inmontanis.info\/d\/140351-3\/dsc01792.jpg \/><\/a><br \/>\n^ <\/p>\n<p><a href='http:\/\/extra.inmontanis.info\/d\/140356-2\/dsc01794.jpg'><img src=http:\/\/extra.inmontanis.info\/d\/140355-3\/dsc01794.jpg \/><\/a><br \/>\n^ Arbois<\/p>\n<p><a href='http:\/\/extra.inmontanis.info\/d\/140360-2\/dsc01797.jpg'><img src=http:\/\/extra.inmontanis.info\/d\/140359-3\/dsc01797.jpg \/><\/a><br \/>\n^ Kirche am Parkplatz<\/p>\n<p>Mein Rundgang blieb trocken genau bis ich wieder ins Auto kam, dann aber st\u00e4rkerer Regen, Gl\u00fcck gehabt.<\/p>\n<p>Geplanter Hauptstopp  heut w\u00e4re noch ein Supermarkt &#8211; im n\u00e4chsten Ort. Das wurde &#8220;leider&#8221; wieder ein Intermarch\u00e9, weil nur der auf den Weg lag und zudem ein WC haben soll. W\u00fcrde ja auch gern mal einen anderen Supermarkt besuchen.<\/p>\n<p>Mittlerweile jedenfalls st\u00e4rkerer Regen und leider die Toiletten geschlossen. G\u00fcnstiges Baguette oder so gab&#8217;s auch nicht, bei den offenen Sachen auch null Geb\u00e4ck. Dann h\u00e4tt ich auch gleich in den Netto nebendran schauen k\u00f6nnen. Pizza,  die ich h\u00e4tte f\u00fcr heute Abend haben wollen, auch nur noch in XXL, nicht mal Cola Zero um unter 0,50 \u20ac gab es. Dann also doch noch in den Netto nebendran.<\/p>\n<p>Der Netto hat MO-FR sogar MIttagspause von 1230-1400 &#8211; das gilt mittlerweile f\u00fcr so manche L\u00e4den inkl. Superm\u00e4rkte. Dort drin dann kein Billig-Baguette mehr, auch nur noch so ein 0,85-Baguette, dann halt das. <\/p>\n<p>Netto scheint in FR \u00fcberhaupt zum Intermarch\u00e9 zu geh\u00f6ren, ist paar Cent g\u00fcnstiger teilweise, gab aber auch keine Pizza Savoyarde oder Montagnard.<\/p>\n<p>TK-Pizzen gibt&#8217;s hier mit H\u00fchnchen und Senfsauce. Waurm nicht BBQ-So\u00dfe? Senf ist nicht so mein Fall auf einer Pizza, denk ich. <\/p>\n<p>Die 2l Cola Light\/Zero kostete 0,59 &#8211; kann man auch nix sagen. Eine 2l-Flasche Wasser w\u00e4r g\u00fcnstiger um 0,24 gewesen, aber mit Kackverschluss. Trotzdem auch gekauft, muss ich halt umf\u00fcllen.<\/p>\n<p>Dann also heute Abend das frische Bagutte mit Gelbwurst (hatte ich in DE nur als St\u00fcck bekommen, daher ess ich die  nun abends) und morgen vielleicht auch, Strom werd ich eher f\u00fcr Standheizung als f\u00fcr Bratwurstanbraten verwenden. <\/p>\n<p>Am nahen Nachtplatz stand irgendein Schild von wegen Privatparkplatz, dann zum n\u00e4chsten mitten im Ort am Sportplatz an der Kirche, die aber ruhig sein soll.<\/p>\n<p><a href='http:\/\/extra.inmontanis.info\/d\/140364-2\/dsc01798.jpg'><img src=http:\/\/extra.inmontanis.info\/d\/140363-3\/dsc01798.jpg \/><\/a><br \/>\n^ Auch eine interessante Ortseinfahrt<\/p>\n<p><a href='http:\/\/extra.inmontanis.info\/d\/140368-2\/dsc01799.jpg'><img src=http:\/\/extra.inmontanis.info\/d\/140367-3\/dsc01799.jpg \/><\/a><br \/>\n^ Das Haus d\u00fcrfte wohl auch abbruchsreif sein<\/p>\n<p>Kaum hatte ich vor 15 Uhr meinen Tisch aufgebaut, h\u00f6rte es auf zu regnen &#8211; dann h\u00e4tte ich doch auch noch diesen noch &#8220;mittelalterlicheren&#8221; Ort besichtigen k\u00f6nnen. Morgen Fr\u00fch soll es wieder anfangen mit dem Regen &#8211; bis Mittag. <\/p>\n<p>Das Kabel vom K\u00fchlschrank, das ich letztens am Schalter reparierte, hat dort schon wieder einen Wackelkontakt. Diesmal aber anscheinend der Schalter selbst, nicht am gecrimpten Stecker, also musste ich den Schalter austauschen. Wieder gut, dass mir das aufgefallen ist, als ich den Tisch aufgebaut hatte und so problemlos hin kam.<\/p>\n<p>Voller 4G-Empfang im &#8220;Free&#8221;-Netz und keine Internetverbindung, das ist echt das letzte M\u00fcll-Netz. <\/p>\n<p>Trotz manueller Netzwahl und vollem Empfang, hat sich mein Handy, ratet mal, wieder in dieses beschissene, internetlose Netz namens &#8220;Free&#8221; eingew\u00e4hlt. ICH HASSE ANDROID !!!!!!<\/p>\n<p>So, wo hab ich meine Notizen vom UK letztes Jahr, wo ich da mal ein Netz mittels AT-Befehlen blockiert hab?<\/p>\n<p>Funktionierte leider trotzdem nicht. Bekam diesmal immer ERROR bei den AT-Befehlen zum Setzen der bevorzugten PLMNs. Muss ich den anderen Befehl demn\u00e4chst nochmals testen.<\/p>\n<p>Morgen wird ein lahmer Tag werden &#8211; Sonntag, keine brauchbaren Zwischenziele gefunden, ich sollte nur 40-60km bzw. ca. 1h fahren &#8230;<\/p>\n","protected":false},"excerpt":{"rendered":"<p>Sa, 15.11.2025<\/p>\n<p>Auch die weitere Nacht verlief nicht ungest\u00f6rt durch abschnittsweisen Regen. Sollte es trocken und sichtm\u00e4\u00dfig lohnenswert sein, wollte ich heut Morgen ja noch zu dem Aussichtspunkt mit Kreuz rauflaufen .. <\/p>\n<p>Hier die Fotos vom unteren Aussichtspunkt von gestern:<\/p>\n<p> ^ Am Mont Poupet<\/p>\n<p> ^ Unterer Aussichtspunkt am Mont Poupet, auch f\u00fcr <a href=\"http:\/\/blog.inmontanis.info\/?p=11023\">[&#8230;]<\/a><\/p>\n","protected":false},"author":1,"featured_media":11025,"comment_status":"closed","ping_status":"closed","sticky":false,"template":"","format":"standard","meta":{"footnotes":""},"categories":[950,16],"tags":[51,36,86],"class_list":["post-11023","post","type-post","status-publish","format-standard","has-post-thumbnail","hentry","category-2025-09-2026-11-pyrenaen-uk-co","category-france","tag-architektur","tag-castle","tag-wasserfall","odd"],"_links":{"self":[{"href":"http:\/\/blog.inmontanis.info\/index.php?rest_route=\/wp\/v2\/posts\/11023","targetHints":{"allow":["GET"]}}],"collection":[{"href":"http:\/\/blog.inmontanis.info\/index.php?rest_route=\/wp\/v2\/posts"}],"about":[{"href":"http:\/\/blog.inmontanis.info\/index.php?rest_route=\/wp\/v2\/types\/post"}],"author":[{"embeddable":true,"href":"http:\/\/blog.inmontanis.info\/index.php?rest_route=\/wp\/v2\/users\/1"}],"replies":[{"embeddable":true,"href":"http:\/\/blog.inmontanis.info\/index.php?rest_route=%2Fwp%2Fv2%2Fcomments&post=11023"}],"version-history":[{"count":1,"href":"http:\/\/blog.inmontanis.info\/index.php?rest_route=\/wp\/v2\/posts\/11023\/revisions"}],"predecessor-version":[{"id":11024,"href":"http:\/\/blog.inmontanis.info\/index.php?rest_route=\/wp\/v2\/posts\/11023\/revisions\/11024"}],"wp:featuredmedia":[{"embeddable":true,"href":"http:\/\/blog.inmontanis.info\/index.php?rest_route=\/wp\/v2\/media\/11025"}],"wp:attachment":[{"href":"http:\/\/blog.inmontanis.info\/index.php?rest_route=%2Fwp%2Fv2%2Fmedia&parent=11023"}],"wp:term":[{"taxonomy":"category","embeddable":true,"href":"http:\/\/blog.inmontanis.info\/index.php?rest_route=%2Fwp%2Fv2%2Fcategories&post=11023"},{"taxonomy":"post_tag","embeddable":true,"href":"http:\/\/blog.inmontanis.info\/index.php?rest_route=%2Fwp%2Fv2%2Ftags&post=11023"}],"curies":[{"name":"wp","href":"https:\/\/api.w.org\/{rel}","templated":true}]}}