{"id":11015,"date":"2025-11-13T18:28:41","date_gmt":"2025-11-13T17:28:41","guid":{"rendered":"http:\/\/blog.inmontanis.info\/?p=11015"},"modified":"2025-11-24T18:40:40","modified_gmt":"2025-11-24T17:40:40","slug":"jura-hautpierre-aussichtspunkt-schlucht-saisonkarten-13-11-2025","status":"publish","type":"post","link":"http:\/\/blog.inmontanis.info\/?p=11015","title":{"rendered":"Jura: Hautpierre Aussichtspunkt + Schlucht (+ Saisonkarten), 13.11.2025"},"content":{"rendered":"<p><strong>Do, 13.11.2025<\/strong><\/p>\n<p>Bei der gestrigen Suche nach einem sch\u00f6nen Nachtplatz ohne gro\u00dfe Umwege, was sehr schwierig war, bin ich \u00fcber einen Aussichtspunkt gestolpert, den ich heute anfahren wollte  und aufgrund dessen ich mich f\u00fcr eine gewisse Fahrtrichtung entschieden hab &#8211; Nachtplatzwahl war somit nachgereiht.<\/p>\n<p>Sonnige und sommerliche 18-23\u00b0 heute.  So langsam w\u00e4r ich dann doch lieber im verschneiten Nordskandinavien&#8230;<\/p>\n<p><a href='http:\/\/extra.inmontanis.info\/d\/139752-2\/dsc01366.jpg'><img src=http:\/\/extra.inmontanis.info\/d\/139751-3\/dsc01366.jpg \/><\/a><br \/>\n^ Was in Frankreich nervt: in fast jedem Ort 30er Zone mit solchen Bremsh\u00fcgeln, manche noch steiler wie die hier und ich brems da auf 15-20 ab, d.h. ggf. fahr ich dann halt im 2. Gang die ganze Zeit durch den Ort.<\/p>\n<p><a href='http:\/\/extra.inmontanis.info\/d\/139756-2\/dsc01371.jpg'><img src=http:\/\/extra.inmontanis.info\/d\/139755-3\/dsc01371.jpg \/><\/a><br \/>\n^ Landschaft<\/p>\n<p>Punkt 12 erreichte ich den Parkplatz an der Kirche unterhalb des Aussichtspunkts und w\u00e4hlte diesmal freiwillig den Schattenplatz. Eine kurze Wanderung hinauf zum\/zur Roche de Hautpierre.<\/p>\n<p>&#128681; Gespeicherte Geolocation &#8211; Karte anzeigen: <a href='https:\/\/www.google.com\/maps\/@?api=1&#038;map_action=map&#038;center=47.047711,6.2873815&#038;zoom=12&#038;basemap=terrain' target=_blank> GoogleMaps<\/a> &#128681; <a href='https:\/\/www.openstreetmap.org\/?&#038;mlat=47.047711&#038;mlon=6.2873815#map=10\/47.047711\/6.2873815&#038;layers=P' target=_blank> OSM &#128681;<\/a><\/p>\n<p>Cooler Aussichtspunkt, aber heute auch sehr st\u00fcrmisch, aber das machte die Hitze ertr\u00e4glicher. <\/p>\n<p><a href='http:\/\/extra.inmontanis.info\/d\/139760-2\/dsc01380.jpg'><img src=http:\/\/extra.inmontanis.info\/d\/139759-3\/dsc01380.jpg \/><\/a><br \/>\n^ Roche de Hautpierre, oben rauf zum Aussichtspunkt gehen<\/p>\n<p><a href='http:\/\/extra.inmontanis.info\/d\/139764-2\/dsc01382.jpg'><img src=http:\/\/extra.inmontanis.info\/d\/139763-3\/dsc01382.jpg \/><\/a><br \/>\n^ Fu\u00dfweg hinauf &#8211; man kann auch den Steilhang mit Kletterausr\u00fcstung beklettern<\/p>\n<p><a href='http:\/\/extra.inmontanis.info\/d\/139768-2\/dsc01386.jpg'><img src=http:\/\/extra.inmontanis.info\/d\/139767-3\/dsc01386.jpg \/><\/a><br \/>\n^ Fu\u00dfweg am Grat entlang<\/p>\n<p><a href='http:\/\/extra.inmontanis.info\/d\/139772-2\/dsc01387.jpg'><img src=http:\/\/extra.inmontanis.info\/d\/139771-3\/dsc01387.jpg \/><\/a><br \/>\n^ Pano mit Ort<\/p>\n<p><a href='http:\/\/extra.inmontanis.info\/d\/139776-2\/dsc01393.jpg'><img src=http:\/\/extra.inmontanis.info\/d\/139775-3\/dsc01393.jpg \/><\/a><br \/>\n^ Roche de Hautpierre<\/p>\n<p><a href='http:\/\/extra.inmontanis.info\/d\/139780-2\/dsc01398.jpg'><img src=http:\/\/extra.inmontanis.info\/d\/139779-3\/dsc01398.jpg \/><\/a><br \/>\n^ Pano mit Ort, Parkplatz ist an der Kirche<\/p>\n<p><a href='http:\/\/extra.inmontanis.info\/d\/139784-2\/dsc01399.jpg'><img src=http:\/\/extra.inmontanis.info\/d\/139783-3\/dsc01399.jpg \/><\/a><br \/>\n^ Gorges de Nouailles<\/p>\n<p><a href='http:\/\/extra.inmontanis.info\/d\/139788-2\/dsc01410.jpg'><img src=http:\/\/extra.inmontanis.info\/d\/139787-3\/dsc01410.jpg \/><\/a><br \/>\n^ Man kann noch weiter am Grat entlang gehen<\/p>\n<p><a href='http:\/\/extra.inmontanis.info\/d\/139792-2\/dsc01413.jpg'><img src=http:\/\/extra.inmontanis.info\/d\/139791-3\/dsc01413.jpg \/><\/a><br \/>\n^ Gorges de Nouailles<\/p>\n<p><a href='http:\/\/extra.inmontanis.info\/d\/139796-2\/dsc01414.jpg'><img src=http:\/\/extra.inmontanis.info\/d\/139795-3\/dsc01414.jpg \/><\/a><br \/>\n^ <\/p>\n<p><a href='http:\/\/extra.inmontanis.info\/d\/139800-2\/dsc01417.jpg'><img src=http:\/\/extra.inmontanis.info\/d\/139799-3\/dsc01417.jpg \/><\/a><br \/>\n^ <\/p>\n<p><a href='http:\/\/extra.inmontanis.info\/d\/139804-2\/dsc01419.jpg'><img src=http:\/\/extra.inmontanis.info\/d\/139803-3\/dsc01419.jpg \/><\/a><br \/>\n^ <\/p>\n<p><a href='http:\/\/extra.inmontanis.info\/d\/139808-2\/dsc01420.jpg'><img src=http:\/\/extra.inmontanis.info\/d\/139807-3\/dsc01420.jpg \/><\/a><br \/>\n^ Steilblick runter zum Ort<\/p>\n<p><a href='http:\/\/extra.inmontanis.info\/d\/139812-2\/dsc01421.jpg'><img src=http:\/\/extra.inmontanis.info\/d\/139811-3\/dsc01421.jpg \/><\/a><br \/>\n^ R\u00fcckseitenpano<\/p>\n<p><a href='http:\/\/extra.inmontanis.info\/d\/139816-2\/dsc01425.jpg'><img src=http:\/\/extra.inmontanis.info\/d\/139815-3\/dsc01425.jpg \/><\/a><br \/>\n^ Hier bin ich dann nicht mehr weiter gegangen<\/p>\n<p><a href='http:\/\/extra.inmontanis.info\/d\/139820-2\/dsc01430.jpg'><img src=http:\/\/extra.inmontanis.info\/d\/139819-3\/dsc01430.jpg \/><\/a><br \/>\n^ <\/p>\n<p><a href='http:\/\/extra.inmontanis.info\/d\/139824-2\/dsc01432.jpg'><img src=http:\/\/extra.inmontanis.info\/d\/139823-3\/dsc01432.jpg \/><\/a><br \/>\n^ Gorges de Nouailles<\/p>\n<p><a href='http:\/\/extra.inmontanis.info\/d\/139828-2\/dsc01433.jpg'><img src=http:\/\/extra.inmontanis.info\/d\/139827-3\/dsc01433.jpg \/><\/a><br \/>\n^ Gorges de Nouailles mitt Wasserkraftwerk.<\/p>\n<p><a href='http:\/\/extra.inmontanis.info\/d\/139832-2\/dsc01434.jpg'><img src=http:\/\/extra.inmontanis.info\/d\/139831-3\/dsc01434.jpg \/><\/a><br \/>\n^ <\/p>\n<p><a href='http:\/\/extra.inmontanis.info\/d\/139836-2\/dsc01437.jpg'><img src=http:\/\/extra.inmontanis.info\/d\/139835-3\/dsc01437.jpg \/><\/a><br \/>\n^ .. wieder auf dem Retourweg<\/p>\n<p><a href='http:\/\/extra.inmontanis.info\/d\/139840-2\/dsc01439.jpg'><img src=http:\/\/extra.inmontanis.info\/d\/139839-3\/dsc01439.jpg \/><\/a><br \/>\n^ <\/p>\n<p>Um 13:45 wieder am Auto gewesen, reicht eigentlich f\u00fcr heute.<\/p>\n<p>Bei einer Suche nach Nachtpl\u00e4tzen kam mir noch ein  sch\u00f6nes Zwischenziel in die Quere, aber dann fraglich, ob ich das heut noch machen m\u00f6chte und danach einen sch\u00f6neren Nachtplatz (ev. etwas sp\u00e4t) anfahre oder zuvor einne unsch\u00f6neren Nachtplatz (ev. etwas fr\u00fch)  nehmen und das erst morgen anschauen. Morgen soll es wetterm\u00e4\u00dfig noch gut werden, danach ist am WE wieder etwas mehr Regen  gemeldet. <\/p>\n<p>Hab mich dann f\u00fcr einen noch n\u00e4heren Platz entschieden, gleich hier unten im Tal, mit kurzer Wasserfallwanderung in die Schlucht. K\u00f6nnte ruhiger sein als der Platz n\u00e4her am morgigen Ziel und weniger umwegig. <\/p>\n<p>Leider kein Parkplatz am \u00f6ffentlichen WC im Ort (war wohl gerade eine Beerdigung in der Kirche) und der Platz unten in der Schlucht war sehr schr\u00e4g und wird morgen Vormittag wohl schattig sein, aber was soll&#8217;s.<\/p>\n<p>Die dann folgende 2. Wanderung des Tages k\u00f6nnte sogar l\u00e4nger, jedenfalls schwitziger gewesen sein.<\/p>\n<p><a href='http:\/\/extra.inmontanis.info\/d\/139844-2\/dsc01442.jpg'><img src=http:\/\/extra.inmontanis.info\/d\/139843-3\/dsc01442.jpg \/><\/a><br \/>\n^ Roche de Hautpierre von unten wo ich vorhin oben war<\/p>\n<p><a href='http:\/\/extra.inmontanis.info\/d\/139848-2\/dsc01445.jpg'><img src=http:\/\/extra.inmontanis.info\/d\/139847-3\/dsc01445.jpg \/><\/a><br \/>\n^ Gorges de Nouailles &#8211; Weg in die Schlucht<\/p>\n<p><a href='http:\/\/extra.inmontanis.info\/d\/139852-2\/dsc01448.jpg'><img src=http:\/\/extra.inmontanis.info\/d\/139851-3\/dsc01448.jpg \/><\/a><br \/>\n^ Fluss La Loue<\/p>\n<p><a href='http:\/\/extra.inmontanis.info\/d\/139856-2\/dsc01451.jpg'><img src=http:\/\/extra.inmontanis.info\/d\/139855-3\/dsc01451.jpg \/><\/a><br \/>\n^ Fluss La Loue<\/p>\n<p><a href='http:\/\/extra.inmontanis.info\/d\/139860-2\/dsc01453.jpg'><img src=http:\/\/extra.inmontanis.info\/d\/139859-3\/dsc01453.jpg \/><\/a><br \/>\n^ Gorges de Nouailles<\/p>\n<p><a href='http:\/\/extra.inmontanis.info\/d\/139864-2\/dsc01456.jpg'><img src=http:\/\/extra.inmontanis.info\/d\/139863-3\/dsc01456.jpg \/><\/a><br \/>\n^ Neben dem Bach geht ein Weg hinauf, hatte gehofft, man k\u00e4me zum Wasserfall, aber der Weg endete dann recht bald bzw. war komplett unter Wasser, da wollt ich nicht mehr weiter<\/p>\n<p><a href='http:\/\/extra.inmontanis.info\/d\/139868-2\/dsc01460.jpg'><img src=http:\/\/extra.inmontanis.info\/d\/139867-3\/dsc01460.jpg \/><\/a><br \/>\n^ <\/p>\n<p><a href='http:\/\/extra.inmontanis.info\/d\/139872-2\/dsc01457.jpg'><img src=http:\/\/extra.inmontanis.info\/d\/139871-3\/dsc01457.jpg \/><\/a><br \/>\n^ Scheint ein altes Schild zu sein, k\u00f6nnte auch sein, dass die Stra\u00dfe hier fr\u00fcher verlaufen ist,<\/p>\n<p><a href='http:\/\/extra.inmontanis.info\/d\/139876-2\/dsc01466.jpg'><img src=http:\/\/extra.inmontanis.info\/d\/139875-3\/dsc01466.jpg \/><\/a><br \/>\n^ .. denn es geht ein recht breiter Weg hinauf zur aktuellen Stra\u00dfe<\/p>\n<p><a href='http:\/\/extra.inmontanis.info\/d\/139880-2\/dsc01474.jpg'><img src=http:\/\/extra.inmontanis.info\/d\/139879-3\/dsc01474.jpg \/><\/a><br \/>\n^ .. an einer Kehre gibts eine Abzweigung von einem Weg, aber statt dass der Weg eher gerade in die Schlucht f\u00fchrt, f\u00fchrt er &#8230;<\/p>\n<p><a href='http:\/\/extra.inmontanis.info\/d\/139884-2\/dsc01476.jpg'><img src=http:\/\/extra.inmontanis.info\/d\/139883-3\/dsc01476.jpg \/><\/a><br \/>\n^ .. hinauf zur Stra\u00dfe, schade.<\/p>\n<p><a href='http:\/\/extra.inmontanis.info\/d\/139888-2\/dsc01479.jpg'><img src=http:\/\/extra.inmontanis.info\/d\/139887-3\/dsc01479.jpg \/><\/a><br \/>\n^ Wasserkraftwerk. Bin hier wieder umgekehrt<\/p>\n<p><a href='http:\/\/extra.inmontanis.info\/d\/139892-2\/dsc01482.jpg'><img src=http:\/\/extra.inmontanis.info\/d\/139891-3\/dsc01482.jpg \/><\/a><br \/>\n^ Roche de Hautpierre wo ich zuvor oben war<\/p>\n<p><a href='http:\/\/extra.inmontanis.info\/d\/139896-2\/dsc01484.jpg'><img src=http:\/\/extra.inmontanis.info\/d\/139895-3\/dsc01484.jpg \/><\/a><br \/>\n^ Wieder unten nahe des alten Schildes von zuvor<\/p>\n<p><a href='http:\/\/extra.inmontanis.info\/d\/139900-2\/dsc01485.jpg'><img src=http:\/\/extra.inmontanis.info\/d\/139899-3\/dsc01485.jpg \/><\/a><br \/>\n^ Unten am Fluss geht auch ein St\u00fcckchen noch ein Weg entlang<\/p>\n<p><a href='http:\/\/extra.inmontanis.info\/d\/139904-2\/dsc01487.jpg'><img src=http:\/\/extra.inmontanis.info\/d\/139903-3\/dsc01487.jpg \/><\/a><br \/>\n^ hier endet der Weg<\/p>\n<p><a href='http:\/\/extra.inmontanis.info\/d\/139908-2\/dsc01489.jpg'><img src=http:\/\/extra.inmontanis.info\/d\/139907-3\/dsc01489.jpg \/><\/a><br \/>\n^ .. an diesem krassen Moos-Baum<\/p>\n<p><a href='http:\/\/extra.inmontanis.info\/d\/139912-2\/dsc01490.jpg'><img src=http:\/\/extra.inmontanis.info\/d\/139911-3\/dsc01490.jpg \/><\/a><br \/>\n^ Moos-Baum<\/p>\n<p><a href='http:\/\/extra.inmontanis.info\/d\/139916-2\/dsc01492.jpg'><img src=http:\/\/extra.inmontanis.info\/d\/139915-3\/dsc01492.jpg \/><\/a><br \/>\n^ Ende des Weges<\/p>\n<p><a href='http:\/\/extra.inmontanis.info\/d\/139920-2\/dsc01493.jpg'><img src=http:\/\/extra.inmontanis.info\/d\/139919-3\/dsc01493.jpg \/><\/a><br \/>\n^ Sch\u00f6nes Wasser<\/p>\n<p><a href='http:\/\/extra.inmontanis.info\/d\/139924-2\/dsc01495.jpg'><img src=http:\/\/extra.inmontanis.info\/d\/139923-3\/dsc01495.jpg \/><\/a><br \/>\n^ und der Moos-Baum<\/p>\n<p><a href='http:\/\/extra.inmontanis.info\/d\/139928-2\/dsc01497.jpg'><img src=http:\/\/extra.inmontanis.info\/d\/139927-3\/dsc01497.jpg \/><\/a><br \/>\n^ Ort und alte M\u00fchle<\/p>\n<p><a href='http:\/\/extra.inmontanis.info\/d\/139932-2\/dsc01501.jpg'><img src=http:\/\/extra.inmontanis.info\/d\/139931-3\/dsc01501.jpg \/><\/a><br \/>\n^ Parkplatz, der wohl auch zum Campen ben\u00fctzt wurde, gibt aber an der Stra\u00dfe ein Sperrschild und nur f\u00fcr Berechtigte oder so<\/p>\n<p>Jetzt ist Mitte November und sehr viele Skigebiete in Spanien haben weiterhin weder eine aktuelle Info zu Saisonstart\/-ende noch zu Skipasspreisen auf deren Website :( <\/p>\n<p>So, dann heut endlich den Gavarnie-Saisonpass kaufen. 259 \u20ac f\u00fcr die ganzen freien Skitage und dann noch nicht mal zus\u00e4tzliche Kosten f\u00fcr die Keycard. Allein die gratis Skitage in den anderen Gebieten haben einen Gegenwert von um die 600 \u20ac !! Die ich nat\u00fcrlich um 600 \u20ac nicht kaufen w\u00fcrde, insb. nicht in den teuren Skigebieten, das ist schon klar.<\/p>\n<p>Nun also 4 Saisonskip\u00e4sse.<\/p>\n<p>Masella m\u00fcsste ich preislich bis 23.11. kaufen, aber falls die nur bis Anfang April offen bleiben wollen sollten, w\u00fcrde sich die Karte nicht lohnen. Wenn sie also nicht bald mal schreiben, wie lang sie offen bleiben wollen, haben sie und ggf. dann auch ich halt Pech gehabt.<\/p>\n<p>Manche Skigebiete, wo man mit der Masella-Saisonkarte eine Tageskarten um 5 \u20ac bekommt, sind ja bei der Gavarnie-Karte um 0,- \u20ac f\u00fcr 1 oder mehrere Tage inkludiert, die w\u00fcrd ich dann halt seltener befahren. <\/p>\n<p>Andere von den Masella-5\u20ac-Gebieten hatte ich schon einmal besucht und w\u00fcrd ich dann ohne Masella-Karte halt ggf. gar nicht besuchen (Espot Esqui, Port Aine; nur Boi Ta\u00fcll und Alto Campoo w\u00fcrd ich gern nochmals besuchen &#8211; aber nicht zum teuren Tageskartenpreis, maximal dann eine Halbtagekarte oder ein Sonderpreistag und auch nicht, wenn ich dann noch zwangsweise eine teure Keycard kaufen m\u00fcsste, die w\u00fcrd ich dann nur bei den 5 \u20ac &#8211; Tageskarten akzeptieren.)<\/p>\n<p>Ansonsten hab ich mit den Saisonkarten genug Skigebiete zur Auswahl, um das eine oder andere auslassen zu k\u00f6nnen.<\/p>\n<p>Masella selbst k\u00f6nnte ich mit der Gavarnie-Saisonkarte auch 2x \u00e0 5 \u20ac besuchen &#8211; das einzige Gebiet, wo sie das mit den 5 \u20ac haben.  Da w\u00e4r dann ggf. noch die Frage, wie lang gilt das und was h\u00f6tte Masella zum Saisonende hin, falls sie doch l\u00e4nger offen bleiben sollten, f\u00fcr Preise.<\/p>\n<p>Was per se vielleicht auch interessant sein k\u00f6nnte, w\u00e4re die  Skitourengeher-Saisonkarte von FGC um 165 \u20ac, die in allen 6 Gebieten gilt (Molina, Vallter, Nuria, Espot, Aine, Ta\u00fcll) und jeden Tag 2 Bergfahrten auf beliebigen Liften inkludiert. Wenn man da also die richtigen Lifte nimmt und sich bissl Zeit nimmt und einem das pro Tag reicht, kann man das auf 1h strecken. Problem f\u00fcr mich w\u00e4r, was macht man mit dem Rest des Tages. <\/p>\n<p>Hier in der N\u00e4he w\u00e4re Sainte-Croix in der Schweiz, von dem ich nun wei\u00df, dass das das schweizer Zentrum der Musikdosen\/Spieluhren-Produktion war. Allerdings erst heute gesehen, dass es da auch ein derartiges Museum gibt, mit F\u00fchrung werden auch viele Ger\u00e4te vorgef\u00fchrt. Leider liegt es nun nicht mehr ganz auf dem Weg, insb. nicht mit dem morgigen Ziel und au\u00dferdem soll de Stra\u00dfe von hier aus nach Pontallier mal wieder gesperrt sein. Inwieweit die Angaben von GMaps korrekt sind mt den vielen gesperrten Stra\u00dfen, wei\u00df ich nicht.<\/p>\n<p>Leider wusste ich von dem Museum noch nichts, als ich vor ein paar Jahren mal hier duch den Jura gefahren bin.<\/p>\n<p>Die Nacht verlief sehr ruhig, somit mal gut geschlafen. Die Schr\u00e4ge kann ich ja z.B. mit einer wg. W\u00e4rme noch ungen\u00fctzten Fleecedecke ausgleichen.<\/p>\n<p>&#8211; &#8211; &#8211;<\/p>\n<p>Warum die EU  einen \u201egemeinsamen, klar definierten Feind\u201c (Tusk) (also dzt. Russland) braucht:<br \/>\n<a href='https:\/\/anti-spiegel.ru\/2025\/warum-die-eu-unbedingt-den-feind-russland-braucht\/'>https:\/\/anti-spiegel.ru\/2025\/warum-die-eu-unbedingt-den-feind-russland-braucht\/<\/a><\/p>\n","protected":false},"excerpt":{"rendered":"<p>Do, 13.11.2025<\/p>\n<p>Bei der gestrigen Suche nach einem sch\u00f6nen Nachtplatz ohne gro\u00dfe Umwege, was sehr schwierig war, bin ich \u00fcber einen Aussichtspunkt gestolpert, den ich heute anfahren wollte und aufgrund dessen ich mich f\u00fcr eine gewisse Fahrtrichtung entschieden hab &#8211; Nachtplatzwahl war somit nachgereiht.<\/p>\n<p>Sonnige und sommerliche 18-23\u00b0 heute. So langsam w\u00e4r ich dann doch <a href=\"http:\/\/blog.inmontanis.info\/?p=11015\">[&#8230;]<\/a><\/p>\n","protected":false},"author":1,"featured_media":11017,"comment_status":"closed","ping_status":"closed","sticky":false,"template":"","format":"standard","meta":{"footnotes":""},"categories":[950,16,30],"tags":[87,86],"class_list":["post-11015","post","type-post","status-publish","format-standard","has-post-thumbnail","hentry","category-2025-09-2026-11-pyrenaen-uk-co","category-france","category-wandern","tag-grotteklamm","tag-wasserfall","odd"],"_links":{"self":[{"href":"http:\/\/blog.inmontanis.info\/index.php?rest_route=\/wp\/v2\/posts\/11015","targetHints":{"allow":["GET"]}}],"collection":[{"href":"http:\/\/blog.inmontanis.info\/index.php?rest_route=\/wp\/v2\/posts"}],"about":[{"href":"http:\/\/blog.inmontanis.info\/index.php?rest_route=\/wp\/v2\/types\/post"}],"author":[{"embeddable":true,"href":"http:\/\/blog.inmontanis.info\/index.php?rest_route=\/wp\/v2\/users\/1"}],"replies":[{"embeddable":true,"href":"http:\/\/blog.inmontanis.info\/index.php?rest_route=%2Fwp%2Fv2%2Fcomments&post=11015"}],"version-history":[{"count":1,"href":"http:\/\/blog.inmontanis.info\/index.php?rest_route=\/wp\/v2\/posts\/11015\/revisions"}],"predecessor-version":[{"id":11016,"href":"http:\/\/blog.inmontanis.info\/index.php?rest_route=\/wp\/v2\/posts\/11015\/revisions\/11016"}],"wp:featuredmedia":[{"embeddable":true,"href":"http:\/\/blog.inmontanis.info\/index.php?rest_route=\/wp\/v2\/media\/11017"}],"wp:attachment":[{"href":"http:\/\/blog.inmontanis.info\/index.php?rest_route=%2Fwp%2Fv2%2Fmedia&parent=11015"}],"wp:term":[{"taxonomy":"category","embeddable":true,"href":"http:\/\/blog.inmontanis.info\/index.php?rest_route=%2Fwp%2Fv2%2Fcategories&post=11015"},{"taxonomy":"post_tag","embeddable":true,"href":"http:\/\/blog.inmontanis.info\/index.php?rest_route=%2Fwp%2Fv2%2Ftags&post=11015"}],"curies":[{"name":"wp","href":"https:\/\/api.w.org\/{rel}","templated":true}]}}