{"id":11007,"date":"2025-11-10T19:11:58","date_gmt":"2025-11-10T18:11:58","guid":{"rendered":"http:\/\/blog.inmontanis.info\/?p=11007"},"modified":"2025-11-22T19:22:22","modified_gmt":"2025-11-22T18:22:22","slug":"vogesen-ventron-ex-skigebiet-ballon-dalsace-alpenpano-10-11-2025","status":"publish","type":"post","link":"http:\/\/blog.inmontanis.info\/?p=11007","title":{"rendered":"Vogesen: Ventron Ex-Skigebiet, Ballon d&#8217;Alsace Alpenpano, 10.11.2025"},"content":{"rendered":"<p><strong>Mo, 10.11.2025<\/strong><\/p>\n<p>Sonne war gestern eigentlich nicht f\u00fcr heute Vormittag gemeldet, hatte mich vorsichtshalber aber doch auf die Seite des Parkplatzes gestellt, die am ehesten Sonne abbekommen w\u00fcrde. Am Morgen gabs mal einige Wolkenl\u00fccken und wurde auch bald sonnig, d.h. Hitze am Oberk\u00f6rper und K\u00fchlschrank an den F\u00fc\u00dfen, aber somit hier nur 2x Standheizung gebraucht, 1x gestern Abend und 1x heute vor der Arbeit.<\/p>\n<p><a href='http:\/\/extra.inmontanis.info\/d\/139490-2\/dsc01125.jpg'><img src=http:\/\/extra.inmontanis.info\/d\/139489-3\/dsc01125.jpg \/><\/a><br \/>\n^ Le Frenz<\/p>\n<p>Tja, schau an, es gibt hier nicht nur Karpfenweiher .. es gibt hier bzw. im Elsass tats\u00e4chlich einige Restaurants, die Karpfen haben! Z. B.   &#8220;friture de carpes&#8221;, mit Pommes und Salat 23 \u20ac, zum mitnehmen nur 18, schaut auf den Bildern aus wie Karpfengeschnetzeltes, das ich in N\u00fcrnberg am Fischmarkt schon gekauft hab.<\/p>\n<p>Allerdings liegen die Restaurants anscheinend eher richtung Osten statt meine Fahrtrichtung Westen und n\u00e4her gelegene haben erst am DI oderMI wieder offen.<\/p>\n<p>H\u00e4tte ich mal gestern \/ vorgestern nachgesehen, h\u00e4tt ich in der N\u00e4he vmtl. ein Restaurant besuchen k\u00f6nnen.<\/p>\n<p>Das bei Belfort, das ich auf den Weg legen k\u00f6nnte (dann aber den Besancon-Gro\u00dfraum nicht n\u00f6rdlich umfahren k\u00f6nnte), hat aber nur bis 14 Uhr und wieder ab 19 Uhr offen, somit heute auch schwer erreichbar. Morgen soll in Frankreich ein Feiertag sein.<\/p>\n<p>Scheint nach einiger Websuche f\u00fcr Frankreich wirklich nur eine s\u00fcd-els\u00e4ssische Spezialit\u00e4t zu sein, gebackener Karpfen bzw. -geschnetzteltes, gibt&#8217;s nur in einem recht kleinen Bereich Frankreichs. Wobei ich sp\u00e4ter  doch auch noch weitere Restaurants auf gmaps gefunden h\u00e4tte. <\/p>\n<p><a href='https:\/\/www.carpe-frite.com\/deutsch-1\/'>https:\/\/www.carpe-frite.com\/deutsch-1\/<\/a><\/p>\n<p>Ich fuhr also zum stillgelegten Skigebiet oberhalb Ventron &#8230;<br \/>\n.. das gr\u00f6\u00dfer war als ich gedacht h\u00e4tte, da es rechts abseits und hinter der 3SB noch 2 weitere KSSL gab! <\/p>\n<p>&#128681; Gespeicherte Geolocation &#8211; Karte anzeigen: <a href='https:\/\/www.google.com\/maps\/@?api=1&#038;map_action=map&#038;center=47.9251814,6.8621192&#038;zoom=12&#038;basemap=terrain' target=_blank> GoogleMaps<\/a> &#128681; <a href='https:\/\/www.openstreetmap.org\/?&#038;mlat=47.9251814&#038;mlon=6.8621192#map=10\/47.9251814\/6.8621192&#038;layers=P' target=_blank> OSM &#128681;<\/a><\/p>\n<p><a href='http:\/\/ski.inmontanis.info\/d\/341614-2\/dsc01130.jpg'><img src=http:\/\/ski.inmontanis.info\/d\/341612-3\/dsc01130.jpg \/><\/a><br \/>\n^ Geschlossenes Skigebiet bei Ventron &#8211; die 3SB<\/p>\n<p><a href='http:\/\/ski.inmontanis.info\/d\/341618-2\/dsc01134.jpg'><img src=http:\/\/ski.inmontanis.info\/d\/341617-3\/dsc01134.jpg \/><\/a><br \/>\n^ Geschlossenes Skigebiet bei Ventron<\/p>\n<p><a href='http:\/\/ski.inmontanis.info\/d\/341622-2\/dsc01136.jpg'><img src=http:\/\/ski.inmontanis.info\/d\/341621-3\/dsc01136.jpg \/><\/a><br \/>\n^ 3SB<\/p>\n<p><a href='http:\/\/ski.inmontanis.info\/d\/341626-2\/dsc01139.jpg'><img src=http:\/\/ski.inmontanis.info\/d\/341625-3\/dsc01139.jpg \/><\/a><br \/>\n^ Die linken KSSL<\/p>\n<p><a href='http:\/\/ski.inmontanis.info\/d\/341630-2\/dsc01141.jpg'><img src=http:\/\/ski.inmontanis.info\/d\/341629-3\/dsc01141.jpg \/><\/a><br \/>\n^ 3SB und \u00dcbungslifte<\/p>\n<p><a href='http:\/\/ski.inmontanis.info\/d\/341634-2\/dsc01142.jpg'><img src=http:\/\/ski.inmontanis.info\/d\/341633-3\/dsc01142.jpg \/><\/a><br \/>\n^ Steiler KSSL, Abfahrt schaut auch interessant aus<\/p>\n<p><a href='http:\/\/ski.inmontanis.info\/d\/341638-2\/dsc01143.jpg'><img src=http:\/\/ski.inmontanis.info\/d\/341637-3\/dsc01143.jpg \/><\/a><br \/>\n^ Pistenplan, kaum noch etwas zu erkennen, aber es gibt noch einen R\u00fcckseitenlift G und rechts ist auch noch ein SL H<\/p>\n<p><a href='http:\/\/ski.inmontanis.info\/d\/341642-2\/ge-ventron1.jpg'><img src=http:\/\/ski.inmontanis.info\/d\/341641-3\/ge-ventron1.jpg \/><\/a><br \/>\n^ Lifte ins GE-Bild reingezeichnet, Gelb die 3SB<\/p>\n<p>Herber Verlust, das schaut nett aus hier. Weitere Bilder und Infos:<\/p>\n<p><a href='https:\/\/www.remontees-mecaniques.net\/bdd\/station-ermitage-ventron-505.html'>https:\/\/www.remontees-mecaniques.net\/bdd\/station-ermitage-ventron-505.html<\/a><\/p>\n<p><a href='https:\/\/www.remontees-mecaniques.net\/bdd\/reportage-tkd-du-menil-poma-2676.html'>https:\/\/www.remontees-mecaniques.net\/bdd\/reportage-tkd-du-menil-poma-2676.html<\/a><\/p>\n<p>Extra Lidl angefahren, weil daneben ein marche aux affaires ist, was so wie Action\/Tedi\/Dollarstore\/Tokmanni\/o\u00f6b etc. sein k\u00f6nnte (ohne Lebensmittel), wollt ich paar Sachen schauen, Pinkelkanister, Wasserschiebergebastel, Sekundenkleber, was ist, hat das bl\u00f6de Gesch\u00e4ft hier Mittagspause von 12 bis 14 Uhr..  also mal Zeit lassen im Lidl &#8230;<\/p>\n<p>Bretzel kostet hier  0,69 \u20ac , Krapfen 0,59 und das 250g Baguete 0,28.<\/p>\n<p>Und wow: 1l Schoko-H-Mlich nur 1,35 &#8211; so g\u00fcnstig hab ich schon lang keine mehr gesehen und sogar mit Drehverschluss, daher gekauft. Vollmilch 1l 1,08, Leichtmilch 0,95, eine ohne Verschluss noch etwas g\u00fcnstiger.<\/p>\n<p>Im anderen Laden zwar keinen Kanister gesehen, aber in der K\u00fcchenabteilung einen halben Silikonhandschuh, der vielleicht f\u00fcr die Fenster funktionieren k\u00f6nnte<\/p>\n<p><a href='http:\/\/extra.inmontanis.info\/d\/139494-2\/dsc01147.jpg'><img src=http:\/\/extra.inmontanis.info\/d\/139493-3\/dsc01147.jpg \/><\/a><br \/>\n^ Eingekaufter Silikonhandschuh f\u00fcr  warme Bleche oder so, ich m\u00f6chte es als Beh\u00e4lter f\u00fcr das Scheibenkondenswasser verwenden<\/p>\n<p>Lie\u00df sich dann aber nicht sch\u00f6n \u00fcbers glas ziehen, also brauch ich noch irgendeinen Schieber und nehm das nur als Auffangbeh\u00e4ltnis. <\/p>\n<p>Weitere Bastelfotos im Laufe der Reise.<\/p>\n<p>Am Gemeinde-Campingplatz angekommen, stand gerade ein Wohnmobil vor der Rezeption am Eingang und 3 Leute unterhielten sich, also gut m\u00f6glich, dass eine die Rezeptionistin ist, da wollt ich mich jetzt nicht dazu gesellen oder st\u00f6ren, also wartete ich halt mal ab&#8230;  .. nach 5min wurd&#8217;s mir ja schon langsam etwas zu bl\u00f6d ..<\/p>\n<p>Kaum sind die dann irgendwann mal reingefahren, wollt ich hin, steht an der geschlossenen T\u00fcr, Rezeption ab 15 Uhr offen, also wartete ich noch 10 Minuten. <\/p>\n<p>Um 15:05 nochmal hingschaut, hab ich ein Schild gesehen, &#8220;bin im Gr\u00fcnbereich am Campingpaltz&#8221;, also bin ich bissl rumgegangen, tja, keine Ahnung, vielleicht ist das die eine, die da hinter einem Dauercamper die Bl\u00e4tter zusammenkehrt, aber vielleicht ist die auch nur dieser Dauercamper.<\/p>\n<p>War mir somit alles zu bl\u00f6d hier, dann h\u00e4tte ich mir den Umweg in diesen Ort heute sparen k\u00f6nnen.<\/p>\n<p>Also noch auf zum Ballon d&#8217;Alsace Pass, da gibt&#8217;s ein gratis WC und schlafen soll man auch d\u00fcrfen. Weil Langlaufgebiet, gibt&#8217;s sogar einen Salle Hors Sac samt Mikrowellenofen! <\/p>\n<p><a href='http:\/\/ski.inmontanis.info\/d\/341646-2\/dsc01152.jpg'><img src=http:\/\/ski.inmontanis.info\/d\/341645-3\/dsc01152.jpg \/><\/a><br \/>\n^ Auffahrt zum Col du Ballon d&#8217;Alsace (1165m)<\/p>\n<p><a href='http:\/\/ski.inmontanis.info\/d\/341650-2\/dsc01154.jpg'><img src=http:\/\/ski.inmontanis.info\/d\/341649-3\/dsc01154.jpg \/><\/a><br \/>\n^ Vom Pass kann man noch einen Fu\u00dfweg rauf zum Ballon d&#8217;Alsace machen<\/p>\n<p>Ich machte mich auf den Weg zum Gipfel und man konnte gleich schon sehr gut die Alpen sehen! Dann doch noch den Rundweg zum Gipfel gemacht. H\u00e4tte ich den Campingplatz heut genommen, h\u00e4tte ich das morgen nicht machen k\u00f6nnen, weil mir sonst die Zeit bis zum Karpfenrestaurant zu kurz gewesen ware und mittwochs ist da anscheinend Ruhetag.<\/p>\n<p>.. und ohne das Karpfenrestaurant w\u00e4r ich ja auch gar nicht \u00fcber diesen Pass gefahren! Also ein Nachteil kann sich oft schnell in einen Vorteil wandeln.<\/p>\n<p><a href='http:\/\/ski.inmontanis.info\/d\/341654-2\/dsc01156_001.jpg'><img src=http:\/\/ski.inmontanis.info\/d\/341653-3\/dsc01156_001.jpg \/><\/a><br \/>\n^ Man muss nicht weit raufgehen, um die Alpen sehen zu k\u00f6nnen<\/p>\n<p><a href='http:\/\/ski.inmontanis.info\/d\/341658-2\/dsc01160.jpg'><img src=http:\/\/ski.inmontanis.info\/d\/341657-3\/dsc01160.jpg \/><\/a><br \/>\n^ Pano mit Stra\u00dfe<\/p>\n<p><a href='http:\/\/ski.inmontanis.info\/d\/341662-2\/dsc01163.jpg'><img src=http:\/\/ski.inmontanis.info\/d\/341661-3\/dsc01163.jpg \/><\/a><br \/>\n^ Alpenpano<\/p>\n<p><a href='http:\/\/ski.inmontanis.info\/d\/341666-2\/dsc01164.jpg'><img src=http:\/\/ski.inmontanis.info\/d\/341665-3\/dsc01164.jpg \/><\/a><br \/>\n^ Alpen-Zoom, f\u00fcr die Bilder nat\u00fcrlich kontrastverst\u00e4rkt, aber problemlos mit normalen Augen zu erkennen gewesen<\/p>\n<p><a href='http:\/\/ski.inmontanis.info\/d\/341670-2\/dsc01165.jpg'><img src=http:\/\/ski.inmontanis.info\/d\/341669-3\/dsc01165.jpg \/><\/a><br \/>\n^ Alpenpano<\/p>\n<p><a href='http:\/\/ski.inmontanis.info\/d\/341674-2\/dsc01166.jpg'><img src=http:\/\/ski.inmontanis.info\/d\/341673-3\/dsc01166.jpg \/><\/a><br \/>\n^ Col du Ballon d&#8217;Alsace<\/p>\n<p><a href='http:\/\/ski.inmontanis.info\/d\/341678-2\/dsc01170.jpg'><img src=http:\/\/ski.inmontanis.info\/d\/341677-3\/dsc01170.jpg \/><\/a><br \/>\n^ Nebelmeerpano<\/p>\n<p><a href='http:\/\/ski.inmontanis.info\/d\/341682-2\/dsc01173.jpg'><img src=http:\/\/ski.inmontanis.info\/d\/341681-3\/dsc01173.jpg \/><\/a><br \/>\n^ Denkmal<\/p>\n<p><a href='http:\/\/ski.inmontanis.info\/d\/341686-2\/dsc01178.jpg'><img src=http:\/\/ski.inmontanis.info\/d\/341685-3\/dsc01178.jpg \/><\/a><br \/>\n^ Nebelmeerpano<\/p>\n<p><a href='http:\/\/ski.inmontanis.info\/d\/341690-2\/dsc01181.jpg'><img src=http:\/\/ski.inmontanis.info\/d\/341689-3\/dsc01181.jpg \/><\/a><br \/>\n^ Talpano<\/p>\n<p><a href='http:\/\/ski.inmontanis.info\/d\/341694-2\/dsc01196.jpg'><img src=http:\/\/ski.inmontanis.info\/d\/341693-3\/dsc01196.jpg \/><\/a><br \/>\n^ <\/p>\n<p><a href='http:\/\/ski.inmontanis.info\/d\/341698-2\/dsc01186.jpg'><img src=http:\/\/ski.inmontanis.info\/d\/341697-3\/dsc01186.jpg \/><\/a><br \/>\n^ <\/p>\n<p><a href='http:\/\/ski.inmontanis.info\/d\/341702-2\/dsc01190.jpg'><img src=http:\/\/ski.inmontanis.info\/d\/341701-3\/dsc01190.jpg \/><\/a><br \/>\n^ Panoramaweg mit Schneeresten. DA muss es ganz sch\u00f6n geschneit haben vor einiger Zeit, dass da noch \u00fcberall Schneereste liegen<\/p>\n<p><a href='http:\/\/ski.inmontanis.info\/d\/341706-2\/dsc01200.jpg'><img src=http:\/\/ski.inmontanis.info\/d\/341705-3\/dsc01200.jpg \/><\/a><br \/>\n^ Alpenpano<\/p>\n<p><a href='http:\/\/ski.inmontanis.info\/d\/341710-2\/dsc01201.jpg'><img src=http:\/\/ski.inmontanis.info\/d\/341709-3\/dsc01201.jpg \/><\/a><br \/>\n^ Alpenpano<\/p>\n<p><a href='http:\/\/ski.inmontanis.info\/d\/341714-2\/dsc01202.jpg'><img src=http:\/\/ski.inmontanis.info\/d\/341713-3\/dsc01202.jpg \/><\/a><br \/>\n^ <\/p>\n<p><a href='http:\/\/ski.inmontanis.info\/d\/341718-2\/dsc01203.jpg'><img src=http:\/\/ski.inmontanis.info\/d\/341717-3\/dsc01203.jpg \/><\/a><br \/>\n^ Pano<\/p>\n<p><a href='http:\/\/ski.inmontanis.info\/d\/341722-2\/dsc01204.jpg'><img src=http:\/\/ski.inmontanis.info\/d\/341721-3\/dsc01204.jpg \/><\/a><br \/>\n^ <\/p>\n<p><a href='http:\/\/ski.inmontanis.info\/d\/341726-2\/dsc01208.jpg'><img src=http:\/\/ski.inmontanis.info\/d\/341725-3\/dsc01208.jpg \/><\/a><br \/>\n^ Talpano r\u00fcckseitig<\/p>\n<p><a href='http:\/\/ski.inmontanis.info\/d\/341730-2\/dsc01212.jpg'><img src=http:\/\/ski.inmontanis.info\/d\/341729-3\/dsc01212.jpg \/><\/a><br \/>\n^ Das Skigebiet geht hier laut Sat-Bild eigentlich recht nett am Grat entlang<\/p>\n<p><a href='http:\/\/ski.inmontanis.info\/d\/341734-2\/dsc01213.jpg'><img src=http:\/\/ski.inmontanis.info\/d\/341733-3\/dsc01213.jpg \/><\/a><br \/>\n^ Skigebiet<\/p>\n<p><a href='http:\/\/ski.inmontanis.info\/d\/341738-2\/dsc01214.jpg'><img src=http:\/\/ski.inmontanis.info\/d\/341737-3\/dsc01214.jpg \/><\/a><br \/>\n^ Skigebiet<\/p>\n<p><a href='http:\/\/ski.inmontanis.info\/d\/341742-2\/dsc01215.jpg'><img src=http:\/\/ski.inmontanis.info\/d\/341741-3\/dsc01215.jpg \/><\/a><br \/>\n^ Pano mit Pass<\/p>\n<p><a href='http:\/\/ski.inmontanis.info\/d\/341746-2\/dsc01218.jpg'><img src=http:\/\/ski.inmontanis.info\/d\/341745-3\/dsc01218.jpg \/><\/a><br \/>\n^ Nebelmeerpano<\/p>\n<p>Heut Abend gibt&#8217;s Kraut-Schupfnudeln, hatte ich mir noch in DE gekauft.<\/p>\n<p>Mein Handy macht mich auch wieder wahnsinnig, weil es sich laufend in dieses verfickt miese &#8220;Free&#8221; Netz einbucht, weil dieses verfickt miese &#8220;Free&#8221;-Netz bei den &#8220;bevorzugten Roamingnetzen&#8221; auf Platz 1 steht und man diese Liste troz \u00e4ndern \/ l\u00f6schen \/ speichern nicht adaptieren kann.<\/p>\n<p>Ja, ich hatte glaub im UK schon mal via irgendwelcher AT-Befehle irgend so ein nerviges Automatik-Netz gel\u00f6scht &#8211; wird nicht mehr lange dauern, bis ich das wieder probieren muss. Mein A1-Gesch\u00e4ftshandy ist laufend im &#8220;SFR&#8221; und hat dort wesentlich besseren Empfang. Meine Magenta-SIM mag das SFR-Netz aber nicht wirklich und verbindet sich da auch manuell nicht gern.<\/p>\n<p>Manuelle Netzwerksuche &#8211; bringt sogar nur 2 3G-Netze. Wie kann hier oben an so einem touristischen Pass so ein mieser Empfang sein!?!<\/p>\n<p>Nach 18 Uhr stellten sich irgendwelche Leute auf den Parkplatz gegen\u00fcber und laberten ewig &#8211; wird denen nicht kalt?  Morgen gesehen: 2 PKWs, 1 mit Dachzelt.<\/p>\n<p>Weiterhin keine Saisondaten aus Masella &#8211; somit nun endlich die n&#8217;py &#8211; Saisonkarte bestellt, aka Numemr 3 des heurigen Winters. Abholen in Luz Ardiden, weil die schon am 29.11. die Saison starten wollen. Hofentlich wird das nicht verschoben und irgendwo anders wird gestartet, dann w\u00e4re die Frage, ob ich die Karte dort irgendwo werde abholen k\u00f6nnen &#8230;<\/p>\n<p>.. oder heut doch nicht gekauft, die Bezahlfunktion wollte heute nicht.<\/p>\n<p>Abends recht verzweifelt nach einem Stromplatz f\u00fcr \u00fcbermorgen gesucht &#8211; falls morgen Restaurant, dann nicht kochen abends, daher \u00fcbermorgen sinnvoller. Aber die Strecke via Jura hier oder da oder irgendwo &#8230; nix, nix, nix. Fast alle lt. P4N im Nov. nicht mehr offen, oder irgend etwas anders passt nicht. <\/p>\n","protected":false},"excerpt":{"rendered":"<p>Mo, 10.11.2025<\/p>\n<p>Sonne war gestern eigentlich nicht f\u00fcr heute Vormittag gemeldet, hatte mich vorsichtshalber aber doch auf die Seite des Parkplatzes gestellt, die am ehesten Sonne abbekommen w\u00fcrde. Am Morgen gabs mal einige Wolkenl\u00fccken und wurde auch bald sonnig, d.h. Hitze am Oberk\u00f6rper und K\u00fchlschrank an den F\u00fc\u00dfen, aber somit hier nur 2x Standheizung gebraucht, <a href=\"http:\/\/blog.inmontanis.info\/?p=11007\">[&#8230;]<\/a><\/p>\n","protected":false},"author":1,"featured_media":11009,"comment_status":"closed","ping_status":"closed","sticky":false,"template":"","format":"standard","meta":{"footnotes":""},"categories":[950,16,32,955,30],"tags":[55,48,77],"class_list":["post-11007","post","type-post","status-publish","format-standard","has-post-thumbnail","hentry","category-2025-09-2026-11-pyrenaen-uk-co","category-france","category-lostplaces","category-vogesen","category-wandern","tag-3sb","tag-kssl","tag-nebelmeer","odd"],"_links":{"self":[{"href":"http:\/\/blog.inmontanis.info\/index.php?rest_route=\/wp\/v2\/posts\/11007","targetHints":{"allow":["GET"]}}],"collection":[{"href":"http:\/\/blog.inmontanis.info\/index.php?rest_route=\/wp\/v2\/posts"}],"about":[{"href":"http:\/\/blog.inmontanis.info\/index.php?rest_route=\/wp\/v2\/types\/post"}],"author":[{"embeddable":true,"href":"http:\/\/blog.inmontanis.info\/index.php?rest_route=\/wp\/v2\/users\/1"}],"replies":[{"embeddable":true,"href":"http:\/\/blog.inmontanis.info\/index.php?rest_route=%2Fwp%2Fv2%2Fcomments&post=11007"}],"version-history":[{"count":1,"href":"http:\/\/blog.inmontanis.info\/index.php?rest_route=\/wp\/v2\/posts\/11007\/revisions"}],"predecessor-version":[{"id":11008,"href":"http:\/\/blog.inmontanis.info\/index.php?rest_route=\/wp\/v2\/posts\/11007\/revisions\/11008"}],"wp:featuredmedia":[{"embeddable":true,"href":"http:\/\/blog.inmontanis.info\/index.php?rest_route=\/wp\/v2\/media\/11009"}],"wp:attachment":[{"href":"http:\/\/blog.inmontanis.info\/index.php?rest_route=%2Fwp%2Fv2%2Fmedia&parent=11007"}],"wp:term":[{"taxonomy":"category","embeddable":true,"href":"http:\/\/blog.inmontanis.info\/index.php?rest_route=%2Fwp%2Fv2%2Fcategories&post=11007"},{"taxonomy":"post_tag","embeddable":true,"href":"http:\/\/blog.inmontanis.info\/index.php?rest_route=%2Fwp%2Fv2%2Ftags&post=11007"}],"curies":[{"name":"wp","href":"https:\/\/api.w.org\/{rel}","templated":true}]}}