{"id":11003,"date":"2025-11-09T19:43:00","date_gmt":"2025-11-09T18:43:00","guid":{"rendered":"http:\/\/blog.inmontanis.info\/?p=11003"},"modified":"2025-11-21T19:50:44","modified_gmt":"2025-11-21T18:50:44","slug":"vogesen-stausee-burgruine-wildenstein-9-11-2025","status":"publish","type":"post","link":"http:\/\/blog.inmontanis.info\/?p=11003","title":{"rendered":"Vogesen: Stausee + Burgruine Wildenstein, 9.11.2025"},"content":{"rendered":"<p><strong>So, 9.11.2025<\/strong><\/p>\n<p>Ab den fr\u00fchen Morgenstunden hatte es gereget, zum Aufstehen mal nicht mehr, aber dichter Nebel, nix gesehen von dem St\u00fcck Kammstra\u00dfe, die ich noch gefahren bin.<\/p>\n<p>Was den Darbo Nutella-Ersatz aus der Quetschflasche angeht &#8211; geht schon seit Tagen morgens kaum noch was raus, gestern Abend nachgewogen, m\u00fcssten noch heftige 70g drin sein&#8230; da w\u00e4r eine Tube wohl leichter auszudr\u00fccken oder auszukratzen&#8230;<\/p>\n<p>Die Suche nach m\u00f6glichen Zwischenzielen in den n\u00e4chsten Tagen \/ Wochen gestaltet sich \u00e4u\u00dferst schwierig, denn es g\u00e4be ja auch vermutlich viele M\u00f6glichkeiten, in die Zielgegend zu kommen bei \u00e4hnlichen Wegstrecken, da wei\u00df man schon gar nicht, wo man suchen soll, wenn man denn \u00fcberhaupt w\u00fcsste, wonach  man suchen soll &#8230; &#8220;Attraktionen&#8221; in Gmaps ist da auch nicht sonderlich hilfreich, oftmals fehlen da die interessantesten Sachen, teils sind da total schwachsinnige Dinge dabei und was dann beim Rein- und Rauszoomen gezeigt wird, ist noch eine ganz andere Frage&#8230;<\/p>\n<p>Eine Burgruine in der N\u00e4he und halbwegs auf dem Weg (Wildenstein)  k\u00f6nnte vielleicht interessant sein. Weiter unten war die Sicht jedenfalls besser, aber es nieselte immer noch leicht.<\/p>\n<p>Den Beschreibungen nach k\u00f6nnte der Fu\u00dfweg aber sehr steil sein, durch den Regen vielleicht rutschig oder matschig&#8230;<\/p>\n<p>Ich wartete einige Zeit lang an einer Kehre kurz vorher ab, um das Wetter zu beobachten, mal etwas sonnige Wolken, mal etwas Nieselregen, und um nochmals die n\u00e4chsten \u00dcbernachtungsm\u00f6glichkeiten abzuchecken.<\/p>\n<p><a href='http:\/\/extra.inmontanis.info\/d\/139294-2\/dsc00929.jpg'><img src=http:\/\/extra.inmontanis.info\/d\/139293-3\/dsc00929.jpg \/><\/a><br \/>\n^ Warten auf besseres Wetter<\/p>\n<p>Am See angekommen &#8230; weia, da gehts aber ganz sch\u00f6n rauf .. oder bleib ich einfach unten etwas am see?<\/p>\n<p><a href='http:\/\/extra.inmontanis.info\/d\/139298-2\/dsc00932.jpg'><img src=http:\/\/extra.inmontanis.info\/d\/139297-3\/dsc00932.jpg \/><\/a><br \/>\n^ Infotafel Wege am Stausee  Lac de Kruth-Wildenstein und zur Burg auf dem Schlossberg<\/p>\n<p><a href='http:\/\/extra.inmontanis.info\/d\/139302-2\/dsc00934.jpg'><img src=http:\/\/extra.inmontanis.info\/d\/139301-3\/dsc00934.jpg \/><\/a><br \/>\n^ Lac de Kruth-Wildenstein<\/p>\n<p><a href='http:\/\/extra.inmontanis.info\/d\/139306-2\/dsc00937.jpg'><img src=http:\/\/extra.inmontanis.info\/d\/139305-3\/dsc00937.jpg \/><\/a><br \/>\n^ Lac de Kruth-Wildenstein<\/p>\n<p><a href='http:\/\/extra.inmontanis.info\/d\/139310-2\/dsc00939.jpg'><img src=http:\/\/extra.inmontanis.info\/d\/139309-3\/dsc00939.jpg \/><\/a><br \/>\n^ Oben auf dem Berg ist die Burgruine<\/p>\n<p><a href='http:\/\/extra.inmontanis.info\/d\/139314-2\/dsc00940.jpg'><img src=http:\/\/extra.inmontanis.info\/d\/139313-3\/dsc00940.jpg \/><\/a><br \/>\n^ Lac de Kruth-Wildenstein<\/p>\n<p><a href='http:\/\/extra.inmontanis.info\/d\/139318-2\/dsc00944.jpg'><img src=http:\/\/extra.inmontanis.info\/d\/139317-3\/dsc00944.jpg \/><\/a><br \/>\n^ Lac de Kruth-Wildenstein, hat hier eine kurze Staustufe, die Hauptstaumauer ist aber weiter links, erst nach der Burg besucht<\/p>\n<p><a href='http:\/\/extra.inmontanis.info\/d\/139322-2\/dsc00945.jpg'><img src=http:\/\/extra.inmontanis.info\/d\/139321-3\/dsc00945.jpg \/><\/a><br \/>\n^ Lac de Kruth-Wildenstein, hat hier eine kurze Staustufe<\/p>\n<p>Bin dann doch rauf zur Burg, leider ohne Stecken. War teils schon steil.<\/p>\n<p>Oben die Burg ist recht gro\u00df und es gibt etliche Schilder und auch das Pano ist recht nett.  Ganz oben geht dann der alternative R\u00fcckweg weg, da steht allerdings &#8220;vorsicht, steiler Pfad&#8221;, na toll&#8230; <\/p>\n<p><a href='http:\/\/extra.inmontanis.info\/d\/139326-2\/dsc00946.jpg'><img src=http:\/\/extra.inmontanis.info\/d\/139325-3\/dsc00946.jpg \/><\/a><br \/>\n^ Zur Ruine auf den Schlossberg f\u00fchren 2 Wege, vorne der offizielle, rechts gestrichelt die Alternative, die man als Rundweg runter nehmen k\u00f6nnen soll<\/p>\n<p><a href='http:\/\/extra.inmontanis.info\/d\/139330-2\/dsc00950.jpg'><img src=http:\/\/extra.inmontanis.info\/d\/139329-3\/dsc00950.jpg \/><\/a><br \/>\n^ .. bei den momentanen Bodenverh\u00e4ltnissen aber gar nicht so einfach zu entscheiden, wo der Weg nun weiter geht ..<\/p>\n<p><a href='http:\/\/extra.inmontanis.info\/d\/139334-2\/dsc00951.jpg'><img src=http:\/\/extra.inmontanis.info\/d\/139333-3\/dsc00951.jpg \/><\/a><br \/>\n^ Weg hinauf zur Burg<\/p>\n<p><a href='http:\/\/extra.inmontanis.info\/d\/139338-2\/dsc00962.jpg'><img src=http:\/\/extra.inmontanis.info\/d\/139337-3\/dsc00962.jpg \/><\/a><br \/>\n^ Die Felsen am Weg sollen deshalb so bearbeitet worden sein, dass die Pferde o.\u00e4. mit den Hufen besseren Halt haben und dass das Wasser besser abl\u00e4uft<\/p>\n<p><a href='http:\/\/extra.inmontanis.info\/d\/139342-2\/dsc00967.jpg'><img src=http:\/\/extra.inmontanis.info\/d\/139341-3\/dsc00967.jpg \/><\/a><br \/>\n^ Auf dem Weg und oben auf der Burg gibt&#8217;s etliche Infotafeln<\/p>\n<p><a href='http:\/\/extra.inmontanis.info\/d\/139346-2\/dsc00968.jpg'><img src=http:\/\/extra.inmontanis.info\/d\/139345-3\/dsc00968.jpg \/><\/a><br \/>\n^ Hier war also die Br\u00fccke vom vorherigen Bild<\/p>\n<p><a href='http:\/\/extra.inmontanis.info\/d\/139350-2\/dsc00976.jpg'><img src=http:\/\/extra.inmontanis.info\/d\/139349-3\/dsc00976.jpg \/><\/a><br \/>\n^ Um die Kurve herum &#8230;<\/p>\n<p><a href='http:\/\/extra.inmontanis.info\/d\/139354-2\/dsc00980.jpg'><img src=http:\/\/extra.inmontanis.info\/d\/139353-3\/dsc00980.jpg \/><\/a><br \/>\n^ .. geht es in den Tunnel<\/p>\n<p><a href='http:\/\/extra.inmontanis.info\/d\/139358-2\/dsc00981.jpg'><img src=http:\/\/extra.inmontanis.info\/d\/139357-3\/dsc00981.jpg \/><\/a><br \/>\n^ Tunnel<\/p>\n<p><a href='http:\/\/extra.inmontanis.info\/d\/139362-2\/dsc00984.jpg'><img src=http:\/\/extra.inmontanis.info\/d\/139361-3\/dsc00984.jpg \/><\/a><br \/>\n^ Tunneleingang<\/p>\n<p><a href='http:\/\/extra.inmontanis.info\/d\/139366-2\/dsc00988.jpg'><img src=http:\/\/extra.inmontanis.info\/d\/139365-3\/dsc00988.jpg \/><\/a><br \/>\n^ Tunnel, auch hier wieder der speziell bearbeitete Boden<\/p>\n<p><a href='http:\/\/extra.inmontanis.info\/d\/139370-2\/dsc00990.jpg'><img src=http:\/\/extra.inmontanis.info\/d\/139369-3\/dsc00990.jpg \/><\/a><br \/>\n^ Tunnel<\/p>\n<p><a href='http:\/\/extra.inmontanis.info\/d\/139374-2\/dsc00991.jpg'><img src=http:\/\/extra.inmontanis.info\/d\/139373-3\/dsc00991.jpg \/><\/a><br \/>\n^ Gel\u00e4nde nach dem Tunnel<\/p>\n<p><a href='http:\/\/extra.inmontanis.info\/d\/139378-2\/dsc00992.jpg'><img src=http:\/\/extra.inmontanis.info\/d\/139377-3\/dsc00992.jpg \/><\/a><br \/>\n^ Tunnelausgang<\/p>\n<p><a href='http:\/\/extra.inmontanis.info\/d\/139382-2\/dsc00994.jpg'><img src=http:\/\/extra.inmontanis.info\/d\/139381-3\/dsc00994.jpg \/><\/a><br \/>\n^ <\/p>\n<p><a href='http:\/\/extra.inmontanis.info\/d\/139386-2\/dsc01000.jpg'><img src=http:\/\/extra.inmontanis.info\/d\/139385-3\/dsc01000.jpg \/><\/a><br \/>\n^ Steilblick runter zur Stra\u00dfe<\/p>\n<p><a href='http:\/\/extra.inmontanis.info\/d\/139390-2\/dsc01003.jpg'><img src=http:\/\/extra.inmontanis.info\/d\/139389-3\/dsc01003.jpg \/><\/a><br \/>\n^ Blick runter zu Stra\u00dfe und Stausee<\/p>\n<p><a href='http:\/\/extra.inmontanis.info\/d\/139394-2\/dsc01011.jpg'><img src=http:\/\/extra.inmontanis.info\/d\/139393-3\/dsc01011.jpg \/><\/a><br \/>\n^ <\/p>\n<p><a href='http:\/\/extra.inmontanis.info\/d\/139398-2\/dsc01012.jpg'><img src=http:\/\/extra.inmontanis.info\/d\/139397-3\/dsc01012.jpg \/><\/a><br \/>\n^ <\/p>\n<p><a href='http:\/\/extra.inmontanis.info\/d\/139402-2\/dsc01016.jpg'><img src=http:\/\/extra.inmontanis.info\/d\/139401-3\/dsc01016.jpg \/><\/a><br \/>\n^ <\/p>\n<p><a href='http:\/\/extra.inmontanis.info\/d\/139406-2\/dsc01017.jpg'><img src=http:\/\/extra.inmontanis.info\/d\/139405-3\/dsc01017.jpg \/><\/a><br \/>\n^ <\/p>\n<p><a href='http:\/\/extra.inmontanis.info\/d\/139410-2\/dsc01019.jpg'><img src=http:\/\/extra.inmontanis.info\/d\/139409-3\/dsc01019.jpg \/><\/a><br \/>\n^ <\/p>\n<p><a href='http:\/\/extra.inmontanis.info\/d\/139414-2\/dsc01020.jpg'><img src=http:\/\/extra.inmontanis.info\/d\/139413-3\/dsc01020.jpg \/><\/a><br \/>\n^ <\/p>\n<p><a href='http:\/\/extra.inmontanis.info\/d\/139418-2\/dsc01027.jpg'><img src=http:\/\/extra.inmontanis.info\/d\/139417-3\/dsc01027.jpg \/><\/a><br \/>\n^ <\/p>\n<p><a href='http:\/\/extra.inmontanis.info\/d\/139422-2\/dsc01028.jpg'><img src=http:\/\/extra.inmontanis.info\/d\/139421-3\/dsc01028.jpg \/><\/a><br \/>\n^ <\/p>\n<p><a href='http:\/\/extra.inmontanis.info\/d\/139426-2\/dsc01030.jpg'><img src=http:\/\/extra.inmontanis.info\/d\/139425-3\/dsc01030.jpg \/><\/a><br \/>\n^ Steil runter<\/p>\n<p><a href='http:\/\/extra.inmontanis.info\/d\/139430-2\/dsc01033.jpg'><img src=http:\/\/extra.inmontanis.info\/d\/139429-3\/dsc01033.jpg \/><\/a><br \/>\n^ <\/p>\n<p><a href='http:\/\/extra.inmontanis.info\/d\/139434-2\/dsc01042.jpg'><img src=http:\/\/extra.inmontanis.info\/d\/139433-3\/dsc01042.jpg \/><\/a><br \/>\n^ Die Treppen sollen f\u00fcr den Zugang in die oberen Stockwerke gewesen sein &#8211; und darf man immer noch verwenden!<\/p>\n<p><a href='http:\/\/extra.inmontanis.info\/d\/139438-2\/dsc01048.jpg'><img src=http:\/\/extra.inmontanis.info\/d\/139437-3\/dsc01048.jpg \/><\/a><br \/>\n^ <\/p>\n<p><a href='http:\/\/extra.inmontanis.info\/d\/139442-2\/dsc01051.jpg'><img src=http:\/\/extra.inmontanis.info\/d\/139441-3\/dsc01051.jpg \/><\/a><br \/>\n^ <\/p>\n<p><a href='http:\/\/extra.inmontanis.info\/d\/139446-2\/dsc01052.jpg'><img src=http:\/\/extra.inmontanis.info\/d\/139445-3\/dsc01052.jpg \/><\/a><br \/>\n^ <\/p>\n<p><a href='http:\/\/extra.inmontanis.info\/d\/139450-2\/dsc01058.jpg'><img src=http:\/\/extra.inmontanis.info\/d\/139449-3\/dsc01058.jpg \/><\/a><br \/>\n^ Leider vergessen, vom Tal unten nochmals zur\u00fcck zu schauen zu der Mauer, wie die von unten wirkt<\/p>\n<p><a href='http:\/\/extra.inmontanis.info\/d\/139454-2\/dsc01081.jpg'><img src=http:\/\/extra.inmontanis.info\/d\/139453-3\/dsc01081.jpg \/><\/a><br \/>\n^ <\/p>\n<p><a href='http:\/\/extra.inmontanis.info\/d\/139458-2\/dsc01075.jpg'><img src=http:\/\/extra.inmontanis.info\/d\/139457-3\/dsc01075.jpg \/><\/a><br \/>\n^ Seeblick<\/p>\n<p><a href='http:\/\/extra.inmontanis.info\/d\/139462-2\/dsc01087.jpg'><img src=http:\/\/extra.inmontanis.info\/d\/139461-3\/dsc01087.jpg \/><\/a><br \/>\n^ Der r\u00fcckseitige Weg als Alternative runter, auch steil<\/p>\n<p><a href='http:\/\/extra.inmontanis.info\/d\/139466-2\/dsc01091.jpg'><img src=http:\/\/extra.inmontanis.info\/d\/139465-3\/dsc01091.jpg \/><\/a><br \/>\n^ Weg runter<\/p>\n<p><a href='http:\/\/extra.inmontanis.info\/d\/139470-2\/dsc01099.jpg'><img src=http:\/\/extra.inmontanis.info\/d\/139469-3\/dsc01099.jpg \/><\/a><br \/>\n^ Weg runter<\/p>\n<p><a href='http:\/\/extra.inmontanis.info\/d\/139474-2\/dsc01104.jpg'><img src=http:\/\/extra.inmontanis.info\/d\/139473-3\/dsc01104.jpg \/><\/a><br \/>\n^ .. und hier die gro\u00dfe Staumauer<\/p>\n<p><a href='http:\/\/extra.inmontanis.info\/d\/139478-2\/dsc01112.jpg'><img src=http:\/\/extra.inmontanis.info\/d\/139477-3\/dsc01112.jpg \/><\/a><br \/>\n^ .. und hier die kleine Staumauer<\/p>\n<p><a href='http:\/\/extra.inmontanis.info\/d\/139482-2\/dsc01114.jpg'><img src=http:\/\/extra.inmontanis.info\/d\/139481-3\/dsc01114.jpg \/><\/a><br \/>\n^ Der Weg am See entlang war fr\u00fcher anscheinend die Auto-Stra\u00dfe D144<\/p>\n<p>Leider nirgends hier M\u00fcllk\u00fcbel, aber 100 Schilder, das man die Natur reinhalten soll, toller Humor.<\/p>\n<p>Um 15:10  war ich nach \u00fcber 2h wieder am Auto &#8211; genug Bet\u00e4tigung f\u00fcr heut, da kann man den n\u00e4chsten Nachtplatz nehmen.<\/p>\n<p>Der w\u00e4r dann im Frenz-Skigebiet und hoffen, dass man morgen Mittag im stillgelegten Ventron-Skigebiet nicht wieder mehr Nebel hat als jetzt.<\/p>\n<p><a href='http:\/\/extra.inmontanis.info\/d\/139486-2\/dsc01120.jpg'><img src=http:\/\/extra.inmontanis.info\/d\/139485-3\/dsc01120.jpg \/><\/a><br \/>\n^ \u00dcbungs-SSL Le Frenz .. das Skigebiet w\u00fcrd ich wohl auch nicht besuchen wollen ;)<\/p>\n<p>(Ganz im Gegensatz zum stillgelegten Ventron-Skigebiet das ich mir am n\u00e4chsten Tag angesehen hatte!)<\/p>\n<p>Da ich ja beim Autofahren H\u00f6rb\u00fccher h\u00f6re und beim Skifahren Musik, ich momentan aber ja nicht Ski fahre, hab ich fast jeden Abend meine Surround-Anlage f\u00fcr 1-2 St\u00fcndchen an. Was den Rest des Jahres ja schon eher selten ist und ich zuletzt schon dachte, ob ich die nicht umsonst eingebaut hab. Sommer Strom sparen, Winter Ski fahren + zus\u00e4tzliche L\u00e4rmbel\u00e4stigung durch Heizen machen das unattraktiv.<\/p>\n<p>Sp\u00e4t abends kam noch ein PKW mit Dachzelt an, damit ich nicht ganz allein bin. Da hab ich die Tage etliche gesehen &#8211; und die meisten aus Belgien.<\/p>\n<p>Zu zweit ist das wohl etwas sinnvoller, f\u00fcr mich allein g\u00e4b&#8217;s da nur Nachteile &#8211; vielleicht vom Scheibenkondenswasserproblem mal abgesehen.<\/p>\n<p>&#8211; &#8211; &#8211;<\/p>\n<p>H\u00f6renswertes Intervew mit einem Zukunftsforscher:<br \/>\n<a href='https:\/\/www.youtube.com\/watch?v=YHwlijumS-U'>https:\/\/www.youtube.com\/watch?v=YHwlijumS-U<\/a><\/p>\n","protected":false},"excerpt":{"rendered":"<p>So, 9.11.2025<\/p>\n<p>Ab den fr\u00fchen Morgenstunden hatte es gereget, zum Aufstehen mal nicht mehr, aber dichter Nebel, nix gesehen von dem St\u00fcck Kammstra\u00dfe, die ich noch gefahren bin.<\/p>\n<p>Was den Darbo Nutella-Ersatz aus der Quetschflasche angeht &#8211; geht schon seit Tagen morgens kaum noch was raus, gestern Abend nachgewogen, m\u00fcssten noch heftige 70g drin sein&#8230; <a href=\"http:\/\/blog.inmontanis.info\/?p=11003\">[&#8230;]<\/a><\/p>\n","protected":false},"author":1,"featured_media":11005,"comment_status":"closed","ping_status":"closed","sticky":false,"template":"","format":"standard","meta":{"footnotes":""},"categories":[950,16,32,955,30],"tags":[36,45],"class_list":["post-11003","post","type-post","status-publish","format-standard","has-post-thumbnail","hentry","category-2025-09-2026-11-pyrenaen-uk-co","category-france","category-lostplaces","category-vogesen","category-wandern","tag-castle","tag-see","odd"],"_links":{"self":[{"href":"http:\/\/blog.inmontanis.info\/index.php?rest_route=\/wp\/v2\/posts\/11003","targetHints":{"allow":["GET"]}}],"collection":[{"href":"http:\/\/blog.inmontanis.info\/index.php?rest_route=\/wp\/v2\/posts"}],"about":[{"href":"http:\/\/blog.inmontanis.info\/index.php?rest_route=\/wp\/v2\/types\/post"}],"author":[{"embeddable":true,"href":"http:\/\/blog.inmontanis.info\/index.php?rest_route=\/wp\/v2\/users\/1"}],"replies":[{"embeddable":true,"href":"http:\/\/blog.inmontanis.info\/index.php?rest_route=%2Fwp%2Fv2%2Fcomments&post=11003"}],"version-history":[{"count":2,"href":"http:\/\/blog.inmontanis.info\/index.php?rest_route=\/wp\/v2\/posts\/11003\/revisions"}],"predecessor-version":[{"id":11006,"href":"http:\/\/blog.inmontanis.info\/index.php?rest_route=\/wp\/v2\/posts\/11003\/revisions\/11006"}],"wp:featuredmedia":[{"embeddable":true,"href":"http:\/\/blog.inmontanis.info\/index.php?rest_route=\/wp\/v2\/media\/11005"}],"wp:attachment":[{"href":"http:\/\/blog.inmontanis.info\/index.php?rest_route=%2Fwp%2Fv2%2Fmedia&parent=11003"}],"wp:term":[{"taxonomy":"category","embeddable":true,"href":"http:\/\/blog.inmontanis.info\/index.php?rest_route=%2Fwp%2Fv2%2Fcategories&post=11003"},{"taxonomy":"post_tag","embeddable":true,"href":"http:\/\/blog.inmontanis.info\/index.php?rest_route=%2Fwp%2Fv2%2Ftags&post=11003"}],"curies":[{"name":"wp","href":"https:\/\/api.w.org\/{rel}","templated":true}]}}