{"id":10999,"date":"2025-11-08T19:19:51","date_gmt":"2025-11-08T18:19:51","guid":{"rendered":"http:\/\/blog.inmontanis.info\/?p=10999"},"modified":"2025-11-21T19:51:10","modified_gmt":"2025-11-21T18:51:10","slug":"vogesen-hohneck-skigebiet-gipfelpano-inkl-alpen-8-11-2025","status":"publish","type":"post","link":"http:\/\/blog.inmontanis.info\/?p=10999","title":{"rendered":"Vogesen: Hohneck Skigebiet + Gipfelpano inkl. Alpen, 8.11.2025"},"content":{"rendered":"<p><strong>Sa, 8.11.2025<\/strong> &#8211; Teil 2<\/p>\n<p>Ich fuhr also vom Col de la Schlucht noch rein ins Skigebiet Hohneck und rauf auf den Gipfel. Sehr viele Autos schon unten, aber ich bekam auch oben einen Platz. Die Stra\u00dfe aber nicht so angenehm zu fahren. <\/p>\n<p>Dass ich hier 2017 schon einmal gewesen bin, h\u00e4tte ich nun wirklich nicht gedacht &#8211; aber ich hab Bilder in der Gallery. Aber diesmal ausf\u00fchrlicher.<\/p>\n<p>Dass ich ausgerechnet in den Vogesen zu Schneeresten kommen w\u00fcrde, h\u00e4tte ich auch nicht erwartet.<\/p>\n<p>Heute dachte ich erstmals auf dieser Reise daran, die IR-Cam einzustecken. Als ich damit sp\u00e4ter dann doch die Alpen erblickte, musste ich aber noch das Zoom-Objektiv dranschrauben.<\/p>\n<p><a href='http:\/\/ski.inmontanis.info\/d\/341452-2\/dsc00863.jpg'><img src=http:\/\/ski.inmontanis.info\/d\/341451-3\/dsc00863.jpg \/><\/a><br \/>\n^ Auffahrt zum Gipfelparkplatz &#8211; steil und unruhig<\/p>\n<p><a href='http:\/\/ski.inmontanis.info\/d\/341456-2\/dsc00869.jpg'><img src=http:\/\/ski.inmontanis.info\/d\/341455-3\/dsc00869.jpg \/><\/a><br \/>\n^ Parkplatz, Schneereste von vor einiger Zeit, als es anscheinend schon ordentlich hier geschneit hatte, und am Gipfel gegen\u00fcber die Bergstation vom obersten KSSL Kastelberg am gleichnamigen Berg. <\/p>\n<p><a href='http:\/\/ski.inmontanis.info\/d\/341460-2\/dsc00870.jpg'><img src=http:\/\/ski.inmontanis.info\/d\/341459-3\/dsc00870.jpg \/><\/a><br \/>\n^ Blick ins Skigebiet vom Hohneck, wo die Wohnmobile am KSSL stehen hab ich mich sp\u00e4ter auch hingestellt<\/p>\n<p><a href='http:\/\/ski.inmontanis.info\/d\/341464-2\/dsc00872.jpg'><img src=http:\/\/ski.inmontanis.info\/d\/341463-3\/dsc00872.jpg \/><\/a><br \/>\n^ Gipfelpano<\/p>\n<p><a href='http:\/\/ski.inmontanis.info\/d\/341468-2\/dsc00873.jpg'><img src=http:\/\/ski.inmontanis.info\/d\/341467-3\/dsc00873.jpg \/><\/a><br \/>\n^ Seepano<\/p>\n<p><a href='http:\/\/ski.inmontanis.info\/d\/341472-2\/dsc00876.jpg'><img src=http:\/\/ski.inmontanis.info\/d\/341471-3\/dsc00876.jpg \/><\/a><br \/>\n^ Gipfelpano<\/p>\n<p><a href='http:\/\/ski.inmontanis.info\/d\/341476-2\/dsc00879.jpg'><img src=http:\/\/ski.inmontanis.info\/d\/341475-3\/dsc00879.jpg \/><\/a><br \/>\n^ Zoompano<\/p>\n<p><a href='http:\/\/ski.inmontanis.info\/d\/341480-2\/dsc00880.jpg'><img src=http:\/\/ski.inmontanis.info\/d\/341479-3\/dsc00880.jpg \/><\/a><br \/>\n^ Gipfelpano (Nord, Vogesen)<\/p>\n<p><a href='http:\/\/ski.inmontanis.info\/d\/341484-2\/dsc05645.jpg'><img src=http:\/\/ski.inmontanis.info\/d\/341483-3\/dsc05645.jpg \/><\/a><br \/>\n^ IR-Pano<\/p>\n<p><a href='http:\/\/ski.inmontanis.info\/d\/341488-2\/dsc05646.jpg'><img src=http:\/\/ski.inmontanis.info\/d\/341487-3\/dsc05646.jpg \/><\/a><br \/>\n^ IR-Pano<\/p>\n<p><a href='http:\/\/ski.inmontanis.info\/d\/341492-2\/dsc00882.jpg'><img src=http:\/\/ski.inmontanis.info\/d\/341491-3\/dsc00882.jpg \/><\/a><br \/>\n^ Weitere Schneereste am steilen Bergkamm, KSSL-Bergstation in Bildmitte ein sch\u00f6nes St\u00fcck entfernt<\/p>\n<p><a href='http:\/\/ski.inmontanis.info\/d\/341496-2\/dsc00884.jpg'><img src=http:\/\/ski.inmontanis.info\/d\/341495-3\/dsc00884.jpg \/><\/a><br \/>\n^ Steiles Tal und &#8230;<\/p>\n<p><a href='http:\/\/ski.inmontanis.info\/d\/341500-2\/dsc00885.jpg'><img src=http:\/\/ski.inmontanis.info\/d\/341499-3\/dsc00885.jpg \/><\/a><br \/>\n^ .. das Skigebiet Schnepfenried<\/p>\n<p><a href='http:\/\/ski.inmontanis.info\/d\/341504-2\/dsc00890.jpg'><img src=http:\/\/ski.inmontanis.info\/d\/341503-3\/dsc00890.jpg \/><\/a><br \/>\n^ Pano in Richtung Rhein-Nebelmeer und dahinter Schwarzwald &#8230;.<\/p>\n<p><a href='http:\/\/ski.inmontanis.info\/d\/341508-2\/dsc05655.jpg'><img src=http:\/\/ski.inmontanis.info\/d\/341507-3\/dsc05655.jpg \/><\/a><br \/>\n^ .. aber mit der Infrarot-Cam sieht man das nat\u00fcrlich alles besser ;)<\/p>\n<p><a href='http:\/\/ski.inmontanis.info\/d\/341512-2\/dsc00894.jpg'><img src=http:\/\/ski.inmontanis.info\/d\/341511-3\/dsc00894.jpg \/><\/a><br \/>\n^ Nebelmeer-Pano<\/p>\n<p><a href='http:\/\/ski.inmontanis.info\/d\/341516-2\/dsc05649.jpg'><img src=http:\/\/ski.inmontanis.info\/d\/341515-3\/dsc05649.jpg \/><\/a><br \/>\n^ .. und wieder in IR<\/p>\n<p><a href='http:\/\/ski.inmontanis.info\/d\/341520-2\/dsc05651.jpg'><img src=http:\/\/ski.inmontanis.info\/d\/341519-3\/dsc05651.jpg \/><\/a><br \/>\n^ IR-Pano mit Schwarzwald<\/p>\n<p><a href='http:\/\/ski.inmontanis.info\/d\/341524-2\/dsc00895.jpg'><img src=http:\/\/ski.inmontanis.info\/d\/341523-3\/dsc00895.jpg \/><\/a><br \/>\n^ Gipfelplateau<\/p>\n<p><a href='http:\/\/ski.inmontanis.info\/d\/341528-2\/dsc00896.jpg'><img src=http:\/\/ski.inmontanis.info\/d\/341527-3\/dsc00896.jpg \/><\/a><br \/>\n^ Parkplatz am Gipfel<\/p>\n<p><a href='http:\/\/ski.inmontanis.info\/d\/341532-2\/dsc05675.jpg'><img src=http:\/\/ski.inmontanis.info\/d\/341531-3\/dsc05675.jpg \/><\/a><br \/>\n^ Da man die Alpen sehen sollte laut Tafel, hab ich die schwereren Gesch\u00fctze ausgefahren, IR-Zoom in die Alpen<\/p>\n<p><a href='http:\/\/ski.inmontanis.info\/d\/341536-2\/dsc05680.jpg'><img src=http:\/\/ski.inmontanis.info\/d\/341535-3\/dsc05680.jpg \/><\/a><br \/>\n^ IR-Pano in die Ebene<\/p>\n<p><a href='http:\/\/ski.inmontanis.info\/d\/341540-2\/dsc05683.jpg'><img src=http:\/\/ski.inmontanis.info\/d\/341539-3\/dsc05683.jpg \/><\/a><br \/>\n^ IR-Pano in die Alpen<\/p>\n<p><a href='http:\/\/ski.inmontanis.info\/d\/341544-2\/dsc05690.jpg'><img src=http:\/\/ski.inmontanis.info\/d\/341543-3\/dsc05690.jpg \/><\/a><br \/>\n^ IR-Zoom in die Alpen, rechts vom Chasseral stand Montblanc angeschrieben, w\u00e4ren dann ca. 250km<\/p>\n<p><a href='http:\/\/ski.inmontanis.info\/d\/341548-2\/dsc05698.jpg'><img src=http:\/\/ski.inmontanis.info\/d\/341547-3\/dsc05698.jpg \/><\/a><br \/>\n^ Vielleicht das Matterhorn<\/p>\n<p><a href='http:\/\/ski.inmontanis.info\/d\/341552-2\/dsc05701.jpg'><img src=http:\/\/ski.inmontanis.info\/d\/341551-3\/dsc05701.jpg \/><\/a><br \/>\n^ <\/p>\n<p><a href='http:\/\/ski.inmontanis.info\/d\/341556-2\/dsc05702.jpg'><img src=http:\/\/ski.inmontanis.info\/d\/341555-3\/dsc05702.jpg \/><\/a><br \/>\n^ Je weiter n\u00f6rdlich, desto besser war die Sicht auf die Alpengipfel<\/p>\n<p><a href='http:\/\/ski.inmontanis.info\/d\/341560-2\/dsc05704.jpg'><img src=http:\/\/ski.inmontanis.info\/d\/341559-3\/dsc05704.jpg \/><\/a><br \/>\n^ .. und hier sah man sogar eine gro\u00dfe Stadt im Dunst, keine Ahnung, vielleicht Basel?<\/p>\n<p>Der Parkplatz  an der KSSL-Bergstation direkt neben der Stra\u00dfe soll zum \u00dcbernachten geeignet sein &#8211;  jedenfalls im Hinblick auf eventuelle Nebelh\u00f6henabsch\u00e4tzungen morgen fr\u00fch mal sinnvoll, hier oben zu bleiben und jetzt noch einige Zeit Sonne zu tanken.<\/p>\n<p><a href='http:\/\/ski.inmontanis.info\/d\/341564-2\/dsc00901.jpg'><img src=http:\/\/ski.inmontanis.info\/d\/341563-3\/dsc00901.jpg \/><\/a><br \/>\n^ Pistenplan vom Skigebiet, schaut ordentlich gro\u00df aus<\/p>\n<p><a href='http:\/\/ski.inmontanis.info\/d\/341568-2\/dsc00904.jpg'><img src=http:\/\/ski.inmontanis.info\/d\/341567-3\/dsc00904.jpg \/><\/a><br \/>\n^ Bergstation KSSL Goulet 2<\/p>\n<p><a href='http:\/\/ski.inmontanis.info\/d\/341572-2\/dsc00902.jpg'><img src=http:\/\/ski.inmontanis.info\/d\/341571-3\/dsc00902.jpg \/><\/a><br \/>\n^ Blick von der Bergstation des Goulet-KSSL r\u00fcber zum Kastellberg-KSSL, sch\u00f6n weit weg<\/p>\n<p><a href='http:\/\/ski.inmontanis.info\/d\/341576-2\/dsc00905.jpg'><img src=http:\/\/ski.inmontanis.info\/d\/341575-3\/dsc00905.jpg \/><\/a><br \/>\n^ KSSL Goulet<\/p>\n<p><a href='http:\/\/ski.inmontanis.info\/d\/341580-2\/dsc00909.jpg'><img src=http:\/\/ski.inmontanis.info\/d\/341579-3\/dsc00909.jpg \/><\/a><br \/>\n^ Abfahrten<\/p>\n<p><a href='http:\/\/ski.inmontanis.info\/d\/341584-2\/dsc00911.jpg'><img src=http:\/\/ski.inmontanis.info\/d\/341583-3\/dsc00911.jpg \/><\/a><br \/>\n^ KSSL und 4SB Chitelet, neben Goulet<\/p>\n<p><a href='http:\/\/ski.inmontanis.info\/d\/341588-2\/dsc00912.jpg'><img src=http:\/\/ski.inmontanis.info\/d\/341587-3\/dsc00912.jpg \/><\/a><br \/>\n^ .. und Zoom zu einer KSB-Bergstation<\/p>\n<p><a href='http:\/\/ski.inmontanis.info\/d\/341592-2\/dsc00913.jpg'><img src=http:\/\/ski.inmontanis.info\/d\/341591-3\/dsc00913.jpg \/><\/a><br \/>\n^ 4SB La Lande und dahinter KSSL Kastelberg<\/p>\n<p><a href='http:\/\/ski.inmontanis.info\/d\/341596-2\/dsc00915.jpg'><img src=http:\/\/ski.inmontanis.info\/d\/341595-3\/dsc00915.jpg \/><\/a><br \/>\n^ 4SB La Lande und gegen\u00fcber Grand Artimot, der von hier aus und aus dem Tal erschlossen ist und dessen Abfahrten hier sehr steil ausschauen &#8211; sind aber im Plan nur Rot! Auch die Linke!<\/p>\n<p><a href='http:\/\/ski.inmontanis.info\/d\/341600-2\/dsc00917.jpg'><img src=http:\/\/ski.inmontanis.info\/d\/341599-3\/dsc00917.jpg \/><\/a><br \/>\n^ KSSL Goulet 1+2, dahinter Hohneck Gipfel, wo die Stra\u00dfe hinauff\u00fchrt<\/p>\n<p><a href='http:\/\/ski.inmontanis.info\/d\/341608-2\/ge-hohneck1.jpg'><img src=http:\/\/ski.inmontanis.info\/d\/341607-3\/ge-hohneck1.jpg \/><\/a><br \/>\n^ Hab mal die meisten Lifte ins GE-Satbild eingezeichnet<\/p>\n<p>Das Skigebiet schaut jedenfalls nett aus und k\u00f6nnte mir durchaus gefallen.<\/p>\n<p>Leider war nix mehr von wegen Sonne. Von meinem Tisch-Sitzplatz aus konnte ich den KSSL sehen &#8211; sofern nicht gerade ein Mann direkt vor meinem Fenster gepinkelt hat. H\u00e4tte eigentlich gedacht, der h\u00e4tte gecheckt, dass ich im Auto sitz und in welche Richtung ich schau &#8230;<\/p>\n<p><a href='http:\/\/ski.inmontanis.info\/d\/341604-2\/dsc00921.jpg'><img src=http:\/\/ski.inmontanis.info\/d\/341603-3\/dsc00921.jpg \/><\/a><br \/>\n^ Abendd\u00e4mmerung am KSSL Goulet 2<\/p>\n<p>Die morgige Nacht soll jetzt die k\u00e4lteste werden, danach wird wieder w\u00e4rmer gemeldet, tags\u00fcber k\u00f6nnte ich sogar nochmals 20\u00b0 bekommen. Somit w\u00e4re es schon sinnvoll, morgen Nacht einen Campingplatz mit Strom zu haben &#8211; auch wenn die kleine Batterie noch komplett voll ist.<\/p>\n<p>Schaut aber eher schlecht aus, entweder zu nah oder zu weit oder sonntags keine Rezeption offen oder schon Saisonende oder zu teuer oder oder &#8230;<\/p>\n<p>Rauchmelder ging heute schon um 22 Uhr los. Daher deaktiviert. <\/p>\n<p>&#8211;<\/p>\n<p><em>Kleine &#8220;aktuelle&#8221; Meldung, da ich ja derzeit mit den Berichten noch hinterher bin und ich diesen Bericht erst am 20.11. online stellte &#8211; heute erster Wintereinbruch bis runter ins Flachland, Schneefall schon morgens auf unter 300m nahe Roanne, abends auf 500-600m am Nordrand des Zentralmassivs dann Schnee auch auf den Stra\u00dfen.<\/em><\/p>\n<p><a href='http:\/\/extra.inmontanis.info\/d\/139286-2\/dsc02130.jpg'><img src=http:\/\/extra.inmontanis.info\/d\/139284-3\/dsc02130.jpg \/><\/a><br \/>\n^ Wintereinbruch am Nordrand des Massif Central am 20.11., Schneefall bis unter 300m, hier auf ca. 500-600m<\/p>\n<p><a href='http:\/\/extra.inmontanis.info\/d\/139290-2\/dsc02136.jpg'><img src=http:\/\/extra.inmontanis.info\/d\/139289-3\/dsc02136.jpg \/><\/a><br \/>\n^ Wintereinbruch am Nordrand des Massif Central am 20.11., hier auf ca. 500-600m<\/p>\n<p>.. die n\u00e4chsten Berichte kommen aber noch aus den Vogesen: Burgen, Aussichtsgipfel mit Alpenpano, LSAP, &#8230;<\/p>\n","protected":false},"excerpt":{"rendered":"<p>Sa, 8.11.2025 &#8211; Teil 2<\/p>\n<p>Ich fuhr also vom Col de la Schlucht noch rein ins Skigebiet Hohneck und rauf auf den Gipfel. Sehr viele Autos schon unten, aber ich bekam auch oben einen Platz. Die Stra\u00dfe aber nicht so angenehm zu fahren. <\/p>\n<p>Dass ich hier 2017 schon einmal gewesen bin, h\u00e4tte ich nun <a href=\"http:\/\/blog.inmontanis.info\/?p=10999\">[&#8230;]<\/a><\/p>\n","protected":false},"author":1,"featured_media":11002,"comment_status":"closed","ping_status":"closed","sticky":false,"template":"","format":"standard","meta":{"footnotes":""},"categories":[950,16,955],"tags":[49,90,48,77,45],"class_list":["post-10999","post","type-post","status-publish","format-standard","has-post-thumbnail","hentry","category-2025-09-2026-11-pyrenaen-uk-co","category-france","category-vogesen","tag-4sb","tag-infrarot","tag-kssl","tag-nebelmeer","tag-see","odd"],"_links":{"self":[{"href":"http:\/\/blog.inmontanis.info\/index.php?rest_route=\/wp\/v2\/posts\/10999","targetHints":{"allow":["GET"]}}],"collection":[{"href":"http:\/\/blog.inmontanis.info\/index.php?rest_route=\/wp\/v2\/posts"}],"about":[{"href":"http:\/\/blog.inmontanis.info\/index.php?rest_route=\/wp\/v2\/types\/post"}],"author":[{"embeddable":true,"href":"http:\/\/blog.inmontanis.info\/index.php?rest_route=\/wp\/v2\/users\/1"}],"replies":[{"embeddable":true,"href":"http:\/\/blog.inmontanis.info\/index.php?rest_route=%2Fwp%2Fv2%2Fcomments&post=10999"}],"version-history":[{"count":2,"href":"http:\/\/blog.inmontanis.info\/index.php?rest_route=\/wp\/v2\/posts\/10999\/revisions"}],"predecessor-version":[{"id":11001,"href":"http:\/\/blog.inmontanis.info\/index.php?rest_route=\/wp\/v2\/posts\/10999\/revisions\/11001"}],"wp:featuredmedia":[{"embeddable":true,"href":"http:\/\/blog.inmontanis.info\/index.php?rest_route=\/wp\/v2\/media\/11002"}],"wp:attachment":[{"href":"http:\/\/blog.inmontanis.info\/index.php?rest_route=%2Fwp%2Fv2%2Fmedia&parent=10999"}],"wp:term":[{"taxonomy":"category","embeddable":true,"href":"http:\/\/blog.inmontanis.info\/index.php?rest_route=%2Fwp%2Fv2%2Fcategories&post=10999"},{"taxonomy":"post_tag","embeddable":true,"href":"http:\/\/blog.inmontanis.info\/index.php?rest_route=%2Fwp%2Fv2%2Ftags&post=10999"}],"curies":[{"name":"wp","href":"https:\/\/api.w.org\/{rel}","templated":true}]}}