{"id":10996,"date":"2025-11-08T12:33:39","date_gmt":"2025-11-08T11:33:39","guid":{"rendered":"http:\/\/blog.inmontanis.info\/?p=10996"},"modified":"2025-11-19T18:43:28","modified_gmt":"2025-11-19T17:43:28","slug":"vogesen-5-burgen-ruinen-col-de-la-schlucht-8-11-2025","status":"publish","type":"post","link":"http:\/\/blog.inmontanis.info\/?p=10996","title":{"rendered":"Vogesen: 5 Burgen (Ruinen) + Col de la Schlucht, 8.11.2025"},"content":{"rendered":"<p><strong>Sa, 8.11.2025<\/strong> &#8211; Teil 1<\/p>\n<p>Kurz nach dem Aufstehen ging um 7:40 wieder der bl\u00f6de Feuermelder los. Diesmal steckte er anderswo, hat das also auch nix gebracht. <\/p>\n<p>Vielleicht verstaubt innen? Leider so komische  3-fl\u00fcgelige Y-Schrauben, f\u00fcr die ich nichts zum Aufschrauben hab. Dann halt wieder deaktivieren.<\/p>\n<p>Im n\u00e4chsten Ort zu einem kostenlosen WC gefahren, das man aber nicht verwenden kann. Schei\u00df moderne Technik. Kaum zieht man die Hose runter, geht die T\u00fcrverriegelung wieder auf, man wird  von hinten nass gespr\u00fcht (Soll den Toilettenrand reinigen) und der Boden wird dann auch noch bew\u00e4ssert. Hab mehrmals probiert, die T\u00fcr auf- \/ zuzumachen und war immer das selbe Verhalten. <\/p>\n<p>Es gibt im Ort noch einen weiteren Parkplatz mit solchen Toiletten, die funktionierte immerhin. Parkplatz erst ab 9 Uhr kostenpflichtig, passte auch.<\/p>\n<p><a href='http:\/\/extra.inmontanis.info\/d\/139016-2\/dsc00676.jpg'><img src=http:\/\/extra.inmontanis.info\/d\/139015-3\/dsc00676.jpg \/><\/a><br \/>\n^ Auffahrt zu den 5 Burgen, nun oberhalb des Nebels<\/p>\n<p>Um 9 Uhr kam ich am Parkplatz der 3 Burgen von Egisheim oberhalb vom Nebel an, die Stra\u00dfe der 5 Burgen hier hat von 15.11.  &#8211; 15.3. Wintersperre. Die 4.  Burg, Hohlandsbourg, ist kostenpflichtig und hatte nur bis 2.11. offen.  Mit der gestrigen Burg gibt&#8217;s hier oben aber sogar 6 Burgen.<\/p>\n<p>Leider oben Arbeiten und somit L\u00e4rm und Leute. Aber immerhin Nebelmeer \u00fcber&#8217;n Rheintal und der Nebel zog \u00fcbrigens flussabw\u00e4rts nach Norden.<\/p>\n<p><a href='http:\/\/extra.inmontanis.info\/d\/139020-2\/dsc00677.jpg'><img src=http:\/\/extra.inmontanis.info\/d\/139019-3\/dsc00677.jpg \/><\/a><br \/>\n^ L\u00f6schwasserbeh\u00e4lter am Parkplatz. Als ich zur\u00fcck kam, war die Feuerwehr da. Vielleicht wird das Wasser abgepumpt jetzt im Winter?<\/p>\n<p><a href='http:\/\/extra.inmontanis.info\/d\/139024-2\/dsc00678.jpg'><img src=http:\/\/extra.inmontanis.info\/d\/139023-3\/dsc00678.jpg \/><\/a><br \/>\n^ Die 3 nebeneinander gebauten Burgen<\/p>\n<p><a href='http:\/\/extra.inmontanis.info\/d\/139028-2\/dsc00680.jpg'><img src=http:\/\/extra.inmontanis.info\/d\/139027-3\/dsc00680.jpg \/><\/a><br \/>\n^ Die vorderste Burg<\/p>\n<p><a href='http:\/\/extra.inmontanis.info\/d\/139032-2\/dsc00682.jpg'><img src=http:\/\/extra.inmontanis.info\/d\/139031-3\/dsc00682.jpg \/><\/a><br \/>\n^ .. an der heute gearbeitet wird<\/p>\n<p><a href='http:\/\/extra.inmontanis.info\/d\/139036-2\/dsc00684.jpg'><img src=http:\/\/extra.inmontanis.info\/d\/139035-3\/dsc00684.jpg \/><\/a><br \/>\n^ Turm der ersten Burg ist innen hohl<\/p>\n<p><a href='http:\/\/extra.inmontanis.info\/d\/139040-2\/dsc00687.jpg'><img src=http:\/\/extra.inmontanis.info\/d\/139039-3\/dsc00687.jpg \/><\/a><br \/>\n^ Blick zur mittleren Burg<\/p>\n<p><a href='http:\/\/extra.inmontanis.info\/d\/139044-2\/dsc00691.jpg'><img src=http:\/\/extra.inmontanis.info\/d\/139043-3\/dsc00691.jpg \/><\/a><br \/>\n^ Pano mit Nebelmeer und dr\u00fcben der Schwarzwald<\/p>\n<p><a href='http:\/\/extra.inmontanis.info\/d\/139048-2\/dsc00693.jpg'><img src=http:\/\/extra.inmontanis.info\/d\/139047-3\/dsc00693.jpg \/><\/a><br \/>\n^ Pano mit Nebelmeer und dr\u00fcben der Schwarzwald<\/p>\n<p><a href='http:\/\/extra.inmontanis.info\/d\/139052-2\/dsc00699.jpg'><img src=http:\/\/extra.inmontanis.info\/d\/139051-3\/dsc00699.jpg \/><\/a><br \/>\n^ Pano mit Nebelmeer und dr\u00fcben der Schwarzwald<\/p>\n<p><a href='http:\/\/extra.inmontanis.info\/d\/139056-2\/dsc00704.jpg'><img src=http:\/\/extra.inmontanis.info\/d\/139055-3\/dsc00704.jpg \/><\/a><br \/>\n^ Pano mit Nebelmeer und dr\u00fcben der Schwarzwald<\/p>\n<p><a href='http:\/\/extra.inmontanis.info\/d\/139060-2\/dsc00710.jpg'><img src=http:\/\/extra.inmontanis.info\/d\/139059-3\/dsc00710.jpg \/><\/a><br \/>\n^ Hier soll man die Alpen sehen k\u00f6nnen &#8211; heute aber nicht<\/p>\n<p><a href='http:\/\/extra.inmontanis.info\/d\/139064-2\/dsc00713.jpg'><img src=http:\/\/extra.inmontanis.info\/d\/139063-3\/dsc00713.jpg \/><\/a><br \/>\n^ Mittlere Burg<\/p>\n<p><a href='http:\/\/extra.inmontanis.info\/d\/139068-2\/dsc00718.jpg'><img src=http:\/\/extra.inmontanis.info\/d\/139067-3\/dsc00718.jpg \/><\/a><br \/>\n^ Letzte Burg<\/p>\n<p><a href='http:\/\/extra.inmontanis.info\/d\/139072-2\/dsc00719.jpg'><img src=http:\/\/extra.inmontanis.info\/d\/139071-3\/dsc00719.jpg \/><\/a><br \/>\n^ .. und Blick zu Burg Hohlandsbourg, die vierte der f\u00fcnf Burgen auf dieser Stra\u00dfe &#8211; die gestrige k\u00f6nnte man als 6. auch dazu z\u00e4hlen, m\u00fcsste aber ein St\u00fcck weiter gehen<\/p>\n<p><a href='http:\/\/extra.inmontanis.info\/d\/139076-2\/dsc00723.jpg'><img src=http:\/\/extra.inmontanis.info\/d\/139075-3\/dsc00723.jpg \/><\/a><br \/>\n^ Letzte Burg<\/p>\n<p><a href='http:\/\/extra.inmontanis.info\/d\/139080-2\/dsc00727.jpg'><img src=http:\/\/extra.inmontanis.info\/d\/139079-3\/dsc00727.jpg \/><\/a><br \/>\n^ Die Wand steht noch recht hoch<\/p>\n<p><a href='http:\/\/extra.inmontanis.info\/d\/139084-2\/dsc00729.jpg'><img src=http:\/\/extra.inmontanis.info\/d\/139083-3\/dsc00729.jpg \/><\/a><br \/>\n^ Hinterstes Ende<\/p>\n<p><a href='http:\/\/extra.inmontanis.info\/d\/139088-2\/dsc00734.jpg'><img src=http:\/\/extra.inmontanis.info\/d\/139087-3\/dsc00734.jpg \/><\/a><br \/>\n^ .. und Pano in n\u00f6rdliche Richtung<\/p>\n<p><a href='http:\/\/extra.inmontanis.info\/d\/139092-2\/dsc00736.jpg'><img src=http:\/\/extra.inmontanis.info\/d\/139091-3\/dsc00736.jpg \/><\/a><br \/>\n^ Seilwinde, warum auch immer hier und von wann<\/p>\n<p><a href='http:\/\/extra.inmontanis.info\/d\/139096-2\/dsc00739.jpg'><img src=http:\/\/extra.inmontanis.info\/d\/139095-3\/dsc00739.jpg \/><\/a><br \/>\n^ Blick von der hintersten zur mittleren Burg<\/p>\n<p><a href='http:\/\/extra.inmontanis.info\/d\/139100-2\/dsc00743.jpg'><img src=http:\/\/extra.inmontanis.info\/d\/139099-3\/dsc00743.jpg \/><\/a><br \/>\n^ <\/p>\n<p><a href='http:\/\/extra.inmontanis.info\/d\/139104-2\/dsc00744.jpg'><img src=http:\/\/extra.inmontanis.info\/d\/139103-3\/dsc00744.jpg \/><\/a><br \/>\n^ Am Turm der mittleren Burg ist so ein Holzbalkon, der nicht so alt aussieht wie die Burg &#8211; aber eigenartigerweise hab ich keinen Eingang in den Turm gesehen?!<\/p>\n<p><a href='http:\/\/extra.inmontanis.info\/d\/139108-2\/dsc00745.jpg'><img src=http:\/\/extra.inmontanis.info\/d\/139107-3\/dsc00745.jpg \/><\/a><br \/>\n^ Mittlere Burg<\/p>\n<p><a href='http:\/\/extra.inmontanis.info\/d\/139112-2\/dsc00746.jpg'><img src=http:\/\/extra.inmontanis.info\/d\/139111-3\/dsc00746.jpg \/><\/a><br \/>\n^ Mittlere Burg<\/p>\n<p><a href='http:\/\/extra.inmontanis.info\/d\/139116-2\/dsc00748.jpg'><img src=http:\/\/extra.inmontanis.info\/d\/139115-3\/dsc00748.jpg \/><\/a><br \/>\n^ Vordere Burg mit ihrem Turm<\/p>\n<p><a href='http:\/\/extra.inmontanis.info\/d\/139120-2\/dsc00756.jpg'><img src=http:\/\/extra.inmontanis.info\/d\/139119-3\/dsc00756.jpg \/><\/a><br \/>\n^ R\u00fcckseite<\/p>\n<p><a href='http:\/\/extra.inmontanis.info\/d\/139124-2\/dsc00752.jpg'><img src=http:\/\/extra.inmontanis.info\/d\/139123-3\/dsc00752.jpg \/><\/a><br \/>\n^ Turm der mittleren Burg mit dem Balkon &#8211; hier gibts zwar einen Zugang, aber das war wohl nicht der offizielle.<\/p>\n<p>Nach 1h wieder am Parkplatz, war die Feuerwehr hier an ihrem L\u00f6schwasserbeh\u00e4lter! Weiter die Stra\u00dfe zur Hohlandsbourg.<\/p>\n<p><a href='http:\/\/extra.inmontanis.info\/d\/139128-2\/dsc00760.jpg'><img src=http:\/\/extra.inmontanis.info\/d\/139127-3\/dsc00760.jpg \/><\/a><br \/>\n^ Stra\u00dfenverlauf weiter nach Norden zur &#8230;<\/p>\n<p><a href='http:\/\/extra.inmontanis.info\/d\/139132-2\/dsc00763.jpg'><img src=http:\/\/extra.inmontanis.info\/d\/139131-3\/dsc00763.jpg \/><\/a><br \/>\n^ Hohlandsbourg, macht erst am 4.4.2026 wieder auf<\/p>\n<p>Bullshit Goolge-Android mal wieder.. Hat die Funktion &#8220;Standortgenauigkeit verbessern&#8221;, die man manchmal leider aktivieren muss. Das hat mir in den letzten Tagen oder Wochen aber den Standort stets verschlechtert, gerade wieder, mitten in M\u00fcnster solte ich sein. &#8220;Genauigkeit verbessern&#8221; ausgeschaltet, damit es nur noch \u00fcber GPS geht, und siehe da, pl\u00f6tzlich korrekter Standort, trotz im Auto mitten im Wald, da gab es gerade wohl eher keinen GPS-Empfang.<\/p>\n<p>&#128681; Gespeicherte Geolocation &#8211; Karte anzeigen: <a href='https:\/\/www.google.com\/maps\/@?api=1&#038;map_action=map&#038;center=48.0578783,7.26761&#038;zoom=12&#038;basemap=terrain' target=_blank> GoogleMaps<\/a> &#128681; <a href='https:\/\/www.openstreetmap.org\/?&#038;mlat=48.0578783&#038;mlon=7.26761#map=10\/48.0578783\/7.26761&#038;layers=P' target=_blank> OSM &#128681;<\/a><\/p>\n<p>Oben in der Sonne an der Burg h\u00e4tte mir schon wider ein Kurzarm-Shirt gereicht.<\/p>\n<p><a href='http:\/\/extra.inmontanis.info\/d\/139136-2\/dsc00765.jpg'><img src=http:\/\/extra.inmontanis.info\/d\/139135-3\/dsc00765.jpg \/><\/a><br \/>\n^ Hohlandsbourg, der Parkplatz hier oben ist f\u00fcr Behinderte bzw. sonstig Berechtigte reserviert, sp\u00e4ter fuhr sogar eine Polizei rauf<\/p>\n<p><a href='http:\/\/extra.inmontanis.info\/d\/139140-2\/dsc00769.jpg'><img src=http:\/\/extra.inmontanis.info\/d\/139139-3\/dsc00769.jpg \/><\/a><br \/>\n^ Nebelmeerpano auch von hier aus<\/p>\n<p><a href='http:\/\/extra.inmontanis.info\/d\/139144-2\/dsc00773.jpg'><img src=http:\/\/extra.inmontanis.info\/d\/139143-3\/dsc00773.jpg \/><\/a><br \/>\n^ .. und eine andere Burg im Zoom<\/p>\n<p><a href='http:\/\/extra.inmontanis.info\/d\/139148-2\/dsc00775.jpg'><img src=http:\/\/extra.inmontanis.info\/d\/139147-3\/dsc00775.jpg \/><\/a><br \/>\n^ Nebelmeerpano und Schwarzwaldblick auch von hier aus, aber eher in n\u00f6rdliche Richtung<\/p>\n<p><a href='http:\/\/extra.inmontanis.info\/d\/139152-2\/dsc00778.jpg'><img src=http:\/\/extra.inmontanis.info\/d\/139151-3\/dsc00778.jpg \/><\/a><br \/>\n^ Hohlandsbourg Plan<\/p>\n<p><a href='http:\/\/extra.inmontanis.info\/d\/139156-2\/dsc00780.jpg'><img src=http:\/\/extra.inmontanis.info\/d\/139155-3\/dsc00780.jpg \/><\/a><br \/>\n^ Blick ins Innere der Burg. Da hat man in so ein altes Gem\u00e4uer so einen modernen Bau setzen m\u00fcssen&#8230;<\/p>\n<p><a href='http:\/\/extra.inmontanis.info\/d\/139160-2\/dsc00781.jpg'><img src=http:\/\/extra.inmontanis.info\/d\/139159-3\/dsc00781.jpg \/><\/a><br \/>\n^ <\/p>\n<p><a href='http:\/\/extra.inmontanis.info\/d\/139164-2\/dsc00785.jpg'><img src=http:\/\/extra.inmontanis.info\/d\/139163-3\/dsc00785.jpg \/><\/a><br \/>\n^ Nebelmeer bis zum Schwarzwald<\/p>\n<p><a href='http:\/\/extra.inmontanis.info\/d\/139168-2\/dsc00790.jpg'><img src=http:\/\/extra.inmontanis.info\/d\/139167-3\/dsc00790.jpg \/><\/a><br \/>\n^ Eingang<\/p>\n<p><a href='http:\/\/extra.inmontanis.info\/d\/139172-2\/dsc00792.jpg'><img src=http:\/\/extra.inmontanis.info\/d\/139171-3\/dsc00792.jpg \/><\/a><br \/>\n^ Man kann um die Burg herum gehen und hat dann auch einen Blick in den S\u00fcden &#8230;<\/p>\n<p><a href='http:\/\/extra.inmontanis.info\/d\/139176-2\/dsc00793.jpg'><img src=http:\/\/extra.inmontanis.info\/d\/139175-3\/dsc00793.jpg \/><\/a><br \/>\n^ .. und auch zu den 3 Burgen von vorhin. Die gestern besuchte Burg ist also auch heute im Nebel.<\/p>\n<p><a href='http:\/\/extra.inmontanis.info\/d\/139180-2\/dsc00796.jpg'><img src=http:\/\/extra.inmontanis.info\/d\/139179-3\/dsc00796.jpg \/><\/a><br \/>\n^ Weg um Hohlandsbourg herum<\/p>\n<p><a href='http:\/\/extra.inmontanis.info\/d\/139184-2\/dsc00799.jpg'><img src=http:\/\/extra.inmontanis.info\/d\/139183-3\/dsc00799.jpg \/><\/a><br \/>\n^ Weg um Hohlandsbourg herum<\/p>\n<p><a href='http:\/\/extra.inmontanis.info\/d\/139188-2\/dsc00800.jpg'><img src=http:\/\/extra.inmontanis.info\/d\/139187-3\/dsc00800.jpg \/><\/a><br \/>\n^ hier konnte man mal wieder ins Innere schauen<\/p>\n<p><a href='http:\/\/extra.inmontanis.info\/d\/139192-2\/dsc00801.jpg'><img src=http:\/\/extra.inmontanis.info\/d\/139191-3\/dsc00801.jpg \/><\/a><br \/>\n^ Weg um Hohlandsbourg herum<\/p>\n<p><a href='http:\/\/extra.inmontanis.info\/d\/139196-2\/dsc00805.jpg'><img src=http:\/\/extra.inmontanis.info\/d\/139195-3\/dsc00805.jpg \/><\/a><br \/>\n^ Weg um Hohlandsbourg herum<\/p>\n<p>Morgen soll es nicht mehr so sonnig werden, d.h. wenn ich Hohneck noch rauffahren wollen sollte (und die Stra\u00dfe rauf zum Gipfel noch offen sein sollte), sollte ich das wohl doch besser heute machen, mit all seinen Nachteilen&#8230; <\/p>\n<p>Zur Pflixbourg musste ich ein St\u00fcck runter in den Nebel fahren, von Sommerw\u00e4rme zu Winterk\u00e4lte. Als ich nach einer kurzen Wanderung oben an den Ruinen ankam, machte gerade eine Seniorengruppe Feierabend, die hier g\u00e4rtnerte.<\/p>\n<p>Von den 6 Burgen d\u00fcrfte die hier die unlohnenswerteste sein.<\/p>\n<p><a href='http:\/\/extra.inmontanis.info\/d\/139200-2\/dsc00808.jpg'><img src=http:\/\/extra.inmontanis.info\/d\/139199-3\/dsc00808.jpg \/><\/a><br \/>\n^ Weg zur 5. Burg, Pflixbourg, wieder im Nebel. Der lichte Wald hier w\u00fcrde mir zum Skifahren gefallen ;)<\/p>\n<p><a href='http:\/\/extra.inmontanis.info\/d\/139204-2\/dsc00810.jpg'><img src=http:\/\/extra.inmontanis.info\/d\/139203-3\/dsc00810.jpg \/><\/a><br \/>\n^ Pflixbourg<\/p>\n<p><a href='http:\/\/extra.inmontanis.info\/d\/139208-2\/dsc00823.jpg'><img src=http:\/\/extra.inmontanis.info\/d\/139207-3\/dsc00823.jpg \/><\/a><br \/>\n^ Pflixbourg<\/p>\n<p><a href='http:\/\/extra.inmontanis.info\/d\/139212-2\/dsc00815.jpg'><img src=http:\/\/extra.inmontanis.info\/d\/139211-3\/dsc00815.jpg \/><\/a><br \/>\n^ Pflixbourg<\/p>\n<p><a href='http:\/\/extra.inmontanis.info\/d\/139216-2\/dsc00816.jpg'><img src=http:\/\/extra.inmontanis.info\/d\/139215-3\/dsc00816.jpg \/><\/a><br \/>\n^ Pflixbourg<\/p>\n<p><a href='http:\/\/extra.inmontanis.info\/d\/139220-2\/dsc00817.jpg'><img src=http:\/\/extra.inmontanis.info\/d\/139219-3\/dsc00817.jpg \/><\/a><br \/>\n^ <\/p>\n<p><a href='http:\/\/extra.inmontanis.info\/d\/139224-2\/dsc00818.jpg'><img src=http:\/\/extra.inmontanis.info\/d\/139223-3\/dsc00818.jpg \/><\/a><br \/>\n^ <\/p>\n<p><a href='http:\/\/extra.inmontanis.info\/d\/139228-2\/dsc00821.jpg'><img src=http:\/\/extra.inmontanis.info\/d\/139227-3\/dsc00821.jpg \/><\/a><br \/>\n^ <\/p>\n<p>Interessanterweise sind viele Orts- und Flurnamen hier nach wie vor in Deutsch (..bach, ..heim, ..berg), hat man also nicht so rigoros umbenannt wie in Italien.<\/p>\n<p>Kaum aus dem Nebel wieder raus und rauf zum col de la schlucht gab es auch schon dunkle Wolken. Soll ich da heut noch Hohneck machen?<\/p>\n<p>Hielt daher erst einmal hier am Parkplatz, wo es quasi eine Kreuzung in alle 4 Richtungen gibt (die Kammstra\u00dfe verl\u00e4uft Nord-S\u00fcd) und wo man auch \u00fcbernachten k\u00f6nnte.<\/p>\n<p><a href='http:\/\/extra.inmontanis.info\/d\/139232-2\/dsc00827.jpg'><img src=http:\/\/extra.inmontanis.info\/d\/139231-3\/dsc00827.jpg \/><\/a><br \/>\n^ Weiter geht&#8217;s hinauf  zum Col de la Schlucht<\/p>\n<p><a href='http:\/\/extra.inmontanis.info\/d\/139236-2\/dsc00829.jpg'><img src=http:\/\/extra.inmontanis.info\/d\/139235-3\/dsc00829.jpg \/><\/a><br \/>\n^ Seitenblick von der Stra\u00dfe hinauf zum Schlucht-Pass<\/p>\n<p><a href='http:\/\/extra.inmontanis.info\/d\/139240-2\/dsc00832.jpg'><img src=http:\/\/extra.inmontanis.info\/d\/139239-3\/dsc00832.jpg \/><\/a><br \/>\n^ Von der Stra\u00dfe rauf zum Col de la Schlucht kann man anscheinend zu einen Teil des Skigebiets Gaschney blicken<\/p>\n<p><a href='http:\/\/extra.inmontanis.info\/d\/139244-2\/dsc00836.jpg'><img src=http:\/\/extra.inmontanis.info\/d\/139243-3\/dsc00836.jpg \/><\/a><br \/>\n^ Col de la Schlucht, kurz vorm Pass<\/p>\n<p><a href='http:\/\/extra.inmontanis.info\/d\/139248-2\/dsc00838.jpg'><img src=http:\/\/extra.inmontanis.info\/d\/139247-3\/dsc00838.jpg \/><\/a><br \/>\n^ .. von hier aus hat man ein besseres Pano als vom Pass oben<\/p>\n<p><a href='http:\/\/extra.inmontanis.info\/d\/139252-2\/dsc00839.jpg'><img src=http:\/\/extra.inmontanis.info\/d\/139251-3\/dsc00839.jpg \/><\/a><br \/>\n^ Col de la Schlucht<\/p>\n<p><a href='http:\/\/extra.inmontanis.info\/d\/139256-2\/dsc00840.jpg'><img src=http:\/\/extra.inmontanis.info\/d\/139255-3\/dsc00840.jpg \/><\/a><br \/>\n^ Skigebiet am Col de la Schlucht &#8211; ist wohl nur etwas f\u00fcr Anf\u00e4nger.<\/p>\n<p><a href='http:\/\/extra.inmontanis.info\/d\/139260-2\/dsc00844.jpg'><img src=http:\/\/extra.inmontanis.info\/d\/139259-3\/dsc00844.jpg \/><\/a><br \/>\n^ Pano vom Pass &#8211; war vielleicht mal fr\u00fcher besser, bevor alles so bewaldet war<\/p>\n<p><a href='http:\/\/extra.inmontanis.info\/d\/139264-2\/dsc00845.jpg'><img src=http:\/\/extra.inmontanis.info\/d\/139263-3\/dsc00845.jpg \/><\/a><br \/>\n^ immerhin kann man noch bis zum Schwarzwald blicken<\/p>\n<p><a href='http:\/\/extra.inmontanis.info\/d\/139268-2\/dsc00847.jpg'><img src=http:\/\/extra.inmontanis.info\/d\/139267-3\/dsc00847.jpg \/><\/a><br \/>\n^ Vogesen &#8211; Infotafel, im Norden in Deutschland hei\u00dft es dann Pf\u00e4lzer Wald. Ich befinde mich an dem etwas gr\u00f6\u00dferen roten Pin an der Oberkante des unteren Drittels, die Stadt rechts unterhalb des schmalen St\u00fccks oben ist Stra\u00dfburg<\/p>\n<p><a href='http:\/\/extra.inmontanis.info\/d\/139272-2\/dsc00850.jpg'><img src=http:\/\/extra.inmontanis.info\/d\/139271-3\/dsc00850.jpg \/><\/a><br \/>\n^ S\u00fcdlich von mir gibts einen Berg und ein Skigebiet, das den ulkigen Namen Schlumpf hat ;)<\/p>\n<p><a href='http:\/\/extra.inmontanis.info\/d\/139276-2\/dsc00852.jpg'><img src=http:\/\/extra.inmontanis.info\/d\/139275-3\/dsc00852.jpg \/><\/a><br \/>\n^ Auf einer anderen Karte entdeckte ich das im S\u00fcden der Vogesen:  Karpfen!! Leider etwas vergessen, da sofort nach zu sehen, ob es auch Restaurants gibt (ja, gibt es!)<\/p>\n<p><a href='http:\/\/extra.inmontanis.info\/d\/139280-2\/dsc00853.jpg'><img src=http:\/\/extra.inmontanis.info\/d\/139279-3\/dsc00853.jpg \/><\/a><br \/>\n^ Das unlohnenswerte Skigebiet am Col de la Schlucht. Da gibt&#8217;s wesentlich interessantere Gebiete in den Vogesen.<\/p>\n<p>Ich fuhr noch weiter zum Hohneck auf den Gipfel, aber die Bilder vom Gipfel und aus dem Skigebiet gibt&#8217;s im n\u00e4chsten Bericht.<\/p>\n","protected":false},"excerpt":{"rendered":"<p>Sa, 8.11.2025 &#8211; Teil 1<\/p>\n<p>Kurz nach dem Aufstehen ging um 7:40 wieder der bl\u00f6de Feuermelder los. Diesmal steckte er anderswo, hat das also auch nix gebracht. <\/p>\n<p>Vielleicht verstaubt innen? Leider so komische 3-fl\u00fcgelige Y-Schrauben, f\u00fcr die ich nichts zum Aufschrauben hab. Dann halt wieder deaktivieren.<\/p>\n<p>Im n\u00e4chsten Ort zu einem kostenlosen WC gefahren, <a href=\"http:\/\/blog.inmontanis.info\/?p=10996\">[&#8230;]<\/a><\/p>\n","protected":false},"author":1,"featured_media":10998,"comment_status":"closed","ping_status":"closed","sticky":false,"template":"","format":"standard","meta":{"footnotes":""},"categories":[950,16,32,955,30],"tags":[36,77],"class_list":["post-10996","post","type-post","status-publish","format-standard","has-post-thumbnail","hentry","category-2025-09-2026-11-pyrenaen-uk-co","category-france","category-lostplaces","category-vogesen","category-wandern","tag-castle","tag-nebelmeer","odd"],"_links":{"self":[{"href":"http:\/\/blog.inmontanis.info\/index.php?rest_route=\/wp\/v2\/posts\/10996","targetHints":{"allow":["GET"]}}],"collection":[{"href":"http:\/\/blog.inmontanis.info\/index.php?rest_route=\/wp\/v2\/posts"}],"about":[{"href":"http:\/\/blog.inmontanis.info\/index.php?rest_route=\/wp\/v2\/types\/post"}],"author":[{"embeddable":true,"href":"http:\/\/blog.inmontanis.info\/index.php?rest_route=\/wp\/v2\/users\/1"}],"replies":[{"embeddable":true,"href":"http:\/\/blog.inmontanis.info\/index.php?rest_route=%2Fwp%2Fv2%2Fcomments&post=10996"}],"version-history":[{"count":1,"href":"http:\/\/blog.inmontanis.info\/index.php?rest_route=\/wp\/v2\/posts\/10996\/revisions"}],"predecessor-version":[{"id":10997,"href":"http:\/\/blog.inmontanis.info\/index.php?rest_route=\/wp\/v2\/posts\/10996\/revisions\/10997"}],"wp:featuredmedia":[{"embeddable":true,"href":"http:\/\/blog.inmontanis.info\/index.php?rest_route=\/wp\/v2\/media\/10998"}],"wp:attachment":[{"href":"http:\/\/blog.inmontanis.info\/index.php?rest_route=%2Fwp%2Fv2%2Fmedia&parent=10996"}],"wp:term":[{"taxonomy":"category","embeddable":true,"href":"http:\/\/blog.inmontanis.info\/index.php?rest_route=%2Fwp%2Fv2%2Fcategories&post=10996"},{"taxonomy":"post_tag","embeddable":true,"href":"http:\/\/blog.inmontanis.info\/index.php?rest_route=%2Fwp%2Fv2%2Ftags&post=10996"}],"curies":[{"name":"wp","href":"https:\/\/api.w.org\/{rel}","templated":true}]}}