{"id":10992,"date":"2025-11-07T19:58:37","date_gmt":"2025-11-07T18:58:37","guid":{"rendered":"http:\/\/blog.inmontanis.info\/?p=10992"},"modified":"2025-11-18T20:17:07","modified_gmt":"2025-11-18T19:17:07","slug":"um-freiburg-und-colmar-streckepoi-bisher-6-7-11-2025","status":"publish","type":"post","link":"http:\/\/blog.inmontanis.info\/?p=10992","title":{"rendered":"Um Freiburg und Colmar \/ Strecke+POI bisher, 6.-7.11.2025"},"content":{"rendered":"<p><strong>Do, 6.11.2025<\/strong><\/p>\n<p>Heut schon das 2. Mal innerhalb weniger Tage, dass sich mein Rauchmelder morgens zwischen 6 und 7 Uhr f\u00e4lschlicherweise einschaltete. Mag an Kondenswasser liegen, hat er aber doch sonst ncht gemacht?! Hatte ich vor 2 Jahren gekauft, weil ich den anderen vergessen hatte, hat aber eine ca. 10-Jahres-Batterie und war eh ausgeschaltet, wenn ich im Sommer nicht im Auto schlief.<\/p>\n<p>9\u00b0 morgens sind aber auch eine bl\u00f6de Temperatur, zu kalt f\u00fcr ohne Standheizung, aber fast zu unlohnenswert, sie einzuschalten, weil ich morgens aus dem warmen Bett kommend 12-15\u00b0 f\u00fcr ein halbes St\u00fcndchen reichen.<\/p>\n<p>Winterkleidung lohnt sich auch noch nicht, wenn&#8217;s tasgf\u00fcber 15\u00b0 und sonnig wird, da k\u00f6nnte man noch Kurzarmshirt tragen. <\/p>\n<p>Ab 8 Uhr war ein Bl\u00e4tterbl\u00e4ser am Parkplatz hier in Waldkirch unterwegs, man sah auch kaum noch den Boden darunter. Das sind dann ganz sch\u00f6ne Berge, wohin damit?<\/p>\n<p>Ahja, ein Saugfahrzeug war auch noch da. War aber eher ein normaler Stra\u00dfenreinigungs-LKW und der musste immer mehrmals hin und her fahren, um alles aufgesaugt zu bekommen, 2 Bl\u00e4ser und der LKW-Fahrer waren im Einsatz. Dauerte stundenlang und machte entsprechend L\u00e4rm. W\u00e4r vmtl. schneller gegangen, wenn die ihr Laub zu ihrem Kipper geblasen und dort mit, keine Ahnung, gro\u00dfen Schaufeln verladen h\u00e4tten?!<\/p>\n<p><a href='http:\/\/extra.inmontanis.info\/d\/138830-2\/dsc00584.jpg'><img src=http:\/\/extra.inmontanis.info\/d\/138829-3\/dsc00584.jpg \/><\/a><br \/>\n^ Zwischen Stellplatz und See gibts hier in Waldkirch noch einen Minigolfplatz, k\u00f6nnte man gratis spielen ..<\/p>\n<p><a href='http:\/\/extra.inmontanis.info\/d\/138834-2\/dsc00585.jpg'><img src=http:\/\/extra.inmontanis.info\/d\/138833-3\/dsc00585.jpg \/><\/a><br \/>\n^ .. aber man m\u00fcsste erst einmal die Bahnen sauber machen ;)<\/p>\n<p>In Freiburg hielt ich an einem Handyreparaturladen, der laut Website noch an meinem iPhone 5S  den Akku tauschen k\u00f6nnte, ja, Batterie ist da, 49 \u20ac, ca. 1 h soll es dauern. Also im Auto gewartet, hab ja eh noch keine Pl\u00e4ne f\u00fcr danach, au\u00dfer noch einen Kaufland anzufahren. <\/p>\n<p>Mein Red-Handy l\u00e4uft zwar jetzt absturzfrei, somit ich dort auch weiterhin die Skigebiete tracken kann, aber weil er ja schon etwas aufgebl\u00e4ht ist, ist der Akkutausch am iPhone wohl trotzdem sinnvoll. Irgendwann wollte ich da auch mal noch ein paar Spiele fertig spielen&#8230;<\/p>\n<p>Kleiner Balkanmarkt nebendran, hatte aber nichts, was ich h\u00e4tte kaufen wollen. Burger King auch nebendran, aber auch  der..  Naja, Churros h\u00e4tte es gegeben, aber f\u00fcr \u00fcber 4 \u20ac konnte ich mich doch nicht durchringen. Wei\u00df zwar nicht, was die jetzt beim Quick in Frankreich kosten &#8230;<\/p>\n<p>Nur noch weniger als 1100km nach Luz, falls ich dort erst (aber wenigstens) am 29.11.  die Skisaison starten k\u00f6nnte &#8211; w\u00e4ren also 22 Tage oder weniger als 50km pro Tag &#8211; sofern nicht 1 Woche vorher ein Skigebiet irgendwo \u00f6ffnen kann &#8211;  das darf dann aber nicht zu einem Saisonpass geh\u00f6ren, den ich in einem anderen Gebiet abholen muss &#8230;<\/p>\n<p>Ein kleiner Umweg in die Vogesen k\u00f6nnte daher sinnvoll sein, auch, weil man dadurch den Gro\u00dfraum Besan\u00e7on umfahren k\u00f6nnte.<\/p>\n<p>IPhone wieder erhalten, der Akku d\u00fcrfte auch schon lang im Lager gewesen sein &#8211; 16% hatte er bei \u00dcbergabe. Und da k\u00f6nnte er ja schon etwas geladen worden sein .. mal gespannt, ob der l\u00e4nger h\u00e4lt als mein alter.<\/p>\n<p>Bl\u00f6derweise hab ich gestern eine Nicht-Pfandflasche zusammengekn\u00fcllt und weggeschmissen &#8211; heute mit einer anderen getestet, die &#8220;Banderole&#8221; von der Pinkelflasche runter und auf eine andere Nicht-Pfandflasche drauf, wurde vom Automaten als Pfandflasche erkannt. Hab aber jetzt keine leere pfandfreie Flasche mehr f\u00fcr diesen Kleber der 2. Pinkelflasche.<\/p>\n<p>Zum Abschluss in deutschen Superm\u00e4rkten heute noch 1 Frau mit Maske beim Einkaufen gesehen .. und in Frankreich die n\u00e4chsten Wochen ebensolche Leute.<\/p>\n<p>War dann noch ein ziemlich gro\u00dfer Einkauf f\u00fcr unterwegs &#8230; Lebkuchen-Herzen&#038;Co, 2x Wetzel Oblaten (verschiedene), Darbo Nutella-Alternativ-Tube (Erdbeersauce nicht gesehen),  4 Semmeln, 2 Brezen (werd ich vermissen um den Preis die n\u00e4chsten Monate), 2 Franzbr\u00f6tchen (gibt&#8217;s die wohl  Deutschlandweit?), 2x Bonbons, 2x gek\u00fchlte Fertiggerichte (Kraut-Schupfnudeln, Hacksteak\/Kartoffelbrei), 1x TK-D\u00f6nerpizza (f\u00fcr also heute Abend) und noch paar kleine Sachen.<\/p>\n<p>Die Tankstelle hier am Supermarkt ist mit 1,639 etwas teurer als eine, die ich zuvor wo gesehen hab, aber wenigstens Automatentankstelle wie in Skandinavien (und Frankreich). <\/p>\n<p>Am gew\u00e4hlten Nachtplatz noch eine kleine Aussichtswanderung gemacht:<\/p>\n<p><a href='http:\/\/extra.inmontanis.info\/d\/138932-2\/dsc00589.jpg'><img src=http:\/\/extra.inmontanis.info\/d\/138931-3\/dsc00589.jpg \/><\/a><br \/>\n^ Oberes Steingr\u00fcble bei Munzingen nahe Freiburg<\/p>\n<p><a href='http:\/\/extra.inmontanis.info\/d\/138936-2\/dsc00592.jpg'><img src=http:\/\/extra.inmontanis.info\/d\/138935-3\/dsc00592.jpg \/><\/a><br \/>\n^ Pano Rheinebene mit Schwarzwald links<\/p>\n<p><a href='http:\/\/extra.inmontanis.info\/d\/138940-2\/dsc00593.jpg'><img src=http:\/\/extra.inmontanis.info\/d\/138939-3\/dsc00593.jpg \/><\/a><br \/>\n^ Zoom-Pano Rheinebene<\/p>\n<p><a href='http:\/\/extra.inmontanis.info\/d\/138944-2\/dsc00599.jpg'><img src=http:\/\/extra.inmontanis.info\/d\/138943-3\/dsc00599.jpg \/><\/a><br \/>\n^ Munzingen<\/p>\n<p><a href='http:\/\/extra.inmontanis.info\/d\/138948-2\/dsc00602.jpg'><img src=http:\/\/extra.inmontanis.info\/d\/138947-3\/dsc00602.jpg \/><\/a><br \/>\n^ Pano Rheinebene mit Blick zu den Vogesen (Frankreich)<\/p>\n<p><a href='http:\/\/extra.inmontanis.info\/d\/138952-2\/dsc00604.jpg'><img src=http:\/\/extra.inmontanis.info\/d\/138951-3\/dsc00604.jpg \/><\/a><br \/>\n^ Zoom-Pano Vogesen<\/p>\n<p><a href='http:\/\/extra.inmontanis.info\/d\/138956-2\/dsc00606.jpg'><img src=http:\/\/extra.inmontanis.info\/d\/138955-3\/dsc00606.jpg \/><\/a><br \/>\n^ Weinreben<\/p>\n<p><a href='http:\/\/extra.inmontanis.info\/d\/138960-2\/dsc00608.jpg'><img src=http:\/\/extra.inmontanis.info\/d\/138959-3\/dsc00608.jpg \/><\/a><br \/>\n^ Panotafel<\/p>\n<p><a href='http:\/\/extra.inmontanis.info\/d\/138964-2\/dsc00609.jpg'><img src=http:\/\/extra.inmontanis.info\/d\/138963-3\/dsc00609.jpg \/><\/a><br \/>\n^ Schwarzwald \/ Belchen<\/p>\n<p><a href='http:\/\/extra.inmontanis.info\/d\/138968-2\/dsc00610.jpg'><img src=http:\/\/extra.inmontanis.info\/d\/138967-3\/dsc00610.jpg \/><\/a><br \/>\n^ Schwarzwald<\/p>\n<p><a href='http:\/\/extra.inmontanis.info\/d\/138972-2\/dsc00613.jpg'><img src=http:\/\/extra.inmontanis.info\/d\/138971-3\/dsc00613.jpg \/><\/a><br \/>\n^ Schwarzwald<\/p>\n<p><a href='http:\/\/extra.inmontanis.info\/d\/138976-2\/dsc00614.jpg'><img src=http:\/\/extra.inmontanis.info\/d\/138975-3\/dsc00614.jpg \/><\/a><br \/>\n^ K\u00f6nnte dann Freiburg sein, die Stadt im Zoom<\/p>\n<p><a href='http:\/\/extra.inmontanis.info\/d\/138980-2\/dsc00618.jpg'><img src=http:\/\/extra.inmontanis.info\/d\/138979-3\/dsc00618.jpg \/><\/a><br \/>\n^ Pano Rheinebene mit Vogesen rechts<\/p>\n<p><a href='http:\/\/extra.inmontanis.info\/d\/138984-2\/dsc00619.jpg'><img src=http:\/\/extra.inmontanis.info\/d\/138983-3\/dsc00619.jpg \/><\/a><br \/>\n^ Zoom-Pano Rheinebene<\/p>\n<p><a href='http:\/\/extra.inmontanis.info\/d\/138988-2\/dsc00620.jpg'><img src=http:\/\/extra.inmontanis.info\/d\/138987-3\/dsc00620.jpg \/><\/a><br \/>\n^ Heute D\u00f6ner-Pizza, vergessen, die ganze zu fotografieren ;) War etwas scharf.<\/p>\n<p>Die Liste mit den \u00d6ffnungsdaten ist zwar mittlerweile l\u00e4nger geworden, aber Masella fehlt nach wie vor. Also hab ich n&#8217;py nochmals angeschrieben, welche Adresse ich bei der Bestellung reinschreiben soll. Sie hatten mir ja gesagt, ich solle mich nach der Bestellung asap bei denen per EMail wenden, aber wenn die wie bisher 1 Woche brauchen, um das Ticket zu beantworten, muss ich mich nun entscheiden, ob ich die Saisonkarte nehm oder nicht.<\/p>\n<p>Gute und schlechte Nachrichten aus Schweden: Skuleberget will endlich wieder Skibetrieb anbieten. Aber Abisko\/Nuolja will den (Freeride-) Skibetrieb einstellen.<\/p>\n<p>In den Vogesen g\u00e4b&#8217;s eine Kammstra\u00dfe, die nett sein k\u00f6nnte, leider verl\u00e4uft sie in Nord-S\u00fcd-Richtung und ich bin eh eher schon in der Mitte und gegen S\u00fcden hin zieht sie auch noch nach Osten &#8211; w\u00e4hrend ich ja in den Westen muss. Die Stra\u00dfensperre auf GMaps s\u00fcdlich vom Col de la Schlucht scheint aber noch nicht aktuell zu sein.<\/p>\n<p><strong>Fr, 7.11.2025<\/strong><\/p>\n<p>Der bl\u00f6de Rauchmelder geht momentan t\u00e4glich los, wenn auch erst irgendwann zwischen  6-7 Uhr. <\/p>\n<p>Obwohl es heut nur 9\u00b0 fr\u00fch war, hatte ich diese Nacht keine kalten F\u00fc\u00dfe und mir war warm genug, dass ich die Standheizung erst nach dem Entfeuchten der Scheiben 45min nach dem Aufstehen eingeschaltet hab.<\/p>\n<p>Der Vormittag verlief im Nebel, somit egal, dass ich einen sonst wohl schattigen Platz haben w\u00fcrde.<\/p>\n<p>Ziel war heute, nach doch fast 1900 km Deutschland zu verlassen und in Frankreich, nach einem Supermarktbesuch (um Getr\u00e4nke zu kaufen), auf der anderen Seite der Rheinebene eine Burgruine anzusehen, an deren Parkplatz ich dann auch \u00fcbernachten w\u00fcrde und die aber auch ein sch\u00f6nes Pano auf die Rheinebene b\u00f6te &#8211; hoffentlich l\u00f6st sich der Nebel also noch etwas auf.<\/p>\n<p>Der Rhein ist hier eigenartigerweise zweigeteilt, so dass die Br\u00fccken nicht so lang sein m\u00fcssen. <\/p>\n<p>Die Anfahrt zu dem Parkplatz ist aber etwas fraglich, da GMaps einige der kleinen Stra\u00dfen als nicht-\u00f6ffentlich ansieht, irgendwo von Anliegern geredet wird, es bei keiner Streetview gibt und mein Navi auch andere Stra\u00dfen befahren w\u00fcrde. <\/p>\n<p>Lidl und Aldi mal ausgelassen und zum Intermarch\u00e9 gegangen. Toiletten gibt&#8217;s auch.<\/p>\n<p>Mineralwassser 1,5l mal wesentlich g\u00fcnstiger, 6er pack 1,12 \u20ac, aber mit untauglichem Verschluss f\u00fcr mich, da muss ich die teureren nehmen.<\/p>\n<p>Cola Zero 1,5l um 0,45 \u20ac ist auch g\u00fcnstiger als in DE+AT und zudem noch PFANDFREI, yeah!<\/p>\n<p>Fertiggerichts- samt pizzenm\u00e4\u00dfig ist Frankreich im Vergleich zu DE\/AT ja sowieso das reinste Schlaraffenland ;) <\/p>\n<p><a href='http:\/\/extra.inmontanis.info\/d\/139004-2\/img_20251107_122627_8.jpg'><img src=http:\/\/extra.inmontanis.info\/d\/139003-3\/img_20251107_122627_8.jpg \/><\/a><br \/>\n^ Ich kenn kein Land, in der es eine gr\u00f6\u00dfere Auswahl an Fertig-Schnitzel und -Cordon-Bleus gibt ;)  (K\u00fchlregal, nicht tiefgek\u00fchlt!)<\/p>\n<p>Beim TK-Fisch und TK-Kartoffelprodukte gibt&#8217;s sogar die Marke Findus &#8211; kenn ich sonst von den g\u00fcnstigen TK-Fertiggerichten in SE+FI.<\/p>\n<p><a href='http:\/\/extra.inmontanis.info\/d\/139008-2\/img_20251107_124235_6.jpg'><img src=http:\/\/extra.inmontanis.info\/d\/139007-3\/img_20251107_124235_6.jpg \/><\/a><br \/>\n^ Hier bei den TK-Sachen gibts Findus, aber leider keine g\u00fcnstigen skandinavischen Fertiggerichte ;)<\/p>\n<p>H-Milch wird im 6\/8\/10er-Pack verkauft und so preislich angeboten, aber einige holen sich auch einzelne Flaschen, nur den Preis sieht man meist nicht. <\/p>\n<p>Und  schwedisches &#8220;Polarbr\u00f6d&#8221; gibts auch noch, wie geil. Nat\u00fcrlich wesentlich teurer als so eine (keine Ahnung, vielleicht 80cm?) lange Baguettestange um  0,39 \u20ac ;) <\/p>\n<p>Die gek\u00fchlten Fertiggerichte sind hier auch noch meist unter 4 \u20ac, die ungek\u00fchlten teils auch unter 3 (nach wie vor gro\u00dfe Auswahl, aber die ungek\u00fchlten schmecken ja seltenst gut).<\/p>\n<p>Eine eigenartige Kombination bei den gek\u00fchlten Fertiggerichten: Cordon Bleu ohne (!) So\u00dfe  mit (!) H\u00f6rnchennudeln??!!<\/p>\n<p>Boah, so viel M\u00f6glichkeiten, da kann ich mich ja gar nicht entscheiden, zumal mein K\u00fchlschrank eh voll ist&#8230;<\/p>\n<p>Ich nahm meine altbekannten Lieblings-Cordonbleus mit (2er Pack Savoyarde) und so eine doppelte Mikrowellenportion Pommes \u00e0 100g, da kann ich eine gleich mal f\u00fcr heut Abend drau\u00dfen lassen.<\/p>\n<p>Jeden Tag kochen hei\u00dft halt auch, dass ich bald wieder einen Stromplatz brauch.<\/p>\n<p><a href='http:\/\/extra.inmontanis.info\/d\/139012-2\/img_20251107_124530_6.jpg'><img src=http:\/\/extra.inmontanis.info\/d\/139011-3\/img_20251107_124530_6.jpg \/><\/a><br \/>\n^ Eink\u00e4ufe, g\u00fcnstiges Cola Zero, schwedisches Polarbr\u00f6d usw.<\/p>\n<p>Sogar der B\u00e4cker am Eingang ist g\u00fcnstig &#8211; Schokocroissant glaub 1,20, Buttercroissaint 0,90 und eine Torsade Chocolat 1,20 &#8211; letzteres musste ich kaufen, obwohl ich ja noch ein Franzbr\u00f6tchen von gestern h\u00e4tte, aber als Schoko-Twister im UK hab ich die letztes Jahr auch recht selten bekommen.<\/p>\n<p>Benzin E10 hier am Supermarkt mit 1,67 \u00e4hnlich teuer wie in DE. Nur die NIcht-Supermarkttankstellen in Frankreich sollte man tunlichst meiden.<\/p>\n<p>Bsher mal wieder ein sehr guter erster Eindruck von Frankreich, mittlerweile nicht mehr so viel teurer wie in DE\/AT bzw. vieles g\u00fcnstiger.<\/p>\n<p>Als ich wegfahren wollte fiel mir auf, dass mein Ladeger\u00e4t nicht mehr l\u00e4dt. Zuvor am Nachtplatz n\u00e4mlich schon. Sagt, es h\u00e4tte nur 11,3V, aber am Zigarettenanz\u00fcnder liegen 13,7V an. <\/p>\n<p>Auf Stromversorgung gestellt, dann l\u00e4uft es auch bei 11,3V, muss nur daran denken,  es mit dem Schalter auszuschalten &#8211; sonst ist meine Starterbatterie leer.<\/p>\n<p>Weil nur 5\u00b0 drau\u00dfen und immer noch Nebel und etwas fr\u00fch dran, hielt ich nochmals an einem Parkplatz in einem Ort. Am Ladeger\u00e4t kamen auch bei ausgeschaltetem Motor 11,3 V an, d.h. das misst nun MIst. <\/p>\n<p>Die Webcams von den Vogesen in der Gegend zeigen druchaus Sonne, fraglich, wo die Nebelgrenze w\u00e4re und ob die Burg vielleicht schon \u00fcber dem Nebelmeer l\u00e4ge, was ja auch cool w\u00e4r.  Liegt aber nur ca. 200-240hm \u00fcber der Ebene, andere Burgruinen l\u00e4gen h\u00f6her. (Es gibt hier haufenweise Burgruinen innerhalb weniger km Entfernung! K\u00f6nnte man morgen auch noch besuchen.)  <\/p>\n<p><a href='http:\/\/extra.inmontanis.info\/d\/138840-2\/dsc00623.jpg'><img src=http:\/\/extra.inmontanis.info\/d\/138838-3\/dsc00623.jpg \/><\/a><br \/>\n^ Auffahrt zum Parkplatz am Ch\u00e2teau du Hagueneck<\/p>\n<p>Um 14:30 am Parkplatz angekommen, schien mein Navi gegen\u00fcber den GMaps-Routen recht gehabt zu haben, Fahrverbot f\u00fcr Nicht-Anlieger ist nur von 22-6 Uhr, wohingegen die GMaps-Route immer Fahrverbot hat.<\/p>\n<p>Ich wartete noch etwas und ging dann los, ca. 15min sp\u00e4ter war ich auf dem Turm.<\/p>\n<p><a href='http:\/\/extra.inmontanis.info\/d\/138844-2\/dsc00625.jpg'><img src=http:\/\/extra.inmontanis.info\/d\/138843-3\/dsc00625.jpg \/><\/a><br \/>\n^ Fu\u00dfweg zum Ch\u00e2teau du Hagueneck<\/p>\n<p><a href='http:\/\/extra.inmontanis.info\/d\/138848-2\/dsc00626.jpg'><img src=http:\/\/extra.inmontanis.info\/d\/138847-3\/dsc00626.jpg \/><\/a><br \/>\n^ Infoplatz &#8230;<\/p>\n<p><a href='http:\/\/extra.inmontanis.info\/d\/138852-2\/dsc00628.jpg'><img src=http:\/\/extra.inmontanis.info\/d\/138851-3\/dsc00628.jpg \/><\/a><br \/>\n^ Infotafel Ch\u00e2teau du Hagueneck<\/p>\n<p><a href='http:\/\/extra.inmontanis.info\/d\/138856-2\/dsc00627.jpg'><img src=http:\/\/extra.inmontanis.info\/d\/138855-3\/dsc00627.jpg \/><\/a><br \/>\n^ Wegweiser &#8230; aber wo es jetzt zum Ch\u00e2teau du Hagueneck geht, steht leider nirgends angeschrieben!! Links, rechts oder so komisch geradeaus?<\/p>\n<p><a href='http:\/\/extra.inmontanis.info\/d\/138860-2\/dsc00629.jpg'><img src=http:\/\/extra.inmontanis.info\/d\/138859-3\/dsc00629.jpg \/><\/a><br \/>\n^ &#8230; ich w\u00e4hlte den rechten Weg<\/p>\n<p><a href='http:\/\/extra.inmontanis.info\/d\/138864-2\/dsc00630.jpg'><img src=http:\/\/extra.inmontanis.info\/d\/138863-3\/dsc00630.jpg \/><\/a><br \/>\n^ .. und hatte Gl\u00fcck, das Ch\u00e2teau du Hagueneck erscheint im Nebel<\/p>\n<p><a href='http:\/\/extra.inmontanis.info\/d\/138868-2\/dsc00632.jpg'><img src=http:\/\/extra.inmontanis.info\/d\/138867-3\/dsc00632.jpg \/><\/a><br \/>\n^ Eintritt, hier wird noch jegliche Verantwortung von \u00f6ffentlicher Seite abgelehnt, sp\u00e4ter hab ich in solchen F\u00e4llen auch einfach nur komplette Verbote gesehen (aber ohne Absperrung, so dass doch jeder auf eigene Verantwortung gehen kann&#8230;)<\/p>\n<p><a href='http:\/\/extra.inmontanis.info\/d\/138872-2\/dsc00634.jpg'><img src=http:\/\/extra.inmontanis.info\/d\/138871-3\/dsc00634.jpg \/><\/a><br \/>\n^ Neue Wendeltreppe hinauf zum Turm<\/p>\n<p><a href='http:\/\/extra.inmontanis.info\/d\/138876-2\/dsc00637.jpg'><img src=http:\/\/extra.inmontanis.info\/d\/138875-3\/dsc00637.jpg \/><\/a><br \/>\n^ .. denn der Eingang in den Turm ist komischerweise so weit droben. Hat man den unteren Teil des Turms denn nicht n\u00fctzen wollen?<\/p>\n<p><a href='http:\/\/extra.inmontanis.info\/d\/138880-2\/dsc00638.jpg'><img src=http:\/\/extra.inmontanis.info\/d\/138879-3\/dsc00638.jpg \/><\/a><br \/>\n^ Fr\u00fcher ging man vielleicht \u00fcber dieses Treppe zum Turm<\/p>\n<p><a href='http:\/\/extra.inmontanis.info\/d\/138884-2\/dsc00640.jpg'><img src=http:\/\/extra.inmontanis.info\/d\/138883-3\/dsc00640.jpg \/><\/a><br \/>\n^ .. und dann durch die Mauer hindurch<\/p>\n<p><a href='http:\/\/extra.inmontanis.info\/d\/138888-2\/dsc00642.jpg'><img src=http:\/\/extra.inmontanis.info\/d\/138887-3\/dsc00642.jpg \/><\/a><br \/>\n^ F\u00fcr diese Treppe hier oben um den Turm herum braucht man aber schon etwas Mut.<\/p>\n<p><a href='http:\/\/extra.inmontanis.info\/d\/138892-2\/dsc00644.jpg'><img src=http:\/\/extra.inmontanis.info\/d\/138891-3\/dsc00644.jpg \/><\/a><br \/>\n^ Blick hinunter von vor dem Turmeingang<\/p>\n<p><a href='http:\/\/extra.inmontanis.info\/d\/138896-2\/dsc00647.jpg'><img src=http:\/\/extra.inmontanis.info\/d\/138895-3\/dsc00647.jpg \/><\/a><br \/>\n^ Eingang in den Turm, es folgte noch eine sehr schmale, alte Wendeltreppe, coolio. Auch hier aber anscheinend keine weiteren R\u00e4ume oder Nutzung des Turms?!<\/p>\n<p><a href='http:\/\/extra.inmontanis.info\/d\/138900-2\/dsc00648.jpg'><img src=http:\/\/extra.inmontanis.info\/d\/138899-3\/dsc00648.jpg \/><\/a><br \/>\n^ Im UK haben solche Wendeltreppen normalerweise einen etwas gr\u00f6\u00dferen Durchmesser<\/p>\n<p>Hab ca. eine halbe Stunde oben auf besseres Wetter gewartet, sah auch mal ganz gut aus, sogar blauen Himmel gesehen, dann wieder schlechter geworden. Durch die Treppe auf den Turm aber trotzdem nett gewesen. (Und morgen h\u00e4tte ich hier wohl ebenfalls Nebel gehabt, an manch anderer Burg aber Sonne und den Blick aufs Nebelmeer.)<\/p>\n<p><a href='http:\/\/extra.inmontanis.info\/d\/138904-2\/dsc00650.jpg'><img src=http:\/\/extra.inmontanis.info\/d\/138903-3\/dsc00650.jpg \/><\/a><br \/>\n^ Vermutlich k\u00f6nnte man hier sch\u00f6n \u00fcber das Rheintal\/Rheinebene schauen bis in den Schwarzwald<\/p>\n<p><a href='http:\/\/extra.inmontanis.info\/d\/138908-2\/dsc00655.jpg'><img src=http:\/\/extra.inmontanis.info\/d\/138907-3\/dsc00655.jpg \/><\/a><br \/>\n^ .. aber leider blieb es neblig<\/p>\n<p><a href='http:\/\/extra.inmontanis.info\/d\/138912-2\/dsc00660.jpg'><img src=http:\/\/extra.inmontanis.info\/d\/138911-3\/dsc00660.jpg \/><\/a><br \/>\n^ .. wenn auch knapp, denn einmal konnte man blauen Himmel und Flugzeuge sehen<\/p>\n<p><a href='http:\/\/extra.inmontanis.info\/d\/138916-2\/dsc00663.jpg'><img src=http:\/\/extra.inmontanis.info\/d\/138915-3\/dsc00663.jpg \/><\/a><br \/>\n^ Treppen in der Mauer, vmtl. der Aufang fr\u00fcher zum Turmeingang und ggf. auch zu den generellen oberen Stockwerken<\/p>\n<p><a href='http:\/\/extra.inmontanis.info\/d\/138920-2\/dsc00666.jpg'><img src=http:\/\/extra.inmontanis.info\/d\/138919-3\/dsc00666.jpg \/><\/a><br \/>\n^ Bereich vor den aktuellen Mauern, hier gab es noch weitere Mauern<\/p>\n<p><a href='http:\/\/extra.inmontanis.info\/d\/138924-2\/dsc00667.jpg'><img src=http:\/\/extra.inmontanis.info\/d\/138923-3\/dsc00667.jpg \/><\/a><br \/>\n^ Ch\u00e2teau du Hagueneck von au\u00dfen<\/p>\n<p><a href='http:\/\/extra.inmontanis.info\/d\/138928-2\/dsc00671.jpg'><img src=http:\/\/extra.inmontanis.info\/d\/138927-3\/dsc00671.jpg \/><\/a><br \/>\n^ .. einige Mauerreste au\u00dfen<\/p>\n<p>Im Auto also das Ladeger\u00e4tproblem angegangen, schon wieder den Aufbau wegtun m\u00fcssen und mit dem Multimeter an den Buchsen vom Eingang nachgemessen: 12,6V, Ladeger\u00e4t zeigt nach wie vor 11,3V. Selbst mit abgeklemmten Kabel :)<\/p>\n<p>Also dann das Ladeger\u00e4t auf beiden Seiten vom Strom getrennt und ein Min\u00fctchen gewartet und wieder die Kabel angeschlossen &#8211; und siehe da, es zeigt wieder die korrekten Werte an, 12.7V.<\/p>\n<p>Von den Findus-Pommes gab&#8217;s ja viele Varianten, ich nahm die Classique, weil die eigentlich einen etwas dickeren Eindruck machten als andere, von denen ich dann gar nicht w\u00fcsste, was die dann w\u00e4ren &#8211; also ich nahm an, es gab 3 verschiedene Dicken, aber die von mir gekauften waren dann doch auch sehr d\u00fcnn &#8211; da muss man viel einzeln umdrehen auf der Pfanne. Hab diesmal nicht alle umgedreht, war mir irgendwann zu bl\u00f6d.<\/p>\n<p><a href='http:\/\/extra.inmontanis.info\/d\/138992-2\/dsc00674.jpg'><img src=http:\/\/extra.inmontanis.info\/d\/138991-3\/dsc00674.jpg \/><\/a><br \/>\n^ Savoyarde &#8211; Schnitzel\/CordonBleu mit Pommes, eine der beiden Portionen von weiter oben<\/p>\n<p>Android \u00e4rgert mich auch schon wieder. W\u00e4hlt sich laufend in ein schwaches 4G-Netz ein und schaltet auf 3G runter. Stell ich auf &#8220;manuelles Netz&#8221; und such ein st\u00e4rkeres 4G-Netz raus, einige Zeit sp\u00e4ter steht es wieder auf &#8220;automatiches Netz&#8221; und ist im 3G-Netz.<\/p>\n<p>Reisetag Nr. 48 und nach 28 Tagen hab ich nun auch wieder Deutschland verlassen. Zugegeben war ich nun etwas l\u00e4nger in DE als erwartet und hab auch mehr Sachen als erwartet besucht, so dass dieser Umweg doch etwas lohnenswerter war.<\/p>\n<p>Somit hab ich mich nun auch endg\u00fcltig von einer Fahrt durch die Schweiz oder die franz\u00f6sischen Alpen verabschiedet; h\u00e4tte ja ggf. mal wieder die GUB in Grenoble fahren wollen oder an der Mittelmeerk\u00fcste mal eine PB, aber &#8230; hatte keinen Bock auf den Umweg, m\u00f6chte ja auf dieser Reise mit 20.000km auskommen.<\/p>\n<p><a href='http:\/\/extra.inmontanis.info\/d\/138996-2\/ge2025-09-11b.jpg'><img src=http:\/\/extra.inmontanis.info\/d\/138995-3\/ge2025-09-11b.jpg \/><\/a><br \/>\n^ Hellblau: Fahrstrecke 21.9.-7.11.2025, ca. 2.550km, schaut ja wie ein Katzensilhouette aus ;)<br \/>\nOrange: Geplanter weiterer Verlauf<br \/>\n(Italien hat bei mir wg. der Ski-Helmpflicht nun einen st\u00e4rkeren Boykottstatus wie die Ukraine!)<\/p>\n<p><a href='http:\/\/extra.inmontanis.info\/d\/139000-2\/ge2025-09-11c.jpg'><img src=http:\/\/extra.inmontanis.info\/d\/138999-3\/ge2025-09-11c.jpg \/><\/a><br \/>\n^ Fahrstrecke &#038; POIs 21.9.-7.11.2025<\/p>\n<p>POI:<br \/>\nA) Koralpe<br \/>\nB) Umweg wg. Karpfen ;)<br \/>\nC) Telfs<br \/>\nD) Mittenwald Kranzberg ESL<br \/>\nE) Spitzingsee Taubenstein 4 EUB<br \/>\nF) N\u00fcrnberg<br \/>\nG) Assmannshausen DSB &#038; R\u00fcdesheim 2EUB<br \/>\n(Rhein-F\u00e4hre)<br \/>\nH) Boppard DSB<br \/>\nI) Batterietausch + Burg Uda<br \/>\nJ) Dortmund (Westfalenpark 2EUB, Trammuseum, etc.)<br \/>\nK) R\u00f6ntgenmuseum Lennep<br \/>\nL) DSB Burg (Solingen)<br \/>\nM) Papiermuseum Bergisch Gladbach<br \/>\nN) K\u00f6nigswinter Drachenfels Zahnradbahn, Burg  &#038; Schloss<br \/>\n(Rhein-F\u00e4hre)<br \/>\nO) Lavamuseum \/ Lavakeller Mendig<br \/>\nP) Cochem DSB + (etwas s\u00fcdlich) R\u00f6mergr\u00e4ber<br \/>\nQ) Pf\u00e4lzerwald \/ Kalmit \/ Rietburg DSB + Burg<br \/>\nR) Speyer Technikmuseum<br \/>\nS) Bruchsal Schloss \/ Museum<br \/>\nT) Stuttgart Trammuseum<br \/>\nU) Sch\u00f6nbuchturm<br \/>\nV) Schwarzwald \/ Waldkirch Elztalmuseum<br \/>\nW) Munzingen der Aussichtsberg (hier im Bericht)<br \/>\nX) Vogesen \/ Hagueneck Burg (hier im Bericht) + 5 weitere Ruinen (Bericht morgen)<\/p>\n<p>Abends ging es gerade so bis 22 Uhr ohne Standheizung unter der Decke, es hatte  dann 13\u00b0. <\/p>\n<p>Abgesehen von der einen oder anderen Burg in der N\u00e4he hab ich noch keine Idee, wie ich dann morgen weiter fahren soll, wie umwegig oder nicht ich durch die Vogesen fahren soll, ob ich noch irgendwo etwas besuche, zB. mir das eine oder andere Skigebiet anschauen soll.<\/p>\n<p>Es  w\u00e4re hier ein so sch\u00f6n ruhiger Nachtplatz gewesen, wenn es nicht die ganze Nacht von den B\u00e4umen runtergetropft h\u00e4tte&#8230;<\/p>\n<p>Gegen 3:45 gab es noch ein anderes Ger\u00e4usch, mehrere Sch\u00fcsse, die sich anh\u00f6rten wie Feuerwerksk\u00f6rper, aber der Flugstrahl wesentlich breiter (quasi ein langes Wasserstrahl-SCH statt eines zischenden SSS) und die Explosion nach ca. 1 Sekunde wie ein kaum lauteres, dumpfes &#8220;Pop&#8221;)  &#8230; dann folgte der n\u00e4chste &#8220;Abschuss&#8221;. ?!<\/p>\n","protected":false},"excerpt":{"rendered":"<p>Do, 6.11.2025<\/p>\n<p>Heut schon das 2. Mal innerhalb weniger Tage, dass sich mein Rauchmelder morgens zwischen 6 und 7 Uhr f\u00e4lschlicherweise einschaltete. Mag an Kondenswasser liegen, hat er aber doch sonst ncht gemacht?! Hatte ich vor 2 Jahren gekauft, weil ich den anderen vergessen hatte, hat aber eine ca. 10-Jahres-Batterie und war eh ausgeschaltet, wenn <a href=\"http:\/\/blog.inmontanis.info\/?p=10992\">[&#8230;]<\/a><\/p>\n","protected":false},"author":1,"featured_media":10994,"comment_status":"closed","ping_status":"closed","sticky":false,"template":"","format":"standard","meta":{"footnotes":""},"categories":[950,12,16,32,955,30],"tags":[36],"class_list":["post-10992","post","type-post","status-publish","format-standard","has-post-thumbnail","hentry","category-2025-09-2026-11-pyrenaen-uk-co","category-germany","category-france","category-lostplaces","category-vogesen","category-wandern","tag-castle","odd"],"_links":{"self":[{"href":"http:\/\/blog.inmontanis.info\/index.php?rest_route=\/wp\/v2\/posts\/10992","targetHints":{"allow":["GET"]}}],"collection":[{"href":"http:\/\/blog.inmontanis.info\/index.php?rest_route=\/wp\/v2\/posts"}],"about":[{"href":"http:\/\/blog.inmontanis.info\/index.php?rest_route=\/wp\/v2\/types\/post"}],"author":[{"embeddable":true,"href":"http:\/\/blog.inmontanis.info\/index.php?rest_route=\/wp\/v2\/users\/1"}],"replies":[{"embeddable":true,"href":"http:\/\/blog.inmontanis.info\/index.php?rest_route=%2Fwp%2Fv2%2Fcomments&post=10992"}],"version-history":[{"count":2,"href":"http:\/\/blog.inmontanis.info\/index.php?rest_route=\/wp\/v2\/posts\/10992\/revisions"}],"predecessor-version":[{"id":10995,"href":"http:\/\/blog.inmontanis.info\/index.php?rest_route=\/wp\/v2\/posts\/10992\/revisions\/10995"}],"wp:featuredmedia":[{"embeddable":true,"href":"http:\/\/blog.inmontanis.info\/index.php?rest_route=\/wp\/v2\/media\/10994"}],"wp:attachment":[{"href":"http:\/\/blog.inmontanis.info\/index.php?rest_route=%2Fwp%2Fv2%2Fmedia&parent=10992"}],"wp:term":[{"taxonomy":"category","embeddable":true,"href":"http:\/\/blog.inmontanis.info\/index.php?rest_route=%2Fwp%2Fv2%2Fcategories&post=10992"},{"taxonomy":"post_tag","embeddable":true,"href":"http:\/\/blog.inmontanis.info\/index.php?rest_route=%2Fwp%2Fv2%2Ftags&post=10992"}],"curies":[{"name":"wp","href":"https:\/\/api.w.org\/{rel}","templated":true}]}}