{"id":10988,"date":"2025-11-05T17:47:31","date_gmt":"2025-11-05T16:47:31","guid":{"rendered":"http:\/\/blog.inmontanis.info\/?p=10988"},"modified":"2025-11-17T17:55:54","modified_gmt":"2025-11-17T16:55:54","slug":"elztalmuseum-waldkirch-5-11-2025","status":"publish","type":"post","link":"http:\/\/blog.inmontanis.info\/?p=10988","title":{"rendered":"Elztalmuseum Waldkirch, 5.11.2025"},"content":{"rendered":"<p><strong>Mi, 5.11.2025<\/strong> &#8211; Teil 2<\/p>\n<p><em>Um 12:45 kam ich in Waldkirch am kostenlosen Parkplatz am Sportplatz an, das Museum soll mitten im Ort und ja erst ab 13 Uhr offen sein, um 15 Uhr soll mittwochs die F\u00fchrung sein.<\/em><\/p>\n<p>&#128681; Gespeicherte Geolocation &#8211; Karte anzeigen: <a href='https:\/\/www.google.com\/maps\/@?api=1&#038;map_action=map&#038;center=48.0909586,7.9575406&#038;zoom=12&#038;basemap=terrain' target=_blank> GoogleMaps<\/a> &#128681; <a href='https:\/\/www.openstreetmap.org\/?&#038;mlat=48.0909586&#038;mlon=7.9575406#map=10\/48.0909586\/7.9575406&#038;layers=P' target=_blank> OSM &#128681;<\/a><\/p>\n<p>Ca. 5km Luftlinie entfernt liegt hier \u00fcbrigens die legend\u00e4re Schwarzwaldklinik im Glottertal! Die allerdings tats\u00e4chlich eine Klinik ist &#8211; und kein Museum. Sonst w\u00e4r ich vielleicht vorbei ;)<\/p>\n<p><a href='http:\/\/extra.inmontanis.info\/d\/138598-2\/dsc00417.jpg'><img src=http:\/\/extra.inmontanis.info\/d\/138597-3\/dsc00417.jpg \/><\/a><br \/>\n^ Waldkirch, See mit Toilette nahe Stellplatz<\/p>\n<p><a href='http:\/\/extra.inmontanis.info\/d\/138602-2\/dsc00419.jpg'><img src=http:\/\/extra.inmontanis.info\/d\/138601-3\/dsc00419.jpg \/><\/a><br \/>\n^ In diesem Gem\u00e4uern befindet sich das Elztalmuseum in Waldkirch<\/p>\n<p>Der Eintritt ins Museum kostet 6 \u20ac und die F\u00fchrung f\u00fcr die Musikautomaten 3 \u20ac, ich fing auf Anraten der Kassiererin mit den oberen beiden Stockwerken an, h\u00f6rte aber auch immer wieder einen Musikautomat spielen. Sp\u00e4ter deutete das darauf hin, das private F\u00fchrungen durchgef\u00fchrt wurden.<\/p>\n<p>Leider kann man heutzutage in DE nicht mal mehr in Museen gehen, ohne diesen schei\u00df Genderwahnsinn (mit hier: Binnen-I) lesen zu m\u00fcssen :(<\/p>\n<p><a href='http:\/\/extra.inmontanis.info\/d\/138606-2\/dsc00429.jpg'><img src=http:\/\/extra.inmontanis.info\/d\/138605-3\/dsc00429.jpg \/><\/a><br \/>\n^ Ziborium (1. H\u00e4lfte 14. Jhdt.), vergoldet<\/p>\n<p><a href='http:\/\/extra.inmontanis.info\/d\/138610-2\/dsc00431.jpg'><img src=http:\/\/extra.inmontanis.info\/d\/138609-3\/dsc00431.jpg \/><\/a><br \/>\n^ Romanisches Brustkreuz, 12. Jahrhundert, \u00fcberarbeitete Fassung 1970er<\/p>\n<p><a href='http:\/\/extra.inmontanis.info\/d\/138614-2\/dsc00435.jpg'><img src=http:\/\/extra.inmontanis.info\/d\/138613-3\/dsc00435.jpg \/><\/a><br \/>\n^ Schwarzenburg<\/p>\n<p><a href='http:\/\/extra.inmontanis.info\/d\/138618-2\/dsc00440.jpg'><img src=http:\/\/extra.inmontanis.info\/d\/138617-3\/dsc00440.jpg \/><\/a><br \/>\n^ Keramik-Kacheln<\/p>\n<p><a href='http:\/\/extra.inmontanis.info\/d\/138622-2\/dsc00445.jpg'><img src=http:\/\/extra.inmontanis.info\/d\/138621-3\/dsc00445.jpg \/><\/a><br \/>\n^ Mittelalterliches Besteck, interessanter Messergriff<\/p>\n<p><a href='http:\/\/extra.inmontanis.info\/d\/138626-2\/dsc00448.jpg'><img src=http:\/\/extra.inmontanis.info\/d\/138625-3\/dsc00448.jpg \/><\/a><br \/>\n^ Kastelburg<\/p>\n<p><a href='http:\/\/extra.inmontanis.info\/d\/138630-2\/dsc00450.jpg'><img src=http:\/\/extra.inmontanis.info\/d\/138629-3\/dsc00450.jpg \/><\/a><br \/>\n^ Diverse weitere Fundst\u00fccke<\/p>\n<p><a href='http:\/\/extra.inmontanis.info\/d\/138634-2\/dsc00456.jpg'><img src=http:\/\/extra.inmontanis.info\/d\/138633-3\/dsc00456.jpg \/><\/a><br \/>\n^ Tasse 1880er mit Foto Kaiser Wilhelms I<\/p>\n<p><a href='http:\/\/extra.inmontanis.info\/d\/138638-2\/dsc00460.jpg'><img src=http:\/\/extra.inmontanis.info\/d\/138637-3\/dsc00460.jpg \/><\/a><br \/>\n^ lt. Tafel: Messgarnitur, 1705, silber, vergoldet<\/p>\n<p><a href='http:\/\/extra.inmontanis.info\/d\/138642-2\/dsc00462.jpg'><img src=http:\/\/extra.inmontanis.info\/d\/138641-3\/dsc00462.jpg \/><\/a><br \/>\n^ Missale, Druck: Antwerpen, 1626<\/p>\n<p><a href='http:\/\/extra.inmontanis.info\/d\/138646-2\/dsc00463.jpg'><img src=http:\/\/extra.inmontanis.info\/d\/138645-3\/dsc00463.jpg \/><\/a><br \/>\n^ Edelsteinschleifer<\/p>\n<p><a href='http:\/\/extra.inmontanis.info\/d\/138650-2\/dsc00464.jpg'><img src=http:\/\/extra.inmontanis.info\/d\/138649-3\/dsc00464.jpg \/><\/a><br \/>\n^ Edelsteinschleifer<\/p>\n<p><a href='http:\/\/extra.inmontanis.info\/d\/138654-2\/dsc00468.jpg'><img src=http:\/\/extra.inmontanis.info\/d\/138653-3\/dsc00468.jpg \/><\/a><br \/>\n^ Schmuck<\/p>\n<p><a href='http:\/\/extra.inmontanis.info\/d\/138658-2\/dsc00472.jpg'><img src=http:\/\/extra.inmontanis.info\/d\/138657-3\/dsc00472.jpg \/><\/a><br \/>\n^ Interessanter Stein<\/p>\n<p><a href='http:\/\/extra.inmontanis.info\/d\/138662-2\/dsc00474.jpg'><img src=http:\/\/extra.inmontanis.info\/d\/138661-3\/dsc00474.jpg \/><\/a><br \/>\n^ Revolutionsfahne 1848\/49<\/p>\n<p><a href='http:\/\/extra.inmontanis.info\/d\/138666-2\/dsc00478.jpg'><img src=http:\/\/extra.inmontanis.info\/d\/138665-3\/dsc00478.jpg \/><\/a><br \/>\n^ Grenztafel Gro\u00dfherzogtum Baden, 19. Jhdt.<\/p>\n<p><a href='http:\/\/extra.inmontanis.info\/d\/138670-2\/dsc00479.jpg'><img src=http:\/\/extra.inmontanis.info\/d\/138669-3\/dsc00479.jpg \/><\/a><br \/>\n^ Wie auch im UK d\u00fcrfen auch in Museen in DE gewisse Kriegsjahre nicht fehlen ;)<\/p>\n<p><a href='http:\/\/extra.inmontanis.info\/d\/138674-2\/dsc00480.jpg'><img src=http:\/\/extra.inmontanis.info\/d\/138673-3\/dsc00480.jpg \/><\/a><br \/>\n^ Wof\u00fcr es 1916 nicht alles Bezugsmarken gab .. Eier, Fett\/Butter, Mehl, Brot, Fleisch, Zucker, Petroleum, &#8230;<\/p>\n<p><a href='http:\/\/extra.inmontanis.info\/d\/138678-2\/dsc00481.jpg'><img src=http:\/\/extra.inmontanis.info\/d\/138677-3\/dsc00481.jpg \/><\/a><br \/>\n^ Stuck an der Decke<\/p>\n<p><a href='http:\/\/extra.inmontanis.info\/d\/138682-2\/dsc00483.jpg'><img src=http:\/\/extra.inmontanis.info\/d\/138681-3\/dsc00483.jpg \/><\/a><br \/>\n^ Geldscheine 500 Milliarden Mark, dass man sich sogar noch die M\u00fche machte, die Zahl mit den vielen 0en auszuschreiben! Muss auch ein Spa\u00df f\u00fcr Buchhalter gewesen sein :))<\/p>\n<p><a href='http:\/\/extra.inmontanis.info\/d\/138686-2\/dsc00484.jpg'><img src=http:\/\/extra.inmontanis.info\/d\/138685-3\/dsc00484.jpg \/><\/a><br \/>\n^ Kleine Plakette Deutsches Gesch\u00e4ft etc<\/p>\n<p><a href='http:\/\/extra.inmontanis.info\/d\/138690-2\/dsc00488.jpg'><img src=http:\/\/extra.inmontanis.info\/d\/138689-3\/dsc00488.jpg \/><\/a><br \/>\n^ Sonst kennt man das Hakenkreuz (au\u00dfer aus Indien) ja eher gedreht und mit Rot, aber hier mal mit Blau<\/p>\n<p><a href='http:\/\/extra.inmontanis.info\/d\/138694-2\/dsc00486.jpg'><img src=http:\/\/extra.inmontanis.info\/d\/138693-3\/dsc00486.jpg \/><\/a><br \/>\n^ Volksempf\u00e4nger<\/p>\n<p><a href='http:\/\/extra.inmontanis.info\/d\/138698-2\/dsc00487.jpg'><img src=http:\/\/extra.inmontanis.info\/d\/138697-3\/dsc00487.jpg \/><\/a><br \/>\n^ Tragbarer TV<\/p>\n<p><a href='http:\/\/extra.inmontanis.info\/d\/138702-2\/dsc00492.jpg'><img src=http:\/\/extra.inmontanis.info\/d\/138701-3\/dsc00492.jpg \/><\/a><br \/>\n^ Blick aus dem Fenster<\/p>\n<p><a href='http:\/\/extra.inmontanis.info\/d\/138706-2\/dsc00494.jpg'><img src=http:\/\/extra.inmontanis.info\/d\/138705-3\/dsc00494.jpg \/><\/a><br \/>\n^ Bergwacht<\/p>\n<p><a href='http:\/\/extra.inmontanis.info\/d\/138710-2\/dsc00495.jpg'><img src=http:\/\/extra.inmontanis.info\/d\/138709-3\/dsc00495.jpg \/><\/a><br \/>\n^ Alte Postkarten, wie man sich die Zukunft vorstellte<\/p>\n<p><a href='http:\/\/extra.inmontanis.info\/d\/138714-2\/dsc00499.jpg'><img src=http:\/\/extra.inmontanis.info\/d\/138713-3\/dsc00499.jpg \/><\/a><br \/>\n^ Infotafel Kandel<\/p>\n<p><a href='http:\/\/extra.inmontanis.info\/d\/138718-2\/dsc00502.jpg'><img src=http:\/\/extra.inmontanis.info\/d\/138717-3\/dsc00502.jpg \/><\/a><br \/>\n^ Ofenplatten 1744\/45 (Gusseisen), interessant, dass man die 1 und 7 damals so geschrieben hat, wie es heute die Briten noch machen<\/p>\n<p><a href='http:\/\/extra.inmontanis.info\/d\/138722-2\/dsc00504.jpg'><img src=http:\/\/extra.inmontanis.info\/d\/138721-3\/dsc00504.jpg \/><\/a><br \/>\n^ Auch eine international T\u00e4tige N\u00e4hseidenfabrik gab es hier<\/p>\n<p><a href='http:\/\/extra.inmontanis.info\/d\/138726-2\/dsc00506.jpg'><img src=http:\/\/extra.inmontanis.info\/d\/138725-3\/dsc00506.jpg \/><\/a><br \/>\n^ Werbung N\u00e4hseide<\/p>\n<p><a href='http:\/\/extra.inmontanis.info\/d\/138730-2\/dsc00507.jpg'><img src=http:\/\/extra.inmontanis.info\/d\/138729-3\/dsc00507.jpg \/><\/a><br \/>\n^ H\u00e4tt ich gar nicht gedacht, dass es N\u00e4hseide in so viel verschiedenen Farben gab<\/p>\n<p><a href='http:\/\/extra.inmontanis.info\/d\/138734-2\/dsc00508.jpg'><img src=http:\/\/extra.inmontanis.info\/d\/138733-3\/dsc00508.jpg \/><\/a><br \/>\n^ G\u00fctermann&#8217;s N\u00e4hseide<\/p>\n<p><a href='http:\/\/extra.inmontanis.info\/d\/138738-2\/dsc00511.jpg'><img src=http:\/\/extra.inmontanis.info\/d\/138737-3\/dsc00511.jpg \/><\/a><br \/>\n^ Elztalbahn<\/p>\n<p><a href='http:\/\/extra.inmontanis.info\/d\/138742-2\/dsc00513.jpg'><img src=http:\/\/extra.inmontanis.info\/d\/138741-3\/dsc00513.jpg \/><\/a><br \/>\n^ Rechts die T\u00fcr f\u00fchrt in den Barocksaal<\/p>\n<p><a href='http:\/\/extra.inmontanis.info\/d\/138746-2\/dsc00516.jpg'><img src=http:\/\/extra.inmontanis.info\/d\/138745-3\/dsc00516.jpg \/><\/a><br \/>\n^ Barocksaal<\/p>\n<p><a href='http:\/\/extra.inmontanis.info\/d\/138750-2\/dsc00519.jpg'><img src=http:\/\/extra.inmontanis.info\/d\/138749-3\/dsc00519.jpg \/><\/a><br \/>\n^ Barocksaal<\/p>\n<p>In einer guten Stunde ist man mit den oberen 2 Stockwerken durch und ich bin in den Keller.<\/p>\n<p>Das ist nun heute mein vorerst letztes Musikautomatenmuseum.  In Frankreich soll es ein gro\u00dfes in Les Gets geben, also mitten in den Alpen! Falls ich die letzten Skitage im April in Clusaz verbringen sollte, w\u00fcrde ich dort mal vorbei schauen. \u00dcberhaupt bin ich schon so oft durch Les Gets durch, dass ich das Museum schon oft h\u00e4tte besuchen k\u00f6nnen &#8211; wenn ich von der Existenz gewusst h\u00e4tte&#8230;<\/p>\n<p>Es geht hier in diesem Museum allerdings tats\u00e4chlich fast nur um Orgeln (Drehorgel, Orchestrion, Jahrmakrtsorgeln), jedenfalls nicht um plattenbasierte Ger\u00e4te mit Metallkamm.<\/p>\n<p><a href='http:\/\/extra.inmontanis.info\/d\/138754-2\/dsc00521.jpg'><img src=http:\/\/extra.inmontanis.info\/d\/138753-3\/dsc00521.jpg \/><\/a><br \/>\n^ Untergeschoss mit eher den Jahrmarktsorgeln<\/p>\n<p><a href='http:\/\/extra.inmontanis.info\/d\/138758-2\/dsc00525.jpg'><img src=http:\/\/extra.inmontanis.info\/d\/138757-3\/dsc00525.jpg \/><\/a><br \/>\n^ Von hinten<\/p>\n<p><a href='http:\/\/extra.inmontanis.info\/d\/138762-2\/dsc00528.jpg'><img src=http:\/\/extra.inmontanis.info\/d\/138761-3\/dsc00528.jpg \/><\/a><br \/>\n^ <\/p>\n<p><a href='http:\/\/extra.inmontanis.info\/d\/138766-2\/dsc00532.jpg'><img src=http:\/\/extra.inmontanis.info\/d\/138765-3\/dsc00532.jpg \/><\/a><br \/>\n^ In M\u00fcnchen im Nymphenburger Volksgarten verkehrte ab ca. 1891 eine Luftseilbahn\/Gondelbahn!<\/p>\n<p><a href='http:\/\/extra.inmontanis.info\/d\/138770-2\/dsc00540.jpg'><img src=http:\/\/extra.inmontanis.info\/d\/138769-3\/dsc00540.jpg \/><\/a><br \/>\n^ F\u00fcr solche Orgeln \/ Musikautomaten war Waldkirch international ber\u00fchmt<\/p>\n<p><a href='http:\/\/extra.inmontanis.info\/d\/138774-2\/dsc00544.jpg'><img src=http:\/\/extra.inmontanis.info\/d\/138773-3\/dsc00544.jpg \/><\/a><br \/>\n^ Viele alte T\u00fcr\/Torb\u00f6gen befinden sich hier unten ebenso. Auf dem WC dagegen mal wieder eine Ratestunde, wie man das Wasser am Waschbecken aktiviert &#8230;<\/p>\n<p><a href='http:\/\/extra.inmontanis.info\/d\/138778-2\/dsc00547.jpg'><img src=http:\/\/extra.inmontanis.info\/d\/138777-3\/dsc00547.jpg \/><\/a><br \/>\n^ Uhrenm\u00e4nnchen, unbekannter Ort und Jahr<\/p>\n<p><a href='http:\/\/extra.inmontanis.info\/d\/138782-2\/dsc00548.jpg'><img src=http:\/\/extra.inmontanis.info\/d\/138781-3\/dsc00548.jpg \/><\/a><br \/>\n^ Eine der Infotafeln<\/p>\n<p><a href='http:\/\/extra.inmontanis.info\/d\/138786-2\/dsc00550.jpg'><img src=http:\/\/extra.inmontanis.info\/d\/138785-3\/dsc00550.jpg \/><\/a><br \/>\n^ Drehorgel aus der 1. H\u00e4lfte des 19. Jhdt.<\/p>\n<p><a href='http:\/\/extra.inmontanis.info\/d\/138790-2\/dsc00557.jpg'><img src=http:\/\/extra.inmontanis.info\/d\/138789-3\/dsc00557.jpg \/><\/a><br \/>\n^ Hier war das Bild oben wieder einmal animiert &#8211; wie es sich anh\u00f6rt und die Animation ausschaut, siehe mein kurzes Video!<\/p>\n<p><a href='http:\/\/extra.inmontanis.info\/d\/138794-2\/dsc00558.jpg'><img src=http:\/\/extra.inmontanis.info\/d\/138793-3\/dsc00558.jpg \/><\/a><br \/>\n^ Orchestrion Automatische Capelle, ca. 1900<\/p>\n<p><a href='http:\/\/extra.inmontanis.info\/d\/138798-2\/dsc00561.jpg'><img src=http:\/\/extra.inmontanis.info\/d\/138797-3\/dsc00561.jpg \/><\/a><br \/>\n^ Orchestrion Automatische Capelle, ca. 1900<\/p>\n<p>Leider wurde ausgerechnet bei meiner F\u00fchrung hier nicht der Can-Can gespielt &#8211; bei den privaten F\u00fchrungen davor und danach schon. Schade, h\u00e4tte mir besser gefallen.<\/p>\n<p><a href='http:\/\/extra.inmontanis.info\/d\/138802-2\/dsc00562.jpg'><img src=http:\/\/extra.inmontanis.info\/d\/138801-3\/dsc00562.jpg \/><\/a><br \/>\n^ <\/p>\n<p><a href='http:\/\/extra.inmontanis.info\/d\/138806-2\/dsc00564.jpg'><img src=http:\/\/extra.inmontanis.info\/d\/138805-3\/dsc00564.jpg \/><\/a><br \/>\n^ Drehorgeln, Fl\u00f6tenuhr<\/p>\n<p><a href='http:\/\/extra.inmontanis.info\/d\/138810-2\/dsc00567.jpg'><img src=http:\/\/extra.inmontanis.info\/d\/138809-3\/dsc00567.jpg \/><\/a><br \/>\n^ Muiskzeichner-Arbeitspl\u00e4tze<\/p>\n<p><a href='http:\/\/extra.inmontanis.info\/d\/138814-2\/dsc00572.jpg'><img src=http:\/\/extra.inmontanis.info\/d\/138813-3\/dsc00572.jpg \/><\/a><br \/>\n^ Altobella Furiosa, 1999<\/p>\n<p><a href='http:\/\/extra.inmontanis.info\/d\/138818-2\/dsc00574.jpg'><img src=http:\/\/extra.inmontanis.info\/d\/138817-3\/dsc00574.jpg \/><\/a><br \/>\n^ De Poppenspaeler ist lt. Schild auch recht neu, von 1988 (Drehorgel!)<\/p>\n<p><a href='http:\/\/extra.inmontanis.info\/d\/138822-2\/dsc00578.jpg'><img src=http:\/\/extra.inmontanis.info\/d\/138821-3\/dsc00578.jpg \/><\/a><br \/>\n^ Katalog<\/p>\n<p><a href='http:\/\/extra.inmontanis.info\/d\/138826-2\/dsc00582.jpg'><img src=http:\/\/extra.inmontanis.info\/d\/138825-3\/dsc00582.jpg \/><\/a><br \/>\n^ Die linke recht neue Drehorgel durfte man selbst spielen &#8211; nach nur 1 Lied merkte ich schon, wie  anstrengend das ist!<\/p>\n<p>Und hier mein kleines Filmchen zu den gespielten Orgeln:<\/p>\n<p><object style=\"height: 500px; width: 900px\"><param name=\"movie\" value=\"http:\/\/www.youtube.com\/v\/ui5BZwJs-H0\"><\/param><param name=\"wmode\" value=\"transparent\"><\/param><embed src=\"http:\/\/www.youtube.com\/v\/ui5BZwJs-H0\" type=\"application\/x-shockwave-flash\" wmode=\"transparent\"  width=\"900\" height=\"480\"><\/embed><\/object><\/p>\n<p>Um 16:30 war ich durch und ging wieder zum Auto. Mangels besserer Alternativen hab ich mich doch noch auf den anderen Parkplatz hier gestellt, der als gemischter PKW-Wohnmobilparkplatz ausgeschrieben steht. Sonnenm\u00e4\u00dfig war der andere Platz tags\u00fcber schon sinnvoller. <\/p>\n<p>Mir gegen\u00fcber ein Wohnmobil aus Dortmund und zum dritten Mal auf dieser Reise seh ich ein Kennzeichen &#8220;DO-IT&#8221; &#8211; jetzt wird&#8217;s schon echt langsam ein eigenartiges Omen &#8230;<\/p>\n<p>Tja, Formigal und Cerler haben nun den Saisontart auf 29.11. festgelegt. Irgendwann konnte man f\u00fcr ab 21.11. die Skip\u00e4sse kaufen, jetzt erst ab 29.11. :( Somit wohl nix mit Skifahren ab 21. bzw. 24.11. in den Pyren\u00e4en. Au\u00dfer es liegt zuf\u00e4llig wo Schnee und igendwo wird spontant ge\u00f6ffnet.<\/p>\n<p>Formigal hat jedenfalls schon etliches an Schnee produziert. Haben sogar 3 Snowfactories!<\/p>\n<p>Das hei\u00dft aber, dass ich am 20.11. noch nicht so weit s\u00fcdlich sein sollte, um evtl. das Ziel zu \u00e4ndern&#8230; was mach ich da jetzt die n\u00e4chsten Wochen?!<\/p>\n<p>Fix scheint jedenfalls, dass in den n\u00e4chsten 5-10 Tagen kein veritabler Wintereinbruch f\u00fcr die Alpen gemeldet wird, was mich dazu bewegen k\u00f6nnte, hier zu bleiben und auf eine Mitte-November-\u00d6ffnung eines niedrigen, g\u00fcnstigen Skigebiets zu hoffen.<\/p>\n<p>Wie abgehoben doch die Google Maps App am Handy manchmal ist &#8211; zeigt mir heute Ticketpreise in der Schweiz und Frankreich in !! RON !! an. Komplett unerkl\u00e4rlich. Geht mein Roaming heute \u00fcber Rum\u00e4nien statt \u00d6sterreich?? Hab in den letzten Monaten nie irgendwas in Rum\u00e4nien gesucht.<\/p>\n<p>Eigentlich will ich ja ungern durch die Schweiz fahren. Die Tram-Museen haben in n\u00e4chster Zeit keinen Fahrbetrieb. Man k\u00f6nnte aber evtl. noch ein Musikautomaten-Museum besuchen, irgendwo im Norden, Seewen.<\/p>\n","protected":false},"excerpt":{"rendered":"<p>Mi, 5.11.2025 &#8211; Teil 2<\/p>\n<p>Um 12:45 kam ich in Waldkirch am kostenlosen Parkplatz am Sportplatz an, das Museum soll mitten im Ort und ja erst ab 13 Uhr offen sein, um 15 Uhr soll mittwochs die F\u00fchrung sein.<\/p>\n<p>&#128681; Gespeicherte Geolocation &#8211; Karte anzeigen: GoogleMaps &#128681; OSM &#128681;<\/p>\n<p>Ca. 5km Luftlinie entfernt liegt hier <a href=\"http:\/\/blog.inmontanis.info\/?p=10988\">[&#8230;]<\/a><\/p>\n","protected":false},"author":1,"featured_media":10990,"comment_status":"closed","ping_status":"closed","sticky":false,"template":"","format":"standard","meta":{"footnotes":""},"categories":[950,12,59],"tags":[],"class_list":["post-10988","post","type-post","status-publish","format-standard","has-post-thumbnail","hentry","category-2025-09-2026-11-pyrenaen-uk-co","category-germany","category-nostalgie","odd"],"_links":{"self":[{"href":"http:\/\/blog.inmontanis.info\/index.php?rest_route=\/wp\/v2\/posts\/10988","targetHints":{"allow":["GET"]}}],"collection":[{"href":"http:\/\/blog.inmontanis.info\/index.php?rest_route=\/wp\/v2\/posts"}],"about":[{"href":"http:\/\/blog.inmontanis.info\/index.php?rest_route=\/wp\/v2\/types\/post"}],"author":[{"embeddable":true,"href":"http:\/\/blog.inmontanis.info\/index.php?rest_route=\/wp\/v2\/users\/1"}],"replies":[{"embeddable":true,"href":"http:\/\/blog.inmontanis.info\/index.php?rest_route=%2Fwp%2Fv2%2Fcomments&post=10988"}],"version-history":[{"count":2,"href":"http:\/\/blog.inmontanis.info\/index.php?rest_route=\/wp\/v2\/posts\/10988\/revisions"}],"predecessor-version":[{"id":10991,"href":"http:\/\/blog.inmontanis.info\/index.php?rest_route=\/wp\/v2\/posts\/10988\/revisions\/10991"}],"wp:featuredmedia":[{"embeddable":true,"href":"http:\/\/blog.inmontanis.info\/index.php?rest_route=\/wp\/v2\/media\/10990"}],"wp:attachment":[{"href":"http:\/\/blog.inmontanis.info\/index.php?rest_route=%2Fwp%2Fv2%2Fmedia&parent=10988"}],"wp:term":[{"taxonomy":"category","embeddable":true,"href":"http:\/\/blog.inmontanis.info\/index.php?rest_route=%2Fwp%2Fv2%2Fcategories&post=10988"},{"taxonomy":"post_tag","embeddable":true,"href":"http:\/\/blog.inmontanis.info\/index.php?rest_route=%2Fwp%2Fv2%2Ftags&post=10988"}],"curies":[{"name":"wp","href":"https:\/\/api.w.org\/{rel}","templated":true}]}}