{"id":10984,"date":"2025-11-04T11:58:03","date_gmt":"2025-11-04T10:58:03","guid":{"rendered":"http:\/\/blog.inmontanis.info\/?p=10984"},"modified":"2025-11-16T18:07:34","modified_gmt":"2025-11-16T17:07:34","slug":"schonbuchturm-schwarzwald-3-5-11-2025","status":"publish","type":"post","link":"http:\/\/blog.inmontanis.info\/?p=10984","title":{"rendered":"Sch\u00f6nbuch(turm) + Schwarzwald, 3.-5.11.2025"},"content":{"rendered":"<p><strong>Mo, 3.11.2025<\/strong><\/p>\n<p>Heut fr\u00fch unter 10\u00b0, also Standheizung. Sollte mir angew\u00f6hnen, auch ohne WC dort morgens einen sonnigen Parkplatz anzufahren, wenn ich unter B\u00e4umen steh und keine Sonne morgens zu erwarten ist&#8230;<\/p>\n<p>Mal die Strecken kalkuliert, witzig, egal ob Feldberg vor oder nach Waldkirch, der Umweg ist fast ident &#8211; 74 bis 78 km. Ist es mir das wert?? Wenn ich skifahren k\u00f6nnte klar, aber nur um da mal raufzufahren und Pano zu sehen und das zu fotografieren, nee, ich wei\u00df nicht..<\/p>\n<p>Waldkich mit seinem Musikautomatenmuseum liegt jedenfalls nicht umwegig.<\/p>\n<p>Erster Halt heute Lidl. Die billlig H-Milch ist hier nun auch nicht mehr kaufbar f\u00fcr mich, weil kein Drehverschluss! Daher die n\u00e4chst teurere nehmen m\u00fcssen.<\/p>\n<p>N\u00e4chster Halt KFC, aber nein, war ja schon immer etwas teurer, aber jetzt ist es mir zu teuer geworden. 1 popeliges H\u00e4hnchenteil 4,29, kleine Pommes 3,39, 3 Hotwings 4,19 &#8230; <\/p>\n<p>Die vermutlich geschmacklich uninterresanten &#8220;Deal&#8221;-Boxen sind mit Getr\u00e4nk (das ich nicht brauch) au\u00dfer der um 10 \u20ac, aber da ist nicht mal ein H\u00e4hnchenteil dabei, nur Kleinkram. <\/p>\n<p>Bin wieder raus und somit mal auf die KFC-Preise n\u00e4chstes Jahr im UK gespannt, denn in FR probier ichs gar nicht erst, da war mir der KFC ja schon immer zu teuer.<\/p>\n<p>Dann zur Ikea nebendran gefahren, im Restaurant jetzt zur Mittagszeit auch recht voll. Getr\u00e4nk nachf\u00fcllbar kostet mittlerweile 1,95, was also auch eher unversch\u00e4mt ist. K\u00f6ttbular 6,95 bzw 7,95 je nach Anzahl. Plus Getr\u00e4nk (Preiselbeerlimo nat\u00fcrlich) also 9,90 gezahlt, naja g\u00fcnstiger als KFC. <\/p>\n<p>Vorhin beim Lidl ein Franzbr\u00f6tchen mitgenommen, schmeckt fast besser als die IKEA-Zimtschnecke  (plus g\u00fcnstiger) &#8211; nahm aber doch zwei mit und a\u00df die erste gleich, weil warm. Und weil warm schmeckt die dann doch besser als das Franzbr\u00f6tchen. Die sah heut auch etwas besser aus, \u00e4hnlich der selbst aufgebackenen aus dem TK-Regal, nach oben aufgegangen. Die im Retaurant oben verkauften waren flach?!<\/p>\n<p>Eigenartiger Zufall: die Nummer am Shop\/Bistro f\u00fcr die Zimtschnecken war ident zu meinem Parkplatz in der Tiefgarage: 211<\/p>\n<p>TK-Tunnbr\u00f6d nat\u00fcrlich auch wieder mitgenommen und somit den Schwedenhunger wieder etwas gestillt, auch wenn sich so eine gewisse Schwedensehnsucht doch langsam aufbaut. N\u00e4chsten Winter also fix Skandinavien.<\/p>\n<p>Um 13:45 war ich fertig, den 30km entfernten Autobahn-Rastplatz wollte ich erst morgen fr\u00fch anfahren.<\/p>\n<p>Nach etwas Rumsuchen im Netz auf einen nachmittagssonnigen Parkplatz etwas nahe einer viel befahrenen Stra\u00dfe gestellt  &#8211; hier k\u00f6nnte ich ggf. auch schlafen und h\u00e4tte heute noch einen Aussichtsturm zu besichtigen.<\/p>\n<p>Um 15:00 kam ich an, wollte aber nicht m ehr bis zum Sonnenuntergang um 17 Uhr warten. Internet hier etwas schwierig. bei allen 4 Anbietern.<\/p>\n<p><a href='http:\/\/extra.inmontanis.info\/d\/138456-2\/dsc00337.jpg'><img src=http:\/\/extra.inmontanis.info\/d\/138454-3\/dsc00337.jpg \/><\/a><br \/>\n^ Aufgang zum Sch\u00f6nbuchturm<\/p>\n<p><a href='http:\/\/extra.inmontanis.info\/d\/138460-2\/dsc00341.jpg'><img src=http:\/\/extra.inmontanis.info\/d\/138459-3\/dsc00341.jpg \/><\/a><br \/>\n^ Der ungew\u00f6hnliche Sch\u00f6nbuchturm mit 2 Treppen (eine rauf, eine runder), 3 Plattformen und 8 langen Holzmasten<\/p>\n<p><a href='http:\/\/extra.inmontanis.info\/d\/138464-2\/dsc00342.jpg'><img src=http:\/\/extra.inmontanis.info\/d\/138463-3\/dsc00342.jpg \/><\/a><br \/>\n^ Sch\u00f6nbuchturm<\/p>\n<p><a href='http:\/\/extra.inmontanis.info\/d\/138468-2\/dsc00345.jpg'><img src=http:\/\/extra.inmontanis.info\/d\/138467-3\/dsc00345.jpg \/><\/a><br \/>\n^ Die zweite Plattform bietet bereits ein weites Panorama<\/p>\n<p><a href='http:\/\/extra.inmontanis.info\/d\/138472-2\/dsc00347.jpg'><img src=http:\/\/extra.inmontanis.info\/d\/138471-3\/dsc00347.jpg \/><\/a><br \/>\n^ Treppe in den Himmel<\/p>\n<p><a href='http:\/\/extra.inmontanis.info\/d\/138476-2\/dsc00349.jpg'><img src=http:\/\/extra.inmontanis.info\/d\/138475-3\/dsc00349.jpg \/><\/a><br \/>\n^ Kugel mit Zeitkapsel. Gute Nerven braucht man schon bei dieser Treppe!<\/p>\n<p><a href='http:\/\/extra.inmontanis.info\/d\/138480-2\/dsc00350.jpg'><img src=http:\/\/extra.inmontanis.info\/d\/138479-3\/dsc00350.jpg \/><\/a><br \/>\n^ Dritte, oberste Ebene<\/p>\n<p><a href='http:\/\/extra.inmontanis.info\/d\/138484-2\/dsc00352.jpg'><img src=http:\/\/extra.inmontanis.info\/d\/138483-3\/dsc00352.jpg \/><\/a><br \/>\n^ Pano<\/p>\n<p><a href='http:\/\/extra.inmontanis.info\/d\/138488-2\/dsc00353.jpg'><img src=http:\/\/extra.inmontanis.info\/d\/138487-3\/dsc00353.jpg \/><\/a><br \/>\n^ Pano<\/p>\n<p><a href='http:\/\/extra.inmontanis.info\/d\/138492-2\/dsc00354.jpg'><img src=http:\/\/extra.inmontanis.info\/d\/138491-3\/dsc00354.jpg \/><\/a><br \/>\n^ Zoompano, s\u00fcdlich vom Turm soll die Schw\u00e4bische Alb sein<\/p>\n<p><a href='http:\/\/extra.inmontanis.info\/d\/138496-2\/dsc00357.jpg'><img src=http:\/\/extra.inmontanis.info\/d\/138495-3\/dsc00357.jpg \/><\/a><br \/>\n^ <\/p>\n<p><a href='http:\/\/extra.inmontanis.info\/d\/138500-2\/dsc00356.jpg'><img src=http:\/\/extra.inmontanis.info\/d\/138499-3\/dsc00356.jpg \/><\/a><br \/>\n^ Zoompano<\/p>\n<p><a href='http:\/\/extra.inmontanis.info\/d\/138504-2\/dsc00358.jpg'><img src=http:\/\/extra.inmontanis.info\/d\/138503-3\/dsc00358.jpg \/><\/a><br \/>\n^ Zoompano<\/p>\n<p><a href='http:\/\/extra.inmontanis.info\/d\/138508-2\/dsc00360.jpg'><img src=http:\/\/extra.inmontanis.info\/d\/138507-3\/dsc00360.jpg \/><\/a><br \/>\n^ Pano<\/p>\n<p><a href='http:\/\/extra.inmontanis.info\/d\/138512-2\/dsc00361.jpg'><img src=http:\/\/extra.inmontanis.info\/d\/138511-3\/dsc00361.jpg \/><\/a><br \/>\n^ Zoompano<\/p>\n<p><a href='http:\/\/extra.inmontanis.info\/d\/138516-2\/dsc00363.jpg'><img src=http:\/\/extra.inmontanis.info\/d\/138515-3\/dsc00363.jpg \/><\/a><br \/>\n^ Pano<\/p>\n<p><a href='http:\/\/extra.inmontanis.info\/d\/138520-2\/dsc00365.jpg'><img src=http:\/\/extra.inmontanis.info\/d\/138519-3\/dsc00365.jpg \/><\/a><br \/>\n^ Zoompano<\/p>\n<p><a href='http:\/\/extra.inmontanis.info\/d\/138524-2\/dsc00368.jpg'><img src=http:\/\/extra.inmontanis.info\/d\/138523-3\/dsc00368.jpg \/><\/a><br \/>\n^ Zoompano<\/p>\n<p><a href='http:\/\/extra.inmontanis.info\/d\/138528-2\/dsc00369.jpg'><img src=http:\/\/extra.inmontanis.info\/d\/138527-3\/dsc00369.jpg \/><\/a><br \/>\n^ <\/p>\n<p><a href='http:\/\/extra.inmontanis.info\/d\/138532-2\/dsc00371.jpg'><img src=http:\/\/extra.inmontanis.info\/d\/138531-3\/dsc00371.jpg \/><\/a><br \/>\n^ Zoompano<\/p>\n<p><a href='http:\/\/extra.inmontanis.info\/d\/138536-2\/dsc00372.jpg'><img src=http:\/\/extra.inmontanis.info\/d\/138535-3\/dsc00372.jpg \/><\/a><br \/>\n^ Pano mit Plattform<\/p>\n<p><a href='http:\/\/extra.inmontanis.info\/d\/138540-2\/dsc00373.jpg'><img src=http:\/\/extra.inmontanis.info\/d\/138539-3\/dsc00373.jpg \/><\/a><br \/>\n^ Sch\u00f6nbuchturm von oben<\/p>\n<p>Ich brauch in den n\u00e4chsten Tagen mal einen WC-Entsorgung; hab noch nie so einen Automaten benutzt mit Geldeinwurf, teilweise steht da ja bei P4N dabei, dass es kein Wasser zur Toilettensp\u00fclung gibt &#8211; dann w\u00e4r das unpassend f\u00fcr mich, weil ich ja auch als Grundlage Wasser einf\u00fcllen muss.  Strom f\u00fcr Batterien \u00fcber Nacht w\u00e4r auch mal nett.<\/p>\n<p>Trotz der sonnengew\u00e4rmten 26\u00b0 um noch nach 16 Uhr k\u00fchlte es im Auto bis 22 Uhr auf 14,7\u00b0 ab.<\/p>\n<p><strong>Di, 4.11.2025<\/strong><\/p>\n<p>Bei morgens ledilglich 1\u00b0 fuhr ich noch gut 10min zum n\u00e4chsten Autobahnrastplatz. <\/p>\n<p><a href='http:\/\/extra.inmontanis.info\/d\/138544-2\/dsc00379.jpg'><img src=http:\/\/extra.inmontanis.info\/d\/138543-3\/dsc00379.jpg \/><\/a><br \/>\n^ Im Tal heute Nebel, h\u00e4tte sch\u00f6ne Bilder gegeben, wenn es einen Aussichtshalt gegeben h\u00e4tte<\/p>\n<p>Sehr sonniger Tag heut, schad, dass ich keine Outdoor-Aktivit\u00e4ten geplant habe. Oder find ich noch etwas auf dem Weg zum morgigen Ziel?<\/p>\n<p>Daf\u00fcr l\u00e4gen auf dem Weg einige gratis oder g\u00fcnstige Stellpl\u00e4tze mit Strom und Entsorgungsm\u00f6glichkeit. <\/p>\n<p>Das Einzelkabinen-WC am Autobahnrastplatz noch f\u00fcr eine kleine W\u00e4sche genutzt, Str\u00fcmpfe \/ Unterhose trocknet dann innerhalb ca. 1-2h Fahrt am Auslass der Heizug und Klimaanlage.<\/p>\n<p>Musste zwar heut nicht einkaufen, aber weil eine Norma auf dem Weg war und ich bald Deutschland verlassen w\u00fcrde, k\u00f6nnte man ja noch ein paar Dinge einkaufen.<\/p>\n<p>Eine brauchbare einzelne Pizza gabs leider nicht, nur Mehrfachpacks, wobei da  auch nix dabei gewesen w\u00e4re, auch die anderen tief- und gek\u00fchlten Fertiggerichte  konnten mich nicht \u00fcberzeugen bzw. entschied ich mich dann f\u00fcr ein gek\u00fchltes Hirschgulasch mit Preiselbeerso\u00dfe.<\/p>\n<p>Noch eine Volvic-Flasche gekauft, um 2 Pinkelflaschen zu haben. Wenn ich nur w\u00fcsste, ob ich irgendwann zu einem neuen Verschluss f\u00fcr meinen Kanister k\u00e4me oder ihn gleich wegschmei\u00dfen soll, braucht ja schon viel Platz, wenn ich ihn nicht richtig verwenden kann und auch noch 2 Flaschen extra rumstehen.<\/p>\n<p>Der Unterschied mit dem Auto in der Sonne stehen ist schon ein gro\u00dfer Unterschied zwischen hier und Skandinavien jetzt zu der Jahreszeit. Hier bekommt man noch locker sommerliche 30\u00b0.<\/p>\n<p>Der erste m\u00f6gliche Stellplatz direkt an der Stra\u00dfe gefiel mir nicht sonderlich und Strom ginge auch nur von den 2 offiiellen Stellpl\u00e4tzen aus, f\u00fcr den Rest w\u00fcrde mein Kabel nicht reichen. Aber ich entleerte mal mein WC, weil gratis, inkl. Wasser zum Aussp\u00fclen, wei\u00df ich nun auch mal, wie dieses System hier funktioniert.<\/p>\n<p>Am n\u00e4chsten Parkplatz gab es verteilt mehrere gratis Stellpl\u00e4tze, nebendran die PKW-Pl\u00e4tze aber immer belegt &#8211; bis auf einen, wobei ich mich dort sogar gegen\u00fcber auf den PKW-Platz stellen konnte und den Strom dann einfach vom offiziellen Wohnmobilstellplatz r\u00fcberlegen konnte.<\/p>\n<p>Es gab mehrere nicht verwendete Anschl\u00fcsse, die im System als &#8220;belegt&#8221; markiert wurden &#8211; weil noch ein Guthaben drauf war, eines mit 60 Cent und 1,2 kWh, da kann man gleich mal testen, ob Strom da ist.<\/p>\n<p>Wieviel brauch ich samt Kochen und Heizen und Batterie laden bis morgen?<\/p>\n<p>Man konnte sogar mit Karte zahlen und ich entschied mich f\u00fcr +2 \u20ac, wodurch der Z\u00e4hler auf 5,2 kWh wuchs, d.h. 50 Cent pro kWh, ein g\u00fcnstiger Preis. Zu wenig  kWh, um den gro\u00dfen Heizer die ganze Nacht durchlaufen zu lassen, aber so kalt wirds ja eh nicht. Die beiden Batterien werden vmtl. ca. 2 kWh laden. Man scheint aber nur in 1 \u20ac Schritten bezahlen zu k\u00f6nen, zumindst mit Karte.<\/p>\n<p><a href='http:\/\/extra.inmontanis.info\/d\/138548-2\/dsc00382.jpg'><img src=http:\/\/extra.inmontanis.info\/d\/138547-3\/dsc00382.jpg \/><\/a><br \/>\n^ Stellpl\u00e4tze mit Strom, kann man auch mit Kreditkarte (kontaktlos) zahlen<\/p>\n<p>.. und im Sommer ohne Schatten etwas problematischer ..<\/p>\n<p>Scheint so, als k\u00f6nnte ich den Winter in manchen Gebieten mal wieder gerade zum letzten Moment sein, in Guzet soll in den n\u00e4chsten Jahren eine komplette Umstellung erfolgen &#8211; und der eine Sektor mit 3 KSSL soll diesen Winter das letzte Mal offen sein, bei den restlichen Sesselliften soll einer mit SL und einer mit einer EUB ersetzt werden und auch ein weiterer Sektor soll dann stillgelegt werden. Dann mal hoffen, dass Schnee liegt und Gl\u00fcck haben, dass die heuer noch alle laufen, wo ich da ja schon eine Saisonkarte gekauft hab &#8230; (Die Ariegeois-Saisonkarte hatte ich mir ja wegen Ax und Guzet gekauft; w\u00e4re es bereits &#8220;nach der Stilllegung+Umgestaltung&#8221;, h\u00e4tte  ich sie mir nicht gekauft.)<\/p>\n<p>Vor einigen Jahrzehnten hatte man hier mal ein Projekt eines franz\u00f6sisch-spanischen Gro\u00dfraumskigebiets, das das gr\u00f6\u00dfte der Pyren\u00e4en h\u00e4tte werden sollen, aber wurde nix.<\/p>\n<p>(Auf Ax, Guzet, Artouste und Grand Tourmalet bin ich wohl am meisten gespannt.)<\/p>\n<p>&#8220;Warum will er sich eigentlich unbedingt so viele Saisonkarten kaufen, soll er sich halt auf 2 beschr\u00e4nken und n\u00e4chstes Jahr nochmal kommen&#8221; .. tja, n\u00e4chstes Jahr ist mein Schwedenhunger zu gro\u00df, danach will ich endlich mal wieder in den Osten und wer wei\u00df, was danach mit den Skigebieten in den Pyren\u00e4en  passiert ist oder ob in weiteren L\u00e4ndern Helmpflich eingef\u00fchrt wurde &#8211; dann lieber heuer einen vorerst einmaligen und intensiven Pyren\u00e4en-Besuch. <\/p>\n<p>.. da muss ich heuer in den sauren 3000+\u20ac-Apfel bei\u00dfen&#8230;<\/p>\n<p>Falls ich dann in ein paar Jahren noch einmal kommen wollen sollte, kenn ich die Skigebiete schon besser und werd mich vmtl. f\u00fcr 1-3 Saisonkarten entscheiden k\u00f6nnen. Und vielleicht gibts dann auch wieder mehr Karten mit mehr Skigebieten.<\/p>\n<p>Schaschlik hab ich auch nirgends mehr gefunden in letzter Zeit und auch die n\u00e4chsten Tage nicht mehr. Gibts zwar nicht ganz so selten wie Karpfen, aber auch nicht so h\u00e4ufig wie Currywurst.<\/p>\n<p><strong>Mi, 5.11.2025<\/strong> &#8211; Teil 1<\/p>\n<p>Um  5 Uhr schaltete ich den Heizer wieder ein (geht ja dank Fernbedienung im Halbschlaf), um 6 Uhr l\u00e4utete schon die Kirche Sturm.<\/p>\n<p>Batterien wurden diesmal beide voll geladen.<\/p>\n<p>Heute Morgen der erste Frost auf den Scheiben in diesem Winter. Macht das Entfeuchten mit dem Microfasertuch von der Innenseite echt unangenehm, weil kalt. Und man ja oft T\u00fcr \u00f6ffnen und auswringen muss., da ich nur eine Ecke des Tuchs verwende, damit es sp\u00e4ter schneller wieder trocknet.<\/p>\n<p>Leider hab ich auch noch keinen Abzieher mit Wasserbeh\u00e4lter gefunden. Klar, es gibt Abzieher mit Staubsauger, aber das ist mir dann viel zu gro\u00df. W\u00fcrde doch auch mit Schwerkraft gehen, man zieht einfach mit einem kleinen 10-15cm-Abzieher von unten nach oben und dann sollte es doch m\u00f6glich sein, das Wasser in einen kleinen Beh\u00e4lter aufzufangen?! Warum gibts da sowas nicht?<\/p>\n<p><em>In den n\u00e4chsten 2 Wochen experimentiere ich diesbez\u00fcglich mit gebastelten Alternativen herum.<\/em><\/p>\n<p>Wo soll das mit dieser degenerierten Menschheit noch hinf\u00fchren? Seit heute wei\u00df ich nun, dass es &#8220;smarte&#8221; Trinkflaschen gibt:<\/p>\n<blockquote><p>Verfolgen Sie Ihren Fortschritt, erhalten Sie personalisierte Trinkziele, sehen Sie sich den Verlauf an, nehmen Sie an Herausforderungen teil, treten Sie mit Freunden an, verdienen Sie Troph\u00e4en <...> und erreichen Sie Ihre Trinkziele.<br \/>\nIntelligente Getr\u00e4nke-Erinnerungen: Bleiben Sie hydratisiert mit anpassbaren 360\u00b0-Leuchtwarnungen und optionalen Sound-Erinnerungen, wenn es Zeit zum Trinken ist.&#8221;<\/p><\/blockquote>\n<p><a href='https:\/\/www.amazon.de\/dp\/B0FJ8RQCS1'>https:\/\/www.amazon.de\/dp\/B0FJ8RQCS1<\/a><\/p>\n<p>.. ob es wohl auch schon eine App gibt, die einem sagt, wann man ein- und ausatmen soll, damit nat\u00fcrlich auch loggt, wieviel CO2 man produziert hat und man Troph\u00e4en bekommt, wenn man am Ende des Tages weniger CO2 als z.B. gestern oder der Durchschnitt verbraucht hat?!<\/p>\n<p>Mannmannmann &#8230; blo\u00df nix mehr selbst denken&#8230; <\/p>\n<p>Heute dann in und durch den Schwarzwald gefahren. In Schramberg ist die Firma Junghans (Uhren) und es gibt da auch mehrere Museen. Ist mir bei meiner Suche gestern nach Zwischenzielen doch gar nicht aufgefallen? Oder gestern nicht sinnvoll ge\u00f6ffnet gewesen? <\/p>\n<p>Es gibt ein Auto- und Uhrenmuseum, ein Eisenbahnmuseum (das hatte ich gefunden, hatte mich aber nicht so interessiert) und das Terrassenbaumuseum, in dem nicht nur viele alte Uhren, sondern auch wieder einmal Musikautomaten ausgestellt sein sollen! Mist, das h\u00e4tte ich mir gestern anschauen sollen :( Da h\u00e4tte ich auch die letzten beiden Tage nicht so rumtr\u00f6deln sollen&#8230;<\/p>\n<p>.. aber heute muss ich nach Waldkirch, da nur heute F\u00fchrung ..<\/p>\n<p><a href='http:\/\/extra.inmontanis.info\/d\/138554-2\/dsc00385.jpg'><img src=http:\/\/extra.inmontanis.info\/d\/138552-3\/dsc00385.jpg \/><\/a><br \/>\n^ Schramberg, hier muss man von weiter oben mal wieder runter ins Tal fahren &#8211; um dann auf der anderen Seite wieder raus zu fahren ..<\/p>\n<p><a href='http:\/\/extra.inmontanis.info\/d\/138558-2\/dsc00387.jpg'><img src=http:\/\/extra.inmontanis.info\/d\/138557-3\/dsc00387.jpg \/><\/a><br \/>\n^ In Schramberg ist die Firma Junghans samt Museum oder Museen &#8211; leider verpasst.<\/p>\n<p><a href='http:\/\/extra.inmontanis.info\/d\/138562-2\/dsc00392.jpg'><img src=http:\/\/extra.inmontanis.info\/d\/138561-3\/dsc00392.jpg \/><\/a><br \/>\n^ Schramberg<\/p>\n<p><a href='http:\/\/extra.inmontanis.info\/d\/138566-2\/dsc00399.jpg'><img src=http:\/\/extra.inmontanis.info\/d\/138565-3\/dsc00399.jpg \/><\/a><br \/>\n^ Durch den Schwarzwald rauf und runter<\/p>\n<p><a href='http:\/\/extra.inmontanis.info\/d\/138570-2\/dsc00401.jpg'><img src=http:\/\/extra.inmontanis.info\/d\/138569-3\/dsc00401.jpg \/><\/a><br \/>\n^ teilweise auch steilere Stra\u00dfen<\/p>\n<p><a href='http:\/\/extra.inmontanis.info\/d\/138574-2\/dsc00404.jpg'><img src=http:\/\/extra.inmontanis.info\/d\/138573-3\/dsc00404.jpg \/><\/a><br \/>\n^ Eisenbahnbr\u00fccke<\/p>\n<p><a href='http:\/\/extra.inmontanis.info\/d\/138578-2\/dsc00406.jpg'><img src=http:\/\/extra.inmontanis.info\/d\/138577-3\/dsc00406.jpg \/><\/a><br \/>\n^ Riesenklo<\/p>\n<p><a href='http:\/\/extra.inmontanis.info\/d\/138582-2\/dsc00408.jpg'><img src=http:\/\/extra.inmontanis.info\/d\/138581-3\/dsc00408.jpg \/><\/a><br \/>\n^ Sch\u00f6ne T\u00e4ler<\/p>\n<p><a href='http:\/\/extra.inmontanis.info\/d\/138586-2\/dsc00410.jpg'><img src=http:\/\/extra.inmontanis.info\/d\/138585-3\/dsc00410.jpg \/><\/a><br \/>\n^ Sch\u00f6ne T\u00e4ler<\/p>\n<p><a href='http:\/\/extra.inmontanis.info\/d\/138590-2\/dsc00411.jpg'><img src=http:\/\/extra.inmontanis.info\/d\/138589-3\/dsc00411.jpg \/><\/a><br \/>\n^ Sch\u00f6ner Schwarzwald<\/p>\n<p><a href='http:\/\/extra.inmontanis.info\/d\/138594-2\/dsc00414.jpg'><img src=http:\/\/extra.inmontanis.info\/d\/138593-3\/dsc00414.jpg \/><\/a><br \/>\n^ Richtung Waldkirch<\/p>\n<p>Um 12:45 kam ich in Waldkirch am kostenlosen Parkplatz am Sportplatz an, das Museum soll mitten in der Stadt und ja erst ab 13 Uhr offen sein, um 15 Uhr soll mittwochs die F\u00fchrung sein.<\/p>\n<p>.. aber der Rest des Tages mit den Bildern vom Museum kommen in den n\u00e4chsten Bericht! Sind sonst wieder zu viel &#8230;<\/p>\n","protected":false},"excerpt":{"rendered":"<p>Mo, 3.11.2025<\/p>\n<p>Heut fr\u00fch unter 10\u00b0, also Standheizung. Sollte mir angew\u00f6hnen, auch ohne WC dort morgens einen sonnigen Parkplatz anzufahren, wenn ich unter B\u00e4umen steh und keine Sonne morgens zu erwarten ist&#8230;<\/p>\n<p>Mal die Strecken kalkuliert, witzig, egal ob Feldberg vor oder nach Waldkirch, der Umweg ist fast ident &#8211; 74 bis 78 km. Ist <a href=\"http:\/\/blog.inmontanis.info\/?p=10984\">[&#8230;]<\/a><\/p>\n","protected":false},"author":1,"featured_media":10987,"comment_status":"closed","ping_status":"closed","sticky":false,"template":"","format":"standard","meta":{"footnotes":""},"categories":[950,12],"tags":[],"class_list":["post-10984","post","type-post","status-publish","format-standard","has-post-thumbnail","hentry","category-2025-09-2026-11-pyrenaen-uk-co","category-germany","odd"],"_links":{"self":[{"href":"http:\/\/blog.inmontanis.info\/index.php?rest_route=\/wp\/v2\/posts\/10984","targetHints":{"allow":["GET"]}}],"collection":[{"href":"http:\/\/blog.inmontanis.info\/index.php?rest_route=\/wp\/v2\/posts"}],"about":[{"href":"http:\/\/blog.inmontanis.info\/index.php?rest_route=\/wp\/v2\/types\/post"}],"author":[{"embeddable":true,"href":"http:\/\/blog.inmontanis.info\/index.php?rest_route=\/wp\/v2\/users\/1"}],"replies":[{"embeddable":true,"href":"http:\/\/blog.inmontanis.info\/index.php?rest_route=%2Fwp%2Fv2%2Fcomments&post=10984"}],"version-history":[{"count":2,"href":"http:\/\/blog.inmontanis.info\/index.php?rest_route=\/wp\/v2\/posts\/10984\/revisions"}],"predecessor-version":[{"id":10986,"href":"http:\/\/blog.inmontanis.info\/index.php?rest_route=\/wp\/v2\/posts\/10984\/revisions\/10986"}],"wp:featuredmedia":[{"embeddable":true,"href":"http:\/\/blog.inmontanis.info\/index.php?rest_route=\/wp\/v2\/media\/10987"}],"wp:attachment":[{"href":"http:\/\/blog.inmontanis.info\/index.php?rest_route=%2Fwp%2Fv2%2Fmedia&parent=10984"}],"wp:term":[{"taxonomy":"category","embeddable":true,"href":"http:\/\/blog.inmontanis.info\/index.php?rest_route=%2Fwp%2Fv2%2Fcategories&post=10984"},{"taxonomy":"post_tag","embeddable":true,"href":"http:\/\/blog.inmontanis.info\/index.php?rest_route=%2Fwp%2Fv2%2Ftags&post=10984"}],"curies":[{"name":"wp","href":"https:\/\/api.w.org\/{rel}","templated":true}]}}