{"id":10981,"date":"2025-11-02T19:03:43","date_gmt":"2025-11-02T18:03:43","guid":{"rendered":"http:\/\/blog.inmontanis.info\/?p=10981"},"modified":"2025-11-15T19:09:04","modified_gmt":"2025-11-15T18:09:04","slug":"strasenbahnmuseum-stuttgart-mit-2-linien-2-11-2025","status":"publish","type":"post","link":"http:\/\/blog.inmontanis.info\/?p=10981","title":{"rendered":"Stra\u00dfenbahnmuseum Stuttgart mit 2 Linien, 2.11.2025"},"content":{"rendered":"<p><strong>So, 2.11.2025<\/strong><\/p>\n<p><a href='http:\/\/extra.inmontanis.info\/d\/138125-2\/dsc00078.jpg'><img src=http:\/\/extra.inmontanis.info\/d\/138124-3\/dsc00078.jpg \/><\/a><br \/>\n^ Single road with passing places .. gibts nicht nur im UK, sogar in DE ;)<\/p>\n<p><a href='http:\/\/extra.inmontanis.info\/d\/138129-2\/dsc00080.jpg'><img src=http:\/\/extra.inmontanis.info\/d\/138128-3\/dsc00080.jpg \/><\/a><br \/>\n^ .. die ist echt recht britisch, die Stra\u00dfe hier<\/p>\n<p>(Heute 285 Fotos gemacht, nach dem 1. Durchgang mit Bearbeiten blieben noch 128 \u00fcbrig, final dann 82.)<\/p>\n<p>Semmel an der Jet-Tankstelle ist teurer als gestern bei Aral : 0,59 statt 0,49 \u20ac.<br \/>\nNahm noch eine kalte, gro\u00dfe Omelette-Schinken-Salat-Gurke-Tomaten-K\u00e4se-K\u00e4sesemmel mit um 3;99.<\/p>\n<p>In Stuttgart die n\u00e4chsten Baustellen und Umleitungen, zuf\u00e4llig bei Porsche vorbei gefahren und mein Navi wollte mich \u00fcber eine Br\u00fccke schicken, die nur noch f\u00fcr Radfahrer offen ist. Die n\u00e4chte war dann gesperrt und die dritte hatte ich auf &#8220;vermeiden&#8221; gestellt, weil mir das in Gmaps nicht klar war, was da wie gesperrt ist und weil man nicht links abbiegen kann, sondern umwegig wenden muss (an der n\u00e4chsten Ampel gar nicht erlaubt)<\/p>\n<p>Da wei\u00df ich doch schon, dass ich Tramfahren und Museum heute alles an einem Tag machen muss, morgen nochmals hier durch Stuttgart f\u00fcr das Museum fahren hab ich keine Lust.<\/p>\n<p><a href='http:\/\/extra.inmontanis.info\/d\/138133-2\/dsc00091.jpg'><img src=http:\/\/extra.inmontanis.info\/d\/138132-3\/dsc00091.jpg \/><\/a><br \/>\n^ Stadtbahn im Raum Stuttgart, verkehrt ober- und unterirdisch<\/p>\n<p><a href='http:\/\/extra.inmontanis.info\/d\/138137-2\/dsc00096.jpg'><img src=http:\/\/extra.inmontanis.info\/d\/138136-3\/dsc00096.jpg \/><\/a><br \/>\n^ Viele Br\u00fccken und viele Bauarbeiten<\/p>\n<p>Um 9:35 Uhr war ich bereits am Stra\u00dfenbahnmuseum in Bad Canstatt, das um 10 Uhr aufmachen soll. Parkpl\u00e4tze direkt am Depot sams- und sonntags frei, praktisch f\u00fcr das regnerische Wetter heute.<\/p>\n<p>Die Tageskarte Museum + Tramfahren kostet 13,50, es gibt 2 Museumstramlinien,  wobei laut Fahrplan 2 Garnituren reichen w\u00fcrden, erste f\u00e4hrt um 10:40. <\/p>\n<p>Die nachmitt\u00e4gliche Linie f\u00e4hrt zum Fernsehturm, dort kann man auch rauffahren um 12,50, aber ob das heute wetterm\u00e4\u00dfig so lohnenswert ist &#8230;<\/p>\n<p><a href='http:\/\/extra.inmontanis.info\/d\/138141-2\/dsc00106.jpg'><img src=http:\/\/extra.inmontanis.info\/d\/138140-3\/dsc00106.jpg \/><\/a><br \/>\n^ Fahrplan der historischen Trams, f\u00e4hrt jeden Sonntag. Die 1402-Fahrt auf der l\u00e4ngeren roten Strecke verkehrt nur von Oktober bis April<\/p>\n<p><a href='http:\/\/extra.inmontanis.info\/d\/138145-2\/dsc00107.jpg'><img src=http:\/\/extra.inmontanis.info\/d\/138144-3\/dsc00107.jpg \/><\/a><br \/>\n^ Depot<\/p>\n<p><a href='http:\/\/extra.inmontanis.info\/d\/138149-2\/dsc00108.jpg'><img src=http:\/\/extra.inmontanis.info\/d\/138148-3\/dsc00108.jpg \/><\/a><br \/>\n^ Museum<\/p>\n<p><a href='http:\/\/extra.inmontanis.info\/d\/138153-2\/dsc00109.jpg'><img src=http:\/\/extra.inmontanis.info\/d\/138152-3\/dsc00109.jpg \/><\/a><br \/>\n^ Nachbau eines 1889er Pferdetram-Wagens (BJ 1993)<\/p>\n<p><a href='http:\/\/extra.inmontanis.info\/d\/138157-2\/dsc00114.jpg'><img src=http:\/\/extra.inmontanis.info\/d\/138156-3\/dsc00114.jpg \/><\/a><br \/>\n^ Daimler-Motorwagen mit Benzinmotor f\u00fcr die Pferdetram<\/p>\n<p><a href='http:\/\/extra.inmontanis.info\/d\/138161-2\/dsc00116.jpg'><img src=http:\/\/extra.inmontanis.info\/d\/138160-3\/dsc00116.jpg \/><\/a><br \/>\n^ Es gab hier auch doppelst\u00f6ckige Pferdestra\u00dfenbahnwagen, oben wie im UK mit Knifeboard-B\u00e4nken<\/p>\n<p><a href='http:\/\/extra.inmontanis.info\/d\/138165-2\/dsc00117.jpg'><img src=http:\/\/extra.inmontanis.info\/d\/138164-3\/dsc00117.jpg \/><\/a><br \/>\n^ Coole enge Gasse mit Stra\u00dfenbahn<\/p>\n<p><a href='http:\/\/extra.inmontanis.info\/d\/138169-2\/dsc00129.jpg'><img src=http:\/\/extra.inmontanis.info\/d\/138168-3\/dsc00129.jpg \/><\/a><br \/>\n^ <\/p>\n<p><a href='http:\/\/extra.inmontanis.info\/d\/138173-2\/dsc00131.jpg'><img src=http:\/\/extra.inmontanis.info\/d\/138172-3\/dsc00131.jpg \/><\/a><br \/>\n^ <\/p>\n<p><a href='http:\/\/extra.inmontanis.info\/d\/138177-2\/dsc00133.jpg'><img src=http:\/\/extra.inmontanis.info\/d\/138176-3\/dsc00133.jpg \/><\/a><br \/>\n^ WN 32 (BJ 1905)  +  WN 26<\/p>\n<p><a href='http:\/\/extra.inmontanis.info\/d\/138181-2\/dsc00134.jpg'><img src=http:\/\/extra.inmontanis.info\/d\/138180-3\/dsc00134.jpg \/><\/a><br \/>\n^ WN 32<\/p>\n<p><a href='http:\/\/extra.inmontanis.info\/d\/138185-2\/dsc00139.jpg'><img src=http:\/\/extra.inmontanis.info\/d\/138184-3\/dsc00139.jpg \/><\/a><br \/>\n^ WN 26<\/p>\n<p><a href='http:\/\/extra.inmontanis.info\/d\/138189-2\/dsc00140.jpg'><img src=http:\/\/extra.inmontanis.info\/d\/138188-3\/dsc00140.jpg \/><\/a><br \/>\n^ WN 26 + 610<\/p>\n<p><a href='http:\/\/extra.inmontanis.info\/d\/138193-2\/dsc00143.jpg'><img src=http:\/\/extra.inmontanis.info\/d\/138192-3\/dsc00143.jpg \/><\/a><br \/>\n^ Es gibt sehr viele Infotafeln, teilweise wiederholend und zu ausschweifend &#8211; war mir ausnahmsweise zu viel Text.<\/p>\n<p><a href='http:\/\/extra.inmontanis.info\/d\/138197-2\/dsc00144.jpg'><img src=http:\/\/extra.inmontanis.info\/d\/138196-3\/dsc00144.jpg \/><\/a><br \/>\n^ Was ich noch in keinem andern Museum gesehen hab &#8211; hier kan man eine Stra\u00dfenbahn von unten anschauen!<\/p>\n<p><a href='http:\/\/extra.inmontanis.info\/d\/138201-2\/dsc00146.jpg'><img src=http:\/\/extra.inmontanis.info\/d\/138200-3\/dsc00146.jpg \/><\/a><br \/>\n^ Museumshalle<\/p>\n<p>Um 10:35 ging ich zur Museumsstra\u00dfenbahn, wo schon beide Wagen sitzplatzm\u00e4\u00dfig voll waren und einige standen. <\/p>\n<p>Ein Gro\u00dfteil der Strecke f\u00fchrt unter der Erde, so dass das meine erste Untergundstra\u00dfenbahnfahrt im gro\u00dferen Stil war (ein kurzes St\u00fcck gab&#8217;s auch in N\u00fcrnberg, allerdings ohne Haltestelle).<\/p>\n<p><a href='http:\/\/extra.inmontanis.info\/d\/138205-2\/dsc00148.jpg'><img src=http:\/\/extra.inmontanis.info\/d\/138204-3\/dsc00148.jpg \/><\/a><br \/>\n^ Wagen 802 f\u00e4hrt bald auf Linie 21 los &#8211; schon recht voll<\/p>\n<p><a href='http:\/\/extra.inmontanis.info\/d\/138209-2\/dsc00149.jpg'><img src=http:\/\/extra.inmontanis.info\/d\/138208-3\/dsc00149.jpg \/><\/a><br \/>\n^ Wagen 802. Erst hier wurde mir klar, dass ich nicht ganz hinten steh, sondern ganz vorne &#8211; die Tram f\u00e4hrt durch das Depot durch!<\/p>\n<p><a href='http:\/\/extra.inmontanis.info\/d\/138213-2\/dsc00150.jpg'><img src=http:\/\/extra.inmontanis.info\/d\/138212-3\/dsc00150.jpg \/><\/a><br \/>\n^ Leider keine Faltt\u00fcren<\/p>\n<p><a href='http:\/\/extra.inmontanis.info\/d\/138217-2\/dsc00157.jpg'><img src=http:\/\/extra.inmontanis.info\/d\/138216-3\/dsc00157.jpg \/><\/a><br \/>\n^ Start der Fahrt durchs Depot<\/p>\n<p><a href='http:\/\/extra.inmontanis.info\/d\/138221-2\/dsc00160.jpg'><img src=http:\/\/extra.inmontanis.info\/d\/138220-3\/dsc00160.jpg \/><\/a><br \/>\n^ Weitere historische Fahrzeuge im Depot<\/p>\n<p><a href='http:\/\/extra.inmontanis.info\/d\/138225-2\/dsc00161.jpg'><img src=http:\/\/extra.inmontanis.info\/d\/138224-3\/dsc00161.jpg \/><\/a><br \/>\n^ Ausfhart aus dem Depot, um dann sp\u00e4ter eine Schleife zu vollenden<\/p>\n<p><a href='http:\/\/extra.inmontanis.info\/d\/138229-2\/dsc00166.jpg'><img src=http:\/\/extra.inmontanis.info\/d\/138228-3\/dsc00166.jpg \/><\/a><br \/>\n^ Die neue Stadtbahn f\u00e4hrt mit Normalspur, w\u00e4hrend die Stra\u00dfenbahn mit Meterspur fuhr &#8211; und man g\u00f6nnt sich den Luxus, f\u00fcr die Museumstram die Meterspur auf 2 Linien zu behalten!<\/p>\n<p><a href='http:\/\/extra.inmontanis.info\/d\/138233-2\/dsc00170.jpg'><img src=http:\/\/extra.inmontanis.info\/d\/138232-3\/dsc00170.jpg \/><\/a><br \/>\n^ .. allerdings nicht mehr \u00fcberall. Trotzdem fraglich, wie lang man sich diesen Luxus der 2 Spurweiten auf den 2 historischen Linien noch leisten mag.<\/p>\n<p><a href='http:\/\/extra.inmontanis.info\/d\/138237-2\/dsc00177.jpg'><img src=http:\/\/extra.inmontanis.info\/d\/138236-3\/dsc00177.jpg \/><\/a><br \/>\n^ Linie 21<\/p>\n<p><a href='http:\/\/extra.inmontanis.info\/d\/138241-2\/dsc00178.jpg'><img src=http:\/\/extra.inmontanis.info\/d\/138240-3\/dsc00178.jpg \/><\/a><br \/>\n^ Ein Gro\u00dfteil der Linie 21 f\u00e4hrt im Untergrund. Einerseits cool, weil ich so eine lange Strecke noch nie mit einer Stra\u00dfenbahn gefahren bin, andererseits sieht man halt nichts.<\/p>\n<p><a href='http:\/\/extra.inmontanis.info\/d\/138245-2\/dsc00181.jpg'><img src=http:\/\/extra.inmontanis.info\/d\/138244-3\/dsc00181.jpg \/><\/a><br \/>\n^ Da Stadt- uund Stra\u00dfenbahnhaltestellen nicht nur unterschiedliche Spurbreiten, sondern auch unterschiedliche Einstiegsniveaus haben, k\u00f6nnen die Stra\u00dfenbahnen nur an wenigen Haltestellen halten &#8211; aber f\u00fcr die hat man dort extra Bahnsteige.<\/p>\n<p><a href='http:\/\/extra.inmontanis.info\/d\/138249-2\/dsc00186.jpg'><img src=http:\/\/extra.inmontanis.info\/d\/138248-3\/dsc00186.jpg \/><\/a><br \/>\n^ Im Untergrund<\/p>\n<p><a href='http:\/\/extra.inmontanis.info\/d\/138253-2\/dsc00187.jpg'><img src=http:\/\/extra.inmontanis.info\/d\/138252-3\/dsc00187.jpg \/><\/a><br \/>\n^ Linie 21 f\u00e4hrt, wie man hier erkennen kann, einen Kreis<\/p>\n<p><a href='http:\/\/extra.inmontanis.info\/d\/138257-2\/dsc00189.jpg'><img src=http:\/\/extra.inmontanis.info\/d\/138256-3\/dsc00189.jpg \/><\/a><br \/>\n^ Gleis-Gewusel<\/p>\n<p><a href='http:\/\/extra.inmontanis.info\/d\/138261-2\/dsc00195.jpg'><img src=http:\/\/extra.inmontanis.info\/d\/138260-3\/dsc00195.jpg \/><\/a><br \/>\n^ Wagen 802<\/p>\n<p><a href='http:\/\/extra.inmontanis.info\/d\/138265-2\/dsc00197.jpg'><img src=http:\/\/extra.inmontanis.info\/d\/138264-3\/dsc00197.jpg \/><\/a><br \/>\n^ .. und ein Blick in den Trailer<\/p>\n<p>Auch den Rest des Tages blieb viel los, im Museum wie bei den Museumstrams. Das bin ich so f\u00fcr die Jahreszeit aus dem UK nicht gewohnt. <\/p>\n<p>Einen Audioguide via App g\u00e4bs auch, glaub eine der beiden Apps, die ich mir letztens schon runtergeladen hatte, hab aber dieses Museum nicht runtergeladen.<\/p>\n<p>Leider darf man kaum einen Wagen im Museum betreten, es gibt sehr viele Tafeln zu lesen &#8211; fast  auch f\u00fcr mich zu viel, las nicht alles.<\/p>\n<p><a href='http:\/\/extra.inmontanis.info\/d\/138269-2\/dsc00199.jpg'><img src=http:\/\/extra.inmontanis.info\/d\/138268-3\/dsc00199.jpg \/><\/a><br \/>\n^ Stra\u00dfenbahn von unten<\/p>\n<p><a href='http:\/\/extra.inmontanis.info\/d\/138273-2\/dsc00200.jpg'><img src=http:\/\/extra.inmontanis.info\/d\/138272-3\/dsc00200.jpg \/><\/a><br \/>\n^ .. auch hier unten gibts wieder viel zu lesen, auch wenn man kaum vorbei kommt, wenn einer hier die Tafeln lesen will.<\/p>\n<p><a href='http:\/\/extra.inmontanis.info\/d\/138277-2\/dsc00201.jpg'><img src=http:\/\/extra.inmontanis.info\/d\/138276-3\/dsc00201.jpg \/><\/a><br \/>\n^ Stra\u00dfenbahn von unten<\/p>\n<p><a href='http:\/\/extra.inmontanis.info\/d\/138450-2\/dsc00206.jpg'><img src=http:\/\/extra.inmontanis.info\/d\/138449-3\/dsc00206.jpg \/><\/a><br \/>\n^ Stra\u00dfenbahn von unten<\/p>\n<p><a href='http:\/\/extra.inmontanis.info\/d\/138282-2\/dsc00213.jpg'><img src=http:\/\/extra.inmontanis.info\/d\/138281-3\/dsc00213.jpg \/><\/a><br \/>\n^ <\/p>\n<p><a href='http:\/\/extra.inmontanis.info\/d\/138286-2\/dsc00216.jpg'><img src=http:\/\/extra.inmontanis.info\/d\/138285-3\/dsc00216.jpg \/><\/a><br \/>\n^ Die Zahnradbahn wird auch etwas thematisiert, die Standseilbahn dagegen hat keinen eigenen Bereich<\/p>\n<p><a href='http:\/\/extra.inmontanis.info\/d\/138290-2\/dsc00217.jpg'><img src=http:\/\/extra.inmontanis.info\/d\/138289-3\/dsc00217.jpg \/><\/a><br \/>\n^ Buntglas 1938\/39<\/p>\n<p><a href='http:\/\/extra.inmontanis.info\/d\/138294-2\/dsc00225.jpg'><img src=http:\/\/extra.inmontanis.info\/d\/138293-3\/dsc00225.jpg \/><\/a><br \/>\n^ END steht hier f\u00fcr die Stra\u00dfenbahn Esslingen-Nellingen-Denkendorf<\/p>\n<p><a href='http:\/\/extra.inmontanis.info\/d\/138298-2\/dsc00226.jpg'><img src=http:\/\/extra.inmontanis.info\/d\/138297-3\/dsc00226.jpg \/><\/a><br \/>\n^ .. sch\u00f6n<\/p>\n<p><a href='http:\/\/extra.inmontanis.info\/d\/138302-2\/dsc00227.jpg'><img src=http:\/\/extra.inmontanis.info\/d\/138301-3\/dsc00227.jpg \/><\/a><br \/>\n^ .. auch sch\u00f6n<\/p>\n<p><a href='http:\/\/extra.inmontanis.info\/d\/138306-2\/dsc00228.jpg'><img src=http:\/\/extra.inmontanis.info\/d\/138305-3\/dsc00228.jpg \/><\/a><br \/>\n^ Auch Busse werden erw\u00e4hnt<\/p>\n<p><a href='http:\/\/extra.inmontanis.info\/d\/138310-2\/dsc00230.jpg'><img src=http:\/\/extra.inmontanis.info\/d\/138309-3\/dsc00230.jpg \/><\/a><br \/>\n^ .. und kuriose Busse, wie diesen Doppelstock-Sattelschlepperbus in Dresden<\/p>\n<p><a href='http:\/\/extra.inmontanis.info\/d\/138314-2\/dsc00231.jpg'><img src=http:\/\/extra.inmontanis.info\/d\/138313-3\/dsc00231.jpg \/><\/a><br \/>\n^ Das blaue Busmodell w\u00fcrd mir auch gefallen<\/p>\n<p><a href='http:\/\/extra.inmontanis.info\/d\/138318-2\/dsc00233.jpg'><img src=http:\/\/extra.inmontanis.info\/d\/138317-3\/dsc00233.jpg \/><\/a><br \/>\n^ Anderthalbdecker in Berlin<\/p>\n<p><a href='http:\/\/extra.inmontanis.info\/d\/138322-2\/dsc00235.jpg'><img src=http:\/\/extra.inmontanis.info\/d\/138321-3\/dsc00235.jpg \/><\/a><br \/>\n^ Triebwagen 222 von 1904 (modernisiert 1968)<\/p>\n<p><a href='http:\/\/extra.inmontanis.info\/d\/138326-2\/dsc00238.jpg'><img src=http:\/\/extra.inmontanis.info\/d\/138325-3\/dsc00238.jpg \/><\/a><br \/>\n^ .. immerhin noch mit Seitenb\u00e4nken<\/p>\n<p><a href='http:\/\/extra.inmontanis.info\/d\/138330-2\/dsc00243.jpg'><img src=http:\/\/extra.inmontanis.info\/d\/138329-3\/dsc00243.jpg \/><\/a><br \/>\n^ SSB steht hier nicht f\u00fcr Standseilbahn, trotzdem wird sie hier mit einer Beklebung kurz thematisiert. Hatte ich 2011 besucht<\/p>\n<p><a href='http:\/\/extra.inmontanis.info\/d\/138334-2\/dsc00248.jpg'><img src=http:\/\/extra.inmontanis.info\/d\/138333-3\/dsc00248.jpg \/><\/a><br \/>\n^ ESS 7 + 22 (1912)<\/p>\n<p><a href='http:\/\/extra.inmontanis.info\/d\/138338-2\/dsc00259.jpg'><img src=http:\/\/extra.inmontanis.info\/d\/138337-3\/dsc00259.jpg \/><\/a><br \/>\n^ ESS 22<\/p>\n<p><a href='http:\/\/extra.inmontanis.info\/d\/138342-2\/dsc00254.jpg'><img src=http:\/\/extra.inmontanis.info\/d\/138341-3\/dsc00254.jpg \/><\/a><br \/>\n^ Hier darf man mal reingehen &#8211; und kann sich ein Video anschauen, w\u00e4hrend man sich etwas ausruht<\/p>\n<p><a href='http:\/\/extra.inmontanis.info\/d\/138346-2\/dsc00257.jpg'><img src=http:\/\/extra.inmontanis.info\/d\/138345-3\/dsc00257.jpg \/><\/a><br \/>\n^ Eintrittskarte<\/p>\n<p><a href='http:\/\/extra.inmontanis.info\/d\/138350-2\/dsc00261.jpg'><img src=http:\/\/extra.inmontanis.info\/d\/138349-3\/dsc00261.jpg \/><\/a><br \/>\n^ <\/p>\n<p><a href='http:\/\/extra.inmontanis.info\/d\/138354-2\/dsc00262.jpg'><img src=http:\/\/extra.inmontanis.info\/d\/138353-3\/dsc00262.jpg \/><\/a><br \/>\n^ <\/p>\n<p><a href='http:\/\/extra.inmontanis.info\/d\/138358-2\/dsc00269.jpg'><img src=http:\/\/extra.inmontanis.info\/d\/138357-3\/dsc00269.jpg \/><\/a><br \/>\n^ Kuriosit\u00e4ten: Panoramaverglaster Wagen 502<\/p>\n<p><a href='http:\/\/extra.inmontanis.info\/d\/138362-2\/dsc00270.jpg'><img src=http:\/\/extra.inmontanis.info\/d\/138361-3\/dsc00270.jpg \/><\/a><br \/>\n^ Kuriosit\u00e4ten: Mini-Tram<\/p>\n<p><a href='http:\/\/extra.inmontanis.info\/d\/138366-2\/dsc00275.jpg'><img src=http:\/\/extra.inmontanis.info\/d\/138365-3\/dsc00275.jpg \/><\/a><br \/>\n^ Museumshalle<\/p>\n<p><a href='http:\/\/extra.inmontanis.info\/d\/138370-2\/dsc00277.jpg'><img src=http:\/\/extra.inmontanis.info\/d\/138369-3\/dsc00277.jpg \/><\/a><br \/>\n^ Auch eine Seitw\u00e4rts-KDSB hatte es in Stuttgart mal gegeben &#8211; bis 1984<\/p>\n<p><a href='http:\/\/extra.inmontanis.info\/d\/138374-2\/dsc00279.jpg'><img src=http:\/\/extra.inmontanis.info\/d\/138373-3\/dsc00279.jpg \/><\/a><br \/>\n^ In diesen Teil des Depots darf man nicht gehen<\/p>\n<p>Um 12:50 mal rausgeschaut, stand zwar ein anderer Wagen zur Abfahrt gen Fernsehturm, aber eher ein modernerer  und auch schon wieder sehr voll, wenn auch noch nicht ganz voll. <\/p>\n<p>Im eigenen Bistro gibt&#8217;s Maultaschen oder &#8220;Saiten&#8221;. Das sollen laut Google-Suche  hier Frankfurter bzw. Wiener W\u00fcrstchen sein. Maultaschen konnte man entweder in Br\u00fche oder mit Kartoffelsalat haben?? Sind Maultaschen nicht eigentlich schon in einem Nudelteig? Eigenartig.<\/p>\n<p>Auch ziemlich viele Kinder hier, die tw. auch durch die Stra\u00dfenbahnen rennen&#8230; und T\u00fcren \u00f6ffnen, die geschlossen sind. Darf man vielleicht doch in alle Stra\u00dfenbahnen rein? Und wie \u00fcberall in DE momentan viele vermutliche Ukrainer. Russen werden&#8217;s wohl nicht sein.<\/p>\n<p>Ich nahm dann die Maultaschen mit K-Salat um 8,50, weil vmtl. s\u00e4ttigender.<\/p>\n<p><a href='http:\/\/extra.inmontanis.info\/d\/138378-2\/dsc00280.jpg'><img src=http:\/\/extra.inmontanis.info\/d\/138377-3\/dsc00280.jpg \/><\/a><br \/>\n^ Maultaschen mit Kartoffelsalat<\/p>\n<p>Naja, wird nicht mein Lieblingsgericht.<\/p>\n<p>Gegen 13:45 kam dann nochmals die 21 lt. Anschrift?! H\u00e4tte gar nicht fahren sollen. Den Gespr\u00e4chen von anderen nach k\u00f6nnte das aber auch die 23 von vorhin gewesen sein, die abgebrochen wurde und nicht auf den Fernsehturm fuhr.<\/p>\n<p>Die Garnitur fuhr ins Depot und raus kam die Kombination, die ich als erstes heute gefahren bin, also bin ich in den Beiwagen, der auch sehr schnell komplett voll war.<\/p>\n<p><a href='http:\/\/extra.inmontanis.info\/d\/138382-2\/dsc00284.jpg'><img src=http:\/\/extra.inmontanis.info\/d\/138381-3\/dsc00284.jpg \/><\/a><br \/>\n^ Streckenplan der beiden historischen Stra\u00dfenbahnlinien<\/p>\n<p><a href='http:\/\/extra.inmontanis.info\/d\/138386-2\/dsc00286.jpg'><img src=http:\/\/extra.inmontanis.info\/d\/138385-3\/dsc00286.jpg \/><\/a><br \/>\n^ Wagen 23 &#8211; Cafe Alte Achse<\/p>\n<p><a href='http:\/\/extra.inmontanis.info\/d\/138390-2\/dsc00285.jpg'><img src=http:\/\/extra.inmontanis.info\/d\/138389-3\/dsc00285.jpg \/><\/a><br \/>\n^ Wagen 23 &#8211; Cafe Alte Achse<\/p>\n<p><a href='http:\/\/extra.inmontanis.info\/d\/138394-2\/dsc00287.jpg'><img src=http:\/\/extra.inmontanis.info\/d\/138393-3\/dsc00287.jpg \/><\/a><br \/>\n^ Stra\u00dfenbahnmuseum<\/p>\n<p><a href='http:\/\/extra.inmontanis.info\/d\/138398-2\/dsc00292.jpg'><img src=http:\/\/extra.inmontanis.info\/d\/138397-3\/dsc00292.jpg \/><\/a><br \/>\n^ Cannstatter Wasen, dahinter am Berg sah man 3 T\u00fcrme .. welcher wohl der Fernsehturm ist, zu dem die Linie 23 verkehrt?<\/p>\n<p><a href='http:\/\/extra.inmontanis.info\/d\/138402-2\/dsc00296.jpg'><img src=http:\/\/extra.inmontanis.info\/d\/138401-3\/dsc00296.jpg \/><\/a><br \/>\n^ \u00dcber den Neckar<\/p>\n<p><a href='http:\/\/extra.inmontanis.info\/d\/138406-2\/dsc00299.jpg'><img src=http:\/\/extra.inmontanis.info\/d\/138405-3\/dsc00299.jpg \/><\/a><br \/>\n^ Linie 23<\/p>\n<p><a href='http:\/\/extra.inmontanis.info\/d\/138410-2\/dsc00302.jpg'><img src=http:\/\/extra.inmontanis.info\/d\/138409-3\/dsc00302.jpg \/><\/a><br \/>\n^ Linie 23 &#8211; hier darf sogar nur die alte Tram abbiegen<\/p>\n<p><a href='http:\/\/extra.inmontanis.info\/d\/138414-2\/dsc00308.jpg'><img src=http:\/\/extra.inmontanis.info\/d\/138413-3\/dsc00308.jpg \/><\/a><br \/>\n^ Hauptbahnhof. Sollte der nicht mal unter die Erde verlegt werden und als Stuttgart 21 nicht schon l\u00e4ngst offen sein? :)<\/p>\n<p><a href='http:\/\/extra.inmontanis.info\/d\/138418-2\/dsc00310.jpg'><img src=http:\/\/extra.inmontanis.info\/d\/138417-3\/dsc00310.jpg \/><\/a><br \/>\n^ Linie 23, hinauf auf den Berg zum Fernsehturm<\/p>\n<p><a href='http:\/\/extra.inmontanis.info\/d\/138422-2\/dsc00314.jpg'><img src=http:\/\/extra.inmontanis.info\/d\/138421-3\/dsc00314.jpg \/><\/a><br \/>\n^ .. hier kurz vorm Ziel ist interessanterweise das Meterspurgleis au\u00dfen und nicht innen<\/p>\n<p><a href='http:\/\/extra.inmontanis.info\/d\/138426-2\/dsc00315.jpg'><img src=http:\/\/extra.inmontanis.info\/d\/138425-3\/dsc00315.jpg \/><\/a><br \/>\n^ Die Schleife an der Endhaltestelle wird nur von den historischen Trams befahren<\/p>\n<p>Weil so voll und weil evtl. die vorherige nicht bis hier rauf gefahren ist, bin ich lieber nicht ausgestiegen und bissl rumgegangen, sondern gleich wieder retour gefahren. Leute mit Regenschirm sah man auch.<\/p>\n<p>Ich versteh nicht, warum dann nicht mehr Trams fahren, wenn schon so voll ist.<\/p>\n<p><a href='http:\/\/extra.inmontanis.info\/d\/138430-2\/dsc00319.jpg'><img src=http:\/\/extra.inmontanis.info\/d\/138429-3\/dsc00319.jpg \/><\/a><br \/>\n^ .. das ist dann wohl der Fernsehturm<\/p>\n<p><a href='http:\/\/extra.inmontanis.info\/d\/138434-2\/dsc00325.jpg'><img src=http:\/\/extra.inmontanis.info\/d\/138433-3\/dsc00325.jpg \/><\/a><br \/>\n^ Stuttgart ist wohl eine sehr h\u00fcgelige Stadt<\/p>\n<p><a href='http:\/\/extra.inmontanis.info\/d\/138438-2\/dsc00329.jpg'><img src=http:\/\/extra.inmontanis.info\/d\/138437-3\/dsc00329.jpg \/><\/a><br \/>\n^ Extra Bahnsteige nur f\u00fcr die historischen Trams, die jeden Sonntag (mit Ausnahmen) fahren. Was f\u00fcr ein Aufwand!<\/p>\n<p><a href='http:\/\/extra.inmontanis.info\/d\/138442-2\/dsc00330.jpg'><img src=http:\/\/extra.inmontanis.info\/d\/138441-3\/dsc00330.jpg \/><\/a><br \/>\n^ Sch\u00f6n ist das nicht<\/p>\n<p><a href='http:\/\/extra.inmontanis.info\/d\/138446-2\/dsc00331.jpg'><img src=http:\/\/extra.inmontanis.info\/d\/138445-3\/dsc00331.jpg \/><\/a><br \/>\n^ .. auch das nicht, aber mit den alten Treppen wenigstens etwas witzig anzusehen<\/p>\n<p>Was ich heute so von Stuttgart gesehen hab, ist das auch eine recht h\u00e4ssliche Stadt, hoffe ich muss hier nicht nochmals her ;)<\/p>\n<p>Und diese ganzen Hauswandspr\u00fchereien machen diese deutschen St\u00e4dte noch h\u00e4sslicher.<\/p>\n<p>Was die Museumsstrecken im UK zu kurz sind, aber hier eine Stunde rumzufahren, ist irgendwie auch langweilig, wenn man nicht \u00f6fters mal das Stra\u00dfenbahnmodell wechseln kann, weil zu wenig in Betrieb sind.<\/p>\n<p>H\u00e4tte nochmals die 21 fahren k\u00f6nnen, aber die meiste Zeit im Untergrund ist ja auch nicht so interessant. Da sind die 3 Museumsstrecken (oder 2 der 3) in Br\u00fcssel  sch\u00f6ner, auch wenn in Br\u00fcssel kein Untergrundbahnhof angefahren wird.<\/p>\n<p>Hatte auch keine Lust, mit dem Audioguide nochmals durchs Museum durchzugehen, bin also nur noch ein bisschen umhergeschlendert und dann abgefahreen, Nachtplatz brauch ich ja auch noch und durch die Winterzeit wird&#8217;s jetzt 1h fr\u00fcher dunkel. Der Verkehr stadtausw\u00e4rts war auch stark, das an einem Sonntag.<\/p>\n<p>Fazit: die Trammuseen Br\u00fcssel und D\u00e4nemark und die im UK gefallen mir besser.<\/p>\n<p>Ich vermute ja, dass ich seit mind. 25 Jahren nicht mehr so lang in Deutschland war wie jetzt, aber ich werde froh sein, wenn ich wieder drau\u00dfen bin. Klar, es gibt einige Vorteile gegen\u00fcber manch anderen L\u00e4ndern, aber \u00d6sterreich war f\u00fcr mich schon immer &#8220;das sch\u00f6nere Deutschland&#8221;.<\/p>\n<p>\u00dcbernachten tu ich gleich in der N\u00e4he, wird zwar etwas lauter sein, aber dann kann ich morgen Mittag KFC und\/oder Ikea schauen. <\/p>\n<p>Kurzer Check auf der Website vom Museum in Waldkirch: Orgelf\u00fchrung und somit wohl auch Musikautomatenvorf\u00fchrung ist jeweils mittwochs und sonntags, d.h. Mittwoch w\u00e4re das Museum etwas lohnenswerter.<\/p>\n<p>Danach h\u00e4tte ich vermutlich ca. 18 Tage Zeit f\u00fcr die ca. 1200km Fahrstrecke in die Pyren\u00e4en, d.h. weniger als 100 km Tag, somit jedenfalls mautfrei und ich hab eigentlich keine Lust, aufgrund irgendwelcher m\u00e4\u00dfig interessanter Zwischenziele  all zu viel Umwege zu fahren.<\/p>\n<p><em>Hinweis aus der Zukunft vom 15.11.: Bisher hab ich doch etliche interessante Zwischenziele gefunden!<\/em><\/p>\n<p>Unbekannt ist nach wie vor, wie lang die Skisaison in Masella geplant w\u00e4re. Nervt langsam, die H\u00e4lfte der spanischen Skigebiete hat noch keine Saisonzeitr\u00e4ume festgelegt?!?!<\/p>\n<p><em>.. und das hat sich bis zum 15.11. auch noch nicht wirklich gebessert!<\/em><\/p>\n","protected":false},"excerpt":{"rendered":"<p>So, 2.11.2025<\/p>\n<p> ^ Single road with passing places .. gibts nicht nur im UK, sogar in DE ;)<\/p>\n<p> ^ .. die ist echt recht britisch, die Stra\u00dfe hier<\/p>\n<p>(Heute 285 Fotos gemacht, nach dem 1. Durchgang mit Bearbeiten blieben noch 128 \u00fcbrig, final dann 82.)<\/p>\n<p>Semmel an der Jet-Tankstelle ist teurer als gestern <a href=\"http:\/\/blog.inmontanis.info\/?p=10981\">[&#8230;]<\/a><\/p>\n","protected":false},"author":1,"featured_media":10983,"comment_status":"closed","ping_status":"closed","sticky":false,"template":"","format":"standard","meta":{"footnotes":""},"categories":[950,12,59],"tags":[],"class_list":["post-10981","post","type-post","status-publish","format-standard","has-post-thumbnail","hentry","category-2025-09-2026-11-pyrenaen-uk-co","category-germany","category-nostalgie","odd"],"_links":{"self":[{"href":"http:\/\/blog.inmontanis.info\/index.php?rest_route=\/wp\/v2\/posts\/10981","targetHints":{"allow":["GET"]}}],"collection":[{"href":"http:\/\/blog.inmontanis.info\/index.php?rest_route=\/wp\/v2\/posts"}],"about":[{"href":"http:\/\/blog.inmontanis.info\/index.php?rest_route=\/wp\/v2\/types\/post"}],"author":[{"embeddable":true,"href":"http:\/\/blog.inmontanis.info\/index.php?rest_route=\/wp\/v2\/users\/1"}],"replies":[{"embeddable":true,"href":"http:\/\/blog.inmontanis.info\/index.php?rest_route=%2Fwp%2Fv2%2Fcomments&post=10981"}],"version-history":[{"count":1,"href":"http:\/\/blog.inmontanis.info\/index.php?rest_route=\/wp\/v2\/posts\/10981\/revisions"}],"predecessor-version":[{"id":10982,"href":"http:\/\/blog.inmontanis.info\/index.php?rest_route=\/wp\/v2\/posts\/10981\/revisions\/10982"}],"wp:featuredmedia":[{"embeddable":true,"href":"http:\/\/blog.inmontanis.info\/index.php?rest_route=\/wp\/v2\/media\/10983"}],"wp:attachment":[{"href":"http:\/\/blog.inmontanis.info\/index.php?rest_route=%2Fwp%2Fv2%2Fmedia&parent=10981"}],"wp:term":[{"taxonomy":"category","embeddable":true,"href":"http:\/\/blog.inmontanis.info\/index.php?rest_route=%2Fwp%2Fv2%2Fcategories&post=10981"},{"taxonomy":"post_tag","embeddable":true,"href":"http:\/\/blog.inmontanis.info\/index.php?rest_route=%2Fwp%2Fv2%2Ftags&post=10981"}],"curies":[{"name":"wp","href":"https:\/\/api.w.org\/{rel}","templated":true}]}}