{"id":1097,"date":"2010-02-22T23:00:22","date_gmt":"2010-02-22T22:00:22","guid":{"rendered":"http:\/\/blog.inmontanis.info\/?p=1097"},"modified":"2023-07-31T18:42:13","modified_gmt":"2023-07-31T16:42:13","slug":"vasilitsa-22-2-2010","status":"publish","type":"post","link":"http:\/\/blog.inmontanis.info\/?p=1097","title":{"rendered":"Vasilitsa, 22.2.2010"},"content":{"rendered":"<p><strong>&#8220;SOS.2010&#8221; Tag 3, 22.2.2010, Teil 2: Vasilitsa<\/strong> (griech. \u0392\u0391\u03a3\u0399\u039b\u0399\u03a4\u03a3\u0391 \/ \u0392\u03b1\u03c3\u03b9\u03bb\u03af\u03c4\u03c3\u03b1)<\/p>\n<p><img src=http:\/\/extra.inmontanis.info\/d\/3062-3\/route5.jpg \/><br \/>\nD: Vasilitsa<\/p>\n<p>Gegen 12 Uhr ging&#8217;s weiter nach Vasilitsa. Einziger Anhaltspunkt anhand eines Pistenplans: Es geht irgendwo von Grevela aus rauf. Bzw. zum SL kommt man evtl. von wo anders. Also die neue Autobahn bis Grevela, und ab da war&#8217;s sch\u00f6n angeschrieben, aber immerhin 40km quer durch die Botanik.<\/p>\n<p><em>(Fotos anklicken zum Vergr\u00f6\u00dfern)<\/em><\/p>\n<p><a href='http:\/\/extra.inmontanis.info\/d\/3202-2\/P1480586.JPG'><img src=http:\/\/extra.inmontanis.info\/d\/3201-3\/P1480586.JPG \/><\/a><br \/>\n^ Irgendwo kurz nach Metsovo. Hohe schneebedeckte Berge, schmale T\u00e4ler &#8211; einzig das \u00b5 verr\u00e4t wo wir sind<\/p>\n<p><a href='http:\/\/extra.inmontanis.info\/d\/3206-2\/P1480588.JPG'><img src=http:\/\/extra.inmontanis.info\/d\/3205-3\/P1480588.JPG \/><\/a><br \/>\n^ Wieder auf der Egnatia Odos &#8211; Autobahn<\/p>\n<p><a href='http:\/\/ski.inmontanis.info\/d\/110375-2\/P1480589.JPG'><img src=http:\/\/ski.inmontanis.info\/d\/110373-3\/P1480589.JPG \/><\/a><br \/>\n^ Anfahrt ins Skigebiet Vasilitsa<\/p>\n<p><a href='http:\/\/ski.inmontanis.info\/d\/110379-2\/P1480591.JPG'><img src=http:\/\/ski.inmontanis.info\/d\/110378-3\/P1480591.JPG \/><\/a><br \/>\n^ Anfahrt ins Skigebiet Vasilitsa<\/p>\n<p>Gegen 13:45 war ich dort und kaufte mir um 10,- einen wie auch immer gearteten Skipass (Tageskarte? Halbtageskarte? Jedenfalls Alfi.). Bin ich vorgestern und gestern ausschlie\u00dflich Graffer-DSBs\/3SBs gefahren, lauerten hier abermals eine Graffer-3SB &#038; DSB, die ziemlich unbeindruckt von den gesch\u00e4tzt 50-80 km\/h starken Windb\u00f6en waren.<\/p>\n<p>Der Sand-Schnee war pickelhart und eisglatt gefroren, ein bissl Neuschnee blieb hier und da h\u00e4ngen, ich konnte gerade so alles im oberen Bereich fahren, bis die DSB oben um 14:45 eingestellt wurde. K\u00f6nnte durchaus normal sein. Die untere 3SB h\u00e4tte aber lt . Aushang bis 15:45 fahren sollen? War dan um 14:55 auch schon eingestellt. Keine Ahnung ob das nun auch am Wind lag oder dem Unwillen der Betrieber, diese Grenze soll in Griechenland eh flie\u00dfend sein. Im unteren Bereich konnte ich also nur 1 der ca. 3-4 Abfahrten fahren. Der rechte Skigebietsteil war sowieso zu, auch gestern am Sonntag.<\/p>\n<p><a href='http:\/\/ski.inmontanis.info\/d\/110383-2\/P1480603.JPG'><img src=http:\/\/ski.inmontanis.info\/d\/110382-3\/P1480603.JPG \/><\/a><br \/>\n^ Pistenplan, nur die linke H\u00e4lfte war heute ge\u00f6ffnet<\/p>\n<p><a href='http:\/\/ski.inmontanis.info\/d\/110387-2\/20100222-vasilitsa.jpg'><img src=http:\/\/ski.inmontanis.info\/d\/110386-3\/20100222-vasilitsa.jpg \/><\/a><br \/>\n^ GPS-Track, mehr war leider nicht drin heut&#8230;<\/p>\n<p><a href='http:\/\/ski.inmontanis.info\/d\/110391-2\/P1480598.JPG'><img src=http:\/\/ski.inmontanis.info\/d\/110390-3\/P1480598.JPG \/><\/a><br \/>\n^ DSB im Zoom<\/p>\n<p><a href='http:\/\/ski.inmontanis.info\/d\/110395-2\/P1480600.JPG'><img src=http:\/\/ski.inmontanis.info\/d\/110394-3\/P1480600.JPG \/><\/a><br \/>\n^ einer der beiden SL der rechten Seite im Zoom<\/p>\n<p><a href='http:\/\/ski.inmontanis.info\/d\/110399-2\/P1480602.JPG'><img src=http:\/\/ski.inmontanis.info\/d\/110398-3\/P1480602.JPG \/><\/a><br \/>\n^ Parkplatz<\/p>\n<p><a href='http:\/\/ski.inmontanis.info\/d\/110403-2\/P1480604.JPG'><img src=http:\/\/ski.inmontanis.info\/d\/110402-3\/P1480604.JPG \/><\/a><br \/>\n^ 3SB und Abfahrten, rechts von der Mitte schwer erkennbar w\u00e4re die DSB<\/p>\n<p><a href='http:\/\/ski.inmontanis.info\/d\/110407-2\/P1480605.JPG'><img src=http:\/\/ski.inmontanis.info\/d\/110406-3\/P1480605.JPG \/><\/a><br \/>\n^ 3SB Talstation<\/p>\n<p><a href='http:\/\/ski.inmontanis.info\/d\/110411-2\/P1480607.JPG'><img src=http:\/\/ski.inmontanis.info\/d\/110410-3\/P1480607.JPG \/><\/a><br \/>\n^ 3SB (Graffer)<\/p>\n<p><img src=http:\/\/ski.inmontanis.info\/d\/110415-2\/P1480608.JPG \/><br \/>\n^ Von der 3SB r\u00fcber zur DSB, man sieht die Bergstation links der Mitte<\/p>\n<p><img src=http:\/\/ski.inmontanis.info\/d\/110419-2\/P1480609.JPG \/><br \/>\n^ In der DSB (Graffer), heftiger Sturm<\/p>\n<p><img src=http:\/\/ski.inmontanis.info\/d\/110423-2\/P1480610.JPG \/><br \/>\n^ Talstation DSB<\/p>\n<p><a href='http:\/\/ski.inmontanis.info\/d\/110427-2\/P1480612.JPG'><img src=http:\/\/ski.inmontanis.info\/d\/110426-3\/P1480612.JPG \/><\/a><br \/>\n^ DSB<\/p>\n<p><a href='http:\/\/ski.inmontanis.info\/d\/110431-2\/P1480614.JPG'><img src=http:\/\/ski.inmontanis.info\/d\/110430-3\/P1480614.JPG \/><\/a><br \/>\n^ DSB, links und rechts sind ja schwarze Abfahrten im Plan eingezeichnet, vmtl. nur teilweise oder nicht pr\u00e4pariert, aufgrund der eisglatten Schneeverh\u00e4ltnisse aber heute nicht fahrbar<\/p>\n<p><img src=http:\/\/ski.inmontanis.info\/d\/110435-2\/P1480615.JPG \/><br \/>\n^ Blick nach Links von der DSB<\/p>\n<p><a href='http:\/\/ski.inmontanis.info\/d\/110439-2\/P1480618.JPG'><img src=http:\/\/ski.inmontanis.info\/d\/110438-3\/P1480618.JPG \/><\/a><br \/>\n^ .. und Blick nach rechts von der DSB aus. Der sandbraune Schnee war spiegelglatt im ganzen Skigebiet heute!<\/p>\n<p><img src=http:\/\/ski.inmontanis.info\/d\/110443-2\/P1480619.JPG \/><br \/>\n^ DSB, kurz vor der Bergstation. Nette W\u00e4chte da rechts!<\/p>\n<p><img src=http:\/\/ski.inmontanis.info\/d\/110447-2\/P1480620.JPG \/><br \/>\n^ Verbindungsabfahrt von der DSB in den rechten Skigebietsteil<\/p>\n<p><a href='http:\/\/ski.inmontanis.info\/d\/110451-2\/P1480622.JPG'><img src=http:\/\/ski.inmontanis.info\/d\/110450-3\/P1480622.JPG \/><\/a><br \/>\n^ Pano nach hinten<\/p>\n<p><a href='http:\/\/ski.inmontanis.info\/d\/110455-2\/P1480623.JPG'><img src=http:\/\/ski.inmontanis.info\/d\/110454-3\/P1480623.JPG \/><\/a><br \/>\n^ Bergstation der DSB<\/p>\n<p><a href='http:\/\/ski.inmontanis.info\/d\/110459-2\/P1480624.JPG'><img src=http:\/\/ski.inmontanis.info\/d\/110458-3\/P1480624.JPG \/><\/a><br \/>\n^ Ab &#038; zu lie\u00df sich auch mal die Sonne zeigen &#8230;<\/p>\n<p><img src=http:\/\/ski.inmontanis.info\/d\/110463-2\/P1480625.JPG \/><br \/>\n^ Pano mit SL-Bergstation<\/p>\n<p><a href='http:\/\/ski.inmontanis.info\/d\/110467-2\/P1480627.JPG'><img src=http:\/\/ski.inmontanis.info\/d\/110466-3\/P1480627.JPG \/><\/a><br \/>\n^ Mittlerer Teil und Blick in den heute geschlossenen rechten Bereich<\/p>\n<p><img src=http:\/\/ski.inmontanis.info\/d\/110471-2\/P1480628.JPG \/><br \/>\n^ Schneeh\u00f6hen und Schneefarben sind recht unterschiedlich :)<\/p>\n<p><img src=http:\/\/ski.inmontanis.info\/d\/110475-2\/P1480629.JPG \/><br \/>\n^ Auffahrt mit dem SL, der braune Schnee links und rechts war wie gesagt spiegelglatt.<\/p>\n<p><a href='http:\/\/ski.inmontanis.info\/d\/110479-2\/P1480632.JPG'><img src=http:\/\/ski.inmontanis.info\/d\/110478-3\/P1480632.JPG \/><\/a><br \/>\n^ Im oberen Bereich brannte sogar das Licht am SL&#8230; Ahja, und die Abfahrt so zwischen den B\u00e4umen ist auch wieder recht genial.<\/p>\n<p><a href='http:\/\/ski.inmontanis.info\/d\/110483-2\/P1480633.JPG'><img src=http:\/\/ski.inmontanis.info\/d\/110482-3\/P1480633.JPG \/><\/a><br \/>\n^ Verbindungsabfahrt vom SL zu den Sesselliften<\/p>\n<p><a href='http:\/\/ski.inmontanis.info\/d\/110487-2\/P1480635.JPG'><img src=http:\/\/ski.inmontanis.info\/d\/110486-3\/P1480635.JPG \/><\/a><br \/>\n^ Linke Abfahrt an der DSB, stark kontrastverst\u00e4rkt und mit netter Schneew\u00e4chte.<\/p>\n<p>Fazit: Bei sch\u00f6nem Wetter und wenn alles offen ist und man auch offpiste fahren kann, sicher eine der Top-Locations in Griechenland.<\/p>\n<p>Ansonsten, mein erster Eindruck von Griechenland: Hier in der Gegend sehr wenig Verkehr auf den Stra\u00dfen, leere Autobahn, Tempolimits teilweise noch langsamer als in Italien (ufz!) und fast durchgehend doppelte Mittellinien = \u00dcberholverbot, auch hier mindestens so extrem wie Italien.<\/p>\n<p>Und: Das griechische Alphabet erinnet in der &#8220;modernisierten&#8221; Gro\u00dfbuchstabenversion teilweise sehr ans Kyrillische. Oder eher umgekehrt, jedenfalls meinte ich manchmal, ich w\u00e4re in Russland. Teilweise haben die Buchstaben ja sogar die gleiche Bedeutung, unser R ist im griechischen und kyrillischen ein P, und unser P ist dort ein unten offenes Viereck &#8220;\u03a0&#8221;, eine abstrakte Version des uns aus der Mathematik bekannten Pi.<\/p>\n<p>Das geschriebene &#8220;H&#8221; dagegen spricht man im griechischen als &#8220;i&#8221; und im kyrillischen als &#8220;N&#8221; aus. Tricky. Unser &#8220;N&#8221; wiederum ist im Griechischen auch ein &#8220;N&#8221;, aber nur in gro\u00df, in klein schaut unser &#8220;n&#8221; dort wie ein &#8220;v&#8221; aus (\u03bd) (!) und das griechisch geschriebene &#8220;n&#8221; (je nach Vorhandensein in der Schrift &#8220;\u03b7&#8221; oder wirklich &#8220;n&#8221;) ist das kleine &#8220;H&#8221; und spricht man somit &#8220;i&#8221; aus. Und das B\/\u03b2 (beta) spricht man &#8220;v&#8221; aus. Also da muss ma schon sehr kreuz und quer denken, wenn Buchstaben gleich ausschauen wie bei uns und anders ausgesprochen werden. Fast wie &#8216;ne Geheimschrift :)<\/p>\n<p>Vorallem gemein, wenn man die lateinisch geschriebenen Ortsnamen dann nochmal im Kopf transkripieren will und irgendwann pl\u00f6tzlich jedes in latin geschriebene &#8220;v&#8221; als &#8220;n&#8221; lesen will :)<\/p>\n","protected":false},"excerpt":{"rendered":"<p>&#8220;SOS.2010&#8221; Tag 3, 22.2.2010, Teil 2: Vasilitsa (griech. \u0392\u0391\u03a3\u0399\u039b\u0399\u03a4\u03a3\u0391 \/ \u0392\u03b1\u03c3\u03b9\u03bb\u03af\u03c4\u03c3\u03b1)<\/p>\n<p> D: Vasilitsa<\/p>\n<p>Gegen 12 Uhr ging&#8217;s weiter nach Vasilitsa. Einziger Anhaltspunkt anhand eines Pistenplans: Es geht irgendwo von Grevela aus rauf. Bzw. zum SL kommt man evtl. von wo anders. Also die neue Autobahn bis Grevela, und ab da war&#8217;s sch\u00f6n angeschrieben, aber <a href=\"http:\/\/blog.inmontanis.info\/?p=1097\">[&#8230;]<\/a><\/p>\n","protected":false},"author":1,"featured_media":0,"comment_status":"open","ping_status":"closed","sticky":false,"template":"","format":"standard","meta":{"footnotes":""},"categories":[73,74,27,347],"tags":[55,38,47],"class_list":["post-1097","post","type-post","status-publish","format-standard","hentry","category-201002sos","category-greece","category-skifahren-winterskiing-winter","category-vasilitsa","tag-3sb","tag-dsb","tag-sl","odd"],"_links":{"self":[{"href":"http:\/\/blog.inmontanis.info\/index.php?rest_route=\/wp\/v2\/posts\/1097","targetHints":{"allow":["GET"]}}],"collection":[{"href":"http:\/\/blog.inmontanis.info\/index.php?rest_route=\/wp\/v2\/posts"}],"about":[{"href":"http:\/\/blog.inmontanis.info\/index.php?rest_route=\/wp\/v2\/types\/post"}],"author":[{"embeddable":true,"href":"http:\/\/blog.inmontanis.info\/index.php?rest_route=\/wp\/v2\/users\/1"}],"replies":[{"embeddable":true,"href":"http:\/\/blog.inmontanis.info\/index.php?rest_route=%2Fwp%2Fv2%2Fcomments&post=1097"}],"version-history":[{"count":2,"href":"http:\/\/blog.inmontanis.info\/index.php?rest_route=\/wp\/v2\/posts\/1097\/revisions"}],"predecessor-version":[{"id":1099,"href":"http:\/\/blog.inmontanis.info\/index.php?rest_route=\/wp\/v2\/posts\/1097\/revisions\/1099"}],"wp:attachment":[{"href":"http:\/\/blog.inmontanis.info\/index.php?rest_route=%2Fwp%2Fv2%2Fmedia&parent=1097"}],"wp:term":[{"taxonomy":"category","embeddable":true,"href":"http:\/\/blog.inmontanis.info\/index.php?rest_route=%2Fwp%2Fv2%2Fcategories&post=1097"},{"taxonomy":"post_tag","embeddable":true,"href":"http:\/\/blog.inmontanis.info\/index.php?rest_route=%2Fwp%2Fv2%2Ftags&post=1097"}],"curies":[{"name":"wp","href":"https:\/\/api.w.org\/{rel}","templated":true}]}}