{"id":10959,"date":"2025-10-28T17:58:15","date_gmt":"2025-10-28T16:58:15","guid":{"rendered":"http:\/\/blog.inmontanis.info\/?p=10959"},"modified":"2025-11-04T18:05:11","modified_gmt":"2025-11-04T17:05:11","slug":"pfalzerwald-inkl-kalmit-27-28-10-2025","status":"publish","type":"post","link":"http:\/\/blog.inmontanis.info\/?p=10959","title":{"rendered":"Pf\u00e4lzerwald inkl. Kalmit, 27.-28.10.2025"},"content":{"rendered":"<p><strong>Mo, 27.10.2025<\/strong><\/p>\n<p>In der Nacht gab es etwas Regen &#8230; nasses Stromkabel mittags zu erwarten. <\/p>\n<p>Die gro\u00dfe Batterie wurde bis zum Aufstehen auch nicht voll geladen, weil  das Ladeger\u00e4t wieder viel zu fr\u00fch abgeregelt hatte (auf Lagerung und nur noch 1-2 A statt 10-15A). <\/p>\n<p>Auch krass: 46% der Bewohner Wiens sollen nicht in \u00d6sterreich geboren sein. Und da fehlen dann vmtl. noch die ganzen Kinder mit Migrationshintergrund, die in AT geboren sind?!<\/p>\n<p>Gab sogar etwas Hagel heut Vormittag. Aber nicht genug, dass es die Landschaft in eine Winterlandschaft verwandelt h\u00e4tte. Danach auch mal recht blauen Himmel.  Um dann 10min sp\u00e4ter wieder zu regnen. 10min sp\u00e4ter wieder Sonne. Ists April oder bin ich schon in England?<\/p>\n<p>Ziele f\u00fcr heut hatte ich gestern aber keine mehr gefunden, mit dem Regen sind z.B. Burgruinen auch nicht lohnenswert. Tanken + Einkaufen m\u00fcsst ich.<\/p>\n<p>Heute lag hier im Ort eine Norma in der N\u00e4he, die erste auf der Reise ohne Umweg, also ging es dort rein.<\/p>\n<p>Was ich eigenartigerweise immer nur in der Norma seh: (Karlsbader) Oblaten. Zwar diesmal keine aus DE, daf\u00fcr sogar aus Marienbad\/CZ. Musste ich mal eine Packung mitnehmen. Und die Baumkuchenspitzen mit Rum w\u00e4ren auch mal zum probiern &#8211; erinnerten dann etwas an Granatsplitter, die ich leider nirgends gesehen hab &#8211; auch diesmal in Franken nicht.<\/p>\n<p>Normalerweise f\u00e4hrt man, wenn man durch bzw. \u00fcber Land fahrt, eher in T\u00e4lern und vieleicht mal \u00fcber H\u00fcgeln  oder Berge. Seit Tagen ist das eher umgekehrt, man f\u00e4hrt meistens auf einer eher h\u00fcgeligen Landschaft, aber hin und wieder muss man tief in ein Tal runter, weil dann unten ein Fluss zu \u00fcberqueren ist.<\/p>\n<p><a href='http:\/\/extra.inmontanis.info\/d\/136511-2\/dsc08508.jpg'><img src=http:\/\/extra.inmontanis.info\/d\/136510-3\/dsc08508.jpg \/><\/a><br \/>\n^ Wieder einmal geht es runter und rauf<\/p>\n<p>Und was ich auch schon seit Tagen scheiben wollte, die insbesondere Nebenstra\u00dfen in DE sind teils schon in einem sehr schlechten Zustand.<\/p>\n<p><a href='http:\/\/extra.inmontanis.info\/d\/136515-2\/dsc08512.jpg'><img src=http:\/\/extra.inmontanis.info\/d\/136514-3\/dsc08512.jpg \/><\/a><br \/>\n^ Stadt Kirn mit alten Ruinen dr\u00fcber<\/p>\n<p>Gratis geparkt und gratis ein WC hier besucht, wegen Wetter aber nicht rauf zur Burgruine.<\/p>\n<p><a href='http:\/\/extra.inmontanis.info\/d\/136519-2\/dsc08514.jpg'><img src=http:\/\/extra.inmontanis.info\/d\/136518-3\/dsc08514.jpg \/><\/a><br \/>\n^ Ausblick vom heutigen Nachtplatz<\/p>\n<p>Da dieser Nachtplatz vielleicht ruhiger w\u00e4re, heute nur wenig gefahren und schon um 14:30 wieder gehalten. 100% wurde keine meiner Batterien voll, aber vmtl. 95-99%. <\/p>\n<p>Gab in der Gegend noch 2 Sprengungen oder Explosionen, nachts aber ruhig, auch die Kirche von 23-7 Uhr.<\/p>\n<p><a href='http:\/\/extra.inmontanis.info\/d\/136523-2\/dsc08515.jpg'><img src=http:\/\/extra.inmontanis.info\/d\/136522-3\/dsc08515.jpg \/><\/a><br \/>\n^ Dieses g\u00fcnstige Franzbr\u00f6tchen von der Norma schaut nun wirklich schon wie eine schwedische Zimtschnecke aus!<\/p>\n<p><strong>Di, 28.10.2025<\/strong><\/p>\n<p>Wenn ich morgens nicht friere, es also sch\u00f6n warm im Bett hatte, dann st\u00f6ren mich auch 12\u00b0 beim Aufstehen und Umziehen nicht und finde das nicht zu kalt.<\/p>\n<p>Nach vielleicht 1 Stunde schaut die Sache wieder anders aus, auch wenn das Thermometer nun mehr anzeigt, tut ein bisschen Standheizung gut.<\/p>\n<p>Oh nein o nein o nein, das ist eigentlich noch viel \u00e4rgerlicher als die 350 \u20ac: Der Verschluss \/ Deckel meines geliebten Pinkelkanisters ist kaputt :((  D.h. der darf momentan nicht mehr zu schr\u00e4g liegen, sonst l\u00e4uft er aus. Und da hab ich die letzten 2 Jahre ja schon immer mal wieder erfolglos nach einem Ersatz geschaut &#8230; und ihn im Sommer daheim monatelang gereinigt :((<\/p>\n<p>Immerhin gut, dass einem das nicht auff\u00e4llt, nachdem er den ganzen Tag schr\u00e4g im Auto gelegen ist oder er im Rucksack ist und man den Rucksack schr\u00e4g gehalten hat &#8230;..<\/p>\n<p>.. vielleicht mal mit Hei\u00dfkleber oder Sekundenkleber probieren zu kleben? <\/p>\n<p>Im WWW auf den Baumarktseiten findet man genau 0 Kanister mit 2-3l, allesamt erst ab 5l. Und da reden wir noch nicht mal von dem sch\u00f6nen beweglichen Henkel, den mein schwedischer Kanister hat. Ok, vielleicht hat der Ersatzkauf zuf\u00e4lligerweise die gleiche Verschlussgr\u00f6\u00dfe und das gleiche Gewinde&#8230; ansonsten muss ich vor\u00fcbergehend eine 1,5l &#8211; Flasche von Volvic kaufen, kenn ich aus UK, hab ich letztens auch in einem deutschen Supermarkt gesehen, wenn auch leider nur mit Melone als zuckerfreie Sorte, die anderen alle mit Zucker, die haben etwas gr\u00f6\u00dfere Verschl\u00fcsse, eine UK-Flasche hab ich eh dabei f\u00fcr Zahnb\u00fcrste \/ Ausspuck.<\/p>\n<p>In Lauterecken kam ich praktischerweise an einer Polizeidienststelle vorbei, die Frau meinte zwar, sie k\u00f6nnte das auch aufnehmen, aber weil anderes Bundesland, ist der Instanzenweg dann recht umst\u00e4ndlich und ich sollte das einfach online auf der Website der NRW-Polizei machen. Wusst gar nicht, dass das geht &#8211; hab ich dann abends gemacht.<\/p>\n<p>In Kaiserslautern endlich mal (wieder?) an einem Globus-Markt vorbei gekommen. Ewig lange Schlange am Imbiss-Metzger am Eingang, weil sehr g\u00fcnstig: Fleischk\u00e4ssemmel 1,- \u20ac, Bratwurstsemmel 1,50, Schnitzelsemel 2 und noch andere g\u00fcnstige Sachen.<\/p>\n<p>Gibt auch noch ein Restaurant, Teller zum selbst rausnehmen (vmtl. nur bei den Asia-Sachen?) 9,90, Schnitzel\/Pommes 9,90\/10,90. <\/p>\n<p>Am n\u00e4chsten Fressstand gabs dann Currywurst + Semmel um 3,20; Pommes 3 \u20ac,<br \/>\nPizza-Ecke 2,50.<\/p>\n<p>Semmeln gibts hier leider nur im Multipack und auch sonst kein Geb\u00e4ck einzeln zu entnehmen, bl\u00f6d.<\/p>\n<p><a href='http:\/\/extra.inmontanis.info\/d\/136621-2\/img_20251028_131219_3.jpg'><img src=http:\/\/extra.inmontanis.info\/d\/136620-3\/img_20251028_131219_3.jpg \/><\/a><br \/>\n^ Was es in DE nicht alles f\u00fcr Fertiggerichte gibt &#8211; K\u00f6ttbullar!! ;) Sogar Sauerbraten h\u00e4tte es gegeben, aber leider ausgerechnet mit Kartoffelkl\u00f6se.<\/p>\n<p><a href='http:\/\/extra.inmontanis.info\/d\/136625-2\/img_20251028_131433_9.jpg'><img src=http:\/\/extra.inmontanis.info\/d\/136624-3\/img_20251028_131433_9.jpg \/><\/a><br \/>\n^ So eine gro\u00dfe Auswahl an Volvic-Sorten hab ich im UK noch nicht gesehen. Endlich auch mal wieder mehr Auswahl bei den zuckerfreien Varianten. Nahm Himbeer mit<\/p>\n<p>G\u00fcnstig ist das nicht, aber durch die Zweitverwendung dann als Pinkelflasche ok. Mit 1,5l halt etwas klein und das Pfand bleibt mir dann auch.<\/p>\n<p>Bei den Ketchups gabs sogar Bearnaise .. aber das nehm ich irgendwann mal in Frankreich mit. Kanisterm\u00e4\u00dfig leider nix.<\/p>\n<p><a href='http:\/\/extra.inmontanis.info\/d\/136629-2\/img_20251028_132700_9.jpg'><img src=http:\/\/extra.inmontanis.info\/d\/136628-3\/img_20251028_132700_9.jpg \/><\/a><br \/>\n^ .. und eine Packung Printen und diese Sahnetorte mit Bratapfelgeschmack<\/p>\n<p>Entschied mich leider f\u00fcr die Currywurst &#8211; so eklig. Z\u00e4he Haut und die So\u00dfe war auch nix. Da w\u00e4r die gek\u00fchlte fertige Meica-Currywurst viel besser gewesen, wenn ich sie mir selbst erhitzt h\u00e4tte. W\u00e4r sogar im Angebot gewesen.<\/p>\n<p>Danach fuhr ich noch durch den Pf\u00e4lzerwald, auch wieder nette Landschaft.<\/p>\n<p><a href='http:\/\/extra.inmontanis.info\/d\/136529-2\/dsc08517.jpg'><img src=http:\/\/extra.inmontanis.info\/d\/136527-3\/dsc08517.jpg \/><\/a><br \/>\n^ Ab in den Pf\u00e4lzerwald<\/p>\n<p><a href='http:\/\/extra.inmontanis.info\/d\/136533-2\/dsc08519.jpg'><img src=http:\/\/extra.inmontanis.info\/d\/136532-3\/dsc08519.jpg \/><\/a><br \/>\n^ Durch den Pf\u00e4lzerwald<\/p>\n<p><a href='http:\/\/extra.inmontanis.info\/d\/136537-2\/dsc08522.jpg'><img src=http:\/\/extra.inmontanis.info\/d\/136536-3\/dsc08522.jpg \/><\/a><br \/>\n^ <\/p>\n<p><a href='http:\/\/extra.inmontanis.info\/d\/136541-2\/dsc08525.jpg'><img src=http:\/\/extra.inmontanis.info\/d\/136540-3\/dsc08525.jpg \/><\/a><br \/>\n^ Auch in DE gibts schmale Stra\u00dfen, sch\u00f6n<\/p>\n<p><a href='http:\/\/extra.inmontanis.info\/d\/136545-2\/dsc08526.jpg'><img src=http:\/\/extra.inmontanis.info\/d\/136544-3\/dsc08526.jpg \/><\/a><br \/>\n^ Karlstalschlucht<\/p>\n<p><a href='http:\/\/extra.inmontanis.info\/d\/136549-2\/dsc08527.jpg'><img src=http:\/\/extra.inmontanis.info\/d\/136548-3\/dsc08527.jpg \/><\/a><br \/>\n^ Karlstalschlucht, h\u00e4tt mich vielleicht schon interessiert, aber k\u00f6nnte jederzeit wieder regnen<\/p>\n<p><a href='http:\/\/extra.inmontanis.info\/d\/136553-2\/dsc08532.jpg'><img src=http:\/\/extra.inmontanis.info\/d\/136552-3\/dsc08532.jpg \/><\/a><br \/>\n^ Weiter auf schmalen Stra\u00dfen; teilweise musste ich die letzten Tage von einer Hochebene mal eben durch ein Tal fahren, wo sich Stra\u00dfen kreuzten, hier wars umgekehrt, hier musste ich rauf zur Stra\u00dfenkreuzung und wieder runter<\/p>\n<p><a href='http:\/\/extra.inmontanis.info\/d\/136557-2\/dsc08534.jpg'><img src=http:\/\/extra.inmontanis.info\/d\/136556-3\/dsc08534.jpg \/><\/a><br \/>\n^ .. oben: Das Waldhotel scheint ja komlpett verschimmelt zu sein<\/p>\n<p><a href='http:\/\/extra.inmontanis.info\/d\/136561-2\/dsc08537.jpg'><img src=http:\/\/extra.inmontanis.info\/d\/136560-3\/dsc08537.jpg \/><\/a><br \/>\n^ .. und wieder runter durch die weiterhin sch\u00f6ne Herbststimmung<\/p>\n<p><a href='http:\/\/extra.inmontanis.info\/d\/136565-2\/dsc08539.jpg'><img src=http:\/\/extra.inmontanis.info\/d\/136564-3\/dsc08539.jpg \/><\/a><br \/>\n^ Ortschaften in schmalen T\u00e4lern<\/p>\n<p><a href='http:\/\/extra.inmontanis.info\/d\/136569-2\/dsc08543.jpg'><img src=http:\/\/extra.inmontanis.info\/d\/136568-3\/dsc08543.jpg \/><\/a><br \/>\n^ Ortschaften in schmalen T\u00e4lern<\/p>\n<p><a href='http:\/\/extra.inmontanis.info\/d\/136573-2\/dsc08551.jpg'><img src=http:\/\/extra.inmontanis.info\/d\/136572-3\/dsc08551.jpg \/><\/a><br \/>\n^ .. leider sind halt die wenigsten Ortschaften in Deutschland sch\u00f6n. Nur Italien ist noch h\u00e4sslicher ;)<\/p>\n<p><a href='http:\/\/extra.inmontanis.info\/d\/136577-2\/dsc08555.jpg'><img src=http:\/\/extra.inmontanis.info\/d\/136576-3\/dsc08555.jpg \/><\/a><br \/>\n^ Weiter auf schmalen Stra\u00dfen durch den Pf\u00e4lzerwald<\/p>\n<p><a href='http:\/\/extra.inmontanis.info\/d\/136581-2\/dsc08557.jpg'><img src=http:\/\/extra.inmontanis.info\/d\/136580-3\/dsc08557.jpg \/><\/a><br \/>\n^ Weiter auf schmalen Stra\u00dfen durch den Pf\u00e4lzerwald<\/p>\n<p><a href='http:\/\/extra.inmontanis.info\/d\/136585-2\/dsc08562.jpg'><img src=http:\/\/extra.inmontanis.info\/d\/136584-3\/dsc08562.jpg \/><\/a><br \/>\n^ Weiter auf schmalen Stra\u00dfen durch den Pf\u00e4lzerwald<\/p>\n<p>Zuf\u00e4lligerweise an der Stichstra\u00dfe zum Kalmit vorbei und daher rauf gefahren.<\/p>\n<p>Es fing bereits zu nieseln an, daher nur kurz rauf zum Gipfel gegangen, oben noch mehr Regen in der N\u00e4he gesehen und schnell wieder runter, hab das Auto gerade noch bei leichtem Nieselspr\u00fchregen erwischt, bevor es etwas n\u00e4sser wurde.<\/p>\n<p><a href='http:\/\/extra.inmontanis.info\/d\/136589-2\/dsc08565.jpg'><img src=http:\/\/extra.inmontanis.info\/d\/136588-3\/dsc08565.jpg \/><\/a><br \/>\n^ Weiter hinauf richtung Kalmit<\/p>\n<p><a href='http:\/\/extra.inmontanis.info\/d\/136593-2\/dsc08569.jpg'><img src=http:\/\/extra.inmontanis.info\/d\/136592-3\/dsc08569.jpg \/><\/a><br \/>\n^ Parkplatz Kalmit kurz unterhalb des Gipfels<\/p>\n<p><a href='http:\/\/extra.inmontanis.info\/d\/136597-2\/dsc08570.jpg'><img src=http:\/\/extra.inmontanis.info\/d\/136596-3\/dsc08570.jpg \/><\/a><br \/>\n^ Aufgang zum Gipfel, nieselte wieder leicht<\/p>\n<p><a href='http:\/\/extra.inmontanis.info\/d\/136601-2\/dsc08571.jpg'><img src=http:\/\/extra.inmontanis.info\/d\/136600-3\/dsc08571.jpg \/><\/a><br \/>\n^ Funkturm<\/p>\n<p><a href='http:\/\/extra.inmontanis.info\/d\/136605-2\/dsc08573.jpg'><img src=http:\/\/extra.inmontanis.info\/d\/136604-3\/dsc08573.jpg \/><\/a><br \/>\n^ Kalmit Gipfelbereich<\/p>\n<p><a href='http:\/\/extra.inmontanis.info\/d\/136609-2\/dsc08574.jpg'><img src=http:\/\/extra.inmontanis.info\/d\/136608-3\/dsc08574.jpg \/><\/a><br \/>\n^ Pano vom Kalmit, da kommt schon wieder mehr Regen, lieber schnell wieder zur\u00fcck&#8230;<\/p>\n<p><a href='http:\/\/extra.inmontanis.info\/d\/136613-2\/dsc08575.jpg'><img src=http:\/\/extra.inmontanis.info\/d\/136612-3\/dsc08575.jpg \/><\/a><br \/>\n^ Pano vom Kalmit<\/p>\n<p><a href='http:\/\/extra.inmontanis.info\/d\/136617-2\/dsc08576.jpg'><img src=http:\/\/extra.inmontanis.info\/d\/136616-3\/dsc08576.jpg \/><\/a><br \/>\n^ Kalmit Gipfelbereich<\/p>\n<p>Tja, mein kleiner Sekundenkleber war bereits eingetrocknet &#8211; wohlgemerkt, ohne dass er ge\u00f6ffnet gewesen w\u00e4re. Habs mit Universalkleber probiert, aber wird wohl keinen Zweck haben, da man den Deckel ja immer recht stark anziehen m\u00f6chte, damit es dicht ist &#8211; und da wird der Spalt dann wohl wieder erscheinen.<\/p>\n<p>Danach die Strafanzeige bei der NRW-Polizei online ausgef\u00fcllt, mal gespannt, ob und  wann sich da mal jemand bei mir telefonisch oder per E-Mail meldet.<\/p>\n<p>Ich stellte mich auf dem kleinen Parkplatz, wo ich n\u00e4chtigen wollte, mit 1 Auto Abstand neben ein Wohnmobil hin. Eigenartigerweise fuhr der kurz vor 18 Uhr in der Dunkelheit weg&#8230; <\/p>\n","protected":false},"excerpt":{"rendered":"<p>Mo, 27.10.2025<\/p>\n<p>In der Nacht gab es etwas Regen &#8230; nasses Stromkabel mittags zu erwarten. <\/p>\n<p>Die gro\u00dfe Batterie wurde bis zum Aufstehen auch nicht voll geladen, weil das Ladeger\u00e4t wieder viel zu fr\u00fch abgeregelt hatte (auf Lagerung und nur noch 1-2 A statt 10-15A). <\/p>\n<p>Auch krass: 46% der Bewohner Wiens sollen nicht in <a href=\"http:\/\/blog.inmontanis.info\/?p=10959\">[&#8230;]<\/a><\/p>\n","protected":false},"author":1,"featured_media":10961,"comment_status":"closed","ping_status":"closed","sticky":false,"template":"","format":"standard","meta":{"footnotes":""},"categories":[950,12],"tags":[],"class_list":["post-10959","post","type-post","status-publish","format-standard","has-post-thumbnail","hentry","category-2025-09-2026-11-pyrenaen-uk-co","category-germany","odd"],"_links":{"self":[{"href":"http:\/\/blog.inmontanis.info\/index.php?rest_route=\/wp\/v2\/posts\/10959","targetHints":{"allow":["GET"]}}],"collection":[{"href":"http:\/\/blog.inmontanis.info\/index.php?rest_route=\/wp\/v2\/posts"}],"about":[{"href":"http:\/\/blog.inmontanis.info\/index.php?rest_route=\/wp\/v2\/types\/post"}],"author":[{"embeddable":true,"href":"http:\/\/blog.inmontanis.info\/index.php?rest_route=\/wp\/v2\/users\/1"}],"replies":[{"embeddable":true,"href":"http:\/\/blog.inmontanis.info\/index.php?rest_route=%2Fwp%2Fv2%2Fcomments&post=10959"}],"version-history":[{"count":2,"href":"http:\/\/blog.inmontanis.info\/index.php?rest_route=\/wp\/v2\/posts\/10959\/revisions"}],"predecessor-version":[{"id":10962,"href":"http:\/\/blog.inmontanis.info\/index.php?rest_route=\/wp\/v2\/posts\/10959\/revisions\/10962"}],"wp:featuredmedia":[{"embeddable":true,"href":"http:\/\/blog.inmontanis.info\/index.php?rest_route=\/wp\/v2\/media\/10961"}],"wp:attachment":[{"href":"http:\/\/blog.inmontanis.info\/index.php?rest_route=%2Fwp%2Fv2%2Fmedia&parent=10959"}],"wp:term":[{"taxonomy":"category","embeddable":true,"href":"http:\/\/blog.inmontanis.info\/index.php?rest_route=%2Fwp%2Fv2%2Fcategories&post=10959"},{"taxonomy":"post_tag","embeddable":true,"href":"http:\/\/blog.inmontanis.info\/index.php?rest_route=%2Fwp%2Fv2%2Ftags&post=10959"}],"curies":[{"name":"wp","href":"https:\/\/api.w.org\/{rel}","templated":true}]}}