{"id":10956,"date":"2025-10-26T18:17:55","date_gmt":"2025-10-26T17:17:55","guid":{"rendered":"http:\/\/blog.inmontanis.info\/?p=10956"},"modified":"2025-11-02T18:24:37","modified_gmt":"2025-11-02T17:24:37","slug":"mosel-dsb-cochem-romergraber-26-10-2025","status":"publish","type":"post","link":"http:\/\/blog.inmontanis.info\/?p=10956","title":{"rendered":"Mosel: DSB Cochem + R\u00f6mergr\u00e4ber, 26.10.2025"},"content":{"rendered":"<p><strong>So, 26.10.2025<\/strong><\/p>\n<p>8\u00b0 morgens im Auto, daher mal die Standheizung eingeschaltet. Drau\u00dfen sturmisch und somit fraglich, ob ein Warten bis 10 Uhr auf eine \u00d6ffnung der DSB \u00fcberhaupt sinnvoll sein w\u00fcrde.<\/p>\n<p>Es war eine Zeit lang etwas weniger st\u00fcrmisch, aber um 9:45 kam am Auto wieder der Sturm.<\/p>\n<p><a href='http:\/\/extra.inmontanis.info\/d\/136323-2\/dsc08374.jpg'><img src=http:\/\/extra.inmontanis.info\/d\/136321-3\/dsc08374.jpg \/><\/a><br \/>\n^ Ab ins Tal, denn Cochem liegt am Fluss &#8211; an der Mosel<\/p>\n<p>Um 10:30 war ich am Parkplatz der DSB und sie fuhr. Der Parkplatz ist f\u00fcr Seilbahng\u00e4ste gratis, Toiletten gibts keine.<\/p>\n<p>&#128681; Gespeicherte Geolocation &#8211; Karte anzeigen: <a href='https:\/\/www.google.com\/maps\/@?api=1&#038;map_action=map&#038;center=50.1486287,7.1614171&#038;zoom=12&#038;basemap=terrain' target=_blank> GoogleMaps<\/a> &#128681; <a href='https:\/\/www.openstreetmap.org\/?&#038;mlat=50.1486287&#038;mlon=7.1614171#map=10\/50.1486287\/7.1614171&#038;layers=P' target=_blank> OSM &#128681;<\/a><\/p>\n<p><a href='http:\/\/extra.inmontanis.info\/d\/136327-2\/dsc08379.jpg'><img src=http:\/\/extra.inmontanis.info\/d\/136326-3\/dsc08379.jpg \/><\/a><br \/>\n^ Talstation DSB in Cochem<\/p>\n<p><a href='http:\/\/extra.inmontanis.info\/d\/136331-2\/dsc08382.jpg'><img src=http:\/\/extra.inmontanis.info\/d\/136330-3\/dsc08382.jpg \/><\/a><br \/>\n^ Auch diese DSB quert einen Fluss, naja, hier eher ein Bach<\/p>\n<p><a href='http:\/\/extra.inmontanis.info\/d\/136335-2\/dsc08385.jpg'><img src=http:\/\/extra.inmontanis.info\/d\/136334-3\/dsc08385.jpg \/><\/a><br \/>\n^ Gartenidylle am Fluss ;)<\/p>\n<p><a href='http:\/\/extra.inmontanis.info\/d\/136339-2\/dsc08386.jpg'><img src=http:\/\/extra.inmontanis.info\/d\/136338-3\/dsc08386.jpg \/><\/a><br \/>\n^ Karte, in der aber viele Geb\u00e4ude fehlen :)<\/p>\n<p><a href='http:\/\/extra.inmontanis.info\/d\/136343-2\/dsc08389.jpg'><img src=http:\/\/extra.inmontanis.info\/d\/136342-3\/dsc08389.jpg \/><\/a><br \/>\n^ DSB-Strecke (komplett)<\/p>\n<p>Komplett unverst\u00e4ndlich ist mir der hier bei den deutschen Ausflugsbahnen vorherrschende Linksradikalismus, bisher schon bei den alten Liften auf der Rauffahrt, da mag man es ja noch eher verstehen, aber selbst hier mit den neuen Sessel h\u00e4tt ich mich unbedingt links setzen sollen, hab mich aber trotzdem in die Mitte gesetzt, bei den neuen Sesseln geht das ja. <\/p>\n<p><a href='http:\/\/extra.inmontanis.info\/d\/136347-2\/dsc08398.jpg'><img src=http:\/\/extra.inmontanis.info\/d\/136346-3\/dsc08398.jpg \/><\/a><br \/>\n^ Pano von der DSB aus taleinw\u00e4rts mit Burgruine in Bildmitte, auch: ganz sch\u00f6n steil rechts<\/p>\n<p><a href='http:\/\/extra.inmontanis.info\/d\/136351-2\/dsc08401.jpg'><img src=http:\/\/extra.inmontanis.info\/d\/136350-3\/dsc08401.jpg \/><\/a><br \/>\n^ Bergstation DSB, hier wird man fotografiert, kann man sich ausdrucken lassen als Andenken, falls man noch nie Sessellift gefahren ist &#8230;<\/p>\n<p><a href='http:\/\/extra.inmontanis.info\/d\/136355-2\/dsc08402.jpg'><img src=http:\/\/extra.inmontanis.info\/d\/136354-3\/dsc08402.jpg \/><\/a><br \/>\n^ Bergstation DSB<\/p>\n<p><a href='http:\/\/extra.inmontanis.info\/d\/136359-2\/dsc08403.jpg'><img src=http:\/\/extra.inmontanis.info\/d\/136358-3\/dsc08403.jpg \/><\/a><br \/>\n^ Bergstation DSB<\/p>\n<p><a href='http:\/\/extra.inmontanis.info\/d\/136363-2\/dsc08404.jpg'><img src=http:\/\/extra.inmontanis.info\/d\/136362-3\/dsc08404.jpg \/><\/a><br \/>\n^ Alter Sessel und Fotoautomat, links der Wanderweg kommt vom Tal her, man kann dort aber auch zum Aussichtspunkt mit dem Kreuz gehen, was ich sogleich tat<\/p>\n<p><a href='http:\/\/extra.inmontanis.info\/d\/136367-2\/dsc08407.jpg'><img src=http:\/\/extra.inmontanis.info\/d\/136366-3\/dsc08407.jpg \/><\/a><br \/>\n^ Sch\u00f6ner Wanderweg<\/p>\n<p><a href='http:\/\/extra.inmontanis.info\/d\/136371-2\/dsc08410.jpg'><img src=http:\/\/extra.inmontanis.info\/d\/136370-3\/dsc08410.jpg \/><\/a><br \/>\n^ Die Mosel schl\u00e4ngelt sich hier ziemlich durch die Gegend, lt. Karte macht sie auch mehrfach fast 360\u00b0 Kehren<\/p>\n<p><a href='http:\/\/extra.inmontanis.info\/d\/136375-2\/dsc08412.jpg'><img src=http:\/\/extra.inmontanis.info\/d\/136374-3\/dsc08412.jpg \/><\/a><br \/>\n^ Sch\u00f6ner Wanderweg<\/p>\n<p><a href='http:\/\/extra.inmontanis.info\/d\/136379-2\/dsc08415.jpg'><img src=http:\/\/extra.inmontanis.info\/d\/136378-3\/dsc08415.jpg \/><\/a><br \/>\n^ Auch auf der Mosel verkehren wohl lange Flusskreuzfahrtschiffe wie am Rhein<\/p>\n<p><a href='http:\/\/extra.inmontanis.info\/d\/136383-2\/dsc08417.jpg'><img src=http:\/\/extra.inmontanis.info\/d\/136382-3\/dsc08417.jpg \/><\/a><br \/>\n^ Burgruine im Zoom<\/p>\n<p><a href='http:\/\/extra.inmontanis.info\/d\/136387-2\/dsc08418.jpg'><img src=http:\/\/extra.inmontanis.info\/d\/136386-3\/dsc08418.jpg \/><\/a><br \/>\n^ Talblick<\/p>\n<p><a href='http:\/\/extra.inmontanis.info\/d\/136391-2\/dsc08420.jpg'><img src=http:\/\/extra.inmontanis.info\/d\/136390-3\/dsc08420.jpg \/><\/a><br \/>\n^ Cochem, in Bildmitte ..<\/p>\n<p><a href='http:\/\/extra.inmontanis.info\/d\/136395-2\/dsc08421.jpg'><img src=http:\/\/extra.inmontanis.info\/d\/136394-3\/dsc08421.jpg \/><\/a><br \/>\n^ &#8230; die sch\u00f6ne Reichsburg, die wohl auch einen Besuch wert w\u00e4re, aber kostenpflichtig parken und dann auch noch den Berg da raufgehen, daf\u00fcr hatte ich heute keine Lust<\/p>\n<p><a href='http:\/\/extra.inmontanis.info\/d\/136399-2\/dsc08422.jpg'><img src=http:\/\/extra.inmontanis.info\/d\/136398-3\/dsc08422.jpg \/><\/a><br \/>\n^ Talstation DSB<\/p>\n<p><a href='http:\/\/extra.inmontanis.info\/d\/136403-2\/dsc08424.jpg'><img src=http:\/\/extra.inmontanis.info\/d\/136402-3\/dsc08424.jpg \/><\/a><br \/>\n^ Taleinw\u00e4rts, man sieht auch etwas die Strecke der DSB<\/p>\n<p><a href='http:\/\/extra.inmontanis.info\/d\/136407-2\/dsc08429.jpg'><img src=http:\/\/extra.inmontanis.info\/d\/136406-3\/dsc08429.jpg \/><\/a><br \/>\n^ Cochem und Mosel<\/p>\n<p><a href='http:\/\/extra.inmontanis.info\/d\/136411-2\/dsc08430.jpg'><img src=http:\/\/extra.inmontanis.info\/d\/136410-3\/dsc08430.jpg \/><\/a><br \/>\n^ Cochem und Mosel<\/p>\n<p><a href='http:\/\/extra.inmontanis.info\/d\/136415-2\/dsc08433.jpg'><img src=http:\/\/extra.inmontanis.info\/d\/136414-3\/dsc08433.jpg \/><\/a><br \/>\n^ Hier kommt man zu einem Freizeitpark<\/p>\n<p><a href='http:\/\/extra.inmontanis.info\/d\/136419-2\/dsc08435.jpg'><img src=http:\/\/extra.inmontanis.info\/d\/136418-3\/dsc08435.jpg \/><\/a><br \/>\n^ Sch\u00f6ner Wanderweg, den ich aber nicht sehr weit gegangen bin<\/p>\n<p><a href='http:\/\/extra.inmontanis.info\/d\/136423-2\/dsc08437.jpg'><img src=http:\/\/extra.inmontanis.info\/d\/136422-3\/dsc08437.jpg \/><\/a><br \/>\n^ Gasthaus f\u00fcr Wanderer an der Bergstation &#8230;  7 Euro f\u00fcr ein 0,4er Cola, 7,50 f\u00fcr einen halben Liter Mineralwasser, einfach nur abartig.<\/p>\n<p>War wie erwartet nichts f\u00fcr den ganzen Tag, hatte noch einen kurzen Rundweg \u00fcber den Gipfel gemacht und einen weiteren Aussichtspunkt gefunden, was aber den Rest des Tages? <\/p>\n<p>Die Burg hier in Cochem w\u00fcrd mich ja schon interessieren, aber Parkgeb\u00fchren im Tal und dann auch noch den steilen Weg hinauf gehen m\u00fcssen, ist weniger sch\u00f6n.<\/p>\n<p>Ein Museum w\u00e4r dann praktisch, wenn man gratis parken k\u00f6nnte und es zB. sowieso morgen Motag zu h\u00e4tte.<\/p>\n<p>An der Mosel hier in der Gegend gibt es noch 2 quasi 360\u00b0 Kurven, die man aussichtspunktm\u00e4\u00dfig Besuchen oder kurz bewandern k\u00f6nnte, l\u00e4ge aber auch etwas umwegig zu 2 m\u00f6glichen Nachtpl\u00e4tzen mit Strom.<\/p>\n<p><a href='http:\/\/extra.inmontanis.info\/d\/136427-2\/dsc08440.jpg'><img src=http:\/\/extra.inmontanis.info\/d\/136426-3\/dsc08440.jpg \/><\/a><br \/>\n^ Kurzer Rundwanderweg \u00fcber den Gipfel<\/p>\n<p><a href='http:\/\/extra.inmontanis.info\/d\/136431-2\/dsc08443.jpg'><img src=http:\/\/extra.inmontanis.info\/d\/136430-3\/dsc08443.jpg \/><\/a><br \/>\n^ Anderer Panoramapunkt mit Blick zu Mosel und Cochem<\/p>\n<p><a href='http:\/\/extra.inmontanis.info\/d\/136435-2\/dsc08444.jpg'><img src=http:\/\/extra.inmontanis.info\/d\/136434-3\/dsc08444.jpg \/><\/a><br \/>\n^ .. auch hier gehts steil bergab<\/p>\n<p><a href='http:\/\/extra.inmontanis.info\/d\/136439-2\/dsc08447.jpg'><img src=http:\/\/extra.inmontanis.info\/d\/136438-3\/dsc08447.jpg \/><\/a><br \/>\n^ nett aussehende Reichsburg in Cochem<\/p>\n<p><a href='http:\/\/extra.inmontanis.info\/d\/136443-2\/dsc08448.jpg'><img src=http:\/\/extra.inmontanis.info\/d\/136442-3\/dsc08448.jpg \/><\/a><br \/>\n^ Gegen\u00fcber der DSB scheint es eine kurze Standseilbahn \/ Schr\u00e4gaufzug zu geben<\/p>\n<p><a href='http:\/\/extra.inmontanis.info\/d\/136447-2\/dsc08449.jpg'><img src=http:\/\/extra.inmontanis.info\/d\/136446-3\/dsc08449.jpg \/><\/a><br \/>\n^ Die R\u00fcckseiten der H\u00e4user im Tal sind auch nicht sehr ansehnlich<\/p>\n<p><a href='http:\/\/extra.inmontanis.info\/d\/136451-2\/dsc08451.jpg'><img src=http:\/\/extra.inmontanis.info\/d\/136450-3\/dsc08451.jpg \/><\/a><br \/>\n^ DSB Talstation<\/p>\n<p><a href='http:\/\/extra.inmontanis.info\/d\/136455-2\/dsc08453.jpg'><img src=http:\/\/extra.inmontanis.info\/d\/136454-3\/dsc08453.jpg \/><\/a><br \/>\n^ DSB Talstation<\/p>\n<p>Es vergeht auch kein Tag hier in DE, wo man nicht Leute Russisch oder Ukrainisch reden h\u00f6rt!<\/p>\n<p>Um 12 Uhr war ich wieder im Auto und suchte noch eine halbe Stunde die Gegend im Internet ab und entschied mich schlie\u00dflich f\u00fcr einen Zwischenhalt bei den nahen R\u00f6mergr\u00e4ben von Nehren.<\/p>\n<p><a href='http:\/\/extra.inmontanis.info\/d\/136459-2\/dsc08455.jpg'><img src=http:\/\/extra.inmontanis.info\/d\/136458-3\/dsc08455.jpg \/><\/a><br \/>\n^ Infotafel sp\u00e4tr\u00f6mische Grabkammern in Nehren<\/p>\n<p><a href='http:\/\/extra.inmontanis.info\/d\/136463-2\/dsc08456.jpg'><img src=http:\/\/extra.inmontanis.info\/d\/136462-3\/dsc08456.jpg \/><\/a><br \/>\n^ Parkplatzeinrichtung nicht mehr in Verwendung<\/p>\n<p><a href='http:\/\/extra.inmontanis.info\/d\/136467-2\/dsc08459.jpg'><img src=http:\/\/extra.inmontanis.info\/d\/136466-3\/dsc08459.jpg \/><\/a><br \/>\n^ Vielleicht links die alte Stra\u00dfe? Hier geht man runter zu den R\u00f6mern<\/p>\n<p><a href='http:\/\/extra.inmontanis.info\/d\/136471-2\/dsc08462.jpg'><img src=http:\/\/extra.inmontanis.info\/d\/136470-3\/dsc08462.jpg \/><\/a><br \/>\n^ R\u00f6mische Grabkammern<\/p>\n<p><a href='http:\/\/extra.inmontanis.info\/d\/136475-2\/dsc08466.jpg'><img src=http:\/\/extra.inmontanis.info\/d\/136474-3\/dsc08466.jpg \/><\/a><br \/>\n^ R\u00f6mische Grabkammern, die hier hat noch ein r\u00f6misches Deckengem\u00e4lde, vor ein paar Jahren aber mal etwas restauriert<\/p>\n<p>Tja, gesehen hat man leider nicht viel, links oben an der T\u00fcr ist ein Knopf, aber der Raum blieb unbeleuchtet. Durch die Doppelverglasung kann man auch schwer fotografieren. Mit Handylicht gings ein wenig, bei Dunkelheit drau\u00dfen vmtl. besser, weil sich im Fensterglas dann weniger spiegelt.<\/p>\n<p><a href='http:\/\/extra.inmontanis.info\/d\/136479-2\/dsc08469.jpg'><img src=http:\/\/extra.inmontanis.info\/d\/136478-3\/dsc08469.jpg \/><\/a><br \/>\n^ R\u00f6misches Deckengem\u00e4lde, Leider quasi nicht zu erkennen mit blo\u00dfem Auge, mit der Cam gings etwas besser<\/p>\n<p><a href='http:\/\/extra.inmontanis.info\/d\/136483-2\/dsc08473.jpg'><img src=http:\/\/extra.inmontanis.info\/d\/136482-3\/dsc08473.jpg \/><\/a><br \/>\n^ Pano von den Gr\u00e4bern runter zur Mosel<\/p>\n<p><a href='http:\/\/extra.inmontanis.info\/d\/136487-2\/dsc08474.jpg'><img src=http:\/\/extra.inmontanis.info\/d\/136486-3\/dsc08474.jpg \/><\/a><br \/>\n^ R\u00f6mische Grabkammern<\/p>\n<p><a href='http:\/\/extra.inmontanis.info\/d\/136491-2\/dsc08475.jpg'><img src=http:\/\/extra.inmontanis.info\/d\/136490-3\/dsc08475.jpg \/><\/a><br \/>\n^ Gibt auch etliche Infotafeln<\/p>\n<p><a href='http:\/\/extra.inmontanis.info\/d\/136495-2\/dsc08479.jpg'><img src=http:\/\/extra.inmontanis.info\/d\/136494-3\/dsc08479.jpg \/><\/a><br \/>\n^ Eine \u00e4ltere Infotafel<\/p>\n<p><a href='http:\/\/extra.inmontanis.info\/d\/136499-2\/dsc08480.jpg'><img src=http:\/\/extra.inmontanis.info\/d\/136498-3\/dsc08480.jpg \/><\/a><br \/>\n^ Blick talw\u00e4rts<\/p>\n<p><a href='http:\/\/extra.inmontanis.info\/d\/136503-2\/dsc08481.jpg'><img src=http:\/\/extra.inmontanis.info\/d\/136502-3\/dsc08481.jpg \/><\/a><br \/>\n^ R\u00f6mische Grabkammern<\/p>\n<p><a href='http:\/\/extra.inmontanis.info\/d\/136507-2\/dsc08495.jpg'><img src=http:\/\/extra.inmontanis.info\/d\/136506-3\/dsc08495.jpg \/><\/a><br \/>\n^ Nachdem ich die Mosel \u00fcberquert hab, musst ich wieder hinauf fahren<\/p>\n<p>Als ich vor 14:30  am kleinen Stellplatz eines Wohnmobilh\u00e4ndlers ankam, stand noch niemand da und ich hatte freie Platzwahl .. erst mal Strom getestet, ging, dann online um 10 \u20ac die Buchung f\u00fcr Stellplatz samt Strom (!) durchgef\u00fchrt.<br \/>\nVer- und Entsorgung w\u00e4r auch dabei, aber nur w\u00e4hrend der \u00d6ffnungszeiten.<\/p>\n<p>Wei\u00df nicht, ob sie mich hier stehen lassen w\u00fcrden, wenn ich komm, w\u00e4hrend das Gesch\u00e4ft offen ist &#8211; so ein umgebauter PKW k\u00f6nnte ja  gesch\u00e4ftssch\u00e4digend sein f\u00fcr so einen Wohnmobilh\u00e4ndler ;)<\/p>\n<p><a href='http:\/\/extra.inmontanis.info\/d\/136309-3\/dsc08500.jpg'><img src=http:\/\/extra.inmontanis.info\/d\/136308-3\/dsc08500.jpg \/><\/a><br \/>\n^ Stellplatz bei einem Wohnmobilh\u00e4ndler<\/p>\n<p><a href='http:\/\/extra.inmontanis.info\/d\/136313-3\/dsc08501.jpg'><img src=http:\/\/extra.inmontanis.info\/d\/136312-4\/dsc08501.jpg \/><\/a><br \/>\n^ Stellplatz bei einem Wohnmobilh\u00e4ndler<\/p>\n<p>Also erst einmal die kleine Batterie laden &#8230; und das st\u00e4rkere Ladeger\u00e4t rauskramen, denn letzten Winter reichte mir das kleine Ladeger\u00e4t.<\/p>\n<p>Allerdings ging mal wieder irgendwas nicht. Falsch verkabelt? Irgendwo kommt kein  Strom vom Ladeger\u00e4t in den Stromkreis.<\/p>\n<p>Also mal wieder in den Elektrikbereich schauen m\u00fcssen, Sicherungskasten ge\u00f6ffnet &#8230; ok, die Sicherung war durch. Berechtigt, denn es war nur eine 10A-Sicherung. H\u00e4?? Vor 2 Jahren hatte ich das 15A-Ladeger\u00e4t aber ja laufend in Verwendung gehabt? Danach ja komplett kaputt gewesen und Garantieausausch und letztes Jahr hatte  mir das 5A-Ladeger\u00e4t gereicht.<\/p>\n<p>Sicherung ausgetauscht und Ladung gestartet. Die Zeit wird bis Schlafengehen gar nicht reichen, die kleine voll zu bekommen, weil ja PC und K\u00fchlschrank auch laufen. Vielleicht wird die gro\u00dfe \u00fcber Nacht und die kleine dann morgen Vormittag voll.<\/p>\n<p>Laut App war die kleine jetzt vor dem Laden auf 5% unten, hat also brav gehalten.<\/p>\n<p>Heut Abend mal die Bratw\u00fcrste mit Speck und K\u00e4se, die ich in N\u00fcrnberg gekauft hab, angebraten, zusammen mit Pfanni-Bratkartoffeln. Jeweils halbe Packung, d.h. morgen muss ich den Rest dann unterwegs machen.<\/p>\n<p><a href='http:\/\/extra.inmontanis.info\/d\/136317-3\/dsc08503.jpg'><img src=http:\/\/extra.inmontanis.info\/d\/136316-3\/dsc08503.jpg \/><\/a><br \/>\n^ Bratw\u00fcrste mit Speck und K\u00e4se und Bratkartoffeln<\/p>\n<p>War durchaus lecker.<\/p>\n<p>Um 18:30 Uhr kam noch ein Wohnmobil, sp\u00e4ter, unbemerkt, noch eines.<\/p>\n<p>Da immer noch kein Geld auf dem Konto war, hab ich dem Briten eine SMS geschickt, dass ich ihn dazu gratuliere, mich reingelegt zu haben &#8211; und n\u00e4chste Woche eine Polizeistation aufsuchen muss. Kam nicht mal eine Antwort retour so von wegen &#8220;ne ne, nix reingelegt, musst halt noch warten, Bank so langsam&#8221;&#8230;<\/p>\n<p>Heute den norwegischen Schuhtrockner eingschaltet, weils ja nicht so kalt war. War doch ein Fehler, den mitzunehmen. Daheim funktionierte er ja testweise korrekt, ich nahm ihn deshalb mit, um auch auf Campingpl\u00e4tzen mit nur 2-4A Stromanschl\u00fcssen etwas heizen zu k\u00f6nnen, aber aktuell gibt er wieder einmal so gut wie gar keine W\u00e4rme ab, noch nicht mal in der h\u00f6chsten Leistungs- und L\u00fcfterstufe.<\/p>\n<p>Nur ca. 120W heizt er heute maximal, in den niedrigeren Stufen noch weniger. Unglaublich, was f\u00fcr ein M\u00fcll.<\/p>\n<p>Sp\u00e4ter, als ich den Heizer oben hatte, hat sich wieder das best\u00e4tigt, was ich schon etwas in Verdacht hatte: Wenn die Zustromluft w\u00e4rmer ist, dann heizt auch das Ger\u00e4t mehr. Komplett unlogisch, aber da hatte ich zumindest mal ein bisschen mehr Verbrauch am Stromz\u00e4hler. Aber nur 50 oder100 watt mehr, also nach wie vor  weit weg von den Werten, die ich daheim in der Wohnung beim Testen gemessen hab. <\/p>\n<p>F\u00fcr heute Nacht reicht mir die mikrige Heizwirkung, ich holte den anderen Heizer nicht raus.<\/p>\n","protected":false},"excerpt":{"rendered":"<p>So, 26.10.2025<\/p>\n<p>8\u00b0 morgens im Auto, daher mal die Standheizung eingeschaltet. Drau\u00dfen sturmisch und somit fraglich, ob ein Warten bis 10 Uhr auf eine \u00d6ffnung der DSB \u00fcberhaupt sinnvoll sein w\u00fcrde.<\/p>\n<p>Es war eine Zeit lang etwas weniger st\u00fcrmisch, aber um 9:45 kam am Auto wieder der Sturm.<\/p>\n<p> ^ Ab ins Tal, denn Cochem <a href=\"http:\/\/blog.inmontanis.info\/?p=10956\">[&#8230;]<\/a><\/p>\n","protected":false},"author":1,"featured_media":10958,"comment_status":"closed","ping_status":"closed","sticky":false,"template":"","format":"standard","meta":{"footnotes":""},"categories":[950,12,32],"tags":[36,38],"class_list":["post-10956","post","type-post","status-publish","format-standard","has-post-thumbnail","hentry","category-2025-09-2026-11-pyrenaen-uk-co","category-germany","category-lostplaces","tag-castle","tag-dsb","odd"],"_links":{"self":[{"href":"http:\/\/blog.inmontanis.info\/index.php?rest_route=\/wp\/v2\/posts\/10956","targetHints":{"allow":["GET"]}}],"collection":[{"href":"http:\/\/blog.inmontanis.info\/index.php?rest_route=\/wp\/v2\/posts"}],"about":[{"href":"http:\/\/blog.inmontanis.info\/index.php?rest_route=\/wp\/v2\/types\/post"}],"author":[{"embeddable":true,"href":"http:\/\/blog.inmontanis.info\/index.php?rest_route=\/wp\/v2\/users\/1"}],"replies":[{"embeddable":true,"href":"http:\/\/blog.inmontanis.info\/index.php?rest_route=%2Fwp%2Fv2%2Fcomments&post=10956"}],"version-history":[{"count":1,"href":"http:\/\/blog.inmontanis.info\/index.php?rest_route=\/wp\/v2\/posts\/10956\/revisions"}],"predecessor-version":[{"id":10957,"href":"http:\/\/blog.inmontanis.info\/index.php?rest_route=\/wp\/v2\/posts\/10956\/revisions\/10957"}],"wp:featuredmedia":[{"embeddable":true,"href":"http:\/\/blog.inmontanis.info\/index.php?rest_route=\/wp\/v2\/media\/10958"}],"wp:attachment":[{"href":"http:\/\/blog.inmontanis.info\/index.php?rest_route=%2Fwp%2Fv2%2Fmedia&parent=10956"}],"wp:term":[{"taxonomy":"category","embeddable":true,"href":"http:\/\/blog.inmontanis.info\/index.php?rest_route=%2Fwp%2Fv2%2Fcategories&post=10956"},{"taxonomy":"post_tag","embeddable":true,"href":"http:\/\/blog.inmontanis.info\/index.php?rest_route=%2Fwp%2Fv2%2Ftags&post=10956"}],"curies":[{"name":"wp","href":"https:\/\/api.w.org\/{rel}","templated":true}]}}