{"id":10952,"date":"2025-10-25T20:16:31","date_gmt":"2025-10-25T18:16:31","guid":{"rendered":"http:\/\/blog.inmontanis.info\/?p=10952"},"modified":"2025-10-31T20:30:02","modified_gmt":"2025-10-31T19:30:02","slug":"lavamuseum-lavakeller-mendig-25-10-2025","status":"publish","type":"post","link":"http:\/\/blog.inmontanis.info\/?p=10952","title":{"rendered":"Lavamuseum \/ Lavakeller Mendig, 25.10.2025"},"content":{"rendered":"<p><strong>Sa, 25.10.2025<\/strong><\/p>\n<p>Mit 12^ war&#8217;s heut fr\u00fch schon recht frisch im Auto; da ist nun bald die Standheizung n\u00f6tig. Lidl macht um 7 Uhr hier auf .. und hatte um 8:15 keine frischen Backwaren &#8211; Schild &#8220;technischer Defekt&#8221;, na so ein Scheiss. Dann halt abgepacktes helleres Brot mitgenommen.<\/p>\n<p>Am Pfandautomaten netterweise 2,50 \u20ac gschenkt bekommen &#8211; hat wohl jemand seinen Zettel vergessen. <\/p>\n<p><a href='http:\/\/extra.inmontanis.info\/d\/136285-2\/dsc08192.jpg'><img src=http:\/\/extra.inmontanis.info\/d\/136284-3\/dsc08192.jpg \/><\/a><br \/>\n^ Morgend\u00e4mmerung<\/p>\n<p><a href='http:\/\/extra.inmontanis.info\/d\/136289-2\/dsc08195.jpg'><img src=http:\/\/extra.inmontanis.info\/d\/136288-3\/dsc08195.jpg \/><\/a><br \/>\n^ Autobahnbr\u00fccke<\/p>\n<p>Trotz Einkaufens und zus\u00e4tzlichem Rastplatzstopp war ich etwas zu fr\u00fch am Museum. Direkt am Museum  und Sportplatz kan man gratis parken. Ich schaute mir den Wohnmobilstellplatz an, der hier auch gemischt mit PKW ist und wo man um 10\u20ac f\u00fcr 24h stehen k\u00f6nnen soll; Strom vmtl. nur mit 50 Cent M\u00fcnzen zu zahlen, aber schon recht voll und die S\u00e4ulen recht konzentriert, so dass ich mich zwischen 2 Womos h\u00e4tte stellen m\u00fcssen. Ich fuhr erst mal zum gratis Parkplatz.<\/p>\n<p>&#128681; Gespeicherte Geolocation &#8211; Karte anzeigen: <a href='https:\/\/www.google.com\/maps\/@?api=1&#038;map_action=map&#038;center=50.3758375,7.2831877&#038;zoom=12&#038;basemap=terrain' target=_blank> GoogleMaps<\/a> &#128681; <a href='https:\/\/www.openstreetmap.org\/?&#038;mlat=50.3758375&#038;mlon=7.2831877#map=10\/50.3758375\/7.2831877&#038;layers=P' target=_blank> OSM &#128681;<\/a><\/p>\n<p>Das Kombiticket Museum mit Lavakeller kostet 9,50; es gibt mehrere Films\u00e4le (1 mit Wind, 1 mit Erdbeben), Audioguide via App (aber nat\u00fcrlich eine andere als gestern im Schloss).<\/p>\n<p>Leider konnte man am Audioguide am Handy die Lautst\u00e4rke nicht \u00e4ndern, war mir etwas zu laut, andererseits gab&#8217;s hier auch recht viel L\u00e4rm insb. durch frei laufende Kinder.<\/p>\n<p>Es gab hier 2 starke Vulkanausbr\u00fcche, der eine war vor ca. 200.000 Jahren am nahen Wingertsberg und brachte die Lava und erzeugte die Basaltkeller. Vor ca. 13.000 Jahren gab es den Laacher-See-Vulkanausbruch, wo es lt. Vorf\u00fchrung tagelang Bimssteine geregnet hat, weshalb man f\u00fcr den Basaltabbau also tiefer graben musste.<\/p>\n<p>Da es im Laacher See immer noch &#8220;blubbert&#8221;, ist nicht auszuschlie\u00dfen, dass hier wieder mal der Vulkan ausbricht.<\/p>\n<p>Der Basalt hier war insb. f\u00fcr M\u00fchlsteine gefragt.<\/p>\n<p><a href='http:\/\/extra.inmontanis.info\/d\/136105-2\/dsc08201.jpg'><img src=http:\/\/extra.inmontanis.info\/d\/136103-3\/dsc08201.jpg \/><\/a><br \/>\n^ Vulkanausbruch \/ Projektion<\/p>\n<p><a href='http:\/\/extra.inmontanis.info\/d\/136109-2\/dsc08206.jpg'><img src=http:\/\/extra.inmontanis.info\/d\/136108-3\/dsc08206.jpg \/><\/a><br \/>\n^ Tafeln zum Lesen und  interatktive Stationen<\/p>\n<p><a href='http:\/\/extra.inmontanis.info\/d\/136113-2\/dsc08210.jpg'><img src=http:\/\/extra.inmontanis.info\/d\/136112-3\/dsc08210.jpg \/><\/a><br \/>\n^ Infotafeln<\/p>\n<p><a href='http:\/\/extra.inmontanis.info\/d\/136117-2\/dsc08214.jpg'><img src=http:\/\/extra.inmontanis.info\/d\/136116-3\/dsc08214.jpg \/><\/a><br \/>\n^ Gestein<\/p>\n<p><a href='http:\/\/extra.inmontanis.info\/d\/136121-2\/dsc08221.jpg'><img src=http:\/\/extra.inmontanis.info\/d\/136120-3\/dsc08221.jpg \/><\/a><br \/>\n^ Gestein<\/p>\n<p><a href='http:\/\/extra.inmontanis.info\/d\/136125-2\/dsc08223.jpg'><img src=http:\/\/extra.inmontanis.info\/d\/136124-3\/dsc08223.jpg \/><\/a><br \/>\n^ Im Audioguide wird ein Teil der Tafel vorgelesen<\/p>\n<p><a href='http:\/\/extra.inmontanis.info\/d\/136129-2\/dsc08226.jpg'><img src=http:\/\/extra.inmontanis.info\/d\/136128-3\/dsc08226.jpg \/><\/a><br \/>\n^ Parkplatz, vorne Basaltbl\u00f6cke<\/p>\n<p><a href='http:\/\/extra.inmontanis.info\/d\/136133-2\/dsc08231.jpg'><img src=http:\/\/extra.inmontanis.info\/d\/136132-3\/dsc08231.jpg \/><\/a><br \/>\n^ Vergleich Vulkanausbr\u00fcche<\/p>\n<p><a href='http:\/\/extra.inmontanis.info\/d\/136137-2\/dsc08235.jpg'><img src=http:\/\/extra.inmontanis.info\/d\/136136-3\/dsc08235.jpg \/><\/a><br \/>\n^ Modell vom Ort hier, also die Basaltlavakeller unten und wie man damals fr\u00fcher das erschlossen hat<\/p>\n<p><a href='http:\/\/extra.inmontanis.info\/d\/136141-2\/dsc08240.jpg'><img src=http:\/\/extra.inmontanis.info\/d\/136140-3\/dsc08240.jpg \/><\/a><br \/>\n^ Die oberen Gesteinsschichten haben Frauen mit spiralf\u00f6rmig angelegten Wegen abgetragen<\/p>\n<p><a href='http:\/\/extra.inmontanis.info\/d\/136145-2\/dsc08254.jpg'><img src=http:\/\/extra.inmontanis.info\/d\/136144-3\/dsc08254.jpg \/><\/a><br \/>\n^ K\u00e4sekuchen-Snack aus dem Automaten (1,30 \u20ac)<\/p>\n<p>Die H\u00f6rspielstationen lie\u00df ich aus und war in ca. 2h  fertig und hatte noch etwas Zeit bis zur Lavakeller-F\u00fchrung, f\u00fcr die ich mich entschieden hatte um 13:30 Uhr.<\/p>\n<p><a href='http:\/\/extra.inmontanis.info\/d\/136149-2\/dsc08257.jpg'><img src=http:\/\/extra.inmontanis.info\/d\/136148-3\/dsc08257.jpg \/><\/a><br \/>\n^ Alles aus Basalt &#8211; Diese Scheibe war schhon auf 4 Weltausstellungen<\/p>\n<p><a href='http:\/\/extra.inmontanis.info\/d\/136153-2\/dsc08258.jpg'><img src=http:\/\/extra.inmontanis.info\/d\/136152-3\/dsc08258.jpg \/><\/a><br \/>\n^ Kaue<\/p>\n<p><a href='http:\/\/extra.inmontanis.info\/d\/136157-2\/dsc08263.jpg'><img src=http:\/\/extra.inmontanis.info\/d\/136156-3\/dsc08263.jpg \/><\/a><br \/>\n^ Abgang in den Lavakeller<\/p>\n<p><a href='http:\/\/extra.inmontanis.info\/d\/136161-2\/dsc08267.jpg'><img src=http:\/\/extra.inmontanis.info\/d\/136160-3\/dsc08267.jpg \/><\/a><br \/>\n^ Lavakeller<\/p>\n<p><a href='http:\/\/extra.inmontanis.info\/d\/136165-2\/dsc08270.jpg'><img src=http:\/\/extra.inmontanis.info\/d\/136164-3\/dsc08270.jpg \/><\/a><br \/>\n^ L\u00f6cher im Boden von Wassertropfen<\/p>\n<p><a href='http:\/\/extra.inmontanis.info\/d\/136169-2\/dsc08271.jpg'><img src=http:\/\/extra.inmontanis.info\/d\/136168-3\/dsc08271.jpg \/><\/a><br \/>\n^ Treppe<\/p>\n<p><a href='http:\/\/extra.inmontanis.info\/d\/136173-2\/dsc08275.jpg'><img src=http:\/\/extra.inmontanis.info\/d\/136172-3\/dsc08275.jpg \/><\/a><br \/>\n^ Basaltdecke<\/p>\n<p><a href='http:\/\/extra.inmontanis.info\/d\/136177-2\/dsc08277.jpg'><img src=http:\/\/extra.inmontanis.info\/d\/136176-3\/dsc08277.jpg \/><\/a><br \/>\n^ Aufzug<\/p>\n<p><a href='http:\/\/extra.inmontanis.info\/d\/136181-2\/dsc08280.jpg'><img src=http:\/\/extra.inmontanis.info\/d\/136180-3\/dsc08280.jpg \/><\/a><br \/>\n^ <\/p>\n<p><a href='http:\/\/extra.inmontanis.info\/d\/136185-2\/dsc08284.jpg'><img src=http:\/\/extra.inmontanis.info\/d\/136184-3\/dsc08284.jpg \/><\/a><br \/>\n^ <\/p>\n<p><a href='http:\/\/extra.inmontanis.info\/d\/136189-2\/dsc08286.jpg'><img src=http:\/\/extra.inmontanis.info\/d\/136188-3\/dsc08286.jpg \/><\/a><br \/>\n^ <\/p>\n<p><a href='http:\/\/extra.inmontanis.info\/d\/136193-2\/dsc08288.jpg'><img src=http:\/\/extra.inmontanis.info\/d\/136192-3\/dsc08288.jpg \/><\/a><br \/>\n^ Basalts\u00e4ulen; es wurden auch schon etliche Filme in diesen H\u00f6hlen hier gedreht<\/p>\n<p><a href='http:\/\/extra.inmontanis.info\/d\/136197-2\/dsc08289.jpg'><img src=http:\/\/extra.inmontanis.info\/d\/136196-3\/dsc08289.jpg \/><\/a><br \/>\n^ Der ganze Basalt wurde bergm\u00e4nnisch abgetragen<\/p>\n<p><a href='http:\/\/extra.inmontanis.info\/d\/136201-2\/dsc08291.jpg'><img src=http:\/\/extra.inmontanis.info\/d\/136200-3\/dsc08291.jpg \/><\/a><br \/>\n^ <\/p>\n<p><a href='http:\/\/extra.inmontanis.info\/d\/136205-2\/dsc08298.jpg'><img src=http:\/\/extra.inmontanis.info\/d\/136204-3\/dsc08298.jpg \/><\/a><br \/>\n^ <\/p>\n<p><a href='http:\/\/extra.inmontanis.info\/d\/136209-2\/dsc08300.jpg'><img src=http:\/\/extra.inmontanis.info\/d\/136208-3\/dsc08300.jpg \/><\/a><br \/>\n^ <\/p>\n<p><a href='http:\/\/extra.inmontanis.info\/d\/136213-2\/dsc08303.jpg'><img src=http:\/\/extra.inmontanis.info\/d\/136212-3\/dsc08303.jpg \/><\/a><br \/>\n^ Basaltdecke<\/p>\n<p><a href='http:\/\/extra.inmontanis.info\/d\/136217-2\/dsc08304.jpg'><img src=http:\/\/extra.inmontanis.info\/d\/136216-3\/dsc08304.jpg \/><\/a><br \/>\n^ <\/p>\n<p><a href='http:\/\/extra.inmontanis.info\/d\/136221-2\/dsc08305.jpg'><img src=http:\/\/extra.inmontanis.info\/d\/136220-3\/dsc08305.jpg \/><\/a><br \/>\n^ Viele Brauerein nutzten die Keller zum Lagern \/ Brauen<\/p>\n<p><a href='http:\/\/extra.inmontanis.info\/d\/136225-2\/dsc08307.jpg'><img src=http:\/\/extra.inmontanis.info\/d\/136224-3\/dsc08307.jpg \/><\/a><br \/>\n^ Danach dienten die L\u00f6cher im Boden auch zur M\u00fcllablagerung, einen M\u00fcllhaufen hatte man gelassen zu Demonstration<\/p>\n<p><a href='http:\/\/extra.inmontanis.info\/d\/136229-2\/dsc08318.jpg'><img src=http:\/\/extra.inmontanis.info\/d\/136228-3\/dsc08318.jpg \/><\/a><br \/>\n^ 2 Flederm\u00e4use waren im Bereich der F\u00fchrung<\/p>\n<p><a href='http:\/\/extra.inmontanis.info\/d\/136233-2\/dsc08324.jpg'><img src=http:\/\/extra.inmontanis.info\/d\/136232-3\/dsc08324.jpg \/><\/a><br \/>\n^ Basaltdecke und -s\u00e4ulen<\/p>\n<p><a href='http:\/\/extra.inmontanis.info\/d\/136237-2\/dsc08325.jpg'><img src=http:\/\/extra.inmontanis.info\/d\/136236-3\/dsc08325.jpg \/><\/a><br \/>\n^ Kaum gibts etwas k\u00fcnstliches Licht, schon wachsen Pflanzen<\/p>\n<p><a href='http:\/\/extra.inmontanis.info\/d\/136241-2\/dsc08328.jpg'><img src=http:\/\/extra.inmontanis.info\/d\/136240-3\/dsc08328.jpg \/><\/a><br \/>\n^ Musealer Au\u00dfenbereich<\/p>\n<p><a href='http:\/\/extra.inmontanis.info\/d\/136245-2\/dsc08332.jpg'><img src=http:\/\/extra.inmontanis.info\/d\/136244-3\/dsc08332.jpg \/><\/a><br \/>\n^ <\/p>\n<p><a href='http:\/\/extra.inmontanis.info\/d\/136249-2\/dsc08337.jpg'><img src=http:\/\/extra.inmontanis.info\/d\/136248-3\/dsc08337.jpg \/><\/a><br \/>\n^ <\/p>\n<p><a href='http:\/\/extra.inmontanis.info\/d\/136253-2\/dsc08339.jpg'><img src=http:\/\/extra.inmontanis.info\/d\/136252-3\/dsc08339.jpg \/><\/a><br \/>\n^ <\/p>\n<p><a href='http:\/\/extra.inmontanis.info\/d\/136257-2\/dsc08342.jpg'><img src=http:\/\/extra.inmontanis.info\/d\/136256-3\/dsc08342.jpg \/><\/a><br \/>\n^ <\/p>\n<p><a href='http:\/\/extra.inmontanis.info\/d\/136261-2\/dsc08346.jpg'><img src=http:\/\/extra.inmontanis.info\/d\/136260-3\/dsc08346.jpg \/><\/a><br \/>\n^ <\/p>\n<p><a href='http:\/\/extra.inmontanis.info\/d\/136265-2\/dsc08345.jpg'><img src=http:\/\/extra.inmontanis.info\/d\/136264-3\/dsc08345.jpg \/><\/a><br \/>\n^ <\/p>\n<p><a href='http:\/\/extra.inmontanis.info\/d\/136269-2\/dsc08348.jpg'><img src=http:\/\/extra.inmontanis.info\/d\/136268-3\/dsc08348.jpg \/><\/a><br \/>\n^ <\/p>\n<p><a href='http:\/\/extra.inmontanis.info\/d\/136273-2\/dsc08351.jpg'><img src=http:\/\/extra.inmontanis.info\/d\/136272-3\/dsc08351.jpg \/><\/a><br \/>\n^ <\/p>\n<p><a href='http:\/\/extra.inmontanis.info\/d\/136277-2\/dsc08352.jpg'><img src=http:\/\/extra.inmontanis.info\/d\/136276-3\/dsc08352.jpg \/><\/a><br \/>\n^ <\/p>\n<p><a href='http:\/\/extra.inmontanis.info\/d\/136281-2\/dsc08354.jpg'><img src=http:\/\/extra.inmontanis.info\/d\/136280-3\/dsc08354.jpg \/><\/a><br \/>\n^ <\/p>\n<p>Um 15:00 war ich wieder am Auto, auf dem Weg vom Freilichtmuseumsteil sah ich mir den Wohnmobilstellplatz nochmals an; vor den 2 Stroms\u00e4ulen a 6 Anschl\u00fcssen standen 5 Wohnmobile, also ganz am Rand k\u00f6nnte ich mich hinstellen und mein Kabel zur S\u00e4ule w\u00fcrde auch reichen, an einer Steckdose scheint sogor noch f\u00fcr 1,45 kW bezahlt zu sein. Sonderlich gefiel mir der Platz hier aber nicht und ich fuhr weiter.<\/p>\n<p>Hier in der N\u00e4he, aber leider in die falsche Richtung, befindet sich ein Geysir samt Museum und Schifffahrt (weil der Geysir auf einer kleinen Insel im Rhein sein soll, wenn ich das recht verstanden hab) &#8211; k\u00f6nnte man auch einmal besuchen.<\/p>\n<p>Eine kleine Suche auf dem Weg nach Cochem zeigte einen Park-\/Stellplatz, wo man um 0,80 \u20ac 1 kWh bek\u00e4me, aber der Platz selbst gratis, aber ob ich dann auf einem Nicht-Wohnmobil-Platz stehen k\u00f6nnte und das Kabel bis zum Auto reicht, fraglich. <\/p>\n<p>Allerdings gefiel mir der Platz auch nicht, m\u00fcsste mit dem Kopf zur Stra\u00dfe hin stehen und gegen\u00fcber steht ein Circus, der also abends L\u00e4rm bringen k\u00f6nnte, wenns nicht sogar ein kleines Volksfest ist.<\/p>\n<p>Dann kurz am Rewe auf dem Weg gehalten und noch nach etwas essbarem au\u00dfer Wurstbrot geschaut.<\/p>\n<p>Entschied mich f\u00fcr Snackfrikadellen aus dem K\u00fchlregal und einer Crispy Chicken Sauce, laut Zutaten Apfelmus und karamellisiertes irgendwas und Tomatenmark, h\u00f6rte sich interessant an.<\/p>\n<p><a href='http:\/\/extra.inmontanis.info\/d\/136305-2\/dsc08370.jpg'><img src=http:\/\/extra.inmontanis.info\/d\/136304-3\/dsc08370.jpg \/><\/a><br \/>\n^ Abendessen<\/p>\n<p><a href='http:\/\/extra.inmontanis.info\/d\/136293-2\/dsc08361.jpg'><img src=http:\/\/extra.inmontanis.info\/d\/136292-3\/dsc08361.jpg \/><\/a><br \/>\n^ Runter und Rauf<\/p>\n<p>Der n\u00e4chste Parkplatz gefiel mir eigentlich auch nicht, aber das ist nun wohl der letzte vor der DSB in Cochem, also blieb ich.<\/p>\n<p><a href='http:\/\/extra.inmontanis.info\/d\/136297-2\/dsc08364.jpg'><img src=http:\/\/extra.inmontanis.info\/d\/136296-3\/dsc08364.jpg \/><\/a><br \/>\n^ Parkplatzpano<\/p>\n<p><a href='http:\/\/extra.inmontanis.info\/d\/136301-2\/dsc08365.jpg'><img src=http:\/\/extra.inmontanis.info\/d\/136300-3\/dsc08365.jpg \/><\/a><br \/>\n^ Parkplatzpano<\/p>\n<p>Die schwachsinnige Zeitumstellung k\u00f6nnt heut Nacht auch sein, so dass ich noch 1h mehr Zeit hab. Daher heut Abend wieder auf die kleine Batterie  umgeschaltet, dass ich im Zweifelsfall morgen fr\u00fch die Standheizung mit der gro\u00dfen problemloser einschalten kann. Bei nur noch 12,6V wollt ich am PC aber auch nix machen, was bei einem pl\u00f6tzlichen Ausschalten verloren sein k\u00f6nnte.<\/p>\n","protected":false},"excerpt":{"rendered":"<p>Sa, 25.10.2025<\/p>\n<p>Mit 12^ war&#8217;s heut fr\u00fch schon recht frisch im Auto; da ist nun bald die Standheizung n\u00f6tig. Lidl macht um 7 Uhr hier auf .. und hatte um 8:15 keine frischen Backwaren &#8211; Schild &#8220;technischer Defekt&#8221;, na so ein Scheiss. Dann halt abgepacktes helleres Brot mitgenommen.<\/p>\n<p>Am Pfandautomaten netterweise 2,50 \u20ac gschenkt bekommen <a href=\"http:\/\/blog.inmontanis.info\/?p=10952\">[&#8230;]<\/a><\/p>\n","protected":false},"author":1,"featured_media":10954,"comment_status":"closed","ping_status":"closed","sticky":false,"template":"","format":"standard","meta":{"footnotes":""},"categories":[950,12],"tags":[50],"class_list":["post-10952","post","type-post","status-publish","format-standard","has-post-thumbnail","hentry","category-2025-09-2026-11-pyrenaen-uk-co","category-germany","tag-bergbau","odd"],"_links":{"self":[{"href":"http:\/\/blog.inmontanis.info\/index.php?rest_route=\/wp\/v2\/posts\/10952","targetHints":{"allow":["GET"]}}],"collection":[{"href":"http:\/\/blog.inmontanis.info\/index.php?rest_route=\/wp\/v2\/posts"}],"about":[{"href":"http:\/\/blog.inmontanis.info\/index.php?rest_route=\/wp\/v2\/types\/post"}],"author":[{"embeddable":true,"href":"http:\/\/blog.inmontanis.info\/index.php?rest_route=\/wp\/v2\/users\/1"}],"replies":[{"embeddable":true,"href":"http:\/\/blog.inmontanis.info\/index.php?rest_route=%2Fwp%2Fv2%2Fcomments&post=10952"}],"version-history":[{"count":2,"href":"http:\/\/blog.inmontanis.info\/index.php?rest_route=\/wp\/v2\/posts\/10952\/revisions"}],"predecessor-version":[{"id":10955,"href":"http:\/\/blog.inmontanis.info\/index.php?rest_route=\/wp\/v2\/posts\/10952\/revisions\/10955"}],"wp:featuredmedia":[{"embeddable":true,"href":"http:\/\/blog.inmontanis.info\/index.php?rest_route=\/wp\/v2\/media\/10954"}],"wp:attachment":[{"href":"http:\/\/blog.inmontanis.info\/index.php?rest_route=%2Fwp%2Fv2%2Fmedia&parent=10952"}],"wp:term":[{"taxonomy":"category","embeddable":true,"href":"http:\/\/blog.inmontanis.info\/index.php?rest_route=%2Fwp%2Fv2%2Fcategories&post=10952"},{"taxonomy":"post_tag","embeddable":true,"href":"http:\/\/blog.inmontanis.info\/index.php?rest_route=%2Fwp%2Fv2%2Ftags&post=10952"}],"curies":[{"name":"wp","href":"https:\/\/api.w.org\/{rel}","templated":true}]}}