{"id":1094,"date":"2010-02-22T12:00:03","date_gmt":"2010-02-22T11:00:03","guid":{"rendered":"http:\/\/blog.inmontanis.info\/?p=1094"},"modified":"2023-07-31T18:45:44","modified_gmt":"2023-07-31T16:45:44","slug":"metsovo-22-2-2010","status":"publish","type":"post","link":"http:\/\/blog.inmontanis.info\/?p=1094","title":{"rendered":"Metsovo, 22.2.2010"},"content":{"rendered":"<p><strong>&#8220;SOS.2010&#8221; Tag 3, 22.2.2010, Teil 1: Metsovo (Karakoli)<\/strong> (griech. \u039c\u0395\u03a4\u03a3\u039f\u0392\u039f \/ \u039c\u03b5\u03c4\u03c3\u03cc\u03b2\u03bf)<\/p>\n<p><img src=http:\/\/extra.inmontanis.info\/d\/3062-3\/route5.jpg \/><br \/>\nC: Metsovo<\/p>\n<p>Am Hafen das erste Ziel des heutigen Tages eingegeben &#8211; Metsovo. Liegt direkt an der Stra\u00dfe, die neue Autobahn kannte mein Navi nicht, auch gut, bin ich schneller dort.<!--more--><\/p>\n<p>(<em>Fotos, anklicken zum Vergr\u00f6\u00dfern<\/em>)<\/p>\n<p><a href='http:\/\/extra.inmontanis.info\/d\/3182-2\/P1480536.JPG'><img src=http:\/\/extra.inmontanis.info\/d\/3181-3\/P1480536.JPG \/><\/a><br \/>\n^ Tw. recht neue Autobahn Egnatia Odos<\/p>\n<p><a href='http:\/\/extra.inmontanis.info\/d\/3186-2\/P1480539.JPG'><img src=http:\/\/extra.inmontanis.info\/d\/3185-3\/P1480539.JPG \/><\/a><br \/>\n^ Recht neue Autobahn Egnatia Odos, an etlichen Tunnels\/Br\u00fccken stehen noch die Bauschilder inkl. EU-Finanzierung.<\/p>\n<p><a href='http:\/\/extra.inmontanis.info\/d\/3190-2\/P1480541.JPG'><img src=http:\/\/extra.inmontanis.info\/d\/3189-3\/P1480541.JPG \/><\/a><br \/>\n^ Tw. recht neue und vorallem sehr leere Autobahn Egnatia Odos (Es ist Montag, 9 Uhr)<\/p>\n<p><a href='http:\/\/extra.inmontanis.info\/d\/3194-2\/P1480543.JPG'><img src=http:\/\/extra.inmontanis.info\/d\/3193-3\/P1480543.JPG \/><\/a><br \/>\n^ Zuk\u00fcnftige Mautstellen<\/p>\n<p><a href='http:\/\/extra.inmontanis.info\/d\/3198-2\/P1480547.JPG'><img src=http:\/\/extra.inmontanis.info\/d\/3197-3\/P1480547.JPG \/><\/a><br \/>\n^ Ein kurzes St\u00fcck der neuen Autobahn ist noch nicht ganz fertig&#8230;.<\/p>\n<p>Um 9:50 dort gewesen &#8211; der ESL steht still. Obwohl er ab 9:30h h\u00e4tte offen sein sollen.<\/p>\n<p><a href='http:\/\/ski.inmontanis.info\/d\/110288-2\/P1480551.JPG'><img src=http:\/\/ski.inmontanis.info\/d\/110285-3\/P1480551.JPG \/><\/a><br \/>\n^ Talstation ESL Karakoli (mitte hinten) oberhalb von Metsovo<\/p>\n<p><a href='http:\/\/ski.inmontanis.info\/d\/110292-2\/P1480553.JPG'><img src=http:\/\/ski.inmontanis.info\/d\/110291-3\/P1480553.JPG \/><\/a><br \/>\n^ Pistenplan und Preise (Tageskarte 7,-)<\/p>\n<p><a href='http:\/\/ski.inmontanis.info\/d\/110296-2\/P1480554.JPG'><img src=http:\/\/ski.inmontanis.info\/d\/110295-3\/P1480554.JPG \/><\/a><br \/>\n^ Talstation, um 10 Uhr noch verriegelt.<\/p>\n<p><a href='http:\/\/ski.inmontanis.info\/d\/110300-2\/P1480558.JPG'><img src=http:\/\/ski.inmontanis.info\/d\/110299-3\/P1480558.JPG \/><\/a><br \/>\n^ St\u00fctze 1 und unterer Teil der Strecke<\/p>\n<p><img src=http:\/\/ski.inmontanis.info\/d\/110304-2\/P1480560.JPG \/><br \/>\n^ Unterer Teil der Abfahrt, wird gerade pr\u00e4pariert mit einer recht kleinen Raupe. Man beachte auch die ungew\u00f6hnliche St\u00fctzen-Polsterung :)<\/p>\n<p><a href='http:\/\/ski.inmontanis.info\/d\/110308-2\/P1480559.JPG'><img src=http:\/\/ski.inmontanis.info\/d\/110307-3\/P1480559.JPG \/><\/a><br \/>\n^ Die ungew\u00f6hnliche Verbindung der ESL-Sessel &#8211; was hat das f\u00fcr einen Zweck?<\/p>\n<p><a href='http:\/\/ski.inmontanis.info\/d\/110312-2\/P1480561.JPG'><img src=http:\/\/ski.inmontanis.info\/d\/110311-3\/P1480561.JPG \/><\/a><br \/>\n^ Zoom nach Gegen\u00fcber, hier findet sich auch ein Lift<\/p>\n<p><a href='http:\/\/ski.inmontanis.info\/d\/110316-2\/P1480563.JPG'><img src=http:\/\/ski.inmontanis.info\/d\/110315-3\/P1480563.JPG \/><\/a><br \/>\n^ Zoom nach Gegen\u00fcber, derzeit au\u00dfer Betrieb.<\/p>\n<p>(lt. Web hat Metsovo noch ein drittes Gebiet &#8220;Zygos Areas&#8221;, mit einer DSB, die die ganze Zeit schon geschlossen war, vielleicht ist das ja das)<\/p>\n<p>Bissl die Routen durchgegangen, wo ich heute noch hinwill &#8211; gab einige Varianten, und ich musste leider feststellen, dass mein Navi hier in Griechenland kaum was drin hat. Und auch Mapsource f\u00fcr mein Garmin hat hier nicht mehr! (Wie sich sp\u00e4ter herausstellte hat Mapsource immerhin die eine E-Stra\u00dfe mehr als mein Navi, daf\u00fcr hat mein Navi Volos hochaufl\u00f6send, aber troztdem, schlechter Scherz, hallo? Das ist Griechenland, es fahren seit Jahrzehnten viele Deutsche und \u00d6sterreicher mit der F\u00e4hre im Sommer nach Griechenland, und es sind nicht mal die wichtigsten E-Stra\u00dfen drin?)<\/p>\n<p>Arx! Und in der ADAC-Karte, die ich mir in AT gekauft hab, stehen nat\u00fcrlich die Skigebiete nicht drin (und bis auf wenige Ausnahmen alle Orte nur in Lateinischen Buchstaben und nicht in Griechischen). Na Supi. Stellt euch ein Bergmassif vor, einmal rundrum vielleicht 200km Autofahrt, und fast mittendrin habt ihr einen POI gesetzt und das Navi hat keine einzige Stra\u00dfe in das Bergmassif. Ganz toll!<\/p>\n<p>Erst mal absch\u00e4tzen. POI anzeigen und anhand vorhandener Stra\u00dfen ungef\u00e4hr auf der gedruckten Landkarte lokalisieren, welche Stra\u00dfen da in Frage kommen. Wenn man noch das Gl\u00fcck hat, und im Pistenplan steht eine Ortschaft drin und von der Autobahn aus stehen Schilder, dann findet mans nat\u00fcrlich leicht&#8230;<\/p>\n<p>Ok, mittlerweile war&#8217;s 10:15, 10:20, 10:30 Uhr &#8211; und siehe da, der ESL fuhr doch noch! Angezogen und eine Tageskarte um 7,- (!) gekauft und mit dem Teilchen gefahren. Unbequeme sehr niedrige Lehne, keine Fu\u00dfraster, sehr formsch\u00f6ne Sessel und vermutlich der letzte Habegger-ESL, zumindest in Europa? M\u00f6ge er noch lange laufen.<\/p>\n<p>Die Abfahrt selbst war kurz und leicht, aber OK. <\/p>\n<p><img src=http:\/\/ski.inmontanis.info\/d\/110320-2\/P1480565.JPG \/><br \/>\n^ Talstation ESL (Habegger, Schweiz), vmtl. einer der letzten Habegger-ESL der Welt. Anhand der Zeichnung k\u00f6nnte man evtl. den Sinn dieser Zwischenverbindung erkennen, man kann den Sessel umgedreht montieren und so den Lift in die andere Richtung fahren lassen&#8230;<\/p>\n<p><a href='http:\/\/ski.inmontanis.info\/d\/110324-2\/P1480567.JPG'><img src=http:\/\/ski.inmontanis.info\/d\/110323-3\/P1480567.JPG \/><\/a><br \/>\n^ ESL Strecke (Mitte)<\/p>\n<p><a href='http:\/\/ski.inmontanis.info\/d\/110328-2\/P1480568.JPG'><img src=http:\/\/ski.inmontanis.info\/d\/110327-3\/P1480568.JPG \/><\/a><br \/>\n^ ESL (Mittelteil)<\/p>\n<p><img src=http:\/\/ski.inmontanis.info\/d\/110332-2\/P1480569.JPG \/><br \/>\n^ ESL, oberer Teil, inkl. Abfahrt<\/p>\n<p><a href='http:\/\/ski.inmontanis.info\/d\/110337-2\/P1480571.JPG'><img src=http:\/\/ski.inmontanis.info\/d\/110336-3\/P1480571.JPG \/><\/a><br \/>\n^ Bergstation ESL<\/p>\n<p><img src=http:\/\/ski.inmontanis.info\/d\/110341-2\/P1480573.JPG \/><br \/>\n^ ESL mit oberem Teil der Abfahrt<\/p>\n<p><a href='http:\/\/ski.inmontanis.info\/d\/110345-2\/P1480576.JPG'><img src=http:\/\/ski.inmontanis.info\/d\/110344-3\/P1480576.JPG \/><\/a><br \/>\n^ Abfahrt mittlerer Teil<\/p>\n<p><a href='http:\/\/ski.inmontanis.info\/d\/110349-2\/P1480577.JPG'><img src=http:\/\/ski.inmontanis.info\/d\/110348-3\/P1480577.JPG \/><\/a><br \/>\n^ Zoom zu einem umliegenden Gipfel<\/p>\n<p><img src=http:\/\/ski.inmontanis.info\/d\/110353-2\/P1480580.JPG \/><br \/>\n^ Die sehr speziellen und stylischen ESL-Sessel im Zoom<\/p>\n<p><img src=http:\/\/ski.inmontanis.info\/d\/110357-2\/P1480581.JPG \/><br \/>\n^ Die Sessel gibts auch in Blau mit etwas ver\u00e4nderter Sitzauflage<\/p>\n<p><img src=http:\/\/ski.inmontanis.info\/d\/110361-2\/P1480584.JPG \/><br \/>\n^ Bergstation<\/p>\n<p><a href='http:\/\/ski.inmontanis.info\/d\/110365-2\/20100222-metsovo1.jpg'><img src=http:\/\/ski.inmontanis.info\/d\/110364-3\/20100222-metsovo1.jpg \/><\/a><br \/>\n^ GPS-Track ESL<\/p>\n<p>Dahinten rechts sieht man das 2. Gebiet von Metsovo, Profitis Ilias. Hab ich mir im Vorhinein leider nicht angesehen, wo das ist, sonst w\u00e4r ich da sicher nach dem ESL vorbei, bei den nett aussehenden Waldpisten:<\/p>\n<p><a href='http:\/\/ski.inmontanis.info\/d\/110369-2\/20100222-metsovo2.jpg'><img src=http:\/\/ski.inmontanis.info\/d\/110368-3\/20100222-metsovo2.jpg \/><\/a><br \/>\n^ Nicht weit daneben das 2. Skigebiet (Profitis Ilias) mit den 2-3 SL, anscheinend nette Waldpisten, leider nicht dort gewesen.<\/p>\n<p>Es kommt noch besser: An einem der SL gibt&#8217;s hier doch tats\u00e4chlich eine Mattenskipiste, die evtl. gar das ganze Jahr offen haben k\u00f6nnte! Sommerschi in Griechenland, ich werd nicht mehr!<\/p>\n<p><a href='http:\/\/www.metsovo-ski.gr\/index.files\/page0005.htm'>http:\/\/www.metsovo-ski.gr\/index.files\/page0005.htm<\/a>:<br \/>\n<img src=http:\/\/www.metsovo-ski.gr\/index.files\/image051.jpg \/><br \/>\nOk, das Bild ist irgendwie gefaked&#8230;.<\/p>\n<blockquote><p>Since September 2005 the ski resort has become virtually a winter, not only park and be able to operate throughout the year as a result of synthetic carpet installation Politsora to track 1 and runs up chionotsoulithron (tubing) , which also is able to operate all year round and is made with a synthetic carpet. <\/p><\/blockquote>\n<p>(via Google \u00fcbersetzt)<\/p>\n<p>Hm. Ich bin daf\u00fcr, dass unser Alpinforums-Grieche Turms da mal im Sommer vorbei schaut ;-)<\/p>\n<p>Ja, ein bissl \u00e4rger ich mich, dass ich mir das im Vorhinein nicht n\u00e4her angesehen hab, einige der Fotos, die in GE verlinkt sind, machen n\u00e4mlich auch einen nicht so uninteressanten Eindruck von dem kleinen Gebiet, und die beiden schmalen Waldpisten h\u00e4tten mir sicher gefallen. <\/p>\n<p>Hier noch ein paar Filmschnippsel vom ESL:<br \/>\n<object style=\"height: 500px; width: 900px\"><param name=\"movie\" value=\"http:\/\/www.youtube.com\/v\/ncZec8TxNCA\"><\/param><param name=\"wmode\" value=\"transparent\"><\/param><embed src=\"http:\/\/www.youtube.com\/v\/ncZec8TxNCA\" type=\"application\/x-shockwave-flash\" wmode=\"transparent\"  width=\"900\" height=\"480\"><\/embed><\/object><\/p>\n","protected":false},"excerpt":{"rendered":"<p>&#8220;SOS.2010&#8221; Tag 3, 22.2.2010, Teil 1: Metsovo (Karakoli) (griech. \u039c\u0395\u03a4\u03a3\u039f\u0392\u039f \/ \u039c\u03b5\u03c4\u03c3\u03cc\u03b2\u03bf)<\/p>\n<p> C: Metsovo<\/p>\n<p>Am Hafen das erste Ziel des heutigen Tages eingegeben &#8211; Metsovo. Liegt direkt an der Stra\u00dfe, die neue Autobahn kannte mein Navi nicht, auch gut, bin ich schneller dort.<\/p>\n<p> <a href=\"http:\/\/blog.inmontanis.info\/?p=1094\">[&#8230;]<\/a><\/p>\n","protected":false},"author":1,"featured_media":0,"comment_status":"open","ping_status":"closed","sticky":false,"template":"","format":"standard","meta":{"footnotes":""},"categories":[73,74,352,59,27],"tags":[35],"class_list":["post-1094","post","type-post","status-publish","format-standard","hentry","category-201002sos","category-greece","category-metsovo","category-nostalgie","category-skifahren-winterskiing-winter","tag-esl","odd"],"_links":{"self":[{"href":"http:\/\/blog.inmontanis.info\/index.php?rest_route=\/wp\/v2\/posts\/1094","targetHints":{"allow":["GET"]}}],"collection":[{"href":"http:\/\/blog.inmontanis.info\/index.php?rest_route=\/wp\/v2\/posts"}],"about":[{"href":"http:\/\/blog.inmontanis.info\/index.php?rest_route=\/wp\/v2\/types\/post"}],"author":[{"embeddable":true,"href":"http:\/\/blog.inmontanis.info\/index.php?rest_route=\/wp\/v2\/users\/1"}],"replies":[{"embeddable":true,"href":"http:\/\/blog.inmontanis.info\/index.php?rest_route=%2Fwp%2Fv2%2Fcomments&post=1094"}],"version-history":[{"count":3,"href":"http:\/\/blog.inmontanis.info\/index.php?rest_route=\/wp\/v2\/posts\/1094\/revisions"}],"predecessor-version":[{"id":3374,"href":"http:\/\/blog.inmontanis.info\/index.php?rest_route=\/wp\/v2\/posts\/1094\/revisions\/3374"}],"wp:attachment":[{"href":"http:\/\/blog.inmontanis.info\/index.php?rest_route=%2Fwp%2Fv2%2Fmedia&parent=1094"}],"wp:term":[{"taxonomy":"category","embeddable":true,"href":"http:\/\/blog.inmontanis.info\/index.php?rest_route=%2Fwp%2Fv2%2Fcategories&post=1094"},{"taxonomy":"post_tag","embeddable":true,"href":"http:\/\/blog.inmontanis.info\/index.php?rest_route=%2Fwp%2Fv2%2Ftags&post=1094"}],"curies":[{"name":"wp","href":"https:\/\/api.w.org\/{rel}","templated":true}]}}