{"id":10937,"date":"2025-10-21T18:20:51","date_gmt":"2025-10-21T16:20:51","guid":{"rendered":"http:\/\/blog.inmontanis.info\/?p=10937"},"modified":"2025-10-26T18:28:37","modified_gmt":"2025-10-26T17:28:37","slug":"rontgenmuseum-update-saisonkarten-20-21-10-2025","status":"publish","type":"post","link":"http:\/\/blog.inmontanis.info\/?p=10937","title":{"rendered":"R\u00f6ntgenmuseum (+ Update Saisonkarten), 20.-21.10.2025"},"content":{"rendered":"<p><strong>Mo, 20.10.2025<\/strong><\/p>\n<p>Die kleine Batterie d\u00fcrfte vmtl. ziemlich leer sein, also die ganze Woche hier in der Gegend bleiben ginge nur, wenn ich einen Stellplatz\/Campingplatz mit Strom nehmen w\u00fcrde.<\/p>\n<p>Allerdings wird f\u00fcr die anderen Tage der Woche auch nicht grundlegend trockener gemeldet als f\u00fcr Dienstag, was Solingen betrifft. Auch heute Vormittag immer mal wieder ein paar Regentropfen.<\/p>\n<p>Also dann gleich mal zur Ikea, Hotdog kostet mittlerweile ja 2 \u20ac, Zwiebel\/Gurken\/Rotkraut gratis, nahm dann testweise noch ein Veggidog um 1 \u20ac mit und 2 Zimtschnecken a 1,50 (die gefrorenen zum Selbstaufbacken sind viel besser!) und ein Getr\u00e4nk zum Nachf\u00fcllen, was dann im Men\u00fc mit nem Hotdog 1,50 kostete, in summe also 7,50. Leider war die Preiselbeerlimo sehr w\u00e4ssrig (Johannisbeere hab ich schmecken k\u00f6nnen).<\/p>\n<p><a href='http:\/\/extra.inmontanis.info\/d\/135151-2\/img_20251020_114331_4.jpg'><img src=http:\/\/extra.inmontanis.info\/d\/135150-3\/img_20251020_114331_4.jpg \/><\/a><br \/>\n^ Veggie Dog und Hot Dog bei Ikea, die Preiselbeerlimo war etwas arg w\u00e4ssrig heut<\/p>\n<p>Am Klo P-Kanister entleert und Frischwasserflasche nachgef\u00fcllt und im Shop noch eine Packung Gifflar und eine Pkg. Tunnbr\u00f6d gekauft.<\/p>\n<p><a href='http:\/\/extra.inmontanis.info\/d\/135155-2\/dsc07435.jpg'><img src=http:\/\/extra.inmontanis.info\/d\/135154-3\/dsc07435.jpg \/><\/a><br \/>\n^ Benzin hier g\u00fcnstiger als zuletzt in Telfs ;)<\/p>\n<p>Es gibt in DE noch Leute, die mit Maske in den Supermarkt gehen. Aber naja, auch in AT heuer jemand gesehen.<\/p>\n<p>Au\u00dfer einer Zeche auf dem Weg, die heute nicht offen hat, g\u00e4be es auch noch ein vielleicht interessantes Museum, das deutsche R\u00f6ntgengenmuseum in der Geburtsstadt von R\u00f6ntgen, aber auch nicht montags offen.<\/p>\n<p>Die Fahrt nachmittags war jedenfalls recht bergig.<\/p>\n<p><a href='http:\/\/extra.inmontanis.info\/d\/135159-2\/dsc07438.jpg'><img src=http:\/\/extra.inmontanis.info\/d\/135158-3\/dsc07438.jpg \/><\/a><br \/>\n^ Steil rauf und runter gings heut<\/p>\n<p>Ich fuhr um 15:20 Uhr einen m\u00f6glichen Nachtplatz an (heut sonnig, w\u00e4r nicht n\u00f6tig gewesen), der sich noch vor dem Museum befinden w\u00fcrde, so k\u00f6nnte ich morgen je nach Wettervorhersage entscheiden, ob gleich Burg-Sesselbahn oder Dienstag Museum und Sesselbahn erst am Mittwoch.<\/p>\n<p>Mal bisschen rumgeschaut, ob es in K\u00f6ln au\u00dfer der Seilbahn noch etwas g\u00e4be, das mich interessieren k\u00f6nnte .. 4711 K\u00f6lnisch Wasser historische F\u00fchrung? Nur samstgs und die n\u00e4chsten Samstage schon ausgebucht. Museum der Konkurrenz? Kein Fotografieren erlaubt. K\u00f6lner Dom? Was interessieren mich Kirchen. Turmbesteigung im K\u00f6lner Dom mit \u00fcber 530 Stufen und toller Aussicht? W\u00e4r was, aber: Rucks\u00e4cke nur bis 40x35x10cm erlaubt. Meiner ist zumindest mal dicker.  Ja mei, dann behalt ich halt mein Geld. <\/p>\n<p>Wuppertal w\u00e4r ja hier nebendran, die Burg-DSB geht ja sogar \u00fcber die Wupper, Schwebebahn ist ja schon cool, aber .. gibt seit meinem letzten Besuch auch schon wieder  neue Z\u00fcge und der historische Kaiserwagen ist nach wie vor noch nicht wieder instand gesetzt, den w\u00fcrd ich sonst schon mal fahren wollen. <\/p>\n<p>Beim Rumsuchen zuf\u00e4llig wieder auf Drachenfels samt Zahnradbahn gesto\u00dfen, wollt ich ja letztes  Jahr schon besuchen, hatte ich aber noch nicht als POI eingetragen. L\u00e4ge auf dem weg nach S\u00fcden, evtl. statt oder nach K\u00f6ln, wetterm\u00e4\u00dfig aber wohl auch erst am Freitag sinnvoll. <\/p>\n<p>Faszinierend wieviel  mittlerweile auf GMaps schreiben, das ein Parkticket f\u00fcr 8\u20ac pro Tag preislich &#8220;ok&#8221; ginge &#8230;<\/p>\n<p>Mal auf GMaps nach Karpfen gesucht, aber bisher mal kein Restaurant gefunden, das in der N\u00e4he auf dem Weg einen anbieten w\u00fcrde. Ich kapier das nicht. Wieso bekommt man in Franken so h\u00e4ufig Karpfen, in der Steiermark auch noch hier und da  und sonst nirgends oder ganz ganz selten? H\u00e4tte wohl doch letzte Woche beim Griechen in F\u00fcrth noch einen essen sollen ;)<\/p>\n<p>Aktuelle Meldung aus den Pyren\u00e4en: Andorra verbietet nun das freie N\u00e4chtigen und straft teuer ab. Spanier sind in ihrem Ski-Forum schon ganz sauer, weil sie sich die Saisonkarte gekauft haben, die sie nun stornieren m\u00f6chten, weil auch die Skigebiete keine Pl\u00e4tze mehr anbieten sollen. Grund sei wohl die Ortstaxe iHv 1 \u20ac ??<\/p>\n<p>Hab mir mal meine Saisonkartenberechnungen nochmals durchgeschaut, da ich ja jetzt schon 2 gekauft hab und sich mit dem Stations-Abholen der n&#8217;py-Karte diese doch auch wieder als zus\u00e4tzliche Alternative ins Spiel gebracht h\u00e4tte, g\u00e4be es nun jeweils 2 M\u00f6glichkeiten:<\/p>\n<p>mit Masella (und &#8220;bis Ende April&#8221; offen):<br \/>\nb) Pirineos\/Ariegeois \/ Gavarnie \/ Masella \/ No&#8217;Soucy  (Karten: 1866 \u20ac)<br \/>\ni)  Pirineos\/Ariegeois \/ Gavarnie \/ Masella \/ n&#8217;py (Karten: 2520 \u20ac)<\/p>\n<p>Je nach Verteilung und Anzahl Skigebiete und Fremdgehen k\u00e4me ich bei beiden Varianten um die 3150 \u20ac und mal ist Variante b und mal Variante i g\u00fcnstiger &#8211; also absolut nicht vorhersehbar<\/p>\n<p>ohne Masella und ebenfalls bis Ende April kalkuliert:<\/p>\n<p>h) Pirineos\/Ariegeois \/ Gavarnie \/ n&#8217;py (Karten: 2120 \u20ac)<br \/>\nj)  Pirineos\/Ariegeois \/ Gavarnie \/ No&#8217;Soucy  (Karten: 1466 \u20ac)<\/p>\n<p>In Summe mit Fremdgehen  und Besuchen der n&#8217;py-Gebiete (ggf. via NoSouci-Rabattkarte) ist es hier etwas eindeutiger, da komm ich bei h  auf 3230 und bei j auf 3330 \u20ac, Grund ist weil ich bei j mehr (rabattierte) Tage in den n&#8217;py-Tagen eingeplant h\u00e4tte &#8211; da kommts dann aber auch noch drauf an, an welchen Tagen man fahren w\u00fcrde, denn die rabattierten Preise sind ja entsprechend unterschiedlich, bei Pirineos+Ariegeois+Gavarnie hab ich aber schon ziemlich das mir ertr\u00e4glich scheinende Maximum gesetzt.<\/p>\n<p>Erg\u00e4nzend noch eine neue Variante &#8220;m&#8221;, wenn Masella nicht bis 26.4. sondern nur bis 19.4. offen h\u00e4tte, d.h. eine Variante zu i:<\/p>\n<p>m)  Pirineos\/Ariegeois \/ Gavarnie \/ Masella \/ n&#8217;py (Karten: 2520 \u20ac)<\/p>\n<p>.. aber mit 7 Tage weniger Masella und daf\u00fcr die 7 Tage Alpen um einfach mal grob gesch\u00e4tzte 210  \u20ac wie bei den anderen Varianten erg\u00e4nzt w\u00e4ren dann 3360 \u20ac und somit in diesem Planbeispiel \u00fcber 100 \u20ac teurer als die h-Variante ohne Masella-Karte.<\/p>\n<p>Tja .. ich hoffe, ich werd bald mal wissen, wie lang Masella offen bleiben will ..<\/p>\n<p>Ok, eigentlich muss ich auch noch eine   b \/ j &#8211; Mischvariante  um eine &#8220;mit Masella bis 19.4.&#8221; erg\u00e4nzen, denn in dem Fall g\u00e4be es doch auch einige \u00c4nderungen bei der Anzahl der n&#8217;py-Gebiete.<\/p>\n<p>n) Pirineos\/Ariegeois \/ Gavarnie \/ Masella \/ No&#8217;Soucy  (Karten: 1866 \u20ac)<\/p>\n<p>Da w\u00e4r ich dann ca. 100 \u20ac g\u00fcnstiger als bei m, also ca. 3230 \u20ac<\/p>\n<p>.. es ist alles ziemlich gleich und ich k\u00f6nnte wohl erst am Ende der Saison fix sagen, was die sinnvollste Variante gewesen w\u00e4re &#8211; aber ein Besitz der Karten wird nat\u00fcrlich auch meine Wahl der Skigebiete beeinflussen, wenn ich mal was zahlen m\u00fcsste und die Bedingungen (Wetter, Schnee, ..) nicht so toll sind.<\/p>\n<p>Grob zusammengefasst:<br \/>\n&#8220;Ohne Masella&#8221;  vs. &#8220;Mit Masella&#8221; (und das bis 26.4. offen):  Mit Masella 100 \u20ac g\u00fcnstiger (und relativ egal ob mit n&#8217;py oder ohne)<br \/>\n&#8220;Ohne Masella&#8221;  vs. &#8220;Mit Masella&#8221; (und das bis 19.4. offen):  Mit Masella 100 \u20ac teurer, aber nur wenn auch mit n&#8217;py &#8211; sonst ca gleich teuer<\/p>\n<p>2500  \u20ac f\u00fcr  5 Saisonkarten ist halt schon ne Menge&#8230; Und von einem mehrfachen &#8220;dies macht das Kraut nicht fett, das macht das Kraut nicht fett&#8221; wird das Kraut halt doch irgendwann ultrafett.<\/p>\n<p>Falls z.B. ein Teil Spaniens wegen Schneemangel komplett ausfallen w\u00fcrde, w\u00e4re eine zus\u00e4tzliche Saisonkarte schon praktisch.<\/p>\n<p>Wow, das ist ja heftig, man kann auf der Masella-Website auch einen Skisafe \/ Schlie\u00dffach f\u00fcr eine ganze Saison mieten &#8211; das kostet 545 \u20ac !!!! Mehr als die Werktage-Saisonkarte. Das steht ja wohl in keinem Verh\u00e4ltnis?! Ok, es passen vmtl. die  Ski der ganzen Family rein, aber trotzdem. Die Miete ist vom 1.12. bis 3.5. &#8211; aber das Masella bis 3.5. offen h\u00e4tte, w\u00fcrd ich wohl nicht zu tr\u00e4umen wagen (Sierra Nevada nimmt das 1.5.-WE ja auch nicht mit) &#8211; dann w\u00e4r meine Entscheidung nat\u00fcrlich eindeutig &#8220;pro&#8221; Masella-Saisonkarte.<\/p>\n<p>Auch witzig, ausgerechnet das kleine portugiesische Skigebiet war 2016 am l\u00e4ngesten offen &#8211; bis 15.5.! 2021 hat selbst Sierra Nevada schon am 18.4. geschlossen.  2022 war Val d&#8217;Esqui das l\u00e4ngste bis 26.4., 2023 ging der Preis nach Frankreich an Cautarets (23.4.); 2024+2025 an Sierra Nevada (28.4.+4.5.?); Masella hat wohl schon l\u00e4nger nicht mehr bis 1.5. offen gehabt (2019); 2021 nur bis 11.4., 2023 nur bis 10.4., 2024 nur bis 14.4. &#8211; tja, gut m\u00f6glich, dass sie letztes Jahr nur wegen sp\u00e4ten Ostern mal wieder bis Ende April offen hatten.<\/p>\n<p>Saisonstarts Anfang \/ Mitte \/ Ende November waren in den Pyren\u00e4en aber auch gar nicht mal so selten in den letzten Jahren (Statistik unten):<br \/>\n<a href='https:\/\/www.infonieve.es\/estaciones-esqui\/fecha-inicio-fin-temporada\/'>https:\/\/www.infonieve.es\/estaciones-esqui\/fecha-inicio-fin-temporada\/<\/a><\/p>\n<p>Als ich meinen PC abends ausschaltete, sah ich, dass mein K\u00fchlschrank aus war &#8211; Anzeige weg, kaputt? Kein Strom mehr? Batterie geht aber noch<\/p>\n<p>Kabel ist am Schalter einfach raus. Also auf dem gecrimpten Stecker, quasi komplett unlogisch, weil dort nix hinkommt, immer ruhig liegt und das jetzt im Stillstand passiert ist. Wie  komm ich da jetzt hin, den Stecker neu zu crimpen ..<\/p>\n<p><a href='http:\/\/extra.inmontanis.info\/d\/135163-2\/dsc07445.jpg'><img src=http:\/\/extra.inmontanis.info\/d\/135162-3\/dsc07445.jpg \/><\/a><br \/>\n^ Stecker abgegangen<\/p>\n<p><a href='http:\/\/extra.inmontanis.info\/d\/135167-2\/dsc07446.jpg'><img src=http:\/\/extra.inmontanis.info\/d\/135166-3\/dsc07446.jpg \/><\/a><br \/>\n^ abgegangener Stecker, wobei es mir schon \u00f6fters aufgefallen ist, dass die Plastikummantelung kaputt ging.<\/p>\n<p>K\u00fchlschrank lief dann wieder. Gl\u00fcck im Ungl\u00fcck, dass das nicht tags\u00fcber passiert- da w\u00fcrd ich das nicht so schnell merken und m\u00fcsste dann ja auch erst umbauen.<\/p>\n<p>Nach 1:30 Uhr kam jemand, war aber gerade wach, danach kam nochmals jemand, trotz Sturm und abschnittsweise Regen.<\/p>\n<p><strong>Di, 21.10.2025<\/strong><\/p>\n<p>Heut Fr\u00fch hab ich vorsichtshalber mal die Batterie umgschaltet, da die kleine bei laufendem K\u00fchlschrank unter 12,8V abgab, was vielleicht vormittags mit PC zu einem Cell-Undervoltage f\u00fchren k\u00f6nnte &#8211; die einzelnen Werte kann man hier nicht anzeigen lassen. Abendliches Kochen ist momentan stromm\u00e4\u00dfig leider nicht drin, dazu fahr ich zu wenig.<\/p>\n<p>Nase l\u00e4uft seit gestern Abend zwar weniger, aber riechen und schmecken ist weiterhin nahezu Null, wurde im Tagesverlauf aber etwas besser.<\/p>\n<p>Nachdem ich ja voraussichtlich entweder in Formigal oder in Luz, also im mittleren Westen der Pyren\u00e4en, starten werde, werd ich mich so langsam von m\u00f6glichen Zwischenzielen verabschieden, denn die franz\u00f6sische Mittelmeerk\u00fcste und Barcelona liegen dann doch ein paar hundert Kilometer umwegig und ob es mir das dann wert ist, nur um mit einer alten Seilbahn zu fahren &#8230;. <\/p>\n<p>Sah das Wetter gestern f\u00fcr heute noch besser f\u00fcr die Burg-DSB aus als f\u00fcr morgen, hat sich das Blatt heute etwas ge\u00e4ndert, so dass ich also heute das auf dem Weg befindliche R\u00f6ntgen-Museum anschauen werde und es morgen dann an der DSB in Burg probieren werde; Donnerstag f\u00e4llt dann wohl wetterbedingt aus und Freitag Drachenfels.<\/p>\n<p>Vormittags fast dauernd Regen. In den franz\u00f6sischen Nord-Alpen und der Schweiz k\u00f6nnten die n\u00e4chsten Tage durchaus brauchbare Neuschneemengen kommen; in den Pyren\u00e4en dagegen nur wenig, der vmtl. nochmals wegtauen wird.<\/p>\n<p><a href='http:\/\/extra.inmontanis.info\/d\/135171-2\/dsc07448.jpg'><img src=http:\/\/extra.inmontanis.info\/d\/135170-3\/dsc07448.jpg \/><\/a><br \/>\n^ Seitentasche bew\u00e4hrt sich momentan als Handyhalter beim Laden w\u00e4hrend der Fahrt und dar\u00fcber als Stifthalter vom Pen-Display<\/p>\n<p>Ich fuhr also mal ins nahe Lennep, ein Name, wo ich mir immer denke, das h\u00f6rt sich so an wir kyrllisch geschrieben und latein gelesen (oder r\u00fcckw\u00e4rts gelesen), und schaute, ob ich einen Parkplatz am R\u00f6ntgen-Musem bek\u00e4me.<\/p>\n<p>Es sollte egtl. Gratisparkpl\u00e4tze geben, lt Homepage aktuell wegen Bauarbeiten aber nicht anfahrbar. Und wegen Bauarbeiten auch nur 3 statt 5 \u20ac eintritt. Die Parkpl\u00e4tze an der Stra\u00dfe waren nur 2h mit Parkscheibe, also muss ich das Museum schneller bescuhen.<\/p>\n<p>Ziemlich umfangreiche Ausstellung, einige Besucher da, mir war es stellenweise zu interaktiv, Audioguide gibts auch. Zwei Stunden sind schon sehr knapp.<\/p>\n<p><a href='http:\/\/extra.inmontanis.info\/d\/135011-2\/dsc07451.jpg'><img src=http:\/\/extra.inmontanis.info\/d\/135009-3\/dsc07451.jpg \/><\/a><br \/>\n^ Nachteil der sch\u00f6nen Bl\u00e4tter &#8211; viel M\u00fcll<\/p>\n<p><a href='http:\/\/extra.inmontanis.info\/d\/135015-2\/dsc07453.jpg'><img src=http:\/\/extra.inmontanis.info\/d\/135014-3\/dsc07453.jpg \/><\/a><br \/>\n^ R\u00f6ntgenmuseum<\/p>\n<p><a href='http:\/\/extra.inmontanis.info\/d\/135019-2\/dsc07456.jpg'><img src=http:\/\/extra.inmontanis.info\/d\/135018-3\/dsc07456.jpg \/><\/a><br \/>\n^ Alte Treppe<\/p>\n<p><a href='http:\/\/extra.inmontanis.info\/d\/135023-2\/dsc07457.jpg'><img src=http:\/\/extra.inmontanis.info\/d\/135022-3\/dsc07457.jpg \/><\/a><br \/>\n^ Ausstellung mit viel interaktiven Elementen<\/p>\n<p><a href='http:\/\/extra.inmontanis.info\/d\/135027-2\/dsc07458.jpg'><img src=http:\/\/extra.inmontanis.info\/d\/135026-3\/dsc07458.jpg \/><\/a><br \/>\n^ R\u00f6ntgens Versuchsapparatur<\/p>\n<p><a href='http:\/\/extra.inmontanis.info\/d\/135031-2\/dsc07459.jpg'><img src=http:\/\/extra.inmontanis.info\/d\/135030-3\/dsc07459.jpg \/><\/a><br \/>\n^ Nachgebautes Arbeitszimmer<\/p>\n<p><a href='http:\/\/extra.inmontanis.info\/d\/135035-2\/dsc07461.jpg'><img src=http:\/\/extra.inmontanis.info\/d\/135034-3\/dsc07461.jpg \/><\/a><br \/>\n^ Keller<\/p>\n<p><a href='http:\/\/extra.inmontanis.info\/d\/135039-2\/dsc07463.jpg'><img src=http:\/\/extra.inmontanis.info\/d\/135038-3\/dsc07463.jpg \/><\/a><br \/>\n^ Alte Zeitungsartikel<\/p>\n<p><a href='http:\/\/extra.inmontanis.info\/d\/135043-2\/dsc07467.jpg'><img src=http:\/\/extra.inmontanis.info\/d\/135042-3\/dsc07467.jpg \/><\/a><br \/>\n^ Alte Zeitungsartikel<\/p>\n<p><a href='http:\/\/extra.inmontanis.info\/d\/135047-2\/dsc07468.jpg'><img src=http:\/\/extra.inmontanis.info\/d\/135046-3\/dsc07468.jpg \/><\/a><br \/>\n^ Alte Zeitungsartikel<\/p>\n<p><a href='http:\/\/extra.inmontanis.info\/d\/135051-2\/dsc07471.jpg'><img src=http:\/\/extra.inmontanis.info\/d\/135050-3\/dsc07471.jpg \/><\/a><br \/>\n^ Keller und weiter<\/p>\n<p><a href='http:\/\/extra.inmontanis.info\/d\/135055-2\/dsc07472.jpg'><img src=http:\/\/extra.inmontanis.info\/d\/135054-3\/dsc07472.jpg \/><\/a><br \/>\n^ <\/p>\n<p><a href='http:\/\/extra.inmontanis.info\/d\/135059-2\/dsc07476.jpg'><img src=http:\/\/extra.inmontanis.info\/d\/135058-3\/dsc07476.jpg \/><\/a><br \/>\n^ <\/p>\n<p><a href='http:\/\/extra.inmontanis.info\/d\/135063-2\/dsc07478.jpg'><img src=http:\/\/extra.inmontanis.info\/d\/135062-3\/dsc07478.jpg \/><\/a><br \/>\n^ R\u00f6ntgenbus<\/p>\n<p><a href='http:\/\/extra.inmontanis.info\/d\/135067-2\/dsc07481.jpg'><img src=http:\/\/extra.inmontanis.info\/d\/135066-3\/dsc07481.jpg \/><\/a><br \/>\n^ Alte Ger\u00e4te<\/p>\n<p><a href='http:\/\/extra.inmontanis.info\/d\/135071-2\/dsc07483.jpg'><img src=http:\/\/extra.inmontanis.info\/d\/135070-3\/dsc07483.jpg \/><\/a><br \/>\n^ Alte Ger\u00e4te<\/p>\n<p><a href='http:\/\/extra.inmontanis.info\/d\/135075-2\/dsc07485.jpg'><img src=http:\/\/extra.inmontanis.info\/d\/135074-3\/dsc07485.jpg \/><\/a><br \/>\n^ Alte Ger\u00e4te<\/p>\n<p><a href='http:\/\/extra.inmontanis.info\/d\/135079-2\/dsc07486.jpg'><img src=http:\/\/extra.inmontanis.info\/d\/135078-3\/dsc07486.jpg \/><\/a><br \/>\n^ .. mit Telefonw\u00e4hlscheibe hat man damals Ziffern eingegeben!<\/p>\n<p><a href='http:\/\/extra.inmontanis.info\/d\/135083-2\/dsc07488.jpg'><img src=http:\/\/extra.inmontanis.info\/d\/135082-3\/dsc07488.jpg \/><\/a><br \/>\n^ Alte Ger\u00e4te<\/p>\n<p><a href='http:\/\/extra.inmontanis.info\/d\/135087-2\/dsc07490.jpg'><img src=http:\/\/extra.inmontanis.info\/d\/135086-3\/dsc07490.jpg \/><\/a><br \/>\n^ Weitere Ausstellung<\/p>\n<p><a href='http:\/\/extra.inmontanis.info\/d\/135091-2\/dsc07493.jpg'><img src=http:\/\/extra.inmontanis.info\/d\/135090-3\/dsc07493.jpg \/><\/a><br \/>\n^ weitere alte Ger\u00e4te<\/p>\n<p><a href='http:\/\/extra.inmontanis.info\/d\/135095-2\/dsc07494.jpg'><img src=http:\/\/extra.inmontanis.info\/d\/135094-3\/dsc07494.jpg \/><\/a><br \/>\n^ Alte Ger\u00e4te<\/p>\n<p><a href='http:\/\/extra.inmontanis.info\/d\/135099-2\/dsc07495.jpg'><img src=http:\/\/extra.inmontanis.info\/d\/135098-3\/dsc07495.jpg \/><\/a><br \/>\n^ R\u00f6hren<\/p>\n<p><a href='http:\/\/extra.inmontanis.info\/d\/135103-2\/dsc07497.jpg'><img src=http:\/\/extra.inmontanis.info\/d\/135102-3\/dsc07497.jpg \/><\/a><br \/>\n^ Erinnerung, wof\u00fcr man R\u00f6ntgenstrahlung alles brauchen kann abseits von Medizin<\/p>\n<p><a href='http:\/\/extra.inmontanis.info\/d\/135107-2\/dsc07499.jpg'><img src=http:\/\/extra.inmontanis.info\/d\/135106-3\/dsc07499.jpg \/><\/a><br \/>\n^ <\/p>\n<p><a href='http:\/\/extra.inmontanis.info\/d\/135111-2\/dsc07500.jpg'><img src=http:\/\/extra.inmontanis.info\/d\/135110-3\/dsc07500.jpg \/><\/a><br \/>\n^ <\/p>\n<p><a href='http:\/\/extra.inmontanis.info\/d\/135115-2\/dsc07502.jpg'><img src=http:\/\/extra.inmontanis.info\/d\/135114-3\/dsc07502.jpg \/><\/a><br \/>\n^ <\/p>\n<p><a href='http:\/\/extra.inmontanis.info\/d\/135119-2\/dsc07505.jpg'><img src=http:\/\/extra.inmontanis.info\/d\/135118-3\/dsc07505.jpg \/><\/a><br \/>\n^ <\/p>\n<p><a href='http:\/\/extra.inmontanis.info\/d\/135123-2\/dsc07507.jpg'><img src=http:\/\/extra.inmontanis.info\/d\/135122-3\/dsc07507.jpg \/><\/a><br \/>\n^ Schuhdurchleuchtungsger\u00e4te<\/p>\n<p><a href='http:\/\/extra.inmontanis.info\/d\/135127-2\/dsc07508.jpg'><img src=http:\/\/extra.inmontanis.info\/d\/135126-3\/dsc07508.jpg \/><\/a><br \/>\n^ <\/p>\n<p><a href='http:\/\/extra.inmontanis.info\/d\/135131-2\/dsc07510.jpg'><img src=http:\/\/extra.inmontanis.info\/d\/135130-3\/dsc07510.jpg \/><\/a><br \/>\n^ Koffer im R\u00f6ntgenscanner<\/p>\n<p><a href='http:\/\/extra.inmontanis.info\/d\/135135-2\/dsc07511.jpg'><img src=http:\/\/extra.inmontanis.info\/d\/135134-3\/dsc07511.jpg \/><\/a><br \/>\n^ Alte Ger\u00e4te<\/p>\n<p><a href='http:\/\/extra.inmontanis.info\/d\/135139-2\/dsc07513.jpg'><img src=http:\/\/extra.inmontanis.info\/d\/135138-3\/dsc07513.jpg \/><\/a><br \/>\n^ Alte Ger\u00e4te<\/p>\n<p><a href='http:\/\/extra.inmontanis.info\/d\/135143-2\/dsc07515.jpg'><img src=http:\/\/extra.inmontanis.info\/d\/135142-3\/dsc07515.jpg \/><\/a><br \/>\n^ Erste Gehirnscanner Anfang der 1970er<\/p>\n<p><a href='http:\/\/extra.inmontanis.info\/d\/135147-2\/dsc07519.jpg'><img src=http:\/\/extra.inmontanis.info\/d\/135146-3\/dsc07519.jpg \/><\/a><br \/>\n^ <\/p>\n<p>D\u00f6ner sind in DE auch nicht mehr g\u00fcnstig, 7-8 \u20ac kann man schon h\u00e4ufig sehen.<\/p>\n<p>Da ein Action auf dem Weg war, hielt ich dort, denn ein Textilrefresher wird bald n\u00f6tig und so ein  Febreeze h\u00e4tte im Edeka gestern 3,99 gekostet &#8230;  im Action nur 2,84, aber vielleicht ist das eine g\u00fcnstigere Linie von Febreeze? Unbekanntere Marken w\u00e4ren naturlich noch g\u00fcnstiger gewesen&#8230;<\/p>\n<p>Gegen\u00fcber war ein Grillhendlstand, hatte ich auch schon l\u00e4nger nicht mehr. Preis konnte man leider nicht lesen, weil laufend Leute davor waren.<\/p>\n<p>6,40 kostet das halbe Hendl; Spiessbratenbr\u00f6tchen (was auch immer das sein mag) 4,50, Pommes klein 2,50.<\/p>\n<p>Hatte ein Spie\u00dfbratenbr\u00f6tchen und kleine Pommes bestellt, vor mir war nur eine, dann kam ich, nach meiner Bestellung kassierte er 2 andere ab und fragte in die runde mich \u00fcberblickend, wer als n\u00e4chster dran sei (nach mir oder nicht, wenn ich schon vorne stehe?? Kapier ich nicht) und ich sagte nochmals, was ich bestellt hab, dann hat er noch 1 ganzes, 2 halbe und evtl. nochmal ein halbes Hendl ausgegeben mit der Begr\u00fcndung, geht schneller als Br\u00f6tchen und dann hat er noch einer Frau 2 solche Siessbratenbr\u00f6rtchen und Pommes serviert (Sie wollten kleine Pommes? Ne, gro\u00dfe) &#8211; dann bin ich einfach wortlos gegangen. Also so ein Wichser..<\/p>\n<p>Dann halt mal zum McD geschaut. Da bin ich gar nicht rein, nur die Preise au\u00dfen an der T\u00fcr angeschaut,  6,29 f\u00fcr ein McRib, aber sicher nicht, das wars jetzt mit mir und McRib. <\/p>\n<p>In einer sp\u00e4teren Ortschaft noch an einem gro\u00dfen Rewe-Markt gewesen, die Currywurst beim dortigen Imbiss war mir auch etwas zu teuer, also ging ich rein und nahm vom dortigen B\u00e4cker ein Frikadellenbr\u00f6tchen um 3,90 mit und noch kleine Portion Pommes um 3 \u20ac vom Imbissstand.<\/p>\n<p><a href='http:\/\/extra.inmontanis.info\/d\/135175-2\/dsc07523.jpg'><img src=http:\/\/extra.inmontanis.info\/d\/135174-3\/dsc07523.jpg \/><\/a><br \/>\n^ Pommes und Frikadellenbr\u00f6tchen<\/p>\n<p>Leider waren die Pommes ungenie\u00dfbar salzig. Man h\u00e4tte auch Rosmarinkartoffeln haben k\u00f6nnen&#8230; sieht man an Imbissst\u00e4nden ja wohl \u00e4u\u00dferst selten. <\/p>\n<p><a href='http:\/\/extra.inmontanis.info\/d\/135179-2\/dsc07525.jpg'><img src=http:\/\/extra.inmontanis.info\/d\/135178-3\/dsc07525.jpg \/><\/a><br \/>\n^ Sehr, sehr salzige Pommes .. hab sie daher abgeschabt.<\/p>\n<p>Ich sollte mal einen Stellplatz mit Strom anfahren und beide Batterien aufladen, dann kann ich auch wieder selbst kochen oder zumindest Fertiggerichte aufw\u00e4rmen. <\/p>\n<p>Oh sch\u00f6n, nach Russland zweitliebstes Thema, &#8220;Klimawandel&#8221; &#8211; da gab&#8217;s heut eine Umfrage bei GFK, die ich gleich mal ordentlich ausgef\u00fcllt hab &#8211; alles sch\u00f6n &#8220;sehr dagegen&#8221; usw. <\/p>\n<p>Nat\u00fcrlich wieder viel zu engstirnig, da wird gefaselt von wegen Klima\u00e4nderung und CO2 und dann die Frage, ob man den Klimawandel nun f\u00fcr menschengemacht h\u00e4lt oder nicht. Ich glaub, es gab nicht mal eine Antwortm\u00f6glichkeit, dass man gar keinen Klimwandel sieht.<\/p>\n<p>Nun, ich denke, ich hab das schon \u00f6fters gesagt &#8211; nat\u00fcrlich werden 8 Mrd. Menschen irgendeine Auswirkung aufs Klima haben &#8211; St\u00e4dte, Boden, Landwirtschaft, Flugzeuge, Umweltverschmutzung, Energieverbrauch etc. etc &#8211; aber von der ganzen CO2-Hysterie halt ich nach wie vor null komma nix. Was soll man dann mit der Meinung da f\u00fcr eine Antwort ausw\u00e4hlen, ohne dass diejenigen, die die Ergebnisse zusammenwurschteln, ein falsches Bild von meiner Meinung bekommen?!<\/p>\n<p>Umfragen wirklich neutral zu verfassen ist wohl leider sehr schwierig. Oder  gr\u00f6\u00dftenteils wohl auch gar nicht gewollt.<\/p>\n<p>Was die Erk\u00e4ltung betrifft, ist diese nun jedenfalls sp\u00fcrbar am abklingen und mein Immunsystem wieder um eine Erfahrung reicher.<\/p>\n","protected":false},"excerpt":{"rendered":"<p>Mo, 20.10.2025<\/p>\n<p>Die kleine Batterie d\u00fcrfte vmtl. ziemlich leer sein, also die ganze Woche hier in der Gegend bleiben ginge nur, wenn ich einen Stellplatz\/Campingplatz mit Strom nehmen w\u00fcrde.<\/p>\n<p>Allerdings wird f\u00fcr die anderen Tage der Woche auch nicht grundlegend trockener gemeldet als f\u00fcr Dienstag, was Solingen betrifft. Auch heute Vormittag immer mal wieder ein <a href=\"http:\/\/blog.inmontanis.info\/?p=10937\">[&#8230;]<\/a><\/p>\n","protected":false},"author":1,"featured_media":10939,"comment_status":"closed","ping_status":"closed","sticky":false,"template":"","format":"standard","meta":{"footnotes":""},"categories":[950,12],"tags":[],"class_list":["post-10937","post","type-post","status-publish","format-standard","has-post-thumbnail","hentry","category-2025-09-2026-11-pyrenaen-uk-co","category-germany","odd"],"_links":{"self":[{"href":"http:\/\/blog.inmontanis.info\/index.php?rest_route=\/wp\/v2\/posts\/10937","targetHints":{"allow":["GET"]}}],"collection":[{"href":"http:\/\/blog.inmontanis.info\/index.php?rest_route=\/wp\/v2\/posts"}],"about":[{"href":"http:\/\/blog.inmontanis.info\/index.php?rest_route=\/wp\/v2\/types\/post"}],"author":[{"embeddable":true,"href":"http:\/\/blog.inmontanis.info\/index.php?rest_route=\/wp\/v2\/users\/1"}],"replies":[{"embeddable":true,"href":"http:\/\/blog.inmontanis.info\/index.php?rest_route=%2Fwp%2Fv2%2Fcomments&post=10937"}],"version-history":[{"count":2,"href":"http:\/\/blog.inmontanis.info\/index.php?rest_route=\/wp\/v2\/posts\/10937\/revisions"}],"predecessor-version":[{"id":10940,"href":"http:\/\/blog.inmontanis.info\/index.php?rest_route=\/wp\/v2\/posts\/10937\/revisions\/10940"}],"wp:featuredmedia":[{"embeddable":true,"href":"http:\/\/blog.inmontanis.info\/index.php?rest_route=\/wp\/v2\/media\/10939"}],"wp:attachment":[{"href":"http:\/\/blog.inmontanis.info\/index.php?rest_route=%2Fwp%2Fv2%2Fmedia&parent=10937"}],"wp:term":[{"taxonomy":"category","embeddable":true,"href":"http:\/\/blog.inmontanis.info\/index.php?rest_route=%2Fwp%2Fv2%2Fcategories&post=10937"},{"taxonomy":"post_tag","embeddable":true,"href":"http:\/\/blog.inmontanis.info\/index.php?rest_route=%2Fwp%2Fv2%2Ftags&post=10937"}],"curies":[{"name":"wp","href":"https:\/\/api.w.org\/{rel}","templated":true}]}}