{"id":10931,"date":"2025-10-18T19:54:51","date_gmt":"2025-10-18T17:54:51","guid":{"rendered":"http:\/\/blog.inmontanis.info\/?p=10931"},"modified":"2025-10-22T20:06:48","modified_gmt":"2025-10-22T18:06:48","slug":"burg-uda-westfalenpark-17-18-20-2025","status":"publish","type":"post","link":"http:\/\/blog.inmontanis.info\/?p=10931","title":{"rendered":"Burg Uda + Westfalenpark, 17.-18.20.2025"},"content":{"rendered":"<p><strong>Fr, 17.10.2025<\/strong><\/p>\n<p>Gestern Abend und die dreiviertelte Nacht war mir sehr schwindelig, es kam auch sehr sehr sp\u00e4t oder fr\u00fch jemand auf den Parkplatz &#8230; und morgens schaffte ich es nicht mehr, zum n\u00e4chsten Rastplatz zu fahren, bevor ich aufs Klo musste. Die gestrigen Fleisch-Taschen schmeckten aber auch sehr zwiebelig.<\/p>\n<p>Wenigsgtens war der Schwindel dann um 7 Uhr besser. Halsschmerzen etwas st\u00e4rker. Also wohl doch Erk\u00e4ltung ohne K\u00e4lte. War aber ja klar, schon lang nicht mehr gehabt, viele haben derzeit und ich war lang nicht mehr in solchen Menschenmengen unterwegs.<\/p>\n<p>Heut stand eigentlich nur Batterietausch auf dem Plan und dann die weiteren Ziele \u00fcberlegen. Dortmund Westfalenpark mit der alten 2er Gondel w\u00e4re deshalb ja schon ein sch\u00f6nes Ziel, aber auch knapp 100km Umweg. Die Museumstrams in Dortmund fahren anscheinend mit Batteriewagen hinterher und haben keine Oberleitung, was die Sache etwas langweiliger macht, w\u00fcrden aber am Sonntag eben in Betrieb sein. <\/p>\n<p>Am Sonntag in einer Woche w\u00e4re in der N\u00e4he von Wuppertal eine Museumstram offen, was dann aber die ganze Woche machen? Gibt&#8217;s interessante Museen auf dem Weg? Reicht mir der Strom? Bekomm ich die Tauschbatterie voll geladen? Wetter k\u00f6nnte n\u00e4chste Woche etwas regnerischer werden.<\/p>\n<p>Die alte Rheinseilbahn in K\u00f6ln w\u00e4r auch mal wieder einen Besuch wert, aber an K\u00f6ln fahr ich heut vorbei und das w\u00e4r dann n\u00e4chste Woche als Ziel eigentlich auch zu weit entfernt, ich will hier ja nicht haufenweise Kilometer verfahren, lieber im Winter und n\u00e4chsten Sommer mehr haben.<\/p>\n<p>Was ja extrem nervt, ist die Standortsch\u00f6tzung anhand IP-Adresse bei Google Suche. Das funktioniert ja schon in \u00d6sterreich nicht korrekt, unterwegs ist es aber nat\u00fcrlich nochmals nerviger, weil man dann via Roaming mal in Wien, mal in Graz, mal in Innsbruck verortet wird und entsprechend unpassende Suchergebnisse bekommt. Plus nervt es mich ja schon jahrelang, dass ich immer deutsch-zentrierte Suchergebnisse bekomm, selbst wenn ich mit fremdsprachigen W\u00f6rtern suche. Werd wohl doch endlich mal eine andere Suchmaschine nehmen m\u00fcssen.<\/p>\n<p>Der Austausch ging reibungslos, die Verpackung konnte ich da lassen, laut App 57% geladen und 1 Zyklus, die Zellen gut balanziert.<\/p>\n<p>Ich fuhr in den n\u00e4chsten Ort, wo es einen gratis Wohnmobil- und PKW-Platz gab, halt immer schwierig wo ich mich dann hinstellen soll &#8211; PKW weil von der Autoform her oder Wohnmobil weil \u00fcbernachten&#8230; entschied mich f\u00fcr PKW. Diw WoMo-Pl\u00e4tze habe eine Stroms\u00e4ule (aber zu wenig f\u00fcr alle und ich komm da von meinem Platz aus eh nicht r\u00fcber, wobei schon 3 belegt waren)<\/p>\n<p>Im Ort soll&#8217;s einen Imbiss mit Schaschlick geben, also mal in den Ort gegangen. Schaschlick  gab&#8217;s, mit Pommes dann 8,50 \u20ac. B\u00e4cker gegen\u00fcber hatte nur bis 13 Uhr offen, also dann halt morgen Vormittag irgendwo einkaufen.  Halbe Semmel f\u00fcr morgens hab ich ja noch. Griechische Speisen h\u00e4tte es hier auch gegeben.<\/p>\n<p>Die So\u00dfe k\u00f6nnte aber geschmacklich auch eine Gulaschso\u00dfe sein, ich bevorzuge ja zum Schaschlick einfach ein Schaschlick-Ketchup (zB von Hela).<\/p>\n<p>Zu sp\u00e4t gesehen, dass es auch etwas gegeben h\u00e4tte, was ich nur aus Schweden kenne: Schnitzel mit Bearnaise-So\u00dfe!!<\/p>\n<p><a href='http:\/\/extra.inmontanis.info\/d\/134624-2\/dsc07133.jpg'><img src=http:\/\/extra.inmontanis.info\/d\/134623-3\/dsc07133.jpg \/><\/a><br \/>\n^ Schaschlick und Pommes, war m.E.  aber eher eine Gulasch-Paprika-So\u00dfe als eine Schaschlickso\u00dfe<\/p>\n<p>Zuf\u00e4llig gibts im Ort und nahe des Stellplatzes noch eine Burgruine, an der ich vorbei ging:<\/p>\n<p><a href='http:\/\/extra.inmontanis.info\/d\/134628-2\/dsc07134.jpg'><img src=http:\/\/extra.inmontanis.info\/d\/134627-3\/dsc07134.jpg \/><\/a><br \/>\n^ Immerhin die T\u00fcr links ist sch\u00f6n<\/p>\n<p><a href='http:\/\/extra.inmontanis.info\/d\/134632-2\/dsc07137.jpg'><img src=http:\/\/extra.inmontanis.info\/d\/134631-3\/dsc07137.jpg \/><\/a><br \/>\n^ Burg Uda in Oedt<\/p>\n<p><a href='http:\/\/extra.inmontanis.info\/d\/134636-2\/dsc07140.jpg'><img src=http:\/\/extra.inmontanis.info\/d\/134635-3\/dsc07140.jpg \/><\/a><br \/>\n^ Infotafel<\/p>\n<p><a href='http:\/\/extra.inmontanis.info\/d\/134640-2\/dsc07142.jpg'><img src=http:\/\/extra.inmontanis.info\/d\/134639-3\/dsc07142.jpg \/><\/a><br \/>\n^ Ausgrabungen<\/p>\n<p><a href='http:\/\/extra.inmontanis.info\/d\/134644-2\/dsc07144.jpg'><img src=http:\/\/extra.inmontanis.info\/d\/134643-3\/dsc07144.jpg \/><\/a><br \/>\n^ Mauerreste, soll \u00fcber 700 Jahre alt sein!<\/p>\n<p><a href='http:\/\/extra.inmontanis.info\/d\/134648-2\/dsc07145.jpg'><img src=http:\/\/extra.inmontanis.info\/d\/134647-3\/dsc07145.jpg \/><\/a><br \/>\n^ Infotafel<\/p>\n<p><a href='http:\/\/extra.inmontanis.info\/d\/134652-2\/dsc07148.jpg'><img src=http:\/\/extra.inmontanis.info\/d\/134651-3\/dsc07148.jpg \/><\/a><br \/>\n^ Infotafel<\/p>\n<p><a href='http:\/\/extra.inmontanis.info\/d\/134656-2\/dsc07151.jpg'><img src=http:\/\/extra.inmontanis.info\/d\/134655-3\/dsc07151.jpg \/><\/a><br \/>\n^ Zoom Turm<\/p>\n<p><a href='http:\/\/extra.inmontanis.info\/d\/134660-2\/dsc07154.jpg'><img src=http:\/\/extra.inmontanis.info\/d\/134659-3\/dsc07154.jpg \/><\/a><br \/>\n^ Wege nebenbei<\/p>\n<p><a href='http:\/\/extra.inmontanis.info\/d\/134664-2\/dsc07155.jpg'><img src=http:\/\/extra.inmontanis.info\/d\/134663-3\/dsc07155.jpg \/><\/a><br \/>\n^ Wege nebenbei<\/p>\n<p><a href='http:\/\/extra.inmontanis.info\/d\/134668-2\/dsc07158.jpg'><img src=http:\/\/extra.inmontanis.info\/d\/134667-3\/dsc07158.jpg \/><\/a><br \/>\n^ Burg Uda in Oedt<\/p>\n<p>Danach die Batterie eingebaut &#8211; w\u00e4r auch schneller gegangen, wenn ich nicht alles 2- und 3-fach h\u00e4tte machen m\u00fcssen, weil irgendwas vergessen oder Kabel falsch gelegt ..<\/p>\n<p>Obwohl ich ja quasi nur noch bis Montag Garantie hab, hab ich trotzdem wieder die andere (neu + alt ist jetzt etwas schwierig), also die kleinere, aktiv geschaltet, weil da mein Batteriemonitor gerade passen sollte und ich die vielleicht mal schneller voll geladen bekomme.<\/p>\n<p>Bilder von R\u00fcdesheim durchgeschaut, schei\u00dfe waren das wieder viele. Und Videos muss ich auch bearbeiten.<\/p>\n<p>Und \u00fcberhaupt keine Lust gehabt, die Planungen f\u00fcr die n\u00e4chsten Tage zu machen. Wo jetzt eh ein grippaler Infekt im Gang ist.<\/p>\n<p>Tja.. also nostalgiem\u00e4\u00dfig ist die 2EUB in Dortmund nat\u00fcrlich schon wesentlich interessanter als die DSBen in Cochem und Saarburg. Von der Museumstram her d\u00fcrfte die Bergische bei Wuppertal interessanter sein als die in Dortmund, aber die Bergische hat erst wieder am 26.10. Fahrbetrieb, d.h. die Woche dazwischen m\u00fcsste ich 5 Tage hier irgendwie rumbringen und dann wird die Woche danach etwas knapp, zumindest falls ich Sessellifte Rietburg und Saarbr\u00fccken und die Musikautomatenmuseen um Speyer mitnehmen m\u00f6chte und das Tram-Museum in Stuttgart eigentlich ja auch lieber am 2.11. besuchen sollte, denn sonst bin ich ja Mitte November noch in Deutschland und muss mich auf dem Weg in die Pyren\u00e4en zu sehr beeilen, falls da am 15. oder 22.11. Schnee liegen sollte und Lifte \u00f6ffnen sollten. <\/p>\n<p>Au\u00dfer man h\u00e4tte Gl\u00fcck und am 15.11. k\u00f6nnte in CH oder FR auf dem Weg zuf\u00e4llg irgendein Skigebiet \u00f6ffnen und das zu einem g\u00fcnstigen Preis, dann w\u00e4rs doch sinnvoll, in DE noch l\u00e4nger rumzugurken.<\/p>\n<p>Ok, also Dortmund macht morgen wohl leider zu viel Sinn; und dann wohl auch am SO die Museumstram, weil eh dort und weil sonst nix wegl\u00e4uft.<\/p>\n<p>Saarbr\u00fccken wird wetter- und temperaturm\u00e4\u00dfig n\u00e4chstes WE vmtl. eh nicht mehr in Betrieb sein.<\/p>\n<p>Also die Prime Video App am Android Gandy mal wieder &#8230; gibt ja so eine Einstellung &#8220;Hardware-Beschleunigung deaktivieren&#8221;, hatte ich zuvor noch nicht ausprobiert bei meinen besprochenen Problemen mit der neuen App-Version. Damit lie\u00df sich eine Serie, die ich bisher nicht abspielen konnte \u00fcbern Projektor, abspielen. Daf\u00fcr lassen sich jetzt 2 andere Serien, die ich bisher (d.h. am Vorg\u00e4nger-Handy, das ja ident sein sollte) problemlos abspielen konnte, weder mit noch ohne HW-Beschleunigung  abspielen. Via Projektor. Lokal am Handy-Bildschirm geht&#8217;s nat\u00fcrlich.<\/p>\n<p>Bin froh, wenn ich Amazon Prime in wenigen Monaten endlich k\u00fcndigen werde. Lang genug \u00c4rgern lassen mit dem Schei\u00df.<\/p>\n<p>Heut Abend fing dann auch langsam die Schnupfen-Phase an.<\/p>\n<p><strong>Sa, 18.10.2025<\/strong><\/p>\n<p>Von 22 oder 23 bis 7 Uhr war die \u00f6rtliche Kirche ruhig, aber um 7 Uhr Sturmgel\u00e4ute, dass alle wach werden. Um 3 Uhr gingen Leute vorbei, aber da musste ich eh grad pinkeln.<\/p>\n<p>Da die Seilbahn erst nachmittags f\u00e4hrt, hielt ich an einem Supermrkt Einkaufszentrum,  WC, einkaufen und ev. iPhone-Akku-Tausch? <\/p>\n<p>Ikea g\u00e4bs hier auch, aber gegen\u00fcber auf der anderen Stra\u00dfenseite und wohl zu Fu\u00df und mit dem Auto eher umst\u00e4ndlich zu erreichen.<\/p>\n<p>Hier am Imbissstand Currywurst um 3,50 und Pommes um 2,50 h\u00f6rt sich doch auch g\u00fcnstig an.<\/p>\n<p>Mediamarkt repariert laut Website iPhones nur noch ab dem 6er, daher gar nicht gefragt, sondern nur im kleinen Asiaten-Handyshop, wo ich etwas warten musste. Aber wie bef\u00fcrchtet &#8211; kein Akku f\u00fcr mein 5S mehr da.<\/p>\n<p>Plastikt\u00fcten und Plastikbesteck werden verboten, aber an der Backabteilung soll und ziehen fast alle Plastikhandschuhe an &#8230; weil Zangen (die sonst jeder anf\u00e4sst) gibts keine. Ich kann mich beherrschen und die Sachen so rausnehmen, dass ich nicht die anderen Semmeln betatsche und spar mir die Plastikhandschuhe. Das sind immer so Sachen, wo man daraus schlie\u00dfen muss, dass es den Regierungen nicht um Umweltschutz oder ihren sog. Klimaschutz gehen kann.<\/p>\n<p>Semmeln mit 0,19 aber deutlich g\u00fcnstiger als in AT.<\/p>\n<p>1,5l cola light 0,69 \u20ac,<br \/>\n1,5l Wasser mit Kirschgeschmack 0,55 (leider mit Zucker, daher nicht gekauft)<br \/>\n1,5l mineralwwasser 0,29 \u20ac kommt also mit der Getr\u00e4nkepulverpackung in Summe  g\u00fcnstiger als das Cola.<\/p>\n<p>Die ersten Tage konnte ich Wasserflaschen an Autobahnrastpl\u00e4tzen auff\u00fcllen, aber momentan hab ich da keine mehr.<\/p>\n<p>Schaschlick h\u00e4tte es auch gegeben, aber weil ja erst gestern, nahm ich:<\/p>\n<p><a href='http:\/\/extra.inmontanis.info\/d\/134672-2\/dsc07159.jpg'><img src=http:\/\/extra.inmontanis.info\/d\/134671-3\/dsc07159.jpg \/><\/a><br \/>\n^ Currywurst mit Pommes um also 6 \u20ac und es gab sogar noch kleine Plastikg\u00e4belchen! Die kleben wenigstens nicht an den Lippen wie die Holzgabeln sonst.<\/p>\n<p>Nochmals zum Klo und beim Rausgehen beim B\u00e4cker einen &#8220;Spekulatius-Wuppi&#8221; und einen &#8220;Lebkuchentaler&#8221; mitgenommen; letzteres entpuppte sich eher als Gew\u00fcrzkuchen mit Schoko\u00fcberzug und ersteres war auch so \u00e4hnlich.<\/p>\n<p><a href='http:\/\/extra.inmontanis.info\/d\/134676-2\/dsc07160.jpg'><img src=http:\/\/extra.inmontanis.info\/d\/134675-3\/dsc07160.jpg \/><\/a><\/p>\n<p>Deutsche Politik kann man einfach nicht mehr ernst nehmen&#8230;. mal abgesehen von ihrer Coronaverarsche, ihrem Russland-ist-immer-und-an-allem-Schuld-Geplappler, dem Genderschwachsinn (diese Tage wirklich in vielen Prospekten und auf vielen \u00f6ffentlichen Websites gesehen, den Schei\u00df kannst nicht mehr lesen) &#8211; aber dann gibts eben auch noch solche Kopfsch\u00fcttelstilbl\u00fcten:<\/p>\n<p>Ich hab schon viele L\u00e4rmschutzschilder gesehen, aber eine Geschwindigkeitsbegrenzung wegen L\u00e4rmschutz ist doch \u00fcblicherweise und schon auch ganz logischerweise in der Nacht oder ganztags, oder? Nein, nicht in Dortmund, hier hat man nur tags\u00fcber ruhig zu sein, nachts darf man laut sein:<\/p>\n<p><a href='http:\/\/extra.inmontanis.info\/d\/134680-2\/dsc07161.jpg'><img src=http:\/\/extra.inmontanis.info\/d\/134679-3\/dsc07161.jpg \/><\/a><br \/>\n^ 30 km\/h wegen L\u00e4rmschutz von 6-24 Uhr .. und in der Nacht darf man also laut mit dem Moped 50 fahren oder wie?!<\/p>\n<p>Um 12 Uhr kam ich an einem dem Westfalenpark nahe gelegenen gratis Parkplatz an. die normalen kosten tageweise 8 \u20ac. von denen man 6 \u20ac an einem bemannten Eingang zur\u00fcckerstattet bekommt, wenn keine Veranstaltung ist &#8211; also reichlich kompliziert, dann lieber gleich gratis und bissl Fu\u00dfweg. Recht verwildert und quasi komplett leer. Vielleicht auch was f\u00fcr die Nacht, aber sah teilweise nicht so einladend aus.<\/p>\n<p>Aber man h\u00e4tte am Stra\u00dfenrand noch viel n\u00e4her am Eingang parken k\u00f6nnen.<\/p>\n<p>Der Eintritt in den Park kostet 4,50, Kombiticket gibt&#8217;s nur mit dem Turm, aber da war ich ja schon letztes Mal, heute m\u00f6chte ich neben der Seilbahn auch den kleinen Zug fahren, beides je 5 \u20ac H\/R.<\/p>\n<p><a href='http:\/\/extra.inmontanis.info\/d\/134395-2\/dsc07164.jpg'><img src=http:\/\/extra.inmontanis.info\/d\/134394-3\/dsc07164.jpg \/><\/a><br \/>\n^ Wei\u00dfe Villa, bunte B\u00e4ume, blauer Himmel und der Florianturm im Westfalenpark<\/p>\n<p><a href='http:\/\/extra.inmontanis.info\/d\/134399-2\/dsc07166.jpg'><img src=http:\/\/extra.inmontanis.info\/d\/134398-3\/dsc07166.jpg \/><\/a><br \/>\n^ Wei\u00dfe Villa, bunte B\u00e4ume, blauer Himmel und der Florianturm im Westfalenpark<\/p>\n<p><a href='http:\/\/extra.inmontanis.info\/d\/134403-2\/dsc07170.jpg'><img src=http:\/\/extra.inmontanis.info\/d\/134402-3\/dsc07170.jpg \/><\/a><br \/>\n^ Plan Westfalenpark; die Seilbahn verl\u00e4uft von unten nach oen rechts vom hellgelben Bereich (Kleingartenkolonie); Bergstation ist ganz oben<\/p>\n<p><a href='http:\/\/extra.inmontanis.info\/d\/134407-2\/dsc07171.jpg'><img src=http:\/\/extra.inmontanis.info\/d\/134406-3\/dsc07171.jpg \/><\/a><br \/>\n^ Puppenspielhaus<\/p>\n<p><a href='http:\/\/extra.inmontanis.info\/d\/134411-2\/dsc07172.jpg'><img src=http:\/\/extra.inmontanis.info\/d\/134410-3\/dsc07172.jpg \/><\/a><br \/>\n^ Eisenbahn \/ Parkbahn \/ Kleinbahn<\/p>\n<p><a href='http:\/\/extra.inmontanis.info\/d\/134415-2\/dsc07174.jpg'><img src=http:\/\/extra.inmontanis.info\/d\/134414-3\/dsc07174.jpg \/><\/a><br \/>\n^ Diverse G\u00e4rten<\/p>\n<p><a href='http:\/\/extra.inmontanis.info\/d\/134419-2\/dsc07175.jpg'><img src=http:\/\/extra.inmontanis.info\/d\/134418-3\/dsc07175.jpg \/><\/a><br \/>\n^ G\u00e4nse? Was machen die denn hier&#8230;<\/p>\n<p><a href='http:\/\/extra.inmontanis.info\/d\/134423-2\/dsc07179.jpg'><img src=http:\/\/extra.inmontanis.info\/d\/134422-3\/dsc07179.jpg \/><\/a><br \/>\n^ 2EUB nahe Bergstation<\/p>\n<p><a href='http:\/\/extra.inmontanis.info\/d\/134427-2\/dsc07182.jpg'><img src=http:\/\/extra.inmontanis.info\/d\/134426-3\/dsc07182.jpg \/><\/a><br \/>\n^ Bergstation<\/p>\n<p><a href='http:\/\/extra.inmontanis.info\/d\/134431-2\/dsc07183.jpg'><img src=http:\/\/extra.inmontanis.info\/d\/134430-3\/dsc07183.jpg \/><\/a><br \/>\n^ Bergstation<\/p>\n<p><a href='http:\/\/extra.inmontanis.info\/d\/134435-2\/dsc07184.jpg'><img src=http:\/\/extra.inmontanis.info\/d\/134434-3\/dsc07184.jpg \/><\/a><br \/>\n^ Teilweise wird der Lift ja auch als Sessellift gef\u00fchrt, die Bezeichnung Kabine passt ja auch nicht so ganz &#8211;  Gondel dagegen schon<\/p>\n<p><a href='http:\/\/extra.inmontanis.info\/d\/134439-2\/dsc07185.jpg'><img src=http:\/\/extra.inmontanis.info\/d\/134438-3\/dsc07185.jpg \/><\/a><br \/>\n^ Bergstation<\/p>\n<p><a href='http:\/\/extra.inmontanis.info\/d\/134443-2\/dsc07186.jpg'><img src=http:\/\/extra.inmontanis.info\/d\/134442-3\/dsc07186.jpg \/><\/a><br \/>\n^ Strecke oberer Teil<\/p>\n<p><a href='http:\/\/extra.inmontanis.info\/d\/134447-2\/dsc07187.jpg'><img src=http:\/\/extra.inmontanis.info\/d\/134446-3\/dsc07187.jpg \/><\/a><br \/>\n^ Strecke oberer Teil<\/p>\n<p><a href='http:\/\/extra.inmontanis.info\/d\/134451-2\/dsc07188.jpg'><img src=http:\/\/extra.inmontanis.info\/d\/134450-3\/dsc07188.jpg \/><\/a><br \/>\n^ Strecke Mitte<\/p>\n<p><a href='http:\/\/extra.inmontanis.info\/d\/134455-2\/dsc07190.jpg'><img src=http:\/\/extra.inmontanis.info\/d\/134454-3\/dsc07190.jpg \/><\/a><br \/>\n^ Strecke Mitte<\/p>\n<p><a href='http:\/\/extra.inmontanis.info\/d\/134459-2\/dsc07192.jpg'><img src=http:\/\/extra.inmontanis.info\/d\/134458-3\/dsc07192.jpg \/><\/a><br \/>\n^ <\/p>\n<p><a href='http:\/\/extra.inmontanis.info\/d\/134463-2\/dsc07193.jpg'><img src=http:\/\/extra.inmontanis.info\/d\/134462-3\/dsc07193.jpg \/><\/a><br \/>\n^ unm\u00f6glich, St\u00fctzen und Turm gerade zu fotografieren ;)<\/p>\n<p><a href='http:\/\/extra.inmontanis.info\/d\/134467-2\/dsc07195.jpg'><img src=http:\/\/extra.inmontanis.info\/d\/134466-3\/dsc07195.jpg \/><\/a><br \/>\n^ Talstation, leider schon erreicht, die kuppelbare Gondelbahn f\u00e4hrt schnell<\/p>\n<p><a href='http:\/\/extra.inmontanis.info\/d\/134471-2\/dsc07196.jpg'><img src=http:\/\/extra.inmontanis.info\/d\/134470-3\/dsc07196.jpg \/><\/a><br \/>\n^ Talstation<\/p>\n<p><a href='http:\/\/extra.inmontanis.info\/d\/134475-2\/dsc07197.jpg'><img src=http:\/\/extra.inmontanis.info\/d\/134474-3\/dsc07197.jpg \/><\/a><br \/>\n^ Talstation<\/p>\n<p><a href='http:\/\/extra.inmontanis.info\/d\/134479-2\/dsc07198.jpg'><img src=http:\/\/extra.inmontanis.info\/d\/134478-3\/dsc07198.jpg \/><\/a><br \/>\n^ Strecke und Turm<\/p>\n<p><a href='http:\/\/extra.inmontanis.info\/d\/134483-2\/dsc07200.jpg'><img src=http:\/\/extra.inmontanis.info\/d\/134482-3\/dsc07200.jpg \/><\/a><br \/>\n^ 2EUB und Florianturm<\/p>\n<p><a href='http:\/\/extra.inmontanis.info\/d\/134487-2\/dsc07201.jpg'><img src=http:\/\/extra.inmontanis.info\/d\/134486-3\/dsc07201.jpg \/><\/a><br \/>\n^ Bunte B\u00e4ume und paar bunte Blumen gibts auch noch<\/p>\n<p><a href='http:\/\/extra.inmontanis.info\/d\/134491-2\/dsc07202.jpg'><img src=http:\/\/extra.inmontanis.info\/d\/134490-3\/dsc07202.jpg \/><\/a><br \/>\n^ 2EUB und Florianturm<\/p>\n<p><a href='http:\/\/extra.inmontanis.info\/d\/134495-2\/dsc07203.jpg'><img src=http:\/\/extra.inmontanis.info\/d\/134494-3\/dsc07203.jpg \/><\/a><br \/>\n^ 2EUB und Florianturm<\/p>\n<p><a href='http:\/\/extra.inmontanis.info\/d\/134499-2\/dsc07203-2.jpg'><img src=http:\/\/extra.inmontanis.info\/d\/134498-3\/dsc07203-2.jpg \/><\/a><br \/>\n^ 2EUB und Florianturm im Nostalgie-Look<\/p>\n<p><a href='http:\/\/extra.inmontanis.info\/d\/134503-2\/dsc07208.jpg'><img src=http:\/\/extra.inmontanis.info\/d\/134502-3\/dsc07208.jpg \/><\/a><br \/>\n^ 2EUB und Kleinbahn<\/p>\n<p><a href='http:\/\/extra.inmontanis.info\/d\/134507-2\/dsc07209.jpg'><img src=http:\/\/extra.inmontanis.info\/d\/134506-3\/dsc07209.jpg \/><\/a><br \/>\n^ 2EUB und Kleinbahn<\/p>\n<p><a href='http:\/\/extra.inmontanis.info\/d\/134511-2\/dsc07211.jpg'><img src=http:\/\/extra.inmontanis.info\/d\/134510-3\/dsc07211.jpg \/><\/a><br \/>\n^ Florianturm<\/p>\n<p><a href='http:\/\/extra.inmontanis.info\/d\/134515-2\/dsc07212.jpg'><img src=http:\/\/extra.inmontanis.info\/d\/134514-3\/dsc07212.jpg \/><\/a><br \/>\n^ 2EUB mit kleinem See vorne<\/p>\n<p><a href='http:\/\/extra.inmontanis.info\/d\/134519-2\/dsc07213.jpg'><img src=http:\/\/extra.inmontanis.info\/d\/134518-3\/dsc07213.jpg \/><\/a><br \/>\n^ <\/p>\n<p><a href='http:\/\/extra.inmontanis.info\/d\/134523-2\/dsc07214.jpg'><img src=http:\/\/extra.inmontanis.info\/d\/134522-3\/dsc07214.jpg \/><\/a><br \/>\n^ <\/p>\n<p><a href='http:\/\/extra.inmontanis.info\/d\/134527-2\/dsc07216.jpg'><img src=http:\/\/extra.inmontanis.info\/d\/134526-3\/dsc07216.jpg \/><\/a><br \/>\n^ <\/p>\n<p><a href='http:\/\/extra.inmontanis.info\/d\/134531-2\/dsc07218.jpg'><img src=http:\/\/extra.inmontanis.info\/d\/134530-3\/dsc07218.jpg \/><\/a><br \/>\n^ Bergsch\u00e4den, wo gibts denn hier einen Berg?! Oder gehts da um ehemalige Bergwerke unter der Erde?<\/p>\n<p><a href='http:\/\/extra.inmontanis.info\/d\/134535-2\/dsc07219.jpg'><img src=http:\/\/extra.inmontanis.info\/d\/134534-3\/dsc07219.jpg \/><\/a><br \/>\n^ See, auch hier rechts ..<\/p>\n<p><a href='http:\/\/extra.inmontanis.info\/d\/134539-2\/dsc07222.jpg'><img src=http:\/\/extra.inmontanis.info\/d\/134538-3\/dsc07222.jpg \/><\/a><br \/>\n^ &#8230; Bergsch\u00e4dengebiet. Hab ich in den Bergen noch nie gelesen diesen Begriff, aber hier im Flachland gibts das eben.<\/p>\n<p><a href='http:\/\/extra.inmontanis.info\/d\/134543-2\/dsc07223.jpg'><img src=http:\/\/extra.inmontanis.info\/d\/134542-3\/dsc07223.jpg \/><\/a><br \/>\n^ Wer dagegen einen Seeschaden hat, sollte mal zum Optiker gehen ;)<\/p>\n<p><a href='http:\/\/extra.inmontanis.info\/d\/134547-2\/dsc07224.jpg'><img src=http:\/\/extra.inmontanis.info\/d\/134546-3\/dsc07224.jpg \/><\/a><br \/>\n^ 2EUB wieder hinauf zur Bergstation, links kreuzt hier kurz die Kleinbahn<\/p>\n<p><a href='http:\/\/extra.inmontanis.info\/d\/134551-2\/dsc07225.jpg'><img src=http:\/\/extra.inmontanis.info\/d\/134550-3\/dsc07225.jpg \/><\/a><br \/>\n^ 2EUB &#8211; mit unsichtbarem Florianturm ;)<\/p>\n<p><a href='http:\/\/extra.inmontanis.info\/d\/134555-2\/dsc07227.jpg'><img src=http:\/\/extra.inmontanis.info\/d\/134554-3\/dsc07227.jpg \/><\/a><br \/>\n^ 2EUB &#8211; nun wieder mit Turm<\/p>\n<p><a href='http:\/\/extra.inmontanis.info\/d\/134559-2\/dsc07229.jpg'><img src=http:\/\/extra.inmontanis.info\/d\/134558-3\/dsc07229.jpg \/><\/a><br \/>\n^ Im Herbst mit den bunten B\u00e4umen ist das hier schon fotogener<\/p>\n<p><a href='http:\/\/extra.inmontanis.info\/d\/134563-2\/dsc07231.jpg'><img src=http:\/\/extra.inmontanis.info\/d\/134562-3\/dsc07231.jpg \/><\/a><br \/>\n^ Bequeme Plastiksitze<\/p>\n<p>Der Zug f\u00e4hrt alle 30min. <\/p>\n<p>Leider hatte ich mal wieder die Arschkarte gezogen. Kurz nach der Zwischenstation hatte die Lok irgendwelche Probleme und der Lokf\u00fchrer musste bischen was machen. Am tiefsten und schattingsten Platz und dann 2x kurz angefahren und wieder gestoppt und er meinte, er habe seinen Chef angerufen und der komme bald.<\/p>\n<p>Gibt&#8217;s keine Ersatzlok, die uns ziehen kann?<\/p>\n<p>Kurz nach 15 uhr hie\u00df es, wir sollten aussteigen und k\u00f6nnten mit der Seilbahn gratis retour :( <\/p>\n<p>Mist, w\u00e4r lieber auch den westlichen Teil des Zuges gefahren und h\u00e4tte mal den Teil des Parkes sehen wollen.  Zudem w\u00e4r ich schneller am auto, wenn ich direkt von hier aus rausgehen w\u00fcrde &#8211; aber dann halt noch eine gratis halbe Seilbahnfahrt&#8230; hab ja bezahlt &#8230;<\/p>\n<p><a href='http:\/\/extra.inmontanis.info\/d\/134567-2\/dsc07232.jpg'><img src=http:\/\/extra.inmontanis.info\/d\/134566-3\/dsc07232.jpg \/><\/a><br \/>\n^ Kleinbahn<\/p>\n<p><a href='http:\/\/extra.inmontanis.info\/d\/134571-2\/dsc07235.jpg'><img src=http:\/\/extra.inmontanis.info\/d\/134570-3\/dsc07235.jpg \/><\/a><br \/>\n^ Kleinbahn, Station Florianturm &#8211; das zweite Gleis wurde stillgelegt. Die Bahn f\u00e4hrt im Uhrzeigersinn<\/p>\n<p><a href='http:\/\/extra.inmontanis.info\/d\/134575-2\/dsc07236.jpg'><img src=http:\/\/extra.inmontanis.info\/d\/134574-3\/dsc07236.jpg \/><\/a><br \/>\n^ Impression aus der Kleinbahn Fahrtrichtung Tal<\/p>\n<p><a href='http:\/\/extra.inmontanis.info\/d\/134579-2\/dsc07239.jpg'><img src=http:\/\/extra.inmontanis.info\/d\/134578-3\/dsc07239.jpg \/><\/a><br \/>\n^ Impression aus der Kleinbahn Fahrtrichtung Tal<\/p>\n<p><a href='http:\/\/extra.inmontanis.info\/d\/134620-2\/dsc07240.jpg'><img src=http:\/\/extra.inmontanis.info\/d\/134619-3\/dsc07240.jpg \/><\/a><br \/>\n^ Florianturm<\/p>\n<p><a href='http:\/\/extra.inmontanis.info\/d\/134584-2\/dsc07241.jpg'><img src=http:\/\/extra.inmontanis.info\/d\/134583-3\/dsc07241.jpg \/><\/a><br \/>\n^ Der See am unteren Ende der Kleinbahn<\/p>\n<p><a href='http:\/\/extra.inmontanis.info\/d\/134588-2\/dsc07242.jpg'><img src=http:\/\/extra.inmontanis.info\/d\/134587-3\/dsc07242.jpg \/><\/a><br \/>\n^ Florianturm<\/p>\n<p><a href='http:\/\/extra.inmontanis.info\/d\/134592-2\/dsc07243.jpg'><img src=http:\/\/extra.inmontanis.info\/d\/134591-3\/dsc07243.jpg \/><\/a><br \/>\n^ Die einzige zweite Haltestelle der Kleinbbahn im rechten unteren Bereich des Parks<\/p>\n<p><a href='http:\/\/extra.inmontanis.info\/d\/134596-2\/dsc07247.jpg'><img src=http:\/\/extra.inmontanis.info\/d\/134595-3\/dsc07247.jpg \/><\/a><br \/>\n^ .. kurz sp\u00e4ter hatte die Lok leider einen defekt :(<\/p>\n<p><a href='http:\/\/extra.inmontanis.info\/d\/134600-2\/dsc07248.jpg'><img src=http:\/\/extra.inmontanis.info\/d\/134599-3\/dsc07248.jpg \/><\/a><br \/>\n^ Kleinbahn kaputt .. und einige Minuten sp\u00e4ter mussten wir zu Fu\u00df gehen :(<\/p>\n<p><a href='http:\/\/extra.inmontanis.info\/d\/134604-2\/dsc07249.jpg'><img src=http:\/\/extra.inmontanis.info\/d\/134603-3\/dsc07249.jpg \/><\/a><br \/>\n^ See<\/p>\n<p>Gab dann etliche Wartezeiten an der Seilbahn, weil auch die meisten von oben kamen und rumfuhren statt auszusteigen :(<\/p>\n<p>Nach langer Wartezeit war ich endlich in der Gondel und h\u00f6rte wie der Zug kam &#8211; wurde also jetzt repariert. Das ist ja mal doppelt \u00e4rgerlich. Wurde aber sp\u00e4ter au\u00dfer Betrieb genommen.<\/p>\n<p><a href='http:\/\/extra.inmontanis.info\/d\/134608-2\/dsc07250.jpg'><img src=http:\/\/extra.inmontanis.info\/d\/134607-3\/dsc07250.jpg \/><\/a><br \/>\n^ .. und durften daf\u00fcr mit der 2EUB gratis rauffahren<\/p>\n<p><a href='http:\/\/extra.inmontanis.info\/d\/134612-2\/dsc07251.jpg'><img src=http:\/\/extra.inmontanis.info\/d\/134611-3\/dsc07251.jpg \/><\/a><br \/>\n^ Kleinbahn, Abzweigung Lokschuppen<\/p>\n<p><a href='http:\/\/extra.inmontanis.info\/d\/134616-2\/dsc07256.jpg'><img src=http:\/\/extra.inmontanis.info\/d\/134615-3\/dsc07256.jpg \/><\/a><br \/>\n^ Kleinbahn, Lokschuppen, glaub ja nicht, dass die Spuren alle noch gebraucht werden<\/p>\n<p>Um 16:00 war ich wieder am Auto. Sckellstra\u00dfe &#8230; da brech ich mir ja die Zunge, wie soll man das &#8220;c&#8221; in &#8220;Sck&#8221; denn aussprechen?!<\/p>\n<p>Das nahgelegene Nahverkehrsmuseum mit der Museumstram macht morgen um 11 Uhr auf, auf dem Weg g\u00e4be  es au\u00dfer dem hiesigen Parkplatz noch ca. 2 weitere.<\/p>\n<p>Die vielen positiven Bewertungen hier auf P4N haben mich halt doch bewogen, nochmal genauer anzusehen, es gibt hier einmal den unteren, verwilderten Bereich mit kleinen Ebenen, dann den oberen parallel neben der Stra\u00dfe, wo ich tags\u00fcber stand, und dazwischen hinter einem Tor nochmals eine gro\u00dfe Fl\u00e4che.<\/p>\n<p>Blieb dann lieber weiter oben neben der Stra\u00dfe bei den H\u00e4usern <\/p>\n<p>Neben dem Supermarkt heut fr\u00fch stand ein Ignis mit dem Kennzeichen &#8220;DO-IT &#8230;&#8221; und heut Nachmittag hab ich auch nochmals ein Auto mit dem Kennzeichen &#8220;DO-IT &#8230;&#8221;  gesehen. K\u00f6nnte man ja als Schicksals-Wink f\u00fcr irgendwas verstehen&#8230;<\/p>\n<p>R\u00fcdseheim Teil 1 Bericht fertig gemacht und online gestellt und damit kurz vor 20 Uhr fertig gewesen und PC gleich danach ausgeschaltet. Auch wenn morgen das Trammuseum erst um 11 aufmacht, sind die N\u00e4chte zum Schlafen ruhiger, also besser fr\u00fcher ins Bett gehen.<\/p>\n","protected":false},"excerpt":{"rendered":"<p>Fr, 17.10.2025<\/p>\n<p>Gestern Abend und die dreiviertelte Nacht war mir sehr schwindelig, es kam auch sehr sehr sp\u00e4t oder fr\u00fch jemand auf den Parkplatz &#8230; und morgens schaffte ich es nicht mehr, zum n\u00e4chsten Rastplatz zu fahren, bevor ich aufs Klo musste. Die gestrigen Fleisch-Taschen schmeckten aber auch sehr zwiebelig.<\/p>\n<p>Wenigsgtens war der Schwindel dann <a href=\"http:\/\/blog.inmontanis.info\/?p=10931\">[&#8230;]<\/a><\/p>\n","protected":false},"author":1,"featured_media":10933,"comment_status":"closed","ping_status":"closed","sticky":false,"template":"","format":"standard","meta":{"footnotes":""},"categories":[950,12,954,59,32],"tags":[44,36,45],"class_list":["post-10931","post","type-post","status-publish","format-standard","has-post-thumbnail","hentry","category-2025-09-2026-11-pyrenaen-uk-co","category-germany","category-dortmund","category-nostalgie","category-lostplaces","tag-2eub","tag-castle","tag-see","odd"],"_links":{"self":[{"href":"http:\/\/blog.inmontanis.info\/index.php?rest_route=\/wp\/v2\/posts\/10931","targetHints":{"allow":["GET"]}}],"collection":[{"href":"http:\/\/blog.inmontanis.info\/index.php?rest_route=\/wp\/v2\/posts"}],"about":[{"href":"http:\/\/blog.inmontanis.info\/index.php?rest_route=\/wp\/v2\/types\/post"}],"author":[{"embeddable":true,"href":"http:\/\/blog.inmontanis.info\/index.php?rest_route=\/wp\/v2\/users\/1"}],"replies":[{"embeddable":true,"href":"http:\/\/blog.inmontanis.info\/index.php?rest_route=%2Fwp%2Fv2%2Fcomments&post=10931"}],"version-history":[{"count":1,"href":"http:\/\/blog.inmontanis.info\/index.php?rest_route=\/wp\/v2\/posts\/10931\/revisions"}],"predecessor-version":[{"id":10932,"href":"http:\/\/blog.inmontanis.info\/index.php?rest_route=\/wp\/v2\/posts\/10931\/revisions\/10932"}],"wp:featuredmedia":[{"embeddable":true,"href":"http:\/\/blog.inmontanis.info\/index.php?rest_route=\/wp\/v2\/media\/10933"}],"wp:attachment":[{"href":"http:\/\/blog.inmontanis.info\/index.php?rest_route=%2Fwp%2Fv2%2Fmedia&parent=10931"}],"wp:term":[{"taxonomy":"category","embeddable":true,"href":"http:\/\/blog.inmontanis.info\/index.php?rest_route=%2Fwp%2Fv2%2Fcategories&post=10931"},{"taxonomy":"post_tag","embeddable":true,"href":"http:\/\/blog.inmontanis.info\/index.php?rest_route=%2Fwp%2Fv2%2Ftags&post=10931"}],"curies":[{"name":"wp","href":"https:\/\/api.w.org\/{rel}","templated":true}]}}