{"id":1091,"date":"2010-02-21T23:00:31","date_gmt":"2010-02-21T22:00:31","guid":{"rendered":"http:\/\/blog.inmontanis.info\/?p=1091"},"modified":"2015-07-15T19:20:01","modified_gmt":"2015-07-15T17:20:01","slug":"fahre-ancona-igoumenitsa-21-2-2010","status":"publish","type":"post","link":"http:\/\/blog.inmontanis.info\/?p=1091","title":{"rendered":"F\u00e4hre Ancona-Igoumenitsa, 21.2.2010"},"content":{"rendered":"<p><strong>&#8220;SOS.2010&#8221; Tag 2, 21.2.2010, Teil 2: F\u00e4hr\u00fcberfahrt Ancona &#8211; Igoumenitsa<\/strong><\/p>\n<p>Somit war ich \u00fcberp\u00fcnktlich um 13:30 am Hafen in Ancona &#8211; gut ausgeschrieben, problemlos anzufahren, um 15 Uhr war ich bereits auf dem Schiff, um 16 Uhr ging&#8217;s planm\u00e4\u00dfig los. <!--more-->Bissl das Schiff erkundet, einige Fotos gemacht, mal eben 5 Stufen am Au\u00dfendeck runtergerutscht und den Arm leicht aufgesch\u00fcrft &#8211; wurde abgelenkt, und eine der Stufen war pl\u00f6tzlich k\u00fcrzer &#8211; vielleicht kam auch ein Windsto\u00df, teilweise konnte man sich n\u00e4mlich kaum noch halten.<\/p>\n<p>(Fotos anklicken zum Vergr\u00f6\u00dfern)<\/p>\n<p><a href='http:\/\/extra.inmontanis.info\/d\/3066-2\/P1480455.JPG'><img src=http:\/\/extra.inmontanis.info\/d\/3065-3\/P1480455.JPG \/><\/a><br \/>\n^ Autobahn mit Meerblick, ca. eine halbe Stunde vor Ancona<\/p>\n<p><a href='http:\/\/extra.inmontanis.info\/d\/3070-2\/P1480457.JPG'><img src=http:\/\/extra.inmontanis.info\/d\/3069-3\/P1480457.JPG \/><\/a><br \/>\n^ in Ancona, Stra\u00dfe zum Hafen<\/p>\n<p><a href='http:\/\/extra.inmontanis.info\/d\/3074-2\/P1480459.JPG'><img src=http:\/\/extra.inmontanis.info\/d\/3073-3\/P1480459.JPG \/><\/a><br \/>\n^ Die F\u00e4hre, mit der ich fahren werde, die Hellenic Spirit. 68.500 PS, 30 Knoten schnell (55,6 km\/h), 204m lang, 25,8m breit, und soweit ich mich erinnere, 9 Decks hoch.<\/p>\n<p><a href='http:\/\/extra.inmontanis.info\/d\/3078-2\/P1480464.JPG'><img src=http:\/\/extra.inmontanis.info\/d\/3077-3\/P1480464.JPG \/><\/a><br \/>\n^ Hafen in Ancona, der Swimming Pool ist im Winter wohl au\u00dfer Betrieb :-)<\/p>\n<p><img src=http:\/\/extra.inmontanis.info\/d\/3082-2\/P1480466.JPG \/><br \/>\n^ Hafen in Ancona<\/p>\n<p><a href='http:\/\/extra.inmontanis.info\/d\/3086-2\/P1480470.JPG'><img src=http:\/\/extra.inmontanis.info\/d\/3085-3\/P1480470.JPG \/><\/a><br \/>\n^ Hafen in Ancona. Was ist das und was soll das darstellen?<\/p>\n<p><a href='http:\/\/extra.inmontanis.info\/d\/3090-2\/P1480472.JPG'><img src=http:\/\/extra.inmontanis.info\/d\/3089-3\/P1480472.JPG \/><\/a><br \/>\n^ Die Hellenic Spirit hat sogar einen Heli-Landeplatz!<\/p>\n<p><a href='http:\/\/extra.inmontanis.info\/d\/3094-2\/P1480477.JPG'><img src=http:\/\/extra.inmontanis.info\/d\/3093-3\/P1480477.JPG \/><\/a><br \/>\n^ Rettungsbote? und Schiffsbr\u00fccke<\/p>\n<p><a href='http:\/\/extra.inmontanis.info\/d\/3098-2\/P1480478.JPG'><img src=http:\/\/extra.inmontanis.info\/d\/3097-3\/P1480478.JPG \/><\/a><br \/>\n^ Hafen in Ancona, anscheinend gibts hier eine Reederei, die gerade ein neues Schiff baut (le Boreal)<\/p>\n<p><a href='http:\/\/extra.inmontanis.info\/d\/3102-2\/P1480480.JPG'><img src=http:\/\/extra.inmontanis.info\/d\/3101-3\/P1480480.JPG \/><\/a><br \/>\n^ Le Boreal<\/p>\n<p><a href='http:\/\/extra.inmontanis.info\/d\/3106-2\/P1480481.JPG'><img src=http:\/\/extra.inmontanis.info\/d\/3105-3\/P1480481.JPG \/><\/a><br \/>\n^ Ausfahrt aus dem Hafen von Ancona<\/p>\n<p><img src=http:\/\/extra.inmontanis.info\/d\/3110-2\/P1480482.JPG \/><br \/>\n^ Ancona &#8211; Hafen<\/p>\n<p><a href='http:\/\/extra.inmontanis.info\/d\/3114-2\/P1480488.JPG'><img src=http:\/\/extra.inmontanis.info\/d\/3113-3\/P1480488.JPG \/><\/a><br \/>\n^ Im Vgl. zu der gro\u00dfen F\u00e4hre sind diese Schiffe echt winzig, obwohl es ja noch viel kleinere gibt &#8230;<\/p>\n<p><a href='http:\/\/extra.inmontanis.info\/d\/3118-2\/P1480490.JPG'><img src=http:\/\/extra.inmontanis.info\/d\/3117-3\/P1480490.JPG \/><\/a><br \/>\n^ Unendliche Weiten &#8230;<\/p>\n<p><a href='http:\/\/extra.inmontanis.info\/d\/3122-2\/P1480492.JPG'><img src=http:\/\/extra.inmontanis.info\/d\/3121-3\/P1480492.JPG \/><\/a><br \/>\n^ R\u00fcckblick zur Adriak\u00fcste n\u00f6rdlich von Ancona<\/p>\n<p><a href='http:\/\/extra.inmontanis.info\/d\/3126-2\/P1480495.JPG'><img src=http:\/\/extra.inmontanis.info\/d\/3125-3\/P1480495.JPG \/><\/a><br \/>\n^ K\u00f6nnte evtl. noch Ancona sein. Kurios find ich diese bunten Dinger direkt unten am Meer&#8230;.<\/p>\n<p><a href='http:\/\/extra.inmontanis.info\/d\/3130-2\/P1480497.JPG'><img src=http:\/\/extra.inmontanis.info\/d\/3129-3\/P1480497.JPG \/><\/a><br \/>\n^ .. was genau soll das sein? Garagen f\u00fcr kleine Bote? <\/p>\n<p><img src=http:\/\/extra.inmontanis.info\/d\/3134-2\/P1480500.JPG \/><br \/>\n^ Mitten im Mittelmeer.<\/p>\n<p><a href='http:\/\/extra.inmontanis.info\/d\/3138-2\/P1480503.JPG'><img src=http:\/\/extra.inmontanis.info\/d\/3137-3\/P1480503.JPG \/><\/a><br \/>\n^ Weitere Rettungsbote und Adriak\u00fcste<\/p>\n<p><a href='http:\/\/extra.inmontanis.info\/d\/3142-2\/P1480460.JPG'><img src=http:\/\/extra.inmontanis.info\/d\/3141-3\/P1480460.JPG \/><\/a><br \/>\n^ Kabine, die zweitg\u00fcnstigste (die Innen-Kabinen w\u00e4ren noch g\u00fcnstiger). Leider unscharf :-(<\/p>\n<p><a href='http:\/\/extra.inmontanis.info\/d\/3146-2\/P1480461.JPG'><img src=http:\/\/extra.inmontanis.info\/d\/3145-3\/P1480461.JPG \/><\/a><br \/>\n^ Kabine, andere Richtung fotografiert<\/p>\n<p><a href='http:\/\/extra.inmontanis.info\/d\/3150-2\/P1480462.JPG'><img src=http:\/\/extra.inmontanis.info\/d\/3149-3\/P1480462.JPG \/><\/a><br \/>\n^ WC und Dusche in der Kabine<\/p>\n<p><img src=http:\/\/extra.inmontanis.info\/d\/3154-2\/P1480512.JPG \/><br \/>\n^ Blick auf die Ostk\u00fcste der Adria bzw. die Westk\u00fcste von vmtl. Bosnien-Herzegowina, bzw. eigentlich sieht man die K\u00fcste gar nicht, sondern nur hohen schneebedeckten Berge.<\/p>\n<p><img src=http:\/\/extra.inmontanis.info\/d\/3158-2\/P1480516.JPG \/><br \/>\n^ Auch gen<em>italien<\/em> sieht man schneebedeckte Gipfel, vmtl. die Abruzzen.<\/p>\n<p>Gegen 17 Uhr merkte ich dann &#8211; shit, ich hab den Zimmerschl\u00fcssel verloren! Ich hatte ihn in der gleichen (geschlossenen) Jackeninnentasche wie mein iPhone, das ich 2 oder 3x (innen und au\u00dfen) aus der Tasche holte &#8211; vmtl. &#8220;klebte&#8221; die Zimmerschl\u00fcsselkarte einfach hinten auf dem iPhone bzw. der Gummi-H\u00fclle, die ich da hab damit das iPhone griffiger und nicht so rutschig ist &#8211; gemerkt hatte ich&#8217;s ja leider nicht. Also nochmal alles abgegangen und die Augen offen gehalten (nat\u00fcrlich nicht zu auff\u00e4llig gesucht), aber nix gefunden.<\/p>\n<p>Also zur Rezeption und entschuldigt und eine neue Schl\u00fcsselkarte erhalten. Meinen Reservierungsbeleg hatte ich ja dabei. Gespannt, ob ich da noch was zahlen muss&#8230; Gleich auf in die Kabine, hoffentlich hat sich da niemand bedient&#8230;<\/p>\n<p>Wenigstens st\u00f6rts mich nicht weiter, hier im Zimmer zu sitzen und auf dem PC zu tippen, aber zum Abendessen werd ich mein Notebook vorsichtshalber samt Rucksack mitnehmen, falls irgendeine dunkle Gestalt meinen Schl\u00fcssel gefunden hat.<\/p>\n<p>Ahja, Wifi hat&#8217;s (via Satellit), kostet pro Stunde nur 6,-, kann man lassen (glaub man bekommt noch 30min gratis dazu). Allerdings immer mal wieder Aussetzer und sehr langsam, ob&#8217;s an der WLAN-Verbindung liegt oder an der Satelliten-Verbindung &#8211; keine Ahnung&#8230;. <\/p>\n<p>Eigentlich h\u00e4tt ich ja gedacht, man m\u00fcsste auf der ganzen Strecke beide K\u00fcsten sehen, allerdings fahren wir in Entferung von ca. 60km von der italienischen K\u00fcste und ca. 120km von der kroatischen. Hat auch den Vorteil, dass man oft einen Handy-Empfang im italienischen Netz hat.<\/p>\n<p><a href='http:\/\/extra.inmontanis.info\/d\/3162-2\/P1480523.JPG'><img src=http:\/\/extra.inmontanis.info\/d\/3161-3\/P1480523.JPG \/><\/a><br \/>\n^ Es wird langsam dunkel und die K\u00fcsten sind weiter weg. Sonnenunter- und -aufgang war aufgrund der Wolken leider nicht sehr spektakul\u00e4r&#8230;<\/p>\n<p>Die Schneeh\u00f6hen\/Lift-Stati aus Griechenland via Internet angeschaut und mich sehr gewundert, teilweise haben die Skigebiete einen halben Meter weniger Schnee als noch vor 2-3 Tagen, statt 100cm nur noch 60, statt 40-80cm nun 10-30. Kurios.<\/p>\n<p>Das Schlafen auf dem Schiff war auch unproblematisch, man sp\u00fcrte ein leichtes Dauervibriren, das das minimale Schaukeln etwas \u00fcberdeckte, es gab viele Ger\u00e4usche, Knarrzen, L\u00fcfter, &#8230;. einige Male bin ich kurz aufgewacht und gleich wieder eingeschlafen.<\/p>\n<p>Gegen 5:30 Uhr wurde das Schaukeln st\u00e4rker, bin dann raus zwecks Sonnenaufgang, war aber nix brauchbares bei dem Wetter. Um 7 Uhr wurde leicht an die Kabine geklopft und gesagt, dass wir gleich in Igoumenitsa sind. Wie lang h\u00e4tte er wohl geklopft, wenn ich mich noch au\u00dfen befunden h\u00e4tte? :)<\/p>\n<p><a href='http:\/\/extra.inmontanis.info\/d\/3166-2\/P1480528.JPG'><img src=http:\/\/extra.inmontanis.info\/d\/3165-3\/P1480528.JPG \/><\/a><br \/>\n^ Fr\u00fch Morgens, k\u00f6nnte Korfu sein. Oder wars richtung Albanien fotografiert? Wei\u00df nicht mehr&#8230;.<\/p>\n<p><img src=http:\/\/extra.inmontanis.info\/d\/3170-2\/P1480529.JPG \/><br \/>\n^ Kurz vor Igoumenitsa, Wetter k\u00f6nnte besser sein &#8230;.<\/p>\n<p><a href='http:\/\/extra.inmontanis.info\/d\/3174-2\/P1480530.JPG'><img src=http:\/\/extra.inmontanis.info\/d\/3173-3\/P1480530.JPG \/><\/a><br \/>\n^ Glaub da hab ich gen S\u00fcden fotografiert, somit m\u00fcsste das rechts Korfu sein<\/p>\n<p>Um 7:50 Uhr klopft es nochmal, dass man sich zur Rezeption begeben soll,  5 Minuten sp\u00e4ter kamen dann laufend die Durchsagen. Schlussendlich hat es aber doch bis zum Zeitplan (8:30 Uhr) gedauert, bis wir rausfahren durften. Aber Hauptsache &#8216;ne halbe Stunde fr\u00fcher im Auto hocken m\u00fcssen. Die letzten kamen \u00fcbrigens ganz knapp um 8:30 Uhr runter. Fotografieren der Hafeneinfahrt fiel somit ebenso ins Wasser wie Duschen. Fand ich etwas nervig, dieser ganze Stress.<\/p>\n<p><a href='http:\/\/extra.inmontanis.info\/d\/3178-2\/P1480533.JPG'><img src=http:\/\/extra.inmontanis.info\/d\/3177-3\/P1480533.JPG \/><\/a><br \/>\n^ Supi, da laufen lauter Durchsagen, dass man ins Auto soll, aber wie soll ich da einsteigen? Ok, habs geschafft, aber war scho grenzwertig&#8230;.<\/p>\n","protected":false},"excerpt":{"rendered":"<p>&#8220;SOS.2010&#8221; Tag 2, 21.2.2010, Teil 2: F\u00e4hr\u00fcberfahrt Ancona &#8211; Igoumenitsa<\/p>\n<p>Somit war ich \u00fcberp\u00fcnktlich um 13:30 am Hafen in Ancona &#8211; gut ausgeschrieben, problemlos anzufahren, um 15 Uhr war ich bereits auf dem Schiff, um 16 Uhr ging&#8217;s planm\u00e4\u00dfig los. <\/p>\n<p> <a href=\"http:\/\/blog.inmontanis.info\/?p=1091\">[&#8230;]<\/a><\/p>\n","protected":false},"author":1,"featured_media":0,"comment_status":"open","ping_status":"closed","sticky":false,"template":"","format":"standard","meta":{"footnotes":""},"categories":[73,74,15],"tags":[37],"class_list":["post-1091","post","type-post","status-publish","format-standard","hentry","category-201002sos","category-greece","category-italienitaly","tag-meer","odd"],"_links":{"self":[{"href":"http:\/\/blog.inmontanis.info\/index.php?rest_route=\/wp\/v2\/posts\/1091","targetHints":{"allow":["GET"]}}],"collection":[{"href":"http:\/\/blog.inmontanis.info\/index.php?rest_route=\/wp\/v2\/posts"}],"about":[{"href":"http:\/\/blog.inmontanis.info\/index.php?rest_route=\/wp\/v2\/types\/post"}],"author":[{"embeddable":true,"href":"http:\/\/blog.inmontanis.info\/index.php?rest_route=\/wp\/v2\/users\/1"}],"replies":[{"embeddable":true,"href":"http:\/\/blog.inmontanis.info\/index.php?rest_route=%2Fwp%2Fv2%2Fcomments&post=1091"}],"version-history":[{"count":2,"href":"http:\/\/blog.inmontanis.info\/index.php?rest_route=\/wp\/v2\/posts\/1091\/revisions"}],"predecessor-version":[{"id":1093,"href":"http:\/\/blog.inmontanis.info\/index.php?rest_route=\/wp\/v2\/posts\/1091\/revisions\/1093"}],"wp:attachment":[{"href":"http:\/\/blog.inmontanis.info\/index.php?rest_route=%2Fwp%2Fv2%2Fmedia&parent=1091"}],"wp:term":[{"taxonomy":"category","embeddable":true,"href":"http:\/\/blog.inmontanis.info\/index.php?rest_route=%2Fwp%2Fv2%2Fcategories&post=1091"},{"taxonomy":"post_tag","embeddable":true,"href":"http:\/\/blog.inmontanis.info\/index.php?rest_route=%2Fwp%2Fv2%2Ftags&post=1091"}],"curies":[{"name":"wp","href":"https:\/\/api.w.org\/{rel}","templated":true}]}}