{"id":10900,"date":"2025-10-11T18:27:18","date_gmt":"2025-10-11T16:27:18","guid":{"rendered":"http:\/\/blog.inmontanis.info\/?p=10900"},"modified":"2025-10-16T20:09:20","modified_gmt":"2025-10-16T18:09:20","slug":"saisonkartenkauf-12-kranzberg-esl-300-000km-7-11-10-2025","status":"publish","type":"post","link":"http:\/\/blog.inmontanis.info\/?p=10900","title":{"rendered":"Saisonkartenkauf 1+2, &#8230;, Kranzberg-ESL, 300.000km, 7.-11.10.2025"},"content":{"rendered":"<p><strong>Di, 7.10.2025<\/strong> (Fortsetzung)<\/p>\n<p>Nachmittags nach der Berichtsver\u00f6ffentlichung kam doch noch eine Antwort von n&#8217;py, da hab ich franz\u00f6sisch angefragt und eine englische Antwort erhalten. Im Gegensatz zur spanischen Pirineos gibt&#8217;s hier tats\u00e4chlich keine M\u00f6glichkeit, die Saisonkarte irgendwo in einem der Gebiete abzuholen :(<\/p>\n<p>Ob es m\u00f6glich w\u00e4re, die irgendwo in einem der Gebiete bis 15.11. zu kaufen, also ob da z.B. am 14.\/15.11. ein Gebiet irgendwo offen h\u00e4tte, dass ich es kaufen k\u00f6nnte, schon so fr\u00fch dort zu sein, wenn die Sasion wenn \u00fcberhaupt fr\u00fchestens am 29.11. statet .. wei\u00df nicht, ob ich das \u00fcberhaupt nachfragen soll. Auch die Lieferung zu einem Abhol-Paketfach, so es das in FR gibt, w\u00e4re aufgrund der unbekannten Lieferzeit, der unbekannten Versandzeit (erst im November?)  und meiner unbekannten Pl\u00e4ne ja auch recht schwierig zu koordinieren..<\/p>\n<p>Schade, dann bliebe also<\/p>\n<p>a) entweder nur die No-Souci-Rabattkarte dann im Nov\/Dez. vor Ort zu kaufen und zu aktivieren und dann in Summe unter den Saisonkartenpreisen zu bleiben, was dann wohl nur ca. 20 Tage in den n&#8217;py Gebieten bedeutet statt 30-50.<\/p>\n<p>b) oder alternativ den 10 \u20ac teureren (!)  Aure-Louron-Pass, der aber nur in 2 der n&#8217;py-Gebiete gilt (Peyragudes + Piau Engaly) plus Saint Lary (wo ich einen Gratistag von Gavarnie und evtl. einen  5\u20ac-Tag von Masella hab) plus Val Louron (das g\u00fcnstiger ist und ansonsten derzeit nirgends dabei w\u00e4re und das ich mit 1-2 Skitagen mal im Plan h\u00e4tte) &#8212; sofern dieser Pass irgendwo abzuholen w\u00e4re, aber ne, bei dem Preis und den nur 4 Gebieten lohnt sich das nicht. Die n&#8217;py-Karte w\u00e4r evtl. ja nicht nur wg. Grand-Tourmalet interessant gewesen, sondern auch weil Luz Ardiden am 29.11. starten will und Cautarets bis 19.4. offen haben will, also vorne und hintenraus viel gehen w\u00fcrde.<\/p>\n<p>Ohne n&#8217;py ist somit die Auswahl dann eigentlich fast klar: Pirineos und Ariegeois zus\u00f6tzlich zur Gavarnie und dann vmtl. auch noch Masella wg. Saisonende, so die lang genug offen bleiben wollen.<\/p>\n<p>Ohne n&#8217;py bleiben ja eigentlich von den Varianten im letzten Bericht nur die Varianten a+b \u00fcbrig, die ich schon aussortiert hatte :) :(<\/p>\n<p>Tja, dann brauch ich wohl noch eine neue Variante &#8220;j&#8221;, denn a+b hab ich nicht ohne Masella durchgespielt &#8211; ohne n&#8217;py und ohne Masella bedeutet Saisonkartengebiete letzter Tag 12.4., das w\u00e4r dann schon arg fr\u00fch. <\/p>\n<p>j) Gavarnie + Pirineos werktags + No&#8217;Souci + Ariegeois = 1.466  \u20ac + &#8230; ca. 3.330,- (teuerste Variante in Summe bisher! Weil ich halt auch nicht soooo viele Skitage in den Pirineos-Gebieten verbringen m\u00f6chte&#8230; und f\u00fcr die Ariegeois-Karte hab ich auch schon gro\u00dfz\u00fcgige 13 Tage Ax und 7 Tage Guzet, das sollte ja auch mehr als ausreichend sein.)<\/p>\n<p>Die 310 \u20ac Aufpreis f\u00fcr die t\u00e4glich g\u00fcltige Pirineos-Karte lohnt sich m.E. nicht. Dann m\u00fcsste ich ja noch \u00f6fters in diesen Skigebieten fahren. Ne.. da w\u00fcrd ich lieber \u00f6fters in den franz\u00f6sischen Gebieten bleiben &#8230;<\/p>\n<p>Aber das muss ich dann ja sowieso noch auf die aktuellen Masella-Daten anpassen, d.h. wichtig ist jetzt erstmal, Pirineos und Ariegeois zu kaufen und dann noch Gavarnie, sobald die erh\u00e4ltlich ist. <\/p>\n<p>Alternativ zu Masella w\u00e4r ja evtl. noch die FGC-Saisonkarte, da ist dann Molina drin hat und einige weitere kleinere und oft g\u00fcnstigere spanische Gebiete. Da fehlt aber noch der aktuelle Preis, die 629 \u20ac k\u00f6nnten noch vom Vorjahr sein. Lohnt sich preislich und angebotsm\u00e4\u00dfig aber auch eher nicht eigentlich, da bin ich in Summe dann auf knapp 3500 \u20ac. Zudem bek\u00e4me man in diesen Skigebieten mit der Masella-Karte ja jeweils eine Tageskarte um 5 \u20ac.<\/p>\n<p>Ansonsten muss ich halt in den g\u00fcnstigeren Unter-30\u20ac-Gebieten ein paar Skitage mehr einlegen. Vielleich ja eh nicht schlecht. Oder es gibt zur Black Week \/ am Black Friday noch einige interessante Angebote.<\/p>\n<p><strong>Mi, 8.10.2025<\/strong><\/p>\n<p>Hab mir mal vorsichtshalber Schneeberichte im Internet-Archiv angesehen von Formigal; von Candanchu wei\u00df ich anhand meines Besuchs ja, dass da evtl. unter der Woche einige Lifte geschlossen sind, und falls da in Formigal auch die interessanten Lifte geschlossen sein sollten ..<\/p>\n<p>Wenn ich nur die Werktage-Karte kauf, k\u00e4m ich ja dann ggf. nicht zu bestimmten Liften und Abfahrten. Aber von den Schneeberichten her sah es an den wenigen Tagen, die im Internetarchiv gespeichert sind, mal recht OK aus &#8211; wenn sie stimmen und es nicht zuf\u00e4llig die Daten von einem Wochenende, Feiertag oder Ferientag waren.<\/p>\n<p>&#8220;then from me out buy i hold that card&#8221; ;)<\/p>\n<p>Vielleicht k\u00f6nnte man sich die n-py-Karte ja, trotz Zusendens nach NIL: (\/dev\/null)  vor Ort neu ausstellen lassen als Ersatzkarte mit Zusatzkosten, aber auch fraglich, ob man das in den Skigebieten machen kann oder die Karte dann auch nur zentral produziert und verschickt w\u00fcrde.<\/p>\n<p>Im Online-Banking kann man sich die Karten-PINs anzeigen lassen, aber man muss einen Auftrag machen (und mit SMS-TAN best\u00e4tigen), dann erh\u00e4lt man im elektronischen Postfach eine Nachricht mit der Pin, wo man zum lesen der Nachricht aber gleich nochmals eine SMS-TAN eingeben muss.. etwas \u00fcbertrieben umst\u00e4ndlich wieder einmal.. Jedenfalls nun auch wieder die PIN f\u00fcr die Debit-Karte best\u00e4tigt, die angeblich noch bis Ende des Jahres verwendbar sein soll und bei der ich zwischen 2 PIN schwankte. <\/p>\n<p>F\u00fcr die Prime Days bei Amazon hab ich momentan jedenfalls keine Zeit und gerade auch keinen Bedarf.<\/p>\n<p>Die Gavarnie-Saisonkarte kann man nun online kaufen.<\/p>\n<p>Also mal nochmals probiert, die spanische Pirineos &#8220;werktags&#8221; zu kaufen, 629 \u20ac plus 5 \u20ac Keycard (die Franzosen von n&#8217;py verlangen kein Zusatzgeld f\u00fcr die Keycard).<\/p>\n<p>Tja, ich soll zwar Estaction Formigal als Adresse eingeben, aber man h\u00e4tte mir ja dann auch noch PLZ usw. sagen k\u00f6nnen, das ich in das Onlineformular eintragen muss.. nunja, steht im Impressum auf der Website ..<\/p>\n<p>Jo, scheint funktioniert zu haben mit dem Kauf per Kreditkarte, soweit ich die spanischen Texte dann \u00fcbersetzt hab. Dann hoffe ich auf einen fr\u00fchen Saisonart im November, dann kann ich da zumindest unter der Woche mit der Saisonkarte fahren. <\/p>\n<p>Laut Best\u00e4tigungsmail \u00fcbersetzt w\u00fcrde diese Karte sogar erst Mitte November zugestellt werden, wo doch Formigal evtl. schon eine Woche sp\u00e4ter \u00f6ffnet:<br \/>\n&#8220;Wenn Sie eine neue Karte angefordert haben, erhalten Sie ab dem 15. November Ihren saisonalen D\u00fcnger bei Ihnen zu Hause.&#8221;<\/p>\n<p>(jaja, witzige \u00dcbersetzung von Saisonkarte ;) )<\/p>\n<p>Rechnungsadresse musste man auch keine eingeben. Nur eine Passport-Nummer. Ohne Land dazu. Eigenartiges Spanien.<\/p>\n<p>Ariegeois geht der VVK bis 16.10., hab ich also auch gleich heute erledigt und auf die SunnyCard-Keycard vom letzten Winter geladen, da w\u00e4r  eh mein Foto und mein Gebtag drauf ;) Mal gespannt, ob das vor Ort so reibungslos funktioniert wie es vorletztes Jahr in Finnland hat mit der online gekauften Saisonkarte auf eine meiner bestehenden Keycards. Da kann man dann wieder einmal nur sagen, dass Zwangskeycards nur eine zus\u00e4tzliche Geldbeschaffungsm\u00f6glichkeit der Skigebiete sein kann.<\/p>\n<p>Somit nun bisher 2 Saisonkarten f\u00fcr den Winter gekauft, 1-2 sollten ja noch folgen.<\/p>\n<p>In dem Fall k\u00f6nnte man nicht sagen, ob Spanier oder Franzosen hier problemloser waren, denn in dem Fall w\u00e4re die Reihenfolge<br \/>\n1. Frankreich: Savasem \/ Ax \/ Ariegeois<br \/>\n2. Spanien: Aramon \/ Pirineos<br \/>\n3. Frankreich: n&#8217;py  &#8212; aber die w\u00fcrden gratis Keycard und gratis Lieferung auch ins Ausland machen, nur halt keine Abholung und kein Aufladen auf eine vorhandene Keycard, also f\u00fcr meinen spezieleln Fall eben leider Komplettausfall.<\/p>\n<p>Gavarnie kann ich ja noch etwas abwarten, f\u00fcr den Fall, dass die Masella-Karte wesentlich mehr Skigebiete und s\u00e4mtliche der Gavarnie-Benefit-Gebiete beinhalten sollte &#8211; wovon ich ja nicht ausgehen werde. Und heut Tag 1 scheint eh noch etwas problematisch zu sein, nachmittags war die Bestellm\u00f6glichkeit wieder weg.<\/p>\n<p>S\u00f6lden meldet jetzt auch Seiterj\u00f6chl-SL und die Abfahrt bis zum Parkplatz offen, das w\u00e4r dann schon interessanter f\u00fcr 37 \u20ac &#8230; aha, der 37 \u20ac Tarif wurde schon abgeschafft, jetzt kostet die TK 59,50. Na dann halt nicht. Gut, dass ich eh nicht morgen oder  \u00fcbermorgen h\u00e4tte fahren wollen &#8230; <\/p>\n<p>Dann muss ich wohl doch mal wieder in Neuss fahren, falls ich da mal einen Tag zu viel Zeit haben sollte, wobei die Skip\u00e4sse abends g\u00fcnstiger w\u00e4ren. <\/p>\n<p>Und mal abwarten, was in der Schweiz die Tschentenalp f\u00fcr ihren Schneedepot-SL im Oktober\/November verlangt. Zumeist eh f\u00fcr Renntrainings gesperrt, nur an den Wochenenden soll man nachmittags auch als Normalo fahren d\u00fcrfen.<\/p>\n<p><strong>Do, 9.10.2025<\/strong><\/p>\n<p>Mal den Kauf der Saisonkarte in Gavarnie getestet, nicht nur, dass sie sowieso schon so g\u00fcnstig ist, sogar die Keycard ist gratis! <\/p>\n<p>Und man kann &#8220;retrait en station&#8221; ausw\u00e4hlen, statt nur &#8220;livraison domicile&#8221;, passt. Dann wart ich mal noch vorsichtshalber auf Masella ab, bevor ich die Bestellung finalisiere. Aber in Summe ist mir Frankreich wieder ein St\u00fcck sympathischer geworden nach den gemischten Besuch 2023.<\/p>\n<p>Schade nur, dass man trotz identer Online-Shops \u00fcberall einen eigenen Zugang braucht. Da gibt es anderswo bessere L\u00f6sungen.<\/p>\n<p>Masella hat jetzt die Saisonpreise auch auf ihrer Website online, aber noch ohne Bestellm\u00f6glichkeit und noch ohne den Zusatzrabatten.<\/p>\n<p>Das Problemhandy hat mittlerweile Tag 7 ohne Neustart \u00fcberschritten, der heute nochmals eingeschaltete neue PC zickt daf\u00fcr auch unter W11 mehr und mehr rum &#8211; mal ein komplettes Einfrieren, mal ein sofortiger Neustart, jeweils ohne Fehlermeldungen. K\u00f6nnten hier klarerweise auch meine System-Hacks sein, aber nachdem ja Linux auch so instabil hier l\u00e4uft ..<br \/>\n.. leider hat es mir durch so ein Doppelproblem innerhalb kurzer Zeit gleich einmal mein Browser-Profil zerst\u00f6rt samt und insb. offenen Tabs und die sessionrestore.bak ist nun ebenfalls zu alt und die Windows-Datei-Vorg\u00e4ngerversionen funktionieren ja auch nicht mehr zuverl\u00e4ssig oder haben das in Home-Betriebssystemen eh noch nie gemacht. <\/p>\n<p>Vorsichtshalber noch den USB-Switch samt externer SSD abgesteckt, falls die Schuld sein sollten. <\/p>\n<p>.. und mit einem altenrativen, auch nicht aktuellen Linux  via USB (Bootrepaidisk) getestet, ein Kopieren von 130 GB hatte funktioniert, ein Benchmark-bringt den PC regelm\u00e4\u00dfig zum sofortigen fehlerlosen Neustart beim Men\u00fcpunkt &#8220;FPU fft&#8221;, kann aber nat\u00fcrlich auch an der alten Version liegen. Mal im anderen Linux eine v2 installiert, da gab es dann einen Freeze statt Neustart.<\/p>\n<p>PC schon M\u00fcll? Hab doch im Bios keine \u00c4nderungen mehr gemacht und W11 mit Prime Video lief doch bis zuletzt noch problemlos?<\/p>\n<p>memtest86 test lief mit rel. hoher CPU-Ausnutzung und h\u00f6rbaren L\u00fcfter  \u00fcber 30  Min. und brachte keine Fehler.<\/p>\n<p>Mit einigen Kernelparametern Linux hochgefahren, lief der fft-Bench und der vom vorhigen Freeze  in der neuen Version des Tools mal durch, auch die anderen Tests liefen durch.<\/p>\n<p>Nomma Win11, Prime Video .. gehen die Downloads nicht!!! Macht mich nur noch wahnsinnig das Geraffel, echt keine Nerven mehr f\u00fcr diesen Scheiss. Video  abspielen geht auch nicht.  Vielleicht hat das Display kein HDCP? Wichtiger w\u00e4r das Abspielen am Projektor, aber der Download sollte doch dann trotzdem gehen?!?!<\/p>\n<p>Dann halt die Downloads wieder aufs Handy geladen &#8230; :(<\/p>\n<p><strong>Fr, 10.10.2025<\/strong><\/p>\n<p>Wei\u00df nicht, ob ich das Kleingedruckte gestern vielleicht \u00fcbersehen hab, aber heute waren die Masella-Saisonkarten-Zusatzinfos nun online und downloadbar.<\/p>\n<p>\u00c4nderungen zu letztes Jahr gibts (bisher) anscheinend keine, die Gebiete sind gleich, die Anzahl auch und die 5 \u20ac (bzw. 10 bei Sierra Nevada) ebenso.<\/p>\n<p>Neu ist anscheinend, dass man in Masella einen Nachtskipass um 5 \u20ac bekommt<\/p>\n<p>Bleibt noch abzuwarten, ob der Kaufsprozess funktionieren w\u00fcrde und die wichtigste Frage: auf wann das Saisonende gesetzt wird.<\/p>\n<p>Bestell-Link seh ich noch keinen um das mal zu testen.<\/p>\n<p>Ein letztes Mal duschen heute, mal gespannt, ob ich im n\u00e4chsten halben Jahr eine brauchbare M\u00f6glichkeit finden werde.<\/p>\n<p>2 Zahn\u00e4rzte in der Gegend angeschrieben wg. Termin Oktober 2026 &#8211; n\u00e4h, die nehmen schon gleich gar keine neuen Patienten. Anscheinend muss man Notfallpatient sein, um mal irgendwo einen Termin zu bekommen. (Wg. Notfall &#8211; Abbruch eines Teil des Zahns beim Pizzaessen &#8211; kam ich ja auch zu der damaligen Zahn\u00e4rztin und einem kurzfristigen Termin.)<\/p>\n<p>Also dann halt mal noch eine Email an den Nachfolger meiner vorherigen Zahn\u00e4rztin geschickt &#8211; diese hatte ja keinen Vertrag mit der gestzlichen Krankenversicherung, was also f\u00fcr Zusatzkosten bei mir sorgte &#8211; daf\u00fcr aber auch alles etwas entspannter und ruhiger war als bei den \u00c4rzten davor.<\/p>\n<p>Ab sofort ist auch wieder jeden Tag Wettervorhersage anschauen sinnvoll.<\/p>\n<p><strong>Sa, 11.10.20 1,525<\/strong> &#8211; Reisetag#21 &#8211; erste Nacht im Auto von geplant \u00fcber 370.<\/p>\n<p>Nach 3 Wochen verlie\u00df ich also das &#8220;Hotel Mama&#8221; wieder und startete nun endg\u00fcltig die Tour.<\/p>\n<p>Zwischenziel in der N\u00e4he und auf dem Weg zu meinem Vater: Der ESL am Kranzberg in Mittenwald. Bin ich im Winter schon gefahren, im Sommer dachte ich auch, aber Bilder hab ich keine online.<\/p>\n<p>Leider konnte ich ja letzte Sasion wieder keinen ESL im Winter-Skibetrieb fahren und diese Saison wirds auch nix werden. Dann halt wenigstens im Sommer mal einen.<\/p>\n<p>Leider kostet der Parkplatz teure 1,50 \u20ac pro Stunde, bei Einwurf von 2 \u20ac gibts keine entsprechende Verl\u00e4ngerung, also hab ich nur 1,50 \u20ac reingeworfen. Die Uhr am Parkautomat geht auch einige Minuten vor.<\/p>\n<p>Rauf und runter mit dem ESL kostet 12 \u20ac, f\u00e4hrt recht lang, so dass ich wenig Zeit oben hatte. War auch recht kalt, aber etwas sonnig und sch\u00f6ne, bunte Herbststimmung.<\/p>\n<p>WC gab&#8217;s nirgends.<\/p>\n<p><a href='http:\/\/ski.inmontanis.info\/d\/341112-2\/dsc06385.jpg'><img src=http:\/\/ski.inmontanis.info\/d\/341111-3\/dsc06385.jpg \/><\/a><br \/>\n^ ESL Kranzberg<\/p>\n<p><a href='http:\/\/ski.inmontanis.info\/d\/341116-2\/dsc06386.jpg'><img src=http:\/\/ski.inmontanis.info\/d\/341115-3\/dsc06386.jpg \/><\/a><br \/>\n^ ESL Kranzberg, gegen\u00fcber geht ja die PB rauf<\/p>\n<p><a href='http:\/\/ski.inmontanis.info\/d\/341120-2\/dsc06388.jpg'><img src=http:\/\/ski.inmontanis.info\/d\/341119-3\/dsc06388.jpg \/><\/a><br \/>\n^ Mittlerer Teil<\/p>\n<p><a href='http:\/\/ski.inmontanis.info\/d\/341124-2\/dsc06391.jpg'><img src=http:\/\/ski.inmontanis.info\/d\/341123-3\/dsc06391.jpg \/><\/a><br \/>\n^ Mittlerer Teil<\/p>\n<p><a href='http:\/\/ski.inmontanis.info\/d\/341128-2\/dsc06393.jpg'><img src=http:\/\/ski.inmontanis.info\/d\/341127-3\/dsc06393.jpg \/><\/a><br \/>\n^ Seitenblick<\/p>\n<p><a href='http:\/\/ski.inmontanis.info\/d\/341132-2\/dsc06395.jpg'><img src=http:\/\/ski.inmontanis.info\/d\/341131-3\/dsc06395.jpg \/><\/a><br \/>\n^ <\/p>\n<p><a href='http:\/\/ski.inmontanis.info\/d\/341136-2\/dsc06397.jpg'><img src=http:\/\/ski.inmontanis.info\/d\/341135-3\/dsc06397.jpg \/><\/a><br \/>\n^ Auffahrt mit bunten B\u00e4umen<\/p>\n<p><a href='http:\/\/ski.inmontanis.info\/d\/341140-2\/dsc06399.jpg'><img src=http:\/\/ski.inmontanis.info\/d\/341139-3\/dsc06399.jpg \/><\/a><br \/>\n^ Auffahrt mit bunten B\u00e4umen<\/p>\n<p><a href='http:\/\/ski.inmontanis.info\/d\/341144-2\/dsc06401.jpg'><img src=http:\/\/ski.inmontanis.info\/d\/341143-3\/dsc06401.jpg \/><\/a><br \/>\n^ <\/p>\n<p><a href='http:\/\/ski.inmontanis.info\/d\/341148-2\/dsc06402.jpg'><img src=http:\/\/ski.inmontanis.info\/d\/341147-3\/dsc06402.jpg \/><\/a><br \/>\n^ <\/p>\n<p><a href='http:\/\/ski.inmontanis.info\/d\/341152-2\/dsc06413.jpg'><img src=http:\/\/ski.inmontanis.info\/d\/341151-3\/dsc06413.jpg \/><\/a><br \/>\n^ Buckelpiste ;-)<\/p>\n<p><a href='http:\/\/ski.inmontanis.info\/d\/341156-2\/dsc06416.jpg'><img src=http:\/\/ski.inmontanis.info\/d\/341155-3\/dsc06416.jpg \/><\/a><br \/>\n^ Bergstation<\/p>\n<p><a href='http:\/\/ski.inmontanis.info\/d\/341160-2\/dsc06415.jpg'><img src=http:\/\/ski.inmontanis.info\/d\/341159-3\/dsc06415.jpg \/><\/a><br \/>\n^ Mountaincarts<\/p>\n<p><a href='http:\/\/ski.inmontanis.info\/d\/341164-2\/dsc06418.jpg'><img src=http:\/\/ski.inmontanis.info\/d\/341163-3\/dsc06418.jpg \/><\/a><br \/>\n^ .. auf diesen niedrigen Dreir\u00e4dern herrscht Helmpflicht? Ich musste laut auflachen. Mit dem Mountainbike darf man dagege ohne Helm fahren, aber auf so einem Dreirad nahe am Boden sitzend braucht man einen Helm?? Verbl\u00f6detes Volk. Wer mit einem Dreirad so st\u00fcrzt, dass er ohne Helm tot w\u00e4r, h\u00e4tte es auch nicht anders verident.<\/p>\n<p><a href='http:\/\/ski.inmontanis.info\/d\/341168-2\/dsc06421.jpg'><img src=http:\/\/ski.inmontanis.info\/d\/341167-3\/dsc06421.jpg \/><\/a><br \/>\n^ Bergstation<\/p>\n<p><a href='http:\/\/ski.inmontanis.info\/d\/341172-2\/dsc06422.jpg'><img src=http:\/\/ski.inmontanis.info\/d\/341171-3\/dsc06422.jpg \/><\/a><br \/>\n^ Zwischen ESL und PB<br \/>\n<a href='http:\/\/ski.inmontanis.info\/d\/341176-2\/dsc06423.jpg'><img src=http:\/\/ski.inmontanis.info\/d\/341175-3\/dsc06423.jpg \/><\/a><br \/>\n^ Gipfel-PB, w\u00fcrd ich ja gern fahren, aber seitdem ich das Skigebiet kenn, ist die wohl nur sehr selten in Betrieb gewesen<\/p>\n<p><a href='http:\/\/ski.inmontanis.info\/d\/341180-2\/dsc06424.jpg'><img src=http:\/\/ski.inmontanis.info\/d\/341179-3\/dsc06424.jpg \/><\/a><br \/>\n^ Gipfel-PB<\/p>\n<p><a href='http:\/\/ski.inmontanis.info\/d\/341184-2\/dsc06425.jpg'><img src=http:\/\/ski.inmontanis.info\/d\/341183-3\/dsc06425.jpg \/><\/a><br \/>\n^ Gipfel-PB<\/p>\n<p><a href='http:\/\/ski.inmontanis.info\/d\/341188-2\/dsc06426.jpg'><img src=http:\/\/ski.inmontanis.info\/d\/341187-3\/dsc06426.jpg \/><\/a><br \/>\n^ Gipfel-PB<\/p>\n<p><a href='http:\/\/ski.inmontanis.info\/d\/341192-2\/dsc06427.jpg'><img src=http:\/\/ski.inmontanis.info\/d\/341191-3\/dsc06427.jpg \/><\/a><br \/>\n^ Gipfel-PB<\/p>\n<p><a href='http:\/\/ski.inmontanis.info\/d\/341196-2\/dsc06428.jpg'><img src=http:\/\/ski.inmontanis.info\/d\/341195-3\/dsc06428.jpg \/><\/a><br \/>\n^ Gipfel-PB<\/p>\n<p><a href='http:\/\/ski.inmontanis.info\/d\/341200-2\/dsc06430.jpg'><img src=http:\/\/ski.inmontanis.info\/d\/341199-3\/dsc06430.jpg \/><\/a><br \/>\n^ Gipfel-PB, man beachte auch das ungew\u00f6hnliche Drehkreuz<\/p>\n<p><a href='http:\/\/ski.inmontanis.info\/d\/341204-2\/dsc06431.jpg'><img src=http:\/\/ski.inmontanis.info\/d\/341203-3\/dsc06431.jpg \/><\/a><br \/>\n^ Gipfel-PB<\/p>\n<p><a href='http:\/\/ski.inmontanis.info\/d\/341208-2\/dsc06433.jpg'><img src=http:\/\/ski.inmontanis.info\/d\/341207-3\/dsc06433.jpg \/><\/a><br \/>\n^ tja, anscheinend ist die Hoffnung noch nciht ganz vorbei, dass sie wieder in Betrieb geht?<\/p>\n<p><a href='http:\/\/ski.inmontanis.info\/d\/341212-2\/dsc06434.jpg'><img src=http:\/\/ski.inmontanis.info\/d\/341211-3\/dsc06434.jpg \/><\/a><br \/>\n^ Gipfel-PB<\/p>\n<p><a href='http:\/\/ski.inmontanis.info\/d\/341216-2\/dsc06437.jpg'><img src=http:\/\/ski.inmontanis.info\/d\/341215-3\/dsc06437.jpg \/><\/a><br \/>\n^ Wieder talw\u00e4rts mit dem ESL<\/p>\n<p><a href='http:\/\/ski.inmontanis.info\/d\/341220-2\/dsc06439.jpg'><img src=http:\/\/ski.inmontanis.info\/d\/341219-3\/dsc06439.jpg \/><\/a><br \/>\n^ Seitenblick<\/p>\n<p><a href='http:\/\/ski.inmontanis.info\/d\/341224-2\/dsc06440.jpg'><img src=http:\/\/ski.inmontanis.info\/d\/341223-3\/dsc06440.jpg \/><\/a><br \/>\n^ Himmelskreuz<\/p>\n<p><a href='http:\/\/ski.inmontanis.info\/d\/341228-2\/dsc06442.jpg'><img src=http:\/\/ski.inmontanis.info\/d\/341227-3\/dsc06442.jpg \/><\/a><br \/>\n^ Talw\u00e4rts mit dem ESL<\/p>\n<p><a href='http:\/\/ski.inmontanis.info\/d\/341232-2\/dsc06444.jpg'><img src=http:\/\/ski.inmontanis.info\/d\/341231-3\/dsc06444.jpg \/><\/a><br \/>\n^ Seitenblick<\/p>\n<p><a href='http:\/\/ski.inmontanis.info\/d\/341236-2\/dsc06446.jpg'><img src=http:\/\/ski.inmontanis.info\/d\/341235-3\/dsc06446.jpg \/><\/a><br \/>\n^ ESL, Talstation und Mittenwald, vom Ort muss man ein sch\u00f6nes St\u00fcck raufgehen zum ESL<\/p>\n<p><a href='http:\/\/ski.inmontanis.info\/d\/341240-2\/dsc06447.jpg'><img src=http:\/\/ski.inmontanis.info\/d\/341239-3\/dsc06447.jpg \/><\/a><br \/>\n^ Talstation<\/p>\n<p><a href='http:\/\/ski.inmontanis.info\/d\/341244-2\/dsc06448.jpg'><img src=http:\/\/ski.inmontanis.info\/d\/341243-3\/dsc06448.jpg \/><\/a><br \/>\n^ Talstation, weder hier noch am Berg gibts ein WC<\/p>\n<p>In GAP (ob ich in ein paar Wochen wohl auch durch Gap fahren werde? Grenoble Bastille GUB st\u00fcnde ja schon auf dem Plan.)  &#8211; weil auf dem Weg &#8211; noch im Burger King gehalten und die Preise gecheckt..<\/p>\n<p>Kleine pommes 3,49? Gro\u00dfe 4,29? Aua aua. Ich entschied mich f\u00fcr die momentane Kebab-Pommes-Box um 5,19.<\/p>\n<p>Viel Pommes, wenig Fleisch, trotzdem s\u00e4ttigend, Knoblauchsauce recht stark.<\/p>\n<p><a href='http:\/\/extra.inmontanis.info\/d\/133303-3\/dsc06449.jpg'><img src=http:\/\/extra.inmontanis.info\/d\/133302-3\/dsc06449.jpg \/><\/a><br \/>\n^ D\u00f6nerbox beim Burgerking<\/p>\n<p>Die Wankbahn h\u00e4tte ich auch mal wieder fahren k\u00f6nnen&#8230; Eckbauer ist ja jetzt neu, uninteressant.<\/p>\n<p>1km vor meinem Vater:<\/p>\n<p><a href='http:\/\/extra.inmontanis.info\/d\/133312-2\/dsc06460.jpg'><img src=http:\/\/extra.inmontanis.info\/d\/133311-3\/dsc06460.jpg \/><\/a><br \/>\n^ Mein Ignis hat nun die 300.000 km laut Anzeige \u00fcberschritten &#8211; die geht ja etwas vor. <\/p>\n<p>Die Reifen wurden in der Werkstatt wohl nicht genug aufgepumpt?! Am n\u00e4chsten Morgen waren es nur noch um die 210 links und 205 rechts vorne und ich hab die n\u00e4chste Tankstelle angefahren.<\/p>\n<p><a href='http:\/\/extra.inmontanis.info\/d\/133308-3\/dsc06462.jpg'><img src=http:\/\/extra.inmontanis.info\/d\/133307-3\/dsc06462.jpg \/><\/a><br \/>\n^ Meine Beklebung am Qubo, das linke Bild mit der PB ist von einem alten Poster von Artouste in den Pyren\u00e4en &#8211; das Skigebiet werde ich hoffentlich diesen Winter besuchen! Ohne PB allerdings..<\/p>\n<p>Hier das komplette Bild:<\/p>\n<p><a href='https:\/\/www.google.com\/search?q=artouste+telepherique+poster&#038;udm=2'>https:\/\/www.google.com\/search?q=artouste+telepherique+poster&#038;udm=2<\/a><\/p>\n<p>Die kleine H\u00f6hen-Schmalspureisenbahn dort ist wohl leider nur im Sommerhalbjahr offen:<br \/>\n<a href='https:\/\/www.valleedossau.com\/le-train-d-artouste.html'>https:\/\/www.valleedossau.com\/le-train-d-artouste.html<\/a><\/p>\n<p>Bei meinem Vater einige N\u00e4harbeiten machen lassen, die Skihosen abgeholt und abends auf einen bekannten Parkplatz gefahren. War ja noch gro\u00dfes Verr\u00e4umen und PC-Einbauen angesagt .. aber ich merkte bald, hab doch  wieder zu viel Sachen mitgenommen. Also dann den britischen Super Tuna Salad vom letzten Jahr mit einer Semmel gegessen. <\/p>\n<p>Die defekte Batterie am Boden, die aktuell im Fu\u00dfraum st\u00f6rt, wird ja  hoffentlich Ende n\u00e4chster Woche ausgetauscht und die Austauschbatterie wird wieder korrekt eingebaut, im Raum N\u00fcrnberg besuch ich wieder meine Tante, da geht zwar eine Lieferung dann weg, aber ich will mir ja einige Packungen Lebkuchen kaufen. Nicht zu viel, kann ja die n\u00e4chsten Wochen in Deutschland noch im Lidl oder Norma was kaufen.<\/p>\n<p>Es standen anscheinend 4 Camper am Platz, der in meiner N\u00e4he mit 2 bellenden Hunden, aber nachts wohl doch ruhig gewesen.<\/p>\n<p>Sp\u00e4ter kam noch ein M\u00e4del in einem normalen PKW und montierte eine Silberfolie von au\u00dfen an die WSS und hantierte etwas mit einer Matratze &#8211; die hat aber sicher keinen so sch\u00f6nen Ausbau wie ich ;)<\/p>\n<p>Meine Verbesserungen m\u00fcssen sich hier und da noch einspielen und einige &#8220;Pakete&#8221; muss ich noch irgendwie anders verr\u00e4umen, da passt noch nicht alles. Geplant w\u00e4ren ja jetzt etwas mehr als 365 N\u00e4chte im Auto zu verbringen.<\/p>\n<p>Ca. 2h sp\u00e4ter schien der PC-Einbau vollbracht aus und ich konnte den neuen &#8220;Stromspar-PC&#8221; mal einschalten.<\/p>\n<p>Beim Einschalten der Stromversorgung blinkte die LED kurz auf, aber er schaltete sich nicht ein. Nur wenn auch der andere PC an dessen 12V-Schalter eingeschaltet war (und der neue an seinem eigenen Schalter), lief der neue PC?? Sehr eigenartig. Am n\u00e4chsten Tag lief es aber wie es sollte.<\/p>\n<p>Stromverbrauch unter Win11 mit dem kleinen Display war um die 0,6-1,6 A mit einem Ausrei\u00dfer auf 2A beim Start von VLC (Videoschauen dann  weniger).<\/p>\n<p>Mein alter PC  mit dem  gro\u00dfen Display war dann um die 2-2,7A. Also schon deutlich mehr. <\/p>\n<p>Ach ja .. und ab sofort &#8220;muss&#8221; ich wieder m\u00f6glichst jeden Tag Bilder bearbeiten und einen Bericht online stellen, da werd ich zeitlich teilweise nur noch 1x Korrekturlesen statt 2x &#8230;.. <\/p>\n<p>.. und auch jeden Tag &#8220;Katzenw\u00e4sche&#8221;. Daheim hab ich mich halt alle 2-4 Wochen mal geduscht und sonst nix gemacht, bin ja maximal mal um den Block gegangen, was interessiert mich da mein Geruch.<\/p>\n<p>(Der Sonntag-Bericht wird aber fr\u00fchestens am Dienstag kommen, da ich am Montag Abend keine Zeit haben werde.)<\/p>\n<p>&#8211; &#8211; &#8211;<\/p>\n<p>Ich hoffe, ihr seid schlau genug und glaubt nicht den hysterischen M\u00fcll, den eure Mainstream-Medien in den letzten Wochen \u00fcber Drohnen verbreiten?<\/p>\n<p>&#8220;Die medial angeheizte Drohnen-Hysterie f\u00e4llt jeden Tag mehr in sich zusammen&#8221; &#8220;So ziemlich alle \u201eRussen-Drohnen\u201c-Berichte der letzten Wochen aus Deutschland, Polen, Frankreich, Norwegen, Litauen und D\u00e4nemark haben sich mittlerweile als unbegr\u00fcndet herausgestellt.&#8221;<br \/>\n<a href='https:\/\/www.nachdenkseiten.de\/?p=140202'>https:\/\/www.nachdenkseiten.de\/?p=140202<\/a><\/p>\n<p>Ostsee etc.:<\/p>\n<p>&#8220;Die D\u00e4monisierung des Feindes und damit einhergehend die behauptete Alternativlosigkeit, zum Kriege schreiten zu m\u00fcssen, um das B\u00f6se zu vernichten, sind ein in der Kriegspropaganda unverzichtbares Mittel, um die Heimatfront auf Linie zu bringen. &#8221;<br \/>\n+<br \/>\n&#8220;Im Kontext der zugespitzten Lage erkl\u00e4rte im Sommer der US-Oberbefehlshaber f\u00fcr Europa und Afrika, General Christopher Donahue, die NATO sei in der Lage, Kaliningrad \u201evom Boden aus in einem bisher unerreichten Zeitrahmen und schneller zu zerst\u00f6ren, als wir es jemals konnten. Wir haben dies bereits geplant und haben es bereits entwickelt.\u201c&#8221;<br \/>\n<a href='https:\/\/www.nachdenkseiten.de\/?p=140239'>https:\/\/www.nachdenkseiten.de\/?p=140239<\/a><\/p>\n","protected":false},"excerpt":{"rendered":"<p>Di, 7.10.2025 (Fortsetzung)<\/p>\n<p>Nachmittags nach der Berichtsver\u00f6ffentlichung kam doch noch eine Antwort von n&#8217;py, da hab ich franz\u00f6sisch angefragt und eine englische Antwort erhalten. Im Gegensatz zur spanischen Pirineos gibt&#8217;s hier tats\u00e4chlich keine M\u00f6glichkeit, die Saisonkarte irgendwo in einem der Gebiete abzuholen :(<\/p>\n<p>Ob es m\u00f6glich w\u00e4re, die irgendwo in einem der Gebiete bis 15.11. <a href=\"http:\/\/blog.inmontanis.info\/?p=10900\">[&#8230;]<\/a><\/p>\n","protected":false},"author":1,"featured_media":10903,"comment_status":"closed","ping_status":"closed","sticky":false,"template":"","format":"standard","meta":{"footnotes":""},"categories":[950,12,271,59],"tags":[35,52],"class_list":["post-10900","post","type-post","status-publish","format-standard","has-post-thumbnail","hentry","category-2025-09-2026-11-pyrenaen-uk-co","category-germany","category-mittenwald","category-nostalgie","tag-esl","tag-pb","odd"],"_links":{"self":[{"href":"http:\/\/blog.inmontanis.info\/index.php?rest_route=\/wp\/v2\/posts\/10900","targetHints":{"allow":["GET"]}}],"collection":[{"href":"http:\/\/blog.inmontanis.info\/index.php?rest_route=\/wp\/v2\/posts"}],"about":[{"href":"http:\/\/blog.inmontanis.info\/index.php?rest_route=\/wp\/v2\/types\/post"}],"author":[{"embeddable":true,"href":"http:\/\/blog.inmontanis.info\/index.php?rest_route=\/wp\/v2\/users\/1"}],"replies":[{"embeddable":true,"href":"http:\/\/blog.inmontanis.info\/index.php?rest_route=%2Fwp%2Fv2%2Fcomments&post=10900"}],"version-history":[{"count":5,"href":"http:\/\/blog.inmontanis.info\/index.php?rest_route=\/wp\/v2\/posts\/10900\/revisions"}],"predecessor-version":[{"id":10905,"href":"http:\/\/blog.inmontanis.info\/index.php?rest_route=\/wp\/v2\/posts\/10900\/revisions\/10905"}],"wp:featuredmedia":[{"embeddable":true,"href":"http:\/\/blog.inmontanis.info\/index.php?rest_route=\/wp\/v2\/media\/10903"}],"wp:attachment":[{"href":"http:\/\/blog.inmontanis.info\/index.php?rest_route=%2Fwp%2Fv2%2Fmedia&parent=10900"}],"wp:term":[{"taxonomy":"category","embeddable":true,"href":"http:\/\/blog.inmontanis.info\/index.php?rest_route=%2Fwp%2Fv2%2Fcategories&post=10900"},{"taxonomy":"post_tag","embeddable":true,"href":"http:\/\/blog.inmontanis.info\/index.php?rest_route=%2Fwp%2Fv2%2Ftags&post=10900"}],"curies":[{"name":"wp","href":"https:\/\/api.w.org\/{rel}","templated":true}]}}