{"id":10892,"date":"2025-10-07T13:47:21","date_gmt":"2025-10-07T11:47:21","guid":{"rendered":"http:\/\/blog.inmontanis.info\/?p=10892"},"modified":"2025-10-07T13:59:01","modified_gmt":"2025-10-07T11:59:01","slug":"pyrenaen-abreise-18-9-7-10-2025","status":"publish","type":"post","link":"http:\/\/blog.inmontanis.info\/?p=10892","title":{"rendered":"Pyren\u00e4en&#038;Spanien: \u00dcberblick, Skigebiete, Saisonkarten; Abreise, &#8230; , 18.9.-7.10.2025"},"content":{"rendered":"<p><em>(Die Zusammenfassung steht ganz unten)<\/em><\/p>\n<p><strong>Do, 18.9.2025<\/strong><\/p>\n<p>Bei der heutigen Post-Lieferung (die letzte jetzt) war ich schneller unten und die Postlerin meinte, ihr war nicht klar, dass das richtig w\u00e4r, weil sah verlassen aus und das Auto stand doch &#8220;gestern&#8221; (obwohl es ja vorgestern war) auch nicht da und winken hat sie mich dann klarerweise auch nicht gesehen. Klar, wenn man nicht mal das Auto sieht, dahinter wendet und direkt nebendran vorbei f\u00e4hrt..<\/p>\n<p>Die neuen heizbaren Hausschuhe um 10-11 \u20ac gehen ja weiter rauf als die alten, das k\u00f6nnte Vor- und Nachteile haben<br \/>\n&#8211; w\u00e4rmer, hoffentlich im unteren Beinbereich<br \/>\n&#8211; umst\u00e4ndlicher, wenn ich sie nicht anziehen will, da hab ich mich halt einfach z.B. morgens, beim Umziehen etc., auf die Schuh draufgestellt, ohne reinzuschlupfen. Das w\u00fcrde dann halt nicht mehr gehen.<br \/>\n&#8211; die Heizeinlage unten ist lediglich eine Folie, so dass es ganz d\u00fcnn ist zum Boden hin &#8211; wenig K\u00e4lteabschirmung; der alte Hausschuh hat da ein dickes Polster.<\/p>\n<p>Ausprobieren und mitnehmen m\u00f6cht ich sie ja eh erst 2026\/27, heuer sollten die alten hoffentlich noch halten, heute nur ein kleiner Funktionstest.<\/p>\n<p><a href='http:\/\/extra.inmontanis.info\/d\/133180-2\/dsc06291.jpg'><img src=http:\/\/extra.inmontanis.info\/d\/133179-3\/dsc06291.jpg \/><\/a><br \/>\n^ Rechts die neuen Heizpantoffeln, vielleicht etwas w\u00e4rmer, weil sie weiter raufgehen, aber daf\u00fcr d\u00fcnnere Sohle und nicht so praktisch zum Draufsteigen ohne Einsteigen. Bleiben daheim bis zur n\u00e4chsten Tour<\/p>\n<p>Der aufgebl\u00e4hte Handy-Akku funktioniert noch so gut, fast zu schade, den zu entsorgen&#8230;<\/p>\n<p>.. geht sauber runter bis 1% beim 3D-Videoschauen mit heller Display-Beleuchtung bis es sich ausschaltete. Dann werd ich den Akku mal ausbauen.<\/p>\n<p>Der Akku ist wirklich perverst fest reingeklebet&#8230; hoffentlich nichts besch\u00e4digtr, was ich als Ersatzteil noch brauchen k\u00f6nnte.<\/p>\n<p><a href='http:\/\/extra.inmontanis.info\/d\/133184-2\/dsc06292.jpg'><img src=http:\/\/extra.inmontanis.info\/d\/133183-3\/dsc06292.jpg \/><\/a><br \/>\n^ So, kaputte Batterie am Red-Handy ausbauen, dazu m\u00fcssen leider die sch\u00f6nen aufklebten Dinger weg, weil die Schrauben, die sichtbar sind, sind mal wieder nur Zierde, die echten Schrauben liegen darunter.<\/p>\n<p><a href='http:\/\/extra.inmontanis.info\/d\/133188-2\/dsc06293.jpg'><img src=http:\/\/extra.inmontanis.info\/d\/133187-3\/dsc06293.jpg \/><\/a><br \/>\n^ Aufgebl\u00e4hter Akku<\/p>\n<p><a href='http:\/\/extra.inmontanis.info\/d\/133192-2\/dsc06295.jpg'><img src=http:\/\/extra.inmontanis.info\/d\/133191-3\/dsc06295.jpg \/><\/a><br \/>\n^ Man sollte ja vermeiden, dass man die aufgebl\u00e4hte Folie der Batterie besch\u00e4digt und wer wei\u00df, was unter der Batterie alles ist, aber ohne viel Gewalt ging die Batterie nicht raus ..<\/p>\n<p><a href='http:\/\/extra.inmontanis.info\/d\/133196-2\/dsc06296.jpg'><img src=http:\/\/extra.inmontanis.info\/d\/133195-3\/dsc06296.jpg \/><\/a><br \/>\n^ .. denn es wurde darunter nicht an Kleber und Klebeband gespart. Hoffentlich hab ich die Flachbandkabel nicht besch\u00e4digt. Ganz vergessen zu testen, ob das Handy ohne Batterie eingeschaltet werden k\u00f6nnte<\/p>\n<p><a href='http:\/\/extra.inmontanis.info\/d\/133200-2\/dsc06297.jpg'><img src=http:\/\/extra.inmontanis.info\/d\/133199-3\/dsc06297.jpg \/><\/a><br \/>\n^ Den Lade-Controller-Strip hab ich mal abmontiert, kann man zur Not ja einen anderen Akku dranl\u00f6ten<\/p>\n<p>Diie Beule scheint nur Gas direkt unterhalb der Plastikummantelung zu sein. Dass die beim gewaltvollen Entfernen nicht besch\u00e4digt wurde und das Gas rausging, ist eigentlich erstaunlich.<\/p>\n<p>Heute + morgen gibts Kartoffelpfanne (Pfanni) mit BBQ-Pulled-Pork (aus der Dose) plus etwas restlicher geriebener K\u00e4se (tiefgek\u00fchlt) plus die H\u00e4lfte des Restes von den Preiselbeeren &#8211; das Glas hat die ganzen Monate brav gehalten ohne schlecht zu werden. Dass ich die aufbrauchen w\u00fcrde, h\u00e4tte ich ja nicht gedacht.<\/p>\n<p>Noch 2 Tage und ein ganzer Berg voll to-dos &#8230; <\/p>\n<p>Um 23:45 war es mal wieder so weit. Ein Ping, das mich zur Datennutzung warnte, das ich anklickte und beim Aufrufen der Einstellungen -> Neustart. Danach noch ein Spielbackup kopiert -> Neustart. Immer die gleichen Schema eigentlich oder zumindest geh\u00e4uft traten die Abst\u00fcrze beim Datenkopieren und bei irgendwelchen Netzwerkzugriffen auf.<\/p>\n<p><strong>Fr, 19.9.2025<\/strong> T-2<\/p>\n<p>.. und um 8:34 Uhr schon wieder. Aber diesmal h\u00f6r ich das nicht mehr, weil die Einschalt-Animation in letzter Zeit immer lautlos ist. Auch sch\u00f6n. 13:08 Uhr wollte ich WLan einschalten, hat sich die SystemUI aufgeh\u00e4ngt. Also es h\u00e4ngt schon definitiv irgendwie am Wlan-Adapter. Warum auch immer es manchmal 2 Tage und mehr l\u00e4uft&#8230; Wenig sp\u00e4ter funktionierte dann auch die mobile Datenverbindung nicht und ich musste mal einen manuelle Neustart machen. Seufz.<\/p>\n<p>Den bl\u00f6den Rost am schleifenden Tankdeckel h\u00e4tte ich ja auch enfernen wollen &#8230; tja, heute versucht etwas abzuschleifen, aber nicht alles geschafft. Sehr warm heute auch hier oben.<\/p>\n<p><a href='http:\/\/extra.inmontanis.info\/d\/133204-2\/img_20250919_115003.jpg'><img src=http:\/\/extra.inmontanis.info\/d\/133203-3\/img_20250919_115003.jpg \/><\/a><br \/>\n^ Vor nicht langer Zeit wurde das noch garantiem\u00e4\u00dfig instand gesetzt, aber wieder alles rostig, hab versucht es abzuschleifen aber zeitlich und werkzeugm\u00e4\u00dfig nicht ganz geschafft&#8230;<\/p>\n<p><a href='http:\/\/extra.inmontanis.info\/d\/133208-2\/img_20250919_121256.jpg'><img src=http:\/\/extra.inmontanis.info\/d\/133207-3\/img_20250919_121256.jpg \/><\/a><br \/>\n^ .. trotzdem dann Lack dr\u00fcber und sp\u00e4ter noch ein Aufkleber.<\/p>\n<p>Die Tiefk\u00fchltruhe heute auch abgetaut.<\/p>\n<p>Kaputte LiFePo4-Batterie und die restlichen 3 Autor\u00e4der verladen; es w\u00fcrden problemlos 4 \u00fcbereinander auf mein Holzgestell passen, Bett hab ich hochgeklappt, die unteren beiden w\u00fcrden vom Fahrersitz gehalten werden, die oberen beiden machen aber einen sehr rutschigen Eindruck.<\/p>\n<p><a href='http:\/\/extra.inmontanis.info\/d\/133212-2\/img_20250919_165342_0.jpg'><img src=http:\/\/extra.inmontanis.info\/d\/133211-3\/img_20250919_165342_0.jpg \/><\/a><br \/>\n^ Erstaunlicherweise passten alle 4 R\u00e4der \u00fcbereinander auf mein Bettgestellt und die Klappe rechts (Tischbrett + drunter K\u00fchlschrank) ging auch noch zu \u00f6ffnen. Das obere Rad ist aber zu rutschig so&#8230;<\/p>\n<p>Um  ca. 17:22 Uhr gab&#8217;s einen Stromausfall (Sonne und kein Wind), gut dass ich schon gegessen hatte. Herade als ich mein\/e NAS runtergefahren hab, glaub die hat es vielleicht gerade in der Sekunde geschafft, aber kann auch der Stromausfall gewesen sein. <\/p>\n<p>Dank USV konnte ich den PC noch problemlos runterfahren. 4G Magenta ist auch  untauglich, 4G A1 normal gut.<\/p>\n<p>Erst nach 44 Minuten hat der Netzbetrieber die St\u00f6rung behoben, die lt. St\u00f6rungs-Website wohl den Raum \u00f6stlich von Wolfsberg betroffen hat.<\/p>\n<p>Wollte ja diesen Sommer auch VHS-Tapes anschauen oder \u00fcberspielen  &#8230; nicht dazu gekommen. Daher mal die mit den Erinnerungen in meinen etwas feuerfesteren Safe getan, falls die Bude hier mal abfackelt.<\/p>\n<p>Die Silica-Beutel musste ich auch noch machen,  ca. 7 Essl\u00f6ffel von dem g\u00fcnstigeren Katzenstreu und ca. 1 Essl\u00f6ffel von den teureren orangenen K\u00fcgelchen, die bei Feuchtigkeit dann die Farbe wechseln. K\u00f6nnte ja dann in einer Mikrowelle wieder regeneriert werden, solang es nicht verschimmelt ist.<\/p>\n<p>2 Katzenstreusocken wirkten auch noch gut, also nicht verschimmelt und nicht verklumpt, die hab ich auch nochmals etwas getrocknet und kommen dann ebenfalls mit.<\/p>\n<p><a href='http:\/\/extra.inmontanis.info\/d\/133216-2\/dsc06299.jpg'><img src=http:\/\/extra.inmontanis.info\/d\/133215-3\/dsc06299.jpg \/><\/a><br \/>\n^ Aus Silica-Katzenstreu links und dem teureren farbkodierten Silica rechts hab ich noch etliche Luftentfeuchterbeutelchen zusammengemischt &#8230;<\/p>\n<p><a href='http:\/\/extra.inmontanis.info\/d\/133220-2\/dsc06300.jpg'><img src=http:\/\/extra.inmontanis.info\/d\/133219-3\/dsc06300.jpg \/><\/a><br \/>\n^ &#8230; nicht das ganze Silica, aber hoffentlich genug<\/p>\n<p>Morgen noch den letzten Kleinkram einpacken, Kleidung &#038; Co raussuchen und entscheiden, Heizer-Thematik entscheiden, diverse Flaschen &#038; Co zusammensuchen, nachf\u00fcllen, leermachen, Tramliteratur ausw\u00e4hlen, Sachen f\u00fcr die Zeit in Telfs extra packen, mehrmals ins Auto gehen&#8230;<\/p>\n<p>Das Apple-Gelumpe ist ja auch so strunzdoof. iPod mit entladener Batterie an Strom anschlie\u00dfen, schaltet sich gleich ein. Braucht dabei so viel Strom, dass es sich gleich wieder ausschaltet und das dann entsprechend in Schleife eine Zeit lang. Und irgendwann ist durch diese pl\u00f6tzlichen Neustarts der interne Flash nicht mehr ganz sauber und schreit &#8220;werkseinstellung zur\u00fccksetzen! Anstatt dass erst mal gewartet wird, bis die Batterie 2 oder 5% geladen ist. Also wieder Batterie komplett leer werden lassen, damit das Ger\u00e4t ordentlich ausgeschaltet wird. Danach ging es auch ohne Neuinstallation wieder.<\/p>\n<p>Nach mittlerweile \u00fcber 100 Tagen daheim gew\u00f6hnt man sich ja schon wieder an die Vorz\u00fcge einer Wohnung und wie schon erw\u00e4hnt, ist das Einpacken, auch wenn irgendwie der Grundsatz gilt &#8220;alles was irgendwo rumliegt, muss vermutlich mit&#8221; zeitaufw\u00e4ndig, denn nicht alles kommt mit, aber daf\u00fcr liegt anderswo noch was rum. <\/p>\n<p>So ein Umzug ins Auto \/ Camper \/ Wohnmobil ist halt auch genau das, ein richtiger, kleiner Umzug in eine andere Wohnung. <\/p>\n<p><a href='http:\/\/ski.inmontanis.info\/d\/341104-2\/dsc06301.jpg'><img src=http:\/\/ski.inmontanis.info\/d\/341103-3\/dsc06301.jpg \/><\/a><br \/>\n^ Abendlicher Blick ins Skigebiet Koralpe<\/p>\n<p><strong>Sa, 20.9.2025<\/strong> T-1<\/p>\n<p>Nervige Hitz heut, wenn man so viel arbeiten muss und auch mehrmals raus ins Auto muss.<\/p>\n<p>Handy Neustart .. um 12:30 bei Hotspot-Einstellungen.<\/p>\n<p>15:30 Uhr, die Schrank-Kartons, Lebensmittel, Skibrillen und Skihandschuhe sind nun im Auto, das unzweifelhaft schon sehr voll jetzt ist.<\/p>\n<p>Kleidung dagegen hab ich noch nicht einmal rausgesucht.<\/p>\n<p>16:30-17 Uhr nochmals zum Auto, Wischerfl\u00fcssigkeit nachf\u00fcllen, \u00d6lstand messen &#8211; der kommt mir recht wenig vor, daf\u00fcr, dass ich noch \u00fcber 5.000km zum n\u00e4chsten Service eigentlich h\u00e4tte -, R\u00e4der im Auto verzurren, weitere Sachen einladen ..  <\/p>\n<p><a href='http:\/\/extra.inmontanis.info\/d\/133224-2\/dsc06318.jpg'><img src=http:\/\/extra.inmontanis.info\/d\/133223-3\/dsc06318.jpg \/><\/a><br \/>\n^ R\u00e4der sind nun festgezurrt f\u00fcr die heutige Fahrt. Platz zum Schlafen w\u00e4r jetzt nicht mehr<\/p>\n<p>Kleider fehlen immer noch.<\/p>\n<p>Bin am Abend doch noch einmal runter mit etwas weniger Gep\u00e4ck und um 19 Uhr hatte ich keine Lust mehr und wollte einen Film schauen. Muss ich die Bekleidung halt morgen fr\u00fch machen.<\/p>\n<p>Damit mir der Weggang noch leichter f\u00e4llt, gab&#8217;s heut am Abend viel Geschrei in einer der Nachbarswohnungen (aus einer ungewohnten Richtung), mir aber erst nach 23 Uhr aufgefallen, weil ich da meinen Luftentfeuchter leiser gestellt hab. Tja, dann muss der wohl lauter laufen, wenn ich einschlafen will.<\/p>\n<p>Was ich dann doch vermissen werde die n\u00e4chsten Monate, meine sch\u00f6ne Decke ;)<\/p>\n<p><a href='http:\/\/extra.inmontanis.info\/d\/133164-3\/dsc06302.jpg'><img src=http:\/\/extra.inmontanis.info\/d\/133163-4\/dsc06302.jpg \/><\/a><br \/>\n^ Mit dem Tram-Hintergrund bin ich leider nicht mehr weiter gekommen<\/p>\n<p><a href='http:\/\/extra.inmontanis.info\/d\/133168-3\/dsc06315.jpg'><img src=http:\/\/extra.inmontanis.info\/d\/133167-4\/dsc06315.jpg \/><\/a><br \/>\n^ Liegt an der Sonne bzw. am Schattenwurf, dass die Wand so hell ist<\/p>\n<p><a href='http:\/\/extra.inmontanis.info\/d\/133172-3\/dsc06316.jpg'><img src=http:\/\/extra.inmontanis.info\/d\/133171-4\/dsc06316.jpg \/><\/a><br \/>\n^ .. die Abschl\u00fcsse der Leisten oben h\u00e4tte ich 3d-drucken wollen, w\u00e4re er nicht kaputt gegangen<\/p>\n<p><a href='http:\/\/extra.inmontanis.info\/d\/133176-3\/dsc06317.jpg'><img src=http:\/\/extra.inmontanis.info\/d\/133175-4\/dsc06317.jpg \/><\/a><br \/>\n^ Meine Positions-Schn\u00fcre bleiben nat\u00fcrlich an der Decke, bis ich mit Bemalung und 3d-Elementen weiter mach. Schaut ja eh nicht schlecht aus. Tja und mit den Gold-Leisten an Fenster oder T\u00fcren bin ich auch nicht mehr weitergekommen. Bl\u00f6der Handy-\u00c4rger die letzten Wochen, das hat mir die Zeit ja komplett geraubt.<\/p>\n<p><strong>So, 21.9.2025<\/strong> &#8211; Abfahrt, 1. Reisetag<\/p>\n<p>Ich kam nicht ganz wie gew\u00fcnscht um 9:15 los und h\u00e4tte fast die Sachen vom K\u00fchlschrank vergessen!<\/p>\n<p><a href='http:\/\/extra.inmontanis.info\/d\/133228-2\/dsc06319.jpg'><img src=http:\/\/extra.inmontanis.info\/d\/133227-3\/dsc06319.jpg \/><\/a><br \/>\n^ .. wie \u00fcblich war das Auto wieder einmal komplett voll. Der (volle) Karton oben wird aber bereits am n\u00e4chsten Papiercontainer entsorgt, Altglas hatte ich auch.<\/p>\n<p>Weil also schon so sp\u00e4t, doch wieder die k\u00fcrzere Strecke \u00fcber die Weinebene gefahren, da ich ja ein paar Karpfengerichte mit nach Tirol nehmen wollte.<\/p>\n<p>Beim Tanken beide PIN-Nummern meiner Karten knapp vergessen &#8230; und erst mal nachschauen m\u00fcssen, zumindest bei der Kreditkarte war&#8217;s klar, bei der Debitkarte, die ja eh Ende des Jahres abl\u00e4uft, bin ich mir nach wie vor nicht sicher. Das kommt, wenn man die monatelang nicht braucht &#8211; weil man nix einkauft, weil man wg. der RFID-Funktion keine PIN bei kleinen Betr\u00e4gen eingeben muss, &#8230;<\/p>\n<p>Ich war somit kurz nach 11 Uhr beim Karpfenwirt und t\u00e4tigte meine Bestellung, wie ich sie mir notiert hatte und bestellte f\u00fcr zum jetzt essen  den ger\u00e4ucherten Karpfen mit Schwammerl auf Toast um 15,90 \u20ac plus kleines Leitungswasser. Naja, ger\u00e4uchert bevorzuge ich glaub ich Lachs. Mit Trinkgeld waren&#8217;s dann 90 \u20ac. Ufz.<\/p>\n<p><a href='http:\/\/extra.inmontanis.info\/d\/133232-2\/img_20250921_112555_6.jpg'><img src=http:\/\/extra.inmontanis.info\/d\/133231-3\/img_20250921_112555_6.jpg \/><\/a><br \/>\n^ Ger\u00e4ucherter Karpfen auf Pifferlingen mit Pesto und Toast<\/p>\n<p>Weiter gings \u00fcber Graz, der S35, Liezen nach Radstadt. Gmaps meldete nun Stau um Hallein, somit fuhr ich nicht \u00fcbers kleine deutsche Eck, sondern \u00fcber Zell am See. Saalfelden-Fiebebrunn gab&#8217;s aber mehrere Ampelbaustellen, in Scheffau dann etwas Stau, auf der A12 in Tirol gab&#8217;s auch einige Baustellen und  gegen 19 Uhr war ich in Telfs.<\/p>\n<p>Temperaturen bis zu 29\u00b0, vor Innsbruck nach 18 Uhr noch 28\u00b0. <\/p>\n<p>Benzin+Diesel in K\u00e4rnten + Steiermark gro\u00dffl\u00e4chig um die 1,44-1,47 \u20ac, in Salzburg und im tiroler Unterinntal dann um die 1,48-1,53, ich hatte um 1,467 und 1,448 getankt; in Telfs war es wie \u00fcblich wesentlich teurer, 1,649 \u20ac (B+D ident) an einer Diskont-Tankstelle.<\/p>\n<p><a href='http:\/\/extra.inmontanis.info\/d\/133236-2\/dsc06320.jpg'><img src=http:\/\/extra.inmontanis.info\/d\/133235-3\/dsc06320.jpg \/><\/a><br \/>\n^ S35 um den mautpflichtigen Tunnel n\u00f6rdlich von Granz zu umfahren, landschaftlich eh sehr sch\u00f6n<\/p>\n<p><a href='http:\/\/extra.inmontanis.info\/d\/133240-2\/dsc06327.jpg'><img src=http:\/\/extra.inmontanis.info\/d\/133239-3\/dsc06327.jpg \/><\/a><br \/>\n^ .. aber auch auf der S35 gibts Tunnels<\/p>\n<p><a href='http:\/\/extra.inmontanis.info\/d\/133244-2\/dsc06329.jpg'><img src=http:\/\/extra.inmontanis.info\/d\/133243-3\/dsc06329.jpg \/><\/a><br \/>\n^ S35<\/p>\n<p><a href='http:\/\/extra.inmontanis.info\/d\/133248-2\/dsc06331.jpg'><img src=http:\/\/extra.inmontanis.info\/d\/133247-3\/dsc06331.jpg \/><\/a><br \/>\n^ Von der S35 gehts auf die S6 und dann wieder zur A9<\/p>\n<p><a href='http:\/\/extra.inmontanis.info\/d\/133252-2\/dsc06334.jpg'><img src=http:\/\/extra.inmontanis.info\/d\/133251-3\/dsc06334.jpg \/><\/a><br \/>\n^ <\/p>\n<p><a href='http:\/\/extra.inmontanis.info\/d\/133256-2\/dsc06338.jpg'><img src=http:\/\/extra.inmontanis.info\/d\/133255-3\/dsc06338.jpg \/><\/a><br \/>\n^ <\/p>\n<p><a href='http:\/\/extra.inmontanis.info\/d\/133260-2\/dsc06341.jpg'><img src=http:\/\/extra.inmontanis.info\/d\/133259-3\/dsc06341.jpg \/><\/a><br \/>\n^ <\/p>\n<p><a href='http:\/\/extra.inmontanis.info\/d\/133264-2\/dsc06343.jpg'><img src=http:\/\/extra.inmontanis.info\/d\/133263-3\/dsc06343.jpg \/><\/a><br \/>\n^ Die g\u00fcnstigen Tankstellenpreise in \u00d6sterreich werd ich wohl vermissen die n\u00e4chsten Monate<\/p>\n<p><a href='http:\/\/ski.inmontanis.info\/d\/341108-2\/dsc06347.jpg'><img src=http:\/\/ski.inmontanis.info\/d\/341107-3\/dsc06347.jpg \/><\/a><br \/>\n^ Schneller Zoom zum Kitzsteinhorn aus dem Auto<\/p>\n<p><a href='http:\/\/extra.inmontanis.info\/d\/133268-2\/dsc06350.jpg'><img src=http:\/\/extra.inmontanis.info\/d\/133267-3\/dsc06350.jpg \/><\/a><br \/>\n^ <\/p>\n<p><a href='http:\/\/extra.inmontanis.info\/d\/133272-2\/dsc06357.jpg'><img src=http:\/\/extra.inmontanis.info\/d\/133271-3\/dsc06357.jpg \/><\/a><br \/>\n^ Gebackener Karpen links und gegrillter Karpfen (Locken und darunter Filet) rechts, schien aber auch in Panade oder so?! Wurde eingefroren.<\/p>\n<p><a href='http:\/\/extra.inmontanis.info\/d\/133276-2\/dsc06358.jpg'><img src=http:\/\/extra.inmontanis.info\/d\/133275-3\/dsc06358.jpg \/><\/a><br \/>\n^ Der serbische Karpfen sah schon eher fr\u00e4nkisch aus, zerteilt zum Aufw\u00e4rmen in der Pfanne<\/p>\n<p><strong>Mo, 22.9.2025<\/strong><\/p>\n<p>Heute erster Tag mit dem neuen Pen-Display, der Unterschied zum 22er daheim und dem nun 15-16&#8217;er unterwegs ist doch sp\u00fcrbar weniger auff\u00e4llig als beim 13-14&#8217;er und geht auch ohne Lesebrille noch, in Windows mal in 125% (statt 150% unterwegs zuletzt), in Linux mal vorerst bei den 100%.<\/p>\n<p>Hab heut gleich einmal angefangen, die Skigebiete in ES\/FR durchzugehen, angefangen mit den Gebieten der beiden gro\u00dfen Saisonkarten&#8230; <\/p>\n<p>Pistem-km-Angaben: Ski Pirineos ca. 380km vs. n&#8217;py ca. 310km, beide &#8220;quasi&#8221; 7 Skigebiete<br \/>\nSaisonkartenpreise Vorverkauf:  Pirineos tgl. 929, werktgl. 629, n&#8217;py tgl. 700,-<\/p>\n<p>Tageskarten sind vollpreislich in den spanischen Skigebieten wohl teurer, daf\u00fcr haben spanische Skigebiete auch mal Werktagesverg\u00fcnstigungen, genaue Daten hab ich noch nicht rausgesucht. Boah das wird schwierig, diese Entscheidung!<\/p>\n<p>Bei meinem damaligen Besuch hatte ich mich ja f\u00fcr Candanchu und gegen die nahe Schwesterstation Astun entschieden. Gefallen hat mir Candanchu nicht sonderlich, hatte aber auch kein tolles Wetter. Bei der Ansicht der heutigen Bilder scheint mir Astun aber interessanter zu sein, also heutzutage h\u00e4tte ich wohl anders als damals gew\u00e4hlt.<\/p>\n<p><strong>Di, 23.9.2025<\/strong><\/p>\n<p>Bis zum n\u00e4chsten &#8220;offiziellen&#8221; Service w\u00e4re ich diesmal \u00f6lstandsm\u00e4\u00dfig nicht durchgekommen. Vmtl. erstmals, dass ich dazwischen bei einem meiner Autos h\u00e4tte \u00d6l nachf\u00fcllen m\u00fcssen. Fehlten wohl  gut 0,3 l. Aber selbst 0,3l auf 1000 km w\u00e4ren noch kein Garantiefall (innerhalb des Garantiezeitraums), insofern werd ich also ab sofort regelm\u00e4\u00dfig kontrollieren m\u00fcssen.<\/p>\n<p>Ansonsten wurde beim Service nichts weiter gefunden, die bei der \u00a757a-\u00dcberpr\u00fcfung gefundenen leichten M\u00e4ngel k\u00f6nnen noch bleiben.<\/p>\n<p>Die Sommerr\u00e4der auf den Alufelgen hab ich entsorgen lassen  &#8211; hab momentan keinen Bedarf und keine Lust, die wieder mit heim zu schleppen. Winterreifen gibts f\u00fcr diese Dimension ja recht wenig zur Auswahl, da bleib ich bei den Stahlfelgen.<\/p>\n<p><strong>Mi, 24.9.2025<\/strong><\/p>\n<p>Heute mit den n&#8217;py-Saisonkarten weiter gemacht.<\/p>\n<p>Die beiden gr\u00f6\u00dften Skigebiete der beiden Gebiete sind jeweils Formigal (Pirineos) und Grand Tourmalet (n&#8217;py), f\u00fcr ersteres werden 143km angegeben, zweiteres soll 100km haben, jeweils um die 12-13 Sessellifte und an einer Hand abz\u00e4hlbare KSSL.<\/p>\n<p>Formigal soll recht voll und beliebt sein und ein paar interessantere KSSL haben, Tourmalet h\u00e4tte f\u00fcr mich den Vorteil, dass es wesentlich langgestreckter ist, fast doppelt so lang, was mir zus\u00e4tzlich durch die unterschiedlichen Sektoren und Ausrichtungen also besser gefallen k\u00f6nnte. <\/p>\n<p>Die Gebiete von n&#8217;py liegen alle in einem Bereich im westlichen (und n\u00f6rdlichen) Teil der Pyren\u00e4en, bei der Pirineos sind 2 der Gebiete ja au\u00dferhalb der Pyren\u00e4en n\u00e4her bei  Madrid, die Gebiete in den Pyren\u00e4en sonst aber auch im westlichen (s\u00fcdlichen) Teil. <\/p>\n<p>Zudem w\u00fcrde n&#8217;py in Tourmalet mit der Pic du Midi &#8211; PB &#8211; Kette punkten, wenn auch freeridem\u00e4\u00dfig wohl nur eher extremerweise, aber zumindest mal als Aussichtsbahn.<\/p>\n<p>Fr\u00fcher h\u00e4tte mir Tourmalet sicherlich besser gefallen &#8211; mit Korbliften, Standseilbahn, Poma-Oeufs und wesentlich mehr Liften &#8211; wenn auch vielleicht nicht alles zur selben Zeit existiert hatte, aber zus\u00e4tzlich scheinen auch einige Teile kastriert worden zu sein. Verglichen mit Formigal hat es immerhin einige Waldbereiche und im Gegensatz zu Formigal scheint es hier noch keine moderne Nerv-KSB mit Zwangsverriegelung zu geben.<\/p>\n<p>Tja, da gab es ja etliche Korblifte in den franz\u00f6sischen Pyren\u00e4en :(<\/p>\n<p>.. und die Nerv-KSB in den n&#8217;py &#8211; Gebieten ist leider ausgerechnet im sch\u00f6nsten, La Pierre St. Martin, wo ich damals noch die alten DSB+KSSL fahren konnte und 2014 eine 6KSB mit Zwangsverriegelung gebaut wurde, die nicht vermeidbar ist, ohne auf den ganzen linken Sektor verzichten zu m\u00fcssen :( (Die in Formigal ist vmtl. umfahrbar). Das gibt eine Abwertung von ++ auf +-.<\/p>\n<p>So ein Schei\u00dflift in einem ansonsten landschaftlich so tollen Skgebiet ist doppelt \u00e4rgerlich. In einem Schei\u00dfgebiet sind mir Schei\u00dflifte egal, da fahr ich halt dann gar nicht erst hin.<\/p>\n<p>Meine pers\u00f6nliche Bewertung der Pirineos-Gebiete vorgestern (Spanien), inkl. Korrekturen in den n\u00e4chsten Tagen:<\/p>\n<p>+\tAst\u00fan<br \/>\no\tCandanch\u00fa<br \/>\no\tCerler<br \/>\n+?\tFormigal<br \/>\no+\t(Formigal) Panticosa<br \/>\n+-\tJavalambre<br \/>\n+\tValdelinares<\/p>\n<p>Meine heutige Bewertung der franz\u00f6sischen Gebiete somit, inkl. Korrekturen in den n\u00e4chsten Tagen:<\/p>\n<p>+\tPeyragudes<br \/>\no\tPiau Engaly<br \/>\n++\tGrand Tourmalet<br \/>\n+?\tPic du Midi<br \/>\n+\tLuz-Ardiden<br \/>\no-\tCauterets-Lys<br \/>\n&#8211;\tCauterets-Espagne<br \/>\n+o\tGourette<br \/>\n+-\tPierre St Martin<\/p>\n<p>Tja, es bleibt schwierig.<\/p>\n<p>Unschwierig bleibt die Entscheidung f\u00fcr den Saisonpass Gavarnie, den es jetzt sogar bis 23.11. nochmals verg\u00fcnstigt gibt um 259 statt 370 \u20ac  incl. 6 Gratisskitage in Andorra und 7 Gratisskitage in anderen franz\u00f6sischen Skigebieten der Pyren\u00e4en.  Also da br\u00e4uchte man gar nicht in Gavarnie Ski fahren, damit sich der Preis lohnen w\u00fcrde ;) 1x ist nat\u00fcrlich Pflicht zum Kennenlernen und weil einmal keinmal ist &#8230;. werd ich wohl mindestens 2-3 Tage fahren.<\/p>\n<p>Wobei ein Teil der Gebiete zumindest letztes Jahr auch bei der Masella-Saisonkarte um je 5 \u20ac dabei waren. D.h. wenn ich die Masella-Karte kauf und deren Angebote gleich bleiben, w\u00fcrde ich durch die Gavarnie-Karte entweder nur 5 \u20ac sparen, oder ich k\u00f6nnte das eine oder andere Gebiet eben 1x gratis und 1x um 5 \u20ac besuchen. <\/p>\n<p>Leider soll das Skigebiet, das bei der Gavarnie-Saisonkarte kompeltt integriert ist, Hautacam, ja ab heuer gro\u00dfteils nicht mehr offen sein &#8211; entweder komplett zu oder nur noch irgendwelche \u00dcbungslifte oder so.<\/p>\n<p>Nachteilig an Frankreich halt, dass ich nie wei\u00df, ob ich KSSL \u00fcberhaupt noch fahren darf. Da gabs ja 2023 schon sehr viel \u00c4rger.<\/p>\n<p>Und nat\u00fcrlich generell sind die Skigebiete in FR &#038; ES seltenst schlechtwettertauglich, viele Sessellifte, wenig Skilifte (und wenn dann Teller = auch unsch\u00f6n wenn nass), kaum Gondelbahnen (au\u00dfer Zubringer) ..<\/p>\n<p><strong>Do, 25.9.2025<\/strong><\/p>\n<p>Heute mit der Durchsicht der Skigebiete in den franz\u00f6sischen Skigebieten fertig geworden &#8211; naja, noch fehlen die Tageskartenpreise, aber von dem her abgesehen, schauen fast alle halbwegs bis sehr ansprechend aus. Also wenn die mir nicht in jedem Gebiet mit &#8220;Zwangskeycard kaufen!&#8221; oder Parkplatzgeb\u00fchren daher kommen, w\u00fcrd ich fast alle besuchen wollen.<\/p>\n<p>Und die Keycard-Problematik war ja mit der KSSL-Problematik das Hauptprobleme bei meinem letzten Frankreich-Aufenthalt. Bei den Gratis- und 5\u20ac-Gebieten werd ich mir dann wohl ggf. eine Keycard kaufen m\u00fcssen, aber bei 40+ \u20ac Skipasspreise werde ich nicht bereit sein, f\u00fcr einen oder zwei Tage eine zu kaufen.<\/p>\n<p>Weil alphabetisch, in Spanien gleich am gr\u00f6\u00dften, Baqueira, h\u00e4ngen geblieben, das ich wg. der teuren Skipasspreise und der Nichtzugeh\u00f6rigkeit zu irgendwelchen anderen Saisonkarten eh nicht am Schirm und noch nicht n\u00e4her angesehen hatte &#8230; naja, kann man sich im Zweifelsfall wohl sparen, abgesehen von der Gr\u00f6\u00dfe ist das Gebiet anscheinend \u00fcberwiegend recht flach und wirkt f\u00fcr mich auf den Fotos definitiv viel uninteressanter als Formigal oder Grand-Tourmalet.<\/p>\n<p><strong>Fr, 26.9.2025<\/strong><\/p>\n<p>F\u00fcr die franz\u00f6sischen Skigebiete hab ich ja auf www.remontees-mecaniques.net viel Bilder gefunden, f\u00fcr Spanien fehlen dort aber viele.<\/p>\n<p>Vorteilhaft  ist, dass FR recht fr\u00fch angefangen hat, 6KSBen zu bauen, noch bevor nun \u00fcberall vermehrt diese schei\u00df Nervdinger mit Zwangsverriegelung und Sitzabtrennern usw. in Mode kamen.<\/p>\n<p>Aber immer wieder bedauerlich, wie wenig Bubble-KSB es in FR &#038; ES gibt. Entweder gar keine oder fast. Positiv dagegen, dass selbst die neueren KSBen teilweise ohne Zwangsverriegelung gebaut wurden.<\/p>\n<p>Tja, die Tageskartenpreise .. w\u00e4ren in den franz\u00f6sischen n&#8217;py-Gebieten schon etwas g\u00fcnstiger als in den spanischen Pirineos-Gebieten, zumal man in FR ja evtl. noch diese Rabattkarten-Option hat (falls man die mit ausl\u00e4ndischem Konto bekommen w\u00fcrde). Trotz der Werktages-Option bei den Pirineos-Saisonkarten, gibts bei den Tageskarten, soweit ich das bisher an den alten Preisen feststellen konnte, keine derartige Verg\u00fcnstigung. Eine ordentliche Mehrtageskarten-Staffel gibts auch nicht. <\/p>\n<p>Und w\u00e4hrend die Franzosen bereits h\u00e4ufig Winterpreise online haben, sind die Spanier noch im Sommermodus.<\/p>\n<p>\u00dcber 50 und tw. \u00fcber 60 \u20ac Tageskartenpreise haben die Pirienos-Gebiete Astun, Candanchu, Cerler und Formigal, das n&#8217;py Gebiet Grand Tourmalet und in Andorra Granvalira und Pal-Arinsal, sowie Baqueira, Sierra Nevada und Sait Lary. Die anderen sind zumindest mal unter 50 \u20ac und abseits der Pirineos\/n&#8217;py-Gebiete h\u00e4ufig auch unter 40 \u20ac. <\/p>\n<p>Leider sind die Pirineos-Gebiete zumindest bisher auch nirgends anders dabei f\u00fcr 1-2 Tage gratis oder verg\u00fcnstigt, d.h. wenn ich mir die Pirineos-Saisonkarte nicht kaufe, wird es recht unwahrscheinlich sein, dass ich Astun, Candanchu, Cerler und Formigal besuchen w\u00fcrde &#8211; au\u00dfer es gibt zur BlackWeek oder im Fr\u00fchjahr noch irgendeine Spezialaktion.<\/p>\n<p>Noch nicht online sind die Masella-Tarife und deren Saisonkarte, sowie die Liste der rabattierten Partnerskigebiete. Wobei ein Teil ja auch bei der Gavarnie-Karte dabei w\u00e4re. Wichtig bei Masella w\u00e4r, dass sie wieder bis Ende April offen bleiben w\u00fcrden &#8211; denn wenn nur bis Mitte April, wie manch andere, w\u00fcrde sich die Saisonkarte trotz der anderweitigen Verg\u00fcnstigungen wohl eher nicht lohnen. Dann w\u00fcrd ich evtl. die Pirineos-Karte kaufen, aber die ist nur bis 8.10. verg\u00fcnstigt, also sollte ich das bis dahin wissen &#8230;<\/p>\n<p>Ich w\u00e4r dann mal auf 90 Tage &#8220;minimum&#8221; gekommen, die 3 Saisonkarten halbwegs reinzufahren plus die meisten restlichen Gebiete 1 Tag &#8211; d.h. da h\u00e4tte ich noch etliche Tage \u00fcbrig und k\u00f6nnte hier und da auch noch einen 2. Tag bleiben. Wird also vielleicht doch nicht so stressig wie bef\u00fcrchtet. 52 Skigebiete besuchen und 9 entweder zu teure oder zu uninteressante auslassen.<\/p>\n<p><strong>Sa, 27.9.2025<\/strong><\/p>\n<p>Als ich mit den Planungen f\u00fcr die Pyren\u00e4en angefangen hab vor einigen Wochen, war ich noch der Meinung, mein Schwerpunkt w\u00fcrde in Spanien liegen. Mittlerweile gehe ich von mehr Skitagen in Frankreich aus. Die Anzahl ist ja relativ gleich, ca. 30 pro Land.<\/p>\n<p>Es g\u00e4be auch viel mehr Saisonkartenverb\u00fcnde in FR.<\/p>\n<p>Falls ich eine 4. Saisonkarte kaufen wollen sollte, m\u00fcsste ich Pirieneos dazu nehmen, allein f\u00fcr die teuren Skip\u00e4sse in Formigal, Candanchu, Astun, Cerler, wobei ich ja auf Candanchu und Cerler nicht so scharf bin. <\/p>\n<p>Interessanter scheint mir Guzet und Ax zu sein, das aber auch auf keiner meiner geplanten Saisonkarten inkludiert w\u00e4re und mit Mont d&#8217;Olmes und Ascou einen Verbund hat, dessen Saisonkarte mit 532 f\u00fcr die 4 eher g\u00fcnstigeren Gebiete (ca. 28\/34\/38\/47 \u20ac Tageskarten) schwieriger einzufahren w\u00e4re, weil 1. kurze Sasion und 2. schwierigere Gegend, was Schneemenge angeht (letzte Sasion war evtl. ein Teil von Guzet die ganze Sasion nicht offen?). Ein Nachteil von Ax ist auch, dass es aufgrund seiner N\u00e4he zu und leichten Erreichbarkeit von Toulouse insb. an den WE und in den Ferien sehr voll sein soll.<\/p>\n<p>Guzet und Ax g\u00e4be es zudem bei der No-Souci-Rabattkarte verg\u00fcnstigt.<\/p>\n<p>Die Tageskarten-Preise mit  der No-Souci-Rabattkarte sind unter der Woche und insb. im Januar so verg\u00fcnstigt, dass man sich fast \u00fcberlegen muss, ob ich die n&#8217;py-Saisonkarte wirklich reinfahren w\u00fcrde im Vergleich. -15% an den WE und Ferien, -30% anderntags, hin und wieder -40%, sowie 1x -100% am letzen Saisontag &#8211; gilt wohl nur noch 1x pro Saison; der 7. Tag kostet die H\u00e4lfte und jeder 10., 15. und 20., 25.,30., &#8230; Skitag ist gratis (in einem bestimmten Skigebiet oder alle zusammen gez\u00e4hlt? Hoffe alle zusammen) .. <\/p>\n<p>(Die Rabatt-Key-Card selbst kostet 46,- \u20ac und die Tagesp\u00e4sse werden dann einfach vom hinterlegten Konto abgebucht.)<\/p>\n<p>-> ich hab mal per Email nachgefragt, ob man die Karte mit einem \u00f6sterreichischen Bankkonto oder Visa-Karte verwenden kann. Da ja ein Zusenden der Karte nach AT sich nicht mehr ausgehen w\u00fcrde und ich die Karte also erst im November in einem Skigebiet abholen oder dort direkt kaufen w\u00fcrde, w\u00fcrde ich ja, wenn das nicht gehen w\u00fcrde, die Vorsaisonstarife der Saisonkarten alternativerweise verpassen&#8230;<\/p>\n<p>Die Karte gilt in ca. 14 Gebieten, darunter alle Gebiete von n&#8217;py, weil die die Karte ins Leben gerufen haben, plus eben z.B. und insbesondere Guzet und Ax; sowie 3 andere Gebiete, die ich aber vmtl. durch die Gavarnie und Masella Karten mit mehreren Gratis- oder Fast-Gratis-Tagen ausreichend abgedeckt h\u00e4tte.<\/p>\n<p>Vorteil der Saisonkarte im Gegensatz w\u00e4re, dass man an 1 Tag mehrere Gebiete besuchen k\u00f6nnte. Falls einem der Schnee irgendwo nicht passt.<\/p>\n<p>Vorteil an der Rabattkarte w\u00e4re, dass ich nicht an die n&#8217;py-Gebiete gebunden w\u00e4re, wenn sie mir nicht gefallen sollten &#8211; da m\u00fcsste ich die Sasionkarte ja erst einmal reinfahren, k\u00f6nnte also ggf. \u00f6fters in Ax+Guzet oder anderen Gebieten fahren, falls es mir da besser gefallen w\u00fcrde als in den n&#8217;py-Saisonkartengebieten oder da mehr Schnee liegen sollte oder das Wetter dort besser w\u00e4re. <\/p>\n<p>Normalerweise d\u00fcrfte Ax und Guzet aber eher Probleme mit zuwenig Schnee haben. Von den Pistenpl\u00e4nen und dem Satbild her wecken Ax, Guzet und Artouste (2 Tage inkl. bei der Gavarnie-Karte) bei mir so ziemlich das gr\u00f6\u00dfte Interesse.<\/p>\n<p>D.h. bei der Rabattkarte w\u00fcrde ich mir dann wohl doch die Pirineos-Werktage-Saisonkarte dazu kaufen, auch wenn ich die dann nat\u00fcrlich irgendwie reinfahren muss, d.h. doch mehr Skitage in Spanien.<\/p>\n<p>Nachteilig an dieser Werktage-Karte ist allerdings, dass man vom Hauptbereich aus (Astun\/Candanchu\/Formigal) nicht so einfach Skigebiete in Frankreich oder andere in Spanien f\u00fcr&#8217;s WE erreichen kann. Astun\/Candanchu liegen zwar an einer Stra\u00dfe nach Frankreich, aber das einzige n\u00e4here w\u00e4re dann La Pierre St. Martin, das westlichste in den Pyren\u00e4en, bzw. Artouste, das aber insb. in der Vorsaison ja auch noch nicht offen hat.<\/p>\n<p>Nachteilig ist nat\u00fcrlich auch der Ausschluss \u00fcber die 2,5 Wochen vom 20.12.-7.1., wo ich dann quasi gezwungen w\u00e4re, mir jeden Tag irgendwo Skip\u00e4sse zu kaufen mangels Saisonkartenbesitz, wenn ich nur Pirineos+Gavarnie+no&#8217;souci h\u00e4tte, wo dann in den NoSouci-Gebieten ja auch nicht so viel Rabatt w\u00e4re. <\/p>\n<p>Auch die Masella-Karte w\u00fcrde ich ja voraussichtlich nur in der Werktage-Version  kaufen, was dann auch auf deren Rabattgebiete gilt. Einzig die Gavarnie &#8211; Karte w\u00fcrde t\u00e4glich gelten, sowohl in Gavarnie selbst, wie auch in den anderen Gratisgebieten. Aber ob ich die alle schon in den \u00fcberf\u00fcllten Weihnachtsferien abfahren will, wo sehr wahrscheinlich noch vieles schneemangelbdingt geschlossen ist?<\/p>\n<p>Irgendwann m\u00fcsste ich auch 2-3 Wochen rumfahren in die anderen Gebirge in Spanien, die zentralen, die Nordwestlichen .. aber da muss ich eher spontaner sein, je nach Schnee kann das ja recht unlohnenswert sein, da wird im Feb\/M\u00e4rz wohl die beste Chance auf genug Schnee sein.<\/p>\n<p>Ja, also mal durchgerechnet, mit den bisher geplanten 20-22 Skitagen w\u00fcrd ich die N&#8217;py &#8211; Saisonkarte noch nicht ganz reinfahren im Vgl. zu den Rabatten der NoSouci-Karte. Allerdings w\u00e4ren ja auch noch einige Skitage offen, wenn ich bisher nur ca. 90 geplant h\u00e4tte; 130-150 sollten ja doch m\u00f6glich sein., wobe ich beim Kauf der Pirineos dann noch mind. 10 Tage in diesen Gebieten extra br\u00e4uchte, um diese halbwegs einzufahren. <\/p>\n<p>Ich will ja auch nicht zig mal vom \u00f6stlichsten zum westlichsten Skigebiet fahren, nur um hier oder da die g\u00fcnstigsten Rabatttage oder die beste Wetterlage auszun\u00fctzen. Wobei hier die maximale Strecke ca. 450-500km ist.<\/p>\n<p>Bis zum westlichsten Skigebiet in Spanien w\u00e4ren es stattdessen \u00fcber 1.000km und von dort zur Sierra Nevada ca. 900, falls ich das besuchen m\u00f6chte, wobei ich in dem Fall ja von den zentralen Gebirgsz\u00fcgen aus rechnen m\u00fcsste, die ich besuchen m\u00f6chte, au\u00dfer ich w\u00fcrde die Sierra Nevada erst zum Saisonschluss fahren, weil die ja bis Ende April offen haben.<\/p>\n<p>Der Graffer-Korblift in Portugal befindet sich allerdings in Lissabon (im Zoo), was auch sehr weit s\u00fcdlich w\u00e4re und nicht jetzt im Herbst anzufahren ist, sondern ein Skitag geofpert werden m\u00fcsste vor oder nach dem Skitag in Portugal und noch am ehesten von dort auf dem Weg in die Sierra Nevada zu machen w\u00e4re &#8230;.<\/p>\n<p>Ok, ich denke, ich muss mit den Winterplanungen abschlie\u00dfen und warten, dass hoffentlich n\u00e4chste Woche Masella mit den Saisondaten und den Saisonkartenpreisen und Partnergebieten kommt.<\/p>\n<p>Wenn in den Pyren\u00e4en Mitte April alles schlie\u00dfen sollte, m\u00fcsste ich eh noch in den franz\u00f6sischen Alpen vorbei, vom \u00f6stlichen Masella nach UK w\u00e4re der Umweg \u00fcber die Alpen ja auch noch halbwegs vertretbar, auch wenn ich auf dem Weg lieber im Massif Central f\u00fcr einen Seilbahnausflug zwischenstoppen w\u00fcrde. Und falls in den Allpen was  preislich brauchbar w\u00e4re&#8230;. eh alles zu teuer mit Ausnahme Bonneval (bis 24.4. offen) und vielleicht La Clusaz (bis 26.4.) &#8211; die hatten am Ende ja auch oft nochmals g\u00fcnstigere Tarife.<\/p>\n<p>Die frz. Alpengebiete machen auch etwas im Hinblick auf Saisonkarten. Clusaz bietet ebenfalls eine Werktags-Saisonkarte an und inkludiert 5 kostenlose Skitage in einer Auswahl aus knapp 40 anderen Skigebieten.<\/p>\n<p><a href='http:\/\/extra.inmontanis.info\/d\/133280-2\/dsc06368.jpg'><img src=http:\/\/extra.inmontanis.info\/d\/133279-3\/dsc06368.jpg \/><\/a><br \/>\n^ Mag jemand mein elektrisches Einrad? Nicht mehr in Verwendung, da ich ja nicht mehr ins B\u00fcro muss &#8230;<\/p>\n<p><a href='http:\/\/extra.inmontanis.info\/d\/133283-2\/dsc06372.jpg'><img src=http:\/\/extra.inmontanis.info\/d\/133283-2\/dsc06372.jpg \/><\/a><br \/>\n^ .. seit Jahren nicht genutzt und nicht geladen, hat die Batterie noch 98%.<\/p>\n<p><strong>Mo, 29.9.2025<\/strong><\/p>\n<p>Antwort von NoSouci kam, dass man eine ausl\u00f6ndische Visa-Karte hinterlegen kann.<\/p>\n<p><strong>Di, 30.9.2025<\/strong><\/p>\n<p>Mein &#8220;neues&#8221; Handy  l\u00e4uft mittlerweile auch etwas stabiler und l\u00e4uft auch mal  5 Tage ohne Absturz &#8230;<\/p>\n<p>.. aber was das Akku-Anschwellen angeht .. ganz b\u00f6se, wenn man einen Smart Ring hat und der Akku dann anschwillt (oder gar explodiert oder brennt ;) ) und man den Ring nicht mehr vom Finger bekommt&#8230; wie in diesen Tagen einer von einem Samsung-Ring berichtet ..<\/p>\n<p><strong>Mi, 1.10.2025<\/strong><\/p>\n<p>.. aber viel mehr als 6 Tage l\u00e4uft das Handy dann doch nicht. Anstatt einfach neu zu starten, schien es sich heute Vormittag einfach komplett auszuschalten und musste mittels langem Einschalttastendruck hochgefahren werden. Gibt doch immer wieder ein neues Verhalten. Ein Wecker h\u00e4tte dann nat\u00fcrlich nicht geklingelt &#8230;<\/p>\n<p>Die Preise der Masella-Saisonkarte sind mittlerweile im Netz zu finden, aber noch nicht die genauen Zusatz-Benefits. Fraglich, ob das noch vor Mitte Oktober der Fall sein wird.<\/p>\n<p>Im Scandinavian Skipass scheint heuer nun endlich Kittelfj\u00e4ll dabei zu sein mit 5 Tagen. Da werd ich Winter 2026\/27 also dann auch wieder vorbei schauen m\u00fcssen&#8230;<\/p>\n<p>In Kl\u00e4ppen will man schon \u00fcbermorgen auf konservierten Schnee die Skisasion mit einem kleinen Funpark \u00f6ffnen:<br \/>\n<a href='https:\/\/www.freeride.se\/forsta-svenska-skidorten-oppnar-till-helgen\/'>https:\/\/www.freeride.se\/forsta-svenska-skidorten-oppnar-till-helgen\/<\/a><\/p>\n<p>Levi und Ruka in Nordfinnland werden &#8220;nat\u00fcrlich&#8221; ebenfalls  am 3.10.  \u00f6ffnen<\/p>\n<p>In T\u00e4nndalen gehts zur Herbstferienwoche am 25.10. los:<br \/>\n<a href='https:\/\/www.tanndalen.com\/boende\/erbjudanden\/hoestlov-och-skidpremiaer'>https:\/\/www.tanndalen.com\/boende\/erbjudanden\/hoestlov-och-skidpremiaer<\/a><\/p>\n<p>Das kleine zentral-finnische Skigebiet mit den Rabatten in anderen Gebieten hat nun auch die Rabattgebiete online gestellt, Saisonkartenpreis ist jetzt 219 \u20ac. 1 kleines Gebiet kam neu dazu, 2 Skigebiete werden nicht mehr aufgef\u00fchrt, daunter das mir  wichtige &#8220;Salla&#8221;. Da w\u00e4r ich schon entt\u00e4uscht gewesen, wenn ich mir die Karte gekauft hab. Somit sehr fraglich, ob ich die n\u00e4chstes Jahr gleich im Fr\u00fchjahr bei den dann g\u00fcnstigsten Konditionen bestellen soll oder nicht, weil dann noch fraglicher, ob sich das lohnen w\u00fcrde &#8230;<\/p>\n<p>.. und in den spanischen Gebieten fehlen noch so viele Saisonkarten- und Tageskartenpreise. Macht mich ja ganz rastlos, dass ich da nicht weiter planen kann!<\/p>\n<p>Au\u00dfer der No-Souci-Rabattkarte gibts in Frankreich ja noch etliche andere Rabattkarten.<\/p>\n<p>PasseMontagne gibt ca. 150 Skigebiete in Frankreich an mit Verg\u00fcnstigungen bis zu -50% (in den No-Souci-Gebieten in den Pyren\u00e4en sind es oft aber wohl weniger als die NoSouci-Karte bietet). <\/p>\n<p>K\u00f6nnte evtl. dann noch interessant sein, falls ich Mitte\/Ende April  noch in den Alpen fahren m\u00f6chte; 2 Gebiete in den Pyren\u00e4en w\u00e4ren zudem nicht bei den von mir geplanten Karten dabei.<\/p>\n<p>F\u00fcr die gr\u00f6\u00dferen Gebiete in den Alpen (La Plagne, Tignes\/VdI etc.) gibts noch &#8220;Ski a la carte&#8221;, im Gegensatz zum Passe Montagne haben die aber noch keine Skipasspreise online.<\/p>\n<p>Passe Montagne schreibt auf deren Website, dass sie jede kompatible Keycard akzeptieren und man nicht unbedingt deren eigene kaufen muss; deren eigene hat aber den Vorteil, dass sie f\u00fcr Skidata und Axess gleichsam gilt (nicht f\u00fcr Alfi, da sind sie also hinterher, denn die Lombardei-Karte ging, soweit ich mich erinnern kann, in allen 3 Systemen), aber auf deren Karte einen Skidata- und einen Axess-WTP-Code haben. Die normalen Multi-Karten von Skidata, die auch bei Axess funktionieren, haben ja keinen WTP-Code f\u00fcr Axess draufgedruckt.<\/p>\n<p>Da man zudem ja auch ein j\u00e4hrliches Abonnement f\u00fcr die Rabatte abschlie\u00dfen muss, w\u00e4re die kombinierte Passe-Montagne-Karte also sinnvoll. Die kostet 3  \u20ac, muss man sich aber dann irgendwo hin schicken lassen. Au\u00dfer man nutzt sie eh nicht in Axess-Gebiete. Und anscheinend gelten die 150 Skigebiete nur f\u00fcr bestimmte Personen mit einem Pro-Code, f\u00fcr Normalos gilt das nur in 100 Skigebieten .. und nat\u00fcrlich fehlen bei den 100 genau die f\u00fcr mich evtl. lohnenswerteren Skigebiete, die bis Ende April offen haben&#8230; es ist schon alles immer sehr kompliziert &#8230;<\/p>\n<p><strong>Do, 2.10.2025<\/strong><\/p>\n<p>Auch cool: Hab heut eine M\u00f6glichkeit gefunden, wie ich mein Handy pogrammgesteuert neu starten k\u00f6nnte. Falls das auch auch aus dem Schlaf-Zustand funktioniert, k\u00f6nnte ich somit nun einen 1- oder 2- oder 3-t\u00e4glichen automatischen Neustart aktivieren.<\/p>\n<p>Das ist echt ne schwierige Entscheidung. Schade, dass es keine Saisonkarte f\u00fcr alle 14 No-souci-Gebiete gibt. Ax\/Guzet einerseits (Ariegeois) und Tourmalet\/Peyragudes\/Luz anderrerseits (n&#8217;py) machen die Wahl hier nicht einfach &#8211; nur die NoSouci-Rabattkarte und jeden Tag extra zahlen, eine der beiden H\u00e4lften als Saisonkarte oder gar beide als Saisonkarte?<\/p>\n<p>Skipass Ariegeois Ax\/Guzet&#038;Co kann man lt. Bestellprozess angeblich auf alle &#8220;01-1614&#8217;er&#8221; Karten laden, Foto muss man uploaden, wird aber wohl nicht draufgedruckt, eine testweise eingegebene Keycard-Nummer hat funktioniert und ich k\u00f6nnte bezahlen und br\u00e4uchte keine Karte zuschicken oder abholen.<\/p>\n<p>Bei Gavarnie muss man anscheinend eh die Gutscheine f\u00fcr die anderen Gebiete abholen, d.h. da muss ich dann eh vorbei. Lt. Website (Bestellprozess noch nicht online) soll man die dann eh abholen k\u00f6nnen.<\/p>\n<p>Im Bestellprozess von n&#8217;py wird man gleich darauf hingewiesen, dass man keine passende Karte hat, auch nicht, wenn man im Konto eine Axess-karte mit Code hinterlegen kann. Und man kann nur &#8220;Lieferung nach Hause&#8221; ausw\u00e4hlen, damit f\u00e4llt diese Saisonkarte wohl aus. Vmtl. wollen die das Foto draufdrucken.<\/p>\n<p>K\u00f6nnte maximal noch per EMail nachfragen. <\/p>\n<p>Pirineos kann man nur mit spanischer Sprache bestellen (nicht mal franz\u00f6sisch; englisch steht gar nicht erst zur Wahl). Dieser Bestellprozess ist ganz anders, da muss man erst einmal eine Ausweisnummer angeben, aber keine Adresse &#8230;<\/p>\n<p>Auch hier kann man nur eine Lieferung nach Hause &#8220;innerhalb Spanien&#8221; anw\u00e4hlen. Alter, was soll der Schei\u00df? Dann fahr ich halt nicht in euren verfickten Skigebiete!!  Wenigstens kann man den Haken der 84\u20ac-Zusatzversicherung abw\u00e4hlen. Auch hier m\u00fcsste ich also anfragen, ob ich das alternativ irgendwo abholen kann..<\/p>\n<p>Astun\/Candanchu hat zwar einen eigenen Bestellprozess, aber ob das dann anders ist .. zudem machen die offiziell  erst nach Formigal auf ..<\/p>\n<p>In Candanchu reicht es nicht, seine Passnummer einzutragen, da muss man eine Passkopie hochladen, bevor man im Bestellprozess weiter kommt. Also wenn da Masella auch so kompliziert ist&#8230; hat sich die Wahl der Sasionkarten aber gleich schon mall stark dezimiert.<\/p>\n<p>Aber weil da der Vorverkauf dort bis 23.11. geht, kann ich mir die vielleicht zur Not auch vor Ort kaufen &#8230;. Wobei das auch f\u00fcr n&#8217;py gelten k\u00f6nnte, deren VVK bis 15.11. geht. <\/p>\n<p>Somit mal Kontaktformulare bei Aramon (Pirineos)  und bei n&#8217;py ausgef\u00fcllt ..<br \/>\n(am Sonntag kam eine automatische Email hinsichtlich meines Warenkorbs von n&#8217;py und dass man doch auch den Skipass gratis im Skigebiet abholen k\u00f6nnte .. haha, sehr witzig. Muss sich dann wohl auf den Nicht-Saisonpass beziehen ..)<\/p>\n<p>Allein schon f\u00fcr die Verwendung meiner Keycards in Ax sollte ich mir die Ariegeois-Saisonkarte kaufen ;) Dies m\u00fcsste ich aber wegen VVK-Preis bis 16.10. entscheiden.<\/p>\n<p>Eine Sache, die ich heuer leider wieder nicht geschafft hab, mich um einen Zahnarzttermin zu k\u00fcmmern. Man muss sich ja meist um die 12 Monate vorher um einen Termin k\u00fcmmern als Neukunde und da wei\u00df ich ja seltenst, wann ich wirklich daheim bin. Au\u00dferdem kann ich das nur machen, wenn ich Zugriff auf ein Klo hab, denn wenn ich schon nur an Zahnarzt denke, rebelliert mein Darm.<\/p>\n<p>Da vor 1 Jahr ja meine urspr\u00fcngliche Planung war, bis Nov.\/Dez in K\u00e4rnten zu bleiben, w\u00e4re es also gut m\u00f6glich, dass ich da jetzt eh h\u00e4tte absagen m\u00fcssen. <\/p>\n<p>N\u00e4chstes Jahr plan ich aktuell zwar, ca. Anfang Nov. mal eine Woche daheim zu sein, aber das kann sich auch leicht verschieben, wenn ich z.B. aus irgendeinem Grund doch vor Sommer\/England heim m\u00fcsste &#8211; dann w\u00fcrd ich ja von England n\u00e4chsten Sommer gleich nach Skandinavien weiter fahren ..<\/p>\n<p>.. bleibt mir wohl nix anderes \u00fcbrig, als zu warten, bis die zu erwartenden L\u00f6cher oder andere Probleme so gro\u00df sind, dass es zu Schmerzen f\u00fchrt und ich irgendwo unterwegs dann zu einem Schmerz-\/Notdienst ohne Termin gehen kann&#8230; <\/p>\n<p><strong>Fr, 3.10.2025<\/strong><\/p>\n<p><a href='http:\/\/extra.inmontanis.info\/d\/133287-2\/img_20251003_123516.jpg'><img src=http:\/\/extra.inmontanis.info\/d\/133286-3\/img_20251003_123516.jpg \/><\/a><br \/>\n^ Hohe Munde, Telfs<\/p>\n<p>Die \u00dcbernachtungssituation in Frankreich+Spanien scheint recht entspannt zu sein, auf P4N findet man fast jeden Skigebietsparkplatz als zum \u00dcbernachten geeignet, in vielen Skigebieten gibt es eigene Wohnmobilstellpl\u00e4tze, die meist gratis sind. Dass es aber Strom und z.B. eine Entsorgungsstation gibt, ist wohl sehr selten, in Ax soll es da eine S\u00e4ule geben.<\/p>\n<p>Campingpl\u00e4tze im Tal haben auch oft im Winter ge\u00f6ffnet, sind aber eher nicht neben den seltenen Zubringerbahnen. Skibusse sind, wenn sie \u00fcberhaupt existieren, auch mal kostenpflichtig oder fahren selten.<\/p>\n<p>D.h. ich werde n\u00e4chsten (diesen) Winter wohl haupts\u00e4chlich auf Skigebietsparkpl\u00e4tzen 1-2-5 Tage stehen (sofern kein Schneefall und nicht zu kalt) und eher auf dem Weg zum n\u00e4chsten Skigebiet einen Campingplatz im Tal zum Laden anfahren. <\/p>\n<p>Stubaier Gletscher macht heut auch auf, aber bei 61,60 \u20ac Tageskartenpreis .. ist mir das zu teuer.<\/p>\n<p>S\u00f6lden hat gestern aufgemacht und w\u00e4re mit 37 \u20ac attraktiver, aber auch weniger offen. Kaunertaler ebenfalls ab heute offen, der verlangt sogar 68 \u20ac f\u00fcr das bisschen, was offen ist. Pervers. Pitztaler ist ja schon seit 27.9. offen, gleiche Preise. M\u00f6lltaler hat das Schneedepot verschoben und will am 10.10. \u00f6ffnen. Und nur noch bis 31.5. offen bleiben. Tja&#8230; <\/p>\n<p>Also preislich w\u00e4r da f\u00fcr mich nur S\u00f6lden relevant. Aber ob ich mir die Anfahrt bis  rauf zum Gletscher antun m\u00f6chte (70km ab Telfs, einfach, plus ca. 1.000hm) f\u00fcr eine halbe EUB und einer von Rennteams gro\u00dfteils belegten Piste &#8230; naja, besser als um den Preis sp\u00e4ter in einer Skihalle zu fahren, w\u00e4r&#8217;s ja schon ..<br \/>\n.. arg viel Lust hab ich aber nicht, bin momentan eher auf Pyren\u00e4en fixiert ;)<br \/>\n.. Ski liegen auch im Auto ohne montierter Bindung, m\u00fcsste ich f\u00fcr den einen Tag extra machen und wieder zerlegen. Und wer wei\u00df, wo die Bindungen sind, die liegen ja mal hier, mal da, f\u00fcr die obersten Ski vmtl. im Keller, aber da komm ich nun auch schwierig rein, da muss ich erst einmal einen Abend im Auto sein und alles etwas ordentlicher einr\u00e4umen.. n\u00e4, kompliziert. H\u00e4tte ein viertes Paar Ski bei meiner Mutter im Keller deponieren sollen ;)<br \/>\n.. Skihose hab ich auch keine da (muss ich beide noch bei meinem Vater abholen), nur die Sommerhose aktuell, dann sollte es also nicht zu kalt sein &#8230;<\/p>\n<p>Die Spanier haben bereits geantwortet, allerdings in Spanisch (w\u00e4hrend meine Anfrage in Englisch war). \u00dcbersetzt in Englisch (die deutsche \u00dcbersetzung von Google ist ja noch viel unverst\u00e4ndlicher):<br \/>\n&#8220;You could pick it up at the Formigal Station in Customer Service of Sextas from the first day the season begins. To do this, put formigal skiing station in the direction. And then send us to this email your purchase location to keep in mind that he will pick it up at the station.&#8221;<\/p>\n<p>Ok, geht dann also auch. Die m\u00fcsste ich ja bis 8.10. bestellen vom Preis her. Ariegeois bis 16.10, falls ich die zus\u00e4tzlich m\u00f6chte. n&#8217;py bis 15.11., Gavarnie bis 23.11., Masella bis 23.11.  &#8211; wobei den Vorjahresberichten nach es sein k\u00f6nnte, dass die erst Mitte \/ Ende Oktober online geht. Tja, das w\u00e4r halt schon noch ein &#8220;gut zu wissen&#8221; im Vorhinein &#8230; falls Masella n\u00e4mlich 5 \u20ac P\u00e4sse auch f\u00fcr die Pirineos-Gebiete heuer anbieten w\u00fcrde &#8211; w\u00fcrd ich auf die Pirineos-Karte verzichten. Falls Masella nur bis mitte April offen bleiben m\u00f6chte, w\u00fcrd ich auf Masella verzichten und dann wahrscheinlich die anderen 4 Karten kaufen.<\/p>\n<p>Ich geb ja lieber 700 \u20ac f\u00fcr einen zus\u00e4tzlichen Saisonpass aus als 60 \u20ac f\u00fcr eine Tageskarte zu kaufen .. dann muss ich halt oft genug fahren, um den Tageskartenpreis auf m\u00f6glichst unter 30 \u20ac zu dr\u00fccken&#8230; <\/p>\n<p>Hab jetzt noch Masella angeschrieben. Im Netz findet man verschiedene Angaben vom 12.4. bis 25.4&#8230;. wobei teils ja auch Molina dabei ist und die Saison in Molina immer k\u00fcrzer als in Masella ist. Masella und Molina bilden ja eigentlich ein zusammenh\u00e4ngendes Skigebiet Alp2500, aber geh\u00f6ren verschiedenen Inhabern und werden getrennt vermarktet und mir scheint, dass &#8220;Alp2500&#8221; eher die Ausnahme ist als &#8220;Molina oder Masella&#8221;. Daher werd ich das auch als 2 Gebiete z\u00e4hlen in meiner Statistik, wie Tignes und Val d&#8217;Isere, da ich seltenst einen Skipass hab, der in beiden Gebieten gelten w\u00fcrde.<\/p>\n<p>Bis 19.4. soll ansonsten auch noch Cautarets (N&#8217;py) offen bleiben, bis entweder 5. oder 12.4. sollen die Pirineos-Gebiete Candanchu, Astun und Formigal offen bleiben, auch hier noch viele Fragezeichen statt offizieller Angaben. Einzig Sierra Nevada will derzeit bis 26.4. offen halten, aber da will ich Mitte April auch nicht f\u00fcr 1-2 Wochen runter, sch\u00e4tz ich. Dann lieber die Alpen, liegen weniger umwegig. Wobei in der Sierra Nevada vielleicht Wetter soninger und damit Schnee  besser sein k\u00f6nnte, da wirds wohl kaum noch schneien so sp\u00e4t?! Die Webcam-Historie von heuer zeigt Ende April mal ziemlich viel Sonne, Skibetrieb war bis 28.4.<\/p>\n<p>Was in Spanien und vmtl. auch in dem Teil Frankreichs nicht un\u00fcblich ist, dass unter der Woche bestimmte Lifte geschlossen sind. Hoffentlich wird mich da nicht zu viel entt\u00e4uschen. Und zumindest in Spanien machen im Fr\u00fchjahr die Lifte fr\u00fcher zu.<\/p>\n<p><strong>Sa, 4.10.2025<\/strong><\/p>\n<p>Heute mal noch eventuell restliche Tage kalkuliert, also ich bin mal von 142 Tagen vom 6.12.-26.4. ausgegangen, und die letzte Woche entweder Masella (wenn ich die Karte hab) oder 7 Tage \u00e0 30 \u20ac in den Alpen, die Skitage verteilt und noch einige<br \/>\ng\u00fcnstige kostenpflichtige Gebiete mal auf 2 Tage gelegt (wobei die evtl. ja nicht 2 Tage befahren werden, wenn nicht n\u00f6tig oder keine Zeit oder wetterm\u00e4\u00dfig etc. &#8211; und dann halt einen Saisonkartentag mehr, also das sind schon eigentlich eher die Maximalwerte kostenseitig)<\/p>\n<p><strong>Hier die finale Zusammenfassung der f\u00fcr mich interessantesten Saisonkarten:<\/strong><\/p>\n<p>&#8211; fix gesetzt: Gavarnie-Hautacam 259,- \u20ac bis 23.11., inkludiert: Gavarnie, Hautacam (evtl. nur noch \u00dcbungslifte oder nix mehr), 3 Tag Granvaliera (Andorra), 3 Tage restl. Andorra (Pal-Arinsal\/Ordino Arcalis), 1 Tag Font-Romeu, 3 Tage in den &#8220;Trio&#8221;-Gebieten (Formigu\u00e8res, Cambre d&#8217;Aze, Port\u00e9-Puymorens), 1 Tag Saint-Lary, 2 Tage Artouste, sowie 2 Tage Masella \u00e0 5 \u20ac<\/p>\n<p>&#8211; n&#8217;py 700,- \u20ac bis 15.11., inkludiert: Peyragudes, Piau Engaly, Grand Tourmalet mit Pic du Midi, Lurz-Ardiden, Cautarets, Gourette, La Pierre St. Martin, alternativ f\u00fcr alle Gebiete: Rabattkarte no-souci<\/p>\n<p>&#8211; Ski Pirineos (tgl. 939,-)  werktags 629,- \u20ac bis 8.10., inkludiert: Astun, Candanchu, Cerler, Formigal, Panticosa und die zentralspanischen Gebiete Javalambre, Valdelinares; keine Rabatt-Alternative au\u00dfer teuren Tages- und Halbtageskarten, nur die letzten beiden Skigebiete w\u00e4ren g\u00fcnstiger<\/p>\n<p>&#8211; Ari\u00e8geois 532 \u20ac bis 16.10.: Ax 3 Domaines, Guzet, Monts d&#8217;Olmes, Ascou Pailheres, alternativ f\u00fcr die ersten 3 Gebiete: Rabattkarte no-souci<\/p>\n<p>&#8211; Masella (tgl. 700 \u20ac), werktags 400 \u20ac bis 23.11., inkludiert: Masella plus leider unbekannt weil Stand letzte Sasion 2024: 2 Tage \u00e0 5 \u20ac Gavarnie, je 1 Tag um 5 \u20ac Andorra (Arinsal oder Ordino), La Molina, Vallter, Vall de Nuria, Espot Esqui, Port Aine, Boi Ta\u00fcll, Font-Romeu, Formigueres, Cambre d&#8217;Aze, Porte-Puymorens, Saint-Lary, Port del Comte, Alto Campoo, Valdesqui und 2 Tage \u00e0 10 \u20ac Sierra Nevada<\/p>\n<p>&#8211; No&#8217;Souci Rabattkarte 46,- mit rabattierten und gratis Tageskarten in den n&#8217;py gebieten Peyragudes, Piau Engaly, Grand Tourmalet, Pic du Midi, Lurz-Ardiden, Cautarets, Gourette, La Pierre St. Martin, in den Ariegeois-Gebieten Ax 3 Domaines, Guzet, Monts d&#8217;Olmes, in den Trio-Gebieten Formigu\u00e8res, Cambre d&#8217;Aze, Port\u00e9-Puymorens<\/p>\n<p>Somit ergeben sich folgende Varianten, die erste Summe ist jeweils die Summe der Sasionkarten, die zweite Zahl entspr\u00e4che den ungef\u00e4hren Gesamtkosten f\u00fcr alle Skip\u00e4sse dieser Saison:<\/p>\n<p>a) Gavarnie + Pirineos werktags + NoSouci + Masella werktags  = 1334 \u20ac + &#8230; ca. 3.201,-<br \/>\nb) Gavarnie + Pirineos werktags + NoSouci + Ariegeois + Masella werktags = 1866 \u20ac + &#8230;. ca.  3.180,-<br \/>\nc) Gavarnie + Pirineos werktags + NoSouci + n&#8217;py + Masella werktags = 2034 \u20ac +  &#8230; ca. 3.079,-<br \/>\nd) Gavarnie + Pirineos werktags + n&#8217;py +  NoSouci = 1634 \u20ac + &#8230; ca. 3.212,-<br \/>\ne) Gavarnie + n&#8217;py + Masella werktags + NoSouci = 1405 \u20ac + &#8230; ca. 2.780,-<br \/>\nf) Gavarnie + n&#8217;py + Masella werktags + Ariegeois = 1891 \u20ac + &#8230; ca. 2.822,-<br \/>\ng) Gavarnie + n&#8217;py + Ariegeois = 1491 \u20ac + &#8230; ca. 2.967 \u20ac<br \/>\nh) Gavarnie + Pirineos werktags + n&#8217;py + Ariegeois = 2.120  \u20ac + &#8230; ca. 3.231,-<br \/>\ni) Gavarnie + Pirineos werktags + n&#8217;py + Ariegeois + Masella werktags = 2.520  \u20ac + &#8230; ca. 3.149,-<\/p>\n<p>.. f\u00fcr wie gesagt 142 Tage; bei den Varianten ohne Masella sind 7 Tage Alpen \u00e0 30,- inkludiert. Wenn Masella nicht bis 25\/26.4. offen haben sollte, m\u00fcsste ich den Betrag nat\u00fcrlich angleichen und \u00fcberall dazu z\u00e4hlen.<\/p>\n<p>a ist im Vgl. zu i sinnlos<br \/>\nb ist im Vgl. zu c eigentlich auch bescheuert<br \/>\nd lohnt im Vgl. zu h auch nicht<br \/>\ne im Vgl. zu f je nach tats\u00e4chlicher Ausn\u00fctzung mal das mal das besser<\/p>\n<p>=> Varianten a+b+d+e kann ich streichen, au\u00dfer ich k\u00f6nnte die n&#8217;py-Saisonkarte nicht kaufen wg. der Lieferungsproblematik.<\/p>\n<p>Noch nicht vergleichbar sind die Varianten mit und ohne Masella, da ja unbekannt ist, welche Skigebiete tats\u00e4chlich heuer um 5 \u20ac dabei sind und ob Masella bis 25.\/26.4. offen bleibt.<\/p>\n<p>Baqueira und Nevada hab ich bei allen Varianten ausgelassen, bei e+f+g w\u00fcrde ich die teuren Gebiete Cerler+Formigal komplett auslassen (oder h\u00e4tte im Vgl. zu den anderen Gesamtkosten auch noch Platz f\u00fcr 2 Tageskarten \u00e0 50-60 \u20ac &#8211; aber dann k\u00f6nnte ich auch gleich noch die Pirineos-Karte dazu nehmen und dort \u00f6fters und anderswo seltener fahren.)<\/p>\n<p>Demnach w\u00fcrd ich je nach Variante und Besitz bei der<br \/>\n.. n&#8217;py-Saisonkarte auf ca. 31-50 Skitage kommen (=Tagespreis 14-23,-)<br \/>\n.. Pirineos-werktags-Saisonkarte auf ca. 22-28 Tage (=Tagespreis ca. 22-29,-)<br \/>\n.. Ariegeois-Saisonkarte auf ca. 22-24 Tage (=Tagespreis ca. 22-24,-)<\/p>\n<p>Die einzelnen Varianten machen in der Endsumme also keinen gro\u00dfen Unterschied; alle Varianten mit der Pirineos-Karte sind aber \u00fcber 3.000 \u20ac und selbst bei der  Maximalvariante &#8220;i&#8221; mit allen 5 Saisonkarten kann ich die einzelnen Karten vom Tageskartenpreis her noch mit unter 30 \u20ac einfahren. <\/p>\n<p>.. und ich bin nach wie vor nicht schlauer ;) Es fehlen aber noch die Anworten von n&#8217;py zwecks Saisonkartenkauf ohne Lieferung und Masella zwecks Saisonzeit und Bonusgebiete.<\/p>\n<p>Hier ein Screenshot meiner Zusammenfassungstabelle und meiner subjektiven Bewertung; Daten aus diversen Quellen oder Google Earth, anklicken zum Vergr\u00f6\u00dfern, Masella Stand letzte Saison 2024, alle Angaben ohne Gew\u00e4hr:<\/p>\n<p><a href=\"http:\/\/blog.inmontanis.info\/wp-content\/uploads\/2025\/10\/Spanien-Pyrenaen-Saisonkarten2025-26-Stand20251007.jpg\"><img decoding=\"async\" src=\"http:\/\/blog.inmontanis.info\/wp-content\/uploads\/2025\/10\/Spanien-Pyrenaen-Saisonkarten2025-26-Stand20251007.jpg\" alt=\"\" width=\"100%\" \/><\/a><\/p>\n<p>Die Navi-POIs aus GE-Maps dazu, einige Skigebiete haben mehrere Marker (z.B. verschiedene Talzubringer, obere Parkpl\u00e4tze):<\/p>\n<p><a href='http:\/\/extra.inmontanis.info\/d\/133291-2\/ge-pyresp-3.jpg'><img src=http:\/\/extra.inmontanis.info\/d\/133290-3\/ge-pyresp-3.jpg \/><\/a><br \/>\n^ Skigebiete Spanien und Pyren\u00e4en<\/p>\n<p>Farben:<br \/>\nLila: n&#8217;py<br \/>\nRot: Ariegeois<br \/>\nGelb-Gr\u00fcn: Ski Pirineos<br \/>\ndunkleres Blau: Gavarnie samt deren gratis Gebiete<br \/>\ndunkleres Gr\u00fcn: Masella und die lt. Stand 2024 5\/10\u20ac-Gebiete, so ich sie bei den anderen Gebieten nicht schon eingef\u00e4rbt hab<br \/>\nabgedunkelt: LSAP-Gebiete<br \/>\nhelleres Blau: restliche Gebiete<\/p>\n<p>Ausdehnung Luftlinie Skigebiete in den Pyren\u00e4en West-Ost: ca. 260km<br \/>\nAusdehnung Luftlinie Skigebiete Spanien im Norden West-Ost: ca. 790km<\/p>\n<p><a href='http:\/\/extra.inmontanis.info\/d\/133295-2\/ge-pyresp-4.jpg'><img src=http:\/\/extra.inmontanis.info\/d\/133294-3\/ge-pyresp-4.jpg \/><\/a><br \/>\n^ Skigebiete Spanien, zentral und Nord und links unten Portugal<\/p>\n<p><a href='http:\/\/extra.inmontanis.info\/d\/133299-2\/ge-pyresp-6.jpg'><img src=http:\/\/extra.inmontanis.info\/d\/133298-3\/ge-pyresp-6.jpg \/><\/a><br \/>\n^ Skigebiete Pyren\u00e4en: Spanien, Frankreich und Andorra<br \/>\nFarben:<br \/>\nLila: n&#8217;py<br \/>\nRot: Ariegeois<br \/>\nGelb-Gr\u00fcn: Ski Pirineos<br \/>\ndunkleres Blau: Gavarnie samt deren gratis Gebiete<br \/>\ndunkleres Gr\u00fcn: Masella und die lt. Stand 2024 5\/10\u20ac-Gebiete, so ich sie bei den anderen Gebieten nicht schon eingef\u00e4rbt hab<br \/>\nabgedunkelt: LSAP-Gebiete<br \/>\nhelleres Blau: restliche Gebiete<\/p>\n<p>Paar Link-Tipps zu meinen Quellen, z.B.:<\/p>\n<p>Skigebietskarten, Fotos, &#8230;:<br \/>\n<a href='https:\/\/www.nevasport.com\/estaciones\/'>https:\/\/www.nevasport.com\/estaciones\/<\/a><\/p>\n<p>Pisten-km, Fotos, &#8230;:<br \/>\n<a href='https:\/\/www.skiresort.de\/skigebiete\/spanien\/'>https:\/\/www.skiresort.de\/skigebiete\/spanien\/<\/a><br \/>\n<a href='https:\/\/www.skiresort.de\/skigebiete\/franzoesische-pyrenaeen\/'>https:\/\/www.skiresort.de\/skigebiete\/franzoesische-pyrenaeen\/<\/a><br \/>\n<a href='https:\/\/www.skiresort.de\/skigebiete\/andorra\/'>https:\/\/www.skiresort.de\/skigebiete\/andorra\/<\/a><\/p>\n<p>Fotos, &#8230;:<br \/>\n<a href='https:\/\/www.remontees-mecaniques.net\/bdd\/liste-3-1.html'>https:\/\/www.remontees-mecaniques.net\/bdd\/liste-3-1.html<\/a><br \/>\n<a href='https:\/\/www.remontees-mecaniques.net\/bdd\/liste-3-5.html'>https:\/\/www.remontees-mecaniques.net\/bdd\/liste-3-5.html<\/a><\/p>\n<p><strong>So, 5.10.2025<\/strong><\/p>\n<p>Wollte heute mein (K)Ubuntu von 22 auf 24 updaten &#8211; aber zu viele Fehler, vmtl. zu viele fremde Pakete installiert. Sinnlos, da m\u00fcsste ich zu viel deinstallieren und dann wohl neu installieren. Das letzte Update ging da glaub ich einfacher. Ist ja auch bescheuert. Man denke sich, Windows lie\u00dfe sich nur updaten, wenn man nur Programme aus dem Microsoft Store runtergeladen h\u00e4tte&#8230;. <\/p>\n<p>Tja, dann halt nicht. Dann hab ich mein Linux halt nicht parallel auf  dem Stromspar-PC.<\/p>\n<p>Weitere Tests ergaben, dass ich mit &#8220;nomodeset&#8221; zwar mein 22er Ubuntu am neuen PC hochfahren und in einen grafischen Desktop anmelden kann, aber er innerhalb von wenigen Sekunden bis Minuten entweder einfach komplett einfriert oder direkt neu startet.  Zudem funktioniert das WLAN nicht. Allerdings passierte das mit dem Absturz \/ Freeze dann auch am zuvor installierten 24er mehrmals. Und selbst am Win11 mal. Billig-PC halt? Jeweils nicht ganz unschuldig schien auch das Pentablet zu sein &#8211; das alte Display daheim brachte win11 manchmal direkt nach dem Booten zum Absturz, wenn man das erste Mal klickt, das neue unter Linux brachte vor dem Installieren neuer Treiber jedes Fenster bei jedem Klick zum Absturz.<\/p>\n<p>So verging der Tag jedenfalls wieder einmal sinn- und ergebnislos und es bewahrheitet sich wieder einmal der alte EDV-Spruch: Never touch a running system.<\/p>\n<p><strong>Mo, 6.10.2025<\/strong><\/p>\n<p>Als ob ich mich mit dem Handy und Linux in letzter Zeit nicht genug \u00e4rgernd rumgeschlagen h\u00e4tte, wollte ich auch noch ein letztes Mal die Gelegenheit nutzen, diesen vermaledeiten (damit nicht alles &#8220;verfickt&#8221; ist) AndroidTV-Stick so zu erweitern, dass ich Filme vom Handy oder PC aus drauf speichern \/ syncen kann und ihn endlich \u00fcberhaupt einmal verwenden kann.<\/p>\n<p>Ich hasse diese unlogisch zu bedienende AndroidTV-Oberfl\u00e4che!!<\/p>\n<p>.. web browser installiert, f-droid-app-store-app installiert ->  freeze -> neustart -> app war irgendwie nicht installiert -> webbrowser, syncthing-fork von der f-droid-seite direkt runterladen (weil die normalen Android-Play-Apps ja auf AndroidTV nicht verf\u00fcgbar sind, schei\u00df Google), apk installiert, App gestartet und eingestellt..<br \/>\n.. komischerweise konnte ich das Verzeichnis nicht zum Teilen mit dem Handy bewegen, der Schieber lie\u00df sich nicht auf &#8220;an&#8221; stellen. Also Weboberfl\u00e4che gestartet (link in der App nicht verf\u00fcgbar, vmtl. weil Google im AndroidTV keinen Webbrowser vorinstalliert (!!!), also im heute runtergeladenen Browser den Link mit der umst\u00e4ndlichen Bildschirmtastatur eingegeben m\u00fcssen, kommt ein Anmeldebildschirm (gabs in der alten Version nicht), also Benutzer\/PW setzen und dann eingeben m\u00fcssen ..<br \/>\n.. dort konnte ich den Ordner dann aktivieren und das Syncen hatte funktioniert. Wow. <\/p>\n<p>Nachteil ist nur, dass ich nur 5 GB Platz hab. F\u00fcr DVDs etwas wenig, f\u00fcr meine gespeicherten Filmdateien aber schon Platz f\u00fcr ein paar Folgen.<\/p>\n<p>Verzeichnis am PC erg\u00e4nzt und Sync getestet PC -> Handy -> TVstick, dabei den TVstick nochmals neu gestartet, um zu sehen, ob das Sync-Programm automatisch gestartet wird und die Daten \u00fcbertr\u00e4gt (dann k\u00f6nnte man den Stick zum Daten\u00fcbertragen ohne angeschlossenen Projektor mal einschalten lassen) &#8211; ja, mit etwas Verz\u00f6gerung hat sich das Syncen gestartet<\/p>\n<p>Der Film kam an und konnte via VLC abgespielt werden.<\/p>\n<p>Ebenfalls m\u00fcsste ich noch schauen, dass ich die Internetverbindung vom Stick \u00fcber den Hotspot deaktiveren k\u00f6nnte, denn das passt mir nicht, dass da irgendwelche Updates installiert oder Apps ihre Filmvorschlagsnews runterladen. <\/p>\n<p>Ansonsten m\u00fcsste ich am PC den Umweg eines eigenen Hotspots machen, der dann nur aktiviert ist, um das Syncen der Dateien zu starten, sollte das mit dem TV-stick ohne angeschlossenem HDMI-Ger\u00e4t funktionieren.<\/p>\n<p>Diesen schei\u00df Startbildschirm mit den ganzen Filmvorschl\u00e4gen w\u00fcrd ich ja schon gern wegbekommen .. Netflix-App konnt ich deaktivieren, wird am Startbildschirm aber immer noch angezeigt. Und woher diese schei\u00df Disney-Werbung prominent ganz oben kommt, ist mir auch schleierhaft..<\/p>\n<p>Ok, Startbildschirm Kan\u00e4le ausw\u00e4hlen .. da konnte man viel deaktiviere, aber nicht das oberste Feld mit der Disney-Werbung :(<\/p>\n<p>Tipp im Netz, die Updates Android-TV-Startseite-App deinstallieren (und automatische Updates im PlayStore deaktivieren, das hatte ich eh schon), in der alten Version gabs die obere Werbung noch nicht. Dadurch schaut die Startseite zugegebenerma\u00dfen unsch\u00f6ner aus, aber die Werbung oben ist weg. Alternativ k\u00f6nnte man wohl auch noch einen alternativen Launcher oder so installieren.<\/p>\n<p>Damit sollte nun wohl auch der Internetzugriff minimal gehalten sein.<\/p>\n<p>Immerhin mal etwas, das &#8220;relativ&#8221; unproblematisch ging und zu einem schnellen, positiven Abschluss gelangte. Brauch ich nur noch genug Strom, um den TV-Stick am Projektor zu betreiben. Der begn\u00fcgt sich n\u00e4mlich nicht mit jedem USB-Netzteil. Sollte aber ja wohl schon weniger als der neue Win11-PC brauchen.<\/p>\n<p><strong>Di, 7.10.2025<\/strong><\/p>\n<p>Nach wie vor keine Antwort von Masella oder n&#8217;py. Wei\u00df also weiterhin nicht, ob ich die Saisonkarte irgendwo abholen k\u00f6nnte und was bei Masella alles dabei ist. Werde den Bericht jetzt aber endlich online stellen, dann halt &#8220;unvollendet&#8221;, was die Pyren\u00e4en-Planungen anbelangt. <\/p>\n<p>Sp\u00e4testens morgen muss ich mich f\u00fcr oder gegen die Pirineos-Karte entscheiden.<\/p>\n<p>&#8211; &#8211; &#8211;<\/p>\n<p>&#8220;Dass westliche Medien selbst angesichts der Tatsache, dass die Ukraine einen Super-GAU riskiert, an ihren pro-ukrainischen Narrativen festhalten und kein Wort der Kritik an Kiew \u00e4u\u00dfern, l\u00e4sst mich ernsthaft am gesunden Menschenverstand der zust\u00e4ndigen Redakteure zweifeln.&#8221;<br \/>\n<a href='https:\/\/anti-spiegel.ru\/2025\/wie-der-spiegel-von-der-gefahr-eines-super-gau-im-akw-saporoschje-als-folge-von-ukrainischem-beschuss-ablenkt\/#respond'>https:\/\/anti-spiegel.ru\/2025\/wie-der-spiegel-von-der-gefahr-eines-super-gau-im-akw-saporoschje-als-folge-von-ukrainischem-beschuss-ablenkt\/#respond<\/a><\/p>\n<p>&#8220;Deutschlands Todessehnsucht \u2013 nicht kriegst\u00fcchtig, aber kriegss\u00fcchtig&#8221;:<br \/>\n<a href='https:\/\/www.nachdenkseiten.de\/?p=139403'>https:\/\/www.nachdenkseiten.de\/?p=139403<\/a><\/p>\n","protected":false},"excerpt":{"rendered":"<p>(Die Zusammenfassung steht ganz unten)<\/p>\n<p>Do, 18.9.2025<\/p>\n<p>Bei der heutigen Post-Lieferung (die letzte jetzt) war ich schneller unten und die Postlerin meinte, ihr war nicht klar, dass das richtig w\u00e4r, weil sah verlassen aus und das Auto stand doch &#8220;gestern&#8221; (obwohl es ja vorgestern war) auch nicht da und winken hat sie mich dann klarerweise <a href=\"http:\/\/blog.inmontanis.info\/?p=10892\">[&#8230;]<\/a><\/p>\n","protected":false},"author":1,"featured_media":10899,"comment_status":"closed","ping_status":"closed","sticky":false,"template":"","format":"standard","meta":{"footnotes":""},"categories":[950,16,13,129],"tags":[],"class_list":["post-10892","post","type-post","status-publish","format-standard","has-post-thumbnail","hentry","category-2025-09-2026-11-pyrenaen-uk-co","category-france","category-austria","category-spain","odd"],"_links":{"self":[{"href":"http:\/\/blog.inmontanis.info\/index.php?rest_route=\/wp\/v2\/posts\/10892","targetHints":{"allow":["GET"]}}],"collection":[{"href":"http:\/\/blog.inmontanis.info\/index.php?rest_route=\/wp\/v2\/posts"}],"about":[{"href":"http:\/\/blog.inmontanis.info\/index.php?rest_route=\/wp\/v2\/types\/post"}],"author":[{"embeddable":true,"href":"http:\/\/blog.inmontanis.info\/index.php?rest_route=\/wp\/v2\/users\/1"}],"replies":[{"embeddable":true,"href":"http:\/\/blog.inmontanis.info\/index.php?rest_route=%2Fwp%2Fv2%2Fcomments&post=10892"}],"version-history":[{"count":5,"href":"http:\/\/blog.inmontanis.info\/index.php?rest_route=\/wp\/v2\/posts\/10892\/revisions"}],"predecessor-version":[{"id":10898,"href":"http:\/\/blog.inmontanis.info\/index.php?rest_route=\/wp\/v2\/posts\/10892\/revisions\/10898"}],"wp:featuredmedia":[{"embeddable":true,"href":"http:\/\/blog.inmontanis.info\/index.php?rest_route=\/wp\/v2\/media\/10899"}],"wp:attachment":[{"href":"http:\/\/blog.inmontanis.info\/index.php?rest_route=%2Fwp%2Fv2%2Fmedia&parent=10892"}],"wp:term":[{"taxonomy":"category","embeddable":true,"href":"http:\/\/blog.inmontanis.info\/index.php?rest_route=%2Fwp%2Fv2%2Fcategories&post=10892"},{"taxonomy":"post_tag","embeddable":true,"href":"http:\/\/blog.inmontanis.info\/index.php?rest_route=%2Fwp%2Fv2%2Ftags&post=10892"}],"curies":[{"name":"wp","href":"https:\/\/api.w.org\/{rel}","templated":true}]}}