{"id":10882,"date":"2000-09-22T14:00:07","date_gmt":"2000-09-22T12:00:07","guid":{"rendered":"http:\/\/blog.inmontanis.info\/?p=10882"},"modified":"2025-09-22T14:01:36","modified_gmt":"2025-09-22T12:01:36","slug":"temp-2","status":"publish","type":"post","link":"http:\/\/blog.inmontanis.info\/?p=10882","title":{"rendered":"temp"},"content":{"rendered":"<p><a href='http:\/\/extra.inmontanis.info\/d\/131333-3\/DSC04996.jpg'><img src=http:\/\/extra.inmontanis.info\/d\/131332-4\/DSC04996.jpg \/><\/a><br \/>\n^ Fertig bemalte Rosette Nummer 1<\/p>\n<p><a href='http:\/\/extra.inmontanis.info\/d\/131551-3\/DSC05194.jpg'><img src=http:\/\/extra.inmontanis.info\/d\/131550-4\/DSC05194.jpg \/><\/a><br \/>\n^ Zweite Rosette fertig bemalt<\/p>\n<p><a href='http:\/\/extra.inmontanis.info\/d\/131527-3\/DSC05101.jpg'><img src=http:\/\/extra.inmontanis.info\/d\/131526-4\/DSC05101.jpg \/><\/a><br \/>\n^ Fertig ist Rosette samt Rahmen; die wei\u00dfe Wand ist ja meine Leinwand f\u00fcr den Projektor, der goldene Kreis gl\u00e4nzt dann deutlich<\/p>\n<p><a href='http:\/\/extra.inmontanis.info\/d\/131523-3\/DSC05088.jpg'><img src=http:\/\/extra.inmontanis.info\/d\/131522-4\/DSC05088.jpg \/><\/a><br \/>\n^ Ecken schabloniert und Linie gemalt<\/p>\n<p><a href='http:\/\/extra.inmontanis.info\/d\/131603-3\/DSC05306.jpg'><img src=http:\/\/extra.inmontanis.info\/d\/131602-4\/DSC05306.jpg \/><\/a><br \/>\n^ Ecken und zwischenliegende Ornamente sind nun schabloniert und auch fast alle wei\u00dfen Linien<\/p>\n<p><a href='http:\/\/extra.inmontanis.info\/d\/131583-3\/DSC05243.jpg'><img src=http:\/\/extra.inmontanis.info\/d\/131582-4\/DSC05243.jpg \/><\/a><br \/>\n^ Nun mit installierter Rosette und Lampe; hier sieht man auch gut, wie der Goldkreis je nach Licht ganz unterschiedlich wirkt<\/p>\n<p><a href='http:\/\/extra.inmontanis.info\/d\/133172-3\/dsc06316.jpg'><img src=http:\/\/extra.inmontanis.info\/d\/133171-4\/dsc06316.jpg \/><\/a><br \/>\n^ .. die Abschl\u00fcsse der Leisten oben h\u00e4tte ich 3d-drucken wollen, w\u00e4re er nicht kaputt gegangen<\/p>\n<p><a href='http:\/\/extra.inmontanis.info\/d\/132024-3\/DSC05560.jpg'><img src=http:\/\/extra.inmontanis.info\/d\/132023-4\/DSC05560.jpg \/><\/a><br \/>\n^ Leisten und Ecke sind geklebt<\/p>\n<p><a href='http:\/\/extra.inmontanis.info\/d\/133164-3\/dsc06302.jpg'><img src=http:\/\/extra.inmontanis.info\/d\/133163-4\/dsc06302.jpg \/><\/a><br \/>\n^ Mit dem Tram-Hintergrund bin ich leider nicht mehr weiter gekommen<\/p>\n<p><a href='http:\/\/extra.inmontanis.info\/d\/132169-3\/DSC05646.jpg'><img src=http:\/\/extra.inmontanis.info\/d\/132168-4\/DSC05646.jpg \/><\/a><br \/>\n^ Leider funktioniert meine Lichterkette nicht mehr richtig, hier und da fallen mal unterschiedliche Teile aus oder die L\u00e4mpchen sind dunkler<\/p>\n<p><a href='http:\/\/extra.inmontanis.info\/d\/132124-3\/IMG_20250731_233604.jpg'><img src=http:\/\/extra.inmontanis.info\/d\/132123-4\/IMG_20250731_233604.jpg \/><\/a><br \/>\n^ Decke \u00fcbern Bett, aus dem Liegen fotografiert<\/p>\n<p><a href='http:\/\/extra.inmontanis.info\/d\/132064-3\/DSC05612.jpg'><img src=http:\/\/extra.inmontanis.info\/d\/132063-4\/DSC05612.jpg \/><\/a><br \/>\n^ Die gr\u00fcnen Ausbesserungen sind nun auch gemacht.<\/p>\n<p><a href='http:\/\/extra.inmontanis.info\/d\/133168-3\/dsc06315.jpg'><img src=http:\/\/extra.inmontanis.info\/d\/133167-4\/dsc06315.jpg \/><\/a><br \/>\n^ Liegt an der Sonne bzw. am Schattenwurf, dass die Wand so hell ist<\/p>\n<p><a href='http:\/\/extra.inmontanis.info\/d\/133176-3\/dsc06317.jpg'><img src=http:\/\/extra.inmontanis.info\/d\/133175-4\/dsc06317.jpg \/><\/a><br \/>\n^ Meine Positions-Schn\u00fcre bleiben nat\u00fcrlich an der Decke, bis ich mit Bemalung und 3d-Elementen weiter mach. Schaut ja eh nicht schlecht aus. Tja und mit den Gold-Leisten an Fenster oder T\u00fcren bin ich auch nicht mehr weitergekommen. Bl\u00f6der Handy-\u00c4rger die letzten Wochen, das hat mir die Zeit ja komplett geraubt.<\/p>\n<p><a href='http:\/\/extra.inmontanis.info\/d\/131659-3\/wohnung-decke-2025-h17.jpg'><img src=http:\/\/extra.inmontanis.info\/d\/131658-4\/wohnung-decke-2025-h17.jpg \/><\/a><br \/>\n^ Plan<\/p>\n<p><a href='https:\/\/www.artisanplastercraft.com\/wp-content\/uploads\/2022\/05\/ornamental-ceiling-restoration.jpg'>https:\/\/www.artisanplastercraft.com\/wp-content\/uploads\/2022\/05\/ornamental-ceiling-restoration.jpg<\/a><\/p>\n","protected":false},"excerpt":{"rendered":"<p> ^ Fertig bemalte Rosette Nummer 1<\/p>\n<p> ^ Zweite Rosette fertig bemalt<\/p>\n<p> ^ Fertig ist Rosette samt Rahmen; die wei\u00dfe Wand ist ja meine Leinwand f\u00fcr den Projektor, der goldene Kreis gl\u00e4nzt dann deutlich<\/p>\n<p> ^ Ecken schabloniert und Linie gemalt<\/p>\n<p> ^ Ecken und zwischenliegende Ornamente sind nun schabloniert und auch fast <a href=\"http:\/\/blog.inmontanis.info\/?p=10882\">[&#8230;]<\/a><\/p>\n","protected":false},"author":1,"featured_media":0,"comment_status":"closed","ping_status":"closed","sticky":false,"template":"","format":"standard","meta":{"footnotes":""},"categories":[1],"tags":[],"class_list":["post-10882","post","type-post","status-publish","format-standard","hentry","category-uncategorized","odd"],"_links":{"self":[{"href":"http:\/\/blog.inmontanis.info\/index.php?rest_route=\/wp\/v2\/posts\/10882","targetHints":{"allow":["GET"]}}],"collection":[{"href":"http:\/\/blog.inmontanis.info\/index.php?rest_route=\/wp\/v2\/posts"}],"about":[{"href":"http:\/\/blog.inmontanis.info\/index.php?rest_route=\/wp\/v2\/types\/post"}],"author":[{"embeddable":true,"href":"http:\/\/blog.inmontanis.info\/index.php?rest_route=\/wp\/v2\/users\/1"}],"replies":[{"embeddable":true,"href":"http:\/\/blog.inmontanis.info\/index.php?rest_route=%2Fwp%2Fv2%2Fcomments&post=10882"}],"version-history":[{"count":1,"href":"http:\/\/blog.inmontanis.info\/index.php?rest_route=\/wp\/v2\/posts\/10882\/revisions"}],"predecessor-version":[{"id":10883,"href":"http:\/\/blog.inmontanis.info\/index.php?rest_route=\/wp\/v2\/posts\/10882\/revisions\/10883"}],"wp:attachment":[{"href":"http:\/\/blog.inmontanis.info\/index.php?rest_route=%2Fwp%2Fv2%2Fmedia&parent=10882"}],"wp:term":[{"taxonomy":"category","embeddable":true,"href":"http:\/\/blog.inmontanis.info\/index.php?rest_route=%2Fwp%2Fv2%2Fcategories&post=10882"},{"taxonomy":"post_tag","embeddable":true,"href":"http:\/\/blog.inmontanis.info\/index.php?rest_route=%2Fwp%2Fv2%2Ftags&post=10882"}],"curies":[{"name":"wp","href":"https:\/\/api.w.org\/{rel}","templated":true}]}}