{"id":10874,"date":"2025-08-31T16:10:04","date_gmt":"2025-08-31T14:10:04","guid":{"rendered":"http:\/\/blog.inmontanis.info\/?p=10874"},"modified":"2025-09-04T16:23:27","modified_gmt":"2025-09-04T14:23:27","slug":"strasenbahnmuseum-graz-24-31-8-2025","status":"publish","type":"post","link":"http:\/\/blog.inmontanis.info\/?p=10874","title":{"rendered":"Stra\u00dfenbahnmuseum Graz, &#8230;, 24.-31.8.2025"},"content":{"rendered":"<p><strong>So, 24.8.2025<\/strong><\/p>\n<p>Auf dem Weg noch an einem McD gehalten, schauen, was Fr\u00fchst\u00fcck mittlerweile in AT kostet. Da war ganz sch\u00f6n was los! <\/p>\n<p>3,60 \u20ac f\u00fcr einen so einen kleinen McMuffin Egg&#038;Bacon??? Nicht mit mir! Ich nahm einen Hamburger um 1,50 (somit 50% teurer als vor nicht all zu langer Zeit, wo er 1 \u20ac kostete), mit K\u00e4se als Cheesburger w\u00fcrde der 2,50 oder 2,70 kosten??? Albern..<\/p>\n<p>Die Autos am Parkplatz entsprachen aber wohl dem Clientel, dass man einen gewissen finanziellen Status haben muss.<\/p>\n<p>Weiter durch Graz zum Stra\u00dfenbahnmuseum, das etwas unpassend f\u00fcr mich im Nordosten liegt<\/p>\n<p><a href='http:\/\/extra.inmontanis.info\/d\/132648-2\/dsc05990.jpg'><img src=http:\/\/extra.inmontanis.info\/d\/132646-3\/dsc05990.jpg \/><\/a><br \/>\n^ Teils verl\u00e4uft die Stra\u00dfenbahn nur einspurig, was f\u00fcr mich f\u00fcr aktive Linien in beiden Richtung auch sehr ungewohnt ist<\/p>\n<p>Um mir die teuren Parkkosten am P+R-Platz zu sparen (hab was von 11 \u20ac pro Tag im Netz gelesen?!), fuhr ich zum Basilika-Parkplatz, der gratis und laut Karte nah an der Tram sein sollte &#8211; aber nachdem ich lange Zeit keine Tramgleise mehr sah und es auch noch steil den Berg hinauf ging, zweifelte ich, dass es eine gute Entscheidung w\u00e4re&#8230; <\/p>\n<p>Aber ein Blick auf die Karte, ja, das Museum soll hier unten sein, die Tram f\u00e4hrt das letzte St\u00fcck nicht auf der Stra\u00dfe, sondern hinter den H\u00e4usern,  auch nett.<\/p>\n<p><a href='http:\/\/extra.inmontanis.info\/d\/132652-2\/dsc05992.jpg'><img src=http:\/\/extra.inmontanis.info\/d\/132651-3\/dsc05992.jpg \/><\/a><br \/>\n^ Direkt unten im Tal ist das Depot und die Endhaltestelle Mariatrost<\/p>\n<p><a href='http:\/\/extra.inmontanis.info\/d\/132656-2\/dsc05993.jpg'><img src=http:\/\/extra.inmontanis.info\/d\/132655-3\/dsc05993.jpg \/><\/a><br \/>\n^ Basilika  (Mehrzahl von Basilikum?)<\/p>\n<p><a href='http:\/\/extra.inmontanis.info\/d\/132660-2\/dsc05995.jpg'><img src=http:\/\/extra.inmontanis.info\/d\/132659-3\/dsc05995.jpg \/><\/a><br \/>\n^ \u00d6ffentliche Toiletten<\/p>\n<p><a href='http:\/\/extra.inmontanis.info\/d\/132664-2\/dsc05996.jpg'><img src=http:\/\/extra.inmontanis.info\/d\/132663-3\/dsc05996.jpg \/><\/a><br \/>\n^ Tram-Endhaltestelle Mariatrost<\/p>\n<p><a href='http:\/\/extra.inmontanis.info\/d\/132668-2\/dsc05998.jpg'><img src=http:\/\/extra.inmontanis.info\/d\/132667-3\/dsc05998.jpg \/><\/a><br \/>\n^ Museums-Tram 22<\/p>\n<p><a href='http:\/\/extra.inmontanis.info\/d\/132672-2\/dsc06001.jpg'><img src=http:\/\/extra.inmontanis.info\/d\/132671-3\/dsc06001.jpg \/><\/a><br \/>\n^ Museumsdepot<\/p>\n<p><a href='http:\/\/extra.inmontanis.info\/d\/132676-2\/dsc06004.jpg'><img src=http:\/\/extra.inmontanis.info\/d\/132675-3\/dsc06004.jpg \/><\/a><br \/>\n^ Moderne Tram, wie \u00fcblich nicht nur h\u00e4sslich, sondern noch h\u00e4sslicher durch diese eigenartigen Abdeckungen bei den R\u00e4dern\/Drehgestellen<\/p>\n<p><a href='http:\/\/extra.inmontanis.info\/d\/132680-2\/dsc06005.jpg'><img src=http:\/\/extra.inmontanis.info\/d\/132679-3\/dsc06005.jpg \/><\/a><br \/>\n^ Ich sag ja nicht, dass diese orangene Museums-Tram besonders h\u00fcbsch w\u00e4re. Das schm\u00e4lere Ende gefiel mir an den OMO-Cars aus Blackpool ja schon nicht ;)<\/p>\n<p><a href='http:\/\/extra.inmontanis.info\/d\/132684-2\/dsc06006.jpg'><img src=http:\/\/extra.inmontanis.info\/d\/132683-3\/dsc06006.jpg \/><\/a><br \/>\n^ Tram 22 und Basilika<\/p>\n<p><a href='http:\/\/extra.inmontanis.info\/d\/132688-2\/dsc06007.jpg'><img src=http:\/\/extra.inmontanis.info\/d\/132687-3\/dsc06007.jpg \/><\/a><br \/>\n^ Museums-Tram 22 und Basilika, das ist doch ein sch\u00f6nes Motiv<\/p>\n<p><a href='http:\/\/extra.inmontanis.info\/d\/132692-2\/dsc06009.jpg'><img src=http:\/\/extra.inmontanis.info\/d\/132691-3\/dsc06009.jpg \/><\/a><br \/>\n^ Info Triebwagen 22<\/p>\n<p><a href='http:\/\/extra.inmontanis.info\/d\/132696-2\/dsc06008.jpg'><img src=http:\/\/extra.inmontanis.info\/d\/132695-3\/dsc06008.jpg \/><\/a><br \/>\n^ Alte Infotafel Wanderwege<\/p>\n<p><a href='http:\/\/extra.inmontanis.info\/d\/132700-2\/dsc06010.jpg'><img src=http:\/\/extra.inmontanis.info\/d\/132699-3\/dsc06010.jpg \/><\/a><br \/>\n^ Die Museumslinie f\u00e4hrt im Juli und August jeden SA+SO nach dem oberen Fahrplan, der unterw Fahrplan gilt f\u00fcr die 4 Sonntage, an denen auch das Museum offen ist, ganz unten alle Haltestellen<\/p>\n<p>Die Rundfahrt dauert satte 1:20 und es werden lt. Fahrplan 2 Garnituren ben\u00f6tigt, da st\u00fcndliche Abfahrt, d.h. da w\u00fcrde ich ja fast  3h unterwegs sein. Zus\u00e4tzlich gibt es an den Museums\u00f6ffnungstagen noch eine kurze Strecke mit \u00e4lteren Fahrzeugenm heute Nr. 22. <\/p>\n<p>Das Museum ist von 10-17h offen, Eintritt kostet 7 \u20ac bzw. mit hist. Tramfahrt 10 \u20ac, die lange Tram durch die Stadt ist gratis und man kann \u00fcberall ein- und aussteigen, hin und wieder wird um eine Spende gebeten, aber im Grunde kann man an diesen Tagen gratis durch Graz fahren ;)<\/p>\n<p><a href='http:\/\/extra.inmontanis.info\/d\/132704-2\/dsc06011.jpg'><img src=http:\/\/extra.inmontanis.info\/d\/132703-3\/dsc06011.jpg \/><\/a><br \/>\n^ Alte, aber nicht ganz alte Schlossbergbahn-Kabine<\/p>\n<p><a href='http:\/\/extra.inmontanis.info\/d\/132708-2\/dsc06012.jpg'><img src=http:\/\/extra.inmontanis.info\/d\/132707-3\/dsc06012.jpg \/><\/a><br \/>\n^ Die Museums-Trams fahren hier ab<\/p>\n<p><a href='http:\/\/extra.inmontanis.info\/d\/132712-2\/dsc06013.jpg'><img src=http:\/\/extra.inmontanis.info\/d\/132711-3\/dsc06013.jpg \/><\/a><br \/>\n^ W\u00e4hrend man in manchen Museen \u00fcberhaupt keine Tram besteigen darf, muss man hier zum Eingang ins Museum sogar durch die Tram gehen, cool ;)<\/p>\n<p><a href='http:\/\/extra.inmontanis.info\/d\/132716-2\/dsc06014.jpg'><img src=http:\/\/extra.inmontanis.info\/d\/132715-3\/dsc06014.jpg \/><\/a><br \/>\n^ Rechts der neueste elektrische Wagen im Museum, der Pferdewagen links wurde sp\u00e4ter noch per Hand rausgeschoben &#8230;<\/p>\n<p><a href='http:\/\/extra.inmontanis.info\/d\/132720-2\/dsc06015.jpg'><img src=http:\/\/extra.inmontanis.info\/d\/132719-3\/dsc06015.jpg \/><\/a><br \/>\n^ ..ist  aber leider gar nicht so historisch, sondern von 1974<\/p>\n<p><a href='http:\/\/extra.inmontanis.info\/d\/132724-2\/dsc06018.jpg'><img src=http:\/\/extra.inmontanis.info\/d\/132723-3\/dsc06018.jpg \/><\/a><br \/>\n^ 530<\/p>\n<p><a href='http:\/\/extra.inmontanis.info\/d\/132728-2\/dsc06020.jpg'><img src=http:\/\/extra.inmontanis.info\/d\/132727-3\/dsc06020.jpg \/><\/a><br \/>\n^ Perfektes Argument f\u00fcr Adrenalinjunkies ;)<\/p>\n<p><a href='http:\/\/extra.inmontanis.info\/d\/132732-2\/dsc06019.jpg'><img src=http:\/\/extra.inmontanis.info\/d\/132731-3\/dsc06019.jpg \/><\/a><br \/>\n^ 530, rechts oben &#8230;<\/p>\n<p><a href='http:\/\/extra.inmontanis.info\/d\/132736-2\/dsc06021.jpg'><img src=http:\/\/extra.inmontanis.info\/d\/132735-3\/dsc06021.jpg \/><\/a><br \/>\n^ Das wusste ich auch noch nicht, was sich da oben unter der Decke so alles verbergen kann &#8230;<\/p>\n<p><a href='http:\/\/extra.inmontanis.info\/d\/132740-2\/dsc06022.jpg'><img src=http:\/\/extra.inmontanis.info\/d\/132739-3\/dsc06022.jpg \/><\/a><br \/>\n^ .. diverse Steuerungsmodule ..<\/p>\n<p><a href='http:\/\/extra.inmontanis.info\/d\/132744-2\/dsc06023.jpg'><img src=http:\/\/extra.inmontanis.info\/d\/132743-3\/dsc06023.jpg \/><\/a><br \/>\n^ 530 hinterer Teil; nebendran die \u00e4ltere Tram ..<\/p>\n<p><a href='http:\/\/extra.inmontanis.info\/d\/132748-2\/dsc06025.jpg'><img src=http:\/\/extra.inmontanis.info\/d\/132747-3\/dsc06025.jpg \/><\/a><br \/>\n^ .. hat Seitw\u00e4rts-\/L\u00e4ngssitzb\u00e4nke<\/p>\n<p>Wenn man  quasi nur Museumstrams f\u00e4hrt wie ich, sind Stra\u00dfenbahnwagen aus Holz, Holzsitze oder L\u00e4ngssitz-B\u00e4nke ja quasi normal &#8211; und ich merkte gleich, dass mir die Doppelstocktrams im UK heuer fehlen . Einige der Trams im Museum sind offen und man darf reingehen!<\/p>\n<p><a href='http:\/\/extra.inmontanis.info\/d\/132752-2\/dsc06027.jpg'><img src=http:\/\/extra.inmontanis.info\/d\/132751-3\/dsc06027.jpg \/><\/a><br \/>\n^ Nr. 117<\/p>\n<p><a href='http:\/\/extra.inmontanis.info\/d\/132756-2\/dsc06028.jpg'><img src=http:\/\/extra.inmontanis.info\/d\/132755-3\/dsc06028.jpg \/><\/a><br \/>\n^ 117 hat auch Seitenb\u00e4nke, hingesetzt und gleich mal an die Isle of Man denken m\u00fcssen und dass solch eine Sitzanordnung f\u00fcr mich gar nicht so un\u00fcblich ist&#8230;<\/p>\n<p><a href='http:\/\/extra.inmontanis.info\/d\/132760-2\/dsc06029.jpg'><img src=http:\/\/extra.inmontanis.info\/d\/132759-3\/dsc06029.jpg \/><\/a><br \/>\n^ Die Lampen sind aber riesig gro\u00df<\/p>\n<p><a href='http:\/\/extra.inmontanis.info\/d\/132764-2\/dsc06030.jpg'><img src=http:\/\/extra.inmontanis.info\/d\/132763-3\/dsc06030.jpg \/><\/a><br \/>\n^ Infotafel zu 117<\/p>\n<p><a href='http:\/\/extra.inmontanis.info\/d\/132768-2\/dsc06031.jpg'><img src=http:\/\/extra.inmontanis.info\/d\/132767-3\/dsc06031.jpg \/><\/a><br \/>\n^ .. mit Beiwagen 191B<\/p>\n<p><a href='http:\/\/extra.inmontanis.info\/d\/132772-2\/dsc06034.jpg'><img src=http:\/\/extra.inmontanis.info\/d\/132771-3\/dsc06034.jpg \/><\/a><br \/>\n^ Beiwagen 191b<\/p>\n<p><a href='http:\/\/extra.inmontanis.info\/d\/132776-2\/dsc06035.jpg'><img src=http:\/\/extra.inmontanis.info\/d\/132775-3\/dsc06035.jpg \/><\/a><br \/>\n^ Verbot<\/p>\n<p><a href='http:\/\/extra.inmontanis.info\/d\/132780-2\/dsc06032.jpg'><img src=http:\/\/extra.inmontanis.info\/d\/132779-3\/dsc06032.jpg \/><\/a><br \/>\n^ Andere Anh\u00e4nger<\/p>\n<p><a href='http:\/\/extra.inmontanis.info\/d\/132784-2\/dsc06033.jpg'><img src=http:\/\/extra.inmontanis.info\/d\/132783-3\/dsc06033.jpg \/><\/a><br \/>\n^ Nicht restauriert<\/p>\n<p><a href='http:\/\/extra.inmontanis.info\/d\/132788-2\/dsc06037.jpg'><img src=http:\/\/extra.inmontanis.info\/d\/132787-3\/dsc06037.jpg \/><\/a><br \/>\n^ An den W\u00e4nden gibts alte Bilder oder Infotexte<\/p>\n<p><a href='http:\/\/extra.inmontanis.info\/d\/132792-2\/dsc06039.jpg'><img src=http:\/\/extra.inmontanis.info\/d\/132791-3\/dsc06039.jpg \/><\/a><br \/>\n^ Kleiner Beiwagen 36b<\/p>\n<p><a href='http:\/\/extra.inmontanis.info\/d\/132796-2\/dsc06043.jpg'><img src=http:\/\/extra.inmontanis.info\/d\/132795-3\/dsc06043.jpg \/><\/a><br \/>\n^ Beiwagen 36b, ohne L\u00e4ngsbank<\/p>\n<p><a href='http:\/\/extra.inmontanis.info\/d\/132800-2\/dsc06042.jpg'><img src=http:\/\/extra.inmontanis.info\/d\/132799-3\/dsc06042.jpg \/><\/a><br \/>\n^ Info Beiwagen 36b, 12 Sitzpl\u00e4tze, 19 Stehpl\u00e4tze<\/p>\n<p><a href='http:\/\/extra.inmontanis.info\/d\/132804-2\/dsc06040.jpg'><img src=http:\/\/extra.inmontanis.info\/d\/132803-3\/dsc06040.jpg \/><\/a><br \/>\n^ Was man aus einer Badewanne machen kann ;)<\/p>\n<p><a href='http:\/\/extra.inmontanis.info\/d\/132808-2\/dsc06041.jpg'><img src=http:\/\/extra.inmontanis.info\/d\/132807-3\/dsc06041.jpg \/><\/a><br \/>\n^ Modellbahnen<\/p>\n<p><a href='http:\/\/extra.inmontanis.info\/d\/132812-2\/dsc06046.jpg'><img src=http:\/\/extra.inmontanis.info\/d\/132811-3\/dsc06046.jpg \/><\/a><br \/>\n^ Infotafeln zur Geschichte (kleiner Auszug)<\/p>\n<p><a href='http:\/\/extra.inmontanis.info\/d\/132816-2\/dsc06048.jpg'><img src=http:\/\/extra.inmontanis.info\/d\/132815-3\/dsc06048.jpg \/><\/a><br \/>\n^ Netzpl\u00e4ne, das Grazer Strapenbahnnetz ist ca. 3x gr\u00f6\u00dfer als das Innsbrucker und ca. 2x so gro\u00df wie das in N\u00fcrnberg und ca. gleich gro\u00df wie Stra\u00dfenbahn und U-Bahn in N\u00fcrnberg zusammen (Graz hat ca. 300.000 Einwohner).<\/p>\n<p><a href='http:\/\/extra.inmontanis.info\/d\/132820-2\/dsc06050.jpg'><img src=http:\/\/extra.inmontanis.info\/d\/132819-3\/dsc06050.jpg \/><\/a><br \/>\n^ Tram 234, entspricht mehr oder weniger den beiden Trams, die auf der Museumslinie durch die Stadt in Betrieb sind<\/p>\n<p><a href='http:\/\/extra.inmontanis.info\/d\/132824-2\/dsc06054.jpg'><img src=http:\/\/extra.inmontanis.info\/d\/132823-3\/dsc06054.jpg \/><\/a><br \/>\n^ Tram 234<\/p>\n<p><a href='http:\/\/extra.inmontanis.info\/d\/132828-2\/dsc06055.jpg'><img src=http:\/\/extra.inmontanis.info\/d\/132827-3\/dsc06055.jpg \/><\/a><br \/>\n^ .. kann mit 2 Anh\u00e4ngewagen betrieben werden.<\/p>\n<p><a href='http:\/\/extra.inmontanis.info\/d\/132832-2\/dsc06056.jpg'><img src=http:\/\/extra.inmontanis.info\/d\/132831-3\/dsc06056.jpg \/><\/a><br \/>\n^ Der linke Teil vom Depot ist mittels Zaun samt Folie verpserrt, ich musste also die Cam hoch halten.<\/p>\n<p><a href='http:\/\/extra.inmontanis.info\/d\/132836-2\/dsc06057.jpg'><img src=http:\/\/extra.inmontanis.info\/d\/132835-3\/dsc06057.jpg \/><\/a><br \/>\n^ Alte, aber nicht ganz alte Schlossbergbahn-Kabine<\/p>\n<p><a href='http:\/\/extra.inmontanis.info\/d\/132840-2\/dsc06058.jpg'><img src=http:\/\/extra.inmontanis.info\/d\/132839-3\/dsc06058.jpg \/><\/a><br \/>\n^ Alte, aber nicht ganz alte Schlossbergbahn-Kabine<\/p>\n<p><a href='http:\/\/extra.inmontanis.info\/d\/132844-2\/dsc06060.jpg'><img src=http:\/\/extra.inmontanis.info\/d\/132843-3\/dsc06060.jpg \/><\/a><br \/>\n^ Museumsdepot und Basilika<\/p>\n<p><a href='http:\/\/extra.inmontanis.info\/d\/132848-2\/dsc06062.jpg'><img src=http:\/\/extra.inmontanis.info\/d\/132847-3\/dsc06062.jpg \/><\/a><br \/>\n^ Auch aus N\u00fcrnberg kamen Fahrzeuge<\/p>\n<p><a href='http:\/\/extra.inmontanis.info\/d\/132852-2\/dsc06065.jpg'><img src=http:\/\/extra.inmontanis.info\/d\/132851-3\/dsc06065.jpg \/><\/a><br \/>\n^ Zus\u00e4tzlich zur orangenen 251 ist die gr\u00fcne 206 auf der Museumslinie durch die Stadt heute unterwegs (gratis, freiwillige Spende); die 22 links verkehrt nur mit Aufpreis auf einem kurzen St\u00fcck<\/p>\n<p><a href='http:\/\/extra.inmontanis.info\/d\/132856-2\/dsc06069.jpg'><img src=http:\/\/extra.inmontanis.info\/d\/132855-3\/dsc06069.jpg \/><\/a><br \/>\n^ 22+206 mit Basilika<\/p>\n<p><a href='http:\/\/extra.inmontanis.info\/d\/132860-2\/dsc06070.jpg'><img src=http:\/\/extra.inmontanis.info\/d\/132859-3\/dsc06070.jpg \/><\/a><br \/>\n^ Gr\u00fcne Tram 206 unterscheidet sich ein bisschen von der orangenen 251, aber die Sitzanordnung ist ident, lediglich 15+1 Sitzpl\u00e4tze (1 f\u00fcr&#8217;n Schaffner)<\/p>\n<p><a href='http:\/\/extra.inmontanis.info\/d\/132864-2\/dsc06074.jpg'><img src=http:\/\/extra.inmontanis.info\/d\/132863-3\/dsc06074.jpg \/><\/a><br \/>\n^ Ich nahm aber erst einmal die Tram 22, bevor sie kaputt ginge &#8211; und auf der R\u00fcckfahrt gab es tats\u00e4chlich ein lautes Ger\u00e4usch, zu schnell gefahren.<\/p>\n<p><a href='http:\/\/extra.inmontanis.info\/d\/132868-2\/dsc06077.jpg'><img src=http:\/\/extra.inmontanis.info\/d\/132867-3\/dsc06077.jpg \/><\/a><br \/>\n^ Die landschaftlich sch\u00f6ne Strecke durchs Mariatrostertal ist zumeist einspurig mit Ausweichen an den Haltestellen, aber die einspurigen Strecken sind manchmal auch  weichenlos wie hier ausgef\u00fchrt, ich kenn nur die englische Bezeichnung interlaced tracks ;) Auf Deutsch wohl Gleisverschlingung.<\/p>\n<p><a href='http:\/\/extra.inmontanis.info\/d\/132872-2\/dsc06078.jpg'><img src=http:\/\/extra.inmontanis.info\/d\/132871-3\/dsc06078.jpg \/><\/a><br \/>\n^ Bald ist die Endstation f\u00fcr die historische 22 erreicht, l\u00e4nger als manche Museumsstrecke in England ist das St\u00fcck schon, aber die Tram fuhr auch wesentlich schneller<\/p>\n<p><a href='http:\/\/extra.inmontanis.info\/d\/132876-2\/dsc06079.jpg'><img src=http:\/\/extra.inmontanis.info\/d\/132875-3\/dsc06079.jpg \/><\/a><br \/>\n^ Tram 22, nun wieder retour<\/p>\n<p>Die Rundfahrt mit der alten Tram dauerte allerdings nur gut 10min &#8211; hatte ich nicht was von 30min gelesen? Strecke ist hier einspurig, also kann es wohl passieren, dass man wg. Wartezeiten f\u00fcr die normalen Trams mal l\u00e4nger braucht. Kurzes einmaliges Vergn\u00fcgen f\u00fcr 3-4 \u20ac.<\/p>\n<p>Somit h\u00e4tte ich retour die neuere  durch die Stadt um 11:20 geschafft, aber wenn die \u00fcber 1h f\u00e4hrt, wollte ich lieber vorher aufs Klo ghen und meine gestrige Brezel essen. Oder noch  ein Eis im Museum kaufen, sonst gibt es hier nichts. An der anderen Endhatestelle der Museumstram g\u00e4be es einige D\u00f6ner-Restaurants, aebr dann m\u00fcsste man halt 1h auf die n\u00e4chste (dann andere) Tram retourwarten&#8230; <\/p>\n<p>M\u00f6glich w\u00e4r auch, mit der jetzt 1,5 Runden zu machen  und dann rund 20min mitten in der Stadt zu warten und mit der anderen 1,5 Runden retour. Ob sich das klom\u00e4\u00dfig ausgehen wird? Zudem man dort am gro\u00dfen Jakominiplatz mehr Zeit verbringen k\u00f6nnte und zum Essen ist das auch zu kurz.<\/p>\n<p><a href='http:\/\/extra.inmontanis.info\/d\/132880-2\/dsc06083.jpg'><img src=http:\/\/extra.inmontanis.info\/d\/132879-3\/dsc06083.jpg \/><\/a><br \/>\n^ Schildererkl\u00e4rungen im Museum<\/p>\n<p><a href='http:\/\/extra.inmontanis.info\/d\/132884-2\/dsc06084.jpg'><img src=http:\/\/extra.inmontanis.info\/d\/132883-3\/dsc06084.jpg \/><\/a><br \/>\n^ Solche Automaten mit Einwurf und Kurbel kenn ich noch als Briefmarkenautomat<\/p>\n<p><a href='http:\/\/extra.inmontanis.info\/d\/132888-2\/dsc06085.jpg'><img src=http:\/\/extra.inmontanis.info\/d\/132887-3\/dsc06085.jpg \/><\/a><br \/>\n^ Es gab auch 2 kurze Oberleitungs-Bus-Linien in Graz, also wohl k\u00fcrzer als in Innsbruck<\/p>\n<p><a href='http:\/\/extra.inmontanis.info\/d\/132892-2\/dsc06089.jpg'><img src=http:\/\/extra.inmontanis.info\/d\/132891-3\/dsc06089.jpg \/><\/a><br \/>\n^ Modellbahn<\/p>\n<p><a href='http:\/\/extra.inmontanis.info\/d\/132896-2\/dsc06090.jpg'><img src=http:\/\/extra.inmontanis.info\/d\/132895-3\/dsc06090.jpg \/><\/a><br \/>\n^ hm, ob ein Schoko-Osterhase Ende August deplazierter ist als ein Schoko-Weihnachtsmann &#8230;<\/p>\n<p><a href='http:\/\/extra.inmontanis.info\/d\/132900-2\/dsc06091.jpg'><img src=http:\/\/extra.inmontanis.info\/d\/132899-3\/dsc06091.jpg \/><\/a><br \/>\n^ Modellbahn<\/p>\n<p><a href='http:\/\/extra.inmontanis.info\/d\/132904-2\/dsc06092.jpg'><img src=http:\/\/extra.inmontanis.info\/d\/132903-3\/dsc06092.jpg \/><\/a><br \/>\n^ Modelltrams<\/p>\n<p><a href='http:\/\/extra.inmontanis.info\/d\/132908-2\/dsc06093.jpg'><img src=http:\/\/extra.inmontanis.info\/d\/132907-3\/dsc06093.jpg \/><\/a><br \/>\n^ Modelltrams und .. das Tram-3d-Guckk\u00e4stla aus N\u00fcrbberg mit dem Hallertor, das ich auch daheim hab ;) Und noch was, es gibt hier in dem Bereich der Steiermark Ortsteile bzw. Flurnamen mit &#8220;la&#8221; hinten, zB. D\u00f6rfla. Und Karpfen gibts ja auch. Da f\u00fchlt man sich ja fast wie in der alten Heimat.<\/p>\n<p><a href='http:\/\/extra.inmontanis.info\/d\/132912-2\/dsc06095.jpg'><img src=http:\/\/extra.inmontanis.info\/d\/132911-3\/dsc06095.jpg \/><\/a><br \/>\n^ Nun ging es mit der orangenen Museumstram 251 durch die Stadt, die Sitze haben hier kein Phallusgest\u00e4nge ;)<\/p>\n<p>Da Graz keine U-Bahn hat, f\u00e4hrt die Tram noch mitten durch die Stadt und weil es einige Linien gibt, gibt&#8217;s etliche Abzweigungen, somit schon etwas interessanter hier.<\/p>\n<p><a href='http:\/\/extra.inmontanis.info\/d\/132916-2\/dsc06096.jpg'><img src=http:\/\/extra.inmontanis.info\/d\/132915-3\/dsc06096.jpg \/><\/a><br \/>\n^ Aufgang zum Schlossberg, zus\u00e4tzlich gibts hier wohl noch einen Aufzug; an der  Standseilbahn fuhren wir etwas sp\u00e4ter auch vorbei<\/p>\n<p><a href='http:\/\/extra.inmontanis.info\/d\/132920-2\/dsc06097.jpg'><img src=http:\/\/extra.inmontanis.info\/d\/132919-3\/dsc06097.jpg \/><\/a><br \/>\n^ Tram 251 nahe Endstation Andritz<\/p>\n<p><a href='http:\/\/extra.inmontanis.info\/d\/132924-2\/dsc06099.jpg'><img src=http:\/\/extra.inmontanis.info\/d\/132923-3\/dsc06099.jpg \/><\/a><br \/>\n^ Hauptplatz<\/p>\n<p><a href='http:\/\/extra.inmontanis.info\/d\/132928-2\/dsc06102.jpg'><img src=http:\/\/extra.inmontanis.info\/d\/132927-3\/dsc06102.jpg \/><\/a><br \/>\n^ Der Jakominiplatz ist gar nicht so mini, was die Tram-Haltestellen und Gleise angeht, heute allerdings viel Schienenersatzverkehr<\/p>\n<p>Ich fuhr wieder ganz zum Museum zur\u00fcck, schon hart, so ein Holzsitz auf Dauer &#8211; besser als stehen trotzdem. Und da viele Normale zwischendrin ein- und ausgestiegen sind, standen recht viele und die Museumstrams waren recht voll.<\/p>\n<p>Wie schon gestern aufgefallen &#8211; der Anteil der Raucher ist hier in AT noch sp\u00fcrbar h\u00f6her als in Skandinavien oder UK, zumindest wurde ich gestern in der Burg und heute vor der Tram mit Zigarettengestank bel\u00e4stigt. <\/p>\n<p>M\u00f6glich w\u00e4re noch, mit der anderen Tram nur eine halbe Strecke bis Jakominiplatz zu fahren und dort einen Snack essen und dann mit dieser sp\u00e4ter retour &#8211; da w\u00e4re dann etwas \u00fcber 30min Zeit. Lt. Netz haben die mind. 4 D\u00f6nerl\u00e4den herum auch noch normale D\u00f6ner Kebabs tw. um\/unter 5 \u20ac, Boxen um\/unter 7 \u20ac.<\/p>\n<p><a href='http:\/\/extra.inmontanis.info\/d\/132932-2\/dsc06106.jpg'><img src=http:\/\/extra.inmontanis.info\/d\/132931-3\/dsc06106.jpg \/><\/a><br \/>\n^ Modell vom Museumsdepot<\/p>\n<p>Um 15:20 fuhr ich meine letzte Runde folglich mit der gr\u00fcnen 206 &#8230; ganze Runde oder nur halb und dann D\u00f6ner o.\u00e4. essen?<\/p>\n<p>.. aber bin ich zum Tramfahren oder zum essen hier?! Also.<\/p>\n<p><a href='http:\/\/extra.inmontanis.info\/d\/132936-2\/dsc06108.jpg'><img src=http:\/\/extra.inmontanis.info\/d\/132935-3\/dsc06108.jpg \/><\/a><br \/>\n^ Gr\u00fcne Museumstram 206 mit dem Schaffnerplatz, der bei der orangenen gefehlt hat, hier also nur magere 15 Sitzpl\u00e4tze!<\/p>\n<p><a href='http:\/\/extra.inmontanis.info\/d\/132940-2\/dsc06109.jpg'><img src=http:\/\/extra.inmontanis.info\/d\/132939-3\/dsc06109.jpg \/><\/a><br \/>\n^ Infotafel Tram 206<\/p>\n<p><a href='http:\/\/extra.inmontanis.info\/d\/132944-2\/dsc06110.jpg'><img src=http:\/\/extra.inmontanis.info\/d\/132943-3\/dsc06110.jpg \/><\/a><br \/>\n^ Der Tramfahrer braucht hier eine Socke zum fahren?! :)<\/p>\n<p><a href='http:\/\/extra.inmontanis.info\/d\/132948-2\/dsc06111.jpg'><img src=http:\/\/extra.inmontanis.info\/d\/132947-3\/dsc06111.jpg \/><\/a><br \/>\n^ Fensterkurbelfach und das phallusf\u00f6rmige Sitzgest\u00e4nge ;)<\/p>\n<p><a href='http:\/\/extra.inmontanis.info\/d\/132952-2\/dsc06113.jpg'><img src=http:\/\/extra.inmontanis.info\/d\/132951-3\/dsc06113.jpg \/><\/a><br \/>\n^ Wie kompliziert kann man einen Netzplan machen?<\/p>\n<p><a href='http:\/\/extra.inmontanis.info\/d\/132956-2\/dsc06115.jpg'><img src=http:\/\/extra.inmontanis.info\/d\/132955-3\/dsc06115.jpg \/><\/a><br \/>\n^ Tram 206 im Schaufenster<\/p>\n<p><a href='http:\/\/extra.inmontanis.info\/d\/132960-2\/dsc06116.jpg'><img src=http:\/\/extra.inmontanis.info\/d\/132959-3\/dsc06116.jpg \/><\/a><br \/>\n^ Jakominiplatz, der Austausch der Gleise ist hier wohl auch etwas komplizierter und kostspielger<\/p>\n<p><a href='http:\/\/extra.inmontanis.info\/d\/132964-2\/dsc06117.jpg'><img src=http:\/\/extra.inmontanis.info\/d\/132963-3\/dsc06117.jpg \/><\/a><br \/>\n^ Gleise am Jakominiplatz<\/p>\n<p>Die 206 hatte im Gegensatz zur anderen Tram anscheinend keine Luftdruckbremsen, wobei ich am Schluss doch noch einen Kompressor geh\u00f6rt hab, aber es wurde anscheinend anders gebremst, evtl.  elektrisch  und zum Schluss per Hand, was nicht so ganz gut funktioniert hatte und der Fahrer ein paar Mal kurbeln musste mit der Handbremse an jedem Halt und die Tram  zwischendrin noch langsam gefahren ist, w\u00e4hrend bereits Leute ein- und ausstiegen.<\/p>\n<p>Da die T\u00fcren offen waren und es kein nerviges Gepiepse gab, war das Ein- und Aussteigen nicht nur ruhiger, sondern auch schneller. Vermutlich undenkbar im Land des safety-first-habits (UK) ;)<\/p>\n<p>Am Ende angelangt waren wir zu sp\u00e4t und mussten gleich wieder los, so dass die eine vom Museum ihre Zigarette nur halb rauchen konnte. Erz\u00e4hl ich aus Schadenfreude, weil sie es also nicht aushielt, eine ganze Runde  hin und retour ohne Zigarette zu schaffen &#8230;<\/p>\n<p>Ich h\u00e4tte auch noch auf dem R\u00fcckweg aussteigen k\u00f6nnen und dann 1h sp\u00e4ter mit der letzten orangenenen Tram retour.. ach was solls.<\/p>\n<p><a href='http:\/\/extra.inmontanis.info\/d\/132968-2\/dsc06118.jpg'><img src=http:\/\/extra.inmontanis.info\/d\/132967-3\/dsc06118.jpg \/><\/a><br \/>\n^ Hilmteich mit altem oder Retro-Warteh\u00e4uschen .. wenn die Schmierfinken nicht w\u00e4ren<\/p>\n<p><a href='http:\/\/extra.inmontanis.info\/d\/132972-2\/dsc06122.jpg'><img src=http:\/\/extra.inmontanis.info\/d\/132971-3\/dsc06122.jpg \/><\/a><br \/>\n^ Und durch&#8217;s Mariatrostertal zur\u00fcck zum Museumsdepot<\/p>\n<p><a href='http:\/\/extra.inmontanis.info\/d\/132976-2\/dsc06123.jpg'><img src=http:\/\/extra.inmontanis.info\/d\/132975-3\/dsc06123.jpg \/><\/a><br \/>\n^ Die meisten Parkpl\u00e4tze in Graz sind anscheinend am SA+SO gratis &#8211; das wenn ich mal gewusst h\u00e4tte, m\u00fcsste ich jetzt nicht wieder den steilen Weg zur Basilika raufgehen, sondern h\u00e4tte auch direkt am Museum parken k\u00f6nnen &#8230;<\/p>\n<p><a href='http:\/\/extra.inmontanis.info\/d\/132980-2\/dsc06125.jpg'><img src=http:\/\/extra.inmontanis.info\/d\/132979-3\/dsc06125.jpg \/><\/a><br \/>\n^ Eintrittskarte und Gummib\u00e4rchen<\/p>\n<p>Auf dem Weg heim bei einem Chinesen halten und gebratener Reis oder gebratene Nudeln um unter 10 \u20ac mitnehmen? Buffet um 16-17 \u20ac w\u00e4re auch eine, allerdings teurere Option, gestriger Karpfenwirt hat sonntags abends ja nicht offen. <\/p>\n<p>Somit um 17 Uhr wieder am Auto gewesen. Lt. gmaps bis zu mir heim ca. 1,5h, also f\u00fcr mich etwas l\u00e4nger (trotz Autobahn dank Vignette heuer), Zwischenhalt noch an einer Tankstelle um Semmeln zu kaufen.<\/p>\n<p>Leider keinen Preis gesehen und daher nur 5 mitgenommen, h\u00e4tte wohl mind. 10 gebraucht. Schnittk\u00e4se nahm ich noch mit, sonst nix, gestern Erdbeermarmelade, Stange Toastbrot, 6 Aufbacksemmeln, 2 H-Milch, 2 Dosen Spr\u00fchsahne und ein Glas Paprika f\u00fcr Nudel &#038; Co, sonst hab ic ja wohl genug daheim.<\/p>\n<p>Hatte keine Lust mehr auf einen Umweg zu einem Chinesen o.\u00e4.<\/p>\n<p>In Wolfsberg gibt&#8217;s neben dem Burger King einen D\u00f6nerladen, wo es auch noch 5 \u20ac kosten soll &#8211; aber die Preise im Netz waren wohl alt, sind jetzt 6 \u20ac. Doch die 2km Umweg in der Steiermark fahren sollen. Naja, g\u00fcnstiger als BK &#8230;<\/p>\n<p><a href='http:\/\/extra.inmontanis.info\/d\/132635-2\/dsc06126.jpg'><img src=http:\/\/extra.inmontanis.info\/d\/132634-3\/dsc06126.jpg \/><\/a><br \/>\n^ D\u00f6ner ohne Tomaten + ohne Zwiebel, man muss es ja nicht \u00fcbertreiben.<\/p>\n<p>W\u00e4hrend der 2 Tage ist es in der Wohnung 1.5\u00b0 k\u00e4lter geworden und leider mal wieder &#8220;full house&#8221;, zumindest was meine direkten Nachbarn betrifft.<\/p>\n<p><strong>Mo, 25.8.2025<\/strong><\/p>\n<p>Weiter mit dem neuen Webserver..<\/p>\n<p>.. und die Spr\u00fcsahnedose aufgemacht. Schmeckte eigentlich auch l\u00f6ffelweise lecker, da keine pure Sahne, sondern ja mit Zucker und\/oder Vanille versetzt &#8211; gleich aufessen als Nachspeise oder als Basis f\u00fcr K\u00e4sesp\u00e4tzle? Ok, mal letzteres probieren.<\/p>\n<p><a href='http:\/\/extra.inmontanis.info\/d\/132639-2\/dsc06127.jpg'><img src=http:\/\/extra.inmontanis.info\/d\/132638-3\/dsc06127.jpg \/><\/a><br \/>\n^ Dose Spr\u00fchsahne aufgeschnitten, total verfestigt innen, da muss man sich nicht wundern, wenn nix mehr rausspr\u00fcht &#8211; nur, warum so schnell verklumpt? Schmeckte auch pur lecker, nahm es aber f\u00fcr Nudeln.<\/p>\n<p>Um 22:30 Uhr hatte ich dann aufgegeben f\u00fcr heute mit dem neuen Server. Die Extragallery schaut soweit gut aus, aber die Alpengallery, da hakte es an mehreren Stellen.<\/p>\n<p><strong>Di, 26.8.2025<\/strong><\/p>\n<p>Heute das Buch &#8220;1890s &#8211; Victoria&#8217;s final decade&#8221; fertig gelesen, recht entt\u00e4uschend. Geht fast nur um Politik und Politiker, hier und da mal ein Krieg, selten mal etwas \u00fcber Erfindungen oder nur in einem Nebensatz erw\u00e4hnt.<\/p>\n<p>Einige interessante alte Fotos gibt&#8217;s schon und insb. in den ersten Jahren dieses Jahrzehnts haben M\u00e4nner auf den Fotos immer einen Schnauzer \/ Schnurrbart. Wenn mal 1 oder 2 am Bild ohne Bart sind, sind es meist entweder J\u00fcnglinge oder Schwule, denn zumindest Oscar Wilde trug auf dem Bild keinen Bart und in dem Artikel ging es darum, dass er wegen seiner sexuellen Handlungen ins Gef\u00e4ngnis musste. <\/p>\n<p>Andere B\u00e4rte waren au\u00dfer Mode, die Fotos zum Jahresende hin zeigten aber auch weniger Schnurrb\u00e4rte.<\/p>\n<p>Nach ca. 5 Stunden Debugging hatte ich das eine Problem in der Alpengallery-Installation am neuen Webserver endlich gefunden und ausgemerzt. Ein paar weitere Stunden f\u00fcr noch weitere kleine Dinge, die noch nicht gepasst haben.<\/p>\n<p>Noch ein paar zuf\u00e4llige Testaufrufe auf meinem Blog um zu sehen, ob alle Bilder korrekt geladen werden, verlief soweit erfolgreich, DNS umgestellt. Der neue l\u00e4uft zumindest von mir aus betrachtet wesentlich schneller als der alte. Dann den (vorherigen) Bericht auf den neuen Server online stellen.<\/p>\n<p>(Denkt euch ein Bild mit vielen Handschuhen auf dem Bett, das meine Cam mal wieder nicht gespeichert hat.)<\/p>\n<p>Was haben meine Ski-Handschuhe mit dem Auto gemeinsam? Den selben Geruch, der auch nach vielmaligen Spr\u00fchen diverser Textilerfrischer einfach nicht besser werden will :( <\/p>\n<p>Eine Mischung aus mir und durch Feuchtigkeit von innen und au\u00dfen vergammelten Stoff, also man kann es ja nicht modrig nennen, aber ich erinnere an die neuesten Heizhandschuhe, in denen ich st\u00e4rker geschwitzt hab und die bereits nach wenigen Tagen einen starken Geruch entwickelten. Und im Gegensatz zu meiner monatelang eingespr\u00fchten Kleidung wasche ich meine H\u00e4nde durchaus zumindest t\u00e4glich einmal.<\/p>\n<p>Witzigerweise sind die Str\u00fcmpfe weniger anf\u00e4llig bzw. riechen etwas anders, wobei ich da ja auch mittels Lawendel\u00f6l nachhelfe, au\u00dferdem liegen sie, wenn nicht getragen,  auf z.B. solchen Auto-Wunderb\u00e4umen am Armaturenbrett den restlichen Tag und die Nacht.<\/p>\n<p><strong>Do, 28.8.2025<\/strong><\/p>\n<p>Nachdem von der e-control nach 2 Wochen noch keine Antwort auf meine Anfrage wg. Strom-K\u00fcndigung kam, hab ich nun also das Kontaktformular bei meniem Stromlieferanten (Kelag) ausgef\u00fcllt.<\/p>\n<p>Da gibt&#8217;s so viele Ferienwohnungen in \u00d6sterreich, die entweder nur im Sommer oder nur im Winter bewohnt werden, kann mir doch keiner sagen, dass die Besitzer immer ganzj\u00e4hrig Strom zahlen?? Das sollten doch h\u00e4ufige Fragen sein und  somit Antworten im Netz leicht auffindbar, aber nein, ich bin wie \u00fcblich ein Sonderfall &#8230; <\/p>\n<p>Statt bis zu 2 Wochen Wartezeit auf eine Antwort kam die Antwort nach  17 Minuten!<br \/>\n&#8211; 2 Wochen K\u00fcndigungsfrist<br \/>\n&#8211; K\u00fcndigung wird an den Netzbetreiber weitergeleitet (muss also nicht extra gek\u00fcndigt werden)<br \/>\n&#8211; Keine Netzbetreiberkosten w\u00e4hrend der Abmeldung<br \/>\n&#8211; Keine Zusatzkosten bei erneuter Anmeldung<\/p>\n<p>Perfekt also in jeglicher Hinsicht.<\/p>\n<p>(Knapp eine Woche sp\u00e4ter meldete sich e-control doch noch und erz\u00e4hlte mir etwas anderes, n\u00e4mlich, dass es durchaus sein kann, dass die Z\u00e4hler kostenpflichtig abmontiert und sp\u00e4ter bei neuer Inbetriebnahme wieder kostenpflichtig montiert werden k\u00f6nnten.)<\/p>\n<p>Die Fahrt ins Ruhrgebiet Mitte Oktober zum Batterietausch wird mir nicht erspart bleiben. Besser als der aktuelle Zustand sollte der &#8220;refurbished&#8221; Akku wohl hoffentlich sein. Also, aktuell ja gar nicht mehr zu gebrauchen, 2 Ah von under-voltage zu over-voltage.<\/p>\n<p>Dann noch den alten Webserver k\u00fcndigen &#8230; wohl auch knapp mit den 2 Wochen vor der n\u00e4chsten Verl\u00e4ngerung, heute letzter Tag oder vorletzter?! Erledigt.<\/p>\n<p>Somit 3 Sachen heute abgehakt. Gern abhaken w\u00fcrd ich auch die F\u00e4hre n\u00e4chsten Sommer auf die Isle of Man in der Hoffnung auf g\u00fcnstige Vorbuchungspreise. Aber die haben noch keine Buchungsm\u00f6glicheit f\u00fcr n\u00e4chsten Sommer. Alle anderen F\u00e4hren sind ja eh g\u00fcnstiger und kurzfristiger buchbar. Termin w\u00e4re mehr oder weniger klar, wieder um das Transport Festival herum und das ist bereits fixiert, 28.7.-2.8.2026, bliebe noch die Frage &#8211; 3 oder 4 oder 5 Wochen und nat\u00fcrlich noch die genauere Zeit &#8211; wann wird es am w\u00e4rmsten in England sein und deshalb ein Aufenthalt auf der IoM am sinnvollsten?  <\/p>\n<p>Haha, wie geil ist das denn, die Schweden mal wieder! <\/p>\n<p><strong>Seit Einf\u00fchrung der angebundenen Flaschenverschl\u00fcsse (um den M\u00fcll zu reduzieren) soll sich auf Schwedens Str\u00e4nden der Flaschenverschluss-M\u00fcll verdreifacht haben!<br \/>\n<\/strong><br \/>\nYes, wie geil, so geht Volks-Protest, danke liebe Schweden! <\/p>\n<p><a href='https:\/\/www.europarl.europa.eu\/doceo\/document\/P-10-2025-001804_EN.html'>https:\/\/www.europarl.europa.eu\/doceo\/document\/P-10-2025-001804_EN.html<\/a><\/p>\n<blockquote><p>\n&#8220;However, since the EU requirement was introduced in 2024, the number of plastic bottle caps found on the beaches of Sweden\u2019s west coast has tripled. <\/p>\n<p>Local beach litter\u2011pickers think the increase might be down to people expressing their frustration at the ridiculous requirements by pulling off the caps and using nature as a bin. The EU\u2019s rules are therefore potentially causing an increase in plastic pollution&#8221;\n<\/p><\/blockquote>\n<p>Vmtl. darf ich hier nicht \u00f6ffentlich zum Nachmachen aufrufen .. aber ihr kennt meine Haltung!<\/p>\n<p>(Ehrlich gesagt, wenn das Band wesentlich l\u00e4nger w\u00e4re und die Verschl\u00fcsse entsprechend weiter runter h\u00e4ngen w\u00fcrden, w\u00fcrde es mich vielleicht nicht st\u00f6ren.)<\/p>\n<p>Puh, da muss man echt immer aufpassen, auch schon wieder krass.. im EU-Roaming von Magenta (AT) ist ja Norwegen und UK (inkl. Isle of Man) enthalten, nicht die Schweiz, aber Liechtenstein. Und Andorra auch nicht, das ist n\u00e4mlich auch kein EU-Mitglied. Das z\u00e4hlt wie die Schweiz zur Zone 2 und teure 11,26 \u20ac pro MEGABYTE (Rest der Welt: 15,36 \u20ac, kaum teurer). Das will man dann lieber vorher ausschalten &#8230;. oder ein Paket kaufen ..  &#8211; 500 MB Paket 15 \u20ac auch nicht gerade g\u00fcnstig&#8230;<\/p>\n<p>Bei A1 z\u00e4hlt Andorra (wie auch Monaco) sogar zur teuersten Zone 4 und ist damit teurer als z.B. China (2) oder Indien\/Russland (3).<\/p>\n<p>Aber weil AND so klein ist, sollte man ja hoffentlich an manchen Orten, sp\u00e4stens n\u00e4he der Grenzp\u00e4sse, einen Empfang aus ES oder FR haben ?! Problematisch k\u00f6nnte aber auch das umgekehrte Szenario sein, man ist in FR oder ES nahe der Grenze zu AND und das Handy bucht dann in das teure AND-Netz ein &#8230;.<\/p>\n<p>Ansonsten die andorranische eSim f\u00fcr Touristen, 12 GB 20 \u20ac oder 3 GB 10 \u20ac (1 Monat).<\/p>\n<p>Spanien wird auch etwas unsympathischer, lt. \u00d6AMTC-L\u00e4nderinfo: &#8220;Navigationsger\u00e4t: Das Bedienen eines Navigationsger\u00e4tes w\u00e4hrend der Fahrt ist verboten.&#8221; <\/p>\n<p><strong>Fr, 29.8.2025<\/strong><\/p>\n<p>Monatsende, Datenvolumen aufbrauchen &#8230;. Backups, Updates, etc.  &#8211; und das Navi nochmals aus dem Auto holen, denn da hatte ich aus Platzgr\u00fcnden zuletzt ja Spanien\/Portugal\/Andorra gel\u00f6scht, dass muss jetzt neu aufgespielt (und ggf. die neue Karte heruntergeladen) werden &#8230;<\/p>\n<p><strong>So, 31.8.2025<\/strong><\/p>\n<p>Gestern 1x und heute 3x im Auto Schrank-Tetris gespielt auf der Suche nach neuen M\u00f6glichkeiten, da die Pfanne wegf\u00e4llt, ich weniger Zeug mitnehmen m\u00f6chte und einen Teil der Kartons nicht mehr unter dem Schrank lagern wollte ..<\/p>\n<p><a href='http:\/\/extra.inmontanis.info\/d\/132642-2\/schranktetris2.jpg'><img src=http:\/\/extra.inmontanis.info\/d\/132642-2\/schranktetris2.jpg \/><\/a><br \/>\n^ Schrank-Tetris, zuf\u00e4llige Auswahl aus \u00fcber 90 Fotos<\/p>\n<p>Mal einen Blick auf die Gletscherwebcams .. Hintertux bekam immer mal wieder Schnee in letzter Zeit, sch\u00f6n wei\u00df oben, die h\u00e4tten heuer wohl eher durchfahren k\u00f6nnen.<\/p>\n<p>M\u00f6lltaler w\u00e4re dagegen quasi komplett in 2 Teile zerfallen &#8211; einzig durch das abgedeckte Schneedepot ist dem noch nicht der Fall.<\/p>\n<p>Tja .. Sommerski auf den Gletschern macht seine letzten Atemz\u00fcge. Da k\u00f6nnte ich mir sogar vorstellen, eine Ausnahme meines Italien-Boykotts zu machen, jedenfalls falls ich mir irgendwann nochmals am Plateau Rosa im Sommer Ski fahren leisten wollen sollte, dann wohl doch von italienischer Seite aus, weil g\u00fcnstiger; Helmpflicht wird man ja hoffentlich beim Rauffahren mit der Seilbahn nicht haben ;) Und oben ist man ja eh in der Schweiz.<\/p>\n<p>Aber warum sollte ich f\u00fcr einen  halben Tag Ski fahren so viel bezahlen.. Kostet ja heuer schon im Sommer 63 \u20ac. Crazy. N\u00f6. Nicht mit mir. Da wird die Schweiz fr\u00fcher Helmpflicht einf\u00fchren als ich Lust h\u00e4tte, so viel Geld daf\u00fcr auszugeben. Um unter 100 \u20ac bekommt man in K\u00e4rnten die Sommer-Karte, womit man den ganzen Sommer Seilbahnen, Museen usw. gratis besuchen kann; \u00e4hnlich hat ja auch mein English-Hertiage-Pass  letzte Jahr gekostet. Warum sollte man dann f\u00fcr nur einen einzigen kurzen halben Tag auf Skiern so viel ausgeben? Wenn man eh 150-180 Tage im Winter Ski f\u00e4hrt? Das Verh\u00e4ltnis passt einfach nicht mehr.<\/p>\n<p>Im Bett noch Fahrstrecken und \u00dcbernachtungspl\u00e4tze an m\u00f6glichen Zwischenziele in FR durchgegangen .. weiowei. Diese riesigen St\u00e4dte, der zu erwartende Verkehr dort, der noch schlimmere Verkehr am Mittelmeer, die schwierige (ruhige) \u00dcbernachtungssituation  .. da hab ich schon etwas weniger Lust, nicht nach Skandinavien zu fahren ;)<\/p>\n<p>Was ich in den letzten Jahren ja schon rausgefunden hab f\u00fcr eine ruhige Nacht ..<br \/>\n.. meide gr\u00f6\u00dfere Ortschaften und St\u00e4dte und Parkpl\u00e4tze drumherum<br \/>\n.. insbesondere Parkpl\u00e4tze mit Aussicht &#8211; es kommen bis  sp\u00e4t in die Nacht Besucher<br \/>\n.. meide Pendlerparkpl\u00e4tze, die werden sp\u00e4testens ab 6 Uhr befahren (Waldparkpl\u00e4tze mit Jogger und Gassigeher normalerweise erst etwas sp\u00e4ter)<br \/>\n.. am ruhigsten sind dann noch Sackgassen in Industrievierteln (au\u00dfer n\u00e4chtliche LKW-Lieferung) und in ruhigen Wohngebieten<\/p>\n<p>&#8211; &#8211; &#8211; <\/p>\n<p>Vorbereitung auf Krieg in DE in allen Ecken: &#8220;Operationsplan Deutschland\u201c: Sachsens Gemeinden sollen sich auf Krieg mit Russland vorbereiten&#8221;<br \/>\n<a href='https:\/\/www.nachdenkseiten.de\/?p=137985'>https:\/\/www.nachdenkseiten.de\/?p=137985<\/a><\/p>\n<p>&#8220;Europa und Krieg sind Synonyme. Europa ist die Wiege aller Weltkriege und die Quelle aller Kolonialkriege &#8230;&#8221;<br \/>\n&#8220;&#8230; die europ\u00e4ische Zivilisation historisch gesehen extrem narzisstisch, aggressiv, expansiv, grenzenlos von ihrer eigenen Richtigkeit \u00fcberzeugt und r\u00fccksichtslos gegen\u00fcber Fremden und Schwachen.&#8221;<br \/>\n<a href='https:\/\/anti-spiegel.ru\/2025\/die-aggressive-politik-der-eu-und-ihre-gruende\/'>https:\/\/anti-spiegel.ru\/2025\/die-aggressive-politik-der-eu-und-ihre-gruende\/<\/a><\/p>\n","protected":false},"excerpt":{"rendered":"<p>So, 24.8.2025<\/p>\n<p>Auf dem Weg noch an einem McD gehalten, schauen, was Fr\u00fchst\u00fcck mittlerweile in AT kostet. Da war ganz sch\u00f6n was los! <\/p>\n<p>3,60 \u20ac f\u00fcr einen so einen kleinen McMuffin Egg&#038;Bacon??? Nicht mit mir! Ich nahm einen Hamburger um 1,50 (somit 50% teurer als vor nicht all zu langer Zeit, wo er 1 <a href=\"http:\/\/blog.inmontanis.info\/?p=10874\">[&#8230;]<\/a><\/p>\n","protected":false},"author":1,"featured_media":10876,"comment_status":"closed","ping_status":"closed","sticky":false,"template":"","format":"standard","meta":{"footnotes":""},"categories":[59,13],"tags":[40],"class_list":["post-10874","post","type-post","status-publish","format-standard","has-post-thumbnail","hentry","category-nostalgie","category-austria","tag-strasenbahn","odd"],"_links":{"self":[{"href":"http:\/\/blog.inmontanis.info\/index.php?rest_route=\/wp\/v2\/posts\/10874","targetHints":{"allow":["GET"]}}],"collection":[{"href":"http:\/\/blog.inmontanis.info\/index.php?rest_route=\/wp\/v2\/posts"}],"about":[{"href":"http:\/\/blog.inmontanis.info\/index.php?rest_route=\/wp\/v2\/types\/post"}],"author":[{"embeddable":true,"href":"http:\/\/blog.inmontanis.info\/index.php?rest_route=\/wp\/v2\/users\/1"}],"replies":[{"embeddable":true,"href":"http:\/\/blog.inmontanis.info\/index.php?rest_route=%2Fwp%2Fv2%2Fcomments&post=10874"}],"version-history":[{"count":2,"href":"http:\/\/blog.inmontanis.info\/index.php?rest_route=\/wp\/v2\/posts\/10874\/revisions"}],"predecessor-version":[{"id":10877,"href":"http:\/\/blog.inmontanis.info\/index.php?rest_route=\/wp\/v2\/posts\/10874\/revisions\/10877"}],"wp:featuredmedia":[{"embeddable":true,"href":"http:\/\/blog.inmontanis.info\/index.php?rest_route=\/wp\/v2\/media\/10876"}],"wp:attachment":[{"href":"http:\/\/blog.inmontanis.info\/index.php?rest_route=%2Fwp%2Fv2%2Fmedia&parent=10874"}],"wp:term":[{"taxonomy":"category","embeddable":true,"href":"http:\/\/blog.inmontanis.info\/index.php?rest_route=%2Fwp%2Fv2%2Fcategories&post=10874"},{"taxonomy":"post_tag","embeddable":true,"href":"http:\/\/blog.inmontanis.info\/index.php?rest_route=%2Fwp%2Fv2%2Ftags&post=10874"}],"curies":[{"name":"wp","href":"https:\/\/api.w.org\/{rel}","templated":true}]}}