{"id":1087,"date":"2010-02-21T12:00:10","date_gmt":"2010-02-21T11:00:10","guid":{"rendered":"http:\/\/blog.inmontanis.info\/?p=1087"},"modified":"2023-08-03T22:08:03","modified_gmt":"2023-08-03T20:08:03","slug":"eremo-monte-carpegna-21-2-2010","status":"publish","type":"post","link":"http:\/\/blog.inmontanis.info\/?p=1087","title":{"rendered":"Eremo Monte Carpegna, 21.2.2010"},"content":{"rendered":"<p><strong>&#8220;SOS.2010&#8221; Tag 2, 21.2.2010, Teil 1: Eremo &#8211; Monte Carpegna<\/strong><\/p>\n<p><img src=http:\/\/extra.inmontanis.info\/d\/3062-3\/route5.jpg \/><br \/>\nB: Eremo &#8211; Monte Carpegna<\/p>\n<p>Vorabend<\/p>\n<p>Tja, wohin denn nun morgen? 16 Uhr geht die F\u00e4hre, 2 Stunden muss man fr\u00fcher da sein, und die Skigebiete sind 1,5-2h entfernt. Hm. Was h\u00e4tten wir da zur Auswahl?<\/p>\n<p>&#8211; Eremo Monte Carpegna. Graffer-3SB mit 7 Abfahrten und evtl. Meer-Pano, ca. 4,5h vom Bondone entfernt und ca. 2h nach Ancona. Ge\u00f6ffnet.<\/p>\n<p>&#8211; Mone Nerone. SL mit 4 Waldabfahrten im Gipfelbereich, evtl. Meer-Pano. Ge\u00f6ffnet. Aber wo f\u00e4hrt man rauf? Und mind. 1h weiter weg, Fahrt nach Ancona mit 2h ist gleich.<\/p>\n<p>&#8211; Monte Catria. Ok, letztes Jahr ein Flop, aber mit Pano sicher einige Spuren geiler. Ebenfalls ca. 1h weiter, daf\u00fcr mit 1:40 n\u00e4her an Ancona. Talabfahrt aber aktuell geschlossen, und nur das obere St\u00fcck ist witzlos. Gestrichen.<\/p>\n<p>&#8211; Bolognola bzw. Sarnano-Sassotetto. 1h l\u00e4ngere Fahrt und nach Ancona dann k\u00fcrzer, 1:30-1:45. Genauer Status allerdings nicht eruierbar gewesen. Die Skiclub-Seite von Bolognola ist Anfang Februar oder Ende J\u00e4nner zuletzt mit &#8220;in Betrieb&#8221; stehen geblieben, auf DoveSciare steht zwar alle Anlagen in Betrieb aber 10-20cm Schnee? Da ich schon 2 oder 3x in Bolognola vorbeifuhr und nix ging, glaub ich da langsam nix mehr. Daneben Sarnano ebenfalls keine aktuellen Daten auf der Homepage gefunden, wieder nur in DoveSciare stand drin, dass man mit 20-60cm die Anlagen offen hat. Auch hier war ich schon 2-3x erfolglos.<\/p>\n<p>Mittlerweile war es 15:30 und die geplane Ankunftszeit in Sarnano w\u00e4re 21 Uhr gewesen. Und dann noch ein Hotel suchen. Pf&#8230; ich wei\u00df net&#8230;. und um 12 Uhr muss ich ja wieder aufh\u00f6ren. F\u00fcr Sarnano eigentlich zu kurz, f\u00fcr Bolognola ausreichend.<\/p>\n<p>Also doch Eremo. Geplante Ankunfstzeit unten in Villagrande 19:50 und einige Hotels lt. Navi, ok, da wird sich was finden.<\/p>\n<p>Zwischen Modena und Bologna gab&#8217;s mal kurz heftigen Regen bzw. starker Hagel, allerdings recht kleine Kugeln, aber sehr laut und die Stra\u00dfen waren leicht wei\u00df. Hatte ich auch noch nie erlebt.<\/p>\n<p>Weiter bis Rimini und dann etwas umwegig via San Marino, weil da so eine sch\u00f6ne zweispurige Stra\u00dfe in der Landkarte war, vielleicht kann ich die morgen Mittag auch nehmen, da w\u00fcrde man vielleicht weniger Zeit verlieren als auf den einspurigen kurvigen Appennin-Stra\u00dfen. Ok, sie war 2-spurig, aber laufend 50-70km\/h und etliche Ampeln, an denen man halten musste. Aber immerhin keine Zeit verloren. Trotz extremen Nebels in den h\u00f6heren Regionen &#8211; Sichtweiten von um die 10-20m, weil ja auch noch Nacht war, voll krass. <\/p>\n<p>In Villagrande beim ersten Hotel &#8211; haufenweise Autos. Bei 14 Zimmern? Da brauch ich nicht fragen. N\u00e4chstes Hotel nicht gefunen, \u00fcbern\u00e4chstes auch nicht, weiter in den n\u00e4chsten Ort gefahren, am ersten der Parkplatz mit noch mehr Autos komplett voll &#8211; fragen er\u00fcbrigt sich, n\u00e4chstes Hotel sah mir von au\u00dfen zu sch\u00e4big aus, und das letzte war wohl zu.<\/p>\n<p>Also retour nach Villagrande, die Hotels nochmal suchen. Ja, da ist es ja, das 3-Sterne-Hotel Parc. Einfahrt war offen, 2 Autos davor, ein Licht brannte, T\u00fcr war offen, aber Rezeption unbeleuchtet, keiner da. Haufenweise Zimmer lt. Schl\u00fcsselbrett, aber zu. Nerv. Letze Chance im Hotel Villagrande, Schild von au\u00dfen nicht beleuchtet, trotzdem gefunden. War mal **, jetzt nur noch *. Ok, Zimmer hattens, hat gepasst, 30,- \u00dcF auch OK, ist genommen. Inkl. gepolsterter WC-Brille, hatte ich in einem Hotel auch noch nie. F\u00fchl ich mich gleich wie daheim! Mal ehrlich, versteh ich nicht ganz, warum die Dinger sich so schlecht verkaufen, dass man sie fast nirgends bekommt. Ist wie mit Tempomat oder Automtik beim Autofahren, einmal gehabt, m\u00f6chte man es nie wieder missen und auf harten WC-Sitzen hocken m\u00fcssen :-)<\/p>\n<p>Mittlerweile hat&#8217;s mal wieder etwas geschneit &#8211; he, morgen solls doch so sonnig sein??? Wehe da ist morgen Sturm und kein Betrieb, ich hab doch keine Zeit morgen noch wo anders hinzufahren! Bei 2h Abfahrt + etwas Puffer sollte ich ja bereis um 11:30 wieder ab gen Ancona fahren. Wobei das mit den 2h-Check-In .. 1h reicht bestimmt auch noch, k\u00f6nnen ja eh nicht alle Autos auf einmal einweisen&#8230;<\/p>\n<p>&#8212;<\/p>\n<p>Fr\u00fch dann &#8211; sch\u00f6nes Wetter, 3SB lief, SL nicht &#8211; und: Eklatanter Schneemngel! Vormittagskarte um 14,- gekauft und von 8:40-11:15 auf Skiern gestanden.<\/p>\n<p>Hie\u00df es am Freitag noch, 6\/7 Abfahrten in Betrieb, waren mittlerweile nur noch 2 offen. Dank Regen und danach Schnee gestern gab&#8217;s stellenweise gro\u00dfe Eisplaten (abseits der ge\u00f6ffneten Pisten), schlu\u00dfendlich konnte ich aber doch fast alle Abfahrten fahren. Und: Sch\u00f6nes Meer-Pano gehabt.<\/p>\n<p>Fotos, anklicken zum Vergr\u00f6\u00dfern, soweit nicht vergr\u00f6\u00dfert gepostet:<\/p>\n<p><a href='http:\/\/ski.inmontanis.info\/d\/110155-2\/P1480377.JPG'><img src=http:\/\/ski.inmontanis.info\/d\/110153-3\/P1480377.JPG \/><\/a><br \/>\n^ Pistenplan. F\u00fcr eine einzige 3SB hat man schon viele M\u00f6glichkeiten, v.a. weil die 7er auch viele Sub-Varianten bietet&#8230;<\/p>\n<p><a href='http:\/\/ski.inmontanis.info\/d\/110159-2\/eremo20100221.jpg'><img src=http:\/\/ski.inmontanis.info\/d\/110158-3\/eremo20100221.jpg \/><\/a><br \/>\n^ GPS-Track. Offiziell offen waren ja nur 2 Abfahrten &#8230; ;)<\/p>\n<p><a href='http:\/\/ski.inmontanis.info\/d\/110163-2\/P1480370.JPG'><img src=http:\/\/ski.inmontanis.info\/d\/110162-3\/P1480370.JPG \/><\/a><br \/>\n^ Skigebiet Villagrande &#8211; Montecopiolo unterhalb des Monte Carpegna, mit seinen 2 SL, vmtl. wg. Schneemangel dzt. geschlossen.<\/p>\n<p><a href='http:\/\/ski.inmontanis.info\/d\/110168-2\/P1480371.JPG'><img src=http:\/\/ski.inmontanis.info\/d\/110167-3\/P1480371.JPG \/><\/a><br \/>\n^ Skigebiet Villagrande &#8211; Montecopiolo unterhalb des Monte Carpegna, unterer SL<\/p>\n<p><a href='http:\/\/ski.inmontanis.info\/d\/110172-2\/P1480372.JPG'><img src=http:\/\/ski.inmontanis.info\/d\/110171-3\/P1480372.JPG \/><\/a><br \/>\n^ Skigebiet Villagrande &#8211; Montecopiolo unterhalb des Monte Carpegna, oberer SL<\/p>\n<p><a href='http:\/\/ski.inmontanis.info\/d\/110176-2\/P1480373.JPG'><img src=http:\/\/ski.inmontanis.info\/d\/110175-3\/P1480373.JPG \/><\/a><br \/>\n^ Blick hinauf zur 3SB. Schnee sehr stark verblasen und durch Hitze und Regen der letzten Tage stark dezimiert&#8230;<\/p>\n<p><a href='http:\/\/ski.inmontanis.info\/d\/110180-2\/P1480376.JPG'><img src=http:\/\/ski.inmontanis.info\/d\/110179-3\/P1480376.JPG \/><\/a><br \/>\n^ Zoom zur 3SB<\/p>\n<p><a href='http:\/\/ski.inmontanis.info\/d\/110184-2\/P1480378.JPG'><img src=http:\/\/ski.inmontanis.info\/d\/110183-3\/P1480378.JPG \/><\/a><br \/>\n^ 3SB von Graffer mit orangenen Sesseln, Strecke von der Talstation aus<\/p>\n<p><a href='http:\/\/ski.inmontanis.info\/d\/110188-2\/P1480379.JPG'><img src=http:\/\/ski.inmontanis.info\/d\/110187-3\/P1480379.JPG \/><\/a><br \/>\n^ Blick zum im Mittelteil parallelen SL, wg. Schneemangels dzt. geschlossen<\/p>\n<p><img src=http:\/\/ski.inmontanis.info\/d\/110192-2\/P1480381.JPG \/><br \/>\n^ Auffahrt mit der 3SB an der beschneiten Abfahrt, in der netterweise einige B\u00e4ume stehen gelassen wurden.<\/p>\n<p><img src=http:\/\/ski.inmontanis.info\/d\/110196-2\/P1480382.JPG \/><br \/>\n^ 3SB, Bergstation SL und Tal-Pano mit Meer-Blick<\/p>\n<p><a href='http:\/\/ski.inmontanis.info\/d\/110201-2\/P1480384.JPG'><img src=http:\/\/ski.inmontanis.info\/d\/110200-3\/P1480384.JPG \/><\/a><br \/>\n^ Oberster Teil der 3SB<\/p>\n<p><img src=http:\/\/ski.inmontanis.info\/d\/110205-2\/P1480387.JPG \/><br \/>\n^ Pano mit 3SB und Meerblick<\/p>\n<p><a href='http:\/\/ski.inmontanis.info\/d\/110209-2\/P1480434.JPG'><img src=http:\/\/ski.inmontanis.info\/d\/110208-3\/P1480434.JPG \/><\/a><br \/>\n^ Zoom \u00fcber die 3SB zur K\u00fcste und dem Mittelmeer<\/p>\n<p><a href='http:\/\/ski.inmontanis.info\/d\/110213-2\/P1480441.JPG'><img src=http:\/\/ski.inmontanis.info\/d\/110212-3\/P1480441.JPG \/><\/a><br \/>\n^ SL, quasi komplette Strecke<\/p>\n<p><a href='http:\/\/ski.inmontanis.info\/d\/110217-2\/P1480399.JPG'><img src=http:\/\/ski.inmontanis.info\/d\/110216-3\/P1480399.JPG \/><\/a><br \/>\n^ Talstation 3SB, SL, rechts befinden sich noch 2 F\u00f6rderb\u00e4nder.<\/p>\n<p><img src=http:\/\/ski.inmontanis.info\/d\/110221-2\/P1480400.JPG \/><br \/>\n^ Bergw\u00e4rts gesehen ganz linke Abfahrt mit sch\u00f6nem Flachlandpano, Schneeh\u00f6he teilweise im Millimeterbereich. Diese Panos mag ich so am Appennin.<\/p>\n<p><a href='http:\/\/ski.inmontanis.info\/d\/110225-2\/P1480403.JPG'><img src=http:\/\/ski.inmontanis.info\/d\/110224-3\/P1480403.JPG \/><\/a><br \/>\n^ Skigebiet von der ganz linken Abfahrt aus gesehen, man sieht die 2 F\u00f6rderb\u00e4nder in Reihe.<\/p>\n<p><a href='http:\/\/ski.inmontanis.info\/d\/110230-2\/P1480406.JPG'><img src=http:\/\/ski.inmontanis.info\/d\/110229-3\/P1480406.JPG \/><\/a><br \/>\n^ Oberes F\u00f6rderband, SL und 3SB<\/p>\n<p><a href='http:\/\/ski.inmontanis.info\/d\/110234-2\/P1480407.JPG'><img src=http:\/\/ski.inmontanis.info\/d\/110233-3\/P1480407.JPG \/><\/a><br \/>\n^ Blick vom F\u00f6rderband zu Talstation 3SB, Parkplatz und dem rechten Bereich, im Wald links versteckt das Santuario<\/p>\n<p><img src=http:\/\/ski.inmontanis.info\/d\/110238-2\/P1480423.JPG \/><br \/>\n^ .. und von der Gegenrichtung, aus dem rechten Skigebietsteil Blick zu den F\u00f6rderb\u00e4ndern und \u00fcbers Flachland, links das Mittelmeer.<\/p>\n<p><a href='http:\/\/ski.inmontanis.info\/d\/110242-2\/P1480425.JPG'><img src=http:\/\/ski.inmontanis.info\/d\/110241-3\/P1480425.JPG \/><\/a><br \/>\n^ Weite Gipfel-H\u00e4nge rechts des Skigebiets<\/p>\n<p><a href='http:\/\/ski.inmontanis.info\/d\/110246-2\/P1480443.JPG'><img src=http:\/\/ski.inmontanis.info\/d\/110245-3\/P1480443.JPG \/><\/a><br \/>\n^ Eine der rechten Varianten geht recht steil und eng durch den lichten Wald&#8230;<\/p>\n<p><a href='http:\/\/ski.inmontanis.info\/d\/110250-2\/P1480428.JPG'><img src=http:\/\/ski.inmontanis.info\/d\/110249-3\/P1480428.JPG \/><\/a><br \/>\n^ .. und dann direkt am Santuario vorbei.<\/p>\n<p><img src=http:\/\/ski.inmontanis.info\/d\/110254-2\/P1480417.JPG \/><br \/>\n^ Gipfel-Pano mit 3SB und dem Gipfel-Plateau<\/p>\n<p><img src=http:\/\/ski.inmontanis.info\/d\/110258-2\/1480408-10.jpg \/><br \/>\n^ R\u00fcckseiten-Pano (Nord-West)<\/p>\n<p><img src=http:\/\/ski.inmontanis.info\/d\/110262-2\/1480413-18.jpg \/><br \/>\n^ Ost-Pano<\/p>\n<p><a href='http:\/\/ski.inmontanis.info\/d\/110266-2\/P1480444.JPG'><img src=http:\/\/ski.inmontanis.info\/d\/110265-3\/P1480444.JPG \/><\/a><br \/>\n^ Zoom San Marino (am hinteren Berghang), dahinter Rimini, dahinter Mittelmeer (Adria)<\/p>\n<p><img src=http:\/\/ski.inmontanis.info\/d\/110270-2\/P1480439.JPG \/><br \/>\n^ Zoom vmtl. Rimini und Mittelmeer (Adria)<\/p>\n<p><img src=http:\/\/ski.inmontanis.info\/d\/110275-2\/P1480433.JPG \/><br \/>\n^ Meer-Pano<\/p>\n<p><a href='http:\/\/ski.inmontanis.info\/d\/110279-2\/P1480442.JPG'><img src=http:\/\/ski.inmontanis.info\/d\/110278-3\/P1480442.JPG \/><\/a><br \/>\n^ Zoom Mittelmeer. Konnte man stellenweise ganz gut sehen, mit blo\u00dfem Auge.<\/p>\n<p>Fazit: Ganz nettes, typisches Appennin-Gebiet mit tollem Pano und vielen M\u00f6glichkeiten, das trotz nur eines, nicht mal 1km langen Lifts, viele Stunden Spa\u00df macht.<\/p>\n","protected":false},"excerpt":{"rendered":"<p>&#8220;SOS.2010&#8221; Tag 2, 21.2.2010, Teil 1: Eremo &#8211; Monte Carpegna<\/p>\n<p> B: Eremo &#8211; Monte Carpegna<\/p>\n<p>Vorabend<\/p>\n<p>Tja, wohin denn nun morgen? 16 Uhr geht die F\u00e4hre, 2 Stunden muss man fr\u00fcher da sein, und die Skigebiete sind 1,5-2h entfernt. Hm. Was h\u00e4tten wir da zur Auswahl?<\/p>\n<p>&#8211; Eremo Monte Carpegna. Graffer-3SB mit 7 Abfahrten <a href=\"http:\/\/blog.inmontanis.info\/?p=1087\">[&#8230;]<\/a><\/p>\n","protected":false},"author":1,"featured_media":0,"comment_status":"open","ping_status":"closed","sticky":false,"template":"","format":"standard","meta":{"footnotes":""},"categories":[73,492,15,27],"tags":[55,37,47],"class_list":["post-1087","post","type-post","status-publish","format-standard","hentry","category-201002sos","category-eremo-carpegna","category-italienitaly","category-skifahren-winterskiing-winter","tag-3sb","tag-meer","tag-sl","odd"],"_links":{"self":[{"href":"http:\/\/blog.inmontanis.info\/index.php?rest_route=\/wp\/v2\/posts\/1087","targetHints":{"allow":["GET"]}}],"collection":[{"href":"http:\/\/blog.inmontanis.info\/index.php?rest_route=\/wp\/v2\/posts"}],"about":[{"href":"http:\/\/blog.inmontanis.info\/index.php?rest_route=\/wp\/v2\/types\/post"}],"author":[{"embeddable":true,"href":"http:\/\/blog.inmontanis.info\/index.php?rest_route=\/wp\/v2\/users\/1"}],"replies":[{"embeddable":true,"href":"http:\/\/blog.inmontanis.info\/index.php?rest_route=%2Fwp%2Fv2%2Fcomments&post=1087"}],"version-history":[{"count":5,"href":"http:\/\/blog.inmontanis.info\/index.php?rest_route=\/wp\/v2\/posts\/1087\/revisions"}],"predecessor-version":[{"id":9031,"href":"http:\/\/blog.inmontanis.info\/index.php?rest_route=\/wp\/v2\/posts\/1087\/revisions\/9031"}],"wp:attachment":[{"href":"http:\/\/blog.inmontanis.info\/index.php?rest_route=%2Fwp%2Fv2%2Fmedia&parent=1087"}],"wp:term":[{"taxonomy":"category","embeddable":true,"href":"http:\/\/blog.inmontanis.info\/index.php?rest_route=%2Fwp%2Fv2%2Fcategories&post=1087"},{"taxonomy":"post_tag","embeddable":true,"href":"http:\/\/blog.inmontanis.info\/index.php?rest_route=%2Fwp%2Fv2%2Ftags&post=1087"}],"curies":[{"name":"wp","href":"https:\/\/api.w.org\/{rel}","templated":true}]}}