{"id":10868,"date":"2025-08-23T18:25:31","date_gmt":"2025-08-23T16:25:31","guid":{"rendered":"http:\/\/blog.inmontanis.info\/?p=10868"},"modified":"2025-08-27T19:43:57","modified_gmt":"2025-08-27T17:43:57","slug":"plananderung-pyrenaen-spanien-nahen-karpfen-burg-deutschlandsberg-15-23-8-2025","status":"publish","type":"post","link":"http:\/\/blog.inmontanis.info\/?p=10868","title":{"rendered":"Plan\u00e4nderung: Pyren\u00e4en &#038; Spanien \/ N\u00e4hen + Karpfen + Burg Deutschlandsberg, 15.-23.8.2025"},"content":{"rendered":"<p><em>Hinweis: neuer Webserver seit 27.8.2025 online, bei Problemen bitte melden &#8211; aktuell zumindest VIIIEL schneller)<\/em><\/p>\n<p><strong>Fr, 15.8.2025<\/strong> (Feiertag)<\/p>\n<p>Nachdem ich nun 24\u00b0 in der Wohnung erreicht hab &#8211; das reicht, jetzt komm ich ins Schwitzen ;) <\/p>\n<p>War gegen 9\/10 Uhr am Auto paar Sachen machen, drau\u00dfen mir heute auch zu warm. <\/p>\n<p><a href='http:\/\/extra.inmontanis.info\/d\/132559-2\/dsc05687.jpg'><img src=http:\/\/extra.inmontanis.info\/d\/132558-3\/dsc05687.jpg \/><\/a><br \/>\n^ Die mushy peas wurden zu 2x fish&#8217;n&#8217;chips erg\u00e4nzt und heute zu steak pie &amp; chips<\/p>\n<p><strong>Sa, 16.8.2025<\/strong><\/p>\n<p>Ich fuhr morgens mal zum B\u00e4cker rauf ins Skigebiet. Die langen Baguettes waren leider von gestern und somit nicht verk\u00e4uflich, also nahm ich 4 statt 2 Semmeln mit. Diesmal wieder die doppelten, kosten 1 \u20ac pro St\u00fcck, wurden aber nur 3 verrechnet. Ein Mandelh\u00f6rnchen (kein Croissant) kostete 3,50 \u20ac. <\/p>\n<p><a href='http:\/\/ski.inmontanis.info\/d\/341096-2\/dsc05690.jpg'><img src=http:\/\/ski.inmontanis.info\/d\/341095-3\/dsc05690.jpg \/><\/a><br \/>\n^ Schneiteich und SL Hipfl<\/p>\n<p><a href='http:\/\/extra.inmontanis.info\/d\/132563-2\/dsc05710.jpg'><img src=http:\/\/extra.inmontanis.info\/d\/132562-3\/dsc05710.jpg \/><\/a><br \/>\n^ Das z\u00e4hlt als 4 Semmeln<\/p>\n<p>Sp\u00e4ter fing ich endlich mal mit dem Auto-Bett\u00fcberzug an, die beiden Stoffe zerschnitten, mit Nadeln fixiert und .. was dann, runtertun und mit der dicken Nadell\u00f6sung samt Unterfaden, aber wie komm ich dann zu dem Unterfaden vern\u00fcnftig hin?!<\/p>\n<p>Ich entschied also, die zwei Stoffe mit 1-vor-0,5-zur\u00fcck-Stichen direkt auf der (aber nat\u00fcrlich nicht auf die!) Matratze fest zu n\u00e4hen, dann passt auch die Stoffspannung.<\/p>\n<p>Dass ich diesmal eine der beiden langen (statt kurzen) Seiten offen lassen m\u00f6chte, hat 2 Gr\u00fcnde: Zum einen ist es recht schwierig, den \u00dcberzug rauf zu ziehen \u00fcber die schmale Seite, weil der Schaumstoff sehr &#8220;klebrig&#8221; ist, was den \u00dcberzug betrifft, ein anderer Grund ist aber, dass ich ja 2 Heizelemente drin hab, deren Kabel nach drau\u00dfen gelegt werden m\u00fcssen &#8211; so spar ich mir diese L\u00f6cher.<\/p>\n<p><a href='http:\/\/extra.inmontanis.info\/d\/132567-2\/dsc05717.jpg'><img src=http:\/\/extra.inmontanis.info\/d\/132566-3\/dsc05717.jpg \/><\/a><br \/>\n^ Ich steckte die umgeschlagenen Kanten mit Nadeln ab .. und entschied mich f\u00fcr eine 2-vor-1-zur\u00fcck-Naht<\/p>\n<p>Mein Plan w\u00e4re derzeit weiterhin, \u00d6sen in den Stoff zu schlagen und dann mit einer Gummischnur (weil da  habend) zu zu ziehen. Wieviel \u00d6sen? Wie die genaue Position bestimmen? <\/p>\n<p><strong>So, 17.8.2025<\/strong><\/p>\n<p>Auch interessant, am Elbrus gab es heuer offiziell bis zum 6.7. Skibetrieb! (F\u00fcr Trainings war sogar l\u00e4nger offen.)<\/p>\n<p><a href='http:\/\/extra.inmontanis.info\/d\/132571-2\/dsc05722.jpg'><img src=http:\/\/extra.inmontanis.info\/d\/132570-3\/dsc05722.jpg \/><\/a><br \/>\n^ Tja, die Fliesen m\u00fcssen derweil in das Schr\u00e4nkchen, wenn ich sie noch nicht mittels Rahmen an die Wand h\u00e4ngen kann. Und ja, der gro\u00dfe Knauf ist etwas gro\u00df und farbig unpassend.<\/p>\n<p>In Frankreich gibts ja auch viele traurige Nachrichten dieses Jahr, weitere Skigebiete, die schlie\u00dfen, u.a. das recht gro\u00dfe Alpes du Grand Serre, das ich nie besucht hatte.<\/p>\n<p>In Saint-Pierre-de-Chartreuse hat man derweil den Hauptlift, die 6KSB, verkauft, soll schon seit wenigen Jahren geschlossen sein. Was bleibt da dann noch gro\u00dfartig \u00fcbrig, dann kann man das Skigebiet auch ganz schlie\u00dfen ..<\/p>\n<p>Hier mein GPS-Track vom 3.2.2023, in Rot die damals schon alle nicht mehr existierenden Lifte (zuvor gab es ja eine Poma-Back2Back-6EUB rechts vom Ort); der t\u00fcrkise Hauptstrich war dann die KSB .. und was bleibt dann ohne die KSB noch \u00fcbrig ..<\/p>\n<p><a href='http:\/\/ski.inmontanis.info\/d\/312066-2\/ge20230203a.jpg'><img src=http:\/\/ski.inmontanis.info\/d\/312065-4\/ge20230203a.jpg \/><\/a><br \/>\n^ GPS-Track 3.2.2023 in T\u00fcrkis und ehemalige Lifte ohne Anspruch auf Korrektheit und Vollst\u00e4ndigkeit in Rot, Magenta die eigentlich recht neue 4SB, die aber ja auch nicht mehr auf dem Plan ist.<\/p>\n<p>In der Schweiz wurden derweil elektrische Tourenski erfunden, allerdings nicht selbstfahrend bergauf, nur unterst\u00fctzend, und mit ca. 4.500 \u20ac noch etwas teuer:<br \/>\n<a href='https:\/\/e-skimo.swiss\/'>https:\/\/e-skimo.swiss\/<\/a><\/p>\n<p>In Kirigisistan will man das gr\u00f6\u00dfte Skigebiet Asiens bauen mit 250 Abfahrtskm .. innerhalb von 3 Jahren?! :)<br \/>\n<a href='https:\/\/www-nevasport-com.translate.goog\/noticias\/art\/68849\/kirguistan-asegura-que-va-a-construir-la-estacion-de-esqui-mas-grande-de\/?_x_tr_sl=auto&#038;_x_tr_tl=en&#038;_x_tr_hl=de&#038;_x_tr_pto=wapp'>https:\/\/www-nevasport-com.translate.goog\/noticias\/art\/68849\/kirguistan-asegura-que-va-a-construir-la-estacion-de-esqui-mas-grande-de\/?_x_tr_sl=auto&#038;_x_tr_tl=en&#038;_x_tr_hl=de&#038;_x_tr_pto=wapp<\/a><\/p>\n<p>Kanin (Slowenien) will n\u00e4chste Saison auch wieder \u00f6ffnen &#8211; dann k\u00f6nnte also f\u00fcr 1 oder 2 Jahre mal wieder die Verbindung zu Sella Nevea m\u00f6glich sein &#8211; bis wieder irgendwas ist ;) Wobei, f\u00fcr mich w\u00e4re ja Sella Nevea nun sowieso nicht mehr erreichbar.<\/p>\n<p>Tja, da hab ich ja echt meine Zweifel, ob ich n\u00e4chstes Fr\u00fchjahr irgendwelche g\u00fcnstigen Sasionkarten-Vorverk\u00e4ufe (z.B. f\u00fcr die Pyren\u00e4en) t\u00e4tigen soll .. man stelle sich vor, ich h\u00e4tte mir im Mai irgendeinen Saisonpass f\u00fcr Italien im Vorverkauf gekauft .. k\u00f6nnte ich den nun nicht mehr nutzen &#8230;<\/p>\n<p>.. oder ob ich doch heuer hin sollte? Falls Frankreich oder Spanien n\u00e4chstes Jahr  einen auf Italien macht? Bei den Corona-Skigebietsschlie\u00dfungen war ja auch Italien das erste Land und dann haben&#8217;s alle nachgemacht &#8211; bis auf Schweden. Das \u00fcbrigens dadurch einen regelrechten Boom bekommen hat.<\/p>\n<p>Hier noch ein \u00dcberblick \u00fcber einige der Saisonp\u00e4sse in Spanien bzw. den Pyren\u00e4en, in der Mitte gibts eine Tabelle \u00fcber die Vorverkaufspreise der letzten Saison:<br \/>\n<a href='https:\/\/www-lugaresdenieve-com.translate.goog\/?q=es\/noticia\/forfaits-de-temporada-en-la-peninsula-cuantos-dias-debes-esquiar-para-rentabilizarlos&#038;_x_tr_sl=auto&#038;_x_tr_tl=en&#038;_x_tr_hl=de&#038;_x_tr_pto=wapp'>https:\/\/www-lugaresdenieve-com.translate.goog\/?q=es\/noticia\/forfaits-de-temporada-en-la-peninsula-cuantos-dias-debes-esquiar-para-rentabilizarlos&#038;_x_tr_sl=auto&#038;_x_tr_tl=en&#038;_x_tr_hl=de&#038;_x_tr_pto=wapp<\/a><\/p>\n<p>Ski Pirineos \tAst\u00fan, Candanch\u00fa, Cerler, Formigal-Panticosa, Javalambre, Valdelinares (6) \t390 km \takt. &#8211; 8.10. 929 bzw. werktags 629<br \/>\nN&#8217;PY \tPeyragudes, Piau, Grand Tourmalet, Luz-Ardiden, Cauterets, Gourette y La Pierre St Martin (8) \t250 km \t656 \u20ac<br \/>\nFGC \tLa Molina, Vallter, Valle de N\u00faria, Espot, Port Ain\u00e9, BoiTa\u00fcll (6) \t189 km \t574 \u20ac<br \/>\nBaqueira Beret \tBaqueira, Arties, Beret (1 gran dominio) \t170 km \t1200 \u20ac<br \/>\nSierra Nevada \tSierra Nevada (1 dominio) \t112,5 km \t936 \u20ac<br \/>\nGrandvalira Resorts (Andorra Pass) \tGrandvalira, Pal-Arinsal, Ordino Arcal\u00eds (3) \t308 km \t855 \u20ac<br \/>\nLes Neiges Catalanes \tFont-Romeu, Les Angles, La Quillane, Formigu\u00e8res, Cambre d&#8217;Aze, Port\u00e9-Puymorens (6) \t180 km \t685 \u20ac<\/p>\n<p>Den Andorra-Pass h\u00e4tte man heuer bis Ende Juni um 855,- haben k\u00f6nnen, mittlerweile kostet er 970 oder so.<\/p>\n<p>K\u00f6nnte mir schon vorstellen, da vielleicht 3 dann zu kaufen, 1-2 davon als MO-FR-Werktage-Karte, falls lohnenswert g\u00fcnstiger. Nevada und Baqueira w\u00fcrden preislich und weil nur auf 1 Resort beschr\u00e4nkt, nat\u00fcrlich nicht in Frage kommen. M\u00fcsste mir aber vorher die Gebiete genauer anschauen, um abzusch\u00e4tzen, wie die mir jeweils gefallen k\u00f6nnten und welche P\u00e4sse dann in Frage k\u00e4men &#8230; m\u00f6glichst welche in unterschiedlicheren Regionen, auch was die Schneesicherheit dann anbelangt. <\/p>\n<p>.. aber dann, vorletzte Saison, die K\u00e4rnten-Saisonkarte, fand ich nicht Nassfeld trotz der coolen Landschaft komplett nervig? Bad Kleinkirchheim gefiel mir sehr, Katschberg an einigen Tagen durchaus auch. Turracher H\u00f6he weniger, Gerlitzen noch weniger und Kals-Matrei \u00fcberhaupt nicht. Im Jahr davor fand ich die gro\u00dfen Skistar-Gebiete in Norwegen und Schweden zwar zumeist recht nett &#8211; was aber auch an den vielen zu Sesselbahnen parallelen SL lag.<\/p>\n<p>Nachdem ich heut etliche Bilder aus spanischen Skigebieten und den franz\u00f6sischen Pyren\u00e4en angeschaut hatte &#8211; Lust h\u00e4tte ich darauf schon. Komplettes Kontrastprogramm zu Skandinavien. Pyren\u00e4en heuer, Sommer UK und dann n\u00e4chsten Herbst direkt rauf nach Skandinavien und \u00fcbern\u00e4chsten Sommer mit 1 Jahr-Pickerl-\u00dcberzug retour und gleich 1,5 Jahre unterwegs sein? ;)<\/p>\n<p>Lt. Skiresort.de gibt&#8217;s 674 Lifte und 2136 Pistenkilometer in den Pyren\u00e4en &#8230;und da fehlt  ja noch der Rest von Spanien; einige werden evtl. nicht mehr \u00f6ffnen, andere werden aus Schneemangel vielleicht nicht \u00f6ffnen, aber da sollte doch mehr als genug f\u00fcr einen ganzen Winter drin sein.<\/p>\n<p>So langsam raucht mir der Kopf von den Skigebieten dort dr\u00fcben, den vielen Saisonkarten (es gibt noch einige mehr f\u00fcr eine handvoll Skigebiete, meist um die 3-4, einige Einzelkarten bieten auch freie Tageskarten in anderen Gebeiten an usw.), den vielen Namen, denen ich gro\u00dfteils auch nach mehrmaligem Durchschauen nach wie vor keinen Pistenplan zuordnen kann &#8230;<\/p>\n<p>Und Spanien gibts ja auch noch. Masella ist auch ein interessanter Kandidat, was Saisonkarten angeht. Also f\u00fcr dieses variable Angebot find ich Spanien ja schon sehr geil, da gibts Saisonkarten (Daten und Vorverkaufspreise bis Mitte Nov. von letzter Saison):<br \/>\n&#8211; f\u00fcr alle Tage 680,-<br \/>\n&#8211; f\u00fcr ohne Samstage 550,- (Einschr\u00e4nkung nur bis 10.3., danach tgl.)<br \/>\n&#8211; nur f\u00fcr Sonntage 360,-<br \/>\n&#8211; nur f\u00fcr Werktage MO-FR 390,- (+ nicht in den Weihnachtsferien; Einschr\u00e4nkung nur bis 10.3., danach tgl.)<br \/>\n&#8211; nur f\u00fcr einen Tag pro Woche (Wochentag muss bei Kauf festgelegt werden) 260,-<br \/>\n&#8211; und sogar Nur-Nachmittags-Saisonkarten ab 13 Uhr 360,- (Einschr\u00e4nkung nur bis 10.3., danach ganztags).  Das hab ich ja noch nie geh\u00f6rt.<\/p>\n<p>Jedenfalls, die generelle Saisonkarte, die f\u00fcr Ohne-Samstage und die f\u00fcr Werktage gilt zudem weltweit in ca. 50 Resorts f\u00fcr 100 verg\u00fcnstigte oder gratis Skitage. Zumeist bekommt man in den spanischen\/franz\u00f6sisch-pyren\u00e4ischen Gebieten 1 Tageskarte um 5 \u20ac, die gratis Tage sind nur weiter entfernt und nat\u00fcrlich w\u00e4ren die Skigebiete in Deutschland, Italien, USA, Japan und Afrika (Lesoto, leider nicht Marokko, das w\u00e4re sonst anfahrbar) f\u00fcr mich hier unlohnenswert, weil zu weit weg, ich fahr ja nicht erst nach Spanien um dann f\u00fcr eine Woche mal eben zur\u00fcck nach Deutschland zu fahren und dann wieder runter nach Spanien.<\/p>\n<p>(Mit meiner 5-Berge-Kampenwand-Saisonkarte h\u00e4tte ich damals ja auch in Masella fahren d\u00fcrfen, umgekehrt gibt&#8217;s die Kooperation also auch und immer noch, jeweils 3 Tage darf man gratis am Wendelstein, Hochfelln, Oberaudorf und Kampenwand fahren. Ich hatte damals ja parallel noch den Magic Pass in der Schweiz.)<\/p>\n<p>Um das ganze noch zu strapazieren &#8211; gelten die Einschr\u00e4nkungen des jeweiligen Saisonpasses wohl auch auf diese Angebote (also t\u00e4glich oder nur werktags oder ohne Samstage) &#8230;<\/p>\n<p>Das franz\u00f6sische kleine Gebiet Gavarnie hat auch eine interessante Saisonkarte zusammen mit Hautacam, das nun leider ab heuer LSAP sein soll. Um lediglich 350 \u20ac f\u00fcr die Saisonkarte bekam man letzte Saison noch eine Reihe gratis Skitage in anderen Gebieten der Pyren\u00e4en, die allein wohl schon wesentlich mehr wert sind als dieser Saisonpass: 3 jours de ski gratuits GRANDVALIRA, 3 jours de ski gratuits ORDINO ARCALIS et PAL ARINSAL, 3 journ\u00e9es offertes TRIO PYRENEES : FORMIGUERES, PORTE-PUYMORENS et CAMBRE D&#8217;AZE, 1 journ\u00e9e offerte SAINT-LARY, 1 journ\u00e9e offerte FONT-ROMEU, 2 journ\u00e9es de glisse ARTOUSTE, 2 journ\u00e9es MASELLA \u00e0 partir de 5\u20ac par jour<\/p>\n<p>Ich werd doch langsam spitz &#8230; muss mir das mal in eine Tabelle eintragen, das wird echt mordsm\u00e4\u00dfig kompliziert &#8211; und um sich dann auch noch f\u00fcr 2 oder 3 oder 4 dieser Saisonkarten zu entscheiden, viele Skigebiete schlie\u00dfen schon Mitte \/ Ende M\u00e4rz. <\/p>\n<p>Ich denke so langsam, dass ich das doch heuer machen werde, bevor die n\u00e4chstes Jahr auch noch auf Helmpflicht umschwenken &#8211; zumindest hoff ich mal, dass die das heuer nicht noch so spontan wie die Italiener einf\u00fchren.<\/p>\n<p>In dem Fall w\u00e4re dann noch die Frage:<br \/>\n&#8211; nach der Pyren\u00e4en-Saison direkt ins UK, im Herbst wieder nach Tirol &#038; heim und dann quasi direkt wieder nach Skandinavien den Winter drauf rauf (oder Russland oder Iran)<br \/>\n&#8211; oder nach der Pyren\u00e4en-Saison erst nochmals Tirol &#038; heim, dann ins UK und von dort aus fix nach Skandinavien<\/p>\n<p>Erste Variante Vorteil: der Winter drauf w\u00e4re noch offen, wohin. Au\u00dferdem w\u00fcrde ich vmtl. mit den 20.000km auskommen und m\u00fcsste unterwegs kein Service machen. Und bei den vielen Dingen, die ich im UK immer einkauf, w\u00e4re eine Heimfahrt nach UK auch sinnvoll.<\/p>\n<p>Zweite Variante Vorteil: falls die Saison in den Pyren\u00e4en nicht bis Ende April \/Anfang Mai ginge, k\u00f6nnte ich in den frz.\/schweizer Alpen auf dem Weg nach Tirol noch ein paar Skigebiete mitnehmen. Direkt nach UK w\u00fcrd ich eher \u00fcbers Massif Central fahren. <\/p>\n<p>Wenn ich die Sommersachen einpacke, k\u00f6nnte ich das nat\u00fcrlich auch erst noch im April entscheiden. <\/p>\n<p>Komplett unbekannt bei den meisten Saisonp\u00e4ssen in ES\/FR, wie die Preise f\u00fcr n\u00e4chste Saison sein werden, wann sie in den Verkauf gehen und wie diese Zusatzangebote f\u00fcr n\u00e4chste Saison sein werden.<\/p>\n<p>Komplett unbekannt mir generell, wie es mit der Keycard-Situation ausschaut (Zwangskauf? Akzeptieren von fremden Karten, zumindest f\u00fcr Tageskarten?) oder wie es mit Parkgeb\u00fchren ausschaut. Stellpl\u00e4tze und Campingpl\u00e4tze gibts vermutlich auch seltenst direkt am Skigebiet; \u00dcbernachten auf Skigebietsparkpl\u00e4tzen wird wohl teils geduldet, teils offiziell erlaubt sein, aber vermutlich ohne Strom.<\/p>\n<p>Das gr\u00f6\u00dfte Problem f\u00fcr diesen n\u00e4chsten Winter ist eigentlich, dass ich ja sp\u00e4testens im Oktober diese Batterie in DE austauschen muss (oder von S\u00fcdbayern aus verschicken) &#8211; was mach ich dann den ganzen Rest-Oktober und November, falls ich in die Pyren\u00e4en und nicht nach Nordfinnland fahren will? Zudem liegen meine Deutschland-Ziele halt auch auf dem Weg nach Norden und nicht nach S\u00fcdwesten, falls ich die dennoch besuchen m\u00f6chte &#8230; Und nein, die teuren Gletscherskigebiete in AT+CH stehen im Okt\/Nov nicht zur Diskussion. <\/p>\n<p><strong>Mo, 18.8.2025<\/strong><\/p>\n<p>Da es immer wieder Bauarbeiten, Holzf\u00e4llarbeiten, Rasenm\u00e4harbeiten oder sonstwas hier oben gibt, ist es auch selten ruhig, selbst wenn mal kein Nachbar da ist. Motors\u00e4gen h\u00f6ren sich genauso an wie die Motorschlitten in Skandinavien im Winter, insb. wenn sie dann zu zweit um die Wette jaulen wie &#8211; wieder einmal &#8211; heute Morgen.<\/p>\n<p>Es hatte schon die letzten beiden Tage etwas geregnet, somit abgek\u00fchlt, auch diese Woche soll es nun nicht mehr so warm werden.<\/p>\n<p>Die Saisonkarten-Tabelle heut angefangen und mit den Tages\/Werktages-Varianten auf mal mind. 13 Karten mit insg. 16 Varianten gekommen. Puh&#8230;<\/p>\n<p>F\u00fcr die Tabelle hab ich mir auch die Landschaften in GE nochmals angesehen, um in der Tabelle Ost\/Mitte\/West\/.. eintragen zu k\u00f6nnen. Also insb. die franz\u00f6sische Seite der Pyren\u00e4en schaut mir schon sehr interessant aus. <\/p>\n<p>W\u00e4hrend es in den franz\u00f6sischen Alpen so gut wie keine Gebiete mehr gibt, die ich noch nicht besucht hatte, aber mal besuchen m\u00e4chte, gibt&#8217;s in den frz. Pyren\u00e4en etliche!<\/p>\n<p>Nach ca. 7h war ich halbwegs fertig, einige Saisondaten fehlen noch, sowie die Skipasspreise zumindest der letzten Saison (Tageskarten usw.). <\/p>\n<p><a href='http:\/\/extra.inmontanis.info\/d\/132575-2\/dsc05723.jpg'><img src=http:\/\/extra.inmontanis.info\/d\/132574-3\/dsc05723.jpg \/><\/a><br \/>\n^ Stundenlange Arbeit stecken in dieser Tabelle f\u00fcr Skigebiete und Saisonkarten in den Pyren\u00e4en und Spanien  drin<\/p>\n<p>\u00dcber 60 Skigebiete. Wie soll ich da 2-3 Saisonkarten vern\u00fcnftigerweise ausn\u00fctzen, wenn ich fast jedes Skigebiet mind. 1-2 Tage fahren m\u00f6chte? <\/p>\n<p>Ok, die teureren ohne Saisonkarte werd ich wohl auslassen, wenn es nicht ein g\u00fcnstiges Angebot geben sollte. Und zu viele Keycards will ich mir auch nicht kaufen wollen.<\/p>\n<p>Den momentanen Daten nach haben kaum noch Skigebiete nach Mitte April offen. Allerdings ist die Liste noch nicht vollst\u00e4ndig. Das wird wohl eine eher kurze Saison dann werden, von Anfang Dezember bis Ende April. Statt Mitte November bis Mitte\/Ende Mai. Daf\u00fcr stressiger. Und voller, mit mehr Wartezeiten.<\/p>\n<p>Welche Saisonkarten ich kaufen m\u00f6chte, ist aber weiterhin unklar &#8211; da muss ich wohl noch abwarten auf die dann aktuellen Preise und M\u00f6glichkeiten und aktualisierte Rabatte \/ G\u00fcligkeiten in anderen Skigebieten (evtl. gibts hier und da noch eine Werktags- oder Nicht-Samtags-Saisonkarte zu g\u00fcnstigeren Preisen), hab ja aber vorverkaufsm\u00e4\u00dfig dann bis mind. Anfang Oktober Zeit, somit werd ich die Tabelle erst im September weiter machen.<\/p>\n<p>Jedenfalls, die teure Andorra-Skikarte werd ich mir wohl eher nicht kaufen, auch wenn mir die Gebiete dort vielleicht durchaus gefallen k\u00f6nnten und die 14 kostenlosen Tage dann zum Saisonschluss in den Alpen vielleicht auch interessant sein k\u00f6nnten. Aber um den Preis kauf ich lieber 2 andere Saisonkarten. Pyren\u00e4en interessieren mich momentan  mehr als L2A, AdH, 3V und Verbier (wo die 3+3+3+5=14 Tage vom Andorra-Pass zumindest letzte Sasion galten).<\/p>\n<p><strong>Di, 19.8.2025<\/strong><\/p>\n<p>Der Rest der Woche k\u00f6nnte regnerisch werden, am WE jedoch k\u00f6nnte es brauchbar sein f\u00fcr eine Ausfahrt. Also dann mal weiter im Text! WC zusammengebaut, gef\u00fcllt und ins Auto gebracht. <\/p>\n<p>Wenn auch bei der kurzen Ausfahrt wohl nicht ben\u00f6tigt: neue Induktionskochplatte, bekannter Topf und bekannte Pfanne &#8211; aber ohne Griff &#8211; ebenfalls ins Auto und getestet, wie ich die nun verstauen kann, nachdem die alte Kombination durch die andere Gr\u00f6\u00dfe nicht mehr m\u00f6glich ist.<\/p>\n<p><a href='http:\/\/extra.inmontanis.info\/d\/132579-2\/img_20250819_140355.jpg'><img src=http:\/\/extra.inmontanis.info\/d\/132578-3\/img_20250819_140355.jpg \/><\/a><br \/>\n^ Dass die neue Kochplatte (schr\u00e4g im Bild) nicht neben dem   Wechselrichter passt, war zu erwarten. Daf\u00fcr passt die nun grifflose Pfanne rein, aber wenn ich noch den Kochtopf dazwischen klemme, rutscht der bei der Fahrt nach vorne raus<\/p>\n<p><a href='http:\/\/extra.inmontanis.info\/d\/132583-2\/img_20250819_141359.jpg'><img src=http:\/\/extra.inmontanis.info\/d\/132582-3\/img_20250819_141359.jpg \/><\/a><br \/>\n^ Hier nun Kochplatte und Pfanne in den schr\u00e4g verlaufenden Spanngurt vom WC (unter dem Stoff) gesteckt und im freien Bereich w\u00fcrde nun das Campingplatz-Stromkabel passen, aber ob ich Platte und Pfanne jeden Abend da reinklemmen will?<\/p>\n<p>Zumindest im Sommer ist das aber genial, da ich ja kaum die Kochplatte verwende und mir das Kabel dann nicht mehr st\u00f6rend rumliegt.<\/p>\n<p>Der Topf m\u00fcsste dann eben unters Bett &#8220;in den Keller&#8221; und braucht dort Platz. Werde diesmal aber nicht wieder den kleinen China-Reiskocher mitnehmen.<\/p>\n<p>Beim Matratzen\u00fcberzug den Gummirand abgeschnitten und den Stoff begradigt und nochmals \u00fcber die bisherige Idee mit den \u00d6sen und Zusammenziehen nachgedacht. Nachteil davon ist vielleicht, dass der Stoff dann auch auf der Oberfl\u00e4che in L\u00e4ngsrichtung zu sehr zusammengezogen werden k\u00f6nnte. Vielleicht n\u00e4h ich doch Klettverschl\u00fcsse hin oder lass die sp\u00e4ter von meinem Vater mit seiner N\u00e4hmaschine hinn\u00e4hen.<\/p>\n<p>Pech hatte ich jetzt 2x mit meiner Spr\u00fcsahne. Die ersten ca. 2 Dosen, problemlos wochenlang. Die vorherige nach ca. 2 Wochen nix mehr rausgegangen, vmtl. noch mind. 1\/4 voll. Die jetzige nach nur ca. 1 Woche nix mehr rausgegangen, vmtl. noch 3\/4 voll. Innen vermutich komplett verklumpt, man sp\u00fcrt nix mehr beim Sch\u00fctteln, aber ist noch sehr schwer &#8211; und das Gas ging in beiden F\u00e4llen auch noch weiter raus, aber eben keine Sahne.<\/p>\n<p>Nachdem ich sie einen halben Tag auf den Kopf gestellt hatte, ging abends doch wieder  etwas raus, viel dicker.<\/p>\n<p>Wenn gar nix mehr geht, werd ich diesmal das Gas rauslassen und die Dose aufschneiden, um die feste Sahne \u00e0 la Creme Fraiche halt f\u00fcr Nudeln zu verwenden.<\/p>\n<p>H-Milch macht im K\u00fchlschrank auch nach 2-4 Tagen neuerdings schon Probleme und flockt dann im Kakao aus. Sauer schmeckt sie auch nach 5-6 Tagen noch nicht.  Vielleicht liegt es  an meiner Kakaomischung?!<\/p>\n<p>&#8211;<\/p>\n<p>Ok, hab mich nun entschieden, ich brauch mal wieder etwas mehr Felsen. Auch wenn ich die skandinavische Weite, die verschneiten W\u00e4lder, die flachen, leeren Stra\u00dfen, die vielen Schlepplifte usw. sehr sch\u00e4tze, auch wenn mir 2023 Frankreich nach wenigen Tagen sehr auf den Sack gegangen ist &#8230; f\u00fcr diesen n\u00e4chsten Winter will ich etwas mehr Abwechslung und es geht in die Pyren\u00e4en und in die restlichen spanischen Skigebiete!<\/p>\n<p>UND HOFFENTLICH ENDLICH MAL WIEDER MEHR SKITAGE MIT FIRNSCHNEE!! Die hab ich die letzten Jahre schon sehr vermisst. Aber auch in den Pyren\u00e4en kann&#8217;s im April kalt sein und schneien, wie in den Alpen halt auch.<\/p>\n<p>Somit dann Winter 2026\/27 Skandinavien und 2027\/28 entweder Russland-Kasachstan-Kirgisistan oder Balkan-T\u00fcrkei-Iran.<\/p>\n<p>Hier als kleine Erinnerung meine Pyren\u00e4en-Spanien-Reise Februar 2014:<br \/>\n<a href='http:\/\/blog.inmontanis.info\/?cat=130&#038;orderby=date&#038;order=ASC'>http:\/\/blog.inmontanis.info\/?cat=130&#038;orderby=date&#038;order=ASC<\/a><\/p>\n<p>Ob ich mir wieder den weiten Weg runter zur Sierra Nevada antun werde, ist dagegen noch nicht sicher, Meer und Afrika hatte ich damals ja schon gesehen und fotografiert.<\/p>\n<p>Die zentralen Skigebiete um Madrid und evtl. auch das kleine in Portugal stehen aber mal sicher auf dem Plan.<\/p>\n<p>Jetzt muss ich mir noch \u00fcberlegen, wann ich abfahren will, wie ich das mit dem Batterieaustausch mach und welche Zwischenziele ich auf dem Weg nach S\u00fcden einlege. Bis nach K\u00f6ln oder gar Hannover m\u00f6cht ich ja ungern fahren, wenn ich nicht nach Skandinavien m\u00f6chte. Schlie\u00dflich ist die Deutschland-Durchquerung an einer Skandinavien- oder UK-Reise immer das, was mich am meisten nervt, wobei die Strecke nach Rostock ja die bei weitem angenehmste Deutschland-Durchquerung ist.<\/p>\n<p>Die Wahl der Saisonkarten sollte so sein, dass ich Gebiete in verschiedenen Zonen hab (Ost und West oder Nord und S\u00fcd wegen Schneelage und Wetter), dass ich m\u00f6glichst ein, zwei Gebiete dabei hab, die Anfang Dezember starten, und dass ich m\u00f6glichst ein, zwei Gebiete dabei hab, die bis Mitte\/Ende April offen bleiben (wobei da die Skip\u00e4sse oft g\u00fcnstiger sind), und dass ich m\u00f6glichst die Gebiete drin hab, die gr\u00f6\u00dfer und teurer sind und die ich sonst eher nicht mit teuren Tageskarten befahren wollen w\u00fcrde &#8211; die g\u00fcnstigen Gebiete, die oftmals extra nochmals g\u00fcnstigere Tarife unter der Woche haben, sind ja auch leichter bezahlbar.<\/p>\n<p>Sehr wahrscheinlich d\u00fcrfte die Masella-Saisonkarte sein, vmtl. in der Werktagsversion, da man zum Saisonende, und Masella hatte zumeist bis Ende April offen, eh t\u00e4glich fahren kann und man damit viele g\u00fcnstige Tageskarten in anderen Gebieten bekommt. In die engere Auswahl wird wohl auch eine der Karten kommen, die 6-8 Skigebiete inkludiert haben, d.h. Pirineos oder N&#8217;PY, und dann sollte noch Platz f\u00fcr eine dritte oder vierte  g\u00fcnstige Karte sein.<\/p>\n<p>\u00dcbrigens, weil ich letztes Mal von der oberen Gipfelgrat-DSB in Boi Ta\u00fcll schrieb, die mir als einziges weniges Etwas aus den Pyren\u00e4en in Erinnerung blieb &#8211; laut Pistenplan soll da nun ein SL statt der DSB stehen!<\/p>\n<p>Hab vor wenigen Tagen ja meinen neuen Webserver installiert und bin noch nicht weit gekommen &#8211; aber immer wieder interessant, wie schnell da Hackversuche unternommen werden&#8230;<\/p>\n<p>Am n\u00e4chsten Tag hatte ich dann endlich die Firewall eingerichtet.<\/p>\n<p>Gut nat\u00fcrlich, dass ich die Daten vom alten Server direkt auf den neuen Server kopieren kann &#8211; und nicht \u00fcber mein Backup daheim gehen muss, so viel Datenvolumen hab ich ja nicht bei meinem Internetzugang.<\/p>\n<p><strong>Mi, 20.8.2025<\/strong><\/p>\n<p>Nachdem mein Vorrat an N\u00fcrnberger Lebkuchen diese Woche aufgebraucht war, hab ich mal wieder die Honiglebuchen von der Gew\u00fcrzmischung gemacht. Also die halbe Packung.<\/p>\n<p>Und nat\u00fcrlich diesmal die Butter oder den Butterersatz erst warm und fl\u00fcssig gemacht, damit die Vermischung einfacher ist.<\/p>\n<p><a href='http:\/\/extra.inmontanis.info\/d\/132587-2\/dsc05725.jpg'><img src=http:\/\/extra.inmontanis.info\/d\/132586-3\/dsc05725.jpg \/><\/a><br \/>\n^ Lebkuchen Teil 2, diesmal etwas  weniger lang gebacken, damit sie innen etwas weicher sind<\/p>\n<p>Die letzten hatte ich ja recht hart gebacken, mehr wie Pl\u00e4tzchen, was aber trotzdem sehr lecker war. Die neuen wurden auch wieder sehr lecker, aber vielleicht etwas zu viel Ingwer-Sch\u00e4rfe und etwas zu viel Honig erwischt. <\/p>\n<p>Also viel besser schmecken die gekauften auch nicht. Im Gegensatz zu vielen anderen Dingen, wo ich sag, boah, das schmeckt fertig gekauft viel besser, kann ich das bei den bisher verwendeten Lebkuchen- und Gew\u00fcrzkuchen-Backmischungen usw. nicht behaupten, da ist es genau umkehrt, da gibts vieles im Laden, was weit schlechter schmeckt. <\/p>\n<p><strong>Do, 21.8.2025<\/strong><\/p>\n<p>Wetter w\u00fcrde am WE passend werden, trocken, etwas Sonne und nur 20\u00b0.<\/p>\n<p>Falls ich morgen schon fahren wollen sollte, muss ich heut aber mit dem Matratzen\u00fcberzug fertig werden. Und das war gar nicht so einfach, sondern nochmals sehr zeitintensiv.<\/p>\n<p><a href='http:\/\/extra.inmontanis.info\/d\/132591-2\/dsc05733.jpg'><img src=http:\/\/extra.inmontanis.info\/d\/132590-3\/dsc05733.jpg \/><\/a><br \/>\n^ Aufgeklebte weiche Klettverschluss-Seiten, mit einer Naht fixiert<\/p>\n<p><a href='http:\/\/extra.inmontanis.info\/d\/132595-2\/dsc05731.jpg'><img src=http:\/\/extra.inmontanis.info\/d\/132594-3\/dsc05731.jpg \/><\/a><br \/>\n^ .. allerdings verheddert man sich mit dieser Steppstich-Nadel auch manchmal :(<\/p>\n<p><a href='http:\/\/extra.inmontanis.info\/d\/132599-2\/dsc05734.jpg'><img src=http:\/\/extra.inmontanis.info\/d\/132598-3\/dsc05734.jpg \/><\/a><br \/>\n^ Die harte, kleinere Seite des Klettverschlusses (ohne Klebeschicht) am d\u00fcnneren Stoff mit der normalen Nadel angen\u00e4ht<\/p>\n<p><a href='http:\/\/extra.inmontanis.info\/d\/132603-2\/dsc05735.jpg'><img src=http:\/\/extra.inmontanis.info\/d\/132602-3\/dsc05735.jpg \/><\/a><br \/>\n^ .. aber 4 sind fast zu wenig f\u00fcr die lange Seite. Unter der gr\u00fcnen Schicht sind bereits die 2 Heizmatten verteilt<\/p>\n<p>In der Schweiz g\u00e4be es auch Trammuseen mit Museumslinien, Z\u00fcrich w\u00fcrde sich da am WE 25\/26.10. anbieten und Bern am SO 2.11., aber .. was soll ich die ganze Woche in der teuren Schweiz? Mal paar Preise von Seilbahnen angesehen, die mich interessieren w\u00fcrden, aber die kosten alle 50-100 CHF, ne, da verzicht ich lieber. Wer wei\u00df, ob man da nicht auch noch zus\u00e4tzlich Parkgeb\u00fchren h\u00e4tte &#8230;<\/p>\n<p>In Frankreich schaut&#8217;s mit Trammuseen samt Fahrbetrieb wohl schlecht aus. Interessant w\u00e4re wieder Portugal, aber das ist auch sehr umwegig. Falls dort die Museumstrams zu der Zeit \u00fcberhaupt noch fahren sollten. Barcelona w\u00e4r n\u00e4her, aber die &#8220;Tramvia Blau&#8221; ist zumindest momentan au\u00dfer Betrieb lt. Website. Die alte Hafen-PB g\u00e4b&#8217;s dort aber noch.<\/p>\n<p>Die Nostalgie-Seilbahntour durch DE ist jedenfalls ziemlich gestrichen mit wenigen Ausnahmen, also maximal w\u00fcrd ich wohl bis Saarbr\u00fccken fahren, weil ich dann das Trammuseum samt Museumstram in Stuttgart noch besuchen w\u00fcrde. N\u00fcrnberg w\u00fcrd ich auslassen und Hannover ist nun wirklich nicht auf den Weg nach Spanien. Au\u00dfer ich muss wegen der Batterie doch ins Ruhrgebiet.<\/p>\n<p>Mit viel Gl\u00fcck auf fr\u00fchem Schnee k\u00f6nnte es vielleicht am WE 22.\/23.11. oder 29\/30.11. den ersten Skitag in den Pyren\u00e4en geben, dh. zu der Zeit sollte ich in etwa unten sein. Die offiziell \u00f6ffnenden Skigebiete im November in den Westalpen werden mir wohl zu teuer sein. Spontan \u00f6ffnende Kleingebiete w\u00e4ren eher m\u00f6glich, aber so lang m\u00f6chte ich nicht in den Westalpen bleiben.<\/p>\n<p><strong>Fr, 22.8.2025<\/strong> <\/p>\n<p>Hatte mir ja mal die franz\u00f6sische Umweltplakette schicken lassen und auch aufgeklebt (und nie ben\u00f6tigt), aber weil sich mein Kennzeichen ge\u00e4ndert hatte, hab ich sie mittlerweile halbwegs runtergekratzt. Nunja, f\u00fcr die n\u00e4chste Reise sollte ich besser wieder eine haben, f\u00fcr knapp 5 \u20ac kann man sie sich innerhalb von 2-4 Wochen schicken lassen, sollte ich also nun asap angehen. <\/p>\n<p>Aber angeblich soll die wieder abgeschafft werden?! Schon im Mai gab es da eine Entscheidung von der einen Regierungskammer, aber von der zweiten eben noch nicht. Kann also gut sein, dass ich mir die Vignette jetzt schicken lass und im Oktober\/November schon nicht mehr brauchen w\u00fcrde. Aber da man sie halt auch unterwegs nicht einfach schnell bekommt (wie die in DE) &#8230; muss ich sie wohl bestellen.<\/p>\n<p>Mein Akku w\u00fcrde nun nur noch 2 Ah laden zwischen Cell-4-Undervoltage und Cell-1-2-Overvoltage :) <\/p>\n<p>Der R\u00fcckversand von DE nach AT w\u00fcrde mir \u00fcber 110 \u20ac kosten. Klar, k\u00f6nnte auch das gewohnte D-A-Packs verwenden (innerhalb DE schicken die gratis, somit nur der kkeine Aufpreis), selbst die Post in AT bietet mittlerweile den Weiterversand von einer deutschen Adresse aus an. Aaaber&#8230;. ich bef\u00fcrchte etwas, wenn ich denen meinen Akku schick, dass die ihn reparieren w\u00fcrden und der R\u00fcckversand dann wesentlich l\u00e4nger dauert, jetzt, wo ich soweit bin, dass ich einen Tauschakku vor Ort bekommen w\u00fcrde, ohne auf eine Reparatur warten zu m\u00fcssen &#8230; so bescheuert, so weit nach Norden fahren zu m\u00fcssen ohne dann UK oder Skandinavien weiter zu fahren :(  <\/p>\n<p>Dann werd ich Mitte Oktober wohl doch ins Ruhrgebiet fahren m\u00fcssen. Aber ich bleib jetzt bei den Pyren\u00e4en diesen Winter. Da ist momentan der Reiz zu gro\u00df.<\/p>\n<p>Warum das alles wieder jetzt unbedingt entschieden werden muss, ist nicht nur, dass ich den Werkstatttermin verschieben will, sondern dass ich wissen muss, wieviel ich morgen\/\u00fcbermorgen noch einkaufen m\u00f6chte, wenn ich die n\u00e4chsten 2 Tage unterwegs sein will.<\/p>\n<p>Ok, hab mich entschieden, nun ist heute &#8220;T-30&#8221; statt letzten Freitag. Dann muss ich einkaufsm\u00e4\u00dfig f\u00fcr 28 Tage planen. Also ich brauch nur noch sehr wenig einkaufen &#8230;<\/p>\n<p><a href='http:\/\/extra.inmontanis.info\/d\/132607-2\/dsc05737.jpg'><img src=http:\/\/extra.inmontanis.info\/d\/132606-3\/dsc05737.jpg \/><\/a><br \/>\n^ Fliegennetz vom Autofenster, franst mit der Zeit aus und wenn so einzelne F\u00e4den oben durch die T\u00fcr rausschauen, kann da Wasser reinflie\u00dfen<\/p>\n<p><a href='http:\/\/extra.inmontanis.info\/d\/132611-2\/dsc05738.jpg'><img src=http:\/\/extra.inmontanis.info\/d\/132610-3\/dsc05738.jpg \/><\/a><br \/>\n^ .. daher mal testweise den Rand der neu zugeschnittenen Fliegennetzst\u00fccke mit dem Hei\u00dfluftf\u00f6hn angeschmolzen (evtl. erstes Mal, dass ich das &#8211; nicht selbst gekaufte &#8211; Teil brauchen kann!)<\/p>\n<p>Das meiste Zeug werd ich nat\u00fcrlich daheim lassen, aber ein paar Sachen muss ich f\u00fcr die eine Nacht schon mitnehmen.<\/p>\n<p><strong>Sa, 23.8.2025<\/strong><\/p>\n<p>Die Regenvorhersage f\u00fcr heute ist nun doch eher f\u00fcr die Steiermark, hier in meiner Umgebung k\u00f6nnte es noch trocken bleiben. <\/p>\n<p>Allerdings w\u00fcrde das Museum samt Burg in Deutschlandsberg in der Steiermark vielleicht interessanter sein als die Burgruine hier im nahen Griffen? Dann sollte ich aber erst und fr\u00fcher Essen gehen, zumindest w\u00fcrde man sich dann ca. 12km sparen. Au\u00dfer ich fahr \u00fcber die Weinebene, was ja sowieso k\u00fcrzer w\u00e4re als unten rum &#8211; aber unten rum bin ich noch nie gefahren. Aber das k\u00f6nnte ich das n\u00e4chste Mal ja auch machen.<\/p>\n<p>Leider durch die erneute Plan\u00e4nderung erst recht sp\u00e4t weggekommen (bei leichtem Regen) und um 12:10 (bei Sonne!) an der Burg in Deutschlandsberg angekommen, wo anscheinend irgendein Volkslauf heute ist, auf der Stra\u00dfe von der Weineben runter auch schon bemerkt.<\/p>\n<p><a href='http:\/\/extra.inmontanis.info\/d\/132259-3\/dsc05742.jpg'><img src=http:\/\/extra.inmontanis.info\/d\/132257-3\/dsc05742.jpg \/><\/a><br \/>\n^ Burg Deutschlandsberg<\/p>\n<p><a href='http:\/\/extra.inmontanis.info\/d\/132263-3\/dsc05745.jpg'><img src=http:\/\/extra.inmontanis.info\/d\/132262-3\/dsc05745.jpg \/><\/a><br \/>\n^ Der Aufgang durch die Deutschlandsberger Klause ist sicherlich netter als oben zu parken ;)<\/p>\n<p><a href='http:\/\/extra.inmontanis.info\/d\/132267-3\/dsc05747.jpg'><img src=http:\/\/extra.inmontanis.info\/d\/132266-3\/dsc05747.jpg \/><\/a><br \/>\n^ Eingang<\/p>\n<p><a href='http:\/\/extra.inmontanis.info\/d\/132271-3\/dsc05748.jpg'><img src=http:\/\/extra.inmontanis.info\/d\/132270-3\/dsc05748.jpg \/><\/a><br \/>\n^ Pano<\/p>\n<p><a href='http:\/\/extra.inmontanis.info\/d\/132275-3\/dsc05749.jpg'><img src=http:\/\/extra.inmontanis.info\/d\/132274-3\/dsc05749.jpg \/><\/a><br \/>\n^ Chronik; diese Burg Landsberg geh\u00f6rte einst einem Von Liechtenstein.<\/p>\n<p><a href='http:\/\/extra.inmontanis.info\/d\/132279-2\/dsc05750.jpg'><img src=http:\/\/extra.inmontanis.info\/d\/132278-3\/dsc05750.jpg \/><\/a><br \/>\n^ Im Inneren des Burggel\u00e4ndes<\/p>\n<p><a href='http:\/\/extra.inmontanis.info\/d\/132283-2\/dsc05751.jpg'><img src=http:\/\/extra.inmontanis.info\/d\/132282-3\/dsc05751.jpg \/><\/a><br \/>\n^ <\/p>\n<p><a href='http:\/\/extra.inmontanis.info\/d\/132287-2\/dsc05753.jpg'><img src=http:\/\/extra.inmontanis.info\/d\/132286-3\/dsc05753.jpg \/><\/a><br \/>\n^ Links ist das Restaurant, rechts das Hotel<\/p>\n<p><a href='http:\/\/extra.inmontanis.info\/d\/132291-2\/dsc05761.jpg'><img src=http:\/\/extra.inmontanis.info\/d\/132290-3\/dsc05761.jpg \/><\/a><br \/>\n^ .. wei\u00df gar nicht, ob man in den Turm gekommen w\u00e4re ..<\/p>\n<p>Der Eintritt ins Museum kostet 11 \u20ac. Normalerweise lese ich mir ja alle Tafeln durch, aber bei der Gr\u00f6sse hier &#8211; man gibt 5.000 Exponante an &#8211; bin ich erst einmal ohne viel lesen  durchgezogen und auch bald mal in den obersten Stock, so lang das Wetter noch gut ist.<\/p>\n<p><a href='http:\/\/extra.inmontanis.info\/d\/132295-2\/dsc05763.jpg'><img src=http:\/\/extra.inmontanis.info\/d\/132294-3\/dsc05763.jpg \/><\/a><br \/>\n^ Museum in der Burg<\/p>\n<p><a href='http:\/\/extra.inmontanis.info\/d\/132299-2\/dsc05772.jpg'><img src=http:\/\/extra.inmontanis.info\/d\/132298-3\/dsc05772.jpg \/><\/a><br \/>\n^ ca. 2.400-2.800 Jahre alt<\/p>\n<p><a href='http:\/\/extra.inmontanis.info\/d\/132303-2\/dsc05774.jpg'><img src=http:\/\/extra.inmontanis.info\/d\/132302-3\/dsc05774.jpg \/><\/a><br \/>\n^ 2.500-3.000 Jahre alte Fundst\u00fccke, dieses spiralf\u00f6rmige Muster hielt sich also viele Jahrtausende &#8211; heutzutage als Haribo Lakritzschnecke in gleicher Gr\u00f6\u00dfe ;)<\/p>\n<p><a href='http:\/\/extra.inmontanis.info\/d\/132307-2\/dsc05778.jpg'><img src=http:\/\/extra.inmontanis.info\/d\/132306-3\/dsc05778.jpg \/><\/a><br \/>\n^ ca. 3.000 Jahre alte Armreife<\/p>\n<p><a href='http:\/\/extra.inmontanis.info\/d\/132311-2\/dsc05781.jpg'><img src=http:\/\/extra.inmontanis.info\/d\/132310-3\/dsc05781.jpg \/><\/a><br \/>\n^ Grab  aus der R\u00f6merzeit mit Urne aus Glas (!) samt Asche<\/p>\n<p>Die meisten Exponate hier im Museum sind deshalb so gut erhalten, weil sie eben Grabbeigaben in solchen H\u00fcgel- oder Felsgr\u00e4ber waren! <\/p>\n<p><a href='http:\/\/extra.inmontanis.info\/d\/132315-2\/dsc05785.jpg'><img src=http:\/\/extra.inmontanis.info\/d\/132314-3\/dsc05785.jpg \/><\/a><br \/>\n^ Perlenverziertes Schmuckst\u00fcck, ca. 700-1400 Jahre alt<\/p>\n<p><a href='http:\/\/extra.inmontanis.info\/d\/132319-2\/dsc05789.jpg'><img src=http:\/\/extra.inmontanis.info\/d\/132318-3\/dsc05789.jpg \/><\/a><br \/>\n^ ca. 2.000 Jahre alte Glasschale mit Motiv, quasi unversehrt<\/p>\n<p><a href='http:\/\/extra.inmontanis.info\/d\/132323-2\/dsc05792.jpg'><img src=http:\/\/extra.inmontanis.info\/d\/132322-3\/dsc05792.jpg \/><\/a><br \/>\n^ 2.000 Jahre altes Silbergeschirr &#8211; qualitativ kein Unterschied zu einer Massenanfertigung heutzutage?!<\/p>\n<p><a href='http:\/\/extra.inmontanis.info\/d\/132327-2\/dsc05793.jpg'><img src=http:\/\/extra.inmontanis.info\/d\/132326-3\/dsc05793.jpg \/><\/a><br \/>\n^ knapp 2000 Jahre alte Glasgef\u00e4se als Grabbeilage<\/p>\n<p><a href='http:\/\/extra.inmontanis.info\/d\/132331-2\/dsc05795.jpg'><img src=http:\/\/extra.inmontanis.info\/d\/132330-3\/dsc05795.jpg \/><\/a><br \/>\n^ r\u00f6mische \u00d6llampen mit Motiven<\/p>\n<p><a href='http:\/\/extra.inmontanis.info\/d\/132335-2\/dsc05798.jpg'><img src=http:\/\/extra.inmontanis.info\/d\/132334-3\/dsc05798.jpg \/><\/a><br \/>\n^ Modell der Burg hier<\/p>\n<p><a href='http:\/\/extra.inmontanis.info\/d\/132339-2\/dsc05803.jpg'><img src=http:\/\/extra.inmontanis.info\/d\/132338-3\/dsc05803.jpg \/><\/a><br \/>\n^ Innenhof<\/p>\n<p><a href='http:\/\/extra.inmontanis.info\/d\/132343-2\/dsc05805.jpg'><img src=http:\/\/extra.inmontanis.info\/d\/132342-3\/dsc05805.jpg \/><\/a><br \/>\n^ Kultopferfunde aus vorkeltischer Zeit, ca. 2500-3500 Jahre alt<\/p>\n<p><a href='http:\/\/extra.inmontanis.info\/d\/132347-2\/dsc05809.jpg'><img src=http:\/\/extra.inmontanis.info\/d\/132346-3\/dsc05809.jpg \/><\/a><br \/>\n^ ca. 3.500 Jahre alte Bronze-Gegenst\u00e4nde<\/p>\n<p><a href='http:\/\/extra.inmontanis.info\/d\/132351-2\/dsc05811.jpg'><img src=http:\/\/extra.inmontanis.info\/d\/132350-3\/dsc05811.jpg \/><\/a><br \/>\n^ Goldschmuck aus Goldf\u00e4den, ca. 3300 Jahre alt<\/p>\n<p><a href='http:\/\/extra.inmontanis.info\/d\/132355-2\/dsc05816.jpg'><img src=http:\/\/extra.inmontanis.info\/d\/132354-3\/dsc05816.jpg \/><\/a><br \/>\n^ Schwere Bronze-Halskette<\/p>\n<p><a href='http:\/\/extra.inmontanis.info\/d\/132359-2\/dsc05818.jpg'><img src=http:\/\/extra.inmontanis.info\/d\/132358-3\/dsc05818.jpg \/><\/a><br \/>\n^ Gold und Bronze aus der Bronzezeit, mittig oben Gold-Halskette<\/p>\n<p><a href='http:\/\/extra.inmontanis.info\/d\/132363-2\/dsc05820.jpg'><img src=http:\/\/extra.inmontanis.info\/d\/132362-3\/dsc05820.jpg \/><\/a><br \/>\n^ Bronzezeit<\/p>\n<p><a href='http:\/\/extra.inmontanis.info\/d\/132367-2\/dsc05825.jpg'><img src=http:\/\/extra.inmontanis.info\/d\/132366-3\/dsc05825.jpg \/><\/a><br \/>\n^ Folterkammer<\/p>\n<p><a href='http:\/\/extra.inmontanis.info\/d\/132371-2\/dsc05826.jpg'><img src=http:\/\/extra.inmontanis.info\/d\/132370-3\/dsc05826.jpg \/><\/a><br \/>\n^ Folterkammer .. ok, Ende der Folter ;)<\/p>\n<p><a href='http:\/\/extra.inmontanis.info\/d\/132375-2\/dsc05830.jpg'><img src=http:\/\/extra.inmontanis.info\/d\/132374-3\/dsc05830.jpg \/><\/a><br \/>\n^ Innenhof<\/p>\n<p><a href='http:\/\/extra.inmontanis.info\/d\/132379-2\/dsc05831.jpg'><img src=http:\/\/extra.inmontanis.info\/d\/132378-3\/dsc05831.jpg \/><\/a><br \/>\n^ Zisterne, hier soll es zur sog. Altburg gehen, aber die war &#8220;wegen Wespen&#8221; geschlossen :(<\/p>\n<p><a href='http:\/\/extra.inmontanis.info\/d\/132383-2\/dsc05834.jpg'><img src=http:\/\/extra.inmontanis.info\/d\/132382-3\/dsc05834.jpg \/><\/a><br \/>\n^ Zisterne<\/p>\n<p><a href='http:\/\/extra.inmontanis.info\/d\/132387-2\/dsc05836.jpg'><img src=http:\/\/extra.inmontanis.info\/d\/132386-3\/dsc05836.jpg \/><\/a><br \/>\n^ Aufstieg zur Aussichtsplattform im 5. Stock; die breite Hauptreppe ist allerdings eine moderne Steintreppe<\/p>\n<p><a href='http:\/\/extra.inmontanis.info\/d\/132391-2\/dsc05838.jpg'><img src=http:\/\/extra.inmontanis.info\/d\/132390-3\/dsc05838.jpg \/><\/a><br \/>\n^ Waffenausstellung<\/p>\n<p><a href='http:\/\/extra.inmontanis.info\/d\/132395-2\/dsc05843.jpg'><img src=http:\/\/extra.inmontanis.info\/d\/132394-3\/dsc05843.jpg \/><\/a><br \/>\n^ Aussichtsplattform, allerdings \u00fcberdacht<\/p>\n<p><a href='http:\/\/extra.inmontanis.info\/d\/132399-2\/dsc05840.jpg'><img src=http:\/\/extra.inmontanis.info\/d\/132398-3\/dsc05840.jpg \/><\/a><br \/>\n^ Panorama<\/p>\n<p><a href='http:\/\/extra.inmontanis.info\/d\/132403-2\/dsc05844.jpg'><img src=http:\/\/extra.inmontanis.info\/d\/132402-3\/dsc05844.jpg \/><\/a><br \/>\n^ Panorama<\/p>\n<p><a href='http:\/\/extra.inmontanis.info\/d\/132407-2\/dsc05845.jpg'><img src=http:\/\/extra.inmontanis.info\/d\/132406-3\/dsc05845.jpg \/><\/a><br \/>\n^ Panorama mit Burg<\/p>\n<p><a href='http:\/\/extra.inmontanis.info\/d\/132411-2\/dsc05847.jpg'><img src=http:\/\/extra.inmontanis.info\/d\/132410-3\/dsc05847.jpg \/><\/a><br \/>\n^ Panorama mit Deutschlandsberg<\/p>\n<p>Leider war es auch sehr warm in den oberen Stockwerken und da ich das lange Stehen und Rumgehen ja nicht mehr gew\u00f6hnt bin .. war mir das heute schon nach gut 2h etwas zu viel .. Interessant ohne Frage klar, viele Dinge, die ich in den Museen im letzten Sommer nicht gesehen hatte und viele filigrane Handwerksst\u00fccke, die mir viel besser gefallen, als Tont\u00f6pfe.<\/p>\n<p>Leider zu sp\u00e4t bemerkt, dass sich meine Cam nach dem obersten Stock mal wieder auf ISO 25000 verstellt hatte und somit die meisten folgenden Fotos m\u00fclllige Qualit\u00e4t haben, daher kurz vor Schluss nochmals etwas durchgestreift und einige Fotos nochmals gemacht. Leider passiert diese unabsichtliche Verstellung recht h\u00e4ufig :(<\/p>\n<p><a href='http:\/\/extra.inmontanis.info\/d\/132415-2\/dsc05852.jpg'><img src=http:\/\/extra.inmontanis.info\/d\/132414-3\/dsc05852.jpg \/><\/a><br \/>\n^ Waffenausstellung, ganz sch\u00f6n lang, vmtl. schwer zu halten<\/p>\n<p><a href='http:\/\/extra.inmontanis.info\/d\/132419-2\/dsc05984.jpg'><img src=http:\/\/extra.inmontanis.info\/d\/132418-3\/dsc05984.jpg \/><\/a><br \/>\n^ Vielzahl r\u00f6mischer W\u00fcrfel<\/p>\n<p><a href='http:\/\/extra.inmontanis.info\/d\/132423-2\/dsc05987.jpg'><img src=http:\/\/extra.inmontanis.info\/d\/132422-3\/dsc05987.jpg \/><\/a><br \/>\n^ Armreife aus Glas (!), ca. 1600-2000 Jahre alt<\/p>\n<p><a href='http:\/\/extra.inmontanis.info\/d\/132427-2\/dsc05986.jpg'><img src=http:\/\/extra.inmontanis.info\/d\/132426-3\/dsc05986.jpg \/><\/a><br \/>\n^ Goldfibel, ca. 1600-1700 Jahre alt<\/p>\n<p><a href='http:\/\/extra.inmontanis.info\/d\/132431-2\/dsc05980.jpg'><img src=http:\/\/extra.inmontanis.info\/d\/132430-3\/dsc05980.jpg \/><\/a><br \/>\n^ <\/p>\n<p><a href='http:\/\/extra.inmontanis.info\/d\/132435-2\/dsc05977.jpg'><img src=http:\/\/extra.inmontanis.info\/d\/132434-3\/dsc05977.jpg \/><\/a><br \/>\n^ ca. 1300-1600 Jahre alte Ohrh\u00e4nger<\/p>\n<p><a href='http:\/\/extra.inmontanis.info\/d\/132439-2\/dsc05978.jpg'><img src=http:\/\/extra.inmontanis.info\/d\/132438-3\/dsc05978.jpg \/><\/a><br \/>\n^ Doppelfingerring aus Gold aus der R\u00f6merzeit<\/p>\n<p><a href='http:\/\/extra.inmontanis.info\/d\/132443-2\/dsc05970.jpg'><img src=http:\/\/extra.inmontanis.info\/d\/132442-3\/dsc05970.jpg \/><\/a><br \/>\n^ Schmuck aus der R\u00f6merzeit oder kurz danach<\/p>\n<p><a href='http:\/\/extra.inmontanis.info\/d\/132447-2\/dsc05973.jpg'><img src=http:\/\/extra.inmontanis.info\/d\/132446-3\/dsc05973.jpg \/><\/a><br \/>\n^ Von den vielen kleinen Schmucksteinen gibt es jeweils ein Vergr\u00f6\u00dferungsfoto, ca. 1700-1800 Jahre alt<\/p>\n<p><a href='http:\/\/extra.inmontanis.info\/d\/132451-2\/dsc05972.jpg'><img src=http:\/\/extra.inmontanis.info\/d\/132450-3\/dsc05972.jpg \/><\/a><br \/>\n^ Mantelschlie\u00dfe aus dem 5.-7. Jhdt.<\/p>\n<p><a href='http:\/\/extra.inmontanis.info\/d\/132455-2\/dsc05981.jpg'><img src=http:\/\/extra.inmontanis.info\/d\/132454-3\/dsc05981.jpg \/><\/a><br \/>\n^ Goldring aus dem 4.-5. Jhdt.<\/p>\n<p><a href='http:\/\/extra.inmontanis.info\/d\/132459-2\/dsc05882.jpg'><img src=http:\/\/extra.inmontanis.info\/d\/132458-3\/dsc05882.jpg \/><\/a><br \/>\n^ 100 Jahre alte Mineralwasserflaschen<\/p>\n<p><a href='http:\/\/extra.inmontanis.info\/d\/132463-2\/dsc05969.jpg'><img src=http:\/\/extra.inmontanis.info\/d\/132462-3\/dsc05969.jpg \/><\/a><br \/>\n^ \u00fcber 200 Jahre alter Glasflakon<\/p>\n<p><a href='http:\/\/extra.inmontanis.info\/d\/132467-2\/dsc05968.jpg'><img src=http:\/\/extra.inmontanis.info\/d\/132466-3\/dsc05968.jpg \/><\/a><br \/>\n^ Glasausstellung auf 2 Stockwerken<\/p>\n<p><a href='http:\/\/extra.inmontanis.info\/d\/132471-2\/dsc05966.jpg'><img src=http:\/\/extra.inmontanis.info\/d\/132470-3\/dsc05966.jpg \/><\/a><br \/>\n^ Glas-Set aus dem Jahr ca. 1820-1840<\/p>\n<p><a href='http:\/\/extra.inmontanis.info\/d\/132475-2\/dsc05964.jpg'><img src=http:\/\/extra.inmontanis.info\/d\/132474-3\/dsc05964.jpg \/><\/a><br \/>\n^ Weitere Amreife(n) aus Glas aus der R\u00f6merzeit<\/p>\n<p><a href='http:\/\/extra.inmontanis.info\/d\/132479-2\/dsc05963.jpg'><img src=http:\/\/extra.inmontanis.info\/d\/132478-3\/dsc05963.jpg \/><\/a><br \/>\n^ Geschliffenes und gef\u00e4rbtes Glas aus der R\u00f6merzeit.<\/p>\n<p><a href='http:\/\/extra.inmontanis.info\/d\/132483-2\/dsc05962.jpg'><img src=http:\/\/extra.inmontanis.info\/d\/132482-3\/dsc05962.jpg \/><\/a><br \/>\n^ Amphoren aus Glasmasse, \u00fcber 2500 Jahre alt und erstaunlich gut erhalten<\/p>\n<p><a href='http:\/\/extra.inmontanis.info\/d\/132487-2\/dsc05959.jpg'><img src=http:\/\/extra.inmontanis.info\/d\/132486-3\/dsc05959.jpg \/><\/a><br \/>\n^ Schmuck aus der R\u00f6merzeit<\/p>\n<p><a href='http:\/\/extra.inmontanis.info\/d\/132491-2\/dsc05957.jpg'><img src=http:\/\/extra.inmontanis.info\/d\/132490-3\/dsc05957.jpg \/><\/a><br \/>\n^ Schmuck aus der R\u00f6merzeit<\/p>\n<p><a href='http:\/\/extra.inmontanis.info\/d\/132495-2\/dsc05958.jpg'><img src=http:\/\/extra.inmontanis.info\/d\/132494-3\/dsc05958.jpg \/><\/a><br \/>\n^ Schmucksteine aus der R\u00f6merzeit mit winzigen Schnitzungen oder Einritzungen<\/p>\n<p><a href='http:\/\/extra.inmontanis.info\/d\/132499-2\/dsc05905.jpg'><img src=http:\/\/extra.inmontanis.info\/d\/132498-3\/dsc05905.jpg \/><\/a><br \/>\n^ Keltenm\u00fcnzen<\/p>\n<p><a href='http:\/\/extra.inmontanis.info\/d\/132503-2\/dsc05955.jpg'><img src=http:\/\/extra.inmontanis.info\/d\/132502-3\/dsc05955.jpg \/><\/a><br \/>\n^ Weitere M\u00fcnzen<\/p>\n<p><a href='http:\/\/extra.inmontanis.info\/d\/132507-2\/dsc05909.jpg'><img src=http:\/\/extra.inmontanis.info\/d\/132506-3\/dsc05909.jpg \/><\/a><br \/>\n^ Kelten<\/p>\n<p><a href='http:\/\/extra.inmontanis.info\/d\/132511-2\/dsc05953.jpg'><img src=http:\/\/extra.inmontanis.info\/d\/132510-3\/dsc05953.jpg \/><\/a><br \/>\n^ Keltischer Goldschmuck, ca. 2.300 Jahre alt, krass was das Gold heutzutage wert w\u00e4re, ob hier wirklich das antike Gold-Teil liegt?<\/p>\n<p><a href='http:\/\/extra.inmontanis.info\/d\/132515-2\/dsc05952.jpg'><img src=http:\/\/extra.inmontanis.info\/d\/132514-3\/dsc05952.jpg \/><\/a><br \/>\n^ Keltischer Goldschmuck, ca. 2.300 Jahre alt, schon krass, wie man das damals schon so herstellen konnte.<\/p>\n<p><a href='http:\/\/extra.inmontanis.info\/d\/132519-2\/dsc05949.jpg'><img src=http:\/\/extra.inmontanis.info\/d\/132518-3\/dsc05949.jpg \/><\/a><br \/>\n^ Was die Kelten damals f\u00fcr Kleidung gehabt haben sollen<\/p>\n<p><a href='http:\/\/extra.inmontanis.info\/d\/132523-2\/dsc05956.jpg'><img src=http:\/\/extra.inmontanis.info\/d\/132522-3\/dsc05956.jpg \/><\/a><br \/>\n^ Kelten-K\u00fcche<\/p>\n<p><a href='http:\/\/extra.inmontanis.info\/d\/132527-2\/dsc05945.jpg'><img src=http:\/\/extra.inmontanis.info\/d\/132526-3\/dsc05945.jpg \/><\/a><br \/>\n^ ca. 2.200-2.500 Jahre alter Helm<\/p>\n<p><a href='http:\/\/extra.inmontanis.info\/d\/132531-2\/dsc05946.jpg'><img src=http:\/\/extra.inmontanis.info\/d\/132530-3\/dsc05946.jpg \/><\/a><br \/>\n^ .. mit Verzierung<\/p>\n<p><a href='http:\/\/extra.inmontanis.info\/d\/132535-2\/dsc05948.jpg'><img src=http:\/\/extra.inmontanis.info\/d\/132534-3\/dsc05948.jpg \/><\/a><br \/>\n^ \u00fcber 2.300 Jahre alte Bronze-Gef\u00e4se<\/p>\n<p><a href='http:\/\/extra.inmontanis.info\/d\/132539-2\/dsc05925.jpg'><img src=http:\/\/extra.inmontanis.info\/d\/132538-3\/dsc05925.jpg \/><\/a><br \/>\n^ Glas-V\u00f6gelchen von vor 2.500 Jahren! Und die Farben leuchten immer noch!<\/p>\n<p><a href='http:\/\/extra.inmontanis.info\/d\/132543-2\/dsc05937.jpg'><img src=http:\/\/extra.inmontanis.info\/d\/132542-3\/dsc05937.jpg \/><\/a><br \/>\n^ ca. 2.000 Jahre alte, verzierte Scheibenfibel<\/p>\n<p><a href='http:\/\/extra.inmontanis.info\/d\/132547-2\/dsc05938.jpg'><img src=http:\/\/extra.inmontanis.info\/d\/132546-3\/dsc05938.jpg \/><\/a><br \/>\n^ Ca. 2.000 Jahre alter, verzierter Anh\u00e4nger<\/p>\n<p><a href='http:\/\/extra.inmontanis.info\/d\/132551-2\/dsc05943.jpg'><img src=http:\/\/extra.inmontanis.info\/d\/132550-3\/dsc05943.jpg \/><\/a><br \/>\n^ Ca. 2.000 Jahre alte Schmucksteine, oben wieder die Vergr\u00f6\u00dferung<\/p>\n<p><a href='http:\/\/extra.inmontanis.info\/d\/132555-2\/dsc05944.jpg'><img src=http:\/\/extra.inmontanis.info\/d\/132554-3\/dsc05944.jpg \/><\/a><br \/>\n^ .. das erkennt man auch ohne Vergr\u00f6\u00dferung<\/p>\n<p>Puh, das ist teilweise schon ein, zwei Stufen h\u00f6her als das, was ich letztes Jahr im UK an antiken Sachen aus der R\u00f6mer- und Bronzezeit gesehen hab, von der Qualit\u00e4t und Unversehrtheit. Dagegen hab ich gerade einmal eine vielleicht 150 Jahre alte Eisenschale und meinen 130 Jahre alten Queen-Victoria-Sovereign ;)<\/p>\n<p>Als ich gegen 15:45 so langsam fertig wurde, regnete es, bin zwar nochmals etwas durch die Abteilungen geschlendert, aber hatte keine Aufnahmef\u00e4higkeit mehr. Also musste Ich den neuen Regenschirm einweihen, soll sturmfester sein als mein letzter, wird sich dann n\u00e4chsten Sommer im uk beweisen m\u00fcssen.<\/p>\n<p>Ich fuhr die paar km zum Karpfenwirt, und obwohl es einige mit diesem Namen in AT gibt, die auf ihrer Karte online keinen Karpfen anbieten, soll man sie hier ganzj\u00e4hrig bekommen (in Franken ja nur in den Monaten mit &#8220;r&#8221;, September bis April). Wollte ja schon seit ein paar Jahren hier her, aber da MO\/DI Ruhetag ist,  sonntags nur bis Mittag K\u00fcche und hin und wieder Ferien sind, hatte ich es nicht mit den wenigen Skitagen auf der Weinebene, die mir dann ja auch noch dazu nicht gefallen hatte, verbinden k\u00f6nnen. <\/p>\n<p>Sind ja von mir aus nur ca. 68 km dort hin, aber leider halt auf der falschen Seite, so dass ich erst einmal 1000hm runter fahren muss und dann die Passstra\u00dfe \u00fcber die Weineben rauf und runter (oder mit ca. 93km, die Autobahn, die aber auch Berg rauf und runter geht). Heute endlich also Karpfen!<\/p>\n<p><a href='http:\/\/extra.inmontanis.info\/d\/132615-2\/img_20250823_164449.jpg'><img src=http:\/\/extra.inmontanis.info\/d\/132614-3\/img_20250823_164449.jpg \/><\/a><br \/>\n^ So viel Karpfen zur Auswahl, ich entschied mich f\u00fcr das oben links, auch wenn sich die serbische Art nach fr\u00e4nkischer Art anh\u00f6rt<\/p>\n<p><a href='http:\/\/extra.inmontanis.info\/d\/132619-2\/img_20250823_174234.jpg'><img src=http:\/\/extra.inmontanis.info\/d\/132618-3\/img_20250823_174234.jpg \/><\/a><br \/>\n^ Karpfen(locken) als Vorspeise vom Grill links oder lieber ger\u00e4uchter Karpfen mit Pilzen auf Toast oder steirisches Karpfenfilet vom Rost? Ne, mit Pesto und Parmesan, da schmeckt man wohl kaum noch Karpfen<\/p>\n<p>Leider standen keine Getr\u00e4nke in der Karte, also bestellte ich ein &#8220;kleines Wasser&#8221;, was dann wohl ein stilles oder Leitungswasser war, sowie einen &#8220;kleinen Karpfen gebacken&#8221; plus einen &#8220;kleinen  Kartoffelsalat&#8221;. <\/p>\n<p>Klar, der serbische in Mehl gebacken w\u00e4r vmtl. fr\u00e4nkischer, aber den nehm ich dann n\u00e4chstes Mal mit und ggf. komm ich ja eh nach N\u00fcrnberg im Oktober.<\/p>\n<p>N\u00e4chstes Mal, d.h. ich m\u00f6chte auf dem Weg nach Tirol diesen Umweg hier machen und nochmals einen Karpfen mitnehmen &#8211; auch f\u00fcr meine Mutter dann. Wenn man sonntags was zum mitnehmen kaufen m\u00f6chte, sollte man das nicht in der Hauptmittagszeit machen, aber da ich ja eh gleich gegen 11 Uhr da sein m\u00f6chte, geht das. Vielleicht noch was kleines hier essen, falls ein Tisch frei w\u00e4re, z.B. diesen ger\u00e4ucherten Karpfen, wenn es ihn noch gibt.<\/p>\n<p><a href='http:\/\/extra.inmontanis.info\/d\/132623-2\/img_20250823_170553.jpg'><img src=http:\/\/extra.inmontanis.info\/d\/132622-3\/img_20250823_170553.jpg \/><\/a><br \/>\n^ Karpfen-Spangerl gebacken, kleine Portion (11,90) plus kleine Portion Kartoffelsalat (mit vielen Zwiebeln, 3,90) und kleinem Wasser (0,60)<\/p>\n<p>Fischmesser kenn ich auch etwas anders &#8230; und bei der dicken Panade h\u00e4tte auch ein normales Messer gepasst.<\/p>\n<p>Im Gegensatz zum Filet vor ein paar Jahren in K\u00e4rnten n\u00e4he Bad Kleinkirchheim, sind hier ja die Gr\u00e4ten noch drin &#8211; auch die ganz dicken, die hier von links bis rechts gehen, also ein ordentlich gro\u00dfer Karpfen!) und das Fleisch ist entsprechend dicker und somit schmeckt man trotz dieser Panade noch gut den Karpfengeschmack durch.<\/p>\n<p><a href='http:\/\/extra.inmontanis.info\/d\/132627-2\/img_20250823_173752.jpg'><img src=http:\/\/extra.inmontanis.info\/d\/132626-3\/img_20250823_173752.jpg \/><\/a><br \/>\n^ Von 1957-1986 gabs in der Wirtschaft sogar ein Kino<\/p>\n<p><a href='http:\/\/extra.inmontanis.info\/d\/132631-2\/img_20250823_174409.jpg'><img src=http:\/\/extra.inmontanis.info\/d\/132630-3\/img_20250823_174409.jpg \/><\/a><br \/>\n^ Man kann Karpfen auch frisch kaufen in diversen Ausf\u00fchrungen<\/p>\n<p>Mengenm\u00e4\u00dfig mit dem Salat ist die Portion ausreichend, noch eine w\u00fcrde nicht passen, ok, Nachspeise w\u00e4r noch gegangen, wollte mir aber nicht extra die Karte bringen lassen und dann ggf. doch nicht bestellen, dann halt noch ein Eis vonner Tanke.<\/p>\n<p>Apropos, Benzin heute ab ca. 1,43 \u20ac gesehen.<\/p>\n<p>Ich fuhr noch ein St\u00fcck nach Graz und bog einige km zu einem m\u00f6glichen Schlafplatz ab, wo ich nach 18 Uhr ankam.<\/p>\n<p>Mein Heckscheibenfensterschaumstoff scheint in den letzten Wochen wohl auch etwas geschrumpft zu sein?! Vielleicht auch mal einen neuen ..<\/p>\n<p>Meine Bem\u00fchungen, den Geruch aus dem Auto zu bekommen .. hatten auch nicht gefruchtet.<\/p>\n<p>In der Dunkelheit kam ein Auto mit Dachzelt, aber die fuhren um 23 Uhr wieder ab?!<br \/>\nSp\u00e4ter wurde ich noch mind. 2x durch ankommende Autos geweckt, mind. 1 blieb \u00fcber Nacht .. und l\u00e4rmte um 6 Uhr herum, gegen 7 kamen dann normale Besucher&#8230;<\/p>\n<p>Fortsetzung aus Graz (Tram-Museum) folgt in ein paar Tagen.<\/p>\n","protected":false},"excerpt":{"rendered":"<p>Hinweis: neuer Webserver seit 27.8.2025 online, bei Problemen bitte melden &#8211; aktuell zumindest VIIIEL schneller)<\/p>\n<p>Fr, 15.8.2025 (Feiertag)<\/p>\n<p>Nachdem ich nun 24\u00b0 in der Wohnung erreicht hab &#8211; das reicht, jetzt komm ich ins Schwitzen ;) <\/p>\n<p>War gegen 9\/10 Uhr am Auto paar Sachen machen, drau\u00dfen mir heute auch zu warm. <\/p>\n<p> ^ <a href=\"http:\/\/blog.inmontanis.info\/?p=10868\">[&#8230;]<\/a><\/p>\n","protected":false},"author":1,"featured_media":10870,"comment_status":"closed","ping_status":"closed","sticky":false,"template":"","format":"standard","meta":{"footnotes":""},"categories":[13],"tags":[36],"class_list":["post-10868","post","type-post","status-publish","format-standard","has-post-thumbnail","hentry","category-austria","tag-castle","odd"],"_links":{"self":[{"href":"http:\/\/blog.inmontanis.info\/index.php?rest_route=\/wp\/v2\/posts\/10868","targetHints":{"allow":["GET"]}}],"collection":[{"href":"http:\/\/blog.inmontanis.info\/index.php?rest_route=\/wp\/v2\/posts"}],"about":[{"href":"http:\/\/blog.inmontanis.info\/index.php?rest_route=\/wp\/v2\/types\/post"}],"author":[{"embeddable":true,"href":"http:\/\/blog.inmontanis.info\/index.php?rest_route=\/wp\/v2\/users\/1"}],"replies":[{"embeddable":true,"href":"http:\/\/blog.inmontanis.info\/index.php?rest_route=%2Fwp%2Fv2%2Fcomments&post=10868"}],"version-history":[{"count":2,"href":"http:\/\/blog.inmontanis.info\/index.php?rest_route=\/wp\/v2\/posts\/10868\/revisions"}],"predecessor-version":[{"id":10871,"href":"http:\/\/blog.inmontanis.info\/index.php?rest_route=\/wp\/v2\/posts\/10868\/revisions\/10871"}],"wp:featuredmedia":[{"embeddable":true,"href":"http:\/\/blog.inmontanis.info\/index.php?rest_route=\/wp\/v2\/media\/10870"}],"wp:attachment":[{"href":"http:\/\/blog.inmontanis.info\/index.php?rest_route=%2Fwp%2Fv2%2Fmedia&parent=10868"}],"wp:term":[{"taxonomy":"category","embeddable":true,"href":"http:\/\/blog.inmontanis.info\/index.php?rest_route=%2Fwp%2Fv2%2Fcategories&post=10868"},{"taxonomy":"post_tag","embeddable":true,"href":"http:\/\/blog.inmontanis.info\/index.php?rest_route=%2Fwp%2Fv2%2Ftags&post=10868"}],"curies":[{"name":"wp","href":"https:\/\/api.w.org\/{rel}","templated":true}]}}