{"id":10860,"date":"2025-08-14T15:10:37","date_gmt":"2025-08-14T13:10:37","guid":{"rendered":"http:\/\/blog.inmontanis.info\/?p=10860"},"modified":"2025-08-16T16:13:34","modified_gmt":"2025-08-16T14:13:34","slug":"nahen-nie-wieder-italien-reiseplanungen-auto-webserver-2-14-8-2025","status":"publish","type":"post","link":"http:\/\/blog.inmontanis.info\/?p=10860","title":{"rendered":"Reiseplanungen, nie wieder Italien, N\u00e4hen, Auto, Webserver, &#8230;, 2.-14.8.2025"},"content":{"rendered":"<p><strong>Sa, 2.8.2025<\/strong><\/p>\n<p>Heute Morgen noch eine gr\u00f6\u00dfere kleine Runde gegangen, bevor es laut Wetterbericht regnerisch werden soll. Leider die Cam vergessen, daher 2 Handyfotos:<\/p>\n<p><a href='http:\/\/extra.inmontanis.info\/d\/132153-2\/IMG_20250802_095014_001.jpg'><img src=http:\/\/extra.inmontanis.info\/d\/132152-3\/IMG_20250802_095014_001.jpg \/><\/a><br \/>\n^ Talblick<\/p>\n<p><a href='http:\/\/extra.inmontanis.info\/d\/132157-2\/IMG_20250802_095757_001.jpg'><img src=http:\/\/extra.inmontanis.info\/d\/132156-3\/IMG_20250802_095757_001.jpg \/><\/a><br \/>\n^ Gipfelblick<\/p>\n<p><a href='http:\/\/extra.inmontanis.info\/d\/132149-2\/DSC05642.jpg'><img src=http:\/\/extra.inmontanis.info\/d\/132148-3\/DSC05642.jpg \/><\/a><br \/>\n^ So, Rahmen mit Poster einfach irgendwo aufgeh\u00e4ngt.<\/p>\n<p>Hatte mir ja f\u00fcr unterwegs eine bessere \/ dickere N\u00e4h-Nadel-L\u00f6sung gekauft, um, falls n\u00f6tig, auch mal eine  Hose oder Jacke n\u00e4hen zu k\u00f6nnen. Bisher zum Gl\u00fcck nicht gebraucht, aber vielleicht kann ich das nun mal f\u00fcr den Matratzen\u00fcberzug verwenden. <\/p>\n<p>Zuvor aber erst einmal testen. Nunja, den Unterfaden nach jedem Stich in die Schlaufe einzuf\u00e4deln ist auch nicht gerade einfach. Den sollte man vielleicht in eine zweite Nadel stecken. Die m\u00fcsste ja auch nicht so spitz sein.<\/p>\n<p><a href='http:\/\/extra.inmontanis.info\/d\/132161-2\/DSC05644.jpg'><img src=http:\/\/extra.inmontanis.info\/d\/132160-3\/DSC05644.jpg \/><\/a><br \/>\n^ Testnaht<\/p>\n<p><a href='http:\/\/extra.inmontanis.info\/d\/132165-2\/DSC05645.jpg'><img src=http:\/\/extra.inmontanis.info\/d\/132164-3\/DSC05645.jpg \/><\/a><br \/>\n^ Testnaht, R\u00fcckseite<\/p>\n<p>Allerdings k\u00f6nnte ich mir auch andere Handsticharten vorstellen, um das zusammen zu n\u00e4hen. Haltbarer wird&#8217;s sch\u00e4tzungsweise sein, den Stoff mind. 1x umzulegen und die 4 Lagen Stoff dann mit dem obigen Teil zu n\u00e4hen. Die Wulst an der Seite st\u00f6rt ja nicht.<\/p>\n<p><a href='http:\/\/extra.inmontanis.info\/d\/132169-2\/DSC05646.jpg'><img src=http:\/\/extra.inmontanis.info\/d\/132168-3\/DSC05646.jpg \/><\/a><br \/>\n^ Leider funktioniert meine Lichterkette nicht mehr richtig, hier und da fallen mal unterschiedliche Teile aus oder die L\u00e4mpchen sind dunkler; je heller ich auf der Fernbedienung einstelle, desto mehr Ausf\u00e4lle gibt es. <\/p>\n<p><strong>So, 3.8.2025<\/strong><\/p>\n<p>Auch heute k\u00fchl und regnerisch, kaum \u00fcber 10\u00b0 drau\u00dfen, mittlerweile fast ganzt\u00e4gig lang\u00e4rmlige Kleidung in der Wohnung bei 20,1\u00b0 (wie ich eine Woche sp\u00e4ter feststellte, weicht dieses Thermometer aber um ca. 1\u00b0 zu zwei anderen ab, also eher 21\u00b0).  Wenn ich das gewusst h\u00e4tte, h\u00e4tte ich Juni \/ Anfang Juli  nicht so gegen die Aufw\u00e4rmung gek\u00e4mpft, sondern die Wohnung auf 24\u00b0 aufheizen lassen.<\/p>\n<p>In Kirgisistan haben sich die Skigebiete seit meinem Besuch 2017\/18 wohl nicht ver\u00e4ndert, immer noch die teils coolen alten, teils selbstgebastelten Lifte ;)  Tageskarten kosten um die 10-17 \u20ac, Doppelzimmer in Skigebieten gibts um die 20-40 \u20ac (d.h. f\u00fcr 2 Personen, wie in vielen derartigen L\u00e4ndern). Ob allerdings noch alle Skigebiete von damals offen sind, wei\u00df ich nicht. Und vmtl. kommen teils noch Zwangs-Keycards dazu, da musste ich mir 2017 ja auch schon welche kaufen. Preise f\u00fcr Mehrtagesp\u00e4sse oder Saisonkarten findet man nicht. Campingpl\u00e4tze mit Strom in Skigebieten wirds wohl eher keine geben sch\u00e4tz ich mal ganz grob, ohne danach gesucht zu haben ;) N\u00e4chtigen im Auto k\u00f6nnte vielleicht trotzdem erlaubt sein.<\/p>\n<p>Schade, dass das so weit weg ist und man mit dem eigenen Auto nur teuer und umst\u00e4ndlich dort hin kommt.<\/p>\n<p>Anders schaut die Sache in Usbekistan aus, da wurde anscheinend stark aufger\u00fcstet mit neuen Seilbahnen, ein neues Skigebiet ist in Betrieb und die sch\u00f6nen alten Lifte in Beldersaj sind wohl stillgelegt  :(<\/p>\n<p>Ob ich da also noch r\u00fcberfahren m\u00f6chte, bleibt fraglich. Klar, wenn ich alle neuen Bahnen meiden wollte, m\u00fcsste ich in RU auch viel auslassen.<\/p>\n<p>Was ich im Gegensatz zur 2017\/18er Reise eigentlich nicht mitnehmen kann: Den Reservekanister. Hatte ihn ja eh nicht gebraucht, auch nicht die lange Steppe durch Kasachstan; aber mein aktuelles Problem w\u00e4re nicht nur der fehlende Platz, sondern haupts\u00e4chlich nat\u00fcrlich der Geruch beim Schlafen im Auto, falls ich ihn doch mal ben\u00f6tigen sollte. Oder irgendwo au\u00dfen \/ am Dach montieren &#8230;<\/p>\n<p>2-3 Monate KG+KZ k\u00f6nnten fast etwas viel sein, so viel Skigebiete gibts dort ja auch nicht. Aber vor Mitte\/Ende Februar wirds in Sibirien noch zu kalt sein. Nicht, dass es im Januar nicht auch in KG und KZ kalt sein kann &#8211; und einige der KZ-Skigebiete sind ja auch weiter im Norden im Altaigebirge, nah an Sibirien, nah an der Mongolei und in Russland gibts da auch einige besuchenswerte Gebiete, eben bis zum Baikalsee. Leider soll es \u00fcblicherweise auch noch ausgerechnet Ende Februar \/ Anfang M\u00e4rz am intensivsten im Altai schneien. Wobei, das kenn ich ja auch aus Skandinavien, je k\u00e4lter es ist, desto weniger schneit es eigentlich.<\/p>\n<p>Oder ich mach doch Iran + Zentralasien alles in einer Tour \u00fcbern\u00e4chsten Winter, Iran im Dez\/Jan in der Hoffnung, dass schon genug Schnee liegt und fahr dann nur 1x nach RU am R\u00fcckweg&#8230;  <\/p>\n<p>Noch ein Grund, noch nicht heuer zu fahren: Ich sollte ernsthaft mein Russisch verbessern + f\u00fcr den Iran die arabische Schrift lesen k\u00f6nnen. Wobei ich unterwegs in Skandinavien und England die n\u00e4chsten 14 Monate auch kaum Zeit daf\u00fcr finden werde&#8230;<\/p>\n<p>Momentan scheint es sogar so, dass man gar keine Iran-Visa mehr bekommt seitdem Israel+USA den Iran bombardiert haben bzw. nur noch mit Guide unterwegs sein darf, somit als Camper \/ Einzelfahrer und Skifahrer sinnlos :(( Hoffentlich \u00e4ndert sich das bald mal wieder.<\/p>\n<p>In Kasachstan gibts jetzt Mautstra\u00dfen, die man online bezahlen muss und das ist f\u00fcr Ausl\u00e4ndern nach einigen Berichten auch wieder MEGA umst\u00e4ndlich. Am besten man findet in KZ dann einen Einheimischen, der einem das macht.<\/p>\n<p><strong>Mo, 4.8.2025<\/strong><\/p>\n<p>Wollte heute mal testweise Rahmen drucken f\u00fcr die Fliesen &#8211; leider funktionierte mein 3D-Drucker nicht wie gew\u00fcnscht und produzierte eher M\u00fcll.<\/p>\n<p><a href='http:\/\/extra.inmontanis.info\/d\/132173-2\/DSC05649.jpg'><img src=http:\/\/extra.inmontanis.info\/d\/132172-3\/DSC05649.jpg \/><\/a><br \/>\n^ Auch mein 3D-Drucker funktioniert nicht mehr<\/p>\n<p>Tja, dann wohl keine Deckenelemente und Fliesen mehr. Oder in 2 Jahren mal reparieren. Falls ich bis dahin nicht wegen der politischen Situation auswandern muss. ;)<\/p>\n<p>Der Scandinavian Skipass hat nun Macugnaga (5 Tage) in Italien mit drin (zus\u00e4tlich zu Limone) &#8211; naja, bei den hohen Parkgeb\u00fchren wollte ich da eh nicht wieder hin und mit der Helmpflicht ja schon gleich gar nicht mehr. Ebenfalls inkludiert: Pila (2 Tage), Champorcher, Chamois und Crevacol und die restlichen Skigebiete vom Aosta-Magic-Pass bzw. denselbigen, also auf 6 Tage insg. beschr\u00e4nkt. W\u00e4ren zusammen also ca. 2 Wochen.<\/p>\n<p>So ein Mist, dass das nicht schon letztes Jahr inkludiert war &#8211; und heuer die Italiener die schei\u00df Helmpflicht einf\u00fchren wollen :(<\/p>\n<p>Preis ist heuer 5.995 bzw. bis 15.10. 5.495 bzw. als j\u00e4hrliches Abo 4.995,- SEK. Kurs ist dzt. 1:11,16<\/p>\n<p>Tja, w\u00e4r sch\u00f6n, wenn noch das eine oder andere skandinavische Skigebiet dazu kommen w\u00fcrde &#8230; leider gibts da auch auf Nachfrage noch nichts zu vermelden. Wie schon  mal erw\u00e4hnt, einige Gebiete w\u00fcrden gern, aber die m\u00f6chte er nicht, andere m\u00f6chte er gern, aber die haben wohl keine Lust &#8211; evtl. ergibt sich mit Gesundaberget noch eine Schnittmenge seit dem Eigent\u00fcmerwechsel und der Wiederinbetriebnahme.<\/p>\n<p>Sollte die Helmpflicht in IT noch nicht n\u00e4chsten Winter kommen und ich die 2 Wochen zum Saisonstart ausn\u00fctzen wollen .. was bei der Schneeh\u00f6he in den genannten Skigebieten Anfang\/Mitte Dezember h\u00e4ufig ziemlich witzlos ist, wenn nicht endlich mal wieder ein guter italienischer Saisonstart kommt &#8230; w\u00e4r ich aber ja trotzdem noch zu fr\u00fch dran f\u00fcr die Finnland-Gebiete raufw\u00e4rts oder m\u00fcsste noch weitere IT-Gebiete &#8220;als Abschied&#8221; mitnehmen, falls die Helmpflicht erst ab Winter 2026\/27 kommen sollte &#8211; oder z.B. erst ab 1.1.2026, dann sollte ich wohl noch ein letztes Mal ein paar Skitage in Italien anfahren&#8230;<\/p>\n<p><strong>Di, 5.8.2025<\/strong><\/p>\n<p>Tja, sowie ich das sehe &#8211; wurde das Gesetz gestern vom Senat abgesegnet, keine \u00c4nderung am Artikel mit der Helmfplicht aber wohl bei einigen anderen Punkten, so dass das Gesetz  zu einer dritten Lesung in die &#8220;camera&#8221; muss.<\/p>\n<p><a href='http:\/\/extra.inmontanis.info\/v\/sonstiges\/Gefundenes\/DSC05650.jpg.html'><img src=http:\/\/extra.inmontanis.info\/d\/132138-2\/DSC05650.jpg \/><\/a><br \/>\nMercedes-Benz-Werbung 1925<\/p>\n<p><a href='http:\/\/extra.inmontanis.info\/v\/sonstiges\/Gefundenes\/DSC05651.jpg.html'><img src=http:\/\/extra.inmontanis.info\/d\/132141-2\/DSC05651.jpg \/><\/a><br \/>\nKn\u00fcpfspiel aus der S\u00fcdsee, das wohl, wie prophezeit, tats\u00e4chlich auch Deutschland in der einen oder anderen Form erobert hatte, zumindest in den 1980ern mir noch bekannt.<\/p>\n<p><a href='http:\/\/extra.inmontanis.info\/v\/sonstiges\/Gefundenes\/DSC05652.jpg.html'><img src=http:\/\/extra.inmontanis.info\/d\/132144-2\/DSC05652.jpg \/><\/a><br \/>\nHeizk\u00f6rper-Verkleidung &#8211; etwas, was heutzutage ungew\u00f6hnlich ist.<\/p>\n<p>.. in den n\u00e4chsten Tagen war ich mit Band\/Quartal 1 1925 fertig, ob ich Band 2 heuer noch anfangen werde, wei\u00df ich noch nicht &#8211; jetzt will ich noch ein anderes Buch lesen, das ich mir letztes Jahr im UK gekauft hatte. (1890s &#8211; Victoria&#8217;s final decade)<\/p>\n<p><strong>Mi, 6.8.2025<\/strong><\/p>\n<p>Ab Freitag werden in K\u00e4rnten (im Tal) doch nochmals 30\u00b0 und mehr gemeldet (nach 1 Monat ohne), somit soll es also auch bei uns heroben nochmals etwas w\u00e4rmer werden. <\/p>\n<p>Gut, um die Wohnung nochmals w\u00e4rmer zu bekommen, schlecht f\u00fcr einen verl\u00e4ngerten Wochenend-Ausflug um den 15.8. &#8211; daf\u00fcr ist es mir dann zu warm.<\/p>\n<p>Gar nicht so einfach, auf Amazon eine Packung Nudeln zu kaufen, die nicht &#8220;Made in  Italy&#8221; ist! Und wenn es dazu keine Spiralen oder H\u00f6rnchen oder Spaghetti sein sollen &#8230; aber trotzdem findet man was von deutschen Herstellern, wenn auch keine Penne und wenn auch wesentlich teurer als die Amazon-Penne-made-in-Italy, die weniger als 1 \u20ac kosten. Bestell ich die langen Maccaroni ohne oder etwas verdrillte H\u00f6rnchen mit Ei? Glaub 2 Packungen werd ich nicht mehr brauchen.<\/p>\n<p>Nachdem ich wieder nicht weiter gekommen bin hinsichtlich Pendisplay-Tasche &#8211; 30 \u20ac f\u00fcr das offizielle Modell ist mir einfach zu teuer &#8211; werd ich mir nun eine Rolle Filzstoff (Bastelfilz) (30-40cm x 300cm um die 8-15 \u20ac) kaufen und mir eine Tasche einfach selbst n\u00e4hen. <\/p>\n<p>Zuf\u00e4lligerweise hab ich eine Filztasche hier rumh\u00e4ngen, die hat ebenfalls 3mm Filzdicke &#8211; aber mit meinem am Anfang des Berichts vorgestellten Nadelwerkzeug komm ich nicht einmal durch 1 Lage durch &#8211; geschweige denn durch 2 ?! Dann muss es wohl ein d\u00fcnnerer Filzstoff werden &#8230; oder gleich ein Klebefilz, wie ich ihn im Auto verwendet hab, und sich das n\u00e4hen sparen. In dem Fall m\u00fcsste man halt innen auch noch irgendeinen Stoff reinkleben &#8211; oder doppelt nehmen. Und man hat nur 1 Versuch, das richtig zu kleben. <\/p>\n<p>Mein Lenkrad-Tisch-Halter ist mittlerweile auch etwas verbogen in der Mitte &#8211; zu viel W\u00e4rme abbekommen. F\u00fcr 10-14 \u20ac einen neuen kaufen oder weiter damit leben? Schauen alle gleich aus.<\/p>\n<p>Andere Sache, die auch noch nicht perfekt ist: Beifahrersitz. Da ist mein Rucksack, evtl. noch andere Taschen, mal eine zweite Jacke oder zweite Skihose, meine IR-Cam, mal ein Stra\u00dfenatlas oder noch weitere gekaufte B\u00fccher, manchmal einige tin whistles, Bauchtausche &#8230; irgendwann dann zu viel auf einen Haufen, rutscht, \u00e4rgert, st\u00f6rt beim Rein-\/Raustun der Skischuhe aus dem Beifahrerfu\u00dfraum.<\/p>\n<p>Da w\u00e4re also irgendeine Art von Tasche vielleicht sinnvoll, aber bei der Form des Sitzes, der vorgeklappten Lehne, der Enge hinsichtlich Skischuhe &#8211; w\u00fcrde wohl auch jede Tasche Platz verschenken, unpassend sein, &#8230;<\/p>\n<p>Es gibt mittlerweile kleine Taschen, die steckt man zwischen Sitz und MIttelkonsole. Dieser verfickte Schlitz, wo immer was reinf\u00e4llt und man schwer wieder ausbekommt. So eine Tasche w\u00fcrde also einen doppelten Nutzen bringen, falls von der L\u00e4nge her gut. Evtl. problematisch bei mir, dass ich ja den Fahrersitz jeden Tag mehrmals nach vorne \/ hinten stelle. <\/p>\n<p>Muss ich morgen mal im Auto ausmessen -> Ergebnis: Der Spalt ist bei mir zu schmal als dass diese Tasche, so wie sie ausschaut, in deren Breite reingesteckt werden k\u00f6nnte, zumindest wenn der Sitz ganz vorne ist. Schade. M\u00fcsste wesentlich k\u00fcrzer sein.<\/p>\n<p>Auch f\u00fcr die Seiten der Sitze gibt es mittleweile kleine Taschen (nicht nur f\u00fcr die R\u00fcckseite). <\/p>\n<p>Zwecks zuk\u00fcnftiger Standheizung in einem n\u00e4chsten Auto .. schon einmal kurz thematisiert, gibt ja Luft- und Wasserstandheizungen, ich hab eine Wasserstandheizung aber den verk\u00fcrzten Heizkreislauf, so dass nicht der Motor gew\u00e4rmt wird. <\/p>\n<p>Luftstandheizungen sollten wohl besser innen verbaut werden und man braucht also entsprechend Bohrungen durch die Karosserie und muss innen entsprechend das Ger\u00e4t so verbauen, dass nicht unerw\u00fcnschte Dinge nebendran mit zu hei\u00df erw\u00e4rmt werden, zudem muss man die hei\u00dfe Luft entsprechend mit Rohren verteilen und auch da aufpassen, wo man diese starke W\u00e4rme haben will und wo nicht.<\/p>\n<p>Vorteil der Luftstandheizungen ist, dass man sie auf Dauerbetrieb verwenden kann und sie wesentlich stromsparender sind, weil nur kleiner L\u00fcfter und nicht der gro\u00dfe L\u00fcfter vom Fahrzeugsystem verwendet wird, der zumindest bei mir an die 4-8 A zieht.<\/p>\n<p>&#8230; aber es gibt eben durchaus einige Vorteile der Wasserstandheizung, z.B. dass man mittels den Klima-Bedienelementen vom Auto steuern kann, ob die W\u00e4rme unten, mittig oder an den Scheiben raus geht &#8211; und ich schalte da durchaus hin und wieder um, je nachdem wo ich mich im Auto befinde bzw. ob ich die Scheiben enteisen will.<\/p>\n<p>Heut hab ich noch etwas gefunden, es g\u00e4be n\u00e4mlich auch eigene W\u00e4rmetauscher f\u00fcr die Wasserstandheizung, so dass man nicht nur \u00fcber das Fahrzeugl\u00fcftersystem gehen kann. So k\u00f6nnte man z.B. einen eigenen Wasserkreislauf mit einer Wasserstandheizung erw\u00e4rmen, entweder zu so einem eigenen W\u00e4rmetauscher mit L\u00fcfter und\/oder man f\u00fchrt den Wasserkreislauf  &#8211; und jetzt wird&#8217;s interessant &#8211; durch den Fahrzeugboden als Fu\u00dfbodenheizung oder Heizung an Stellen, wo keine Luft sonst hinkommt!<\/p>\n<p>Vielleicht noch mit einem Schalter versehen, ob mit\/ohne Fahrzeuggebl\u00e4se, k\u00f6nnte das f\u00fcr mein n\u00e4chstes Auto durchaus auch eine sinnvolle Option sein.<\/p>\n<p><strong>Do, 7.8.2025<\/strong><\/p>\n<p><a href='http:\/\/extra.inmontanis.info\/d\/132177-2\/IMG_20250807_071107.jpg'><img src=http:\/\/extra.inmontanis.info\/d\/132176-3\/IMG_20250807_071107.jpg \/><\/a><br \/>\n^ Nachteil der nun wei\u00dfen Leiste \u00fcbern Fenster: Reflektiert das Morgenlicht und erhellt den Raum zu fr\u00fch.<\/p>\n<p>Ich hatte das eine Skigebiet in Finnland mit dem 199 \u20ac &#8211; Saisonkartenangebot angeschrieben (Laajis), in welchen Skigebieten und in welcher H\u00f6he die Rabatte n\u00e4chstes Jahr gelten.<\/p>\n<p>Antwort war, man wisse es noch nicht, die Verhandlungen  werden wohl erst n\u00e4her am Winter abgeschlossen sein (aber man hofft, die alten zu behalten und vielleicht auch neue zu gewinnen). Ob das nun nur f\u00fcr 1 Tag pro Saison oder jede Tageskarte gilt, wurde nicht beantwortet, auf Nachfrage: letzte Saison unlimitiert; wie lang das 199 \u20ac Angebot gilt, wurde auch nicht beantwortet (letztes Jahr lt. Facebook wohl bis November, wobei es da evtl. ein fixes Kontingent und kein fixes Datum gab); verschickt wird die Karte nicht, man m\u00fcsse sie abholen (d.h. ich k\u00f6nnte sie auch auf eine meiner Keycards buchen, m\u00fcsste dann aber trotzdem erst vor Ort die Keycard tauschen oder auf meiner den richtigen Aufdruck machen lassen, sofern sie einen Aufdruck mit Foto machen und das f\u00fcr die Rabatte in anderen Gebieten gut genug ist, sonst k\u00e4men noch 7 \u20ac f\u00fcr eine Keycard hinzu.)<\/p>\n<p>Bl\u00f6d ist halt, dass das Skigebiet verglichen mit den rabattierten Skigebieten von letzter Saison ziemlich mittig liegt, 667km sinds bis zum n\u00f6rdlichsten Skigebiet, 245km.<\/p>\n<p>Ok, mittig ist nicht so ganz richtig und es kommt auch noch dazu, welche F\u00e4hre ich fahren w\u00fcrde &#8211; ob die mittlere (Ume\u00e5-Vaasa, k\u00fcrzer) oder die l\u00e4ngere im S\u00fcden (im Bereich ca. Stockholm-Helsinki). Vom Norden her anzureisen hatte ich ja schon einmal als nicht so optimal beschrieben, weil ich dann entweder bis Mitte\/Ende Januar im Norden bleiben  m\u00fcsste oder schon Ende Dez. bei evtl. noch zu wenig Schnee die FI-Tour machen m\u00fcsste.<\/p>\n<p>Also k\u00f6nnte ich entweder mal abwarten, ob sich die Rabatt-Skigebiete verfestigen so lang der 199 \u20ac Tarif noch gilt, oder ich kauf ihn mir vorher und &#8220;zocke&#8221; einfach.<\/p>\n<p>Da ich schwer absch\u00e4tzen kann, wie mir dieses Skigebiet im Speziellen und die anderen gefallen w\u00fcrden und wie oft ich dann jeweils die Saisonkarte im Skigebiet und die Rabatte in den anderen nutzen w\u00fcrde, kann ich kaum sagen, wie sehr sich diese Karte \u00fcberhaupt lohnen k\u00f6nnte. Je 3 Tage in den interessanteren 20% &#8211; Gebieten plus 3 Tage im Saisonkartengebiet kommt bei den Preisen der letzten Saison auf 175 \u20ac, was also noch nicht reicht &#8211; m\u00fcsste man sich  noch die uninteressanteren 50%-Gebiete anschauen oder eben irgendwo l\u00e4nger bleiben.<\/p>\n<p>Leider ist ja auch der &#8220;Caravanpark&#8221; in diesem Skgebiet mit 45 \u20ac \/ Nacht inkl. Strom nicht gerade g\u00fcnstig.<\/p>\n<p>D.h. es ist eigentlich eh schon recht knapp, dass ich das reinfahren w\u00fcrde. Wenn dann noch eins der interessanteren 20% &#8211; Rabatt &#8211; Gebiete wegfallen w\u00fcrde &#8230;<\/p>\n<p>Die 2023\/24er Rabatte sind ja noch auf der englischen Seite online, da gab es 5 Skigebiete mit 20% Rabatt (teils nur Tageskarte, teils auch Mehrtageskarten) und 4 mit 50%; 2024\/25 waren es 5 Gebiete mit 50%, die 20%-Gebiete ident, aber in allen Gebieten nur noch f\u00fcr die Tageskarten g\u00fcltig.<\/p>\n<p>Bei nur 85-105hm (Angaben sind unterschiedlich) ist das Saisonkartenskigebiet halt auch eher eins der niedrigeren. Daf\u00fcr hat es eine Vorder- und R\u00fcckseite, wobei fraglich ist, wann der Schnee f\u00fcr die R\u00fcckseite reicht.<\/p>\n<p>Unsch\u00f6n steht aber auf der Website also vmtl. schon mind. seit letztem Jahr g\u00fcltig: &#8220;For the new season many of our slope profiles have been further shaped.&#8221; &#8211; da hat man sich gerade gefreut, dass die Hauptpiste auf einem Bild im Netz so sch\u00f6n wellig ausschaut&#8230; oder es bedeutet, dass noch mehr Pisten jetzt zum Funpark geshaped wurden.<\/p>\n<p>Tja.. laut Bildersuche im Netz sind da eh schon mindestens 3 Abfahrten mit Funpark zumindest teilweise oder ganz versaut :(<\/p>\n<p>Nachdem sich mein 150Ah-Liontron-Akku nach dem Balancieren mittlerweile nur noch mit 20 (!!) Ah laden l\u00e4sst, weil die ehemals st\u00e4rkste Zelle (4 St\u00fcck sind eingebaut) jetzt die schw\u00e4chste und fast komplett im Keller ist, ich zudem auch innerhalb AT nichts von den \u00fcblichen Paketdienstleistern finde, der einen Versand von Gefahrgut inkl. insb. Lithium-Akkus erlauben w\u00fcrde, darf ich nun wohl auch direkt bei ihnen vorbei fahren und einen (refurbished) Tauschakku abholen, ohne auf eine Reparatur warten zu m\u00fcssen.<\/p>\n<p>Garantie endet mit 20.10.2025, d.h. bis zu dem Zeitpunkt sollte ich dann irgendwo im Bereich Ruhrgebiet sein. Oder eine R\u00fccksendung aus DE organisieren, falls im Dezember doch noch Italien eine helmpflichtfreie Option sein sollte, damit der Akku zeitgerecht bei denen ist. <\/p>\n<p><strong><br \/>\nAber nein, das Hoffen ist wohl vergebens, im Dezember noch ein Mal in Italien Ski fahren zu d\u00fcrfen. Abends verdichteten sich die Meldungen, dass das Helmpftlichtgesetz bzw. das Drumherumgesetz mit den \u00c4nderungen nun definitiv abgesegnet ist; einige Websites sprechen von &#8220;ab Saisonstart 2025\/26&#8221;,  aber k\u00f6nnte auch sein, dass es am Stilfserjoch bereits ab heute oder morgen gelten w\u00fcrde. Strafen glaub bis zu 200 \u20ac und bis zu 3 Tage Sperre in dem Skigebiet, das werd ich nicht riskieren, fickt euch, Italien wird ab sofort von mir komplett boykottiert. <\/p>\n<p>561 Skitage in 186 Skigebieten.  Nach dem 8.3.2020 nun das zweite, unerwartete Ende, diesmal aber definitiv. Auf die Idee w\u00e4r ich im Mai am Schnalstaler nie, nie, nie und nimmer gekommen, dass das mein letzter Skitag in Italien sein k\u00f6nnte, aber so schnell kann das Ende kommen! <\/p>\n<p><\/strong><br \/>\n(\u00dcbrigens, Radfahren ist in Italien noch ohne Helm erlaubt. Mitten im Stra\u00dfenverkehr mit all den Autos und dem harten Asphalt&#8230;.)<\/p>\n<p><strong><br \/>\nItalien? Was ist das? Wo ist das? Error 404.<br \/>\n<\/strong><\/p>\n<p>Die Lobby, der Aufschrei der Nicht-Helm-Skifaher ist viel zu klein, als dass sich das wohl noch einmal \u00e4ndern w\u00fcrde&#8230;.<\/p>\n<p><strong>Fr, 8.8.2025<\/strong><\/p>\n<p>So lang wie ich jetzt schon in der Wohnung bin &#8211; ich war vermutlich noch nie so lang am St\u00fcck in meiner neuen Wohnung, oder? Daf\u00fcr aber vielleicht n\u00e4chstes Jahr gar weniger als 1 Woche ;)<\/p>\n<p>Britische Trams, britische Fliesen, britische Teller, britische Literatur.. nimmt schon fast etwas \u00fcberhand, das Thema Britain bei mir.<\/p>\n<p>Kulinarisch fing ich heute die im UK gekaufte Dose Spam an; auch einige Naschsachen hab ich noch aus dem UK, ebenso aber auch aus SE, CZ und NO. Fertiggerichte und Konserven hab ich noch aus UK, FR und NO, ob ich da wieder welche mit auf die Reise nehmen muss? Und nat\u00fcrlich aus DE und wenige aus AT.<\/p>\n<p>Die Amazon-Lieferung kam auch und &#8211; oh wie bescheuert, ich hatte ganz vergessen, dass ich ja letztens eine 1kg Packung Penne im Tal gekauft hab &#8211; da h\u00e4tt ich die Nudeln von Amazon nicht gebraucht ..<\/p>\n<p><a href='http:\/\/extra.inmontanis.info\/d\/132181-2\/DSC05654.jpg'><img src=http:\/\/extra.inmontanis.info\/d\/132180-3\/DSC05654.jpg \/><\/a><br \/>\n^ Amazon-Eink\u00e4ufe, manchmal muss man eine Gro\u00dfpackung nehmen &#8211; aber die Cevapcici-Fertiggerichte sind bis 2027 haltbar. Die 1kg Penne oben hatte ich ja noch da, nur vergessen.<\/p>\n<p>Die Dose Soljanka hat sich so warm angef\u00fchlt, dass man sie wohl direkt h\u00e4tte essen k\u00f6nnen ;)<\/p>\n<p>Die Maccaroni werden wg. der kurzen Kochzeitangabe mal mitgenommen, die in AT gekauften Penne sind bis 2029 haltbar, bleiben also daheim, so ich sie nicht noch in den n\u00e4chsten Wochen daheim ben\u00f6tige und aufmachen muss.<\/p>\n<p>Nicht sch\u00f6n, aber zumindest stehen die Trams mal wieder &#8211; ein Provisorium:<\/p>\n<p><a href='http:\/\/extra.inmontanis.info\/d\/132185-2\/DSC05660.jpg'><img src=http:\/\/extra.inmontanis.info\/d\/132184-3\/DSC05660.jpg \/><\/a><br \/>\n^ So, schnell mal 2 Bretter montiert, dass die Trams wieder aufgestellt werden k\u00f6nnen. Idee zuletzt w\u00e4ren ja einzelne Bilderrahmen gewesen..<\/p>\n<p>Falls ich n\u00e4chstes WE ein, zwei oder drei Tage unterwegs sein sollte, m\u00fcsste ich mal in die G\u00e4nge kommen, was mein Auto angeht. Bett\u00fcberzug, WC, paar Ausbesserungen &#8230; und gibts irgendwelche Ziele in der Gegend, die ich besichtigen m\u00f6chte? Au\u00dfer \u00fcber die Steiermark zu fahren, um einen Karpfen zu essen?<\/p>\n<p>In die G\u00e4nge kommen muss ich auch bei den m\u00f6glichen Zwischenstopps auf dem Weg nach Skandinavien &#8211; au\u00dfer Museumstrams in N\u00fcrnberg und Hannover.<\/p>\n<p>Ja, es wird wohl doch auf Skandinavien rauslaufen, wegen den Winterr\u00e4dern, wegen UK n\u00e4chstes Jahr und wegen dem Batterieaustausch jetzt im Oktober.<\/p>\n<p>Erstaunlicherweise hab ich das in ein wenigen Stunden heute geschafft durchzugehen &#8211; also die Nostalgieseilbahnen, paar Museen und Skihallen. Naja, Bottrop hat mal wieder zu, diesmal wegen Umbau bis ca. 1.11., und die All-Inclusive-Tickets danach sind mir eh zu teuer ( 52-82 \u20ac). Aber vielleicht besuch ich eine der anderen Skihallen. In DE noch ohne Helmpflicht. Die Skihallen in NL+UK hatten ja schon vor 2 Jahren Helmpflicht, aber auch die in Frankreich nahe Luxemburg hat jetzt Helmpflicht. Somit kein kurzer Skitag mit &#8220;Kaliningrad&#8221;. F\u00fcr uns Dinosaurier ist halt kein Platz mehr.<\/p>\n<p>Noch ungewiss, ob ich 1 Woche in N\u00fcrnberg bleiben m\u00f6chte (Stadtrundfahrt mit alter Tram am Montag, Museum und weitere Rundfahrt dann am Samstag\/Sonntag) und was ich die Tage dazwischen anfangen soll (und mir dann die kleinere Zweitbatterie reicht).<\/p>\n<p><strong>Sa, 9.8.2025<\/strong><\/p>\n<p>Der Klebefilz in dieser Rolle war h\u00e4rter als erwartet, also kein Vergleich zu dem weichen Filz, den ich mir damals f\u00fcr&#8217;s Auto gekauft hatte. Somit fiel Doppeltlegen aus, weil man damit vieleicht das Display mehr verkratzen als sch\u00fctzen w\u00fcrde, und eine alternative Innenbeschichtung musste gefunden werden. <\/p>\n<p><a href='http:\/\/extra.inmontanis.info\/d\/132189-2\/DSC05664.jpg'><img src=http:\/\/extra.inmontanis.info\/d\/132188-3\/DSC05664.jpg \/><\/a><br \/>\n^ Heute basteln wir uns eine Bildschirm\/Notebook-Tasche aus Klebefilz. D\u00fcnner und h\u00e4rter als erwartet &#8230;<\/p>\n<p>Ich testete die Weichheit und die Haltbarkeit des Klebers vom Filzstoff darauf und entschied mich f\u00fcr ein Geschirrtuch, das ich noch etwas k\u00fcrzte und dann in einigen wenigen Stichen zusammenn\u00e4hte, damit  es beim Kleben in Form bleibt.<\/p>\n<p><a href='http:\/\/extra.inmontanis.info\/d\/132193-2\/DSC05666.jpg'><img src=http:\/\/extra.inmontanis.info\/d\/132192-3\/DSC05666.jpg \/><\/a><br \/>\n^ .. daher als Einlage ein Geschirrtuch, das von der Gr\u00f6\u00dfe her gut passte und nur etwas gek\u00fcrzt werden musste. Ich n\u00e4hte den Rand grob fest vor dem Kleben<\/p>\n<p><a href='http:\/\/extra.inmontanis.info\/d\/132197-2\/DSC05668.jpg'><img src=http:\/\/extra.inmontanis.info\/d\/132196-3\/DSC05668.jpg \/><\/a><br \/>\n^ Klebefilz zusammengelegt.<\/p>\n<p>Was ich mit der Klappe mach, ist noch nicht entschieden. Klett h\u00e4lt bei dem Filz nur wenig<\/p>\n<p>Fall die N\u00e4hmaschine meines Vaters durch die zwei Lagen Filz samt Kleber kommt, kommt noch eine Naht an den Rand und ich k\u00f6nnte die Breite  etwas k\u00fcrzer schneiden.<\/p>\n<p><a href='http:\/\/extra.inmontanis.info\/d\/132201-2\/DSC05670.jpg'><img src=http:\/\/extra.inmontanis.info\/d\/132200-3\/DSC05670.jpg \/><\/a><br \/>\n^ Geschirrt\u00fccher und Schw\u00e4mme als Hand-\/Ellbogenschutz am PC<\/p>\n<p><a href='http:\/\/extra.inmontanis.info\/d\/132205-3\/DSC05671.jpg'><img src=http:\/\/extra.inmontanis.info\/d\/132204-4\/DSC05671.jpg \/><\/a><br \/>\n^ Heutige Zutaten f\u00fcr die Eiscreme &#8211; leider war der Rest Kakaopulver in der Packung doch viel zu viel.<\/p>\n<p>Bei den ca. gemeldeten 30\u00b0 im Tal war&#8217;s auch bei mir etwas w\u00e4rmer und ich konnte mit offenem Fenster die W\u00e4rme hereinlassen, so dass sich die Wohnung mal wieder wenigstens auf etwas \u00fcber 21\u00b0 (bzw. 22\u00b0) erw\u00e4rmte.<\/p>\n<p>Eine andere Sache, die ich diesen Sommer machen wollte, betraf meinen Webserver.<br \/>\n1) Installation eines lokalen Webservers, um<br \/>\na) Updates auf eine neuere PHP-Version zu checken<br \/>\nb) zu checken, ob die Dateinamen gleich bleiben, wenn man die Cache-Files neu erstellt (wichtig, damit meine alten Links passen) &#8211; in dem Fall w\u00fcrde ich die vergr\u00f6\u00dferten Bilder, die man beim Klick auf die Bilder laden kann, l\u00f6schen.<br \/>\nc) zu checken, ob es eine M\u00f6glichkeit gibt, die Anzahl der Cache-Files zu minimieren (jedes Bild wird mind. 4x abgespeichert am Webserver, was unn\u00f6tig viel Platz braucht)<br \/>\n2) Je nach Erfolg das auf meinem Live-Webserver umsetzen, Updates installieren<br \/>\n3) Oder ggf. auf einen neueren, g\u00fcnstigeren, schnelleren virtuellen Server umsteigen<br \/>\n4) Ansonsten werd ich n\u00e4chsten Winter wohl beim jetzigen Server auf eine volle Festplatte sto\u00dfen und keine Lust haben, noch mehr Geld daf\u00fcr auszugeben und wenn der Server irgendwann mal wieder gehackt wird ist mir das auch egal und ich h\u00e4tte pl\u00f6tzlich sehr viel Freizeit auf meinen Reisen.<\/p>\n<p>Also mal mit 1.1 anfangen. Wollte erst einen virtuellen Server bei mir installieren, dort Linux installieren, usw. &#8211; aber nach 1-2 Stunden war mir das doch zu bescheuert und ich installierte mysql und apache und php mal auf meiner normalen Linux-Installation. SQL User anlegen, die Extragallery-Datenbank restoren und mal meine Extragallery (kleiner als die Alpengallery) vom letzten Backup auf eine zweite Instanz kopieren. 368.464 Dateien, 42 GB. Bei 33.164 Items in der Gallery (Bilder + Verzeichnisse). Die Alpengallery h\u00e4tte 85 GB und 871 946 Dateien.<\/p>\n<p>1a: Da gabs schon gleich mal einige Fehler, aber beim Suchen im Netz fand ich, dass es durchaus wieder Arbeiten an der gallery gibt und es mittlerweile eine Version 3 gibt&#8230;. aber schon \u00e4lter, vmtl. hatte ich mich schon einmal dagegen entschieden. In den n\u00e4chsten Tagen testete ich diese lokal auch, aber der Import der alten Version 2 wollte nicht funktionieren.  Ein anderer hat die Gallery2 auf php8 geforked, das hab ich dann installiert.<\/p>\n<p>Das Dr\u00fcberkopieren des php8-Codes hatte local zu einer funktionierenden Gallery gef\u00fchrt, nat\u00fcrlich fehlen alle meine \u00c4nderungen und einige Zusatzmodule, die m\u00fcsste ich noch anpassen.<\/p>\n<p>Der Test zu 1b schlug leider fehlt. Beispiel altes Bild, hatte ich im Original in 1024er Breite hochgeladen und damals ein 640er als erstes Bild definiert gehabt, so dass das 640er angezeigt wird und zum 1024er verlinkt ist. Sp\u00e4ter hatte ich mal gr\u00f6\u00dfere Bilder als Zweitbild und 1024er als Erstbild eingestellt und zuletzt nur noch das 1024er als Erstbild plus die hochgeladene Gr\u00f6\u00dfe. <\/p>\n<p>Bei den alten Bildern wurde mit Neuerstellung der Cachebilder nun korrektwerweise das 640&#8217;er gel\u00f6scht, aber weil das Original damals 1024 hatte, gab es nun kein Grund mehr, dass das Script ein 1024er erstellt hat. Somit w\u00fcrde in einem Bericht, wo das 640er angezeigt und zum 1024er verlinkt ist, das 640er nicht mehr angezeigt werden = das Bild im Bericht fehlt. Der Link w\u00fcrde passen.<\/p>\n<p>Umgekehrt w\u00e4re es f\u00fcr mich OK gewesen, wenn der Link ins Leere l\u00e4uft, w\u00fcrden ja alle alten Bilder in den Berichten weiterhin angezeigt werden, aber so &#8211; ist das leider nix.<\/p>\n<p>Alternative k\u00f6nnte ich noch die Originalbilder l\u00f6schen &#8230; das sind die ohne Wasserzeichen und sind f\u00fcr die \u00d6ffentlichkeit unsichtbar, w\u00fcrden nur ben\u00f6tigt werden, wenn man die Zwischengr\u00f6\u00dfen oder Thumbnailgr\u00dfen &#8211; oder das Wasserzeichen &#8211; \u00e4ndern w\u00fcrde.. damit sollte also ca. 1\/3-1\/2 des Platzbedarfes frei werden  &#8211; und ich darf die obigen Dinge halt nicht mehr \u00e4ndern ..<\/p>\n<p><strong>So, 10.8.2025<\/strong><\/p>\n<p>Ich hatte mir letztens auf Amazon noch eine &#8220;Mondfee&#8221;-Schablone gekauft, aber nicht auf die Gr\u00f6\u00dfe geachtet, denn ich h\u00e4tte sie etwas kleiner erwartet, zu gro\u00df f\u00fcr den eigentlich angedachten Ort bzw. zumindest f\u00fcr einen der beiden.<\/p>\n<p>Um sie dennoch zu verwenden, hab ich vor einiger Zeit mal wieder am PC  einige Farbvarianten durchgespielt, auf gr\u00fcnem und auf wei\u00dfem Hintergrund &#8211; letzteres als alternativer Ort: Der Deckel meines Auto-Klos. <\/p>\n<p><a href='http:\/\/extra.inmontanis.info\/d\/132209-3\/DSC05672.jpg'><img src=http:\/\/extra.inmontanis.info\/d\/132208-4\/DSC05672.jpg \/><\/a><br \/>\n^ Ich h\u00e4tte die Gr\u00f6\u00dfe der Schablone besser beachten sollen, denn das Motiv ist schon sehr gro\u00df.<\/p>\n<p><a href='http:\/\/extra.inmontanis.info\/d\/132213-3\/DSC05673.jpg'><img src=http:\/\/extra.inmontanis.info\/d\/132212-4\/DSC05673.jpg \/><\/a><br \/>\n^ .. wie \u00fcblich, klappen einige Teile besser, einige schlechter.<\/p>\n<p>F\u00fcr den Klodeckel h\u00e4tte es ein dunkleres Lila werden sollen, aber da ich zuvor ja das Blau mit Wei\u00df gemischt hatte und somit das Rot in das Hellblau tat, wurde es halt eher Fliederfarben. <\/p>\n<p>.. und weil das nun zu viel Fliedermischung (mit Glitter) war, suchte ich noch nach einem alternativen Opfer &#8211; es wurde der T\u00fcrrahmen im Bad. <\/p>\n<p>Durch die doppelte Bemalung, das Gold, das Eintrocknen, kam beim Abziehen der Schablone an vielen Stellen die Farbe vom WC-Deckel mit ab &#8211; und auch die Kanten waren wieder nicht sch\u00f6n sauber. Wollte es abkratzen, ging auch nur zum Teil leicht, der Rest hielt also etwas besser &#8211; somit werd ich morgen nochmals etwas ausbessern&#8230;<\/p>\n<p>F\u00fcr ein Update meines Webservers werd ich aus preislichen Gr\u00fcnden wohl die Firma wechseln m\u00fcssen, zudem k\u00f6nnte ich dadurch den Preis von dzt. 11,52 \u20ac auf 4,80 (128GB) oder 6-6,90 (240-256 GB) dr\u00fccken. Das w\u00fcrde sich also doppelt lohnen. Und besser jetzt von daheim aus machen als unterwegs&#8230;<\/p>\n<p><strong>Mo, 11.8.2025<\/strong><\/p>\n<p>Noch bis inkl. n\u00e4chstes Wochende werden nun Temperaturen \u00fcber 30\u00b0 im Tal gemeldet &#8211; gut f\u00fcr die Temperatur in der Wohnung, schlecht f\u00fcr einen verl\u00e4ngerten Wochenendausflug ab Freitag (Feiertag). <\/p>\n<p>Ich mischte also ein \u00e4hnliches flieder-violett und malte damit und dem Gold noch etwas auf dem Klodeckel rum. Besser als zuvor jedenfalls. Da im Auto ein Stoff dr\u00fcber ist, seh ich das ja normalerweise eh nicht ;)<\/p>\n<p>Der Rest kam in den restlichen T\u00fcrrahmen. <\/p>\n<p>Bissl Goldverzierung hier und da..<\/p>\n<p><a href='http:\/\/extra.inmontanis.info\/d\/132217-3\/DSC05678.jpg'><img src=http:\/\/extra.inmontanis.info\/d\/132216-4\/DSC05678.jpg \/><\/a><br \/>\n^ Weil es mit Goldrand einfach sch\u00f6ner ist ;)<\/p>\n<p><a href='http:\/\/extra.inmontanis.info\/d\/132221-3\/DSC05679.jpg'><img src=http:\/\/extra.inmontanis.info\/d\/132220-4\/DSC05679.jpg \/><\/a><br \/>\n^ Goldrand-Test auch am Fenster, aber fast etwas d\u00fcnn (das Fensterbrett unten hatte ich ja schon gemacht)<\/p>\n<p><a href='http:\/\/extra.inmontanis.info\/d\/132225-3\/DSC05683.jpg'><img src=http:\/\/extra.inmontanis.info\/d\/132224-4\/DSC05683.jpg \/><\/a><br \/>\n^ Nachgebesserte Mondfee auf dem WC-Deckel schabloniert; naja &#8230; viel zu gro\u00df .. normalerweise ist eh ein Tuch dr\u00fcber, so bleibt mir der Anblick erspart ;) Ok, ich hab ein paar Tage sp\u00e4ter die doppelten R\u00e4nder abgekratzt, so dass es nicht mehr gar so schlimm ausschaut.<\/p>\n<p><a href='http:\/\/extra.inmontanis.info\/d\/132229-3\/DSC05676.jpg'><img src=http:\/\/extra.inmontanis.info\/d\/132228-4\/DSC05676.jpg \/><\/a><br \/>\n^ Rest der flieder-lila Farbe nun am T\u00fcrrahmen im WC.<\/p>\n<p>Da ich diesmal keine Lust hab, bei voraussichtlichen 13-14 Monaten Abwesenheit die Grundgeb\u00fchr f\u00fcr den Strom zu zahlen, werd ich den wohl abbestellen. Anscheinend muss man selbst bei den g\u00fcnstigsten Tarifen in AT mind. 144 \u20ac zahlen, selbst wenn man gar keinen Strom verbraucht &#8211; Grund ist die Abgabe an den Netzbetrieber. Darf nur nicht vergessen, den Strom wieder zu aktivieren, bevor ich n\u00e4chstes Jahr dann daheim bin &#8211; aber auch nur, wenn ich f\u00fcr die dann vielleicht 1-3 Wochen einen entsprechend kurzen Tarif bekomm. (Betriebskosten an die Hausverwaltung sind ca.  130-140 \u20ac pro Monat, die muss ich nat\u00fcrlich zahlen.)<\/p>\n<p>Die letzten Jahre hatte es temperaturm\u00e4\u00dfig ja auch stets gereicht, dass sich die Heizung nicht eingeschaltet hat und die Wasserleitung nicht eingefroren ist. Soll hier aber schon einmal passiert sein.<\/p>\n<p>Ggf. k\u00f6nnte ich n\u00e4chstes Jahr nach R\u00fcckkehr auch auf Strom verzichten, dann bleib ich statt 1-3 Wochen halt nur 1-3 Tage daheim ;) <\/p>\n<p>Suchen auf Google zu dem Thema ist quasi aussichtslos. Fragen an e-control somit geschickt und bis Ende der Woche noch keine Antwort erhalten. Unklar ist mir n\u00e4mlich, ob man auch den Netzbetrieber k\u00fcndigen m\u00fcsste oder ob man das sowieso zahlen m\u00fcsste, auch wenn der Strom abgemeldet ist (weil der Z\u00e4hler ja trotzdem bestehen bleibt).<\/p>\n<p><strong>Di, 12.8.2025<\/strong> 70. Tag daheim \/  T-33<\/p>\n<p>Der Plan f\u00fcr meinen Deutschlandaufenthalt Anfang \/ Mitte Oktober nahezu abgeschlossen, werden diesmal wohl sogar 2-3 Wochen, da ich mal wieder m\u00f6glichst viele Nostalgie-Seilbahnen mitnehmen m\u00f6chte. Die schon mind. 2x von mir besuchte Waldecker-2EUB f\u00e4hrt seit letztem Jahr leider nicht mehr :( <\/p>\n<p>Auch das Nixdorf-Computermuseum steht mal auf der Liste und vielleicht 1 oder 2 Skihallen und, wie schon gesagt, Trammuseum und Museumtrams zumindest mal in N\u00fcrnberg und Hannover.<\/p>\n<p>Somit dann zu sp\u00e4t dran f\u00fcr den Wiederholungsbesuch im Trammuseum in D\u00e4nemark, vielleicht n\u00e4chstes Fr\u00fchjahr.<\/p>\n<p>Durch die Planungen heute war ich in GoogleEarth auch in N\u00fcrnberg &#8230; kam ich so \u00fcber Hinterh\u00f6fe .. wennst ne Wohnung hast mit Fenster in so einen Hinterhof, hast ja auch eine geile Aussicht. Aber .. moment .. so mitten in der Stadt hast ja eh keine brauchbare Aussicht aus dem Fenster, ob nun im Hinterhof oder zur H\u00e4userfront auf der anderen Stra\u00dfenseite ist dann auch schon wurscht. Au\u00dfer man wohn oben in einem h\u00f6heren Haus und kann \u00fcber andere D\u00e4cher hinwegsehen.<\/p>\n<p>Fenster waren damals, als ich in N\u00fcrnberg gewohnt hab, nur dazu da, um Licht und ggf. Luft reinzulassen. Rausschauen wollte man da doch nicht, au\u00dfer die Alten, die die Leute drau\u00dfen beobachtet haben. Wetter? War egal, man ging ja eh nur raus, wenn man musste.<\/p>\n<p>.. das ist ja durchaus etwas, was ich schon seit Jahrzehnten nicht mehr gew\u00f6hnt bin, denn  selbst in Innsbruck hatte ich immer einen Blick zu den Bergen, in der vorherigen den Patscherkofel \u00fcber meiner Hecke und jetzt hab ich quasi das Privileg auf einen Skilift und Skihang schauen zu k\u00f6nnen &#8230; daher hab ich auch meine Tische seit Jahren so gestellt, dass ich \u00fcber den Monitor aus dem Fenster rausschauen kann. Mittlerweile ganz nat\u00fcrlich f\u00fcr mich, k\u00f6nnte mir gar nicht vorstellen, aus dem Fenster zu schauen und eine Hauswand sehen zu m\u00fcssen .. dann Vorhang davor und gro\u00dfes Wandpanorama &#8230; <\/p>\n<p><a href='http:\/\/extra.inmontanis.info\/d\/132233-3\/IMG_20250812_114533.jpg'><img src=http:\/\/extra.inmontanis.info\/d\/132232-4\/IMG_20250812_114533.jpg \/><\/a><br \/>\n^ Zus\u00e4tzliche Seitentaschen an den Sitzen, mal schaun, ob da lohnenswert was reinkommt und wo ich sie hintu &#8211; innen, au\u00dfen, gemischt &#8211; ich hatte einen 2er Pack gekauft<\/p>\n<p><a href='http:\/\/extra.inmontanis.info\/d\/132237-3\/IMG_20250812_115359.jpg'><img src=http:\/\/extra.inmontanis.info\/d\/132236-4\/IMG_20250812_115359.jpg \/><\/a><br \/>\n^ Auch hier mal noch eine zus\u00e4tzliche Tasche hingeklettet<\/p>\n<p><a href='http:\/\/extra.inmontanis.info\/d\/132241-3\/IMG_20250812_120131.jpg'><img src=http:\/\/extra.inmontanis.info\/d\/132240-4\/IMG_20250812_120131.jpg \/><\/a><br \/>\n^ .. und auf der Decke war auch noch etwas Platz, mal schaun, ob die mich st\u00f6ren wird oder nicht.<\/p>\n<p>Eine Inventur hat heut ergeben, dass ich ca. 14 Essensportionen mit tiefgek\u00fchlte Sachen hab und mit den anderen Fertiggerichten, Konserven usw. auf ca. 45-50 Tage kommen w\u00fcrde &#8211; aber die muss ich ja nicht alle aufessen, kann ich tw. mitnehmen oder auch hier lassen. 32-38 Tage w\u00fcrde ich nach aktueller Planung noch hier bleiben, aber zus\u00e4tzlich ja evtl. am WE in einer Woche ca. 2 Tage unterwegs sein. Neben dem Karpfen g\u00e4be es in der Steiermark ein vielleicht noch lohnenswertes Ziel &#8211; Trammuseum und Museumstram in Graz.<\/p>\n<p>Was kann ich in den ca. 30 Tagen noch alles schaffen daheim? Nicht nur zeitlich, sondern auch willensm\u00e4\u00dfig mich dazu \u00fcberwinden?<\/p>\n<p><strong>Mi, 13.8.2025<\/strong><\/p>\n<p>.. stattdessen schau ich mal wieder im Internet nach Saisonkarten .. Die in Hemavan-T\u00e4rnaby soll n\u00e4chste Saison etwas g\u00fcnstiger zu sein, bis Ende Oktober w\u00fcrde sie 5995,- SEK kosten, also ca. 550 \u20ac. Was durchaus \u00fcberlegenswert w\u00e4re (w\u00e4re der Scandinavien nicht g\u00fcnstiger und w\u00fcrde mehr Skigebiete bieten). Bei Kauf bis 7.5. h\u00e4tte man aber noch etwas mehr gespart .. Eine Woche werd ich ja doch wieder hinfahren wollen &#8230;<\/p>\n<p>Hm. Auch so eine Frage, wie ich das im Winter unter einen Hut bringen will ohne zu oft zu viel km fahren zu m\u00fcssen, Finnland abzureisen irgendwann im Feb\/Mrz und falls ich wieder den Scandinavian kaufen sollte, dann dessen Skigebiete samt evtl. den norwegischen, die ich im vergangenen Winter ja leider auslassen musste wg. Schneemangel, die aber ja auch teils nur in den Ferien brauchbar offen sind und um Neujahr oftmals noch nicht genug Schnee f\u00fcr alle Pisten haben &#8211; das also eigentlich auch im Februar machen sollte &#8230; <\/p>\n<p>Hab mal 3 grobe Routen gemacht mit jeweils ca. 15 Zwischenstopps in GMaps, also nat\u00fcrlich viel zu wenig, aber um mal einen ersten Anhaltspunkt zu haben, von\/ab Trelleborg und in Wahrheit wird&#8217;s dann mind. 50% mehr werden, schon klar.<\/p>\n<p>1) Ski-Start Mitte Nov. in Nordfinnland und oben bleiben und doch schon in den Weihnachtsferien Finnland runter, bis Mitte Feb. mittleres Schweden, dann Norwegen, Schweden Mitte+Nord, Finnland Nord, Saisonabschluss nochmals Riksgr\u00e4nsen r\u00fcber -> 10.500km <\/p>\n<p>2) Ski-Start Anfang Dez. in Schweden Mitte (wobei je nach Schneeh\u00f6he evtl. auf dem Scandinavian noch nix offen oder nur mit WE-Betrieb bis Mitte\/Ende Dez. oder in den max-5-Tage-Gebiete; letztes Jahr war ja vor Weihnachten fast kein Schnee), dann Norwegen (evtl. zu fr\u00fch) in den Weihnachtsferien, lange Zeit bis Mitte Feb. in Schweden-Mitte, Finnland von S\u00fcd nach Nord durchqueren, r\u00fcber bis Narvik, nochmal in SE runter T\u00e4rnaby, Borgafj\u00e4ll und wieder rauf und r\u00fcber nach Nordfinnland und  nochmals Riksgr\u00e4nsen r\u00fcber -> 9.900km<\/p>\n<p>3) Ski-Start Mitte Nov. in Nordfinnland, ab Mitte Dez. nach Schweden-Mitte und dort 2 Monate bleiben, Mitte Feb. Norwegen, ab Ende Feb. Finnland von S\u00fcd nach Nord, dann in Schweden nochmals bis T\u00e4rnaby\/Borgafj\u00e4ll runter, via Narvik nach Nordfinnland und nochmals Riksgr\u00e4nsen r\u00fcber -> 11.500km<\/p>\n<p>1 hat den Nachteil, viele finnische Skigebiete zu besuchen, die zu der Zeit noch nicht alle Abfahrten offen haben k\u00f6nnten und im Nov\/Dez. \u00fcber 1 Monat im hohen Norden zu sein, wo kalt, keine Sonne und wenig offen ist zu der Zeit &#8211; aber was 2023\/24  ja auch einige Reize hatte &#8211; kein Regen, kein Schneematsch und ab Mitte November t\u00e4glich offen &#8230;<br \/>\n2 hat den Nachteil, zu fr\u00fch in den norwegischen Skigebieten zu sein,<br \/>\n3 hat zwar den Vorteil, die Nachteile von 1+2 nicht zu haben, aber neben der l\u00e4ngsten Fahrstrecke den Nachteil, den Mittleren-Schwedischen-Bereich (Dalarna, J\u00e4mtland, also die Scandinavian-Gebiete von Lofsdalen \u00fcber Bydalen bis Trillevallen) an einem St\u00fcck 2 Monate zu besuchen (Mitte Dez.-Mitte Feb.), was also auch zu mehrmaligen Hin- und Herfahren f\u00fchren w\u00fcrde &#8211; oder noch zu weiteren Rundfahrten in anderen Gebieten &#8230;<\/p>\n<p>T\u00e4rnaby hab ich wg. voraussichtlicher DSB-\u00d6ffnung jeweils in die erste Osterferienwoche gelegt, f\u00fcr den s\u00fcdlichen Norwegenbereich (Norefjell-Stranda) mal 2 Wochen gerechnet und f\u00fcr Finnland S\u00fcd\/Mitte ca. 3 Wochen.<\/p>\n<p>Die langen Nord-Finnland-Aufenthalte w\u00fcrden auch nur dann in Frage kommen, wenn die Saisonkarte f\u00fcr Ounasvaara\/Luosto\/Olos\/Pallas in der Vorsaison wieder 50% erm\u00e4\u00dfigt und unter 300 \u20ac kosten w\u00fcrde, sonst m\u00fcsste ich nach Alternativen suchen. Beim Vollpreis w\u00fcrd ich sonst wohl eher die kaum teurere Levi-Saisonkarte kaufen (letztes Jahr Normalpreis O\/L\/O\/P 550 \u20ac, Levi 560 \u20ac), oder die Levi-Karte generell dazu (aber sooo viel Abfahrten sind da Mitte Dez. auch normalerweise nicht offen) &#8211; oder eine der Mo-Do-Saisonkarten von Skistar oder die Hemavan-T\u00e4rnaby-Saisonkarte. Wenn Levi eine g\u00fcnstige Mo-Do-Saisonkarte h\u00e4tte, w\u00e4r die Entscheidung einfacher.<\/p>\n<p>Und zudem m\u00fcsste die Saison wieder Mitte November in Ounasvaara anfangen, sonst w\u00e4re es ja auch nicht lohnenswert. Aber dank Schneedepots sollte das ja kein Problem sein.<\/p>\n<p>Auch interessant, die Sommersaison in Ounasvaara (Bikepark) ging nur bis 10.8. Dort oben ist der Sommer also schon vorbei.<\/p>\n<p><strong>Do, 14.8.2025<\/strong><\/p>\n<p>Durch konsequentes Fenster\u00f6ffnen bei den warmen Temperaturen der letzten Tage konnte ich die Wohnung gestern schon fast wieder auf 23\u00b0 (oder eben 24\u00b0 nach korrekterer Messung) bringen. Dass ich im Sommer mal das Problem haben w\u00fcrde, eine zu kalte Wohnung zu haben, h\u00e4tte ich nicht gedacht ;)<\/p>\n<p>So wirklich Lust hab ich momentan noch auf fast keines der in den letzten Jahren so h\u00e4ufig gefahrenen Gebiete in Skandinavien &#8211; am meisten h\u00e4tte ich tats\u00e4chlich mal wieder Lust auf die Skistar-Gebiete, aber bei den Kosten von knapp 1000 \u20ac f\u00fcr die Saisonkarte vergeht mir die Lust auch wieder.<\/p>\n<p>Sollte ich doch nicht nach Skandinavien diesen Winter? Aber wohin dann, worauf h\u00e4tte ich mehr Lust? Auf die Skigebiete in K\u00e4rnten? Eher nicht. Mal eine der teurereren Saisonkarten in \u00d6sterreich, z.B. die Salzburger, wo ich auch noch etliche Skigebiete nicht kenne? Oder mal wieder Tirol? Oder Frankreich mit all dem Theater letztens? <\/p>\n<p>H\u00e4tte ich darauf wirklich mehr Lust als auf Skandinavien? Wohl auch nicht. <\/p>\n<p>Italien f\u00e4llt ja jetzt komplett weg und Slowenien hatte ich auch letztes Jahr schon festgestellt, dass es nur noch wenig gibt, die nicht von Neubauma\u00dfnahmen der letzten Zeit betroffen sind. <\/p>\n<p>Spanien? Da g\u00e4be es noch ein paar Skigebiete, die ich mal besuchen m\u00f6chte, ja. Und l\u00e4ge auch auf dem Weg ins UK n\u00e4chstes Jahr. Aber f\u00fcr eine ganze Wintersaison vielleicht etwas klein und gr\u00f6\u00dfere Multi-Resort-Saisonp\u00e4sse sind mir da auch nicht bekannt. Ok, es k\u00e4me noch die franz\u00f6sische Seite der Pyren\u00e4en dazu und man k\u00f6nnte auf dem Weg wohl endlich auch mal das Massif Central mitnehmen. Aber ohne ein oder zwei vern\u00fcnftige Multi-Skigebiets-Saisonkarten mit zumindest 5-10 Skigebieten, ist das sinnlos.<\/p>\n<p>Multiresort-Skip\u00e4sse sind in Frankreich und Spanien aber ja noch un\u00fcblicher als Italien, es gibt anscheinend zumindest einen kleinen Zusammenschluss von einigen wenigen (6) spanischen, aber gr\u00f6\u00dferen, Gebieten mit der Saisonkarte &#8220;Ski Pirineos&#8221; (Cerler, Formigal-Panticosa, Javalambre, Valdelinares,  Ast\u00fan, Candanch\u00fa), im Vorverkauf mit 929 aber auch nicht gerade g\u00fcnstig. <\/p>\n<p>Eine Montag-bis-Freitag-Variante dagegen mit 629,- vielleicht interessanter. Solche Werktage-Saisonp\u00e4sse bieten fast alle spanischen Gebiete an, teilweise im Fr\u00fchjahr auch an SA+SO g\u00fcltig. Manche bieten anscheinend sogar einen Nur-Sonntag-Saisonpass an! \u00dcblicherweise haben die spanischen Gebiete auch g\u00fcnstigere Tageskarten unter der Woche.<\/p>\n<p>F\u00fcr die Skigebiete in Andorra gibts noch eine gemeinsame Saisonkarte, die kostet 855 im Vorverkauf. Mit dem Pass gibts in einigen Stationen weltweit entweder gratis Tage oder Rabatte, Status letzte Saison: unbeschr\u00e4nkt in 2 frz. Gebieten,  3 Tage in AdH, L2A und 3V und IT-Dolomiten, 5 Tage in Verbier plus auch in einigen Skigebieten Norwegens, USA und Japan. NO und IT (und USA und JP) w\u00fcrd ich in dem Fall ausschlie\u00dfen, aber die Tage in FR und CH w\u00e4ren dann vielleicht interessant, falls mir die Skigebiete in Andorra gefallen sollten.<\/p>\n<p>In den franz\u00f6sischen Pyren\u00e4en gibt&#8217;s wohl einen Zusammenschluss von 8 Skigebieten (oder gemeinsamen Inhaber), der Preis von letzter Saison ist aber nicht mehr online. 3 andere Skigebiete haben auch einen gemeinsamen Saisonpass. Und einen weiteren Zusammenschluss mit 6 Gebieten gibts als &#8220;Neige Catalanes&#8221;  (letztes Jahr 743,75 \u20ac im Vorverkauf).<\/p>\n<p>.. also da k\u00f6nnte man wohl mind. 2-3 teure Saisonkarten kaufen und h\u00e4tte dann trotzdem noch sehr viele Skigebiete, in denen man zahlen muss..<\/p>\n<p>Kein Vergleich zu den Gro\u00dfraum-Saisonkarten in \u00d6sterreich, aber es wird nun auch im Ausland besser. <\/p>\n<p>Dass die Skigebiete in den Pyren\u00e4en wesentlich gr\u00f6\u00dfer sind als die, die ich in Skandinavien normalerweise besuche, ist mir klar. Allerdings auch wesentlich moderner ausgebaut, mehr Sesselbahnen und somit vermutliuch auch mehr Leute. <\/p>\n<p>Die Pyren\u00e4en w\u00fcrden mich trotzdem mehr reizen als \u00d6sterreich.<\/p>\n<p>Vielleicht n\u00e4chtes Jahr, falls weder Russland noch Iran was werden sollte&#8230;<\/p>\n<p>Oder ich fang diese Saison in Andorra mit dem Skipass an und verwende den dann auch noch in Norwegen? H\u00e4tte man sich mal letztes Jahr \u00fcberlegen sollen &#8230; Au\u00dferdem muss ich ja trotzdem noch meine kaputte Batterie im Ruhrgebiet im Oktober austauschen .. <\/p>\n<p>Und vmtl. k\u00f6nnten die Pyren\u00e4en auch im Fr\u00fchjahr sch\u00f6ner sein &#8211; sofern es Firn gibt.<\/p>\n<p>Aber w\u00fcrde es mir wirklich gefallen? Oder w\u00fcrde ich es  langweilig und nervig finden wie z.B. Yll\u00e4s zuletzt oder wie auch einige der franz\u00f6sischen und \u00f6sterreichischen Gebiete, die ich in den letzten ca. 10 Jahren angefahren hatte? Wenn ich da nur an die K\u00e4rnten\/Osttirol-Gebiete denke, von den kleinen mit den alten Liften abgesehen &#8230;.<\/p>\n<p>Bilderm\u00e4\u00dfig s\u00e4h es aber schon mal besuchenswert aus!<\/p>\n<p>Daf\u00fcr, dass es erst 12 Jahre her ist (Feb\/Mrz 2014) kann ich mich an so gut wie gar kein Skigebiet mehr aus den Pyren\u00e4en erinnern! Nicht mal sicher, welche ich alle besucht hatte &#8230; Und noch nicht mal kommen mir die Gebiete bekannt vor, wenn ich meine Bilder von damals anschau: <a href='http:\/\/blog.inmontanis.info\/?cat=130'>http:\/\/blog.inmontanis.info\/?cat=130<\/a><\/p>\n<p>In Erinnerung blieb mir eigentlich nur Sierra Nevada (was ja gar nicht in den Pyren\u00e4en ist ;) ) &#8211; und die obere DSB in Boi Ta\u00fcll (aber nicht deren Abfahrten!) und ein bisschen was von Alto Campoo.<\/p>\n<p>Ok, wetterm\u00e4\u00dfig hatte ich da auch eher Pech gehabt, wobei die Pyren\u00e4en ja auch nicht unbedingt zu den Sch\u00f6nwettergebirgen z\u00e4hlen &#8211;  der nahe Atlantik im Westen .. daf\u00fcr gibt&#8217;s normalerweise halt auch mal ordentlich Schnee. Oder Regen.<\/p>\n<p>Ich h\u00e4tte mir heuer im Januar mal n\u00e4her \u00fcberlegen sollen, Spanien zu fahren. Aber dann h\u00e4tte ich den genialen Fichtelberg verpasst. Oder hab ich nachgesehen? <\/p>\n<p>Leider gibts auf Bergfex nur ein 180-Tage-Webcam-Archiv (und oft nicht mal das), aber auf dem waren etliche spanische Skigebiete nicht nur im M\u00e4rz+April, sondern auch Mitte Februar quasi schneefrei, wer wei\u00df, ob einige \u00fcberhaupt Skibetrieb hatten letzte Saison!<\/p>\n<p>Hab mir auch nochmals meine Berichte vom Saisonstart 2023\/24 in Nordfinnland angeschaut.. fast nie Sonne (wobei die meisten Skigebiete ja eh n\u00f6rdlich ausgerichtet waren und zu der Zeit die Sonne kaum \u00fcber den Horizont kommt), eisig kalt, usw. &#8211; aber verglichen mit den Skigebieten weiter s\u00fcdlich in Schweden ab Mitte Dezember immerhin kein Regen, keine eisigen Pisten, bessere Schneeverh\u00e4ltnisse (auch bei Kunstschnee) und wie ich letzten Winter in \u00d6sterreich festgestellt hatte: Keinen Schneeregen und keinen Schneematsch. Und auch ein Vorteil zu anderen Gegenden auch in Skandinavien: Es ist fast ausgeschlossen, dass es viel schneit. Man wird also nicht eingeschneit, muss nicht anderswohin fahren usw. &#8211; aber es kann mal passieren, dass es -30 oder -40\u00b0 gibt.<\/p>\n<p>Dass es letzte Saison auch im Nov\/Dez in Nordfinnland wesentlich weniger Schnee gab als bei meinem Besuch, hatte ich ja auch festgestellt und auch Plusgrade gab es&#8230; <\/p>\n<p>Der Skistar-Saisonstart im Dez. 2021 hatte dagegen sehr viele eisige Pisten &#8211; da ist dann fraglich, was mir lieber w\u00e4re &#8211; lieber etwas w\u00e4rmere Temperaturen und mehr offene, aber eisige Pisten (wie Dez. 2021) oder lieber wg. K\u00e4lte nur 1-3h am Tag auf wenigen kurze Pisten, die daf\u00fcr weniger eisig (Lappland, Dez. 2023) ??<\/p>\n<p>Tja, ich werd nicht schlauer. Bissl  Zeit hab ich ja noch, dann kauf ich mir die n\u00e4chsten Wochen halt noch keine der Saisonkarten&#8230;<\/p>\n<p>Levi hatte vergangene Saison bis 18.5. offen, ab dem 5.5. aber nur die neue 6KSB, die bei meinem letzten Besuch zum Gl\u00fcck noch ein SL war. Die einzige brauchbare KSB f\u00fcr mich w\u00e4re wohl die S\u00fcd-KSB, die bei meinem letzten Besuch wg. Sturm nicht offen war &#8211; gut, dass es nebendran noch einen SL gab. Den will man in K\u00fcrze aber mit einer neuen Sesselbahn ersetzen.. Dumme Ideen haben diese Gro\u00dfskigebiete immer wieder. Saisonstart heuer wird am 3.10. sein.<\/p>\n<p>Leider gab es in Finnland am 1.1.2025 wohl auch noch eine Mehrwertsteuererh\u00f6hung was die Skip\u00e4sse betrifft: 14% statt 10%. Somit noch teurer.<\/p>\n<p>Hab mir die Facebook-Eintr\u00e4ge von letztem Saisonstart in Levi angesehen<br \/>\n.. am 29.11. hat die S\u00fcd-KSB mit 1 Abfahrt aufgemacht, am 4.12. war dann auch die Gondelbahn offiziell offen (zuvor die Abfahrt nur f\u00fcr Renntrainings), ab 6.12. die West-KSB und die neue Six-KSB und ab 8.12. kam man dann nicht nur von der Front=Nordseite r\u00fcber zur S\u00fcd-KSB. sondern auch retour. Jeweils halt ca. 1 Abfahrt offen und zuvor im Okt\/Nov also nur die vordere Seite mit den steilen kurzen KSBen und der Abfahrt dazwischen, wo teile oftmals f\u00fcr Renntraining gesperrt sind.<\/p>\n<p>.. also jetzt auch nicht gerade sooo der Bringer zwischen Mitte Nov. und Mitte Dez, aber mehr, als die Scandinavian-Pass-Gebiete in Schweden zu der Zeit letztes Jahr anbieten konnten &#8211; die hatten ja auch keinen Schnee. Und, wie auch Ounasvaara &#038; Co und im Gegensatz z.B. zu Hemavan und vielen anderen schwedischen Skigebieten,  die am ehesten in einer meiner Saisonkarten inkludiert w\u00e4ren, immerhin t\u00e4glich offen. Das Problem kommt ja auch noch dazu.<\/p>\n<p>Auch interessant, Skisasionstatistik von zwei gr\u00f6\u00dferen Skigebiet eher in der  Mitte Finnlands, in den 1990ern Saisonstart  Mitte\/Ende Oktober \/ Anfang\/Mitte November, in den letzten Jahren eher Anfang\/Mitte Dezember.<br \/>\n<a href='https:\/\/www.tahkomountain.fi\/tietoa\/hiihtokaudet\/'>https:\/\/www.tahkomountain.fi\/tietoa\/hiihtokaudet\/<\/a><br \/>\n<a href='https:\/\/himos.fi\/suksikansan-keskipiste\/'>https:\/\/himos.fi\/suksikansan-keskipiste\/<\/a><\/p>\n<p>Ich f\u00fcrchte, das k\u00f6nnte heuer auf 3-4 Saisonkarten rauslaufen, ob sich die dann alle lohnen w\u00fcrden? Und welche? Ounasvaara &#038; Co, Scandinavian, Levi, Hemavan-T\u00e4rnaby (leider Mitte Nov-Mitte Dez auch unlohnenswert offen), Laajis wg. den Bonus-Rabatten in den anderen Gebieten oder eine der Mo-Do-Saisonkarten von einem der Skistar-Gebiete &#8211; w\u00e4ren nach wie vor alle im Rennen, bis Mitte\/Ende Oktober sollte ich mich f\u00fcr diese oder jene wg. Preisvorteilen aber entscheiden.<\/p>\n<p>N\u00e4chster Blog-Eintrag, je nachdem, ob ich n\u00e4chstes WE unterwegs bin oder nicht, in ca. 10-20 Tagen.<\/p>\n<p>&#8211; &#8211; &#8211;<\/p>\n<p>Eklatante Klartextmeinung zum EU-USA-Zoll-&#8220;Deal&#8221; ;)<br \/>\n<a href='https:\/\/www.youtube.com\/watch?v=TOtEW-P7jQw'>https:\/\/www.youtube.com\/watch?v=TOtEW-P7jQw<\/a><\/p>\n<p>Interessante Lesermeinungen zum Thema Klimawandel:<br \/>\n<a href='https:\/\/www.nachdenkseiten.de\/?p=137041'>https:\/\/www.nachdenkseiten.de\/?p=137041<\/a><\/p>\n<p>R\u00f6per gegen Reitschuster und wieder einmal siegt &#8211; R\u00f6per:<br \/>\n&#8220;Viele haben Reitschuster aus der Corona-Zeit ja als guten Journalisten in Erinnerung. Aber beim Thema Russland betreibt er Desinformation seiner Leser und bel\u00fcgt sie nicht weniger dreist als die Propagandisten von Bild-Zeitung&#8221;<br \/>\n<a href='https:\/\/anti-spiegel.ru\/2025\/fordert-russland-wirklich-die-vernichtung-aller-ukrainer\/'>https:\/\/anti-spiegel.ru\/2025\/fordert-russland-wirklich-die-vernichtung-aller-ukrainer\/<\/a><\/p>\n","protected":false},"excerpt":{"rendered":"<p>Sa, 2.8.2025<\/p>\n<p>Heute Morgen noch eine gr\u00f6\u00dfere kleine Runde gegangen, bevor es laut Wetterbericht regnerisch werden soll. Leider die Cam vergessen, daher 2 Handyfotos:<\/p>\n<p> ^ Talblick<\/p>\n<p> ^ Gipfelblick<\/p>\n<p> ^ So, Rahmen mit Poster einfach irgendwo aufgeh\u00e4ngt.<\/p>\n<p>Hatte mir ja f\u00fcr unterwegs eine bessere \/ dickere N\u00e4h-Nadel-L\u00f6sung gekauft, um, falls n\u00f6tig, auch mal <a href=\"http:\/\/blog.inmontanis.info\/?p=10860\">[&#8230;]<\/a><\/p>\n","protected":false},"author":1,"featured_media":10863,"comment_status":"closed","ping_status":"closed","sticky":false,"template":"","format":"standard","meta":{"footnotes":""},"categories":[1],"tags":[],"class_list":["post-10860","post","type-post","status-publish","format-standard","has-post-thumbnail","hentry","category-uncategorized","odd"],"_links":{"self":[{"href":"http:\/\/blog.inmontanis.info\/index.php?rest_route=\/wp\/v2\/posts\/10860","targetHints":{"allow":["GET"]}}],"collection":[{"href":"http:\/\/blog.inmontanis.info\/index.php?rest_route=\/wp\/v2\/posts"}],"about":[{"href":"http:\/\/blog.inmontanis.info\/index.php?rest_route=\/wp\/v2\/types\/post"}],"author":[{"embeddable":true,"href":"http:\/\/blog.inmontanis.info\/index.php?rest_route=\/wp\/v2\/users\/1"}],"replies":[{"embeddable":true,"href":"http:\/\/blog.inmontanis.info\/index.php?rest_route=%2Fwp%2Fv2%2Fcomments&post=10860"}],"version-history":[{"count":5,"href":"http:\/\/blog.inmontanis.info\/index.php?rest_route=\/wp\/v2\/posts\/10860\/revisions"}],"predecessor-version":[{"id":10867,"href":"http:\/\/blog.inmontanis.info\/index.php?rest_route=\/wp\/v2\/posts\/10860\/revisions\/10867"}],"wp:featuredmedia":[{"embeddable":true,"href":"http:\/\/blog.inmontanis.info\/index.php?rest_route=\/wp\/v2\/media\/10863"}],"wp:attachment":[{"href":"http:\/\/blog.inmontanis.info\/index.php?rest_route=%2Fwp%2Fv2%2Fmedia&parent=10860"}],"wp:term":[{"taxonomy":"category","embeddable":true,"href":"http:\/\/blog.inmontanis.info\/index.php?rest_route=%2Fwp%2Fv2%2Fcategories&post=10860"},{"taxonomy":"post_tag","embeddable":true,"href":"http:\/\/blog.inmontanis.info\/index.php?rest_route=%2Fwp%2Fv2%2Ftags&post=10860"}],"curies":[{"name":"wp","href":"https:\/\/api.w.org\/{rel}","templated":true}]}}