{"id":10854,"date":"2025-08-01T12:43:29","date_gmt":"2025-08-01T10:43:29","guid":{"rendered":"http:\/\/blog.inmontanis.info\/?p=10854"},"modified":"2025-08-03T13:21:13","modified_gmt":"2025-08-03T11:21:13","slug":"decken-teilabschluss-ruckblick-1925-teil-5-auto-winter-italien-21-7-1-8-2025","status":"publish","type":"post","link":"http:\/\/blog.inmontanis.info\/?p=10854","title":{"rendered":"Decken-Teilabschluss, R\u00fcckblick 1925 Teil 5, Auto, Winter, Italien, &#8230;, 21.7.-1.8.2025"},"content":{"rendered":"<p><strong>Mo, 21.7.2025<\/strong><\/p>\n<p>Heut kamen 2 Amazonlieferungen, die eine eine Laptoptasche f\u00fcr mein neues, gr\u00f6\u00dferes Pen-Display, am Bild auf der Website mit &#8220;Laptopbreite max. 43,5cm&#8221; angegeben, bei Lieferung ist das Ding aber nur 42,5cm breit, womit schon au\u00dfen ein ganzer cm fehlt :(<\/p>\n<p>Rein passte es dann ebenfalls nicht. Also mal wieder einer Retoure und ein anderes Teil suchen &#8211; oder das Originalteil, was aber mehr als doppelt so teuer ist :(<\/p>\n<p>Gut, dass der Postler morgen und\/oder \u00fcbermorgen eh nochmals eine Lieferung bringt, dann kann ich ihm das Retourpaket gleich mitgeben. Insofern einfach, man muss halt das R\u00fccksendeetikett ausdrucken und aufkleben.<\/p>\n<p>F\u00fcr etwas \u00fcber 14.000,- k\u00f6nnte ich derzeit bei uns einen gebrauchten Ignis Allrad kaufen, BJ 2021 (also der Facelift mit der anderen Front, dem etwas unsch\u00f6neren Innenraumdesign, den wenigeren PS und der etwas st\u00e4rkeren Hybridbatterie) mit 70.000km, steht recht selten zum Verkauf so&#8217;was (und zum Gl\u00fcck nicht in Orange oder Gelb ;) Aber auch nicht in Dunkelblau, sondern T\u00fcrkis) und w\u00fcrde sich jahreszeiten- und reisem\u00e4\u00dfig jetzt ja durchaus etwas anbieten, jedenfalls eher als dann n\u00e4chsten Herbst, falls da zuf\u00e4llig einer lagernd sein sollte.<\/p>\n<p>Allerdings w\u00fcrd ich ja noch eine Standheizung brauchen und die Ladeverkabelung, was also vmtl. nochmals ca. 2.000 mehr w\u00e4ren. Anmelden ist auch schwierig, da nur in K\u00e4rnten geht, somit weitere Zusatzkosten und\/oder  Zusatzfahrten.<\/p>\n<p>Lohnt sich das, dann \u00fcber 16.000 \u20ac f\u00fcr einen 4 Jahre neueren Gebrauchten mit zugegebenerma\u00dfen wesentlich weniger km-Laufleistung auszugeben? Oder kann ich meinen um das Geld noch einige Jahre bis 400-500.000km fahren? Zumal ja auch der neuere in der Zeit Reparaturen n\u00f6tig haben wird.<\/p>\n<p>Und der Fiat Panda mit 540.000km hat mich ja schon etwas angespornt, auch mal 500.000km mit einem Auto zu fahren. K\u00f6nnte man ja aber auch mit dem n\u00e4chsten Ignis probieren?<\/p>\n<p>Zumal man ja eigentlich nach dem momentanen Stand davon ausgehen muss, dass es in den n\u00e4chsten 10 Jahren keine sinnvollen Neufahrzeuge f\u00fcr mich mehr geben wird und danach &#8211; oder je nach Benzinpreisen schon vorher &#8211;  muss man vmtl. eh auf Strom umstellen oder in den Osten auswandern ..<\/p>\n<p>Die heuer auf die Scheibe aufgeklebte (und wie schon erwartet, nicht lohnenswerte) Autobahn-Jahresvignette spr\u00e4che auch gegen einen Autokauf&#8230;<\/p>\n<p>Vielleicht sollte ich doch kurzfristig hier beim \u00d6AMTC das Pickerl machen und somit mal sehen, wie problemlos mein Auto gerade ist.<\/p>\n<p>Abends gab es noch ein sch\u00f6nes Bild:<\/p>\n<p><a href='http:\/\/extra.inmontanis.info\/d\/132016-2\/DSC05550.jpg'><img src=http:\/\/extra.inmontanis.info\/d\/132015-3\/DSC05550.jpg \/><\/a><br \/>\n^ Koralpe, Skigebiet, Regenbogen<\/p>\n<p><strong>Di, 22.7.2025<\/strong><\/p>\n<p>F\u00fcr morgen gibts nun keinen Termin mehr beim \u00d6AMTC, am Donnerstag um 13:00 oder 14:20 Uhr, was sich allerdings mit der Postlieferung \u00fcberschneiden k\u00f6nnte, falls sich eine der beiden f\u00fcr morgen angek\u00fcndigten Sachen verschieben sollte und der Postler etwas sp\u00e4ter dran sein sollte.<\/p>\n<p>Ok, f\u00fcr Donnerstag gebucht, ca. 20 \u20ac teurer als in meiner Arbeit, mal schauen, was die sagen. <\/p>\n<p>Heute noch ein Teil der Leisten geklebt, die dritte wollte erst beim dritten Versuch halten. Plus Ecke plus Rosette, wo ich aber erst noch etwas Decke abschlagen musste, um Platz f\u00fcr die Kabel zu haben &#8230;<\/p>\n<p><a href='http:\/\/extra.inmontanis.info\/d\/132020-2\/DSC05553.jpg'><img src=http:\/\/extra.inmontanis.info\/d\/132019-3\/DSC05553.jpg \/><\/a><br \/>\n^ Die Leisten sind nun etwas gold lackiert<\/p>\n<p><a href='http:\/\/extra.inmontanis.info\/d\/132024-2\/DSC05560.jpg'><img src=http:\/\/extra.inmontanis.info\/d\/132023-3\/DSC05560.jpg \/><\/a><br \/>\n^ Leisten und Ecke sind geklebt<\/p>\n<p><a href='http:\/\/extra.inmontanis.info\/d\/132028-2\/DSC05564.jpg'><img src=http:\/\/extra.inmontanis.info\/d\/132027-3\/DSC05564.jpg \/><\/a><br \/>\n^ .. die zweite Leiste an der Fensterfront hielt aber erst beim dritten Versuch.<\/p>\n<p><a href='http:\/\/extra.inmontanis.info\/d\/132032-2\/DSC05570.jpg'><img src=http:\/\/extra.inmontanis.info\/d\/132031-3\/DSC05570.jpg \/><\/a><br \/>\n^ Test, ob die Lichterkette besser an der Decke (wie geplant) bleibt oder an die Wand darunter kommt<\/p>\n<p>Bin ja mal gespannt, wieviel von den Leisten n\u00e4chstes Jahr noch kleben, wie gut die die K\u00e4lte im Winter \u00fcberstehen &#8230;<\/p>\n<p>In Nordskandinavien wurden derweil einige Zugstrecken eingestellt, weil sich die Gleise aufgrund der Temperaturen um\/\u00fcber 30\u00b0 verformt haben.<\/p>\n<p>Galdh\u00f8piggen hat aber noch sommerskim\u00e4\u00dfig offen. Tageskarte kostet 460 NOK, man kann online bis zu 10-Tageskarte kaufen &#8211; aber selbst bei 10 Tagen kostet der Tag immer noch 460 NOK. Also keinerlei Erm\u00e4\u00dfigung! Dazu kommt zudem ja noch die Mautstra\u00dfe.<\/p>\n<p>Stryn hatte heuer \u00fcbrigens ca. 1 Monat offen, von Ende Mai bis Ende Juni.<\/p>\n<p>Apropos Nordskandinavien und Finnland. Da hei\u00dft es ja immer, dass die Grenzen mit Russland geschlossen seien. Aber es wird eigentlich ja immer betont, dass der Grenz\u00fcbertritt aus Russland verhindert werden soll. Sind die Grenzen also von Finnland nach Russland vielleicht sogar offen?<\/p>\n<p>Auch die offizielleste Seiten ist hier nicht sehr eindeutig:<br \/>\nhttps:\/\/raja.fi\/en\/restrictions-at-the-border-crossing-points-on-the-eastern-border-of-finland<br \/>\n&#8220;It is not possible to cross the land border between Finland and Russia during the term of the decision.&#8221;<br \/>\n.. und 4 Abs\u00e4tze drunter:<br \/>\n&#8220;This decision does not affect exit from Finland. Everyone has the right to leave the country via open border crossing points.&#8221;<br \/>\n.. aber es gibt ja eigentlich keine  offenen Grenzen, also wo sollte man dann r\u00fcber. Oder sind sie eben doch offen f\u00fcr rausw\u00e4rts?<\/p>\n<p>Interessant f\u00fcr mich w\u00e4re halt der n\u00f6rdlichste Grenz\u00fcbertritt bei Salla, erstens weil ich in Salla eh mal skifahren wollte und zweitens, weil man von dort quasi direkt nach Kirovsk k\u00e4me, wo es skigebietsm\u00e4\u00dfig ja interessant w\u00e4re.<\/p>\n<p>Gmaps sieht die Grenze bei Salla auch in Richtung Russland geschlossen an, aber weiter im S\u00fcden etwas offen. Retour m\u00fcsste ich nat\u00fcrlich \u00fcber die norwegische Grenze, die angeblich momentan wieder in beiden Richtungen offen w\u00e4r (aber ein gro\u00dfer Umweg w\u00e4re). Ob das also stimmt oder nicht, fraglich und wie die Stra\u00dfen da im Winter aussehen, ebenso. Vmtl. ist das nur ein Feldweg, der nicht mal in Normalzeiten ein offizieller Grenz\u00fcbergang war ;)<\/p>\n<p>Mit den Norwegern hatte ich zuvor hier ja schon einmal negative Erfahrungen gemacht insofern, als wir damals alles aus Trincerones Auto ausladen mussten.<\/p>\n<p>Nachteilig an der generellen Geschichte, dass das russische eVisum, das die Ein- und Ausreise erlauben w\u00fcrde, wesentlich einfacher und g\u00fcnstiger w\u00e4re, rein- und rausw\u00e4rts nur an bestimmten Grenz\u00fcberg\u00e4ngen gilt, wobei die norwegische Grenze eben leider nach wie vor nicht erlaubt ist, Salla w\u00e4re aber inkludiert.<\/p>\n<p>Also so langsam w\u00fcrd mich eine Reise durch Russland schon wieder sehr reizen, nicht nur Karelien und Murmansk, sondern auch endlich mal weiter gen Osten, die Skigebiete in Kasachstan und in Sibirien anschauen. Und nat\u00fcrlich auch mal wieder die in Kirgisistan besuchen.<\/p>\n<p>Man k\u00f6nnte das ja sogar mit dem Iran verbinden, weil man dann ja \u00fcber Georgien nach Russland k\u00f6nnte. Dann w\u00e4re f\u00fcr auf dem Weg am Balkan wohl kaum Zeit .. T\u00fcrkei im Januar, Iran im Februar, M\u00e4rz\/April dann Kaukasus und Kasachstan und Kirgisistan und bis Sibirien .. fr\u00fcher h\u00e4tte ich f\u00fcr beides 3-4 Wochen Urlaub genommen, heute seh ich einen ganzen Winter zu kurz f\u00fcr an&#8230;<\/p>\n<p>Ich w\u00fcrde f\u00fcr so eine  Zentralasientour &#8211; die letzte war ja 2018, also w\u00fcrde sich der Winter 2027\/28 als Jubil\u00e4um ja anbieten &#8211; wohl eher im Herbst schon losfahren, damit die Anreise bis und durch Kasachstan wenigstens in einer Richtung einfacher w\u00e4re, also Sep\/Okt\/Nov, insb. wenn ich via T\u00fcrkei+Georgien fahren sollte, ansonsten m\u00fcsste man sich die Visa\/Maximumtage nochmals anschauen.<\/p>\n<p>Somit f\u00e4llt n\u00e4chstes Jahr aus, wenn ich ja bis Oktober in England bleiben m\u00f6chte, m\u00fcsste ich auf dem Weg nach KZ\/KG sonst schon Schneefall einkalkulieren. Also quasi Winterstart schon in KZ oder KG machen und dann im Feb\/M\u00e4rz nach Sibirien (wenns nicht gerade -40\u00b0 hat) und retour M\u00e4rz\/April Ural und Kaukasus, da kann man wohl irgendwo kurz \u00fcber KZ fahren und damit vmtl. die Tage in Russland verl\u00e4ngern, falls das so ein Visum ist wie unlimitierte Einreisen innerhalb 6 Monaten, aber maximals 30 Tage pro Aufenthalt oder so, solche Dinge gibts ja \u00f6fters mal.<\/p>\n<p>hm &#8230;<br \/>\n2025\/26 Winter Skandinavien -> Weiter nach England<br \/>\n2026 Sommer UK,  ab Okt\/Nov wieder daheim<br \/>\n2026\/27 Winter ab Dez. Balkan, T\u00fcrkei,  Georgien, Armenien, Iran und retour<br \/>\n2027 Sommer daheim<br \/>\n2027\/28 Winter ab Sep\/Okt Zentralasien KZ\/KG\/RU &#038; Co<br \/>\n2028 Sommer kurz daheim, im Verlauf UK und von da aus weiter nach<br \/>\n2028\/29 Winter Skandinavien, nach 2 Wintern Pause \u00fcberf\u00e4llig<\/p>\n<p>oder &#8230;<br \/>\n2025\/26 Abfahrt Sep\/Okt Zentralasien (ohne heuer nochmals nach Tirol zu fahren und stattdessen das Service zB in Bulgarien machen, wo es den Ignis ja auch gab)<br \/>\n2026 Sommer kurz daheim und ab ca. Juni nach England und von dort im Herbst weiter nach<br \/>\n2026\/27 Winter Skandinavien bis Mitte Juni und heim<br \/>\n2027 Sommer daheim und evtl. schon ab Sep\/Okt in den Balkan  ..<br \/>\n2027\/28 Winter evtl. erst in Griechenland oder T\u00fcrkei die Saison starten, weiter Georgien und Armenien bis Iran und ebenso retour und dann noch in den Balkanl\u00e4ndern Ski fahren<br \/>\n2028 Sommer wieder wie 2026 ab ca. Juni nach England und im Herbst weiter nach ..<br \/>\n2028\/29 Winter .. Skandinavien<\/p>\n<p>Wobei Zentralasien und Iran in dem Fall auch vertauschbar w\u00e4ren<\/p>\n<p>H\u00e4tte den Vorteil, dass die Asien- und Skandinavien-Touren besser verteilt w\u00e4ren mit 1x Skandinavien dazwischen &#8230; <\/p>\n<p>Russland in 2 Jahren k\u00f6nnte vielleicht einfacher sein, vielleicht sind dann einige der westlichen Sanktionen endlich mal aufgehoben, weil man einsieht, dass gewisse ehemalige russisch-ukrainische Landstriche nun zur RF geh\u00f6ren&#8230; oder aber die EU ist endg\u00fcltig in den Krieg nach Moskau gezogen, wobei das nat\u00fcrlich auch schon f\u00fcr n\u00e4chste Wintersaison g\u00fcltig sein kann&#8230;. <\/p>\n<p>Teheran liegt \u00fcbrigens von mir aus nicht viel weiter weg als das Nordkapp; eines der Probleme ist halt, dass man f\u00fcr den Iran f\u00fcrs Auto das Carnet braucht und man da beim ADAC eine entsprechende Kaution hinterlegen muss, wobei die bei meinem alten Auto entsprechend wohl ziemlich die geringste Stufe sein d\u00fcrfte. Und dass manche Skigebiete nat\u00fcrlich weiter weg sind als nur Teheran, schon klar.<\/p>\n<p>Kasachstan-Sibirien ist kilometerm\u00e4\u00dfig allerdings doppelt so weit weg. Oder man w\u00fcrde  (Variante 1 oben) den Sommer zwischen Iran und Zentralasien einfach in Georgien &#038; Co verbringen. Dann gibt&#8217;s allerdings sp\u00e4ter heimw\u00e4rts ein Problem mit dem lang \u00fcberf\u00e4lligen &#8220;Pickerl&#8221;. Und ggf. mit den \u00f6st. Beh\u00f6rden bzgl. Arbeit usw. Aber w\u00fcrde ca. 5.000km sparen (bissl rumfahren w\u00fcrde man dort ja auch. Aber naja, ganzer Sommer im Auto &#8220;dort unten&#8221; hab ich glaub ich keine Lust zu verbringen).<\/p>\n<p>Na toll, somit werd ich die n\u00e4chsten Wochen also einige Reiseplanungen machen, Visamodalit\u00e4ten und -kosten ansehen, die Skigebiete in den ganzen L\u00e4ndern nochmals durchgehen und meine Listen aktualisieren, zumindest ab T\u00fcrkei ostw\u00e4rts &#8230; und mal wieder nicht zu den Sachen kommen, die ich daheim doch eigentlich h\u00e4tte machen wollen &#8230;<\/p>\n<p>Ob ich mich allein aber so manche Stra\u00dfe zu den Skigebieten in diesen fernen L\u00e4ndern hochfahren trau?<\/p>\n<p><strong>Mi, 23.7.2025<\/strong><\/p>\n<p>Wollte heute die restlichen 2 Zierleisten kleben. Nach der ersten dann den Rest abgemessen.<\/p>\n<p>Eigentlich sollten meine W\u00e4nde 5,2m und 7,2m lang sein. Hab ich nicht nur so in der urspr\u00fcnglichen Planungsdatei f\u00fcr die M\u00f6bel drin gehabt, sondern eigentlich auch nochmals ungef\u00e4hr nachgemessen wg. den Leisten. Was in Summe 12,4m ergibt, weshalb mir 6 Leisten \u00e0 2m ja nicht gereicht h\u00e4tten, weshalb ich die Ecke ja mit dem 3d-Drucker gemacht hab mit 10+10cm, auf dass in den anderen 2 Ecken auch nochmals 2 solche St\u00fccke reinm\u00fcssten und k\u00f6nnten.<\/p>\n<p>Tja, \u00e4tschib\u00e4tsch mal wieder! Was jetzt \u00fcbrig bleibt, ergibt 105,2cm und 85,4cm. = 190,6cm, mir bleiben also knapp 10cm von der 6. Leiste \u00fcbrig!!! Und ich h\u00e4tte das Eckenst\u00fcck also gar nicht machen m\u00fcssen, denn mit den nun zus\u00e4tzlichen 20cm h\u00e4tten mir ja nur 10,6cm gefehlt, ich h\u00e4tte nur ein 10,6cm kurzes St\u00fcck f\u00fcr die fast unsichtbare Ecke hinterm Schrank drucken m\u00fcssen und h\u00e4tte die Hauptecke statt mit dem 3D-Druck doch richtig abschneiden und verkleben k\u00f6nnen :(<\/p>\n<p>Tja, jetzt rei\u00df ich nicht wieder alles runter. Vielleicht in 2 Jahren, falls die H\u00e4lfte der Leisten wg. Kleber und K\u00e4lte runtergefallen ist&#8230;<\/p>\n<p><a href='http:\/\/extra.inmontanis.info\/d\/132036-2\/DSC05580.jpg'><img src=http:\/\/extra.inmontanis.info\/d\/132035-3\/DSC05580.jpg \/><\/a><br \/>\n^ Die gr\u00fcne Wand hat einen Nachteil &#8211; man sieht jeden Fingertapser (oder Ellbogen oder sonst&#8217;was)<\/p>\n<p><a href='http:\/\/extra.inmontanis.info\/d\/132040-2\/DSC05585.jpg'><img src=http:\/\/extra.inmontanis.info\/d\/132039-3\/DSC05585.jpg \/><\/a><br \/>\n^ Rosette und Leisten sind nun angeklebt, auf der rechten Seite klebt nun die etwas anders f\u00f6rmige, teurere Leiste, die ich im Obi gekauft hatte.<\/p>\n<p>Diese Zierleisten sind schon recht schmal. Von der Wirkung her machen die Malereien samt Schablonieren m.E. auf der Decke wesentlich mehr her als das Styroper (Leiste, Rosette) trotz seiner Dreidimensionalit\u00e4t.<\/p>\n<p>Ok, die Wandbord\u00fcre mit der derzeit geplanten Schablonierung fehlt auch noch. Aber heuer wohl nicht mehr.<\/p>\n<p>Au\u00dfer Semmeln und H-Milch kann ich morgen ja fast nix einkaufen, keinen Platz f\u00fcr noch mehr TK-Pommes oder -Schnitzel &#8230; eigentlich ja nicht mal f\u00fcr die zu kaufenden Semmeln &#038; Co &#8230;<\/p>\n<p><a href='http:\/\/extra.inmontanis.info\/v\/sonstiges\/Gefundenes\/DSC05573.jpg.html'><img src=http:\/\/extra.inmontanis.info\/d\/131984-2\/DSC05573.jpg \/><\/a> Holzh\u00e4user<\/p>\n<p><a href='http:\/\/extra.inmontanis.info\/v\/sonstiges\/Gefundenes\/DSC05574.jpg.html'><img src=http:\/\/extra.inmontanis.info\/d\/131987-2\/DSC05574.jpg \/><\/a> Passagierschiffe nach Amerika, Potenzmittel, Sagrotan und Elektreen<\/p>\n<p><a href='http:\/\/extra.inmontanis.info\/v\/sonstiges\/Gefundenes\/DSC05575.jpg.html'><img src=http:\/\/extra.inmontanis.info\/d\/131990-2\/DSC05575.jpg \/><\/a> Trotzkis Nachfolger, Niagaraf\u00e4lle mit Br\u00fccke, \u00e4gyptisches K\u00f6ningskind im Kinderauto<\/p>\n<p>Ui, <strong>scheint so, als ob ich keinen einzigen Skitag mehr in Italien haben werde<\/strong>, da heute oder in den n\u00e4chsten Tagen ernsthaft \u00fcber ein Gesetz f\u00fcr eine generelle Helmfplicht f\u00fcr alle abgestimmt wird. Pisten unter 15m Breite sollen auch nicht mehr erlaubt sein?! Dass dann ausgerechnet mein allerletzter Skitag meines Lebens in Italien am Schnalstaler gewesen sein soll &#8211; glaub ich muss mir den Sommer noch die teure Tageskarte am Stelvio kaufen zum Abschied ;) Ne, das gibt sofortigen Boykott.<\/p>\n<p>Leider k\u00f6nnte so ein Gesetz ja auch noch Folgewirkung f\u00fcr die anderen Alpenl\u00e4nder haben und Nachahmer finden :(<\/p>\n<p>Jedenfalls, wenn das kommt, gibt das von meiner Seite aus dann einen Komplettboykott von Italien, das Land wird aus der Karte ausradiert, es wird kein Geld mehr in Italien meinerseits mehr ausgegeben, noch Produkte made in italy mehr gekauft. Pastaso\u00dfen, Salsiccia, Korblifte &#8211; nix mehr, auch nicht im Sommer! Grafferlifte im Ausland werden nat\u00fcrlich nicht boykottiert ;)<\/p>\n<p><strong>Do, 24.7.2025<\/strong><\/p>\n<p>Nur noch 1 Woche und noch 20GB Datenvolumen \u00fcbrig, da kann ich noch etwas gro\u00dfz\u00fcgig rumsurfen.<\/p>\n<p>Zwar sommerliche-nur 26\u00b0 im Tal, aber f\u00fcr mich nat\u00fcrlich ungewohnt warm. H\u00e4tte eigentich noch erst zum Action wollen, aber 10min schienen mir dann etwas knapp. Daf\u00fcr musste ich beim \u00d6AMTC 15min warten, bis ich meinen Auftrag erteilen konnte.<\/p>\n<p>15:15 Uhr, Pickerl\u00fcberpr\u00fcfung fertig und ok, f\u00fcr die Laufleistung absolut zuufriedenstellend, &#8220;Motor trocken&#8221;, meinte er. Tja, dann w\u00e4re es wohl dumm, ihn zu verkaufen? Mal schaun, was meine Werkstatt zu den leichten M\u00e4ngeln meint und wie bald ich die zu welchen Preisen machen sollte &#8211; aber einige Tage sp\u00e4ter hie\u00df es, ohne anzusehen kann man da gar nix sagen, was wie schnell ersetzt werden muss.<\/p>\n<p>1.1.11 Starre Bremsleitungen, leichter Mangel: Flugrost ohne Materialabtrag vorne und hinten<br \/>\n1.1.12 Flexible Bremsschl\u00e4uche, leichter Mangel: B\u00f6rdel angerostet hinten<br \/>\n1.2 Betriebsbremse Wirkung BBA 71%, HBA 35%<br \/>\n1.4 Feststellbremse WWirkung FBA 20%<br \/>\n1.9 Bremsfl\u00fcssigkeit 215\u00b0<br \/>\n5.1 Achsen, leichter Mangel: Gummielemente br\u00fcchig oder por\u00f6s vorne und hinten, angerostet vorne und hinten<br \/>\n5.3.1 Federn und Stabilisatoren, leichter Mangel:  Stabilisatorgummi rissig \/ por\u00f6s vorne<br \/>\n5.3.2 Sto\u00dfd\u00e4mpfer, leichter Mangel: angerostet vorne<br \/>\n5.3.3 &#8230;, leichter Mangel:  Querlenkergummi rissig vorne<br \/>\n6.2.1 Karosserie, leichter Mangel: Seitenwand hinten links angerostet &#8211; das wird das am Tankdeckel sein<br \/>\n6.2.4 Boden, leichter Mangel: oberfl\u00e4chliche Roststellen (Korrosion) im Bereich der Rahmen-Boden-Gruppe<\/p>\n<p>Heut zum Billa Plus gegangen, ist der gr\u00f6\u00dfte Supermarkt hier in Wolfsberg. Schon auch interessant, hier gibt&#8217;s von der billigen Leicht-H-Milch nur 0,5% und keine 1,5%, wie zuletzt entweder bei Penny (ebenfalls Rewe wie Billa) und\/oder Lidl.<\/p>\n<p>Sogar schwedische Gifflar gab&#8217;s endlich mal wieder. Musste die Tage danach aber feststellen, dass die selbstgebackenen Lebkuchen-Muffins wesentlich besser sind.<\/p>\n<p>Hab mich dann doch dazu entschieden, so einzukaufen, dass ich vielleicht 50 Tage mit Ausnahme Semmeln und Co auskomme, die ich oben an den Liften halt kaufen muss, sollte ich nicht noch einmal ins Tal wollen.<\/p>\n<p>Fertiger TK-Fisch ist in AT ja auch sauteuer, 6-15 \u20ac pro Packung f\u00fcr 2-3 Portionen, au\u00dfer Fischst\u00e4bchen und Clever Knusperfilet im Backteig um 2,99, dann das mitgenommen. Hab ja noch eine Dose britische Mushypeas.<\/p>\n<p><a href='http:\/\/extra.inmontanis.info\/d\/132044-2\/IMG_20250724_163230_2.jpg'><img src=http:\/\/extra.inmontanis.info\/d\/132043-3\/IMG_20250724_163230_2.jpg \/><\/a><br \/>\n^ Eink\u00e4ufe, noch ein letztes Mal Salsiccia, bevor ich Italien wg. Helmpflichtgesetz boykottieren muss<\/p>\n<p>Eigentlich sollte mir das nun die restlichen ca. 50 Tage reichen. Falls mir sonst noch was zu Essen fehlen w\u00fcrde, m\u00fcsst ich das halt von Amazon kaufen. Die mit den noch daheim befindlichen ingesamt 9 Liter H-Milch, 2 H-Sahne, 2 Fertig-H-Schlagsahne reichen mal auf jeden Fall ;) So nix sauer wird.<\/p>\n<p>Leider vergessen, K\u00fchlschrank vorher einzuschalten und zum Action wollte ich ja auch noch kurz.<\/p>\n<p>Die g\u00fcnstigen Lesebrillen um unter 1 \u20ac gab&#8217;s heute nicht.  H\u00e4tte mir noch eine mitgenommen sonst, ist ja praktisch, eine dauerhaft am Bett, eine am WC, eine am Schreibtisch, 1-2 im Auto &#8230;<\/p>\n<p>Aber vielleicht halt ich&#8217;s auch keine 50 Tage daheim aus und muss fr\u00fcher mal runter oder eine l\u00e4ngere Runde fahren. 15.-August-Feiertags-verl\u00e4ngertes-WE w\u00e4r ein Kandidat, wenns nicht zu hei\u00df und nicht zu regnerisch sein sollte.<\/p>\n<p>Ausgerechnet wo ich heut ins Tal fahren musste, sind die Nachbarn ausgeflogen und es w\u00e4r mal ruhig gewesen ;)<\/p>\n<p><a href='http:\/\/extra.inmontanis.info\/v\/sonstiges\/Gefundenes\/DSC05588.jpg.html'><img src=http:\/\/extra.inmontanis.info\/d\/131993-2\/DSC05588.jpg \/><\/a> Wartende Autos m\u00fcssen jetzt in der Stra\u00dfenmitte halten &#8211; daf\u00fcr ist der wei\u00dfe Strich<br \/>\n.. wer kam nur auf so eine bl\u00f6dsinnige Idee?! Gut, dass das wieder abgeschafft wurde! <\/p>\n<p><strong>Fr, 25.7.2025<\/strong><\/p>\n<p>Bin ja eigentlich schon seit fast 2 Jahren auf der Suche nach einem neuen Pinkelkanisterchen, gerne 2,5 oder 3 l statt meinen 2l. &#8211; aber ich find nix, weder von der Menge her, noch dann von der Bedienung her &#8211; insofern, dass meiner einen frei schwingenden Henkel hat, der ultrapraktisch ist beim Halten des Gef\u00e4\u00dfes w\u00e4hrend der Bef\u00fcllung. Weniger beim Ausleeren, da man ihn festhalten muss, damit man nix dr\u00fcbersch\u00fcttet. Mein Kanister hat aber mittlerweile ziemliche Urinsteinablagerungen im Bodenbereich.<\/p>\n<p>Auch mein Portapotti wollte ich mal gr\u00fcndlich reinigen und hatte Ablagerungen nicht nur im Abfluss-Rohr festgestellt, sondern auch unter der Gummilippe. Beides konnte man mit einem Papier gut wegbekommen, aber halt nur, soweit man hinkam &#8211; dagegen schafften es diverse meiner Reinigungsmittelchen nicht, das aufzul\u00f6sen. D\u00fcrfen ja nicht zu stark sein bzw. keine bestimmten Zus\u00e4tze haben wg. Kunstoff und Gummi.<\/p>\n<p>Daher mal ein offizielles und recht teures Reinigungsmittel vom Hersteller auf Amazon letztens gekauft, das ist nun seit eineinhalb Tagen in den beiden Gef\u00e4sen. Der Urinstein ging noch nicht ganz weg, wurde aber weniger, die braunen Ablagerungen im Abflussrohr scheinen mir noch unver\u00e4ndret. (Urin kommt ja bei mir nicht ins Portapotti.) &#8211;  Auch nach einer weiteren Woche sind die jeweiligen Ablagerungen noch nicht ganz aufgel\u00f6st.<\/p>\n<p><a href='http:\/\/extra.inmontanis.info\/v\/sonstiges\/Gefundenes\/DSC05594.jpg.html'><img src=http:\/\/extra.inmontanis.info\/d\/131996-2\/DSC05594.jpg \/><\/a> Aus dem Berliner 6-Tage-Rennen<\/p>\n<p><a href='http:\/\/extra.inmontanis.info\/d\/132048-2\/IMG_20250725_150047.jpg'><img src=http:\/\/extra.inmontanis.info\/d\/132047-3\/IMG_20250725_150047.jpg \/><\/a><br \/>\n^ Heckklappe minus Plastikverkleidung bissl (verschimmelter) Dreck, oben der \u00d6ffnungsgriffmechanismus, der seit einiger Zeit nicht mehr richtig in R\u00fcckstellung geht und somit bei der Zentralverriegelung f\u00fcr eine verschlossene Heckklappe sorgt, wenn man ihn nicht vor dem \u00d6ffnen (oder eben gleich nach dem Schlie\u00dfen) hinterdr\u00fcckt = einfacher Workaround, der keine Reparatur lohnt.<\/p>\n<p>Den Suzuki Jimny gibts in Japan nun auch als 5-t\u00fcrer ab knapp \u00fcber 15.000 \u20ac (!), aber in 4 Tagen haben die angeblich 50.000 Bestellungen bekommen, so dass die Baukapazit\u00e4t (wird in Indien gebaut!) f\u00fcr die n\u00e4chsten 3,5 Jahre ausgelastet gewesen sein soll, dass   Bestellungen seitdem nicht mehr m\u00f6glich sind &#8230; Der w\u00e4r sonst wohl auch was f\u00fcr mich gewesen, je nachdem wie hoch er innen ist. Dass der also nach Europa kommt &#8211; insb. bei den f\u00fcr die EU zu hohen Spritverbrauch von wohl 6-7 Litern &#8211; darf somit leider ausgeschlossen werden&#8230;<\/p>\n<p>Auch aufgefallen: Suzuki Schweiz f\u00fchrt auf der Homepge noch den Ignis mit Neupreisen &#8211; den hab ich zuletzt auf der japanischen Seite ja nicht mehr gesehen. Vielleicht ging das Restkontingent der Linkslenker an die Schweiz, weil man hier am meisten verdienen kann.<\/p>\n<p>Da mein 3D-Drucker nur 14x14x14 cm drucken kann, bin ich nach wie vor am \u00fcberlegen, was ich mit den Fliesen mach, die ich letztes Jahr in England gekauft hab. Rahmen f\u00fcr 10-30 \u20ac will ich mir nicht kaufen; alternativ St\u00e4nder, dann braucht man ein Regal und einen Hintergrund, da gr\u00fcne Flie\u00dfen bei gr\u00fcner Wand wei\u00df eingerahmt sein sollten; alternativ doch irgendwelche alternativen Rahmen 3d drucken und zusammenst\u00fcckeln, aus Holzleisten selbst machen (aber ob ich das sch\u00f6n genug hinbekomm, da werden die Seiten sicher schief),  &#8230;<\/p>\n<p>.. da komm ich momentan noch auf keine L\u00f6sung.<\/p>\n<p><strong>Sa, 26.7.2025<\/strong><\/p>\n<p>So, hab mir heut endlich ein Plugin installiert, dass beim Internet-Browser s\u00e4mtlichen Textm\u00fcll ersetzen kann, den ich nicht lesen will. Also z.B. :&#8221;in&#8221; &#8220;*in&#8221; &#8220;:innen&#8221; oder &#8220;*innen&#8221; oder das Wort &#8220;menschengemachter&#8221; vor Klimawandel &#038; Co. Geht mir doch auf den Sack, dieses st\u00e4ndige Framing da. Endlich kann ich manche Websites wieder auf Deutsch lesen und muss nicht auf Englisch umstellen ;)<\/p>\n<p><a href='http:\/\/extra.inmontanis.info\/v\/sonstiges\/Gefundenes\/DSC05599.jpg.html'><img src=http:\/\/extra.inmontanis.info\/d\/131999-2\/DSC05599.jpg \/><\/a> H\u00f6rt sich nach Kritik an der F\u00e4hrgesellschaft der Isle of Man an &#8211; 1897, 1905 und weil es in dem 1974er B\u00fcchlein ist, wohl auch von 1974 :) Zumindest in den letzten Jahrzehnt(en) ist die Kritik wohl haupts\u00e4chlich an den im Vgl. zu anderen F\u00e4hren exorbitant teuren Preisen bei Fahrzeug\u00fcberfahrten. Vmtl. werd ich n\u00e4chstes Jahr \u00fcber 400 \u20ac zahlen m\u00fcssen f\u00fcr die Hin- und R\u00fcckfahrt :(<\/p>\n<p>F\u00fcr die Entscheidung, ob ich die Lichterkette an der Decke lasse oder an die Wand versetze, um das noch zu machen, bevor ich die gr\u00fcnen Stellen ausbessere, schien es mir ratsam, am PC vorher noch die Farbe und Lage der Schablonen-Bord\u00fcre samt Hintergrund zu testen &#8211; direkt unter der Zierleiste oder ein St\u00fcck darunter? Mit oder ohne Gold- oder Wei\u00dfrand?<\/p>\n<p>Tja, keine Entscheidung m\u00f6glich. Zudem mir die Schablone recht hoch vorkommt im Vgl. zur Leiste und somit die ganze Bord\u00fcre zu dominant sein w\u00fcrde &#8211; das sollte m.E. maximal so hoch wie die Leiste sein.<\/p>\n<p>Also dann Lichterkette derweil an die Decke.<\/p>\n<p>Die Kette kam erst einmal komplett runter und wurde dann anders verlegt. Eigentlich wollte ich den wei\u00dfen Rahmen ja nicht kreuzen, aber ohne das fr\u00fchere &#8220;Viereck&#8221; w\u00e4re es, die Lichterkette einzeln in der Ecke verlegt, ja noch dunkler, also hab ich mal testweise einen Teil doppelt gelegt und, um nicht 3-fach legen zu m\u00fcssen, eine Diagonale gelegt.<\/p>\n<p>Dedurch fehlt hinten in der Abstellkammer etwas, aber da war die Lichterkette eh meist zu dunkel und ich hab auf der Mikrowelle noch die alte Nachttischlampe stehen, um den Abstellkammerbereich besser zu beleuchten. <\/p>\n<p><a href='http:\/\/extra.inmontanis.info\/d\/132052-2\/DSC05604.jpg'><img src=http:\/\/extra.inmontanis.info\/d\/132051-3\/DSC05604.jpg \/><\/a><br \/>\n^ Deckenlinie im Abstellbereich gemacht und die Lichterkette ist verlegt, Stromanschluss nun hier hinten ..<\/p>\n<p><a href='http:\/\/extra.inmontanis.info\/d\/132056-2\/DSC05608.jpg'><img src=http:\/\/extra.inmontanis.info\/d\/132055-3\/DSC05608.jpg \/><\/a><br \/>\n^ .. und nicht mehr hier neben der Infrarotheizung mitten im Raum<\/p>\n<p><a href='http:\/\/extra.inmontanis.info\/d\/132060-2\/DSC05610.jpg'><img src=http:\/\/extra.inmontanis.info\/d\/132059-3\/DSC05610.jpg \/><\/a><br \/>\n^ Um die Ecke etwas beser zu beleuchten, hab ich die Lichterkette hier mehrfach verlegt und eine Diagonale gemacht<\/p>\n<p>Somit fehlt nur noch die gr\u00fcne Ausbesserung und dann hab ich die Decke f\u00fcr heuer vorerst abgeschlossen, gro\u00dfe Rosette &#038; Co und Wand-Bord\u00fcre kommen sp\u00e4ter, vielleicht test ich heuer noch den 3D-Druck oder Fliesen aus Gips, wenn ich noch etwas Zeit hab.<\/p>\n<p>Auf YT bin ich \u00fcber ein paar Jahrmarktsorgel-Videos gestolpert und wurde dann auf dieses hier verwiesen, wollt ich schon gar nicht abspielen, weil es keine Automatikorgel war, aber der Organist hier hat&#8217;s auch drauf (Radetzky Marsch auf gro\u00dfer Orgel mit 4 Klaviatur-Reihen, krass):<br \/>\n<a href='https:\/\/www.youtube.com\/watch?v=lQ5v-5FkLts'>https:\/\/www.youtube.com\/watch?v=lQ5v-5FkLts<\/a><\/p>\n<p><strong>So, 27.7.2025<\/strong><\/p>\n<p><a href='http:\/\/extra.inmontanis.info\/d\/132064-2\/DSC05612.jpg'><img src=http:\/\/extra.inmontanis.info\/d\/132063-3\/DSC05612.jpg \/><\/a><br \/>\n^ Die gr\u00fcnen Ausbesserungen sind nun auch gemacht.<\/p>\n<p>Abends mal noch mit dem Windows11 weiter gemacht, einer der gedachten Einsatzzwecke w\u00e4re ja, mein Android-Handy f\u00fcr die Amazon Primve Videos zu entlasten, da man in der Prime App f\u00fcr Windows auch downloaden kann.<\/p>\n<p>Nun, die Dateigr\u00f6\u00dfe ist gr\u00f6\u00dfer und die Qualit\u00e4t schlechter als bei Android.<br \/>\nWindows: &#8220;Gut (ca. 0,5 GB\/h&#8221; brachte bei einem 1:15 Download satte 1,1 GB vs. Android laut Angabe in der App: Gut 0,28 Besser 0,37 Besten 0,66  &#8211; vs. Streaming im Browser am PC mit Einstellung &#8220;gut&#8221; und Angabe im Men\u00fc &#8220;ca. 0,38 GB \/h&#8221; &#8212; das w\u00e4re sinnvolelr zum Downloaden.<\/p>\n<p>Bleibt in der Win-App also nur der Datensparmodus, der &#8211; nach einigen weiteren Tests der n\u00e4chsten Tage &#8211; dem Downloadvolumen von &#8220;gut&#8221; bei Android entspricht, teils aber wesentlich schlechter in der Bildqualit\u00e4t ist (teils aber auch \u00e4hnlich).<\/p>\n<p>Aber vielleicht eher das Hauptproblem: Es gibt keine Scrollbars. Was das Navigieren in der Software ohne Maus mit Scrollrad nahezu verunm\u00f6glicht oder sehr verkompliziert. Regt mich schon wieder auf, dieses Amazon-Gelumpe. Noch nicht mal versteckt, wie es manch andere Arschlochprogrammierer machen, nein, gar nicht vorhanden.<\/p>\n<p>Mal schaun, ob ich es mir noch antun werde, Prime Video Android am PC zu installieren und das zu testen.. also Android zu installieren und ob das auf dem neuen PC schnell genug ist. Aber wenn ich Prime eh n\u00e4chstes Jahr k\u00fcndigen will, weil unterwegs sinnlos &#8230;<\/p>\n<p><strong>Mo, 28.7.2025<\/strong><\/p>\n<p>Mit eher fr\u00fchherbstlichen 20-24\u00b0 soll es diese Woche noch etwas k\u00fchler bleiben als letzte &#8211; wohlgemerkt, im Tal, bei mir entsprechend noch k\u00e4lter.<\/p>\n<p>Heute bissl was am Auto gemacht, viel gelesen, Videos downgeloadet und am neuen PC Win11 noch auf Classic-Theme umgestellt, wobei noch ein paar Dinge nicht passen. Ansonsten m\u00fcsste ich ggf. das Update von WindowBlinds 10 auf 11 kaufen, um mein extra erstelltes Amiga3+-Theme zu verwenden, aber da wart ich mal noch ab, bis ich fix auf W11 umsteigen muss.<\/p>\n<p><a href='http:\/\/extra.inmontanis.info\/d\/132072-2\/IMG_20250728_121823.jpg'><img src=http:\/\/extra.inmontanis.info\/d\/132071-3\/IMG_20250728_121823.jpg \/><\/a><br \/>\n^ Tja, also .. die Feder dr\u00fcckt das schwarze Ende vom Kofferraumgriff nicht weit genug nach oben, aber Grund wird wohl eher die Verschmutzung von au\u00dfen sein. Daf\u00fcr m\u00fcsste ich eine \u00e4u\u00dfere Abdeckung abbauen, die mit 2 rostigen Schrauben von innen und weiteren Clips befestigt ist &#8211; das tu ich mir nun nicht an.<\/p>\n<p><a href='http:\/\/extra.inmontanis.info\/d\/132076-2\/IMG_20250728_123053.jpg'><img src=http:\/\/extra.inmontanis.info\/d\/132075-3\/IMG_20250728_123053.jpg \/><\/a><br \/>\n^ Die Abdeckung ist auch etwas verdreckt innen &#8211; vmtl. m\u00fcsste ich mal alle Plastikteile von hinten reinigen<\/p>\n<p>Ich hab ja auf meinem Bett daheim viele Decke draufgelegt, damit es weicher ist &#8211; aber selbst ohne den Decken ist es noch weicher als die neue Schaumstoffmatratze im Auto :(<\/p>\n<p><a href='http:\/\/extra.inmontanis.info\/d\/132068-2\/DSC05614.jpg'><img src=http:\/\/extra.inmontanis.info\/d\/132067-3\/DSC05614.jpg \/><\/a><br \/>\n^ Decken unten statt Decke oben ;)<\/p>\n<p><a href='http:\/\/extra.inmontanis.info\/v\/sonstiges\/Gefundenes\/DSC05616.jpg.html'><img src=http:\/\/extra.inmontanis.info\/d\/132002-2\/DSC05616.jpg \/><\/a><br \/>\nFr\u00fchlingsmode 1925<\/p>\n<p>Hab ich das jetzt richtig verstanden, EU-Produkte werden nun bei der Einfuhr in die USA mit tw. h\u00f6heren Z\u00f6llen belegt als fr\u00fcher plus die EU verpflichtet sich zu noch mehr teurem Gas aus USA statt g\u00fcnstigerem Gas aus Russland? Win-Win f\u00fcr USA?!<\/p>\n<p>USA ist wie Microsoft und viele andere Ami-Unternehmen,  die die restliche Welt endlich mal in den Wind schie\u00dfen sollte, um sich von der amerikanischen Knechtschaft zu erheben! <\/p>\n<p><strong>Di, 29.7.2025<\/strong><\/p>\n<p>Auf dem Weg heute Mittag zum Auto konnte ich das J\u00e4ckchen gut vertragen. Auch in der Wohnung k\u00f6nnte ich mal wieder lange \u00c4rmel brauchen.<\/p>\n<p>Das Gesetz mit der Ski-Helmpflicht in Italien ist wieder einen Schritt weiter &#8211; &#8220;The bill now goes to the Senate.&#8221; :(<\/p>\n<p><strong>Mi, 30.7.2025<\/strong><\/p>\n<p>Heut Autoradio ausgebaut, da es ja in den letzten Jahren hin und wieder mal den Dienst quitiert hatte, weil es ihm zu warm war. <\/p>\n<p>Meistens passierte das bei zu viel zu langer Heizung, aber ist das nicht auch mal im Sommer in England passiert?<\/p>\n<p>Na jedenfalls ist der L\u00fcfter sauber und mit Licht reingeleuchtet sah es auch sehr sauber aus &#8211; das sauberste Teil im ganzen Auto und kein Vergleich zum PC-L\u00fcfter. Auch reinpusten brachte keine Staubwolke.<\/p>\n<p><a href='http:\/\/extra.inmontanis.info\/d\/132080-2\/IMG_20250730_114038.jpg'><img src=http:\/\/extra.inmontanis.info\/d\/132079-3\/IMG_20250730_114038.jpg \/><\/a><br \/>\n^ Angenehme 26,9\u00b0 im Auto ;) Radio ausbau zum Reinigen<\/p>\n<p><a href='http:\/\/extra.inmontanis.info\/d\/132084-2\/IMG_20250730_114131.jpg'><img src=http:\/\/extra.inmontanis.info\/d\/132083-3\/IMG_20250730_114131.jpg \/><\/a><br \/>\n^ Ziemlicher Kabelsalat hinten und \u00fcberrschenderweise ist der L\u00fcfter direkt hinten angeschraubt<\/p>\n<p><a href='http:\/\/extra.inmontanis.info\/d\/132088-2\/IMG_20250730_115012.jpg'><img src=http:\/\/extra.inmontanis.info\/d\/132087-3\/IMG_20250730_115012.jpg \/><\/a><br \/>\n^ Radioschacht, da gibts etwas Flugrost an einer Metallschiene ..<\/p>\n<p><a href='http:\/\/extra.inmontanis.info\/d\/132092-2\/IMG_20250730_115043.jpg'><img src=http:\/\/extra.inmontanis.info\/d\/132091-3\/IMG_20250730_115043.jpg \/><\/a><br \/>\n^ .. und Staub (oder Sandstaub von Naturstra\u00dfen) dar\u00fcber<\/p>\n<p><a href='http:\/\/extra.inmontanis.info\/d\/132096-2\/DSC05619.jpg'><img src=http:\/\/extra.inmontanis.info\/d\/132095-3\/DSC05619.jpg \/><\/a><br \/>\n^ Erstaunlicherweise ist der L\u00fcfter sehr sauber<\/p>\n<p><a href='http:\/\/extra.inmontanis.info\/d\/132100-3\/DSC05624.jpg'><img src=http:\/\/extra.inmontanis.info\/d\/132099-4\/DSC05624.jpg \/><\/a><br \/>\n^ Heut kam mal wieder mein alter Schraubenzieher zum Zug, mit dem man die Schraube mittels Zangen halten kann. In den 1980ern oder 1990er von Conrad oder Westfalia gekauft damals.<\/p>\n<p>Dass der L\u00fcfter zumindest hin und wieder l\u00e4uft, h\u00f6rt man eigentlich &#8211; manchmal rattert er auch. Tja, dann also wieder zusammengebaut und nicht weiter auseinandergebaut.<\/p>\n<p><a href='http:\/\/extra.inmontanis.info\/v\/sonstiges\/Gefundenes\/DSC05625.jpg.html'><img src=http:\/\/extra.inmontanis.info\/d\/132005-2\/DSC05625.jpg \/><\/a> &#8220;Der Neger als Sonntagsprediger&#8221;, Kirche auf Schiene oder auf R\u00e4der, &#8230;<\/p>\n<p>Kurz\u00e4rmlig zum Auto und kleiner Rundgang drau\u00dfen ging heut, in der Wohnung dagegen ist es k\u00fchler geworden und das lang\u00e4rmlige Fleece-J\u00e4ckchen musste ich wieder aus dem Schrank holen &#8211; immer kurz nachdem ich es reingetan hab, nachdem es wochenlang unbenutzt drau\u00dfen war&#8230;<\/p>\n<p><strong>Do, 31.7.2025<\/strong><\/p>\n<p>Am WE soll&#8217;s sogar noch k\u00fchler werden, 20\u00b0 im Tal. 30\u00b0 sind in den n\u00e4chsten 10 Tagen auch nicht mehr in Sicht. Wie schon so h\u00e4ufig in letzter Zeit, zumindest f\u00fcr mich, werden Mai + Juni der w\u00e4rmste Monat gewesen sein. Was nat\u00fcrlich auch etwas an meinen gew\u00e4hlten Orten liegt.<\/p>\n<p><a href='http:\/\/extra.inmontanis.info\/v\/sonstiges\/Gefundenes\/DSC05626.jpg.html'><img src=http:\/\/extra.inmontanis.info\/d\/132008-2\/DSC05626.jpg \/><\/a><br \/>\nWerbung 1925<\/p>\n<p><a href='http:\/\/extra.inmontanis.info\/v\/sonstiges\/Gefundenes\/DSC05628.jpg.html'><img src=http:\/\/extra.inmontanis.info\/d\/132011-2\/DSC05628.jpg \/><\/a><br \/>\nMitte M\u00e4rz 1925 war es in Norddeutschland wohl doch noch winterlicher, hier die Er\u00f6ffnung der Skisprungschanze im Grunewald<\/p>\n<p><a href='http:\/\/extra.inmontanis.info\/d\/132104-3\/DSC05629.jpg'><img src=http:\/\/extra.inmontanis.info\/d\/132103-4\/DSC05629.jpg \/><\/a><br \/>\n^ Test, welchen \u00dcberzug ich f\u00fcr die neue Automatratze verwenden soll<\/p>\n<p><a href='http:\/\/extra.inmontanis.info\/d\/132108-3\/DSC05630.jpg'><img src=http:\/\/extra.inmontanis.info\/d\/132107-4\/DSC05630.jpg \/><\/a><br \/>\n^ Die Spannbettt\u00fccher w\u00fcrden sogar einzeln reichen, aber eigentlich w\u00fcrd ich ja gern eine Winter- und eine Sommerseite machen, also zwei zusammenn\u00e4hen ..<\/p>\n<p><a href='http:\/\/extra.inmontanis.info\/d\/132112-3\/DSC05632.jpg'><img src=http:\/\/extra.inmontanis.info\/d\/132111-4\/DSC05632.jpg \/><\/a><br \/>\n^ .. selbst an den Ecken zusammengefasst w\u00e4re ein enziges Laken gro\u00df genug<\/p>\n<p>K\u00f6nnte man \u00d6sen reinmachen und eine Gummikordel zum zusammenziehen und sich das Zusammenn\u00e4hen der Sommer- und Winterseite sparen ..<\/p>\n<p><a href='http:\/\/extra.inmontanis.info\/d\/132116-3\/DSC05635.jpg'><img src=http:\/\/extra.inmontanis.info\/d\/132115-4\/DSC05635.jpg \/><\/a><br \/>\n^ So gef\u00e4llt mir Windows 11 schon besser &#8211; mit Classic Theme (und Win7-Taskbar).<\/p>\n<p><a href='http:\/\/extra.inmontanis.info\/d\/132120-3\/DSC05639.jpg'><img src=http:\/\/extra.inmontanis.info\/d\/132119-4\/DSC05639.jpg \/><\/a><br \/>\n^ Mir ist noch nicht aufgefallen, dass meine wei\u00dfe Projektionswand so streifig w\u00e4re. Mit der Cam wirkt echt alles etwas anders bzw. verst\u00e4rkt.<\/p>\n<p><a href='http:\/\/extra.inmontanis.info\/d\/132124-3\/IMG_20250731_233604.jpg'><img src=http:\/\/extra.inmontanis.info\/d\/132123-4\/IMG_20250731_233604.jpg \/><\/a><br \/>\n^ Decke \u00fcbern Bett, aus dem Liegen fotografiert<\/p>\n<p><a href='http:\/\/extra.inmontanis.info\/d\/132128-3\/IMG_20250731_233828.jpg'><img src=http:\/\/extra.inmontanis.info\/d\/132127-4\/IMG_20250731_233828.jpg \/><\/a><br \/>\n^ Bei schwacher Beleuchtung leuchten quasi die wei\u00dfen Elemente &#8211; die gr\u00fcne Decke und Wand bleiben dunkel.<\/p>\n<p><strong>Fr, 1.8.2025<\/strong><\/p>\n<p>Ein kleiner Blick in die asiatischen Skiegebiete auf skiresort.de zeigen leider seit meinem letzten Besuch auch viele neue 6er Sessel und 8+10er Gondelbahnen. Schade. Sollte ich also wohl wirklich bald mal wieder in Angriff nehmen, bevor da noch mehr passiert. Doch heuer?<\/p>\n<p>Oder sollte ich heuer noch ein paar W\u00f6chlein ins UK fahren auf dem Weg nach Skandinavien (August-Oktober und nat\u00fcrlich n\u00e4chsten Sommer auch noch, oder doch gleich zum Winterstart in Schottland bleiben)? Sind aber auch mind. 1800km Umweg.<\/p>\n<p>Puh, die Russland-Visa \u00fcber das zuvor genutzte Reiseb\u00fcro \/ Onlinedienst sind auch ganz sch\u00f6n teuer geworden, 2020 waren es noch 95 \u20ac, jetzt beginnen die Preise ab 224 \u20ac (einmalige Einreise, 30 Tage) &#8211; das lohnt sich bei einem Skandinaviengrenz\u00fcbertritt also gar nicht mehr. Schei\u00df Finnen, dass die die Grenzen schlie\u00dfen mussten, sonst w\u00e4re das 15-t\u00e4gige e-Visum viel einfacher und g\u00fcnstiger :(<\/p>\n<p>Eine 2-malige Einreise w\u00e4re das Minimum (GE-RU-KZ &#8230; KZ-RU-GE ohne Mongolei oder ich fahr eine der Strecken via Iran), bei 90 Tage Aufenthalt innerhalb 90 Tage ab 254 \u20ac aber auch nur bedingt sinnvoll, wenn ich schon im November nach KG m\u00f6chte und im April\/Mai noch in RU skifahren m\u00f6chte, bei 90 Tage Aufenthalt innerhalb 180 Tage und mehrmaliger Einreise w\u00e4ren es dann 474 \u20ac :( <\/p>\n<p>Das muss ich mir wohl schwer \u00fcberlegen. Schei\u00df EU mit ihren Sanktionen, nur deshalb haben die Russen jetzt die Visakosten verteuert. Allerdings w\u00fcrde man sich vmtl. anderweitig das Geld ja locker wieder einsparen im Vergleich zu anderen L\u00e4ndern. Und man k\u00f6nnte es auch als Unterst\u00fctzungsbeitrag ansehen. Da zahl ich doch eigentlich lieber 400 \u20ac an Russland f\u00fcr ein Visum als 400 \u20ac an die F\u00e4hrgesellschaft der Isle of Man?!<\/p>\n<p>W\u00e4r zu sch\u00f6n, wenn Russland die EU annektieren w\u00fcrde und wir nicht nur innerhalb der EU, sondern durch ganz RU frei reisen k\u00f6nnten ;) Leider wird sich die EU wohl nicht so leicht ergeben .. und die RU h\u00e4tte bekanntlich gar kein Interesse.<\/p>\n<p>Die russischen Kaukasus-Skigebiete w\u00fcrden von Georgien aus mit dem 16-t\u00e4gigen e-Visum (dzt. ca. 50-60 USD) gehen, aber w\u00e4r dann halt nur ein kleiner Spot von dem, was ich besuchen wollen w\u00fcrde. (Die kasachischen Grenzen sind nicht Teil der eVisa-Regeln, sonst w\u00e4re es ja wesentlich einfacher gewesen &#8211; 14 Tage Kaukasus dann Kasachstan, Kasachstan -> 14 Tage Ural\/Sibirien, nochmal kurz nach Kasachstan und wieder Kaukasus, aber nein, genausowenig wie Norwegen, die Grenze ist ja auch noch nicht inkludiert. Und ja, es w\u00fcrde ein Risiko beherbergen, wenn man dann das RU-e-Visum nicht mehr bekommen w\u00fcrde f\u00fcr die Heimfahrt ;) )<\/p>\n<p>Reifenthematik ist auch so eine Sache &#8211; mein momentanes Profil auf den alten Ex-Spike-Reifen sollte ja noch f\u00fcr Winter Skandinavien und Sommer England reichen, nach West- und Zentralasien m\u00f6cht ich aber ungern mit diesen alten Reifen fahren, da die Schneer\u00e4umung doch h\u00e4ufig schlechter und die Stra\u00dfen in die Skigebiete schneebedeckter sind; aber n\u00e4chsten Sommer ins UK m\u00f6cht ich auch ungern mit neuen oder fast neuen Winterreifen fahren. Heuer mit neuen Reifen nach Asien und n\u00e4chstes Jahr mit den alten erst ins UK und dann nach Skandinavien ist vom Profil her auch die falsche Reihenfolge. Wobei neue Reifen f\u00fcr die Asientouren auch unpassend sein k\u00f6nnten, da man ja doch leicht einen Platten bekommt und den Reifen ggf. austauschen muss&#8230;<\/p>\n<p>Vermutich wird es doch am sinnvollsten sein, ich fahr n\u00e4chsten (= kommenden) Winter nochmals nach Skandinavien und hoffe, dass sich bis n\u00e4chstes Jahr die feindliche Lage seitens EU gegen\u00fcber Russland und\/oder Iran endlich mal wieder verbessert. Oder zumindest nicht noch weiter verschlechtert. Aber das wird wohl genauso hoffnungslos sein, wie darauf zu hoffen, dass das Helmpflichtgesetz in Italien noch gestoppt wird und es keine weiteren Nachahmer finden wird. Wenn nicht Winter 2025\/26, dann fahr ich 26\/27 entweder nach Russland oder Iran. <\/p>\n<p>&#8211; &#8211; &#8211;<\/p>\n<p>Na zum Gl\u00fcck hat das keine wirklich rechtliche Bindung, aber wohl noch ein Tr\u00f6pfchen, der das Fass &#8220;endlich aus der EU raus zu kommen&#8221; zum \u00fcberlaufen bringen kann:<br \/>\n&#8220;Wenn Staaten Klimaschutzverpflichtungen aus internationalen Abkommen verletzen, k\u00f6nnten sie dem Internationalen Gerichtshof (IGH) in Den Haag zufolge unter Umst\u00e4nden rechtlich belangt werden. L\u00e4nder, die keine oder unzureichende Klimaschutzma\u00dfnahmen ergreifen, versto\u00dfen gegen das V\u00f6lkerrecht, erkl\u00e4rte das h\u00f6chste UNO-Gericht.&#8221;<br \/>\n<a href='https:\/\/orf.at\/stories\/3400504\/'>https:\/\/orf.at\/stories\/3400504\/<\/a><\/p>\n<p>&#8220;Die israelische Armee t\u00f6tete bei ihrem bisherigen Einsatz in Gaza 24-mal mehr Kinder als die russische Armee in der Ukraine&#8221;<br \/>\n&#8220;Angesichts dieser Zahlen ist man fast geneigt, Kanzler Merz in seinem Urteil, \u201edeswegen bin auch ich pers\u00f6nlich nicht bereit, beide F\u00e4lle sozusagen miteinander zu vergleichen oder gar gleich zu behandeln\u201c, zuzustimmen \u2013 allerdings aus einer genau umgekehrten Perspektive heraus.&#8221;<br \/>\n<a href='https:\/\/www.nachdenkseiten.de\/?p=136296'>https:\/\/www.nachdenkseiten.de\/?p=136296<\/a><\/p>\n","protected":false},"excerpt":{"rendered":"<p>Mo, 21.7.2025<\/p>\n<p>Heut kamen 2 Amazonlieferungen, die eine eine Laptoptasche f\u00fcr mein neues, gr\u00f6\u00dferes Pen-Display, am Bild auf der Website mit &#8220;Laptopbreite max. 43,5cm&#8221; angegeben, bei Lieferung ist das Ding aber nur 42,5cm breit, womit schon au\u00dfen ein ganzer cm fehlt :(<\/p>\n<p>Rein passte es dann ebenfalls nicht. Also mal wieder einer Retoure und ein <a href=\"http:\/\/blog.inmontanis.info\/?p=10854\">[&#8230;]<\/a><\/p>\n","protected":false},"author":1,"featured_media":10856,"comment_status":"closed","ping_status":"closed","sticky":false,"template":"","format":"standard","meta":{"footnotes":""},"categories":[1],"tags":[],"class_list":["post-10854","post","type-post","status-publish","format-standard","has-post-thumbnail","hentry","category-uncategorized","odd"],"_links":{"self":[{"href":"http:\/\/blog.inmontanis.info\/index.php?rest_route=\/wp\/v2\/posts\/10854","targetHints":{"allow":["GET"]}}],"collection":[{"href":"http:\/\/blog.inmontanis.info\/index.php?rest_route=\/wp\/v2\/posts"}],"about":[{"href":"http:\/\/blog.inmontanis.info\/index.php?rest_route=\/wp\/v2\/types\/post"}],"author":[{"embeddable":true,"href":"http:\/\/blog.inmontanis.info\/index.php?rest_route=\/wp\/v2\/users\/1"}],"replies":[{"embeddable":true,"href":"http:\/\/blog.inmontanis.info\/index.php?rest_route=%2Fwp%2Fv2%2Fcomments&post=10854"}],"version-history":[{"count":4,"href":"http:\/\/blog.inmontanis.info\/index.php?rest_route=\/wp\/v2\/posts\/10854\/revisions"}],"predecessor-version":[{"id":10859,"href":"http:\/\/blog.inmontanis.info\/index.php?rest_route=\/wp\/v2\/posts\/10854\/revisions\/10859"}],"wp:featuredmedia":[{"embeddable":true,"href":"http:\/\/blog.inmontanis.info\/index.php?rest_route=\/wp\/v2\/media\/10856"}],"wp:attachment":[{"href":"http:\/\/blog.inmontanis.info\/index.php?rest_route=%2Fwp%2Fv2%2Fmedia&parent=10854"}],"wp:term":[{"taxonomy":"category","embeddable":true,"href":"http:\/\/blog.inmontanis.info\/index.php?rest_route=%2Fwp%2Fv2%2Fcategories&post=10854"},{"taxonomy":"post_tag","embeddable":true,"href":"http:\/\/blog.inmontanis.info\/index.php?rest_route=%2Fwp%2Fv2%2Ftags&post=10854"}],"curies":[{"name":"wp","href":"https:\/\/api.w.org\/{rel}","templated":true}]}}