{"id":10850,"date":"2025-07-20T20:49:46","date_gmt":"2025-07-20T18:49:46","guid":{"rendered":"http:\/\/blog.inmontanis.info\/?p=10850"},"modified":"2025-07-21T22:30:57","modified_gmt":"2025-07-21T20:30:57","slug":"decken-fortschritt-ruckblick-1925-teil-4-amazon-skigebiete-finnland-auto-9-7-20-7-2025","status":"publish","type":"post","link":"http:\/\/blog.inmontanis.info\/?p=10850","title":{"rendered":"Decken-Fortschritt, R\u00fcckblick 1925 Teil 4, Amazon, Skigebiete Finnland, Auto, &#8230;,  9.7.-20.7.2025"},"content":{"rendered":"<p><strong>Mi, 9.7.2025<\/strong><\/p>\n<p>11:45 Uhr, heute den ganzen Vormittag trocken gewesen, stark bedeckt, gerade kommt etwas Sonne durch. <\/p>\n<p>Aber was sagt das Bergfexwetter f\u00fcr die Koralpe, extra nochmals mit F5 aktualisiert: &#8220;Heute, 11:00 &#8211; starker Regen, Niederschlag: 90%&#8221; (und so wird das bis 15 Uhr vorhergesagt, in Summe 30 Liter) &#8211; ne, ich kann bis zum Gipfel schauen, es regnet weder an der Lifttalstation noch an der Bergstation noch bei mir.<\/p>\n<p>Komplett unverst\u00e4ndlich so&#8217;was. Das sollte das Vorhersageprogramm doch schon allein aufgrund des Regenradarbildes erkennen, dass es gerade nicht regnet?! <\/p>\n<p>Ob die Wettervorhersagen wohl irgendwann dank KI besser werden?? Die w\u00fcrde mir sonst n\u00e4mlich jetzt ins Ohr fl\u00fcstern, dass ich jetzt nicht ohne Regenschirm rausgehen sollte, weil es gerade stark regnet.<\/p>\n<p>Bei einem Rundgang nach Mittag war&#8217;s mir bei den 10-15\u00b0 drau\u00dfen mit kurzem T-Shirt doch etwas kalt, wurde trotz Gehen nicht warm. Schneefallgrenze wird auf knapp \u00fcber 2000m genannt, Horrormeldungen \u00fcber den Klimawandel und die n\u00e4chste Eiszeit gibts aber keine ;)  In Innsbruck h\u00e4tte man gestern+heute etwas Neuschnee auf den Bergen sehen k\u00f6nnen. F\u00fcr Mittel-\/S\u00fcdschweden und auch England sind heute w\u00e4rmere Temperaturen gemeldet als in Innsbruck.<\/p>\n<p>Interessanterweise werden meine momentanen Blogbeitr\u00e4ge \u00f6fters gelesen als manch Schneeberichte aus Schweden oder meine sommerlichen Englandberichte letztes Jahr &#8230;.<\/p>\n<p>N\u00e4chsten Winter nochmals Skandinavien, n\u00e4chsten Sommer nochmals Britannien, aber \u00fcbern\u00e4chsten Winter muss es mal wieder in den S\u00fcdosten gehen, Balkan, Griechenland, T\u00fcrkei, endlich Iran? Momentan hab ich noch gar keine Schwedensehnsucht. Kann nat\u00fcrlich noch kommen in den n\u00e4chsten Monaten. Aber wegen England n\u00e4chsten Sommer w\u00e4re Skandinavien fahrtechnisch einfach sinnvoller davor.<\/p>\n<p>Prime day Bestellungen Teil 2 &#8211; wieder stundenlang in &#8220;Amazonien&#8221; unterwegs gewesen, heute haupts\u00e4chlich Lebensmittel (gestern hab ich eine neue Induktionskochplatte bestellt, die ab 300 Watt nicht pulsieren soll und somit auch f\u00fcr meine schw\u00e4chere Batterie verwendbar ist und generell die Batterie nicht so stressen sollte wie meine bisherige, die mit 1000-1200 Watt auch darunter pulsiert). <\/p>\n<p>Morgen muss ich dann noch die Computerprodukte bestellen, SSD, SD-Karten, evtl. ein gr\u00f6\u00dferes Pen-Display und evtl. einen neuen Stromspar-PC, der ggf. auch meinen jetzigen ersetzt oder zumindest im Defektfall ersetzen kann und jedenfalls schneller als mein alter Nuc sein sollte. <\/p>\n<p>Sp\u00e4ter im Jahr will ich Amazon Prime k\u00fcndigen, weil sich das nicht lohnt, wenn ich 1 Jahr unterwegs bin und ich nach 3 Monaten wieder kein inkludiertes EU-Roaming mehr hab und im Ausland mit Prime Video auch nur eingeschr\u00e4nkt downloaden kann. Strom werd ich voraussichtlich heuer auch k\u00fcndigen um nicht wieder 12-14 Monate sinnlos Grundgeb\u00fchr zu zahlen.<\/p>\n<p><strong>Do, 10.7.2025<\/strong><\/p>\n<p>Bei nur noch 20,9\u00b0 daheim (trotz geschlossenem Fenster)  brauch ich momentan auch schon wieder zeitweise lange \u00c4rmel, d.h. ich werd nun bei der n\u00e4chsten Hitze seltener l\u00fcften und die Wohnung mal auf 24-25\u00b0 warm werden lassen, damit es im August nicht so schnell so kalt wird.<\/p>\n<p>Beim weiteren Ausbessern des roten Streifens hab ich gemerkt, dass ich die Goldspur wohl auch komplett abziehen k\u00f6nnte, l\u00e4sst sich leichter l\u00f6sen als das Kreppband zuvor, somit werd ich nun mal das Rot ausbessern und dann den Goldstrich abziehen und mal schaun, ob dadurch wirklich \u00fcbrall alles wei\u00df drunter wird &#8211; und wo nicht, wei\u00df \u00fcbermalen. <\/p>\n<p>Gut, dass die Prime Days 4 Tage lang sind &#8211; heute wieder stundenlang gebraucht und noch nicht alles von der Liste abgehakt.<\/p>\n<p>Auf meiner Suche nach einer W\u00e4rmem\u00f6glichkeit im Fahrzeugheck und -boden bin ich von W\u00e4rmekabeln \u00fcber Terrarienheizung, 12V-Heizl\u00fcfter, Aquarienheizst\u00e4be bis zu (was es nicht alles gibt) Masturbator-USB-Heizst\u00e4ben kommen :)<\/p>\n<p>Der Nachteil der W\u00e4rmekabel (230V) scheint mir, dass ich sie auf weiterer Strecke verlegen m\u00fcsste und die Temperaturregelung nur an einer Stelle ist, der Rest (verdeckt) vielleicht zu warm werden k\u00f6nnte,  zudem die oft erst ab 3\u00b0C einschalten (und ab 10\u00b0 ausschalten), was ich nicht absch\u00e4tzen kann, wie gut das funktionieren w\u00fcrde.<\/p>\n<p>Heizst\u00e4be f\u00fcr Aquarien sind zwar mit 100W auch recht schwach und halten zwar das Wasser auf 30\u00b0 oder wie man sie einstellt, aber laut Beschreibung soll man sie fr\u00fchzeitig ausschalten, um sich nicht zu verbrennen, d.h. k\u00f6nnen wohl auch zu warm werden.<\/p>\n<p>12V-Heizl\u00fcfter, ebenfalls um die 100-150W, m\u00fcsste ich nat\u00fcrlich so verbauen, dass Platz f\u00fcr die Luft rein\/raus ist, ebenfalls etwas fraglich. <\/p>\n<p>Die Masturbator-Heizst\u00e4be mit USB werden vmtl. nur wenig heizen und ich m\u00fcsste mehrere verbauen, h\u00e4tten aber wohl immerhin den Vorteil, dass sie temperaturkontrolliert auch verlegt nicht zu hei\u00df werden (was vermutlich auch f\u00fcr USB-Heizpads f\u00fcr Jacken oder Schuhe gelten sollte, die preislich f\u00fcr die gew\u00fcnschte Fl\u00e4che auch g\u00fcnstiger sein d\u00fcrften als diese speziellen Heizst\u00e4be). <\/p>\n<p>W\u00fcnschenswert w\u00e4re ein (f\u00fcr Campingplatzbetrieb 230V) Heizstab, meinetwegen 1m lang, der selbst nie w\u00e4rmer als sagen wir 40-50\u00b0 werden w\u00fcrde, auch wenn er abgedeckt ist, dann also entsprechend runterregelt oder ausschaltet und nicht die Temperatur der Luft oder des Wassers drumherum misst, sondern sich selbst. <\/p>\n<p>Da werd ich leider nicht schlauer. Abgesehen davon hab ich mittlerweile wieder Silica Gel K\u00fcgelchen bestellt, einmal normal mit Indikator und einmal als g\u00fcnstigeres Katzenstreu, dazu Beutelchen, wo ich das abf\u00fcllen kann.<\/p>\n<p>Anderswo gelesen, dass man f\u00fcr Camperb\u00f6den auch Kork oder Korkgranulat zur Isolierung nehmen kann, das nebenbei auch nicht (oder nicht so leicht) schimmlig werden soll; d.h. anstelle oder zus\u00e4tzlich des Silica k\u00f6nnte ich vielleicht noch eine Schicht Korkgranulat am Boden hinten ausstreuen &#8230;<\/p>\n<p>Die Autositz-Heizmatten, die ich damals f\u00fcrs Bett gekauft hab und von denen ich mittlerweile 2 St\u00fcck als Unterlage f\u00fcr die Batterien in Verwendung hab, gibts  leider nicht mehr. Die anderen 2 werd ich wohl lieber wieder ins Bett einbauen, wobei ich sie ja nur ganz selten brauch ..<\/p>\n<p><a href='http:\/\/extra.inmontanis.info\/d\/131846-2\/DSC05432.jpg'><img src=http:\/\/extra.inmontanis.info\/d\/131845-3\/DSC05432.jpg \/><\/a><br \/>\n^ Abendliches Zimmerpano um 20:15 Uhr. Eigentlich ja nicht viel anders als in Innsbruck, der Patscherkofel mit seiner Antenne sah \u00e4hnlich aus ;)<\/p>\n<p><strong>Fr, 11.7.2025<\/strong><\/p>\n<p>Nachdem ich auf Amazon gut eine Stunde lang zig Monitorst\u00e4nder durchgeschaut hab und nix passendes gefunden hab, hab ich auf Geizhals gesucht und dank der dortigen Filterm\u00f6glichkeiten in weniger als 1 Minute zwei vielleicht  passende Modell gefunden (die  es, nebenbei, auch bei Amazon gibt, mir dort aber nicht vorgeschlagen wurden). Ob der eine aufgrund seiner eigenen Nachteile nun wirklich sinnvoller ist als mein jetziger, wird zu testen sein. (Kein Prime-Day-Nachlass)<\/p>\n<p>Heizsocken hab ich auch nochmals bestellt, prime-day-m\u00e4\u00dfig aber andere als letztes Jahr, die ja nach wie vor funktionieren, aber bei den China-Sachen auf Amazon kann man ja oft nicht f\u00fcr mehr als ein paar Monate Funktion ausgehen. Und ein Ersatz w\u00e4re dann in Skandinavien schwieriger (bzw. wesentlich teurer) zu bekommen.<\/p>\n<p>Heizbare Handschuhe hab ich momentan ja noch 2 funktionierende Paar (das dritte ist tutto kaputto, taugt aber noch unbeheizt und ist aufgrund der langen Gr\u00f6\u00dfe hintenraus angenehmer als alte nicht-heizbare Handschuhe).<\/p>\n<p>3 der bestellten Sachen kamen heute bereits, darunter auch die Induktionskochplatte, die leider gr\u00f6\u00dfer ist als meine alte, wenn auch d\u00fcnner.<\/p>\n<p>Trotzdem gleich mal ausprobiert, tats\u00e4chlich kein pulsieren ab bereits 300W. Nur beim Einschalten w\u00fcrde sie am liebsten mit 800W anfangen, da muss man schnell runteregeln, wenn man mit weniger starten m\u00f6chte.<\/p>\n<p>Normalerweise kochte ich im Auto bisher mit der 400W-Einstellung (die ja bei mir mit ca. 1000W pulsiert hat), selten 600W, 800 oder 200W. Wie das mit dem Platz sein wird, werd ich erst testen k\u00f6nnen, sobald das WC wieder im Auto ist, da Kochplatte+Topf immer zwischen Holzgestell und WC eingeklemmt waren und die Platte zuf\u00e4lligerweise auch in L\u00e4nge und Breite genau in die Nische passte &#8211; also das wird sich so jetzt nicht mehr spielen, evtl. was anderes dazwischen oder Topf und Platte vertauschen oder vielleicht passt ja die Pfanne noch mit dazu.<\/p>\n<p><a href='http:\/\/extra.inmontanis.info\/d\/131850-2\/DSC05434.jpg'><img src=http:\/\/extra.inmontanis.info\/d\/131849-3\/DSC05434.jpg \/><\/a><br \/>\n^ Test der neuen Induktionsplatte mit Berner W\u00fcrstl mit Pommes. Weil  nun die anderen Kochplatten unzug\u00e4nglich, konnte ich den Teller nicht auf einer zweiten Platte aufw\u00e4rmen &#8211; aber so gehts auch.<\/p>\n<p><a href='http:\/\/extra.inmontanis.info\/d\/131854-2\/DSC05435.jpg'><img src=http:\/\/extra.inmontanis.info\/d\/131853-3\/DSC05435.jpg \/><\/a><br \/>\n^ Die neue Platte ist allerdings wesentlich l\u00e4nger und breiter als meine alte. \u00dcbrigens hat mein Topf genau den Mindestdurchmesser lt. Anleitung, puh. Und der eigenartige Knubbel in der Mitte, vielleicht ein &#8220;steht was drauf sensor&#8221; oder doch nur der Temperatursensor wird durch die Pfanne, die in der Mitte eine Aush\u00f6lung hat, gerade so runtergedruckt.<\/p>\n<p>An einem sp\u00e4teren Tag hab ich mal die linken Buttons probiert, das sind Temperatureinstellungen. Aber selbst in der niedrigsten Temperatureinstellung pulsiert die Platte st\u00e4ndig mit 800W oder mehr, wei\u00df nicht mehr. Warum da nicht, solang m\u00f6glich, dauerhafter mit 300W geheizt wird, ist also nicht verst\u00e4ndlich.<\/p>\n<p><a href='http:\/\/extra.inmontanis.info\/d\/131858-2\/DSC05436.jpg'><img src=http:\/\/extra.inmontanis.info\/d\/131857-3\/DSC05436.jpg \/><\/a><br \/>\n^ Von der Dicke her ist die neue Platte dagegen wesentlich d\u00fcnner &#8211; k\u00f6nnte f\u00fcr meine bisherige Verstauung aber auch nachteilig sein.<\/p>\n<p>Auch wenn ich ja eher ausmisten will im Auto, eine Sache hat mir doch \u00f6fters gefehlt, n\u00e4mlich eine kleine Waage, da ich mich z.B. bei der Sahne oder Pesto o.\u00e4. \u00f6fters  versch\u00e4tze, wenn ich das auf 3-4 Portionen einteilen m\u00f6chte. Ab knapp unter 5 \u20ac bekommt man kleine Waagen bei Amazon, aber zu klein sollte sie vielleicht auch nicht sein, damit man auch mal ein etwas gr\u00f6\u00dferes Glas draufstellen kann und das Display noch ablesen kann. Gr\u00f6\u00dfen samt Display sind so in etwa 12x8cm oder 8x6cm und entweder max. 500g oder max. 1000g, einige auch nur 200-300g.<\/p>\n<p>Manchmal bekommt man auch ein Kalibriergewicht mit, um die Waage zu kalibrieren. Alternativ kann man nat\u00fcrlich auch einen 100g Goldbarren o.\u00e4. nehmen, wo man genau das Gewicht wei\u00df. Dzt. Wert eines 100g Goldbarren: \u00fcber 9.000 \u20ac, genau passend zur Kalibrierung einer 10 \u20ac Waage :)<\/p>\n<p>Puh, um 23 Uhr war ich dann endlich fertig mit der Einkauferei. Leider ziemlich viel gekauft heuer, in Summe hab ich in den Tagen wohl 1.000 \u20ac ausgegeben, aber daf\u00fcr werd ich die n\u00e4chsten Jahre mich wieder zur\u00fcckhalten &#8230;<\/p>\n<p><strong>Sa, 12.7.2025<\/strong><\/p>\n<p>Bevor es wieder warm wird, heut die Auto-Heizger\u00e4te getestet und gereinigt. <\/p>\n<p><a href='http:\/\/extra.inmontanis.info\/d\/131862-2\/DSC05440.jpg'><img src=http:\/\/extra.inmontanis.info\/d\/131861-3\/DSC05440.jpg \/><\/a><br \/>\n^ Das erkl\u00e4rt mal wieder, warum der Heizl\u00fcfter zuletzt nicht mehr so gut geheizt hat ;) Sollte man echt einmal im Jahr reinigen<\/p>\n<p><a href='http:\/\/extra.inmontanis.info\/d\/131866-2\/DSC05441.jpg'><img src=http:\/\/extra.inmontanis.info\/d\/131865-3\/DSC05441.jpg \/><\/a><br \/>\n^ Auch der andere Heizl\u00fcfter ist entsprechend verstaubt an den Heizdr\u00e4hten<\/p>\n<p><a href='http:\/\/extra.inmontanis.info\/d\/131870-2\/DSC05443.jpg'><img src=http:\/\/extra.inmontanis.info\/d\/131869-3\/DSC05443.jpg \/><\/a><br \/>\n^ Kein Staubproblem hat der Biltema &#8211; Schuhtrockner, da die Heizdr\u00e4hte weiter au\u00dfeinander liegen<\/p>\n<p>Der Vorteil an der geringeren Leistung durch Verstopfen ist ja auch, dass dadurch im Fr\u00fchjahr, wenn es w\u00e4rmer ist, die Heizer weniger stark heizen, weil sie so verdreckt sind :)<\/p>\n<p>Die Entscheidung wird jedenfalls wieder sehr schwer sein; letzten Winter hatte ich ja die beiden Bodenheizer plus den gro\u00dfen Biltema-Schuhheizer dabei.<\/p>\n<p>Die maximale Heizleistung der Bodenheizer k\u00f6nnte im Winter h\u00f6her sein als jetzt im Test, weil sie ja im kalten Fahrerfu\u00dfraum stehen und k\u00e4ltere Luft ansaugen:<\/p>\n<p>ClasOhlsen Stufe 1: langsam auf 420W und runter auf 388W,  nach reinigen: 445W<br \/>\nClasOhlsen Stufe 2: langsam bis 800W und runter auf 560W, nach reinigen: 740W<br \/>\nVorteil: Standfu\u00df<br \/>\nBiltema Stufe 1: startet mit 760W, geht runter auf 330, nach reinigen: 860W -> 526W<br \/>\nBiltema Stufe 2: geht auf 960W und runter auf 550W, nach reinigen: 1150W->860W<br \/>\nBeide Standger\u00e4te also recht \u00e4hnlich.<\/p>\n<p>Schuhtrockner Biltema: konstant 370W (=Nennleistung)<br \/>\n.. Vorteil Dauer-an, per Fernbedienungssteckdose einschaltbar, kein Staubproblem, robuste Schl\u00e4uche, die &#8211; Nachteil &#8211; kaum bis in die Schuhe reichen<br \/>\nSchuhtrockner Octopus:<br \/>\n.. Vorteil l\u00e4ngere+biegsamere Schl\u00e4uche (die, Nachteil, so oft brechen), mehr Heizvariation, kleiner; Nachteil: Staubproblem Einzug, laut.<br \/>\nVerbrauch je nach Heiz- und Gebl\u00e4sestufe: 140W-670W, bei -25\u00b0 am Campingplatz also eine bessere Zusatzheizung.<br \/>\nAlter Therm-ic-Minischuhtrockner (eher als Zusatzger\u00e4t): 35W (=Nennleistung)<\/p>\n<p>Mit dem Ausbessern des roten Streifens wurde ich heute vorerst fertig. Leider lie\u00df sich die Goldschicht ausgerechnet gleich an den ersten St\u00fccken nur schlecht bis gar nicht abziehen. Doch dranlassen und \u00fcbermalen?<\/p>\n<p>Um das Abrei\u00dfen zu verhindern, griff ich zum Kreppband und klebte das auf den Goldstreifen (somit 4 Bahnen lang verwendbar). Ob das schneller geht als mit Wei\u00df einfach dr\u00fcber zu malen&#8230;<\/p>\n<p>Jedenfalls werd ich durch diese Zusatzarbeit die gro\u00dfe Rosette samt Zusatz auf voraussichtlich in 2 Jahren verschieben (n\u00e4chsten Sommer m\u00f6chte ich ja in England sein und hab somit keine Zeit) und lieber noch ein paar andere Sachen machen.<\/p>\n<p>Von Hornbach bekam ich 20 \u20ac retour f\u00fcr die Liefersch\u00e4den, mehr als erwartet.<\/p>\n<p>Zwischendrin eine Lesestunde in der 1925er Woche &#8230;<\/p>\n<p><a href='http:\/\/extra.inmontanis.info\/v\/sonstiges\/Gefundenes\/DSC05448.jpg.html'><img src=http:\/\/extra.inmontanis.info\/d\/131787-2\/DSC05448.jpg \/><\/a><br \/>\n Ausschnitt Artikel \u00fcber Irland, naja, zur Ausrottung ist es bisher mal noch nicht gekommen, zur v\u00f6lligen Freiheit aber auch nicht.<\/p>\n<p><a href='http:\/\/extra.inmontanis.info\/v\/sonstiges\/Gefundenes\/DSC05449.jpg.html'><img src=http:\/\/extra.inmontanis.info\/d\/131790-2\/DSC05449.jpg \/><\/a><br \/>\n Salit in der Tube zum Einreiben &#8211; also bei dem Bild denkt man heutzutage doch an ein Sex-Gleitmittel, oder? :) Nein, Falsch.<\/p>\n<p><a href='http:\/\/extra.inmontanis.info\/v\/sonstiges\/Gefundenes\/DSC05450.jpg.html'><img src=http:\/\/extra.inmontanis.info\/d\/131793-2\/DSC05450.jpg \/><\/a><br \/>\n Zitza Thusnelda Schokolade. Na bei dem Namen kein Wunder, dass es die nicht mehr gibt ;)<\/p>\n<p><a href='http:\/\/extra.inmontanis.info\/v\/sonstiges\/Gefundenes\/DSC05451.jpg.html'><img src=http:\/\/extra.inmontanis.info\/d\/131796-2\/DSC05451.jpg \/><\/a><br \/>\n Endlich mal wieder eine Marke, die es noch gibt (links zumindest). Bei Seifen, Cremes usw. liest man  damals oft Lavendel oder Liilienmilch<\/p>\n<p>Mit den finnischen Skigebieten weitergemacht &#8211; so ein Mist, Iso-Sy\u00f6te, das ich vorletztes Jahr zu Saisonbeginn 2x besuchte und mir ganz gut gefiel und ich mal sp\u00e4ter mit allen Liften h\u00e4tte fahren wollen, baut nun heuer eine 6KSB  :-( Wie kacke \u00e4rgerlich ist das denn!<\/p>\n<p>Das will ich dann gar nicht mehr besuchen, au\u00dfer der SL parallel zur 6KSB w\u00fcrde noch in Betrieb bleiben oder ich w\u00fcrde einen stark verg\u00fcnstigten Preis erhalten.<\/p>\n<p>Bei nur noch 20,1\u00b0 in der Wohnung hab ich schon gestern Abend wieder zur winterlichen Bettdecke gegriffen und h\u00e4tte heute auch die Heizmatte einschalten k\u00f6nnen &#8230; am n\u00e4chsten Tag tag ich es.<\/p>\n<p><strong>So, 13.7.2025<\/strong><\/p>\n<p>Das Abziehen des Goldstreifens war mir bald zu anstrengend, weil es kaum noch lief, und ich griff zum Pinsel und malte in Wei\u00df dr\u00fcber. Das ging teilweise ganz gut gerade. Einige Unebenheiten werd ich wohl ignorieren.<\/p>\n<p><a href='http:\/\/extra.inmontanis.info\/d\/131874-2\/DSC05456.jpg'><img src=http:\/\/extra.inmontanis.info\/d\/131873-3\/DSC05456.jpg \/><\/a><br \/>\n^ Das Entfernen der Goldbemalung mit dem Kreppband geht mal besser, mal schlechter, nun hab ichs aufgegeben ..<\/p>\n<p><a href='http:\/\/extra.inmontanis.info\/d\/131878-2\/DSC05458.jpg'><img src=http:\/\/extra.inmontanis.info\/d\/131877-3\/DSC05458.jpg \/><\/a><br \/>\n^ .. und einfach freih\u00e4ndig in Wei\u00df dr\u00fcbergemalt. Schaut schon ganz gut aus jetzt.<\/p>\n<p><a href='http:\/\/extra.inmontanis.info\/v\/sonstiges\/Gefundenes\/DSC05459.jpg.html'><img src=http:\/\/extra.inmontanis.info\/d\/131799-2\/DSC05459.jpg \/><\/a><br \/>\n Creme Electra? Elektrifizierend anders ;) Darunter .. nicht schwanzlose S\u00f6hne, sondern schwarzlose S\u00f6hne ;) Was muss man sich drunter vorstellen, wei\u00df? Firma gibts anscheinend sogar noch!<\/p>\n<p><a href='http:\/\/extra.inmontanis.info\/v\/sonstiges\/Gefundenes\/DSC05460.jpg.html'><img src=http:\/\/extra.inmontanis.info\/d\/131802-2\/DSC05460.jpg \/><\/a><br \/>\n Opel-Zwieback mit Kalk und Phsophor<\/p>\n<p><a href='http:\/\/extra.inmontanis.info\/v\/sonstiges\/Gefundenes\/DSC05461.jpg.html'><img src=http:\/\/extra.inmontanis.info\/d\/131805-2\/DSC05461.jpg \/><\/a><br \/>\n interessant geschriebene Buchrezensionen anno 1925<\/p>\n<p>Die H\u00e4lfte der Muffin-Backmischung verwendete ich heute auch, verfeinert mit Lebkuchengew\u00fcrz und den geschnittenen Mandeln, von denen ich auch noch einige hab.<\/p>\n<p>Nach den angegebenen 25min Backzeit war der Teig aber noch viel zu klebrig innen. 15min brauchten sie noch extra. <\/p>\n<p><a href='http:\/\/extra.inmontanis.info\/d\/131882-2\/DSC05463.jpg'><img src=http:\/\/extra.inmontanis.info\/d\/131881-3\/DSC05463.jpg \/><\/a><br \/>\n^ Muffins, halbe Backmischung mit Mandeln und Lebkuchengew\u00fcrz<\/p>\n<p>Zwar lecker durch das Lebkuchengew\u00fcrz, aber ich glaub, der Gew\u00fcrzkuchen vor 2 Jahren war leckerer und die Honiglebkuchen auch &#8211; letzteres k\u00f6nnte auch an dem Honig gelegen haben ..<\/p>\n<p>Auch in Finnland gibts einige stillgelegte Skigebiete, und wieder einmal sind es durchaus die, die auf Google Earth einen interessanteren Eindruck machten als so mancher ihrer Nachbarn.<\/p>\n<p>Im mittleren Teil Finnlands melden die Skigebiete heute 30\u00b0. N\u00e4\u00e4\u00e4\u00e4\u00e4h, da bin ich lieber hier auf der Koralpe ;)<\/p>\n<p>Weiter s\u00fcdlich gibts sogar noch einige KSSL! Bei kurzen Liften und wenig H\u00f6henmeter und ohne Kurve ja schon fraglich, warum &#8230;<\/p>\n<p>Bei einigen Skigebieten hab ich gelesen, dass sie durchaus 1-2 Monate brauchen, bis sie alle Abfahrten beschneit haben, d.h. man kann eigentlich erst im  Februar davon ausgehen, dass alles offen sein wird :( <\/p>\n<p>Mein urspr\u00fcnglicher Plan w\u00e4r ja gewesen, im Norden zu starten wie vor 2 Jahren,  und dann um den Jahreswechsel bzw. im Januar nach S\u00fcden zu fahren (weils mir sonst auch da oben zu kalt werden wird). Alternativ Schweden runter und dann erst ab Mitte Februar \u00fcber Finnland rauf w\u00e4r halt eigentlich zu fr\u00fch wieder im Norden f\u00fcr die Fr\u00fchjahrssaison  &#8230;<\/p>\n<p>Eine L\u00f6sung w\u00e4re auch, dass ich doch den Winter in SK\/CZ\/PL starte und erst im Feb. \u00fcbers Baltikum nach Finnland fahre, so wie ich es ja mit dem Kauf des Go-Passes urspr\u00fcnglich geplant h\u00e4tte &#8230; dann halt nun ohne GoPass und ohne diese Gebiete. Aber dann m\u00fcsst ich halt noch bis Dezember daheim bleiben und h\u00e4tte keine passende Saisonkarte f\u00fcr die Vorsaison.<\/p>\n<p>Hab nun alle Skigebiete in FI durch, leider keine weiteren brauchbaren Saisonkarten-Angebote mit Rabatt in anderen Skigebieten gefunden; einige Skigebiete von Nord nach S\u00fcd w\u00fcrd ich mir aber schon mal gerne anschauen. Die kleinen Skigebiete haben fast immer auch einen riesigen Funpark oder mehrere, womit teils das halbe Skigebiet zugekleistert ist.<\/p>\n<p>Diese zumeist ja recht kleinen und jedenfalls h\u00f6henmeter-schwachen Skigebiete verteilen sich in einem geographischen Bereich, der gr\u00f6\u00dfer ist als der Bereich in Norwegen s\u00fcdlich von Trondheim &#8211; und das ist ja ein riesiger Bereich voll von interessanten Skigebieten, die ich  noch nicht kenne.<\/p>\n<p>Liste der Skigebiete ganz unten!<\/p>\n<p><strong>Mo, 14.7.2025<\/strong><\/p>\n<p>Die Post brachte heute 3 Amazon-Pakete, danach hab ich noch bissl die unteren Dinge im Auto gereinigt; im K\u00fchlschrankbereich gab es heuer keinen Schimmel (!), da haben die Katzenstreusocken also gut geholfen, Schimmel also eigentlich heuer nur dort, wo ich ihn hin und wieder eh schon weggemacht hatte, somit diesen Sommer gar keine Arbeit damit.<\/p>\n<p><a href='http:\/\/extra.inmontanis.info\/d\/131886-2\/DSC05464.jpg'><img src=http:\/\/extra.inmontanis.info\/d\/131885-3\/DSC05464.jpg \/><\/a><br \/>\n^ Oben drauf liegt meine zuletzt verwendete Windschutzscheibenmatte, darunter eine zweite (alte), die ich nun verbunden hab (\u00d6se links beim Blauen) und zus\u00e4tzlich zum dunklen Vorhang noch etwas mehr D\u00e4mmung an der WSS bringen soll<\/p>\n<p>Noch den Rest der ex-goldenen Linien wei\u00df gemalt und paar kleine St\u00fccke in Rot nochmals ausgebessert, somit kann ich demn\u00e4chst die &#8220;Punkte&#8221; schablonieren und dann endlich mit dieser vermaledeiten Rot-Gold-Rahmenverzierung abschlie\u00dfen und voraussichtlich die Deckenarbeiten f\u00fcr heuer abschlie\u00dfen &#8211; au\u00dfer ich hab sp\u00e4ter noch Zeit f\u00fcr die gro\u00dfe Rosette samt den 3d-Elementen. Zierleisten mach ich nat\u00fcrlich noch dran.<\/p>\n<p><a href='http:\/\/extra.inmontanis.info\/v\/sonstiges\/Gefundenes\/DSC05466.jpg.html'><img src=http:\/\/extra.inmontanis.info\/d\/131808-2\/DSC05466.jpg \/><\/a><br \/>\n Reichspr\u00e4sident Friedrich Ebert starb am 28. Februar an den Folgen einer Blinddarmentz\u00fcndung im Alter von 54 Jahren. Und links Tri-Phonola &#8230;<\/p>\n<p><a href='https:\/\/de.wikipedia.org\/wiki\/Reproduktionsklavier?&#038;useskin=vector'>https:\/\/de.wikipedia.org\/wiki\/Reproduktionsklavier?&#038;useskin=vector<\/a><br \/>\n<a href='https:\/\/de.wikipedia.org\/w\/index.php?title=Ludwig_Hupfeld&#038;useskin=vector'>https:\/\/de.wikipedia.org\/w\/index.php?title=Ludwig_Hupfeld&#038;useskin=vector<\/a><br \/>\n<a href='https:\/\/digital.deutsches-museum.de\/projekte\/notenrollen\/rollentypen\/88_animatic_t_tri-phonola\/'>https:\/\/digital.deutsches-museum.de\/projekte\/notenrollen\/rollentypen\/88_animatic_t_tri-phonola\/<\/a><\/p>\n<p><a href='http:\/\/extra.inmontanis.info\/v\/sonstiges\/Gefundenes\/DSC05467.jpg.html'><img src=http:\/\/extra.inmontanis.info\/d\/131811-2\/DSC05467.jpg \/><\/a><br \/>\n Ulkige M\u00fcllentsorgungs-Auto-Erfindung in USA<\/p>\n<p>Ab heut Abend wieder vermehrt Nachbar-L\u00e4rm. Die letzten Tage wars zwar auch nicht ganz ruhig, aber die, die da waren, verhielten sich ruhiger.<\/p>\n<p>In Narvik hat man mittleweile mit den Bauarbeiten begonnen, der 3. SL wurde abgebaut und soll auf ge\u00e4nderter Trasse neu aufgebaut werden (hoffentlich dann auch regelm\u00e4\u00dfiger in Betrieb, lt. neuer Karte aber k\u00fcrzer und keine Verbindung mehr vom SL 2, so ein Quatsch)) und nat\u00fcrlich die ganzen Abfahrtsbegradigungen bzw. heuer evtl. nur ein Teil davon. SL und neue Gipfel-KSB sollen im Herbst von Leitner gebaut werden.<\/p>\n<p><strong>Di, 15.7.2025<\/strong><\/p>\n<p>Weil ich mal gelesen hab, dass Kreidefarbe besser bei Schimmel sein soll und ich noch etwas hellblau da hatte, das aber auch gut zu meiner angedachten Wanddekorations-Schablone passen w\u00fcrde  &#8230; bin ich mit dem Farbrest halt doch ins Auto.<\/p>\n<p>Mit dem Punktieren bin ich heut auch sch\u00f6n weit gekommen.<\/p>\n<p><a href='http:\/\/extra.inmontanis.info\/d\/131890-2\/DSC05469.jpg'><img src=http:\/\/extra.inmontanis.info\/d\/131889-3\/DSC05469.jpg \/><\/a><br \/>\n^ So, nun alle ehemaligen Goldlinien in Wei\u00df<\/p>\n<p><a href='http:\/\/extra.inmontanis.info\/d\/131894-2\/DSC05472.jpg'><img src=http:\/\/extra.inmontanis.info\/d\/131893-3\/DSC05472.jpg \/><\/a><br \/>\n^ Punktieren mittels Schablone, aber jeder rautenf\u00f6rmige Punkt einzeln angesetzt, da es sonst nicht passend war bei meiner Schablone.<\/p>\n<p>Zum Abschluss der \u00c4lplermaccaroni-Zeit gabs heut eine Mischung aus \u00c4lpler und Hirten, also Zwiebel\/Sahne\/K\u00e4se\/Apfelmusrest plus Tomatenmark\/Speck\/Erbsen. Auch lecker. Aber der \u00f6sterreichische Bergk\u00e4se taugt nix f\u00fcr \u00c4lpler hab ich die letzten Tage gemerkt, dann lieber Appenzeller (oder Gruyere oder britischen Mature Cheddar).<\/p>\n<p>Na sowas, Skistar hat anscheinend nicht nur in ihrem Gebiet in Stockholm eine Mattenskipiste zum Sommerski, sondern auch in S\u00e4len! Skipass kostet dzt 19 \u20ac. Allerdings ist die Piste k\u00fcrzer als in Stockholm. <\/p>\n<p>Wintersaisonkarte Skistar kostet mittlerweile 9995 SEK, also \u00fcber 900 \u20ac derzeit. Schade, das ist indiskutabel. F\u00fcr die einzelnen Destinationen g\u00e4be es Montag-bis-Donnerstag-Saisonkarten um jeweils um die 387-409 \u20ac, das f\u00fcr alle Destinationen w\u00e4re interessant, nur f\u00fcr einzelne, naja, bei \u00c5re oder S\u00e4len oder Vemdalen als Erg\u00e4nzung zum Scandinavian w\u00e4r das auch nicht uninteressant, f\u00fcr n\u00e4chste Saison mit meinen Finnland-Ideen aber schwierig kombinierbar.<\/p>\n<p><strong>Mi, 16.7.2025<\/strong><\/p>\n<p>Heute noch den Rest &#8220;punktiert&#8221;, somit nun fertig. Fehlt noch die wei\u00dfe Linie hinterm Schrank, die Zierleisten und die Ausbesserungen am Gr\u00fcn und dann hab ich einen Status, mit dem ich mich f\u00fcr dieses Jahr zufrieden geben w\u00fcrde, wenn ich keine Lust und Zeit mehr f\u00fcr die Hauptrosette haben sollte.<\/p>\n<p><a href='http:\/\/extra.inmontanis.info\/v\/sonstiges\/Gefundenes\/DSC05476.jpg.html'><img src=http:\/\/extra.inmontanis.info\/d\/131814-2\/DSC05476.jpg \/><\/a><br \/>\n Schnee- und Eisbilder, rechts oben zB Niagaraf\u00e4lle<\/p>\n<p><a href='http:\/\/extra.inmontanis.info\/v\/sonstiges\/Gefundenes\/DSC05478.jpg.html'><img src=http:\/\/extra.inmontanis.info\/d\/131817-2\/DSC05478.jpg \/><\/a><br \/>\n .. und Skispuren<\/p>\n<p><a href='http:\/\/extra.inmontanis.info\/v\/sonstiges\/Gefundenes\/DSC05480.jpg.html'><img src=http:\/\/extra.inmontanis.info\/d\/131820-2\/DSC05480.jpg \/><\/a><br \/>\n Radiosender, die man 1925 in Deutschland haupts\u00e4chlich empfangen hat, Angabe in Metern (Wellenl\u00e4nge)<\/p>\n<p><a href='http:\/\/extra.inmontanis.info\/v\/sonstiges\/Gefundenes\/DSC05481.jpg.html'><img src=http:\/\/extra.inmontanis.info\/d\/131823-2\/DSC05481.jpg \/><\/a><br \/>\nVivil gabs damals auch schon.<\/p>\n<p><a href='http:\/\/extra.inmontanis.info\/d\/131898-2\/DSC05483.jpg'><img src=http:\/\/extra.inmontanis.info\/d\/131897-3\/DSC05483.jpg \/><\/a><br \/>\n^ Der L\u00fcckenschluss ging sich problemlos aus, hab aber nat\u00fcrlich immer mal nachgemessen.<\/p>\n<p><a href='http:\/\/extra.inmontanis.info\/d\/131902-2\/DSC05485.jpg'><img src=http:\/\/extra.inmontanis.info\/d\/131901-3\/DSC05485.jpg \/><\/a><br \/>\n^ Fertig mit den Punkten in der Rot-Ex-Gold-nun-Wei\u00df-Verzierung<\/p>\n<p><a href='http:\/\/extra.inmontanis.info\/d\/131906-2\/DSC05487.jpg'><img src=http:\/\/extra.inmontanis.info\/d\/131905-3\/DSC05487.jpg \/><\/a><br \/>\n^ Wer so eine Wei\u00df-Rot-Wei\u00dfe-Linie (oder Gold-Rot-Gold) macht, braucht auch noch irgendein Muster in der Mitte!<\/p>\n<p>An einer Zierleiste an einem Ende heute mal verschiedene &#8220;Vergoldungen&#8221; getestet, einerseits die Optik, aber auch ob das schnell+einfache m\u00f6glich w\u00e4r und trotzdem gut auss\u00e4he. Wenn, dann wirds wohl entweder Reinwei\u00df bleiben oder etwas Goldfarbe, andere Farben fallen aus Bequemlichkeitsgr\u00fcnden aus.) Aber da der Rot-Gold-Streifen an der Decke ja jetzt Rot-Wei\u00df geworden ist, h\u00e4tt ich gern noch etwas mehr Gold.<\/p>\n<p>Die Post brachte das 15,4&#8243; Pen-Display, das im Auto nun mein 13,4 oder 13,6er ersetzen wird. Ob mir das ohne Lesebrille noch reichen wird, wird sich dann zeigen. Das bisher kaum benutzte 10er f\u00fcr den Stromspar-PC werd ich auch wieder mitnehmen, beide teilen sich die selben Kabel und Stifte (im Gegensatz zum 13er), so dass ich hier bei einem Defekt jeweils auswechseln k\u00f6nnte.<\/p>\n<p><a href='http:\/\/extra.inmontanis.info\/d\/131910-2\/DSC05490.jpg'><img src=http:\/\/extra.inmontanis.info\/d\/131909-3\/DSC05490.jpg \/><\/a><br \/>\n^ Meine alte Quelle Privileg Mikrowelle mit Hei\u00dfluft und Grill, evtl 1996 vor dem Auswandern nach Innsbruck  gekauft, wird also bald 30 Jahre alt und jahrzehntelang fast t\u00e4glich verwendet. So ein t\u00fcrkisgr\u00fcnes 7-Segment-LCDisplay gibts heute ja leider auch kaum noch.<\/p>\n<p>So eine \u00fcbersichtliche Bedienung mit guter Beschreibung der Kn\u00f6pfe w\u00e4ren bei den Mikros in den Skigebieten und an den Campingpl\u00e4tzen auch n\u00f6tig, das konnet man noch ohne Anleitung bedienen.<\/p>\n<p><strong>Do, 17.7.2025<\/strong><\/p>\n<p>Auch diese Woche sind die Temperaturen sehr ged\u00e4mpft, Fenster bleibt nachts nat\u00fcrlich geschlossen, trotzdem kaum \u00fcber 21\u00b0 in der Wohnung.<\/p>\n<p><a href='http:\/\/extra.inmontanis.info\/d\/131914-2\/DSC05491.jpg'><img src=http:\/\/extra.inmontanis.info\/d\/131913-3\/DSC05491.jpg \/><\/a><br \/>\n^ Goldbemalungstests an einer der Leisten, streichen oder rollen oder tupfen?<\/p>\n<p><a href='http:\/\/extra.inmontanis.info\/v\/sonstiges\/Gefundenes\/DSC05494.jpg.html'><img src=http:\/\/extra.inmontanis.info\/d\/131826-2\/DSC05494.jpg \/><\/a><br \/>\nMan beachte den Text zu den Schneef\u00e4llen um Bozen. Und die Touristen waren damals wohl sportlicher als heute ;)<\/p>\n<p><a href='http:\/\/extra.inmontanis.info\/v\/sonstiges\/Gefundenes\/DSC05495.jpg.html'><img src=http:\/\/extra.inmontanis.info\/d\/131829-2\/DSC05495.jpg \/><\/a><br \/>\nGoldina Schokolade, noch ein Hersteller, den es nicht mehr gibt<\/p>\n<p><a href='http:\/\/extra.inmontanis.info\/v\/sonstiges\/Gefundenes\/DSC05498.jpg.html'><img src=http:\/\/extra.inmontanis.info\/d\/131832-2\/DSC05498.jpg \/><\/a><br \/>\nText eines Uni-Professors \u00fcber arme Stundenten, man beachte den Satz in der Bildmitte \u00fcber das Vorbeugungsmittel &#8230; :)<\/p>\n<p><a href='http:\/\/extra.inmontanis.info\/v\/sonstiges\/Gefundenes\/DSC05500.jpg.html'><img src=http:\/\/extra.inmontanis.info\/d\/131835-2\/DSC05500.jpg \/><\/a><br \/>\nFotos zum Thema Nerven &#8211; waghalsig. Die Arbeiter links oben, die Artisten mit den Kindern &#8211; und links einer, der l\u00e4chelt und geh\u00e4ngt wird<\/p>\n<p><a href='http:\/\/extra.inmontanis.info\/v\/sonstiges\/Gefundenes\/DSC05501.jpg.html'><img src=http:\/\/extra.inmontanis.info\/d\/131838-2\/DSC05501.jpg \/><\/a><br \/>\n Fotos zum Thema Nerven &#8211; waghalsig. Dass der Sprung da rechts oben gegl\u00fcckt sein soll, kann man ja gar nicht glauben?!<\/p>\n<p><a href='http:\/\/extra.inmontanis.info\/d\/131918-2\/DSC05505.jpg'><img src=http:\/\/extra.inmontanis.info\/d\/131917-3\/DSC05505.jpg \/><\/a><br \/>\n^ 5 kleine Heizmatten, die an einem Schalter und einem USB-Anschluss betrieben werden, werden einzeln sogar recht warm; ob es aber hinten unten im Kofferraumbereich viel helfen wird bei -20\u00b0? Waren recht g\u00fcnstig, also mal testen.<\/p>\n<p><strong>Fr, 18.7.2025<\/strong><\/p>\n<p>Paar kleine Arbeiten im Auto, testweise mal 2 Leisten &#8220;vergoldet&#8221; und mich micht dem neuen kleinen &#8220;Stromspar- und Ersatz&#8221;-PC befasst. Die &#8220;Vesa-Halterung&#8221;, die da dabei ist, ist ein gro\u00dfer Scherz, verglichen mit dem, was bei meinen Intel Nucs fr\u00fcher dabei war. <\/p>\n<p><a href='http:\/\/extra.inmontanis.info\/d\/131950-3\/DSC05526.jpg'><img src=http:\/\/extra.inmontanis.info\/d\/131949-4\/DSC05526.jpg \/><\/a><br \/>\n^ Rechts ein neuer Mini-PC und dar\u00fcber das, was die als Vesa-Halterung dazu geben. Links das, was beim Intel NUC damals als Vesa-Halterung dabei war. Rechts nun ein zuf\u00e4llig passendes Metall, anschraubbar oben\/unten an den F\u00fc\u00dfen, mit dem ich den neuen PC in den vorhandenen Halter links reinh\u00e4ngen kann<br \/>\n.<br \/>\nDa musste ich viel suchen und \u00fcberlegen um was zu finden, was passend ist.  Danach eingeschaltet und mich erstmals (au\u00dfer kurz in der Arbeit und bei meinem Vater) mit Windows 11 besch\u00e4ftigt. Das Mistding hat 10,2 GB an Updates runtergeladen, der Rest des Monats muss also etwas sparsamer online gelebt werden. War aber gleich mal ein guter &#8220;stress test&#8221;. <\/p>\n<p>Bis zu einem f\u00fcr mich verwendbaren System ist es noch ein weiter Weg. Ich will zwar nicht, dass Windows 11 wie Windows 95 ausschaut (auch wenns mir noch lieb er als W8-11 w\u00e4re) &#8211; da gibts ja auch etliche Hacks und Artikel im Netz. F\u00fcr mich war Windows 7 der &#8220;sweet spot&#8221; an Funktionalit\u00e4t und Aussehen &#8211; und man konnte damals noch offiziell x-beliebige Themes laden..<\/p>\n<p><a href='http:\/\/extra.inmontanis.info\/d\/131922-2\/DSC05508.jpg'><img src=http:\/\/extra.inmontanis.info\/d\/131921-3\/DSC05508.jpg \/><\/a><br \/>\n^ Hab meinem Fensterbrett eine Goldbemalung an der Leiste geg\u00f6nnt &#8211; das schaut doch jetzt original altmodisch aus ;) Vielleicht mach ich die Fensterrahmen, auch noch Gold?<\/p>\n<p><a href='http:\/\/extra.inmontanis.info\/d\/131926-2\/DSC05510.jpg'><img src=http:\/\/extra.inmontanis.info\/d\/131925-3\/DSC05510.jpg \/><\/a><br \/>\n^ Die ersten beiden Zierleisten sind nun mit der Goldbemalung vollendet, 1x reicht mir hier dank Tupfen.<\/p>\n<p>Gold+Wei\u00df mag ich als Kombination ja wesentlich weniger als Gold in Kombination\/Kontrast mit Blau, Rot oder Gr\u00fcn. Aber weil nun der Streifen an der Decke kein Gold hat &#8230;<\/p>\n<p><a href='http:\/\/extra.inmontanis.info\/d\/131974-2\/IMG_20250717_143047.jpg'><img src=http:\/\/extra.inmontanis.info\/d\/131973-3\/IMG_20250717_143047.jpg \/><\/a><br \/>\n^ Mal testen: Korkgranulat hinten am Boden. Entfeuchter-Beutelchen mit Silica kommen dann kurz vor Abreise noch dazu. Die Plastik-Standf\u00fc\u00dfe sind nun neu, bisher hatte ich ein in den letzten Jahren etwas verschimmeltes Holzleistengestell. Hoffentlich verrutschen die nicht so, dass der K\u00fchlschrank irgendwann auf den Boden f\u00e4llt.<\/p>\n<p><a href='http:\/\/extra.inmontanis.info\/d\/131978-2\/IMG_20250718_115809.jpg'><img src=http:\/\/extra.inmontanis.info\/d\/131977-3\/IMG_20250718_115809.jpg \/><\/a><br \/>\n^ Mal testen: Korkgranulat hinterm Fahrersitz am Boden, auch hier kommt noch Silica in Beuteln dazu  ..<\/p>\n<p><a href='http:\/\/extra.inmontanis.info\/d\/131982-2\/IMG_20250718_115855.jpg'><img src=http:\/\/extra.inmontanis.info\/d\/131981-3\/IMG_20250718_115855.jpg \/><\/a><br \/>\n^ .. und mit der Fu\u00dfmatte drauf. Statt den bisherigen Schaumstoffplatten mit zuletzt Katzenklumpstreu darunter. Hier hab ich meine F\u00fc\u00dfe, wenn dar\u00fcber der Tisch aufgebaut ist, dazu die Heizmatte bei 230V oder die heizbaren USB-Hausschuhe<\/p>\n<p>Ein Nachteil an dem Korkgranulat wird wohl sein, dass ich da jetzt nicht mehr brauchbar staubsaugen kann. Und es kann nat\u00fcrlich sein, dass es doch alles komplett verschimmelt. Dann kommt der Staubsauger von der Tankstelle in Aktion.<\/p>\n<p><strong>Sa, 19.7.2025<\/strong><\/p>\n<p>Bissl drau\u00dfen gewesen und gemerkt, dass ich eigentlich mal wieder eine Ortsver\u00e4nderung br\u00e4uchte &#8230; werd langsam lustlos auf all die Dinge, die ich daheim noch machen wollte &#8230; <\/p>\n<p><a href='http:\/\/extra.inmontanis.info\/d\/131930-2\/DSC05516.jpg'><img src=http:\/\/extra.inmontanis.info\/d\/131929-3\/DSC05516.jpg \/><\/a><br \/>\n^ Stra\u00dfe rauf ins Skigebiet<\/p>\n<p><a href='http:\/\/extra.inmontanis.info\/d\/131934-2\/DSC05517.jpg'><img src=http:\/\/extra.inmontanis.info\/d\/131933-3\/DSC05517.jpg \/><\/a><br \/>\n^ Blick ins Tal<\/p>\n<p>Daheim die restliche Leisten Gold verziert (ca. 20-25min pro Leiste), die restlichen Muffins gebacken und der Pizzateig musste auch mal aufgebraucht werden.<\/p>\n<p><a href='http:\/\/extra.inmontanis.info\/d\/131938-2\/DSC05522.jpg'><img src=http:\/\/extra.inmontanis.info\/d\/131937-3\/DSC05522.jpg \/><\/a><br \/>\n^ Test: 2x Goldfarbe getupfte \u00e4h Stuhl..abschluss..kugel..dings<\/p>\n<p><a href='http:\/\/extra.inmontanis.info\/d\/131942-2\/DSC05523.jpg'><img src=http:\/\/extra.inmontanis.info\/d\/131941-3\/DSC05523.jpg \/><\/a><br \/>\n^ Pizza Teil 1, noch ohne K\u00e4se<\/p>\n<p>Leider vergessen, die halbe tiefgek\u00fchlte Kartoffel raus zu tun, also gabs halt nur die Tomatenso\u00dfe mit Schwarzw\u00e4lder Schinken, Dosen-Champignons, Zwiebel, Ei, Pizzagew\u00fcrzpulver, Rest vom Rest Bearnaise (den Hauptteil des Rests gabs gestern zum Schnitzel) und geriebenen K\u00e4se (Emmentaler + Bergk\u00e4se).<\/p>\n<p>Und erst am n\u00e4chsten Tag wieder eingefallen, dass ich ja die Dose Pulled Pork auf die Pizza h\u00e4tte verteilen wollen :( <\/p>\n<p><a href='http:\/\/extra.inmontanis.info\/d\/131946-3\/DSC05524.jpg'><img src=http:\/\/extra.inmontanis.info\/d\/131945-4\/DSC05524.jpg \/><\/a><br \/>\n^ Pizza Teil 2, fertig aus dem Ofen<\/p>\n<p>Amazon Prime kostet mich mittlerweile 89,90 \u20ac j\u00e4hrlich. Waren das nicht mal 50 \u20ac oder noch weniger? Lohnt sich ja wirklich nicht, wenn ich da wieder 1 Jahr unterwegs bin. Leider am 23.6. verl\u00e4ngert worden und es steht nichts von wegen ob man bei der unterj\u00e4hrigen K\u00fcndigung dann einen und welchen Ersatz bekommt.  Also f\u00fcr DE schreibt Amazon eine anteilige R\u00fcckerstattung in den AGB, f\u00fcr AT fehlt dieser Absatz, wobei die anteilige R\u00fcckerstattung in DE so beschrieben ist, dass sie auf die &#8220;genutzten Prime-Vorteile&#8221; gr\u00fcndet, also dann wohl nicht auf die Monate. Laut Suche im Internet gibts aber auch in DE kein Geld mehr zur\u00fcck. <\/p>\n<p>Es gibt auch ein &#8220;Pausieren bis zu 365 Tage&#8221;, aber &#8220;Du kannst deine Mitgliedschaft zur n\u00e4chsten Zahlung pausieren und innerhalb von 365 Tagen jederzeit fortsetzen. &#8221; h\u00e4rt sich das eher so an, als ob ein Klick auf &#8220;Pausieren&#8221; erst ab dem Zeitpunkt der n\u00e4chsten Zahlung aktiv werden w\u00fcrde und nicht sofort &#8211; was ja auch sinnlos ist. <\/p>\n<p>Im Netz findet man wenig bis widersprechende Infos \u00fcber das &#8220;Pausieren&#8221;.<\/p>\n<p>Werd ich also im Herbst\/Winter mal testen  m\u00fcssen, wenn es dann relevant wird, was passiert, wenn ich &#8220;pausieren&#8221; klicke und wenn das nix is, dann halt erst ab Juni 2026 k\u00fcndigen. Danach w\u00fcrd ich nur noch bei Bedarf ein monatliches Prime Abo abschlie\u00dfen (dzt. mtl. 8,99 vs. Jahr 89,90, dh g\u00fcnstiger, wenn man es mal 3 Monate im Jahr nicht braucht \/ will). Meine Lieblingsserien hab ich mittlerweile eh fast alle auf DVD oder am PC gespeichert, dass ich  da bei einer t\u00e4glichen Fernsehzeit von ca. 1 Stunde oder 1 Folge problemlos alles wieder von vorne anschauen kann. (Die DVDs kopier ich dann auf den PC und SD-Cards zum Mitnehmen, eh klar)<\/p>\n<p>Na toll, jetzt bin ich aber neugierig&#8230;<br \/>\n&#8230; ich komm da auf \u00fcber 570 Stunden, was Serien-DVDs und digital abgespeicherte Serien betrifft. Plus die Filme plus die VHS-Tapes (komplett Al Bundy und noch irgendwas) h\u00e4tt ich ja auch noch. Also ja, da komm ich locker 2-3 Jahre aus und dann alles wieder von vorne. Da br\u00e4ucht ich keine neuen Serien mehr.<\/p>\n<p>In ein paar Jahren werden vmtl. eh keine Filme und Serien mehr gedreht, das passiert dann alles computergeneriert mit KI.<\/p>\n<p>Back to the Eck&#8230;<\/p>\n<p>Da ich f\u00fcr die eine Ecke keine Zierleisten\/Zierprofile-Gehrungslade kaufen und rumliegen haben wollte, hab ich im Netz mal geschaut, ob man den Winkel nicht auch so berechnen k\u00f6nnte, h\u00e4tte auch einen Kalkulator im Netz gefunden. Alternativ? Eine kleine Gehrungslade selbst drucken und hoffen, dass das funktioniert, da muss dann die Ecke aber rechtwinklig sein. Ansonsten br\u00e4ucht ich ja noch einen Winkelmesser.  Naja, mein Geodreieck (aus Schulzeiten) hat etwas Luft, bei beiden Au\u00dfenecken, dann wohl ca. 91&#8243; . Aber so genau werd ich den Winkel ja auch nicht einzeichnen und s\u00e4gen bzw. schneiden, geht ja auch mit dem Messer.<\/p>\n<p>N\u00e4chstes Problem: wenn ich da was abschneide, fehlt ja was. Ja ne is klar, ich mein: im Motiv fehlt dann auch was. Wenn ich wollen sollen w\u00fcrde, dass das Motiv exakt um die Ecke geht, m\u00fcsste ich also zumindest bei einer Leiste einen anderen Punkt f\u00fcr den Schnitt w\u00e4hlen, an der n\u00e4chsten Motivwiederholung, die ist alle 20cm.<\/p>\n<p>Man k\u00f6nnte wohl statt beide Leisten zu beschneiden auch eine Leiste bis an die Wand laufen lassen und nur eine Leiste schneiden, dann passt es halt nicht ganz wegen der Struktur.<\/p>\n<p>Noch eine Alternative w\u00e4re, irgendeinen anderen Art von Abschluss-Quader-Ding-Objekt-Dekoelement in die Ecke zu setzen und die Leisten einfach dort abzuschlie\u00dfen.<br \/>\n.. aber nach einer kurzen Suche im Internet gef\u00e4llt mir das nicht.<\/p>\n<p><strong>So, 20.7.2025<\/strong> &#8211; 47. Tag daheim<\/p>\n<p>Mal nach alternativen Pfannen f\u00fcr unterwegs umgeschaut&#8230;<br \/>\n.. evtl. etwas h\u00f6her und mit Deckel, damit ich nicht nur Pizza besser machen kann, sondern auch mal Kuchen backen (ja, das geht! Flach muss er halt sein.). Aber eigentlich hab ich ja keinen Platz f\u00fcr eine h\u00f6here Pfanne plus Deckel oder auch nur f\u00fcr einen Deckel f\u00fcr meine &#8220;Crepe-&#8221; Pfanne&#8230; und bei den leckeren Sachen im Ausland hab ich doch eh genug S\u00fc\u00dfes!<\/p>\n<p>Trotzdem: Bastelarbeit; ich verwend bei den TK-Pizzen ja den Karton als Haube, aber oft zu weit oben und eben seitlich offen -> hier k\u00f6nnte ich mal was aus 2 Pizzakartons basteln, dass es auf allen 4 Seiten geschlossen ist.  Oder irgendeinen anderen passenden Karton nehmen!<\/p>\n<p>Vielleicht tu ich auch den Griff von meiner Pfanne abschrauben, denn der verbraucht auch mehr Platz und eigentlich brauch ich das ja nicht, da ich die Sachen normalerweise nicht in der Pfanne esse, sondern auf Karton raustu. Ja, Schnitzel\/Nuggets+Pommes hab ich schon mal in der Pfanne gegessen, aber dann wegen Ketchup in der Pfanne und Pfannenbodenverkratzen wg Messer auch davon abgesehen. Und wenn ich die Pfanne im hei\u00dfen Zustand nicht von der Kochplatte tun  muss, brauch ich ja auch den Griff nicht, oder?! <\/p>\n<p>Da wundert man sich, warum der Pudding in der Mikrowelle nicht hart wird &#8211; und dann hat man dummerweise die Mengen falsch dividiert. Wenn man schon nur 1\/4 des Puddingpulvers nimmt, sollte man auch nur 1\/4 der Milch verwenden, was bei 1\/2 Leiter eben nicht 200ml, sondern 125ml sind. Wie kam ich den auf 200, evtl. von irgendeinem Pudding-Nicht-Pulver-Rezept abgeleitet?! Mit den heutigen 180ml wars wenigstens eine Creme und kein Kakao wie die letzten 2 Mal. Dann m\u00fcssten 125ml aber schon sehr hart werden.<\/p>\n<p>Tja, zur\u00fcck zu den Leisten, wo ich ja nur 6 neue gekauft hab + 1 alte mit etwas anderen Ma\u00dfen. Wie verteil ich die jetzt? Wo lass ich sie zu fr\u00fch enden oder erg\u00e4nze die 1 zu den 6? Spr\u00e4che dann doch wieder f\u00fcr irgendeine Art Quader an den Ecken, auch wenn das unsch\u00f6n ausschaut, denn bei ca. 12,4m Gesamtl\u00e4nge k\u00e4me ich mit einem 10cm-Quader in den 3 Ecken aus, da dann jede Seite 20cm k\u00fcrzer w\u00e4re, es in Summe also 12m = 6 Leisten ergeben sollte, wenn denn die L\u00e4ngenangabe mit 12,4m stimmt.<\/p>\n<p><a href='http:\/\/extra.inmontanis.info\/d\/131954-3\/DSC05527.jpg'><img src=http:\/\/extra.inmontanis.info\/d\/131953-4\/DSC05527.jpg \/><\/a><br \/>\n^ So ein rechteckiges Eckenelement schaut doch bl\u00f6d aus<\/p>\n<p>Gipsabdruck machen und ein Eckst\u00fcck selbst herstellen?<\/p>\n<p>Oder man macht sich eine passende Ecke auf dem PC und druckt es in 3D aus. Der K\u00f6nner k\u00f6nnte jetzt noch das mittige 3D-Design ordentlich replizieren, ich nahm mir das Profil-Bild von der Website, bearbeitete es etwas und lud es in das 3D-Druckerprogramm, stellte die Gr\u00f6\u00dfe ein, duplizierte das Objekt im rechten Winkel. <\/p>\n<p>30m Filament, 4,5h Druck? Nochmals etwas verfeinert bzw. weniger F\u00fcllung .. 24m und 3h. Also dann mal den Ausdruck gestartet. 100-%ig wird das ja eh nicht passen. Auch, weil ich es auf 90\u00b0 gemacht hab und nicht erst getestet, ob 91\u00b0 besser passen und das dann so angelegt. Mist, h\u00e4tte mir das nicht wenigstens fr\u00fcher einfallen k\u00f6nnen?!<\/p>\n<p>Und was ich ja auch noch nicht bedacht hab, dass ich ja 3 Ecken ausdrucken muss. Oder zumindest noch 2x10cm f\u00fcr die restlichen Ecken. Wobei ich das dann abmessen kann, was l\u00e4ngentechnisch n\u00f6tig ist, wenn ich die Leisten aufgeklebt hab.<\/p>\n<p><a href='http:\/\/extra.inmontanis.info\/v\/sonstiges\/Gefundenes\/DSC05530.jpg.html'><img src=http:\/\/extra.inmontanis.info\/d\/131841-2\/DSC05530.jpg \/><\/a><br \/>\n Anleitung zum Bau eines Radio-Verst\u00e4rkers<\/p>\n<p>Der Ausdruck beim Test am Boden s\u00e4he ja durchaus bruachbar aus. In der Deckenecke dagegen wackelt er auf allen Seiten &#8211; links\/rechts, links\/oben, ganz wenig rechts\/oben, weil die Ecke eben so ist, wie sie ist&#8230; bleibt die Frage, an welcher Seite ich das dann haupts\u00e4chlich ausrichte und festklebe&#8230;<\/p>\n<p><a href='http:\/\/extra.inmontanis.info\/d\/131958-3\/DSC05536.jpg'><img src=http:\/\/extra.inmontanis.info\/d\/131957-4\/DSC05536.jpg \/><\/a><br \/>\n^ Deckeneckenzierelement aus dem 3D-Drucker<\/p>\n<p><a href='http:\/\/extra.inmontanis.info\/d\/131962-3\/DSC05539.jpg'><img src=http:\/\/extra.inmontanis.info\/d\/131961-4\/DSC05539.jpg \/><\/a><br \/>\n^ Deckeneckenzierelement aus dem 3D-Drucker<\/p>\n<p><a href='http:\/\/extra.inmontanis.info\/d\/131966-3\/DSC05542.jpg'><img src=http:\/\/extra.inmontanis.info\/d\/131965-4\/DSC05542.jpg \/><\/a><br \/>\n^ .. also auch wenn das nicht 100%-ig passend dann am Schluss wird, schaut es doch besser aus, als so ein Quaderteil, nat\u00fcrlich wirds noch etwas Gold bemalt.<\/p>\n<p>Also nochmal betonen, besser gefallen w\u00fcrde mir nat\u00fcrlich das ordentliche Zurechtschneiden und ich hab mir da mit einer Tabelle \/ einem Rechner im Netz den Winkel auch ausgerechnet, so dass das eigentlich funktionieren sollte &#8211; der Grund f\u00fcr den Eckendruck (und die Erg\u00e4nzung auf den 2 anderen Ecken) ist jetzt haupts\u00e4chlich, dass ich  mit 6 Leisten die ganzen 2 Raumseiten abdecken kann und die 7. Leiste noch anderswo in ganzer L\u00e4nge platziert werden kann und die etwas andere 7. Leiste nicht unsch\u00f6n an die anderen anh\u00e4ngen muss.<\/p>\n<p>Daf\u00fcr, dass ich seit Jahrzehnten Werbung meide und weder gedruckt noch animiert sie sehen will, mit Werbeblocker unterdr\u00fccke oder zu Zeiten des Fernsehens mittels Aufnahme am PC sie \u00fcbersprang, ist meine Begeisterung f\u00fcr die Werbung aus dem 1925er Magazin schon eigenartig. Dann im Internet nachzuschauen, was hier und da aus den Firmen oder Marken oder Produkten geworden ist, ist doch oft recht traurig und manchmal auch recht eigenartig, war das doch eben z.B. noch ein ultimatives Neuger\u00e4t und nun lie\u00dft man von seltener Antiquit\u00e4t. <\/p>\n<p><a href='http:\/\/extra.inmontanis.info\/d\/131970-3\/DSC05544.jpg'><img src=http:\/\/extra.inmontanis.info\/d\/131969-4\/DSC05544.jpg \/><\/a><br \/>\n^ Noch ein letztes Mal 2 Pfannkuchen gemacht, hier halb Erdbeer, halb Nutella, der 2. ist tiefgefroren.<\/p>\n<p>Morgen diesen Bericht fertig machen + online stellen, die unvollendeten Deckenleisten bleiben ein Cliff-Hanger bis zum n\u00e4chsten Bericht in ca. 10-14 Tagen.<\/p>\n<p>Falls ich bei Abreise Mitte September bleiben w\u00fcrde, w\u00e4re nun fast Halbzeit daheim. Es ist ja schon eine gewisse Selbstkasteiung. Was spr\u00e4che eigentlich dagegen, heuer noch ins UK zu fahren, dann Skandinavien und n\u00e4chsten Sommer nochmals UK? Ok, dass die aktuellen Winterr\u00e4der wohl nicht mehr bis Ende n\u00e4chsten Sommer halten w\u00fcrden und ich evtl. im Sommer im UK neue Winterr\u00e4der aufziehen lassen m\u00fcsste, das w\u00e4r etwas schad&#8230;<br \/>\n.. und ich halt generell nicht wei\u00df, wieviel km ich noch auf meinen Ignis fahren kann &#8230;<\/p>\n<p>Und auch wenn es die n\u00e4chsten 2 Wochen nur 25-30\u00b0 werden soll, ist mir das trotzdem zu warm um irgendwo hier oder bis Kroatien rumzukurven. Insbesondere wenn es nur &#8220;sinnloses&#8221; Rumgekurve w\u00e4re. W\u00e4re ich bis Mitte Juni noch in Schweden geblieben (und h\u00e4tte meine Saisonkarte bis zum Ende in Riksgr\u00e4nsen ausgen\u00fctzt), h\u00e4tte ich nicht so lang daheim verbringen m\u00fcssen &#8230;<\/p>\n<p>Tja, nachdem die Mattenskigebiete in Serbien und Ungarn so weit weg sind, wollt ich heuer evtl. die kleine in Nieder\u00f6sterreich besuchen, aber die wurde wohl schon wieder aufgelassen vor ein paar Jahren. Somit leider auch verpasst. Und Skistar in Schweden hat nun schon 2 Destinationen mit Sommer-Mattenski&#8230;.<\/p>\n<p>Und in Kopaonik (Serbien) eine offizielle Homepage f\u00fcr den Sommer und die sommerlichen Skipasspreise zu finden ist anscheinend auch nicht so einfach, zumindest nicht \u00fcber Google. Der Webshop ist im Sommer auch nicht offen (obwohl ja etliche Lifte im Sommerbetrieb offen sind). Auch nach 4 Websites, welche auch immer die offizielle davon sein soll, find ich keine Sommerpreise. Parken kostet auch (zumindest auf der Winter-Preisliste, eine sommerliche hab ich ja nicht gefunden) und ob fremde Keycards akzeptiert werden, wird nicht erw\u00e4hnt. <\/p>\n<p>Da wei\u00df man doch schon wieder, warum man lieber nach Skandinavien statt nach S\u00fcdosteuropa f\u00e4hrt. War K\u00e4rnten wohl doch die falsche Wahl, wenn ich momentan nicht mehr so gern nach S\u00fcdosteuropa fahr &#8230;.<\/p>\n<p>(Grund f\u00fcr die ganzen Gedanken heute: ich muss mal \u00fcberlegen, wann ich wieder ins Tal fahre und mir einen Termin f\u00fcr die \u00a757a-\u00dcberpr\u00fcfung geben lass, also ca. in 2 Wochen, wobei n\u00e4chste Woche w\u00fcrde es ja k\u00fchler, aber wenn ich Mitte September abreisen m\u00f6chte, w\u00e4re es bis dahin etwas arg lang ohne einkaufen, au\u00dfer ich w\u00fcrde nochmals runter oder ich w\u00fcrde zum 15.8.-Feiertag einige Tage unterwegs sein, wenns Wetter nicht so hei\u00df wird oder eben jetzt dann ein paar Tage vor oder nach dem Werkstatttermin &#8211; und ob es also sinnvoller w\u00e4re, den an einem Montag oder Freitag zu setzen, falls ich zumindest das WE  oder eine Woche unterwegs sein m\u00f6chte etc. etc. )<\/p>\n<p>Aktuell w\u00e4re beim \u00d6AMTC sogar schon f\u00fcr Dienstag ein Termin frei. Momentan sind sie also noch nicht mal 1 Woche ausgebucht. Leider keine Termine zwischen 11:20 und 13:00. 11:20 ist mir etwas zu knapp, dann muss es wohl 13 Uhr sein.  Kostenseitig schon etwas teurer als mein Mitarbeiterpreis in Tirol &#8230; da muss ich doch nochmals morgen nachschauen, was es mehr kosten w\u00fcrde, wenn ich das in Tirol mach und die TPMS-Sensoren in die R\u00e4der einbauen lassen w\u00fcrde &#8211; nicht nur f\u00fcrs &#8220;Pickerl&#8221;, sondern ja auch f\u00fcr&#8217;n Winter und Sommer interessant, schlie\u00dflich hatte ich bereits in Schweden und in England einen Platten in den letzten Jahren. <\/p>\n<p>Oder ich lass gleich neue einbauen, dann k\u00f6nnte ich, falls mir die Reifen nicht mehr bis n\u00e4chsten Sommer reichen, unterwegs neue Reifen kaufen. Wenn die neuen Sensoren wieder 9-11 Jahre halten, also l\u00e4nger werd ich den Ignis wohl keinesfalls mehr fahren k\u00f6nnen, f\u00fcrcht ich?! Au\u00dfer nat\u00fcrlich ich w\u00fcrde mich doch n\u00e4chsten Herbst f\u00fcr ein anderes Auto entscheiden.<\/p>\n<p>Auf einer \u00f6sterreichischen Gebrauchtwagen-B\u00f6rse wird ein Fiat Panda 4&#215;4 Benziner mit 540.000km verkauft. Also wenn das ein Fiat kann, kann das ein japanischer Suzuki doch wohl schon lange, oder? 500.000km Challenge mit meinem Ignis?<\/p>\n<p>Wohnungstemperatur? 21,4\u00b0 &#8211; ohne jegliche Anstrengung, ohne n\u00e4chtliches Fenster\u00f6ffnen. Abgesehen vom L\u00e4rm in der letzten Woche wg. Nachbarn sollte ich zumindest mit den Sommertemperaturen hier oben zufrieden sein.<\/p>\n<p>&#8211; &#8211; &#8211;<\/p>\n<p>Hier also meine aktualisierte Liste der finnischen Skigebiete, wie \u00fcblich ohne Gew\u00e4hr, mit meiner \u00fcblichen Priorit\u00e4ts-Angaben von 1 bis 5, ungef\u00e4hr sortiert von Nord nach S\u00fcd.<\/p>\n<p>-3- Saariselk\u00e4, 1 3SB (Graffer), 3 SL, 1 TSL, 180hm, 2 gegen\u00fcberliegende Seiten, 10-19h, ly 3h 48,50 TK 52,- 4TK 175, -15.12\/25.4.- g\u00fcnstiger ab 2tk<br \/>\nhttp:\/\/www.skisaariselka.fi\/<\/p>\n<p>-5?- Hetta Hiihtomaa, nur noch 1 SL? (linker im Plan nicht mehr), 105hm<br \/>\nhttp:\/\/www.hettahiihtomaa.fi\/ &#8211; website tot<\/p>\n<p>-ok- Luosto, 2 SL, 1TSL, 230hm<br \/>\nhttps:\/\/luosto.fi\/<br \/>\nhttp:\/\/www.panoraama.com\/luosto\/rinnekartta\/kartta.phtml<\/p>\n<p>-ok- Olos, 3 SL, 1 TSL, 210hm<br \/>\nhttps:\/\/www.laplandhotels.com\/EN\/ski-resorts\/ski-resorts\/ski-resort-olos.html<\/p>\n<p>-ok Ounasvaara, 1 SB (DSB, DM, Plastiklatten), 2 SL, (getrennt, ev. Verbindungsabfahrt), 140hm<\/p>\n<blockquote class=\"wp-embedded-content\" data-secret=\"obSYaH2dLx\"><p><a href=\"https:\/\/ounasvaara.fi\/\">Etusivu<\/a><\/p><\/blockquote>\n<p><iframe loading=\"lazy\" class=\"wp-embedded-content\" sandbox=\"allow-scripts\" security=\"restricted\" style=\"position: absolute; visibility: hidden;\" title=\"&#8221;Etusivu&#8221; &#8212; Ounasvaara\" src=\"https:\/\/ounasvaara.fi\/embed\/#?secret=wKLIRRJmyq#?secret=obSYaH2dLx\" data-secret=\"obSYaH2dLx\" width=\"600\" height=\"338\" frameborder=\"0\" marginwidth=\"0\" marginheight=\"0\" scrolling=\"no\"><\/iframe><br \/>\nhttps:\/\/www.laplandhotels.com\/EN\/ski-resorts\/ski-resorts\/ski-resort-ounasvaara.html<\/p>\n<p>-ok- Pallas, 2SL (1 Graffer), 340hm, oberer SL baumfrei<br \/>\nhttps:\/\/www.laplandhotels.com\/EN\/ski-resorts\/ski-resorts\/ski-resort-pallas-2.html<\/p>\n<p>-ok- Levi, mittlerweile leider viele neue KSBen; 325hm<br \/>\nhttp:\/\/www.levi.fi\/<br \/>\nhttp:\/\/www.panoraama.com\/levi\/<\/p>\n<p>-ok- Yll\u00e4s, 1 8EUB, 2 bescheuerte SB, viele SL, 2 Seiten, 463hm<\/p>\n<blockquote class=\"wp-embedded-content\" data-secret=\"wRypjkNzkl\"><p><a href=\"https:\/\/yllas.fi\/\">Etusivu<\/a><\/p><\/blockquote>\n<p><iframe loading=\"lazy\" class=\"wp-embedded-content\" sandbox=\"allow-scripts\" security=\"restricted\" style=\"position: absolute; visibility: hidden;\" title=\"&#8221;Etusivu&#8221; &#8212; Yllas.fi\" src=\"https:\/\/yllas.fi\/embed\/#?secret=yVCezkIcAP#?secret=wRypjkNzkl\" data-secret=\"wRypjkNzkl\" width=\"600\" height=\"338\" frameborder=\"0\" marginwidth=\"0\" marginheight=\"0\" scrolling=\"no\"><\/iframe><br \/>\nhttp:\/\/www.panoraama.com\/yllas\/rinnekartta\/rinnekar.htm<\/p>\n<p>-4-5?- Kommatti, 1 SL (Grafferst\u00fctzen!), kurz+flach (ca. 500m\/80hm), ly 1h 12, 2h 22, 3h 27, tk 32, 16-20 32,-<\/p>\n<blockquote class=\"wp-embedded-content\" data-secret=\"AuWog4yOxx\"><p><a href=\"https:\/\/kommatti.fi\/\">Etusivu<\/a><\/p><\/blockquote>\n<p><iframe loading=\"lazy\" class=\"wp-embedded-content\" sandbox=\"allow-scripts\" security=\"restricted\" style=\"position: absolute; visibility: hidden;\" title=\"&#8220;Etusivu&#8221; &#8212; Kommatti\" src=\"https:\/\/kommatti.fi\/embed\/#?secret=7ZN5cuISbr#?secret=AuWog4yOxx\" data-secret=\"AuWog4yOxx\" width=\"600\" height=\"338\" frameborder=\"0\" marginwidth=\"0\" marginheight=\"0\" scrolling=\"no\"><\/iframe><\/p>\n<p>-x- Perhe Luosto ev LSAP, letztes Upadte DV 2021<br \/>\nhttps:\/\/www.facebook.com\/p\/Perhe-Luosto-100045575306108\/?locale=de_DE<\/p>\n<p>-4? Pyh\u00e4, 1 6KSB, 1 3SB, neuerdings eine gebrauchte 4KSB, 4 SL (inkl. Graffer), 280hm, 2 Seiten, Abfahrten modellierter<br \/>\nhttp:\/\/ski.pyha.fi\/<\/p>\n<p>-3-4- Salla, 4 SL, 230hm, 3 Seiten, ly TK 53, 3h 44,50, 3TK 142, 4tk 180, FR ab 16 +SA+SO 109<\/p>\n<blockquote class=\"wp-embedded-content\" data-secret=\"1hEx02HM5K\"><p><a href=\"https:\/\/ski.salla.fi\/\">Etusivu<\/a><\/p><\/blockquote>\n<p><iframe loading=\"lazy\" class=\"wp-embedded-content\" sandbox=\"allow-scripts\" security=\"restricted\" style=\"position: absolute; visibility: hidden;\" title=\"&#8221;Etusivu&#8221; &#8212; Salla Ski Resort\" src=\"https:\/\/ski.salla.fi\/embed\/#?secret=s5TPHfCaXu#?secret=1hEx02HM5K\" data-secret=\"1hEx02HM5K\" width=\"600\" height=\"338\" frameborder=\"0\" marginwidth=\"0\" marginheight=\"0\" scrolling=\"no\"><\/iframe><br \/>\nhttp:\/\/www.panoraama.com\/salla\/rinnekartta.htm<br \/>\nhttp:\/\/loma.salla.fi\/fi\/ladattavat_materiaalit\/panoraama\/<\/p>\n<p>-4- Suomu, 3 SL, 1TSL, 248hm, website dzt. kein ski<\/p>\n<blockquote class=\"wp-embedded-content\" data-secret=\"UgGdLgWgTU\"><p><a href=\"https:\/\/www.suomutunturi.fi\/\">Etusivu<\/a><\/p><\/blockquote>\n<p><iframe loading=\"lazy\" class=\"wp-embedded-content\" sandbox=\"allow-scripts\" security=\"restricted\" style=\"position: absolute; visibility: hidden;\" title=\"&#8220;Etusivu&#8221; &#8212; Suomutunturi\" src=\"https:\/\/www.suomutunturi.fi\/embed\/#?secret=ypEz706dGQ#?secret=UgGdLgWgTU\" data-secret=\"UgGdLgWgTU\" width=\"600\" height=\"338\" frameborder=\"0\" marginwidth=\"0\" marginheight=\"0\" scrolling=\"no\"><\/iframe><\/p>\n<p>-4\/teil-ok- Ruka, leider mittlerweile zu modernisiert; 1 EUB, 4 (K)SB, 6KSB, 8KSB, paar SL, 291-492m, 201hm, mehrere Gipfel<br \/>\nhttps:\/\/www.ruka.fi\/rinnealueet<br \/>\nhttps:\/\/ski.ruka.fi\/rinteet<\/p>\n<p>-3-4- Kirikeskus-Kiririnteet, 1 SL, 110hm \/\/ alt lt. Bildern rote St\u00fctzen!, ly 3h 24, tk 11-17h 28<\/p>\n<blockquote class=\"wp-embedded-content\" data-secret=\"53mVprSYGd\"><p><a href=\"https:\/\/www.kirikeskus.fi\/\">Etusivu<\/a><\/p><\/blockquote>\n<p><iframe loading=\"lazy\" class=\"wp-embedded-content\" sandbox=\"allow-scripts\" security=\"restricted\" style=\"position: absolute; visibility: hidden;\" title=\"&#8220;Etusivu&#8221; &#8212; Kirikeskus\" src=\"https:\/\/www.kirikeskus.fi\/embed\/#?secret=xhT1j6IlCD#?secret=53mVprSYGd\" data-secret=\"53mVprSYGd\" width=\"600\" height=\"338\" frameborder=\"0\" marginwidth=\"0\" marginheight=\"0\" scrolling=\"no\"><\/iframe><\/p>\n<p>-3-4?- Pikku-Sy\u00f6te, 4 SL, 130hm, 2 Seiten weiter entfernt (lange skiwegverbindung), nur blau, ly 3h 33, tk 36<\/p>\n<blockquote class=\"wp-embedded-content\" data-secret=\"VH8DtduM2g\"><p><a href=\"https:\/\/pikkusyote.fi\/hiihtokeskus\/\">Hiihtokeskus<\/a><\/p><\/blockquote>\n<p><iframe loading=\"lazy\" class=\"wp-embedded-content\" sandbox=\"allow-scripts\" security=\"restricted\" style=\"position: absolute; visibility: hidden;\" title=\"&#8221;Hiihtokeskus&#8221; &#8212; Pikku-Sy\u00f6te\" src=\"https:\/\/pikkusyote.fi\/hiihtokeskus\/embed\/#?secret=jUJcg8fdpw#?secret=VH8DtduM2g\" data-secret=\"VH8DtduM2g\" width=\"600\" height=\"338\" frameborder=\"0\" marginwidth=\"0\" marginheight=\"0\" scrolling=\"no\"><\/iframe><\/p>\n<p>-3-5-\/teil-OK- Iso-Sy\u00f6te, nur noch 2 hauptlifte + 2 \u00fcbungslifte (Nord und Ost), 192hm,  ly TK 46 onl 43, 3h 41\/40, 3tk 115\/110<br \/>\n2025 wird wohl eine Leitner 6KSB gebaut :((<br \/>\nhttps:\/\/www.isosyote.fi\/<\/p>\n<p>-4-5- Taivalvaara, 1 SL, 1 TSL?, 80hm, fraglich, was da noch alles geht&#8230; wenn beide Lifte evtl. interessant<\/p>\n<blockquote class=\"wp-embedded-content\" data-secret=\"fdcHz2xwAe\"><p><a href=\"https:\/\/www.taivalvaaraskiresort.fi\/monipuolisia-talvilajeja\/\">AKTIIVITEETIT<\/a><\/p><\/blockquote>\n<p><iframe loading=\"lazy\" class=\"wp-embedded-content\" sandbox=\"allow-scripts\" security=\"restricted\" style=\"position: absolute; visibility: hidden;\" title=\"&#8221;AKTIIVITEETIT&#8221; &#8212; Taivalvaara\" src=\"https:\/\/www.taivalvaaraskiresort.fi\/monipuolisia-talvilajeja\/embed\/#?secret=ybbUAAXD1P#?secret=fdcHz2xwAe\" data-secret=\"fdcHz2xwAe\" width=\"600\" height=\"338\" frameborder=\"0\" marginwidth=\"0\" marginheight=\"0\" scrolling=\"no\"><\/iframe><\/p>\n<p>-5- Kallin Laskettelukeskus bei Tornio, 1-2 SL, 50hm, ly 1h 19, 2h 21, 3h 25, Snowcard!!<\/p>\n<blockquote class=\"wp-embedded-content\" data-secret=\"NPafwleuf0\"><p><a href=\"https:\/\/kallinhiihtokeskus.fi\/\">Etusivu<\/a><\/p><\/blockquote>\n<p><iframe loading=\"lazy\" class=\"wp-embedded-content\" sandbox=\"allow-scripts\" security=\"restricted\" style=\"position: absolute; visibility: hidden;\" title=\"&#8221;Etusivu&#8221; &#8212; Kallin hiihtokeskus\" src=\"https:\/\/kallinhiihtokeskus.fi\/embed\/#?secret=s31KUqFSO8#?secret=NPafwleuf0\" data-secret=\"NPafwleuf0\" width=\"600\" height=\"338\" frameborder=\"0\" marginwidth=\"0\" marginheight=\"0\" scrolling=\"no\"><\/iframe><\/p>\n<p>-5- Ruskotunturi, 1 Doppel-SL 50hm<\/p>\n<p>-5- Kempele k\u00f6ykkyri<br \/>\nhttps:\/\/www.kempeleenpyrinto.fi\/hiihtokeskus-koykkyri\/rinnealue\/<\/p>\n<p>-3?- Ukkohalla, 3 Haupt-SL par., seitliche Au\u00dfenrumabfahrt, 2 TSL, 170hm, ly -20.12 und kw 2-6 low season, 3h 39\/32, tk 43\/38, 2 lasthours 20\/18<\/p>\n<blockquote class=\"wp-embedded-content\" data-secret=\"t818FrcrnQ\"><p><a href=\"https:\/\/ukkohalla.fi\/\">Etusivu<\/a><\/p><\/blockquote>\n<p><iframe loading=\"lazy\" class=\"wp-embedded-content\" sandbox=\"allow-scripts\" security=\"restricted\" style=\"position: absolute; visibility: hidden;\" title=\"&#8221;Etusivu&#8221; &#8212; Ukkohalla\" src=\"https:\/\/ukkohalla.fi\/embed\/#?secret=D03Jsw0JOf#?secret=t818FrcrnQ\" data-secret=\"t818FrcrnQ\" width=\"600\" height=\"338\" frameborder=\"0\" marginwidth=\"0\" marginheight=\"0\" scrolling=\"no\"><\/iframe><\/p>\n<p>-3\/x?- Paljakka, 4 SL, 3 TSL, parallel wohl 3 Hauptlifte, 190hm momentan wohl LSAP seit 2022, Gemeinde m\u00f6chte wieder \u00f6ffnen<br \/>\nhttp:\/\/www.paljakka.fi\/files\/u1\/Paljakan_rinnekartta.jpg<\/p>\n<p>-4-5 Saukkovaara, Tellerift gr\u00fcn, lt Sat l\u00e4ngerer SL links aufgelassen, ly ab 1.2. WE offen, 3h 13,- tk 18,-<br \/>\nhttps:\/\/www.saukkovaara.com\/<\/p>\n<p>-3- Vuokatti, 2 SB (4SB) , 3 SL, 3 TSL, 170hm; 3 Hauptlifte 3 Seiten Nord\/NordOst\/Ost, ly 2h 42, 3h 45, tk 50, 2tk 97  3tk 136, 5 205, 6 229<br \/>\n&#8220;Frost limit for the chairlifts is -20. There is no other frost limits.&#8221;<\/p>\n<blockquote class=\"wp-embedded-content\" data-secret=\"glaF1O7SCk\"><p><a href=\"https:\/\/vuokatti.fi\/en\/vuokatti-slopes\/\">Vuokatti Ski Resort<\/a><\/p><\/blockquote>\n<p><iframe loading=\"lazy\" class=\"wp-embedded-content\" sandbox=\"allow-scripts\" security=\"restricted\" style=\"position: absolute; visibility: hidden;\" title=\"&#8220;Vuokatti Ski Resort&#8221; &#8212; Vuokatti\" src=\"https:\/\/vuokatti.fi\/en\/vuokatti-slopes\/embed\/#?secret=HPP6ruSmtu#?secret=glaF1O7SCk\" data-secret=\"glaF1O7SCk\" width=\"600\" height=\"338\" frameborder=\"0\" marginwidth=\"0\" marginheight=\"0\" scrolling=\"no\"><\/iframe><br \/>\nvmtl. gelten die mehrtageskarten gleichweise Vuokatti(!)\/Tahko(!)\/Kasurila, Saisonp\u00e4sse &#8220;skione&#8221; normalpreis ly 629, early bird 539 &#8211; nicht lohnenswert<br \/>\n(Vuok. caravanpark ly 52 \u20ac!!)<\/p>\n<p>-5- Louekallio \/ Louekeskus, 55hm, 1 SL, Snowcard<br \/>\nhttp:\/\/www.louekeskus.fi\/<\/p>\n<p>-5-x- Kaustinen, 60hm, 1 Doppel-SL, vmtl etw interessanter als Louekeskus, ltz. Update 2020 vmtl. LSAP<br \/>\nhttps:\/\/www.facebook.com\/kaustisenhiihtokeskus\/?locale=fi_FI<\/p>\n<p>-4-5 Lakis, 90hm, 1 Doppel-SL, Abfahrt seeseitig gro\u00dfer See, tw ungefroren; ly 2h 23 3h 28 tk 33 kw 8-10 teurer<br \/>\nhttp:\/\/www.lakis.fi\/<\/p>\n<p>-5 Soinin vuorenmaa, 57hm, 1 TSL, ly 1h 14, 3h 22, 17-21h 26, tk 29<\/p>\n<blockquote class=\"wp-embedded-content\" data-secret=\"QCVFA6nk7L\"><p><a href=\"https:\/\/skivuorenmaa.fi\/\">Laskettelukeskus Soini<\/a><\/p><\/blockquote>\n<p><iframe loading=\"lazy\" class=\"wp-embedded-content\" sandbox=\"allow-scripts\" security=\"restricted\" style=\"position: absolute; visibility: hidden;\" title=\"&#8221;Laskettelukeskus Soini&#8221; &#8212; Ski Vuorenmaa\" src=\"https:\/\/skivuorenmaa.fi\/embed\/#?secret=cNZiKQkbAK#?secret=QCVFA6nk7L\" data-secret=\"QCVFA6nk7L\" width=\"600\" height=\"338\" frameborder=\"0\" marginwidth=\"0\" marginheight=\"0\" scrolling=\"no\"><\/iframe><\/p>\n<p>-4-5 Simpsi\u00f6n, 90hm, 2-5 SL, Graffer, rosa?!, ly 3h 31 4h\/abend 33 SnowCard<\/p>\n<blockquote class=\"wp-embedded-content\" data-secret=\"YprXPP0AfW\"><p><a href=\"https:\/\/www.simpsio.com\/\">Etusivu<\/a><\/p><\/blockquote>\n<p><iframe loading=\"lazy\" class=\"wp-embedded-content\" sandbox=\"allow-scripts\" security=\"restricted\" style=\"position: absolute; visibility: hidden;\" title=\"&#8221;Etusivu&#8221; &#8212; Simpsi\u00f6 Ski &amp; Bike - L\u00e4ntisen Suomen suurin - Lapuan Simpsi\u00f6\" src=\"https:\/\/www.simpsio.com\/embed\/#?secret=igkD6pHXx1#?secret=YprXPP0AfW\" data-secret=\"YprXPP0AfW\" width=\"600\" height=\"338\" frameborder=\"0\" marginwidth=\"0\" marginheight=\"0\" scrolling=\"no\"><\/iframe><\/p>\n<p>-4-5 Joupiska, ca. 2-4 SL eng parallel, Graffer-Doppel,  70hm<br \/>\nhttp:\/\/www.joupiska.fi\/rinteet.html<\/p>\n<p>-5- Parra, 70hm, 1 Doppel-SL, 2 Abf.<br \/>\nhttp:\/\/www.parra.fi\/<\/p>\n<p>-4-5- Sotkanrinteet, 60hm, 1 Doppel-SL Graffer ly 1h 12, 2h 17, 4h 21, Snowcard 3,-<br \/>\nhttp:\/\/www.sotkanrinteet.fi\/<\/p>\n<p>-5- Pukkivuori, 55hm, 1 SL Leitner, ev etw steiler ly 2h 19 3 21,50<br \/>\nhttps:\/\/www.virtainkiekkokarhut.fi\/pukkivuoren-laskettelurinne\/<\/p>\n<p>-3- Tahko, 2 4SB, 8 SL, 4 TSL, 200hm, Vorder+R\u00fcckseite Parallele Lifte, an einem gro\u00dfen See (Parkplatz direkt auf dem See anscheinend), gr\u00f6\u00dftes Gebiet in Mittel\/S\u00fcdfinnland, Preise siehe vuokatti<br \/>\nhttp:\/\/www.tahko.com\/<\/p>\n<blockquote class=\"wp-embedded-content\" data-secret=\"yGmzYujyFK\"><p><a href=\"https:\/\/www.tahkomountain.fi\/\">Etusivu<\/a><\/p><\/blockquote>\n<p><iframe loading=\"lazy\" class=\"wp-embedded-content\" sandbox=\"allow-scripts\" security=\"restricted\" style=\"position: absolute; visibility: hidden;\" title=\"&#8221;Etusivu&#8221; &#8212; Tahko Mountain\" src=\"https:\/\/www.tahkomountain.fi\/embed\/#?secret=30ymdoAxCT#?secret=yGmzYujyFK\" data-secret=\"yGmzYujyFK\" width=\"600\" height=\"338\" frameborder=\"0\" marginwidth=\"0\" marginheight=\"0\" scrolling=\"no\"><\/iframe><\/p>\n<p>-4- Kasurila, 102hm, 4 SL, 1 TSL, parallel, Preise siehe vuokatti \/ ly 3h 35 tk 40<br \/>\nhttps:\/\/www.kasurila.com\/rinteet\/<\/p>\n<p>-4-5- Puijon, 93hm, 1 DM-DSB mit 1 Abfahrt neben der Schanze ly TK 26 abend 17-20 22,- evnur im Feb\/M\u00e4rz<br \/>\n.. auf der R\u00fcckseite m\u00fcsste es auch noch was geben mit 1 Lift und 1 Abfahrt?! -> Puijon Antikkalan, ev lsap, keine website<\/p>\n<blockquote class=\"wp-embedded-content\" data-secret=\"ZGypj3UWLL\"><p><a href=\"https:\/\/www.puijopeak.fi\/laskettelu-puijolla\/\">Laskettelu Puijolla<\/a><\/p><\/blockquote>\n<p><iframe loading=\"lazy\" class=\"wp-embedded-content\" sandbox=\"allow-scripts\" security=\"restricted\" style=\"position: absolute; visibility: hidden;\" title=\"&#8221;Laskettelu Puijolla&#8221; &#8212; Puijo Peak\" src=\"https:\/\/www.puijopeak.fi\/laskettelu-puijolla\/embed\/#?secret=YtoGiOADO6#?secret=ZGypj3UWLL\" data-secret=\"ZGypj3UWLL\" width=\"600\" height=\"338\" frameborder=\"0\" marginwidth=\"0\" marginheight=\"0\" scrolling=\"no\"><\/iframe><\/p>\n<p>-x Maarianrinteet, 140hm, 2 SL, 1 TSL; Graffer-Doppel-SL mit Kurve am linken Lift, jetzt wohl LSAP<\/p>\n<p>-2-3- Koli (Ukko-Koli), 1 DSB (DM), 2 SL, ca 230hm, wenige Abfahrten nur dazwischen, steiler, mit Blick auf gro\u00dfem See (normalerweise gefroren), schaut bilderm\u00e4\u00dfig nett aus; vom oberen Parkplatz kleine steile SSB zur Bergstation; ly 2h 30, 3h 34, TK 40, -5% online<br \/>\nhttp:\/\/www.koli.fi\/Suomeksi\/Nae_ja_tee\/Rinteet.iw3<\/p>\n<p>-x qasi daneben: Loma-Koli, ca 130hm, ca. 2 SL, 1 TSL, mittlerweile LSAP<\/p>\n<p>-4-5 Mustavaara, 90hm, 2 SL (Doppel, Leitner), 1 TSL, ly. 1h 21, 2h 23, 3h 25, &#8230;.<br \/>\nhttp:\/\/www.mustavaara.fi\/<\/p>\n<p>-4-5 P\u00e4\u00e4skyvuori, 102hm, 2 SL, ly 1h 21, 2h 26, 3h 31..<\/p>\n<blockquote class=\"wp-embedded-content\" data-secret=\"NJjll3EtG8\"><p><a href=\"https:\/\/www.paaskyvuori.fi\/\">Etusivu<\/a><\/p><\/blockquote>\n<p><iframe loading=\"lazy\" class=\"wp-embedded-content\" sandbox=\"allow-scripts\" security=\"restricted\" style=\"position: absolute; visibility: hidden;\" title=\"&#8221;Etusivu&#8221; &#8212; P&auml;&auml;skyvuori\" src=\"https:\/\/www.paaskyvuori.fi\/embed\/#?secret=jmXwkcx84g#?secret=NJjll3EtG8\" data-secret=\"NJjll3EtG8\" width=\"600\" height=\"338\" frameborder=\"0\" marginwidth=\"0\" marginheight=\"0\" scrolling=\"no\"><\/iframe><\/p>\n<p>-5 Vattuvuori Vatuski Varkaus, 1 SL Graffer 55hm<br \/>\nhttps:\/\/www.vattuvuori.com\/<\/p>\n<p>-4 H\u00e4k\u00e4rinteet, 3 Seiten, 3 Lifte, 103hm, ly. 1530-1930 30, 3h 40, tk 43, SnowCard! <\/p>\n<blockquote class=\"wp-embedded-content\" data-secret=\"Nekyxe0Ps7\"><p><a href=\"https:\/\/hakarinteet.fi\/\">Etusivu<\/a><\/p><\/blockquote>\n<p><iframe loading=\"lazy\" class=\"wp-embedded-content\" sandbox=\"allow-scripts\" security=\"restricted\" style=\"position: absolute; visibility: hidden;\" title=\"&#8221;Etusivu&#8221; &#8212; H&auml;k&auml;rinteet\" src=\"https:\/\/hakarinteet.fi\/embed\/#?secret=viJd887Q4u#?secret=Nekyxe0Ps7\" data-secret=\"Nekyxe0Ps7\" width=\"600\" height=\"338\" frameborder=\"0\" marginwidth=\"0\" marginheight=\"0\" scrolling=\"no\"><\/iframe><\/p>\n<blockquote class=\"wp-embedded-content\" data-secret=\"vFbDUxaD38\"><p><a href=\"https:\/\/www.ski.fi\/en\/resorts\/hakarinteet\/\">H\u00e4k\u00e4rinteet<\/a><\/p><\/blockquote>\n<p><iframe loading=\"lazy\" class=\"wp-embedded-content\" sandbox=\"allow-scripts\" security=\"restricted\" style=\"position: absolute; visibility: hidden;\" title=\"&#8220;H\u00e4k\u00e4rinteet&#8221; &#8212; Ski.fi\" src=\"https:\/\/www.ski.fi\/en\/resorts\/hakarinteet\/embed\/#?secret=ndi17ASDim#?secret=vFbDUxaD38\" data-secret=\"vFbDUxaD38\" width=\"600\" height=\"338\" frameborder=\"0\" marginwidth=\"0\" marginheight=\"0\" scrolling=\"no\"><\/iframe><\/p>\n<p>-x R\u00e4m\u00e4kk\u00e4 wohl LSAP<\/p>\n<p>-4-5 Sahis Savivuoren, 78hm, 1 TSL, ly 3h 20, tk 25<br \/>\nhttps:\/\/www.facebook.com\/sahisofficial<\/p>\n<p>-4-5 Paavonrinteet, 75hm, 1 TSL, ly 1h 18, 2h 21, 3h 26<\/p>\n<blockquote class=\"wp-embedded-content\" data-secret=\"r7UMZ981VK\"><p><a href=\"https:\/\/saarijarvi.fi\/kulttuuri-ja-vapaa-aika\/liikunta\/laskettelu\/\">Paavonrinteet<\/a><\/p><\/blockquote>\n<p><iframe loading=\"lazy\" class=\"wp-embedded-content\" sandbox=\"allow-scripts\" security=\"restricted\" style=\"position: absolute; visibility: hidden;\" title=\"&#8221;Paavonrinteet&#8221; &#8212; Saarij\u00e4rven kaupunki\" src=\"https:\/\/saarijarvi.fi\/kulttuuri-ja-vapaa-aika\/liikunta\/laskettelu\/embed\/#?secret=Fw3s4NlkhD#?secret=r7UMZ981VK\" data-secret=\"r7UMZ981VK\" width=\"600\" height=\"338\" frameborder=\"0\" marginwidth=\"0\" marginheight=\"0\" scrolling=\"no\"><\/iframe><\/p>\n<p>-5 \u00c4\u00e4nem\u00e4ki, 65hm, 2 SL, 1h 20 2h 22 3h 25 Snowcard 5<br \/>\nhttps:\/\/www.aanekoskenurheilijat.fi\/aanemaki\/<\/p>\n<p>-3-4 Laajis, 3 Seiten, 3-4 SL, 105hm, 3h 39, tk 42, werktags ab 1600 32; mo+fr letzte 4h 19<br \/>\nly Caravanpark 45 \u20ac 2 pers inkl 10 \u20ac  strom; woche 245=35; With your own meter: \u20ac3 + \u20ac0.40 per kWh (only for weekly)<\/p>\n<blockquote class=\"wp-embedded-content\" data-secret=\"OhiTXGq58b\"><p><a href=\"https:\/\/laajis.fi\/\">Etusivu<\/a><\/p><\/blockquote>\n<p><iframe loading=\"lazy\" class=\"wp-embedded-content\" sandbox=\"allow-scripts\" security=\"restricted\" style=\"position: absolute; visibility: hidden;\" title=\"&#8221;Etusivu&#8221; &#8212; laajis\" src=\"https:\/\/laajis.fi\/embed\/#?secret=8CWo9kfEda#?secret=OhiTXGq58b\" data-secret=\"OhiTXGq58b\" width=\"600\" height=\"338\" frameborder=\"0\" marginwidth=\"0\" marginheight=\"0\" scrolling=\"no\"><\/iframe><\/p>\n<p>-4 Riihivuori, 120hm, 2 Seiten 3 SL, 1 TSL, ly 3h 39, 16-20h 33, tk 41<\/p>\n<blockquote class=\"wp-embedded-content\" data-secret=\"3rsgwWwobV\"><p><a href=\"https:\/\/www.riihivuori.fi\/\">Etusivu<\/a><\/p><\/blockquote>\n<p><iframe loading=\"lazy\" class=\"wp-embedded-content\" sandbox=\"allow-scripts\" security=\"restricted\" style=\"position: absolute; visibility: hidden;\" title=\"&#8221;Etusivu&#8221; &#8212; Riihivuori\" src=\"https:\/\/www.riihivuori.fi\/embed\/#?secret=8UrwX6RiDz#?secret=3rsgwWwobV\" data-secret=\"3rsgwWwobV\" width=\"600\" height=\"338\" frameborder=\"0\" marginwidth=\"0\" marginheight=\"0\" scrolling=\"no\"><\/iframe><\/p>\n<p>-x Juupavaara, 1 SL, 1 TSL, 95hm, lt GE LSAP und h\u00e4tte interessanter ausgeschaut als viele andere<br \/>\nhttp:\/\/www.juupavaara.fi\/sivut\/info.htm<\/p>\n<p>-3 Himos, gro\u00df, mehrere H\u00fcgel, mehrere SBs; 2 SB, 7 SL, 4 TSL, 151hm, parallel auf mehrere H\u00fcgel verteilt, keine Preise von letzter Saison mehr online; im April 20% Nachlass; Caravan: 2 Orte, 40 \u20ac \/ tag, Strom evtl zzgl 0,40\/kWh<\/p>\n<blockquote class=\"wp-embedded-content\" data-secret=\"grLrHJsQFV\"><p><a href=\"https:\/\/himos.fi\/\">Etusivu<\/a><\/p><\/blockquote>\n<p><iframe loading=\"lazy\" class=\"wp-embedded-content\" sandbox=\"allow-scripts\" security=\"restricted\" style=\"position: absolute; visibility: hidden;\" title=\"&#8221;Etusivu&#8221; &#8212; Himos.fi\" src=\"https:\/\/himos.fi\/embed\/#?secret=n9Z9sCcqbU#?secret=grLrHJsQFV\" data-secret=\"grLrHJsQFV\" width=\"600\" height=\"338\" frameborder=\"0\" marginwidth=\"0\" marginheight=\"0\" scrolling=\"no\"><\/iframe><\/p>\n<p>-4-5 Purnu, 100hm, 1 SL; ly 1h 27, 3h 36; 16-21h 27<\/p>\n<blockquote class=\"wp-embedded-content\" data-secret=\"cyHtxwqsJO\"><p><a href=\"https:\/\/www.purnu.com\/\">Ajankohtaista<\/a><\/p><\/blockquote>\n<p><iframe loading=\"lazy\" class=\"wp-embedded-content\" sandbox=\"allow-scripts\" security=\"restricted\" style=\"position: absolute; visibility: hidden;\" title=\"&#8221;Ajankohtaista&#8221; &#8212; Hiihtokeskus Purnu\" src=\"https:\/\/www.purnu.com\/embed\/#?secret=H838Ul5c4O#?secret=cyHtxwqsJO\" data-secret=\"cyHtxwqsJO\" width=\"600\" height=\"338\" frameborder=\"0\" marginwidth=\"0\" marginheight=\"0\" scrolling=\"no\"><\/iframe><\/p>\n<p>-x Vehmasrinteet, LSAP<\/p>\n<p>-5 Tornim\u00e4ki, 60hm, 1-2 SL (1 KSSL?)<br \/>\nhttp:\/\/www.skitornimaki.fi\/<\/p>\n<p>-5 Hasam\u00e4ki, 1 SL, 65hm, ly 1h 20, 2h 23, 3h 27, Snowcard (5\u20ac)<\/p>\n<blockquote class=\"wp-embedded-content\" data-secret=\"pRyjmUoZfL\"><p><a href=\"https:\/\/www.hasamaki.fi\/\">Kiitos kaudesta 2024-2025!<\/a><\/p><\/blockquote>\n<p><iframe loading=\"lazy\" class=\"wp-embedded-content\" sandbox=\"allow-scripts\" security=\"restricted\" style=\"position: absolute; visibility: hidden;\" title=\"&#8221;Kiitos kaudesta 2024-2025!&#8221; &#8212; Hasam\u00e4ki\" src=\"https:\/\/www.hasamaki.fi\/embed\/#?secret=RYNSYqBmen#?secret=pRyjmUoZfL\" data-secret=\"pRyjmUoZfL\" width=\"600\" height=\"338\" frameborder=\"0\" marginwidth=\"0\" marginheight=\"0\" scrolling=\"no\"><\/iframe><\/p>\n<p>-x Lekotti Lekotinm\u00e4ki, 1 KSSL 75hm, vmtl. LSAP<\/p>\n<p>-4-5 Ruunarinteet, 85hm, 1 SL (Graffer-Doppel), ly 2h 20, 3h 23, 4h 26, tk 30<\/p>\n<blockquote class=\"wp-embedded-content\" data-secret=\"HyzX2R1pld\"><p><a href=\"https:\/\/ruunarinteet.fi\/\">Etusivu<\/a><\/p><\/blockquote>\n<p><iframe loading=\"lazy\" class=\"wp-embedded-content\" sandbox=\"allow-scripts\" security=\"restricted\" style=\"position: absolute; visibility: hidden;\" title=\"&#8221;Etusivu&#8221; &#8212; Ruunarinteet\" src=\"https:\/\/ruunarinteet.fi\/embed\/#?secret=s31kdTnmc2#?secret=HyzX2R1pld\" data-secret=\"HyzX2R1pld\" width=\"600\" height=\"338\" frameborder=\"0\" marginwidth=\"0\" marginheight=\"0\" scrolling=\"no\"><\/iframe><\/p>\n<p>-5 Konka,  70hm, nur Ponylifte<\/p>\n<blockquote class=\"wp-embedded-content\" data-secret=\"NjEefVT7gA\"><p><a href=\"https:\/\/konkaski.fi\/rinteet\/\">Rinteet<\/a><\/p><\/blockquote>\n<p><iframe loading=\"lazy\" class=\"wp-embedded-content\" sandbox=\"allow-scripts\" security=\"restricted\" style=\"position: absolute; visibility: hidden;\" title=\"&#8221;Rinteet&#8221; &#8212; KonkaSki - Tervetuloa\" src=\"https:\/\/konkaski.fi\/rinteet\/embed\/#?secret=S6wzZHhXUi#?secret=NjEefVT7gA\" data-secret=\"NjEefVT7gA\" width=\"600\" height=\"338\" frameborder=\"0\" marginwidth=\"0\" marginheight=\"0\" scrolling=\"no\"><\/iframe><\/p>\n<p>-5 Ruokolahden Freeski, 1 Doppel-SL, 70hm, fast nur Funparks<br \/>\nhttps:\/\/www.freeski.fi\/<\/p>\n<p>-5?- Myllym\u00e4ki, 1-4 SL, 70hm, ly 1h 20, 2h 22, 3h 24&#8230;<br \/>\nhttps:\/\/www.myllymaki.com<\/p>\n<p>-4-5 Mielakka, 2 Seiten 2SL, 77hm, Snowcard<\/p>\n<blockquote class=\"wp-embedded-content\" data-secret=\"C6ZYhJ4KXw\"><p><a href=\"https:\/\/mielakka.com\/rinnekeskus\/rinteet\/\">Rinteet<\/a><\/p><\/blockquote>\n<p><iframe loading=\"lazy\" class=\"wp-embedded-content\" sandbox=\"allow-scripts\" security=\"restricted\" style=\"position: absolute; visibility: hidden;\" title=\"&#8221;Rinteet&#8221; &#8212; Mielakan Rinnekeskus\" src=\"https:\/\/mielakka.com\/rinnekeskus\/rinteet\/embed\/#?secret=9cUKmcGYWI#?secret=C6ZYhJ4KXw\" data-secret=\"C6ZYhJ4KXw\" width=\"600\" height=\"338\" frameborder=\"0\" marginwidth=\"0\" marginheight=\"0\" scrolling=\"no\"><\/iframe><\/p>\n<p>-5- Uuperinrinteet, 1 Doppel-SL 80hm<\/p>\n<p>-5- Ruosniemen 30hm, Snowcard<br \/>\nhttps:\/\/ruosniemi.fi\/<\/p>\n<p>-5- Salomonkallio, 1 SL 30hm<br \/>\nhttps:\/\/www.salomonkallio.fi\/<\/p>\n<p>-5- Hiittenharjun, 45hm, 2-3 SL<\/p>\n<blockquote class=\"wp-embedded-content\" data-secret=\"NUZfi6On2U\"><p><a href=\"https:\/\/www.harjavallanjymy.fi\/info\/\">Hiittenharjun Hiihtokeskus<\/a><\/p><\/blockquote>\n<p><iframe loading=\"lazy\" class=\"wp-embedded-content\" sandbox=\"allow-scripts\" security=\"restricted\" style=\"position: absolute; visibility: hidden;\" title=\"&#8221;Hiittenharjun Hiihtokeskus&#8221; &#8212; Harjavallan Jymy\" src=\"https:\/\/www.harjavallanjymy.fi\/info\/embed\/#?secret=VnCzHnsUyP#?secret=NUZfi6On2U\" data-secret=\"NUZfi6On2U\" width=\"600\" height=\"338\" frameborder=\"0\" marginwidth=\"0\" marginheight=\"0\" scrolling=\"no\"><\/iframe><\/p>\n<p>-x J\u00e4mi, 43hm, 1 TSL &#8211; LSAP<\/p>\n<p>-4-5 Ellivuori, 2 Seiten, ca. 3-5 SL, gro\u00dfer See manchmal nicht ganz gefroren, 86hm,ly 1h 32, 2h 35, 3h 37, tk 42; 16-20h 24<\/p>\n<blockquote class=\"wp-embedded-content\" data-secret=\"xksk83UPmi\"><p><a href=\"https:\/\/ellivuori.fi\/rinteet\/\">Rinteet<\/a><\/p><\/blockquote>\n<p><iframe loading=\"lazy\" class=\"wp-embedded-content\" sandbox=\"allow-scripts\" security=\"restricted\" style=\"position: absolute; visibility: hidden;\" title=\"&#8221;Rinteet&#8221; &#8212; Ellivuori Ski Center\" src=\"https:\/\/ellivuori.fi\/rinteet\/embed\/#?secret=uXUj0Plwjp#?secret=xksk83UPmi\" data-secret=\"xksk83UPmi\" width=\"600\" height=\"338\" frameborder=\"0\" marginwidth=\"0\" marginheight=\"0\" scrolling=\"no\"><\/iframe><\/p>\n<p>-5 Mustavuori, 90hm<br \/>\nhttps:\/\/www.mustavuori.fi\/<\/p>\n<p>-x- Hervanta, 59hm, 2 SL parallel, wohl LSAP<\/p>\n<p>-5- Korkeakankaan Korkeakangas, halber Graffer-Doppel-SL, 62hm<\/p>\n<blockquote class=\"wp-embedded-content\" data-secret=\"HNd9WWF7sP\"><p><a href=\"https:\/\/korkeakangas.fi\/korkeakankaan-hiihtokeskus\/\">Korkeakankaan hiihtokeskus<\/a><\/p><\/blockquote>\n<p><iframe loading=\"lazy\" class=\"wp-embedded-content\" sandbox=\"allow-scripts\" security=\"restricted\" style=\"position: absolute; visibility: hidden;\" title=\"&#8221;Korkeakankaan hiihtokeskus&#8221; &#8212; Korkeakangas\" src=\"https:\/\/korkeakangas.fi\/korkeakankaan-hiihtokeskus\/embed\/#?secret=zLPDlf427x#?secret=HNd9WWF7sP\" data-secret=\"HNd9WWF7sP\" width=\"600\" height=\"338\" frameborder=\"0\" marginwidth=\"0\" marginheight=\"0\" scrolling=\"no\"><\/iframe><\/p>\n<p>-4- Sappee, 120hm ca 3 SL, viel Parks\/Funslopes,  3h\/NM 49, TK 52 au\u00dfer DI in Zwischensaison nur 5 \u20ac!?<\/p>\n<blockquote class=\"wp-embedded-content\" data-secret=\"6yYgC5LqO0\"><p><a href=\"https:\/\/www.ski.fi\/en\/resorts\/sappee\/\">Sappee<\/a><\/p><\/blockquote>\n<p><iframe loading=\"lazy\" class=\"wp-embedded-content\" sandbox=\"allow-scripts\" security=\"restricted\" style=\"position: absolute; visibility: hidden;\" title=\"&#8220;Sappee&#8221; &#8212; Ski.fi\" src=\"https:\/\/www.ski.fi\/en\/resorts\/sappee\/embed\/#?secret=XskLKVFBkg#?secret=6yYgC5LqO0\" data-secret=\"6yYgC5LqO0\" width=\"600\" height=\"338\" frameborder=\"0\" marginwidth=\"0\" marginheight=\"0\" scrolling=\"no\"><\/iframe><br \/>\nzumindet 2 h\u00e4nge?<\/p>\n<p>-3-4- Kalpalinna, ca. 8 SL inkl. KSSL(!) 2 H\u00fcgel je 2 Seiten Mini-Skischaukel mit ca 90hm, QR-Code-Skitickets; keine Preise von l.y.;Caravanpark 22\/tag + 15 strom (!) oder 80\/Woche + 0,45 pro kWh<\/p>\n<blockquote class=\"wp-embedded-content\" data-secret=\"jgTwQh3SKP\"><p><a href=\"https:\/\/kalpalinna.fi\/aukioloajat\/\">Aukioloajat<\/a><\/p><\/blockquote>\n<p><iframe loading=\"lazy\" class=\"wp-embedded-content\" sandbox=\"allow-scripts\" security=\"restricted\" style=\"position: absolute; visibility: hidden;\" title=\"&#8221;Aukioloajat&#8221; &#8212; Kalpalinna\" src=\"https:\/\/kalpalinna.fi\/aukioloajat\/embed\/#?secret=MI4WpEFLGx#?secret=jgTwQh3SKP\" data-secret=\"jgTwQh3SKP\" width=\"600\" height=\"338\" frameborder=\"0\" marginwidth=\"0\" marginheight=\"0\" scrolling=\"no\"><\/iframe><\/p>\n<p>-4 Messil\u00e4, ca. 10 SL (effektiv ca. 3-4), 111hm, 2 Seiten, ly 3h 42 online 40, 6h 44\/42, tk 46\/44, abends 35\/33 (tw g\u00fcnstiger)<\/p>\n<blockquote class=\"wp-embedded-content\" data-secret=\"XBIJPgwzFI\"><p><a href=\"https:\/\/messila.fi\/\">Etusivu kes\u00e4<\/a><\/p><\/blockquote>\n<p><iframe loading=\"lazy\" class=\"wp-embedded-content\" sandbox=\"allow-scripts\" security=\"restricted\" style=\"position: absolute; visibility: hidden;\" title=\"&#8221;Etusivu kes\u00e4&#8221; &#8212; Messil\u00e4\" src=\"https:\/\/messila.fi\/embed\/#?secret=X6vYn5hdYW#?secret=XBIJPgwzFI\" data-secret=\"XBIJPgwzFI\" width=\"600\" height=\"338\" frameborder=\"0\" marginwidth=\"0\" marginheight=\"0\" scrolling=\"no\"><\/iframe><\/p>\n<p>-5 Sveitsi, 2 Doppel-SL (Leitner) 80hm, ly, schwachsinnige Preisstaffel: 1h 34, 2h 35, 3h 36, 4h 37, tk 38<\/p>\n<blockquote class=\"wp-embedded-content\" data-secret=\"oH7krO1InV\"><p><a href=\"https:\/\/sveitsinhiihtokeskus.fi\/\">Sveitsin Hiihtokeskus<\/a><\/p><\/blockquote>\n<p><iframe loading=\"lazy\" class=\"wp-embedded-content\" sandbox=\"allow-scripts\" security=\"restricted\" style=\"position: absolute; visibility: hidden;\" title=\"&#8221;Sveitsin Hiihtokeskus&#8221; &#8212; SVEITSI\" src=\"https:\/\/sveitsinhiihtokeskus.fi\/embed\/#?secret=3qiDM7J44U#?secret=oH7krO1InV\" data-secret=\"oH7krO1InV\" width=\"600\" height=\"338\" frameborder=\"0\" marginwidth=\"0\" marginheight=\"0\" scrolling=\"no\"><\/iframe><\/p>\n<p>-5 Kokon \/ Kokonniemi, 57hm, 2-3 SL<br \/>\nhttps:\/\/www.kokon.fi\/<\/p>\n<p>-5- Talma, 2 Seiten, 55hm, 2-5 SL \/ KSSL, ly 1h 34, 2h 36, 3h 37,&#8230; abends 32<\/p>\n<blockquote class=\"wp-embedded-content\" data-secret=\"sh2oVWiy3n\"><p><a href=\"https:\/\/talmaski.fi\/\">Home<\/a><\/p><\/blockquote>\n<p><iframe loading=\"lazy\" class=\"wp-embedded-content\" sandbox=\"allow-scripts\" security=\"restricted\" style=\"position: absolute; visibility: hidden;\" title=\"&#8221;Home&#8221; &#8212; Talma Ski\" src=\"https:\/\/talmaski.fi\/embed\/#?secret=ZhiBnFCTik#?secret=sh2oVWiy3n\" data-secret=\"sh2oVWiy3n\" width=\"600\" height=\"338\" frameborder=\"0\" marginwidth=\"0\" marginheight=\"0\" scrolling=\"no\"><\/iframe><\/p>\n<p>-x- Klaukkalan Tornikeskus, wohl LSAP<\/p>\n<p>-5- Serena, 2 Doppel-SL (Graffer) 60hm, ly 1h 29, 2h 31, 3h 33, online g\u00fcnstiger<br \/>\nhttps:\/\/serena.fi<\/p>\n<p>-5- Kauniaisten Granibacken, 48hm, 1 SSL, Snowcard<br \/>\nhttp:\/\/www.grifkalpine.fi\/<\/p>\n<p>-5- Nuuksio Solvalla Swinghill, 2 SL 77hm, ly Snowcard 1h 25, 2h 27, 3h 29, tk 31, 15-18h 21<br \/>\nhttps:\/\/swinghill.fi\/<\/p>\n<p>-4-5- Peuramaa, 2-5 SL (blaue St\u00fctzen) 55hm, ly 1h 32, 2h 34, 3h 36&#8230;<br \/>\nhttps:\/\/www.peuramaa.fi\/<\/p>\n<p>-4- Vihti, ca. 4-6 SL (Graffer-Doppel, blau), 2 Seiten, 84hm, ly 3h 36, 4h 38, abend 32<br \/>\nhttps:\/\/www.vihtiski.fi\/<\/p>\n<p>-x- Alhovuori, 80hm, 1 DSB (Graffer), 1 SL, 2 H\u00fcgel (3 Seiten), mittlerweile wohl LSAP trotz einizigem Sessellift weit und breit<\/p>\n<blockquote class=\"wp-embedded-content\" data-secret=\"2EApqD4x6m\"><p><a href=\"https:\/\/www.lumipallo.fi\/hiihtokeskukset\/suomi\/etela-suomi\/alhovuori\/\">Alhovuori \u2013 Suomen etel\u00e4isin tuolihissi ei py\u00f6ri en\u00e4\u00e4<\/a><\/p><\/blockquote>\n<p><iframe loading=\"lazy\" class=\"wp-embedded-content\" sandbox=\"allow-scripts\" security=\"restricted\" style=\"position: absolute; visibility: hidden;\" title=\"&#8221;Alhovuori \u2013 Suomen etel\u00e4isin tuolihissi ei py\u00f6ri en\u00e4\u00e4&#8221; &#8212; Lumipallo\" src=\"https:\/\/www.lumipallo.fi\/hiihtokeskukset\/suomi\/etela-suomi\/alhovuori\/embed\/#?secret=2lquizDShd#?secret=2EApqD4x6m\" data-secret=\"2EApqD4x6m\" width=\"600\" height=\"338\" frameborder=\"0\" marginwidth=\"0\" marginheight=\"0\" scrolling=\"no\"><\/iframe><\/p>\n<p>-4-5- P\u00e5minne, 1 Trippel-KSSL (!), 85hm, ly 2h 25-26,  4h 27-31<\/p>\n<blockquote class=\"wp-embedded-content\" data-secret=\"PGhTpqXULJ\"><p><a href=\"https:\/\/paminne.fi\/\">Etusivu<\/a><\/p><\/blockquote>\n<p><iframe loading=\"lazy\" class=\"wp-embedded-content\" sandbox=\"allow-scripts\" security=\"restricted\" style=\"position: absolute; visibility: hidden;\" title=\"&#8221;Etusivu&#8221; &#8212; P\u00e5minne\" src=\"https:\/\/paminne.fi\/embed\/#?secret=voaiUUntz0#?secret=PGhTpqXULJ\" data-secret=\"PGhTpqXULJ\" width=\"600\" height=\"338\" frameborder=\"0\" marginwidth=\"0\" marginheight=\"0\" scrolling=\"no\"><\/iframe><\/p>\n<blockquote class=\"wp-embedded-content\" data-secret=\"MJw83bOjJd\"><p><a href=\"https:\/\/www.lumipallo.fi\/hiihtokeskukset\/suomi\/etela-suomi\/paminne\/\">P\u00e5minne \u2013 Suomen etel\u00e4isimm\u00e4t laskut<\/a><\/p><\/blockquote>\n<p><iframe loading=\"lazy\" class=\"wp-embedded-content\" sandbox=\"allow-scripts\" security=\"restricted\" style=\"position: absolute; visibility: hidden;\" title=\"&#8221;P\u00e5minne \u2013 Suomen etel\u00e4isimm\u00e4t laskut&#8221; &#8212; Lumipallo\" src=\"https:\/\/www.lumipallo.fi\/hiihtokeskukset\/suomi\/etela-suomi\/paminne\/embed\/#?secret=DZ8Jp1iRO9#?secret=MJw83bOjJd\" data-secret=\"MJw83bOjJd\" width=\"600\" height=\"338\" frameborder=\"0\" marginwidth=\"0\" marginheight=\"0\" scrolling=\"no\"><\/iframe><\/p>\n<p>-4- Meri-Teijo ca 2-3 SL 80hm, ly 2h 30, 3h 32, 4h 34, SnowCard 6 \u20ac<br \/>\nhttps:\/\/www.meriteijo.fi<\/p>\n<p>-5- Hirvensalon, 60hm, 2 SL par., ly 3h 38,  abend 33<br \/>\nhttps:\/\/www.hirvensalo.fi\/<\/p>\n<p>&#8211; &#8211; &#8211;<\/p>\n<p>&#8220;Die Frage ist nur, ob Russland das vielleicht anders sehen k\u00f6nnte, schlie\u00dflich wurde in Russland bereits mitgeteilt, dass Russland, \u201ewenn deutsche Soldaten Moskau mit deutschen Waffen angreifen\u201c, keine andere Wahl habe, \u201eals Berlin anzugreifen\u201c. &#8211; Merz nimmt das zumindest billigend in Kauf. Vielleicht will er genau das sogar provozieren, um einen Grund zu haben, deutsche und europ\u00e4ische Soldaten in einen Krieg mit Russland zu schicken.&#8221;<br \/>\n<a href='https:\/\/anti-spiegel.ru\/2025\/merz-lehnt-diplomatie-im-ukraine-konflikt-ab\/'>https:\/\/anti-spiegel.ru\/2025\/merz-lehnt-diplomatie-im-ukraine-konflikt-ab\/<\/a><\/p>\n<p>oder ebenso:<br \/>\n&#8220;Und das wei\u00df die Bundesregierung auch, aber ihr geht es nur darum, Russland auf eine Weise anzugreifen, die f\u00fcr die \u00d6ffentlichkeit unsichtbar bleibt, damit die Regierung im Falle der russischen Antwort wieder von einem \u201eunprovozierten russischen Angriff\u201c sprechen kann. \u201eSeht her, wir haben ja immer gesagt, dass die Russen aggressiv sind\u201c, wird es dann aus Berlin hei\u00dfen \u2013 und die durchschnittlichen Deutschen werden das glauben, weil die deutschen Medien das, was ich hier erkl\u00e4rt habe, konsequent verschweigen.&#8221;<br \/>\n&#8220;Daher die immer massiveren Provokationen: Offenbar ist es das Ziel gewisser europ\u00e4ischer Politiker, einen Vorfall zu provozieren, den man als russischen Angriff auf Europa pr\u00e4sentieren kann, um damit die Entsendung europ\u00e4ischer Soldaten in den Krieg gegen Russland zu rechtfertigen.&#8221;<br \/>\n<a href='https:\/\/anti-spiegel.ru\/2025\/die-deutsche-regierung-forciert-den-kurs-auf-krieg-mit-russland\/'>https:\/\/anti-spiegel.ru\/2025\/die-deutsche-regierung-forciert-den-kurs-auf-krieg-mit-russland\/<\/a><\/p>\n<p>oder falls es in den Nachrichten bald hei\u00dfen wird, dass Russland pl\u00f6tzlich und unerwartet Estland angreift &#8211; wird das nur deshalb sein, weil Estland bereits Russland angegriffen hat:<br \/>\n&#8220;Russland versucht nach wie vor einen gro\u00dfen Krieg in Europa zu vermeiden&#8221;<br \/>\n&#8220;Wenn aus den baltischen Staaten Angriffsdrohnen nach Russland abgefeuert werden und Russland das offiziell best\u00e4tigt, w\u00fcrde das zwangsl\u00e4ufig einen hei\u00dfen Krieg gegen die baltischen Staaten und damit wohl gegen die NATO oder zumindest die Staaten der EU bedeuten.&#8221;<br \/>\n<a href='https:\/\/anti-spiegel.ru\/2025\/wird-russland-aus-den-baltischen-staaten-mit-drohnen-beschossen\/'>https:\/\/anti-spiegel.ru\/2025\/wird-russland-aus-den-baltischen-staaten-mit-drohnen-beschossen\/<\/a><\/p>\n","protected":false},"excerpt":{"rendered":"<p>Mi, 9.7.2025<\/p>\n<p>11:45 Uhr, heute den ganzen Vormittag trocken gewesen, stark bedeckt, gerade kommt etwas Sonne durch. <\/p>\n<p>Aber was sagt das Bergfexwetter f\u00fcr die Koralpe, extra nochmals mit F5 aktualisiert: &#8220;Heute, 11:00 &#8211; starker Regen, Niederschlag: 90%&#8221; (und so wird das bis 15 Uhr vorhergesagt, in Summe 30 Liter) &#8211; ne, ich kann bis <a href=\"http:\/\/blog.inmontanis.info\/?p=10850\">[&#8230;]<\/a><\/p>\n","protected":false},"author":1,"featured_media":10852,"comment_status":"closed","ping_status":"closed","sticky":false,"template":"","format":"standard","meta":{"footnotes":""},"categories":[20,200,13],"tags":[],"class_list":["post-10850","post","type-post","status-publish","format-standard","has-post-thumbnail","hentry","category-finnlandfinland","category-koralpe","category-austria","odd"],"_links":{"self":[{"href":"http:\/\/blog.inmontanis.info\/index.php?rest_route=\/wp\/v2\/posts\/10850","targetHints":{"allow":["GET"]}}],"collection":[{"href":"http:\/\/blog.inmontanis.info\/index.php?rest_route=\/wp\/v2\/posts"}],"about":[{"href":"http:\/\/blog.inmontanis.info\/index.php?rest_route=\/wp\/v2\/types\/post"}],"author":[{"embeddable":true,"href":"http:\/\/blog.inmontanis.info\/index.php?rest_route=\/wp\/v2\/users\/1"}],"replies":[{"embeddable":true,"href":"http:\/\/blog.inmontanis.info\/index.php?rest_route=%2Fwp%2Fv2%2Fcomments&post=10850"}],"version-history":[{"count":2,"href":"http:\/\/blog.inmontanis.info\/index.php?rest_route=\/wp\/v2\/posts\/10850\/revisions"}],"predecessor-version":[{"id":10853,"href":"http:\/\/blog.inmontanis.info\/index.php?rest_route=\/wp\/v2\/posts\/10850\/revisions\/10853"}],"wp:featuredmedia":[{"embeddable":true,"href":"http:\/\/blog.inmontanis.info\/index.php?rest_route=\/wp\/v2\/media\/10852"}],"wp:attachment":[{"href":"http:\/\/blog.inmontanis.info\/index.php?rest_route=%2Fwp%2Fv2%2Fmedia&parent=10850"}],"wp:term":[{"taxonomy":"category","embeddable":true,"href":"http:\/\/blog.inmontanis.info\/index.php?rest_route=%2Fwp%2Fv2%2Fcategories&post=10850"},{"taxonomy":"post_tag","embeddable":true,"href":"http:\/\/blog.inmontanis.info\/index.php?rest_route=%2Fwp%2Fv2%2Ftags&post=10850"}],"curies":[{"name":"wp","href":"https:\/\/api.w.org\/{rel}","templated":true}]}}