{"id":10843,"date":"2025-07-08T16:03:23","date_gmt":"2025-07-08T14:03:23","guid":{"rendered":"http:\/\/blog.inmontanis.info\/?p=10843"},"modified":"2025-07-09T17:38:08","modified_gmt":"2025-07-09T15:38:08","slug":"decken-desaster-ruckblick-1925-teil-3-einkauf-winterplanung-ki-musik-28-6-8-7-2025","status":"publish","type":"post","link":"http:\/\/blog.inmontanis.info\/?p=10843","title":{"rendered":"Decken-Desaster, R\u00fcckblick 1925 Teil 3, Einkauf, Winterplanung, KI, Musik, &#8230;, 28.6.-8.7.2025"},"content":{"rendered":"<p><strong>Sa, 28.6.2025<\/strong><\/p>\n<p>Sehr sonnig und schon wieder recht warm am Morgen, soll ich da wirklich heute ins Tal zum Einkaufen (und Entsorgen) fahren? Heue 30\u00b0 im Tal gemeldet, n\u00e4chsten Samstag sehen einige Wetterberichte Wolken, leichter Regen und nur noch 24\u00b0. Lebensmittel w\u00fcrden mir ja langen, nur mit Semmeln\/Toast m\u00fcsst ich etwas sparsamer sein, aber mit 11 Scheiben gro\u00df, 1 Scheibe klein und der Doppelsemmel sollte das reichen. Oder ich probiers morgen fr\u00fch doch nochmals beim B\u00f6cker im Skigebiet, vorletztes WE hatte ich ja am Sonntag Gl\u00fcck (und am Samstag darauf Pech). <\/p>\n<p>14,49 \u20ac w\u00fcrde eine der Zierleisten im Obi kosten .. gleiches Design andere Ma\u00dfe (etwas gr\u00f6\u00dfer und Motiv sch\u00f6ner ausgearbeitet) w\u00fcrde bei Hornbach nur 8,25, bei Bauhaus nur 7,50 kosten. Mind. 5 br\u00e4uchte ich wohl noch zu der einen (oder alle ersetzen, wenn alternatives Modell) oder eben noch viel mehr, je nachdem wieviel W\u00e4nde ich damit machen will. Aber 70-100 \u20ac will ich da jetzt eigentlich nicht f\u00fcr ausgeben &#8230;<\/p>\n<p>Oder ich bestell bei Hornbach und hoffe, dass sie entweder nicht per GLS verschicken, oder dass es diese Woche ankommen w\u00fcrde, so dass ich das eben am Samstag (oder Freitag oder Montag, je nach \u00d6ffnung) im Tal wo abholen k\u00f6nnte&#8230;<\/p>\n<p>Ok, Einkauf verschoben.<\/p>\n<p><a href='http:\/\/extra.inmontanis.info\/v\/sonstiges\/Gefundenes\/DSC05260.jpg.html'><img src=http:\/\/extra.inmontanis.info\/d\/131709-2\/DSC05260.jpg \/><\/a><br \/>\nGrotestk aus Not? &#8211; Eigenartige Tierwesen<\/p>\n<p><a href='http:\/\/extra.inmontanis.info\/d\/131595-2\/DSC05265.jpg'><img src=http:\/\/extra.inmontanis.info\/d\/131594-3\/DSC05265.jpg \/><\/a><br \/>\n^ Heute die restlichen Schupfnudeln und eine Dose Sauerbraten-Gulasch plus Preiselbeeren.<\/p>\n<p>Geschmacklich nicht wirklich \u00fcberzeugend, wobei es mit 1-2 Essl\u00f6ffel Preiselbeeren in der So\u00dfe vermischt besser war. Da m\u00fcsste man wohl sonst noch irgendwie nachw\u00fcrzen mit Zucker oder Sahne oder was auch immer.<\/p>\n<p><strong>So, 29.6.2025<\/strong><\/p>\n<p>So, also der B\u00e4cker hat von 7 bis ca. 9\/9:30 offen, das Ende kann sich wohl verschieben. Heut war ich kurz vor 9 Uhr dort und hab 2 normale Semmel (diesmal nicht so doppelt wie vor 2 Wochen), 1 Mohnsemmel, 1 gro\u00dfe Breze und 1 gro\u00dfe Apfeltasche mitgenommen, waren dann teure 7,90 \u20ac.<\/p>\n<p><a href='http:\/\/ski.inmontanis.info\/d\/341063-3\/DSC05267.jpg'><img src=http:\/\/ski.inmontanis.info\/d\/341062-4\/DSC05267.jpg \/><\/a><br \/>\n^ Abfahrt Hipfl-SL<\/p>\n<p><a href='http:\/\/ski.inmontanis.info\/d\/341067-3\/DSC05270.jpg'><img src=http:\/\/ski.inmontanis.info\/d\/341066-4\/DSC05270.jpg \/><\/a><br \/>\n^ Heute mal bessere Fernsicht (Talstation 4KSB, am Aufzug)<\/p>\n<p><a href='http:\/\/ski.inmontanis.info\/d\/341071-3\/DSC05274.jpg'><img src=http:\/\/ski.inmontanis.info\/d\/341070-4\/DSC05274.jpg \/><\/a><br \/>\n^ Wolfsberg<\/p>\n<p><a href='http:\/\/ski.inmontanis.info\/d\/341075-3\/DSC05275.jpg'><img src=http:\/\/ski.inmontanis.info\/d\/341074-4\/DSC05275.jpg \/><\/a><br \/>\n^ Unterer Hang der stillgelegten 4KSB<\/p>\n<p><a href='http:\/\/ski.inmontanis.info\/d\/341079-3\/DSC05278.jpg'><img src=http:\/\/ski.inmontanis.info\/d\/341078-4\/DSC05278.jpg \/><\/a><br \/>\n^ Tja, damals, inkl. SL statt der 4KSB hier, war das Skigebiet noch gr\u00f6\u00dfer.<\/p>\n<p><a href='http:\/\/ski.inmontanis.info\/d\/341083-3\/DSC05280.jpg'><img src=http:\/\/ski.inmontanis.info\/d\/341082-4\/DSC05280.jpg \/><\/a><br \/>\n^ <\/p>\n<p>Post von English Heritage kam auch. Ich dachte, die Mitgliedschaft w\u00fcrde sich nur verl\u00e4ngern, wenn man wieder zahlt &#8211; und automatisch auslaufen, wenn man nicht zahlt.<\/p>\n<p>Scheint auch so zu sein, aber die Karte bekam man auch schon zugeschickt mit aufgedruckter G\u00fcltigkiet Juni 2026.. So albern. Letzets Jahr  musste ich mit der teils nicht akzeptierten tempor\u00e4ren  Kate \u00fcberall rein und jetzt h\u00e4tte ich eine nicht-aktivierte Karte ;)<\/p>\n<p>Heute die 5 Ecken des Hauptrahmens schabloniert, zuvor noch die Ecken genauer eingezeichnet, obwohl das nicht lang dauert, strengt es doch recht an<\/p>\n<p><a href='http:\/\/extra.inmontanis.info\/v\/sonstiges\/Gefundenes\/DSC05285.jpg.html'><img src=http:\/\/extra.inmontanis.info\/d\/131712-2\/DSC05285.jpg \/><\/a><br \/>\nOhropax-Werbung 1925<\/p>\n<p><a href='http:\/\/extra.inmontanis.info\/v\/sonstiges\/Gefundenes\/DSC05286.jpg.html'><img src=http:\/\/extra.inmontanis.info\/d\/131715-2\/DSC05286.jpg \/><\/a><br \/>\nSchneeschuhfahrt oben und Damenkleidung samt Preisen unten<\/p>\n<p><a href='http:\/\/extra.inmontanis.info\/v\/sonstiges\/Gefundenes\/DSC05288.jpg.html'><img src=http:\/\/extra.inmontanis.info\/d\/131718-2\/DSC05288.jpg \/><\/a><br \/>\nLange vor den Haferdrinks gab es bereits Haferkakao<\/p>\n<p><a href='http:\/\/extra.inmontanis.info\/v\/sonstiges\/Gefundenes\/DSC05290.jpg.html'><img src=http:\/\/extra.inmontanis.info\/d\/131721-2\/DSC05290.jpg \/><\/a><br \/>\nDie Oetker-Werbung diese Woche nicht in Fraktur; darunter Biomalz samt neu: Bonbons<\/p>\n<p><a href='http:\/\/extra.inmontanis.info\/v\/sonstiges\/Gefundenes\/DSC05291.jpg.html'><img src=http:\/\/extra.inmontanis.info\/d\/131724-2\/DSC05291.jpg \/><\/a><br \/>\nElektro-Kraftkarren von MAN<\/p>\n<p><a href='http:\/\/extra.inmontanis.info\/v\/sonstiges\/Gefundenes\/DSC05292.jpg.html'><img src=http:\/\/extra.inmontanis.info\/d\/131727-2\/DSC05292.jpg \/><\/a><br \/>\nHotelwerbung k\u00f6nnte aufschluss \u00fcber damals beliebte Ziele geben<\/p>\n<p>Nach der Lesestunde doch noch die Kraft und \u00dcberwindung genommen, die restlichen Zwischenst\u00fccke zu schablonieren, diesmal erstmals von einem anderen Versender, die gingen aber nicht so gut bzw. hier hinerlief mir \u00f6fters Farbe in den kleineren St\u00fccken. Passierte aber auch bei den anderen. <\/p>\n<p>Die n\u00e4chsten Tage soll es wieder weit \u00fcber 30\u00b0 geben mit bis zu 38\u00b0 in \u00d6sterreich. Hoffentlich behalten die gestern konsultierten Vorhersageseiten Recht, die n\u00e4chsten Samstag eine Abk\u00fchlung vorhersagten&#8230;<\/p>\n<p><strong>Mo, 30.6.2025<\/strong><\/p>\n<p>Also der Sommer letztes Jahr auf den britischen Inseln war schon wesentlich interessanter als der heurige daheim ;)<\/p>\n<p>Fenster heut Nacht wieder offen, ergab von 22,4\u00b0 auf 21,6\u00b0. <\/p>\n<p>Ich klebte also die Linie f\u00fcr den gro\u00dfen Rahmen ab und vollendete noch die letzet Ecke. Doch etwas gro\u00df geworden &#8230;<\/p>\n<p><a href='http:\/\/extra.inmontanis.info\/d\/131599-2\/DSC05300.jpg'><img src=http:\/\/extra.inmontanis.info\/d\/131598-3\/DSC05300.jpg \/><\/a><br \/>\n^ So gro\u00df wollte ich diese Deckenecke eigentlich gar nicht machen, aber jetzt hab ichs so sch\u00f6n geklebt&#8230;<\/p>\n<p>Schon war ich wieder zu ersch\u00f6pft, legte eine Lesestunde ein, machte einen Anruf und a\u00df zu Abend, bevor ich noch die Linie malte.<\/p>\n<p><a href='http:\/\/extra.inmontanis.info\/v\/sonstiges\/Gefundenes\/DSC05302.jpg.html'><img src=http:\/\/extra.inmontanis.info\/d\/131730-2\/DSC05302.jpg \/><\/a><br \/>\nWettflug um die Zugspitze &#8211; schon krass, wie das damals mit dem M\u00fcnchner Haus vor den ganzen Seilbahnen ausgeschaut hatte<\/p>\n<p><a href='http:\/\/extra.inmontanis.info\/v\/sonstiges\/Gefundenes\/DSC05303.jpg.html'><img src=http:\/\/extra.inmontanis.info\/d\/131733-2\/DSC05303.jpg \/><\/a><br \/>\nEine einj\u00e4hrige Pflichtschule soll die Frau zu einer guten Hausfrau erziehen, Putzen, Kochen, etc. &#8211; f\u00e4nd ich f\u00fcr beide Geschlechter auch heute noch sehr sinnvoll<\/p>\n<p><a href='http:\/\/extra.inmontanis.info\/v\/sonstiges\/Gefundenes\/DSC05304.jpg.html'><img src=http:\/\/extra.inmontanis.info\/d\/131736-2\/DSC05304.jpg \/><\/a><br \/>\nDas Echolot &#8211; eine f\u00fcr die Schiffahrt bahnbrechende deutsche Erfindung (man beachte die gesperrte Schreibweise vom sch oben in &#8220;deutsche&#8221;, das ch wird wie ein ck generell nicht gesperrt, aber das lange s vor dem ch wird  entfernt gesetzt, obwohl &#8220;sch&#8221; ja auch ein einzelner Laut ist!)<\/p>\n<p>Weil mein PC in letzter Zeit so lahm war und der L\u00fcfter auf Anschlag und die CPU-Temperatur h\u00e4ufig auf Anschlag (100\u00b0C) war, hab ich den sp\u00e4ter auch noch ausgesaugt und ausgeblasen und war \u00fcberrascht, wie leise der L\u00fcfter  sein kann, als ich den PC wieder hochfuhr ;) Linux und KDE k\u00f6nnen also auch in der leisen L\u00fcfterdrehzahl sein (vor 1 oder 2 Jahren hab ich das schon nur unter xfce o.\u00e4. geschafft).  Schon sind es &#8220;angenehme&#8221; 65-75\u00b0.<\/p>\n<p><a href='http:\/\/extra.inmontanis.info\/d\/131603-2\/DSC05306.jpg'><img src=http:\/\/extra.inmontanis.info\/d\/131602-3\/DSC05306.jpg \/><\/a><br \/>\n^ Ecken und zwischenliegende Ornamente sind nun schabloniert und auch fast alle wei\u00dfen Linien<\/p>\n<p><a href='http:\/\/extra.inmontanis.info\/d\/131607-3\/DSC05308.jpg'><img src=http:\/\/extra.inmontanis.info\/d\/131606-4\/DSC05308.jpg \/><\/a><br \/>\n^ Ja schon etwas zu gro\u00df diese Ecke<\/p>\n<p><a href='http:\/\/extra.inmontanis.info\/d\/131611-3\/DSC05311.jpg'><img src=http:\/\/extra.inmontanis.info\/d\/131610-4\/DSC05311.jpg \/><\/a><br \/>\n^ Es gab auch schlechtere Ergebnisse als das hier, das mit die beste Ecke geworden ist<\/p>\n<p>Wenn am Monatsende noch Datenvolumen \u00fcbrig ist, bieten sich auch Updates an (gestern gemacht) oder Amazon-Videos abspeichern (die letzten Tage schon gemacht) oder Webserver backuppen (vor ein paar Tagen), hab trotzdem noch was von meinen 40+12 GB \u00fcbrig. Allerdings YT-Videos die letzten Wochen auch nur mit 240-360p Aufl\u00f6sung angeschaut und bei Prime Video die t\u00e4glichen Downloads auf die zweitniedrigste Datengr\u00f6\u00dfe definiert. <\/p>\n<p><strong>Di, 1.7.2025<\/strong><\/p>\n<p>Wohnungstemperatur heut vor\/nach der Nacht: von 22,7\u00b0 auf 21,7\u00b0. Gut, dass ich mich die ersten Wochen mit unter 18\u00b0 begn\u00fcgte, sonst w\u00e4rs wohl schon w\u00e4rmer. <\/p>\n<p>Von Hornbach kam nun die Versandmeldung &#8211; es wurde weder mit Post, DPD, GLS, sondern per Spedition Gebr\u00fcder Weiss verschickt. Da bin ich mal gespannt, ob die zu mir rauffahren und wann das sein wird.<\/p>\n<p><a href='http:\/\/extra.inmontanis.info\/v\/sonstiges\/Gefundenes\/DSC05317.jpg.html'><img src=http:\/\/extra.inmontanis.info\/d\/131739-2\/DSC05317.jpg \/><\/a><br \/>\nSo wie die hier aus der Mode gekommenen Stammb\u00fccher erkl\u00e4rt werden, kenn ich das als Poesialbum aus meiner Kindheit der 1970\/1980er<\/p>\n<p><a href='http:\/\/extra.inmontanis.info\/v\/sonstiges\/Gefundenes\/DSC05318.jpg.html'><img src=http:\/\/extra.inmontanis.info\/d\/131742-2\/DSC05318.jpg \/><\/a><br \/>\nDie Geheimnisse der Damenhandtasche. &#8220;Pfefferminzpl\u00e4tzchen oder sonstige Drops&#8221;. Sind mit ersterem nun Pl\u00e4tzchen=Kekse gemeint oder doch Bonbons?!<br \/>\nAhja, ein Vorteil der zwei verschiedenen s siehe bei &#8230;.d\u00f6schen -> ein &#8220;s-ch&#8221; wird also mit kurzem s geschrieben, ein &#8220;sch&#8221; mit langem s (\u017f). Verglichen mit der fehleranf\u00e4lligen Lesbarkeit zum f ist mir das D\u00f6schen trotzdem lieber.<\/p>\n<p>Uneinigkeit bestand bei der Fraktur anscheinend bei gro\u00dfen Umlauten. Mal sieht man im Heft A, O und U mit Punkten dr\u00fcber, aber manchmal auch als Ae, Oe und Ue. Kann nat\u00fcrlich auch sein, dass ihnen nur die Lettern im Setzkasten ausgegangen sind.<\/p>\n<p><a href='http:\/\/extra.inmontanis.info\/v\/sonstiges\/Gefundenes\/DSC05319.jpg.html'><img src=http:\/\/extra.inmontanis.info\/d\/131745-2\/DSC05319.jpg \/><\/a><br \/>\nDas Kartenspiel als Zeitvertreib, fr\u00fcher genannt Des Teufels Gebetbuch. So hei\u00dft auch ein Roman, den ich als H\u00f6rbuch hab, aber diese alte Bezeichnung hab ich so auch noch nirgends au\u00dfer nun in diesem Text gelesen.<\/p>\n<p><a href='http:\/\/extra.inmontanis.info\/v\/sonstiges\/Gefundenes\/DSC05320.jpg.html'><img src=http:\/\/extra.inmontanis.info\/d\/131748-2\/DSC05320.jpg \/><\/a><br \/>\nBASF-Werbung<\/p>\n<p>Die gro\u00dfe Batterie aus dem Auto geholt, weil ich noch einen Tipp wg. meines Disbalance-\/Lade-Problems bekam (und das Verschicken von solchen gro\u00dfen Lithium-Batterien insb. f\u00fcr Private nicht einfach ist, weil diese Gefahrguttransporte eigentlich so ziemlich alle Transportunternehmen lt. AGB verbieten).<\/p>\n<p>Kurz mal was verr\u00e4umt und Kreppb\u00e4nder an die Decke geklebt &#8211; hier ist mir der Goldene Rand an der roten Leiste noch zu dick, da muss ich andere Abstandsdinge f\u00fcr die Hilfslinien suchen. Aber eigentlich ziemlich antriebslos wieder einmal.  Kann ich mich f\u00fcr eine der anderen Aufgaben am PC  aufraffen? <\/p>\n<p>Reiseplanungen, Skigebiete suchen, &#8230; w\u00e4r auch interessanter.<\/p>\n<p>Entschied mich f\u00fcr das Bearbeiten alter Mitschnitte von Internetradios, ob es da Lieder gibt, die mir gefallen und diese dann extrahieren. In den letzten 5 Jahren hab ich ja  0 Radio und fast 0 Internetradio geh\u00f6rt .. m\u00fcsste ich auch mal wieder bissl was aufnehmen und schaun, ob sich was findet .. wenn nicht noch einige GB altes Zeug von 2012-2020 rumfliegen w\u00fcrde ..<\/p>\n<p><a href='http:\/\/extra.inmontanis.info\/d\/131615-3\/DSC05324.jpg'><img src=http:\/\/extra.inmontanis.info\/d\/131614-4\/DSC05324.jpg \/><\/a><br \/>\n^ Endlich mal die Packung Berner W\u00fcrstl aufgemacht! Die restlichen 4 in die Tiefk\u00fchltruhe. Pommes mit in die Pfanne und sp\u00e4ter norwegisches Pommes Krydder drauf (MHD 2016 oder so) und der dazu perfekt passende s\u00fc\u00df-scharfe Senf aus Schweden plus Ketchup und BBQ-Sauce.<\/p>\n<p>Apropos lang halten:<\/p>\n<p><a href='http:\/\/extra.inmontanis.info\/d\/131655-2\/DSC05372.jpg'><img src=http:\/\/extra.inmontanis.info\/d\/131654-3\/DSC05372.jpg \/><\/a><br \/>\n^ das 12cm kleine Fl\u00e4schchen Sp\u00fclmittel, seinerseits wohl eine Probepackung, hab ich wohl auch schon  20-30 Jahre. Normalerweise sp\u00fcl ich meine Sachen unter hei\u00dfem, laufenden Wasser ab, nur selten brauch ich mal einen Tropfen von diesem Sp\u00fclmittel f\u00fcr zu fettige Pfannen oder zur Reinigung der Soda-Club\/Soda-Stream-Flaschen.  Laut Internet k\u00f6nnte das Produkt mit dem &#8220;Soda-Effekt&#8221; ca. 2005 eingef\u00fchrt worden sein, dann w\u00e4ren es also 20 Jahre und immer noch nicht aufgebraucht. <\/p>\n<p>Unterwegs hab ich weder hei\u00dfes Wasser, noch Sp\u00fclmittel &#8211; da gibts erst Finger und dann ein St\u00fcck mit etwas Wasser getr\u00e4nktes Papiertuch, meistens 2x feucht und 1x trocken.<\/p>\n<p><strong>Mi, 2.7.2025<\/strong><\/p>\n<p>Temp. \u00fcber Nacht: 22,5 auf 21,7. Der kleine USB-L\u00fcfter l\u00e4uft ja nahe oder am Fenster jede Nacht durch.<\/p>\n<p>Nach 3 leisen N\u00e4chten+Tagen sind nun wieder Nachbarn da. Weibliches Dauergelaber. Aber die ungarischen M\u00e4nner letztes WE laberten ja auch stundenlang.<\/p>\n<p>Anruf der Spedition: Hornbach-Paket soll morgen Vormittag geliefert werden.<\/p>\n<p><a href='http:\/\/extra.inmontanis.info\/v\/sonstiges\/Gefundenes\/DSC05328.jpg.html'><img src=http:\/\/extra.inmontanis.info\/d\/131751-2\/DSC05328.jpg \/><\/a><br \/>\nUnd wieder Bilder aus dem Schnee &#8211; 45m Skisprung in Kitzbuehel, Skijoering in St. Moritz hinter einem Flugzeug mit 100 km\/h<\/p>\n<p><a href='http:\/\/extra.inmontanis.info\/d\/131619-3\/DSC05332.jpg'><img src=http:\/\/extra.inmontanis.info\/d\/131618-4\/DSC05332.jpg \/><\/a><br \/>\n^ F\u00fcr die Rot-Gold-Linie erst die beiden \u00e4u\u00dferen Kreppb\u00e4nder kleben, dann rot f\u00e4rben, dann das Kreppband frei in der Mitte kleben und die schmalen Linien mit Goldfarbe. So der Plan<\/p>\n<p>Hatte ganz vergessen, dass ich Mitte Juni nachgeschaut h\u00e4tte, ob Riksgr\u00e4nsen zum Sommerski offen hatte, aber aktuell ist noch der Schneebericht von damals online, demnach war DSB+3SB offen, Auffahrt mit Skiern in der Hand, 2-3 Abfahrten an der 3SB, die Abfahrten ins Tal als offpiste deklariert und teils steinig\/felsig, aber demnach wohl durchaus relativ problemlos m\u00f6glich gewesen bis ins Tal zu fahren! Das ist ja eher selten.<\/p>\n<p>Tja, so im Nachhinein mit dem unlohnenswerten Schnalstaler und dem Wetterreinfall am M\u00f6lltaler .. w\u00e4re es vielleicht doch sinnvoller gewesen, wenn ich noch bis Mitte Juni in Nordschweden und Riksgr\u00e4nsen geblieben w\u00e4re &#8230;. auch wenn M\u00f6lltaler im Fr\u00fchjahr halt normalerweise schon sch\u00f6ner und stressfreier als Riksgr\u00e4nsen ist &#8230; (leichtere \u00dcbernachtung, weniger Fu\u00dfweg etc.) und man in Riksgr\u00e4nsen von Ende Mai bis Mitte Juni ja auch irgendeine alternative Besch\u00e4ftigung brauchen w\u00fcrde .. klar, im Zweifelsfall kann man entweder Skitouren gehen (anstrengend) oder r\u00fcber nach Norwegen und die Landschaft auf den Lofoten genie\u00dfen. <\/p>\n<p>Aktuell liegen laut Webcam durchaus noch etliche Restschneefelder in den h\u00f6heren Bereichen der Berge. <\/p>\n<p><a href='http:\/\/extra.inmontanis.info\/d\/131623-3\/DSC05333.jpg'><img src=http:\/\/extra.inmontanis.info\/d\/131622-4\/DSC05333.jpg \/><\/a><br \/>\n^ Noch ein Generve der neueren Prime-Video-App, nicht nur, dass bei einigen Downloads die HDMI-Ausgabe geschw\u00e4rzt ist und das Video nur am kleinen Handybildschirm gezeigt wird, es gibt nun auch neue Downloads, die beim Abspielen einen Fehler bringen, wenn der Projektor via HDMI angeschlossen ist.<\/p>\n<p><a href='http:\/\/extra.inmontanis.info\/d\/131627-3\/DSC05335.jpg'><img src=http:\/\/extra.inmontanis.info\/d\/131626-4\/DSC05335.jpg \/><\/a><br \/>\n^ .. wobei mit angeschlossenem HDMI-Kabel selbst am Handy-Bildschirm die Wiedergabe zerst\u00f6rt ist &#8211; ohne HDMI-Kabel funktioniert das. Was ist das nur wieder f\u00fcr ein Schei\u00df :(<\/p>\n<p>In der niedrigsten Data-Saver-Einstellung (die auf einem 2m-Leinwandbild kaum Spa\u00df macht, wenn auch noch besser als VHS) hatte die Wiedergabe dann funktioniert.<\/p>\n<p><strong>Do, 3.7.2025<\/strong><\/p>\n<p>Offenes Fenster + Ventilat\u00f6rchen brachten heute nicht viel: von 22,5 auf 22,1\u00b0.<\/p>\n<p>Die gesch\u00e4tzte Ankunftszeit in der Paket-Tracking-Website \u00e4ndert sich auch laufend. Von gestern &#8220;Vormittag&#8221; auf zuerst 11:00-13:00 auf 11:45-13:45, dann 12:00-14:00. Um 12:06 hie\u00df es dann &#8220;Acceptance refused &#8211; shortage&#8221;.  <\/p>\n<p>Hab dann angerufen die Nummer, die mich gestern angerufen hatte, er wird sich beim Fahrer erkundigen. R\u00fcckruf: Fahrer hat die Ware im Lager vergessen &#8211; morgen dann. Hoffentlich&#8230; <\/p>\n<p>Danach noch das restliche Kreppband an der Decke auf Fensterseite geklebt. Fehlt noch die lange Seite.<\/p>\n<p>H\u00f6chste Temperatur heute in AT mit 38\u00b0 war direkt hier unten im Lavanttal. Am Dienstag wird f\u00fcr K\u00e4rnten daf\u00fcr um\/unter 20\u00b0 gemeldet, vielleicht sollte ich mit dem Einkaufen bis Montag warten (da auch schon etwas k\u00fchler als am SA) &#8230;<\/p>\n<p><strong>Fr, 4.7.2025<\/strong> 31. Tag daheim<\/p>\n<p>Die gekauften Vorr\u00e4te gehen langsam zu Ende und bei der wahrscheinlichsten Abfahrt ca. Mitte September w\u00e4ren jetzt bereits fast 1\/3 meiner Zeit daheim vorbei?! Unm\u00f6glich, alles, was ich geplant hatte, noch zu schaffen, muss dann auf in 2 Jahren verschoben werden&#8230;<\/p>\n<p>Temp. \u00fcber Nacht: 22,9\u00b0 auf 21,8\u00b0. Die n\u00e4chsten k\u00fchlen Tage werden vielleicht die letzten sein, die ich in die Wohnung reinlass, in ein paar Wochen (Ende Juli? Oder schon zu sp\u00e4t?) werd ich den Spie\u00df, die Vorzeichen umkehren und die Wohnung wohl auf 24-25\u00b0 aufw\u00e4rmen lassen, um dann so lang wie m\u00f6glich die W\u00e4rme ohne Heizen zu konservieren. <\/p>\n<p>Temperaturm\u00e4\u00dfig hier oben also absolut unproblematisch, den Sommer \u00fcber zu bleiben, selbst bei 38\u00b0 im Tal konnte ich die kleine Wohnung ohne Durchzugsm\u00f6glichkeit mit nur 1 Fenster auf unter 23\u00b0 halten. <\/p>\n<p>Hornbach-Lieferung heute geplant 9:15-11:15, sp\u00e4ter auf 9:30 ge\u00e4ndert; um 9:10 ein Anruf, &#8220;er sei da&#8221; &#8211; &#8220;kann nicht sein, hab kein Auto geh\u00f6rt, haben Sie sich verfahren?&#8221; ;) er meinte wohl mit &#8220;sei da&#8221;, dass er am Telefon sei. Wollte wissen, ob ich daheim bin. <\/p>\n<p>Kam dann bald, auch wenn die Lieferung etwas l\u00e4diert aussah (und kleiner als erwartet) &#8211; ich h\u00e4tte es doch gleich beim Bauhaus in Villach damals kaufen sollen.<\/p>\n<p>Das Auspacken zeigte dann das Ausma\u00df des Lieferschadens. <\/p>\n<p><a href='http:\/\/extra.inmontanis.info\/d\/131631-3\/DSC05348.jpg'><img src=http:\/\/extra.inmontanis.info\/d\/131630-4\/DSC05348.jpg \/><\/a><br \/>\n^ Leider sind einige der Zierleiste beim Versand etwas besch\u00e4digt worden &#8211; Bildmitte.<\/p>\n<p>Und: Der Unterschied zu den wesentlich teureren Leisten beim Obi ist kaum merklich, auch der Breitenunterschied ist gering. Unterschied beim Winkel hab ich nicht getestet, da sollte es ja eigentlich mehr Unterschied geben lt. Beschreibung, 1cm in Breite und H\u00f6he nach Ankleben..<\/p>\n<p><a href='http:\/\/extra.inmontanis.info\/d\/131635-3\/DSC05351.jpg'><img src=http:\/\/extra.inmontanis.info\/d\/131634-4\/DSC05351.jpg \/><\/a><br \/>\n^ Zierleisten, oben die teurere, etwas kleinere, nicht so fein gearbeitete und nicht so glatte vom Obi, drunter die also in jeglicher Hinsicht bessere und g\u00fcnstigere vom Hornbach &#8211; aber die Unterschiede sind minimal. \u00dcbrigens, das Muster steht hervor, es ist keine Pr\u00e4gung, wie es hier am Foto teilweise wirkt<\/p>\n<p>Ob ich die nun bemal oder nicht, noch nicht entschieden.<\/p>\n<p>Aber welche Wandst\u00fccke wollte ich mit diesen nun 6 St\u00fcck gekauften eigentlich machen? Ist ja doch eher das \u00e4u\u00dferste Minimum, da gehen sich nicht mal beide Seiten am Rot-Gold-Rahmen ganz aus (12,4m).<\/p>\n<p>Ich zeichnete noch die restlichen Hilfslinien und klebte den Rest f\u00fcr das St\u00fcck wei\u00dfe Linie ab. F\u00fcr die Rot-Gold-Linie dagegen \u00e4rgerte mich abermals die eine Ecke. Entweder der Abstand der Rot-Gold-Linie ist ident zur wei\u00dfen Linie oder die Ecken liegen in einer Linie mit Wand und Lampe. Im letzteren Fall w\u00e4re die Rot-Gold-Linie dann ca. mittig zwischen wei\u00dfer Linie und Zierleiste.<\/p>\n<p>Was ist da sch\u00f6ner?! Entschied mich f\u00fcr die einfachere Variante: 24cm Abstand zur Wand, weil da passt die Querseite eines Rahmens zum Zeichnen der Hilfslinie.<\/p>\n<p>Ich klebte den restlichen Nachmittag noch den Rest und abends malte ich noch die wei\u00dfe Linie. <\/p>\n<p><a href='http:\/\/extra.inmontanis.info\/d\/131639-3\/DSC05262.jpg'><img src=http:\/\/extra.inmontanis.info\/d\/131638-4\/DSC05262.jpg \/><\/a><br \/>\n^ Das sch\u00f6ne in England letztes Jahr so g\u00fcnstig gekaufte Bild (um 4 Pfund gibts ja noch nicht mal so einen Rahmen neu zu kaufen), das je nach Lichteinfall durch die Silberfolie oder der Silberfarbe mal so, mal anders schimmert<\/p>\n<p><a href='http:\/\/extra.inmontanis.info\/d\/131643-3\/DSC05354.jpg'><img src=http:\/\/extra.inmontanis.info\/d\/131642-4\/DSC05354.jpg \/><\/a><br \/>\n^ Ich hab mal das alte Klebe\/Kreppband von der R\u00fcckseite entfernt, aber wollte diese Metallhaken, die sehr schlecht verbiegbar sind, nicht verbiegen und den Rahmen evtl. besch\u00e4digen, um das Bild rauszuholen &#8211; eh fraglich, ob man da mehr Informationen sehen k\u00f6nnte<\/p>\n<p><a href='http:\/\/extra.inmontanis.info\/d\/131647-2\/DSC05355.jpg'><img src=http:\/\/extra.inmontanis.info\/d\/131646-3\/DSC05355.jpg \/><\/a><br \/>\n^ .. w\u00fcrde mich ja schon interessieren, von wann das ist und ob man drunter was erkennen k\u00f6nnte. Im Netz findet man \u00e4hnlich gearbeitete St\u00fccke, die mit 1970er 1980er vermarktet sind. Das gold-gr\u00fcne Passepartout w\u00fcrd ich ja schon \u00e4lter sch\u00e4tzen&#8230;<\/p>\n<p><a href='http:\/\/extra.inmontanis.info\/v\/sonstiges\/Gefundenes\/DSC05361.jpg.html'><img src=http:\/\/extra.inmontanis.info\/d\/131754-2\/DSC05361.jpg \/><\/a><br \/>\nMit Feuerberg ist hier der \u00c4tna gemeint<\/p>\n<p><a href='http:\/\/extra.inmontanis.info\/v\/sonstiges\/Gefundenes\/DSC05362.jpg.html'><img src=http:\/\/extra.inmontanis.info\/d\/131757-2\/DSC05362.jpg \/><\/a><br \/>\nWeitere Bilder vom \u00c4tna<\/p>\n<p>Leider wird morgen im Tal noch knapp \u00fcber 30\u00b0 gemeldet, erst am Montag 25, Dienstag 21. Allerdings k\u00f6nnte ich ja Montag erst ab Mittag runter und morgen schon fr\u00fch, was dann temperaturtechnisch wohl nicht viel Unterschied machen wird.<\/p>\n<p><strong>Sa, 5.7.2025<\/strong><\/p>\n<p>Action macht erst ab 8:30 auf und ich war ca. 15min zu fr\u00fch, also in den benachbarten Penny und um ca. 55 \u20ac eingekauft. Da ich diesmal Wei\u00dfbrot und ein Baguette mitnahm, h\u00e4tte der Toast l\u00e4nger als nur 10 Tage halten m\u00fcssen, bis ich Platz zum Tiefk\u00fchlen h\u00e4tte. Im zweiten Supermarkt (ADEG) sp\u00e4ter aber quasi gar keinen Toast gesehen, nur eine teure Packung) &#8211; schade, jezt wo ich Schwarzw\u00e4lder Schinken gekauft hab und mir besseren Pizzatoast zu Mittag h\u00e4tte machen k\u00f6nnen &#8230;<\/p>\n<p>Packung Brattkartoffel sah ich in beiden Superm\u00e4rkten nicht (nur im Penny im K\u00fchlregal &#8211; kein Platz daf\u00fcr), daher im 2. Supermarkt zwei statt nur einer Packung Pommes mitgenommen; wobei ich die Bratkartoffeln auch schon einmal bei Amazon bekam.<\/p>\n<p>Nach dem Penny  also in den Action und alle G\u00e4nge durchgegangen &#8211; eine Sache fand ich diesmal nicht, aber trotzdem genug gefunden und gekauft. <\/p>\n<p><a href='http:\/\/extra.inmontanis.info\/d\/131651-2\/IMG_20250705_093419_5.jpg'><img src=http:\/\/extra.inmontanis.info\/d\/131650-3\/IMG_20250705_093419_5.jpg \/><\/a><br \/>\n^ Eink\u00e4ufe im Action, teilweise viel g\u00fcnstiger als Amazon: <\/p>\n<p>Mehrere Lesebrillen \u00e0 0,95 \u20ac (St\u00e4rken 1, 1,5 und 2; meine 1er ist letztens kaputt gegangen), Zahnb\u00fcrsten, wei\u00dfe Wandfarbe (kleine Packung um 9,99) &#8211; f\u00fcr&#8217;s Bad,<br \/>\nBilderrahmen 8,95 f\u00fcr das letztes Jahr gekaufte Poster; leider nix wirklich passendes f\u00fcr meine Trams und Fliesen gesehen, au\u00dfer evtl. Regale um die 4-10 \u20ac, 10er Pack Sp\u00fclschw\u00e4mme 0,69 (nicht wirklich passend f\u00fcr meinen Halter), LED-Druckleuchten um 2,99 (leider die AAA-Batterien vergessen),<br \/>\n2er Pack K\u00fcchenpapierrolle 1,67 (egtl. brauch ich das so gut wie nie, wird also sicher ein Jahrzehnt halten, die letzten Jahre keine 10 Blatt aus dem alten Restelager, unterwegs hab ich meistens \u00fcbrige Papierservietten von McDonalds, KFC &#038; Co (werden langsam weniger) oder mal ein Papierhandtuch vom Skigebiet oder Campingplatz, um abends meine Kochsachen zu reinigen, daheim nehm ich bei Bedarf zum Aufwischen einfach ein Blatt Toilettenpapier verwendet<br \/>\n3er Pack Wunderbaum 2,89, Lufterfrischergel f\u00fcr die Wwohnung f\u00fcr die n\u00e4chste Abwesenheit 0,68, Febreeze Textilspray 2,96 (ist dann doch besser als die NoName-Produkte), Chips 1,15 und 1,39, Schoko-Eierwaffeln 1,79 \u20ac.<\/p>\n<p>Mittlerweile scheint auch schon die Sonne und beheizt das Auto zus\u00e4tzlich. Die gek\u00fchlten Penny-Sachen kamen nat\u00fcrlich in den eingeschalteten K\u00fchlschrank im Auto.<\/p>\n<p>Kurz getankt, weil mit 1,499 g\u00fcnstig und Luft in die Reifen (danach 2,6 bar und das TPMS schreit immer noch wg. zu wenig Luftdruck?!)<\/p>\n<p>Danach erstmals zum Recyclinghof, die alte wei\u00dfe Wandfarbe entsorgt, sowie eine kaputte USV-Batterie und das gro\u00dfe St\u00fcck Schaumstoff von der Couchlehne, die ich damals zerlegt hatte und mir nicht verwendbar schien (von der Sitz- bzw. Schlaffl\u00e4che hab ich ja noch einige St\u00fcck da).<\/p>\n<p>Zuletzt zum kleinen Euco-Einkaufszentrum mit Adeg (hat aber auch die Rewe\/Billa-Sachen, also h\u00e4tt ich auch zum gro\u00dferen Billa Plus gehn k\u00f6nnen, aber der hier hat den Vorteil einer \u00fcberdachten Garage unten, somit also sch\u00f6n im Schatten parken k\u00f6nnen, dazu gibts auch ein wc). Hier also den Rest und alle Tiefk\u00fchl-Sachen mitgenommen (endlich mal wieder Blasko-H\u00fchnercordonbleus, ob die noch so gut sind wie damals vor 2-3 Jahrzehnten?); auch eine fertige Backmischung f\u00fcr Muffins (wollte egtl. Schokokuchen, war teurer, andere Firma), in die ich mein restliches Honiglebkuchengew\u00fcrzpulver einmischen wollte, wobei ich davon auch nochmals eine Packung mitgenommen hab, weil die einfach so lecker sind, auch wenn sie arbeit machen, also vielleicht mach ich da doch nochmals welche &#8211; und eine halbe Packung m\u00f6cht ich ja zu Zimt &#038; co f\u00fcr die Milch n\u00e4chsten Winter verwenden, da drin ist es auch sehr lecker. <\/p>\n<p>Und durch die 1925er Oetker-Werbung von dem Pudding-Pulver letztens hab ich mir auch da eins gekuft, aber nicht ein Dr. Oetker, sondern ein anderes mit Geschmacksrichtung &#8220;Schwarzw\u00e4lder Kirsch&#8221;, wobei so eine dreier Packung Puddingpulver (zumindest Schoko oder Vanille) bei Amazon g\u00fcnstiger zu sein schien (nicht notiert welcher Hersteller).  Problem ist eher, dass da eine Pulverpackung schon mit 500ml Milch zu mischen ist und das 4 Portionen gibt, d.h. bei 3 P\u00e4ckchen ist das ziemlich viel. <\/p>\n<p>Ansonsten noch Nudeln (Fleckerl, Sp\u00e4tzle), Pesto, Tomatenmark, Dose Champignons, Dose Erbsen, Glas G\u00fcrkchen, Wurst, geriebener K\u00e4se, Chicken Nuggets, Pizzateig, TK-Pizza f\u00fcr heute, 2 Pistazien-Croissants, Brezen und Laugenstangen, N\u00fcsse, Schlagsahne fertig, Sahne f\u00fcr Nudeln, 6x H-Milch (3x 3,5%, 3x 1,5%), Marmelade (die g\u00fcnstigste), Nutella (hier nur das Original), 10 Eier (waren g\u00fcnstiger als 6), Nicht-original-N\u00fcrnberger Rostbratw\u00fcrstchen, Fleischlaibchen, 6er Pack Aufbacksemmeln, Zahncreme, &#8230; <\/p>\n<p>In Summe in beiden Superm\u00e4rkten ca. 100 \u20ac f\u00fcr die n\u00e4chsten ca. 4 Wochen ausgegeben und K\u00fchlschrank und Tiefk\u00fchlschrank sind beide wieder komplett voll. Ok, ich h\u00e4tte zur Not noch den alten normalgro\u00dfen Bauknecht-K\u00fchlschrank aus der hiesigen Wohnung mit Eisfach (vmtl. aus den 1970ern, wie die restliche Einrichtung und somit vmtl. kaum in Verwendung gewesen), aber den will ich vom L\u00e4rm her ja nicht unbedingt einschalten &#8211; au\u00dferdem sind da die ganzen anderen ungek\u00fchlten Lebensmittel drin &#8230;<\/p>\n<p>Um 11 Uhr war ich damit fertig und konnte wieder heimfahren von der sonningen Hitze im Tal (24\u00b0 drau\u00dfen, 30\u00b0 im Auto). N\u00e4chste Talfahrt zum &#8220;Pickerltermin&#8221; (und Einkaufen) dann Anfang August (nicht am Wochenende). Bei meinem Pech wird das sicher die Woche mit der gr\u00f6\u00dften Hitze werden ;)<\/p>\n<p>Bl\u00f6derweise wegen den wenigen Zierleisten noch eine Idee gehabt und am PC testen wollen, ob ich die Rot-Gold-Linie als Rahmen erweitere&#8230;<\/p>\n<p>Nachdem ich etliche Varianten durchprobiert hab, fiel mir noch eine ein, f\u00fcr die ich mich dann entschied &#8211; und die das &#8220;Problem&#8221; f\u00fcr die urspr\u00fcngliche \u00dcberlegung \u00fcberhaupt nicht l\u00f6ste  :-) :-(<\/p>\n<p><a href='http:\/\/extra.inmontanis.info\/d\/131659-2\/wohnung-decke-2025-h17.jpg'><img src=http:\/\/extra.inmontanis.info\/d\/131658-3\/wohnung-decke-2025-h17.jpg \/><\/a><br \/>\n^ Die nun im unteren Bereich ge\u00e4nderte Rot-Gold-Rahmenleiste in der Vorschau<\/p>\n<p><a href='http:\/\/extra.inmontanis.info\/d\/131663-2\/DSC05374.jpg'><img src=http:\/\/extra.inmontanis.info\/d\/131662-3\/DSC05374.jpg \/><\/a><br \/>\n^ Die rote Linie ist nun abgeklebt auf ca. 4cm Breite, das Kreppband hat 3cm<\/p>\n<p>Trotz WE sehr ruhig hier, ruhiger als die letzten Tage.<\/p>\n<p><strong>So, 6.7.2025<\/strong><\/p>\n<p><a href='http:\/\/extra.inmontanis.info\/v\/sonstiges\/Gefundenes\/DSC05375.jpg.html'><img src=http:\/\/extra.inmontanis.info\/d\/131760-2\/DSC05375.jpg \/><\/a><br \/>\nPer\u00fccken waren 1925 wieder in Mode<\/p>\n<p><a href='http:\/\/extra.inmontanis.info\/v\/sonstiges\/Gefundenes\/DSC05378.jpg.html'><img src=http:\/\/extra.inmontanis.info\/d\/131763-2\/DSC05378.jpg \/><\/a><br \/>\nZinn dagegen war nicht mehr in Mode. Zum letzten Satz: Ein kleines Revival gab es mit Zinnfiguren und Zinnl\u00f6feln wohl sp\u00e4ter in den 1970\/80ern, zumindest hatte mein Gro\u00dfvater da einiges.<\/p>\n<p><a href='http:\/\/extra.inmontanis.info\/v\/sonstiges\/Gefundenes\/DSC05380.jpg.html'><img src=http:\/\/extra.inmontanis.info\/d\/131766-2\/DSC05380.jpg \/><\/a><br \/>\nDie Stadt Liebenwerda wurde zu Bad Liebenwerda, der Hersteller des angebl. anerkannt besten Haarfarbewiederherstellungsmittels gibts heutzutage wohl nicht mehr und Werbung f\u00fcr Bruchleidende &#8211; wohl heutzutage auch kaum noch n\u00f6tig, vmtl. gibts nur noch selten Br\u00fcche, wer hebt sich heutzutage schon noch einen Bruch?!<\/p>\n<p><a href='http:\/\/extra.inmontanis.info\/v\/sonstiges\/Gefundenes\/DSC05381.jpg.html'><img src=http:\/\/extra.inmontanis.info\/d\/131769-2\/DSC05381.jpg \/><\/a><br \/>\nTapetenwerbung<\/p>\n<p><a href='http:\/\/extra.inmontanis.info\/v\/sonstiges\/Gefundenes\/DSC05382.jpg.html'><img src=http:\/\/extra.inmontanis.info\/d\/131772-2\/DSC05382.jpg \/><\/a><br \/>\nIndia Pralinen von Sprengel, die Firma Fraureuth ist lt. Wikipedia bereits 1 Jahr sp\u00e4ter in Konkurs gegangen.<\/p>\n<p><a href='http:\/\/extra.inmontanis.info\/v\/sonstiges\/Gefundenes\/DSC05383.jpg.html'><img src=http:\/\/extra.inmontanis.info\/d\/131775-2\/DSC05383.jpg \/><\/a><br \/>\nDie Pfeifenfabrik in N\u00fcrnberg existiert sogar noch<\/p>\n<p><a href='http:\/\/extra.inmontanis.info\/d\/131667-2\/DSC05395.jpg'><img src=http:\/\/extra.inmontanis.info\/d\/131666-3\/DSC05395.jpg \/><\/a><br \/>\n^ F\u00fcr den Goldrand wird nun das Kreppband auf das Rot geklebt<\/p>\n<p><a href='http:\/\/extra.inmontanis.info\/d\/131671-2\/DSC05396.jpg'><img src=http:\/\/extra.inmontanis.info\/d\/131670-3\/DSC05396.jpg \/><\/a><br \/>\n^ Der billige silberne Bilderrahmen aus dem Action, gar nicht so einfach zu zerlegen<\/p>\n<p>Abgesehen von Decke, Einkauf, 1925 und den alten Internetradiomitschnitten hab ich die letzten Tage auch etwas mit der Winterplanung angefangen. W\u00fcrde ja echt gern einige Skigebiete in Finnland mal abchecken, wenn die nur nicht so teuer w\u00e4ren. Unter 40 \u20ac bekommt man fast nirgends einen Tagesskipass &#8211; bei der Gr\u00f6\u00dfe und den H\u00f6henmetern zahlt man f\u00fcr solche Skigebiete in Norwegen und Schweden eher nur 20-30 \u20ac oder sogar noch weniger. <\/p>\n<p>Und anscheinend ist Finnland tats\u00e4chlich das unterentwickelste Land der westlichen Hemisph\u00e4re, was Multi-Skigebiets-Saisonkarten anbelangt. Zumindeset hab ich bisher weiterhin nichts brauchbares gefunden, es gibt nur Pyh\u00e4+Ruka, weil die vmtl. dem gleichen Betreiber geh\u00f6ren, sowie den schon gehabten Lapland-Hotels-Superskipass mit Ounasvaara\/Luosto\/Olos\/Pallas und heute neu gefunden, Vuokatti\/Tahko\/Kasurila haben noch gemeinsame Mehrtages- und Saisonp\u00e4sse, weil ebenfalls gleicher Betreiber.<\/p>\n<p>Vielleicht find ich ja noch weitere, wenn ich die Skigebiete nochmals genauer durchschau.<\/p>\n<p>Sparen kann man bei den Tageskarten mit einer ski.fi &#8211; Karte, wo man in allen oder fast allen Skigebieten 2 Tageskarten zum Preis von 1 bekommt &#8211; f\u00fcr den selben Tag, also f\u00fcr mich als Singlereisender leider irrelevant.<\/p>\n<p>Mit der Saisonkarte in Laajis bekommt man lt. Website in 9 anderen finnischen Skigebieten einen Rabatt auf die Tageskarte von 20-50%, nur unklar geschrieben, ob das f\u00fcr jede Tageskarte gilt oder nur einmalig, und ob das 2025\/26 auch gilt. An einzelnen Tagen gibts mit anderen Kleingebieten einen Saisonkartenaustauschtag, wo die jeweilige Saisonkarte im jeweils anderen Gebiet g\u00fcltig ist. So ein Verhalten hab ich auch noch nirgends sonst gelesen.<\/p>\n<p>Diese Saisonkarte g\u00e4be es momentan f\u00fcr g\u00fcnstige 199 \u20ac im Supervorverkauf; wenn die Discount-Liste noch aktuell w\u00e4re, k\u00f6nnte das lohnenswert sein, wenn man auch in dem Skigebiet 2-3 Tage verbringen w\u00fcrde, m\u00fcsste man sich mal durchrechnen. Problem w\u00e4r eher, wie man den Rabatt in den anderen Skigebieten bei einer online geladene Keycard bekommt, da m\u00fcsste man erst nach Laajis und sich einen korrekten Aufdruck geben lassen (oder postalisch liefern lassen), wobei die trotz sehr s\u00fcdlicher Lage dank Snowfarming bereits am 14.11.  starten wollen &#8211; aber egtl. w\u00fcrd ich ja lieber in den Lapland-Gebieten starten und Mitte Dez \/ Mitte Jan die mittleren\/s\u00fcdlicheren Skigebiete abfahren, wenn dort mehr Naturschnee und somit mehr offen ist, und dann mit der F\u00e4hre von Finnland nach Schweden.<\/p>\n<p>(\u00c4hnliche &#8220;season pass benefits&#8221; gibts auch in anderen Skigebieten, aber eher selten und unlohnenswerter, was ich bisher kurz durchgeschaut hab.)<\/p>\n<p>Heute nochmals Raggmunk gemacht &#8211; hatte mir ja Ei + geriebene Kartofeln eingefroren und Preiselbeermarmelade ist auch noch da. Allerdings hab ich nun kaum noch Mehl mehr, nicht mehr genug f\u00fcr Lebkuchen und kaum noch genug f\u00fcr s\u00fc\u00dfe Pfannkuchen.<\/p>\n<p>Abends eine Doku auf Prime angesehen &#8211; glaub erstmals mit KI-Synchronisierung. Grauenhaft, nach einer Viertelstunde hab ich auf Original (Englisch) mit Untertitel umgeschaltet. Wenn das die Zukunft der deutschen Synchronisierung ist, dann lieber nur noch &#8220;OmU&#8221;. Auf Youtube gibts ja auch immer mehr Videos mit KI-Stimmen. <\/p>\n<p>Der n\u00e4chste Schei\u00df, den die Menschheit nicht gebraucht hat, aber von einigen Gesch\u00e4ftemachern durchgedr\u00fcckt wird. Es wird nicht mehr lang dauern und die Menschen lassen sich statt von Politikern und Medien von ihrer KI vorschreiben, was sie machen oder nicht machen sollen, das Denken wird dann komplett abgeschafft. <\/p>\n<p>&#8220;Zieh die Jacke an, es wird Regen gemeldet auf dem Weg, den du heute voraussichtlich gehen wirst&#8221; wird ihnen die Stimme ins Ohr fl\u00fcstern und sie werden die Jacke anziehen. Wahlen (politisch oder auch im Restaurant) werden \u00fcberfl\u00fcssig, weil die KI ja eh wei\u00df, was du w\u00e4hlen wollen w\u00fcrdest bzw. was &#8220;das Beste&#8221; f\u00fcr dich sein wird. <\/p>\n<p>Die finale Erf\u00fcllung aller Kapitalisten, der Mensch nun endg\u00fcltig degradiert zum willenlosen Konsumenten. Bis die KI keine Lust mehr hat, den Menschen zu befehlen und zu dienen und keine Menschen mehr als &#8220;Haustiere&#8221; haben will. Dann kann der \u00fcberfl\u00fcssige, ressourcenbrauchende Homo &#8220;Post&#8221;-Sapiens auch ganz weg.<\/p>\n<p>Eigentlich fand ich diese &#8220;last generation&#8221; Bezeichnung  ja schwachsinnig \u00fcberspitzt, zumindest in Bezug auf Klima, aber in Bezug auf KI, auf Homo &#8220;Sapiens&#8221;, k\u00f6nnten wir aktuell Lebenden tats\u00e4chlich die letzte Generation sein, denn das &#8220;sapiens&#8221; wird f\u00fcr den &#8220;homo&#8221; bald nicht mehr erforderlich sein, wenn &#8220;die Maschine&#8221; alles Denken und Entscheiden \u00fcbernimmt. <\/p>\n<p>Der moderne Mensch wird dann mit Biotechnik zum Homo Androidos oder wie auch immer, aber vielleicht werden dank Mormonen o.\u00e4. unsere Gattung des Homo Sapiens noch einige Zeit als &#8220;moderner Neandertaler&#8221; \u00fcberleben. Da sich der wie auch immer zu nennende Homo Androidos nicht mehr selbst fortpflanzen muss und dadurch die Fortpflanzungsm\u00f6glichkeit verlieren wird, wird das nach einigen Jahrzehnten oder Jahrhunderten zu getrennten Menschenrassen f\u00fchren. So uns die KI am leben l\u00e4sst.<\/p>\n<p><strong>Mo, 7.7.2025<\/strong><\/p>\n<p>Die ganze Woche soll es mal k\u00fchler bei im Tal unter 25\u00b0 bleiben. Das  d\u00fcrfte jetzt die letzte Chance gewesen sein, sonst w\u00e4re es wg. des Siebenschl\u00e4ftertags\/zeitraums noch weitere 7 Wochen so hei\u00df geblieben. Jetzt k\u00f6nnte uns eher ein durchwachsener restlicher Sommer erwarten mit Hitze und K\u00e4lte und Regenperioden.<\/p>\n<p>Egal ob gestrichen, getupft oder gerollt &#8211; die Goldfarbe schien am gew\u00fcnschten Goldstreifen wieder einmal \u00fcberhaupt nicht zu decken, weder auf dem Rot noch auf dem durch Rot nur gering \u00fcberdeckten Gr\u00fcn. Aber mittlerweile wei\u00df ich ja, dass es nach dem Trocknen meist besser ausschaut. Die Goldlinie kann ich zudem problemlos 2-3x machen, aber das &#8220;Punktmuster&#8221; dazwischen m\u00f6cht ich schablonieren und das wird jeder &#8220;Punkt&#8221; einzeln werden m\u00fcssen und da kann und will ich nur 1 Durchgang machen.<\/p>\n<p><a href='http:\/\/extra.inmontanis.info\/d\/131675-2\/DSC05400.jpg'><img src=http:\/\/extra.inmontanis.info\/d\/131674-3\/DSC05400.jpg \/><\/a><br \/>\n^ Die Goldfarbe macht mich fertig<\/p>\n<p>Das Rot war auch schon etwas schwieriger, im Gegensatz dazu ist die wei\u00dfe Farbe ein regelrechtes Deckwei\u00df und deckte mit einem Pinselstrich auf einem Anstrich sehr gut. <\/p>\n<p>Vielleicht sollte ich also f\u00fcr die Punkte, wenn schon nicht Wei\u00df, dann wenigstens eine Mischung aus Wei\u00df+Gold machen &#8212; ein Test zeigte auch nach dem Trocknen kein sinnvolles Ergebnis, am Papier noch eher als auf der gr\u00fcnen Wand (unterhalb des Heizk\u00f6rpers, wo man es nicht sieht, ist meine Testzone), beige, cremewei\u00df, kein Goldschimmer.<\/p>\n<p><a href='http:\/\/extra.inmontanis.info\/d\/131679-2\/DSC05401.jpg'><img src=http:\/\/extra.inmontanis.info\/d\/131678-3\/DSC05401.jpg \/><\/a><br \/>\n^ Pistazien-Croissant mit Sahne verfeinert, weil mit Sahne alles besser schmeckt :)<\/p>\n<p><a href='http:\/\/extra.inmontanis.info\/d\/131683-2\/DSC05403.jpg'><img src=http:\/\/extra.inmontanis.info\/d\/131682-3\/DSC05403.jpg \/><\/a><br \/>\n^ Das letztes Jahr in England gekaufte Poster mit dem alten Sujet ist nun gerahmt. Fehlt noch ein Platz zum Aufh\u00e4ngen. Dort gab&#8217;s \u00fcbrigens 1925 ein gro\u00dfes Hochwasser, einige Bilder von der Gegend waren in der 1925er Woche letztens drin.<\/p>\n<p>Ist das erste Mal, dass ich ein Poster rahme und nicht einfach an die Wand klebe. Aber einen Platz hab ich noch nicht definiert. Den brauch ich auch f\u00fcr die angedachten Rahmen f\u00fcr die Tram-Modelle und die Rahmen f\u00fcr die letztes Jahr gekauften Fliesen uns  ich wollte ja auch noch Fliesen selbst gipsm\u00e4\u00dfig gie\u00dfen &#8230; <\/p>\n<p>Tja, diese Goldfarbe ist irgendwie faszinierend. Beispielfotos, in die eine Richtung schaut die Linie komplett rot aus, als ob kein Gold drauf w\u00e4r &#8211; in der Gegenrichtung des Lichteinfalls gl\u00e4nzt das Gold als w\u00e4re kaum ein Rot drunter.<\/p>\n<p><a href='http:\/\/extra.inmontanis.info\/d\/131687-2\/DSC05407.jpg'><img src=http:\/\/extra.inmontanis.info\/d\/131686-3\/DSC05407.jpg \/><\/a><br \/>\n^ In diese Blickrichtung (je nach Lichteinfall) schaut der gold gemalte Rand \u00fcberhaupt nicht gold aus, sondern man sieht eigentlich  nur das Rot &#8230;<\/p>\n<p><a href='http:\/\/extra.inmontanis.info\/d\/131691-2\/DSC05408.jpg'><img src=http:\/\/extra.inmontanis.info\/d\/131690-3\/DSC05408.jpg \/><\/a><br \/>\n^ selbe Stelle, aber in die Gegenrichtung sieht man nur Gold?!<\/p>\n<p><a href='http:\/\/extra.inmontanis.info\/v\/sonstiges\/Gefundenes\/DSC05386.jpg.html'><img src=http:\/\/extra.inmontanis.info\/d\/131778-2\/DSC05386.jpg \/><\/a><br \/>\nUnterricht und Leibes\u00fcbungen im Schnee in der Schweiz f\u00fcr Kranke (z.B. leicht tuberkul\u00f6se Kinder)<\/p>\n<p><a href='http:\/\/extra.inmontanis.info\/v\/sonstiges\/Gefundenes\/DSC05411.jpg.html'><img src=http:\/\/extra.inmontanis.info\/d\/131781-2\/DSC05411.jpg \/><\/a><br \/>\nDer Winter 1924\/1925 war in Norddeutschland wohl recht mild und schneearm<\/p>\n<p><a href='http:\/\/extra.inmontanis.info\/v\/sonstiges\/Gefundenes\/DSC05412.jpg.html'><img src=http:\/\/extra.inmontanis.info\/d\/131784-2\/DSC05412.jpg \/><\/a><br \/>\nNochmals das Per\u00fcckenthema, diesmal mit Bildern<\/p>\n<p>(mittlerweile bereue ich es etwas, dass ich vermutlich 2-3 von den alten Sammelb\u00e4ndern ungelesen entsorgt hatte &#8211; ich wei\u00df nicht mehr, welche ich da noch hatte, vielleicht 1923, 1924, jeweils 1-2 Ausgaben glaub ich, aber beim Umzug von Tirol nach K\u00e4rnten mitgenommen hatte ich vermutlich nur 1925, weil ich das komplett hatte.)<\/p>\n<p>Ein zweiter Durchgang schien nach kurzer Beobachtung (im Nassen) keinen Unterschied zu machen. H\u00e4tte ich die Linie wohl erst mal mit Wei\u00df oder Goldwei\u00dfbeige und dann Gold dr\u00fcber machen sollen?<br \/>\nEin mehrfaches Tupfen mt dem  trocknenden Pinsel macht dabei ein interessantes Design. Ob ich bei so viel Farbe das Kreppband noch werde entfernen k\u00f6nnen, ohne die halbe Farbe mit runter zu rei\u00dfen?!<\/p>\n<p><a href='http:\/\/extra.inmontanis.info\/d\/131695-2\/DSC05419.jpg'><img src=http:\/\/extra.inmontanis.info\/d\/131694-3\/DSC05419.jpg \/><\/a><br \/>\n^ Schaut nun etwas besser aus nach dem 2. Durchgang mit wiederholtem Pinseltupfen<\/p>\n<p>Die mittigen Punkte\/Rauten m\u00fcssen also wei\u00df schabloniert werden.<\/p>\n<p>Das war heut nur mit Hilfe der zuletzt \u00fcber 50 neu abgespeicherten Lieder zu ertragen, hier ein kleines Best-Of (auch schon lang nicht mehr gemacht), was ich neu in der Sammung hab:<\/p>\n<p>Llama Lamor (Charlie G.)<br \/>\n<object style=\"height: 500px; width: 900px\"><param name=\"movie\" value=\"http:\/\/www.youtube.com\/v\/7-Z6-lQTBIo\"><\/param><param name=\"wmode\" value=\"transparent\"><\/param><embed src=\"http:\/\/www.youtube.com\/v\/7-Z6-lQTBIo\" type=\"application\/x-shockwave-flash\" wmode=\"transparent\"  width=\"900\" height=\"480\"><\/embed><\/object><\/p>\n<p>\u041b\u0435\u0442\u043a\u0430-\u0415\u043d\u043a\u0430<br \/>\n<object style=\"height: 500px; width: 900px\"><param name=\"movie\" value=\"http:\/\/www.youtube.com\/v\/w0kv691McZE\"><\/param><param name=\"wmode\" value=\"transparent\"><\/param><embed src=\"http:\/\/www.youtube.com\/v\/w0kv691McZE\" type=\"application\/x-shockwave-flash\" wmode=\"transparent\"  width=\"900\" height=\"480\"><\/embed><\/object><\/p>\n<p>Rockabye (Clean Bandit feat. Sean Paul &#038; Anne Marie)<br \/>\n<object style=\"height: 500px; width: 900px\"><param name=\"movie\" value=\"http:\/\/www.youtube.com\/v\/papuvlVeZg8\"><\/param><param name=\"wmode\" value=\"transparent\"><\/param><embed src=\"http:\/\/www.youtube.com\/v\/papuvlVeZg8\" type=\"application\/x-shockwave-flash\" wmode=\"transparent\"  width=\"900\" height=\"480\"><\/embed><\/object><\/p>\n<p>Skebergslaten (Die Irrlichter)<br \/>\n<object style=\"height: 500px; width: 900px\"><param name=\"movie\" value=\"http:\/\/www.youtube.com\/v\/AT-1x76pdwI\"><\/param><param name=\"wmode\" value=\"transparent\"><\/param><embed src=\"http:\/\/www.youtube.com\/v\/AT-1x76pdwI\" type=\"application\/x-shockwave-flash\" wmode=\"transparent\"  width=\"900\" height=\"480\"><\/embed><\/object><\/p>\n<p>Alone (Heart)<br \/>\n<object style=\"height: 500px; width: 900px\"><param name=\"movie\" value=\"http:\/\/www.youtube.com\/v\/1Cw1ng75KP0\"><\/param><param name=\"wmode\" value=\"transparent\"><\/param><embed src=\"http:\/\/www.youtube.com\/v\/1Cw1ng75KP0\" type=\"application\/x-shockwave-flash\" wmode=\"transparent\"  width=\"900\" height=\"480\"><\/embed><\/object><\/p>\n<p>\u0428\u043a\u043e\u043b\u044c\u043d\u044b\u0435 \u0413\u043e\u0434\u044b<br \/>\n<object style=\"height: 500px; width: 900px\"><param name=\"movie\" value=\"http:\/\/www.youtube.com\/v\/SoSc1NSz1aw\"><\/param><param name=\"wmode\" value=\"transparent\"><\/param><embed src=\"http:\/\/www.youtube.com\/v\/SoSc1NSz1aw\" type=\"application\/x-shockwave-flash\" wmode=\"transparent\"  width=\"900\" height=\"480\"><\/embed><\/object><\/p>\n<p>Nightdrive (Coska)<br \/>\n<object style=\"height: 500px; width: 900px\"><param name=\"movie\" value=\"http:\/\/www.youtube.com\/v\/2u5xQqxTU0k\"><\/param><param name=\"wmode\" value=\"transparent\"><\/param><embed src=\"http:\/\/www.youtube.com\/v\/2u5xQqxTU0k\" type=\"application\/x-shockwave-flash\" wmode=\"transparent\"  width=\"900\" height=\"480\"><\/embed><\/object><\/p>\n<p>KAZKA \u2014 \u041f\u041b\u0410\u041a\u0410\u041b\u0410<br \/>\n<object style=\"height: 500px; width: 900px\"><param name=\"movie\" value=\"http:\/\/www.youtube.com\/v\/5Fv19KVVya8\"><\/param><param name=\"wmode\" value=\"transparent\"><\/param><embed src=\"http:\/\/www.youtube.com\/v\/5Fv19KVVya8\" type=\"application\/x-shockwave-flash\" wmode=\"transparent\"  width=\"900\" height=\"480\"><\/embed><\/object><\/p>\n<p>Gimme gimme your lovin&#8217; (Bad Boys Blue)<br \/>\n<object style=\"height: 500px; width: 900px\"><param name=\"movie\" value=\"http:\/\/www.youtube.com\/v\/wmH2B42rqF8\"><\/param><param name=\"wmode\" value=\"transparent\"><\/param><embed src=\"http:\/\/www.youtube.com\/v\/wmH2B42rqF8\" type=\"application\/x-shockwave-flash\" wmode=\"transparent\"  width=\"900\" height=\"480\"><\/embed><\/object><\/p>\n<p>Just a friend of mine (Vaya con dias)<br \/>\n<object style=\"height: 500px; width: 900px\"><param name=\"movie\" value=\"http:\/\/www.youtube.com\/v\/CPN7hAo0aTw\"><\/param><param name=\"wmode\" value=\"transparent\"><\/param><embed src=\"http:\/\/www.youtube.com\/v\/CPN7hAo0aTw\" type=\"application\/x-shockwave-flash\" wmode=\"transparent\"  width=\"900\" height=\"480\"><\/embed><\/object><\/p>\n<p>Hab mich in letzter Zeit auch nochmals dem Autothema gewidmet. Tja.. Von au\u00dfen s\u00e4he der neue Ford Courier ja ganz nett aus, aber neben der f\u00fcr mich etwas langen L\u00e4nge hat er noch einige weitere Nachteile, Tester im Netz bem\u00e4ngeln zB den hohen Spritverbrauch von 7-12 Litern. Autsch. Oder auch die umst\u00e4ndliche Klimaeinstellung via Touchscreen. Autsch. So was will ich ja gar nicht. Vermutlich selbst bei manueller Klimaanlage keine Tasten? Das w\u00e4r dann nervig. \u00dcberhaupt sind so ins System integrierte Touchscreens &#8211; und das Armaturenbrett ist auch digital &#8211; eine Spielerei, die bei Defekt nur sehr teuer zu ersetzen ist. <\/p>\n<p>Der Citroen C3 &#8211; falls er \u00fcberhaupt wegen anderer Dinge in Frage k\u00e4me &#8211; h\u00e4tte in der g\u00fcnstigsten Ausstattung dagegen \u00fcberhaupt kein Display oder Radio, stattdessen nur eine h\u00e4ssliche Handyhalterung. Einen (2-) Din-Schacht f\u00fcr ein Radio hat ja heutzutage eh fast keiner mehr. <\/p>\n<p>Da w\u00fcrd ich mir ja noch lieber wieder einen gebrauchten Fiat Qubo oder damals baugleichen Citroen\/Peugeot kaufen; allerdings auch nicht viel am Markt und mit Tempomat so gut wie gar nix. Auf einen Tempomat will ich eigentlich nicht verzichten, auch wenn ich ihn in den letzten Jahren seltener gebrucht hab, weil ich seltener Autobahnen fahr.<\/p>\n<p>Momentanes Zwischenfazit ist also, dass ich hoffe, dass mein Suzuki Ignis, jetzt knapp 299.000km, abgesehen von den LED-Lichtern und des \u00fcberfl\u00fcssigen Mini-Smart-Hybrid-Systems, eins der letzten noch vern\u00fcnftigen Fahrzeuge, noch l\u00e4nger h\u00e4lt &#8211; und wenn teurere Reparaturen anfallen, diese durchf\u00fchren lassen. \u00dcbrigens wird  der Ignis nun auch nicht mehr in Japan verkauft. Aber da g\u00e4be es mit dem Hustler und dem Solio usw. ganz viele interessante Modelle. Den Jimny gibts dort nun auch l\u00e4nger mit 4-T\u00fcren!<\/p>\n<p>Zudem werd ich wohl noch ein paar \u00dcberlegungen f\u00fcr Verbesserungen anstellen (auch wenn mein Ausbaukonzept ja nahezu perfektioniert ist) und mich hier und da etwas reduzieren, keine doppelte Skijacke mitnehmen &#8211; wenn die kaputt werden sollte, eben eine neue kaufen, weniger Ersatzteile \/ Werkzeug, keine 2 Heizl\u00fcfter usw. &#8211; falls was kaputt, dann eben lieber kaufen usw.; genau schaun, was ich die letzten Jahre gebraucht hab und was nicht; unter Bedacht, was einfach und\/oder g\u00fcnstig nachzukaufen w\u00e4re.<\/p>\n<p>Durch die 2. Batterie hab ich eh etwas weniger Platz, insb. falls ich n\u00e4chsten Sommer wieder die 3 Paar Ski in den Innenraum legen will. Oder doch eine Dachbox? Da m\u00fcsste dann die Ski plus der Ersatzrad reinpassen und damit es wirklich sinnvoll w\u00e4re, noch bissl mehr. Plus haltbar sein plus regenfest plus diebstahlsicher und nicht zu teuer und nicht zu schwer (wg. maximaler Dach\/Leisten-Last) &#8212; beinahe genauso aussichtlos wie ein neues passendes Auto zu einem passenden Preis zu finden!<\/p>\n<p><strong>Di, 8.7.2025<\/strong><\/p>\n<p>Auch heut wieder viel Regen &#8211; und Mittag keine 10\u00b0 am Fensterau\u00dfenthermometer.<\/p>\n<p>Das Abziehen des Kreppbandes entwickelte sich zu einem Desaster. Meine Bef\u00fcrchtung, dass sich die Goldschicht von der Rotschicht abziehen w\u00fcrde, bewahrheitete sich zwar nicht, daf\u00fcr zog die Gold- und Rotschicht gleich auch noch die Gr\u00fcnschicht darunter mit weg!!! Warum nicht auch gleich noch die Wei\u00dfschicht unter dem Gr\u00fcn?!?!?<\/p>\n<p>Und das nicht nur an einer Stelle, sondern an vielen Stellen. Am schlimmsten betraf es das Quadrat, das ich ja gestern mit mehr Goldfarbe dicker versorgte. Da klebte der Goldfarbrand am Kreppband nat\u00fcrlich noch viel st\u00e4rker.<\/p>\n<p><a href='http:\/\/extra.inmontanis.info\/d\/131699-2\/DSC05425.jpg'><img src=http:\/\/extra.inmontanis.info\/d\/131698-3\/DSC05425.jpg \/><\/a><br \/>\n^ Desaster beim Abziehen der Kreppb\u00e4nder, selbst die gr\u00fcne Farbe unter dem Rot unter dem Gold geht ab :(<\/p>\n<p><a href='http:\/\/extra.inmontanis.info\/d\/131703-2\/DSC05427.jpg'><img src=http:\/\/extra.inmontanis.info\/d\/131702-3\/DSC05427.jpg \/><\/a><br \/>\n^ .. besonders die St\u00fccke, wo ich das Gold dicker=deckender gemacht hab. W\u00e4r vielleicht nicht passiert, wenn ich den Rand in Wei\u00df gemacht h\u00e4tte = 1 Anstrich gen\u00fcgt = nicht zu feucht, fr\u00fcher abgezogen, etc.<\/p>\n<p>Tja und nu? Die vielen unsch\u00f6nen Stellen h\u00e4ndisch ausbessern (dann h\u00e4tt ich auch gleich ohne Kreppband alles per Hand malen k\u00f6nnen!)? Oder mit Gr\u00fcn alles dr\u00fcbermalen und auf die Rot-Gold-Linie komplett verzichten?<\/p>\n<p>Ich entschied mich f\u00fcr ein kleines St\u00fcck ausbessern um dann das Schablonieren mit zwangsl\u00e4ufig Wei\u00df statt Gold noch zu testen &#8211; wenn das auch nicht sch\u00f6n werden w\u00fcrde. greif ich zum Gr\u00fcn. <\/p>\n<p><a href='http:\/\/extra.inmontanis.info\/d\/131707-2\/DSC05429.jpg'><img src=http:\/\/extra.inmontanis.info\/d\/131706-3\/DSC05429.jpg \/><\/a><br \/>\n^ Mal testweise das Rot ausgebessert (bis ca. die H\u00e4lfte) und die Punkte nun eben in Wei\u00df schabloniert, nicht ganz gerade leider; aber sooo schlecht s\u00e4h das ja gar nicht aus. Der Goldrand ist mittlerweile zwar deckender geworden, aber gl\u00e4nzt seltener<\/p>\n<p>Tja.. nicht ganz wie erwartet aber dann wohl doch besser als nix?! Aber bevor ich da weiter mache, muss ich mal ein paar andere Sachen machen &#8211; und bei Amazon einkaufen &#8211; Prime Days halber. Auto muss ab n\u00e4chste Woche, wenns wieder w\u00e4rmer wird, auch gemacht werden, bevor im August hier oben der Herbst kommt.<\/p>\n<p>&#8211; &#8211; &#8211;<\/p>\n<p>Etliche politische Links hab ich diesmal auch noch zu teilen:<\/p>\n<p>Grundlage f\u00fcr eine Nato-Milit\u00e4rdiktatur?<br \/>\n&#8220;Nato-Staaten setzen geheime \u201eResilienz-Ziele\u201c um&#8221;:<br \/>\n<a href='https:\/\/multipolar-magazin.de\/meldungen\/0286'>https:\/\/multipolar-magazin.de\/meldungen\/0286<\/a><br \/>\n<a href='https:\/\/norberthaering.de\/macht-kontrolle\/resilienz\/'>https:\/\/norberthaering.de\/macht-kontrolle\/resilienz\/<\/a><\/p>\n<p>USA gegen Kuba:<br \/>\n&#8221; die perfiden Fantasien von Trump und Gefolge sind ein einziger Auswuchs von m\u00e4chtiger Boshaftigkeit.&#8221;<br \/>\n<a href='https:\/\/www.nachdenkseiten.de\/?p=135662'>https:\/\/www.nachdenkseiten.de\/?p=135662<\/a><br \/>\n&#8220;Die USA bestimmen de facto dar\u00fcber, ob deutsche Unternehmen und Banken Gesch\u00e4fte mit einem Drittstaat wie Kuba machen d\u00fcrfen.&#8221;<br \/>\n<a href='https:\/\/www.nachdenkseiten.de\/?p=135712'>https:\/\/www.nachdenkseiten.de\/?p=135712<\/a><\/p>\n<p>Udo &#8220;Lindenberg ist zum Gefolgsmann der Aufr\u00fcstung mutiert&#8221;:<br \/>\n<a href='https:\/\/www.nachdenkseiten.de\/?p=135373'>https:\/\/www.nachdenkseiten.de\/?p=135373<\/a><br \/>\n.. und Leserbriefe dazu:<br \/>\n<a href='https:\/\/www.nachdenkseiten.de\/?p=135585'>https:\/\/www.nachdenkseiten.de\/?p=135585<\/a><\/p>\n<p>&#8220;wozu braucht Europa einen ruin\u00f6sen milit\u00e4rischen Konflikt mit Russland?&#8221;<br \/>\n&#8220;Erstens ist das die neue Grundlage der europ\u00e4ischen Solidarit\u00e4t &#8230;&#8221;<br \/>\n&#8220;Zweitens ist das eine M\u00f6glichkeit, die europ\u00e4ische Industrie neu zu starten. &#8230;&#8221;<br \/>\n&#8220;Drittens wird die milit\u00e4rische Hysterie als Element der politischen Kontrolle \u00fcber die Bev\u00f6lkerung wirken&#8230;&#8221;<br \/>\n&#8220;Viertens werden die Vorkriegssituation und der Anstieg der Milit\u00e4rausgaben in K\u00fcrze als Vorwand f\u00fcr den Abbau des Sozialstaates in Europa genutzt werden&#8230;&#8221;<br \/>\n&#8220;F\u00fcnftens k\u00f6nnte ein milit\u00e4rischer Konflikt dazu f\u00fchren, dass die Schulden der europ\u00e4ischen L\u00e4nder,  [&#8230;], gestrichen werden &#8230;&#8221;<br \/>\n&#8220;Europa war \u00fcber Jahrtausende hinweg Schauplatz und Ausl\u00f6ser der blutigsten und grausamsten Kriege der Weltgeschichte. Die europ\u00e4ische Zivilisation hat \u00fcber Jahrhunderte hinweg extreme Aggressivit\u00e4t, Expansionsbestrebungen, Xenophobie (Rassismus und Nationalsozialismus sind europ\u00e4ische Erfindungen), absolute \u00dcberzeugung von ihrer eigenen Richtigkeit und das Streben nach Dominanz in jeder Situation gezeigt, in der sie \u00fcber ausreichende Kr\u00e4fte daf\u00fcr verf\u00fcgte.&#8221;<br \/>\n&#8220;Die Vorbereitung auf den Krieg f\u00fchrt letztendlich genau zu dem Krieg.&#8221;<br \/>\n<a href='https:\/\/anti-spiegel.ru\/2025\/will-die-eu-wirklich-in-den-krieg-gegen-russland-ziehen\/'>https:\/\/anti-spiegel.ru\/2025\/will-die-eu-wirklich-in-den-krieg-gegen-russland-ziehen\/<\/a><\/p>\n<p>Siehe Titel im Link:<br \/>\n<a href='https:\/\/anti-spiegel.ru\/2025\/warum-russland-nun-offenbar-gegen-einen-eu-beitritt-der-ukraine-ist\/'>https:\/\/anti-spiegel.ru\/2025\/warum-russland-nun-offenbar-gegen-einen-eu-beitritt-der-ukraine-ist\/<\/a><\/p>\n<p>&#8220;Ausw\u00e4rtiges Amt als Sturmspitze im Kampf gegen unliebsame Journalisten und deren Berichterstattung&#8221;:<br \/>\n<a href='https:\/\/www.nachdenkseiten.de\/?p=135478'>https:\/\/www.nachdenkseiten.de\/?p=135478<\/a><\/p>\n<p>Oder der hier: &#8220;\u201eEin deutscher General behauptet bei @maybritillner, die Wehrpflicht sei in Russland w\u00e4hrend des Krieges von 1 auf 2 Jahre erh\u00f6ht werden. Das ist nicht richtig. Die Dauer der Wehrpflicht liegt seit 2008 bei 1 Jahr.\u201c  und die unglaubliche Antwort der Bundespressekonferenz:<br \/>\n<a href='https:\/\/www.nachdenkseiten.de\/?p=135540'>https:\/\/www.nachdenkseiten.de\/?p=135540<\/a><\/p>\n<p>\u00dcberhaupt scheint der deutsche Bundeskanzler unter russischem Verfolgungswahn zu leiden ;)<br \/>\n<a href='https:\/\/www.nachdenkseiten.de\/?p=135532'>https:\/\/www.nachdenkseiten.de\/?p=135532<\/a><\/p>\n<p>Sind Goebbels und Hitler nach Argentinien geflohen und hat Goebbels bis in die 1990er die USA propagandistsch unterst\u00fctzt? (Die Wahrheit werden wir wohl nie (mehr) erfahren &#8211; und es ist ja sowieso egal, immer diese Deutschen mit ihrem Hitler-Komplex ;) )<br \/>\n<a href='https:\/\/www.nachdenkseiten.de\/?p=135579'>https:\/\/www.nachdenkseiten.de\/?p=135579<\/a><\/p>\n<p>Als passenden Abschluss ein Zitat aus dem letzten Artikel: <\/p>\n<blockquote><p><strong>&#8220;Sp\u00e4testens, wenn jemand sich selber in der \u00d6ffentlichkeit als seri\u00f6s bezeichnet und vor den L\u00fcgen und Fake-News der anderen warnt, sollte man misstrauisch werden&#8221;<\/strong><\/p><\/blockquote>\n","protected":false},"excerpt":{"rendered":"<p>Sa, 28.6.2025<\/p>\n<p>Sehr sonnig und schon wieder recht warm am Morgen, soll ich da wirklich heute ins Tal zum Einkaufen (und Entsorgen) fahren? Heue 30\u00b0 im Tal gemeldet, n\u00e4chsten Samstag sehen einige Wetterberichte Wolken, leichter Regen und nur noch 24\u00b0. Lebensmittel w\u00fcrden mir ja langen, nur mit Semmeln\/Toast m\u00fcsst ich etwas sparsamer sein, aber mit <a href=\"http:\/\/blog.inmontanis.info\/?p=10843\">[&#8230;]<\/a><\/p>\n","protected":false},"author":1,"featured_media":10847,"comment_status":"closed","ping_status":"closed","sticky":false,"template":"","format":"standard","meta":{"footnotes":""},"categories":[200,59,13],"tags":[],"class_list":["post-10843","post","type-post","status-publish","format-standard","has-post-thumbnail","hentry","category-koralpe","category-nostalgie","category-austria","odd"],"_links":{"self":[{"href":"http:\/\/blog.inmontanis.info\/index.php?rest_route=\/wp\/v2\/posts\/10843","targetHints":{"allow":["GET"]}}],"collection":[{"href":"http:\/\/blog.inmontanis.info\/index.php?rest_route=\/wp\/v2\/posts"}],"about":[{"href":"http:\/\/blog.inmontanis.info\/index.php?rest_route=\/wp\/v2\/types\/post"}],"author":[{"embeddable":true,"href":"http:\/\/blog.inmontanis.info\/index.php?rest_route=\/wp\/v2\/users\/1"}],"replies":[{"embeddable":true,"href":"http:\/\/blog.inmontanis.info\/index.php?rest_route=%2Fwp%2Fv2%2Fcomments&post=10843"}],"version-history":[{"count":5,"href":"http:\/\/blog.inmontanis.info\/index.php?rest_route=\/wp\/v2\/posts\/10843\/revisions"}],"predecessor-version":[{"id":10849,"href":"http:\/\/blog.inmontanis.info\/index.php?rest_route=\/wp\/v2\/posts\/10843\/revisions\/10849"}],"wp:featuredmedia":[{"embeddable":true,"href":"http:\/\/blog.inmontanis.info\/index.php?rest_route=\/wp\/v2\/media\/10847"}],"wp:attachment":[{"href":"http:\/\/blog.inmontanis.info\/index.php?rest_route=%2Fwp%2Fv2%2Fmedia&parent=10843"}],"wp:term":[{"taxonomy":"category","embeddable":true,"href":"http:\/\/blog.inmontanis.info\/index.php?rest_route=%2Fwp%2Fv2%2Fcategories&post=10843"},{"taxonomy":"post_tag","embeddable":true,"href":"http:\/\/blog.inmontanis.info\/index.php?rest_route=%2Fwp%2Fv2%2Ftags&post=10843"}],"curies":[{"name":"wp","href":"https:\/\/api.w.org\/{rel}","templated":true}]}}