{"id":10837,"date":"2025-06-27T10:36:01","date_gmt":"2025-06-27T08:36:01","guid":{"rendered":"http:\/\/blog.inmontanis.info\/?p=10837"},"modified":"2025-06-28T11:15:35","modified_gmt":"2025-06-28T09:15:35","slug":"koralpe-decke-abschluss-teil-1-ruckblick-1925-teil-2-uberlegung-autokauf-18-27-6-2025","status":"publish","type":"post","link":"http:\/\/blog.inmontanis.info\/?p=10837","title":{"rendered":"Koralpe, Decke Abschluss Teil 1, R\u00fcckblick 1925 Teil 2, \u00dcberlegung Autokauf, &#8230;, 18.-27.6.2025"},"content":{"rendered":"<p><strong>Mi, 18.6.2025<\/strong><\/p>\n<p>Kartoffeln kochen, einfrieren, Ei einfrieren, Eier hartkochen, Bericht schreiben und online stellen, da war heut nix mit Decke oder Rosette.<\/p>\n<p><a href='http:\/\/extra.inmontanis.info\/v\/sonstiges\/Gefundenes\/DSC05041.jpg.html'><img src=http:\/\/extra.inmontanis.info\/d\/131407-2\/DSC05041.jpg \/><\/a> Werbung 1925, eigenartiger Name<\/p>\n<p><a href='http:\/\/extra.inmontanis.info\/d\/131490-2\/DSC05043.jpg'><img src=http:\/\/extra.inmontanis.info\/d\/131489-3\/DSC05043.jpg \/><\/a><br \/>\n^ Bunte Kartoffelpfanne mit Speckw\u00fcrfel, Paprika (aus dem Glas samt dem \u00d6l), Zwiebel (getrocknete), Ei, Rosmarin und geriebener Emmentaler.<\/p>\n<p>Wg. der Reifen \/ TPMS &#8211; Frage gab&#8217;s auch noch eine kleine Erkenntnis, abgesehen davon, dass ich noch keine Preise von hier bekommen hab, aber nat\u00fcrlich von meinem Arbeitskollegen, der mir dann auch sagte, dass so ein TPMS-Sensor normalerweise nur 10 Jahre h\u00e4lt. D.h. es bringt nix, die aus den jetzigen Winterreifen rauszutun und sie dann n\u00e4chstes Jahr noch in neue Winterreifen reinzutun &#8211; da sollte ich dann besser gleich neue Sensoren kaufen, was ca. 200 \u20ac f\u00fcr alle 4 R\u00e4der zus\u00e4tzlich ausmachen wird.  Die alten Sensoren rauszutun und in die Ex-Spike-R\u00e4der zu tun, w\u00fcrde ca. 66 \u20ac ausmachen, das h\u00e4tte ich dann schon letztes Jahr machen k\u00f6nnen.<\/p>\n<p>Aber bevor ich dann n\u00e4chstes Jahr Herbst neue Winterreifen kaufe, sollte ich erst Service + j\u00e4hrliche \u00dcberpr\u00fcfung machen lassen und schauen ob nicht noch weitere teurere Arbeiten anstehen w\u00fcrden und falls ja, mir \u00fcberlegen, ob ich doch ein Ersatzauto kaufen sollte&#8230; wobei ich dann auch nicht monatelang auf ein unbestelltes Neufahrzeug warten k\u00f6nnte &#8230;<\/p>\n<p>Insbesondere ihr Au\u00dfenstehende denkt euch sicher schon lang &#8220;warum kauft er sich kein neues, gr\u00f6\u00dferes Auto&#8221;, so ein kleiner Hochdachkombi wie mein Qubo fr\u00fcher w\u00e4re besser von der Gr\u00f6\u00dfe her. Klar. Gibts aber ja heutzutage nur noch in wesentlich gr\u00f6\u00dfer und teurer. <\/p>\n<p>Der kleinste w\u00e4r da mit ca. 4,33m L\u00e4nge noch der neue Ford Courier. Also 60-70cm l\u00e4nger als mein Ignis. Mir eigentlich viel zu lang. Dazu nat\u00fcrlich ein h\u00f6herer Benzinverbrauch. Automatik g\u00e4bs auch, aber der Aufpreis mit knapp 4.000 \u20ac w\u00e4r mir zu teuer, wobei der Schalter keine Berganfahrhilfe hat wie mein Ignis, was also umst\u00e4ndlicher ist. Allrad gibts nat\u00fcrlich nicht. Ob wenigstens ASR keine Ahnung. Zum Gl\u00fcck kein Smart-Hybrid, das ist bei meinem Ignis ja doch recht sinnlos. Au\u00dfer f\u00fcr manche Umweltzonen.<\/p>\n<p>Als PKW- oder Nutzfahrzeugversion? Letzteren g\u00e4bs mit einem g\u00fcnstigeren, schw\u00e4cheren Benzinmotor, daf\u00fcr die Frage der Ausbaum\u00f6glichkeit der Trennw\u00e4nde, eventuell sonstige Nachteile, der n\u00f6tige bessere Ausbau, weil hinten Blech und keine Verkleidung usw usf.<\/p>\n<p>Das sind die Dinge, die noch recht einfach sind und jedem noch am ehesten einfallen.<\/p>\n<p>Aber es gibt noch weitere Dinge, die zu bedenken sind. Aktuell hab ich die Ski im Winter auf dem Dachtr\u00e4ger. Super bequem, keine N\u00e4sse im Auto, kein Platzbedarf im Auto, aber Pfeifen, h\u00f6herer Spritverbrauch, mehr Kantenrost.<\/p>\n<p>Bei einem Hochdachkombi schaut das schon wieder anders aus, weil man da nicht so leicht aufs Dach kommt durch die gr\u00f6\u00dfere H\u00f6he. Und weil so ein Auto ja eh schon einen etwas h\u00f6heren Verbrauch hat, m\u00f6chte ich auf einen Dachtr\u00e4ger verzichten. Dann m\u00fcssten die Ski aber ins Auto. 3 Paar Ski brauchen auch viel Platz, ok, dann halt auf nur noch 2 verringern. Dazu dann die zus\u00e4tzliche N\u00e4sse, wo ich ja eh schon immer ein Feuchtigkeitsproblem  habe &#8211; das w\u00e4re wohl der gr\u00f6\u00dfte Nachteil, die Ski im Inneren zu verladen.  <\/p>\n<p>Au\u00dfer man w\u00fcrde einen Skitr\u00e4ger (und evtl auch das Ersatzrad) ans Heck schrauben &#8211; dann w\u00e4re das Auto aber nochmals l\u00e4nger. K\u00f6nnte man vielleicht auch &#8220;nostalgisch&#8221; machen wie bei so  manchen alten Gondeln und die Ski schr\u00e4g \u00fcber beide T\u00fcrh\u00e4lften legen. Das f\u00e4nd ich dann wiederum cool.<\/p>\n<p>Eine Luft-Standheizung m\u00fcsste wg. der Ausl\u00e4sse und Heizungsrohre vmtl. auch etwas luftiger im Bodenbereich verbaut werden (was den zur Verf\u00fcgung stehenden Platz beim Camperausbau wieder eind\u00e4mmt, wobei die Ski in der N\u00e4he evtl. dann auch leichter trocknen k\u00f6nnen, wohin auch immer dann die Feuchtigkeit hinginge), wobei man sich dabei meines Wissens beim Einbau festlegen muss, ob man die Luft f\u00fcr die Standheizung von au\u00dfen (=trockener, aber ggf. mit den Abgasen der Standheizung; im Sommer als Bel\u00fcftung m\u00f6glich)  oder von innen verwendet; ein Umschalten ist da normalerweise nicht vorgesehen. Wobei man das vielleicht auch irgendwie machen k\u00f6nnte. Aber wie man dann bei einer Luftzufuhr von au\u00dfen es verhindern kann, dass da keine Tiere (von Fliegen \u00fcber Spinnen und K\u00e4fer bis M\u00e4use) reinkommen?<\/p>\n<p>Dass es den Courier nur mit Ausstellfenstern hinten gibt, ist auch ein Nachteil, die kann man nat\u00fcrlich nicht regendicht \u00f6ffnen (z.B. auch zum Reinlegen des Stromkabels am Campingplatz, d.h. entweder Fahrerfenster oder Steckdose ins Blech), ein Fliegennetz ist schwieriger anzubringen und \u00fcberhaupt zieht da im Sommer noch weniger Luft durch, wenn man &#8211; wie ich &#8211; keine Lust auf Fliegen &#038; Stechm\u00fccken hat und nicht die T\u00fcr \u00f6ffnen will. Au\u00dfer man w\u00fcrde ein Fliegennetz \u00fcber die ganze T\u00fcrbreite spannen (seitlich oder hinten) &#8230;<\/p>\n<p>Wegen der gr\u00f6\u00dferen H\u00f6he insb. bei Dachtr\u00e4ger (oder schon generell oder auch wg. Fahrzeugl\u00e4nge) k\u00f6nnten auch h\u00f6here F\u00e4hrenkosten anfallen, je nachdem wie das die Gesellschaft berechnet.<\/p>\n<p>Man erkauft sich also einen &#8211; oder in dem Fall eigentlich ziemlich den einzigen &#8211; Vorteil (= mehr Platz im Innenraum) mit vielen Nachteilen. Auch von den Kosten her k\u00f6nnte ich meinen Ignis vermutlich noch lange reparieren lassen bis ich den Preis eines Neu- oder Gebrauchtwagens plus Ausbau erreiche.<\/p>\n<p>Vielleicht werd ich beim Servicetermin im Herbst mal ein paar Fahrzeuge vom Innenraum her ausmessen und checken ob\/wie man die R\u00fccksitze ausbauen kann, so die Fahrzeuge verf\u00fcgbar sind &#8211; Suzuki Swift, Ford Courier und vielleicht noch einen Citroen C3 und dann kann ich mir ja unterwegs noch viel \u00fcberlegen, ob eines der Autos f\u00fcr mich sinnvoll und w\u00fcnschenswert und leistbar w\u00e4re, wie ich den Ausbau machen k\u00f6nnte oder ob ich doch beim Ignis, meinem oder einen neueren Gebrauchten, bleibe. Weniger Platz innen oder innen niedriger als der Ignis k\u00e4me aber wahrlich nicht in Frage, dazu hab ich zu viel Sachen dabei, auf die ich nicht verzichten m\u00f6chte.<\/p>\n<p>Vor ein paar Jahren hatte ich mich ja mal f\u00fcr den elektrischen e-Bussy, danach X-Bus genannt, interessiert, als Leichtfahrzeug tyisiert, der auch als Camper angeboten worden w\u00e4re und dessen Erscheinen immer weiter verz\u00f6gert wurde, aber mittlerweile ist die Firma wohl in Konkurs gegangen.<\/p>\n<p><strong>Do, 19.6.2025<\/strong><\/p>\n<p>Am heutigen Feiertag wollte ich endlich auf die Decke malen. Das Zeichnen des Kreises mit meinem Loch-Stabs wurde zwar rund, offenbarte aber 2 kleine Problemchen, da die Schraube nicht gerade sa\u00df (D\u00fcbel schr\u00e4g in der Wand), so dass das Brett auf der Gegenseite schnell an der Decke kratzte, weil ich pinsellochgr\u00f6\u00dfenm\u00e4\u00dfig mich gestern entschied, die Schraube in die mittigen L\u00f6cher und den Pinsel au\u00dfen zu setzen statt umgekehrt. <\/p>\n<p>Mit Hilfe eines durchgeschnittenen Kartons zeichnte ich die 45\u00b0-Winkel f\u00fcr die Schwertlilien und schablonierte diese. Das ging einfacher als erwartet, da man das kleine Ornament locker mit einer Pinself\u00fcllung (s)tupfen konnte und die Schablone mit der Hand an die Decke halten konnte, ohne sie befestigen zu m\u00fcssen.<\/p>\n<p><a href='http:\/\/extra.inmontanis.info\/d\/131494-2\/DSC05049.jpg'><img src=http:\/\/extra.inmontanis.info\/d\/131493-3\/DSC05049.jpg \/><\/a><br \/>\n^ Schablone + 45\u00b0 Winkel + Hilfsmittel zum Kreismalen<\/p>\n<p><a href='http:\/\/extra.inmontanis.info\/d\/131498-2\/DSC05051.jpg'><img src=http:\/\/extra.inmontanis.info\/d\/131497-3\/DSC05051.jpg \/><\/a><br \/>\n^ Test des Kreismalmittels und Einzeichnen der Winkel f\u00fcr die Schablone &#8211; das Ergebnis war dann leider doch nicht ganz parallel zu Wand<\/p>\n<p>Danach also den Goldkreis probiert, der etwas problematisch war, 1. wurde der Pinselstrich wesentlich dicker als erwartet, so dass ich den zweiten Kreis in der vorhergesehenen Entfernung nicht mehr machen konnte und zum 2.  kam man mit einem Pinsel voll Farbe weit weniger weit als erwartet.<\/p>\n<p>Ich blieb also bei dem einen Kreis auch weil ich bef\u00fcrchtete, dass ich den Abstand nicht sauber=ident  genug hinbekommen w\u00fcrde.<\/p>\n<p>Somit blieb nur noch, die Lampe aufzuh\u00e4ngen und die Rosette anzukleben. Die trotz Aush\u00f6lung hinten immer noch sehr streng aufzudr\u00fccken w\u00e4re, ob die mit dem Kleber schnell und gut genug halten wird?<\/p>\n<p>Nach dem Abschneiden der Spitze des Kartuschenklebers \u00e4nderte ich aber nochmals meine Meinung und verschob das Kleben auf &#8220;nach der restlichen Deckenbemalung&#8221; in dem Bereich, denn mit dem Kleber w\u00fcrd ich dann auch die antike Zierleiste aufkleben und f\u00fcr die Rahmen brauch ich noch die Wand als Abstandsmessung. <\/p>\n<p>Beim Zeichnen des Rechtecks an der Decke als Hilfslinie f\u00fcrs Kreppband merkte ich schon, dass ich heute nicht mehr werde malen k\u00f6nnen, da mir durch das Kopf-nach-oben-halten der Sch\u00e4del brummte. <\/p>\n<p>Die Zeichnung an den 3 Wandseiten geht ja einfach mit einem Hilfsmittel, wenn vorhanden (Bilderrahmen bzw. Karton), das freie St\u00fcck dagegen, wie soll man das denn gerade und im rechten Winkel hinbekommen..<\/p>\n<p>Ich entschied mich, 2 Rei\u00dfn\u00e4gel zu nehmen und einen fast etwas zu kurzen Schn\u00fcrsenkel (von meinen Schlittschuhen Mitte der 90er, die ich aber auch in der letzten Wohnung noch unbenutzt hatte) zu spannen, reichte knapp f\u00fcr die 1,3m, und statt Hilfslinie gleich Kreppband zu kleben.<\/p>\n<p><a href='http:\/\/extra.inmontanis.info\/d\/131502-2\/DSC05059.jpg'><img src=http:\/\/extra.inmontanis.info\/d\/131501-3\/DSC05059.jpg \/><\/a><br \/>\n^ Goldener Kreis und schablonierte Schwertlilien sind fertig, die Rosette h\u00e4ngt noch unverklebt, die Randlinie ist von den W\u00e4nden aus eingezeichnet, f\u00fcr die offene Stelle dient: ein gespannter Schn\u00fcrsenkel<\/p>\n<p><a href='http:\/\/extra.inmontanis.info\/v\/sonstiges\/Gefundenes\/DSC05061.jpg.html'><img src=http:\/\/extra.inmontanis.info\/d\/131410-2\/DSC05061.jpg \/><\/a> &#8220;Das Liebes- und Geschlechtsleben des Weibes in gesunden und kranken Tagen&#8221; ;)<\/p>\n<p><a href='http:\/\/extra.inmontanis.info\/v\/sonstiges\/Gefundenes\/DSC05062.jpg.html'><img src=http:\/\/extra.inmontanis.info\/d\/131413-2\/DSC05062.jpg \/><\/a> Holz-\/Kohle-Ofen oder Zentralheizung?<\/p>\n<p><a href='http:\/\/extra.inmontanis.info\/v\/sonstiges\/Gefundenes\/DSC05065.jpg.html'><img src=http:\/\/extra.inmontanis.info\/d\/131416-2\/DSC05065.jpg \/><\/a> 3.000 tote Hermelin\/Marder f\u00fcr 1 Kleidungsst\u00fcck<\/p>\n<p>Pizzateig musste mal aufgebraucht werden, zuletzt hatte ich geschrieben:<\/p>\n<blockquote><p>\nDie Pizza aus dem Hei\u00dfluftofen war nat\u00fcrlich unten zu labbrig, die in der Pfanne dagegen oben zu weich; optimal w\u00e4re also, beides zu verwenden.\n<\/p><\/blockquote>\n<p>Anstatt also den kompletten Teig gleichzeitig in Ofen und Pfanne zu .. was eigentlich, kochen, braten, ..? .. erhitzen, nahm ich die gro\u00dfe Crepes-Pfanne (die ich im Auto dabei hab) und halbierte den Teig in 2 Teile und machte erst den einen Teil in der Pfanne, dann kommt der Belag drauf und ab in den Ofen, w\u00e4hrend dann der 2. Teil in der Pfanne dran war.<\/p>\n<p>Geplant war:<\/p>\n<p>1: Sahne, Speckw\u00fcrfel, gehackt-getrocknete Zwiebel, Pizzapulver, Kartoffel, geriebener K\u00e4se, also in etwa eine franz\u00f6sische Montagnarde.<br \/>\n2: Tomatenso\u00dfe von der Pizzateigpackung, Speckw\u00fcrfel, gehackt-getrocknete Zwiebel,, Pizzapulver, Paprika, geriebener K\u00e4se<\/p>\n<p><a href='http:\/\/extra.inmontanis.info\/d\/131506-2\/DSC05068.jpg'><img src=http:\/\/extra.inmontanis.info\/d\/131505-3\/DSC05068.jpg \/><\/a><br \/>\n^ Pizza Teil 1 mit Sahne, Pizzapulver, Speckw\u00fcrfel, Zwiebel und Kartoffeln, bevor der K\u00e4se draufkam<\/p>\n<p><a href='http:\/\/extra.inmontanis.info\/d\/131510-2\/DSC05070.jpg'><img src=http:\/\/extra.inmontanis.info\/d\/131509-3\/DSC05070.jpg \/><\/a><br \/>\n^ Fertige halbe Pizza<\/p>\n<p>Leider ist die Tomatenso\u00dfe mittlerweile verschimmelt, das Glas hatte ich vor einigen Tagen schon f\u00fcr glaub eine Nudelportion ge\u00f6ffnet, schade.<\/p>\n<p>Nochmal Sahne? Sahne + Ketchup? Oder nur Bearnaise? Oder Preiselbeeren auch noch drauf? ;)<\/p>\n<p>Na dann halt mal probieren mit Bearnaise. Hab ja noch 2 Packungen, rest der gemachten So\u00dfe wird halt eingefroren.<br \/>\nSomit dann Pizza 2: Bearnaise, Speckw\u00fcrfel, gehackt-getrocknete Zwiebel, Pizzapulver, Paprika, geriebener K\u00e4se &#8211; und auf einer H\u00e4lfte mal testweise: Preiselbeeren<\/p>\n<p><a href='http:\/\/extra.inmontanis.info\/d\/131514-2\/DSC05071.jpg'><img src=http:\/\/extra.inmontanis.info\/d\/131513-3\/DSC05071.jpg \/><\/a><br \/>\n^ Pizza Teil 2 mit Bearnaise, Pizzapulver, Speckw\u00fcrfel, Zwiebel, Paprika und Preiselbeeren, bevor der K\u00e4se draufkam<\/p>\n<p><a href='http:\/\/extra.inmontanis.info\/d\/131518-2\/DSC05072.jpg'><img src=http:\/\/extra.inmontanis.info\/d\/131517-3\/DSC05072.jpg \/><\/a><br \/>\n^ Fertige halbe Pizza<\/p>\n<p>Gar nicht mal so unlecker, Bearnaise &#038; Preiselbeeren passen auch ohne Rentier bzw. ohne Rindfleisch ;)<\/p>\n<p>Nachmittags mal aufs Thermometer am Bett geschaut, 20,2\u00b0, also heute die 20\u00b0 \u00fcberschritten.<\/p>\n<p>Und mich nach dem Essen wieder der Decke gewidmet, also Kreppband geklebt. Da mir die 1cm Strichbreite (so hatte ich es am PC definiert) auf der Decke so schmal vorkamen, hab ich noch eine Bleistiftskizze auf Papier probiert, aber bei dieser Schwertliliengr\u00f6\u00dfe passt wohl 1cm, wobei 1,5 cm auch noch ginge.<\/p>\n<p>Da ich erst die Fleur de lis aufstupfen sollte bevor ich die Linie zeichne, beides aber eh nacheinander, also nach Trocknung machen sollte, um das innere Kreppband zu kleben,  wollte ich heute noch die Lilien in den Ecken malen.<\/p>\n<p>Interessanterweise meinte das Kreppband, dass meine zuvor gezogenen Linien mit dem Holzrahmen als Abstandsmesser krumm waren &#8211; oder die Wand krumm ist.  da ich das Kreppband 2-3x st\u00fcckeln musste, sind nun kleine Winkel in der Linie. (Einige Tage sp\u00e4ter hab ich das an der Wand zwischen Bett und Flur im Flurbereich nachgemessen, hier fehlen teils 1cm zwischen oben\/unten und vorne\/hinten.)<\/p>\n<p>Die ersten 2 Lilien klappten nicht so gut, wohl weil der Pinsel noch nicht trocken genug war und somit die Farbe zu fl\u00fcssig war. <\/p>\n<p>Die Rosette klebt zwar noch nicht, aber trotzdem mehr und besser geklappt alles als bef\u00fcrchtet.<\/p>\n<p>Die letzten Wochen und auch die Vorhersage der n\u00e4chsten Wochen hier sehr sonnig und unten im Tal um \/ \u00fcber 30&#8243;.  N\u00e4chste beiden Tage eher 26\u00b0, aber hab noch nicht genug Platz, um schon einzukaufen &#8211; vielleicht Samstag in einer Woche.<\/p>\n<p>Wenn der Projektor l\u00e4uft, kann man die neue Bemalung sch\u00f6n sehen und der Goldkreis gl\u00e4nzt.<\/p>\n<p><strong>Fr, 20.6.2025<\/strong><\/p>\n<p>18-19\u00b0 am Balkon schon vor 8 Uhr &#8211; da heizt vermutlich auch die morgendliche Sonne etwas auf, die zwar beim jetzigen Sonnenstand h\u00f6chstens ganz fr\u00fch etwas die Balkont\u00fcr erreicht, aber halt auch die Fliesen erw\u00e4rmt.<\/p>\n<p>Restliches Kreppband kleben, was &#8211; bei dem krummen Kleben gestern &#8211; heute auch nicht gerader wurde. Somit ist das wei\u00dfe &#8220;Rechteck&#8221; mal etwas dicker und mal etwas d\u00fcnner.<\/p>\n<p><a href='http:\/\/extra.inmontanis.info\/v\/sonstiges\/Gefundenes\/DSC05085.jpg.html'><img src=http:\/\/extra.inmontanis.info\/d\/131419-2\/DSC05085.jpg \/><\/a> 100.000 Mark f\u00fcr einen Zeitungsroman, sollen ca. 500.000 \u20ac heutzutage sein<\/p>\n<p><a href='http:\/\/extra.inmontanis.info\/d\/131523-2\/DSC05088.jpg'><img src=http:\/\/extra.inmontanis.info\/d\/131522-3\/DSC05088.jpg \/><\/a><br \/>\n^ Ecken schabloniert und Linie gemalt<\/p>\n<p>Deckenrosette heute kleben? Ne, mal warten, bis die 2. fertig ist.<\/p>\n<p>Dann sollte ich mich mal entscheiden, was ich f\u00fcr eine Bemalung im Flur nehme, ob ich diese orientalische Lampe dort behalte, ob ich die Antik-Zierleiste nun im Flur oder anderswo nehmen m\u00f6chte&#8230; <\/p>\n<p><a href='http:\/\/extra.inmontanis.info\/d\/131527-2\/DSC05101.jpg'><img src=http:\/\/extra.inmontanis.info\/d\/131526-3\/DSC05101.jpg \/><\/a><br \/>\n^ Fertig ist Rosette samt Rahmen; die wei\u00dfe Wand ist ja meine Leinwand f\u00fcr den Projektor, der goldene Kreis gl\u00e4nzt dann deutlich<\/p>\n<p><strong>Sa, 21.6.2025<\/strong><\/p>\n<p>Heut Vormittag wieder ins Skigebiet raufgefahren f\u00fcr die gratis Parkstunde, diesmal aber nach rechts gegangen zur Abfahrt an der stillgelegten 4KSB.<\/p>\n<p>H\u00e4tte man damals eine DSB oder einen SL gebaut (oder einen eventuell bestehenden gelassen), w\u00e4r das Teilgebiet vielleicht nicht stillgelegt worden&#8230;<\/p>\n<p><a href='http:\/\/ski.inmontanis.info\/d\/341011-2\/DSC05106.jpg'><img src=http:\/\/ski.inmontanis.info\/d\/341010-3\/DSC05106.jpg \/><\/a><br \/>\n^ Seillift und dar\u00fcber Abfahrt \u00dcbungs+Kurvenlift<\/p>\n<p><a href='http:\/\/ski.inmontanis.info\/d\/341015-2\/DSC05108.jpg'><img src=http:\/\/ski.inmontanis.info\/d\/341014-3\/DSC05108.jpg \/><\/a><br \/>\n^ Evtl. ehemalige Umfahrung der Abfahrt an der 4KSB<\/p>\n<p><a href='http:\/\/ski.inmontanis.info\/d\/341019-2\/DSC05114.jpg'><img src=http:\/\/ski.inmontanis.info\/d\/341018-3\/DSC05114.jpg \/><\/a><br \/>\n^ (Ex-) 4KSB<\/p>\n<p><a href='http:\/\/ski.inmontanis.info\/d\/341023-3\/DSC05119_001.jpg'><img src=http:\/\/ski.inmontanis.info\/d\/341022-4\/DSC05119_001.jpg \/><\/a><br \/>\n^ (Ex-) 4KSB und Hauptabfahrt; die Fangzauninstallation rechts ist durch die B\u00e4ume jetzt auch sinnlos ;)<\/p>\n<p><a href='http:\/\/ski.inmontanis.info\/d\/341027-3\/DSC05121_001.jpg'><img src=http:\/\/ski.inmontanis.info\/d\/341026-4\/DSC05121_001.jpg \/><\/a><br \/>\n^ (Ex-) 4KSB und Hauptabfahrt, auch hier wachsen mittlerweile neue B\u00e4ume<\/p>\n<p><a href='http:\/\/ski.inmontanis.info\/d\/341031-3\/DSC05124_001.jpg'><img src=http:\/\/ski.inmontanis.info\/d\/341030-4\/DSC05124_001.jpg \/><\/a><br \/>\n^ Der untere Teil der 4KSB-Abfahrt war wohl etwas steiler, mittlerweile aber auch mit B\u00e4umen \u00fcbers\u00e4ht<\/p>\n<p><a href='http:\/\/ski.inmontanis.info\/d\/341035-3\/DSC05125_001.jpg'><img src=http:\/\/ski.inmontanis.info\/d\/341034-4\/DSC05125_001.jpg \/><\/a><br \/>\n^ Die Windr\u00e4der sollten wohl die hinter dem Skigebiet Weinebene sein<\/p>\n<p><a href='http:\/\/ski.inmontanis.info\/d\/341039-3\/DSC05126.jpg'><img src=http:\/\/ski.inmontanis.info\/d\/341038-4\/DSC05126.jpg \/><\/a><br \/>\n^ (Ex-) 4KSB und Hauptabfahrt, hier noch weniger bwachsen; rechts scheint es auch noch eine Variante gegeben zu haben<\/p>\n<p><a href='http:\/\/ski.inmontanis.info\/d\/341043-3\/DSC05129_001.jpg'><img src=http:\/\/ski.inmontanis.info\/d\/341042-4\/DSC05129_001.jpg \/><\/a><br \/>\n^ Hier k\u00e4me man wohl weiter zu dem Bereich, wo einst der SL unterhalb des Wasserhanggipfellifts war, aber wg. der 1h-Gratisparkzeit bin ich umgekehrt<\/p>\n<p><a href='http:\/\/ski.inmontanis.info\/d\/341047-3\/DSC05128_001.jpg'><img src=http:\/\/ski.inmontanis.info\/d\/341046-4\/DSC05128_001.jpg \/><\/a><br \/>\n^ .. von hier aus konnte man ins Tal schauen<\/p>\n<p><a href='http:\/\/ski.inmontanis.info\/d\/341051-3\/DSC05132_001.jpg'><img src=http:\/\/ski.inmontanis.info\/d\/341050-4\/DSC05132_001.jpg \/><\/a><br \/>\n^ Wolfsberg (S\u00fcd)<\/p>\n<p><a href='http:\/\/ski.inmontanis.info\/d\/341055-3\/DSC05133_001.jpg'><img src=http:\/\/ski.inmontanis.info\/d\/341054-4\/DSC05133_001.jpg \/><\/a><br \/>\n^ War vmtl. die Umfahrung des Steilhangs an der 4KSB unten<\/p>\n<p><a href='http:\/\/ski.inmontanis.info\/d\/341059-3\/DSC05135.jpg'><img src=http:\/\/ski.inmontanis.info\/d\/341058-4\/DSC05135.jpg \/><\/a><br \/>\n^ .. dar\u00fcber wohl eine weitere, linke Abfahrt (rechts im Bild, links ist als Quellschutzgebiet ausgeschildert)<\/p>\n<p>Danach wollt ich noch beim B\u00e4cker Semmeln holen, aber im Gegensatz zu letztem Sonntag war heute nicht offen. Da man ja im Internet keine \u00d6ffnungszeiten findet und auch auf der T\u00fcr nix angeschlagen steht (und ich letzte Woche vergessen hab), kann man sich einfach nicht drauf verlassen, dass man Semmeln kaufen kann, somit werd ich den Rest des Sommers, wie schon \u00fcblich, die Semmeln im Tal f\u00fcr mehrere Wochen auf Vorrat kaufen.<\/p>\n<p>Sp\u00e4ter noch Auto gestaubsaugt, was dank 230V im Auto ja auch mit dem &#8220;gro\u00dfen&#8221; geht.<\/p>\n<p>Eines der Hauptprobleme f\u00fcr die gro\u00dfe Rosette sind die korrekten Winkel, da ich in eine Ecke m\u00f6chte und sich der Rest entsprechend ergeben soll. Diese und somit auch die gegen\u00fcberliegende Lage w\u00e4re vorgegeben und mit einem langen St\u00fcck Schnur, das hoffentlich wieder mit Rei\u00dfzwecken an der Decke h\u00e4lt, definierbar. Die lange Schnur, die ich da hab, ist allerdings sehr dick.<\/p>\n<p>Ich entzwirnte die lange Schnur und verknotete die Teile, spannte Sie, suchte eine Garde \u00fcber die Lampe und zeichnete dann einige Linienst\u00fccke auf die Wand oder ich lass die Schnur h\u00e4ngen bis ich die 3D-Elemente aufklebe.<\/p>\n<p><a href='http:\/\/extra.inmontanis.info\/d\/131531-2\/DSC05141.jpg'><img src=http:\/\/extra.inmontanis.info\/d\/131530-3\/DSC05141.jpg \/><\/a><br \/>\n^ Seil von der Ecke rechts aus gespannt und geschaut, wo die Gegenseite links rauskommen w\u00fcrde<\/p>\n<p><a href='http:\/\/extra.inmontanis.info\/v\/sonstiges\/Gefundenes\/DSC05150.jpg.html'><img src=http:\/\/extra.inmontanis.info\/d\/131422-2\/DSC05150.jpg \/><\/a> Flugzeuge anno 1925<\/p>\n<p><a href='http:\/\/extra.inmontanis.info\/v\/sonstiges\/Gefundenes\/DSC05152.jpg.html'><img src=http:\/\/extra.inmontanis.info\/d\/131425-2\/DSC05152.jpg \/><\/a> Aero-Schlitten<\/p>\n<p><a href='http:\/\/extra.inmontanis.info\/v\/sonstiges\/Gefundenes\/DSC05154.jpg.html'><img src=http:\/\/extra.inmontanis.info\/d\/131428-2\/DSC05154.jpg \/><\/a> Seifenflockenwerbung mit Skiern und Kaffee Hag<\/p>\n<p><a href='http:\/\/extra.inmontanis.info\/v\/sonstiges\/Gefundenes\/DSC05156.jpg.html'><img src=http:\/\/extra.inmontanis.info\/d\/131431-2\/DSC05156.jpg \/><\/a> Zentralheizung mittels Ofen und Agfa-Blitzlichter<\/p>\n<p><a href='http:\/\/extra.inmontanis.info\/v\/sonstiges\/Gefundenes\/DSC05157.jpg.html'><img src=http:\/\/extra.inmontanis.info\/d\/131434-2\/DSC05157.jpg \/><\/a> Klassenlotterien hatten damals auch schon gro\u00dfe Gewinne (1 Mio RM w\u00e4ren angeblich ca. 5 Mio \u20ac heute wert)<\/p>\n<p>Mit der Winkelmessung kam ich leider nicht in die gew\u00fcnschte Ecke, so dass das Hauptkreuz also leider nicht ganz im rechten Winkel ist.<\/p>\n<p>F\u00fcr solche Arbeiten sind mir selbst die 20\u00b0 in der Wohnung schon zu warm, da komm ich ins Schwitzen.<\/p>\n<p><a href='http:\/\/extra.inmontanis.info\/d\/131535-2\/DSC05158.jpg'><img src=http:\/\/extra.inmontanis.info\/d\/131534-3\/DSC05158.jpg \/><\/a><br \/>\n^ Da ich mit dem Strick in diese Ecke wollte und die Linie (mit Klebeband) nicht noch weiter nach rechts schieben konnte, ist es halt kein 90\u00b0 Winkel geworden<\/p>\n<p><a href='http:\/\/extra.inmontanis.info\/d\/131539-2\/DSC05161.jpg'><img src=http:\/\/extra.inmontanis.info\/d\/131538-3\/DSC05161.jpg \/><\/a><br \/>\n^ Hauptkreuz der Hauptrosette<\/p>\n<p>Als ich danach die Markierung f\u00fcr die wei\u00dfe Linie im selben Abstand von der Seite einzeichnete, das n\u00e4chste Problem, da ich mit der Ecke nicht dort landete, wo mein Markierungsfaden war. Wollte ich die Zimmerecke nun treffen, w\u00fcrde sich also alles wieder ver\u00e4ndern, zudem der Winkel in der anderen Ecke noch unpassender sein.<\/p>\n<p>Alternative w\u00e4re, den Abstand der wei\u00dfen Linie von der Au\u00dfenwand um knapp 10cm zu verringern.  (Am n\u00e4chsten Tag sah ich mir meine Zeichnung im Grafikprogramm an &#8211; auch hier ist der Abstand von der einen Wand geringer als von der anderen, um ebenfalls ca. 10cm. Tja na dann.)<\/p>\n<p>Da die Dose Schlagsahne auch schon lang offen ist und nun endlich etwas Platz im Tiefk\u00fchler ist, hab ich heut noch ein Schoko-Pistazien-Mandel-Eis gemacht.<\/p>\n<p><a href='http:\/\/extra.inmontanis.info\/d\/131543-2\/DSC05167.jpg'><img src=http:\/\/extra.inmontanis.info\/d\/131542-3\/DSC05167.jpg \/><\/a><br \/>\n^ Milch, Kakaopulver, Mandelst\u00fccke, Pistaziencreme und sp\u00e4ter noch bis oben hin Schlagsahne drauf und verr\u00fchren<\/p>\n<p>Dann in die Tiefk\u00fchltruhe und alle halbe Stunde umr\u00fchren. Wobei es danach trotzdem komplett hart ist, wenn mans die n\u00e4chsten Tage raustut und muss erst 15-20min auftauen. <\/p>\n<p>Zucker als Zutat vergessen und sp\u00e4ter noch etwas rein &#8211; stimmt, hatte ja vor 2 Jahren mal braunen Zucker gekauft.<\/p>\n<p><a href='http:\/\/extra.inmontanis.info\/v\/sonstiges\/Gefundenes\/DSC05169.jpg.html'><img src=http:\/\/extra.inmontanis.info\/d\/131437-2\/DSC05169.jpg \/><\/a> Interessant bei der Faber Castell Werbung auch der Zusatz &#8216;der Gegenwart&#8217; &#8230; nicht aller  Zeiten oder der Vergangenheit oder f\u00fcr alle Zukunft, nur der Gegenwart<\/p>\n<p><strong>Mo, 23.6.2025<\/strong><\/p>\n<p>Diese Woche soll&#8217;s sehr hei\u00df werden mit 35\u00b0 in K\u00e4rnten, um 11 Uhr stand mein Au\u00dfenthermometer schon \u00fcber 25\u00b0. Ich sollte endlich mal meine Fliegennetze an den Autofenstern reparieren (der geklebte Streifen von der Art Klettband ist heuer komplett abgegangen durch die Hitze).<\/p>\n<p>Heute zu Mittag aber die Winkelhalbierenden eingezeichnet und mit der Schnur an den Rand verl\u00e4ngert, somit kann ich die Ornamente entlang der wei\u00dfen Linie schablonieren. Aber bevor ich wieder schabloniere, wollte ich erst Rosette+Bemalung im Flur fixieren, da ich das ja noch nicht entschieden hatte. Wei\u00dfe Linien drumrum oder Ornamentschablonen? Rosette nur Styropor oder mit Kreis oder mit (Kompass-) Stern erg\u00e4nzen?<\/p>\n<p><a href='http:\/\/extra.inmontanis.info\/d\/131547-2\/DSC05171.jpg'><img src=http:\/\/extra.inmontanis.info\/d\/131546-3\/DSC05171.jpg \/><\/a><br \/>\n^ Auf der Suche nach den 45\u00b0 Winkeln<\/p>\n<p><a href='http:\/\/extra.inmontanis.info\/v\/sonstiges\/Gefundenes\/DSC05174.jpg.html'><img src=http:\/\/extra.inmontanis.info\/d\/131440-2\/DSC05174.jpg \/><\/a> Zum Gl\u00fcck wurde diese unleserliche alte deutsche Schreibschrift von Hitler abgeschafft. Ist ja noch eigenartiger als die kyrillische Kursivschrift. Wie kam man nur auf die Idee, ein &#8220;e&#8221; wie ein &#8220;n&#8221; zu machen .. auch viele andere Buchstaben sind komplett anders. Erinnert an Steno, aber das hab ich auch schon verlernt :)<\/p>\n<p><a href='http:\/\/extra.inmontanis.info\/v\/sonstiges\/Gefundenes\/DSC05175.jpg.html'><img src=http:\/\/extra.inmontanis.info\/d\/131443-2\/DSC05175.jpg \/><\/a> Mal wieder Ski<\/p>\n<p><a href='http:\/\/extra.inmontanis.info\/v\/sonstiges\/Gefundenes\/DSC05178.jpg.html'><img src=http:\/\/extra.inmontanis.info\/d\/131446-2\/DSC05178.jpg \/><\/a> Pferde-Schlittenrennen in Garmisch, Segel-Schlitten aus Amerika<\/p>\n<p><a href='http:\/\/extra.inmontanis.info\/v\/sonstiges\/Gefundenes\/DSC05180.jpg.html'><img src=http:\/\/extra.inmontanis.info\/d\/131449-2\/DSC05180.jpg \/><\/a> Mit dem Zeppelin zum Nordpol<\/p>\n<p>Abends gab&#8217;s mal ein W\u00e4rmegewitter und am sp\u00e4ten Abend hab ich mich noch f\u00fcr die Designvariante der Flurdecke und -rosette entschieden.<\/p>\n<p><strong>Di, 24.6.2025<\/strong><\/p>\n<p>Endlich wieder Pinsel in der Hand, Rosette#2 bemalt.<\/p>\n<p><a href='http:\/\/extra.inmontanis.info\/v\/sonstiges\/Gefundenes\/DSC05183.jpg.html'><img src=http:\/\/extra.inmontanis.info\/d\/131452-2\/DSC05183.jpg \/><\/a> Mit am deutlichsten merkt man das Alter der Zeitschrift an der Werbung f\u00fcr Autos ;)<\/p>\n<p><a href='http:\/\/extra.inmontanis.info\/v\/sonstiges\/Gefundenes\/DSC05184.jpg.html'><img src=http:\/\/extra.inmontanis.info\/d\/131455-2\/DSC05184.jpg \/><\/a> :)<\/p>\n<p><a href='http:\/\/extra.inmontanis.info\/d\/131551-2\/DSC05194.jpg'><img src=http:\/\/extra.inmontanis.info\/d\/131550-3\/DSC05194.jpg \/><\/a><br \/>\n^ Zweite Rosette fertig bemalt<\/p>\n<p>Abends noch den Goldkreis um die Rosette gemacht, mit einem anderen Hilfsmittel &#8211; auch nicht ganz fehlerfrei aber wohl doch einfacher. Das muss nun erst einmal trocknen, bevor ich die Winkel abmessen und den Stern (Kompassrose) malen kann.<\/p>\n<p><a href='http:\/\/extra.inmontanis.info\/d\/131555-3\/DSC05200.jpg'><img src=http:\/\/extra.inmontanis.info\/d\/131554-4\/DSC05200.jpg \/><\/a><br \/>\n^ Neues Hilfsmittel zum Malen des Goldkreises<\/p>\n<p><a href='http:\/\/extra.inmontanis.info\/d\/131559-3\/DSC05201.jpg'><img src=http:\/\/extra.inmontanis.info\/d\/131558-4\/DSC05201.jpg \/><\/a><br \/>\n^ Neues Hilfsmittel zum Malen des Goldkreises. Nicht ganz perfekt, aber der Kreis leuchtet eh nicht immer so gut<\/p>\n<p><strong>Mi, 25.6.2025<\/strong><\/p>\n<p>Abends in der Wohnung am Bett die 21,0\u00b0  erreicht, nachts Fenster offen, morgens 20,7\u00b0  :(<\/p>\n<p><a href='http:\/\/extra.inmontanis.info\/d\/131563-3\/DSC05203.jpg'><img src=http:\/\/extra.inmontanis.info\/d\/131562-4\/DSC05203.jpg \/><\/a><br \/>\n^ Ein St\u00fcck Karton im 15\u00b0 Winkel beschnitten &#8211; endlich mal wieder meine Schneidemaschine brauchen k\u00f6nnen, aber der Karton ist fast zu dick.<\/p>\n<p>Puh, das war wieder ein Theater, die Winkel da alle zu bekommen. Erschwerend dazu, dass die Wand krumm ist, vorne an der Decke und am Boden ca. 1cm Unterschied, an der Decke von vorne bis hinten aber auch unterschiedlich. Dann die 45\u00b0 Winkel und dann noch mein 15\u00b0-Karton richtig reinsetzen und abkleben &#8211; also all das m\u00f6cht ich auch nicht noch einmal machen m\u00fcssen! Hab jetzt Muskelkater im Nacken.<\/p>\n<p><a href='http:\/\/extra.inmontanis.info\/d\/131567-3\/DSC05205.jpg'><img src=http:\/\/extra.inmontanis.info\/d\/131566-4\/DSC05205.jpg \/><\/a><br \/>\n^ Durch den Stromanschluss von der Lampe kann man halt weder die Linie durchg\u00e4ngig anzeichnen, noch einen rechten Winkel vern\u00fcnftig finden, daher  Behelfsrechteck, das aber wg. der nicht ganz passenden ersten Gerade auch nicht besser ging, weshalb ich den linken Pfeil auch nochmals neu machen musste. Puh.<\/p>\n<p><a href='http:\/\/extra.inmontanis.info\/d\/131571-3\/DSC05207.jpg'><img src=http:\/\/extra.inmontanis.info\/d\/131570-4\/DSC05207.jpg \/><\/a><br \/>\n^ .. nun die R\u00e4nder beklebt und es kann mit Wei\u00df innen gemalt werden<\/p>\n<p>Abends noch zwischen Wei\u00df und Gold die gr\u00fcnen &#8220;Abst\u00e4nde&#8221; nachgemalt und somit den Stern bzw. die Kompassrose abgeschlossen. Puh. <\/p>\n<p><a href='http:\/\/extra.inmontanis.info\/v\/sonstiges\/Gefundenes\/DSC05209.jpg.html'><img src=http:\/\/extra.inmontanis.info\/d\/131458-2\/DSC05209.jpg \/><\/a> Puddingpulver von Dr. Oetker &#8211; das beste und billigste Nahrmungsmittel f\u00fcr die Kinder<\/p>\n<p><a href='http:\/\/extra.inmontanis.info\/v\/sonstiges\/Gefundenes\/DSC05211.jpg.html'><img src=http:\/\/extra.inmontanis.info\/d\/131461-2\/DSC05211.jpg \/><\/a> Baumkuchen werden von mehreren Firmen angeboten. Rechts eine Werbung f\u00fcr eine Krankenversicherung, oben Schokoladewerbung mit Ski<\/p>\n<p><a href='http:\/\/extra.inmontanis.info\/v\/sonstiges\/Gefundenes\/DSC05212.jpg.html'><img src=http:\/\/extra.inmontanis.info\/d\/131464-2\/DSC05212.jpg \/><\/a> .. und noch eine Werbung mit Ski im Bild!<\/p>\n<p><a href='http:\/\/extra.inmontanis.info\/v\/sonstiges\/Gefundenes\/DSC05214.jpg.html'><img src=http:\/\/extra.inmontanis.info\/d\/131467-2\/DSC05214.jpg \/><\/a> <\/p>\n<p><a href='http:\/\/extra.inmontanis.info\/v\/sonstiges\/Gefundenes\/DSC05215.jpg.html'><img src=http:\/\/extra.inmontanis.info\/d\/131470-2\/DSC05215.jpg \/><\/a> stimmt, ich hab ja vor ein paar Monaten die 100-Jahr-Jubil\u00e4ums-M\u00fcnze am Fichtelberg gekauft. Wurde im Dezember 1924 er\u00f6ffnet<\/p>\n<p><a href='http:\/\/extra.inmontanis.info\/v\/sonstiges\/Gefundenes\/DSC05216.jpg.html'><img src=http:\/\/extra.inmontanis.info\/d\/131473-2\/DSC05216.jpg \/><\/a> .. und im Berliner Grunewald wird eine Skisprungschanze gebaut<\/p>\n<p>Heut Nacht mal Fenster komplett ohne Vorhang offen und Ventilator aufs Fensterbrett stellen? Bevor ich hier bald noch 24\u00b0 hab&#8230;<\/p>\n<p><strong>Do, 26.6.2025<\/strong><\/p>\n<p>Tja, war wohl nix. Ergebnis am Bett: 21,5\u00b0 abends, 21,4\u00b0 morgens. Vielleicht mal etwas weiter weg vom Fenster stellen oder einen Heizl\u00fcfter im L\u00fcftermodus nehmen &#8230;<\/p>\n<p><a href='http:\/\/extra.inmontanis.info\/d\/131575-3\/DSC05226.jpg'><img src=http:\/\/extra.inmontanis.info\/d\/131574-4\/DSC05226.jpg \/><\/a><br \/>\n^ Die wei\u00dfen Spitzen der Kompassrose sind gemalt und am Goldrand gr\u00fcne Aussparungen an den R\u00e4ndern dr\u00fcbergemalt.<\/p>\n<p>Heute war im Flur das Schablonieren von Ecken und &#8211; Teil 1 &#8211; vom Rahmen dran. Wie gut, dass ich mich beim gro\u00dfen Rahmen um die Hauptrosette f\u00fcr eine einfache wei\u00dfe Linie entschieden hab :) Das ist doch recht anstrengend \u00fcber Kopf und das genaue Positionieren usw. &#8211; da war die kleine Schwertlinie an den Ecken \u00fcbern  Bett schon wesentlich leichter zu machen. <\/p>\n<p><a href='http:\/\/extra.inmontanis.info\/d\/131579-3\/DSC05227.jpg'><img src=http:\/\/extra.inmontanis.info\/d\/131578-4\/DSC05227.jpg \/><\/a><br \/>\n^ Schablonieren der Ecken f\u00fcr den Rahmen<\/p>\n<p><strong>Fr, 27.6.2025<\/strong> Schon Tag 24 daheim <\/p>\n<p>Dank Abk\u00fchlung durch W\u00e4rmegewitter am Abend und in der Nacht, dazu etwas mehr Wind und mal der andere USB-Ventilator, die Temperatur von 22,0\u00b0 abends auf 20,2\u00b0 morgens gesunken. Gestern die w\u00e4rmste Temperatur in K\u00e4rnten soll 38,3\u00b0 gewesen sein.<\/p>\n<p>Auch drau\u00dfen blieb es heute k\u00e4lter als die letzten beiden Tage &#8211; h\u00e4tte vielleicht besser heute Nachmittag statt morgen Vormittag zum Einkaufen fahren sollen? Wobei es nur vormittags bedeckt war und ich ja auch noch die Einkaufsliste f\u00fcr die n\u00e4chsten 30 Tage machen muss. Eigentlich hab ich ja noch zu wenig Platz in der Tiefk\u00fchltruhe um morgen schon einzukaufen &#8230;<\/p>\n<p>Heute also mit der Decke im Flur fertig geworden und mal das Styroporkleben getestet. <\/p>\n<p><a href='http:\/\/extra.inmontanis.info\/v\/sonstiges\/Gefundenes\/DSC05233.jpg.html'><img src=http:\/\/extra.inmontanis.info\/d\/131476-2\/DSC05233.jpg \/><\/a> Ne, keine Seilbahn<\/p>\n<p><a href='http:\/\/extra.inmontanis.info\/v\/sonstiges\/Gefundenes\/DSC05234.jpg.html'><img src=http:\/\/extra.inmontanis.info\/d\/131479-2\/DSC05234.jpg \/><\/a> Jedem Deutschen ein deutsches Motorrad<\/p>\n<p><a href='http:\/\/extra.inmontanis.info\/v\/sonstiges\/Gefundenes\/DSC05237.jpg.html'><img src=http:\/\/extra.inmontanis.info\/d\/131482-2\/DSC05237.jpg \/><\/a> Die Entfraulichung der Frau<\/p>\n<p><a href='http:\/\/extra.inmontanis.info\/v\/sonstiges\/Gefundenes\/DSC05241.jpg.html'><img src=http:\/\/extra.inmontanis.info\/d\/131485-2\/DSC05241.jpg \/><\/a> Bilder aus dem Schnee<\/p>\n<p><a href='http:\/\/extra.inmontanis.info\/d\/131583-3\/DSC05243.jpg'><img src=http:\/\/extra.inmontanis.info\/d\/131582-4\/DSC05243.jpg \/><\/a><br \/>\n^ Nun mit installierter Rosette und Lampe; hier sieht man auch gut, wie der Goldkreis je nach Licht ganz unterschiedlich wirkt<\/p>\n<p>Die Rosette wird wohl nicht halten, da sie nur auf einer Seite klebt &#8211; da muss man sie zu stark andr\u00fccken und dieser &#8220;Kleber&#8221; klebt dann nicht schnell und fest genug. Hab sie m.E. ziemlich gut ausgeh\u00f6lt oben, reicht wohl nicht. <\/p>\n<p>Die Zierleiste dagegen klebte schneller und besser als erwartet, trotz der L\u00e4nge konnte ich sie gut genug von der Mitte aus festdr\u00fccken und hielt auch gleich. Im Nachhinein w\u00e4rs wohl sinnvoller gewesen, ich h\u00e4tte sie nicht an der R\u00fcckseite b\u00fcndig gemacht, sondern an der Frontseite. Zudem &#8211; logisch, trotzdem unerwartet &#8211; ist vorne nun ein Loch, das man wohl verdecken oder verspachteln sollte.<\/p>\n<p><a href='http:\/\/extra.inmontanis.info\/d\/131587-3\/DSC05251.jpg'><img src=http:\/\/extra.inmontanis.info\/d\/131586-4\/DSC05251.jpg \/><\/a><br \/>\n^ Und gleich die eine Zierleiste hingeklebt. Das Klebeband links dient f\u00fcr den n\u00e4chsten Rahmen<\/p>\n<p><a href='http:\/\/extra.inmontanis.info\/d\/131591-3\/DSC05254.jpg'><img src=http:\/\/extra.inmontanis.info\/d\/131590-4\/DSC05254.jpg \/><\/a><br \/>\n^ Das Ende der Zierleiste ist noch nicht so sch\u00f6n<\/p>\n<p>Somit Grund genug, den Bericht hier mal online zu stellen. Als n\u00e4chstes folgt dann wohl das Schablonieren der Ecken, der Mitten und die Linie der gro\u00dfen Umrandung, evtl. auch gleich noch die Gold-Rot-Gold-Linie und dann muss ich mich an die gro\u00dfe Hauptrosette machen &#8211; Formen zum Kleben oder Gipsf\u00fcllen in 3d drucken, sollte ich nicht die restlichen Zierleisten vorziehen samt deren Bemalung, falls \u00fcberhaupt.<\/p>\n<p>Langsam wirds hier nun immer voller, zumindest an den Wochenenden \u00f6fters diverse Nachbarn da, die entsprechend (lang) ruml\u00e4rmen, wer wei\u00df, wie lang ich das Fenster da nachts \u00fcberhaupt noch \u00f6ffnen kann\/will, z.B. wegen Balkonraucher bis sp\u00e4t abends. Um 22:45 musste ich deshalb das Fenster heut schlie\u00dfen.  L\u00e4rm bis kurz nach Mitternacht und morgens um 7 Uhr wieder. Da sollte ich die Arbeiten im Auto machen, um nachts dort vielleicht ruhiger (und k\u00fchler) zu schlafen&#8230;<\/p>\n<p>&#8211; &#8211; &#8211;<\/p>\n<p>Interessantes Interview \u00fcber China, USA, Kolonialismus usw.:<br \/>\n<a href='https:\/\/www.nachdenkseiten.de\/?p=134798'>https:\/\/www.nachdenkseiten.de\/?p=134798<\/a><\/p>\n","protected":false},"excerpt":{"rendered":"<p>Mi, 18.6.2025<\/p>\n<p>Kartoffeln kochen, einfrieren, Ei einfrieren, Eier hartkochen, Bericht schreiben und online stellen, da war heut nix mit Decke oder Rosette.<\/p>\n<p> Werbung 1925, eigenartiger Name<\/p>\n<p> ^ Bunte Kartoffelpfanne mit Speckw\u00fcrfel, Paprika (aus dem Glas samt dem \u00d6l), Zwiebel (getrocknete), Ei, Rosmarin und geriebener Emmentaler.<\/p>\n<p>Wg. der Reifen \/ TPMS &#8211; Frage gab&#8217;s <a href=\"http:\/\/blog.inmontanis.info\/?p=10837\">[&#8230;]<\/a><\/p>\n","protected":false},"author":1,"featured_media":10842,"comment_status":"closed","ping_status":"closed","sticky":false,"template":"","format":"standard","meta":{"footnotes":""},"categories":[200,13,30],"tags":[49],"class_list":["post-10837","post","type-post","status-publish","format-standard","has-post-thumbnail","hentry","category-koralpe","category-austria","category-wandern","tag-4sb","odd"],"_links":{"self":[{"href":"http:\/\/blog.inmontanis.info\/index.php?rest_route=\/wp\/v2\/posts\/10837","targetHints":{"allow":["GET"]}}],"collection":[{"href":"http:\/\/blog.inmontanis.info\/index.php?rest_route=\/wp\/v2\/posts"}],"about":[{"href":"http:\/\/blog.inmontanis.info\/index.php?rest_route=\/wp\/v2\/types\/post"}],"author":[{"embeddable":true,"href":"http:\/\/blog.inmontanis.info\/index.php?rest_route=\/wp\/v2\/users\/1"}],"replies":[{"embeddable":true,"href":"http:\/\/blog.inmontanis.info\/index.php?rest_route=%2Fwp%2Fv2%2Fcomments&post=10837"}],"version-history":[{"count":4,"href":"http:\/\/blog.inmontanis.info\/index.php?rest_route=\/wp\/v2\/posts\/10837\/revisions"}],"predecessor-version":[{"id":10841,"href":"http:\/\/blog.inmontanis.info\/index.php?rest_route=\/wp\/v2\/posts\/10837\/revisions\/10841"}],"wp:featuredmedia":[{"embeddable":true,"href":"http:\/\/blog.inmontanis.info\/index.php?rest_route=\/wp\/v2\/media\/10842"}],"wp:attachment":[{"href":"http:\/\/blog.inmontanis.info\/index.php?rest_route=%2Fwp%2Fv2%2Fmedia&parent=10837"}],"wp:term":[{"taxonomy":"category","embeddable":true,"href":"http:\/\/blog.inmontanis.info\/index.php?rest_route=%2Fwp%2Fv2%2Fcategories&post=10837"},{"taxonomy":"post_tag","embeddable":true,"href":"http:\/\/blog.inmontanis.info\/index.php?rest_route=%2Fwp%2Fv2%2Ftags&post=10837"}],"curies":[{"name":"wp","href":"https:\/\/api.w.org\/{rel}","templated":true}]}}