{"id":10825,"date":"2025-06-17T18:50:58","date_gmt":"2025-06-17T16:50:58","guid":{"rendered":"http:\/\/blog.inmontanis.info\/?p=10825"},"modified":"2025-06-18T23:27:40","modified_gmt":"2025-06-18T21:27:40","slug":"daheim-deckendekor-kochen-ruckblick-1925-u-v-m-8-17-6-2025","status":"publish","type":"post","link":"http:\/\/blog.inmontanis.info\/?p=10825","title":{"rendered":"Daheim, Deckendekor, Kochen, R\u00fcckblick 1925, u.v.m., 8.-17.6.2025"},"content":{"rendered":"<p><strong>So, 8.6.2025<\/strong><\/p>\n<p>Als ich heute beim Fr\u00fchst\u00fcck meinen Kakao trank und er mir etwas langweilig vorkam, fiel mir ein, dass ich noch mein Zimtgl\u00e4schen aus dem Auto holen m\u00fcsste (unterwegs hatte ich ja zuletzt nur noch etwas Zimt in die Liter Milchpackung gesch\u00fcttet, hat sich zwar nicht ganz aufgel\u00f6st, aber geschmacklich besser als pur). <\/p>\n<p>Dabei kam mir die Idee, es auch mal mit Kardamom (entweder pur in der Milch unterwegs oder mit Zimt oder mit Kakao) zu probieren, also eine neue Amazonbestellung f\u00e4llig.<\/p>\n<p>Weil mich das neue Layout von Wikipedia auch schon seit einiger Zeit aufregt, man kann &#8220;?useskin=vector&#8221; anh\u00e4ngen, um das alte Layout zu bekommen. Wenn mans nicht manuell machen will, ein URL-Redirector-Plugin installieren und je nach dortiger Anleitung z.B. eingeben<br \/>\nInclude Pattern: https:\/\/*.wikipedia.org\/*<br \/>\nExclude Pattern: https:\/\/*.wikipedia.org\/*?useskin=vector<br \/>\nRedirect To: https:\/\/$1.wikipedia.org\/$2?useskin=vector<\/p>\n<p>Scheint aber nicht immer zu funktionieren, daher im Internet nach einer komplizierteren RegEx-Variante gesucht:<\/p>\n<blockquote><p>\nPattern: ^https:\/\/(\\w+)([.]m)?.wikipedia.org([^#?]+)(\\?)?([^#]*?)(&#038;useskin=vector)?(#.+)?$<br \/>\nRedirect to: https:\/\/$1.wikipedia.org$3?$5&#038;useskin=vector$7\n<\/p><\/blockquote>\n<p>Puh, viel angenehmer. Statt &#8220;vector&#8221; kann man auch noch \u00e4ltere Skins nehmen wie z.B. &#8220;monobook&#8221;.<\/p>\n<p>Heut hab ich mich ans Skikleben gemacht (Teil 1, Head) &#8211; ich hab mir ja eine neue Packung Uhu Fl\u00fcssigmetall (2k-Kleber) bestellt, weil ich dachte, die alte sei eingetrocknet, weil ich den St\u00f6psel vorne nicht mehr rausbekam, aber heut probiert, mit etwas mehr Kraft ging der doch raus und der Kleber ist noch verwendbar. Also dann den genommen. <\/p>\n<p>Gleich paar L\u00f6cher gestopft, weil zu viel raus ging.<\/p>\n<p><a href='http:\/\/extra.inmontanis.info\/d\/131265-2\/DSC04920.jpg'><img src=http:\/\/extra.inmontanis.info\/d\/131264-3\/DSC04920.jpg \/><\/a><br \/>\n^ Frisch geklebte Kante an der Spitze<\/p>\n<p><a href='http:\/\/extra.inmontanis.info\/d\/131269-2\/DSC04921.jpg'><img src=http:\/\/extra.inmontanis.info\/d\/131268-3\/DSC04921.jpg \/><\/a><br \/>\n^ .. und andere L\u00f6cher bzw. offene Stellen auch geklebt<\/p>\n<p>Bei den bisherigen Klebestellen der letzten Jahre h\u00e4lt der Kleber an den L\u00f6chern neben den Kanten wirklich gut, da geht kaum was raus, normaleres Belagausbesserungsmaterial h\u00e4lt da ja kaum ein paar Tage. Ist allerdings die ersten Tage etwas stoppend, kam mir mal vor, bis sich das alles etwas eingespielt hat.<\/p>\n<p>Aber an den Head musste ich nun eine l\u00e4ngere Stelle an der Kante kleben, weil da sich der Belag nun ebenfalls von der Kante gel\u00f6st hatte, konnte ich regelrecht abziehen. Gleiche Seite, wo die Kante an der Spitze rausging. Da haben sie leider etwas geschlampt bei der Produktion.<\/p>\n<p>Da ist dann die Frage, ob ich die Ski n\u00e4chsten Winter mitnehmen soll auf so eine lange Reise, wenn ich nicht wei\u00df, ob a) das an dieser Spitze wirklich h\u00e4lt und b) ob nicht die andere Seite und die andere Spitze ebenfalls nach ein paar Tagen aufgeht und geklebt werden m\u00fcsste&#8230; <\/p>\n<p>F\u00fcr mehr als 3 Ski hab ich ja keinen Platz, also entweder diese Head-Allmountains + K2-Allmountains, dann nur noch Platz f\u00fcr 1 Racecarver (V\u00f6lkl oder andere Head oder die Carpani, die ich ebenfalls noch kleben muss oder die alten &#8220;Mattenski&#8221;-Carpani?) oder ich entscheid mich nur f\u00fcr 1 Paar Allmountains und 2 Paar Racecarver (inkl. der &#8220;Mattenski&#8221;) oder diese Head-Allmountains, 1 Racecarver und dazu die Tourenski? Brauchen im Auto im Sommer halt etwas mehr Platz, w\u00e4ren aber auch eine Alternative f\u00fcr die Allmountains, wenn die weiter kaputt gehen sollten.<\/p>\n<p>Amazon empfahl mir heute Pilzzuchtbeutel und N\u00e4hmaschinennadeln. Die kommen auf Ideen .. <\/p>\n<p>Auch witzig diese Kategorie:<\/p>\n<p><a href='http:\/\/extra.inmontanis.info\/d\/131273-2\/DSC04924.jpg'><img src=http:\/\/extra.inmontanis.info\/d\/131272-3\/DSC04924.jpg \/><\/a><br \/>\n^ Dreibeiner bekommen auch ihre Str\u00fcmpe bei Amazon, allerdings unter Lebensmittel :)<\/p>\n<p>Abends bin ich noch \u00fcber eine andere Alternative gesto\u00dfen statt Freihandzeichnen oder 3d-Druck etc.: Schablonen. Es gibt diverse Schablonen f\u00fcr Muster an den W\u00e4nden und irgendwie soll es auch m\u00f6glich sein, dass man damit 3d &#8220;modellieren&#8221; kann. K\u00f6nnte (selbst nur 2d) f\u00fcr die Deckenbord\u00fcre oder die Deckenecken interessant sein. N\u00e4chste Amazonbestellung&#8230;<\/p>\n<p><strong>Mo, 9.6.2025<\/strong><\/p>\n<p>Im Tram-Buch, das ich momentan lese, hab ich ein Bild einer Dampf-Stra\u00dfenbahn mit sehr ungew\u00f6hnlichen W\u00e4gen gesehen, Doppelstockwagen mit zentralem Einstieg (damals ja schon sehr selten, wenn es das \u00fcberhaupt schon irgendwo gab), oberer Stock mit offen Seiten (kein Glas, aber Dach) und Knifeboard-Sitzen, also R\u00fccken-an-R\u00fccken-L\u00e4ngssitze. Auch das in Kombination mit einem Mitteleinstieg kommt mir sehr unbekannt vor.<\/p>\n<p><img src=http:\/\/extra.inmontanis.info\/d\/131360-2\/DSC04930.jpg \/><br \/>\n^ Ungew\u00f6hnlicher Dampfstra\u00dfenbahnwagen in Malaysia, man beachte auch die kreuzweise verlaufenden Treppen<\/p>\n<p>Soll laut Buch in Johore, Malaya (Malaysia) gewesen sein, laut Internet soll das aber  in Penang gewesen sein, weil die Aufschrift &#8220;Johore&#8221; auf der Lok nicht der tats\u00e4chliche Ort, sondern nur der Name der Lok gewesen sein soll und diese Wagen k\u00f6nnte es auch in Singapur gegeben haben.<\/p>\n<p><a href='http:\/\/web.archive.org\/web\/20180217031735\/http:\/\/searail.mymalaya.com\/Trams\/trams.htm'>http:\/\/web.archive.org\/web\/20180217031735\/http:\/\/searail.mymalaya.com\/Trams\/trams.htm<\/a><\/p>\n<p>Was das Arbeiten mit Schablonen, das Schablonieren, angeht (erfunden von G\u00fcnter Schablonski ;) ), daf\u00fcr sollte man sogar extra Schablonier- oder Stupfpinsel nehmen, tw. sind die auch aus Schwamm statt aus Borsten und zwingend rund. Damit k\u00f6nnte ich vielleicht auch die runden Goldp\u00fcnktchen machen, falls nicht zu gro\u00df.<\/p>\n<p>.. und so verging wieder der ganze Vormittag im Internet ..<\/p>\n<p>So wirklich \u00fcberzeugen konnte mich fast nix von den Schablonen, hab trotzdem mal 2 Sets in den Einkaufskorb; schlussendlich sollte ich daf\u00fcr wohl erst einmal noch einige Bemalungstests am PC machen, was die Decke betrifft. <\/p>\n<p>Gro\u00dfe (Mandala) Schablonen k\u00f6nnen aber auch richtig teuer werden, so um die 30-60 \u20ac und kaum bis gar nicht via Prime lieferbar, sondern zus\u00e4tzliche Lieferkosten. (W\u00e4r vielleicht was f\u00fcr die Decke im Bad, die hab ich bisher noch nicht mal wei\u00df gestrichen, weil ich mich noch nicht entschieden hatte, was ich mit Fliesen, Wand und Decke farblich \u00fcberhaupt machen will.) So viel will ich eigentlich nicht ausgeben nur f\u00fcr 1 Schablone. Die kleinen mit Seitenma\u00df um die 30cm kosten im Set meist um die 10 \u20ac (meist aus China), gibt auch etliche Schablonen mit Fliesenmotiven.<\/p>\n<p>Da wei\u00df man ja gar nicht, womit man anfangen soll &#8230;<\/p>\n<p>Um meinen Amazoneinkaufskorb noch zu vervollst\u00e4ndigen .. 5% bei 4 Artikel und da waren die ganzen Lebensmittel drin .. hab ich noch einige  Lebensmittelkonserven und Instantnudeln gekauft.<\/p>\n<p>Schon war es nach 14 Uhr und ich wollte doch endlich mal die Goldfarbe ausprobieren. Dann also mit der breiten Leiste, wo ich mich ja quasi schon f\u00fcr das eine Design entschieden hatte.<\/p>\n<p>Pinseltechnisch musste ich auf Pinsel aus der Schulzeit, also von vor \u00fcber 30 Jahren, zur\u00fcckgreifen.<\/p>\n<p>Das Ergebnis war leider sehr entt\u00e4uschend. Es war zu r\u00f6tlich, es war zu wenig deckend, viel zu wenig deckend, es sah nicht nach Gold aus. Nach 2 Elementen im Design hab ich aufgeh\u00f6rt und die Farbe anderswo probiert: An einer kleinen Stelle unter dem Heizk\u00f6rper auf der gr\u00fcnen Wand &#8211; da schaut die Farbe viel besser aus. Auf meiner Lampe &#8211; auch hier viel besser.  <\/p>\n<p>Ich habs noch mit meiner alten (kleinen) Goldfarbe probiert, die wesentlich dicker ist, aber am Styropor auch kaum eine Verbesserung.<\/p>\n<p>Ich werd also mal schauen, ob eine zweite Schicht morgen die Sache verbessert. Oder soll man die Styroporleiste erst einmal mit einer wei\u00dfen Dispersionsfarbe beschichten? Als ich die aufgemacht hab, eine b\u00f6se \u00dcberraschung: Die ist verschimmelt! Also das ist mir auch noch nie passiert. <\/p>\n<p><a href='http:\/\/extra.inmontanis.info\/d\/131277-2\/DSC04931.jpg'><img src=http:\/\/extra.inmontanis.info\/d\/131276-3\/DSC04931.jpg \/><\/a><br \/>\n^ Die wei\u00dfe Dispersionsfarbe ist verschimmelt<\/p>\n<p>Wenn ich die beiden Rosetten 3-4x \u00fcbermalen m\u00fcsste, bis es endlich deckt, k\u00f6nnte ich mich damit abfinden, aber diese langen Styroporleisten 4x einzuf\u00e4rben, w\u00e4r mir zu viel &#8211; dann lass ich sie in Wei\u00df.<\/p>\n<p>Als ich mir aber sp\u00e4ter am Abend nochmals die Leiste bei Licht angesehen hatte, die Farbe also getrocknet war: Na sowas, schaut doch pl\u00f6tzlich viel, viel besser und auch gedeckter aus! Da komm ich vielleicht sogar mit 1, max. 2 Anstrichen durch!<\/p>\n<p>Nach reiflicher \u00dcberlegnug gabs heut als sp\u00e4tnachmitt\u00e4gliches Abendessen einen kleineren Teil der Schupfnudeln dann doch nicht mit der Dose Pulled Pork (das werd ich eher auf 2x Kartoffelpfanne aufteilen), sondern einen gr\u00f6\u00dferen Teil der Schupfnudeln mit Speckw\u00fcrfel und K\u00e4se und Paprika. Hatte ich auch noch nie probiert. Den kleineren Teil Schupfnudeln werd ich vielleicht als Beilage zur Dose &#8220;Sauerbratengulasch&#8221; sp\u00e4ter mal essen (d.h. jetzt einfrieren).<\/p>\n<p>Nunja.. die Butter h\u00e4tte ich mir sparen sollen. Die Schupfnudeln dauern etwas l\u00e4nger, um braun zu werden, also h\u00e4tte ich die Speckw\u00fcrfel sp\u00e4ter reintun sollen. Der K\u00e4se  zum Schluss verband sich eher mit den Speckw\u00fcrfeln und erzeugte damit Haufen.<\/p>\n<p><a href='http:\/\/extra.inmontanis.info\/d\/131281-2\/DSC04935.jpg'><img src=http:\/\/extra.inmontanis.info\/d\/131280-3\/DSC04935.jpg \/><\/a><br \/>\n^ Schupfnudeln mit etwas zu lang gebratenen Speckw\u00fcrfeln<\/p>\n<p>Geschmacklich nicht wirklich lohnenswert, dann lieber Kartoffeln. <\/p>\n<p><strong>Di, 10.6.2025<\/strong><\/p>\n<p>Nach dem Erhalt des Postpakets hab ich mit der Goldverzierung der breiten Leiste weitergemacht und 1x komplett beendet. Also die unteren, zierlichen B\u00f6gen m\u00f6cht ich nicht noch einmal machen m\u00fcssen, das ist schon recht nervig. <\/p>\n<p>Weil es ja oben an der Wand ist, w\u00fcrden einzelne Fehler nicht sehr auffallen<\/p>\n<p>Danach mal testweise die kleine Leiste an die Decke geklebt, also noch unbemalt, aber um dann Favoriten-Muster nochmals auszutesten am PC, h\u00e4tte ich nat\u00fcrlich gleich so machen sollen. Schaut schon in Wei\u00df sehr geil aus.<\/p>\n<p><a href='http:\/\/extra.inmontanis.info\/d\/131285-2\/DSC04947.jpg'><img src=http:\/\/extra.inmontanis.info\/d\/131284-3\/DSC04947.jpg \/><\/a><br \/>\n^ Diese Eckenzierleiste s\u00e4he auch unbemalt schon recht geil aus dank meiner gr\u00fcnen Farbe<\/p>\n<p><a href='http:\/\/extra.inmontanis.info\/d\/131289-2\/DSC04948-b6.jpg'><img src=http:\/\/extra.inmontanis.info\/d\/131288-3\/DSC04948-b6.jpg \/><\/a><br \/>\n^ Dennoch probierte ich verschiedene Varianten am PC mal durch, Gr\u00fcn-Gold, Blau-Gold und Rot-Wei\u00df waren die Favoriten; dazu probierte ich noch eine der Schablonenverzierungen darunter. Entscheiden konnte ich mich noch nicht<\/p>\n<p>Au\u00dferdem muss man beim Scahblonieren ja immer abwarten, bis der letzte Teil getrocknet ist, bevor man die Schablone dann an der Seite zum n\u00e4chsten St\u00fcck ansetzt &#8211; da ist man ja wochenlang besch\u00e4ftigt.<\/p>\n<p>Heut Abend ein Klassiker: Gerstensuppe mit Kartoffelsalat. Allerdings zu wenig Fleisch. Und die Soljanka von dieser Marke ist besser. <\/p>\n<p>Danach noch die bisher geklebten Ski nachbearbeitet, also \u00fcbersch\u00fcssiger Kleber mit dem Messer entfernt.<\/p>\n<p><a href='http:\/\/extra.inmontanis.info\/d\/131293-2\/DSC04951.jpg'><img src=http:\/\/extra.inmontanis.info\/d\/131292-3\/DSC04951.jpg \/><\/a><br \/>\n^ Geklebte Skikante, Kleber nun trocken, k\u00f6nnte also halten. Aber ob die andere Seite + der andere Ski nicht auch bald rausgehen wird?<\/p>\n<p><a href='http:\/\/extra.inmontanis.info\/d\/131297-2\/DSC04958.jpg'><img src=http:\/\/extra.inmontanis.info\/d\/131296-3\/DSC04958.jpg \/><\/a><br \/>\n^ Die geklebten L\u00f6cher im Belag werden mit dem Messer abgeschabt, dass sie plan sind. Im Gegensatz zum normalen Belag ist der Kleber aber nicht so gut rutschig und bremst leichter, aber meist spielt sich das nach einiger Zeit ein<\/p>\n<p><strong>Mi, 11.6.2025<\/strong><\/p>\n<p>Im Tal ist die Woche durchgehend um bzw. knapp \u00fcber 30\u00b0 gemeldet, Temperatur in der Wohnung mittlerweile auf 18\u00b0 gestiegen.<\/p>\n<p>Da das Trocknen der gewaschenen W\u00e4sche im Badezimmer mit dem Luftentfeuchter nicht nur Strom kostet, sondern auch im Sommer unerw\u00fcnschte W\u00e4rme erzeugt, hab ich mir mal einen tempor\u00e4ren W\u00e4schest\u00e4nder auf dem Balkon gebastelt.<\/p>\n<p>Musste aber noch W\u00e4scheklammern suchen, letzter Einfall dann: ja, da ist ein kleiner Beutel. W\u00e4r das erste Mal in meinem Leben, dass ich drau\u00dfen am Balkon  W\u00e4sche trocknen w\u00fcrde. Wegen m\u00f6glichen Windb\u00f6en, Regen und Insektenbefall hab ich das die letzten Jahrzehnte stets vermieden.<\/p>\n<p><a href='http:\/\/extra.inmontanis.info\/d\/131309-2\/DSC04968.jpg'><img src=http:\/\/extra.inmontanis.info\/d\/131308-3\/DSC04968.jpg \/><\/a><br \/>\n^ tempor\u00e4r gebastelter W\u00e4schest\u00e4nder<\/p>\n<p>Ein Teil blieb aber doch im Bad mit geringerem Luftentfeuchterbetrieb und abends holte ich die W\u00e4sche auch vom Balkon wieder rein, weil der Wind st\u00e4rker wurde. Trocken wars da nat\u00fcrlich noch nicht. Also doch recht sinnlos.<\/p>\n<p><a href='http:\/\/extra.inmontanis.info\/d\/131301-2\/DSC04960.jpg'><img src=http:\/\/extra.inmontanis.info\/d\/131300-3\/DSC04960.jpg \/><\/a><br \/>\n^ R\u00fcckseite der Deckenrosette und Testbemalung, die Goldfarbe schaut nur bei bestimmtem Lichteinfall gut aus, so wie hier fotografiert, in anderer Richtung dagegen bescheuert, jedenfalls bei nur einmaligem Anstrich.<\/p>\n<p>Hab nochmals die &#8220;Sockelleisten&#8221; (und auch die meisten &#8220;Blumen&#8221;) bei der gro\u00dfen Leiste in Gold nachgemalt, was insofern schwierig ist, weil man kaum einen Unterschied merkt, wenn man dr\u00fcbermalt. Wenn&#8217;s sp\u00e4ter trocken ist, merkt man schon eine Verbesserung.<\/p>\n<p><a href='http:\/\/extra.inmontanis.info\/d\/131305-2\/DSC04962.jpg'><img src=http:\/\/extra.inmontanis.info\/d\/131304-3\/DSC04962.jpg \/><\/a><br \/>\n^ Fertig bemalte Antik-Zierleiste mit Goldlack, nach 2-farbiger Bemalung (au\u00dfer dem unteren Bereich) durchaus passabel<\/p>\n<p>Glaub schon 2 Saisonen hab ich eine Dose (fr\u00e4nkisches) Bratwurstgeh\u00e4ck im Auto gehabt, irgendwann sogar noch eine weitere Dose in der Norma gekauft, konnte mich bisher nie entscheiden, wie ich die essen soll &#8211; kalt auf die Semmel oder warm z.B. in Nudeln.<\/p>\n<p>Da ich von Gestern ja noch mehr als ein halbes Glas Kartoffelsalat \u00fcbrig hatte, war also der Plan heute, ein Teil des Bratwurstgeh\u00e4cks etwas anzubraten plus den K-Salat dazu und ab morgen den Rest mittags auf den Toast. <\/p>\n<p>Von der Konsistenz her mit Spam \/ Fr\u00fchst\u00fccksfleisch vergleichbar (und auch geschmacklich nicht so viel anders, vom angebratenen Geruch her aber riecht man Bratwurst), d.h. in der Pfanne verliert es viel Fett und wird viel kleiner. Naja, bin satt geworden.<\/p>\n<p>Hatte gestern+heute mal beide Leisten testweise an die Wand geklebt um mir da am PC nochmals meine Favoriten-Bemalungsvarianten anzusehen .. aber ich will ja noch weitere Linien oder ggf. Muster an die Wand und\/oder Decke malen, das muss ich also mit integrieren. Bzw. sollte ich wohl das komplette Deckendesign erst entwerfen, bevor ich mich f\u00fcr die Farbe der Leiste entscheide. Was ja sowieso sinnvoll ist, weil ich die restlichen Leisten ja erst noch kaufen muss.<\/p>\n<p>D.h. erst finales Deckendesign samt Rosettendesign und dann schauen, wie die verschiedenen Farbvarianten der Leisten (und der sonstigen Verzierungen) dazu passen. Pfff..<\/p>\n<p>Im Schlafsack gab es im Fu\u00dfbereich eine offene Naht, die hab ich nun gen\u00e4ht. Ob das mit dem d\u00fcnnen Faden und meinen N\u00e4hk\u00fcnsten die n\u00e4chste Reise+W\u00e4sche \u00fcberstehen wird? Au\u00dfen eine andere schon etwas mitgenommene Naht mit flick+fertig  geklebt, was ich auch f\u00fcr Handschuhe nehm.<\/p>\n<p>Interessanterweise schauen die heizbaren Handschuhe, die ich letzte Saison ja fast ausschlie\u00dflich getragen hab, noch recht gut aus. Hat nat\u00fcrlich auch 2 gute Gr\u00fcnde, 1. weniger EUB-Fahren in Skandinavien, also seltener Ski tragen und 2. mach ich ja so gut wie kein Skiservice mehr und hab somit keine frisch geschliffenen Kanten. Wobei man sich andererseits an den Graten auch leicht die Finger blutig machen kann ohne Handschuhe.<\/p>\n<p><strong>Do, 12.6.2025<\/strong><\/p>\n<p>Operation Lampentausch \u00fcbern Bett. Mit Schaumstoffen und Brettern dazwischen probiert, beim dritten, kleinen Schaumstoff+kleinem Brett, war es schon recht wackelig; zum Montieren hat&#8217;s gereicht, die Rosette braucht hier leider eine gr\u00f6\u00dfere Vertiefung, f\u00fcr Kreismalereien w\u00fcrd ich gern h\u00f6her sein. 2. Brett statt letzter Schaumstoff ist weniger wackelig und quasi gleich weit droben.<\/p>\n<p><a href='http:\/\/extra.inmontanis.info\/d\/131313-3\/DSC04969.jpg'><img src=http:\/\/extra.inmontanis.info\/d\/131312-4\/DSC04969.jpg \/><\/a><br \/>\n^ Versuch, im Bettbereich an die Decke zu gelangen &#8211; der oberste Schaumstoff ist zu wackeligm, auch mit Brett dar\u00fcber, schon die unteren sind trotz Brett jeweils dazwischen nicht so stabil wie erwartet<\/p>\n<p><a href='http:\/\/extra.inmontanis.info\/d\/131317-3\/DSC04971.jpg'><img src=http:\/\/extra.inmontanis.info\/d\/131316-4\/DSC04971.jpg \/><\/a><br \/>\n^ Neue Lampe<\/p>\n<p><strong>Fr, 13.6.2025<\/strong><\/p>\n<p>Der Krieg zwischen Israel und den Iran geht in die n\u00e4chste Runde, obwohl beide L\u00e4nder keine gemeinsame Grenze haben. Ohne Israel (und USA) w\u00e4re es im &#8220;Nahen Osten&#8221; wohl auch wesentlich ruhiger &#8230;. <\/p>\n<p>Erst sich Feinde machen und dann sich wundern, dass die sich wehren?! Der Westen h\u00e4tte sich in den letzten 100 (200?) Jahren aus dem Nahen Osten komplett raushalten sollen, dann g\u00e4be es vermutlich auch keine Terroristen, die dem Westen schaden wollen.<\/p>\n<p>Hat vielleicht der Westen (also insb. UK+USA) Israel bzw. den Zionismus nur deshalb unterst\u00fctzt, um die Juden aus dem eigenen Land raus zu bekommen? Wenn ja, sollte man diesen Fehler mal eingestehen. (Die Juden rausschmei\u00dfen und die Muslime einladen war zus\u00e4tzlich ein fragw\u00fcrdiger Tausch ;) )<\/p>\n<p>Fakten zu Israel vs Iran, insb. zu dem Vorwand &#8220;Iran hat in wenigen Wochen\/Monaten eine Atombombe&#8221; und einem Regimewechsel:<br \/>\n<a href='https:\/\/www.youtube.com\/watch?v=Oxn3gjPHWz0'>https:\/\/www.youtube.com\/watch?v=Oxn3gjPHWz0<\/a><\/p>\n<p>Tjaja, die Doppelmoral des Westens kommt wieder einmal voll zur Geltung. Der laut deren Angaben &#8220;Angriffskrieg&#8221; von Russland in der Ukraine wird von den westlichen Staaten verurteilt (ich seh das beileibe nicht als &#8220;Angriffskrieg&#8221;, sondern ich unterst\u00fctze die Ansicht, dass das eine Verteidigung der russischen Bev\u00f6lkerung ist, die in der Ostukraine seit Jahren vom ukrainischen Regime unterdr\u00fcckt wird und deren Regionen nach einer Abstimmung des Volkes jetzt zu Russland geh\u00f6ren), aber der Angriffskrieg von Israel auf den Iran dagegen wird vom Westen als &#8220;Verteidigung&#8221; gesehen und unterst\u00fctzt. <\/p>\n<p>Ich k\u00f6nnte mir vorstellen, dass dieser Krieg damit enden wird, dass entweder Israel oder USA eine Atombombe auf eine iranische Gro\u00dfstadt abschmei\u00dfen werden. Oder der im obigen Video genannte Regimewechsel dazu f\u00fchrt, dass es den Iranern noch schlechter gehen wird. <\/p>\n<p>Hab mal eine kleine Inventur gemacht, Semmeln &#038; Co und Abendessen. Letzteres reicht ja noch \u00fcber 3 Wochen, ohne die Konserven \/ Fertiggerichte angreifen zu m\u00fcssen.  Und ersteres wohl knapp auch.<\/p>\n<p>Da k\u00f6nnte man erst in einer Woche mal rauf fahren und schaun, ob der B\u00e4cker was hat (und wann die \u00d6ffnungszeiten sind), aber wenn morgen das Wetter schon so sonnig gemeldet wird&#8230; aber Platz hab ich halt eigentlich keinen in der Tiefk\u00fchltruhe, insb. weil da ja eher noch anders Zeug rein muss, z.B. bald mal die aufbackbaren Semmeln &#8230;<\/p>\n<p>Wie die letzten Tage heute paar Minuten mittags au\u00dfen rumgegangen. Eigentlich mir schon zu warm in der Sonne. Und mit 2 vollen T\u00fcten aus dem Auto rauf. <\/p>\n<p>Beim Kartoffelsalat hatte ich mich schon gewundert, dass das Glas beim \u00d6ffnen nicht so richtig &#8220;geploppt&#8221; hat. Roch aber nicht so wirklich verdorben, daher gegessen. Nun, heut merkte ich im Auto-K\u00fchlschrank die Misere &#8211; da hatte es rausgetropft und es stank ekelhaft :( <\/p>\n<p>Boah. Wie mich diese Raufschlepperei samt Verr\u00e4umen, das Reinigen hier wie da usw. usf. schon wieder auf den Zeiger geht &#8211; da w\u00fcrde man ja noch lieber \u00d6R-Fernsehn schaun ;) <\/p>\n<p>Ich hab schon langsam gar keine Lust auf die ganzen Sachen, die ich mir f\u00fcr daheim vorgenommen hab bzw. kann mich nicht entscheiden, womit ich anfangen soll.<\/p>\n<p>Naja, wenigstens hab ich heuer mehr Zeit daf\u00fcr als letztes Jahr.<\/p>\n<p>Kleben der Ski und L\u00f6cherstopfen Teil 2 und weiter mit der Deckendesignplanung.<\/p>\n<p>Da bin ich durchaus einige Schritte weiter gekommen, au\u00dfer bei der Farbgebung der Leisten und etwaiger zus\u00e4tzlicher Wandverzierungen. <\/p>\n<p><a href='http:\/\/extra.inmontanis.info\/d\/131321-3\/DSC04976.jpg'><img src=http:\/\/extra.inmontanis.info\/d\/131320-4\/DSC04976.jpg \/><\/a><br \/>\n^ Fish&#8217;n&#8217;chips &#8216;n&#8217; mushy peas. Den Malzessig rechts hab ich schon viele Jahre, wann der mal leer wird..<\/p>\n<p><strong>Sa, 14.6.2025<\/strong><\/p>\n<p>Tja, die 2 Amazonpakete sollen wieder heute geliefert werden, also sollte ich besser daheim bleiben, auch wenn ich mal wieder davon ausgehe, dass sie doch nicht kommen werden &#8230;<\/p>\n<p>In dreifacher Hinsicht war ich dann \u00fcberrascht, dass 1. \u00fcberhaupt, 2. kurz nach 13 Uhr und 3. nur eines der beiden Amazon-Pakete gekommen ist. Lt. Post-Website fehlte n\u00e4mlich a) die heutige Abfahrt und b) war der Status ja bei beiden ident. Bei den Fertiggerichten und Instant-Nudeln, die in diesem Paket waren, musste ich dann eines heute Abend probieren.<\/p>\n<p>Weiter mit dem Deckendesign, mittlerweile so gut wie entschieden. Es schaut nach sehr viel Arbeit aus, aber einige der noch arbeitsintensiveren Ideen hab ich verworfen. Eckenleisten und eventuell darunter liegende Wandverzierung noch nicht entschieden, mach ich vielleicht erst, wenn ich die Decke fertig gemalt hab. Farben der kleinen Rosetten m\u00f6cht ich bald entscheiden. Ob ich  allerdings alles heuer schaffen werde &#8230; <\/p>\n<p><a href='http:\/\/extra.inmontanis.info\/d\/131325-3\/wohnung-decke-2025-e7g.jpg'><img src=http:\/\/extra.inmontanis.info\/d\/131324-4\/wohnung-decke-2025-e7g.jpg \/><\/a><br \/>\n^ Derzeit h\u00e4tte ich mich f\u00fcr dieses Deckendeisgn entschieden (ggf. Rahmen im Flur anders; Eckenzierleisten und Wand noch unentschieden; Rosetten links nur beispielhaft)<\/p>\n<p>Anfangen werd ich mit dem Bett-Bereich links unten. Die Fleur-de-Lis und die anderen Verzierungen sind auf diesen Schablonen drauf und werden wie die Randlinien und Rosettenkreise gemalt. Die f\u00e4cherf\u00f6rmig und blumig aussehende Rosette an der Hauptlampe rechts m\u00f6chte ich dreidimensional machen, entweder mit dem Drucker oder Formen mit dem Drucker und dann Gips. (Au\u00dfer wieder die Goldkreise und Schwertlilien, die werden gemalt.)<\/p>\n<p>Als Muster daf\u00fcr dient:<\/p>\n<p><a href='https:\/\/www.artisanplastercraft.com\/wp-content\/uploads\/2022\/05\/ornamental-ceiling-restoration.jpg'>https:\/\/www.artisanplastercraft.com\/wp-content\/uploads\/2022\/05\/ornamental-ceiling-restoration.jpg<\/a><\/p>\n<p>bzw.<\/p>\n<p><a href='http:\/\/extra.inmontanis.info\/d\/111382-3\/DSC09198.jpg'><img src=http:\/\/extra.inmontanis.info\/d\/111381-4\/DSC09198.jpg \/><\/a><\/p>\n<p><a href='http:\/\/extra.inmontanis.info\/d\/111354-3\/DSC09182.jpg'><img src=http:\/\/extra.inmontanis.info\/d\/111353-4\/DSC09182.jpg \/><\/a><\/p>\n<p><a href='http:\/\/extra.inmontanis.info\/d\/111350-3\/DSC09174.jpg'><img src=http:\/\/extra.inmontanis.info\/d\/111349-4\/DSC09174.jpg \/><\/a><\/p>\n<p>&#8211;<\/p>\n<p>Die Temperatur in der Wohnung hat mittlerweile 19\u00b0 erreicht. Im Auto waren es Mittag \u00fcber 30\u00b0, was f\u00fcr 1, 2 Minuten auch sehr angenehm war ;)<\/p>\n<p>Je mehr ich aus dem Auto nehm, desto leerer wird zwar das Auto, auf dass ich es bald mal staubsaugen + reinigen k\u00f6nnte, aber desto voller wird&#8217;s in der Wohnung und desto umst\u00e4ndlicher wird dann das Deckenmalen werden. <\/p>\n<p>Ski noch gewachst, dass die mal in den Keller kommen.<\/p>\n<p>Zu fr\u00fch &#8220;gefreut&#8221; letztens mit der neuen Prime-Video-App (also es reicht nicht, dass sie nicht eh so schei\u00dfe un\u00fcbersichtlich und lahmer geworden ist und weniger Features bietet, z.B. steht in der Watchlist nicht mehr, ob es ein inkludierter Prime-Titel ist) &#8211; bei zumindest einer Serie konnte eine neu downgeloadete Folge nicht via HDMI ausgegeben werden :( Die Folgen, die ich zuvor mit der alten Version runtergeladen hatten, konnten abgespielt werden.<\/p>\n<p>Wenn man hin und wieder mal auf imdb schauen &#8220;muss&#8221; kann man auch nur entt\u00e4uscht sein \u00fcber die einst so informative und \u00fcbersichtliche Seite bzw. ver\u00e4rgert sein, was Amazon daraus gemacht hat :(<\/p>\n<p><strong>So, 15.6.2025<\/strong><\/p>\n<p>Heute einer der bisher seltenen Tage, wo mein Auto nicht anspringen wollte. Also nicht so wie vor ein paar Jahren, wo ich dann den 2. Startknopf im Motorraum bekam, sondern der Anlasser probierte es einige Zeit lang, aber entweder es z\u00fcndete was nicht oder es kam kein Benzin rein. Nach ein paar Sekunden sprang der Motor aber doch an. <\/p>\n<p>An der alten Batterie kanns eher nicht gelegen haben, da die Bordspannung nach dem Starten bei 11,8V blieb, das System also gar nicht genug Ladespannung erzeugte, weil die Batterie wohl voll genug war?! Erst nach dem Einschalten des Lichts lagen 13.9V an. Jeweils halt was das Messger\u00e4t vom Steckdosenverteiler anzeigt, kann in Wahrheit auch h\u00f6her sein, aber unter 12V hab ich da in den letzten Jahren schon \u00f6fters gesehen. Sp\u00e4ter mal nachgesehen, anscheinend ist sie doch nicht mehr die Originale, sondern hatte ich im Dez. 2020 mit dem Einbau der Standheizung wechseln lassen, also zwar noch nicht so alt, aber vielleicht sollte ich sie trotzdem im Herbst austauschen.<\/p>\n<p>Ich fuhr vormittags also rauf ins Skigebiet und stellte mich vorsichtshalber so hin, dass ich runterw\u00e4rts fahren k\u00f6nnte, um den Motor zu starten. (Sprang sp\u00e4ter aber wieder problemlos an, k\u00f6nnte auch an der Schl\u00fcsselbatterie liegen, die recht leer zu sein scheint.)<\/p>\n<p>Eine kleine, halbst\u00fcndige Runde gegangen (im Schatten OK, in der Sonne zu warm), die B\u00e4ckerei war auch offen und ich entschied mich f\u00fcr 2 Semmeln und 1 Nussschnecke. Keine Ahnung, was was gekostet hatte, in Summe waren es 4 \u20ac, wobei die Nussschnecke nicht so gut ist wie die Zimt-Sachen, die sie oft haben (Reindling bzw. Zimtschnecke), daf\u00fcr waren die frischen Semmeln umso leckerer. <\/p>\n<p><a href='http:\/\/ski.inmontanis.info\/d\/340991-2\/DSC04977.jpg'><img src=http:\/\/ski.inmontanis.info\/d\/340990-3\/DSC04977.jpg \/><\/a><br \/>\n^ Hinter \/ Unter den Talstationen<\/p>\n<p><a href='http:\/\/ski.inmontanis.info\/d\/340995-2\/DSC04978.jpg'><img src=http:\/\/ski.inmontanis.info\/d\/340994-3\/DSC04978.jpg \/><\/a><br \/>\n^ Beschneiungsteich<\/p>\n<p><a href='http:\/\/ski.inmontanis.info\/d\/340999-3\/DSC04980.jpg'><img src=http:\/\/ski.inmontanis.info\/d\/340998-3\/DSC04980.jpg \/><\/a><br \/>\n^ Panorama durch die Ferienh\u00e4user<\/p>\n<p><a href='http:\/\/ski.inmontanis.info\/d\/341003-2\/DSC04986.jpg'><img src=http:\/\/ski.inmontanis.info\/d\/341002-3\/DSC04986.jpg \/><\/a><br \/>\n^ Gang durch die Ferienh\u00e4user<\/p>\n<p><a href='http:\/\/ski.inmontanis.info\/d\/341007-3\/DSC04987.jpg'><img src=http:\/\/ski.inmontanis.info\/d\/341006-4\/DSC04987.jpg \/><\/a><br \/>\n^ Lifte<\/p>\n<p><a href='http:\/\/extra.inmontanis.info\/d\/131329-3\/DSC04988.jpg'><img src=http:\/\/extra.inmontanis.info\/d\/131328-4\/DSC04988.jpg \/><\/a><br \/>\n^ 2 ungewohnt geformte Semmeln und 1 Nusschnecke um zusammen 4 \u20ac. Die Semmeln lassen sich also gut halbieren, so dass dadurch 4 kleine werden.<\/p>\n<p>Am fr\u00fchen Nachmittag endlich f\u00fcr eine Rosettenbemalung \u00fcbern Bett entschieden. Befestigung aber noch ungekl\u00e4rt. Wo leg ich die Kabel hin, f\u00fchr ich die runter, damit ich die Lampe mal wechseln k\u00f6nnte &#8211; schaut ja bl\u00f6d aus, ansonsten m\u00fcsst ich aber die Rosette runterrei\u00dfen&#8230; Aber damit das alles unter die Rosette passt, m\u00fcsste ich die erst mal etwas l\u00f6chriger machen hinten. Und der Haken muss wohl irgendwie in der Mitte durchgef\u00fchrt werden. Daf\u00fcr muss ich also erst mal wieder aufs Bett steigen.. und vor dem Anbringen der Rosette muss ich noch die Kreise malen. Das sollte man im Inneren auch vorher  testen.<\/p>\n<p>Tja, der Test verlief nicht so positiv &#8211; straff ziehen der Schnur, gerade halten des Pinsels und dann kommt es ja noch drauf an, ob das Ende am Haken oben oder unten ist &#8211; zumindest f\u00fcr letzteres Problem w\u00e4r wohl eine Schraube sinnvoller. \u00dcberkopf ist alles etwas schwieriger.<\/p>\n<p>Ich entschied, mir ein St\u00fcck holz mit L\u00f6chern zu bohren, somit zumindest das n\u00f6tige Straffziehen der Schnur wegf\u00e4llt.<\/p>\n<p>Danach endlich die erste Rosette bemalt. Gold Durchgang 1, dann Blau (da wird 1 Anstrich reichen). Leider ja mal wieder f\u00fcr&#8217;s falsche Blau entschieden, dieses bl\u00f6de Enzianblau hatte ich ja schon daheim und gefiel mir an der T\u00fcr schon nicht. Auch am Styropor passt es nicht wirklich zum Gold, weil es etwas zu Zyan und auch nicht so kr\u00e4ftig ist.<\/p>\n<p>Durch die L\u00f6cher im Styropor schauen Kanten auch etwas angefressen aus.<\/p>\n<p><strong>Mo, 16.6.2025<\/strong><\/p>\n<p>Heute etwas k\u00fchler und die erste Rosettenbemalung wurde fertig.<\/p>\n<p><a href='http:\/\/extra.inmontanis.info\/d\/131333-3\/DSC04996.jpg'><img src=http:\/\/extra.inmontanis.info\/d\/131332-4\/DSC04996.jpg \/><\/a><br \/>\n^ Fertig bemalte Rosette Nummer 1<\/p>\n<p>Da das MH-Datum der Eier bald erreicht ist, muss ich nun endlich die diesbez\u00fcglich geplanten Sachen machen &#8211; die Lebkuchen backen, die Raggmunk und evtl. normale Pfannkuchen probieren .. <\/p>\n<p>Rezepte sind ja eh immer etwas unterschiedlich, zudem wollte ich eher eine Mischung aus normalen Pfannkuchen und Kartoffelpfannkuchen machen.<\/p>\n<p>Ich entschied mich dann f\u00fcr diese Zutaten und erwartete eine vielleicht zu gro\u00dfe oder  2 Portionen:<\/p>\n<p>ca. 100ml Milch<br \/>\nca. 30ml Sodawasser<br \/>\n1 Ei<br \/>\nca. 100g Mehl<br \/>\nca. 200g geriebene Kartoffel (war eine gro\u00dfe Knolle und erweiterte das Volumen sehr)<br \/>\nPrise Salz<\/p>\n<p>Plus eben den Bacon (mit Zweifel, dass der amerikanische hier passen w\u00fcrde, aber dicken britischen Bacon gab&#8217;s hier nicht zu kaufen) und nat\u00fcrlich die Preiselbeermarmelade.<\/p>\n<p>Ich teilte den Teig auf nur 2 Pfannen auf &#8211; dann halt etwas dicker. Die angegebenen 4 Minuten pro Seite bei mittlerer Hitze reichten aber nicht aus. Wollte auch nach 10 Minuten noch nicht braun werden die erste Seite ;) Die anderen gingen dann schneller.<\/p>\n<p><a href='http:\/\/extra.inmontanis.info\/d\/131337-3\/DSC05002.jpg'><img src=http:\/\/extra.inmontanis.info\/d\/131336-4\/DSC05002.jpg \/><\/a><br \/>\n^ Versuch Raggmunk zu machen<\/p>\n<p><a href='http:\/\/extra.inmontanis.info\/d\/131341-3\/DSC05004.jpg'><img src=http:\/\/extra.inmontanis.info\/d\/131340-4\/DSC05004.jpg \/><\/a><br \/>\n^ Versuch Raggmunk zu machen, mit Preiselbeeren und Bacon<\/p>\n<p>War doch nur 1 gro\u00dfe Portion, die Pfannkuchen etwas geschmacklos, die Preiselbeermarmelade zu wenig s\u00fc\u00df und der Bacon zu wenig, zu d\u00fcnn und auch nicht soo geschmackig. Fertiggericht in Schweden schmeckt besser ;)<\/p>\n<p>Themenwechsel, ich muss leider schon wieder l\u00e4nger ausholen ..<\/p>\n<p>Ich meine, es w\u00e4re so gewesen, dass ich in meiner Zivildienststelle damals Mitte der 1990er im Keller einige alte B\u00fccher gefunden h\u00e4tte, ich wei\u00df nicht mehr, warum ich die mitgenommen hab, weil wir Zivis sie aussortiert hatten um Platz zu schaffen und ich sie gerne behalten wollte oder ich hatte sie mal so gefunden und gefragt. Ich frag mich ein bisschen, wie ich diese vielen B\u00fccher heimgeschleppt h\u00e4tte oder ob ich sie doch anderswo mal bekommen hatte, jedenfalls hab ich da irgendwann etliche alte gro\u00dfe B\u00fccher gehabt.<\/p>\n<p>Einige werden wohl beim Umzug im M\u00fcll gewandert sein, einige hab ich aber behalten. Zu den letzteren geh\u00f6ren die 4 Sammelb\u00e4nde &#8220;Die Woche &#8211; Deutschlands popul\u00e4rste Illustrierte&#8230;.&#8221; von 1925.<\/p>\n<p>Meine zuletzt gesetzte Idee war, dass ich die B\u00fccher eben im Jahr 2025 via ebay verkaufen wollte. Wirklich gelesen hab ich sie nicht, einige Male schnell durchgebl\u00e4ttert, wenig Bilder mal genauer angesehen.<\/p>\n<p>Vor dem Verkauf wollte ich sie aber doch mal genauer durchbl\u00e4ttern und mehr lesen. Als h\u00e4tte ich nicht genug gro\u00dfe B\u00fccher daheim, die ich mal lesen wollte, jetzt auch noch das. <\/p>\n<p>Heut Abend fing ich also mit Band 1 an und stellte fest, dass es doch recht interessant ist &#8211; die heute so witzig wirkenden Werbungen mit den kuriosen Werbeversprechnungen, aber auch manche Artikel, die fast ident noch ins Jahr 2025 passen oder man liest etwas, was man f\u00fcr 1925 nicht erwartet h\u00e4tte. Kurz, ich werde diese 4 dicken B\u00e4nde nie und nimmer  in den n\u00e4chsten 2-3 Monaten alle lesen k\u00f6nnen, also dann doch noch nicht verkaufen.<\/p>\n<p>Einige interessante Artikel und kuriose Werbeeinschaltungen m\u00f6cht ich hier aber zeigen:<\/p>\n<p><img src=http:\/\/extra.inmontanis.info\/d\/131365-6\/DSC05005.jpg \/><br \/>\n^ Eincremen zum Schlankwerden, ob das damals oder heute besser bzw. \u00fcberhaupt funktioniert? Damals vielleicht besser, da gab es noch viele Stoffe, die heutzutage wg. Gesundheitsgefahr verboten sind ;)<\/p>\n<p><img src=http:\/\/extra.inmontanis.info\/d\/131368-6\/DSC05007.jpg \/><br \/>\n^ .. was es nicht alles gab, Nasenformer, Lippenformer, Fingerspitzenformer, Gr\u00fcbchenerzeuger, Hautsch\u00e4lkur, Antit\u00e4towierungstropfen, &#8230;.<\/p>\n<p>Der Gr\u00fcnder dieser ETA-Fabrik hat lt. Wikipedia \u00fcbrigens ein paar Jahre sp\u00e4ter die bekannte Spalt-Schmerztablette erfunden.<\/p>\n<p>&#8220;Farbfoto\u00fcbertragung per WLAN&#8221; gab es quasi auch schon 1925, Absatz zwischen den 2 Sternen: <\/p>\n<p><img src=http:\/\/extra.inmontanis.info\/d\/131371-6\/DSC05010.jpg \/><br \/>\n^ Ein Engl\u00e4nder hatte damals schon ein Farbbild drahtlos telegraphiert!<\/p>\n<p><img src=http:\/\/extra.inmontanis.info\/d\/131374-6\/DSC05011.jpg \/><br \/>\n^ Den Text links m\u00fcsste man wohl gar nicht zu sehr ab\u00e4ndern, damit er immer noch passt. Und interessant auch die damaligen Winterdestinationen: Engadin und Norwegen<\/p>\n<p>Leider ist diese alte Schrift schon recht schwer zu lesen, weil es so viel \u00e4hnlich aussehende Buchstaben gibt, z.B. s und f oder V und B oder t und k &#8230;<\/p>\n<p><img src=http:\/\/extra.inmontanis.info\/d\/131377-6\/DSC05012.jpg \/><br \/>\n^ Elektrizit\u00e4t zum Zerst\u00f6ren von Haaren oder Heilen von Krankheiten (oder unbewusster Erzeugung anderer Krankheiten)<\/p>\n<p>Schon etwas verst\u00f6rend, wenn man das so liest, die Werbungen von Produkten, die damals leicht oder \u00fcberall erh\u00e4ltlich waren. Wenn man jetzt danach im Internet sucht, findet man diese, wenn \u00fcberhaupt, auf Antiquit\u00e4ten-Auktionsseiten&#8230;.<\/p>\n<p><strong>Di, 17.6.2025<\/strong><\/p>\n<p>Heut mal diese dummerweise vorletzten Winter gekaufte Honiglebkuchen-Gew\u00fcrzmischung backen wollen. Die damals auch gekaute Gew\u00fcrzkuchen-Backmischung war ja nahezu komplet und einfach und schmeckte auch lecker, aber das hier ist doch ein anderes Level an Umst\u00e4ndlichkeit und Zusatzzutaten. <\/p>\n<p>Hab sowieso  etwas adaptiert bei den Zutaten.<\/p>\n<p>2 Bleche? Und das Rezept ist nur f\u00fcr die halbe Gew\u00fcrzpackung? Na danke.<\/p>\n<p>Eier, Zucker, Butter schaumig schlagen??  Ich hatte gro\u00dfe M\u00fche, die Butter \u00fcberhaupt zu zerdr\u00fccken.  Frisch aus dem K\u00fchlschrank war sie ja auch extra hart. H\u00e4tten mal schreiben sollen, ob man die vorher verfl\u00fcssigen sollte &#8230;<\/p>\n<p>Ein bisschen Kakaopulver hab ich auch noch rein und statt der N\u00fcsse ja die Mandeln.<\/p>\n<p>Ausrollen? Ausstechen? Mit Ei bestreichne? N\u00e4, zu bl\u00f6d. Einfach im K\u00f6fte-Style aufs Backblech gedr\u00fcckt, feddich. <\/p>\n<p>Vielleicht probier ich die restliche Gew\u00fcrzmischungspackung mal in der morgendlichen Milch \/ Kakao zu verwenden, das Backen werd ich mir nicht nochmals antun ;)<\/p>\n<p>Der Duft, der aus dem Ofen kam, war aber schon vorz\u00fcglich und das Ergebnis schmeckte dann auch lecker, wobei fast etwas zu scharf, zuviel Ingwer, daf\u00fcr hab ich positiv Anis bemerkt, was insb. bei den ausgetrocknet harten Bereichen schmeckte.<\/p>\n<p><a href='http:\/\/extra.inmontanis.info\/d\/131345-3\/DSC05015.jpg'><img src=http:\/\/extra.inmontanis.info\/d\/131344-4\/DSC05015.jpg \/><\/a><br \/>\n^ Selbstgebackene Mandel-Honiglebkuchen ohne Anspruch auf &#8220;Das Auge isst mit&#8221; &#8211; daf\u00fcr schmeckts umso besser ;)<\/p>\n<p>Danach noch die Leiste gebohrt, um damit hoffentlich einen runden Kreis auf der Decke malen zu k\u00f6nnen.<\/p>\n<p>Abendessen heute diesmal s\u00fc\u00dfe Pfannkuchen mit Erdbeermarmelade und Sahne. Wieder ein Ei weniger. <\/p>\n<p>Aber langsam reichts mit dem komplizierten, zeitaufw\u00e4ndigen Kochen und anschlie\u00dfendem Absp\u00fclen!!!<\/p>\n<p><a href='http:\/\/extra.inmontanis.info\/d\/131353-3\/DSC05039.jpg'><img src=http:\/\/extra.inmontanis.info\/d\/131352-4\/DSC05039.jpg \/><\/a><br \/>\n^ Pfannkuchen \/ Marmelade \/ Sahne<\/p>\n<p><img src=http:\/\/extra.inmontanis.info\/d\/131380-6\/DSC05017.jpg \/><br \/>\n^ Autowerbung von damals. Dass es damals schon Elektroautos gab, ist ja hinl\u00e4nglich bekannt.<\/p>\n<p><img src=http:\/\/extra.inmontanis.info\/d\/131383-6\/DSC05019.jpg \/><br \/>\n^ Werbung u.a. Wintersportorte<\/p>\n<p><img src=http:\/\/extra.inmontanis.info\/d\/131386-6\/DSC05023.jpg \/><br \/>\n^ Radioaktiv leuchtende Punkte an Lichtschaltern. Radium wurde auch bei Uhren verwendet, die sollen immer noch leuchten (ohne Licht zum Aufladen zu ben\u00f6tigen), bei der Produktion gabs aber zu viele Krankheits- und Todesf\u00e4lle.<\/p>\n<p><img src=http:\/\/extra.inmontanis.info\/d\/131389-6\/DSC05025.jpg \/><br \/>\n^ Pillen und Salben gegen Magerkeit und Fettleibigkeit. Rechts die Kukirol-Fu\u00dfpflege-Firma erfand sp\u00e4ter das bekannte Kukident<\/p>\n<p><img src=http:\/\/extra.inmontanis.info\/d\/131392-6\/DSC05028.jpg \/><br \/>\n^ M\u00e4dchen-Boxunterricht in USA und Toboggan-Bahn in Kanada<\/p>\n<p><img src=http:\/\/extra.inmontanis.info\/d\/131395-6\/DSC05032.jpg \/><br \/>\n^ Eisernes Dampf-Pferd, Stromerzeugung mit Windkraft und Charlie Chaplin heiratete seine 16-j\u00e4hrige Freundin<\/p>\n<p><img src=http:\/\/extra.inmontanis.info\/d\/131398-6\/DSC05033.jpg \/><br \/>\n^ Verkehrswesen zum Neujahr<\/p>\n<p><img src=http:\/\/extra.inmontanis.info\/d\/131401-6\/DSC05034.jpg \/><br \/>\n^ Neujahrsw\u00fcnsche-Gedicht, damals war&#8217;s in der Welt wohl auch nicht viel ruhiger&#8230;<br \/>\n(Kleiner Lesetipp drittletzte Zeile letztes Wort weil so ungewohnte Form von P und y: Pyramiden)<\/p>\n<p><img src=http:\/\/extra.inmontanis.info\/d\/131404-6\/DSC05036.jpg \/><br \/>\n^ Die Woche (illustrierte Wochenzeitschrift), Sammelband 1 von 4 aus 1925, da brauch ich noch l\u00e4nger zu lesen, selbst wenn ich die Fortsetzungsromane wohl auslassen werde<\/p>\n<p>Die Wohnungstemperatur blieb bisher im Bereich 18,9-19,9\u00b0, au\u00dfer im Bad, dort meist um die 20,3-20,9\u00b0.<\/p>\n<p>&#8211; &#8211; &#8211;<\/p>\n<p>Mal wieder was zum Thema Corona:<br \/>\n&#8220;Das Virus \u2013 aber auch die Impfstoffe \u2013, sind, so zeigen die Erkenntnisse, tats\u00e4chlich \u201eLangzeitbiowaffen\u201c, deren Wirkung sich erst \u00fcber Jahre entfaltet, da Krankheitsprozesse ausgel\u00f6st werden, die oft nicht unmittelbar t\u00f6dlich sind. &#8221;<br \/>\n<a href='https:\/\/multipolar-magazin.de\/artikel\/corona-biowaffe'>https:\/\/multipolar-magazin.de\/artikel\/corona-biowaffe<\/a><\/p>\n","protected":false},"excerpt":{"rendered":"<p>So, 8.6.2025<\/p>\n<p>Als ich heute beim Fr\u00fchst\u00fcck meinen Kakao trank und er mir etwas langweilig vorkam, fiel mir ein, dass ich noch mein Zimtgl\u00e4schen aus dem Auto holen m\u00fcsste (unterwegs hatte ich ja zuletzt nur noch etwas Zimt in die Liter Milchpackung gesch\u00fcttet, hat sich zwar nicht ganz aufgel\u00f6st, aber geschmacklich besser als pur). <\/p>\n<p> <a href=\"http:\/\/blog.inmontanis.info\/?p=10825\">[&#8230;]<\/a><\/p>\n","protected":false},"author":1,"featured_media":10832,"comment_status":"closed","ping_status":"closed","sticky":false,"template":"","format":"standard","meta":{"footnotes":""},"categories":[200,59,13,8],"tags":[45,47],"class_list":["post-10825","post","type-post","status-publish","format-standard","has-post-thumbnail","hentry","category-koralpe","category-nostalgie","category-austria","category-private","tag-see","tag-sl","odd"],"_links":{"self":[{"href":"http:\/\/blog.inmontanis.info\/index.php?rest_route=\/wp\/v2\/posts\/10825","targetHints":{"allow":["GET"]}}],"collection":[{"href":"http:\/\/blog.inmontanis.info\/index.php?rest_route=\/wp\/v2\/posts"}],"about":[{"href":"http:\/\/blog.inmontanis.info\/index.php?rest_route=\/wp\/v2\/types\/post"}],"author":[{"embeddable":true,"href":"http:\/\/blog.inmontanis.info\/index.php?rest_route=\/wp\/v2\/users\/1"}],"replies":[{"embeddable":true,"href":"http:\/\/blog.inmontanis.info\/index.php?rest_route=%2Fwp%2Fv2%2Fcomments&post=10825"}],"version-history":[{"count":10,"href":"http:\/\/blog.inmontanis.info\/index.php?rest_route=\/wp\/v2\/posts\/10825\/revisions"}],"predecessor-version":[{"id":10836,"href":"http:\/\/blog.inmontanis.info\/index.php?rest_route=\/wp\/v2\/posts\/10825\/revisions\/10836"}],"wp:featuredmedia":[{"embeddable":true,"href":"http:\/\/blog.inmontanis.info\/index.php?rest_route=\/wp\/v2\/media\/10832"}],"wp:attachment":[{"href":"http:\/\/blog.inmontanis.info\/index.php?rest_route=%2Fwp%2Fv2%2Fmedia&parent=10825"}],"wp:term":[{"taxonomy":"category","embeddable":true,"href":"http:\/\/blog.inmontanis.info\/index.php?rest_route=%2Fwp%2Fv2%2Fcategories&post=10825"},{"taxonomy":"post_tag","embeddable":true,"href":"http:\/\/blog.inmontanis.info\/index.php?rest_route=%2Fwp%2Fv2%2Ftags&post=10825"}],"curies":[{"name":"wp","href":"https:\/\/api.w.org\/{rel}","templated":true}]}}