{"id":10814,"date":"2025-06-07T10:25:23","date_gmt":"2025-06-07T08:25:23","guid":{"rendered":"http:\/\/blog.inmontanis.info\/?p=10814"},"modified":"2025-06-08T14:32:28","modified_gmt":"2025-06-08T12:32:28","slug":"molltaler-gletscher-reiseende-rosetten-privates-2-7-6-2025","status":"publish","type":"post","link":"http:\/\/blog.inmontanis.info\/?p=10814","title":{"rendered":"M\u00f6lltaler Gletscher, Reiseende, Rosetten, Privates, &#8230;., 2.-7.6.2025"},"content":{"rendered":"<p><strong>Mo, 2.6.2025<\/strong><\/p>\n<p>Wie schon am Freitag bef\u00fcrchtet, gab&#8217;s schon vor 7 Uhr regen Verkehr &#8211; aber heuer keine Renngruppen, sondern wg. der Baustelle oben am Stausee oder so.<\/p>\n<p>Der Tag begann quasi wolkenlos auch am Gletscher, aber weiterhin werden  ab 11 oder 12 Uhr erste Regenschauer gemeldet. Wenn ich heut Uraub h\u00e4tte, w\u00fcrd ichs klar probieren; wenn ich mir um 9:30 freinehmen w\u00fcrde, w\u00e4r ich halt erst nach 10:30 oben, vielleicht k\u00f6nnten sich noch 2-3 Abfahrten zur Mittelstation ausgehen?<\/p>\n<p>Oder nehm ich mir spontan ganz frei heute? Na gut, probier ich das mal! H\u00e4tte heute vielleicht eh zu wenig zu arbeiten.<\/p>\n<p>Um 7:50 wurden mal die Lifte auf &#8220;gr\u00fcn&#8221; gesetzt, aber: Mittelstationsabfahrt ist nun offiziell geschlossen. D.h. im Gegensatz zu den letzten Wochen werden sie jetzt keine Tage mehr haben, wo die EUB f\u00fcr Skibetrieb ge\u00f6ffnet ist, wenn die 6KSB wg. Wind oder Wetter geschlossen bleibt.<\/p>\n<p>Ich schrieb meinen Urlaubszettel, kaufte den Skipass um 19 \u20ac und nahm die 8:30 Uhr Bahn nach oben.<\/p>\n<p>Pr\u00e4pariert wurde die Abfahrt zur Mittelstation doch noch einmal.<\/p>\n<p>Es klarte nach dem gestrigen Regen wohl noch zeitig genug auf, dass es noch etwas anfror, ging also fr\u00fch wieder toll zu fahren. Diesmal gleich mal ganz rauf, aber die 6KSB-Abfahrt war mir noch etwas zu hart, wenn auch so besser als bei den pappigen Verh\u00e4ltnissen gestern Mittag.<\/p>\n<p>Die Mittelstationsabfahrt ging wie erwartet gut bzw besser zu fahren. Schneem\u00e4\u00dfig h\u00e4tte man sie ja noch nicht  schlie\u00dfen m\u00fcssen, die Steinfelder wurden auch heute wieder gut \u00fcberdeckt. Leider aber auch schon einige unsch\u00f6ne Pistenraupenspuren von heute, weil Servicefahrten durchgef\u00fchrt werden, Pistenbegrenzungen eingesammelt usw. <\/p>\n<p><a href='http:\/\/ski.inmontanis.info\/d\/340971-3\/DSC04868.jpg'><img src=http:\/\/ski.inmontanis.info\/d\/340970-4\/DSC04868.jpg \/><\/a><br \/>\n^ Mittelstationsabfahrt im Sommerskimodus, sch\u00f6n. Offiziell seit heute aber geschlossen.<\/p>\n<p><a href='http:\/\/ski.inmontanis.info\/d\/340975-3\/DSC04869.jpg'><img src=http:\/\/ski.inmontanis.info\/d\/340974-4\/DSC04869.jpg \/><\/a><br \/>\n^ Mittelstationsabfahrt im Sommerskimodus, sch\u00f6n.<\/p>\n<p><a href='http:\/\/ski.inmontanis.info\/d\/340979-3\/DSC04870.jpg'><img src=http:\/\/ski.inmontanis.info\/d\/340978-4\/DSC04870.jpg \/><\/a><br \/>\n^ Mittelstationsabfahrt weiter unten, da wird gestern noch alles sch\u00f6n pr\u00e4pariert, aber heute geschlossen und schon so bl\u00f6d aufgefahren.<\/p>\n<p><a href='http:\/\/ski.inmontanis.info\/d\/340983-3\/DSC04871.jpg'><img src=http:\/\/ski.inmontanis.info\/d\/340982-4\/DSC04871.jpg \/><\/a><br \/>\n^ Mittelstation<\/p>\n<p>Ich hatte mir die Schlie\u00dfung der Abfahrt ja gew\u00fcnscht, weil dadurch vielleicht der Schnee in ein paar Tagen besser sein k\u00f6nnte, weil keiner mehr f\u00e4hrt, also zumindest, was die Sulzhaufen unten anbelangt. Aber nach der ersten Fahrt fiel mir ein, dass das auch ein Nachteil sein k\u00f6nnte, wenn man n\u00e4mlich im oberen Bereich der DSB noch ein Schneedepot machen w\u00fcrde &#8211; dann bliebe nur noch die schwarze Mittelstationsabfahrt.<\/p>\n<p>Nach 2x Mittelstation ging&#8217;s nochmals zur 6KSB. Dort bereits ab 10 Uhr etwas Nebel \/ Hangbew\u00f6lkung und um 10:30 wieder pappiger, daher fuhr ich um 10:50 nochmals zur Mittelstation. Dort gab es tats\u00e4chlich bereits Schneedepotarbeiten :( Wenn auch bisher nur an der halben Mittelstationsabfahrt und richtung runter, aber da kann man wohl von ausgehen, dass hier in den n\u00e4chsten Tagen noch mehr verschoben wird, die leichte Mittelstationsabfahrt vielleicht nicht mehr fahrbar sein wird.<\/p>\n<p><a href='http:\/\/ski.inmontanis.info\/d\/340987-3\/DSC04872.jpg'><img src=http:\/\/ski.inmontanis.info\/d\/340986-3\/DSC04872.jpg \/><\/a><br \/>\n^ Mittelstationsabfahrt, von der 6KSB kommend, schon wurde hier mit den Schneedepotarbeiten begonnen :(<\/p>\n<p>Erst entt\u00e4uscht der M\u00f6lltaler mit der ungeplant fr\u00fchen Schlie\u00dfung der DSB und jetzt damit.  Da hab ich schon wieder gar keine Lust, heute noch etwas im Restaurant zu essen und Geld auszugeben. <\/p>\n<p>Will ich dann \u00fcberhaupt noch hier bleiben? Nur f\u00fcr die kurze 6KSB-Abfahrt hab ich keine Lust. Und ob die schwarze Mittelstationsabfahrt noch halbwegs fahrbar bleiben wird bzw. besser wird als zuletzt  &#8230;<br \/>\nZudem eine \u00d6ffnung am Mittwoch auch fraglich ist wg. des gemeldeten Windes. Bei Pech k\u00f6nnt ich also eh erst wieder am Freitag Ski fahren. Wird man nach dem Regen der n\u00e4chsten Tage \u00fcberhaupt noch eine geschlossene Restschneedecke bis zur Mittelstation haben? <\/p>\n<p>Soll ich gleich heut noch heimfahren? Reicht mir die Zeit f\u00fcr Baumarkt und Supermarkt? Oder \u00fcbernachte ich noch einmal hier? Hab mich doch noch gar nicht entschieden, welche Rosetten+Leisten ich jetzt nehm &#8230; <\/p>\n<p>Allerdings blieb es gerade noch einige Zeit lang trocken und auch mit blauen Himmelsst\u00fccken, so dass ich noch einige Male die EUB-Abfahrt fuhr und verfestigte  damit die Entscheidung, heut noch eine Nacht hier zu bleiben, morgen aber vermutlich abzureisen und vermutlich mit dem heutigen Tag eine der bescheuertsten Skisaisonen endg\u00fcltig zu beenden.<\/p>\n<p>Um 12:15 sah es dunkel genug aus, so dass ich mich f\u00fcr die Talfahrt um 12:30 entschied.<\/p>\n<p>Vielleicht zu fr\u00fch? Zumindest konnte ich somit die T\u00fcr am Auto einige Zeit offen lassen, um die W\u00e4rme (knapp unter 30\u00b0) rauszulassen und die Hose etwas zu trocknen.<\/p>\n<p>Gut, dass ich heut den Tag Urlaub genommen hab und schon wieder froh, nicht die Gopass-Saisonkarte gekauft zu haben. Da w\u00e4r ich diesen Mai bitterst entt\u00e4uscht gewesen.<\/p>\n<p>Oder beib ich doch noch wenigstens bis Mittwoch? Essen\/Semmeln hab ich ja noch&#8230;<\/p>\n<p>Kann nat\u00fcrlich sein, dass es oben zwischendrin mal geregnet hat, aber das gro\u00dfe Talfahren der Skifahrer blieb aus und unten gab es erst um 14:15 die ersten Tropfen.<\/p>\n<p>Rosetten \/ Leisten: Vieles aus meiner engeren Auswahl ist anscheinend mal wieder nirgends lagernd. Und einige k\u00f6nnen auch gar nicht bestellt werden.<\/p>\n<p>&#8211;<\/p>\n<p>Was ich mir schon seit ein paar Jahren vorgenommen hatte, nach mehreren Jahrzehnten mal wieder meine Videoaufnahme unserer Abi-Feier vom 1.7.1994 anzusehen. Daheim bzw. unterwegs auf Leinwand ist die VHS-Qualit\u00e4t nat\u00fcrlich zu lahm, wobei ich das schon bald danach auf DVD gebannt hatte, sonst h\u00e4tte ichs ja jetzt auch nicht dabei. Am kleinen Handybildschirm ist die Qualit\u00e4t weniger schlimm. Ich wollte es in mehreren Teilen ansehen, bin heute aber nun erst bis ca. zur H\u00e4lfte gekommen und falls ich dann morgen heimfahr &#8230; wird es noch einige Monate dauern, bis ich den Rest anschaue.<\/p>\n<p>Jedenfalls, unsere Kollegstufenbetreuerin Fr. Boos hatte in ihrer Rede etwas gesagt, was in den letzten gut 5 Jahren wohl noch viel aktueller gewesen w\u00e4re als damals:<\/p>\n<blockquote><p>\n&#8220;Liebe Kollegiatinnen und Kollegiaten, ab morgen plant ihr euer Leben selbst. <\/p>\n<p>Ich hab noch einmal Gelegenheit, einen Wunsch zu \u00e4u\u00dfern, oder zwei. <\/p>\n<p><strong>Ich w\u00fcnsche mir, dass ihr sperrig bleibt und widerborstig, eigensinnig, eigenwillig und misstrauisch gegen Vereinnahmung von allen Seiten, gegen Verplant- und Verwaltetwerden, selbst wenn ihr dabei auf Schwierigkeiten sto\u00dft, die erheblich gr\u00f6\u00dfer sind  als in der Schule &#8211; und darauf k\u00f6nnt ihr euch verlassen.<\/strong><\/p>\n<p>Ich w\u00fcnsche mir ferner, dass ihr euren kritischen Verstand, den wir hoffentlich ein bisschen geschrult haben, und eure soziale Phantasie daf\u00fcr einsetzt, einen Beitrag f\u00fcr eine humane Gesellschaft zu leisten. Das Gedr\u00e4nge in der Ego- und Am\u00fcsiergesellschaft ist ja schlie\u00dflich schon gro\u00df genug. Alles Gute!&#8221;\n<\/p><\/blockquote>\n<p>(Wir Jungs konnten unser Leben aber noch nicht ganz selbst planen, denn nach dem Abitur ging&#8217;s zwangsweise entweder zur Bundeswehr oder zum Zivildienst.)<\/p>\n<p>Den ersten Teil ihrer W\u00fcnsche hab ich wohl erf\u00fcllt  ;) Allerdings durchaus etwas ungew\u00f6hnliche Worte einer Lehrerin\/P\u00e4dagogin. <\/p>\n<p>Ich bin mir nicht mehr ganz sicher, aber ich meine, ich h\u00e4tte sie in der Kollegstufe im Deutschunterricht gehabt und mich nach einer anf\u00e4nglichen 5-6 noch auf eine solide 4 gebessert.  1999\/2000 schied sie wegen Krankheit zu fr\u00fch aus dem Schuldienst aus, im Jahresbericht 2001\/02 wurde ihr Tod gemeldet. Ihr Mann war Chef beim BR N\u00fcrnberg und wurde bei Franken Fastnacht vom Elferrat gegr\u00fc\u00dft.<\/p>\n<p>(Die Jahresberichte hatte ich mir noch bis zu den Mitte 2010er Jahren zuschicken lassen, aber die letzten ca. 10 Exemplare hab ich nach wie vor nicht angesehen &#8211; noch keine Zeit oder Muse gehabt bzw. gab es kaum noch Lehrer, die man kannte, einzig wenn man mal bei den Todesanzeigen wieder \u00fcber einen gestolpert ist. 1, maximal 2 von damals k\u00f6nnten noch aktiv sein; Informationen findet man im Netz kaum.)<\/p>\n<p>Hier ihre ganze Rede, wesentlich k\u00fcrzer und interessanter als die zuvor von unserem damaligen Direktor ;)<\/p>\n<p><object style=\"height: 500px; width: 900px\"><param name=\"movie\" value=\"http:\/\/www.youtube.com\/v\/vBKP88S-yk8\"><\/param><param name=\"wmode\" value=\"transparent\"><\/param><embed src=\"http:\/\/www.youtube.com\/v\/vBKP88S-yk8\" type=\"application\/x-shockwave-flash\" wmode=\"transparent\"  width=\"900\" height=\"480\"><\/embed><\/object><\/p>\n<p>.. am Anfang sprach sie ja davon, dass wir damals Gl\u00fcck gehabt h\u00e4tten. (Mal abgesehen von den ca. 2 Jahren Asbestsanierung, wo der &#8220;Neubau&#8221; nicht zur Verf\u00fcgung stand..) Gl\u00fcck hatte ich auch sp\u00e4ter wohl noch \u00f6fters, sonst k\u00f6nnte ich heute nicht so viel skifahren und rumreisen. Wobei das auch immer ein Setzen von Priorit\u00e4ten ist. z.B. ob jemand sein Geld lieber f\u00fcr Alkohol und Zigaretten ausgibt oder nicht; ob jemand seine Immobilie f\u00fcr viel Geld verkauft und sich daf\u00fcr anderswo was g\u00fcnstigeres kauft; ob jemand viel arbeitet und viel Geld verdienen will oder lieber mehr Freizeit hat etc.<\/p>\n<p>Auch wenn ich das Schulthema auf meinem Blog immer mal wieder thematisiere &#8211; ich bin (keine Ahnung seit wann genau oder schon immer) nicht gerne zur Schule gegangen (in Innsbruck sp\u00e4ter ein bisschen mehr). Die obligatorische 5 in Latein und drohende 5en in Sport und Deutsch sorgten ebenfalls f\u00fcr schlechte Stimmung, bei 2 5en w\u00e4re man ja durchgefallen. Wobei ich mir jetzt nicht mehr sicher bin, ob da die 5 in Sport auch relevant gewesen w\u00e4re, ich meine, in irgendeinem Fach w\u00e4r das egal gewesen. Ist ja nicht so, dass man was daf\u00fcr kann, wenn man komplett unsportlich ist und sich das dann beim Wiederholen einer Klasse verbessern w\u00fcrde. In der Kollegstufe hatte ich in Sport aber sogar 3en, keine Ahnung wie ich das geschafft hatte.<\/p>\n<p>Irgendwie mogelte ich mich jedes Jahr durch (Gl\u00fcck gehabt also) und schaffte (ohne sitzen zu bleiben) im Abi &#8220;sogar&#8221; eine 2,9. <\/p>\n<p>Trotz der teilweisen Abneigung gegen\u00fcber der Schule wollte ich aber auch nie \u00e4lter werden, nicht erwachsen werden, eigene Geburtstage wurden irgendwann m\u00f6glichst ignoriert, bei fremden Geburtstagen w\u00fcnschte ich h\u00f6chstens &#8220;mein Beileid, schon wieder ein Jahr \u00e4lter (und ein Jahr n\u00e4her im Grab)&#8221;. Ein Teil von mir ist wohl auch nie wirklich erwachsen geworden, aber das find ich sowieso positiv, sollte ja jeder hin und wieder etwas &#8220;kindisch&#8221; sein und neugierig bleiben und man sollte sich auch nicht vorschreiben lassen &#8220;du bist zu alt daf\u00fcr&#8221; o.\u00e4.. <\/p>\n<p>Gl\u00fcck hatte ich nach der Schule, dass ich, aus der Kirche einige Jahre zuvor ausgetreten und ungl\u00e4ubig, die  Zivildienststelle in einem evangelischen Studentenwohnheim und Diasporawerk bekam. Dort lernte ich neben diversen B\u00fcroaufgaben auch Fenster- und Kloputzen und Betten\u00fcberziehen &#8211; Dinge, die einem auch in der Schule beigebracht werden sollten ;)<\/p>\n<p>Danach war eben die Qual der Wahl &#8211; das machen, worauf ich am meisten Lust h\u00e4tte (was wohl damals nach wie vor Lokf\u00fchrer war, also zur Bahn gehen, glaub M\u00fcnchen oder Karlsruhe) oder stattdessen dorthin zu gehen, wo ich am liebsten sein m\u00f6chte und dann irgendwas suchen &#8211; und das war eben Tirol bzw. Innsbruck als Hauptstadt. Studieren kam f\u00fcr mich nicht in Frage, daf\u00fcr fand ich mich selbst einfach nicht diszipliniert und intelligent genug, auch nicht f\u00fcr Informatik. Das hatte eine Mitsch\u00fclerin studiert, die ich im Bus zur Zivildienststelle \u00f6fters mal traf.<\/p>\n<p>Einen Ferialjob als &#8220;Zimmerm\u00e4dchen&#8221; in Tirol bekam ich nicht bzw. bei dem einen gefiel mir die Mitarbeiterunterkunft nicht und um in Tirol Fu\u00df zu fassen, entschied ich, ein dortiges Kolleg zu besuchen, womit man dann nach 2 Jahren ebenfalls das \u00f6sterreichische &#8220;Abitur&#8221; (Matura) bek\u00e4me. Zur n\u00e4heren Auswahl stand das in Imst mit einem Schwerpunkt glaub holz-handwerklich oder das kaufm\u00e4nnische Kolleg in Innsbruck, wof\u00fcr ich mich entschied.  <\/p>\n<p>Ich wurde genommen bzw. durfte dort Sch\u00fcler sein. Da ich ja von einem wirtschaftswisschenschaftlichem Gymnasium kam (auch wenn ich diese F\u00e4cher in der Kollgestufe ablegte), waren die meisten F\u00e4cher kein Problem f\u00fcr mich und ich hatte ausnahmsweise mal fast \u00fcberall bessere Noten.<\/p>\n<p>Bei der Wahl der Fremdsprache entschied ich mich f\u00fcr Franz\u00f6sisch und gegen Italienisch, weil ich damals annahm, dass ich lieber in Frankreich Ski fahren m\u00f6chte, denn Italien gefiel mir damals \u00fcberhaupt nicht (also musste ich mir sp\u00e4ter Italienisch eben noch ein wenig selbst beibringen und nein, ich bin eigentlich recht schlecht in Fremdsprachenlernen und kann mir Vokabeln nur sehr schwer bis gar nicht merken). <\/p>\n<p>Nach dem Kollegabschluss hatte ich erst weniger Gl\u00fcck, weil einige Bewerbungen im  EDV-Bereich nicht gefruchtet hatten. Dann aber wieder Gl\u00fcck, weil die Mutter einer Mitsch\u00fclerin Personalchefin eines  Autohauses war und man dort einen Assitenten Betriebsleitung suchte, der zur H\u00e4lfte auch f\u00fcr die EDV zust\u00e4ndig ist (zusammen mit dem Assistenten Verkaufsleitung) und diese wohl bei ihrer Mutter viel Werbung f\u00fcr meine supertollen EDV-Kenntnisse machte.<\/p>\n<p>Obwohl ich mit Autos genausowenig zu tun hatte und haben wollte wie mit der Kirche (Zivildienst) und keinen F\u00fchrerschein machen wollte, arbeitete ich also in einem Autohaus. Nach ein paar Jahren machte ich den F\u00fchrerschein halt doch. Weil man ihn etwas g\u00fcnstiger bekam. Und irgendwann fuhr ich dann im Jahr bis zu 50.000km durch ganz Europa, um Skigebiete zu erkunden &#8230;.<\/p>\n<p>Sp\u00e4ter verlie\u00df uns der EDV-Kollege, ich \u00fcbernahm die EDV komplett minus die Betriebsleiterassistenz und erk\u00e4mpfte mir eine ordentliche Gehaltserh\u00f6hung und machte auch immer mehr Marketing\/Werbungssachen.<\/p>\n<p>Schlussendlich hatte ich also Gl\u00fcck, diese Arbeitsstelle &#8220;geschenkt&#8221; bekommen zu haben, denn ich musste mich nicht auf einen EDV-Bereich spezialisieren (das fand ich schon immer bl\u00f6d, ich kann von vielen Dingen mehr wie die meisten anderen, aber sich flie\u00dfbandm\u00e4\u00dfig auf eine Sache zu beschr\u00e4nken, war und ist nichts f\u00fcr mich) &#8211; und mit den grafischen Arbeiten war die Arbeit sch\u00f6n vielschichtig und interessant.<\/p>\n<p>Auch wenn ich durchaus \u00dcberstunden machte und am Wochenende arbeitete, um die Server f\u00fcr mich allein zu haben, war der Hauptgrund meiner Arbeit stets, Geld zu verdienen, um mir meine Hobbies (Computer, Skifahren, sp\u00e4ter Reisen) leisten zu k\u00f6nnen.<\/p>\n<p>Irgendwann war mir das Pendeln von der einen Seite Innsbrucks zur anderen zu bl\u00f6d (mit dem Auto im Stau, mit dem Rad verschwitzt ins Gesch\u00e4ft kommen, viel Zeit mit dem Bus verlieren) und ich suchte eine Wohnung n\u00e4her an der Arbeit und merkte schnell, dass ich beim Kauf einer Eigentumswohnung weniger Ratenr\u00fcckzahlung haben w\u00fcrde als Mietkosten. <\/p>\n<p>Auch hier hatte ich wieder mehrfach Gl\u00fcck, denn zur der Zeit waren die Wohnungen noch etwas bezahlbarer und \u00fcber meinen Chef bekam ich von der Bank so g\u00fcnstige Zinsen, dass ich am Ende teils unter 0,5% Zinsen zahlen musste. Und zur Coronazeit hatte ich abermals Gl\u00fcck, dass die Wohnungspreise nun so hoch waren und ich die Wohnung so teuer verkaufen konnte und in K\u00e4rnten eine so g\u00fcnstige bekam, dass ich fortan meine &#8220;Work-Life-Balance&#8221; optimieren konnte.<\/p>\n<p>Tja, nun bin ich seit 27 Jahren in dem Autohaus (was mich in \u00d6sterreich zu 30 statt 25 Urlaubstagen, also 6 Wochen, pro Jahr qualifiziert), mittlerweile haben wir doppelt so viel Mitarbeiter und 5 statt 2 Standorte; die EDV-Administrator-Aufgaben hab ich aus hier schon \u00f6fters erl\u00e4uterten Gr\u00fcnden aufgegeben und arbeite nun nur noch 3h\/Tag aus dem Home- oder Unterwegs-Office, etwas Grafik, etwas IT-Spezialaufgaben. Abermals Gl\u00fcck gehabt, dass ich das durch meine erarbeitete Reputation durchsetzen konnte.<\/p>\n<p>In einem der alten britischen Tramhefte hab ich in diesen Tagen abends gelesen, dass die Wochenstunden der Schaffner und Tramsfahrer von 102 im Jahr 1896  auf 64 im Jahr 1906 reduziert wurden, jeden 2. Sonntag frei bis die 6-Tage-Woche 1908 eingef\u00fchrt wurde. Und ich arbeite nur noch 15 Stunden :) Ok, es gab auch damals Leute, die weniger arbeiten (mussten) &#8230; aber 102 Stunden ist schon krass, 7*24 sind ja nur 168 Stunden. Wenn man davon noch 7 Stunden Schlaf pro Tag abziehen w\u00fcrde, blieben ja schon nur noch 119 Stunden \u00fcbrig. Und dann 102 Stunden arbeiten, pfff&#8230;.und es wird vielleicht Leute geben, die auch heute noch so viel arbeiten (m\u00fcssen) &#8230;.<\/p>\n<p>Diesen Monat werd ich 50 (das wird genauso wenig gefeiert wie die davor) und manchmal und insb. aufgrund der Politik der letzten Jahre denk ich mir schon, noch 10 Jahre so weiterleben wie bisher und dann ist der Drops eh gelutscht. Was soll ich dann noch in einer Welt, wo ich alles immer nur noch bescheuerter finde, weil es kaum eine Entwicklung gibt, die ich positiv und unterst\u00fctzungsf\u00e4hig halte?! Maximal egoistisch und protestorientiert leben. <\/p>\n<p><strong>Di, 3.6.2025<\/strong> 143. Reisetag<\/p>\n<p>Im Zeitraum 11\/12-14\/15 Uhr wurde morgens mal recht trocken gemeldet. Paar Autos kamen um 7:30 (die Baustellenfahrzeuge kamen wieder so 6:30-7:00).  Webcam zeigte nat\u00fcrlich Nebel, au\u00dfer im Mittelstationsbereich. Die Abfahrt ist in einem steilen unteren Bereich  durch den Regen nur noch halb so breit. Und heute Abend ist ja auch nochmals viel Regen gemeldet. <\/p>\n<p>Ab 7:45 stand dann auf der Homepage, dass heute wg. Schlechtwetter geschlossen bleibt (wobei ich heut ja eh nicht geplant h\u00e4tte) und damit fing auch der Regen im Tal wieder an und h\u00f6rte f\u00fcr Stunden nicht mehr auf. <\/p>\n<p>Oben sah es um 11 Uhr besser aus als hier unten, um 11:45 h\u00f6rte auch der Regen im Tal auf, aber f\u00fcr abends ist nochmals Regen gemeldet.<\/p>\n<p>Soll ich jetzt noch bis morgen warten, auf dass offen sein wird und es ab Mittag noch halbwegs fahrbar w\u00e4re? Auf dass es am Freitag\/Samstag vielleicht nochmals etwas sonniger werden w\u00fcrde, die Abfahrt zur MIttelstation noch halbwegs gut fahrbar und m\u00f6glich w\u00e4re und nicht zB, wegen Sturm komplett geschlossen ist? Bei Pech ist die 6KSB-Abfahrt genauso pappig wie zuletzt ab dem sp\u00e4ten Vormittag und der Rest bis Mitte ebenfalls untauglich.<\/p>\n<p>Ich schwankte mehrmals zwischen &#8220;abfahren&#8221; und &#8220;bleiben und hoffen, was hab ich schon zu verlieren&#8221;&#8230;  au\u00dfer dass es heute angenehmer w\u00e4re, heim zu fahren als zB. morgen bei mehr Sonne und mehr Hitze.<\/p>\n<p>Die Vorhersageseiten sind sich noch recht uneinig, insb. f\u00fcr FR+SA, aber auch schon f\u00fcr heut Nacht und morgen. Wird immer schlimmer mit den Wettervorhersagen.<\/p>\n<p>Tja.. wenn es nicht so windig morgen und Donnerstg wieder regnerisch werden w\u00fcrde, w\u00e4r die Entscheidung hier zu bleiben einfacher&#8230; <\/p>\n<p>Um 12:20 entschied ich mich f\u00fcr die Abreise und baute noch den PC aus. Endg\u00fcltig Schluss mit dem Wettervorhersagenm\u00fcll diesen Winter.<\/p>\n<p>Mit noch offener DSB oder dem Wissen, die Mittelstationsabfahrt noch fahren zu k\u00f6nnen, h\u00e4tte ich mich wohl anders entschieden. Gab einfach schon wieder zu viel St\u00f6rfaktoren und dann lieber bei dem schlechteren Wetter heut heimfahren als bei Hitze. Auch wenn Einkaufen bei Regen auch nicht so sch\u00f6n ist.<\/p>\n<p>Erster Halt Lidl, die meisten ungek\u00fchlten Sachen kaufen<\/p>\n<p><a href='http:\/\/extra.inmontanis.info\/d\/131171-2\/IMG_20250603_135322_4.jpg'><img src=http:\/\/extra.inmontanis.info\/d\/131170-3\/IMG_20250603_135322_4.jpg \/><\/a><br \/>\n^ Eink\u00e4ufe, Lidl, nur ungek\u00fchlte Sachen<\/p>\n<p>Zweiter Halt Bauhaus in Villach (weniger autobahnfreie Strecke zu fahren als in Klagenfurt; wenn ich heuer schon die Vignette hab, will ich nicht durch Klagenfurt durchfahren)<\/p>\n<p>Hab dann doch nur 2 Rosetten gekauft zum testen + keine der Leisten. Die eine, die da war, w\u00e4r jetzt bei Obi g\u00fcnstiger (aber nicht lieferbar). Sind aber so klein, nur in Folie verpackt, dass ich problemlos h\u00e4tte genug mitnehmen k\u00f6nen. Wenn alle da gewesen w\u00e4ren, die ich gewollt h\u00e4tte&#8230;<\/p>\n<p>Gips auch mal nur eine kleine Packung zum testen, wie das alles funktioniert.<\/p>\n<p><a href='http:\/\/extra.inmontanis.info\/d\/131175-2\/IMG_20250603_161541_0.jpg'><img src=http:\/\/extra.inmontanis.info\/d\/131174-3\/IMG_20250603_161541_0.jpg \/><\/a><br \/>\n^ Eink\u00e4ufe, Bauhaus<\/p>\n<p>Dank Coupons beim Burger King (statt in der Ikea) was mitgenmmen, galten sogar um den selben Preis an dem BK an der Autobahnrastst\u00e4tte. Die sonstigen Preise sind ja jenseits von Gut und B\u00f6se. Den Long Texas BBQ gab es hier auf der Karte gar nicht, aber mit Coupon dann trotzdem. <\/p>\n<p>Die 20-22\u00b0 heut waren jedenfalls warm genug, mehr m\u00f6cht ich nicht haben. Nur beim Lidl bin ich nass geworden.<\/p>\n<p>Danach gab es noch eine Kontrolle auf der Autobahn, LKW+PKW, keine Ahnung ob Vignette oder haupts\u00e4chlich ein anderer Grund, mich zum Gl\u00fcck nicht raus, keine Zeit f\u00fcr eine Durchsuchung.<\/p>\n<p>Ich hatte doch noch kurz Zeit, um am Obi in Wolfsberg zu halten (und lie\u00df daf\u00fcr einen 2. BK-Besuch aus) und hab mir die 2 hier verf\u00fcgbaren Zierleisten (von denen, die mir gefallen w\u00fcrden) angeschaut bzw. je eine mal mitgenommen zum testen; eine m\u00f6chte ich dann haupts\u00e4chlich nehmen, die andere kommt dann halt auf die kurze Gegenwand am Flur vielleicht<\/p>\n<p>Zum Schluss noch im Eurospar die letzten Eink\u00e4ufe, haupts\u00e4chlich (tief)gek\u00fchlte Lebensmittel.<\/p>\n<p>Ich hoffe, das reicht nun alles f\u00fcr 4-6 Wochen, weil wirklich durchgez\u00e4hlt hab ich nicht. <\/p>\n<p><a href='http:\/\/extra.inmontanis.info\/d\/131179-2\/IMG_20250603_185146_7.jpg'><img src=http:\/\/extra.inmontanis.info\/d\/131178-3\/IMG_20250603_185146_7.jpg \/><\/a><br \/>\n^ Eink\u00e4ufe, Eurospar, haupts\u00e4chlich gek\u00fchlte und gefrorene Sachen<\/p>\n<p>Beim Raustragen aus dem Eurospar hatte ich allerdings zweifel, ob ich das alles in K\u00fchl- und Gefrierschrank werde unterbringen k\u00f6nnen.<\/p>\n<p>Um 19:25 war ich somit wieder daheim. So lang war ich ja eh nicht weg diesmal, nicht mal 5 Monate ;)<\/p>\n<p>In in der Wohnung waren 15-16\u00b0, h\u00e4tte weniger erwartet, aber hatte ja im Januar nochmals einige Tage lang geheizt. Heizung werd ich jetzt nicht einschalten, weil es ja sowieso mit Kochen und W\u00e4rme drau\u00dfen und PC und mir und Gefrierschrank und Luftentfeuchter dann bald w\u00e4rmer werden wird; da konservier ich lieber noch etwas die K\u00e4lte.<\/p>\n<p>Lockerflockig passte alles in K\u00fchl- und Gefrierschrank. Naja, gerde so.<\/p>\n<p><a href='http:\/\/extra.inmontanis.info\/d\/131183-2\/DSC04879.jpg'><img src=http:\/\/extra.inmontanis.info\/d\/131182-3\/DSC04879.jpg \/><\/a><br \/>\n^ K\u00fchlschrank nun ziemlich voll, und da musste dann sp\u00e4ter ja noch die offene H-Milch, Marmelade, Ketchups, Getr\u00e4nkesirup rein<\/p>\n<p><a href='http:\/\/extra.inmontanis.info\/d\/131187-2\/DSC04878.jpg'><img src=http:\/\/extra.inmontanis.info\/d\/131186-3\/DSC04878.jpg \/><\/a><br \/>\n^ Tiefk\u00fchltruhe ist auch komplett voll; wobei ich den Toast ja noch nicht h\u00e4tte reintun m\u00fcssen<\/p>\n<p>Ich hab auch restliche Zutaten dabei, um die Packung Honiglebkuchenmischung, die ich ca. vorletztes Jahr gekauft hatte, mal zu backen. <\/p>\n<p>Die Eink\u00e4ufe im Detail, wenn ich nichts vergessen hab:<\/p>\n<p>TK:<br \/>\nSchnitzel<br \/>\nCordon Bleus<br \/>\nPommes d\u00fcnn<br \/>\nPommes gekringelt<br \/>\nBackfisch (f\u00fcr die Dose Mushy Peas aus UK vom letzten Jahr)<\/p>\n<p>gek\u00fchlt:<br \/>\nca. 700g Schnittwurst (Extra, Extra pikant, Haussulz, Bauernsulz &#8211; egtl. hab ich da zu wenig Semmeln f\u00fcr, weil ich die ja auch zum Fr\u00fchst\u00fcck mit Marmelade \/ Creme nehmen wollte, die Toasts wollt ich eher als Pizzachen mit Schinken\/Speck und K\u00e4se, aber Schinken\/Speck daf\u00fcr leider doch vergessen \/ nicht auf der Liste gehabt<br \/>\nBergk\u00e4se in Scheiben<br \/>\nBergk\u00e4se als St\u00fcck (Semmel oder Kochen)<br \/>\nGeriebener Sp\u00e4tzlek\u00e4se (f\u00fcr die \u00c4lpler Maccaroni oder auch \u00fcberbackene Toasts)<br \/>\nPizzateig (f\u00fcr eine Montagnard h\u00e4tte man vielleicht besser Creme Fraiche mitgenommen)<br \/>\nBerner W\u00fcrstl<br \/>\nBacon (ggf. f\u00fcr Raggmunk, falls ich mich da rantrau, ansonst halt doch auch auf Toast oder sonstwie)<br \/>\nTr\u00fcffelnudeln (weil runtergesetzt)<br \/>\nSchupfnudeln (als Beilage zu einer der Konserven? Oder eigenst\u00e4ndig?)<br \/>\nS\u00fc\u00dfes zum testen bzw runtergesetzt<br \/>\nButter (eher zum backen)<\/p>\n<p>ungek\u00fchlt<br \/>\nSack Kartoffeln<br \/>\nGlas Paprika<br \/>\nApfelmus f\u00fcr die \u00c4lpler<br \/>\nErdbeermarmelade<br \/>\nPreiselbeermarmelade, vieleicht wag ich mich an Raggmunk<br \/>\n10 Eier<br \/>\nDiv. Ketchups<br \/>\nCa. 10-15 Semmeln, ca. 9 Salz-\/Laugenstangen\/Brezen\/Sesamring<br \/>\n6 Stk. aufbackbare Semmeln<br \/>\nToastbrot gro\u00df<br \/>\nToasbrot klein<br \/>\n2x Spr\u00fchsahne (will auch mal wieder Eis machen, Schoko bzw. Pistazie)<br \/>\nMandeln gehobelt (f\u00fcr die Lebkuchen, Rest dann f\u00fcr&#8217;s Eis)<br \/>\n6 Liter H-Milch<br \/>\n2 H-Sahne (f\u00fcr zB \u00c4lplermaccaroni)<br \/>\nKakaopulver (ungezuckert)<br \/>\nSpeckw\u00fcrfel (f\u00fcr Nudel oder Pizza oder Toast)<br \/>\nPackung Knabberzeug<\/p>\n<p>Plus paar Sachen aus SE \/ DE  und daheim hatte ich ja auch noch etliche Konserven, Nudeln, Fertiggerichte usw. aus UK \/ FR \/ DE \/ IT und von Amazon<\/p>\n<p>.. also sollte wohl einige Wochen halten und Amazon gibt&#8217;s ja auch noch ;)<\/p>\n<p><a href='http:\/\/extra.inmontanis.info\/d\/131257-3\/DSC04918.jpg'><img src=http:\/\/extra.inmontanis.info\/d\/131256-4\/DSC04918.jpg \/><\/a><br \/>\n^ Diverse Lebensmittel aus CZ, SK, NO und DE. Und die, die ich noch daheim hatte, und die, die ich anderswo verstaut hatte, fehlen im Bild<\/p>\n<p>Komplett kontr\u00e4r also zu den Eink\u00e4ufen auf Reisen, wenn ich alle 1-3 Tage einkaufen muss&#8230;<\/p>\n<p>Toilettenpapier? Hab ich noch 5 Rollen von der 8\/2023 gekauften Packung. Die sollten wohl noch einige Wochen oder Monate reichen, keine Ahnung, wieviel ich da verbrauch.<\/p>\n<p>Hier nun noch die restliche Fahrstrecke ab der F\u00e4hre:<\/p>\n<p><a href='http:\/\/extra.inmontanis.info\/d\/131253-3\/ge20250428-0603a.jpg'><img src=http:\/\/extra.inmontanis.info\/d\/131252-4\/ge20250428-0603a.jpg \/><\/a><br \/>\n^ Blau (ab Rostock von der F\u00e4hre): Fahrstrecke 28.4.-3.6.2025, ca. 2.000km<br \/>\nPOIs:<br \/>\n1) N\u00fcrnberg<br \/>\n2) Telfs<br \/>\nD) Schnalstaler Gletscher<br \/>\n3) M\u00f6lltaler Gletscher<br \/>\nA) Koralpe<\/p>\n<p>Tja, nun also ein paar Monate daheim und nochmals etwas die Wohnung versch\u00f6nern und den Sommer hinter mich bringen.<\/p>\n<p>&#8211; Fr\u00fchestens w\u00fcrde ich Mitte August abfahren, falls ich mich f\u00fcr einen Winterstart in Schottland entscheiden sollte und dann zuvor noch den restlichen Sommer im UK verbringen m\u00f6chte, im Anschluss ginge es dann ab ca. Feb. nach Skandinavien weiter bis Saisonende Mai\/Juni und dann heim<\/p>\n<p>&#8211; Mitte September\/Oktober\/November w\u00fcrde ich fahren, wenn ich z.B. im Oktober in DE noch einige Museumstrams mitnehmen m\u00f6chte bzw. ab Oktober\/November dann gem\u00fctlich nach Skandinavien rauffahren m\u00f6chte, dann w\u00fcrd ich n\u00e4chsten Sommer wieder direkt ins UK fahren und erst nach 12-14 Monaten wieder daheim sein. Im Anschluss dann mal wieder ein Winter in den Alpen und\/oder S\u00fcdosteuropa<\/p>\n<p>&#8211; Oder ich bleib den Winteranfang in den Alpen und hoffe auf mehr Schnee in Italien und w\u00fcrde dann ggf. fr\u00fchestens Anfang\/Mitte Dezember (falls kein Schnee in Sicht) oder erst im Jan\/Feb wieder nach Skandinavien rauf. Das w\u00e4r dann die Maximalvariante und w\u00fcrde bedeuten, dass ich jetzt ein halbes Jahr lang daheim w\u00e4re. Eigentlich zu lang &#8211; da h\u00e4tte ich mal irgendein Verbrechen begehen k\u00f6nnen, um ein halbes Jahr Hausarrest zu bekommen&#8230; ;)<\/p>\n<p>Die 2. Variante scheint mir momentan am wahrscheinlichsten, auch wenn dann die gro\u00dfe Frage sein wird, wo ich die Skisaison mit welcher Saisonkarte er\u00f6ffnen w\u00fcrde. Wieder gleich bis in den Norden Finnlands zu fahren, hab ich eher wenig Lust<\/p>\n<p>Eine Sache, die ich mal wieder gar nicht bedacht hatte, was meine Wohnung angeht: Ich kann ja \u00fcber dem Bett weder die Zierleisten in den Ecken noch eine Deckenrosette noch sonst irgendwelche Deckenverzierungen machen!?! Weil ich da einfach nicht raufkomme, wenn ich auf dem Bett stehe und die Leiter o.\u00e4. kann ich da schlecht draufstellen und verschieben geht absolut nicht, viel zu schwer mit dem Unterbau!  Da m\u00fcsste ich gr\u00f6\u00dfer sein. Oder vielleicht ein Berg voller W\u00e4sche und Schaumstoffe aufs Bett schmei\u00dfen? Tresor? B\u00fccher? Tja.. ich werde berichten, ob und wie mir das gelingt.<\/p>\n<p>Als ich abends as usual Prime Video schauen wollte &#8211; geht nicht mehr. Ist es nun also endlich soweit, dass mich Amazon die alte Version nicht mehr nutzen l\u00e4sst und mich zu einem zwangsweisen Update verdonnert. Selbst im Flugzeugmodus kann ich keine runtergeladenen Videos mehr anschauen. Nach einem Handyneustart l\u00e4sst sich die App nun nicht mal mehr starten. Verfickte Arschl\u00f6cher. Werd ich Amazon Prime wohl nun endg\u00fcltig k\u00fcndigen m\u00fcssen? <\/p>\n<p>Was f\u00fcr ein M\u00fcll die neue Version. Passten vorher z.B. mehrere Folgen einer Serie auf den Bildschirm zum Runterladen, passt jetzt mit M\u00fch und Not gerade noch eine Folge. Man hat also mal wieder gar keine \u00dcbersicht mehr. Immerhin ist die Downloadgr\u00f6\u00dfe nun wieder gleich klein, glaub die war bei einer der vorherigen neuen Versionen mal gr\u00f6\u00dfer. <\/p>\n<p>Und HDMI-via-USB-Output bei den downgeloadeten Videos geht auch wieder. Das war doch auch eins der Hauptgr\u00fcnde, warum ich wieder auf die alte Version zur\u00fcckgegangen bin damals, oder?! So lang nun keine Werbung kommt beim Abspielen &#8230; werd ich wohl doch noch nicht k\u00fcndigen.<\/p>\n<p>Die Heizdecke im Bett wird abends aber doch eingeschaltet. <\/p>\n<p><strong>Mi, 4.6.2025<\/strong><\/p>\n<p>Tja, h\u00e4tt ich vielleicht doch noch M\u00f6lltal bleiben sollen? Heut um 11 Uhr mal Mischung aus dichten Wolken und blauem Himmel und laut Homepage mal (noch) nicht wg. Wind geschlossen. <\/p>\n<p>Die Mittelstationsabfahrt ist an einer Stelle nun fast schon in ganzer Breite aper. <\/p>\n<p>Auf der Koralpe sehr sonnig.<\/p>\n<p>Oh wie bescheuert&#8230; gestern im Bauhaus hatte ich die eine Deckenrosette nochmals ausgetauscht, weil mir was nicht daran gepasst hatte, also Verpackung war aufgeschnitten oder so, also hing ich sie hin und holte mir eine andere &#8211; aber leider nicht diese gleiche sondern die gleiche, die ich schon hatte, also hab ich jetzt leider nicht 2 verschiedene Rosetten, sondern 2x das selbe Modell :( So war das nicht gedacht.<\/p>\n<p>Wobei die eh zu klein ist, wenn ich bei meiner Laterne als Hauptlampe bleibe. Zumal die eigentlich eh auch so eine sch\u00f6ne Metall-Rosette hat, die ich behalten m\u00f6chte. Naja, f\u00fcr die Hauptlampenrosette h\u00e4tte ich sowieso gedacht, da Elemente auszudrucken. Ma schaun.<\/p>\n<p>Die Lampe \u00fcbern Bett ist dagegen unpassend f\u00fcr meine geplante Deckengestaltung.<\/p>\n<p><a href='http:\/\/extra.inmontanis.info\/d\/131191-2\/DSC04886.jpg'><img src=http:\/\/extra.inmontanis.info\/d\/131190-3\/DSC04886.jpg \/><\/a><br \/>\n^ Meine derzeitige Hauptlampe (war fr\u00fcher mal mit Glas im Flur, hatte ich zuletzt etwas shabby-style-m\u00e4\u00dfig mit Goldlack verziert. Die Deckenrosette ist auch ganz nett und wird f\u00fcr meine zuk\u00fcnftige Rosettenverzierung gut passen, der  Laternen-Look passt zwar nicht unbedingt ins Haus, aber der Nostalgie-Look dann doch.)<\/p>\n<p><a href='http:\/\/extra.inmontanis.info\/d\/131195-2\/DSC04888.jpg'><img src=http:\/\/extra.inmontanis.info\/d\/131194-3\/DSC04888.jpg \/><\/a><br \/>\n^ Die Lampe \u00fcbern Bett, die ich mir mal bei Amazon gekauft hab, wird dagegen nicht mehr zur geplanten Deckenverzierung passen.<\/p>\n<p><a href='http:\/\/extra.inmontanis.info\/d\/131199-2\/DSC04885.jpg'><img src=http:\/\/extra.inmontanis.info\/d\/131198-3\/DSC04885.jpg \/><\/a><br \/>\n^ Die kleine orientalische Lampe im Flur wird zur Deckenverzierung passen, aber ist eh so dunkel, dass sie als Beleuchtung nicht wirklich tauglich ist. Aber wo sollte ich sie sonst hinh\u00e4ngen &#8230; vielleicht ohne Beleuchtung <\/p>\n<p><a href='http:\/\/extra.inmontanis.info\/d\/131203-2\/DSC04904a.jpg'><img src=http:\/\/extra.inmontanis.info\/d\/131202-3\/DSC04904a.jpg \/><\/a><br \/>\n^ Testweise einige Deckenverzierungen schnell skizziert. Den Feuermelder k\u00f6nnte man ja etwas in die Zimmermitte versetzen, wenn er dort besser passen w\u00fcrde.<\/p>\n<p>Diese Lampe auf Amazon k\u00f6nnte mir gefallen, vielleicht sogar als Hauptlampe statt der Laterne, hab ich in den n\u00e4chsten Tagen noch bestellt:<br \/>\n<a href='https:\/\/www.amazon.de\/Industrielle-Pendelleuchte-H%C3%A4ngeleuchte-Deckenleuchte-Pendelleuchten\/dp\/B08F3LF6WZ'>https:\/\/www.amazon.de\/Industrielle-Pendelleuchte-H%C3%A4ngeleuchte-Deckenleuchte-Pendelleuchten\/dp\/B08F3LF6WZ<\/a><\/p>\n<p>Was ich auch gern bestellt h\u00e4tte, w\u00e4re ein Satz Lesebrillen unterschiedlicher St\u00e4rke. Find ich aber nicht. Ich h\u00e4tte gerne mal 0,5er und 0,75er probiert, insb. ob die mir beim Arbeiten im Auto reichen w\u00fcrden. Die bekommt man anderswo selten, aber bei Amazon dann eher auch nur im Multipack g\u00fcnstig genug, also 6 St\u00fcck f\u00fcr 10 \u20ac oder so. Im Action gibts laut Website Lesebrillen um 0,95 \u20ac, aber eben nur ab St\u00e4rke 1,0. Da werd ich auch mal welche mitnehmen um an mehreren Stellen welchen liegen zu haben. <\/p>\n<p>Am PC nehm ich nach wie vor keine, weil ich die nicht zu oft aufsetzen m\u00f6chte, weil wenn ich sie absetze, seh ich einige Zeit lang noch schlechter ohne Brille. Aber es wird schon langsam  schwierig auf dem kleinen Bildschirm unterwegs und am Handy. Daher vielleicht an eine 0,5er oder 0,75er gedacht&#8230;<\/p>\n<p>Am fr\u00fchen Nachmittag schon fast 25\u00b0 laut Au\u00dfenthermometer, innen zwar noch nur 16,3\u00b0, aber da lass ich das Fenster lieber zu, zieh mir einen Pulli an und frier lieber etwas und konserviere die K\u00e4lte noch ein wenig. Au\u00dfer die Fu\u00dfheizung, die muss hin und wieder sein.<\/p>\n<p>Um 16 Uhr zeigte die Mittelstationsabfahrt am M\u00f6lltaler laut Webcam schon gr\u00f6\u00dfere Aufl\u00f6sungserscheinungen. Obwohl auf der Homepage kein Hinweis zu einer Betriebseinstellung stand, wurde die 6KSB zwischen 13:00 und 13:30 eingaragiert. Generell nun fr\u00fcher Betriebsschluss oder keiner mehr da?!<\/p>\n<p><strong>Do, 5.6.2025<\/strong><\/p>\n<p>Heut war ja am M\u00f6lltaler etwas regnerischer gemeldet, aber ab 10:30 Uhr wurde lt. Homepage wg. Sturm geschlossen gemeldet.<\/p>\n<p>Wollte heute evtl. meine R\u00e4der umstecken, so lang keiner da ist, aber die Wolken wurden immer dunkler, mal meldete Bergfex etwas Regen, dann wieder nicht mehr, dann wieder doch &#8230;  weder will ich dabei nass werden, aber auch nicht tagelang danach das Problem mit nassen Reifen haben = bl\u00f6d f\u00fcr&#8217;n Keller. Und da die letzte Fahrt mit dem Treppensteiger ja wieder nach oben geht, k\u00f6nnt ich da auch noch was mitnehmen, also m\u00f6cht ich nicht all zu lang warten.<\/p>\n<p>Somit wieder nur 1x runter zum Auto und mit 2 vollen T\u00fcten und den Zierleisten wieder rauf.<\/p>\n<p>Die bei Biltema gekauften, flauschigen Hausschuhe sind relativ kurz f\u00fcr Gr\u00f6\u00dfe 41 und haben hinten keine Kante, weshalb man also leicht rausrutschen kann.<\/p>\n<p>Um 14 Uhr kam nochmals etwas Sonne und Bergfex hat die Schauer- und Gewittergefahr nun von 12-15 Uhr auf 14-17 Uhr verschoben. Boah. Diese Wettervorhersagenproblematik nervt mich auch daheim, wenn ich ein von zweimal w\u00e4hrend der ganzen daheim zu bleibenden Monate mal trockenes Wetter brauch.<\/p>\n<p>Klar, im Zweifelsfall meldet Bergfex den Regen f\u00fcr die Talstation, der Gipfel dort ist ja viel n\u00e4her als ich es bin, kann bei mir also sowieso trocken bleiben.<\/p>\n<p>Tja, es w\u00e4r trocken geblieben.<\/p>\n<p>Wusstet ihr, dass die k\u00e4lteste jemals in \u00d6sterreich gemessene Temperatur (lt. Wikipedia) -52.6\u00b0C ist, was unter der z.B. von Norwegen (-51,4\u00b0) und Finnland (-51,5\u00b0) ist? (Schweden ist mit -53,0\u00b0 drunter, Deutschland mit -45,9\u00b0 knapp dr\u00fcber.)<\/p>\n<p>Derweil versuchte ich mich an der Geometrie meiner Decke. Die Lampen liegen nicht in einer Linie. Kann ich die Hauptrosette \u00fcber die Hauptlampe so machen, dass eine der Strahlen in eine oder mehrere Ecken zeigen \/ gehen w\u00fcrde und gleichzeitig noch mindestens eine der andere Lampe in passendem Winkel erreichen? Sollte ich die Hauptrosette gar ohne Lampe weiter mittig positionieren? Aber wie sollte man dann die Lampen sinnvoll integrieren?!<\/p>\n<p>Soll ich mir das jetzt ernsthaft antun, die ganze Decke abzumessen und genau einzuzeichnen wo die Lampen sind?<\/p>\n<p>Ne, also zentrale Rosette bleibt bei der Hauptlampe und die Hauptlinie geht in die Ecke rechts und dann mal schaun, ob sich in den passenden Winkeln noch zuf\u00e4llig eine andere Ecke oder Lampe befindet, ansonsten auch egal oder einfach keine Linie bis dort hin.<\/p>\n<p><a href='http:\/\/extra.inmontanis.info\/d\/131207-2\/DSC04906.jpg'><img src=http:\/\/extra.inmontanis.info\/d\/131206-3\/DSC04906.jpg \/><\/a><br \/>\n^ Styropor-&#8220;Stuck&#8221; aus dem Baumarkt, testweise mal die oberen 2 Zierleisten mitgenommen und die untere Rosette 2x; f\u00fcr die Hauptrosette an der Hauptlampe ist mir die nat\u00fcrlich zu winzig ;)<\/p>\n<p><a href='http:\/\/extra.inmontanis.info\/d\/131211-2\/DSC04909.jpg'><img src=http:\/\/extra.inmontanis.info\/d\/131210-3\/DSC04909.jpg \/><\/a><br \/>\n^ Mal getestet, also beide Leisten schauen auf der gr\u00fcnen Wand selbst in wei\u00df schon sehr geil aus. Kommen nat\u00fcrlich ganz rauf.  Aber welche von beiden ich nun als Hauptleiste verwende? Die andere dann evtl. in den Flur<\/p>\n<p>Ich machte mich mal daran, die Bemalung der Rosette am PC auszuprobieren. Wie \u00fcblich gefielen mir mehrere Varianten und die Auswahl f\u00fcr 2 wird mir schwer fallen.<\/p>\n<p>Sp\u00e4ter hab ich noch angefangen, Kreise um die Rosette zu probieren, also die w\u00fcrd ich dann per Hand auf die Decke malen, damit die Rosette gr\u00f6\u00dfer wird, weil sie ja so klein ist. Und es gab dadurch noch mehr interessant aussehende M\u00f6glichkeiten&#8230;<\/p>\n<p>Die vielleicht schwierigste Entscheidung: 1x blau und 1x rot oder 1-2x blau+rot gemischt? <\/p>\n<p><a href='http:\/\/extra.inmontanis.info\/d\/131215-2\/DSC04889-rosette-sum1.jpg'><img src=http:\/\/extra.inmontanis.info\/d\/131214-3\/DSC04889-rosette-sum1.jpg \/><\/a><br \/>\n^ Hab im Bildbearbeitungsprogramm mal diverse Farbvarianten f\u00fcr die Rosette ausprobiert mit den Farben Gold, Rot und Blau (und ganz wenig Gr\u00fcn) &#8211; das waren nicht alle Varianten..<\/p>\n<p><a href='http:\/\/extra.inmontanis.info\/d\/131219-2\/DSC04889-rosette2i.jpg'><img src=http:\/\/extra.inmontanis.info\/d\/131218-3\/DSC04889-rosette2i.jpg \/><\/a><br \/>\n^ Stellvertretend mal diese hier in Gro\u00df, aber ich hab noch keinen wirklichen Favoriten<\/p>\n<p><img src=http:\/\/extra.inmontanis.info\/d\/131222-2\/DSC04889-rosette-sum2.jpg \/><br \/>\n^ Hier Varianten mit Deckenbemalung um die Rosette herum; im roten Ring w\u00e4ren lauter kleine, goldene P\u00fcnktchen<\/p>\n<p><img src=http:\/\/extra.inmontanis.info\/d\/131225-3\/DSC04889-rosette-sum3.jpg \/><br \/>\n^ Weitere Bemalungsideen um die Styropor-Rosette herum. Ob ich allerdings so einen Stern oder so ein sinusf\u00f6rmiges Band halbwegs sch\u00f6n malen k\u00f6nnte, bezweifle ich ja schon<\/p>\n<p><a href='http:\/\/extra.inmontanis.info\/d\/131229-3\/DSC04889-rosette6a.jpg'><img src=http:\/\/extra.inmontanis.info\/d\/131228-4\/DSC04889-rosette6a.jpg \/><\/a><br \/>\n^ Stellvertretend mal diese hier in Gro\u00df, aber ich hab noch keinen wirklichen Favoriten<\/p>\n<p>Kreise auf die Decke zu malen stell ich mir gar nicht mal sooo schwer vor, Schnur um den Pinsel, anderes Ende an den Haken der Lampe und dann Schnur straff ziehen und Pinsel m\u00f6glichst gerade halten, k\u00f6nnte ja funktionieren, bei dickeren vielleicht einfacher als bei schmalen Kreisen?!<\/p>\n<p>Schwieriger werden vmtl. die goldenen Punkte innerhalb so eines roten Kreises, da sie ja einen m\u00f6glichst gleichen Abstand haben sollten. Wobei das dank des eingeh\u00e4ngten Fadens vielleicht sogar noch einfacher ist, als so eine Rot-Goldpunkt-Linie am Rand der Decke eckig zu ziehen. Bzw. die Linie kann man ja noch mittels Kreppband gerader hinbekommen, aber dann in der Mitte und mit identem Abstand die goldenen Punkte \/ Striche&#8230; <\/p>\n<p>Wo ich wohl auch \u00fcberfordert w\u00e4re, w\u00e4re eine sinusf\u00f6rmige Linie zu malen (beispiel rechts unten), insb. dann als Kreis bei der Rosette &#8211; geschweige denn noch k\u00fcnstlerische Striche oder Figuren &#8211; da bin ich zu unbegabt.<\/p>\n<p><strong>Fr, 6.6.2025<\/strong><\/p>\n<p>Heut Vormittag schon sehr bedeckt+vernebelt am M\u00f6lltaler und die Mittelstationsabfahrt hat nun bereits gr\u00f6\u00dfere apere Stellen. Werd ich wohl nix verpasst haben. Nochmals schade, dass sie die DSB nicht in Betrieb gelassen haben. Das h\u00e4tte schon viel ver\u00e4ndert, da w\u00e4re ich dort geblieben. Allerdings w\u00e4r da mittlerweile unten auch schon etwas Schneeverschieben n\u00f6tig gewesen.<\/p>\n<p>Falls ich nicht noch irgendein Mattenskigebiet im Sommer mal besuchen sollte, wird damit die Saison 2024\/25 beendet sein. Zusammenfassung, Statistik usw. gibts wie \u00fcblich mit Ende September; die Statistik-Seite selbst werd ich wohl vorher mal aktualisieren, korrigieren und mit neuen Statistiken erg\u00e4nzen. Werd viel zu tun haben, die n\u00e4chsten Wochen.<\/p>\n<p>Heute also Reifenwechsel.<\/p>\n<p>In der Wohnung noch 16,5\u00b0 (im Bad etwas \u00fcber 17\u00b0, da heizt der Gefrierschrank), also Langarmshirt und Fleecej\u00e4ckchen, drau\u00dfen dagegn um\/\u00fcber 20\u00b0 und somit kurzarm.<\/p>\n<p>Mit allem drum und dran war ich in ca. 1,5h fertig, zuletzt nahm ich mit dem Treppensteiger wieder mein Portapotti-WC und 2 gef\u00fcllte Plastikboxen mit nach oben. 2-4x werd ich noch Treppensteigesport betreiben k\u00f6nnen, bis ich alles oben hab, was ich oben haben m\u00f6chte. Und dann gehts mal wieder ans reinigen.<\/p>\n<p>Wie erwartet steckten in fast allen Spikel\u00f6cher nun kleine Steinchen drin &#8211; aber die wenigsten schauen raus und w\u00fcrden somit die Funktion erf\u00fcllen. <\/p>\n<p>Ich hatte im November pro Reifen 3 Spikes drinnen gelassen, in der Hoffnung, die w\u00fcrden mir zur Not bei Glatteis was bringen und nirgends auffallen. War mir allerdings nicht sicher, ob ich die nicht doch unterwegs etwas geh\u00f6rt hatte und somit hab ich die 4&#215;3=12 Spikes  noch schnell entfernt. Die Schraubenziehermethode geht ja fix.<\/p>\n<p>Laut meinem Beitrag im November hatten die Reifen ein Profil von 5-6 bzw. 6-7mm. Da ich die mit dem h\u00f6heren Profil vorne montiert hatte, sind sie nun alle relativ gleich und liegen je nach Messpunkt um die 4,7-5,5mm, gefahren bin ich um die 16-17.000 km. <\/p>\n<p>D.h. wenn ich im Winter nach Skandinavien und n\u00e4chsten Sommer ins UK fahre, was ja vmtl. eher 20-30.000km werden, sollten sie hoffentlich knapp reichen (bzw. je nachdem, wie schnell sie sich im Sommer abfahren), evtl. sollte ich unterwegs hinten\/vorne aber mal wechseln lassen.<\/p>\n<p>Das Problem ist eher, dass sie ja keine TPMS-Sensoren drin haben, weshalb ich sie ja jetzt auch wechseln musste f\u00fcr die \u00a757a-\u00dcberpr\u00fcfung. Und wenn ich dann n\u00e4chsten Sommer &#8211; wie letztes Jahr &#8211; erst im Oktober zur\u00fcck in \u00d6sterreich w\u00e4re, was der sp\u00e4teste Zeitpunkt f\u00fcr die \u00dcberpr\u00fcfung w\u00e4re, h\u00e4tte ich in Tirol folglich keine Sensoren im Rad und m\u00fcsste also bereits Ende Oktober wieder daheim sein. <\/p>\n<p>Zudem werd ich dann n\u00e4chsten Winter neue Reifen brauchen, die aber auf den Felgen mit TPMS sollten.<\/p>\n<p>D.h. entweder ich lass mir jetzt die TPMS-Sensoren bei den anderen R\u00e4dern ausbauen, nehm die mit und hab sie dabei, falls ich unterwegs bzw. sp\u00e4testens in Tirol n\u00e4chstes Jahr neue Reifen kaufe und aufziehen lasse, oder ich lass mir vor Abfahrt diese Ex-Spikereifen auf die TPMS-Felgen ummontieren. Dann h\u00e4tte ich mir wohl das Umstecken auf die Sommerr\u00e4der heut sparen k\u00f6nnen bzw. h\u00e4tte besser gleich die anderen Winterr\u00e4der drauf, die profiltechnisch diesen Sommer auch noch locker gereicht h\u00e4tten.<\/p>\n<p>Somit mal eine EMail an den \u00d6AMTC geschickt, was die verschiedenen Varianten  jeweils  kosten w\u00fcrden, so sie das machen.<\/p>\n<p>Ganz ungewohnt um 14:35 heute Kirchenglocken. An der Stra\u00dfe ist ja so eine kleine Kirche, aber die ist vmtl. nur ganz selten in Betrieb und zum Gl\u00fcck sind auch die Glocken normalerweise nicht in Verwendung, aber wohl weil Pfingstwochenende.<\/p>\n<p>Amazon ist wieder einmal unglaublich. Vorgestern hab ich was bestellt und im Kaufprozess extra die Option gew\u00e4hlt &#8220;1 Packet, weniger Fahrten&#8221;. Was ist? Sie haben trotzdem wieder 3 Pakete auf Reisen geschickt. Wozu gibts die Option dann \u00fcberhaupt?!<\/p>\n<p>Da mich die Post-Website beim Pakettracken und L\u00f6schen meiner Abwesenheitsinfo gerade so derma\u00dfen aufgeregt hat, hab ich via Kontaktformular folgendes hinterlassen:<\/p>\n<blockquote><p>\nEs ist ja sch\u00f6n, dass man die Sprache auf eurer Website wenigstens auf Englisch stellen kann, damit man DIESES SCHEISS GENDERN auf eurer deutschen Website nicht mehr hat, aber NOCH sch\u00f6ner w\u00e4rs, ihr w\u00fcrdet meinetwegen eine dritte Sprache einf\u00fchren &#8220;DE-NG&#8221; f\u00fcr Nicht-Gegendert.<br \/>\nEs gibt auch im Deutschen das generische Maskulin und es g\u00e4be somit absolut KEINE VERF**** NOTWENDIGKEIT F\u00dcR DIESES SCHEISS GENDERN!!!!!!!!!!!!!!!!!!!!!!!!!!!!!!!!!!!!!!!!!!!!!!!!!!!!!!!!! Das macht mich SO wahnsinnig \u00fcberall. Zeitschriften kann man nicht mehr lesen und landen bei mir beim ersten Gender-Stern oder -Doppelpunkt mittlerweile gleich im M\u00fcll.\n<\/p><\/blockquote>\n<p>Regt mich alles auf sowas. Gendern, angewachsene Getr\u00e4nkeverschl\u00fcsse, die man immer abrei\u00dfen muss, G\u00e4ngelung hier, Bullshitvorschrift da. Falls ich mich medienwirksam als Protest demonstrativ f\u00fcr diesen Schei\u00df erschie\u00dfen lassen soll, sagt mir wann und wo. Je gr\u00f6\u00dfer so eine Gruppe erschie\u00dfungswilliger Personen w\u00e4re, desto medienwirksamer k\u00f6nnte das sein.<\/p>\n<p>(F\u00fcr meinen Palemoon-Browser hab ich zuletzt noch kein Anti-Gender-Plugin gesehen, f\u00fcr Firefox hatte ich ja mal eins installiert, werd ich wohl nochmals suchen m\u00fcssen.)<\/p>\n<p>Die Essenswahl  ist momentan auch schwierig, nicht wegen der zu gro\u00dfen Auswahl, sondern weil vieles bedingen w\u00fcrde, dass ich entweder was einfrieren m\u00fcsste oder zus\u00e4tzlich in den K\u00fchlschrank tun m\u00fcsste und  beides ist ziemlich komplett voll. Gestern Kechtup und BBQ-Sauce und Milch noch in den K\u00fchlschrank tun m\u00fcssen, heute Getr\u00e4nkesirup &#8230; Mit Cordon Bleu und Pommes gestern und jeden Tag einer Semmel wird die TK nat\u00fcrlich bald etwas freier, aber will ich ja auch nicht alles jetzt schon aufessen.<\/p>\n<p>Mit einer Dose Erbseneintopf, die nur noch bis Juli haltbar ist, oder einer Packung Fertigbratkartoffeln bekomm ich zwar weder was aus dem K\u00fchl- noch Gefrierschrank, aber danach ist wieder Schnitzel+Pommes f\u00e4llig.<\/p>\n<p>Heute kamen am PC die Eckenleisten dran. Bei der schmalen Leiste fand ich sehr viele Ideen interessant, mit Gold, Rot, Blau und Gr\u00fcn, sogar die ganze Leiste in Gr\u00fcn zu streichen und nur einige hervorgehobene Teile in Gold zu machen f\u00e4nd ich interessant. Das w\u00fcrde dann quasi wie schweben. <\/p>\n<p><a href='http:\/\/extra.inmontanis.info\/d\/131233-3\/DSC04907-Leiste1-sum.jpg'><img src=http:\/\/extra.inmontanis.info\/d\/131232-4\/DSC04907-Leiste1-sum.jpg \/><\/a><br \/>\n^ Testweise zur Vereinfachung bei dieser Leiste nur die Formen in der Mitte eingef\u00e4rbt (wird nat\u00fcrlich komplett gef\u00e4rbt)<\/p>\n<p><a href='http:\/\/extra.inmontanis.info\/d\/131237-3\/DSC04907-Leiste1-1a.jpg'><img src=http:\/\/extra.inmontanis.info\/d\/131236-4\/DSC04907-Leiste1-1a.jpg \/><\/a><br \/>\n^ S\u00e4he sicher auch in Wei\u00df in den gr\u00fcnen Ecken schon toll aus<\/p>\n<p><a href='http:\/\/extra.inmontanis.info\/d\/131241-3\/DSC04907-Leiste1-3o.jpg'><img src=http:\/\/extra.inmontanis.info\/d\/131240-4\/DSC04907-Leiste1-3o.jpg \/><\/a><br \/>\n^ .. aber in Gr\u00fcn mit Gold gef\u00e4llts mir besser<\/p>\n<p>Wie bei der Rosette werd ich da einige meiner Favoriten noch in die echten Bilder reinprojezieren m\u00fcssen und kann mich dann hoffentlich entscheiden.<\/p>\n<p>Wobei es vielleicht auch drauf ank\u00e4me, wie die Goldfarbe, die ich mir gekauft hab, dann tats\u00e4chlich ausschaut.<\/p>\n<p>Bei der breiten Leiste (die nat\u00fcrlich auch teurer ist) gef\u00e4llt mir eine reine Goldverzierung tats\u00e4chlich besser und da k\u00f6nnte ich mich auch bereits f\u00fcr eine entschieden haben. Ob ich mich nun haupts\u00e4chlich f\u00fcr die gro\u00dfe und teurere oder die kleinere g\u00fcnstigere entscheiden werde, wei\u00df ich nat\u00fcrlich noch nicht, eigentlich wollt ich ja eher die kleine. Aber die gro\u00dfe hat schon auch was&#8230;<\/p>\n<p><a href='http:\/\/extra.inmontanis.info\/d\/131245-3\/DSC04907-Leiste2-sum.jpg'><img src=http:\/\/extra.inmontanis.info\/d\/131244-4\/DSC04907-Leiste2-sum.jpg \/><\/a><br \/>\n^ Und noch einige Testeinf\u00e4rbungen mit der gro\u00dfen Leiste<\/p>\n<p><a href='http:\/\/extra.inmontanis.info\/d\/131249-3\/DSC04907-Leiste2-p7.jpg'><img src=http:\/\/extra.inmontanis.info\/d\/131248-4\/DSC04907-Leiste2-p7.jpg \/><\/a><br \/>\n^ Eine meiner bisherigen Favoriten-Varianten, hoffentlich gelingt mir das Malen dieser &#8220;Sockelleisten&#8221; in echt auch so sch\u00f6n wie am PC<\/p>\n<p>Auch interessant, nach den vergangenen, viel l\u00e4ngeren Reisen hatte ich keine bis fast keine Spinnweben nach der R\u00fcckkehr, aber diesmal hatte ich mehr und an einer Stelle sogar sehr dicht. Spinnen sieht man auf der gr\u00fcnen Wand nat\u00fcrlich kaum noch.<\/p>\n<p><strong>Sa, 7.6.2025<\/strong><\/p>\n<p>\u00dcberraschenderweise kamen heute schon 2 der 3 Amazon-Sendungen. Also nicht nur hatte es mich verwundert, dass Samstag zugestellt wurde (bisher kam noch nie am Samstag eine Sendung bei mr an und unter der Woche normalerweise erst am Nachmittag und nicht schon um 9 Uhr), sondern gestern stand auf der Post-Tracking-Seite ja noch &#8220;Auftragsdaten \u00fcbermittelt&#8221; und ab da dauerts normalerweise eher 2 Tage bis zu mir.<\/p>\n<p>Bleibt nur die Frage, was nun mit der 3. Sendung ist, denn die steht mittlerweile auf der Post-Seite ebenfalls, dass sie heute kommen soll. Au\u00dfer vielleicht weil diese gr\u00f6\u00dfer ist und vielleicht samstags nur die kleinen, brieff\u00f6rmigen Sachen zugestellt werden?! Leider vergessen, die junge Postlerin danach zufragen.<\/p>\n<p>Somit k\u00f6nnte ich die n\u00e4chsten Tage auch mal das Kleben meiner Ski probieren. Auch wenn man bei den Kanten der Head ja davon ausgehen m\u00fcsste, dass sich die anderen Seiten auch noch l\u00f6sen, also diese \u00dcbung auf der einen Seite, so es mir \u00fcberhaupt gelingt, nicht f\u00fcr n\u00e4chste Saison reichen wird.<\/p>\n<p>Seitdem man hier an der Koralpe oben an den Liften f\u00fcrs Parken bezahlen muss (obwohl kein Bus rauff\u00e4hrt), hab ich schon gar keine Lust mehr, da mal raufzufahren f\u00fcr ein bisschen Wandern (nicht, dass es mir im Sommer nicht eh viel zu warm dazu w\u00e4re). Im Winter (10 \u20ac) bekomt man das Geld ja mit der Liftkarte retour, im Sommer (5 \u20ac) schaut die Sache schwieriger aus. 1-2 Restaurants k\u00f6nnten ja auch im Sommer offen sein, auch wenn man im Netz kaum \u00d6ffnungszeiten oder Preise findet. Die bieten vermutlich immerhin gratis parken.<\/p>\n<p>Ansonsten darf man laut Website wohl auch 60 Minuten mit Parkuhr gratis parken, also f\u00fcr einen kleinen Rundgang k\u00f6nnte ich dann doch mal rauffahren (und, falls B\u00e4cker offen, frische Semmeln o.\u00e4. mitnehmen).<\/p>\n<p>Skibetrieb wurde \u00fcbrigens schon Mitte M\u00e4rz heuer eingestellt, man gab aber nicht &#8220;Schneemangel&#8221; an, sondern:  &#8220;Aufgrund der Wetterlage und zu hohen Kosten&#8221;<\/p>\n<p>60 Jahre Liftbetrieb auf der Koralpe, eine Verbindung zur Weinebene &#8220;war angedacht&#8221;, tja, schade, dass es die Verbindung nicht gibt, aber dann w\u00e4ren beide Skigebiete sicherlich auch besser ausgebaut (und meine Wohnung vermutlich teurer gewesen)<br \/>\n<a href='https:\/\/www.kleinezeitung.at\/kaernten\/lavanttal\/19380449a\/liftbetrieb-der-koralpe-blickt-auf-60-bewegte-jahre-zurueck'>https:\/\/www.kleinezeitung.at\/kaernten\/lavanttal\/19380449a\/liftbetrieb-der-koralpe-blickt-auf-60-bewegte-jahre-zurueck<\/a><\/p>\n<p>Wetter am M\u00f6lltaler war auch mal wieder gar nicht so sonnig, wie es vor einer Woche bzw. einigen Tagen vorhergesagt wurde, sondern neblig und bedeckt! Ne, da hab ich wohl echt nix verpasst. Die Mittelstationsabfahrt hat mittlerweile 2 gr\u00f6\u00dfere schneefreie Bereiche (darunter eines im steilen St\u00fcck vor der Engstelle); einige wenige Abfahrtsspuren waren auf der Webcam aber zusehen. Also ja, Sulzbuckel gabs keine mehr, aber daf\u00fcr ein l\u00e4ngeres St\u00fcck \u00fcber Steine oder Wiese gehen m\u00fcssen.<\/p>\n<p>Wie schon fast der ganzen Winter, war auch der Mai eine herbe Entt\u00e4uschung.<\/p>\n<p>Mal spasseshalber auf Gmaps geschaut, wo die n\u00e4hesten Grenz\u00fcberg\u00e4nge von mir aus w\u00e4ren, also mit dem Auto:<\/p>\n<p>Slowenien ca. 40km (da war ich ja letztes oder vorletztes Jahr)<br \/>\nItalien ca. 130km<br \/>\nUngarn ca. 160km  &#8211; h\u00e4tte gedacht, dass das n\u00e4her w\u00e4re als Italien. <\/p>\n<p>Luftlinie ist das auch tats\u00e4chlich so: Ungarn 91km, Italien 98km. Und: Kroatien 90km<\/p>\n<p>Wow, sogar Kroatien w\u00e4r noch n\u00e4her von mir aus als Italien: ca. 125km mit dem Auto.  (184km zum Skigebiet von Zagreb, das ist n\u00e4her als der M\u00f6lltaler Gletscher! Puh, das war schon 2013, wo ich dort war&#8230; )<\/p>\n<p>Vielleicht sollte ich da doch mal eine kleine Rundfahrt machen &#8211; wenn auch nicht gerade im hei\u00dfesten Sommer&#8230; einkaufstechnisch gefiel mir Slowenien letztes Mal ja nicht besonders; an Ungarn und Kroatien kann ich mich gar nicht erinnern, da bei meinen bisherigen Reisen sonderlich eingekauft zu haben &#8230;<\/p>\n<p>275km w\u00e4ren es mit dem Auto bis nach Bosnien. Auch noch wesentlich n\u00e4her als Tirol von mir aus und somit ebenfalls noch eine M\u00f6glichkeit f\u00fcr eine mehrt\u00e4gige Rundreise.<br \/>\nca. 300km bis in die Tschechei (da hab ich ja jetzt noch genug Naschsachen)<br \/>\nca. 270km bis Wien<br \/>\nca. 335km bis in die Slowakei <\/p>\n<p>Die gro\u00dfen Mattenskigebiete in Ungarn und Serbien, so es sie noch gibt, sind aber 700-900km entfernt, darauf werd ich wohl keine Lust haben.<\/p>\n<p>Hab ich glaub ich gar nicht mitgekriegt, Skistar hat vor wenigen Jahren in ihrem kleinen Skigebiet in Stockholm eine 470m lange Neveplast-Mattenskipiste installiert, geht \u00fcber den ganzen Berg von der Bergstation zur Talstation! <\/p>\n<p>\u00d6ffnungszeiten sind f\u00fcr mich aber untauglich, heute 7.6. bis lediglich 17.8., d.h. im Herbst Oktober\/November leider nicht? Aber vielleicht haben sie ja doch noch eine Herbstsaison, zumindest steht auf der englischen Homepage &#8220;Now you have the opportunity to ski during both summer and autumn&#8221;?! Falls sie die Matten nicht entfernen bzw. dann mit der Schneeproduktion beginnen &#8230; <\/p>\n<p>Tageskarte w\u00fcrde dieses WE nur ca. 280-290 SEK kosten, 3h 200-210 SEK. Also unter 20 \u20ac, wesentlich g\u00fcnstiger als in Kopenhagen. Plus ggf. Parkplatzkosten, falls die hier nur kostenpflichtige haben sollten.  Sollte ich, wenn es im Herbst nicht klappt, n\u00e4chstes Fr\u00fchjahr mal aufpassen, falls sie etwas fr\u00fcher \u00f6ffnen oder ich so lange in Schweden bleiben sollte.<\/p>\n<p>(Sp\u00e4tnachmitt\u00e4gliches) Abendessen heute, fertige Bratkartoffel mit Speck und Zwiebel, plus K\u00fcmmel, Ei und K\u00e4se. Au\u00dferdem war ich neugierig, wie das Ploughman&#8217;s Chutney schmeckt und wozu das passt, also hab ich das mal aufgemacht. Lt. Internt eher zu kalten Platten \/ K\u00e4se. Inhalt: Karotten, \u00c4pfel, Zucker, Zwiebel, Essig, Malzessig, Steckr\u00fcbe, Blumenkohl, Maismehl, Gew\u00fcrzgurken, Datteln, Tomatenmark, &#8230;<\/p>\n<p><a href='http:\/\/extra.inmontanis.info\/d\/131261-3\/DSC04919.jpg'><img src=http:\/\/extra.inmontanis.info\/d\/131260-4\/DSC04919.jpg \/><\/a><br \/>\n^ Bratkartoffelpfanne<\/p>\n<p>.. gar nicht so schlecht gepasst. Und es erinnerte mich geschmacklich auch an das, was ich dort in Beamish letztes Jahr mal gegessen hatte zu dem mit K\u00e4se \u00fcberbackenem Brot. Schmeckt \u00e4hnlich wie eine &#8220;brown souce&#8221;.<\/p>\n<p>Die Blogeintr\u00e4ge werden in den n\u00e4chsten Wochen wohl nur alle 1-3 Wochen sein, textlich hoffentlich k\u00fcrzer und wohl haupts\u00e4chlich die Fortschritte meiner Wohnungsversch\u00f6nerung zeigen, aber vielleicht mach ich ja irgendwann noch eine kleine Rundfahrt oder besuch was.<\/p>\n<p>&#8211; &#8211; &#8211;<\/p>\n<p>Berlin: &#8220;Gala der Skrupellosen \u2013 Wie Renditej\u00e4ger ungehemmt und ungestraft die Erde auspressen&#8221; &#8220;Sie kaufen die Welt und die einfachen Menschen zahlen den Preis \u2013 mit ihrem Geld, ihrer Gesundheit, ihrem Leben.&#8221;<br \/>\n<a href='https:\/\/www.nachdenkseiten.de\/?p=134046'>https:\/\/www.nachdenkseiten.de\/?p=134046<\/a><\/p>\n<p>&#8220;Die Vizepr\u00e4sidentin des Deutschen Bundestages verbreitete Desinformation und Propaganda mit dem Ziel, Hass auf Russland und Russen zu sch\u00fcren.&#8221; ( &#8211; \u00fcber &#8220;die M\u00e4r von den Zigtausenden durch Russland entf\u00fchrten Kindern.&#8221;)<br \/>\n<a href='https:\/\/www.nachdenkseiten.de\/?p=133978'>https:\/\/www.nachdenkseiten.de\/?p=133978<\/a><\/p>\n","protected":false},"excerpt":{"rendered":"<p>Mo, 2.6.2025<\/p>\n<p>Wie schon am Freitag bef\u00fcrchtet, gab&#8217;s schon vor 7 Uhr regen Verkehr &#8211; aber heuer keine Renngruppen, sondern wg. der Baustelle oben am Stausee oder so.<\/p>\n<p>Der Tag begann quasi wolkenlos auch am Gletscher, aber weiterhin werden ab 11 oder 12 Uhr erste Regenschauer gemeldet. Wenn ich heut Uraub h\u00e4tte, w\u00fcrd ichs klar <a href=\"http:\/\/blog.inmontanis.info\/?p=10814\">[&#8230;]<\/a><\/p>\n","protected":false},"author":1,"featured_media":10823,"comment_status":"closed","ping_status":"closed","sticky":false,"template":"","format":"standard","meta":{"footnotes":""},"categories":[940,199,13,8,28],"tags":[39,78],"class_list":["post-10814","post","type-post","status-publish","format-standard","has-post-thumbnail","hentry","category-2025-01-alpenskandinavien","category-molltaler-gletscher","category-austria","category-private","category-skifahren-sommer","tag-6eub","tag-restschnee","odd"],"_links":{"self":[{"href":"http:\/\/blog.inmontanis.info\/index.php?rest_route=\/wp\/v2\/posts\/10814","targetHints":{"allow":["GET"]}}],"collection":[{"href":"http:\/\/blog.inmontanis.info\/index.php?rest_route=\/wp\/v2\/posts"}],"about":[{"href":"http:\/\/blog.inmontanis.info\/index.php?rest_route=\/wp\/v2\/types\/post"}],"author":[{"embeddable":true,"href":"http:\/\/blog.inmontanis.info\/index.php?rest_route=\/wp\/v2\/users\/1"}],"replies":[{"embeddable":true,"href":"http:\/\/blog.inmontanis.info\/index.php?rest_route=%2Fwp%2Fv2%2Fcomments&post=10814"}],"version-history":[{"count":7,"href":"http:\/\/blog.inmontanis.info\/index.php?rest_route=\/wp\/v2\/posts\/10814\/revisions"}],"predecessor-version":[{"id":10824,"href":"http:\/\/blog.inmontanis.info\/index.php?rest_route=\/wp\/v2\/posts\/10814\/revisions\/10824"}],"wp:featuredmedia":[{"embeddable":true,"href":"http:\/\/blog.inmontanis.info\/index.php?rest_route=\/wp\/v2\/media\/10823"}],"wp:attachment":[{"href":"http:\/\/blog.inmontanis.info\/index.php?rest_route=%2Fwp%2Fv2%2Fmedia&parent=10814"}],"wp:term":[{"taxonomy":"category","embeddable":true,"href":"http:\/\/blog.inmontanis.info\/index.php?rest_route=%2Fwp%2Fv2%2Fcategories&post=10814"},{"taxonomy":"post_tag","embeddable":true,"href":"http:\/\/blog.inmontanis.info\/index.php?rest_route=%2Fwp%2Fv2%2Ftags&post=10814"}],"curies":[{"name":"wp","href":"https:\/\/api.w.org\/{rel}","templated":true}]}}