{"id":10810,"date":"2025-06-01T16:33:13","date_gmt":"2025-06-01T14:33:13","guid":{"rendered":"http:\/\/blog.inmontanis.info\/?p=10810"},"modified":"2025-06-02T16:46:28","modified_gmt":"2025-06-02T14:46:28","slug":"molltaler-gletscher-30-5-1-6-2025","status":"publish","type":"post","link":"http:\/\/blog.inmontanis.info\/?p=10810","title":{"rendered":"M\u00f6lltaler Gletscher, 30.5.-1.6.2025"},"content":{"rendered":"<p><strong>Fr, 30.5.2025<\/strong> &#8211; Saison-Skitag Nr. 160<\/p>\n<p>In der Nacht und auch am Morgen gab es einige Regentropfen, der Morgen war in Obervellach bedeckt und die Webcams vom Gletscher zeigten das selbe wie gestern Nachmittag\/Abend, Nebel oben und etwas besser an der Mittelstation, fuhr aber trotzdem zur Talstation rauf. <\/p>\n<p>Tja, da hatte ich mir die neue Schaumstoffmatratze gekauft, weil die alte in der Mitte weich und durchgelegen war und ich \u00f6fters Kreuzschmerzen hatte. Am Rand, wo h\u00e4rter, gings besser, teilweise hab ich dann eine der unbenutzten Decken in der Mitte druntergelegt, auch das hatte geholfen. Leider ist der neue Schaumstoff nun doch so hart, dass ich eher noch mehr Kreuzschmerzen hab :(<\/p>\n<p>Auch um 8 Uhr gab es mal keine Meldung, dass wg. Schlechtwetter geschlossen sei. Hoffen heut wohl auch auf das versprochene, bessere Wetter.<\/p>\n<p>Es fuhren einige Betonmisch-LKWs die Stra\u00dfe von oben herunter; gut m\u00f6glich, dass die mich also die n\u00e4chsten Tage schon vor 7 Uhr wecken werden.<\/p>\n<p>Um 10 Uhr nach wie vor Nebel oben (und auch im Tal noch keine Sonne).  Diese falschen Wettervorhersagen, dieses Wetter hier.  Wie soll ich mich sp\u00e4ter kleiden? Sommerlich, weils noch sehr sonnig werden soll, oder winterlich, weil nur knapp \u00fcber 0\u00b0 und es neblig bleibt?<\/p>\n<p>Um 11 Uhr am Parkplatz schon sonnig, am Gletscher noch nicht. Tageskarte um 19 \u20ac online gekauft und mich f\u00fcr die d\u00fcnne Sommerskiregenhose als \u00dcberzug zur Jeans und f\u00fcrs lang\u00e4rmlige T-Shirt und Sommerskijacke entschieden, steckte aber das dickere Sweatshirt mal mit ein, ebenso wie die gelbe Skibrille, falls es, bis ich oben bin, noch neblig sei sollte.<\/p>\n<p>Beim Schuhanziehen bemerkt, dass ich noch 3 Colaflaschen hatte &#8211; da h\u00e4tte ich mir das Wasser gestern an der Tankstelle also sparen k\u00f6nnen.<\/p>\n<p>K\u00fchlschrank ist mittlerweile ausgeschaltet, aber die restliche Wurst f\u00fcr heut Abend lie\u00df ich mal drin, f\u00fchlte sich noch etwas k\u00fchl an.<\/p>\n<p>Als ich um 11:40 an der Mittelstation war, war es bereits sonnig! Sommerbekleidung war somit ausreichend. Die Abfahrt dort runter hatte weniger  Schnee als gedacht unten. Die wird wohl kaum noch bis Betriebsschluss Sonntag in einer Woche offen bleiben.<\/p>\n<p><a href='http:\/\/ski.inmontanis.info\/d\/340835-2\/DSC04786.jpg'><img src=http:\/\/ski.inmontanis.info\/d\/340834-3\/DSC04786.jpg \/><\/a><br \/>\n^ SL an der Mittelstation, schneemangelsbedingt geschlossen. Was das mit dem Schnee soll &#8211; f\u00fcr ein Depot ist es wohl etwas klein &#8230; h\u00e4ttens besser auf die Piste raufgefahren &#8230;<\/p>\n<p><a href='http:\/\/ski.inmontanis.info\/d\/340839-2\/DSC04788.jpg'><img src=http:\/\/ski.inmontanis.info\/d\/340838-3\/DSC04788.jpg \/><\/a><br \/>\n^ Bauarbeiten und somit wasserloser unterer Stausee &#8211; da br\u00e4ucht ich heuer nicht raufwandern<\/p>\n<p><a href='http:\/\/ski.inmontanis.info\/d\/340843-2\/DSC04789_001.jpg'><img src=http:\/\/ski.inmontanis.info\/d\/340842-3\/DSC04789_001.jpg \/><\/a><br \/>\n^ Mittelstation<\/p>\n<p><a href='http:\/\/ski.inmontanis.info\/d\/340847-2\/DSC04799.jpg'><img src=http:\/\/ski.inmontanis.info\/d\/340846-3\/DSC04799.jpg \/><\/a><br \/>\n^ Mittelstation<\/p>\n<p><a href='http:\/\/ski.inmontanis.info\/d\/340851-2\/DSC04803.jpg'><img src=http:\/\/ski.inmontanis.info\/d\/340850-3\/DSC04803.jpg \/><\/a><br \/>\n^ 6KSB<\/p>\n<p>Die Mittelstationsabfahrt war wegen Sonne und Neuschnee abschnittsweise pappig bzw. stoppend, also lieber gleich noch ein zweites Mal fahren, bevor es schlimmer wird.<\/p>\n<p><a href='http:\/\/ski.inmontanis.info\/d\/340855-2\/DSC04804_001.jpg'><img src=http:\/\/ski.inmontanis.info\/d\/340854-3\/DSC04804_001.jpg \/><\/a><br \/>\n^ Abfahrt zur Mittelstation im Bereich DSB &#8211; hier wegen Nordausrichtung immer der beste Schnee an diesen Tagen, schade, dass die DSB nicht f\u00e4hrt<\/p>\n<p><a href='http:\/\/ski.inmontanis.info\/d\/340859-2\/DSC04809.jpg'><img src=http:\/\/ski.inmontanis.info\/d\/340858-3\/DSC04809.jpg \/><\/a><br \/>\n^ 6KSB und wohl ziemlich stillgelegte DSB<\/p>\n<p><a href='http:\/\/ski.inmontanis.info\/d\/340863-2\/DSC04813.jpg'><img src=http:\/\/ski.inmontanis.info\/d\/340862-3\/DSC04813.jpg \/><\/a><br \/>\n^ DSB ist zu, weil auf der Piste ein Schneedepot gemacht wird. Naja, da h\u00e4tte man doch nebendran noch eine schmale Abfahrt offen lassen k\u00f6nnen?! Und die von der 6KSB ebenso?<\/p>\n<p>Restaurantpreise, wenn ichs mir recht gemerkt hab: Schnitzel+Pommes 19,50, Bernerw\u00fcrstel+Pommes 18,50, Gulasch 17,50. G\u00fcnstiger von der Kinderkarte Nuggets+Pommes 9,50 &#8211; da kann man ja 2 Portionen nehmen und ist noch g\u00fcnstiger als Schnitzel oder Berner?! Wenn man es bekommt, ohne ein Kind vorzeigen zu m\u00fcssen. Salatsch\u00fcssel 8,50, sah aber klein aus. Aber ich hab eh noch Salamisticks \/ Fischdose \/ Kartoffelsalatglas f\u00fcr ein paar Tage abends. Trinkwasser kann man sich ja laut Tafel selbst nehmen.<\/p>\n<p>Als ich nach dem ersten Klobesuch des Tages um 13 Uhr zur 6KSB fuhr, sah ich bereits die Skifahrer zur Talstation schieben &#8211; ist hier also auch schon stoppend.<\/p>\n<p>Und die Abfahrt war auch weiter oben schon pappig und stoppend, so dass ich wieder auf die Mittelstationsabfahrt gefahren bin. Ser Sulz war im unteren Bereich aber auch schwer (und im flachen Mittelteil auch bremsender).<\/p>\n<p>Wie soll ich bei solchen Pistenverh\u00e4ltnissen heute mehr als 2 Sterne vergeben? Ich hoffe auf Hitze, nachmitt\u00e4gliche W\u00e4rmegewitter und n\u00e4chtliche Aufklarungen (und ggf. wolkige Vormittage), um den Pappspuk etwas zu verbesssern die n\u00e4chsten Tage. Gerne auch offizielle Schlie\u00dfung der Mittelstationsabfahrt ab Montag, damit weniger fahren und sie nicht mehr pr\u00e4pariert wird, vielleicht dann n\u00e4chstes WE besser?!<\/p>\n<p>Ich ging dann nochmals ins Restaurant und wollte mich schon f\u00fcr die Salatsch\u00fcssel entscheiden, aber gr\u00fcnen Salat gab&#8217;s nicht mehr, schwenkte  dann zu einem Eis am Stil um (Magnum knapp \u00fcber 3 \u20ac, also Normalpreise wie auch anderswo) und entdeckte dann die Gulaschsuppe, die mir durch schwedische Preise g\u00fcnstig vorkam um 6,50 \u20ac.  Wobei die in Scheden vmtl. gr\u00f6\u00dfer und schon mit Brot ist. Aber die hier war auch sehr fleischlastig, also eher Fleisch mit So\u00dfe als Suppe, hab mir beim zweiten Sch\u00f6pfl\u00f6ffel noch etwas So\u00dfe drauf, dass es nicht gar so fleischig ausschaut ;) Kartoffeeln musste man auch suchen und das leere Trinkglas durfte man auch ohne Bemerkung oder Kosten mitnehmen f\u00fcrs &#8220;Hahnenwasser&#8221;, wie man in der Schweiz sagt.  Somit werd ich wohl doch die n\u00e4chsten Tage mir jeweils ein kleines Gericht kaufen, morgen mal Salat und dann die Kinderkartennuggets. <\/p>\n<p><a href='http:\/\/ski.inmontanis.info\/d\/340867-2\/DSC04814_001.jpg'><img src=http:\/\/ski.inmontanis.info\/d\/340866-3\/DSC04814_001.jpg \/><\/a><br \/>\n^ Sehr fleischhaltige Gulaschsuppe um 6,50<\/p>\n<p>S\u00e4ttigend ist so eine kleine Suppe ohne Semmel als Beilage nicht, aber da hab ich keinen Preis gesehen. Da sind 3 schwedische Pfannkuchen mit Marmelade und Sahne um den ca. gleichen Preis oder etwas g\u00fcnstiger schon s\u00e4ttigender ;) Aber als Snack zwischendurch f\u00fcr den Preis heutzutage wohl ok. <\/p>\n<p>Aber ich hab ich im Auto ja noch viel Zeug aus Schweden, Tubenk\u00e4se, Kanelbulle\/Zimtschnecken (waren zwischenzeitlich eingefroren), diverse Naschsachen, N\u00fcsse, Chips, blah blah, plus einige Reste aus UK letzten Sommer und auch noch etliche Riegel aus CZ.<\/p>\n<p>Noch ein letztes mal Papp- und Sulzschlacht zur Mittelstation und um 15:00 mit der Tunnelbahn runter und auf bessere Verh\u00e4ltnisse morgen Vormittag hoffen.<\/p>\n<p>Ab Sonntag Mittag wird mal wieder regnerisch gemeldet und vielleicht erst am Freitag wieder besser.<\/p>\n<p>Erstaunlicherweise waren nachmittags weit weniger Wohnmobile am Parkplatz als morgens um 7:30 Uhr.<\/p>\n<p>Im Auto \u00fcber 30\u00b0, also l\u00fcften lassen und bei starkem Wind das Solarpanel vor die Vindschutzscheibe gelegt. 2 Kleinbusse etwas neben mir mit CZ und PL Kennzeichen waren entweder Ukrainer oder Russen. Ich wei\u00df ja nach wie vor nicht, wie \u00e4hnlich sich ukrainisch zu russisch anh\u00f6ren w\u00fcrde. <\/p>\n<p>Durch die hohe Lage und den baldigen Schatten wirds aber auch schnell kalt genug. PC blieb aus.<\/p>\n<p><strong>Sa, 31.5.2025<\/strong><\/p>\n<p>Ab ca. 7 Uhr gab es Rasenm\u00e4h- oder Baums\u00e4geger\u00e4usche, um 7:30 kamen eh etliche Autos auch auf den Schotterparkplatz, wo ich steh. Um dem gro\u00dfen Andrag morgens zu entgehen, wollte ich aber erst nach 8:30 Uhr rauf, also mit der 9 Uhr Bahn.<\/p>\n<p>Autos wie \u00fcblich bunt gemischt hier, von Polen bis zu Kroaten und evtl. noch s\u00fcdlicher, auch ein paar \u00d6sterreicher und Deutsche waren dabei, Schwerpunkt durch den Gopass aber wohl SK\/CZ\/PL.<\/p>\n<p>Bei dem heute so sonnig gemeldeten Wetter musste ich mich erstmals diese Saison mal intensiver mit Sonnenschutz eincremen. Dazu erster oder zweiter Tag mit Gletscherbrille statt gro\u00dfer Skibrille-mit-Nasenschutz, dazu in den letzten Wochen ja kaum in der Sonne gewesen.<\/p>\n<p>Die 9 Uhr-Bahn war voller als erwartet. Heute mit den schweren kurzen Ski meines Vaters, denn auch hier muss mal wieder der Kantenrost der letzten Regenwochen abgefahren werden. Wobei, wenns in den n\u00e4chsten Tagen eh wieder regnet&#8230;<\/p>\n<p>Die T\u00fcren der Bahn wurden um kurz nach 9 Uhr geschlossesn, aber statt nach oben, gings ein St\u00fcck nach unten und dann nicht mehr weiter. Bahn ausgerechnet jetzt defekt? H\u00e4tte ich doch mit der um 8:30 fahren sollen, die lief noch problemlos! Um 9:07 gings zaghaft los, kamen aber nicht aus der Station raus.. Wieder langsam runter. 9:09 nun Abfahrt mit Normalgeschwindigkeit. Als wir oben ankamen, hatte sich die alte Slawin neben mir bekreuzigt. Ob sie das bei jeder Seilbahnfahrt macht?<\/p>\n<p>Gleich mal Mittelstation abgefahren, oben im DSB-Teil wg. der Ausrichtung sch\u00f6n grifig hart (schad, dass die DSB nicht mehr f\u00e4hrt!), im Flachteil sch\u00f6n firnig und unten schon etwas pappig. Offpiste testweise um die Zeit und mit den Skiern untauglich, aber als ich von der Gondel aus einige die schwarze Abfhrt abfahren sah, probierte ich es auch.  Ne, mit den Allmountains vielleicht, aber nicht mit diese Skiern.<\/p>\n<p>Hatte man gestern nur viele Schmetterlinge beim Abfahren, waren heute viele M\u00fccken auf dem Schnee.<\/p>\n<p><a href='http:\/\/ski.inmontanis.info\/d\/340871-2\/DSC04815_001.jpg'><img src=http:\/\/ski.inmontanis.info\/d\/340870-3\/DSC04815_001.jpg \/><\/a><br \/>\n^ Gletscherbereich mit den 2 pr\u00e4parierten Pisten<\/p>\n<p><a href='http:\/\/ski.inmontanis.info\/d\/340875-2\/DSC04817_001.jpg'><img src=http:\/\/ski.inmontanis.info\/d\/340874-3\/DSC04817_001.jpg \/><\/a><br \/>\n^ Sommerski-Stimmung an der 6EUB-Abfahrt<\/p>\n<p><a href='http:\/\/ski.inmontanis.info\/d\/340879-2\/DSC04819.jpg'><img src=http:\/\/ski.inmontanis.info\/d\/340878-3\/DSC04819.jpg \/><\/a><br \/>\n^ Geschlossene schwarze Abfahrt zur Mittelstation<\/p>\n<p><a href='http:\/\/ski.inmontanis.info\/d\/340883-2\/DSC04823.jpg'><img src=http:\/\/ski.inmontanis.info\/d\/340882-3\/DSC04823.jpg \/><\/a><br \/>\n^ Geschlossene schwarze Abfahrt zur Mittelstation<\/p>\n<p>Um 10:45 meine vierte EUB-Bergfahrt (wieder keine Gondel allein bekommen) und dann mal zur 6KSB.<\/p>\n<p>Dort doch einige Male offpiste geblieben, war noch hart genug f\u00fcr diese Racecarver. Kurz vor 12 mal wieder die Abfahrt, aber schon ziemlich pappig. MIttelstationsabafhrt ging da noch besser.<\/p>\n<p><a href='http:\/\/ski.inmontanis.info\/d\/340887-2\/DSC04827.jpg'><img src=http:\/\/ski.inmontanis.info\/d\/340886-3\/DSC04827.jpg \/><\/a><br \/>\n^ Aktuell gibts nur noch eine Einfahrt zu den Gletscherpisten, die direktere Variante geht momentan wohl nicht mehr bzw. nur offpiste<\/p>\n<p><a href='http:\/\/ski.inmontanis.info\/d\/340891-2\/DSC04828.jpg'><img src=http:\/\/ski.inmontanis.info\/d\/340890-3\/DSC04828.jpg \/><\/a><br \/>\n^ Gletscherpisten<\/p>\n<p><a href='http:\/\/ski.inmontanis.info\/d\/340895-2\/DSC04831.jpg'><img src=http:\/\/ski.inmontanis.info\/d\/340894-3\/DSC04831.jpg \/><\/a><br \/>\n^ Gro\u00dfglockner, hab ich heuer schon von Heiligenblut aus oft genug gesehen<\/p>\n<p><a href='http:\/\/ski.inmontanis.info\/d\/340899-2\/DSC04832.jpg'><img src=http:\/\/ski.inmontanis.info\/d\/340898-3\/DSC04832.jpg \/><\/a><br \/>\n^ Start Gletscherpiste<\/p>\n<p><a href='http:\/\/ski.inmontanis.info\/d\/340903-2\/DSC04833.jpg'><img src=http:\/\/ski.inmontanis.info\/d\/340902-3\/DSC04833.jpg \/><\/a><br \/>\n^ Offpiste an der 6KSB<\/p>\n<p><a href='http:\/\/ski.inmontanis.info\/d\/340907-2\/DSC04834.jpg'><img src=http:\/\/ski.inmontanis.info\/d\/340906-3\/DSC04834.jpg \/><\/a><br \/>\n^ Ex-Gletscher-SL-Reste<\/p>\n<p><a href='http:\/\/ski.inmontanis.info\/d\/340911-2\/DSC04835.jpg'><img src=http:\/\/ski.inmontanis.info\/d\/340910-3\/DSC04835.jpg \/><\/a><br \/>\n^ Durch den Funpark wurde diese Piste verschm\u00e4lert<\/p>\n<p><a href='http:\/\/ski.inmontanis.info\/d\/340915-2\/DSC04836.jpg'><img src=http:\/\/ski.inmontanis.info\/d\/340914-3\/DSC04836.jpg \/><\/a><br \/>\n^ An der Abfahrt von der 6KSB zur DSB runter sind noch keine Depotarbeiten erkennbar<\/p>\n<p>Kurz vor 13 Uhr noch 2-3x 6KSB gefahren, aber stellenweise gabs b\u00f6sen Skischuh-Auszieh-Stoppschnee, also nochmals Mittelstation und mal ab ins Restaurant.<\/p>\n<p><a href='http:\/\/ski.inmontanis.info\/d\/340919-2\/DSC04840.jpg'><img src=http:\/\/ski.inmontanis.info\/d\/340918-3\/DSC04840.jpg \/><\/a><br \/>\n^ na witzig, wie das Seil der 6KSB so geradlinig ausschaut und das der DSB so krumm<\/p>\n<p><a href='http:\/\/ski.inmontanis.info\/d\/340923-2\/DSC04842.jpg'><img src=http:\/\/ski.inmontanis.info\/d\/340922-3\/DSC04842.jpg \/><\/a><br \/>\n^ Salatsch\u00fcsselchen um 8,50<\/p>\n<p>Keine Ahnung, ob ich durch dieses kleine bunt gemischte Salatsch\u00fcsselchen satter war als gestern von der Gulaschsuppe, s\u00e4ttigender und vielleicht etwas g\u00fcnstiger w\u00e4re da wohl eine Gulaschsuppe mit Semmel. Trotzdem, es ist selten genug, dass man sich in \u00d6sterreich gratis Leitungswasser nehmen darf und der Skipass ist mit 19 \u20ac auch so g\u00fcnstig, also k\u00f6nnte man auch mal Bernerw\u00fcrstl oder Schnitzel kaufen, aber ersteres ist f\u00fcr 18,50 schon derbe, selbst wenns 2 sein sollten.<\/p>\n<p>F\u00fcr heut Abend hab ich ja 1-1,5 Semmeln eingeplant, sollte aber wohl erst meinen nun ungek\u00fchlten Rentier-Tubenk\u00e4se aus Schweden aufbrauchen, bevor ich Wurstd\u00f6schen, Fischdose oder Salamisticks oder Rentiersalamisnacks \u00f6ffne.<\/p>\n<p>Falls ich davon ausgehen sollte, am MO+DI keinen Skipass zu kaufen, aber auch nicht zum Supermarkt runter fahren m\u00f6chte, m\u00fcsste ich morgen evtl. noch ein bis drei Semmeln im Restaurant kaufen. <\/p>\n<p>14 uhr, nochmals mit der EUB rauf oder nur ein letztes Mal die Mittelstationsabfahrt? Unten war&#8217;s ja schon tief aufgesulzt&#8230; <\/p>\n<p>Ne, man sollte das sonnige und trockene Wetter lieber noch etwas ausn\u00fctzen heute, nur 2 Stoppstellen im mittleren Flachteil, weiter unten noch schnell ein Mumeltier vertrieben und um 14:20 nochmals mit der 6EUB rauf, Klo und die 6KSB getestet, aber da pappte es noch mehr. Ich nahm somit die SSB um 15:30 talw\u00e4rts, trotzdem heute 4 Sterne vergeben.<\/p>\n<p><a href='http:\/\/ski.inmontanis.info\/d\/340927-2\/DSC04843.jpg'><img src=http:\/\/ski.inmontanis.info\/d\/340926-3\/DSC04843.jpg \/><\/a><br \/>\n^ An der DSB entlang, bevor die Mittelstationsabfahrt nach links abbiegt<\/p>\n<p><a href='http:\/\/ski.inmontanis.info\/d\/340931-2\/DSC04845.jpg'><img src=http:\/\/ski.inmontanis.info\/d\/340930-3\/DSC04845.jpg \/><\/a><br \/>\n^ Mittelstationsabfahrt<\/p>\n<p>Die sonnige Vorhersage f\u00fcr FR-SO n\u00e4chstes WE wurde nun leider auf &#8220;Nur noch FR&#8221; verk\u00fcrzt. Evtl k\u00f6nnts am MI noch brauchbar werden.<\/p>\n<p>Im Auto waren es ungem\u00fctliche 42,5\u00b0 und das Solarpanel hatte bisher heute ca. 5 Ah geladen, da kann ich heut mal etwas PC einschalten. Es gab weniger Wind, daher ging die Hitze nicht so einfach raus wie gestern. Tisch aufbauen kam daher auch sp\u00e4ter nicht in Frage, weil dann weniger Luft durchzieht, weil das Bett zu nah vor dem Fenster ist.<\/p>\n<p><a href='http:\/\/extra.inmontanis.info\/d\/131167-3\/DSC04849.jpg'><img src=http:\/\/extra.inmontanis.info\/d\/131166-4\/DSC04849.jpg \/><\/a><br \/>\n^ Bei meinen V\u00f6lkl-Sommerski-Racecarver ist der Belag so d\u00fcnn, dass das Kleben an der Kante wohl kaum noch was bringen wird<\/p>\n<p><strong>So, 1.6.2025<\/strong><\/p>\n<p>Ab dem sp\u00e4ten Nachmittag wird heute Regen bzw. Gewitter gemeldet, morgen sind sich die Wetterberichte uneinig, ob es bereits vormittags oder auch erst nachmittags regnen soll, DI melden derweil alle schlecht und MI+FR k\u00f6nnte wieder brauchbar werden. <\/p>\n<p>Heute Morgen viel weniger Autos als gestern, da h\u00e4tte ich auch die 8:30er Bahn statt der um 9:00 anpeilen k\u00f6nnen. Was ich gestern aufgeschnappt hatte, dass eine der hier g\u00fcltigen \u00f6sterreichischen Saisonkarten wohl nur bis gestern galt.<\/p>\n<p>Gleich mal die noch offene EUB-Abfahrt gefahren bei besten Sommerskiverh\u00e4ltnissen, oben hart, mittig firnig, unten etwas sulziger und pappiger.<\/p>\n<p>.. und dabei gemerkt: Sommerski fehlt mir. Also vorletztes Jahr war ich ja auch hier am M\u00f6lltaler Ende Mai und danach Hintertux, aber mehr gibt&#8217;s in AT halt nicht mehr und ist ja sowieso viel zu teuer geworden, das hier eben ausgenommen. W\u00fcrde auch gern irgendwann mal wieder die neue Mai-Saison in Les 2 Alpes und danach nochmals TIgnes und Col de l&#8217;Iseran im Juni schaffen, auch wenn letzterer selten weich wird in der kurzen \u00d6ffnungszeit bis Mittag und die Trainingsgruppen ja die H\u00e4lfte der Abfahrten besetzen. <\/p>\n<p>Vielleicht dann in 2 Jahren, falls ich n\u00e4chsten Sommer ins UK fahr? Wo auch immer ich dann den \u00fcbern\u00e4chsten Winter verbringen werde, aber nach Skandinavien n\u00e4chsten Winter werd ich mal eine Skandinavien-Pause einlegen. <\/p>\n<p>Laut Betriebsplan Les 2 Alpes war die Abfahrt auf 2600m nur bis 28.5. als offen geplant, auf der Skipasskaufseite steht zumindest mal bis heute 1.6. offen. Schade, die konnte man manchmal ja sogar noch zur Sommerski\u00f6ffnung Mitte\/Ende Juni fahren. Nun offiziell nur noch der Gletscherbereich samt Signal-KSB bis 6.7. offen und leider auch schon die Sommerbetriebszeiten 7-12:30\/13:15 Uhr, uncool :( <\/p>\n<p>Und anscheinend hatten sie auch die letzten Wochen nicht l\u00e4nger offen, denn unter 5.-285. steht der selbe Text wie f\u00fcr die Zeit danach: &#8220;8h00 &#8211; 12h30, derni\u00e8re mont\u00e9e conseill\u00e9e \u00e0 11h.&#8221; Das ist nicht nur uncool, sondern abt\u00f6rend.<\/p>\n<p>Und wow, die &#8220;Tageskarte&#8221; (13-71 Jahre!) kostet da auch schon 49,50 \u20ac. Mehrtageskarten gibts gar nicht!! Nur 20 frei w\u00e4hlbare Tage um 710!! <\/p>\n<p>Auch in Tignes kostet die Tagskarte nun schon 49 \u20ac.  Und auch hier keine Staffelpreise bei Mehrtageskarten: 10 Tage 490.  Immerhin: Sommerskisaisonkarte 539,-<\/p>\n<p>Die spinnen, diese uncoolen Franzosen. N\u00f6, n\u00f6, bei den Preisen (und eingeschr\u00e4nken Mai-\u00d6ffnungszeiten in L2A) werde ich da wohl auch nie wieder hin wollen, bis sich da mal g\u00fcnstigere M\u00f6glichkeiten ergeben. <\/p>\n<p><a href='http:\/\/ski.inmontanis.info\/d\/340935-2\/DSC04852.jpg'><img src=http:\/\/ski.inmontanis.info\/d\/340934-3\/DSC04852.jpg \/><\/a><br \/>\n^ DSB und Alteck-4SB<\/p>\n<p><a href='http:\/\/ski.inmontanis.info\/d\/340939-2\/DSC04853.jpg'><img src=http:\/\/ski.inmontanis.info\/d\/340938-3\/DSC04853.jpg \/><\/a><br \/>\n^ DSB-Schneedepot<\/p>\n<p><a href='http:\/\/ski.inmontanis.info\/d\/340943-2\/DSC04856.jpg'><img src=http:\/\/ski.inmontanis.info\/d\/340942-3\/DSC04856.jpg \/><\/a><br \/>\n^ Rohre und anderes Zeug<\/p>\n<p><a href='http:\/\/ski.inmontanis.info\/d\/340947-3\/DSC04858.jpg'><img src=http:\/\/ski.inmontanis.info\/d\/340946-4\/DSC04858.jpg \/><\/a><br \/>\n^ Gletscherbereich<\/p>\n<p>Die schwerze Abfahrt zur Mittelstation war um 10 Uhr noch untauglich, leicht angetaute br\u00fcchige Schicht, etliche harte Spuren von gestern und die noch zahlreich vorhandenen Neuschneefelder weicher und pappiger. Die braucht noch ein paar Tage. Auch an der 6KSB war&#8217;s offpiste nicht so gut wie gestern und auf der Piste schon vor 11 Uhr pappig, danach kamen Wolken, verbesserten die Sache aber nicht mehr. Die Wettervorhersageseiten meldeten nun ab 13, ab 14 oder 15 Uhr den ersten Regen.<\/p>\n<p>Heute gro\u00dfer M\u00fcckentag, tausende in unterschiedlicher (zumeist l\u00e4nglicher) Gr\u00f6\u00dfe auf dem Schnee. Im unteren Drittel der Mittelstationsabfahrt auch einige K\u00e4fer und f\u00fcr mich recht ungew\u00f6hnlich: im DSB-Bereich sah ich 2x einen Wurm \u00fcber den Schnee kriechen. <\/p>\n<p><a href='http:\/\/ski.inmontanis.info\/d\/340951-3\/DSC04859.jpg'><img src=http:\/\/ski.inmontanis.info\/d\/340950-4\/DSC04859.jpg \/><\/a><br \/>\n^ na witzig, wie das Seil der 6KSB so geradlinig ausschaut und das der DSB so krumm<\/p>\n<p><a href='http:\/\/ski.inmontanis.info\/d\/340955-3\/DSC04861.jpg'><img src=http:\/\/ski.inmontanis.info\/d\/340954-4\/DSC04861.jpg \/><\/a><br \/>\n^ .. egal wo ;)<\/p>\n<p>Weil hungrig, gings schon um 12:30 ins Restaurant.<\/p>\n<p>Die Portion H\u00fchnernuggets mit Pommes war so riesig, dass ich schon bef\u00fcrchtete, den doppelten Preis f\u00fcr eine Erwachseneportion zahlen zu m\u00fcssen, aber nein, es kostete 9,50 von der Kinderkarte:<\/p>\n<p><a href='http:\/\/ski.inmontanis.info\/d\/340959-3\/DSC04864.jpg'><img src=http:\/\/ski.inmontanis.info\/d\/340958-4\/DSC04864.jpg \/><\/a><br \/>\n^ H\u00fchnernuggets mit Pommes soll eine Kinderportion sein und kostet nur 9,50 \u20ac. Semmel je 1 \u20ac (da hatte ich auch mehr bef\u00fcrchtet).<\/p>\n<p>Bitte, das ist doch dann in keiner Relation zu den Bernerw\u00fcrstel um 18,50 oder dem Schnitzel um 19,50??<\/p>\n<p>Ketchup-Beutelchen w\u00fcrde 0,80 extra kosten. aber da hab ich noch etliche (insb. aus UK), die seit einigen Monaten nun abgelaufen sind .. weil es in Skandinavien ja Ketchup fast \u00fcberall offen zum Selbstnehmen gibt.<\/p>\n<p>Ich wurde nicht nur gut satt, sondern belegte auch noch eine der beiden Semmeln mit den restlichen H\u00fchnernuggets f\u00fcr heute Abend. Unglaublich. Dann m\u00fcsste man beim Schnitzel ja 2 Tage und Abende dran essen vom Preis her?!<\/p>\n<p><a href='http:\/\/ski.inmontanis.info\/d\/340963-3\/DSC04865.jpg'><img src=http:\/\/ski.inmontanis.info\/d\/340962-4\/DSC04865.jpg \/><\/a><br \/>\n^ Tablettr\u00fcckgabe, wo man auch das gratis Leitungswasser zapfen kann<\/p>\n<p>Bei jedem \u00d6ffnen des Rucksacks sp\u00e4ter roch es nach den lecker fritierten Chicken Strips &#8230; da werd ich mir wohl keine Salatsch\u00fcssel mehr kaufen, wenn dies hier so gro\u00df ist bei nur 1 \u20ac mehr.  Eine &#8220;Gullarschsuppe&#8221; mit Semmel vielleicht noch einmal. Da brauch ich die n\u00e4chsten Tage nicht runter ins Tal in den Supermarkt fahren.<\/p>\n<p>Als ich um 13:15 wieder raus ging, regnete es bereits. Die Sessel der 6KSB fuhren nach wie vor bergw\u00e4rts mit offener Haube &#8211; nur runterw\u00e4rts zu. Um 13:30 wurde die 6KSB getoppt und dann eingaragiert.<\/p>\n<p>Gegen 13:40 sah es etwas besser werdend aus und wenig sp\u00e4ter fuhr ich bei viel Sonne und leichtem Niesel nochmals die mittlerweile wieder weniger pappende Abfahrt zur Mittelstation. Viel blauer Himmel und man durfte nochmals mit der 6EUB rauf. An der Bergstation kein einziges weiteres Paar Ski mehr, das Skigebiet fast f\u00fcr mich allein. Durch die wenigen Leute heut auch nicht so tiefer Sulz zur Mittelstation.<\/p>\n<p>Man will das Nicht-Regen-Gl\u00fcck aber nicht zu sehr strapazieren und so fuhr ich lieber kein weiteres Mal, sondern mit der Bahn um 14:30 runter.  4 Sterne heute. <\/p>\n<p>Talw\u00e4rts meine mein iPod, er m\u00fcsste l&#8217;Italiano von Toto Cutugno spielen. Gibt momentan kaum ein anderes italienisches Lied das meine Sehnsucht auf italienische Skigebiete der 70er und 80er mehr triggern w\u00fcrde. Sollte ich vielleicht doch den Winter wieder in den Alpen beginnen? Wenn es im Dezember mal wieder richtig viel Schnee g\u00e4be in Italien, w\u00fcrd ich mich vielleicht etwas \u00e4rgern, dann in Schweden zu sein? Ansonsten k\u00f6nnte ich ja immer noch bereits ab Dezember losfahren. Nur dann halt stressiger und ohne Museumsstra\u00dfenbahnfahrten dazwischen, als wenn ich schon im Sep\/Okt fahren w\u00fcrde&#8230; Ohne UK im Sommer w\u00fcrd ich mir wohl den K\u00e4rntner Skipass kaufen f\u00fcr M\u00f6lltal Herbst, Saisonstart Winter + M\u00f6lltal Mai. Also w\u00fcrde \u00fcbern\u00e4chsten Winter besser passen&#8230;<\/p>\n<p>An der Talstation war die Tafel nun komplett rot und am LED-Screeen stand, dass heute wg, Schlechtwetter geschlosseen sei. <\/p>\n<p><a href='http:\/\/ski.inmontanis.info\/d\/340967-3\/ge20250530-0601b.jpg'><img src=http:\/\/ski.inmontanis.info\/d\/340966-4\/ge20250530-0601b.jpg \/><\/a><br \/>\n^ GPS-Track 30.5.-1.6.2025 in den r\u00f6tlichen Farbt\u00f6nen, der Empfang meines Handys wird auch immer schlechter<\/p>\n<p>Ich kam noch trocken zum Auto, wo mich 33\u00b0 erwarteten, aber die Fenster hatte ich keine 5 Sekunden offen, fing es zu regnen an. Bei gleichzeitigem Sonnenschein. Na danke auch, jetzt voll in der Hitze. Man konnte aber bald wieder Fenster+T\u00fcre \u00f6ffnen.<\/p>\n<p>Erst um 17 Uhr gewitterte es und k\u00fchlte somit st\u00e4rker ab.  Ca. 2 Camper blieben heute Nacht noch hier.<\/p>\n<p>Hab am PC kurz die Bilder der letzten 3 Tage bearbeitet und hochgeladen, zusamen mit dem Handy  laden hatte ich dadurch den Strom verbraucht, den ich heute solar nachgeladen hatte, ca. 5-6Ah. Von den 100 Ah in der neuen Batterie sind immer noch 83 Ah drin, wobei ich ja nicht getestet hab, wie leer ich diese ziehen kann. Ab morgen wegen Abreit mehr Strom f\u00fcrn PC, klar, sowie weniger Solarertrag, falls ich&#8217;s \u00fcberhaupt aufbauen werde.<\/p>\n<p>N\u00e4chster Bericht voraussichtlich erst, wenn ich wieder daheim bin, Abschluss M\u00f6lltaler + Abschluss Reise. Sp\u00e4testens also am Dienstag in einer Woche, aber den Wettervorhersagen nach wohl fr\u00fcher.<\/p>\n","protected":false},"excerpt":{"rendered":"<p>Fr, 30.5.2025 &#8211; Saison-Skitag Nr. 160<\/p>\n<p>In der Nacht und auch am Morgen gab es einige Regentropfen, der Morgen war in Obervellach bedeckt und die Webcams vom Gletscher zeigten das selbe wie gestern Nachmittag\/Abend, Nebel oben und etwas besser an der Mittelstation, fuhr aber trotzdem zur Talstation rauf. <\/p>\n<p>Tja, da hatte ich mir die <a href=\"http:\/\/blog.inmontanis.info\/?p=10810\">[&#8230;]<\/a><\/p>\n","protected":false},"author":1,"featured_media":10812,"comment_status":"closed","ping_status":"closed","sticky":false,"template":"","format":"standard","meta":{"footnotes":""},"categories":[940,199,13,28,27],"tags":[39,56,38],"class_list":["post-10810","post","type-post","status-publish","format-standard","has-post-thumbnail","hentry","category-2025-01-alpenskandinavien","category-molltaler-gletscher","category-austria","category-skifahren-sommer","category-skifahren-winterskiing-winter","tag-6eub","tag-6sb","tag-dsb","odd"],"_links":{"self":[{"href":"http:\/\/blog.inmontanis.info\/index.php?rest_route=\/wp\/v2\/posts\/10810","targetHints":{"allow":["GET"]}}],"collection":[{"href":"http:\/\/blog.inmontanis.info\/index.php?rest_route=\/wp\/v2\/posts"}],"about":[{"href":"http:\/\/blog.inmontanis.info\/index.php?rest_route=\/wp\/v2\/types\/post"}],"author":[{"embeddable":true,"href":"http:\/\/blog.inmontanis.info\/index.php?rest_route=\/wp\/v2\/users\/1"}],"replies":[{"embeddable":true,"href":"http:\/\/blog.inmontanis.info\/index.php?rest_route=%2Fwp%2Fv2%2Fcomments&post=10810"}],"version-history":[{"count":2,"href":"http:\/\/blog.inmontanis.info\/index.php?rest_route=\/wp\/v2\/posts\/10810\/revisions"}],"predecessor-version":[{"id":10813,"href":"http:\/\/blog.inmontanis.info\/index.php?rest_route=\/wp\/v2\/posts\/10810\/revisions\/10813"}],"wp:featuredmedia":[{"embeddable":true,"href":"http:\/\/blog.inmontanis.info\/index.php?rest_route=\/wp\/v2\/media\/10812"}],"wp:attachment":[{"href":"http:\/\/blog.inmontanis.info\/index.php?rest_route=%2Fwp%2Fv2%2Fmedia&parent=10810"}],"wp:term":[{"taxonomy":"category","embeddable":true,"href":"http:\/\/blog.inmontanis.info\/index.php?rest_route=%2Fwp%2Fv2%2Fcategories&post=10810"},{"taxonomy":"post_tag","embeddable":true,"href":"http:\/\/blog.inmontanis.info\/index.php?rest_route=%2Fwp%2Fv2%2Ftags&post=10810"}],"curies":[{"name":"wp","href":"https:\/\/api.w.org\/{rel}","templated":true}]}}