{"id":1081,"date":"2010-02-20T22:00:05","date_gmt":"2010-02-20T21:00:05","guid":{"rendered":"http:\/\/blog.inmontanis.info\/?p=1081"},"modified":"2023-08-02T21:47:10","modified_gmt":"2023-08-02T19:47:10","slug":"monte-bondone-20-2-2010","status":"publish","type":"post","link":"http:\/\/blog.inmontanis.info\/?p=1081","title":{"rendered":"Monte Bondone, 20.2.2010"},"content":{"rendered":"<p><strong>&#8220;SOS.2010&#8221; Tag 1, 20.2.2010: Monte Bondone<\/strong><\/p>\n<p><img src=http:\/\/extra.inmontanis.info\/d\/3062-3\/route5.jpg \/><br \/>\nA: Monte Bondone<\/p>\n<p>Nun, es wurde 9:30 Uhr bis ich weg kam, und am Bondone angekommen checkte ich noch, wo ich morgen hinfahre, um 12 Uhr kaufte ich mir die 3h-Karte und musste leider feststelen, dass die beiden rechten Lifte wg. Sturms nicht in Betrieb sind, also gut die H\u00e4lfte des Skigebiets wegfiel. <!--more-->Grummel. Ok, haupts\u00e4chlich war ich ja wg. der Doppel-Graffer-DSB da, aber wie sich herausgestellt hat, hatte sie leider nur halbseitige Einersessel, also mittig fehlten die Stangen also leider nicht so kultig. Der Rest war schnell abgegrast, so dass ich mir noch eine Pizza kaufte &#8211; heut Abend komm ich wohl eh nicht zum Essen.<\/p>\n<p>Fotos, anklicken zum Vergr\u00f6\u00dfern:<\/p>\n<p><a href='http:\/\/ski.inmontanis.info\/d\/110052-2\/bondone20100220.jpg'><img src=http:\/\/ski.inmontanis.info\/d\/110050-3\/bondone20100220.jpg \/><\/a><br \/>\n^ GPS-Track, die obere 3SB und die 4KSB waren leider wg. Sturms au\u00dfer Betrieb<\/p>\n<p><a href='http:\/\/ski.inmontanis.info\/d\/110056-2\/P1480297.JPG'><img src=http:\/\/ski.inmontanis.info\/d\/110055-3\/P1480297.JPG \/><\/a><br \/>\n^ Versteckt: Talstation DSB 3-Tre<\/p>\n<p><a href='http:\/\/ski.inmontanis.info\/d\/110060-2\/P1480298.JPG'><img src=http:\/\/ski.inmontanis.info\/d\/110059-3\/P1480298.JPG \/><\/a><br \/>\n^ DSB 3-Tre<\/p>\n<p><a href='http:\/\/ski.inmontanis.info\/d\/110064-2\/P1480300.JPG'><img src=http:\/\/ski.inmontanis.info\/d\/110063-3\/P1480300.JPG \/><\/a><br \/>\n^ Blick von der DSB 3-Tre zu der Doppel-DSB und ganz hinten die Talstation der 3SB<\/p>\n<p><a href='http:\/\/ski.inmontanis.info\/d\/110068-2\/P1480329.JPG'><img src=http:\/\/ski.inmontanis.info\/d\/110067-3\/P1480329.JPG \/><\/a><br \/>\n^ .. und das Gegen-Foto, von der Doppel-DSB zur DSB 3-Tre<\/p>\n<p><a href='http:\/\/ski.inmontanis.info\/d\/110072-2\/P1480313.JPG'><img src=http:\/\/ski.inmontanis.info\/d\/110071-3\/P1480313.JPG \/><\/a><br \/>\n^ DSB 3-Tre, rechts die Bergstation der Doppel-DSB<\/p>\n<p><a href='http:\/\/ski.inmontanis.info\/d\/110076-2\/P1480346.JPG'><img src=http:\/\/ski.inmontanis.info\/d\/110075-3\/P1480346.JPG \/><\/a><br \/>\n^ In der Doppel-DSB Montesel \/ Topolino, witzigerweise mit unterschiedlicher p\/h &#8211; Leistung!<\/p>\n<p><a href='http:\/\/ski.inmontanis.info\/d\/110080-2\/P1480337.JPG'><img src=http:\/\/ski.inmontanis.info\/d\/110079-3\/P1480337.JPG \/><\/a><br \/>\n^ Bergstation Doppel-DSB<\/p>\n<p><a href='http:\/\/ski.inmontanis.info\/d\/110084-2\/P1480320.JPG'><img src=http:\/\/ski.inmontanis.info\/d\/110083-3\/P1480320.JPG \/><\/a><br \/>\n^ Zoom ins Tal nach Trient \/ Trento<\/p>\n<p><img src=http:\/\/ski.inmontanis.info\/d\/110088-2\/P1480324.JPG \/><br \/>\n^ Zoom ins Tal<\/p>\n<p><a href='http:\/\/ski.inmontanis.info\/d\/110092-2\/P1480316.JPG'><img src=http:\/\/ski.inmontanis.info\/d\/110091-3\/P1480316.JPG \/><\/a><br \/>\n^ Pano<\/p>\n<p><a href='http:\/\/ski.inmontanis.info\/d\/110096-2\/P1480351.JPG'><img src=http:\/\/ski.inmontanis.info\/d\/110095-3\/P1480351.JPG \/><\/a><br \/>\n^ Pano<\/p>\n<p><a href='http:\/\/ski.inmontanis.info\/d\/110100-2\/P1480350.JPG'><img src=http:\/\/ski.inmontanis.info\/d\/110099-3\/P1480350.JPG \/><\/a><br \/>\n^ Gipfel<\/p>\n<p><a href='http:\/\/ski.inmontanis.info\/d\/110104-2\/P1480353.JPG'><img src=http:\/\/ski.inmontanis.info\/d\/110103-3\/P1480353.JPG \/><\/a><br \/>\n^ Gipfel-Zoom<\/p>\n<p><a href='http:\/\/ski.inmontanis.info\/d\/110108-2\/P1480307.JPG'><img src=http:\/\/ski.inmontanis.info\/d\/110107-3\/P1480307.JPG \/><\/a><br \/>\n^ Talstation 3SB<\/p>\n<p><a href='http:\/\/ski.inmontanis.info\/d\/110112-2\/P1480342.JPG'><img src=http:\/\/ski.inmontanis.info\/d\/110111-3\/P1480342.JPG \/><\/a><br \/>\n^ Strecke 3SB Palon. <\/p>\n<p><a href='http:\/\/ski.inmontanis.info\/d\/110116-2\/P1480343.JPG'><img src=http:\/\/ski.inmontanis.info\/d\/110115-3\/P1480343.JPG \/><\/a><br \/>\n^ Zoom 3SB Palon<\/p>\n<p><a href='http:\/\/ski.inmontanis.info\/d\/110120-2\/P1480357.JPG'><img src=http:\/\/ski.inmontanis.info\/d\/110119-3\/P1480357.JPG \/><\/a><br \/>\n^ Pano<\/p>\n<p><img src=http:\/\/ski.inmontanis.info\/d\/110124-2\/P1480355.JPG \/><br \/>\n^ Tal-Pano ins Etschtal<\/p>\n<p><a href='http:\/\/ski.inmontanis.info\/d\/110128-2\/P1480356.JPG'><img src=http:\/\/ski.inmontanis.info\/d\/110127-3\/P1480356.JPG \/><\/a><br \/>\n^ Pano<\/p>\n<p><a href='http:\/\/ski.inmontanis.info\/d\/110132-2\/P1480349.JPG'><img src=http:\/\/ski.inmontanis.info\/d\/110131-3\/P1480349.JPG \/><\/a><br \/>\n^ Tiefblicke an der Bergstation der Doppel-DSB, hier gibts im Sommer einen Startplatz f\u00fcr Paragleiter usw.<\/p>\n<p><a href='http:\/\/ski.inmontanis.info\/d\/110136-2\/P1480360.JPG'><img src=http:\/\/ski.inmontanis.info\/d\/110135-3\/P1480360.JPG \/><\/a><br \/>\n^ Zoom DSB 3-Tre und Trento<\/p>\n<p><img src=http:\/\/ski.inmontanis.info\/d\/110141-2\/P1480362.JPG \/><br \/>\n^ Zoom DSB 3-Tre und Trento. Wei\u00df jemand, ob man hier zuf\u00e4llig die Fabrik des Herstellers sieht?<\/p>\n<p><img src=http:\/\/ski.inmontanis.info\/d\/110145-2\/P1480365.JPG \/><br \/>\n^ Zoom DSB 3-Tre und Trento<\/p>\n<p><a href='http:\/\/ski.inmontanis.info\/d\/110149-2\/P1480311.JPG'><img src=http:\/\/ski.inmontanis.info\/d\/110148-3\/P1480311.JPG \/><\/a><br \/>\n^ Zoom Paganella vom Monte Bondone aus. Da ging mal die PB von rechts aus rauf &#8230;.<\/p>\n<p>Fazit: Skigebietsm\u00e4\u00dfig ziemlich zu vergessen, so lang die Graffer-Lifte stehen, ok, kann man mal vorbei. \u00dcbers Gipfel-Pano konnte ich ja leider nix sagen, aber generell sind die Tiefblicke ins Etschal schon cool.<\/p>\n","protected":false},"excerpt":{"rendered":"<p>&#8220;SOS.2010&#8221; Tag 1, 20.2.2010: Monte Bondone<\/p>\n<p> A: Monte Bondone<\/p>\n<p>Nun, es wurde 9:30 Uhr bis ich weg kam, und am Bondone angekommen checkte ich noch, wo ich morgen hinfahre, um 12 Uhr kaufte ich mir die 3h-Karte und musste leider feststelen, dass die beiden rechten Lifte wg. Sturms nicht in Betrieb sind, also gut <a href=\"http:\/\/blog.inmontanis.info\/?p=1081\">[&#8230;]<\/a><\/p>\n","protected":false},"author":1,"featured_media":0,"comment_status":"open","ping_status":"closed","sticky":false,"template":"","format":"standard","meta":{"footnotes":""},"categories":[73,15,454,27],"tags":[38],"class_list":["post-1081","post","type-post","status-publish","format-standard","hentry","category-201002sos","category-italienitaly","category-monte-bondone","category-skifahren-winterskiing-winter","tag-dsb","odd"],"_links":{"self":[{"href":"http:\/\/blog.inmontanis.info\/index.php?rest_route=\/wp\/v2\/posts\/1081","targetHints":{"allow":["GET"]}}],"collection":[{"href":"http:\/\/blog.inmontanis.info\/index.php?rest_route=\/wp\/v2\/posts"}],"about":[{"href":"http:\/\/blog.inmontanis.info\/index.php?rest_route=\/wp\/v2\/types\/post"}],"author":[{"embeddable":true,"href":"http:\/\/blog.inmontanis.info\/index.php?rest_route=\/wp\/v2\/users\/1"}],"replies":[{"embeddable":true,"href":"http:\/\/blog.inmontanis.info\/index.php?rest_route=%2Fwp%2Fv2%2Fcomments&post=1081"}],"version-history":[{"count":6,"href":"http:\/\/blog.inmontanis.info\/index.php?rest_route=\/wp\/v2\/posts\/1081\/revisions"}],"predecessor-version":[{"id":3325,"href":"http:\/\/blog.inmontanis.info\/index.php?rest_route=\/wp\/v2\/posts\/1081\/revisions\/3325"}],"wp:attachment":[{"href":"http:\/\/blog.inmontanis.info\/index.php?rest_route=%2Fwp%2Fv2%2Fmedia&parent=1081"}],"wp:term":[{"taxonomy":"category","embeddable":true,"href":"http:\/\/blog.inmontanis.info\/index.php?rest_route=%2Fwp%2Fv2%2Fcategories&post=1081"},{"taxonomy":"post_tag","embeddable":true,"href":"http:\/\/blog.inmontanis.info\/index.php?rest_route=%2Fwp%2Fv2%2Ftags&post=1081"}],"curies":[{"name":"wp","href":"https:\/\/api.w.org\/{rel}","templated":true}]}}