{"id":10805,"date":"2025-05-29T19:15:52","date_gmt":"2025-05-29T17:15:52","guid":{"rendered":"http:\/\/blog.inmontanis.info\/?p=10805"},"modified":"2025-05-29T19:16:23","modified_gmt":"2025-05-29T17:16:23","slug":"barbarossaschucht-29-5-2025","status":"publish","type":"post","link":"http:\/\/blog.inmontanis.info\/?p=10805","title":{"rendered":"Barbarossaschlucht, 29.5.2025"},"content":{"rendered":"<p><strong>Mi, 28.5.2025<\/strong><\/p>\n<p>Tjaja&#8230;  schon haben sich die Wettervorhersagen f\u00fcr morgen wieder verschlechtert :( Vmtl. kaum noch Sonne, sondern Schneefall (bzw. Regen). Plus Sturm. Kann also sein, dass das Skigebiet komplett geschlossen bleibt wegen Sturm oder Schlechtwetter. Daf\u00fcr soll&#8217;s FR+SA noch besser sein.<\/p>\n<p>Jetzt weil das Wetter wieder besser wird und durch die Feiertage mehr Leute kommen k\u00f6nnten, wird nun  1,5 Wochen vor Saisonschluss nochmals einiges geschlossen. Laut Facebook wird nun der Funpark und die  Panorama-DSB nicht mehr offen sein, obwohl mir vor einigen Wochen per Email best\u00e4tigt wurde, dass die DSB bis 8.6. offen haben wird. Zumindest steht nun auf Facebook geschrieben:<\/p>\n<blockquote><p>&#8220;Wir passen ab heute den Betrieb den aktuellen Bedingungen an und treffen bereits wichtige Vorkehrungen im Bereich Snowfarming, um unsere Schneereserven langfristig zu sichern.<br \/>\nDiese Ma\u00dfnahmen helfen uns, den Skibetrieb im kommenden Herbst fr\u00fchzeitig wieder aufzunehmen. <\/p>\n<p>Trotz der Vorkehrungen steht euch der Gletscherjet mit den umliegenden Pisten (siehe ge\u00f6ffnete Anlagen auf unserer Webseite), sowie die Piste 9 Richtung Mittelstation, das olympische Trainingszentrum f\u00fcr Profirides und das Bergrestaurant Eissee bis zum 8. Juni zur Verf\u00fcgung!&#8221;\n<\/p><\/blockquote>\n<p>Demnach wird also nicht nur der Schnee vom nun geschlossenen Funpark, sondern auch von den DSB-Abfahrten f\u00fcrs Snowfarming genommen?! Ohne die DSB kommt man leider wesentlich schlechter zur Mittelstationsabfahrt von der Gletscher-6KSB aus und au\u00dferdem fallen dadurch 2-3 sch\u00f6ne Abfahrten weg plus (falls Schnee gut) einige offpiste-Varianten :(<\/p>\n<p>Ich fuhr heut Nachmittag um 13 Uhr trotzdem los, diesmal die Autobahn bis W\u00f6rgl und dann \u00fcber Pass Thurn und den mautpflichtigen Felbertauern nach Lienz. Diesmal ohne Erm\u00e4\u00dfigung wie bisher, weil kein passendes Autokennzeichen mehr. Glaub die letzten Male bin ich eher von S\u00fcd nach Nord gefahren als von Nord nach S\u00fcd, kam mir recht unbekannt vor. <\/p>\n<p>Geregnet hatte es auf beiden Seiten des Alpenhauptkamms mal mehr mal weniger.<\/p>\n<p><a href='http:\/\/extra.inmontanis.info\/d\/131151-2\/DSC04679.jpg'><img src=http:\/\/extra.inmontanis.info\/d\/131150-3\/DSC04679.jpg \/><\/a><br \/>\n^ Felbertauerntunnel Nord<\/p>\n<p><a href='http:\/\/extra.inmontanis.info\/d\/131155-2\/DSC04680.jpg'><img src=http:\/\/extra.inmontanis.info\/d\/131154-3\/DSC04680.jpg \/><\/a><br \/>\n^ Felbertauerntunnel Nord<\/p>\n<p>2,1km vor dem ersten Kreisverkehr in Lienz dann leider starker Stau. Ca. 20-25min bis zum Kreisverkehr, wo es ins Pustertal abzweigt, aber auch durch Lienz durch extrem. Insg. ca. 45min Zeitverlust :(<\/p>\n<p>Warum hat Lienz keine Umfahrungsstrasse?? Oder tut wenigstens den Durchgangsverkehr durch Nebenstra\u00dfen f\u00fchren?? Vmtl. g\u00e4be es schon einige Stra\u00dfen, wo man den Stau h\u00e4tte umfahren k\u00f6nnen. <\/p>\n<p>Der Lidl fiel dann auch aus, weil falsche Seite und ich bei dem Stau da nicht rausfahren wollte. Also nur zum Interspar.<\/p>\n<p>Leider irgendwann nur noch an Semmeln &#038; Co geddacht und nicht an noch etwas Fischdosen o.\u00e4.  bzw.  lief mir nichts mehr \u00fcber den Weg. Naja, paar Sachen hab ich ja und ewig halten die 8 Semmeln + 2 Laugensemmeln (die g\u00fcnstigen Brezen waren ausverkauft) ja auch nicht.<\/p>\n<p>\u00dcbernachtet wird heute noch nicht am M\u00f6lltaler, um morgen noch etwas fahren zu k\u00f6nnen oder um ein Alternativziel anzufahren, wenn sie nicht offen haben sollten.<\/p>\n<p>Einr\u00e4umen, umr\u00e4umen, PC anschlie\u00dfen, daf\u00fcr hab ich morgen mehr oder viel Zeit.<\/p>\n<p>Da ich nun nach 3-w\u00f6chiger Pause wieder im Auto schlafe, bin ich gespannt, ob ich die n\u00e4chsten Tage eine Erk\u00e4ltung bekomme, da ich ja nicht intensiv nach Schimmel gesucht und gereinigt hab und es jetzt nicht mehr gewohnt bin. Ich erinnere an Hintertux vor 2 Jahren, wo ich ziemlich jede Woche dort erk\u00e4ltet war und ich es auf das nicht gereinigte Auto schob. Diese Saison ja noch gar keine Erk\u00e4ltung gehabt.<\/p>\n<p>Der Abend und die Nacht verlief ebenfalls mit leichtem Regen. <\/p>\n<p><strong>Do, 29.5.2025<\/strong><\/p>\n<p>Tja, wie schon bef\u00fcrchtet .. die neue Schaumstoffmatratze ist leider arg hart :( Da h\u00e4tte ich doch lieber das alte Modell wieder gekauft. Wobei nat\u00fcrlich auch nicht sicher bin, ob die alte tats\u00e4chlich die 50er war und die heutige noch ident w\u00e4re.<\/p>\n<p>Oder vieleicht diese ein bisschen d\u00fcnner. Oder ich k\u00f6nnte die nochmals etwas d\u00fcnner schneiden lassen und dann vorerst den &#8220;verd\u00fcnnerten&#8221; Teil nehmen, bis der mal durchgelegener ist, und dann den Rest wieder dazu?<\/p>\n<p>In Obervellach schien morgens schon viel Sonne (paar Regentropfen gab es trotzdem), die Webcams am Gletscher zeigten um 8 Uhr Nebel und Schneefall und trotz Feiertags meldeten die Gletscherbahnen schon, dass das Skigebiet heut wegen Schlechtwetters geschlossen sei :(<\/p>\n<p>Alternativen in der Gegend w\u00e4ren zB zwei kostenpflichtige Schluchten (je 9 \u20ac), die man besuchen k\u00f6nnte. Beide leider offiziell nur in einer RIchtung begehbar (raufw\u00e4rts), so dass man runterw\u00e4rts au\u00dfenrum durch den Wald muss. Da m\u00fcsste man sich also  f\u00fcr eine von beiden entscheiden und da kommt noch dazu, dass ich eigentlich gar keine Lust auf eine Wanderung oder Schlucht heut hab. H\u00e4tte ja Skifahren wollen.<\/p>\n<p>Die Kreuzeckbahn ist auch noch geschlossen, die Rei\u00dfeckbahn gibts ja leider gar nicht mehr, vor vielen Jahren  hatte ich ja auch aus Zeitgr\u00fcnden damals nur die Kreuzeckbahn besucht &#8211; fehler also im Nachhinen. Schade, sehr schade. Rei\u00dfeck w\u00e4r wegen der zus\u00e4tzliche Schmalspurbahn oben ja viel interessanter gewdesen und h\u00e4tte fr\u00fcher auch noch ein Skigebiet gehabt.<\/p>\n<p>Lt Wikipedia:<\/p>\n<blockquote><p>\n2010 begannen die Arbeiten an Rei\u00dfeck II, einer Erweiterung und Modernisierung der Kraftwerksanlage, was eine f\u00fcr gro\u00dfe Lkw befahrbare Stra\u00dfe erforderlich machte. 2014 wurde der Betrieb der Rei\u00dfeck-H\u00f6henbahn eingestellt, da ihre Trasse dem Stra\u00dfenbau weichen musste. Da dadurch das Seenplateau nicht mehr erreichbar war, verlor die Standseilbahn den Gro\u00dfteil ihrer Attraktivit\u00e4t und verzeichnete weniger als die H\u00e4lfte der vorher 65.000 Fahrg\u00e4ste pro Saison.<\/p>\n<p>Aufgrund von Bauarbeiten am Schoberboden blieb ab 2016 auch die Rei\u00dfeck-Standseilbahn au\u00dfer Betrieb. Im Februar 2017 gab der Verbund bekannt, den touristischen Betrieb aufzugeben\n<\/p><\/blockquote>\n<p>Etwas weiter weg g\u00e4be es noch eine weitere Schlucht, die kostenlos w\u00e4re, und dort in der N\u00e4he und noch weiter Weg g\u00e4be es dann zB. die r\u00f6mische Ausgrabungsst\u00e4tte Aguntum vor Lienz (da m\u00fcsste ich wieder den einen kleinen Pass zur\u00fcck fahren) oder in der anderen Richtung nahe der kostenlosen Schlucht ein wohl unlohnenswert winziges r\u00f6misches Museum Argentum, das man auch mit einem noch weiteren R\u00f6mermuseum vor Spittal\/Drau kombinieren k\u00f6nnte. <\/p>\n<p>Aber bis Lienz oder Spittal m\u00f6cht ich heut nicht fahren.<\/p>\n<p>Die um 10 Uhr aufs Auto knallende Sonne (zuvor Schatten wg. B\u00e4ume) zwangen mich zum Aufbruch, also fuhr ich halt mal nach M\u00fchldorf zur kostenlosen Barbarossaschlucht, soll 1899 erschlossen worden sein. Mal schaun, ob ich darauf heut Lust hab und\/oder noch Lust auf die anschliessende Kelten- und R\u00f6mer-Rundwege samt des Argentum-Mini-Museums.<\/p>\n<p>Die g\u00fcnstige Automatentankstelle um 1,499 (Super E10) hatte sogar ein offenes WC, erstaunlich. Nutzte ich somit beides aus, nur mein Wasser konnte ich dort noch nicht nachf\u00fcllen.<\/p>\n<p><a href='http:\/\/extra.inmontanis.info\/d\/131159-2\/DSC04686.jpg'><img src=http:\/\/extra.inmontanis.info\/d\/131158-3\/DSC04686.jpg \/><\/a><br \/>\n^ Zwischen Obervellach und M\u00fchldorf<\/p>\n<p><a href='http:\/\/extra.inmontanis.info\/d\/130991-2\/DSC04688.jpg'><img src=http:\/\/extra.inmontanis.info\/d\/130989-3\/DSC04688.jpg \/><\/a><br \/>\n^ Parkplatz Barbarossa-Schlucht in M\u00fchldorf<\/p>\n<p><a href='http:\/\/extra.inmontanis.info\/d\/130995-2\/DSC04689.jpg'><img src=http:\/\/extra.inmontanis.info\/d\/130994-3\/DSC04689.jpg \/><\/a><br \/>\n^ Geschichte M\u00fchldorf, leider wird nicht erw\u00e4hnt, was diese Mauern hier einst waren, aber im Nachhinein wohl was von der Eisenbahn<\/p>\n<p><a href='http:\/\/extra.inmontanis.info\/d\/130999-2\/DSC04690.jpg'><img src=http:\/\/extra.inmontanis.info\/d\/130998-3\/DSC04690.jpg \/><\/a><br \/>\n^ Infotafel Barbarossaschlucht<\/p>\n<p>Nach etlichen Schluchten in Norwegen, Gro\u00dfbritannien und der Isle of Man heute nach langer Zeit mal wieder eine in \u00d6stereich. Und es wird voraussichtlich die einzige Wanderung 2025 bleiben, wenn ich nicht doch schon im August ins UK fahre, um den Winterstart in Schottland zu machen.<\/p>\n<p>Die Schlucht war in Ordnung,  zahlen m\u00f6cht ich da nicht f\u00fcr. Wie auch im UK\/IoM hat man hier vermutlich weniger Sicht als vor 100 Jahren aufgrund des st\u00e4rkeren Bewuchses.<\/p>\n<p><a href='http:\/\/extra.inmontanis.info\/d\/131003-2\/DSC04694.jpg'><img src=http:\/\/extra.inmontanis.info\/d\/131002-3\/DSC04694.jpg \/><\/a><br \/>\n^ Hier soll mal ein Schloss gestanden haben von denen, die dann die Schlucht touristisch erschlossen haben<\/p>\n<p><a href='http:\/\/extra.inmontanis.info\/d\/131007-2\/DSC04696.jpg'><img src=http:\/\/extra.inmontanis.info\/d\/131006-3\/DSC04696.jpg \/><\/a><br \/>\n^ Evtl. \u00dcberreste vom Schloss<\/p>\n<p><a href='http:\/\/extra.inmontanis.info\/d\/131011-2\/DSC04698.jpg'><img src=http:\/\/extra.inmontanis.info\/d\/131010-3\/DSC04698.jpg \/><\/a><br \/>\n^ Infotafeln, hier Geschichtliches, sp\u00e4ter dann eine Geschichte<\/p>\n<p><a href='http:\/\/extra.inmontanis.info\/d\/131015-2\/DSC04699.jpg'><img src=http:\/\/extra.inmontanis.info\/d\/131014-3\/DSC04699.jpg \/><\/a><br \/>\n^ Oh du ausgetrocknetes \u00d6sterreich ;)<\/p>\n<p><a href='http:\/\/extra.inmontanis.info\/d\/131019-2\/DSC04701.jpg'><img src=http:\/\/extra.inmontanis.info\/d\/131018-3\/DSC04701.jpg \/><\/a><br \/>\n^ Auf verschiedenen Tafeln wird eine Geschichte erz\u00e4hlt<\/p>\n<p><a href='http:\/\/extra.inmontanis.info\/d\/131023-2\/DSC04705.jpg'><img src=http:\/\/extra.inmontanis.info\/d\/131022-3\/DSC04705.jpg \/><\/a><br \/>\n^ Nicht \u00f6ffentliche Br\u00fccke<\/p>\n<p><a href='http:\/\/extra.inmontanis.info\/d\/131027-2\/DSC04707.jpg'><img src=http:\/\/extra.inmontanis.info\/d\/131026-3\/DSC04707.jpg \/><\/a><br \/>\n^ .. von dort talw\u00e4rts<\/p>\n<p><a href='http:\/\/extra.inmontanis.info\/d\/131031-2\/DSC04708.jpg'><img src=http:\/\/extra.inmontanis.info\/d\/131030-3\/DSC04708.jpg \/><\/a><br \/>\n^ Am Fluss entlang<\/p>\n<p><a href='http:\/\/extra.inmontanis.info\/d\/131035-2\/DSC04709.jpg'><img src=http:\/\/extra.inmontanis.info\/d\/131034-3\/DSC04709.jpg \/><\/a><br \/>\n^ <\/p>\n<p><a href='http:\/\/extra.inmontanis.info\/d\/131039-2\/DSC04713.jpg'><img src=http:\/\/extra.inmontanis.info\/d\/131038-3\/DSC04713.jpg \/><\/a><br \/>\n^ Durch den Bewuchs sieht man auch hier nur noch wenig<\/p>\n<p><a href='http:\/\/extra.inmontanis.info\/d\/131043-2\/DSC04714.jpg'><img src=http:\/\/extra.inmontanis.info\/d\/131042-3\/DSC04714.jpg \/><\/a><br \/>\n^ Ahja, da ist der Fluss<\/p>\n<p><a href='http:\/\/extra.inmontanis.info\/d\/131047-2\/DSC04716.jpg'><img src=http:\/\/extra.inmontanis.info\/d\/131046-3\/DSC04716.jpg \/><\/a><br \/>\n^ Talw\u00e4rts<\/p>\n<p><a href='http:\/\/extra.inmontanis.info\/d\/131051-2\/DSC04720.jpg'><img src=http:\/\/extra.inmontanis.info\/d\/131050-3\/DSC04720.jpg \/><\/a><br \/>\n^ Weiter oben gibt&#8217;s einige Treppen<\/p>\n<p><a href='http:\/\/extra.inmontanis.info\/d\/131055-2\/DSC04721.jpg'><img src=http:\/\/extra.inmontanis.info\/d\/131054-3\/DSC04721.jpg \/><\/a><br \/>\n^ Talw\u00e4rts<\/p>\n<p><a href='http:\/\/extra.inmontanis.info\/d\/131059-2\/DSC04722.jpg'><img src=http:\/\/extra.inmontanis.info\/d\/131058-3\/DSC04722.jpg \/><\/a><br \/>\n^ .. und man wechselt die Seite (sp\u00e4ter wieder zur\u00fcck)<\/p>\n<p><a href='http:\/\/extra.inmontanis.info\/d\/131063-2\/DSC04723.jpg'><img src=http:\/\/extra.inmontanis.info\/d\/131062-3\/DSC04723.jpg \/><\/a><br \/>\n^ Der Wasserfall ist kaum noch zu sehen<\/p>\n<p><a href='http:\/\/extra.inmontanis.info\/d\/131067-2\/DSC04725.jpg'><img src=http:\/\/extra.inmontanis.info\/d\/131066-3\/DSC04725.jpg \/><\/a><br \/>\n^ <\/p>\n<p><a href='http:\/\/extra.inmontanis.info\/d\/131071-2\/DSC04726.jpg'><img src=http:\/\/extra.inmontanis.info\/d\/131070-3\/DSC04726.jpg \/><\/a><br \/>\n^ <\/p>\n<p><a href='http:\/\/extra.inmontanis.info\/d\/131075-2\/DSC04729.jpg'><img src=http:\/\/extra.inmontanis.info\/d\/131074-3\/DSC04729.jpg \/><\/a><br \/>\n^ Felsentor<\/p>\n<p><a href='http:\/\/extra.inmontanis.info\/d\/131079-2\/DSC04731.jpg'><img src=http:\/\/extra.inmontanis.info\/d\/131078-3\/DSC04731.jpg \/><\/a><br \/>\n^ Felsentor<\/p>\n<p><a href='http:\/\/extra.inmontanis.info\/d\/131083-2\/DSC04734.jpg'><img src=http:\/\/extra.inmontanis.info\/d\/131082-3\/DSC04734.jpg \/><\/a><br \/>\n^ Wasserfall<\/p>\n<p><a href='http:\/\/extra.inmontanis.info\/d\/131087-2\/DSC04739.jpg'><img src=http:\/\/extra.inmontanis.info\/d\/131086-3\/DSC04739.jpg \/><\/a><br \/>\n^ Ab hier wird der Weg nun abenteuerlicher<\/p>\n<p><a href='http:\/\/extra.inmontanis.info\/d\/131091-2\/DSC04742.jpg'><img src=http:\/\/extra.inmontanis.info\/d\/131090-3\/DSC04742.jpg \/><\/a><br \/>\n^ Barbarossatisch<\/p>\n<p><a href='http:\/\/extra.inmontanis.info\/d\/131095-2\/DSC04743.jpg'><img src=http:\/\/extra.inmontanis.info\/d\/131094-3\/DSC04743.jpg \/><\/a><br \/>\n^ Barbarossatisch<\/p>\n<p><a href='http:\/\/extra.inmontanis.info\/d\/131099-2\/DSC04745.jpg'><img src=http:\/\/extra.inmontanis.info\/d\/131098-3\/DSC04745.jpg \/><\/a><br \/>\n^ Barbarossatisch<\/p>\n<p><a href='http:\/\/extra.inmontanis.info\/d\/131103-2\/DSC04747.jpg'><img src=http:\/\/extra.inmontanis.info\/d\/131102-3\/DSC04747.jpg \/><\/a><br \/>\n^ Wasserfall<\/p>\n<p><a href='http:\/\/extra.inmontanis.info\/d\/131107-2\/DSC04751.jpg'><img src=http:\/\/extra.inmontanis.info\/d\/131106-3\/DSC04751.jpg \/><\/a><br \/>\n^ Kanzel<\/p>\n<p><a href='http:\/\/extra.inmontanis.info\/d\/131111-2\/DSC04752.jpg'><img src=http:\/\/extra.inmontanis.info\/d\/131110-3\/DSC04752.jpg \/><\/a><br \/>\n^ Wasserfall von der Kanzel; in die andere Richtung ins Tal kann man wg. B\u00e4umen nichts sehen<\/p>\n<p><a href='http:\/\/extra.inmontanis.info\/d\/131115-2\/DSC04758.jpg'><img src=http:\/\/extra.inmontanis.info\/d\/131114-3\/DSC04758.jpg \/><\/a><br \/>\n^ Weg von zuvor von der Kanzel<\/p>\n<p>Hier angekommen musste ich mich entscheiden, den Rundweg und domit den R\u00fcckweg durch den Wald fortzusetzen (da musste man aber erst noch etwas aufsteigen) oder die Schlucht wieder retour. <\/p>\n<p>Einerseits geh ich lieber Rundwege, aber der Weg durch die Schlucht w\u00e4r sicher sch\u00f6ner, man bek\u00e4me weitere Eindr\u00fccke, k\u00f6nnte einige Treppen bergab steigen (=bequemer) und man wei\u00df ja nicht, wie der Weg durch den Wald so w\u00e4re. <\/p>\n<p>Ging aber trotzdem den Rundweg durch den Wald runter, naja, eher ein Fehler. Durchgehend recht steil, so dass ich schon nach ca 100hm ein leichtes Stechen im rechten Knie bemerkte und wenig sp\u00e4ter zog es dann in den Waden.<\/p>\n<p><a href='http:\/\/extra.inmontanis.info\/d\/131119-2\/DSC04761.jpg'><img src=http:\/\/extra.inmontanis.info\/d\/131118-3\/DSC04761.jpg \/><\/a><br \/>\n^ Von hier aus geht es noch ein St\u00fcck bergauf, bevor man den Rundweg durch den Wald runtergehen kann &#8211; naja, ich w\u00e4r besser durch die Schlucht retour. Steil ist es hier jedenfalls<\/p>\n<p><a href='http:\/\/extra.inmontanis.info\/d\/131123-2\/DSC04765.jpg'><img src=http:\/\/extra.inmontanis.info\/d\/131122-3\/DSC04765.jpg \/><\/a><br \/>\n^ Weg talw\u00e4rts durch den Wald ist recht gleichm\u00e4\u00dfig steil<\/p>\n<p><a href='http:\/\/extra.inmontanis.info\/d\/131127-3\/DSC04767.jpg'><img src=http:\/\/extra.inmontanis.info\/d\/131126-4\/DSC04767.jpg \/><\/a><br \/>\n^ Wasserschloss<\/p>\n<p><a href='http:\/\/extra.inmontanis.info\/d\/131131-3\/DSC04771.jpg'><img src=http:\/\/extra.inmontanis.info\/d\/131130-4\/DSC04771.jpg \/><\/a><br \/>\n^ Wasserschloss 1923, eine T\u00fcr hat das Geb\u00e4ude keine<\/p>\n<p><a href='http:\/\/extra.inmontanis.info\/d\/131135-3\/DSC04776.jpg'><img src=http:\/\/extra.inmontanis.info\/d\/131134-4\/DSC04776.jpg \/><\/a><br \/>\n^ Wieder unten an der Linde \/ Schloss \/ Eisenbahn<\/p>\n<p><a href='http:\/\/extra.inmontanis.info\/d\/131139-3\/DSC04779.jpg'><img src=http:\/\/extra.inmontanis.info\/d\/131138-4\/DSC04779.jpg \/><\/a><br \/>\n^ In die Gegenrichtung gar nicht aufgefallen, dass man hier \u00fcber die alte Eisenbahnbr\u00fccke geht<\/p>\n<p><a href='http:\/\/extra.inmontanis.info\/d\/131143-3\/DSC04782.jpg'><img src=http:\/\/extra.inmontanis.info\/d\/131142-4\/DSC04782.jpg \/><\/a><br \/>\n^ Zug und Blick in die Schlucht<\/p>\n<p><a href='http:\/\/extra.inmontanis.info\/d\/131147-3\/ge20250529d.jpg'><img src=http:\/\/extra.inmontanis.info\/d\/131146-4\/ge20250529d.jpg \/><\/a><br \/>\n^ Wanderung Barbarossaschlucht<\/p>\n<p>Nach ca. 2h kam ich wieder am Auto an, wo das Solarpanel den Stromverbrauch des K\u00fchlschranks, der heute noch l\u00e4uft, wieder kompensiert hatte.<\/p>\n<p>Also 13 Uhr, was nun noch? Auf weitere Rundwege hab ich somit keine Lust mehr, das Mini-R\u00f6mermuseum k\u00f6nnte man auch sp\u00e4ter besuchen, wenn man mal die K\u00e4rnten-Card hat, die ich mir heuer doch nicht kaufen m\u00f6chte,  weil es mich dann wieder zu sehr vereinnahmt, zu stresst, zu viel Rumfahrerei, zu viel Hitze, ich will heuer doch mal etwas entspannter den Sommer daheim verbringen, bevor es wieder 9-12 Monate auf Tour geht.<\/p>\n<p>Da m\u00fcsste ich schon fix entschieden haben,  den Winter in den Alpen anzufangen (wie ich es geplant h\u00e4tte, wenn ich mir den Gopass gekauft h\u00e4tte).<\/p>\n<p>Am Gletscher lt. Webcam nach wie vor neblig, aber die Mittelstationsabfahrt w\u00e4r nun von der Sicht her gegangen.<\/p>\n<p>\u00dcbernachten am gleichen Platz wie gestern w\u00fcrde bedeuten, 1. w\u00e4rmere Nacht als an der Gletschertalstation (oder nachmittags\/abends zu warm, wenn die Sonne scheinen sollte), 2. kann ich morgen Fr\u00fch noch Batterie aufladen, aber 3. sollte ich morgen vor der Arbeit noch rauf zur Talstation fahren, damit ich nach 11 Uhr nicht zu viel Zeit verliere, wenn es mal sonnig ist. Falls nicht wg. Sturm geschlossen sein sollte. Zudem es jetzt warm wird die n\u00e4chsten Tage, also Pappschnee garantiert ist, auch wegen des zus\u00e4tzlichen Neuschnees nun wieder. <\/p>\n<p>Jedenfalls k\u00f6nnte ich heut somit im Tal noch irgendwo einen Imbiss besuchen, falls was offen h\u00e4tte. oder es was geben w\u00fcrde, denn auf Gmaps find ich mal nix. Das mich mal wieder komplett \u00e4rgert, indem es nach einer neuen Suche hier in dem Bereich laufend nach Innsbruck reinzoomt. Das wird von Version zu Version immer nur noch schlechter. Leider versagte die alte Version irgendwann den Dienst.<\/p>\n<p>In Schweden w\u00e4r vielleicht eine Tankstelle nicht weit, wo man g\u00fcnstig Hotdogs oder Schnitzel bek\u00e4m &#8230; aber an Schweden musste ich gestern schon im Interspar denken, ist halt vom Lebensmittelangebot nicht mit zB einem Maxi ICA zu vergleichen. Auch wenn es bei manchen Dingen in AT mehr Auswahl gibt als in SE, gilt das nat\u00fcrlich auch umgekehrt. Auch wenn mir Superm\u00e4rkte in AT eigentlich und zumindest   lieber waren als die in DE (weil zumeist schmackhaftere Produkte), aber Interspar und Spar fand ich  fr\u00fcher, vor den Umbauten in den letzten ca. 5-7 Jahren,  einfach besser.<\/p>\n<p>Da ich keine Lust hatte,  noch weiter Weg vom Gletscher zu fahren, fuhr ich halt wieder nach Obervellach,  die Lagerhaus-Tankstelle dort hat zwar ein Caf\u00e9, aber ich find nix, was es da zu essen g\u00e4be. Gegen 15h fuhr ich vom Schluchtparkplatz wieder ab.<\/p>\n<p>Das Caf\u00e9 an der Tankstelle sah mir wie bef\u00fcrchtet eher nach Raucherst\u00fcberl aus, Fleischk\u00e4ssemmel kostete 2,80 als Normal (K\u00e4se gabs keinen, Chili ist mir zu scharf). Auf die Nachfrage, ob Ketchup oder Mayo traute ich mich nicht nach bissl Senf zu fragen, bevor der 20-50 Cent extra kostet. Eine 1,5l Flasche Sprudelwasser um 0,89 plus Pfand war dagegen preislich f\u00fcr eine Tankstelle annehmbar (keine Ahnung, ob ichs brauchen w\u00fcrde heute, morgen kann ich ja am WC wieder was in die Flasche gie\u00dfen). Eis kostete meist um die 1,90-3,20, Cornetto gab&#8217;s leider keins, also mal das Sch\u00f6ller Sandwich genommen, laut Anschlag 1,90. Toilette gibts auch.<\/p>\n<p><a href='http:\/\/extra.inmontanis.info\/d\/131163-2\/DSC04784.jpg'><img src=http:\/\/extra.inmontanis.info\/d\/131162-3\/DSC04784.jpg \/><\/a><br \/>\n^ Fleischk\u00e4ssemmel, die hier Leberk\u00e4ssemmel hei\u00dft, plus ein Eis, das aber nicht mehr in N\u00fcrnberg produziert wird, aber trotzdem f\u00fcr&#8217;s klassische Eis entschieden, damit es uns noch l\u00e4nger erhalten bleibt<\/p>\n<p>Reicht mir das als Haupt-Essen heute? Plus eine Wurstsemmel heut Mittag und eine bisher halbe Nusskrone (\u00e4hnl. Kipferl) von gestern &#8230; <\/p>\n<p>Das Sitzen am Tisch scheint mit der neuen Matratze etwas angenehmer, weil die durch die etwas gr\u00f6\u00dfere Gr\u00f6\u00dfe hinten am R\u00fccken etwas gerader steht und die gr\u00f6\u00dfere H\u00e4rte ist wohl auch nicht verkehrt dabei.<\/p>\n<p>Der Abend verlief noch recht warm, weil es, nach anf\u00e4nglich dichten Wolken und etwas Regentropfen, doch noch l\u00e4nger sonnig war.<\/p>\n<p>Morgen dann hoffentlich Ski fahren.<\/p>\n","protected":false},"excerpt":{"rendered":"<p>Mi, 28.5.2025<\/p>\n<p>Tjaja&#8230; schon haben sich die Wettervorhersagen f\u00fcr morgen wieder verschlechtert :( Vmtl. kaum noch Sonne, sondern Schneefall (bzw. Regen). Plus Sturm. Kann also sein, dass das Skigebiet komplett geschlossen bleibt wegen Sturm oder Schlechtwetter. Daf\u00fcr soll&#8217;s FR+SA noch besser sein.<\/p>\n<p>Jetzt weil das Wetter wieder besser wird und durch die Feiertage mehr Leute <a href=\"http:\/\/blog.inmontanis.info\/?p=10805\">[&#8230;]<\/a><\/p>\n","protected":false},"author":1,"featured_media":10807,"comment_status":"closed","ping_status":"closed","sticky":false,"template":"","format":"standard","meta":{"footnotes":""},"categories":[940,13,30],"tags":[86],"class_list":["post-10805","post","type-post","status-publish","format-standard","has-post-thumbnail","hentry","category-2025-01-alpenskandinavien","category-austria","category-wandern","tag-wasserfall","odd"],"_links":{"self":[{"href":"http:\/\/blog.inmontanis.info\/index.php?rest_route=\/wp\/v2\/posts\/10805","targetHints":{"allow":["GET"]}}],"collection":[{"href":"http:\/\/blog.inmontanis.info\/index.php?rest_route=\/wp\/v2\/posts"}],"about":[{"href":"http:\/\/blog.inmontanis.info\/index.php?rest_route=\/wp\/v2\/types\/post"}],"author":[{"embeddable":true,"href":"http:\/\/blog.inmontanis.info\/index.php?rest_route=\/wp\/v2\/users\/1"}],"replies":[{"embeddable":true,"href":"http:\/\/blog.inmontanis.info\/index.php?rest_route=%2Fwp%2Fv2%2Fcomments&post=10805"}],"version-history":[{"count":3,"href":"http:\/\/blog.inmontanis.info\/index.php?rest_route=\/wp\/v2\/posts\/10805\/revisions"}],"predecessor-version":[{"id":10809,"href":"http:\/\/blog.inmontanis.info\/index.php?rest_route=\/wp\/v2\/posts\/10805\/revisions\/10809"}],"wp:featuredmedia":[{"embeddable":true,"href":"http:\/\/blog.inmontanis.info\/index.php?rest_route=\/wp\/v2\/media\/10807"}],"wp:attachment":[{"href":"http:\/\/blog.inmontanis.info\/index.php?rest_route=%2Fwp%2Fv2%2Fmedia&parent=10805"}],"wp:term":[{"taxonomy":"category","embeddable":true,"href":"http:\/\/blog.inmontanis.info\/index.php?rest_route=%2Fwp%2Fv2%2Fcategories&post=10805"},{"taxonomy":"post_tag","embeddable":true,"href":"http:\/\/blog.inmontanis.info\/index.php?rest_route=%2Fwp%2Fv2%2Ftags&post=10805"}],"curies":[{"name":"wp","href":"https:\/\/api.w.org\/{rel}","templated":true}]}}