{"id":10802,"date":"2025-05-27T15:29:28","date_gmt":"2025-05-27T13:29:28","guid":{"rendered":"http:\/\/blog.inmontanis.info\/?p=10802"},"modified":"2025-05-27T15:29:28","modified_gmt":"2025-05-27T13:29:28","slug":"weiter-warten-weitere-lustige-statistiken-stuckco-22-27-5-2025","status":"publish","type":"post","link":"http:\/\/blog.inmontanis.info\/?p=10802","title":{"rendered":"Weiter warten \/ weitere lustige Statistiken \/ Stuck&#038;Co, 22.-27.5.2025"},"content":{"rendered":"<p><strong>Do, 22.5.2025<\/strong><\/p>\n<p>Wettervorhersagen wurden wieder etwas schlechter f\u00fcrs WE, immerhin soll es nun wohl von SA-MO (fast) trocken bleiben, sp\u00e4testens ab DO soll wieder viel Schneefall kommen, diesmal aber mit h\u00f6herer Schneefallgrenze. Ok, wenn das als Regen k\u00e4me, k\u00f6nnte es danach vielleicht noch nett werden.<\/p>\n<p>Mir sind noch ein paar lustige Auswertungen eingefallen als Erg\u00e4nzung zum letzten Beitrag ..<\/p>\n<p>.. gibt es einen Kalendertag, der \u00fcber die Jahre verteilt besonders gut oder schlecht war?<\/p>\n<p>Ja, da gibts sogar etliche. Ab mindestens 3 Besuchen:<\/p>\n<p>1.4. mit Durchschnitt 4,0 bei 9 Besuchen (!)<br \/>\n13.6. mit Durchschnitt 4,0 bei 3 Besuchen<br \/>\n27.3. mit Durchschnitt 3,8 bei 5 Besuchen<br \/>\n18.1. mit Durchschnitt 3,8 bei 5 Besuchen<br \/>\n7.7. mit Durchschnitt 3,75 bei 4 Besuchen<br \/>\n21.3. mit Durchschnitt 3,714 bei 7 Besuchen<br \/>\n25.9. mit Durchschnitt 3,667 bei 3 Besuchen<br \/>\n25.11. mit Durchschnitt 3,6 bei 5 Besuchen<br \/>\n16.3. mit Durchschnitt 3,6 bei 10 Besuchen<\/p>\n<p>Am anderen Ende stehen z.B.  (nicht alle aufgelistet, da fehlen zwischendrin welche):<\/p>\n<p>30.1. mit 1,714 bei 7 Besuchen<br \/>\n20.6. mit 2,0 bei 3 Besuchen<br \/>\n7.5. mit 2,2 bei 5 Besuchen<br \/>\n16.12. mit 2,25 bei 12 Besuchen<br \/>\n28.1. mit 2,364 bei 11 Besuchen<\/p>\n<p>Wobei bei dieser Auswertung wieder jeweils gilt: pro Kalendertag in einem Jahr k\u00f6nnte es auch mehrere Besuche unterschiedlicher Gebiete gegeben haben. Also es k\u00f6nnte (nicht kontrolliert) sein, dass die 7 Besuche an einem 30.1. nicht in 7, sondern in weniger Jahren waren.<\/p>\n<p>Dennoch schon etwas erstaunlich, diese Anh\u00e4ufung an manchen Tagen &#8230;<\/p>\n<p>Schauen wir uns noch die fixen Feiertage an:<\/p>\n<p>26.10. mit 3,0 bei 8 Besuchen<br \/>\n1.11. mit 2,571 bei 7 Besuchen<br \/>\n8.12. mit 2,75 bei 16 Besuchen<br \/>\n24.12. mit 3,0 bei 13 Besuchen<br \/>\n25.12. mit 2,909 bei 11 Besuchen<br \/>\n26.12. mit 2,750 bei 12 Besuchen<br \/>\n31.12. mit 3,1 bei 10 Besuchen<br \/>\n1.1. mit 3,167 bei 12 Besuchen<br \/>\n6.1. mit 2,8 bei 15 Besuchen<br \/>\n1.5. mit 2,923 bei 13 Besuchen<br \/>\n15.8. mit 3,0 bei 4 Besuchen<\/p>\n<p>= es siegt der 1.1. vor dem 31.12. (und der 1.5. ist immerhin besser als er 6.1.)<\/p>\n<p>Interessiert haben mich auch noch die Fr\u00fchjahrsmonate April-Mai-Juni, da ja Juni+April die bestbewertesten sind, Mai aber in der untern H\u00e4lfte rangiert, diesmal detaillierter in Monatsdrittelaufteilung, also jeweils 1.-10., 11.-20. und 21.-Ende<\/p>\n<p>Nochmals aus dem letzten Bericht:<br \/>\nPlatz 1: Jun mit 3,156<br \/>\nPlatz 3: Apr mit 3,132<br \/>\nPlatz 8: Mai mit 2,910<\/p>\n<p>Und jetz im Drittel:<br \/>\n-10.4. mit 3,150<br \/>\n11.-20.4. mit 3,150<br \/>\n21.4.- mit 3,093<\/p>\n<p>-10.5. mit 2,902<br \/>\n11.-20.5. mit 3,022<br \/>\n21.5.- mit 2,789<\/p>\n<p>-10.6. mit 3,345<br \/>\n11.-20.6. mit 2,964<br \/>\n21.6.- mit 3,150<\/p>\n<p>Auch interessant also, im April sinkt der Wert vom Anfang zum Ende, im Mai ist die Mitte noch am besten und im Juni ist die Mitte deutlich am schlechtesten und der Anfang am besten.<\/p>\n<p>Erkl\u00e4rungsm\u00f6glichkeit f\u00fcr den Mai \/ Juni Verlauf:<br \/>\n&#8211; Anfang Mai gibts noch offene Skigebiete, wo es mal sch\u00f6neren Firm gibt oder manche verl\u00e4ngern, aber es gibt auch h\u00e4ufig pappigen Neuschnee<br \/>\n&#8211; Mitte Mai gibts manchmals einen K\u00e4lteeinbruch, was bei Neuschnee am Gletscher immerhin kurzzeitig f\u00fcr weniger Papp sorgt<br \/>\n&#8211; Ende Mai dann wieder mehr Pappschnee bei Neuschnee und der Neuschnee von zuvor pappt auch noch<br \/>\n&#8211; Anfang Juni, die Schneefallgrenze liegt h\u00f6her, nun vielleicht \u00f6fters mal Regen oder sonnigeres Wetter und es pappt daher weniger; dannach kommt h\u00e4ufig nochmals ein K\u00e4lteeinbruch<br \/>\n&#8211; Der K\u00e4lteeinbruch von ca. Mitte Juni sorgt evtl. wieder f\u00fcr pappigeren Neuschnee<br \/>\n&#8211; .. was gegen Ende Juni wieder vorbei ist, daher wieder sch\u00f6ner. Zudem machten die Sommerskigebiete in IT+FR wieder auf und es gab mehr Abwechslung.<\/p>\n<p>Gibt es eigentlich einen Kalendertag, an dem ich in meinem Leben noch nie Skifahren war? Ja, gibt es tats\u00e4chlich sogar 5.<\/p>\n<p>Noch nie Ski gefahren bin ich an einem:<br \/>\n24.7.<br \/>\n6.8.<br \/>\n29.8.<br \/>\n6.9.<br \/>\n12.9.<\/p>\n<p>Am h\u00e4ufigsten Ski gefahren bin ich an einem 1.1., wenn ich das richtig sehe, in 39 Jahren, gefolgt von einem 6.1. mit 35 Jahren und 31.12. mit 29 Jahren.<\/p>\n<p>(Weitere Statistiken weiter unten.)<\/p>\n<p>&#8211;<\/p>\n<p>Da ich auf dem Heimweg ja an einigen Baum\u00e4rkten vorbei komme (insb. Hornbach und Bauhaus g\u00e4be es bei mir in der N\u00e4he nicht), w\u00e4re es praktisch, da vielleicht gleich was einzukaufen f\u00fcr meine geplante Wohnungsversch\u00f6nerung. Allerdings sollte ich da halt eigentlich mir erst im Klaren sein, was ich denn \u00fcberhaupt m\u00e4chte an Wand- und Deckenverzierungen \/ Stuck \/ Rosetten etc. <\/p>\n<p>Klar hab ich letztes Jahr im UK viel interessantes Zeug fotografiert und man findet auch genug im Netz, aber entscheiden muss ich mich ja dann f\u00fcr 1-2 Designs &#8230;. also sollte ich vmlt. erst einmal mit dem Bildbearbeitungspgramm ein paar Ideen in Bilder aus meiner Wohnung projezieren &#8211; was ich aber wohl erst daheim angehen w\u00fcrde (zeitlich betrachtet).<\/p>\n<p>Vmtl. einfachste und schnellste Methode: Styropor- oder Plastik-Leisten\/Rosetten aus dem Baumarkt. (Die, die mir online bei bauhaus.at evtl. am besten gefiele, ist aber nat\u00fcrlich wieder nirgends mehr lagernd; trotzdem sind einige der anderen bei Bauhaus auch tauglich; bei Hornbach und Obi gibts da kaum Auswahl.)<\/p>\n<p>\u00dcberlegt hatte ich letztes Jahr auch eine Kombination mit meinem 3D-Drucker, entweder die Elemente selbst drucken oder Gipsformen; aber da finde ich auch recht wenig Vorlagen. Einen Teil w\u00fcrd ich wohl auch nur aufmalen.<\/p>\n<p>Aber da meine Decke ja schon in Gr\u00fcn ist, bleibt mir farblich f\u00fcr dekorative Rosetten, Leisten, Rahmen usw. nicht so viel Spielraum. So manch sch\u00f6n bunten R\u00e4nder\/Rosetten wie letztes Jahr im UK fallen bei einer gr\u00fcnen Wand+Decke wohl aus; Wei\u00df oder Gold passt nat\u00fcrlich super und innerhalb von wei\u00dfen Elementen passen dann auch andere Farben.<\/p>\n<p>Also z.B. so was in der Richtung des ersten und dritten Bildes wird wohl bei meinen gr\u00fcnen W\u00e4nden+Decken nicht passen, Kommentare von meinen Berichten letztes Jahr im UK:<\/p>\n<p><a href='http:\/\/extra.inmontanis.info\/d\/109612-3\/DSC08244.jpg'><img src=http:\/\/extra.inmontanis.info\/d\/109611-4\/DSC08244.jpg \/><\/a><br \/>\n^ \u00dcberhaupt schon wieder so eine sch\u00f6ne 3D-Relief-Decke, auch an den Kanten. So langsam find ich meine gr\u00fcn gestrichene Decke daheim langweilig ;)<\/p>\n<p><a href='http:\/\/extra.inmontanis.info\/d\/111382-3\/DSC09198.jpg'><img src=http:\/\/extra.inmontanis.info\/d\/111381-4\/DSC09198.jpg \/><\/a><br \/>\n^ Noch so eine sch\u00f6ne Deckenrosette. Ist ja auch cool, dass die immer wieder etwas anders sind und nicht in jedem Raum ident.<\/p>\n<p><a href='http:\/\/extra.inmontanis.info\/d\/111354-3\/DSC09182.jpg'><img src=http:\/\/extra.inmontanis.info\/d\/111353-4\/DSC09182.jpg \/><\/a><br \/>\n^ .. aber noch besser gefielen mir die Deckenecken, die blaue Bord\u00fcre mit dem Goldband, oben die rote Kantenlinie und dann nat\u00fcrlich die gold-blaue, verzierte Ecke dazwischen<\/p>\n<p>Also, rote und blaue Rahmen w\u00fcrden bei mir nur mit wei\u00dfen dazwischen passen &#8211; da m\u00fcsste ich dann halt mal vorher am PC testen. Au\u00dferdem kann ich auf der Leiter \u00fcber Kopf nicht all zu lang irgendwelche Formen oder Schablonen malen.<\/p>\n<p>50cm sollte so eine Rosette wohl mindestens haben, aber 50 \u20ac oder mehr will ich daf\u00fcr auch nicht ausgeben. Dann lieber kleiner und au\u00dfenrum zum Pinsel gegriffen ;)<\/p>\n<p>Aber so eine heut im Netz gefundene komplette Deckenverzierung in Wei\u00df (bei mir auf gr\u00fcnem Hintergrund) w\u00e4r wohl auch cool:<br \/>\n<a href='https:\/\/www.artisanplastercraft.com\/wp-content\/uploads\/2022\/05\/ornamental-ceiling-restoration.jpg'>https:\/\/www.artisanplastercraft.com\/wp-content\/uploads\/2022\/05\/ornamental-ceiling-restoration.jpg<\/a><br \/>\n(Evtl. k\u00f6nnte ich die einzelnen Elemente auch mit dem 3D-Drucker machen und dann auf die Decke kleben? Je mehr ich das Design die n\u00e4chsten Tage ansah, desto mehr verfestigte sich das als ungef\u00e4hres Wunsch-Layout, weniger die Rosette innen, als eher die &#8220;Seilb\u00f6gen&#8221; au\u00dfen herum; plus etwas wie die abgebildete Rosette weiter oben)<\/p>\n<p>Meine bestehende Haupt-Lampe w\u00fcrde ich vielleicht mit einem Deckenventilator mit Licht ersetzen, da ich im Sommer recht schlecht die warme Luft aus der Wohnung bekomm mangels Durchl\u00fcftungsm\u00f6glichkeit (au\u00dfer ich w\u00fcrd die Wohnungst\u00fcr \u00f6ffnen) &#8211; der sollte die Rosette nicht ganz verdecken. Andererseits muss so ein Deckenventilator sicherlich ordentlich und gr\u00f6\u00dfer an die Decke geschraubt werden durch seine Rotationsenergie. Also vielleicht ist mir das auch zu viel Arbeit und ich stell lieber einen Ventilator vor&#8217;s Fenster ;)<\/p>\n<p>Aber eigentlich sollte ich das Lampenthema schon vor der Rosettenmontage abschlie\u00dfen &#8230; also ob ich da eine andere Lampe will oder nicht oder was &#8230; Eigentlich war die jetzige ja nur tempor\u00e4r gedacht, aber seitdem ich sie so ein bisschen gold lackiert hatte und so ganz schlecht w\u00fcrde sie zu dem r\u00f6misch-klassischen Deckendesign ja auch nicht passen zumal sie als H\u00e4ngelampe wie ein Kronleuchter ja auch &#8220;rosettenkompatibel&#8221; ist. (Ein Wort, das auch in Schwulenbars fallen k\u00f6nnte? ;) )<\/p>\n<p>Vom 1.7.2023, noch vor der Installation der bunten LED-Lichterkette, die dann wohl nicht mehr zu meiner &#8220;Verstuckung&#8221; passen wird:<br \/>\n<a href='http:\/\/extra.inmontanis.info\/d\/99682-3\/DSC06141.jpg'><img src=http:\/\/extra.inmontanis.info\/d\/99681-4\/DSC06141.jpg \/><\/a><br \/>\n^ Die Decke ist etwas streifiger, aber wann schaut man da schon rauf &#8211; und bei Tageslicht ist eh alles so dunkel, dass die Decke ein schwarzes nach oben hin offenes Loch ist ;)<\/p>\n<p>.. das mit dem &#8220;schwarzen offenem Loch&#8221; wird sich dann auch  \u00e4ndern, wenn ich da wei\u00dfe Verzierungen auf der Decke habe. Und dann werd ich auch \u00f6fters auf die Decke schauen.<\/p>\n<p>Spassesalber mal in Amazon gesucht nach Deckenlampe pomp\u00f6s ;)<\/p>\n<p>Die meisten Deckenlampen gefallen mir aber auch gar nicht, insb. die alten Dinger. Eine kleine marokkanisch\/orientalische Lampe hatte ich mir ja mal gekauft, aber deren Leuchtkraft ist selbst im Flur fast untauglich wenig. <\/p>\n<p>Das wichtigste an so einer Haupt-Lampe ist aber f\u00fcr mich der praktische Nutzen: Sie soll hell sein. Und die Helligkeit darf dann nicht von irgendwelchen Designelementen der Lampe (Ummantelung) geschluckt werden. Bei den Neben-Lampen w\u00e4r das weniger tragisch. In meinen vorherigen Wohnungen hatte ich als Hauptlampe einfach eine lange Neonr\u00f6hre. Da w\u00e4re es schwer mit einer Rosette.<\/p>\n<p><strong>Fr, 23.5.2025<\/strong><\/p>\n<p>Wettervorhersagen haben sich abermals verschlechtert :( <\/p>\n<p>Nun wohl sehr fraglich, ob es morgen Nachmittag noch etwas Sonne geben wird oder nicht, am Sonntag ist nun so gut wie keine mehr gemeldet und entweder ab SO oder MO auch wieder leichter Schneefall mit SFG tw. ab 2600m, also k\u00f6nnte es auch eher leicht nieseln, zumindest bei DSB+EUB &#8230; Das w\u00e4r dann der vieleicht einzige Vorteil f\u00fcr morgen, dass man zumindest die EUB-Abfahrt bei Schneefall statt Regen h\u00e4tte.<\/p>\n<p>Aber in Summe den Vorhersagen nach nicht lohnenswerter als letztes WE (glaub eher im Gegenteil?). Also dann nochmals warten, wohl maximal bis Donnerstag. Wenn jetzt 1-2 wirklich sonnige Tage gemeldet worden w\u00e4ren, w\u00e4r ich ja hingefahren und w\u00e4r auch an den schlechteren Tagen danach f\u00fcr die 19,- \u20ac Tageskartenpreis gefahren, aber auf 5 Tage am St\u00fcck mit Vorhersage auf haupts\u00f6chlich bedeckt mit etwas Nebel, etwas Sonne und etwas Schnee\/Regen, lohnt nicht wirklich.<\/p>\n<p>Heut M\u00f6lltaler laut Website komplett wg. Schlechtwetter geschlossen.<\/p>\n<p>Ahja, endlich mal drangedacht, zu schauen, was hat eigentlich Cervinia in ihrer neuen Mai-Saison offen (dort heute lt. Webcam woklenloser Sonnenschein)? Die 3 Sektionen EUB\/PB bis Plateau Rosa und die Abfahrten Ventina an der oberen PB, sowie einige zum Plan Maison und anscheinend auch die Bontadini-KSB (bis 14:45 Uhr), das ist etwas \u00fcberraschend.<br \/>\nLt. Website:<br \/>\n&#8220;Dal 5 maggio 2025 al 2 giugno compresi: aperta Bontadini: piste 6 e 46, linea Breuil-Cervinia \u2013 Plateau Ros\u00e0, pista 7 fino a Cime Bianche Laghi. &#8221; &#8211; wobei lt. Pisten\u00f6ffnung die Ventina doch &#8220;rot&#8221; ist&#8230; Und falls man den internationalen Skipass hat: Zermatt mit der Kleinmatterhorn-Bahn und den dortigen Abfahrten ist auch noch offen, damit in Summe also das gr\u00f6\u00dfte Angebot in den Alpen derzeit. Ab 3.6. will man aber die italienische Somerskiseite schlie\u00dfen, also dann wohl sogar schon inkl. Ventina, nur noch auf schweizer Seite Sommerski. Naja, will ja eh nicht dort hin, also muss ich mich auch nicht dr\u00fcber aufregen ;)<\/p>\n<p>Generell offen derzeit: L2A (FR), Cervinia(IT) &#8211; Zermatt (CH), Hintertux (AT) und M\u00f6lltal (AT). Stelvio folgt erst noch.<\/p>\n<p>Hintertux hat anscheinend schon den Kasererbereich zu. Nicht mal mehr bis Anfang Juni (geschweige denn Pfingsten), traurig. Aber Hauptsache, die Skip\u00e4sse werden immer teurer..<\/p>\n<p>Riksgr\u00e4nsen h\u00e4tte momentan mehr Sonnentage als M\u00f6lltaler (oder Hintertux, auch wenn die wie vor 2 Jahren anscheinend etwas mehr Sonne abbekommen als M\u00f6lltaler im Mai), allerdings jetzt letztes Betriebs-WE in Riksgr\u00e4nsen. Au\u00dfer evtl nochmals im Juni Midsommer dann, heuer liegt ja etwas mehr Schnee.<\/p>\n<p>Wir waren heute nochmals beim g\u00fcnstigen Chinesen in Zirl zum Mittagsmen\u00fc:<\/p>\n<p><a href='http:\/\/extra.inmontanis.info\/d\/130953-2\/IMG_20250523_130638.jpg'><img src=http:\/\/extra.inmontanis.info\/d\/130952-3\/IMG_20250523_130638.jpg \/><\/a><br \/>\n^ Fr\u00fchlingsrolle, im Mittasgmen\u00fc inkludiert<\/p>\n<p><a href='http:\/\/extra.inmontanis.info\/d\/130957-2\/IMG_20250523_132025.jpg'><img src=http:\/\/extra.inmontanis.info\/d\/130956-3\/IMG_20250523_132025.jpg \/><\/a><br \/>\n^ Mal die gebratenen Nudeln und den gebrateten Reis probiert, jeweils 7,90 als Mittasgmen\u00fc inkl. Fr\u00fchlingsrolle<\/p>\n<p>Nudeln hatten etwas mehr H\u00fchnerfleisch als der Reis und waren auch etwas salziger, Reis war etwas lascher (allerdings gabs am Tisch ein kleines K\u00f6nnchen Sojasauce) und h\u00e4tte f\u00fcr meinen Geschmack mehr angebraten geh\u00f6rt, aber das hab ich ja auch im UK schon mehrfach so erlebt.<\/p>\n<p>Hab mal ein &#8220;flambiertes Eis&#8221; als Nachspeise probiert, nachdem eine kurze Websuche ergeben hat, dass das im Teigmantel ist, war somit auch lecker:<\/p>\n<p><a href='http:\/\/extra.inmontanis.info\/d\/130961-2\/IMG_20250523_134828.jpg'><img src=http:\/\/extra.inmontanis.info\/d\/130960-3\/IMG_20250523_134828.jpg \/><\/a><br \/>\n^ (Fritiertes?) Flambiertes chinesisches Eis, die Flamme sieht man auf dem Bild kaum (war auch vor Ort kaum zu sehen); die Frau drehte die Kugel bis das Feuer irgendwann ausging<\/p>\n<p><a href='http:\/\/extra.inmontanis.info\/d\/130965-2\/IMG_20250523_134918.jpg'><img src=http:\/\/extra.inmontanis.info\/d\/130964-3\/IMG_20250523_134918.jpg \/><\/a><br \/>\n^ Flambiertes chinesisches Eis, also das Eis ist innen und drumherum ist ein Kuchenteig, war jedenfalls lecker (kostete aber auch 4,50)<\/p>\n<p>Gratis  Schnaps h\u00e4tte man auch haben k\u00f6nnen.<\/p>\n<p><strong>Sa, 24.5.2025<\/strong><\/p>\n<p>Heute mal die hintere rechte T\u00fcr am Auto ge\u00f6ffnet &#8211; 2 Schimmelstellen beseitigt (nicht am Holz, sondern am Stoffboden bzw. Schaumstoff\/Gurt), eine der alten (evtl von letzter Saison) und nun mittlerweile teils verklumpten Katzenstreusocken entfernt, Dreck beseitigt, das Uhr-Ladekabel dort aber nicht gefunden.<\/p>\n<p>Ich bin mir ja nach wie vor unsicher, ob ich den Boden n\u00e4chste Reise mal mit Silica-Katzenstreu auslegen sollte. Abgesehen von dem nicht vorhandenen visuellen Feedback, wann das Zeug wirklich ausgetauscht werden m\u00fcsste, abgesehen vom zus\u00e4tzlichen Gewicht, gbits eben noch eine Sache, die ich bei Verwenden der Katzenstreusocken mit Silica (vor dem uzletzt verwendeten Klumpstreu) bemerkt hab &#8211; es liegt Staub drunter. Die recht eckigen Silica-K\u00fcgelchen (f\u00fcr die Katzen gibts wohl nicht so sch\u00f6n abgerundete K\u00fcgelchen wie in den Luftentfeuchter Beutelchen) hatten f\u00fcr Staub darunter gesorgt, durch den Abrieb beim Fahren. Bleibt das am Boden oder hab ich den Abrieb\/Staub dann ggf. in der Luft, in der Lunge, im Essen?<\/p>\n<p>Wetter M\u00f6lltal heute Mittag? Nach wolkig-neblig auch etwas blauer Himmel; DSB heut wohl nicht offen. <\/p>\n<p>Was ich mir letzten Sommer auf der UK-Reise noch notiert hatte:<br \/>\n&#8220;Im Museum kam mir dann als Zusatz zu gestern noch eine Idee f\u00fcr mein kommendes Sommerprojekt &#8211; nicht nur Stuck aus Gips, sondern vielleicht Fliesen aus Gips mittels gekaufter oder selbst 3d-gedruckter Formen herzustellen &#8230; wird ein arbeitsreicher Sommer werden ..&#8221;<\/p>\n<p>Also von ersterem w\u00fcrd ich nun doch eher Abstand nehmen wollen, was Deckenrosette und Decken(ecken)leiste angeht, aber ein paar Gipsfliesen\/kacheln als Dekor oder evtl. auch als mittige Wandzierleiste, das k\u00f6nnt ich mir noch vorstellen&#8230; Das letzte Mal, dass ich was mit Gips modelliert bzw.  gegossen hatte, war in der Kinderzeit .. irgendwelche H\u00e4uschen oder Wandbehang-Figuren. So eine Stuckrosette als Kindergipsgie\u00dfprojekt w\u00e4r doch auch mal was!<\/p>\n<p><strong>So, 25.5.2025<\/strong><\/p>\n<p>Webcam heute Morgen? Neblig. Aber wohl weil Sonntag sind die Lifte offen. F\u00fcr MI schauen die Vorhersagen je nach Seite mittlerweile auch wieder schlecht aus. Uneinigkeit zwischen Regen und Sonne derweil ab DO.<\/p>\n<p>Sch\u00f6nstes Skiwetter in den Alpen w\u00e4re heute im s\u00fcdlichsten Gletscherskigebiet, Les 2 Alpes, los ist da aber auch noch nix.<\/p>\n<p>Derweil fiel mir noch eine Statistik ein: Wochentage!<\/p>\n<p>Bester\/schlechtester Wochentag:<\/p>\n<p>.. im Jan: MI mit 3,030 vs. DO mit 2,733<br \/>\n.. im Feb: MI mit 3,125 vs. MO mit 2,963<br \/>\n.. im Mrz: SO mit 3,333 vs. MO mit 2,967<br \/>\n.. im Apr: DI mit 3,500 vs. SA mit 2,965<br \/>\n.. im Mai: MI mit 3,182 vs. SA mit 2,500<br \/>\n.. im Dez: SO mit 3,067 vs. DO mit 2,565<\/p>\n<p>Ein Unterschied von 0,5 zwischen bestem und schlechtestem Skitag ist m.E. schon sehr deutlich, insb. wenn man sich \u00fcberlegt, wie wenig Unterschied zwischen den Jahren im Gesamtschnitt ist! Falls ich also mal wieder einen skifreien Reisetag zu bestimmen h\u00e4tte, um z.B. eine F\u00e4hre wochenlang vorher f\u00fcr Dezember zu buchen, dann sollte ich mich besser f\u00fcr einen Donnerstag entscheiden.<\/p>\n<p>Im Gesamtschnitt ist die Sache dagegen weniger auff\u00e4llig:<\/p>\n<p>Platz 1: Sonntag 3,084 (464x)<br \/>\nPlatz 2: Mittwoch 3,071 (154x)<br \/>\nPlatz 3: Dienstag 3,025 (157x)<br \/>\nPlatz 4: Samstag 2,967 (511x)<br \/>\nPlatz 5: Montag 2,956 (181x)<br \/>\nPlatz 6: Freitag 2,953 (192x)<br \/>\nPlatz 7: Donnerstag 2,916 (166x)<\/p>\n<p>Auch hier wieder:  Anzahl Besuche = kann h\u00f6her als die Anzahl Tage sein weil ich manchmal 2-3 Skigebiete an einem Tag besucht hab.<\/p>\n<p>Und in der Gesamtstatistik, Anzahl Skitage nach Wochentag, wenig \u00fcberraschend die Verteilung hin zum WE und MO+FR wg. WE-Verl\u00e4ngerung (und MO-Feiertage) plus Donnerstag etwas mehr wg. Feiertage:<\/p>\n<p>320x Montag<br \/>\n274x Dienstag<br \/>\n263x Mittwoch<br \/>\n296x Donnerstag<br \/>\n337x Freitag<br \/>\n948x Samstag<br \/>\n921x Sonntag<\/p>\n<p>&#8211;<\/p>\n<p>Zum x-ten Mal die Rosetten und Eckenleisten durchgegangen .. mich ja fast schon entschieden, das Muster aus dem Bild oben mit der rosanen Decke (ohne Rosa) irgendwie umsetzen zu wollen, zusammen mit einer passenden Rosette wie auch in den obigen Bildern aus UK, aber eine Rosette in diesem &#8220;F\u00e4cher&#8221;-Look find ich hier nicht. Kleine Blumenrosette und drumrum ein Papierf\u00e4cher oder solche F\u00e4cherelemente mit dem 3D-Drucker machen? Oder dann halt kein &#8220;F\u00e4cher&#8221;-Look&#8230; <\/p>\n<p><strong>Mo, 26.5.2025<\/strong><\/p>\n<p>Bisschen nachteilig an diesen Styropor-Stuck-Leisten, dass die anscheinend immer 2m lang sind?! Das erschwert nicht nur das Verkleben in der Wohnung (wie soll man denn ein 2m-Teil, wenn man auf der Leiter steht, auf beiden Seiten gleichzeitig fest an die Wand dr\u00fccken??), sondern auch den Transport, weil ob ich da auf dem Heimweg noch Platz f\u00fcr 8 solcher Dinger \u00e0 2m im Auto hab, darf doch etwas bezweifelt werden. Kommt auch noch drauf an, wieviel Packung drumherum ist und wie lang die anderen Seitenma\u00dfe sind. <\/p>\n<p>Ansonsten k\u00f6nnte  man es von Hornbach+Bauhaus auch liefern lassen &#8211; bl\u00f6d nur, falls die mit GLS liefern w\u00fcrden, weil der ja bekanntlich bisher zu faul zum Rauffahren war und ich es dann irgendwo abholen und doch wieder selbst transportieren m\u00fcsste.<\/p>\n<p>(Antwort von Hornbach auf meine EMailanfrage: &#8221; Die Ware wird mit einem Paketdienstleister versendet, doch haben wir keine M\u00f6glichkeit im Voraus zu bestimmen, mit welchem die Ware versendet wird.&#8221; &#8211; ich hab ja nicht gebeten, dass das bestimmt wird, aber man m\u00fcsste doch wohl annehmen, die selbst w\u00fcssten, welche Dienstleiter sie verwenden?! Oder ob sie diese Ma\u00dfe in der Menge mit einer Spedition liefern w\u00fcrden?! Tja, dann f\u00e4llt eine Lieferung von Hornbach wohl vorsichtshalber aus.)<\/p>\n<p>Lt. Webcam hab ich auch heute nichts am M\u00f6lltaler verpasst. Bescheuerter Mai. Aber auch hier in Telfs recht sonnenarm und k\u00fchl und ab und an Regen. <\/p>\n<p><strong>Di, 27.5.2025<\/strong><\/p>\n<p>Da der Parkplatz beim Griechen wg. einer Baustelle zuletzt nicht benutzbar war, gings halt heut nochmals zum lokalen Chinesen, der bietet Buffet an, mit 15,90 oder so allerding etwas teurer als der von den letzten Besuchen. Und ja, jetzt reichts mal mit chinesischem Essen.<\/p>\n<p><a href='http:\/\/extra.inmontanis.info\/d\/130969-3\/IMG_20250527_124537.jpg'><img src=http:\/\/extra.inmontanis.info\/d\/130968-4\/IMG_20250527_124537.jpg \/><\/a><br \/>\n^ Fast vergessen zu fotografieren: Daher schon etwas weniger auf meinem Vorspeisenteller. Salat, Sushi und Suppe hab ich auslassen<\/p>\n<p><a href='http:\/\/extra.inmontanis.info\/d\/130973-3\/IMG_20250527_124949.jpg'><img src=http:\/\/extra.inmontanis.info\/d\/130972-4\/IMG_20250527_124949.jpg \/><\/a><br \/>\n^ Auswahl diverser Hauptspeisen Teil 1<\/p>\n<p><a href='http:\/\/extra.inmontanis.info\/d\/130977-3\/IMG_20250527_125544.jpg'><img src=http:\/\/extra.inmontanis.info\/d\/130976-4\/IMG_20250527_125544.jpg \/><\/a><br \/>\n^ Auswahl diverser Hauptspeisen Teil 2<\/p>\n<p><a href='http:\/\/extra.inmontanis.info\/d\/130981-3\/IMG_20250527_131220.jpg'><img src=http:\/\/extra.inmontanis.info\/d\/130980-4\/IMG_20250527_131220.jpg \/><\/a><br \/>\n^ Auswahl diverser Nachpeisen &#8211; dann war ich pappsatt<\/p>\n<p><a href='http:\/\/extra.inmontanis.info\/d\/130985-3\/IMG_20250527_132626.jpg'><img src=http:\/\/extra.inmontanis.info\/d\/130984-4\/IMG_20250527_132626.jpg \/><\/a><br \/>\n^ Klassisches Beispiel von Design over Function &#8211; man muss den kleinen korrekten Sensor-Bereich jedesmal suchen, wodurch ein spritzender, starker Wasserstrahl f\u00fcr einen Bruchteil einer Sekunde aktiviert wird, den man dann wiederum schnell mit der Hand treffen muss. Somit beginnt das Spiel wieder von vorne, bis genug Wasser auf beiden H\u00e4nden gelandet ist :(<\/p>\n<p>Wettervorhersagen schauen f\u00fcr DO-SO teilweise nicht so \u00fcbel aus, also werd ichs nun endg\u00fcltig mal probieren und morgen losfahren, 1-2 gute Tage werden hoffentlich dabei sein. Tageskarten gibts auch nach wie vor um 19 \u20ac.<\/p>\n<p>&#8211; &#8211; &#8211;<\/p>\n<p>&#8220;Auf die Gesamtzahl aller Befragten bezogen, sind demnach 22 Prozent der Deutschen einverstanden mit einem direkten milit\u00e4rischen Eingreifen Deutschlands in den Krieg.&#8221;<br \/>\n<a href='https:\/\/multipolar-magazin.de\/artikel\/umfrage-ukraine-politik-bundesregierung'>https:\/\/multipolar-magazin.de\/artikel\/umfrage-ukraine-politik-bundesregierung<\/a><\/p>\n<p>Manchmal geben es die Amis anscheinend selbst und offen zu, aber trotzdem wacht bei uns keiner auf?!<br \/>\n-> USA-Oberst im Interview &#8220;hochgradig brisant und relevant.&#8221;:<\/p>\n<p>&#8220;&#8230; ein Insider, der an ihrer Planung und Durchf\u00fchrung beteiligt war. Alles, was Wilkerson in diesem Interview erz\u00e4hlt, klingt nach dem, was von vielen Politikern und den etablierten Medien inzwischen nur noch als \u201erussische Narrative bedienen\u201c verleumdet wird.&#8221;<\/p>\n<p>&#8220;Also begannen wir mit dem, was wir \u201eFarbrevolutionen\u201c nennen. &#8221;<br \/>\n&#8220;.., die wollten, dass ihr Land ein Vasall der Vereinigten Staaten wird..&#8221;<br \/>\n&#8221; Und wir haben diese Kampagnen inszeniert, um das zu erreichen, was ich \u201eTyrannei der Minderheit\u201c nenne.&#8221;<br \/>\n&#8220;&#8230; 1948&#8230; wir haben die italienische Regierung gekauft, wir haben 1953 die iranische Regierung gekauft, wir haben 1954 die Regierung in Guatemala gekauft und so weiter und so fort.&#8221;<br \/>\n&#8220;Das sind von der CIA-orchestrierte Kampagnen, die von Nichtregierungsorganisationen durchgef\u00fchrt werden, manchmal wissentlich, manchmal unwissentlich&#8221;<br \/>\n&#8220;Das ist es, was wir zum Beispiel jetzt gerade in Georgien anwenden, indem wir versuchen, die derzeitige Regierung loszuwerden&#8221;&#8230;<br \/>\n&#8220;Sie haben die \u201eliberale Demokratie\u201c zu einer Waffe gemacht &#8221;<br \/>\n&#8220;Er war derjenige, der so aussah, als w\u00fcrde er der neue rum\u00e4nische Pr\u00e4sident werden, also haben wir ihn abges\u00e4gt, er ist weg.&#8221;<br \/>\n&#8220;Wenn mich Leute fragen: \u201eWarum h\u00e4ngt Europa so tief in dieser Ukraine-Angelegenheit drin?\u201c, sage ich: \u201eWir haben sie dazu gemacht! Das ist ein Krieg zwischen Washington und Moskau, nicht zwischen Kiew und Moskau. Kiew ist das Instrument unseres Krieges.\u201c&#8221;<br \/>\n<a href='https:\/\/www.nachdenkseiten.de\/?p=133363'>https:\/\/www.nachdenkseiten.de\/?p=133363<\/a><\/p>\n<p>S\u00f6der, unser fr\u00e4nkisches F\u00e4hnlein im Wind &#8211; zum Thema Aufr\u00fcstung &#8211; &#8220;Geld ist da&#8221;  (sein eigenes??):<br \/>\n<a href='https:\/\/www.nachdenkseiten.de\/?p=133200'>https:\/\/www.nachdenkseiten.de\/?p=133200<\/a><\/p>\n<p>Neues aus der (im Aufbau befindlichen?) EU-Diktatur, Ungarn soll das Stimmrecht entzogen werden, weil sie ja bekanntlich gegen\u00fcber Russland eine etwas andere Meinung haben:<br \/>\n<a href='https:\/\/anti-spiegel.ru\/2025\/eu-rat-beraet-am-27-mai-ueber-die-aberkennung-des-ungarischen-stimmrechts\/'>https:\/\/anti-spiegel.ru\/2025\/eu-rat-beraet-am-27-mai-ueber-die-aberkennung-des-ungarischen-stimmrechts\/<\/a><br \/>\n(Wozu es dann in Zukunft \u00fcberhaupt noch Abstimmungen brauchen wird, wenn die &#8220;falschen&#8221; eh mundtod gemacht werden sollen &#8230; au\u00dfer zur Show ..)<\/p>\n<p>Was momentan in der Ostsee abgeht, ausf\u00fchrlich zu Kabelsch\u00e4den und Tanker, z.B.<br \/>\n&#8220;Dass nur zwei Monate sp\u00e4ter, am 19. Januar 2025, bekannt wurde, dass die Kabelsch\u00e4den nicht durch Sabotage entstanden sind, haben deutsche Medien dabei lieber verschwiegen, stattdessen aber am 26. Januar von einem weiteren Kabelschaden berichtet \u2013 und nat\u00fcrlich wurde wieder schnell (und ohne Beweise) mit dem Finger auf Russland gezeigt, um das gewollte Narrativ der russischen Sabotage von europ\u00e4ischer Infrastruktur in der Ostsee weiter zu befeuern. &#8221;<br \/>\n&#8220;&#8230;dass deutsche Medien und Politiker inzwischen v\u00f6llig offen \u00fcber einen Krieg mit Russland reden und dass sie es regelrecht feiern, dass deutsche Soldaten wieder an den russischen Grenzen stehen, &#8230;&#8221;<br \/>\n<a href='https:\/\/anti-spiegel.ru\/2025\/provoziert-die-eu-in-der-ostsee-den-krieg-gegen-russland\/'>https:\/\/anti-spiegel.ru\/2025\/provoziert-die-eu-in-der-ostsee-den-krieg-gegen-russland\/<\/a><\/p>\n<p>&#8220;Und genauso werden die westlichen Medien reagieren, wenn Merz Taurus-Raketen auf Russland abfeuern l\u00e4sst und Russland darauf milit\u00e4risch reagiert, weil deutsche Raketen, die Russen t\u00f6ten, f\u00fcr die russischen \u00d6ffentlichkeit so inakzeptabel sind, dass die russische Regierung wahrscheinlich gezwungen w\u00e4re, darauf mit harten Ma\u00dfnahmen zu reagieren.&#8221;<br \/>\n<a href='https:\/\/anti-spiegel.ru\/2025\/was-die-aufhebung-der-reichweitenbeschraenkung-von-deutschland-an-kiew-gelieferter-waffen-bedeutet\/'>https:\/\/anti-spiegel.ru\/2025\/was-die-aufhebung-der-reichweitenbeschraenkung-von-deutschland-an-kiew-gelieferter-waffen-bedeutet\/<\/a><\/p>\n<p>Thema EU-Sanktionierung von EU-Staatsb\u00fcrgern und die m\u00f6glichen Folgen f\u00fcr Andersdenkende:<br \/>\n<a href='https:\/\/anti-spiegel.ru\/2025\/die-eu-hat-sich-beim-vorgehen-gegen-kritiker-die-ukraine-zum-vorbild-genommen\/'>https:\/\/anti-spiegel.ru\/2025\/die-eu-hat-sich-beim-vorgehen-gegen-kritiker-die-ukraine-zum-vorbild-genommen\/<\/a><br \/>\n.. wie lang es wohl noch dauert, bis auch die einfacheren Leute wie ich derartig mundtot gemacht werden?<\/p>\n","protected":false},"excerpt":{"rendered":"<p>Do, 22.5.2025<\/p>\n<p>Wettervorhersagen wurden wieder etwas schlechter f\u00fcrs WE, immerhin soll es nun wohl von SA-MO (fast) trocken bleiben, sp\u00e4testens ab DO soll wieder viel Schneefall kommen, diesmal aber mit h\u00f6herer Schneefallgrenze. Ok, wenn das als Regen k\u00e4me, k\u00f6nnte es danach vielleicht noch nett werden.<\/p>\n<p>Mir sind noch ein paar lustige Auswertungen eingefallen als Erg\u00e4nzung <a href=\"http:\/\/blog.inmontanis.info\/?p=10802\">[&#8230;]<\/a><\/p>\n","protected":false},"author":1,"featured_media":0,"comment_status":"closed","ping_status":"closed","sticky":false,"template":"","format":"standard","meta":{"footnotes":""},"categories":[940,212],"tags":[],"class_list":["post-10802","post","type-post","status-publish","format-standard","hentry","category-2025-01-alpenskandinavien","category-statistik","odd"],"_links":{"self":[{"href":"http:\/\/blog.inmontanis.info\/index.php?rest_route=\/wp\/v2\/posts\/10802","targetHints":{"allow":["GET"]}}],"collection":[{"href":"http:\/\/blog.inmontanis.info\/index.php?rest_route=\/wp\/v2\/posts"}],"about":[{"href":"http:\/\/blog.inmontanis.info\/index.php?rest_route=\/wp\/v2\/types\/post"}],"author":[{"embeddable":true,"href":"http:\/\/blog.inmontanis.info\/index.php?rest_route=\/wp\/v2\/users\/1"}],"replies":[{"embeddable":true,"href":"http:\/\/blog.inmontanis.info\/index.php?rest_route=%2Fwp%2Fv2%2Fcomments&post=10802"}],"version-history":[{"count":2,"href":"http:\/\/blog.inmontanis.info\/index.php?rest_route=\/wp\/v2\/posts\/10802\/revisions"}],"predecessor-version":[{"id":10804,"href":"http:\/\/blog.inmontanis.info\/index.php?rest_route=\/wp\/v2\/posts\/10802\/revisions\/10804"}],"wp:attachment":[{"href":"http:\/\/blog.inmontanis.info\/index.php?rest_route=%2Fwp%2Fv2%2Fmedia&parent=10802"}],"wp:term":[{"taxonomy":"category","embeddable":true,"href":"http:\/\/blog.inmontanis.info\/index.php?rest_route=%2Fwp%2Fv2%2Fcategories&post=10802"},{"taxonomy":"post_tag","embeddable":true,"href":"http:\/\/blog.inmontanis.info\/index.php?rest_route=%2Fwp%2Fv2%2Ftags&post=10802"}],"curies":[{"name":"wp","href":"https:\/\/api.w.org\/{rel}","templated":true}]}}