{"id":10789,"date":"2025-05-12T12:59:50","date_gmt":"2025-05-12T10:59:50","guid":{"rendered":"http:\/\/blog.inmontanis.info\/?p=10789"},"modified":"2025-05-13T13:26:14","modified_gmt":"2025-05-13T11:26:14","slug":"schnalstaler-gletscher-1-4-5-2025-planungen-12-5","status":"publish","type":"post","link":"http:\/\/blog.inmontanis.info\/?p=10789","title":{"rendered":"Schnalstaler Gletscher, 1.-4.5.2025 \/ + Planungen (-12.5.)"},"content":{"rendered":"<p><strong>Do, 1.5.2025<\/strong> Skitag 156<\/p>\n<p>Nun also wieder zur\u00fcck in den Alpen.<\/p>\n<p>Kurz vor 8 Uhr ging es in Telfs los, (mittlerweile) seltenerweise mal auf der Autobahn (weil ich mir ja die Jahresvignette gekauft hatte) und nach Westen, die A12 bis Landeck bin ich schon lange nicht mehr gefahren, seitdem ich nicht mehr in Innsbruck wohne.<\/p>\n<p><a href='http:\/\/extra.inmontanis.info\/d\/130881-2\/DSC04577.jpg'><img src=http:\/\/extra.inmontanis.info\/d\/130880-3\/DSC04577.jpg \/><\/a><br \/>\n^ Na sowas, in Prutz wurde eine Unterf\u00fchrung mit Kreisverkehr dr\u00fcber gebaut an der Abzweigung Kaunertal, wo zuvor eine Ampel stand .. nur weil sichs da samstags in der Reisezeit etwas staut? Andere Kreuzungen in Tirol stauen sich zum Berufsverkehr vmtl. t\u00e4glich und wird nix gebaut..<\/p>\n<p>Ich dachte erst, die Stra\u00dfe nach Nauders w\u00e4r noch komplett gesperrt und man m\u00fcsste \u00fcber Martina\/CH fahren, war aber doch offen, wenn auch mit Baustelle und Ampel. <\/p>\n<p><a href='http:\/\/extra.inmontanis.info\/d\/130885-2\/DSC04582.jpg'><img src=http:\/\/extra.inmontanis.info\/d\/130884-3\/DSC04582.jpg \/><\/a><br \/>\n^ Nauders<\/p>\n<p>In Nauders heute teurer getankt als gestern in DE: um 1,679 :( <\/p>\n<p><a href='http:\/\/extra.inmontanis.info\/d\/130889-2\/DSC04583.jpg'><img src=http:\/\/extra.inmontanis.info\/d\/130888-3\/DSC04583.jpg \/><\/a><br \/>\n^ Reschensee und Ortler<\/p>\n<p><a href='http:\/\/extra.inmontanis.info\/d\/130893-2\/DSC04584.jpg'><img src=http:\/\/extra.inmontanis.info\/d\/130892-3\/DSC04584.jpg \/><\/a><br \/>\n^ Spitzigzackige Berge<\/p>\n<p><a href='http:\/\/extra.inmontanis.info\/d\/130897-2\/DSC04588.jpg'><img src=http:\/\/extra.inmontanis.info\/d\/130896-3\/DSC04588.jpg \/><\/a><br \/>\n^ Der Stausee im Schnalstal ist auch recht leer, so dass man den alten Kirchturm unten sieht<\/p>\n<p>Allein schon bei der Fahrt von Telfs zum Schnalstaler durchs Vinschgau, wei\u00df ich schon wieder, warum mir Schweden lieber ist. Verkehr, P\u00e4sse, viele Ortsdurchfahrten &#8230;<\/p>\n<p>Der Parkplatz am Gletscher war um 10:45 so voll, dass ich mir gar keinen Weg vom Stellplatz her gespart h\u00e4tte, wenn ich ihn gleich ab heute 10:30 gebucht h\u00e4tte :(  Dann noch schnell ab 11e gebucht  und halt auf die 11:15er PB verzichtet und gleich auf den Stellplatz hin und zur PB raufgelaufen und die um 11:30 genommen.<\/p>\n<p>Talabfahrt wird noch prapariert, aber offiziell geschlossen :(  <\/p>\n<p>Schnee war nordseitig griffg, s\u00fcdseitig an der DSB schon weich. Nach 1x SL, 1x 3SB und 4x DSB fuhr ich mal die Talabfahrt. An einer Stelle im unteren Bereich gab es ein Steinfeld, da h\u00e4tte man nat\u00fcrlich auch Schnee von den SL-Abfahrten raufschieben k\u00f6nnen, wenn man gewollt h\u00e4tte. Das \u00fcbliche halt in den Alpen, die einen wollen und k\u00f6nnen oft nicht, die anderen k\u00f6nnen und wollen oft nicht mehr wirklich zum Saisonende.<\/p>\n<p><a href='http:\/\/ski.inmontanis.info\/d\/340715-2\/DSC04595.jpg'><img src=http:\/\/ski.inmontanis.info\/d\/340714-3\/DSC04595.jpg \/><\/a><br \/>\n^ Talabfahrten, offiziell alle geschlossen, aber die normale wird noch pr\u00e4pariert<\/p>\n<p><a href='http:\/\/ski.inmontanis.info\/d\/340719-2\/DSC04597.jpg'><img src=http:\/\/ski.inmontanis.info\/d\/340718-3\/DSC04597.jpg \/><\/a><br \/>\n^ Lazaun-Seite ist ebenfalls schon zu<\/p>\n<p><a href='http:\/\/ski.inmontanis.info\/d\/340723-2\/DSC04599.jpg'><img src=http:\/\/ski.inmontanis.info\/d\/340722-3\/DSC04599.jpg \/><\/a><br \/>\n^ PB, Talstation und Parkpl\u00e4tze<\/p>\n<p><a href='http:\/\/ski.inmontanis.info\/d\/340727-2\/DSC04600.jpg'><img src=http:\/\/ski.inmontanis.info\/d\/340726-3\/DSC04600.jpg \/><\/a><br \/>\n^ 4SB Grawand<\/p>\n<p><a href='http:\/\/ski.inmontanis.info\/d\/340731-2\/DSC04601.jpg'><img src=http:\/\/ski.inmontanis.info\/d\/340730-3\/DSC04601.jpg \/><\/a><br \/>\n^ 4SB Grawand-Finail<\/p>\n<p><a href='http:\/\/ski.inmontanis.info\/d\/340735-2\/DSC04602.jpg'><img src=http:\/\/ski.inmontanis.info\/d\/340734-3\/DSC04602.jpg \/><\/a><br \/>\n^ 4SB Grawand; Vorteil der Gletscherschmelze, dass der Hang f\u00fcr die Rennl\u00e4ufer l\u00e4nger und interessanter geworden ist, au\u00dfer je weiter links, weil man da immer schwieriger uzr 4SB zur\u00fcck kommt<\/p>\n<p><a href='http:\/\/ski.inmontanis.info\/d\/340739-2\/DSC04603.jpg'><img src=http:\/\/ski.inmontanis.info\/d\/340738-3\/DSC04603.jpg \/><\/a><br \/>\n^ Finail von Grawand\/Gletschersee<\/p>\n<p>Vergleichsbild 2009:<br \/>\n<img src=http:\/\/ski.inmontanis.info\/d\/101248-3\/P1380746.JPG \/><br \/>\n^ Pano zu den Finail-SL im Juli 2009<\/p>\n<p>Vergleichsbild 2003:<br \/>\n<img src=http:\/\/ski.inmontanis.info\/d\/101244-3\/06210004.JPG \/><br \/>\n^ Pano zu den Finail-SL im Juni 2003<\/p>\n<p>Und wieder 2025:<br \/>\n<a href='http:\/\/ski.inmontanis.info\/d\/340743-2\/DSC04604.jpg'><img src=http:\/\/ski.inmontanis.info\/d\/340742-3\/DSC04604.jpg \/><\/a><br \/>\n^ SL Finail von Bergstation Gletschersee-3SB<\/p>\n<p><a href='http:\/\/ski.inmontanis.info\/d\/340747-2\/DSC04605.jpg'><img src=http:\/\/ski.inmontanis.info\/d\/340746-3\/DSC04605.jpg \/><\/a><br \/>\n^ Grawand-4SB von Finail-SL<\/p>\n<p><a href='http:\/\/ski.inmontanis.info\/d\/340751-2\/DSC04607.jpg'><img src=http:\/\/ski.inmontanis.info\/d\/340750-3\/DSC04607.jpg \/><\/a><br \/>\n^ Finail-SL zu Gleterschee-SB-Bergstation mit Gletscherschwund im Vordergrund<\/p>\n<p>Vergleichsbild 2018<br \/>\n<img src=http:\/\/ski.inmontanis.info\/d\/251972-4\/DSC07335.jpg \/><br \/>\n^ 11.11.2018<\/p>\n<p><a href='http:\/\/ski.inmontanis.info\/d\/340755-2\/DSC04608.jpg'><img src=http:\/\/ski.inmontanis.info\/d\/340754-3\/DSC04608.jpg \/><\/a><br \/>\n^ SL Finail; Vorteil der Gletscherschmelze, dass der Hang hier interessanter geworden ist. Die linke Abfahrt war wg. Training vormittags gesperrt<\/p>\n<p><a href='http:\/\/ski.inmontanis.info\/d\/340759-2\/DSC04610.jpg'><img src=http:\/\/ski.inmontanis.info\/d\/340758-3\/DSC04610.jpg \/><\/a><br \/>\n^ SL Finail Abfahrt<\/p>\n<p><a href='http:\/\/ski.inmontanis.info\/d\/340763-2\/DSC04612.jpg'><img src=http:\/\/ski.inmontanis.info\/d\/340762-3\/DSC04612.jpg \/><\/a><br \/>\n^ 3SB Gletschersee<\/p>\n<p><a href='http:\/\/ski.inmontanis.info\/d\/340767-2\/DSC04613.jpg'><img src=http:\/\/ski.inmontanis.info\/d\/340766-3\/DSC04613.jpg \/><\/a><br \/>\n^ DSB Hintereis<\/p>\n<p><a href='http:\/\/ski.inmontanis.info\/d\/340771-2\/DSC04620.jpg'><img src=http:\/\/ski.inmontanis.info\/d\/340770-3\/DSC04620.jpg \/><\/a><br \/>\n^ 4SB Grawand von der DSB Hintereis; die steile Wand vorne wurde auch von einigen befahren<\/p>\n<p><a href='http:\/\/ski.inmontanis.info\/d\/340775-2\/DSC04625.jpg'><img src=http:\/\/ski.inmontanis.info\/d\/340774-3\/DSC04625.jpg \/><\/a><br \/>\n^ Talabfahrt mit PB<\/p>\n<p><a href='http:\/\/ski.inmontanis.info\/d\/340779-2\/DSC04631.jpg'><img src=http:\/\/ski.inmontanis.info\/d\/340778-3\/DSC04631.jpg \/><\/a><br \/>\n^ Gletscherbereich von der DSB Hintereis aus<\/p>\n<p><a href='http:\/\/ski.inmontanis.info\/d\/340783-2\/DSC04632.jpg'><img src=http:\/\/ski.inmontanis.info\/d\/340782-3\/DSC04632.jpg \/><\/a><br \/>\n^ Gletscherbereich von der DSB Hintereis aus<\/p>\n<p><a href='http:\/\/ski.inmontanis.info\/d\/340787-2\/DSC04633.jpg'><img src=http:\/\/ski.inmontanis.info\/d\/340786-3\/DSC04633.jpg \/><\/a><br \/>\n^ Durch den Gletscherschwund w\u00fcrde man die Gletschersee-3SB heute wohl direkt neben die DSB Hintereis bauen, dann w\u00fcrde die ganze Lauferei entfallen.<\/p>\n<p><a href='http:\/\/ski.inmontanis.info\/d\/340791-2\/DSC04636.jpg'><img src=http:\/\/ski.inmontanis.info\/d\/340790-3\/DSC04636.jpg \/><\/a><br \/>\n^ Talabfahrt Transhumanz<\/p>\n<p>Irgendwie fand ich das heute langweiliger als S\u00e4len zuletzt. Vielleicht weil man hier alle Abfahrten sieht? Weil es steiler ist und im Fr\u00fchjahr flachere Pisten besser gehen, weil nicht so aufgefahren? Weil so wenig SL und der Finail-SL so langsam f\u00e4hrt? Keine Ahnung.<\/p>\n<p>16 Uhr im Auto eine Kackhitze mit 34\u00b0,  Sonne hier ganztags und viel l\u00e4nger als am engen M\u00f6lltaler. Fliegennetze muss ich auch noch installieren, aber durch das Stromkabel eh nicht ganz dicht.<\/p>\n<p>Was etwas eigenartig ist diesmal beim Stellplatz, im Dezember hie\u00df es noch:<br \/>\nG\u00fcltig f\u00fcr 2 Tage ab 3 Dezember 2024<br \/>\nG\u00fcltig vom 3 Dezember 2024 16:00 bis 5 Dezember 2024 16:00<\/p>\n<p>Heute steht in meiner Best\u00e4tigungsmail:<\/p>\n<p>G\u00fcltig f\u00fcr 3 Tage ab 1 Mai 2025<br \/>\nG\u00fcltig vom 1 Mai 2025 11:00 bis 1 Mai 2025 23:59   (also anstatt 4 Mai 11:00)<\/p>\n<p>.. also mal gespannt, ob der QR-Code morgen funktioniert oder nicht ..<\/p>\n<p>Haufenweise Zeug musste ich noch verr\u00e4umen und wollte auch noch testen, die Gopass-Saisonkarte zu kaufen insofern, ob man die am M\u00f6lltaler abholen kann. Meine hat ja kein Foto und irgendwann hie\u00df es glaub ich mal, die m\u00fcsste daher getauscht werden.<\/p>\n<p><a href='http:\/\/extra.inmontanis.info\/d\/130901-2\/DSC04638.jpg'><img src=http:\/\/extra.inmontanis.info\/d\/130900-3\/DSC04638.jpg \/><\/a><br \/>\n^ Neue Tastatur f\u00fcrs Auto. Platzm\u00e4\u00dfig h\u00e4tte es glaub auch f\u00fcr eine mit Zehnerblock gereicht<\/p>\n<p>Ersatztastatur, wieder mit funktionierender linker STRG-Taste und die klackert auch wieder sch\u00f6n neu (bin ja ein Fan der mechanischen blauen Schalter, k\u00f6nnte aber gern noch etwas lauter sein). Beleuchtet ist diese allerdings anders, die letzte war regenbogenfarbig von links nach rechts, die hier von oben nach unten.  Egal, Hauptsache 1. beleuchtet und 2. bunt ;) Diese  leider etwas rotton-lastig, nur 2 von 6 Reihen haben kein Rot.<\/p>\n<p>Schon lang keinen Schnellschreibtest mehr gemacht .. 105 W\u00f6rter\/min, 542 Anschl\u00e4ge \/min, 3 falsche W\u00f6rter. Basst scho ..<\/p>\n<p>Mein letzter Plan war ja, bis SO am Schnalstaler und dann M\u00f6lltaler bis Ende 8.6. und dann nochmals Telfs 2-3 Wochen zu meiner Mutter und dann heim. Aber Mitte Juni kann&#8217;s auch mal 30\u00b0 haben, da wirds bei ihr immer sehr warm in der Wohnung. Alternative w\u00e4r also, nach Schnalstal nochmals eine Woche  nach Telfs und dann M\u00f6lltal, sind eh noch 4 Wochen bis 8.6. und dann im Oktober 2-3 Wochen nach Telfs.<\/p>\n<p>Oder lass ich M\u00f6lltal doch aus, fahr Mitte Mai heim und dann ab Juli ins UK und danach Schweden? 3 Monate UK letztes Jahr waren sicher sch\u00f6ner als 1 Monat M\u00f6lltal Skifahren im Mai &#8230;<\/p>\n<p>Andererseits wird das mit dem M\u00f6lltaler so ziemlich die letzte Chance sein, noch Skibetrieb im Juni und  noch die DSB &#8230; wenn die mit einer 6- oder 8-KSB mit Sitzabtrenner und Zwangsverriegelung ersetzt wird, kann ich eh auf den M\u00f6lltaler verzichten. <\/p>\n<p>Beim Bestellprozess GoPass wurde ich nicht schlauer. Man kann zwar ein Bild hochladen und es wird die vorhandene Gopass-Karte ausgew\u00e4hlt.  Aber kann ich mich da drauf verlassen, dass meine Keycard verwendet wird und mir nicht eine neue Keycard nach dem Bezahlen nach Hause geschickt wird? <\/p>\n<p>Auch gut, wenn man mal die AGB lie\u00dft, da steht n\u00e4mlich was anderes drin als was mir per Email gesagt wurde:, denn, der Saisonskipass gilt in den Wintersasion 2025\/26 l\u00e4ngstens bis zum 30.4.; am M\u00f6lltaler Gletscher bis 31.5. Wobei wohl dann noch fraglich ist, ob es verl\u00e4ngert wird oder nicht. Und ob die eh l\u00e4nger offen h\u00e4tten.<\/p>\n<p>Laut AGB darf man \u00fcbrigens auch nicht untertags die Kleidung wechseln oder sein Gesicht mit einer Kapuze oder einem Schal verh\u00fcllen, sonst kann man gleich gesperrt werden, weil sonst ja mehrere Personen den Skipass verwenden k\u00f6nnten&#8230;. als ob man das bei Nachfrage nicht ausziehen k\u00f6nnte oder dann einen Ausweis zeigen k\u00f6nnte oder so&#8230;<\/p>\n<p>Das Hochladen des Bildes war mir auch nicht klar, mein quadratisches Bild war gut an den Rahmen angepasst, aber in der Mitte war ein kleiner runder Kreis. Soll nun das Bild so verkleinert werden, dass das Gesicht im kompletten Kreis ist? Hab mich dagegen entschieden, weil dann der rechteckige Rahmen nicht ausgef\u00fcllt w\u00e4re &#8211; aber nun sind nur meine Augen und Nase im &#8220;Profilbild&#8221; zu sehen. Ein neues kann man aber auch nicht hochladen.  Also mal wieder eine Email geschrieben, vmtl. muss das hochgeladene Foto ja eh ge\u00e4ndert werden. Alles schon wieder so unn\u00f6tig umst\u00e4ndlich. Was ist das in Skandinavien doch easy.<\/p>\n<p>Als ich vom Skifahren runtergekommen bin, war ich noch sch\u00f6n alleine am Stellplatz. Kaum auf dem Klo, hat sich einer direkt vor mir in die n\u00e4chste Reihe gestellt :(  Die ganze Reihe w\u00e4re frei gewesen! Gut, dass ich eh nicht vorne rausschauen will.  Hoffentlich nerven mich seine T\u00fcren nicht.<\/p>\n<p>Der Wettervorhersage auf Bergfex nach w\u00fcrd ich n\u00e4chste Woche am M\u00f6lltaller nix verpassen, jeden Tagen Regen bzw. Schnee.<\/p>\n<p><strong>Fr, 2.5.2025<\/strong><\/p>\n<p>Der QR-Code geht heut tats\u00e4chlich nicht. Da werd ich also mal zur Kasse m\u00fcssen, was das f\u00fcrn Quatsch sein soll. Vielleicht ist das der Grund, warum hier Leute den Papierkorb in die T\u00fcr gestellt haben, damit diese nicht zugeht? Aber bei der Ausfahrt brauchte man ja glaub ich auch den Code, sonst k\u00f6nnte man ja einfach l\u00e4nger bleiben &#8230;.<\/p>\n<p>Morgens knallte die Sonne zum Gl\u00fcck noch nicht aufs Auto, aber um 10e wars dann doch schon fast unertr\u00e4glich hei\u00df. Also hintere Fenster offen, L\u00fcftung via Standheizung an. Will ich mir das am M\u00f6lltaler im Mai\/Juni wirklich antun?<\/p>\n<p>Bin mal meine Berichte von 2023 durch, da hatte ich nur wenige Tage Probleme mit der Hitze, vielleicht auch, weil&#8217;s nachmittags h\u00e4ufig bew\u00f6lkt war, aber den gr\u00f6\u00dften \u00c4rger machten die Skiclubs, die ab 6 Uhr kamen und mich mit ihrem L\u00e4rm weckten. Und ich hatte halt &#8211; wie so h\u00e4ufig im Mai &#8211; schon h\u00e4ufig Pappschnee, auch weil es immer mal wieder geschneit hatte.<\/p>\n<p>Also fahr ich mal n\u00e4chste Woche zu Mutter und dann kann ichs mir ja nochmal \u00fcberlegen, ob ich mir das 4 Wochen lang am M\u00f6lltaler antun will oder doch auf die Saisonkarte verzichte.<\/p>\n<p>Andererseits h\u00e4tte ich ja danach eh 3-4 Monate &#8220;Hausarrest&#8221; geplant und ohne M\u00f6lltal jetzt w\u00e4re es noch 1 Monat mehr. Au\u00dfer ich w\u00fcrd mir die K\u00e4rntenCard kaufen und damit mal unterwegs sein, aber bei der Hitze, ne ne &#8230; kann man den bl\u00f6den Sommer nicht abschaffen?! Wobei ich 2 Monate schon daheim sein m\u00f6chte, weil ich viel geplant h\u00e4tte&#8230;.<\/p>\n<p>Ohne Gopass k\u00f6nnt ich entweder im Herbst vor Skandinavien oder n\u00e4chstes Fr\u00fchjahr nach Skandinavien wieder f\u00fcr einige Monate ins UK. <\/p>\n<p>Heute Mal in Sommerskibekleidung unterwegs, da ja bis 11e gearbeitet, naja, schon fast noch etwas k\u00fchl daf\u00fcr. Offpiste am Hintereis tw. recht nett, aber tw. sank man auch tief ein, also hab ich&#8217;s lieber gelassen.<\/p>\n<p>H\u00e4tte mich vielleicht keine 3 N\u00e4chte hier einquartieren sollen .. nochmals 2 ganze Tage hier, g\u00e4hn &#8230;<\/p>\n<p>Auf der Gletscherseite heut viel Wolken und Schatten, beiderseits schlechterer Schnee als gestern, hab meine letzte DSB-Bergfahrt um 14:35 gemacht.<\/p>\n<p><a href='http:\/\/ski.inmontanis.info\/d\/340795-3\/DSC04642.jpg'><img src=http:\/\/ski.inmontanis.info\/d\/340794-4\/DSC04642.jpg \/><\/a><br \/>\n^ Offpiste teils sch\u00f6n firnig, au\u00dfer wenn der Schnee darunter vmtl. wg. unsichtbarer Felsriegeln zu weich ist und man einsinkt<\/p>\n<p><a href='http:\/\/ski.inmontanis.info\/d\/340799-3\/DSC04643.jpg'><img src=http:\/\/ski.inmontanis.info\/d\/340798-4\/DSC04643.jpg \/><\/a><br \/>\n^ DSB-3SB-4SB. Jaja, die steilen Berge sind auch mal ganz nett, aber das skandinavische Flachlandwaldpano gef\u00e4llt mir momentan besser. <\/p>\n<p><a href='http:\/\/ski.inmontanis.info\/d\/340803-3\/DSC04647.jpg'><img src=http:\/\/ski.inmontanis.info\/d\/340802-4\/DSC04647.jpg \/><\/a><br \/>\n^ Sch\u00f6ne Aussicht<\/p>\n<p><a href='http:\/\/ski.inmontanis.info\/d\/340807-3\/DSC04648.jpg'><img src=http:\/\/ski.inmontanis.info\/d\/340806-4\/DSC04648.jpg \/><\/a><br \/>\n^ Glerschersee<\/p>\n<p><a href='http:\/\/ski.inmontanis.info\/d\/340811-3\/DSC04650.jpg'><img src=http:\/\/ski.inmontanis.info\/d\/340810-4\/DSC04650.jpg \/><\/a><br \/>\n^ Talabfahrten, wird schon knapp, ab morgen dann apere Stellen<\/p>\n<p>An der Kasse schien mein QR-Code-Problem nicht generell bekannt gewesenzu sein. Ich bekam daher &#8211; gegen eine Kaution von 50 \u20ac &#8211; eine General-Skidata-Karte, die ich an den Lesern (Toiletten &#038; Ausfahrt) verwenden kann und die ich dann nach der Ausfahrt am Sonntag wieder in \u20ac umtauschen muss.<\/p>\n<p><a href='http:\/\/ski.inmontanis.info\/d\/340815-3\/DSC04651.jpg'><img src=http:\/\/ski.inmontanis.info\/d\/340814-4\/DSC04651.jpg \/><\/a><br \/>\n^ Auf dem Camping-Stellplatz war ich heut nicht er einzige PKW. Aber warum musste sich der eine Italiener direkt vor mich hinstellen??<\/p>\n<p>Hintertuxer hat jetzt die Preise f\u00fcr die Sommersaisonkarte  drin  und interessanterweise gelten beide Sommersaisonkarten NICHT w\u00e4hrend der skifreien Zeit von 28.7. &#8211; Mitte September! Also bei der kurzen dann z.B. &#8220;g\u00fcltig von 16.05.25 bis 27.07.25 und ca. Mitte Sept. bis inkl. 30.09.25&#8221;. <\/p>\n<p>Normalpreis 716,50 \u20ac &#8211; w\u00fcrd ich auch nicht zahlen. 2023 hatte die f\u00fcr mich auch schon 398,- gekostet, also werden es wohl \u00fcber 400 \u20ac sein, wenn sie es \u00fcberhaupt noch anbieten. Ne, das lohnt sich auch nicht wirklich f\u00fcr 2 Wochen im Mai und dann ggf. nochmals 2 Wochen im Juli. Da w\u00e4ren die 559 f\u00fcr den Gopass wesentlich interessanter.<\/p>\n<p>Antwort hab ich am n\u00e4chsten Tag auch bekommen, also mit meiner Arbeitgeberbest\u00e4tigung aus Innsbruck bekomm ich leider keine Tirolertarife mehr. Nur noch Zillertaler bzw. Inhaber vom Tiroler Familienpass. Tja, das wars dann wohl mit Hintertux f\u00fcr mich, wenn ich nicht zuf\u00e4llig mal wieder eine Wintersaisonkarte kaufen sollte, wo der Hintertuxer mit dabei ist, aber Sommerski Hintertux ist damit f\u00fcr mich wohl definitiv Geschichte, solang es nicht irgendwann vielleicht mal wieder g\u00fcnstige Tarife gibt.<\/p>\n<p>Stubaier hat noch bis \u00fcbern\u00e4chsten Sonntag offen, aber ab Montag nur noch sehr eingeschr\u00e4nkt (Eisjoch+Rotadl KSB plus Daunferner-SL plus Mittelstationsabfahrten), daf\u00fcr etwas g\u00fcnstiger. Das wird dann wohl unlohnenswert sein. Auch noch nicht so lang her, als die bis Juni offen hatten&#8230;.<\/p>\n<p>Momentan k\u00f6nnte man ab Mitte Mai am M\u00e4lltaler um 19 \u20ac einen Tagesskipass bekommen. Der Rabatt gilt auch f\u00fcr Mehrtageskarten, z.B. 6 Tage (=maximale Laufzeit) 111,-.  Man ist zwar etwas angeschmiert, wenn dann ein Tag wegen Schlechtwetter kein Betrieb ist. 2x 6 Tage w\u00e4ren dann sogar g\u00fcnstiger als w\u00fcrde man die GoPass-Saisonkarte in der Teilzahlungsvariante w\u00e4hlen, mit der man ihn dann um 250 \u20ac bis Ende September ausn\u00fctzen kann und sich bis dahin \u00fcberlegen k\u00f6nnte, ob man nun die restlichen 309,- zahlt oder nicht und man sich dagegen entscheiden w\u00fcrde.<\/p>\n<p>Leider knallte am Nachmittag wieder die Sonne aufs Auto, kein Windchen. Erst nach 18 Uhr kam endlich ein k\u00fchles L\u00fcftchen durchs Auto.<\/p>\n<p><strong>Sa, 3.5.2025<\/strong><\/p>\n<p>Statt sonnig (gemeldet) begann der Tag heute bedeckt und ab morgen Mittag soll es bereits schneien, was ja auch die Tage darauf gemeldet wird.<\/p>\n<p>Die Italiener, die gestern kamen, konnten mit ihrem QR-Code auch nicht ins WC. Andere Neuank\u00f6mmlinge von vorgestern konnten gestern aber problemlos den Platz verlassen.<\/p>\n<p>Ahja und die, die schon l\u00e4nger da standen, konnten mir ihrem Code auch nicht rein &#8220;funktioniert schon die ganze Woche nicht&#8221;,  deshalb hatten die also den M\u00fclleimer in die T\u00fcr gestellt&#8230; anstatt sich mal an der Kasse zu melden &#8230; <\/p>\n<p>Der Held des Platzes war somit ich mit meiner Skidata-Karte von der Kasse. Ich hab ihnen dann erkl\u00e4rt, dass sie auch f\u00fcr die Rausfahrt einen Code  brauchen oder so eine Karte gegen Kaution an der Kasse holen m\u00fcssen ..<\/p>\n<p>Da ich nix zu tun hatte, ging ich schon um 9 Uhr rauf zur PB, der Parkplatz schon fast so voll wie die letzten Tage zu Mittag &#8230; entsprechend lange Warteschlange an der PB, vmtl um 9:15 die l\u00e4ngste des Tages :( Bahn f\u00e4hrt offiziell ab 9 Uhr.<\/p>\n<p>Kam gerade noch  bei einer Gondel rein, so das es &#8220;nur&#8221; 20min Wartezeit f\u00fcr mich waren. Neben Oberwiesenthal also die l\u00e4ngste Wartezeit meiner Saison und das im Mai!<\/p>\n<p>Bei der Fahrt hinauf der n\u00e4chste Frust, war gestern die Talabfahrt noch pr\u00e4pariert, wurde heute sinnlos unn\u00fctzerweise der Schnee aus den Resten geschoben :( Als h\u00e4tte das nicht noch 2 Tage bis Betriebsende warten k\u00f6nnen?! Skifahren an den letzten \u00d6ffnungstagen, da f\u00fchlt man sich in den Alpen meist nicht mehr willkommen. Au\u00dfer in den kleinen Skigebieten, die von sich aus mal ein Wochenende verl\u00e4ngern, weil sie so viel Schnee haben. Das Verhalten scheint mir in Skandinavien grundlegend anders zu sein, auch wenn es auch hier Ausnahmen gibt.<br \/>\n<a href='http:\/\/ski.inmontanis.info\/d\/340819-3\/DSC04652.jpg'><img src=http:\/\/ski.inmontanis.info\/d\/340818-4\/DSC04652.jpg \/><\/a><br \/>\n^ Au weia. Wartezeiten um 9:10 Uhr. Dumme Zeit.<\/p>\n<p>Ohne Talabfahrt ist der Wechsel vom der Hintereis-DSB zum restlichen Gebiet ja wesentlich schiebelastiger. Abschnittsweise gingen die Abfahrten an der Hintereis-DSB nach 11 Uhr noch gut zu fahren, aber unten musste man zur Talstation schieben, weil es so pappig war &#8211; das war die letzten Tage erst sp\u00e4ter der Fall.<\/p>\n<p>Auch auf der Gletscherseite gab es heute hier und da etwas &#8220;stop-and-go&#8221;-Pappschnee, insb. an den steilen Pisten, andere gingen teils noch recht gut. Gegen 14 Uhr hab ich die Talabfahrt.<\/p>\n<p><a href='http:\/\/ski.inmontanis.info\/d\/340823-3\/DSC04655.jpg'><img src=http:\/\/ski.inmontanis.info\/d\/340822-4\/DSC04655.jpg \/><\/a><br \/>\n^ Als ob man die Talabfahrt nicht noch 2 Tage h\u00e4tte belassen k\u00f6nnen, nein, man muss an den besonders schneereichen Stellen den Schnee rausfahren. Damit h\u00e4tte man auch diverse apere Stellen stopfen k\u00f6nnen!!<\/p>\n<p>Der Tag verlief heute schon nicht ganz trocken und morgen soll es bereits ab 11 Uhr schneien. Auf den 4. Tag h\u00e4tte ich verzichten sollen, die 40 \u20ac f\u00fcrn Stellplatz lohnen sich morgen garantiert nicht.<\/p>\n<p>Stelvio hat seinen Saisonstart um einen Monat verschoben und hui, wie cool ist das denn, Graffer darf die Geister-SL wieder aufbauen :) Da bin ich ja mal gespannt, ob sie die alt-\u00fcblichen Graffer-Rollenbatterien bekommen und welche Art Gletscherst\u00fctzen sie verwenden werden, ist ja doch schon einige Jahrzehnte her, als Graffer seinen letzten Gletscher-SL gebaut hat. Aber vielleicht stellen sie ja auch nur den vorherigen Leitner-Doppel-SL wieder auf. Bei einem Tageskartenpreis von 59 \u20ac werd ich die aber nicht mehr fahren.<\/p>\n<p>Ungew\u00f6hnlich (zumindest f\u00fcr mich), dass Cervinia nun durchghend Betrieb hat, also ohne Pause, nicht erst wieder im Juni, sondern den ganzen Mai und Juni durch. Daf\u00fcr haben sie nun auch kostenpflichtige Parkpl\u00e4tze um 10 \u20ac pro Tag. Also ganz ehrlich, die Alpen k\u00f6nnen mir langsam komplett gestohlen bleiben. Und auf Italien kann ich mittlerweile auch gut verzichten. Wobei die Tageskarte mit 35 \u20ac ja recht g\u00fcnstig w\u00e4re.<\/p>\n<p>Heut Nachmittag stand  nur noch das 1 italienische Wohnmobil hier und die konnten nach wie vor nicht ins WC, haben also nicht an der Kasse gerfragt, warum ihr code nicht geht und ich musste es ihnen sagen. Alter, betreutes Denken heutzutage \u00fcberall oder wie!!<\/p>\n<p>Zum Abendessen hatte ich mir noch ein gek\u00fchltes Fertiggericht aus Schweden mitgenommen: Raggmunk \/ Fl\u00e4sk \/ Lingon  ;) Die gek\u00fchlten Fertiggerichte kosten ja so um die 50-70 SEK, teurer als die tiefgek\u00fchlten. Allerdings ist die Portion wirklich gro\u00df, passt gar nicht auf meine Pfanne.<\/p>\n<p><a href='http:\/\/extra.inmontanis.info\/d\/130905-2\/DSC04657.jpg'><img src=http:\/\/extra.inmontanis.info\/d\/130904-3\/DSC04657.jpg \/><\/a><br \/>\n^ Gro\u00dfe Portion Raggmunk \/ Fl\u00e4sk \/ Lingon aus Schweden, passt gar nicht alles auf die Pfanne<\/p>\n<p><a href='http:\/\/extra.inmontanis.info\/d\/130909-2\/DSC04658.jpg'><img src=http:\/\/extra.inmontanis.info\/d\/130908-3\/DSC04658.jpg \/><\/a><br \/>\n^ .. also hab ich in Teilen gegessen, hier der Rest<\/p>\n<p>Heut t\u00e4nzelten Stechm\u00fccken vorm Fenster herum, das Fliegennetz h\u00e4ngt nun provisorisch. Abends gewitterte es sogar noch.  Wetterprognose Bergfex &#8220;&#8221;Heute, 21:00 &#8211; stark bew\u00f6lkt, Niederschlag: 20% &#8211; Gewitter: 10%&#8221; &#8211; und es regnet und gewittert!! Aber auch lt. yr sollte es gerade wolkenlos sein.<\/p>\n<p><strong>So, 4.5.2025<\/strong><\/p>\n<p>Um 8:30 verlie\u00df ich den Camping-Stellplatz und fuhr zum Parkplatz rauf, der schon gut besucht war, daf\u00fcr, dass die Gondel angeblich erst ab 9 Uhr fahren sollte. Bissl weniger Leute standen um 8.55 an als gestern um 915 und ich war sogar einer der letzten, hinter mir kamen fast gar keine mehr, heute um 915 wars also leer.<\/p>\n<p>Neuschnee (Gewitter gestern!) war mehr oder weniger pappig, gegen 10 Uhr gab&#8217;s schon Graupel, aber die Sonne war auch etwas zu sehen.<\/p>\n<p>Weil schwer pappend und es gerade trocken war, fuhr ich die letzte Bergfahrt Hintereis um 11:30 und dann ins Tal. Wenig sp\u00e4ter im Auto fing es dann etwas zu regnen an, h\u00f6rte aber auch wieder auf.<\/p>\n<p><a href='http:\/\/ski.inmontanis.info\/d\/340827-3\/DSC04662.jpg'><img src=http:\/\/ski.inmontanis.info\/d\/340826-4\/DSC04662.jpg \/><\/a><br \/>\n^ Talabfahrt, obwohl der Schnee hier so braun ist, ist die Schneedicke heir noch dicker als erwartet im Vgl. zu dem freigemachten Teil links<\/p>\n<p><a href='http:\/\/ski.inmontanis.info\/d\/340831-3\/ge20250501-04e.jpg'><img src=http:\/\/ski.inmontanis.info\/d\/340830-4\/ge20250501-04e.jpg \/><\/a><br \/>\n^ GPS-Track 1.-4.5.2025 in den 4 gelb-roten Farben;  vorherige Besuche in Blau<\/p>\n<p>Wie bef\u00fcrchtet, konnte ich das Pfand der Sunny Card hier nicht einl\u00f6sen. War jetzt der 52. Skitag auf der Sunny Card, was bei 560 \u20ac also 10,77 \u20ac pro Tag entspricht. Davon 15 Tage am Schnalstaler, definitiv mehr als erwartet im Vgl. zu den restlichen Gebieten. Heiligenblut auch 15.<\/p>\n<p>Sonntags ge\u00f6ffnete Superm\u00e4frkte sind hier im Vinschgau selten, ich fand in GMaps auf dem Weg bzw. mit kurzem Umweg einen MD, einen Lidl und einen Eurospin, die jeweils heute offen haben sollten, also mal MD+Lidl angepeilt.<\/p>\n<p>Bei beiden nicht die Markenprodukte hinsichtlich Croissants &#038; Co gesehen, also nix davon gekauft. <\/p>\n<p>Immerhin bekam ich im Lidl noch Halbschuhe &#8211; da ich ja keine dabei hatte &#8211; um g\u00fcnstige knapp 13 \u20ac, das letzte Paar und noch dazu in fast passender Gr\u00f6\u00dfe 41 (wobei mir 40 manchmal zu klein, 41 manchmal zu gro\u00df ist). <\/p>\n<p>Eurospin nicht besucht, falsche Stra\u00dfenseite und zu viel Verkehr hier, keine Lust darauf.<\/p>\n<p>Diesel ist in IT ca. gleich teuer wie in Nordtirol oder sogar teils g\u00fcnstiger je nach jeweiligen Tankstellen, Benzin schon noch teurer.<\/p>\n<p><strong>Mo, 5.5.2025<\/strong><\/p>\n<p>Die weiteren M\u00f6glichkeiten &#8230;.<\/p>\n<p>a) Saison beenden nach &#8220;nur&#8221; 159 Skitagen -> +X*<br \/>\nb) Noch 1-2 Wochen am M\u00f6lltaler Gletscher zu den g\u00fcnstigen 19 \u20ac Preisen -> +X*<br \/>\nc) Den Gopass zum Teilzahlungspreis um 250,- kaufen, jetzt noch 3 Wochen zum M\u00f6lltaler und im Herbst den GoPass nicht verl\u00e4ngern, nicht den Rest zahlen -> +X*<\/p>\n<p>d) Den Gopass zum Teilzahlungspreis um 250,- kaufen und im Herbst den Rest zahlen oder gleich jetzt den vollen Preis um die 559,- zahlen, jetzt noch 2-3 Wochen zum M\u00f6lltaler und im Herbst wieder und dann im Dez\/Jan viele neue Skigebiete in SK\/CZ\/PL erkunden und nach Skandinavien weiter und im Mai 2026 mit dem GoPass nochmals paar Wochen auf den M\u00f6lltaler und im Juni heim und im Sp\u00e4tsommer 2026 ins UK und von da aus direkt nach Skandinavien weiter im Winter 2026\/27<\/p>\n<p>*X bei a\/b\/c erg\u00e4ben sich jeweils folgende M\u00f6glichkeiten f\u00fcr die Zeit danach:<br \/>\n1) im Laufe des Sommers 2025 ins UK und von da aus im Herbst nach Skandinavien und bis Ende Mai 2026 in Skandinavien bleiben, dann heim (paar Tage sp\u00e4ter fiel mir noch ein als halbe Alternative: Bis Feb. im UK bleiben und DEZ-FEB auf Schnee in Schottland hoffen um dort Ski zu fahren)<br \/>\n2) im Laufe des Herbsts 2025 gem\u00fctlich nach Skandinavien und bis Ende Mai 2026 in Skandinavien bleiben, dann im Sommer 2026 direkt weiter ins UK bis Oktober (also wie letztes Jahr)<br \/>\n3) den Sommer\/Herbst daheim verbringen und im Herbst\/Fr\u00fchwinter die K\u00e4rntner Saisonkarte kaufen, um Saisonanfang und -ende am M\u00e4lltaler zu verbringen (oder eine andere g\u00fcnstige Saisonkarte in AT, wo ein anderer Gletscher inkludiert ist oder eine ganz andere g\u00fcnstige Saisonkarte ohne Gletscher nur f\u00fcr den Saisonstart) und im Dez\/Jan noch einige andere Skigebiete besuchen, ggf. die in den Alpen, die sich diese Saison schneemangelsbedingt nicht ausgeangen sind, dann ab Feb 2026 nach Skandinavien und bis Ende Mai 2026 in Skandinavien bleiben und direkt weiter f\u00fcr Sommer 2026 ins UK bis Oktober (also wie letztes Jahr) <\/p>\n<p>Die Varianten a\/b\/c bieten also auch im Anschluss mehr M\u00f6glicheiten, w\u00e4hrend ich mich mit &#8220;d&#8221; schon bis Winter 2026\/27 festlegen w\u00fcrde<\/p>\n<p>Wie \u00fcblich haben alle Varianten ihre Vor- und Nachteile (Skandinavien zum Winteranfang kalt, wenig M\u00f6glichkeiten, aber ggf. sch\u00f6ne Lichtstimmung, besserer Schnee; in CZ\/SK\/PL kenn ich noch kaum Skigebiete, was also interessant w\u00e4re; vielleicht l\u00e4ge in den Alpen n\u00e4chste Saison wieder mehr Schnee; UK hat mir letzten Sommer auch sehr gefallen, aber ob ich nun jedes Jahr 3-4 Sommermonate im UK verbringen m\u00f6chte+sollte, auch fraglich &#8230; andererseits w\u00fcrd ich nat\u00fcrlich lieber sp\u00e4testens Sommeranfang  2026 als erst Sommerende 2026 dort sein.<\/p>\n<p>Also hab ich mal angefangen, die Skigbiete in CZ\/SK\/PL durchzugehen, sind ja mehrere hundert, also sollte man wohl erst viele kurze Einzelanlagen streichen.<\/p>\n<p>SK (Slowakei) ist wohl noch etwas uninteressanter geworden, zumal die Skigebiete, die ich fr\u00fcher schon als h\u00f6chstes bewertet hatte, LSAP schon damals waren oder mittlerweile wurden, zudem werden f\u00fcr kleine Skigebiete recht teure Preise um \u00fcber 40\/50 \u20ac verlangt. Ein paar g\u00e4be es aber schon noch, die ich besuchen w\u00fcrde. Und alle bin ich auch nicht im Detail durchgegangen, insb. nicht die ganzen Einzellifte. Die k\u00f6nnen ja auch immer von &#8220;langweiliger M\u00fcll&#8221; bis &#8220;sehr interessant&#8221; oder &#8220;historisch wertvoll&#8221; sein. <\/p>\n<p>Zudem sollte SK und PL landschaftlich sch\u00f6ner sein als CZ und teils jedenfalls alpiner als Schweden. Allerdings k\u00f6nnt ich eine CZ\/SK\/PL-Tour wohl auch ohne GoPass machen, dann w\u00fcrd ich diese gro\u00dfen und modern ausgebauten Skigebiete halt einfach auslassen.<\/p>\n<p>.. aber ich w\u00fcrd mir den GoPass ja nicht nur wg. dieser Gebiete, sondern haupts\u00f6chlich wg. M\u00f6lltaler Fr\u00fchjahr und Herbst kaufen.<\/p>\n<p><strong>Di, 6.5.2025<\/strong><\/p>\n<p>Bin heut mal etliche Skigebiete in Polen durchgegangen, da ist noch weniger lohnenswertes dabei als in SK, viel weniger. CZ auch noch etwas durchgeschaut &#8211; also ich glaub, da ist nicht genug lohnenswertes dabei, dass ich die Fahrt so weit in den Osten machen m\u00f6chte. Und schon gleich gar nicht f\u00fcr die modernen Gebiete vom GoPass :) Und jedenfalls macht das wohl nur Sinn, wenn genug Schnee liegt in den wenigen Gebieten, die mich interessieren w\u00fcrden &#8211; da f\u00e4llt so eine pauschale GoPass-Saisonkarte wohl auch weg. Aber selbst ohne die SK\/CZ\/PL-Gebiete nur f\u00fcr M\u00f6lltaler (+Ankogel) w\u00e4ren ja die 559,- \u20ac vom GoPass f\u00fcr 2 Fr\u00fchlingssaisonen und 1 Herbstsaison ein guter Preis.<\/p>\n<p>Und die \u00f6stlichsten Skigebiet in SK w\u00e4ren von mir aus immer noch n\u00e4her als Aostatal (zB. falls der Skandinavian Skipass dorthin erweitern sollte) oder Piemont.<\/p>\n<p>Aber trotzdem, ich glaub, UK sp\u00e4testens n\u00e4chsten Sommer, wenn nicht noch heuer, w\u00e4r mir wichtiger als diese Skigebiete in CZ\/PL\/SK, auch wenn man vielleicht noch den einen oder anderen ESL, alten SL oder jedenfalls etliche KSSL fahren k\u00f6nnte. Kulinarisch und preislichh w\u00e4r die Gegend auch interessant.<\/p>\n<p>Ab n\u00e4chster Woche k\u00f6nnte ich noch 4 Wochen M\u00f6lltaler fahren, wenn ich mir den GoPass kaufen w\u00fcrde. Danach w\u00e4ren es 145 Tage bis 1.11. &#8211; eh schon viel zu viel um daheim zu versauern ;)<\/p>\n<p><strong>Do, 8.5.2025<\/strong><\/p>\n<p>Unerwartet, der Tagespass am M\u00e4lltaler kostet f\u00fcr alle restlichen Saisontage ab Montag immer noch nur 19 \u20ac. Ist das gar ein Fixpreis und kein dynamischer Preis? Dann m\u00fcsst ich mich ja noch nicht so festlegen.  Wobei, ab 14 Tage w\u00e4re dann wieder der Teilzahlungs-GoPass um 250,- g\u00fcnstiger&#8230;<\/p>\n<p>Also eins wei\u00df ich ja, wenn ich mir den ganzen GoPass  kaufen w\u00fcrde, damit ich auch im Herbst am M\u00f6lltaler fahren k\u00f6nnte, dann w\u00fcrd ich garantiert auch nach SK\/CZ\/PL fahren m\u00fcssen und auch garantiert im Fr\u00fchjahr 2026 wieder den Pass am M\u00f6lltaler ausn\u00fctzen wollen. <\/p>\n<p>Hemavan-T\u00e4rnaby h\u00e4tte ich wieder knapp verpasst, bis gestern w\u00e4re die dortige Saisonkarte um 5.395,- SEK zu haben gewesen, Normalpreis ist dann 6.995,-. Aber 2 Wochen sind da wesentlich g\u00fcnstiger.<\/p>\n<p>Falls es n\u00e4chstes WE auch sonnig wird, werd ich mich ja kaum halten k\u00f6nnen. Allerdings w\u00fcrd ich davon ausgehen, dass es Ende Mai \/ Anfang Juni besser gehen sollte am M\u00f6lltaler. War 2023 ja auch so. <\/p>\n<p>Dh entweder ich nehm dann einfach nur tageweise die Tageskarten um die 19 \u20ac, so lang das 19 \u20ac bleiben, br\u00e4ucht ich da ja nicht im Vorhinein mich festlegen und bleib ggf. mal am Parkplatz ohne Skifahren stehen und bleib dann ca. 2 Wochen bis 1.6. oder verteile das mehr und bleib die 3 Wochen bis 8.6, fahr also je nach Wettervorhersage und darf dann in dem Zeitraum aber maximal 13 Tage fahren, um unter den 250 \u20ac zu bleiben. <\/p>\n<p>Oder eben ich geh davon aus, dass es mir gefallen wird und die Verh\u00e4ltnisse gut genug sind und ich mich mit dem 6-Uhr-Aufwecken-durch-Rennfahrer arrangieren kann und kauf mir doch gleich die Saisonkarte zum 250 \u20ac Teilpreis und zahl bis 30.9. die restlichen 309 \u20ac eben NICHT, sondern lass die Saisonkarte auslaufen &#8211; oder \u00fcberleg es mir bis Ende September doch nochmals und zahl den Rest und fahr n\u00e4chste Sasion im Herbst und ggf. Fr\u00fchjahr nochmals M\u00f6lltal und ggf. im Winter dann CZ\/SK\/PL. <\/p>\n<p>Eine andere Sache, die mir schon seit letztem Jahr in den Sinn kam, dass ich meine Schaumstoffmatratze im Auto ersetzen m\u00fcsste. Die ist ja noch aus dem Qubo und nun 10 Jahre alt und ist in der Mitte etwas durchgelegen, was etwas zu R\u00fcckenschmerzen f\u00fchrt und teilweise (selten) sp\u00fcr ich auch die Holzplatte darunter. Auch der von meinem Vater gen\u00e4hte \u00dcberzug wird mittlerweile an mehreren Stellen rissig.<\/p>\n<p>Gekauft hatte ich den Schaumstoff damals direkt beim Hersteller in Innsbruck und weil es den Hersteller noch gibt, hab ich mal nachgefragt; ein entsprechend rechteckig beschnittener Schaumstoff (10cm dick aktuell) kostet um die 95-110 \u20ac, meine alte k\u00f6nnte ich auch bei denen entsorgen, da ich ja am M\u00f6lltaler keine 2 Matratzen brauchen kann. Etwas l\u00e4nger kann ich sie nun auch nehmen, breiter ginge auch.<\/p>\n<p>Die Auswahl des richtigen Schaumstoffes (gibt da ja zig verschiedene Festigkeiten zur Auswahl) k\u00f6nnte  etwas schwieriger werden, aber mit dem alten in der Hand werd ich das wohl vergleichen k\u00f6nnen.<\/p>\n<p>H\u00e4tte mir auch \u00fcberlegt, den \u00dcberzug diesmal in eine Sommer- und eine Winterseite zu machen, also ein glatter Stoff f\u00fcr den Sommer und eine Fleece\/Flanell-Seite f\u00fcr den Winter. <\/p>\n<p><strong>Sa, 10.5.2025<\/strong><\/p>\n<p>Mal kurz die Campingplatzm\u00f6glichkeiten der GoPass-Skigebiete durchgegangen in CZ\/SK\/PL, aber auch kaum etwas am Lift und wohl eher um\/\u00fcber 30 \u20ac, also auch nicht grad lohnenswert. Das w\u00e4r ja sonst noch ein wichtiger Pluspunkt f\u00fcr eine m\u00f6gliche Saisonkarten-Entscheidung gewesen, falls es an den Skigebieten einen g\u00fcnstigen Stellplatz mit Strom g\u00e4be. <\/p>\n<p>Also wenn, dann kauf ich mir glaub ich GoPass nur f\u00fcr M\u00f6lltal jetzt im Fr\u00fchjahr; im Herbst die 319,-, wenn ich nicht auch CZ\/SK\/PL fahren wollen sollte, lohnt sich eher nicht und n\u00e4chstes Fr\u00fchjahr w\u00e4r ich dann ja im UK.<\/p>\n<p>Aber will ich wirklich wieder den ganzen n\u00e4chsten Winter in Skandinavien verbringen? Viel neue Skigebiete werd ich ja dann nicht mehr besuchen ..  au\u00dfer ich w\u00fcrd mal in Finnland einiges besuchen. Oder doch mal der S\u00fcden Norwegens, auch wenn er wieder gar nicht auf dem Weg liegt und schneem\u00e4\u00dfig ein W\u00fcrfelspiel ist &#8230;.. viel, wenig, Schnee oder Regen &#8230;<\/p>\n<p><strong>So, 11.5.2025<\/strong><\/p>\n<p>Gestern im Bett fiel mir eine andere Idee wieder ein, die ich letzten Sommer schon hatte, hier aus meinem Bericht vom 16.7.2024:<\/p>\n<p>&#8220;Vielleicht sollte ich wirklich n\u00e4chsten Winter nochmals nach Schweden fahren, n\u00e4chsten Sommer will ich ja eh daheim bleiben, aber mir dann n\u00e4chsten Herbst die Saisonkarte f\u00fcr Schottland kaufen und dann also im Winter 2025\/26 endlich mal in Schottland zumindest einen Teil des Winters Ski fahren, bevor hier noch das eine oder andere Skigebiet komplett den Laden dicht macht. Und bevor der 1960er ESL in Glencoe ersetzt wird&#8230;&#8221;<\/p>\n<p>D.h. das w\u00fcrde dann bedeuten, heuer im August ins UK fahren und bis Mitte Feb bleiben und den Ski-Saisonstart in Schottland  machen und hoffen, dass da (ausnahmsweise) mal genug Schnee liegt. Ob ich danach nach Skandinavien oder \u00fcbers Massif Central und die Pyren\u00e4en nach Spanien fahren w\u00fcrde, w\u00e4re auch noch eine \u00dcberlegung.<\/p>\n<p>Die Saisonkarte in Schottland war glaub vorletztes Jahr (oder noch vorher) auf eine bestimmte Anzahl limitiert und galt nicht mehr in allen 5 schottischen Skigebieten. Auch letztes Jahr galt sie nicht in Cairngorm, der Preis war 495 GBP und der Verkauf war von Oktober bis ca. Ende November und ich hab nichts von einer Limitierung gelesen, also eigentlich genug Zeit.<\/p>\n<p>Nennt sich &#8220;4 Area Pass&#8221;, wobei Nevis zu Beginn der nun abgelaufenen Saison verk\u00fcndet hatte, erst ab Februar zu \u00f6fffnen (hatte aber heuer wohl gar nicht offen, obwohl teilweise Schnee gelegen w\u00e4re, dagegen waren die Skigebiete in England einige Tage offen), somit der Pass f\u00fcr mich quasi nur noch in 3 Skigebieten gelten w\u00fcrde &#8211; falls das n\u00e4chstes Jahr auch so sein sollte. Nevis scheint die letzten Jahre auch bei genug Schnee kaum noch zu\u00f6ffnen. Bl\u00f6d w\u00e4r halt, wenn auch die anderen Skigebiete im Dez\/Jan keinen Schnee h\u00e4tten. Dann w\u00fcrd ich dumm in Schottland rumhocken und h\u00e4tte den Skipass umsonst gekauft. <\/p>\n<p><a href='https:\/\/www.snowsportscotland.org\/four-area-pass'>https:\/\/www.snowsportscotland.org\/four-area-pass<\/a><\/p>\n<p>\u00dcbrigens gibts in Schottland, wenn auch keinen Gletscher, so doch anscheinend ein Restschneefeld, dass in 300 Jahren nur 10x weggetaut sein soll:<br \/>\n<a href='https:\/\/www.bbc.com\/news\/uk-scotland-highlands-islands-66739259'>https:\/\/www.bbc.com\/news\/uk-scotland-highlands-islands-66739259<\/a><\/p>\n<p>Vorletzte Saison war etwas besser in Schottland, letzte (also diese, abgelaufene) war die meiste Zeit fast nur Anf\u00e4ngerbereiche mit Snowfactory-Beschneiung offen.<\/p>\n<p>So ziemlich das Maximum vergangene Saison waren in Schottland wohl ca. 30% der Pisten offen (Anfang Februar). Saisonstart war immerhin schon Anfang Dezember. Also k\u00f6nnte es n\u00e4chste Saison  ja vielleicht mal wieder besser sein?<\/p>\n<p>Falls ich z.B. ab 15.8. (Feiertag in AT) im UK w\u00e4re, w\u00e4ren es ab da 180 Tage bis 10.2. &#8211; 180 Tage ist ja das Maxmium, das man im UK als Tourist bleiben d\u00fcrfte. Wobei es statt 180 Tage auch 6 Monate sein k\u00f6nnten, das wird n\u00e4mlich laufend durcheinandergew\u00fcrfelt. Zudem mir ja nach wie vor nicht klar ist, ob ein Besuch auf der IoM das 180 Tage &#8211; Limit danach restarten w\u00fcrde. Weil die Isle of Man ja nicht zum UK geh\u00f6rt, sondern nur zur K\u00f6nigsfamilie, andererseits aber eben zur gemeinsamen Zollzone..<\/p>\n<p>Bei dem teuren F\u00e4hrpreis zur IoM w\u00fcrd ich diesmal aber wohl nur ein paar Tage bleiben, somit die Tarife g\u00fcnstiger w\u00e4ren. N\u00e4chstes Mal im Hochsommer dann wieder 3-4 Wochen. W\u00e4r, wenn ich diesen Sp\u00e4tsommer noch fahre, also \u00fcbern\u00e4chstes Jahr.<\/p>\n<p>Fraglich eher, was mach ich den ganzen November im UK bis die Skigebiete \u00f6ffnen, da fahren kaum noch Trams und H\u00e4user\/Halls+Castles sind dann auch teilweise zu. Und die Saisonkarte in Schottland kostete zuletzt beim aktuellen Wechselkurs auch schon ca 600 \u20ac. Wenn sie dann noch etwas teurer wird, schon sehr viel f\u00fcr so ein riskantes Unterfangen, ggf. nur an \u00dcbungsliften fahren zu k\u00f6nnen. Den Scandinavian k\u00f6nnte man aktuell um knapp \u00fcber 500,- \u20ac kaufen.. Der ist schon wirklich ein Schn\u00e4ppchen f\u00fcr das, was geboten wird.<\/p>\n<p>Eigentlich sollte ich auch endlich mal meinen Standortvorteil in K\u00e4rnten nutzen .. und in den Osten oder S\u00fcdosten fahren ;)<\/p>\n<p>Depots &#038; Finanzen hab ich auch mal wieder gecheckt, bei einem bl\u00f6den Seltenen-Erden-ETF hab ich 68% verloren, da bin ich  an der Spitze damals mit Kurs 21,20 eingestiegen, jetzt sinds 6,73&#8230;.<\/p>\n<p>Der meiste Gewinn w\u00e4re momentan bei Gold, da sollte ich ggf. einen brauchbaren Ausstiegszeitpunkt zur Gewinnrealisierung mal mitnehmen .. <\/p>\n<p>Mit den Eink\u00e4ufen nach dem Crash vor ein paar Wochen tw. knapp 20% Plus gemacht, nice. <\/p>\n<p>Einige sind aber noch unter dem Wert vom Oktober 2024, tw. bin ich dadurch auf Stand Mai 2024. Gold ist seit Mai 2024 anscheinend um 38% gestiegen, somit hab ich betragsm\u00e4\u00dfig das selbe Kapital wie im Oktober und 6% mehr wie vor 1 Jahr. Falls die Inflation also h\u00f6her als 6% war, erg\u00e4be das real gesehen eine Kapital-Entnahme, aber die w\u00e4re ja auch von Anfang an geplant.<\/p>\n<p><strong>Mo, 12.5.2025<\/strong><\/p>\n<p>F\u00fcr den heutigen Tag k\u00f6nnte man auf der Gopass-Seite zumindest nachmittags keine Tageskarten M\u00f6lltal mehr kaufen, aber f\u00fcr ab morgen und den Rest der Saison nach wie vor jeden Tag nur 19 \u20ac. <\/p>\n<p>.. das macht die Entscheidung echt nicht einfacher ..<\/p>\n<p>Ab Donnerstag wird zudem jeden Tag wieder etwas Niederschlag gemeldet, wenn auch haupts\u00e4chlich sonnig\/wolkig. Der Schneebericht auf der Website meldet bereits beide kurzen SL an der Mittelstation zu, schade.<\/p>\n<p>Tja, fahr ich nun ab DO oder FR ins M\u00f6lltal? F\u00fcr die vollen Wochen mit dem 250-\u20ac-Teilsaisonpass? Oder um die 19 \u20ac pro Tag f\u00fcr maximal 13 Tage? Ich hab mich weiterhin nicht entschieden.<\/p>\n<p>&#8211; &#8211; &#8211;<\/p>\n<p>Auch ein \u00e4u\u00dferst interessanter Artikel:<\/p>\n<p>&#8220;Wenn die Falken in der EU und die \u201eKoalition der Willigen\u201c also Schauprozesse gegen angebliche russische Kriegsverbrecher oder gar Regierungsmitglieder veranstalten wollen, bei denen garantiert die gewollten Urteile gesprochen werden, dann brauchen sie einen anderen \u201eGerichtshof\u201c, weil der Ukraine-Konflikt nicht in die Zust\u00e4ndigkeit des IStGH f\u00e4llt und weil der IGH nicht die gew\u00fcnschten Urteile f\u00e4llen w\u00fcrde.&#8221;<\/p>\n<p>&#8220;.. hat die EU \u2013 ohne dass die Medien berichtet h\u00e4tten \u2013 beschlossen, den Konflikt mit Russland f\u00fcr mindestens die n\u00e4chsten 45 Jahre festzuschreiben und fortzusetzen.&#8221;  (!!)<\/p>\n<p>&#8220;Und dann wird das \u201eGericht\u201c beschlie\u00dfen, daf\u00fcr die in der EU eingefrorenen Verm\u00f6genswerte zu konfiszieren.&#8221;<br \/>\n>><br \/>\n<a href='https:\/\/anti-spiegel.ru\/2025\/wozu-will-die-eu-das-anti-russische-tribunal-gruenden\/'>https:\/\/anti-spiegel.ru\/2025\/wozu-will-die-eu-das-anti-russische-tribunal-gruenden\/<\/a><\/p>\n","protected":false},"excerpt":{"rendered":"<p>Do, 1.5.2025 Skitag 156<\/p>\n<p>Nun also wieder zur\u00fcck in den Alpen.<\/p>\n<p>Kurz vor 8 Uhr ging es in Telfs los, (mittlerweile) seltenerweise mal auf der Autobahn (weil ich mir ja die Jahresvignette gekauft hatte) und nach Westen, die A12 bis Landeck bin ich schon lange nicht mehr gefahren, seitdem ich nicht mehr in Innsbruck wohne.<\/p>\n<p> <a href=\"http:\/\/blog.inmontanis.info\/?p=10789\">[&#8230;]<\/a><\/p>\n","protected":false},"author":1,"featured_media":10794,"comment_status":"closed","ping_status":"closed","sticky":false,"template":"","format":"standard","meta":{"footnotes":""},"categories":[940,15,397,27],"tags":[55,49,38,54,52,78,45,47],"class_list":["post-10789","post","type-post","status-publish","format-standard","has-post-thumbnail","hentry","category-2025-01-alpenskandinavien","category-italienitaly","category-schnalstal","category-skifahren-winterskiing-winter","tag-3sb","tag-4sb","tag-dsb","tag-gletschervergleich","tag-pb","tag-restschnee","tag-see","tag-sl","odd"],"_links":{"self":[{"href":"http:\/\/blog.inmontanis.info\/index.php?rest_route=\/wp\/v2\/posts\/10789","targetHints":{"allow":["GET"]}}],"collection":[{"href":"http:\/\/blog.inmontanis.info\/index.php?rest_route=\/wp\/v2\/posts"}],"about":[{"href":"http:\/\/blog.inmontanis.info\/index.php?rest_route=\/wp\/v2\/types\/post"}],"author":[{"embeddable":true,"href":"http:\/\/blog.inmontanis.info\/index.php?rest_route=\/wp\/v2\/users\/1"}],"replies":[{"embeddable":true,"href":"http:\/\/blog.inmontanis.info\/index.php?rest_route=%2Fwp%2Fv2%2Fcomments&post=10789"}],"version-history":[{"count":6,"href":"http:\/\/blog.inmontanis.info\/index.php?rest_route=\/wp\/v2\/posts\/10789\/revisions"}],"predecessor-version":[{"id":10796,"href":"http:\/\/blog.inmontanis.info\/index.php?rest_route=\/wp\/v2\/posts\/10789\/revisions\/10796"}],"wp:featuredmedia":[{"embeddable":true,"href":"http:\/\/blog.inmontanis.info\/index.php?rest_route=\/wp\/v2\/media\/10794"}],"wp:attachment":[{"href":"http:\/\/blog.inmontanis.info\/index.php?rest_route=%2Fwp%2Fv2%2Fmedia&parent=10789"}],"wp:term":[{"taxonomy":"category","embeddable":true,"href":"http:\/\/blog.inmontanis.info\/index.php?rest_route=%2Fwp%2Fv2%2Fcategories&post=10789"},{"taxonomy":"post_tag","embeddable":true,"href":"http:\/\/blog.inmontanis.info\/index.php?rest_route=%2Fwp%2Fv2%2Ftags&post=10789"}],"curies":[{"name":"wp","href":"https:\/\/api.w.org\/{rel}","templated":true}]}}