{"id":10784,"date":"2025-04-30T14:50:10","date_gmt":"2025-04-30T12:50:10","guid":{"rendered":"http:\/\/blog.inmontanis.info\/?p=10784"},"modified":"2025-05-10T15:18:33","modified_gmt":"2025-05-10T13:18:33","slug":"fahre-und-fahrt-schweden-tirol-28-30-4-2025-track-poi-feb-apr","status":"publish","type":"post","link":"http:\/\/blog.inmontanis.info\/?p=10784","title":{"rendered":"F\u00e4hre und Fahrt Schweden-Tirol, 28.-30.4.2025 \/ + Track &#038; POI Feb-Apr"},"content":{"rendered":"<p><strong>Mo, 28.4.2025<\/strong><\/p>\n<p>Heute geplant war Dollarstore, Willys und ev. nochmals Biltema kurz zum Essen. entweder Raggmunk, falls gibt, oder halt nur ein Hotdog.<\/p>\n<p>Im Gegensatz zum letzten Jahr hab ich heuer die Ski nat\u00fcrlich nicht nach innen gelegt, sondern sie bleiben am Dach, weil ich sie ja noch brauchen werde.<\/p>\n<p>Mein WC wollte ich heute auch nochmals leeren, erster Rastplatz keine Entsorgung, zweite hatte eine, aber keinen Schlauch am Wasser. Ansonsten soll aber laut Trafikverket-Seite kein Rastplatz mit Entleerungsm\u00f6glichkeit mehr kommen, also probierte ich es hier &#8211; ging auch.<\/p>\n<p>Der Dollarstore schien mir wesentlch gr\u00f6\u00dfer als sonst, aber einige Abteilungen waren auch kleiner, nicht alles bekommen, was ich noch wollte. <\/p>\n<p>Ich dachte, ich h\u00e4tte das schon einmal thematisiert, find  es aber gerade nicht: Letztes Jahr hatte ich ja die d\u00fcnne Sommersteppdecke mit einem vermutlichen Flanell-\u00dcberzug versehen, zudem hatte ich eine d\u00fcnne Fleecedecke, beides dann bei kalten Temperaturen im Schlafsack.<\/p>\n<p>Heuer dagegen hatte ich den Bettdecken\u00fcberzug nicht \u00fcber die Sommersteppdecke, sondern in Maximalkonfiguration Fleece -> Flanell\u00fcberzug -> Steppdecke im Schlafsack, bei weniger kalten Temperaturen oder an Campingpl\u00e4tzen 1-2 weniger.<\/p>\n<p>Festgestellt hatte ich, dass die d\u00fcnne Fleecedecke wesentlich w\u00e4rmer ist als der Flanell\u00fcberzug. Nachteilig an der Fleecedecke, dass sie nur 160x120cm ist, d.h. um die F\u00fc\u00dfe gewickelt und etwas gestrafft,  geht sie gerade so bis zur Schulter. Wenn ich abends im Couchmodus hocke und mit angewinkelten Knien die Decken bis \u00fcbern Kopf ziehe, um Heizung zu sparen, ist sie zwar lang genug, daf\u00fcr sind die 120cm etwas zu wenig breit.<\/p>\n<p>D.h. ich wollte eine etwas breitere und l\u00e4ngere Fleecedecke und hab mir im Dollarstore mal eine mitgenommen. Mit 170 oder 180 x 130 zwar auch nicht so viel gr\u00f6\u00dfer, aber daf\u00fcr mit glaub 50 SEK entsprechend g\u00fcnstig. D.h. n\u00e4chsten Winter werd ich mal beide Fleedecken plus Sommersteppdecke mitnehmen.<\/p>\n<p>Im Biltema gabs leider kein Raggmunk, daher nur 2 der kleinen, g\u00fcnstigen Hotdogs gekauft.<\/p>\n<p>N\u00e4chster Halt Willys, wo ich auch wieder nicht alles bekam, am bescheuertsten: Die Naturgodis\/Nuss-Bar war komplett leer. Das geht ja mal gar nicht. Da brauch ich noch einen Supermarkt.<\/p>\n<p>F\u00fcr die Fahrt durch DE hab ich nun 2 noch nicht ge\u00f6ffnete, pfandfreie Colaflaschen aus CZ und AT dabei.<\/p>\n<p>Bei Sonne und 15\u00b0 musste auch die Klimaanlage laufen.<\/p>\n<p><a href='http:\/\/extra.inmontanis.info\/d\/130766-2\/DSC04502.jpg'><img src=http:\/\/extra.inmontanis.info\/d\/130765-3\/DSC04502.jpg \/><\/a><br \/>\n^ Blick \u00fcbers Meer bis D\u00e4nemark<\/p>\n<p>Nat\u00fcrlich in Schweden nochmals g\u00fcnstig volltanken, g\u00fcnstigster Preis gesehen, wenn auch nicht dort getankt, waren 14,99 f\u00fcr 95 e10, also ca. 1,36-1,38 \u20ac !!!<\/p>\n<p>Im ICA Maxi Supermarkt nahe Hafen in Trelleborg noch was zu essen f\u00fcr heut Abend am Schiff mitgenommen, K\u00f6ttbullar-Baguette mit roter Beete, hatte ich heuer auch noch nicht. Zudem eine Kardamom-Irgendwas (also zimtschneckenm\u00e4\u00dfig, ohne Zimt). Erinnerte geschmacklich an die Munkki in Finnland, lecker jedenfalls.<\/p>\n<p>Leider nicht gefunden heute irgendwo in den Superm\u00e4rkten, Pizzasalad, also den schwedischen  Krautsalat, falls haltbar, h\u00e4tt ich den f\u00fcrs Schnalstal mitnehmen wollen.<\/p>\n<p>Aber auch manch anderes nicht gefunden hier, man sollte sich doch nicht bis zum letzten Tag Zeit lassen. Die Auswahl an der Nuss-Bar war auch sehr klein. Noch kurz einen Rusta besucht anstelle nochmals Dollarstore.<\/p>\n<p>Die TT-F\u00e4hre soll ja trotz Abfahrt um 14:00 statt meiner Stena um 15:00 in Rostock dann 15min sp\u00e4ter ankommen. Um 13:30 war ich am Hafen in der Wartespur. <\/p>\n<p>Ich bekam eine recht nervige Spur auf dem Schiff, je nachdem wie rausgefahren wird, k\u00f6nnt ich dadurch wesentlich weiter hinten landen. Aber wenigstens kein au\u00dfenliegender Sonnenplatz.<\/p>\n<p>Die Abfahrt verz\u00f6gerte sich vehement, um 15 Uhr kamen noch LKWs, danach wurden noch 2 Z\u00fcge verladen, um 15:30 durften nochmals LKWs rauffahren, somit wir erst mit 36 Minuten Versp\u00e4tung ablegten! Ob wir da noch die TT-Line einholen k\u00f6nnen?<\/p>\n<p>Immerhin hatte ich mal wieder mein fast-\u00fcbliches F\u00e4hrengl\u00fcck, sonnig und windarm.  Garnelen-Sandwich h\u00e4tte ich, wie bei Stenaline hier \u00fcblich, auch bekommen, wenn nat\u00fcrlich ca. doppelt so teuer als gestern bei Biltema.<\/p>\n<p><a href='http:\/\/extra.inmontanis.info\/d\/130770-2\/DSC04505.jpg'><img src=http:\/\/extra.inmontanis.info\/d\/130769-3\/DSC04505.jpg \/><\/a><br \/>\n^ Trelleborg Hafen mit unterschiedlicher Wasserf\u00e4rbung<\/p>\n<p><a href='http:\/\/extra.inmontanis.info\/d\/130774-2\/DSC04506.jpg'><img src=http:\/\/extra.inmontanis.info\/d\/130773-3\/DSC04506.jpg \/><\/a><br \/>\n^ Trelleborg Hafen<\/p>\n<p><a href='http:\/\/extra.inmontanis.info\/d\/130778-2\/DSC04507.jpg'><img src=http:\/\/extra.inmontanis.info\/d\/130777-3\/DSC04507.jpg \/><\/a><br \/>\n^ Trelleborg Hafen<\/p>\n<p><a href='http:\/\/extra.inmontanis.info\/d\/130782-2\/DSC04510.jpg'><img src=http:\/\/extra.inmontanis.info\/d\/130781-3\/DSC04510.jpg \/><\/a><br \/>\n^ Trelleborg Hafen<\/p>\n<p><a href='http:\/\/extra.inmontanis.info\/d\/130786-2\/DSC04512.jpg'><img src=http:\/\/extra.inmontanis.info\/d\/130785-3\/DSC04512.jpg \/><\/a><br \/>\n^ 15:03 Uhr, eine Lok mit 3 Waggons f\u00e4hrt in die F\u00e4hre &#8230;<\/p>\n<p><a href='http:\/\/extra.inmontanis.info\/d\/130790-2\/DSC04514.jpg'><img src=http:\/\/extra.inmontanis.info\/d\/130789-3\/DSC04514.jpg \/><\/a><br \/>\n^ &#8230; aber der gelbe Waggon fuhr wieder mit raus.<\/p>\n<p><a href='http:\/\/extra.inmontanis.info\/d\/130794-2\/DSC04515.jpg'><img src=http:\/\/extra.inmontanis.info\/d\/130793-3\/DSC04515.jpg \/><\/a><br \/>\n^ 15:15 Uhr, noch ein Zug. Bis zur gr\u00fcnen Lok ist der aber zu lang und der Rest musste dann auf eine andere Spur &#8230;<\/p>\n<p><a href='http:\/\/extra.inmontanis.info\/d\/130798-2\/DSC04522.jpg'><img src=http:\/\/extra.inmontanis.info\/d\/130797-3\/DSC04522.jpg \/><\/a><br \/>\n^ 15:35 Uhr, endlich Abfahrt, das Tau wird eingeholt!<\/p>\n<p><a href='http:\/\/extra.inmontanis.info\/d\/130802-2\/DSC04525.jpg'><img src=http:\/\/extra.inmontanis.info\/d\/130801-3\/DSC04525.jpg \/><\/a><br \/>\n^ Interessante Karte mit vielen Wracks. Der Karte nach ist die Strecke von Trelleborg nach Rostock ca. 1,8km l\u00e4nger als umgekehrt. Eingezeichnet ist zudem der Fehmarnbelt-Tunnel als In Bau.<\/p>\n<p>Soll 18 km lang werden und 2029 er\u00f6ffnet werden. Falls er fertig gebaut wird. Die Maut wird sicher auch teuer sein und eine der beiden Br\u00fccken muss man dann ja auch noch nach Schweden fahren. Aber jedenfalls eine ordentliche Kilometereinsparnug verglichen mit der anderen Br\u00fccke.<\/p>\n<p><a href='http:\/\/extra.inmontanis.info\/d\/130806-2\/DSC04528.jpg'><img src=http:\/\/extra.inmontanis.info\/d\/130805-3\/DSC04528.jpg \/><\/a><br \/>\n^ F\u00e4hre Trelleborg-Rostock<\/p>\n<p><img src=http:\/\/extra.inmontanis.info\/d\/130809-2\/DSC04530.jpg \/><br \/>\n^ Segelschiff<\/p>\n<p>Check nach der Sonnenuntergangszeit. H\u00e4? Die Sonne soll heute  in Trelleborg 4h l\u00e4nger scheinen als in Rostock??? Ach ne, das ist ein Rostock in Namibia :)))<\/p>\n<p>Wenn man einen 3-st\u00fcndigen Film anschaut am Handy, vergeht die \u00dcberfahrt recht schnell. Hatte gar keine Zeit mehr f\u00fcr Handyspiele. Noch nicht mal durch den Shop bin ich heute gegangen!<\/p>\n<p>Der Sonnenuntergang war leider in den Wolken, w\u00e4hrend wir bereits direkt vor Rostock waren, um ca. 20:30 Uhr, somit hatten wir die versp\u00e4tete Abfahrt tats\u00e4chlich wieder eingeholt!<\/p>\n<p><a href='http:\/\/extra.inmontanis.info\/d\/130813-2\/DSC04533.jpg'><img src=http:\/\/extra.inmontanis.info\/d\/130812-3\/DSC04533.jpg \/><\/a><br \/>\n^ Abendf\u00e4hre Trelleborg-Rostock<\/p>\n<p><a href='http:\/\/extra.inmontanis.info\/d\/130817-2\/DSC04539.jpg'><img src=http:\/\/extra.inmontanis.info\/d\/130816-3\/DSC04539.jpg \/><\/a><br \/>\n^ Sonnenuntergang Rostock<\/p>\n<p><a href='http:\/\/extra.inmontanis.info\/d\/130821-2\/DSC04540.jpg'><img src=http:\/\/extra.inmontanis.info\/d\/130820-3\/DSC04540.jpg \/><\/a><br \/>\n^ Sonnenuntergang Rostock<\/p>\n<p><a href='http:\/\/extra.inmontanis.info\/d\/130825-2\/DSC04541.jpg'><img src=http:\/\/extra.inmontanis.info\/d\/130824-3\/DSC04541.jpg \/><\/a><br \/>\n^ Abendliches Rostock Strand und Leuchtturm<\/p>\n<p><a href='http:\/\/extra.inmontanis.info\/d\/130829-2\/DSC04546.jpg'><img src=http:\/\/extra.inmontanis.info\/d\/130828-3\/DSC04546.jpg \/><\/a><br \/>\n^ Sonnenuntergang Rostock<\/p>\n<p><a href='http:\/\/extra.inmontanis.info\/d\/130833-2\/DSC04547.jpg'><img src=http:\/\/extra.inmontanis.info\/d\/130832-3\/DSC04547.jpg \/><\/a><br \/>\n^ Einfahrt Hafen Rostock mit Kuschelcampingplatz :)<\/p>\n<p><a href='http:\/\/extra.inmontanis.info\/d\/130837-2\/DSC04549.jpg'><img src=http:\/\/extra.inmontanis.info\/d\/130836-3\/DSC04549.jpg \/><\/a><br \/>\n^ Sonnenuntergang Rostock Leuchtturm und Meer<\/p>\n<p><a href='http:\/\/extra.inmontanis.info\/d\/130841-2\/DSC04550.jpg'><img src=http:\/\/extra.inmontanis.info\/d\/130840-3\/DSC04550.jpg \/><\/a><br \/>\n^ Riesenrad, solche Dinger mit CWA-Gondeln, die ich eh oft genug in Skigebieten fahr, sind deshalb komplett uninteressant f\u00fcr mich<\/p>\n<p>So viele Sachen, die ich nun wieder vermissen werde .. bis ich sp\u00e4testens im Feburar oder M\u00e4rz n\u00e4chsten Jahres wieder in Schweden bin.<\/p>\n<p>Hatte es sich gelohnt? Zumindest schein ich schneem\u00e4\u00dfig in den Alpen nix verpasst zu haben. Die Gebiete, die im Februar keinen Schnee hatten, hatten dies wohl auch sp\u00e4ter nicht, wenn ich mal reingeschaut hatte. Und wo h\u00e4tte ich dann schon gro\u00dfartig fahren sollen?! Allerdings hatte ich auch in Schweden schon bessere und wesentlich schneereichere Fr\u00fchjahre.<\/p>\n<p>Um 21:15 durften wir von der F\u00e4hre runter fahren, ich kam zwar etwas sp\u00e4ter runter als rauf, aber da der Zoll alle durchwinkte, war ich bereits um 21:20 aus dem Hafenbereich drau\u00dfen. Im Gegensatz zu vor einem Jahr ohne Umstellung auf Linksverkehr oder mph (ins UK bzw. retour) .<\/p>\n<p>Von den 3 m\u00f6glichen Nachtpl\u00e4tzen vor dem zuerst geplanten entschied ich mich &#8220;nat\u00fcrlich&#8221; f\u00fcr den falschesten, Stra\u00dfen dorthin 2x Feldwege und nachdem ich die 3. holprige Betonplattenanfahrt dann hinter mir hatte, war der Platz auch noch gesperrt bzw. eine Baustelle :(<\/p>\n<p>Hab dann auf weitere unbekannte Pl\u00e4tze verzichtet und den urspr\u00fcnglich geplanten Platz angefahren, den ich im Februar verwendet hatte, nun aber mit 10-20min Versp\u00e4tung erst nach 1 Uhr angekommen, hoffentlich darf ich da etwas l\u00e4nger schlafen&#8230;<\/p>\n<p>Mich st\u00f6rt es ja nicht, bis 1 Uhr oder so Auto zu fahren, aber dann sollte man eine Schlafm\u00f6glichkeit haben ohne Gassigeher oder Pendler, die einen um 6 Uhr wecken.<\/p>\n<p>Kaum von der Autobahn runter, wollten Rehe \u00fcber die Stra\u00dfe gehen, haben sich&#8217;s aber nochmals \u00fcberlegt. Auch kurz vorm Parkplatz nochmals Rehe. Sind also nicht nur in der D\u00e4mmerung, sondern auch mitten in der Nacht unterwegs.<\/p>\n<p>Um 1:10 kam ich an,  nicht so leer wie im Februar, sondern 4 vermutliche Camper standen verteilt herum.<\/p>\n<p>Die Nacht war sehr kurz. Ich konnte lange Zeit nicht einschlafen, zum 5. Mal dieses Monat versp\u00fcrte ich ein leichtes Erdbeeben im Bett (so eins, das auch von einer Maschine herr\u00fchren k\u00f6nnte), die Decken waren mir bald zu warm, nachts oder morgens l\u00e4rmte ein Kuckkuck, und ab 7 Uhr gab es leichten Parkplatzl\u00e4rm.<\/p>\n<p><a href='http:\/\/extra.inmontanis.info\/d\/130754-2\/ge20250204-0428a.jpg'><img src=http:\/\/extra.inmontanis.info\/d\/130753-3\/ge20250204-0428a.jpg \/><\/a><br \/>\n^ Fahrstrecke und POI diese Saison in Skandinavien 4.2.-28.4., ca. 8.500km<\/p>\n<p>(F\u00e4hre Rostock-Trelleborg)<br \/>\nA) Isaberg<br \/>\nB) Ulricehamn<br \/>\nC) Sunne<br \/>\nD) Gesundaberget<br \/>\nE) Fj\u00e4terv\u00e5len<br \/>\nF) Lofsdalen<br \/>\nG) T\u00e4nn\u00e4skr\u00f6ket<br \/>\nH) Bydalen<br \/>\nI) Eds\u00e5sdalen<br \/>\nJ) Trillevallen<br \/>\nK) Grubacken<br \/>\nL) Borgafj\u00e4ll<br \/>\nM) Hemavan + T\u00e4rnaby<br \/>\nN) Nalovardo<br \/>\nO) K\u00e5bdalis<br \/>\nP) Bomyrberget<br \/>\nQ) Bj\u00f6rkliden<br \/>\nR) Narvik \/NO<br \/>\nQ) Bj\u00f6rkliden<br \/>\nS) Olos \/FI<br \/>\nT) Pallas \/FI<br \/>\nU) Yll\u00e4s \/FI<br \/>\nV) Luosto \/FI<br \/>\nW) Ounasvaara \/FI<br \/>\nN) Nalovardo<br \/>\nX) Kittelfj\u00e4ll<br \/>\nY) Klimpfj\u00e4ll<br \/>\nL) Borgafj\u00e4ll<br \/>\nH) Bydalen<br \/>\nG) T\u00e4nn\u00e4skr\u00f6ket<br \/>\nF) Lofsdalen<br \/>\nE) Fj\u00e4terv\u00e5len<br \/>\nZ) Idre Himmelfj\u00e4ll<br \/>\n1) Lemonsj\u00f8en \/NO<br \/>\n2) Grotli \/NO<br \/>\n3) Stranda \/NO<br \/>\n(F\u00e4hre, Vorbei an Domb\u00e5s, Oppdal und Trondheim)<br \/>\n4) Storlien<br \/>\nJ) Trillevallen<br \/>\n5) \u00c5re<br \/>\nE) Fj\u00e4terv\u00e5len<br \/>\nZ) Idre Himmelfj\u00e4ll<br \/>\n6) S\u00e4len-Lindvallen<br \/>\n(F\u00e4hre Trelleborg-Rostock)<\/p>\n<p><a href='http:\/\/extra.inmontanis.info\/d\/130758-2\/ge20250204-0428b.jpg'><img src=http:\/\/extra.inmontanis.info\/d\/130757-3\/ge20250204-0428b.jpg \/><\/a><br \/>\n^ .. mittlerer Teil mit der sinnlosen Norwegenrunde<\/p>\n<p><a href='http:\/\/extra.inmontanis.info\/d\/130762-2\/ge20250204-0428d.jpg'><img src=http:\/\/extra.inmontanis.info\/d\/130761-3\/ge20250204-0428d.jpg \/><\/a><br \/>\n^ .. n\u00f6rdlicher Teil mit der sch\u00f6neren Finnlandrunde<\/p>\n<p>82 Skitage heuer in Skandinavien, davon 49 Tage auf dem Scandinavian Skipass, bei ca. 523 \u20ac also pro Tag ca. 10,67 \u20ac<\/p>\n<p><strong>Di, 29.4.2026<\/strong><\/p>\n<p>Die Standheizung brauchte ich heut Morgen nicht. Getankt hab ich heute in DE um 1,729 \u20ac, sah aber auch teurere Preise. Krass viele Polen unterwegs auf der A9, nicht nur Vans, auch PKW.<\/p>\n<p><a href='http:\/\/extra.inmontanis.info\/d\/130845-2\/DSC04551.jpg'><img src=http:\/\/extra.inmontanis.info\/d\/130844-3\/DSC04551.jpg \/><\/a><br \/>\n^ Auf der leeren A70 von der A9 nach Bamberg. Glaub, diese Autobahn bin ich noch nie gefahren.<\/p>\n<p><a href='http:\/\/extra.inmontanis.info\/d\/130849-2\/DSC04553.jpg'><img src=http:\/\/extra.inmontanis.info\/d\/130848-3\/DSC04553.jpg \/><\/a><br \/>\n^ No gugg amol, in Franken gibts einen franz\u00f6sischen Ortsnamen<\/p>\n<p><a href='http:\/\/extra.inmontanis.info\/d\/130853-2\/DSC04556.jpg'><img src=http:\/\/extra.inmontanis.info\/d\/130852-3\/DSC04556.jpg \/><\/a><br \/>\n^ A70 kurz vor Bamberg<\/p>\n<p><a href='http:\/\/extra.inmontanis.info\/d\/130857-2\/DSC04557.jpg'><img src=http:\/\/extra.inmontanis.info\/d\/130856-3\/DSC04557.jpg \/><\/a><br \/>\n^ Ob&#8217;s af der Giechburch aach a Giecherla gibt? ;)<\/p>\n<p>In Bamberg ging ich in einen Rewe zum Einkaufen. Der Granatsplitter beim B\u00e4cker am Eingang war ein Komplettreinfall, weil komplett schokoladig innen, kein Kuchenteig und kaum Rumgeschmack.<\/p>\n<p><a href='http:\/\/extra.inmontanis.info\/d\/130861-2\/DSC04560.jpg'><img src=http:\/\/extra.inmontanis.info\/d\/130860-3\/DSC04560.jpg \/><\/a><br \/>\n^ Ampel in Bamberg mit \u00f6sterreichischer Flaggenbemalung :) Ok, Franken w\u00e4r ja auch Rot\/Wei\u00df.<\/p>\n<p>Der geplante Action in Bamberg fiel aus wg. kostenpflichtigem Parkplatz (stand nur dabei &#8220;f\u00fcr Kaufland-Kunden frei&#8221;, au\u00dferdem wusste ich ja gar nicht, ob ich was einkaufen w\u00fcrde).<\/p>\n<p>Daher in Forchheim in den Action und nochmals so einen g\u00fcnstigen Rucksack gekauft.<\/p>\n<p>Der hat sich bew\u00e4hrt, aber zerf\u00e4llt langsam nach 1 Jahr, also wird er vmtl. kein 2. Jahr mehr halten und in Schweden hab ich da heuer nix passendes gefunden. Aber war ja auch fast t\u00e4glich in Verwendung. Und bei dem Preis hatte ich letztes Jahr ja gesagt, wenn der 1 Jahr h\u00e4lt, rentiert sich das im Vgl. zum wesentlich teureren Fotorucksack. Und hat nebenbei den Vorteil, auch 1,5l-Flaschen reintun zu k\u00f6nnen.<\/p>\n<p>Mein wasserloses &#8220;Handwaschgel&#8221; wird nun auch bald endlich mal leer, wobei ich ja noch eine kleine Packung aus UK hab (die mit &#8220;Salatgurken&#8221;-Geruch), aber trotdem mal eins mitgenommen, wenn auch kleiner als zuletzt und mit anderem Geruch. <\/p>\n<p>H\u00e4tte gern auch billige Schuhe um 13 \u20ac mitgenommen, aber f\u00fcr Herren laut Anschlag nur ab Gr\u00f6\u00dfe 42 :(<\/p>\n<p>Kackhitze heute, dauersonnig mit bis zu 26\u00b0 laut Auto-Thermometer!!<\/p>\n<p>In Forchheim noch in den KFC geschaut, der ist f\u00fcr mich in DE nun definitiv komplett gestorben, zumindest bis sie mal wieder g\u00fcnstige Snackboxen o.\u00e4. anbieten. 1 H\u00e4hnchenteil 4,29 \u20ac, kleine Pommes 3,29, hallo geht&#8217;s noch? Twister \u00fcber 6 \u20ac, auch keinen g\u00fcnstigeren &#8220;Twister of the day&#8221; oder so. Bin wieder gefahren, ohne was zu kaufen und hab mich ge\u00e4rgert, beim T\u00fcrken-Imbiss beim Rewe zuvor nicht eine Currywurst mit Semmel um 5 \u20ac gekauft zu haben :(<\/p>\n<p>4km vorm Ziel in der Umgebung N\u00fcrnbergs hatte ich dann etwas Stau an einer Ortsdurchfahrt.<\/p>\n<p>Mit Tante &#038; Onkel nachmittags 5 Runden Skipbo gespielt, das sie t\u00e4glich spielen &#8211; und ich hab alle 5 Runden gewonnen ;)<\/p>\n<p>Mein Auto ist nun mal wieder komplett voll und weil leider kein Schattenplatz war, auch sehr warm abends. Mit entsprechenden Folgen f\u00fcr den K\u00fchlschrank in der Nacht.<\/p>\n<p>Den heutigen Nachtplatz bei F\u00fcrth (wann benennen sich die endlich um zu &#8220;in Franken&#8221; statt &#8220;in Bayern&#8221; ???) hatte ich auch noch nie probiert, Parkplatz im Wald, aber nahe einer Stra\u00dfe.<\/p>\n<p>Grauenhaft. Wegen der Hitze konnt ich wieder schlecht einschlafen und bereits nach nur 1h war der K\u00fchlschrank auf 10\u00b0 und hatte sich eingeschaltet, weil ich das als Einschaltwert eingestellt hatte, zuvor einige Minuten auf 1\u00b0 runtergek\u00fchlt vorm Hinlegen. Kurz davor war ein Tier auf meinem Auto, Vogel oder Katze, und hatte mich erschreckt.<\/p>\n<p>Hui, Hintertuxer Gletscher plant nun anscheinend erstmals  keine durchgehende Sommerskisaison mehr, sondern ist laut Skipasspreise vom 28.7. bis Mitte Sept. geschlossen!<\/p>\n<p>Naja, eh zu teuer, w\u00fcrd sich nur mit der kurzen Sommersaisonkarte lohnen, falls ich die noch verg\u00fcnstigt bekommen sollte wg. Arbeitsbest\u00e4tigung Tirol. Tageskarte 65,50, selbst 8 Tage Normalpreis im Sommer noch exorbitante 409,50!?! Spinnen ja. Ists mir nicht mehr wert. Wenn ich \u00fcber 150 Skitage im Winter hab.<\/p>\n<p>Um 5:45 kamen dann die ersten Gassigeher oder Sportler am Parkplatz an, die laute Stra\u00dfe und eine Eule verhinderten trotz Ohrst\u00f6psel ein weiteres Einschlafen.<\/p>\n<p><strong>Mi, 30.4.2025<\/strong><\/p>\n<p>Nach 1,5h arbeiten war heute noch geplant, Schaschlick essen oder mitnehmen f\u00fcr Abend, Vater besuchen und abends bei Mutter sein.<\/p>\n<p>Schaschlick und 4 im Weggla sind beim Howe nach wie vor g\u00fcnstig und der &#8220;Bratwurstbruch&#8221; ebenso. Auf dem Weg neben der Autobahn um 1,639 Super E10 getankt, das hab ich sp\u00e4ter in Telfs teurer gesehen. Somit Sprit jedenfalls in AT wesentlich teurer als zuletzt in Schweden.<\/p>\n<p>Durch M\u00fcnchen hindurch gab es 2 \u00dcberraschungen:<\/p>\n<p><a href='http:\/\/extra.inmontanis.info\/d\/130865-2\/DSC04566.jpg'><img src=http:\/\/extra.inmontanis.info\/d\/130864-3\/DSC04566.jpg \/><\/a><br \/>\n^ Ernsthaft, etliche km lang auf dem Mittleren Ring (West) eine 30er Zone Luftreinhaltung. Ok, war eh genug Verkehr, aber trotzdem. Vielleicht h\u00e4tte man statt bzw. vor  den Tunneln auf dem Mittleren Ring mal lieber den Autobahn-Westring bis zur Garmischer Autobahn fertigstellen sollen???<\/p>\n<p><a href='http:\/\/extra.inmontanis.info\/d\/130869-2\/DSC04569.jpg'><img src=http:\/\/extra.inmontanis.info\/d\/130868-3\/DSC04569.jpg \/><\/a><br \/>\n^ Achtung, auf dem westlichen Abschnitt Mittlerer Ring (vor Garmischer Autobahn) ist nun sogar Umweltzone!! Die war ja fr\u00fcher nur, wenn man vom Mittleren Ring stadteinw\u00e4rts abgebogen w\u00e4re.<\/p>\n<p><a href='http:\/\/extra.inmontanis.info\/d\/130873-2\/DSC04574.jpg'><img src=http:\/\/extra.inmontanis.info\/d\/130872-3\/DSC04574.jpg \/><\/a><br \/>\n^ Zugspitze und Garmisch-Partenkirchen<\/p>\n<p><a href='http:\/\/extra.inmontanis.info\/d\/130877-2\/DSC04575.jpg'><img src=http:\/\/extra.inmontanis.info\/d\/130876-3\/DSC04575.jpg \/><\/a><br \/>\n^ Am Gschwandtkopf gibts sogar noch Schneerestchen<\/p>\n<p>&#8211; &#8211; &#8211;<\/p>\n<p>.. wann wird sowas auch mal in der BILD erscheinen?<\/p>\n<p>&#8220;In der britischen Daily Mail ist ein sehr \u00fcberraschender Artikel erschienen, der den Lesern erkl\u00e4rt, man habe ihnen &#8220;Propaganda-Unsinn \u00fcber die Ukraine und die erfundene russische Bedrohung aufgetischt&#8221;. Das seien &#8220;L\u00fcgen&#8221;.&#8221;<\/p>\n<p><a href='https:\/\/anti-spiegel.ru\/2025\/britische-daily-mail-berichtet-ueber-propaganda-unsinn-ueber-die-ukraine-und-luegen-der-medien\/'>https:\/\/anti-spiegel.ru\/2025\/britische-daily-mail-berichtet-ueber-propaganda-unsinn-ueber-die-ukraine-und-luegen-der-medien\/<\/a><\/p>\n","protected":false},"excerpt":{"rendered":"<p>Mo, 28.4.2025<\/p>\n<p>Heute geplant war Dollarstore, Willys und ev. nochmals Biltema kurz zum Essen. entweder Raggmunk, falls gibt, oder halt nur ein Hotdog.<\/p>\n<p>Im Gegensatz zum letzten Jahr hab ich heuer die Ski nat\u00fcrlich nicht nach innen gelegt, sondern sie bleiben am Dach, weil ich sie ja noch brauchen werde.<\/p>\n<p>Mein WC wollte ich heute <a href=\"http:\/\/blog.inmontanis.info\/?p=10784\">[&#8230;]<\/a><\/p>\n","protected":false},"author":1,"featured_media":10787,"comment_status":"closed","ping_status":"closed","sticky":false,"template":"","format":"standard","meta":{"footnotes":""},"categories":[940,12,19],"tags":[37],"class_list":["post-10784","post","type-post","status-publish","format-standard","has-post-thumbnail","hentry","category-2025-01-alpenskandinavien","category-germany","category-schwedensweden","tag-meer","odd"],"_links":{"self":[{"href":"http:\/\/blog.inmontanis.info\/index.php?rest_route=\/wp\/v2\/posts\/10784","targetHints":{"allow":["GET"]}}],"collection":[{"href":"http:\/\/blog.inmontanis.info\/index.php?rest_route=\/wp\/v2\/posts"}],"about":[{"href":"http:\/\/blog.inmontanis.info\/index.php?rest_route=\/wp\/v2\/types\/post"}],"author":[{"embeddable":true,"href":"http:\/\/blog.inmontanis.info\/index.php?rest_route=\/wp\/v2\/users\/1"}],"replies":[{"embeddable":true,"href":"http:\/\/blog.inmontanis.info\/index.php?rest_route=%2Fwp%2Fv2%2Fcomments&post=10784"}],"version-history":[{"count":3,"href":"http:\/\/blog.inmontanis.info\/index.php?rest_route=\/wp\/v2\/posts\/10784\/revisions"}],"predecessor-version":[{"id":10788,"href":"http:\/\/blog.inmontanis.info\/index.php?rest_route=\/wp\/v2\/posts\/10784\/revisions\/10788"}],"wp:featuredmedia":[{"embeddable":true,"href":"http:\/\/blog.inmontanis.info\/index.php?rest_route=\/wp\/v2\/media\/10787"}],"wp:attachment":[{"href":"http:\/\/blog.inmontanis.info\/index.php?rest_route=%2Fwp%2Fv2%2Fmedia&parent=10784"}],"wp:term":[{"taxonomy":"category","embeddable":true,"href":"http:\/\/blog.inmontanis.info\/index.php?rest_route=%2Fwp%2Fv2%2Fcategories&post=10784"},{"taxonomy":"post_tag","embeddable":true,"href":"http:\/\/blog.inmontanis.info\/index.php?rest_route=%2Fwp%2Fv2%2Ftags&post=10784"}],"curies":[{"name":"wp","href":"https:\/\/api.w.org\/{rel}","templated":true}]}}