{"id":10780,"date":"2025-04-27T16:58:11","date_gmt":"2025-04-27T14:58:11","guid":{"rendered":"http:\/\/blog.inmontanis.info\/?p=10780"},"modified":"2025-05-08T17:14:41","modified_gmt":"2025-05-08T15:14:41","slug":"skistar-salen-lindvallen-27-4-2025","status":"publish","type":"post","link":"http:\/\/blog.inmontanis.info\/?p=10780","title":{"rendered":"Skistar S\u00e4len Lindvallen, 27.4.2025"},"content":{"rendered":"<p><strong>So, 27.4.2025<\/strong> 155. Skitag <\/p>\n<p>.. und letzter in Schweden diese Saison<\/p>\n<p>Um 8:45 kam ich am Parkplatz nahe der rechten KSB an und stellte mich nat\u00fcrlich auf den kostenlosen Teil. Liftbetrieb ab 9 Uhr, aber da ich ja heut noch 9h mit dem Auto fahren sollte, sollte ich um 12-13 Uhr aufh\u00f6ren. 16 Lifte und 9 Abfahrten sollen heute noch offen sein.<\/p>\n<p><a href='http:\/\/ski.inmontanis.info\/d\/340571-2\/DSC04431.jpg'><img src=http:\/\/ski.inmontanis.info\/d\/340570-3\/DSC04431.jpg \/><\/a><br \/>\n^ Parkplatz unterhalb 8KSB Gustav, die ersten 2 P-Schilderbereiche hier sind gratis<\/p>\n<p>M\u00f6gliche Skip\u00e4sse, wegen der Lifteinschr\u00e4nkung seit einigen Tagen stark verg\u00fcnstigt: 2h 263, TK 290 bzw. 26,50 \u20ac &#8211; dann nat\u00fcrlich die TK f\u00fcr 3-4h.<\/p>\n<p>Manche Pisten waren morgens schon teilweise weich, also nicht so hart wie zuletzt, gut. Ich wollte erst alle Lifte fahren, aber lie\u00df irgendwann die restlichen \u00dcbungslifte aus, weil langsam oder nicht erreichbar oder eh keine Zeit mehr.<\/p>\n<p>Auf den unpr\u00e4parierten Abfahrten lag oben etwas Neuschnee von vor ein paar Tagen, weshalb es da  nicht so besonders ging, aber auch daf\u00fcr hatte ich heut eh nicht genug Zeit f\u00fcr.<\/p>\n<p>Um 12:10 machte ich meine letzte Bergfahrt mit der 8KSB, die direkte Abfahrt war schon recht nass und bremsend mittlerweile, die rechte bzw. die Teile nahe der B\u00e4ume wg. Schatten gingen noch gut.<\/p>\n<p><a href='http:\/\/ski.inmontanis.info\/d\/340575-2\/DSC04433.jpg'><img src=http:\/\/ski.inmontanis.info\/d\/340574-3\/DSC04433.jpg \/><\/a><br \/>\n^ 8KSB Gustav, immerhin noch altmodische Sessel<\/p>\n<p><a href='http:\/\/ski.inmontanis.info\/d\/340579-2\/DSC04435.jpg'><img src=http:\/\/ski.inmontanis.info\/d\/340578-3\/DSC04435.jpg \/><\/a><br \/>\n^ Verbindnugslift und -abfahrt H\u00f6gfj\u00e4ll schon schneelos, aber das h\u00e4tte ja eh nicht mehr in Betrieb sein sollen die letzte Woche<\/p>\n<p><a href='http:\/\/ski.inmontanis.info\/d\/340583-2\/DSC04437.jpg'><img src=http:\/\/ski.inmontanis.info\/d\/340582-3\/DSC04437.jpg \/><\/a><br \/>\n^ 8KSB Gustav und rechte Abfahrt 31<\/p>\n<p><a href='http:\/\/ski.inmontanis.info\/d\/340587-2\/DSC04439.jpg'><img src=http:\/\/ski.inmontanis.info\/d\/340586-3\/DSC04439.jpg \/><\/a><br \/>\n^ 8KSB Gustav und rechte Abfahrt 31, die weiteren Lifte rechts sind leider nicht mehr in Betrieb<\/p>\n<p><a href='http:\/\/ski.inmontanis.info\/d\/340591-2\/DSC04440.jpg'><img src=http:\/\/ski.inmontanis.info\/d\/340590-3\/DSC04440.jpg \/><\/a><br \/>\n^ Gr\u00fcne Abfahrt 31 war heut mit die beste<\/p>\n<p><a href='http:\/\/ski.inmontanis.info\/d\/340595-2\/DSC04441.jpg'><img src=http:\/\/ski.inmontanis.info\/d\/340594-3\/DSC04441.jpg \/><\/a><br \/>\n^ Gr\u00fcne Abfahrt 31<\/p>\n<p><a href='http:\/\/ski.inmontanis.info\/d\/340599-2\/DSC04443.jpg'><img src=http:\/\/ski.inmontanis.info\/d\/340598-3\/DSC04443.jpg \/><\/a><br \/>\n^ 8KSB Gustav und Blick zu den Trippel-SL Orren, wovon 2 noch in Betrieb waren<\/p>\n<p><a href='http:\/\/ski.inmontanis.info\/d\/340603-2\/DSC04445.jpg'><img src=http:\/\/ski.inmontanis.info\/d\/340602-3\/DSC04445.jpg \/><\/a><br \/>\n^ 8KSB Gustav, der parallele SL war nur noch im unteren Teil ge\u00f6ffnet<\/p>\n<p><a href='http:\/\/ski.inmontanis.info\/d\/340607-2\/DSC04446.jpg'><img src=http:\/\/ski.inmontanis.info\/d\/340606-3\/DSC04446.jpg \/><\/a><br \/>\n^ Die SL weiter rechts von der 8KSB Gustav waren schon geschlossen<\/p>\n<p><a href='http:\/\/ski.inmontanis.info\/d\/340611-2\/DSC04450.jpg'><img src=http:\/\/ski.inmontanis.info\/d\/340610-3\/DSC04450.jpg \/><\/a><br \/>\n^ 8KSB Gustav und Trippel-SL Orren, hier oben nur noch Doppel-SL<\/p>\n<p><a href='http:\/\/ski.inmontanis.info\/d\/340615-2\/DSC04451.jpg'><img src=http:\/\/ski.inmontanis.info\/d\/340614-3\/DSC04451.jpg \/><\/a><br \/>\n^ Trippel-SL Orren, der linke ist noch im unteren Teil, der rechte bis fast ganz oben ge\u00f6ffnet<\/p>\n<p><a href='http:\/\/ski.inmontanis.info\/d\/340619-2\/DSC04453.jpg'><img src=http:\/\/ski.inmontanis.info\/d\/340618-3\/DSC04453.jpg \/><\/a><br \/>\n^ Trippel-SL Orren, ob das mal ein Einzel-SL war, an dem links\/rechts angebaut wurde? St\u00fctzen wirken so, Fundamente eher nicht<\/p>\n<p><a href='http:\/\/ski.inmontanis.info\/d\/340623-2\/DSC04454.jpg'><img src=http:\/\/ski.inmontanis.info\/d\/340622-3\/DSC04454.jpg \/><\/a><br \/>\n^ Abfahrt 19 links vom SL Orren und heute einzig ge\u00f6ffnete Verbindung zu den linken Liften<\/p>\n<p><a href='http:\/\/ski.inmontanis.info\/d\/340627-2\/DSC04456.jpg'><img src=http:\/\/ski.inmontanis.info\/d\/340626-3\/DSC04456.jpg \/><\/a><br \/>\n^ SL L13 Gladan, warum auch immer der noch l\u00e4uft, eh sehr langsam; dar\u00fcber SL L7 \u00d6rnen<\/p>\n<p><a href='http:\/\/ski.inmontanis.info\/d\/340631-2\/DSC04458.jpg'><img src=http:\/\/ski.inmontanis.info\/d\/340630-3\/DSC04458.jpg \/><\/a><br \/>\n^ SL L7 \u00d6rnen war auch nur teilweise offen, weil oben halt kein Schnee mehr lag, hier die rechte Abfahrt 17<\/p>\n<p><a href='http:\/\/ski.inmontanis.info\/d\/340635-2\/DSC04459.jpg'><img src=http:\/\/ski.inmontanis.info\/d\/340634-3\/DSC04459.jpg \/><\/a><br \/>\n^ SL L7 \u00d6rnen und Abfahrt 17<\/p>\n<p><a href='http:\/\/ski.inmontanis.info\/d\/340639-2\/DSC04460.jpg'><img src=http:\/\/ski.inmontanis.info\/d\/340638-3\/DSC04460.jpg \/><\/a><br \/>\n^ SL L5 Sparven in Betrieb, links dar\u00fcber SL L6 Vr\u00e5ken dagegen nicht mehr<\/p>\n<p><a href='http:\/\/ski.inmontanis.info\/d\/340643-2\/DSC04462.jpg'><img src=http:\/\/ski.inmontanis.info\/d\/340642-3\/DSC04462.jpg \/><\/a><br \/>\n^ An der 6KSB Experium war gar keine direktere Abfahrt mehr offe, im unteren Bereich die Abfahrt war vom kurzen SL L4 M\u00e5sen erschlossen, aber die leichten SL fahren hier alle so lahm<\/p>\n<p><a href='http:\/\/ski.inmontanis.info\/d\/340647-2\/DSC04463.jpg'><img src=http:\/\/ski.inmontanis.info\/d\/340646-3\/DSC04463.jpg \/><\/a><br \/>\n^ Ob der McDonalds an der Piste noch offen war, wei\u00df ich nicht, aber der SL daneben schon &#8230;<\/p>\n<p><a href='http:\/\/ski.inmontanis.info\/d\/340651-2\/DSC04464.jpg'><img src=http:\/\/ski.inmontanis.info\/d\/340650-3\/DSC04464.jpg \/><\/a><br \/>\n^ .. SL L8 Tranan, warum der noch l\u00e4uft, keine Ahnung, war um 1030 wohl der erste :)<\/p>\n<p><a href='http:\/\/ski.inmontanis.info\/d\/340655-2\/DSC04467.jpg'><img src=http:\/\/ski.inmontanis.info\/d\/340654-3\/DSC04467.jpg \/><\/a><br \/>\n^ .. der \u00dcbungsbereich rechts daneben ist jedenfalls schon aper. Der Mountain Coaster dagegen lief<\/p>\n<p><a href='http:\/\/ski.inmontanis.info\/d\/340659-2\/DSC04468.jpg'><img src=http:\/\/ski.inmontanis.info\/d\/340658-3\/DSC04468.jpg \/><\/a><br \/>\n^ 6KSB Experium<\/p>\n<p><a href='http:\/\/ski.inmontanis.info\/d\/340663-2\/DSC04470.jpg'><img src=http:\/\/ski.inmontanis.info\/d\/340662-3\/DSC04470.jpg \/><\/a><br \/>\n^ Blick von der 6KSB Experium zur neuen 6KSB S\u00f6der\u00e5sen, die leider die vorherige 4KSB ersetzt hat. Daf\u00fcr hat man nun windsicherungsbedingt gleich einen SL parallel hingebaut, auch sch\u00f6n.<\/p>\n<p><a href='http:\/\/ski.inmontanis.info\/d\/340667-2\/DSC04471.jpg'><img src=http:\/\/ski.inmontanis.info\/d\/340666-3\/DSC04471.jpg \/><\/a><br \/>\n^ Aktueller Pistenplan<\/p>\n<p><a href='http:\/\/ski.inmontanis.info\/d\/340671-2\/DSC04472.jpg'><img src=http:\/\/ski.inmontanis.info\/d\/340670-3\/DSC04472.jpg \/><\/a><br \/>\n^ Naja, so weit w\u00fcrd ich nicht gehen :) Aber jetzt zum Saisonende gef\u00e4llt mir auch Lindvallen. Und cool ist auch in der Hauptsaison, dass man alles mit SL abfahren kann und keine KSB fahren muss, wenn man nicht will<\/p>\n<p><a href='http:\/\/ski.inmontanis.info\/d\/340675-2\/DSC04473.jpg'><img src=http:\/\/ski.inmontanis.info\/d\/340674-3\/DSC04473.jpg \/><\/a><br \/>\n^ Abfahrt rechts 6KSB Experium, bin hier einmal runter und hab dann diagonal r\u00fcbergequert zur Abfahrt 16. H\u00e4tte ich mehr Zeit gehabt, w\u00e4r ich wohl auch die direkteren Abfahrten noch gefahren, tw. halt apere Stellen<\/p>\n<p><a href='http:\/\/ski.inmontanis.info\/d\/340679-2\/DSC04474.jpg'><img src=http:\/\/ski.inmontanis.info\/d\/340678-3\/DSC04474.jpg \/><\/a><br \/>\n^ Abfahrt 16 links vom SL \u00d6rnen<\/p>\n<p><a href='http:\/\/ski.inmontanis.info\/d\/340683-2\/DSC04476.jpg'><img src=http:\/\/ski.inmontanis.info\/d\/340682-3\/DSC04476.jpg \/><\/a><br \/>\n^ Verbindungsabfahrt 6KSB Experium nach rechts<\/p>\n<p><a href='http:\/\/ski.inmontanis.info\/d\/340687-2\/DSC04480.jpg'><img src=http:\/\/ski.inmontanis.info\/d\/340686-3\/DSC04480.jpg \/><\/a><br \/>\n^ SL L18 L\u00e4rkan bin ich zeitlich nun nicht mehr gefahren, rechts im Bild SL L16 lief zwar auch, aber keine Abfahrt \u00fcber die man dort hin oder wieder weggekommen w\u00e4re &#8230;<\/p>\n<p><a href='http:\/\/ski.inmontanis.info\/d\/340691-2\/DSC04481.jpg'><img src=http:\/\/ski.inmontanis.info\/d\/340690-3\/DSC04481.jpg \/><\/a><br \/>\n^ SL L15 Ripan fuhr auch, aber hatte oben ein Geschlossen-Schild an der Abfahrt. Keine Ahnung. Hatte aber eh keine Zeit mehr f\u00fcr diese kleinen lahmen Lifte<\/p>\n<p><a href='http:\/\/ski.inmontanis.info\/d\/340695-2\/DSC04484.jpg'><img src=http:\/\/ski.inmontanis.info\/d\/340694-3\/DSC04484.jpg \/><\/a><br \/>\n^ Der Imbiss in der V\u00e4rmestuga hatte nicht mehr offen. Den Waffel-Dog h\u00e4tt ich sonst wohl mal testen m\u00fcssen ;) Wenn auch etwas teuer-<\/p>\n<p><a href='http:\/\/ski.inmontanis.info\/d\/340699-2\/DSC04485.jpg'><img src=http:\/\/ski.inmontanis.info\/d\/340698-3\/DSC04485.jpg \/><\/a><br \/>\n^ Trippel-SL L19 Orren und die 3 Abfahrten daneben, die waren vom linken Orren-SL mit seinem verfr\u00fchten Ausstieg teilweise fahrbar, wenn auch nicht mehr alle offiziell ge\u00f6ffnet<\/p>\n<p><a href='http:\/\/ski.inmontanis.info\/d\/340703-2\/DSC04486.jpg'><img src=http:\/\/ski.inmontanis.info\/d\/340702-3\/DSC04486.jpg \/><\/a><br \/>\n^ Abfahrt 29 zwischen Trippel-L19 Orren und 8KSB Gistav<\/p>\n<p><a href='http:\/\/ski.inmontanis.info\/d\/340707-2\/DSC04488.jpg'><img src=http:\/\/ski.inmontanis.info\/d\/340706-3\/DSC04488.jpg \/><\/a><br \/>\n^ Park-SL L20 Tj\u00e4dern neben der 8KSB war auch nur noch zum Teil offen, aber immerhin lief auch dieser noch<\/p>\n<p><a href='http:\/\/ski.inmontanis.info\/d\/340711-2\/ge20250427d.jpg'><img src=http:\/\/ski.inmontanis.info\/d\/340710-3\/ge20250427d.jpg \/><\/a><br \/>\n^ GPS-Track 27.4.2025 in Gelb, vorherige Besuche in Blau und da fehlen einige kurze alte und neue SL. <\/p>\n<p>Hat sich also schon gelohnt heute noch hier gewesen zu sein. Gut also, dass ich die F\u00e4hre wenigstens erst f\u00fcr morgen Nachmitag gebucht hatte.<\/p>\n<p>Ich h\u00e4tte ja durchaus mal wieder Lust, die Skistar-Saisonkarte zu nehmen. Ist aber halt leider wesentlich teurer als der Scandinavian. Wenn es die Skistarsaisonkarte f\u00fcr 600 \u20ac jetzt im Vor-Vorverkauf g\u00e4be f\u00fcr n\u00e4chste Saison, w\u00fcrd ich sie mir kaufen. Aber diese Saison hatte sie wohl schon ca. 890 \u20ac gekostet und selbst wenn es im Vorverkauf im Oktober wieder 15% g\u00fcnstiger w\u00e4re und nicht teurer werden w\u00fcrde .. w\u00e4ren mir 760 \u20ac eigentlich zu viel f\u00fcr die wenigen, aber gro\u00dfen und vollen Skistar-Skigebiete (Hemsedal, Trysil, S\u00e4len, Vemdalen, \u00c5re plus das kleine in Stockholm). <\/p>\n<p>Wollte heute entweder noch Biltema oder Dollarstore besuchen, ersteres nur, wenn ich es zeitig schaff, dass das Caf\u00e9 noch offen ist, schlie\u00dft 1h vor dem restlichen Gesch\u00e4ft,  w\u00e4r allerdings nicht ganz auf dem Weg, sondern etwas umwegig. Dollarstore w\u00fcrde fr\u00fcher schlie\u00dfen, da m\u00fcsste ich also einen vorherigen besuchen.<\/p>\n<p><a href='http:\/\/extra.inmontanis.info\/d\/130738-3\/DSC04494.jpg'><img src=http:\/\/extra.inmontanis.info\/d\/130737-3\/DSC04494.jpg \/><\/a><br \/>\n^ 10 Stunden durch Schweden zu fahren ist jedenfalls wesentlich angenehmer als das in s\u00fcdlichere L\u00e4nder zu tun<\/p>\n<p>War aber schneller als vom Navi gesagt und peilte daher Biltema an und war auch zeitig genug dort.<\/p>\n<p>Es h\u00e4tte zwar Raggmunk hier gegeben, aber wollte mal ein Garnelensandwich, weil ich das heuer noch nicht hatte, auch wenn es das auf der Stena-F\u00e4hre auch meistens g\u00e4be. Und halt Pfannkuchen mit Marmelade\/Sahne dazu.<\/p>\n<p><a href='http:\/\/extra.inmontanis.info\/d\/130742-3\/IMG_20250427_163537_7.jpg'><img src=http:\/\/extra.inmontanis.info\/d\/130741-3\/IMG_20250427_163537_7.jpg \/><\/a><br \/>\n^ Heut im Biltema-Cafe mal so ein Garnelen-Sandwich gekauft und nochmsls Pfannkuchen \/ Erdbeermarmelade \/ Sahne<\/p>\n<p><a href='http:\/\/extra.inmontanis.info\/d\/130746-3\/DSC04496.jpg'><img src=http:\/\/extra.inmontanis.info\/d\/130745-3\/DSC04496.jpg \/><\/a><br \/>\n^ Biltema-Eink\u00e4ufe<\/p>\n<p>Die warm aussehenden Pantoffel um 129 SEK (also unter 12 \u20ac) wollte ich erst gar nicht mitnehmen, weil die Sohle sehr hart und dick war, da w\u00fcrd ich daheim ja die Heizmatte gar nicht sp\u00fcren, aber anderesreits k\u00f6nnten sie dadurch auch besser d\u00e4mmen, was beim restlichen kalten Boden schon auch sehr sinnvoll sein k\u00f6nnte &#8211; also doch mitgenommen.<\/p>\n<p>Eine neue Kabeltasche f\u00fcrs Campingstromkabel hab ich auch gebraucht, die alte hat zwar nicht lang gehalten bis sie kaputt war, aber preislich halt g\u00fcnstig genug.<\/p>\n<p>Und das besagte, schwedische Fensterschloss hab ich auch mitgenommen. Heckscheibenwischer h\u00e4tte ich gebraucht, aber nicht genug Zeit gehabt da rauszufinden, wie der zum abmontieren geht.<\/p>\n<p><a href='http:\/\/extra.inmontanis.info\/d\/130750-2\/DSC04497.jpg'><img src=http:\/\/extra.inmontanis.info\/d\/130749-3\/DSC04497.jpg \/><\/a><br \/>\n^ Am Ausl\u00e4ufer des riesigen  V\u00e4nnern-Sees entlang<\/p>\n<p>Gegen 22 Uhr erreichte ich einen m\u00f6glichen Nachtplatz, noch ca. 2,5h morgen bis Trelleborg, somit sollte hoffentlich genug Zeit zum Einkaufen sein, wenn der Check-In f\u00fcr die F\u00e4hre um 14:00 schlie\u00dft. <\/p>\n<p>Ohne Zwischenschritt von Winter- auf Fr\u00fchjahrskleidung werd ich gleich auf Sommerkleidung wechseln m\u00fcssen, denn in DE erwarten mich am DI gleich mal \u00fcber 20\u00b0 und Sonne, puh, warum muss ich da immer Pech haben &#8230; h\u00e4tte es nicht diese Woche etwas k\u00e4lter sein oder regnen k\u00f6nnen?<\/p>\n","protected":false},"excerpt":{"rendered":"<p>So, 27.4.2025 155. Skitag <\/p>\n<p>.. und letzter in Schweden diese Saison<\/p>\n<p>Um 8:45 kam ich am Parkplatz nahe der rechten KSB an und stellte mich nat\u00fcrlich auf den kostenlosen Teil. Liftbetrieb ab 9 Uhr, aber da ich ja heut noch 9h mit dem Auto fahren sollte, sollte ich um 12-13 Uhr aufh\u00f6ren. 16 Lifte <a href=\"http:\/\/blog.inmontanis.info\/?p=10780\">[&#8230;]<\/a><\/p>\n","protected":false},"author":1,"featured_media":10782,"comment_status":"closed","ping_status":"closed","sticky":false,"template":"","format":"standard","meta":{"footnotes":""},"categories":[940,648,19,27],"tags":[56,57,78,45,47],"class_list":["post-10780","post","type-post","status-publish","format-standard","has-post-thumbnail","hentry","category-2025-01-alpenskandinavien","category-lindvallen-hogfjallet","category-schwedensweden","category-skifahren-winterskiing-winter","tag-6sb","tag-8sb","tag-restschnee","tag-see","tag-sl","odd"],"_links":{"self":[{"href":"http:\/\/blog.inmontanis.info\/index.php?rest_route=\/wp\/v2\/posts\/10780","targetHints":{"allow":["GET"]}}],"collection":[{"href":"http:\/\/blog.inmontanis.info\/index.php?rest_route=\/wp\/v2\/posts"}],"about":[{"href":"http:\/\/blog.inmontanis.info\/index.php?rest_route=\/wp\/v2\/types\/post"}],"author":[{"embeddable":true,"href":"http:\/\/blog.inmontanis.info\/index.php?rest_route=\/wp\/v2\/users\/1"}],"replies":[{"embeddable":true,"href":"http:\/\/blog.inmontanis.info\/index.php?rest_route=%2Fwp%2Fv2%2Fcomments&post=10780"}],"version-history":[{"count":2,"href":"http:\/\/blog.inmontanis.info\/index.php?rest_route=\/wp\/v2\/posts\/10780\/revisions"}],"predecessor-version":[{"id":10783,"href":"http:\/\/blog.inmontanis.info\/index.php?rest_route=\/wp\/v2\/posts\/10780\/revisions\/10783"}],"wp:featuredmedia":[{"embeddable":true,"href":"http:\/\/blog.inmontanis.info\/index.php?rest_route=\/wp\/v2\/media\/10782"}],"wp:attachment":[{"href":"http:\/\/blog.inmontanis.info\/index.php?rest_route=%2Fwp%2Fv2%2Fmedia&parent=10780"}],"wp:term":[{"taxonomy":"category","embeddable":true,"href":"http:\/\/blog.inmontanis.info\/index.php?rest_route=%2Fwp%2Fv2%2Fcategories&post=10780"},{"taxonomy":"post_tag","embeddable":true,"href":"http:\/\/blog.inmontanis.info\/index.php?rest_route=%2Fwp%2Fv2%2Ftags&post=10780"}],"curies":[{"name":"wp","href":"https:\/\/api.w.org\/{rel}","templated":true}]}}