{"id":10774,"date":"2025-04-26T12:27:25","date_gmt":"2025-04-26T10:27:25","guid":{"rendered":"http:\/\/blog.inmontanis.info\/?p=10774"},"modified":"2025-05-05T13:12:41","modified_gmt":"2025-05-05T11:12:41","slug":"idre-himmelfjall-26-4-2025-gratis-und-hatte-schon-sein-konnen","status":"publish","type":"post","link":"http:\/\/blog.inmontanis.info\/?p=10774","title":{"rendered":"Idre Himmelfj\u00e4ll, 26.4.2025 &#8211; Gratis und h\u00e4tte so sch\u00f6n sein k\u00f6nnen"},"content":{"rendered":"<p><strong>Sa, 26.4.2025<\/strong><\/p>\n<p>Als ich vor ca. 2 Wochen schon einmal hier in der Gegend war, wirkte Himmelfj\u00e4ll ja wesentlich schnee\u00e4rmer als Fj\u00e4tervalen oder Lofsdalen, es wurde schon der Schnee zusammengekratzt, der Skiweg zur 6KSB war ganz d\u00fcnn. Dass man es tats\u00e4chlich schafft, bis zum Saisonende so viel offen zu halten, h\u00e4tte ich nicht erwartet. Aber da hilft trotz s\u00fcdlicher\/westlicher Lage der Wald, der dann Schatten spendet und auch die wenigen Leute und die zumeist flachen Abfahrten (wobei, Ostern wirds wohl auch etwas voller gewesen sein?! Sonst br\u00e4uchten die ja im April gar nicht mehr \u00f6ffnen). <\/p>\n<p>Der obere Tellerlift musste vor wenigen Tagen geschlossen werden und 2 der leichten unteren Lifte anscheinend seit heute. Skipass soll laut Website bereits seit Ostersonntag gratis sein. <\/p>\n<p>Ich kam um 8:50 Uhr am unteren Tellerlift an, es schien fast nur noch die Lifttrasse mit Schnee versorgt, aber st\u00f6rt ja nicht, f\u00e4hrt man da halt zum Schluss ab, eh in Schuss oder etwas schiebend.  <\/p>\n<p>Die Skiwegabfahrt zur 6KSB hatte mehrere apere Stellen, die man mit Schnee von den geschlossenen SL oder im sonstigen Gel\u00e4nde auch noch h\u00e4tte \u00fcberdecken k\u00f6nnen; so lang wie der Rest gehalten hat, h\u00e4tte man da mit dem Schneemobil mit Anh\u00e4nger nicht viel hinschaufeln m\u00fcssen jeden Tag. Anderswo hat man das so gemacht.<\/p>\n<p>Morgens war es noch sehr hart, auch  weil 6KSB und linker SL doch westlicher als erwartet ausgerichtet sind.<\/p>\n<p>Im Skishop am SL, wo ich eingestiegen bin, g\u00e4be es 3 Skimodelle stark verg\u00fcnstigt zum Abverkauf (ob Leihski oder nicht, ob mit oder ohne Bindung, hab ich mir nicht genau angeschaut, 1500-2800 SEK). <\/p>\n<p>Da ich ja, wenn, dann einen neuen Allmountain brauch, weil ich momentan mit den alten K2 fahr und ich meine Carpani &#8220;Nostalschi&#8221; mit Tourenbindung nicht zu h\u00e4ufig fahren m\u00f6chte (aber gar nicht wie momentan ist ja eigentlich auch bl\u00f6d) &#8230; wobei der Belag der K2 fast noch besser ist als die der neueren Ski &#8230; da w\u00e4r nur noch 1 Modell in Frage gekommen.<\/p>\n<p><a href='http:\/\/ski.inmontanis.info\/d\/340491-2\/DSC04380.jpg'><img src=http:\/\/ski.inmontanis.info\/d\/340490-3\/DSC04380.jpg \/><\/a><br \/>\n^ Einstieg am SL B, dessen Abfahrt neben der Lifttrasse ganz schmal geworden ist ;)<\/p>\n<p><a href='http:\/\/ski.inmontanis.info\/d\/340495-2\/DSC04381.jpg'><img src=http:\/\/ski.inmontanis.info\/d\/340494-3\/DSC04381.jpg \/><\/a><br \/>\n^ SL A<\/p>\n<p><a href='http:\/\/ski.inmontanis.info\/d\/340487-2\/DSC04382.jpg'><img src=http:\/\/ski.inmontanis.info\/d\/340486-3\/DSC04382.jpg \/><\/a><br \/>\n^ Zoom Idre Fj\u00e4ll von Himmelfj\u00e4ll, man sieht einige gro\u00dfe Depots, die also der Grund sein d\u00fcrften, warum dort kaum noch was offen ist<\/p>\n<p><a href='http:\/\/ski.inmontanis.info\/d\/340499-2\/DSC04383.jpg'><img src=http:\/\/ski.inmontanis.info\/d\/340498-3\/DSC04383.jpg \/><\/a><br \/>\n^ SL D war nicht mehr offen<\/p>\n<p><a href='http:\/\/ski.inmontanis.info\/d\/340503-2\/DSC04385.jpg'><img src=http:\/\/ski.inmontanis.info\/d\/340502-3\/DSC04385.jpg \/><\/a><br \/>\n^ Verbindungsabfahrt 6 zur 6KSB<\/p>\n<p><a href='http:\/\/ski.inmontanis.info\/d\/340507-2\/DSC04389.jpg'><img src=http:\/\/ski.inmontanis.info\/d\/340506-3\/DSC04389.jpg \/><\/a><br \/>\n^ Verbindungsabfahrt 6 zur 6KSB hatte schon einige offene Stellen, da h\u00e4tte man auch noch etwas Schnee hinfahren k\u00f6nnen mit dem Schneemobil.<\/p>\n<p><a href='http:\/\/ski.inmontanis.info\/d\/340511-2\/DSC04390.jpg'><img src=http:\/\/ski.inmontanis.info\/d\/340510-3\/DSC04390.jpg \/><\/a><br \/>\n^ Abfahrten zur 6KSB, letzer Dr\u00fccker :)<\/p>\n<p><a href='http:\/\/ski.inmontanis.info\/d\/340515-2\/DSC04391.jpg'><img src=http:\/\/ski.inmontanis.info\/d\/340514-3\/DSC04391.jpg \/><\/a><br \/>\n^ Abfahrten zur 6KSB, in den Bereichen gings heut am besten, firnte auch fr\u00fcher auf als die steileren oder gar waldig-schattigeren H\u00e4nge<\/p>\n<p><a href='http:\/\/ski.inmontanis.info\/d\/340519-2\/DSC04393.jpg'><img src=http:\/\/ski.inmontanis.info\/d\/340518-3\/DSC04393.jpg \/><\/a><br \/>\n^ Schwarze Abfahrt 11 an der 6KSB<\/p>\n<p><a href='http:\/\/ski.inmontanis.info\/d\/340523-2\/DSC04395.jpg'><img src=http:\/\/ski.inmontanis.info\/d\/340522-3\/DSC04395.jpg \/><\/a><br \/>\n^ Einfache V\u00e4rmestuga an der 6KSB-Talstation mit Mikrowelle, aber ohne Wasser\/Sp\u00fcle<\/p>\n<p><a href='http:\/\/ski.inmontanis.info\/d\/340527-2\/DSC04397.jpg'><img src=http:\/\/ski.inmontanis.info\/d\/340526-3\/DSC04397.jpg \/><\/a><br \/>\n^ 6KSB und Abfahrten<\/p>\n<p>Um 10:40 Uhr hat sich meine gute Laune f\u00fcr heute, mein positives Empfinden f\u00fcr das Skigebiet und somit auch meine Bereitschaft, hier Geld auszugeben, erledigt, denn dieser strunzdummfaule Arschlochliftler am linken SL hat den Lift bei jedem am Einstieg  langsam geschaltet :(( Der Wichskopf verdirbt mir heute den ganzen Tag :(<\/p>\n<p>Ich blieb also notgedrungen vorwiegend an der 6KSB und dem flachen SL A rechts, wo es vormittags schon sch\u00f6n auffirnte. Den linken SL wollte ich nachmittags nochmals probieren, wenn vielleicht weniger los ist. Falls er bei mir wieder langsam fahren sollte, w\u00fcrd ich ihm den Stinkefinger zeigen. Falls er daraufhin den Lift ganz einstellen sollte, w\u00fcrd ich randalieren.<\/p>\n<p>Nach 12 Uhr wurden auch die direkteren 6KSB-Abfahrten endlich weicher.<\/p>\n<p>Vemdalen ist wohl das Saisonende-Ischgl von Schweden, hab schon die gro\u00dfe B\u00fchne und die vielen Autos beim vorbeifahren vorgestern gesehen, im Schneebrischt steht nun:<br \/>\n&#8220;Under helgen 25-27\/4 \u00e4r det inte till\u00e5tet att \u00e5ka i liftar utan skidor. Person som \u00e4r berusad eller drogp\u00e5verkad kommer att avvisas.&#8221; &#8211; also es darf dieses WE nur mit Ski Lift gefahren werden und alokoholisierte Personen  oder Personen unter Drogen werden nicht bef\u00f6rdert &#8211; ist anscheinend an den anderen WE anders ;)<\/p>\n<p>Gegen 14:00 probierte ich es nochmals am linken SL, ich war zwar alleine, aber der Liftler fuhr wieder langsamer bei mir und lie\u00df sich auch durch meinen Stinkefinger nicht beeindrucken. Somit nach 2 Fahrten aus Protest wieder zur 6KSB gewechselt. Schade um die netten Abfahrten mit dem nun sch\u00f6n werdenden Schnee, aber dieses Verhalten macht mich einfach wahnsinnig. Ich blieb noch bis ca. 15:15 Uhr und werde das Skigebiet in den n\u00e4chsten Jahren, falls \u00fcberhaupt irgendwann, nicht mehr besuchen.<\/p>\n<p>Vmtl. brauch ich eh keine neuen Ski mehr, 5 Jahre werden die jetzigen schon noch halten und dann gibts wohl eh nur noch Zwangsverriegelungs-Sessellifte und faule Schleppliftlangsamschaltarschlochliftler, so dass es kaum noch ein Skigebiet geben wird, wo ich noch fahren m\u00f6chte.<\/p>\n<p>Wenn ich im Sommer mal Zeit hab, werd ich die Skigebiete, die mir heuer negativ aufgefallen sind, soweit ich es notiert hatte, per E-Mail anschreiben. Dieses inflation\u00e4re Verhalten \u00fcberall hat f\u00fcr mich etwas den Anschein, als w\u00fcrde f\u00fcr dieses Verhalten in internationalen Seilbahnzeitschriften geradezu geworben und dann muss man sich als Kunde entsprechend in den Skigebieten beschweren.<\/p>\n<p><a href='http:\/\/ski.inmontanis.info\/d\/340531-2\/DSC04398.jpg'><img src=http:\/\/ski.inmontanis.info\/d\/340530-3\/DSC04398.jpg \/><\/a><br \/>\n^ SL I mit seinen Abfahrten w\u00e4r auch gut gegangen, wenn es hier nicht heute so einen faulen Arschlochliftler gegeben h\u00e4tte :(<\/p>\n<p><a href='http:\/\/ski.inmontanis.info\/d\/340535-2\/DSC04399.jpg'><img src=http:\/\/ski.inmontanis.info\/d\/340534-3\/DSC04399.jpg \/><\/a><br \/>\n^ SL I<\/p>\n<p><a href='http:\/\/ski.inmontanis.info\/d\/340539-2\/DSC04400.jpg'><img src=http:\/\/ski.inmontanis.info\/d\/340538-3\/DSC04400.jpg \/><\/a><br \/>\n^ Diese Berge in Norwegen hab ich heuer auch schon \u00f6fters im Bild gehabt<\/p>\n<p><a href='http:\/\/ski.inmontanis.info\/d\/340543-2\/DSC04401.jpg'><img src=http:\/\/ski.inmontanis.info\/d\/340542-3\/DSC04401.jpg \/><\/a><br \/>\n^ Von den linken Abfahrten am SL I war noch eine ge\u00f6ffnet<\/p>\n<p><a href='http:\/\/ski.inmontanis.info\/d\/340547-2\/DSC04403.jpg'><img src=http:\/\/ski.inmontanis.info\/d\/340546-3\/DSC04403.jpg \/><\/a><br \/>\n^ Abfahrt 4 rechts der 6KSB<\/p>\n<p><a href='http:\/\/ski.inmontanis.info\/d\/340551-2\/DSC04405.jpg'><img src=http:\/\/ski.inmontanis.info\/d\/340550-3\/DSC04405.jpg \/><\/a><br \/>\n^ Verbindungsabfahrt 6 zur 6KSB hatte schon einige offene Stellen, da h\u00e4tte man auch noch etwas Schnee hinfahren k\u00f6nnen mit dem Schneemobil. Und warum hat man hier groben Schotter hingelegt!!?!<\/p>\n<p><a href='http:\/\/ski.inmontanis.info\/d\/340555-2\/DSC04415.jpg'><img src=http:\/\/ski.inmontanis.info\/d\/340554-3\/DSC04415.jpg \/><\/a><br \/>\n^ Beide WC-Container im Skigebiet haben das Papier an der T\u00fcr montiert &#8211; also alles komplett eng jetzt, so ein Bl\u00f6dsinn.<\/p>\n<p><a href='http:\/\/ski.inmontanis.info\/d\/340559-2\/DSC04416.jpg'><img src=http:\/\/ski.inmontanis.info\/d\/340558-3\/DSC04416.jpg \/><\/a><br \/>\n^ Bergstation SL I mit Blick zu SL H, der seit wenigen Tagen geschlossen ist<\/p>\n<p><a href='http:\/\/ski.inmontanis.info\/d\/340563-2\/DSC04423.jpg'><img src=http:\/\/ski.inmontanis.info\/d\/340562-3\/DSC04423.jpg \/><\/a><br \/>\n^ Ferienh\u00e4user in skandinavischen Skigebieten sind anscheinend zwingend Dunkelbraun oder Dunkelgrau; man sieht eigentlich kein Schwedenrot oder Gelb oder Blau<\/p>\n<p><a href='http:\/\/ski.inmontanis.info\/d\/340567-2\/ge20250426a.jpg'><img src=http:\/\/ski.inmontanis.info\/d\/340566-3\/ge20250426a.jpg \/><\/a><br \/>\n^ GPS-Track 26.4.2025<\/p>\n<p>Danach noch an der OKQ8 in S\u00e4rna gehalten, Speck-K\u00e4se-Wurst mit Pommes um 50,- (ca 4,50\u20ac) und mal das Zimtschnecken-Eis probieren um 34 (ca 3 \u20ac).<\/p>\n<p><a href='http:\/\/extra.inmontanis.info\/d\/130734-2\/DSC04425.jpg'><img src=http:\/\/extra.inmontanis.info\/d\/130733-3\/DSC04425.jpg \/><\/a><br \/>\n^ Bacon\/Cheese &#8211; W\u00fcrstel, Pommes, Senf S\u00f6tstark und Ketchup um ca. 4,50 \u20ac von der OKQ8-Tankstelle, sowie ein Zimtschneckeneis um ca. 3 \u20ac.<\/p>\n<p>Naja, Zimtschnecken alleinig sind besser und Eissorten gibts auch bessere.<\/p>\n<p>Um 18 Uhr war ich an einem m\u00f6glichen Schlafplatz, 30-40min vor S\u00e4len. Egal, ob ich morgen dort skifahren m\u00f6chte oder nicht, ich sollte wohl noch 8-9 Stunden fahren und entweder einen Dollarstore oder Biltema besuchen, um am MO noch ca. 3h zu fahren und das andere plus Supermarkt zu besuchen &#8230; und nach der F\u00e4hre nach 21 Uhr auch nochmals 2-4 Stunden fahren ..  <\/p>\n<p>Abends noch bissl den &#8220;Keller&#8221; &#8220;entschimmelt&#8221;, da war n\u00e4mlich wieder ein dicker Batzen am Holz. Und bei der Gelegenheit nochmals die tschechischen und skandinavischen Nachsachen etwas nach Mindesthaltbarkeitsdatum sortiert. Da hab ich in letzter Zeit nicht viel von essen k\u00f6nnen.<\/p>\n<p>Zzz, auch zu sp\u00e4t gesehen &#8211; bei Skistar bekommt man &#8220;bis zu&#8221; 20% Rabatt auf die Stena-F\u00e4hren.<\/p>\n","protected":false},"excerpt":{"rendered":"<p>Sa, 26.4.2025<\/p>\n<p>Als ich vor ca. 2 Wochen schon einmal hier in der Gegend war, wirkte Himmelfj\u00e4ll ja wesentlich schnee\u00e4rmer als Fj\u00e4tervalen oder Lofsdalen, es wurde schon der Schnee zusammengekratzt, der Skiweg zur 6KSB war ganz d\u00fcnn. Dass man es tats\u00e4chlich schafft, bis zum Saisonende so viel offen zu halten, h\u00e4tte ich nicht erwartet. Aber <a href=\"http:\/\/blog.inmontanis.info\/?p=10774\">[&#8230;]<\/a><\/p>\n","protected":false},"author":1,"featured_media":10776,"comment_status":"closed","ping_status":"closed","sticky":false,"template":"","format":"standard","meta":{"footnotes":""},"categories":[940,661,19,27],"tags":[56,78,47],"class_list":["post-10774","post","type-post","status-publish","format-standard","has-post-thumbnail","hentry","category-2025-01-alpenskandinavien","category-idre","category-schwedensweden","category-skifahren-winterskiing-winter","tag-6sb","tag-restschnee","tag-sl","odd"],"_links":{"self":[{"href":"http:\/\/blog.inmontanis.info\/index.php?rest_route=\/wp\/v2\/posts\/10774","targetHints":{"allow":["GET"]}}],"collection":[{"href":"http:\/\/blog.inmontanis.info\/index.php?rest_route=\/wp\/v2\/posts"}],"about":[{"href":"http:\/\/blog.inmontanis.info\/index.php?rest_route=\/wp\/v2\/types\/post"}],"author":[{"embeddable":true,"href":"http:\/\/blog.inmontanis.info\/index.php?rest_route=\/wp\/v2\/users\/1"}],"replies":[{"embeddable":true,"href":"http:\/\/blog.inmontanis.info\/index.php?rest_route=%2Fwp%2Fv2%2Fcomments&post=10774"}],"version-history":[{"count":3,"href":"http:\/\/blog.inmontanis.info\/index.php?rest_route=\/wp\/v2\/posts\/10774\/revisions"}],"predecessor-version":[{"id":10778,"href":"http:\/\/blog.inmontanis.info\/index.php?rest_route=\/wp\/v2\/posts\/10774\/revisions\/10778"}],"wp:featuredmedia":[{"embeddable":true,"href":"http:\/\/blog.inmontanis.info\/index.php?rest_route=\/wp\/v2\/media\/10776"}],"wp:attachment":[{"href":"http:\/\/blog.inmontanis.info\/index.php?rest_route=%2Fwp%2Fv2%2Fmedia&parent=10774"}],"wp:term":[{"taxonomy":"category","embeddable":true,"href":"http:\/\/blog.inmontanis.info\/index.php?rest_route=%2Fwp%2Fv2%2Fcategories&post=10774"},{"taxonomy":"post_tag","embeddable":true,"href":"http:\/\/blog.inmontanis.info\/index.php?rest_route=%2Fwp%2Fv2%2Ftags&post=10774"}],"curies":[{"name":"wp","href":"https:\/\/api.w.org\/{rel}","templated":true}]}}